{"id":57581,"date":"2022-11-04T08:24:00","date_gmt":"2022-11-04T06:24:00","guid":{"rendered":"https:\/\/ppdegalicia.com\/rueda-os-orzamentos-de-2023-son-clave-para-lograr-esa-provincia-da-coruna-robusta-que-necesitan-os-seus-vecinos-e-que-necesita-o-conxunto-de-galicia\/"},"modified":"2022-11-04T08:24:00","modified_gmt":"2022-11-04T06:24:00","slug":"rueda-os-orzamentos-de-2023-son-clave-para-lograr-esa-provincia-da-coruna-robusta-que-necesitan-os-seus-vecinos-e-que-necesita-o-conxunto-de-galicia","status":"publish","type":"post","link":"https:\/\/ppdegalicia.com\/es\/rueda-os-orzamentos-de-2023-son-clave-para-lograr-esa-provincia-da-coruna-robusta-que-necesitan-os-seus-vecinos-e-que-necesita-o-conxunto-de-galicia\/","title":{"rendered":"Rueda: \u201cOs Orzamentos de 2023 son clave para lograr esa provincia da Coru\u00f1a robusta que necesitan os seus veci\u00f1os e que necesita o conxunto de Galicia\u201d"},"content":{"rendered":"<p><img fetchpriority=\"high\" decoding=\"async\" class=\" size-full wp-image-57580\" src=\"https:\/\/ppdegalicia.com\/wp-content\/uploads\/2022\/11\/df1514b39ccd2d385fd29e19d91b31c8.jpg\" alt=\"\" width=\"2048\" height=\"1328\" srcset=\"https:\/\/ppdegalicia.com\/wp-content\/uploads\/2022\/11\/df1514b39ccd2d385fd29e19d91b31c8.jpg 2048w, https:\/\/ppdegalicia.com\/wp-content\/uploads\/2022\/11\/df1514b39ccd2d385fd29e19d91b31c8-300x195.jpg 300w, https:\/\/ppdegalicia.com\/wp-content\/uploads\/2022\/11\/df1514b39ccd2d385fd29e19d91b31c8-1024x664.jpg 1024w, https:\/\/ppdegalicia.com\/wp-content\/uploads\/2022\/11\/df1514b39ccd2d385fd29e19d91b31c8-768x498.jpg 768w, https:\/\/ppdegalicia.com\/wp-content\/uploads\/2022\/11\/df1514b39ccd2d385fd29e19d91b31c8-1536x996.jpg 1536w\" sizes=\"(max-width: 2048px) 100vw, 2048px\" \/><\/p>\n<p>4 de novembro de 2022. O presidente do PPdeG, Alfonso Rueda, puxo en valor os Orzamentos da Xunta 2023, xa que \u201cblindar\u00e1n a Galicia da incerteza con m\u00e1is investimentos, m\u00e1is gasto social, menos d\u00e9beda e menos impostos\u201d e responden a que \u201ca xente demanda que as s\u00faas prioridades de cada d\u00eda sexan atendidas con feitos\u201d. F\u00edxoo onte na Xunta Directiva Provincial da Coru\u00f1a. Refer\u00edndose especificamente \u00e1 repercusi\u00f3n destas Contas na provincia, indicou que \u201cos Orzamentos son clave para lograr esa Coru\u00f1a robusta que necesitan os seus veci\u00f1os e que necesita o conxunto de Galicia\u201d<\/p>\n<p><!--more--><\/p>\n<p>Citou como exemplos dos proxectos previstos nas cidades a mellora do Complexo Hospitalario e da V\u00eda da Costa Norte en Ferrol, a ampliaci\u00f3n do CHUS, a nova Cidade de San Caetano e a conexi\u00f3n de Santiago co Milladoiro a trav\u00e9s dunha gran senda. \u201cAs grandes obras que se est\u00e1n a facer na cidade da Coru\u00f1a seguen a levar o noso selo\u201d, afirmou Rueda ao citar o avance no novo CHUAC, na intermodal, no Ofim\u00e1tico e en novas vivendas p\u00fablicas.<\/p>\n<p>O presidente dos populares galegos quere que \u201ccanda a Xunta, os concellos tam\u00e9n sexan referentes dese modelo \u00fatil para os cidad\u00e1ns e para iso escoll\u00e9ronse os mellores candidatos\u201d e neste sentido engadiu:\u00a0\u201cContamos coa frescura e a preparaci\u00f3n de Borja Verea en Santiago, coa experiencia e o prestixio de Jos\u00e9 Manuel Rey en Ferrol e coa cercan\u00eda, a capacidade e vocaci\u00f3n de servizo de Miguel Lorenzo. Eles e todos os candidatos vannos axudar a tinguir de azul o mapa da provincia en 2023\u201d.<\/p>\n<p>Refer\u00edndose de xeito espec\u00edfico ao candidato \u00e1 alcald\u00eda da Coru\u00f1a, Rueda puxo en valor a conxunci\u00f3n de valores que confl\u00faen en Miguel Lorenzo: \u201cTen a formaci\u00f3n e o esp\u00edrito dialogante da avogac\u00eda, a empat\u00eda que d\u00e1 traballar cos m\u00e1is vulnerables, a traxectoria de 12 anos como concelleiro e o inconformismo propio de algu\u00e9n que leva Coru\u00f1a moi dentro\u201d. Conclu\u00edndo que o\u00a0mellor de Miguel Lorenzo \u00e9 que sabe o que quere facer na Coru\u00f1a o d\u00eda de ma\u00f1\u00e1: sacala do estancamento actual e devolverlle o seu papel de capital de vangarda e modernidade\u201d.<\/p>\n<p>\u00a0<\/p>\n<p><strong><u>DIEGO CALVO: \u201cA XUNTA CUMPRE COA PROVINCIA\u201d<\/u><\/strong><\/p>\n<p>O presidente provincial do Partido Popular da Coru\u00f1a, Diego Calvo, subli\u00f1ou que as principais obras postas en marcha pola Xunta van supor un investimento de m\u00e1is de 600 mill\u00f3ns de euros na cidade herculina nos pr\u00f3ximos anos, superando a suma de investimentos de Concello, Deputaci\u00f3n e Goberno central xuntos.\u00a0Destacando o importante esforzo inversor que o Goberno auton\u00f3mico realizar\u00e1 no 2023 nos concellos da comarca para mellorar a calidade de vida dos seus veci\u00f1os. Concretamente, a V\u00eda \u00c1rtabra (13,15 M\u20ac) o solo empresarial de Mor\u00e1s (5,2 M\u20ac), ou o centro de sa\u00fade de Abegondo (2,1 M\u20ac) son as actuaci\u00f3ns que absorber\u00e1n as partidas m\u00e1is significativas<\/p>\n<p>Ademais, Calvo agradeceu que a Xunta leve actuaci\u00f3ns de mellora dos saneamentos nos concellos de Irixoa, Coir\u00f3s, Arteixo (pol\u00edgono de Mor\u00e1s), Betanzos ou Curtis e, especialmente, no municipio de Sada; que contar\u00e1 con 3,52 M\u20ac euros para este eido e para prevenci\u00f3n de riscos de inundaci\u00f3ns.<\/p>\n<p>O popular recordou que a s\u00faa formaci\u00f3n presentou un documento, consensuado cos alcaldes e portavoces, no que se recollen un total de 47 emendas aos Orzamentos Xerais do Estado por m\u00e1is de 304 mill\u00f3ns de euros.\u00a0<\/p>\n<p>Por \u00faltimo, asegurou que o partido segue traballando na renovaci\u00f3n e a confecci\u00f3n dos equipos co obxectivo de afrontar con garant\u00edas unhas elecci\u00f3ns municipais nas que aspiran a recuperar o goberno das tres grandes cidades e da Deputaci\u00f3n<\/p>\n","protected":false},"excerpt":{"rendered":"<p>4 de novembro de 2022. O presidente do PPdeG, Alfonso Rueda, puxo en valor os Orzamentos da Xunta 2023, xa que \u201cblindar\u00e1n a Galicia da incerteza con m\u00e1is investimentos, m\u00e1is gasto social, menos d\u00e9beda e menos impostos\u201d e responden a que \u201ca xente demanda que as s\u00faas prioridades de cada d\u00eda sexan atendidas con feitos\u201d. [&hellip;]<\/p>\n","protected":false},"author":38,"featured_media":57580,"comment_status":"open","ping_status":"open","sticky":false,"template":"","format":"standard","meta":{"_acf_changed":false,"footnotes":""},"categories":[1],"tags":[],"class_list":["post-57581","post","type-post","status-publish","format-standard","has-post-thumbnail","hentry","category-pp-de-galicia"],"acf":[],"yoast_head":"<!-- This site is optimized with the Yoast SEO plugin v27.3 - https:\/\/yoast.com\/product\/yoast-seo-wordpress\/ -->\n<title>Rueda: \u201cOs Orzamentos de 2023 son clave para lograr esa provincia da Coru\u00f1a robusta que necesitan os seus veci\u00f1os e que necesita o conxunto de Galicia\u201d - PP de Galicia<\/title>\n<meta name=\"robots\" content=\"index, follow, max-snippet:-1, max-image-preview:large, max-video-preview:-1\" \/>\n<link rel=\"canonical\" href=\"https:\/\/ppdegalicia.com\/es\/rueda-os-orzamentos-de-2023-son-clave-para-lograr-esa-provincia-da-coruna-robusta-que-necesitan-os-seus-vecinos-e-que-necesita-o-conxunto-de-galicia\/\" \/>\n<meta property=\"og:locale\" content=\"es_ES\" \/>\n<meta property=\"og:type\" content=\"article\" \/>\n<meta property=\"og:title\" content=\"Rueda: \u201cOs Orzamentos de 2023 son clave para lograr esa provincia da Coru\u00f1a robusta que necesitan os seus veci\u00f1os e que necesita o conxunto de Galicia\u201d - PP de Galicia\" \/>\n<meta property=\"og:description\" content=\"4 de novembro de 2022. O presidente do PPdeG, Alfonso Rueda, puxo en valor os Orzamentos da Xunta 2023, xa que \u201cblindar\u00e1n a Galicia da incerteza con m\u00e1is investimentos, m\u00e1is gasto social, menos d\u00e9beda e menos impostos\u201d e responden a que \u201ca xente demanda que as s\u00faas prioridades de cada d\u00eda sexan atendidas con feitos\u201d. [&hellip;]\" \/>\n<meta property=\"og:url\" content=\"https:\/\/ppdegalicia.com\/es\/rueda-os-orzamentos-de-2023-son-clave-para-lograr-esa-provincia-da-coruna-robusta-que-necesitan-os-seus-vecinos-e-que-necesita-o-conxunto-de-galicia\/\" \/>\n<meta property=\"og:site_name\" content=\"PP de Galicia\" \/>\n<meta property=\"article:publisher\" content=\"https:\/\/www.instagram.com\/ppdegalicia\/\" \/>\n<meta property=\"article:published_time\" content=\"2022-11-04T06:24:00+00:00\" \/>\n<meta property=\"og:image\" content=\"https:\/\/ppdegalicia.com\/wp-content\/uploads\/2022\/11\/df1514b39ccd2d385fd29e19d91b31c8.jpg\" \/>\n\t<meta property=\"og:image:width\" content=\"2048\" \/>\n\t<meta property=\"og:image:height\" content=\"1328\" \/>\n\t<meta property=\"og:image:type\" content=\"image\/jpeg\" \/>\n<meta name=\"author\" content=\"ppdegaliciaredes\" \/>\n<meta name=\"twitter:card\" content=\"summary_large_image\" \/>\n<meta name=\"twitter:creator\" content=\"@ppdegalicia\" \/>\n<meta name=\"twitter:site\" content=\"@ppdegalicia\" \/>\n<meta name=\"twitter:label1\" content=\"Escrito por\" \/>\n\t<meta name=\"twitter:data1\" content=\"ppdegaliciaredes\" \/>\n\t<meta name=\"twitter:label2\" content=\"Tiempo de lectura\" \/>\n\t<meta name=\"twitter:data2\" content=\"3 minutos\" \/>\n<script type=\"application\/ld+json\" class=\"yoast-schema-graph\">{\"@context\":\"https:\\\/\\\/schema.org\",\"@graph\":[{\"@type\":\"Article\",\"@id\":\"https:\\\/\\\/ppdegalicia.com\\\/es\\\/rueda-os-orzamentos-de-2023-son-clave-para-lograr-esa-provincia-da-coruna-robusta-que-necesitan-os-seus-vecinos-e-que-necesita-o-conxunto-de-galicia\\\/#article\",\"isPartOf\":{\"@id\":\"https:\\\/\\\/ppdegalicia.com\\\/es\\\/rueda-os-orzamentos-de-2023-son-clave-para-lograr-esa-provincia-da-coruna-robusta-que-necesitan-os-seus-vecinos-e-que-necesita-o-conxunto-de-galicia\\\/\"},\"author\":{\"name\":\"ppdegaliciaredes\",\"@id\":\"https:\\\/\\\/ppdegalicia.com\\\/es\\\/#\\\/schema\\\/person\\\/5b822c6f59e872ebdd1142f307dbcb59\"},\"headline\":\"Rueda: \u201cOs Orzamentos de 2023 son clave para lograr esa provincia da Coru\u00f1a robusta que necesitan os seus veci\u00f1os e que necesita o conxunto de Galicia\u201d\",\"datePublished\":\"2022-11-04T06:24:00+00:00\",\"mainEntityOfPage\":{\"@id\":\"https:\\\/\\\/ppdegalicia.com\\\/es\\\/rueda-os-orzamentos-de-2023-son-clave-para-lograr-esa-provincia-da-coruna-robusta-que-necesitan-os-seus-vecinos-e-que-necesita-o-conxunto-de-galicia\\\/\"},\"wordCount\":663,\"commentCount\":0,\"publisher\":{\"@id\":\"https:\\\/\\\/ppdegalicia.com\\\/es\\\/#organization\"},\"image\":{\"@id\":\"https:\\\/\\\/ppdegalicia.com\\\/es\\\/rueda-os-orzamentos-de-2023-son-clave-para-lograr-esa-provincia-da-coruna-robusta-que-necesitan-os-seus-vecinos-e-que-necesita-o-conxunto-de-galicia\\\/#primaryimage\"},\"thumbnailUrl\":\"https:\\\/\\\/ppdegalicia.com\\\/wp-content\\\/uploads\\\/2022\\\/11\\\/df1514b39ccd2d385fd29e19d91b31c8.jpg\",\"articleSection\":[\"PP de Galicia\"],\"inLanguage\":\"es\",\"potentialAction\":[{\"@type\":\"CommentAction\",\"name\":\"Comment\",\"target\":[\"https:\\\/\\\/ppdegalicia.com\\\/es\\\/rueda-os-orzamentos-de-2023-son-clave-para-lograr-esa-provincia-da-coruna-robusta-que-necesitan-os-seus-vecinos-e-que-necesita-o-conxunto-de-galicia\\\/#respond\"]}]},{\"@type\":\"WebPage\",\"@id\":\"https:\\\/\\\/ppdegalicia.com\\\/es\\\/rueda-os-orzamentos-de-2023-son-clave-para-lograr-esa-provincia-da-coruna-robusta-que-necesitan-os-seus-vecinos-e-que-necesita-o-conxunto-de-galicia\\\/\",\"url\":\"https:\\\/\\\/ppdegalicia.com\\\/es\\\/rueda-os-orzamentos-de-2023-son-clave-para-lograr-esa-provincia-da-coruna-robusta-que-necesitan-os-seus-vecinos-e-que-necesita-o-conxunto-de-galicia\\\/\",\"name\":\"Rueda: \u201cOs Orzamentos de 2023 son clave para lograr esa provincia da Coru\u00f1a robusta que necesitan os seus veci\u00f1os e que necesita o conxunto de Galicia\u201d - PP de Galicia\",\"isPartOf\":{\"@id\":\"https:\\\/\\\/ppdegalicia.com\\\/es\\\/#website\"},\"primaryImageOfPage\":{\"@id\":\"https:\\\/\\\/ppdegalicia.com\\\/es\\\/rueda-os-orzamentos-de-2023-son-clave-para-lograr-esa-provincia-da-coruna-robusta-que-necesitan-os-seus-vecinos-e-que-necesita-o-conxunto-de-galicia\\\/#primaryimage\"},\"image\":{\"@id\":\"https:\\\/\\\/ppdegalicia.com\\\/es\\\/rueda-os-orzamentos-de-2023-son-clave-para-lograr-esa-provincia-da-coruna-robusta-que-necesitan-os-seus-vecinos-e-que-necesita-o-conxunto-de-galicia\\\/#primaryimage\"},\"thumbnailUrl\":\"https:\\\/\\\/ppdegalicia.com\\\/wp-content\\\/uploads\\\/2022\\\/11\\\/df1514b39ccd2d385fd29e19d91b31c8.jpg\",\"datePublished\":\"2022-11-04T06:24:00+00:00\",\"breadcrumb\":{\"@id\":\"https:\\\/\\\/ppdegalicia.com\\\/es\\\/rueda-os-orzamentos-de-2023-son-clave-para-lograr-esa-provincia-da-coruna-robusta-que-necesitan-os-seus-vecinos-e-que-necesita-o-conxunto-de-galicia\\\/#breadcrumb\"},\"inLanguage\":\"es\",\"potentialAction\":[{\"@type\":\"ReadAction\",\"target\":[\"https:\\\/\\\/ppdegalicia.com\\\/es\\\/rueda-os-orzamentos-de-2023-son-clave-para-lograr-esa-provincia-da-coruna-robusta-que-necesitan-os-seus-vecinos-e-que-necesita-o-conxunto-de-galicia\\\/\"]}]},{\"@type\":\"ImageObject\",\"inLanguage\":\"es\",\"@id\":\"https:\\\/\\\/ppdegalicia.com\\\/es\\\/rueda-os-orzamentos-de-2023-son-clave-para-lograr-esa-provincia-da-coruna-robusta-que-necesitan-os-seus-vecinos-e-que-necesita-o-conxunto-de-galicia\\\/#primaryimage\",\"url\":\"https:\\\/\\\/ppdegalicia.com\\\/wp-content\\\/uploads\\\/2022\\\/11\\\/df1514b39ccd2d385fd29e19d91b31c8.jpg\",\"contentUrl\":\"https:\\\/\\\/ppdegalicia.com\\\/wp-content\\\/uploads\\\/2022\\\/11\\\/df1514b39ccd2d385fd29e19d91b31c8.jpg\",\"width\":2048,\"height\":1328},{\"@type\":\"BreadcrumbList\",\"@id\":\"https:\\\/\\\/ppdegalicia.com\\\/es\\\/rueda-os-orzamentos-de-2023-son-clave-para-lograr-esa-provincia-da-coruna-robusta-que-necesitan-os-seus-vecinos-e-que-necesita-o-conxunto-de-galicia\\\/#breadcrumb\",\"itemListElement\":[{\"@type\":\"ListItem\",\"position\":1,\"name\":\"Portada\",\"item\":\"https:\\\/\\\/ppdegalicia.com\\\/es\\\/\"},{\"@type\":\"ListItem\",\"position\":2,\"name\":\"Rueda: \u201cOs Orzamentos de 2023 son clave para lograr esa provincia da Coru\u00f1a robusta que necesitan os seus veci\u00f1os e que necesita o conxunto de Galicia\u201d\"}]},{\"@type\":\"WebSite\",\"@id\":\"https:\\\/\\\/ppdegalicia.com\\\/es\\\/#website\",\"url\":\"https:\\\/\\\/ppdegalicia.com\\\/es\\\/\",\"name\":\"Partido Popular de Galicia\",\"description\":\"Partido Popular de Galicia\",\"publisher\":{\"@id\":\"https:\\\/\\\/ppdegalicia.com\\\/es\\\/#organization\"},\"alternateName\":\"PP de Galicia\",\"potentialAction\":[{\"@type\":\"SearchAction\",\"target\":{\"@type\":\"EntryPoint\",\"urlTemplate\":\"https:\\\/\\\/ppdegalicia.com\\\/es\\\/?s={search_term_string}\"},\"query-input\":{\"@type\":\"PropertyValueSpecification\",\"valueRequired\":true,\"valueName\":\"search_term_string\"}}],\"inLanguage\":\"es\"},{\"@type\":\"Organization\",\"@id\":\"https:\\\/\\\/ppdegalicia.com\\\/es\\\/#organization\",\"name\":\"Partido Popular de Galicia\",\"alternateName\":\"PP de Galicia\",\"url\":\"https:\\\/\\\/ppdegalicia.com\\\/es\\\/\",\"logo\":{\"@type\":\"ImageObject\",\"inLanguage\":\"es\",\"@id\":\"https:\\\/\\\/ppdegalicia.com\\\/es\\\/#\\\/schema\\\/logo\\\/image\\\/\",\"url\":\"https:\\\/\\\/ppdegalicia.com\\\/wp-content\\\/uploads\\\/2023\\\/04\\\/logoPP512.png\",\"contentUrl\":\"https:\\\/\\\/ppdegalicia.com\\\/wp-content\\\/uploads\\\/2023\\\/04\\\/logoPP512.png\",\"width\":512,\"height\":512,\"caption\":\"Partido Popular de Galicia\"},\"image\":{\"@id\":\"https:\\\/\\\/ppdegalicia.com\\\/es\\\/#\\\/schema\\\/logo\\\/image\\\/\"},\"sameAs\":[\"https:\\\/\\\/www.instagram.com\\\/ppdegalicia\\\/\",\"https:\\\/\\\/x.com\\\/ppdegalicia\",\"https:\\\/\\\/www.tiktok.com\\\/@ppdegalicia\",\"https:\\\/\\\/www.youtube.com\\\/user\\\/ppdegalicia\"]},{\"@type\":\"Person\",\"@id\":\"https:\\\/\\\/ppdegalicia.com\\\/es\\\/#\\\/schema\\\/person\\\/5b822c6f59e872ebdd1142f307dbcb59\",\"name\":\"ppdegaliciaredes\",\"image\":{\"@type\":\"ImageObject\",\"inLanguage\":\"es\",\"@id\":\"https:\\\/\\\/secure.gravatar.com\\\/avatar\\\/3c9179cf0256d00c72a48d1f25783c58b6842cd56e85ef3a572881c8e28ccd59?s=96&d=mm&r=g\",\"url\":\"https:\\\/\\\/secure.gravatar.com\\\/avatar\\\/3c9179cf0256d00c72a48d1f25783c58b6842cd56e85ef3a572881c8e28ccd59?s=96&d=mm&r=g\",\"contentUrl\":\"https:\\\/\\\/secure.gravatar.com\\\/avatar\\\/3c9179cf0256d00c72a48d1f25783c58b6842cd56e85ef3a572881c8e28ccd59?s=96&d=mm&r=g\",\"caption\":\"ppdegaliciaredes\"},\"url\":\"https:\\\/\\\/ppdegalicia.com\\\/es\\\/author\\\/ppdegaliciaredes\\\/\"}]}<\/script>\n<!-- \/ Yoast SEO plugin. -->","yoast_head_json":{"title":"Rueda: \u201cOs Orzamentos de 2023 son clave para lograr esa provincia da Coru\u00f1a robusta que necesitan os seus veci\u00f1os e que necesita o conxunto de Galicia\u201d - PP de Galicia","robots":{"index":"index","follow":"follow","max-snippet":"max-snippet:-1","max-image-preview":"max-image-preview:large","max-video-preview":"max-video-preview:-1"},"canonical":"https:\/\/ppdegalicia.com\/es\/rueda-os-orzamentos-de-2023-son-clave-para-lograr-esa-provincia-da-coruna-robusta-que-necesitan-os-seus-vecinos-e-que-necesita-o-conxunto-de-galicia\/","og_locale":"es_ES","og_type":"article","og_title":"Rueda: \u201cOs Orzamentos de 2023 son clave para lograr esa provincia da Coru\u00f1a robusta que necesitan os seus veci\u00f1os e que necesita o conxunto de Galicia\u201d - PP de Galicia","og_description":"4 de novembro de 2022. O presidente do PPdeG, Alfonso Rueda, puxo en valor os Orzamentos da Xunta 2023, xa que \u201cblindar\u00e1n a Galicia da incerteza con m\u00e1is investimentos, m\u00e1is gasto social, menos d\u00e9beda e menos impostos\u201d e responden a que \u201ca xente demanda que as s\u00faas prioridades de cada d\u00eda sexan atendidas con feitos\u201d. [&hellip;]","og_url":"https:\/\/ppdegalicia.com\/es\/rueda-os-orzamentos-de-2023-son-clave-para-lograr-esa-provincia-da-coruna-robusta-que-necesitan-os-seus-vecinos-e-que-necesita-o-conxunto-de-galicia\/","og_site_name":"PP de Galicia","article_publisher":"https:\/\/www.instagram.com\/ppdegalicia\/","article_published_time":"2022-11-04T06:24:00+00:00","og_image":[{"width":2048,"height":1328,"url":"https:\/\/ppdegalicia.com\/wp-content\/uploads\/2022\/11\/df1514b39ccd2d385fd29e19d91b31c8.jpg","type":"image\/jpeg"}],"author":"ppdegaliciaredes","twitter_card":"summary_large_image","twitter_creator":"@ppdegalicia","twitter_site":"@ppdegalicia","twitter_misc":{"Escrito por":"ppdegaliciaredes","Tiempo de lectura":"3 minutos"},"schema":{"@context":"https:\/\/schema.org","@graph":[{"@type":"Article","@id":"https:\/\/ppdegalicia.com\/es\/rueda-os-orzamentos-de-2023-son-clave-para-lograr-esa-provincia-da-coruna-robusta-que-necesitan-os-seus-vecinos-e-que-necesita-o-conxunto-de-galicia\/#article","isPartOf":{"@id":"https:\/\/ppdegalicia.com\/es\/rueda-os-orzamentos-de-2023-son-clave-para-lograr-esa-provincia-da-coruna-robusta-que-necesitan-os-seus-vecinos-e-que-necesita-o-conxunto-de-galicia\/"},"author":{"name":"ppdegaliciaredes","@id":"https:\/\/ppdegalicia.com\/es\/#\/schema\/person\/5b822c6f59e872ebdd1142f307dbcb59"},"headline":"Rueda: \u201cOs Orzamentos de 2023 son clave para lograr esa provincia da Coru\u00f1a robusta que necesitan os seus veci\u00f1os e que necesita o conxunto de Galicia\u201d","datePublished":"2022-11-04T06:24:00+00:00","mainEntityOfPage":{"@id":"https:\/\/ppdegalicia.com\/es\/rueda-os-orzamentos-de-2023-son-clave-para-lograr-esa-provincia-da-coruna-robusta-que-necesitan-os-seus-vecinos-e-que-necesita-o-conxunto-de-galicia\/"},"wordCount":663,"commentCount":0,"publisher":{"@id":"https:\/\/ppdegalicia.com\/es\/#organization"},"image":{"@id":"https:\/\/ppdegalicia.com\/es\/rueda-os-orzamentos-de-2023-son-clave-para-lograr-esa-provincia-da-coruna-robusta-que-necesitan-os-seus-vecinos-e-que-necesita-o-conxunto-de-galicia\/#primaryimage"},"thumbnailUrl":"https:\/\/ppdegalicia.com\/wp-content\/uploads\/2022\/11\/df1514b39ccd2d385fd29e19d91b31c8.jpg","articleSection":["PP de Galicia"],"inLanguage":"es","potentialAction":[{"@type":"CommentAction","name":"Comment","target":["https:\/\/ppdegalicia.com\/es\/rueda-os-orzamentos-de-2023-son-clave-para-lograr-esa-provincia-da-coruna-robusta-que-necesitan-os-seus-vecinos-e-que-necesita-o-conxunto-de-galicia\/#respond"]}]},{"@type":"WebPage","@id":"https:\/\/ppdegalicia.com\/es\/rueda-os-orzamentos-de-2023-son-clave-para-lograr-esa-provincia-da-coruna-robusta-que-necesitan-os-seus-vecinos-e-que-necesita-o-conxunto-de-galicia\/","url":"https:\/\/ppdegalicia.com\/es\/rueda-os-orzamentos-de-2023-son-clave-para-lograr-esa-provincia-da-coruna-robusta-que-necesitan-os-seus-vecinos-e-que-necesita-o-conxunto-de-galicia\/","name":"Rueda: \u201cOs Orzamentos de 2023 son clave para lograr esa provincia da Coru\u00f1a robusta que necesitan os seus veci\u00f1os e que necesita o conxunto de Galicia\u201d - PP de Galicia","isPartOf":{"@id":"https:\/\/ppdegalicia.com\/es\/#website"},"primaryImageOfPage":{"@id":"https:\/\/ppdegalicia.com\/es\/rueda-os-orzamentos-de-2023-son-clave-para-lograr-esa-provincia-da-coruna-robusta-que-necesitan-os-seus-vecinos-e-que-necesita-o-conxunto-de-galicia\/#primaryimage"},"image":{"@id":"https:\/\/ppdegalicia.com\/es\/rueda-os-orzamentos-de-2023-son-clave-para-lograr-esa-provincia-da-coruna-robusta-que-necesitan-os-seus-vecinos-e-que-necesita-o-conxunto-de-galicia\/#primaryimage"},"thumbnailUrl":"https:\/\/ppdegalicia.com\/wp-content\/uploads\/2022\/11\/df1514b39ccd2d385fd29e19d91b31c8.jpg","datePublished":"2022-11-04T06:24:00+00:00","breadcrumb":{"@id":"https:\/\/ppdegalicia.com\/es\/rueda-os-orzamentos-de-2023-son-clave-para-lograr-esa-provincia-da-coruna-robusta-que-necesitan-os-seus-vecinos-e-que-necesita-o-conxunto-de-galicia\/#breadcrumb"},"inLanguage":"es","potentialAction":[{"@type":"ReadAction","target":["https:\/\/ppdegalicia.com\/es\/rueda-os-orzamentos-de-2023-son-clave-para-lograr-esa-provincia-da-coruna-robusta-que-necesitan-os-seus-vecinos-e-que-necesita-o-conxunto-de-galicia\/"]}]},{"@type":"ImageObject","inLanguage":"es","@id":"https:\/\/ppdegalicia.com\/es\/rueda-os-orzamentos-de-2023-son-clave-para-lograr-esa-provincia-da-coruna-robusta-que-necesitan-os-seus-vecinos-e-que-necesita-o-conxunto-de-galicia\/#primaryimage","url":"https:\/\/ppdegalicia.com\/wp-content\/uploads\/2022\/11\/df1514b39ccd2d385fd29e19d91b31c8.jpg","contentUrl":"https:\/\/ppdegalicia.com\/wp-content\/uploads\/2022\/11\/df1514b39ccd2d385fd29e19d91b31c8.jpg","width":2048,"height":1328},{"@type":"BreadcrumbList","@id":"https:\/\/ppdegalicia.com\/es\/rueda-os-orzamentos-de-2023-son-clave-para-lograr-esa-provincia-da-coruna-robusta-que-necesitan-os-seus-vecinos-e-que-necesita-o-conxunto-de-galicia\/#breadcrumb","itemListElement":[{"@type":"ListItem","position":1,"name":"Portada","item":"https:\/\/ppdegalicia.com\/es\/"},{"@type":"ListItem","position":2,"name":"Rueda: \u201cOs Orzamentos de 2023 son clave para lograr esa provincia da Coru\u00f1a robusta que necesitan os seus veci\u00f1os e que necesita o conxunto de Galicia\u201d"}]},{"@type":"WebSite","@id":"https:\/\/ppdegalicia.com\/es\/#website","url":"https:\/\/ppdegalicia.com\/es\/","name":"Partido Popular de Galicia","description":"Partido Popular de Galicia","publisher":{"@id":"https:\/\/ppdegalicia.com\/es\/#organization"},"alternateName":"PP de Galicia","potentialAction":[{"@type":"SearchAction","target":{"@type":"EntryPoint","urlTemplate":"https:\/\/ppdegalicia.com\/es\/?s={search_term_string}"},"query-input":{"@type":"PropertyValueSpecification","valueRequired":true,"valueName":"search_term_string"}}],"inLanguage":"es"},{"@type":"Organization","@id":"https:\/\/ppdegalicia.com\/es\/#organization","name":"Partido Popular de Galicia","alternateName":"PP de Galicia","url":"https:\/\/ppdegalicia.com\/es\/","logo":{"@type":"ImageObject","inLanguage":"es","@id":"https:\/\/ppdegalicia.com\/es\/#\/schema\/logo\/image\/","url":"https:\/\/ppdegalicia.com\/wp-content\/uploads\/2023\/04\/logoPP512.png","contentUrl":"https:\/\/ppdegalicia.com\/wp-content\/uploads\/2023\/04\/logoPP512.png","width":512,"height":512,"caption":"Partido Popular de Galicia"},"image":{"@id":"https:\/\/ppdegalicia.com\/es\/#\/schema\/logo\/image\/"},"sameAs":["https:\/\/www.instagram.com\/ppdegalicia\/","https:\/\/x.com\/ppdegalicia","https:\/\/www.tiktok.com\/@ppdegalicia","https:\/\/www.youtube.com\/user\/ppdegalicia"]},{"@type":"Person","@id":"https:\/\/ppdegalicia.com\/es\/#\/schema\/person\/5b822c6f59e872ebdd1142f307dbcb59","name":"ppdegaliciaredes","image":{"@type":"ImageObject","inLanguage":"es","@id":"https:\/\/secure.gravatar.com\/avatar\/3c9179cf0256d00c72a48d1f25783c58b6842cd56e85ef3a572881c8e28ccd59?s=96&d=mm&r=g","url":"https:\/\/secure.gravatar.com\/avatar\/3c9179cf0256d00c72a48d1f25783c58b6842cd56e85ef3a572881c8e28ccd59?s=96&d=mm&r=g","contentUrl":"https:\/\/secure.gravatar.com\/avatar\/3c9179cf0256d00c72a48d1f25783c58b6842cd56e85ef3a572881c8e28ccd59?s=96&d=mm&r=g","caption":"ppdegaliciaredes"},"url":"https:\/\/ppdegalicia.com\/es\/author\/ppdegaliciaredes\/"}]}},"_links":{"self":[{"href":"https:\/\/ppdegalicia.com\/es\/wp-json\/wp\/v2\/posts\/57581","targetHints":{"allow":["GET"]}}],"collection":[{"href":"https:\/\/ppdegalicia.com\/es\/wp-json\/wp\/v2\/posts"}],"about":[{"href":"https:\/\/ppdegalicia.com\/es\/wp-json\/wp\/v2\/types\/post"}],"author":[{"embeddable":true,"href":"https:\/\/ppdegalicia.com\/es\/wp-json\/wp\/v2\/users\/38"}],"replies":[{"embeddable":true,"href":"https:\/\/ppdegalicia.com\/es\/wp-json\/wp\/v2\/comments?post=57581"}],"version-history":[{"count":0,"href":"https:\/\/ppdegalicia.com\/es\/wp-json\/wp\/v2\/posts\/57581\/revisions"}],"wp:featuredmedia":[{"embeddable":true,"href":"https:\/\/ppdegalicia.com\/es\/wp-json\/wp\/v2\/media\/57580"}],"wp:attachment":[{"href":"https:\/\/ppdegalicia.com\/es\/wp-json\/wp\/v2\/media?parent=57581"}],"wp:term":[{"taxonomy":"category","embeddable":true,"href":"https:\/\/ppdegalicia.com\/es\/wp-json\/wp\/v2\/categories?post=57581"},{"taxonomy":"post_tag","embeddable":true,"href":"https:\/\/ppdegalicia.com\/es\/wp-json\/wp\/v2\/tags?post=57581"}],"curies":[{"name":"wp","href":"https:\/\/api.w.org\/{rel}","templated":true}]}}