{"id":57595,"date":"2022-11-07T13:15:28","date_gmt":"2022-11-07T11:15:28","guid":{"rendered":"https:\/\/ppdegalicia.com\/o-partido-popular-presentara-unha-mocion-no-senado-para-esixir-ao-goberno-central-proxectos-orzamentos-e-obras-fundamentais-no-corredor-atlantico\/"},"modified":"2022-11-07T13:15:28","modified_gmt":"2022-11-07T11:15:28","slug":"o-partido-popular-presentara-unha-mocion-no-senado-para-esixir-ao-goberno-central-proxectos-orzamentos-e-obras-fundamentais-no-corredor-atlantico","status":"publish","type":"post","link":"https:\/\/ppdegalicia.com\/es\/o-partido-popular-presentara-unha-mocion-no-senado-para-esixir-ao-goberno-central-proxectos-orzamentos-e-obras-fundamentais-no-corredor-atlantico\/","title":{"rendered":"O Partido Popular presentar\u00e1 unha moci\u00f3n no Senado para esixir ao Goberno central \u201cproxectos, orzamentos e obras fundamentais\u201d no Corredor Atl\u00e1ntico"},"content":{"rendered":"<p><img fetchpriority=\"high\" decoding=\"async\" class=\" size-full wp-image-57594\" src=\"https:\/\/ppdegalicia.com\/wp-content\/uploads\/2022\/11\/946e42b2e90169640b177f50e4fe44a8-scaled.jpg\" alt=\"\" width=\"2560\" height=\"1656\" srcset=\"https:\/\/ppdegalicia.com\/wp-content\/uploads\/2022\/11\/946e42b2e90169640b177f50e4fe44a8-scaled.jpg 2560w, https:\/\/ppdegalicia.com\/wp-content\/uploads\/2022\/11\/946e42b2e90169640b177f50e4fe44a8-300x194.jpg 300w, https:\/\/ppdegalicia.com\/wp-content\/uploads\/2022\/11\/946e42b2e90169640b177f50e4fe44a8-1024x663.jpg 1024w, https:\/\/ppdegalicia.com\/wp-content\/uploads\/2022\/11\/946e42b2e90169640b177f50e4fe44a8-768x497.jpg 768w, https:\/\/ppdegalicia.com\/wp-content\/uploads\/2022\/11\/946e42b2e90169640b177f50e4fe44a8-1536x994.jpg 1536w, https:\/\/ppdegalicia.com\/wp-content\/uploads\/2022\/11\/946e42b2e90169640b177f50e4fe44a8-2048x1325.jpg 2048w\" sizes=\"(max-width: 2560px) 100vw, 2560px\" \/><\/p>\n<p>7, novembro, 2022. O Grupo Parlamentario Popular no Senado presentar\u00e1 proximamente unha moci\u00f3n na C\u00e1mara Alta para demandar ao Goberno central a inclusi\u00f3n do noroeste peninsular no mapa de autopistas ferroviarias, a creaci\u00f3n dun plan estrat\u00e9xico do Corredor Atl\u00e1ntico e o nomeamento do comisionado: \u201cEsixiremos proxectos, iniciativas, orzamentos e obras que son fundamentais. O Partido Popular quere ofrecer soluci\u00f3ns, a diferenza do Goberno de Espa\u00f1a actual\u201d.<\/p>\n<p><!--more--><\/p>\n<p>As\u00ed o anunciaron os representantes do PP na Comisi\u00f3n de Transportes, Mobilidade e Axenda Urbana do Senado durante unha visita \u00e1 estaci\u00f3n intermodal de Santiago de Compostela, onde estiveron acompa\u00f1ados pola responsable de Infraestruturas do PP nacional, Ethel V\u00e1zquez, e onde conclu\u00edron que \u201co esquecemento, o ninguneo e o agravio son a marca da casa do Goberno de S\u00e1nchez\u201d en materia de infraestruturas en Galicia.<\/p>\n<p>A delegaci\u00f3n, encabezada pola senadora galega Pilar Rojo, elixiu a estaci\u00f3n compostel\u00e1 como primeiro punto da s\u00faa visita a Galicia para co\u00f1ecer a situaci\u00f3n das infraestruturas galegas porque, en palabras de Ethel V\u00e1zquez, as pol\u00edticas que v\u00e9n aplicando o Goberno S\u00e1nchez en materia de infraestruturas ferroviarias son \u201cclaramente lesivas para a nosa Comunidade\u201d e \u201cpriorizan as necesidades dos seus socios de goberno fronte \u00e1s necesidades reais dos territorios e da cidadan\u00eda\u201d.<\/p>\n<p>A responsable de Infraestruturas dos populares asegurou que a estaci\u00f3n de tren de Santiago \u00e9 \u201cun claro exemplo da falta de previsi\u00f3n e a improvisaci\u00f3n continua do Goberno de Espa\u00f1a\u201d, facendo referencia \u00e1 non recuperaci\u00f3n dos servizos ferroviarios previos \u00e1 pandemia na s\u00faa totalidade e mostr\u00e1ndose especialmente cr\u00edtica coas consecuencias que est\u00e1 a ter a gratuidade dos bonos de tren.<\/p>\n<p>Sobre esta medida asegurou V\u00e1zquez que \u201ca priori deber\u00eda ser beneficiosa para os usuarios\u201d, pero que debido \u201c\u00e1 mala xesti\u00f3n e a improvisaci\u00f3n constante do Goberno central\u201d est\u00e1 a causar problemas aos seus beneficiarios: \u201cQuedan sen praza, tirados nas plataformas ante a saturaci\u00f3n dos trens e te\u00f1en problemas nas aplicaci\u00f3ns para poder facer reservas\u201d. Algo que, na s\u00faa opini\u00f3n, poder\u00eda evitarse \u201cse se tivese avaliado previamente o incremento da demanda que \u00eda supo\u00f1er esta iniciativa e se tivesen habilitado os reforzos necesarios desde o primeiro momento\u201d.<\/p>\n<p>\u00c1 marxe disto, referiuse tam\u00e9n aos \u201cincumprimentos fragrantes\u201d dos Presupostos Xerais do Estado do vindeiro ano. Criticando neste sentido que \u201cs\u00f3 se destinen 28.500 euros para a modernizaci\u00f3n do tren Ferrol-A Coru\u00f1a\u201d, que non se contemplen as variantes de trazado nin a conexi\u00f3n por alta velocidade de Lugo ou que se destine unha \u201cinsignificante partida\u201d de 30.000 euros para a Sa\u00edda Sur de Vigo e o AVE Vigo-Oporto.<\/p>\n<p>Incidindo nesta \u00faltima cuesti\u00f3n, Ethel V\u00e1zquez quixo expresar a s\u00faa \u201cdecepci\u00f3n, preocupaci\u00f3n e fondo malestar\u201d pola falta de compromiso amosada por Pedro S\u00e1nchez ante a conexi\u00f3n de alta velocidade con Portugal no recente Cumio Ib\u00e9rico: \u201cTivo que ser o primeiro ministro de Portugal quen defendera os intereses de Galicia e a importancia desta conexi\u00f3n porque Pedro S\u00e1nchez non o fixo\u201d.<\/p>\n<p>\u00a0<\/p>\n<p><strong>ANTONIO SILV\u00c1N: \u201cDESDE O PP DICIMOS SI AO CORREDOR ATL\u00c1NTICO\u201d<\/strong><\/p>\n<p>Pola s\u00faa banda, o secretario de Mobilidade Sostible no PP nacional e voceiro da Comisi\u00f3n de Transportes, Mobilidade e Axenda Urbana do Senado, Antonio Silv\u00e1n; afirmou que \u201co esquecemento, o ninguneo e o agravio son a marca da casa do Goberno S\u00e1nchez en materia de infraestruturas en xeral e particularmente no que se refire a infraestruturas viarias, ferroviarias e lox\u00edsticas\u201d.<\/p>\n<p>Citando como principal exemplo o caso do Corredor Atl\u00e1ntico, que, segundo denunciou, \u201cnin est\u00e1 nos Presupostos Xerais do vindeiro ano, nin conta cun plan estrat\u00e9xico, nin se nomeou o alto comisionado que S\u00e1nchez prometera\u201d. De a\u00ed o seu anuncio de que o Grupo Parlamentario Popular no Senado vaia presentar proximamente unha moci\u00f3n sobre este asunto, demandando ao Goberno central a inclusi\u00f3n do noroeste peninsular no mapa de autopistas ferroviarias, a creaci\u00f3n dun plan estrat\u00e9xico do Corredor Atl\u00e1ntico e o nomeamento do comisionado.<\/p>\n<p>O ex-conselleiro de Fomento de Castela e L\u00e9on quixo referirse tam\u00e9n \u00e1 \u201cimperiosa necesidade\u201d de dotar con orzamento \u00e1 \u201cesquecida\u201d autov\u00eda Ponferrada-Ourense, \u00e1 que non dubidou en referirse como \u201ca autov\u00eda da desidia\u201d despois de anos de promesas incumpridas por parte de Pedro S\u00e1nchez.<\/p>\n<p>As\u00ed mesmo, o tam\u00e9n ex-alcalde de Le\u00f3n mostrouse especialmente cr\u00edtico co feito de que \u201csigan sen co\u00f1ecerse as causas, nin as medidas que se van po\u00f1er en marcha para garantir a conectividade\u201d tras o derrubamento do viaduto do Castro na A-6. Facendo fincap\u00e9 na importancia que esta infraestrutura ten para a conectividade empresarial de Galicia: \u201cEste tramo viario sup\u00f3n un elemento fundamental de dinamizaci\u00f3n empresarial e competitividade dos nosos empresarios\u201d.<\/p>\n","protected":false},"excerpt":{"rendered":"<p>7, novembro, 2022. O Grupo Parlamentario Popular no Senado presentar\u00e1 proximamente unha moci\u00f3n na C\u00e1mara Alta para demandar ao Goberno central a inclusi\u00f3n do noroeste peninsular no mapa de autopistas ferroviarias, a creaci\u00f3n dun plan estrat\u00e9xico do Corredor Atl\u00e1ntico e o nomeamento do comisionado: \u201cEsixiremos proxectos, iniciativas, orzamentos e obras que son fundamentais. O Partido [&hellip;]<\/p>\n","protected":false},"author":38,"featured_media":57594,"comment_status":"open","ping_status":"open","sticky":false,"template":"","format":"standard","meta":{"_acf_changed":false,"footnotes":""},"categories":[1],"tags":[],"class_list":["post-57595","post","type-post","status-publish","format-standard","has-post-thumbnail","hentry","category-pp-de-galicia"],"acf":[],"yoast_head":"<!-- This site is optimized with the Yoast SEO plugin v27.3 - https:\/\/yoast.com\/product\/yoast-seo-wordpress\/ -->\n<title>O Partido Popular presentar\u00e1 unha moci\u00f3n no Senado para esixir ao Goberno central \u201cproxectos, orzamentos e obras fundamentais\u201d no Corredor Atl\u00e1ntico - PP de Galicia<\/title>\n<meta name=\"robots\" content=\"index, follow, max-snippet:-1, max-image-preview:large, max-video-preview:-1\" \/>\n<link rel=\"canonical\" href=\"https:\/\/ppdegalicia.com\/es\/o-partido-popular-presentara-unha-mocion-no-senado-para-esixir-ao-goberno-central-proxectos-orzamentos-e-obras-fundamentais-no-corredor-atlantico\/\" \/>\n<meta property=\"og:locale\" content=\"es_ES\" \/>\n<meta property=\"og:type\" content=\"article\" \/>\n<meta property=\"og:title\" content=\"O Partido Popular presentar\u00e1 unha moci\u00f3n no Senado para esixir ao Goberno central \u201cproxectos, orzamentos e obras fundamentais\u201d no Corredor Atl\u00e1ntico - PP de Galicia\" \/>\n<meta property=\"og:description\" content=\"7, novembro, 2022. O Grupo Parlamentario Popular no Senado presentar\u00e1 proximamente unha moci\u00f3n na C\u00e1mara Alta para demandar ao Goberno central a inclusi\u00f3n do noroeste peninsular no mapa de autopistas ferroviarias, a creaci\u00f3n dun plan estrat\u00e9xico do Corredor Atl\u00e1ntico e o nomeamento do comisionado: \u201cEsixiremos proxectos, iniciativas, orzamentos e obras que son fundamentais. O Partido [&hellip;]\" \/>\n<meta property=\"og:url\" content=\"https:\/\/ppdegalicia.com\/es\/o-partido-popular-presentara-unha-mocion-no-senado-para-esixir-ao-goberno-central-proxectos-orzamentos-e-obras-fundamentais-no-corredor-atlantico\/\" \/>\n<meta property=\"og:site_name\" content=\"PP de Galicia\" \/>\n<meta property=\"article:publisher\" content=\"https:\/\/www.instagram.com\/ppdegalicia\/\" \/>\n<meta property=\"article:published_time\" content=\"2022-11-07T11:15:28+00:00\" \/>\n<meta property=\"og:image\" content=\"https:\/\/ppdegalicia.com\/wp-content\/uploads\/2022\/11\/946e42b2e90169640b177f50e4fe44a8-scaled.jpg\" \/>\n\t<meta property=\"og:image:width\" content=\"2560\" \/>\n\t<meta property=\"og:image:height\" content=\"1656\" \/>\n\t<meta property=\"og:image:type\" content=\"image\/jpeg\" \/>\n<meta name=\"author\" content=\"ppdegaliciaredes\" \/>\n<meta name=\"twitter:card\" content=\"summary_large_image\" \/>\n<meta name=\"twitter:creator\" content=\"@ppdegalicia\" \/>\n<meta name=\"twitter:site\" content=\"@ppdegalicia\" \/>\n<meta name=\"twitter:label1\" content=\"Escrito por\" \/>\n\t<meta name=\"twitter:data1\" content=\"ppdegaliciaredes\" \/>\n\t<meta name=\"twitter:label2\" content=\"Tiempo de lectura\" \/>\n\t<meta name=\"twitter:data2\" content=\"4 minutos\" \/>\n<script type=\"application\/ld+json\" class=\"yoast-schema-graph\">{\"@context\":\"https:\\\/\\\/schema.org\",\"@graph\":[{\"@type\":\"Article\",\"@id\":\"https:\\\/\\\/ppdegalicia.com\\\/es\\\/o-partido-popular-presentara-unha-mocion-no-senado-para-esixir-ao-goberno-central-proxectos-orzamentos-e-obras-fundamentais-no-corredor-atlantico\\\/#article\",\"isPartOf\":{\"@id\":\"https:\\\/\\\/ppdegalicia.com\\\/es\\\/o-partido-popular-presentara-unha-mocion-no-senado-para-esixir-ao-goberno-central-proxectos-orzamentos-e-obras-fundamentais-no-corredor-atlantico\\\/\"},\"author\":{\"name\":\"ppdegaliciaredes\",\"@id\":\"https:\\\/\\\/ppdegalicia.com\\\/es\\\/#\\\/schema\\\/person\\\/5b822c6f59e872ebdd1142f307dbcb59\"},\"headline\":\"O Partido Popular presentar\u00e1 unha moci\u00f3n no Senado para esixir ao Goberno central \u201cproxectos, orzamentos e obras fundamentais\u201d no Corredor Atl\u00e1ntico\",\"datePublished\":\"2022-11-07T11:15:28+00:00\",\"mainEntityOfPage\":{\"@id\":\"https:\\\/\\\/ppdegalicia.com\\\/es\\\/o-partido-popular-presentara-unha-mocion-no-senado-para-esixir-ao-goberno-central-proxectos-orzamentos-e-obras-fundamentais-no-corredor-atlantico\\\/\"},\"wordCount\":837,\"commentCount\":0,\"publisher\":{\"@id\":\"https:\\\/\\\/ppdegalicia.com\\\/es\\\/#organization\"},\"image\":{\"@id\":\"https:\\\/\\\/ppdegalicia.com\\\/es\\\/o-partido-popular-presentara-unha-mocion-no-senado-para-esixir-ao-goberno-central-proxectos-orzamentos-e-obras-fundamentais-no-corredor-atlantico\\\/#primaryimage\"},\"thumbnailUrl\":\"https:\\\/\\\/ppdegalicia.com\\\/wp-content\\\/uploads\\\/2022\\\/11\\\/946e42b2e90169640b177f50e4fe44a8-scaled.jpg\",\"articleSection\":[\"PP de Galicia\"],\"inLanguage\":\"es\",\"potentialAction\":[{\"@type\":\"CommentAction\",\"name\":\"Comment\",\"target\":[\"https:\\\/\\\/ppdegalicia.com\\\/es\\\/o-partido-popular-presentara-unha-mocion-no-senado-para-esixir-ao-goberno-central-proxectos-orzamentos-e-obras-fundamentais-no-corredor-atlantico\\\/#respond\"]}]},{\"@type\":\"WebPage\",\"@id\":\"https:\\\/\\\/ppdegalicia.com\\\/es\\\/o-partido-popular-presentara-unha-mocion-no-senado-para-esixir-ao-goberno-central-proxectos-orzamentos-e-obras-fundamentais-no-corredor-atlantico\\\/\",\"url\":\"https:\\\/\\\/ppdegalicia.com\\\/es\\\/o-partido-popular-presentara-unha-mocion-no-senado-para-esixir-ao-goberno-central-proxectos-orzamentos-e-obras-fundamentais-no-corredor-atlantico\\\/\",\"name\":\"O Partido Popular presentar\u00e1 unha moci\u00f3n no Senado para esixir ao Goberno central \u201cproxectos, orzamentos e obras fundamentais\u201d no Corredor Atl\u00e1ntico - PP de Galicia\",\"isPartOf\":{\"@id\":\"https:\\\/\\\/ppdegalicia.com\\\/es\\\/#website\"},\"primaryImageOfPage\":{\"@id\":\"https:\\\/\\\/ppdegalicia.com\\\/es\\\/o-partido-popular-presentara-unha-mocion-no-senado-para-esixir-ao-goberno-central-proxectos-orzamentos-e-obras-fundamentais-no-corredor-atlantico\\\/#primaryimage\"},\"image\":{\"@id\":\"https:\\\/\\\/ppdegalicia.com\\\/es\\\/o-partido-popular-presentara-unha-mocion-no-senado-para-esixir-ao-goberno-central-proxectos-orzamentos-e-obras-fundamentais-no-corredor-atlantico\\\/#primaryimage\"},\"thumbnailUrl\":\"https:\\\/\\\/ppdegalicia.com\\\/wp-content\\\/uploads\\\/2022\\\/11\\\/946e42b2e90169640b177f50e4fe44a8-scaled.jpg\",\"datePublished\":\"2022-11-07T11:15:28+00:00\",\"breadcrumb\":{\"@id\":\"https:\\\/\\\/ppdegalicia.com\\\/es\\\/o-partido-popular-presentara-unha-mocion-no-senado-para-esixir-ao-goberno-central-proxectos-orzamentos-e-obras-fundamentais-no-corredor-atlantico\\\/#breadcrumb\"},\"inLanguage\":\"es\",\"potentialAction\":[{\"@type\":\"ReadAction\",\"target\":[\"https:\\\/\\\/ppdegalicia.com\\\/es\\\/o-partido-popular-presentara-unha-mocion-no-senado-para-esixir-ao-goberno-central-proxectos-orzamentos-e-obras-fundamentais-no-corredor-atlantico\\\/\"]}]},{\"@type\":\"ImageObject\",\"inLanguage\":\"es\",\"@id\":\"https:\\\/\\\/ppdegalicia.com\\\/es\\\/o-partido-popular-presentara-unha-mocion-no-senado-para-esixir-ao-goberno-central-proxectos-orzamentos-e-obras-fundamentais-no-corredor-atlantico\\\/#primaryimage\",\"url\":\"https:\\\/\\\/ppdegalicia.com\\\/wp-content\\\/uploads\\\/2022\\\/11\\\/946e42b2e90169640b177f50e4fe44a8-scaled.jpg\",\"contentUrl\":\"https:\\\/\\\/ppdegalicia.com\\\/wp-content\\\/uploads\\\/2022\\\/11\\\/946e42b2e90169640b177f50e4fe44a8-scaled.jpg\",\"width\":2560,\"height\":1656},{\"@type\":\"BreadcrumbList\",\"@id\":\"https:\\\/\\\/ppdegalicia.com\\\/es\\\/o-partido-popular-presentara-unha-mocion-no-senado-para-esixir-ao-goberno-central-proxectos-orzamentos-e-obras-fundamentais-no-corredor-atlantico\\\/#breadcrumb\",\"itemListElement\":[{\"@type\":\"ListItem\",\"position\":1,\"name\":\"Portada\",\"item\":\"https:\\\/\\\/ppdegalicia.com\\\/es\\\/\"},{\"@type\":\"ListItem\",\"position\":2,\"name\":\"O Partido Popular presentar\u00e1 unha moci\u00f3n no Senado para esixir ao Goberno central \u201cproxectos, orzamentos e obras fundamentais\u201d no Corredor Atl\u00e1ntico\"}]},{\"@type\":\"WebSite\",\"@id\":\"https:\\\/\\\/ppdegalicia.com\\\/es\\\/#website\",\"url\":\"https:\\\/\\\/ppdegalicia.com\\\/es\\\/\",\"name\":\"Partido Popular de Galicia\",\"description\":\"Partido Popular de Galicia\",\"publisher\":{\"@id\":\"https:\\\/\\\/ppdegalicia.com\\\/es\\\/#organization\"},\"alternateName\":\"PP de Galicia\",\"potentialAction\":[{\"@type\":\"SearchAction\",\"target\":{\"@type\":\"EntryPoint\",\"urlTemplate\":\"https:\\\/\\\/ppdegalicia.com\\\/es\\\/?s={search_term_string}\"},\"query-input\":{\"@type\":\"PropertyValueSpecification\",\"valueRequired\":true,\"valueName\":\"search_term_string\"}}],\"inLanguage\":\"es\"},{\"@type\":\"Organization\",\"@id\":\"https:\\\/\\\/ppdegalicia.com\\\/es\\\/#organization\",\"name\":\"Partido Popular de Galicia\",\"alternateName\":\"PP de Galicia\",\"url\":\"https:\\\/\\\/ppdegalicia.com\\\/es\\\/\",\"logo\":{\"@type\":\"ImageObject\",\"inLanguage\":\"es\",\"@id\":\"https:\\\/\\\/ppdegalicia.com\\\/es\\\/#\\\/schema\\\/logo\\\/image\\\/\",\"url\":\"https:\\\/\\\/ppdegalicia.com\\\/wp-content\\\/uploads\\\/2023\\\/04\\\/logoPP512.png\",\"contentUrl\":\"https:\\\/\\\/ppdegalicia.com\\\/wp-content\\\/uploads\\\/2023\\\/04\\\/logoPP512.png\",\"width\":512,\"height\":512,\"caption\":\"Partido Popular de Galicia\"},\"image\":{\"@id\":\"https:\\\/\\\/ppdegalicia.com\\\/es\\\/#\\\/schema\\\/logo\\\/image\\\/\"},\"sameAs\":[\"https:\\\/\\\/www.instagram.com\\\/ppdegalicia\\\/\",\"https:\\\/\\\/x.com\\\/ppdegalicia\",\"https:\\\/\\\/www.tiktok.com\\\/@ppdegalicia\",\"https:\\\/\\\/www.youtube.com\\\/user\\\/ppdegalicia\"]},{\"@type\":\"Person\",\"@id\":\"https:\\\/\\\/ppdegalicia.com\\\/es\\\/#\\\/schema\\\/person\\\/5b822c6f59e872ebdd1142f307dbcb59\",\"name\":\"ppdegaliciaredes\",\"image\":{\"@type\":\"ImageObject\",\"inLanguage\":\"es\",\"@id\":\"https:\\\/\\\/secure.gravatar.com\\\/avatar\\\/3c9179cf0256d00c72a48d1f25783c58b6842cd56e85ef3a572881c8e28ccd59?s=96&d=mm&r=g\",\"url\":\"https:\\\/\\\/secure.gravatar.com\\\/avatar\\\/3c9179cf0256d00c72a48d1f25783c58b6842cd56e85ef3a572881c8e28ccd59?s=96&d=mm&r=g\",\"contentUrl\":\"https:\\\/\\\/secure.gravatar.com\\\/avatar\\\/3c9179cf0256d00c72a48d1f25783c58b6842cd56e85ef3a572881c8e28ccd59?s=96&d=mm&r=g\",\"caption\":\"ppdegaliciaredes\"},\"url\":\"https:\\\/\\\/ppdegalicia.com\\\/es\\\/author\\\/ppdegaliciaredes\\\/\"}]}<\/script>\n<!-- \/ Yoast SEO plugin. -->","yoast_head_json":{"title":"O Partido Popular presentar\u00e1 unha moci\u00f3n no Senado para esixir ao Goberno central \u201cproxectos, orzamentos e obras fundamentais\u201d no Corredor Atl\u00e1ntico - PP de Galicia","robots":{"index":"index","follow":"follow","max-snippet":"max-snippet:-1","max-image-preview":"max-image-preview:large","max-video-preview":"max-video-preview:-1"},"canonical":"https:\/\/ppdegalicia.com\/es\/o-partido-popular-presentara-unha-mocion-no-senado-para-esixir-ao-goberno-central-proxectos-orzamentos-e-obras-fundamentais-no-corredor-atlantico\/","og_locale":"es_ES","og_type":"article","og_title":"O Partido Popular presentar\u00e1 unha moci\u00f3n no Senado para esixir ao Goberno central \u201cproxectos, orzamentos e obras fundamentais\u201d no Corredor Atl\u00e1ntico - PP de Galicia","og_description":"7, novembro, 2022. O Grupo Parlamentario Popular no Senado presentar\u00e1 proximamente unha moci\u00f3n na C\u00e1mara Alta para demandar ao Goberno central a inclusi\u00f3n do noroeste peninsular no mapa de autopistas ferroviarias, a creaci\u00f3n dun plan estrat\u00e9xico do Corredor Atl\u00e1ntico e o nomeamento do comisionado: \u201cEsixiremos proxectos, iniciativas, orzamentos e obras que son fundamentais. O Partido [&hellip;]","og_url":"https:\/\/ppdegalicia.com\/es\/o-partido-popular-presentara-unha-mocion-no-senado-para-esixir-ao-goberno-central-proxectos-orzamentos-e-obras-fundamentais-no-corredor-atlantico\/","og_site_name":"PP de Galicia","article_publisher":"https:\/\/www.instagram.com\/ppdegalicia\/","article_published_time":"2022-11-07T11:15:28+00:00","og_image":[{"width":2560,"height":1656,"url":"https:\/\/ppdegalicia.com\/wp-content\/uploads\/2022\/11\/946e42b2e90169640b177f50e4fe44a8-scaled.jpg","type":"image\/jpeg"}],"author":"ppdegaliciaredes","twitter_card":"summary_large_image","twitter_creator":"@ppdegalicia","twitter_site":"@ppdegalicia","twitter_misc":{"Escrito por":"ppdegaliciaredes","Tiempo de lectura":"4 minutos"},"schema":{"@context":"https:\/\/schema.org","@graph":[{"@type":"Article","@id":"https:\/\/ppdegalicia.com\/es\/o-partido-popular-presentara-unha-mocion-no-senado-para-esixir-ao-goberno-central-proxectos-orzamentos-e-obras-fundamentais-no-corredor-atlantico\/#article","isPartOf":{"@id":"https:\/\/ppdegalicia.com\/es\/o-partido-popular-presentara-unha-mocion-no-senado-para-esixir-ao-goberno-central-proxectos-orzamentos-e-obras-fundamentais-no-corredor-atlantico\/"},"author":{"name":"ppdegaliciaredes","@id":"https:\/\/ppdegalicia.com\/es\/#\/schema\/person\/5b822c6f59e872ebdd1142f307dbcb59"},"headline":"O Partido Popular presentar\u00e1 unha moci\u00f3n no Senado para esixir ao Goberno central \u201cproxectos, orzamentos e obras fundamentais\u201d no Corredor Atl\u00e1ntico","datePublished":"2022-11-07T11:15:28+00:00","mainEntityOfPage":{"@id":"https:\/\/ppdegalicia.com\/es\/o-partido-popular-presentara-unha-mocion-no-senado-para-esixir-ao-goberno-central-proxectos-orzamentos-e-obras-fundamentais-no-corredor-atlantico\/"},"wordCount":837,"commentCount":0,"publisher":{"@id":"https:\/\/ppdegalicia.com\/es\/#organization"},"image":{"@id":"https:\/\/ppdegalicia.com\/es\/o-partido-popular-presentara-unha-mocion-no-senado-para-esixir-ao-goberno-central-proxectos-orzamentos-e-obras-fundamentais-no-corredor-atlantico\/#primaryimage"},"thumbnailUrl":"https:\/\/ppdegalicia.com\/wp-content\/uploads\/2022\/11\/946e42b2e90169640b177f50e4fe44a8-scaled.jpg","articleSection":["PP de Galicia"],"inLanguage":"es","potentialAction":[{"@type":"CommentAction","name":"Comment","target":["https:\/\/ppdegalicia.com\/es\/o-partido-popular-presentara-unha-mocion-no-senado-para-esixir-ao-goberno-central-proxectos-orzamentos-e-obras-fundamentais-no-corredor-atlantico\/#respond"]}]},{"@type":"WebPage","@id":"https:\/\/ppdegalicia.com\/es\/o-partido-popular-presentara-unha-mocion-no-senado-para-esixir-ao-goberno-central-proxectos-orzamentos-e-obras-fundamentais-no-corredor-atlantico\/","url":"https:\/\/ppdegalicia.com\/es\/o-partido-popular-presentara-unha-mocion-no-senado-para-esixir-ao-goberno-central-proxectos-orzamentos-e-obras-fundamentais-no-corredor-atlantico\/","name":"O Partido Popular presentar\u00e1 unha moci\u00f3n no Senado para esixir ao Goberno central \u201cproxectos, orzamentos e obras fundamentais\u201d no Corredor Atl\u00e1ntico - PP de Galicia","isPartOf":{"@id":"https:\/\/ppdegalicia.com\/es\/#website"},"primaryImageOfPage":{"@id":"https:\/\/ppdegalicia.com\/es\/o-partido-popular-presentara-unha-mocion-no-senado-para-esixir-ao-goberno-central-proxectos-orzamentos-e-obras-fundamentais-no-corredor-atlantico\/#primaryimage"},"image":{"@id":"https:\/\/ppdegalicia.com\/es\/o-partido-popular-presentara-unha-mocion-no-senado-para-esixir-ao-goberno-central-proxectos-orzamentos-e-obras-fundamentais-no-corredor-atlantico\/#primaryimage"},"thumbnailUrl":"https:\/\/ppdegalicia.com\/wp-content\/uploads\/2022\/11\/946e42b2e90169640b177f50e4fe44a8-scaled.jpg","datePublished":"2022-11-07T11:15:28+00:00","breadcrumb":{"@id":"https:\/\/ppdegalicia.com\/es\/o-partido-popular-presentara-unha-mocion-no-senado-para-esixir-ao-goberno-central-proxectos-orzamentos-e-obras-fundamentais-no-corredor-atlantico\/#breadcrumb"},"inLanguage":"es","potentialAction":[{"@type":"ReadAction","target":["https:\/\/ppdegalicia.com\/es\/o-partido-popular-presentara-unha-mocion-no-senado-para-esixir-ao-goberno-central-proxectos-orzamentos-e-obras-fundamentais-no-corredor-atlantico\/"]}]},{"@type":"ImageObject","inLanguage":"es","@id":"https:\/\/ppdegalicia.com\/es\/o-partido-popular-presentara-unha-mocion-no-senado-para-esixir-ao-goberno-central-proxectos-orzamentos-e-obras-fundamentais-no-corredor-atlantico\/#primaryimage","url":"https:\/\/ppdegalicia.com\/wp-content\/uploads\/2022\/11\/946e42b2e90169640b177f50e4fe44a8-scaled.jpg","contentUrl":"https:\/\/ppdegalicia.com\/wp-content\/uploads\/2022\/11\/946e42b2e90169640b177f50e4fe44a8-scaled.jpg","width":2560,"height":1656},{"@type":"BreadcrumbList","@id":"https:\/\/ppdegalicia.com\/es\/o-partido-popular-presentara-unha-mocion-no-senado-para-esixir-ao-goberno-central-proxectos-orzamentos-e-obras-fundamentais-no-corredor-atlantico\/#breadcrumb","itemListElement":[{"@type":"ListItem","position":1,"name":"Portada","item":"https:\/\/ppdegalicia.com\/es\/"},{"@type":"ListItem","position":2,"name":"O Partido Popular presentar\u00e1 unha moci\u00f3n no Senado para esixir ao Goberno central \u201cproxectos, orzamentos e obras fundamentais\u201d no Corredor Atl\u00e1ntico"}]},{"@type":"WebSite","@id":"https:\/\/ppdegalicia.com\/es\/#website","url":"https:\/\/ppdegalicia.com\/es\/","name":"Partido Popular de Galicia","description":"Partido Popular de Galicia","publisher":{"@id":"https:\/\/ppdegalicia.com\/es\/#organization"},"alternateName":"PP de Galicia","potentialAction":[{"@type":"SearchAction","target":{"@type":"EntryPoint","urlTemplate":"https:\/\/ppdegalicia.com\/es\/?s={search_term_string}"},"query-input":{"@type":"PropertyValueSpecification","valueRequired":true,"valueName":"search_term_string"}}],"inLanguage":"es"},{"@type":"Organization","@id":"https:\/\/ppdegalicia.com\/es\/#organization","name":"Partido Popular de Galicia","alternateName":"PP de Galicia","url":"https:\/\/ppdegalicia.com\/es\/","logo":{"@type":"ImageObject","inLanguage":"es","@id":"https:\/\/ppdegalicia.com\/es\/#\/schema\/logo\/image\/","url":"https:\/\/ppdegalicia.com\/wp-content\/uploads\/2023\/04\/logoPP512.png","contentUrl":"https:\/\/ppdegalicia.com\/wp-content\/uploads\/2023\/04\/logoPP512.png","width":512,"height":512,"caption":"Partido Popular de Galicia"},"image":{"@id":"https:\/\/ppdegalicia.com\/es\/#\/schema\/logo\/image\/"},"sameAs":["https:\/\/www.instagram.com\/ppdegalicia\/","https:\/\/x.com\/ppdegalicia","https:\/\/www.tiktok.com\/@ppdegalicia","https:\/\/www.youtube.com\/user\/ppdegalicia"]},{"@type":"Person","@id":"https:\/\/ppdegalicia.com\/es\/#\/schema\/person\/5b822c6f59e872ebdd1142f307dbcb59","name":"ppdegaliciaredes","image":{"@type":"ImageObject","inLanguage":"es","@id":"https:\/\/secure.gravatar.com\/avatar\/3c9179cf0256d00c72a48d1f25783c58b6842cd56e85ef3a572881c8e28ccd59?s=96&d=mm&r=g","url":"https:\/\/secure.gravatar.com\/avatar\/3c9179cf0256d00c72a48d1f25783c58b6842cd56e85ef3a572881c8e28ccd59?s=96&d=mm&r=g","contentUrl":"https:\/\/secure.gravatar.com\/avatar\/3c9179cf0256d00c72a48d1f25783c58b6842cd56e85ef3a572881c8e28ccd59?s=96&d=mm&r=g","caption":"ppdegaliciaredes"},"url":"https:\/\/ppdegalicia.com\/es\/author\/ppdegaliciaredes\/"}]}},"_links":{"self":[{"href":"https:\/\/ppdegalicia.com\/es\/wp-json\/wp\/v2\/posts\/57595","targetHints":{"allow":["GET"]}}],"collection":[{"href":"https:\/\/ppdegalicia.com\/es\/wp-json\/wp\/v2\/posts"}],"about":[{"href":"https:\/\/ppdegalicia.com\/es\/wp-json\/wp\/v2\/types\/post"}],"author":[{"embeddable":true,"href":"https:\/\/ppdegalicia.com\/es\/wp-json\/wp\/v2\/users\/38"}],"replies":[{"embeddable":true,"href":"https:\/\/ppdegalicia.com\/es\/wp-json\/wp\/v2\/comments?post=57595"}],"version-history":[{"count":0,"href":"https:\/\/ppdegalicia.com\/es\/wp-json\/wp\/v2\/posts\/57595\/revisions"}],"wp:featuredmedia":[{"embeddable":true,"href":"https:\/\/ppdegalicia.com\/es\/wp-json\/wp\/v2\/media\/57594"}],"wp:attachment":[{"href":"https:\/\/ppdegalicia.com\/es\/wp-json\/wp\/v2\/media?parent=57595"}],"wp:term":[{"taxonomy":"category","embeddable":true,"href":"https:\/\/ppdegalicia.com\/es\/wp-json\/wp\/v2\/categories?post=57595"},{"taxonomy":"post_tag","embeddable":true,"href":"https:\/\/ppdegalicia.com\/es\/wp-json\/wp\/v2\/tags?post=57595"}],"curies":[{"name":"wp","href":"https:\/\/api.w.org\/{rel}","templated":true}]}}