{"id":57599,"date":"2022-11-08T11:25:08","date_gmt":"2022-11-08T09:25:08","guid":{"rendered":"https:\/\/ppdegalicia.com\/rueda-nin-a-provincia-nin-a-cidade-de-ourense-van-ser-alleas-ao-impulso-dos-orzamentos-da-xunta-mais-altos-da-historia\/"},"modified":"2022-11-08T11:25:08","modified_gmt":"2022-11-08T09:25:08","slug":"rueda-nin-a-provincia-nin-a-cidade-de-ourense-van-ser-alleas-ao-impulso-dos-orzamentos-da-xunta-mais-altos-da-historia","status":"publish","type":"post","link":"https:\/\/ppdegalicia.com\/es\/rueda-nin-a-provincia-nin-a-cidade-de-ourense-van-ser-alleas-ao-impulso-dos-orzamentos-da-xunta-mais-altos-da-historia\/","title":{"rendered":"Rueda: \u201cNin a provincia nin a cidade de Ourense van ser alleas ao impulso dos Orzamentos da Xunta m\u00e1is altos da historia\u201d"},"content":{"rendered":"<p><img fetchpriority=\"high\" decoding=\"async\" class=\" size-full wp-image-57598\" src=\"https:\/\/ppdegalicia.com\/wp-content\/uploads\/2022\/11\/a213905b35d0064cb4112a93575d5da9.jpg\" alt=\"\" width=\"2362\" height=\"1575\" srcset=\"https:\/\/ppdegalicia.com\/wp-content\/uploads\/2022\/11\/a213905b35d0064cb4112a93575d5da9.jpg 2362w, https:\/\/ppdegalicia.com\/wp-content\/uploads\/2022\/11\/a213905b35d0064cb4112a93575d5da9-300x200.jpg 300w, https:\/\/ppdegalicia.com\/wp-content\/uploads\/2022\/11\/a213905b35d0064cb4112a93575d5da9-1024x683.jpg 1024w, https:\/\/ppdegalicia.com\/wp-content\/uploads\/2022\/11\/a213905b35d0064cb4112a93575d5da9-768x512.jpg 768w, https:\/\/ppdegalicia.com\/wp-content\/uploads\/2022\/11\/a213905b35d0064cb4112a93575d5da9-1536x1024.jpg 1536w, https:\/\/ppdegalicia.com\/wp-content\/uploads\/2022\/11\/a213905b35d0064cb4112a93575d5da9-2048x1366.jpg 2048w\" sizes=\"(max-width: 2362px) 100vw, 2362px\" \/><\/p>\n<p>8 de novembro de 2022. O presidente do PPdeG reivindicou onte na Xunta Directiva Provincial de Ourense que os Orzamentos da Xunta para 2023 est\u00e1n pensados \u201cpara protexer a familias e empresas das incertezas\u201d e neste sentido asegurou que \u201cnin a provincia nin a cidade de Ourense van ser alleas ao impulso duns Orzamentos que son os m\u00e1is altos da historia e que se sincronizan con aquilo que queren os galegos\u201d.<\/p>\n<p><!--more--><\/p>\n<p>Afondando nesta idea, puxo en valor que as Contas do vindeiro ano supor\u00e1n \u201cm\u00e1is protecci\u00f3n e servizos p\u00fablicos, menos cargas e m\u00e1is futuro\u201d, xa que se dedicar\u00e1n \u201c3 de cada 4 euros a pol\u00edticas sociais\u201d, continuarase a senda das rebaixas fiscais e apostarase por \u201cm\u00e1is investimentos produtivos\u201d. Asegurou que o obxectivo do seu Goberno \u00e9 \u201cvelar polas econom\u00edas dom\u00e9sticas a empresariais\u201d porque \u201c\u00e9 preciso que todas superen nas mellores condici\u00f3ns este momento complexo\u201d<\/p>\n<p>\u201cGalicia necesita aos seus motores econ\u00f3micos e Ourense \u00e9 un deles\u201d, afirmou o presidente do PPdeG ao tempo que sosti\u00f1a que \u201cesta provincia ten moito que dicir en sectores estrat\u00e9xicos da Comunidade\u201d e que por iso os Orzamentos da Xunta para 2023 \u201ccren en Ourense\u201d<\/p>\n<p>Enumerando algunhas das actuaci\u00f3ns previstas nestas Contas, Rueda citou as melloras nos hospitais de Ourense, Ver\u00edn e O Barco, o novo centro de sa\u00fade integral de Ourense, o novo ambulatorio da R\u00faa, as apostas para o Pol\u00edgono de San Cibrao e a Tecn\u00f3pole, o Centro de Ciberseguridade, a recuperaci\u00f3n da fortaleza de Monterrei, o Parque Acu\u00e1tico de Pereiro ou a nova sede da Xunta<\/p>\n<p>\u201cCremos no benestar de Ourense e por iso apostamos ademais por iniciativas como o Centro de Atenci\u00f3n para Persoas con Discapacidade, por seguir levando as aldeas modelo ao rural e recuperando terras\u201d, engadiu ao tempo que reivindicaba que\u00a0\u201ca Xunta pode facer realidade todos estes obxectivos, un ano m\u00e1is, grazas a un modelo baseado na estabilidade, na planificaci\u00f3n e na xesti\u00f3n eficaz\u201d<\/p>\n<p>Rueda puxo en valor o traballo de Manuel Baltar \u00e1 fronte da Deputaci\u00f3n de Ourense, asegurando que se trata dunha \u201creceita \u00fatil que \u00e9 compartida\u201d e que debe \u201cestenderse a\u00ednda m\u00e1is nos concellos logo das elecci\u00f3ns municipais de maio do vindeiro ano\u201d<\/p>\n<p>En clave electoral, o l\u00edder dos populares galegos defendeu que o PP \u201c\u00e9 un partido de goberno que non ambiciona o poder polo poder, sen\u00f3n que sabe o que facer con el e quere empregalo para mellorar concellos que necesitan un novo impulso\u201d<\/p>\n<p><strong><u>\u00a0<\/u><\/strong><\/p>\n<p><strong>\u201cCABEZAS \u00c9 O CAMBIO A MELLOR, NAS FORMAS E NO FONDO\u201d<\/strong><\/p>\n<p>Refer\u00edndose a Ourense como un deses concellos que \u201cnecesitan un novo impulso\u201d, o presidente do PPdeG ensalzou a figura de Manuel Cabezas como candidato \u00e1 alcald\u00eda da cidade: \u201c\u00c9 o cambio a mellor. Nas formas e no fondo\u201d.<\/p>\n<p>Nesta mesma li\u00f1a, continuou dicindo que \u201cOurense precisa pasar p\u00e1xina dalgunhas actitudes que se cualifican por si mesmas\u201d e \u201cdar paso ao prestixio e a reputaci\u00f3n do que foi, e ser\u00e1 de novo a partir de maio, o seu mellor alcalde\u201d; facendo as\u00ed referencia a un Manuel Cabezas que na s\u00faa opini\u00f3n destaca por ter \u201cexperiencia, talante, capacidade e un proxecto ilusionante\u201d<\/p>\n<p>Rueda conclu\u00edu que o candidato do PP \u00e1 alcald\u00eda \u201cten todo o que precisa Ourense neste momento\u201d porque \u201cxa sabe como levar \u00e1 cidade a esa segunda transformaci\u00f3n que continuar\u00e1 a primeira, que leva a s\u00faa sinatura\u201d e animou ao partido a \u201ctraballar para que en maio te\u00f1a a maior\u00eda absoluta que lle falta para facelo realidade\u201d<\/p>\n<p>\u00a0<\/p>\n<p><strong>MANUEL BALTAR: \u201cO PP \u00c9 O PARTIDO DE OURENSE E DE GALICIA\u201d<\/strong><\/p>\n<p>O presidente provincial do PP de Ourense reivindicou que a formaci\u00f3n est\u00e1 \u201cpreparada para unha gran vitoria o vindeiro 28 de maio\u201d e anunciou que antes de que remate o ano ter\u00e1n \u201caos 92 cabezas de lista que traballar\u00e1n para conseguir a maior\u00eda absoluta na Deputaci\u00f3n e superar o r\u00e9cord hist\u00f3rico de alcald\u00edas\u201d. Enxalzando a Manuel Cabezas como \u201co mellor alcalde da historia de Ourense\u201d, Baltar prometeulle \u201ctraballo\u201d para que \u201cxunto ao seu equipo acometa a segunda gran transformaci\u00f3n da cidade para situala de novo \u00e1 vangarda de Galicia\u201d<\/p>\n<p>Reivindicou o l\u00edder dos populares oures\u00e1ns que \u201cO PP \u00e9 o partido de Ourense e o partido de Galicia, e nos esforzaremos cada d\u00eda para reforzar o noso potente liderado pol\u00edtico e seguir mellorando esta terra\u00bb e asegurou que\u00a0Alfonso Rueda \u00e9\u201co gran valedor de Ourense\u201d. Nas s\u00faas propias palabras: \u201cOurense contribuir\u00e1 \u00e1 quinta maior\u00eda absoluta consecutiva do PPdeG cun ourens\u00e1n, Alberto N\u00fa\u00f1ez Feij\u00f3o, presidindo Espa\u00f1a\u201d.<\/p>\n","protected":false},"excerpt":{"rendered":"<p>8 de novembro de 2022. O presidente do PPdeG reivindicou onte na Xunta Directiva Provincial de Ourense que os Orzamentos da Xunta para 2023 est\u00e1n pensados \u201cpara protexer a familias e empresas das incertezas\u201d e neste sentido asegurou que \u201cnin a provincia nin a cidade de Ourense van ser alleas ao impulso duns Orzamentos que [&hellip;]<\/p>\n","protected":false},"author":38,"featured_media":57598,"comment_status":"open","ping_status":"open","sticky":false,"template":"","format":"standard","meta":{"_acf_changed":false,"footnotes":""},"categories":[1],"tags":[],"class_list":["post-57599","post","type-post","status-publish","format-standard","has-post-thumbnail","hentry","category-pp-de-galicia"],"acf":[],"yoast_head":"<!-- This site is optimized with the Yoast SEO plugin v27.3 - https:\/\/yoast.com\/product\/yoast-seo-wordpress\/ -->\n<title>Rueda: \u201cNin a provincia nin a cidade de Ourense van ser alleas ao impulso dos Orzamentos da Xunta m\u00e1is altos da historia\u201d - PP de Galicia<\/title>\n<meta name=\"robots\" content=\"index, follow, max-snippet:-1, max-image-preview:large, max-video-preview:-1\" \/>\n<link rel=\"canonical\" href=\"https:\/\/ppdegalicia.com\/es\/rueda-nin-a-provincia-nin-a-cidade-de-ourense-van-ser-alleas-ao-impulso-dos-orzamentos-da-xunta-mais-altos-da-historia\/\" \/>\n<meta property=\"og:locale\" content=\"es_ES\" \/>\n<meta property=\"og:type\" content=\"article\" \/>\n<meta property=\"og:title\" content=\"Rueda: \u201cNin a provincia nin a cidade de Ourense van ser alleas ao impulso dos Orzamentos da Xunta m\u00e1is altos da historia\u201d - PP de Galicia\" \/>\n<meta property=\"og:description\" content=\"8 de novembro de 2022. O presidente do PPdeG reivindicou onte na Xunta Directiva Provincial de Ourense que os Orzamentos da Xunta para 2023 est\u00e1n pensados \u201cpara protexer a familias e empresas das incertezas\u201d e neste sentido asegurou que \u201cnin a provincia nin a cidade de Ourense van ser alleas ao impulso duns Orzamentos que [&hellip;]\" \/>\n<meta property=\"og:url\" content=\"https:\/\/ppdegalicia.com\/es\/rueda-nin-a-provincia-nin-a-cidade-de-ourense-van-ser-alleas-ao-impulso-dos-orzamentos-da-xunta-mais-altos-da-historia\/\" \/>\n<meta property=\"og:site_name\" content=\"PP de Galicia\" \/>\n<meta property=\"article:publisher\" content=\"https:\/\/www.instagram.com\/ppdegalicia\/\" \/>\n<meta property=\"article:published_time\" content=\"2022-11-08T09:25:08+00:00\" \/>\n<meta property=\"og:image\" content=\"https:\/\/ppdegalicia.com\/wp-content\/uploads\/2022\/11\/a213905b35d0064cb4112a93575d5da9-1024x683.jpg\" \/>\n\t<meta property=\"og:image:width\" content=\"1024\" \/>\n\t<meta property=\"og:image:height\" content=\"683\" \/>\n\t<meta property=\"og:image:type\" content=\"image\/jpeg\" \/>\n<meta name=\"author\" content=\"ppdegaliciaredes\" \/>\n<meta name=\"twitter:card\" content=\"summary_large_image\" \/>\n<meta name=\"twitter:creator\" content=\"@ppdegalicia\" \/>\n<meta name=\"twitter:site\" content=\"@ppdegalicia\" \/>\n<meta name=\"twitter:label1\" content=\"Escrito por\" \/>\n\t<meta name=\"twitter:data1\" content=\"ppdegaliciaredes\" \/>\n\t<meta name=\"twitter:label2\" content=\"Tiempo de lectura\" \/>\n\t<meta name=\"twitter:data2\" content=\"4 minutos\" \/>\n<script type=\"application\/ld+json\" class=\"yoast-schema-graph\">{\"@context\":\"https:\\\/\\\/schema.org\",\"@graph\":[{\"@type\":\"Article\",\"@id\":\"https:\\\/\\\/ppdegalicia.com\\\/es\\\/rueda-nin-a-provincia-nin-a-cidade-de-ourense-van-ser-alleas-ao-impulso-dos-orzamentos-da-xunta-mais-altos-da-historia\\\/#article\",\"isPartOf\":{\"@id\":\"https:\\\/\\\/ppdegalicia.com\\\/es\\\/rueda-nin-a-provincia-nin-a-cidade-de-ourense-van-ser-alleas-ao-impulso-dos-orzamentos-da-xunta-mais-altos-da-historia\\\/\"},\"author\":{\"name\":\"ppdegaliciaredes\",\"@id\":\"https:\\\/\\\/ppdegalicia.com\\\/es\\\/#\\\/schema\\\/person\\\/5b822c6f59e872ebdd1142f307dbcb59\"},\"headline\":\"Rueda: \u201cNin a provincia nin a cidade de Ourense van ser alleas ao impulso dos Orzamentos da Xunta m\u00e1is altos da historia\u201d\",\"datePublished\":\"2022-11-08T09:25:08+00:00\",\"mainEntityOfPage\":{\"@id\":\"https:\\\/\\\/ppdegalicia.com\\\/es\\\/rueda-nin-a-provincia-nin-a-cidade-de-ourense-van-ser-alleas-ao-impulso-dos-orzamentos-da-xunta-mais-altos-da-historia\\\/\"},\"wordCount\":801,\"commentCount\":0,\"publisher\":{\"@id\":\"https:\\\/\\\/ppdegalicia.com\\\/es\\\/#organization\"},\"image\":{\"@id\":\"https:\\\/\\\/ppdegalicia.com\\\/es\\\/rueda-nin-a-provincia-nin-a-cidade-de-ourense-van-ser-alleas-ao-impulso-dos-orzamentos-da-xunta-mais-altos-da-historia\\\/#primaryimage\"},\"thumbnailUrl\":\"https:\\\/\\\/ppdegalicia.com\\\/wp-content\\\/uploads\\\/2022\\\/11\\\/a213905b35d0064cb4112a93575d5da9.jpg\",\"articleSection\":[\"PP de Galicia\"],\"inLanguage\":\"es\",\"potentialAction\":[{\"@type\":\"CommentAction\",\"name\":\"Comment\",\"target\":[\"https:\\\/\\\/ppdegalicia.com\\\/es\\\/rueda-nin-a-provincia-nin-a-cidade-de-ourense-van-ser-alleas-ao-impulso-dos-orzamentos-da-xunta-mais-altos-da-historia\\\/#respond\"]}]},{\"@type\":\"WebPage\",\"@id\":\"https:\\\/\\\/ppdegalicia.com\\\/es\\\/rueda-nin-a-provincia-nin-a-cidade-de-ourense-van-ser-alleas-ao-impulso-dos-orzamentos-da-xunta-mais-altos-da-historia\\\/\",\"url\":\"https:\\\/\\\/ppdegalicia.com\\\/es\\\/rueda-nin-a-provincia-nin-a-cidade-de-ourense-van-ser-alleas-ao-impulso-dos-orzamentos-da-xunta-mais-altos-da-historia\\\/\",\"name\":\"Rueda: \u201cNin a provincia nin a cidade de Ourense van ser alleas ao impulso dos Orzamentos da Xunta m\u00e1is altos da historia\u201d - PP de Galicia\",\"isPartOf\":{\"@id\":\"https:\\\/\\\/ppdegalicia.com\\\/es\\\/#website\"},\"primaryImageOfPage\":{\"@id\":\"https:\\\/\\\/ppdegalicia.com\\\/es\\\/rueda-nin-a-provincia-nin-a-cidade-de-ourense-van-ser-alleas-ao-impulso-dos-orzamentos-da-xunta-mais-altos-da-historia\\\/#primaryimage\"},\"image\":{\"@id\":\"https:\\\/\\\/ppdegalicia.com\\\/es\\\/rueda-nin-a-provincia-nin-a-cidade-de-ourense-van-ser-alleas-ao-impulso-dos-orzamentos-da-xunta-mais-altos-da-historia\\\/#primaryimage\"},\"thumbnailUrl\":\"https:\\\/\\\/ppdegalicia.com\\\/wp-content\\\/uploads\\\/2022\\\/11\\\/a213905b35d0064cb4112a93575d5da9.jpg\",\"datePublished\":\"2022-11-08T09:25:08+00:00\",\"breadcrumb\":{\"@id\":\"https:\\\/\\\/ppdegalicia.com\\\/es\\\/rueda-nin-a-provincia-nin-a-cidade-de-ourense-van-ser-alleas-ao-impulso-dos-orzamentos-da-xunta-mais-altos-da-historia\\\/#breadcrumb\"},\"inLanguage\":\"es\",\"potentialAction\":[{\"@type\":\"ReadAction\",\"target\":[\"https:\\\/\\\/ppdegalicia.com\\\/es\\\/rueda-nin-a-provincia-nin-a-cidade-de-ourense-van-ser-alleas-ao-impulso-dos-orzamentos-da-xunta-mais-altos-da-historia\\\/\"]}]},{\"@type\":\"ImageObject\",\"inLanguage\":\"es\",\"@id\":\"https:\\\/\\\/ppdegalicia.com\\\/es\\\/rueda-nin-a-provincia-nin-a-cidade-de-ourense-van-ser-alleas-ao-impulso-dos-orzamentos-da-xunta-mais-altos-da-historia\\\/#primaryimage\",\"url\":\"https:\\\/\\\/ppdegalicia.com\\\/wp-content\\\/uploads\\\/2022\\\/11\\\/a213905b35d0064cb4112a93575d5da9.jpg\",\"contentUrl\":\"https:\\\/\\\/ppdegalicia.com\\\/wp-content\\\/uploads\\\/2022\\\/11\\\/a213905b35d0064cb4112a93575d5da9.jpg\",\"width\":2362,\"height\":1575},{\"@type\":\"BreadcrumbList\",\"@id\":\"https:\\\/\\\/ppdegalicia.com\\\/es\\\/rueda-nin-a-provincia-nin-a-cidade-de-ourense-van-ser-alleas-ao-impulso-dos-orzamentos-da-xunta-mais-altos-da-historia\\\/#breadcrumb\",\"itemListElement\":[{\"@type\":\"ListItem\",\"position\":1,\"name\":\"Portada\",\"item\":\"https:\\\/\\\/ppdegalicia.com\\\/es\\\/\"},{\"@type\":\"ListItem\",\"position\":2,\"name\":\"Rueda: \u201cNin a provincia nin a cidade de Ourense van ser alleas ao impulso dos Orzamentos da Xunta m\u00e1is altos da historia\u201d\"}]},{\"@type\":\"WebSite\",\"@id\":\"https:\\\/\\\/ppdegalicia.com\\\/es\\\/#website\",\"url\":\"https:\\\/\\\/ppdegalicia.com\\\/es\\\/\",\"name\":\"Partido Popular de Galicia\",\"description\":\"Partido Popular de Galicia\",\"publisher\":{\"@id\":\"https:\\\/\\\/ppdegalicia.com\\\/es\\\/#organization\"},\"alternateName\":\"PP de Galicia\",\"potentialAction\":[{\"@type\":\"SearchAction\",\"target\":{\"@type\":\"EntryPoint\",\"urlTemplate\":\"https:\\\/\\\/ppdegalicia.com\\\/es\\\/?s={search_term_string}\"},\"query-input\":{\"@type\":\"PropertyValueSpecification\",\"valueRequired\":true,\"valueName\":\"search_term_string\"}}],\"inLanguage\":\"es\"},{\"@type\":\"Organization\",\"@id\":\"https:\\\/\\\/ppdegalicia.com\\\/es\\\/#organization\",\"name\":\"Partido Popular de Galicia\",\"alternateName\":\"PP de Galicia\",\"url\":\"https:\\\/\\\/ppdegalicia.com\\\/es\\\/\",\"logo\":{\"@type\":\"ImageObject\",\"inLanguage\":\"es\",\"@id\":\"https:\\\/\\\/ppdegalicia.com\\\/es\\\/#\\\/schema\\\/logo\\\/image\\\/\",\"url\":\"https:\\\/\\\/ppdegalicia.com\\\/wp-content\\\/uploads\\\/2023\\\/04\\\/logoPP512.png\",\"contentUrl\":\"https:\\\/\\\/ppdegalicia.com\\\/wp-content\\\/uploads\\\/2023\\\/04\\\/logoPP512.png\",\"width\":512,\"height\":512,\"caption\":\"Partido Popular de Galicia\"},\"image\":{\"@id\":\"https:\\\/\\\/ppdegalicia.com\\\/es\\\/#\\\/schema\\\/logo\\\/image\\\/\"},\"sameAs\":[\"https:\\\/\\\/www.instagram.com\\\/ppdegalicia\\\/\",\"https:\\\/\\\/x.com\\\/ppdegalicia\",\"https:\\\/\\\/www.tiktok.com\\\/@ppdegalicia\",\"https:\\\/\\\/www.youtube.com\\\/user\\\/ppdegalicia\"]},{\"@type\":\"Person\",\"@id\":\"https:\\\/\\\/ppdegalicia.com\\\/es\\\/#\\\/schema\\\/person\\\/5b822c6f59e872ebdd1142f307dbcb59\",\"name\":\"ppdegaliciaredes\",\"image\":{\"@type\":\"ImageObject\",\"inLanguage\":\"es\",\"@id\":\"https:\\\/\\\/secure.gravatar.com\\\/avatar\\\/3c9179cf0256d00c72a48d1f25783c58b6842cd56e85ef3a572881c8e28ccd59?s=96&d=mm&r=g\",\"url\":\"https:\\\/\\\/secure.gravatar.com\\\/avatar\\\/3c9179cf0256d00c72a48d1f25783c58b6842cd56e85ef3a572881c8e28ccd59?s=96&d=mm&r=g\",\"contentUrl\":\"https:\\\/\\\/secure.gravatar.com\\\/avatar\\\/3c9179cf0256d00c72a48d1f25783c58b6842cd56e85ef3a572881c8e28ccd59?s=96&d=mm&r=g\",\"caption\":\"ppdegaliciaredes\"},\"url\":\"https:\\\/\\\/ppdegalicia.com\\\/es\\\/author\\\/ppdegaliciaredes\\\/\"}]}<\/script>\n<!-- \/ Yoast SEO plugin. -->","yoast_head_json":{"title":"Rueda: \u201cNin a provincia nin a cidade de Ourense van ser alleas ao impulso dos Orzamentos da Xunta m\u00e1is altos da historia\u201d - PP de Galicia","robots":{"index":"index","follow":"follow","max-snippet":"max-snippet:-1","max-image-preview":"max-image-preview:large","max-video-preview":"max-video-preview:-1"},"canonical":"https:\/\/ppdegalicia.com\/es\/rueda-nin-a-provincia-nin-a-cidade-de-ourense-van-ser-alleas-ao-impulso-dos-orzamentos-da-xunta-mais-altos-da-historia\/","og_locale":"es_ES","og_type":"article","og_title":"Rueda: \u201cNin a provincia nin a cidade de Ourense van ser alleas ao impulso dos Orzamentos da Xunta m\u00e1is altos da historia\u201d - PP de Galicia","og_description":"8 de novembro de 2022. O presidente do PPdeG reivindicou onte na Xunta Directiva Provincial de Ourense que os Orzamentos da Xunta para 2023 est\u00e1n pensados \u201cpara protexer a familias e empresas das incertezas\u201d e neste sentido asegurou que \u201cnin a provincia nin a cidade de Ourense van ser alleas ao impulso duns Orzamentos que [&hellip;]","og_url":"https:\/\/ppdegalicia.com\/es\/rueda-nin-a-provincia-nin-a-cidade-de-ourense-van-ser-alleas-ao-impulso-dos-orzamentos-da-xunta-mais-altos-da-historia\/","og_site_name":"PP de Galicia","article_publisher":"https:\/\/www.instagram.com\/ppdegalicia\/","article_published_time":"2022-11-08T09:25:08+00:00","og_image":[{"width":1024,"height":683,"url":"https:\/\/ppdegalicia.com\/wp-content\/uploads\/2022\/11\/a213905b35d0064cb4112a93575d5da9-1024x683.jpg","type":"image\/jpeg"}],"author":"ppdegaliciaredes","twitter_card":"summary_large_image","twitter_creator":"@ppdegalicia","twitter_site":"@ppdegalicia","twitter_misc":{"Escrito por":"ppdegaliciaredes","Tiempo de lectura":"4 minutos"},"schema":{"@context":"https:\/\/schema.org","@graph":[{"@type":"Article","@id":"https:\/\/ppdegalicia.com\/es\/rueda-nin-a-provincia-nin-a-cidade-de-ourense-van-ser-alleas-ao-impulso-dos-orzamentos-da-xunta-mais-altos-da-historia\/#article","isPartOf":{"@id":"https:\/\/ppdegalicia.com\/es\/rueda-nin-a-provincia-nin-a-cidade-de-ourense-van-ser-alleas-ao-impulso-dos-orzamentos-da-xunta-mais-altos-da-historia\/"},"author":{"name":"ppdegaliciaredes","@id":"https:\/\/ppdegalicia.com\/es\/#\/schema\/person\/5b822c6f59e872ebdd1142f307dbcb59"},"headline":"Rueda: \u201cNin a provincia nin a cidade de Ourense van ser alleas ao impulso dos Orzamentos da Xunta m\u00e1is altos da historia\u201d","datePublished":"2022-11-08T09:25:08+00:00","mainEntityOfPage":{"@id":"https:\/\/ppdegalicia.com\/es\/rueda-nin-a-provincia-nin-a-cidade-de-ourense-van-ser-alleas-ao-impulso-dos-orzamentos-da-xunta-mais-altos-da-historia\/"},"wordCount":801,"commentCount":0,"publisher":{"@id":"https:\/\/ppdegalicia.com\/es\/#organization"},"image":{"@id":"https:\/\/ppdegalicia.com\/es\/rueda-nin-a-provincia-nin-a-cidade-de-ourense-van-ser-alleas-ao-impulso-dos-orzamentos-da-xunta-mais-altos-da-historia\/#primaryimage"},"thumbnailUrl":"https:\/\/ppdegalicia.com\/wp-content\/uploads\/2022\/11\/a213905b35d0064cb4112a93575d5da9.jpg","articleSection":["PP de Galicia"],"inLanguage":"es","potentialAction":[{"@type":"CommentAction","name":"Comment","target":["https:\/\/ppdegalicia.com\/es\/rueda-nin-a-provincia-nin-a-cidade-de-ourense-van-ser-alleas-ao-impulso-dos-orzamentos-da-xunta-mais-altos-da-historia\/#respond"]}]},{"@type":"WebPage","@id":"https:\/\/ppdegalicia.com\/es\/rueda-nin-a-provincia-nin-a-cidade-de-ourense-van-ser-alleas-ao-impulso-dos-orzamentos-da-xunta-mais-altos-da-historia\/","url":"https:\/\/ppdegalicia.com\/es\/rueda-nin-a-provincia-nin-a-cidade-de-ourense-van-ser-alleas-ao-impulso-dos-orzamentos-da-xunta-mais-altos-da-historia\/","name":"Rueda: \u201cNin a provincia nin a cidade de Ourense van ser alleas ao impulso dos Orzamentos da Xunta m\u00e1is altos da historia\u201d - PP de Galicia","isPartOf":{"@id":"https:\/\/ppdegalicia.com\/es\/#website"},"primaryImageOfPage":{"@id":"https:\/\/ppdegalicia.com\/es\/rueda-nin-a-provincia-nin-a-cidade-de-ourense-van-ser-alleas-ao-impulso-dos-orzamentos-da-xunta-mais-altos-da-historia\/#primaryimage"},"image":{"@id":"https:\/\/ppdegalicia.com\/es\/rueda-nin-a-provincia-nin-a-cidade-de-ourense-van-ser-alleas-ao-impulso-dos-orzamentos-da-xunta-mais-altos-da-historia\/#primaryimage"},"thumbnailUrl":"https:\/\/ppdegalicia.com\/wp-content\/uploads\/2022\/11\/a213905b35d0064cb4112a93575d5da9.jpg","datePublished":"2022-11-08T09:25:08+00:00","breadcrumb":{"@id":"https:\/\/ppdegalicia.com\/es\/rueda-nin-a-provincia-nin-a-cidade-de-ourense-van-ser-alleas-ao-impulso-dos-orzamentos-da-xunta-mais-altos-da-historia\/#breadcrumb"},"inLanguage":"es","potentialAction":[{"@type":"ReadAction","target":["https:\/\/ppdegalicia.com\/es\/rueda-nin-a-provincia-nin-a-cidade-de-ourense-van-ser-alleas-ao-impulso-dos-orzamentos-da-xunta-mais-altos-da-historia\/"]}]},{"@type":"ImageObject","inLanguage":"es","@id":"https:\/\/ppdegalicia.com\/es\/rueda-nin-a-provincia-nin-a-cidade-de-ourense-van-ser-alleas-ao-impulso-dos-orzamentos-da-xunta-mais-altos-da-historia\/#primaryimage","url":"https:\/\/ppdegalicia.com\/wp-content\/uploads\/2022\/11\/a213905b35d0064cb4112a93575d5da9.jpg","contentUrl":"https:\/\/ppdegalicia.com\/wp-content\/uploads\/2022\/11\/a213905b35d0064cb4112a93575d5da9.jpg","width":2362,"height":1575},{"@type":"BreadcrumbList","@id":"https:\/\/ppdegalicia.com\/es\/rueda-nin-a-provincia-nin-a-cidade-de-ourense-van-ser-alleas-ao-impulso-dos-orzamentos-da-xunta-mais-altos-da-historia\/#breadcrumb","itemListElement":[{"@type":"ListItem","position":1,"name":"Portada","item":"https:\/\/ppdegalicia.com\/es\/"},{"@type":"ListItem","position":2,"name":"Rueda: \u201cNin a provincia nin a cidade de Ourense van ser alleas ao impulso dos Orzamentos da Xunta m\u00e1is altos da historia\u201d"}]},{"@type":"WebSite","@id":"https:\/\/ppdegalicia.com\/es\/#website","url":"https:\/\/ppdegalicia.com\/es\/","name":"Partido Popular de Galicia","description":"Partido Popular de Galicia","publisher":{"@id":"https:\/\/ppdegalicia.com\/es\/#organization"},"alternateName":"PP de Galicia","potentialAction":[{"@type":"SearchAction","target":{"@type":"EntryPoint","urlTemplate":"https:\/\/ppdegalicia.com\/es\/?s={search_term_string}"},"query-input":{"@type":"PropertyValueSpecification","valueRequired":true,"valueName":"search_term_string"}}],"inLanguage":"es"},{"@type":"Organization","@id":"https:\/\/ppdegalicia.com\/es\/#organization","name":"Partido Popular de Galicia","alternateName":"PP de Galicia","url":"https:\/\/ppdegalicia.com\/es\/","logo":{"@type":"ImageObject","inLanguage":"es","@id":"https:\/\/ppdegalicia.com\/es\/#\/schema\/logo\/image\/","url":"https:\/\/ppdegalicia.com\/wp-content\/uploads\/2023\/04\/logoPP512.png","contentUrl":"https:\/\/ppdegalicia.com\/wp-content\/uploads\/2023\/04\/logoPP512.png","width":512,"height":512,"caption":"Partido Popular de Galicia"},"image":{"@id":"https:\/\/ppdegalicia.com\/es\/#\/schema\/logo\/image\/"},"sameAs":["https:\/\/www.instagram.com\/ppdegalicia\/","https:\/\/x.com\/ppdegalicia","https:\/\/www.tiktok.com\/@ppdegalicia","https:\/\/www.youtube.com\/user\/ppdegalicia"]},{"@type":"Person","@id":"https:\/\/ppdegalicia.com\/es\/#\/schema\/person\/5b822c6f59e872ebdd1142f307dbcb59","name":"ppdegaliciaredes","image":{"@type":"ImageObject","inLanguage":"es","@id":"https:\/\/secure.gravatar.com\/avatar\/3c9179cf0256d00c72a48d1f25783c58b6842cd56e85ef3a572881c8e28ccd59?s=96&d=mm&r=g","url":"https:\/\/secure.gravatar.com\/avatar\/3c9179cf0256d00c72a48d1f25783c58b6842cd56e85ef3a572881c8e28ccd59?s=96&d=mm&r=g","contentUrl":"https:\/\/secure.gravatar.com\/avatar\/3c9179cf0256d00c72a48d1f25783c58b6842cd56e85ef3a572881c8e28ccd59?s=96&d=mm&r=g","caption":"ppdegaliciaredes"},"url":"https:\/\/ppdegalicia.com\/es\/author\/ppdegaliciaredes\/"}]}},"_links":{"self":[{"href":"https:\/\/ppdegalicia.com\/es\/wp-json\/wp\/v2\/posts\/57599","targetHints":{"allow":["GET"]}}],"collection":[{"href":"https:\/\/ppdegalicia.com\/es\/wp-json\/wp\/v2\/posts"}],"about":[{"href":"https:\/\/ppdegalicia.com\/es\/wp-json\/wp\/v2\/types\/post"}],"author":[{"embeddable":true,"href":"https:\/\/ppdegalicia.com\/es\/wp-json\/wp\/v2\/users\/38"}],"replies":[{"embeddable":true,"href":"https:\/\/ppdegalicia.com\/es\/wp-json\/wp\/v2\/comments?post=57599"}],"version-history":[{"count":0,"href":"https:\/\/ppdegalicia.com\/es\/wp-json\/wp\/v2\/posts\/57599\/revisions"}],"wp:featuredmedia":[{"embeddable":true,"href":"https:\/\/ppdegalicia.com\/es\/wp-json\/wp\/v2\/media\/57598"}],"wp:attachment":[{"href":"https:\/\/ppdegalicia.com\/es\/wp-json\/wp\/v2\/media?parent=57599"}],"wp:term":[{"taxonomy":"category","embeddable":true,"href":"https:\/\/ppdegalicia.com\/es\/wp-json\/wp\/v2\/categories?post=57599"},{"taxonomy":"post_tag","embeddable":true,"href":"https:\/\/ppdegalicia.com\/es\/wp-json\/wp\/v2\/tags?post=57599"}],"curies":[{"name":"wp","href":"https:\/\/api.w.org\/{rel}","templated":true}]}}