{"id":57615,"date":"2022-11-09T15:41:00","date_gmt":"2022-11-09T13:41:00","guid":{"rendered":"https:\/\/ppdegalicia.com\/o-parlamento-de-galicia-pide-ao-goberno-central-que-avance-na-modernizacion-dos-treitos-ferroviarios-entre-vigo-e-porto\/"},"modified":"2022-11-09T15:41:00","modified_gmt":"2022-11-09T13:41:00","slug":"o-parlamento-de-galicia-pide-ao-goberno-central-que-avance-na-modernizacion-dos-treitos-ferroviarios-entre-vigo-e-porto","status":"publish","type":"post","link":"https:\/\/ppdegalicia.com\/es\/o-parlamento-de-galicia-pide-ao-goberno-central-que-avance-na-modernizacion-dos-treitos-ferroviarios-entre-vigo-e-porto\/","title":{"rendered":"O Parlamento de Galicia pide ao Goberno central que avance na modernizaci\u00f3n dos treitos ferroviarios entre Vigo e Porto"},"content":{"rendered":"<p><img fetchpriority=\"high\" decoding=\"async\" class=\" size-full wp-image-57614\" src=\"https:\/\/ppdegalicia.com\/wp-content\/uploads\/2022\/11\/6bf8872da6a9ac7b58205a7deb0ba0d5.jpg\" alt=\"\" width=\"1900\" height=\"1267\" srcset=\"https:\/\/ppdegalicia.com\/wp-content\/uploads\/2022\/11\/6bf8872da6a9ac7b58205a7deb0ba0d5.jpg 1900w, https:\/\/ppdegalicia.com\/wp-content\/uploads\/2022\/11\/6bf8872da6a9ac7b58205a7deb0ba0d5-300x200.jpg 300w, https:\/\/ppdegalicia.com\/wp-content\/uploads\/2022\/11\/6bf8872da6a9ac7b58205a7deb0ba0d5-1024x683.jpg 1024w, https:\/\/ppdegalicia.com\/wp-content\/uploads\/2022\/11\/6bf8872da6a9ac7b58205a7deb0ba0d5-768x512.jpg 768w, https:\/\/ppdegalicia.com\/wp-content\/uploads\/2022\/11\/6bf8872da6a9ac7b58205a7deb0ba0d5-1536x1024.jpg 1536w\" sizes=\"(max-width: 1900px) 100vw, 1900px\" \/><\/p>\n<p>9 de novembro de 2022. O Parlamento de Galicia aprobou hoxe por unanimidade a proposici\u00f3n non de lei do Grupo Popular a trav\u00e9s da que se solicita ao Goberno de Espa\u00f1a que avance, de xeito inequ\u00edvoco, na modernizaci\u00f3n dos treitos ferroviarios Vigo-O Porri\u00f1o e O Porri\u00f1o-fronteira portuguesa, tanto no \u00e1mbito administrativo como orzamentario, empezando por inclu\u00edr partidas con esta fin nas contas de 2023, que permita acompasar os tempos \u00e1 planificaci\u00f3n prevista polo Goberno de Portugal e que fixa en 2030 a chegada do AVE a Valen\u00e7a.<\/p>\n<p><!--more--><\/p>\n<p>As\u00ed mesmo, p\u00eddese que inicie as negociaci\u00f3n co Goberno portugu\u00e9s para subscribir o acordo entre os dous pa\u00edses que permita constru\u00edr a necesaria nova ponte internacional ferroviaria.<\/p>\n<p>\u00a0<\/p>\n<p>A deputada popular Teresa Egerique lembrou que o Goberno galego \u201cleva moito tempo requirindo ao Goberno central que estableza unha planificaci\u00f3n completa de obras e de investimentos para desenvolver as actuaci\u00f3ns e os orzamentos necesarios para acometer esta infraestrutura ferroviaria, principiando pola sa\u00edda sur de Vigo\u201d. \u201cNeste sentido, tam\u00e9n leva moito pedindo ao Goberno de Espa\u00f1a que defina o Plan Director do Corredor Atl\u00e1ntico e que aproveite a oportunidade \u00fanica que sup\u00f3n a inclusi\u00f3n de Galicia no trazado do Corredor Atl\u00e1ntico Europeo e o acceso ao financiamento europeo para impulsar esta infraestrutura\u201d, apuntou.<\/p>\n<p>\u00a0<\/p>\n<p><strong>MULTIPLICAR A COMPETITIVIDADE<\/strong><\/p>\n<p>\u00a0<\/p>\n<p>\u201cA sa\u00edda sur de Vigo permitir\u00eda multiplicar a competitividade do Porto de Vigo, fortalecer\u00eda a Eurorrexi\u00f3n e posibilitar\u00eda acurtar o tempo de viaxe entre as cidades de Vigo e Porto en 22 minutos no lado galego\u201d, indicou a deputada popular, quen engadiu que \u201cser\u00eda un primeiro paso no obxectivo dunha conexi\u00f3n completa en alta velocidade entre estas cidades que reduza o percorrido desde as 2 horas e 20 minutos actuais a menos de 1 hora\u201d.<\/p>\n<p>\u00a0<\/p>\n<p>Teresa Egerique incidiu que, \u201cademais do fluxo de persoas entre os dous territorios que captar\u00eda o tren de alta velocidade, a modernizaci\u00f3n das conexi\u00f3ns ferroviarias far\u00edan posible converter a Galicia nun nodo internacional do transporte de mercador\u00edas no noroeste peninsular, conectado con Am\u00e9rica e tam\u00e9n con Portugal\u201d.<\/p>\n<p>\u00a0<\/p>\n<p>Por\u00e9n, Egerique lamentou que o \u201cresultado decepcionante\u201d do Cumio Ib\u00e9rico celebrado o pasado 4 de novembro en Viana do Castelo, no que \u201co Presidente Pedro S\u00e1nchez deixou claro que avanzar nesta infraestrutura non \u00e9 un asunto do seu interese nin prioritario na s\u00faa acci\u00f3n de goberno\u201d. \u201cO \u00fanico que escoitamos foi un compromiso de palabra, pero nada de feitos ou realidades, quedando claro que, mentres para o Goberno portugu\u00e9s e para o Goberno de Galicia o AVE Vigo-Porto si \u00e9 unha prioridade, non o considera as\u00ed o Goberno de Espa\u00f1a\u201d, indicou.<\/p>\n<p>\u00a0<\/p>\n<p>A deputada popular manifestou que \u201co \u00fanico que temos agora \u00e9 unha partida insignificante de menos de 30.000 euros no proxecto de orzamentos do Estado para 2023, sen compromisos plurianuais que permitan avanzar nunha infraestrutura estrat\u00e9xica para Galicia e o norte de Portugal\u201d.<\/p>\n","protected":false},"excerpt":{"rendered":"<p>9 de novembro de 2022. O Parlamento de Galicia aprobou hoxe por unanimidade a proposici\u00f3n non de lei do Grupo Popular a trav\u00e9s da que se solicita ao Goberno de Espa\u00f1a que avance, de xeito inequ\u00edvoco, na modernizaci\u00f3n dos treitos ferroviarios Vigo-O Porri\u00f1o e O Porri\u00f1o-fronteira portuguesa, tanto no \u00e1mbito administrativo como orzamentario, empezando por [&hellip;]<\/p>\n","protected":false},"author":38,"featured_media":57614,"comment_status":"open","ping_status":"open","sticky":false,"template":"","format":"standard","meta":{"_acf_changed":false,"footnotes":""},"categories":[1],"tags":[],"class_list":["post-57615","post","type-post","status-publish","format-standard","has-post-thumbnail","hentry","category-pp-de-galicia"],"acf":[],"yoast_head":"<!-- This site is optimized with the Yoast SEO plugin v27.3 - https:\/\/yoast.com\/product\/yoast-seo-wordpress\/ -->\n<title>O Parlamento de Galicia pide ao Goberno central que avance na modernizaci\u00f3n dos treitos ferroviarios entre Vigo e Porto - PP de Galicia<\/title>\n<meta name=\"robots\" content=\"index, follow, max-snippet:-1, max-image-preview:large, max-video-preview:-1\" \/>\n<link rel=\"canonical\" href=\"https:\/\/ppdegalicia.com\/es\/o-parlamento-de-galicia-pide-ao-goberno-central-que-avance-na-modernizacion-dos-treitos-ferroviarios-entre-vigo-e-porto\/\" \/>\n<meta property=\"og:locale\" content=\"es_ES\" \/>\n<meta property=\"og:type\" content=\"article\" \/>\n<meta property=\"og:title\" content=\"O Parlamento de Galicia pide ao Goberno central que avance na modernizaci\u00f3n dos treitos ferroviarios entre Vigo e Porto - PP de Galicia\" \/>\n<meta property=\"og:description\" content=\"9 de novembro de 2022. O Parlamento de Galicia aprobou hoxe por unanimidade a proposici\u00f3n non de lei do Grupo Popular a trav\u00e9s da que se solicita ao Goberno de Espa\u00f1a que avance, de xeito inequ\u00edvoco, na modernizaci\u00f3n dos treitos ferroviarios Vigo-O Porri\u00f1o e O Porri\u00f1o-fronteira portuguesa, tanto no \u00e1mbito administrativo como orzamentario, empezando por [&hellip;]\" \/>\n<meta property=\"og:url\" content=\"https:\/\/ppdegalicia.com\/es\/o-parlamento-de-galicia-pide-ao-goberno-central-que-avance-na-modernizacion-dos-treitos-ferroviarios-entre-vigo-e-porto\/\" \/>\n<meta property=\"og:site_name\" content=\"PP de Galicia\" \/>\n<meta property=\"article:publisher\" content=\"https:\/\/www.instagram.com\/ppdegalicia\/\" \/>\n<meta property=\"article:published_time\" content=\"2022-11-09T13:41:00+00:00\" \/>\n<meta property=\"og:image\" content=\"https:\/\/ppdegalicia.com\/wp-content\/uploads\/2022\/11\/6bf8872da6a9ac7b58205a7deb0ba0d5.jpg\" \/>\n\t<meta property=\"og:image:width\" content=\"1900\" \/>\n\t<meta property=\"og:image:height\" content=\"1267\" \/>\n\t<meta property=\"og:image:type\" content=\"image\/jpeg\" \/>\n<meta name=\"author\" content=\"ppdegaliciaredes\" \/>\n<meta name=\"twitter:card\" content=\"summary_large_image\" \/>\n<meta name=\"twitter:creator\" content=\"@ppdegalicia\" \/>\n<meta name=\"twitter:site\" content=\"@ppdegalicia\" \/>\n<meta name=\"twitter:label1\" content=\"Escrito por\" \/>\n\t<meta name=\"twitter:data1\" content=\"ppdegaliciaredes\" \/>\n\t<meta name=\"twitter:label2\" content=\"Tiempo de lectura\" \/>\n\t<meta name=\"twitter:data2\" content=\"2 minutos\" \/>\n<script type=\"application\/ld+json\" class=\"yoast-schema-graph\">{\"@context\":\"https:\\\/\\\/schema.org\",\"@graph\":[{\"@type\":\"Article\",\"@id\":\"https:\\\/\\\/ppdegalicia.com\\\/es\\\/o-parlamento-de-galicia-pide-ao-goberno-central-que-avance-na-modernizacion-dos-treitos-ferroviarios-entre-vigo-e-porto\\\/#article\",\"isPartOf\":{\"@id\":\"https:\\\/\\\/ppdegalicia.com\\\/es\\\/o-parlamento-de-galicia-pide-ao-goberno-central-que-avance-na-modernizacion-dos-treitos-ferroviarios-entre-vigo-e-porto\\\/\"},\"author\":{\"name\":\"ppdegaliciaredes\",\"@id\":\"https:\\\/\\\/ppdegalicia.com\\\/es\\\/#\\\/schema\\\/person\\\/5b822c6f59e872ebdd1142f307dbcb59\"},\"headline\":\"O Parlamento de Galicia pide ao Goberno central que avance na modernizaci\u00f3n dos treitos ferroviarios entre Vigo e Porto\",\"datePublished\":\"2022-11-09T13:41:00+00:00\",\"mainEntityOfPage\":{\"@id\":\"https:\\\/\\\/ppdegalicia.com\\\/es\\\/o-parlamento-de-galicia-pide-ao-goberno-central-que-avance-na-modernizacion-dos-treitos-ferroviarios-entre-vigo-e-porto\\\/\"},\"wordCount\":517,\"commentCount\":0,\"publisher\":{\"@id\":\"https:\\\/\\\/ppdegalicia.com\\\/es\\\/#organization\"},\"image\":{\"@id\":\"https:\\\/\\\/ppdegalicia.com\\\/es\\\/o-parlamento-de-galicia-pide-ao-goberno-central-que-avance-na-modernizacion-dos-treitos-ferroviarios-entre-vigo-e-porto\\\/#primaryimage\"},\"thumbnailUrl\":\"https:\\\/\\\/ppdegalicia.com\\\/wp-content\\\/uploads\\\/2022\\\/11\\\/6bf8872da6a9ac7b58205a7deb0ba0d5.jpg\",\"articleSection\":[\"PP de Galicia\"],\"inLanguage\":\"es\",\"potentialAction\":[{\"@type\":\"CommentAction\",\"name\":\"Comment\",\"target\":[\"https:\\\/\\\/ppdegalicia.com\\\/es\\\/o-parlamento-de-galicia-pide-ao-goberno-central-que-avance-na-modernizacion-dos-treitos-ferroviarios-entre-vigo-e-porto\\\/#respond\"]}]},{\"@type\":\"WebPage\",\"@id\":\"https:\\\/\\\/ppdegalicia.com\\\/es\\\/o-parlamento-de-galicia-pide-ao-goberno-central-que-avance-na-modernizacion-dos-treitos-ferroviarios-entre-vigo-e-porto\\\/\",\"url\":\"https:\\\/\\\/ppdegalicia.com\\\/es\\\/o-parlamento-de-galicia-pide-ao-goberno-central-que-avance-na-modernizacion-dos-treitos-ferroviarios-entre-vigo-e-porto\\\/\",\"name\":\"O Parlamento de Galicia pide ao Goberno central que avance na modernizaci\u00f3n dos treitos ferroviarios entre Vigo e Porto - PP de Galicia\",\"isPartOf\":{\"@id\":\"https:\\\/\\\/ppdegalicia.com\\\/es\\\/#website\"},\"primaryImageOfPage\":{\"@id\":\"https:\\\/\\\/ppdegalicia.com\\\/es\\\/o-parlamento-de-galicia-pide-ao-goberno-central-que-avance-na-modernizacion-dos-treitos-ferroviarios-entre-vigo-e-porto\\\/#primaryimage\"},\"image\":{\"@id\":\"https:\\\/\\\/ppdegalicia.com\\\/es\\\/o-parlamento-de-galicia-pide-ao-goberno-central-que-avance-na-modernizacion-dos-treitos-ferroviarios-entre-vigo-e-porto\\\/#primaryimage\"},\"thumbnailUrl\":\"https:\\\/\\\/ppdegalicia.com\\\/wp-content\\\/uploads\\\/2022\\\/11\\\/6bf8872da6a9ac7b58205a7deb0ba0d5.jpg\",\"datePublished\":\"2022-11-09T13:41:00+00:00\",\"breadcrumb\":{\"@id\":\"https:\\\/\\\/ppdegalicia.com\\\/es\\\/o-parlamento-de-galicia-pide-ao-goberno-central-que-avance-na-modernizacion-dos-treitos-ferroviarios-entre-vigo-e-porto\\\/#breadcrumb\"},\"inLanguage\":\"es\",\"potentialAction\":[{\"@type\":\"ReadAction\",\"target\":[\"https:\\\/\\\/ppdegalicia.com\\\/es\\\/o-parlamento-de-galicia-pide-ao-goberno-central-que-avance-na-modernizacion-dos-treitos-ferroviarios-entre-vigo-e-porto\\\/\"]}]},{\"@type\":\"ImageObject\",\"inLanguage\":\"es\",\"@id\":\"https:\\\/\\\/ppdegalicia.com\\\/es\\\/o-parlamento-de-galicia-pide-ao-goberno-central-que-avance-na-modernizacion-dos-treitos-ferroviarios-entre-vigo-e-porto\\\/#primaryimage\",\"url\":\"https:\\\/\\\/ppdegalicia.com\\\/wp-content\\\/uploads\\\/2022\\\/11\\\/6bf8872da6a9ac7b58205a7deb0ba0d5.jpg\",\"contentUrl\":\"https:\\\/\\\/ppdegalicia.com\\\/wp-content\\\/uploads\\\/2022\\\/11\\\/6bf8872da6a9ac7b58205a7deb0ba0d5.jpg\",\"width\":1900,\"height\":1267},{\"@type\":\"BreadcrumbList\",\"@id\":\"https:\\\/\\\/ppdegalicia.com\\\/es\\\/o-parlamento-de-galicia-pide-ao-goberno-central-que-avance-na-modernizacion-dos-treitos-ferroviarios-entre-vigo-e-porto\\\/#breadcrumb\",\"itemListElement\":[{\"@type\":\"ListItem\",\"position\":1,\"name\":\"Portada\",\"item\":\"https:\\\/\\\/ppdegalicia.com\\\/es\\\/\"},{\"@type\":\"ListItem\",\"position\":2,\"name\":\"O Parlamento de Galicia pide ao Goberno central que avance na modernizaci\u00f3n dos treitos ferroviarios entre Vigo e Porto\"}]},{\"@type\":\"WebSite\",\"@id\":\"https:\\\/\\\/ppdegalicia.com\\\/es\\\/#website\",\"url\":\"https:\\\/\\\/ppdegalicia.com\\\/es\\\/\",\"name\":\"Partido Popular de Galicia\",\"description\":\"Partido Popular de Galicia\",\"publisher\":{\"@id\":\"https:\\\/\\\/ppdegalicia.com\\\/es\\\/#organization\"},\"alternateName\":\"PP de Galicia\",\"potentialAction\":[{\"@type\":\"SearchAction\",\"target\":{\"@type\":\"EntryPoint\",\"urlTemplate\":\"https:\\\/\\\/ppdegalicia.com\\\/es\\\/?s={search_term_string}\"},\"query-input\":{\"@type\":\"PropertyValueSpecification\",\"valueRequired\":true,\"valueName\":\"search_term_string\"}}],\"inLanguage\":\"es\"},{\"@type\":\"Organization\",\"@id\":\"https:\\\/\\\/ppdegalicia.com\\\/es\\\/#organization\",\"name\":\"Partido Popular de Galicia\",\"alternateName\":\"PP de Galicia\",\"url\":\"https:\\\/\\\/ppdegalicia.com\\\/es\\\/\",\"logo\":{\"@type\":\"ImageObject\",\"inLanguage\":\"es\",\"@id\":\"https:\\\/\\\/ppdegalicia.com\\\/es\\\/#\\\/schema\\\/logo\\\/image\\\/\",\"url\":\"https:\\\/\\\/ppdegalicia.com\\\/wp-content\\\/uploads\\\/2023\\\/04\\\/logoPP512.png\",\"contentUrl\":\"https:\\\/\\\/ppdegalicia.com\\\/wp-content\\\/uploads\\\/2023\\\/04\\\/logoPP512.png\",\"width\":512,\"height\":512,\"caption\":\"Partido Popular de Galicia\"},\"image\":{\"@id\":\"https:\\\/\\\/ppdegalicia.com\\\/es\\\/#\\\/schema\\\/logo\\\/image\\\/\"},\"sameAs\":[\"https:\\\/\\\/www.instagram.com\\\/ppdegalicia\\\/\",\"https:\\\/\\\/x.com\\\/ppdegalicia\",\"https:\\\/\\\/www.tiktok.com\\\/@ppdegalicia\",\"https:\\\/\\\/www.youtube.com\\\/user\\\/ppdegalicia\"]},{\"@type\":\"Person\",\"@id\":\"https:\\\/\\\/ppdegalicia.com\\\/es\\\/#\\\/schema\\\/person\\\/5b822c6f59e872ebdd1142f307dbcb59\",\"name\":\"ppdegaliciaredes\",\"image\":{\"@type\":\"ImageObject\",\"inLanguage\":\"es\",\"@id\":\"https:\\\/\\\/secure.gravatar.com\\\/avatar\\\/3c9179cf0256d00c72a48d1f25783c58b6842cd56e85ef3a572881c8e28ccd59?s=96&d=mm&r=g\",\"url\":\"https:\\\/\\\/secure.gravatar.com\\\/avatar\\\/3c9179cf0256d00c72a48d1f25783c58b6842cd56e85ef3a572881c8e28ccd59?s=96&d=mm&r=g\",\"contentUrl\":\"https:\\\/\\\/secure.gravatar.com\\\/avatar\\\/3c9179cf0256d00c72a48d1f25783c58b6842cd56e85ef3a572881c8e28ccd59?s=96&d=mm&r=g\",\"caption\":\"ppdegaliciaredes\"},\"url\":\"https:\\\/\\\/ppdegalicia.com\\\/es\\\/author\\\/ppdegaliciaredes\\\/\"}]}<\/script>\n<!-- \/ Yoast SEO plugin. -->","yoast_head_json":{"title":"O Parlamento de Galicia pide ao Goberno central que avance na modernizaci\u00f3n dos treitos ferroviarios entre Vigo e Porto - PP de Galicia","robots":{"index":"index","follow":"follow","max-snippet":"max-snippet:-1","max-image-preview":"max-image-preview:large","max-video-preview":"max-video-preview:-1"},"canonical":"https:\/\/ppdegalicia.com\/es\/o-parlamento-de-galicia-pide-ao-goberno-central-que-avance-na-modernizacion-dos-treitos-ferroviarios-entre-vigo-e-porto\/","og_locale":"es_ES","og_type":"article","og_title":"O Parlamento de Galicia pide ao Goberno central que avance na modernizaci\u00f3n dos treitos ferroviarios entre Vigo e Porto - PP de Galicia","og_description":"9 de novembro de 2022. O Parlamento de Galicia aprobou hoxe por unanimidade a proposici\u00f3n non de lei do Grupo Popular a trav\u00e9s da que se solicita ao Goberno de Espa\u00f1a que avance, de xeito inequ\u00edvoco, na modernizaci\u00f3n dos treitos ferroviarios Vigo-O Porri\u00f1o e O Porri\u00f1o-fronteira portuguesa, tanto no \u00e1mbito administrativo como orzamentario, empezando por [&hellip;]","og_url":"https:\/\/ppdegalicia.com\/es\/o-parlamento-de-galicia-pide-ao-goberno-central-que-avance-na-modernizacion-dos-treitos-ferroviarios-entre-vigo-e-porto\/","og_site_name":"PP de Galicia","article_publisher":"https:\/\/www.instagram.com\/ppdegalicia\/","article_published_time":"2022-11-09T13:41:00+00:00","og_image":[{"width":1900,"height":1267,"url":"https:\/\/ppdegalicia.com\/wp-content\/uploads\/2022\/11\/6bf8872da6a9ac7b58205a7deb0ba0d5.jpg","type":"image\/jpeg"}],"author":"ppdegaliciaredes","twitter_card":"summary_large_image","twitter_creator":"@ppdegalicia","twitter_site":"@ppdegalicia","twitter_misc":{"Escrito por":"ppdegaliciaredes","Tiempo de lectura":"2 minutos"},"schema":{"@context":"https:\/\/schema.org","@graph":[{"@type":"Article","@id":"https:\/\/ppdegalicia.com\/es\/o-parlamento-de-galicia-pide-ao-goberno-central-que-avance-na-modernizacion-dos-treitos-ferroviarios-entre-vigo-e-porto\/#article","isPartOf":{"@id":"https:\/\/ppdegalicia.com\/es\/o-parlamento-de-galicia-pide-ao-goberno-central-que-avance-na-modernizacion-dos-treitos-ferroviarios-entre-vigo-e-porto\/"},"author":{"name":"ppdegaliciaredes","@id":"https:\/\/ppdegalicia.com\/es\/#\/schema\/person\/5b822c6f59e872ebdd1142f307dbcb59"},"headline":"O Parlamento de Galicia pide ao Goberno central que avance na modernizaci\u00f3n dos treitos ferroviarios entre Vigo e Porto","datePublished":"2022-11-09T13:41:00+00:00","mainEntityOfPage":{"@id":"https:\/\/ppdegalicia.com\/es\/o-parlamento-de-galicia-pide-ao-goberno-central-que-avance-na-modernizacion-dos-treitos-ferroviarios-entre-vigo-e-porto\/"},"wordCount":517,"commentCount":0,"publisher":{"@id":"https:\/\/ppdegalicia.com\/es\/#organization"},"image":{"@id":"https:\/\/ppdegalicia.com\/es\/o-parlamento-de-galicia-pide-ao-goberno-central-que-avance-na-modernizacion-dos-treitos-ferroviarios-entre-vigo-e-porto\/#primaryimage"},"thumbnailUrl":"https:\/\/ppdegalicia.com\/wp-content\/uploads\/2022\/11\/6bf8872da6a9ac7b58205a7deb0ba0d5.jpg","articleSection":["PP de Galicia"],"inLanguage":"es","potentialAction":[{"@type":"CommentAction","name":"Comment","target":["https:\/\/ppdegalicia.com\/es\/o-parlamento-de-galicia-pide-ao-goberno-central-que-avance-na-modernizacion-dos-treitos-ferroviarios-entre-vigo-e-porto\/#respond"]}]},{"@type":"WebPage","@id":"https:\/\/ppdegalicia.com\/es\/o-parlamento-de-galicia-pide-ao-goberno-central-que-avance-na-modernizacion-dos-treitos-ferroviarios-entre-vigo-e-porto\/","url":"https:\/\/ppdegalicia.com\/es\/o-parlamento-de-galicia-pide-ao-goberno-central-que-avance-na-modernizacion-dos-treitos-ferroviarios-entre-vigo-e-porto\/","name":"O Parlamento de Galicia pide ao Goberno central que avance na modernizaci\u00f3n dos treitos ferroviarios entre Vigo e Porto - PP de Galicia","isPartOf":{"@id":"https:\/\/ppdegalicia.com\/es\/#website"},"primaryImageOfPage":{"@id":"https:\/\/ppdegalicia.com\/es\/o-parlamento-de-galicia-pide-ao-goberno-central-que-avance-na-modernizacion-dos-treitos-ferroviarios-entre-vigo-e-porto\/#primaryimage"},"image":{"@id":"https:\/\/ppdegalicia.com\/es\/o-parlamento-de-galicia-pide-ao-goberno-central-que-avance-na-modernizacion-dos-treitos-ferroviarios-entre-vigo-e-porto\/#primaryimage"},"thumbnailUrl":"https:\/\/ppdegalicia.com\/wp-content\/uploads\/2022\/11\/6bf8872da6a9ac7b58205a7deb0ba0d5.jpg","datePublished":"2022-11-09T13:41:00+00:00","breadcrumb":{"@id":"https:\/\/ppdegalicia.com\/es\/o-parlamento-de-galicia-pide-ao-goberno-central-que-avance-na-modernizacion-dos-treitos-ferroviarios-entre-vigo-e-porto\/#breadcrumb"},"inLanguage":"es","potentialAction":[{"@type":"ReadAction","target":["https:\/\/ppdegalicia.com\/es\/o-parlamento-de-galicia-pide-ao-goberno-central-que-avance-na-modernizacion-dos-treitos-ferroviarios-entre-vigo-e-porto\/"]}]},{"@type":"ImageObject","inLanguage":"es","@id":"https:\/\/ppdegalicia.com\/es\/o-parlamento-de-galicia-pide-ao-goberno-central-que-avance-na-modernizacion-dos-treitos-ferroviarios-entre-vigo-e-porto\/#primaryimage","url":"https:\/\/ppdegalicia.com\/wp-content\/uploads\/2022\/11\/6bf8872da6a9ac7b58205a7deb0ba0d5.jpg","contentUrl":"https:\/\/ppdegalicia.com\/wp-content\/uploads\/2022\/11\/6bf8872da6a9ac7b58205a7deb0ba0d5.jpg","width":1900,"height":1267},{"@type":"BreadcrumbList","@id":"https:\/\/ppdegalicia.com\/es\/o-parlamento-de-galicia-pide-ao-goberno-central-que-avance-na-modernizacion-dos-treitos-ferroviarios-entre-vigo-e-porto\/#breadcrumb","itemListElement":[{"@type":"ListItem","position":1,"name":"Portada","item":"https:\/\/ppdegalicia.com\/es\/"},{"@type":"ListItem","position":2,"name":"O Parlamento de Galicia pide ao Goberno central que avance na modernizaci\u00f3n dos treitos ferroviarios entre Vigo e Porto"}]},{"@type":"WebSite","@id":"https:\/\/ppdegalicia.com\/es\/#website","url":"https:\/\/ppdegalicia.com\/es\/","name":"Partido Popular de Galicia","description":"Partido Popular de Galicia","publisher":{"@id":"https:\/\/ppdegalicia.com\/es\/#organization"},"alternateName":"PP de Galicia","potentialAction":[{"@type":"SearchAction","target":{"@type":"EntryPoint","urlTemplate":"https:\/\/ppdegalicia.com\/es\/?s={search_term_string}"},"query-input":{"@type":"PropertyValueSpecification","valueRequired":true,"valueName":"search_term_string"}}],"inLanguage":"es"},{"@type":"Organization","@id":"https:\/\/ppdegalicia.com\/es\/#organization","name":"Partido Popular de Galicia","alternateName":"PP de Galicia","url":"https:\/\/ppdegalicia.com\/es\/","logo":{"@type":"ImageObject","inLanguage":"es","@id":"https:\/\/ppdegalicia.com\/es\/#\/schema\/logo\/image\/","url":"https:\/\/ppdegalicia.com\/wp-content\/uploads\/2023\/04\/logoPP512.png","contentUrl":"https:\/\/ppdegalicia.com\/wp-content\/uploads\/2023\/04\/logoPP512.png","width":512,"height":512,"caption":"Partido Popular de Galicia"},"image":{"@id":"https:\/\/ppdegalicia.com\/es\/#\/schema\/logo\/image\/"},"sameAs":["https:\/\/www.instagram.com\/ppdegalicia\/","https:\/\/x.com\/ppdegalicia","https:\/\/www.tiktok.com\/@ppdegalicia","https:\/\/www.youtube.com\/user\/ppdegalicia"]},{"@type":"Person","@id":"https:\/\/ppdegalicia.com\/es\/#\/schema\/person\/5b822c6f59e872ebdd1142f307dbcb59","name":"ppdegaliciaredes","image":{"@type":"ImageObject","inLanguage":"es","@id":"https:\/\/secure.gravatar.com\/avatar\/3c9179cf0256d00c72a48d1f25783c58b6842cd56e85ef3a572881c8e28ccd59?s=96&d=mm&r=g","url":"https:\/\/secure.gravatar.com\/avatar\/3c9179cf0256d00c72a48d1f25783c58b6842cd56e85ef3a572881c8e28ccd59?s=96&d=mm&r=g","contentUrl":"https:\/\/secure.gravatar.com\/avatar\/3c9179cf0256d00c72a48d1f25783c58b6842cd56e85ef3a572881c8e28ccd59?s=96&d=mm&r=g","caption":"ppdegaliciaredes"},"url":"https:\/\/ppdegalicia.com\/es\/author\/ppdegaliciaredes\/"}]}},"_links":{"self":[{"href":"https:\/\/ppdegalicia.com\/es\/wp-json\/wp\/v2\/posts\/57615","targetHints":{"allow":["GET"]}}],"collection":[{"href":"https:\/\/ppdegalicia.com\/es\/wp-json\/wp\/v2\/posts"}],"about":[{"href":"https:\/\/ppdegalicia.com\/es\/wp-json\/wp\/v2\/types\/post"}],"author":[{"embeddable":true,"href":"https:\/\/ppdegalicia.com\/es\/wp-json\/wp\/v2\/users\/38"}],"replies":[{"embeddable":true,"href":"https:\/\/ppdegalicia.com\/es\/wp-json\/wp\/v2\/comments?post=57615"}],"version-history":[{"count":0,"href":"https:\/\/ppdegalicia.com\/es\/wp-json\/wp\/v2\/posts\/57615\/revisions"}],"wp:featuredmedia":[{"embeddable":true,"href":"https:\/\/ppdegalicia.com\/es\/wp-json\/wp\/v2\/media\/57614"}],"wp:attachment":[{"href":"https:\/\/ppdegalicia.com\/es\/wp-json\/wp\/v2\/media?parent=57615"}],"wp:term":[{"taxonomy":"category","embeddable":true,"href":"https:\/\/ppdegalicia.com\/es\/wp-json\/wp\/v2\/categories?post=57615"},{"taxonomy":"post_tag","embeddable":true,"href":"https:\/\/ppdegalicia.com\/es\/wp-json\/wp\/v2\/tags?post=57615"}],"curies":[{"name":"wp","href":"https:\/\/api.w.org\/{rel}","templated":true}]}}