{"id":57653,"date":"2022-11-16T12:44:21","date_gmt":"2022-11-16T10:44:21","guid":{"rendered":"https:\/\/ppdegalicia.com\/o-parlamento-galego-pide-informacion-permanente-ao-goberno-central-sobre-a-situacion-da-central-termica-de-as-pontes\/"},"modified":"2022-11-16T12:44:21","modified_gmt":"2022-11-16T10:44:21","slug":"o-parlamento-galego-pide-informacion-permanente-ao-goberno-central-sobre-a-situacion-da-central-termica-de-as-pontes","status":"publish","type":"post","link":"https:\/\/ppdegalicia.com\/es\/o-parlamento-galego-pide-informacion-permanente-ao-goberno-central-sobre-a-situacion-da-central-termica-de-as-pontes\/","title":{"rendered":"O Parlamento galego pide informaci\u00f3n permanente ao Goberno central sobre a situaci\u00f3n da central t\u00e9rmica de As Pontes"},"content":{"rendered":"<p><img fetchpriority=\"high\" decoding=\"async\" class=\" size-full wp-image-57652\" src=\"https:\/\/ppdegalicia.com\/wp-content\/uploads\/2022\/11\/8ffd18e59bf9d59135c7eafc3068ae79.jpg\" alt=\"\" width=\"1900\" height=\"1267\" srcset=\"https:\/\/ppdegalicia.com\/wp-content\/uploads\/2022\/11\/8ffd18e59bf9d59135c7eafc3068ae79.jpg 1900w, https:\/\/ppdegalicia.com\/wp-content\/uploads\/2022\/11\/8ffd18e59bf9d59135c7eafc3068ae79-300x200.jpg 300w, https:\/\/ppdegalicia.com\/wp-content\/uploads\/2022\/11\/8ffd18e59bf9d59135c7eafc3068ae79-1024x683.jpg 1024w, https:\/\/ppdegalicia.com\/wp-content\/uploads\/2022\/11\/8ffd18e59bf9d59135c7eafc3068ae79-768x512.jpg 768w, https:\/\/ppdegalicia.com\/wp-content\/uploads\/2022\/11\/8ffd18e59bf9d59135c7eafc3068ae79-1536x1024.jpg 1536w\" sizes=\"(max-width: 1900px) 100vw, 1900px\" \/><\/p>\n<p>16 de novembro de 2022. O Parlamento de Galicia aprobou hoxe por unanimidade a proposici\u00f3n non de lei do Grupo Popular a trav\u00e9s da que se solicita ao Goberno de Espa\u00f1a que estableza un canal de informaci\u00f3n permanente sobre a situaci\u00f3n da central t\u00e9rmica de As Pontes ao abeiro da Mesa das Pontes, amosando a m\u00e1xima sensibilidade para non deixar f\u00f3ra do proceso de transformaci\u00f3n aos traballadores de Endesa, a industria auxiliar e aos transportistas, nin tampouco \u00e1 Administraci\u00f3n Auton\u00f3mica. As\u00ed mesmo, p\u00eddese que o Ministerio para a Transici\u00f3n Ecol\u00f3xica aclare a capacidade real e efectiva do n\u00f3 de As Pontes e para que se vai a destinar esta capacidade.<\/p>\n<p><!--more--><\/p>\n<p>A portavoz popular de Enerx\u00eda, Marta N\u00f3voa, lamentou que \u201ca situaci\u00f3n da central t\u00e9rmica de As Pontes \u00e9 o mellor exemplo do caos que sup\u00f3n a denominada transici\u00f3n enerx\u00e9tica levada a cabo polo Goberno de Pedro S\u00e1nchez: decreta o peche dunha central que poder\u00eda estar activa ata 2038, mentres pa\u00edses da nosa contorna abren t\u00e9rmicas de carb\u00f3n para cubrir as necesidades do mix enerx\u00e9tico; despois, ante a crise enerx\u00e9tica e a falta de estabilidade do sistema, vese obrigado a reactivala; e, malia esa reactivaci\u00f3n, proseguen cos tr\u00e1mites para o seu desmantelamento\u201d. <\/p>\n<p><strong>NECESITAMOS CERTEZAS<\/strong><\/p>\n<p>Marta N\u00f3voa explicou que o Ministerio para a Transici\u00f3n Ecol\u00f3xica ten autorizado a clausura definitiva de dous dos catro grupos de xeraci\u00f3n da central t\u00e9rmica de As Pontes. \u201cA realidade \u00e9 que esta autorizaci\u00f3n do peche parcial da t\u00e9rmica implica que quedar\u00e1n libres d\u00faas posici\u00f3ns dentro da subestaci\u00f3n, que supo\u00f1en 700 MW\u201d, sinalou.<\/p>\n<p>Deste xeito, manifestou que \u201cnecesitamos certezas a fin de dar viabilidade aos proxectos industriais e enerx\u00e9ticos nos que distintos promotores e a Xunta est\u00e1n traballando desde hai dous anos para procurar unha soluci\u00f3n ao caos provocado polo Goberno de Pedro S\u00e1nchez derivado da falta dunha pol\u00edtica enerx\u00e9tica clara e realista, e que estivese na senda do que est\u00e1n a facer o resto de pa\u00edses da Uni\u00f3n Europea\u201d.<\/p>\n<p>\u201c\u00c9 necesario que o Goberno central aclare a capacidade dispo\u00f1ible efectiva deste n\u00f3 de As Pontes para ver a compatibilidade no proceso de desmantelamento parcial da central cos proxectos industriais e enerx\u00e9ticos que se queren levar a cabo na zona, as\u00ed como co\u00f1ecer o destino dos 1.400 MW de capacidade dispo\u00f1ible neste n\u00f3 de As Pontes\u201d, reclamou Marta N\u00f3voa.<\/p>\n<p>As\u00ed mesmo, demandou \u201crevisar e adecuar a planificaci\u00f3n da distribuci\u00f3n el\u00e9ctrica para dar cobertura \u00e1 industria galega, tanto a existente na Comunidade galega como a que se quere instalar en Galicia\u201d. <\/p>\n","protected":false},"excerpt":{"rendered":"<p>16 de novembro de 2022. O Parlamento de Galicia aprobou hoxe por unanimidade a proposici\u00f3n non de lei do Grupo Popular a trav\u00e9s da que se solicita ao Goberno de Espa\u00f1a que estableza un canal de informaci\u00f3n permanente sobre a situaci\u00f3n da central t\u00e9rmica de As Pontes ao abeiro da Mesa das Pontes, amosando a [&hellip;]<\/p>\n","protected":false},"author":38,"featured_media":57652,"comment_status":"open","ping_status":"open","sticky":false,"template":"","format":"standard","meta":{"_acf_changed":false,"footnotes":""},"categories":[1],"tags":[],"class_list":["post-57653","post","type-post","status-publish","format-standard","has-post-thumbnail","hentry","category-pp-de-galicia"],"acf":[],"yoast_head":"<!-- This site is optimized with the Yoast SEO plugin v27.3 - https:\/\/yoast.com\/product\/yoast-seo-wordpress\/ -->\n<title>O Parlamento galego pide informaci\u00f3n permanente ao Goberno central sobre a situaci\u00f3n da central t\u00e9rmica de As Pontes - PP de Galicia<\/title>\n<meta name=\"robots\" content=\"index, follow, max-snippet:-1, max-image-preview:large, max-video-preview:-1\" \/>\n<link rel=\"canonical\" href=\"https:\/\/ppdegalicia.com\/es\/o-parlamento-galego-pide-informacion-permanente-ao-goberno-central-sobre-a-situacion-da-central-termica-de-as-pontes\/\" \/>\n<meta property=\"og:locale\" content=\"es_ES\" \/>\n<meta property=\"og:type\" content=\"article\" \/>\n<meta property=\"og:title\" content=\"O Parlamento galego pide informaci\u00f3n permanente ao Goberno central sobre a situaci\u00f3n da central t\u00e9rmica de As Pontes - PP de Galicia\" \/>\n<meta property=\"og:description\" content=\"16 de novembro de 2022. O Parlamento de Galicia aprobou hoxe por unanimidade a proposici\u00f3n non de lei do Grupo Popular a trav\u00e9s da que se solicita ao Goberno de Espa\u00f1a que estableza un canal de informaci\u00f3n permanente sobre a situaci\u00f3n da central t\u00e9rmica de As Pontes ao abeiro da Mesa das Pontes, amosando a [&hellip;]\" \/>\n<meta property=\"og:url\" content=\"https:\/\/ppdegalicia.com\/es\/o-parlamento-galego-pide-informacion-permanente-ao-goberno-central-sobre-a-situacion-da-central-termica-de-as-pontes\/\" \/>\n<meta property=\"og:site_name\" content=\"PP de Galicia\" \/>\n<meta property=\"article:publisher\" content=\"https:\/\/www.instagram.com\/ppdegalicia\/\" \/>\n<meta property=\"article:published_time\" content=\"2022-11-16T10:44:21+00:00\" \/>\n<meta property=\"og:image\" content=\"https:\/\/ppdegalicia.com\/wp-content\/uploads\/2022\/11\/8ffd18e59bf9d59135c7eafc3068ae79.jpg\" \/>\n\t<meta property=\"og:image:width\" content=\"1900\" \/>\n\t<meta property=\"og:image:height\" content=\"1267\" \/>\n\t<meta property=\"og:image:type\" content=\"image\/jpeg\" \/>\n<meta name=\"author\" content=\"ppdegaliciaredes\" \/>\n<meta name=\"twitter:card\" content=\"summary_large_image\" \/>\n<meta name=\"twitter:creator\" content=\"@ppdegalicia\" \/>\n<meta name=\"twitter:site\" content=\"@ppdegalicia\" \/>\n<meta name=\"twitter:label1\" content=\"Escrito por\" \/>\n\t<meta name=\"twitter:data1\" content=\"ppdegaliciaredes\" \/>\n\t<meta name=\"twitter:label2\" content=\"Tiempo de lectura\" \/>\n\t<meta name=\"twitter:data2\" content=\"2 minutos\" \/>\n<script type=\"application\/ld+json\" class=\"yoast-schema-graph\">{\"@context\":\"https:\\\/\\\/schema.org\",\"@graph\":[{\"@type\":\"Article\",\"@id\":\"https:\\\/\\\/ppdegalicia.com\\\/es\\\/o-parlamento-galego-pide-informacion-permanente-ao-goberno-central-sobre-a-situacion-da-central-termica-de-as-pontes\\\/#article\",\"isPartOf\":{\"@id\":\"https:\\\/\\\/ppdegalicia.com\\\/es\\\/o-parlamento-galego-pide-informacion-permanente-ao-goberno-central-sobre-a-situacion-da-central-termica-de-as-pontes\\\/\"},\"author\":{\"name\":\"ppdegaliciaredes\",\"@id\":\"https:\\\/\\\/ppdegalicia.com\\\/es\\\/#\\\/schema\\\/person\\\/5b822c6f59e872ebdd1142f307dbcb59\"},\"headline\":\"O Parlamento galego pide informaci\u00f3n permanente ao Goberno central sobre a situaci\u00f3n da central t\u00e9rmica de As Pontes\",\"datePublished\":\"2022-11-16T10:44:21+00:00\",\"mainEntityOfPage\":{\"@id\":\"https:\\\/\\\/ppdegalicia.com\\\/es\\\/o-parlamento-galego-pide-informacion-permanente-ao-goberno-central-sobre-a-situacion-da-central-termica-de-as-pontes\\\/\"},\"wordCount\":483,\"commentCount\":0,\"publisher\":{\"@id\":\"https:\\\/\\\/ppdegalicia.com\\\/es\\\/#organization\"},\"image\":{\"@id\":\"https:\\\/\\\/ppdegalicia.com\\\/es\\\/o-parlamento-galego-pide-informacion-permanente-ao-goberno-central-sobre-a-situacion-da-central-termica-de-as-pontes\\\/#primaryimage\"},\"thumbnailUrl\":\"https:\\\/\\\/ppdegalicia.com\\\/wp-content\\\/uploads\\\/2022\\\/11\\\/8ffd18e59bf9d59135c7eafc3068ae79.jpg\",\"articleSection\":[\"PP de Galicia\"],\"inLanguage\":\"es\",\"potentialAction\":[{\"@type\":\"CommentAction\",\"name\":\"Comment\",\"target\":[\"https:\\\/\\\/ppdegalicia.com\\\/es\\\/o-parlamento-galego-pide-informacion-permanente-ao-goberno-central-sobre-a-situacion-da-central-termica-de-as-pontes\\\/#respond\"]}]},{\"@type\":\"WebPage\",\"@id\":\"https:\\\/\\\/ppdegalicia.com\\\/es\\\/o-parlamento-galego-pide-informacion-permanente-ao-goberno-central-sobre-a-situacion-da-central-termica-de-as-pontes\\\/\",\"url\":\"https:\\\/\\\/ppdegalicia.com\\\/es\\\/o-parlamento-galego-pide-informacion-permanente-ao-goberno-central-sobre-a-situacion-da-central-termica-de-as-pontes\\\/\",\"name\":\"O Parlamento galego pide informaci\u00f3n permanente ao Goberno central sobre a situaci\u00f3n da central t\u00e9rmica de As Pontes - PP de Galicia\",\"isPartOf\":{\"@id\":\"https:\\\/\\\/ppdegalicia.com\\\/es\\\/#website\"},\"primaryImageOfPage\":{\"@id\":\"https:\\\/\\\/ppdegalicia.com\\\/es\\\/o-parlamento-galego-pide-informacion-permanente-ao-goberno-central-sobre-a-situacion-da-central-termica-de-as-pontes\\\/#primaryimage\"},\"image\":{\"@id\":\"https:\\\/\\\/ppdegalicia.com\\\/es\\\/o-parlamento-galego-pide-informacion-permanente-ao-goberno-central-sobre-a-situacion-da-central-termica-de-as-pontes\\\/#primaryimage\"},\"thumbnailUrl\":\"https:\\\/\\\/ppdegalicia.com\\\/wp-content\\\/uploads\\\/2022\\\/11\\\/8ffd18e59bf9d59135c7eafc3068ae79.jpg\",\"datePublished\":\"2022-11-16T10:44:21+00:00\",\"breadcrumb\":{\"@id\":\"https:\\\/\\\/ppdegalicia.com\\\/es\\\/o-parlamento-galego-pide-informacion-permanente-ao-goberno-central-sobre-a-situacion-da-central-termica-de-as-pontes\\\/#breadcrumb\"},\"inLanguage\":\"es\",\"potentialAction\":[{\"@type\":\"ReadAction\",\"target\":[\"https:\\\/\\\/ppdegalicia.com\\\/es\\\/o-parlamento-galego-pide-informacion-permanente-ao-goberno-central-sobre-a-situacion-da-central-termica-de-as-pontes\\\/\"]}]},{\"@type\":\"ImageObject\",\"inLanguage\":\"es\",\"@id\":\"https:\\\/\\\/ppdegalicia.com\\\/es\\\/o-parlamento-galego-pide-informacion-permanente-ao-goberno-central-sobre-a-situacion-da-central-termica-de-as-pontes\\\/#primaryimage\",\"url\":\"https:\\\/\\\/ppdegalicia.com\\\/wp-content\\\/uploads\\\/2022\\\/11\\\/8ffd18e59bf9d59135c7eafc3068ae79.jpg\",\"contentUrl\":\"https:\\\/\\\/ppdegalicia.com\\\/wp-content\\\/uploads\\\/2022\\\/11\\\/8ffd18e59bf9d59135c7eafc3068ae79.jpg\",\"width\":1900,\"height\":1267},{\"@type\":\"BreadcrumbList\",\"@id\":\"https:\\\/\\\/ppdegalicia.com\\\/es\\\/o-parlamento-galego-pide-informacion-permanente-ao-goberno-central-sobre-a-situacion-da-central-termica-de-as-pontes\\\/#breadcrumb\",\"itemListElement\":[{\"@type\":\"ListItem\",\"position\":1,\"name\":\"Portada\",\"item\":\"https:\\\/\\\/ppdegalicia.com\\\/es\\\/\"},{\"@type\":\"ListItem\",\"position\":2,\"name\":\"O Parlamento galego pide informaci\u00f3n permanente ao Goberno central sobre a situaci\u00f3n da central t\u00e9rmica de As Pontes\"}]},{\"@type\":\"WebSite\",\"@id\":\"https:\\\/\\\/ppdegalicia.com\\\/es\\\/#website\",\"url\":\"https:\\\/\\\/ppdegalicia.com\\\/es\\\/\",\"name\":\"Partido Popular de Galicia\",\"description\":\"Partido Popular de Galicia\",\"publisher\":{\"@id\":\"https:\\\/\\\/ppdegalicia.com\\\/es\\\/#organization\"},\"alternateName\":\"PP de Galicia\",\"potentialAction\":[{\"@type\":\"SearchAction\",\"target\":{\"@type\":\"EntryPoint\",\"urlTemplate\":\"https:\\\/\\\/ppdegalicia.com\\\/es\\\/?s={search_term_string}\"},\"query-input\":{\"@type\":\"PropertyValueSpecification\",\"valueRequired\":true,\"valueName\":\"search_term_string\"}}],\"inLanguage\":\"es\"},{\"@type\":\"Organization\",\"@id\":\"https:\\\/\\\/ppdegalicia.com\\\/es\\\/#organization\",\"name\":\"Partido Popular de Galicia\",\"alternateName\":\"PP de Galicia\",\"url\":\"https:\\\/\\\/ppdegalicia.com\\\/es\\\/\",\"logo\":{\"@type\":\"ImageObject\",\"inLanguage\":\"es\",\"@id\":\"https:\\\/\\\/ppdegalicia.com\\\/es\\\/#\\\/schema\\\/logo\\\/image\\\/\",\"url\":\"https:\\\/\\\/ppdegalicia.com\\\/wp-content\\\/uploads\\\/2023\\\/04\\\/logoPP512.png\",\"contentUrl\":\"https:\\\/\\\/ppdegalicia.com\\\/wp-content\\\/uploads\\\/2023\\\/04\\\/logoPP512.png\",\"width\":512,\"height\":512,\"caption\":\"Partido Popular de Galicia\"},\"image\":{\"@id\":\"https:\\\/\\\/ppdegalicia.com\\\/es\\\/#\\\/schema\\\/logo\\\/image\\\/\"},\"sameAs\":[\"https:\\\/\\\/www.instagram.com\\\/ppdegalicia\\\/\",\"https:\\\/\\\/x.com\\\/ppdegalicia\",\"https:\\\/\\\/www.tiktok.com\\\/@ppdegalicia\",\"https:\\\/\\\/www.youtube.com\\\/user\\\/ppdegalicia\"]},{\"@type\":\"Person\",\"@id\":\"https:\\\/\\\/ppdegalicia.com\\\/es\\\/#\\\/schema\\\/person\\\/5b822c6f59e872ebdd1142f307dbcb59\",\"name\":\"ppdegaliciaredes\",\"image\":{\"@type\":\"ImageObject\",\"inLanguage\":\"es\",\"@id\":\"https:\\\/\\\/secure.gravatar.com\\\/avatar\\\/3c9179cf0256d00c72a48d1f25783c58b6842cd56e85ef3a572881c8e28ccd59?s=96&d=mm&r=g\",\"url\":\"https:\\\/\\\/secure.gravatar.com\\\/avatar\\\/3c9179cf0256d00c72a48d1f25783c58b6842cd56e85ef3a572881c8e28ccd59?s=96&d=mm&r=g\",\"contentUrl\":\"https:\\\/\\\/secure.gravatar.com\\\/avatar\\\/3c9179cf0256d00c72a48d1f25783c58b6842cd56e85ef3a572881c8e28ccd59?s=96&d=mm&r=g\",\"caption\":\"ppdegaliciaredes\"},\"url\":\"https:\\\/\\\/ppdegalicia.com\\\/es\\\/author\\\/ppdegaliciaredes\\\/\"}]}<\/script>\n<!-- \/ Yoast SEO plugin. -->","yoast_head_json":{"title":"O Parlamento galego pide informaci\u00f3n permanente ao Goberno central sobre a situaci\u00f3n da central t\u00e9rmica de As Pontes - PP de Galicia","robots":{"index":"index","follow":"follow","max-snippet":"max-snippet:-1","max-image-preview":"max-image-preview:large","max-video-preview":"max-video-preview:-1"},"canonical":"https:\/\/ppdegalicia.com\/es\/o-parlamento-galego-pide-informacion-permanente-ao-goberno-central-sobre-a-situacion-da-central-termica-de-as-pontes\/","og_locale":"es_ES","og_type":"article","og_title":"O Parlamento galego pide informaci\u00f3n permanente ao Goberno central sobre a situaci\u00f3n da central t\u00e9rmica de As Pontes - PP de Galicia","og_description":"16 de novembro de 2022. O Parlamento de Galicia aprobou hoxe por unanimidade a proposici\u00f3n non de lei do Grupo Popular a trav\u00e9s da que se solicita ao Goberno de Espa\u00f1a que estableza un canal de informaci\u00f3n permanente sobre a situaci\u00f3n da central t\u00e9rmica de As Pontes ao abeiro da Mesa das Pontes, amosando a [&hellip;]","og_url":"https:\/\/ppdegalicia.com\/es\/o-parlamento-galego-pide-informacion-permanente-ao-goberno-central-sobre-a-situacion-da-central-termica-de-as-pontes\/","og_site_name":"PP de Galicia","article_publisher":"https:\/\/www.instagram.com\/ppdegalicia\/","article_published_time":"2022-11-16T10:44:21+00:00","og_image":[{"width":1900,"height":1267,"url":"https:\/\/ppdegalicia.com\/wp-content\/uploads\/2022\/11\/8ffd18e59bf9d59135c7eafc3068ae79.jpg","type":"image\/jpeg"}],"author":"ppdegaliciaredes","twitter_card":"summary_large_image","twitter_creator":"@ppdegalicia","twitter_site":"@ppdegalicia","twitter_misc":{"Escrito por":"ppdegaliciaredes","Tiempo de lectura":"2 minutos"},"schema":{"@context":"https:\/\/schema.org","@graph":[{"@type":"Article","@id":"https:\/\/ppdegalicia.com\/es\/o-parlamento-galego-pide-informacion-permanente-ao-goberno-central-sobre-a-situacion-da-central-termica-de-as-pontes\/#article","isPartOf":{"@id":"https:\/\/ppdegalicia.com\/es\/o-parlamento-galego-pide-informacion-permanente-ao-goberno-central-sobre-a-situacion-da-central-termica-de-as-pontes\/"},"author":{"name":"ppdegaliciaredes","@id":"https:\/\/ppdegalicia.com\/es\/#\/schema\/person\/5b822c6f59e872ebdd1142f307dbcb59"},"headline":"O Parlamento galego pide informaci\u00f3n permanente ao Goberno central sobre a situaci\u00f3n da central t\u00e9rmica de As Pontes","datePublished":"2022-11-16T10:44:21+00:00","mainEntityOfPage":{"@id":"https:\/\/ppdegalicia.com\/es\/o-parlamento-galego-pide-informacion-permanente-ao-goberno-central-sobre-a-situacion-da-central-termica-de-as-pontes\/"},"wordCount":483,"commentCount":0,"publisher":{"@id":"https:\/\/ppdegalicia.com\/es\/#organization"},"image":{"@id":"https:\/\/ppdegalicia.com\/es\/o-parlamento-galego-pide-informacion-permanente-ao-goberno-central-sobre-a-situacion-da-central-termica-de-as-pontes\/#primaryimage"},"thumbnailUrl":"https:\/\/ppdegalicia.com\/wp-content\/uploads\/2022\/11\/8ffd18e59bf9d59135c7eafc3068ae79.jpg","articleSection":["PP de Galicia"],"inLanguage":"es","potentialAction":[{"@type":"CommentAction","name":"Comment","target":["https:\/\/ppdegalicia.com\/es\/o-parlamento-galego-pide-informacion-permanente-ao-goberno-central-sobre-a-situacion-da-central-termica-de-as-pontes\/#respond"]}]},{"@type":"WebPage","@id":"https:\/\/ppdegalicia.com\/es\/o-parlamento-galego-pide-informacion-permanente-ao-goberno-central-sobre-a-situacion-da-central-termica-de-as-pontes\/","url":"https:\/\/ppdegalicia.com\/es\/o-parlamento-galego-pide-informacion-permanente-ao-goberno-central-sobre-a-situacion-da-central-termica-de-as-pontes\/","name":"O Parlamento galego pide informaci\u00f3n permanente ao Goberno central sobre a situaci\u00f3n da central t\u00e9rmica de As Pontes - PP de Galicia","isPartOf":{"@id":"https:\/\/ppdegalicia.com\/es\/#website"},"primaryImageOfPage":{"@id":"https:\/\/ppdegalicia.com\/es\/o-parlamento-galego-pide-informacion-permanente-ao-goberno-central-sobre-a-situacion-da-central-termica-de-as-pontes\/#primaryimage"},"image":{"@id":"https:\/\/ppdegalicia.com\/es\/o-parlamento-galego-pide-informacion-permanente-ao-goberno-central-sobre-a-situacion-da-central-termica-de-as-pontes\/#primaryimage"},"thumbnailUrl":"https:\/\/ppdegalicia.com\/wp-content\/uploads\/2022\/11\/8ffd18e59bf9d59135c7eafc3068ae79.jpg","datePublished":"2022-11-16T10:44:21+00:00","breadcrumb":{"@id":"https:\/\/ppdegalicia.com\/es\/o-parlamento-galego-pide-informacion-permanente-ao-goberno-central-sobre-a-situacion-da-central-termica-de-as-pontes\/#breadcrumb"},"inLanguage":"es","potentialAction":[{"@type":"ReadAction","target":["https:\/\/ppdegalicia.com\/es\/o-parlamento-galego-pide-informacion-permanente-ao-goberno-central-sobre-a-situacion-da-central-termica-de-as-pontes\/"]}]},{"@type":"ImageObject","inLanguage":"es","@id":"https:\/\/ppdegalicia.com\/es\/o-parlamento-galego-pide-informacion-permanente-ao-goberno-central-sobre-a-situacion-da-central-termica-de-as-pontes\/#primaryimage","url":"https:\/\/ppdegalicia.com\/wp-content\/uploads\/2022\/11\/8ffd18e59bf9d59135c7eafc3068ae79.jpg","contentUrl":"https:\/\/ppdegalicia.com\/wp-content\/uploads\/2022\/11\/8ffd18e59bf9d59135c7eafc3068ae79.jpg","width":1900,"height":1267},{"@type":"BreadcrumbList","@id":"https:\/\/ppdegalicia.com\/es\/o-parlamento-galego-pide-informacion-permanente-ao-goberno-central-sobre-a-situacion-da-central-termica-de-as-pontes\/#breadcrumb","itemListElement":[{"@type":"ListItem","position":1,"name":"Portada","item":"https:\/\/ppdegalicia.com\/es\/"},{"@type":"ListItem","position":2,"name":"O Parlamento galego pide informaci\u00f3n permanente ao Goberno central sobre a situaci\u00f3n da central t\u00e9rmica de As Pontes"}]},{"@type":"WebSite","@id":"https:\/\/ppdegalicia.com\/es\/#website","url":"https:\/\/ppdegalicia.com\/es\/","name":"Partido Popular de Galicia","description":"Partido Popular de Galicia","publisher":{"@id":"https:\/\/ppdegalicia.com\/es\/#organization"},"alternateName":"PP de Galicia","potentialAction":[{"@type":"SearchAction","target":{"@type":"EntryPoint","urlTemplate":"https:\/\/ppdegalicia.com\/es\/?s={search_term_string}"},"query-input":{"@type":"PropertyValueSpecification","valueRequired":true,"valueName":"search_term_string"}}],"inLanguage":"es"},{"@type":"Organization","@id":"https:\/\/ppdegalicia.com\/es\/#organization","name":"Partido Popular de Galicia","alternateName":"PP de Galicia","url":"https:\/\/ppdegalicia.com\/es\/","logo":{"@type":"ImageObject","inLanguage":"es","@id":"https:\/\/ppdegalicia.com\/es\/#\/schema\/logo\/image\/","url":"https:\/\/ppdegalicia.com\/wp-content\/uploads\/2023\/04\/logoPP512.png","contentUrl":"https:\/\/ppdegalicia.com\/wp-content\/uploads\/2023\/04\/logoPP512.png","width":512,"height":512,"caption":"Partido Popular de Galicia"},"image":{"@id":"https:\/\/ppdegalicia.com\/es\/#\/schema\/logo\/image\/"},"sameAs":["https:\/\/www.instagram.com\/ppdegalicia\/","https:\/\/x.com\/ppdegalicia","https:\/\/www.tiktok.com\/@ppdegalicia","https:\/\/www.youtube.com\/user\/ppdegalicia"]},{"@type":"Person","@id":"https:\/\/ppdegalicia.com\/es\/#\/schema\/person\/5b822c6f59e872ebdd1142f307dbcb59","name":"ppdegaliciaredes","image":{"@type":"ImageObject","inLanguage":"es","@id":"https:\/\/secure.gravatar.com\/avatar\/3c9179cf0256d00c72a48d1f25783c58b6842cd56e85ef3a572881c8e28ccd59?s=96&d=mm&r=g","url":"https:\/\/secure.gravatar.com\/avatar\/3c9179cf0256d00c72a48d1f25783c58b6842cd56e85ef3a572881c8e28ccd59?s=96&d=mm&r=g","contentUrl":"https:\/\/secure.gravatar.com\/avatar\/3c9179cf0256d00c72a48d1f25783c58b6842cd56e85ef3a572881c8e28ccd59?s=96&d=mm&r=g","caption":"ppdegaliciaredes"},"url":"https:\/\/ppdegalicia.com\/es\/author\/ppdegaliciaredes\/"}]}},"_links":{"self":[{"href":"https:\/\/ppdegalicia.com\/es\/wp-json\/wp\/v2\/posts\/57653","targetHints":{"allow":["GET"]}}],"collection":[{"href":"https:\/\/ppdegalicia.com\/es\/wp-json\/wp\/v2\/posts"}],"about":[{"href":"https:\/\/ppdegalicia.com\/es\/wp-json\/wp\/v2\/types\/post"}],"author":[{"embeddable":true,"href":"https:\/\/ppdegalicia.com\/es\/wp-json\/wp\/v2\/users\/38"}],"replies":[{"embeddable":true,"href":"https:\/\/ppdegalicia.com\/es\/wp-json\/wp\/v2\/comments?post=57653"}],"version-history":[{"count":0,"href":"https:\/\/ppdegalicia.com\/es\/wp-json\/wp\/v2\/posts\/57653\/revisions"}],"wp:featuredmedia":[{"embeddable":true,"href":"https:\/\/ppdegalicia.com\/es\/wp-json\/wp\/v2\/media\/57652"}],"wp:attachment":[{"href":"https:\/\/ppdegalicia.com\/es\/wp-json\/wp\/v2\/media?parent=57653"}],"wp:term":[{"taxonomy":"category","embeddable":true,"href":"https:\/\/ppdegalicia.com\/es\/wp-json\/wp\/v2\/categories?post=57653"},{"taxonomy":"post_tag","embeddable":true,"href":"https:\/\/ppdegalicia.com\/es\/wp-json\/wp\/v2\/tags?post=57653"}],"curies":[{"name":"wp","href":"https:\/\/api.w.org\/{rel}","templated":true}]}}