{"id":57659,"date":"2022-11-17T09:58:31","date_gmt":"2022-11-17T07:58:31","guid":{"rendered":"https:\/\/ppdegalicia.com\/o-pp-recrimina-ao-goberno-central-que-nos-presupostos-de-2023-esquecera-por-completo-a-reconstrucion-da-a-6\/"},"modified":"2022-11-17T09:58:31","modified_gmt":"2022-11-17T07:58:31","slug":"o-pp-recrimina-ao-goberno-central-que-nos-presupostos-de-2023-esquecera-por-completo-a-reconstrucion-da-a-6","status":"publish","type":"post","link":"https:\/\/ppdegalicia.com\/es\/o-pp-recrimina-ao-goberno-central-que-nos-presupostos-de-2023-esquecera-por-completo-a-reconstrucion-da-a-6\/","title":{"rendered":"O PP recrimina ao Goberno central que nos Presupostos de 2023 \u201cesquecera por completo\u201d a reconstruci\u00f3n da A-6"},"content":{"rendered":"<p><img fetchpriority=\"high\" decoding=\"async\" class=\" size-full wp-image-57658\" src=\"https:\/\/ppdegalicia.com\/wp-content\/uploads\/2022\/11\/6dc3bb8ebb08f95d5d567ab9b19c7bd9.jpg\" alt=\"\" width=\"1600\" height=\"1066\" srcset=\"https:\/\/ppdegalicia.com\/wp-content\/uploads\/2022\/11\/6dc3bb8ebb08f95d5d567ab9b19c7bd9.jpg 1600w, https:\/\/ppdegalicia.com\/wp-content\/uploads\/2022\/11\/6dc3bb8ebb08f95d5d567ab9b19c7bd9-300x200.jpg 300w, https:\/\/ppdegalicia.com\/wp-content\/uploads\/2022\/11\/6dc3bb8ebb08f95d5d567ab9b19c7bd9-1024x682.jpg 1024w, https:\/\/ppdegalicia.com\/wp-content\/uploads\/2022\/11\/6dc3bb8ebb08f95d5d567ab9b19c7bd9-768x512.jpg 768w, https:\/\/ppdegalicia.com\/wp-content\/uploads\/2022\/11\/6dc3bb8ebb08f95d5d567ab9b19c7bd9-1536x1023.jpg 1536w\" sizes=\"(max-width: 1600px) 100vw, 1600px\" \/><\/p>\n<p>O deputado galego e vicevoceiro de Infraestruturas do Grupo Parlamentario Popular, Celso Delgado, considera que as informaci\u00f3ns dadas por parte do Ministerio de Transportes sobre as causas do derrubamento en xu\u00f1o do viaduto do Castro na autov\u00eda A-6 son \u201cinsuficientes\u201d.<\/p>\n<p><!--more--><\/p>\n<p>\u00a0\u201cTodo apunta a que as causas deste derrubamento parten dunha suma de fallos que sorprendentemente non foron detectados nin polas inspecci\u00f3ns nin durante as obras de emerxencia nas que o Ministerio investiu 26 M\u20ac\u201d, engadiu.<\/p>\n<p>Celso Delgado volveu demandar un plan de reconstruci\u00f3n \u201ccun cronograma concreto e cos investimentos previstos para a reconstruci\u00f3n completa da A-6\u201d, dado que se trata dunha infraestrutura \u201cvital para as comunicaci\u00f3ns entre Galicia e Castela e Le\u00f3n\u201d.<\/p>\n<p>En referencia \u00e1 emenda aos Presupostos Xerais do Estado de 2023 rexistrada por parte do Grupo Parlamentario Popular por importe de 25 M\u20ac para a reconstruci\u00f3n deste viaduto: \u201cPedimos a PSOE e Podemos que voten a favor xa que eles no seu proxecto orzamentario esqueceron por completo esta necesaria actuaci\u00f3n\u201d.<\/p>\n<p>O vicevoceiro de Infraestruturas aproveitou a intervenci\u00f3n na Comisi\u00f3n de Presupostos do Congreso para mostrar a s\u00faa preocupaci\u00f3n polo \u201cbaixo nivel de execuci\u00f3n dos fondos europeos\u201d e po\u00f1er en valor as emendas rexistradas polos populares sobre cuesti\u00f3ns \u201cfundamentais\u201d para Galicia como o impulso do Corredor Atl\u00e1ntico, as melloras na estaci\u00f3n de tren de Ourense ou a conexi\u00f3n por alta velocidade entre Vigo e Porto.<\/p>\n","protected":false},"excerpt":{"rendered":"<p>O deputado galego e vicevoceiro de Infraestruturas do Grupo Parlamentario Popular, Celso Delgado, considera que as informaci\u00f3ns dadas por parte do Ministerio de Transportes sobre as causas do derrubamento en xu\u00f1o do viaduto do Castro na autov\u00eda A-6 son \u201cinsuficientes\u201d.<\/p>\n","protected":false},"author":38,"featured_media":57658,"comment_status":"open","ping_status":"open","sticky":false,"template":"","format":"standard","meta":{"_acf_changed":false,"footnotes":""},"categories":[1],"tags":[],"class_list":["post-57659","post","type-post","status-publish","format-standard","has-post-thumbnail","hentry","category-pp-de-galicia"],"acf":[],"yoast_head":"<!-- This site is optimized with the Yoast SEO plugin v27.3 - https:\/\/yoast.com\/product\/yoast-seo-wordpress\/ -->\n<title>O PP recrimina ao Goberno central que nos Presupostos de 2023 \u201cesquecera por completo\u201d a reconstruci\u00f3n da A-6 - PP de Galicia<\/title>\n<meta name=\"robots\" content=\"index, follow, max-snippet:-1, max-image-preview:large, max-video-preview:-1\" \/>\n<link rel=\"canonical\" href=\"https:\/\/ppdegalicia.com\/es\/o-pp-recrimina-ao-goberno-central-que-nos-presupostos-de-2023-esquecera-por-completo-a-reconstrucion-da-a-6\/\" \/>\n<meta property=\"og:locale\" content=\"es_ES\" \/>\n<meta property=\"og:type\" content=\"article\" \/>\n<meta property=\"og:title\" content=\"O PP recrimina ao Goberno central que nos Presupostos de 2023 \u201cesquecera por completo\u201d a reconstruci\u00f3n da A-6 - PP de Galicia\" \/>\n<meta property=\"og:description\" content=\"O deputado galego e vicevoceiro de Infraestruturas do Grupo Parlamentario Popular, Celso Delgado, considera que as informaci\u00f3ns dadas por parte do Ministerio de Transportes sobre as causas do derrubamento en xu\u00f1o do viaduto do Castro na autov\u00eda A-6 son \u201cinsuficientes\u201d.\" \/>\n<meta property=\"og:url\" content=\"https:\/\/ppdegalicia.com\/es\/o-pp-recrimina-ao-goberno-central-que-nos-presupostos-de-2023-esquecera-por-completo-a-reconstrucion-da-a-6\/\" \/>\n<meta property=\"og:site_name\" content=\"PP de Galicia\" \/>\n<meta property=\"article:publisher\" content=\"https:\/\/www.instagram.com\/ppdegalicia\/\" \/>\n<meta property=\"article:published_time\" content=\"2022-11-17T07:58:31+00:00\" \/>\n<meta property=\"og:image\" content=\"https:\/\/ppdegalicia.com\/wp-content\/uploads\/2022\/11\/6dc3bb8ebb08f95d5d567ab9b19c7bd9.jpg\" \/>\n\t<meta property=\"og:image:width\" content=\"1600\" \/>\n\t<meta property=\"og:image:height\" content=\"1066\" \/>\n\t<meta property=\"og:image:type\" content=\"image\/jpeg\" \/>\n<meta name=\"author\" content=\"ppdegaliciaredes\" \/>\n<meta name=\"twitter:card\" content=\"summary_large_image\" \/>\n<meta name=\"twitter:creator\" content=\"@ppdegalicia\" \/>\n<meta name=\"twitter:site\" content=\"@ppdegalicia\" \/>\n<meta name=\"twitter:label1\" content=\"Escrito por\" \/>\n\t<meta name=\"twitter:data1\" content=\"ppdegaliciaredes\" \/>\n\t<meta name=\"twitter:label2\" content=\"Tiempo de lectura\" \/>\n\t<meta name=\"twitter:data2\" content=\"1 minuto\" \/>\n<script type=\"application\/ld+json\" class=\"yoast-schema-graph\">{\"@context\":\"https:\\\/\\\/schema.org\",\"@graph\":[{\"@type\":\"Article\",\"@id\":\"https:\\\/\\\/ppdegalicia.com\\\/es\\\/o-pp-recrimina-ao-goberno-central-que-nos-presupostos-de-2023-esquecera-por-completo-a-reconstrucion-da-a-6\\\/#article\",\"isPartOf\":{\"@id\":\"https:\\\/\\\/ppdegalicia.com\\\/es\\\/o-pp-recrimina-ao-goberno-central-que-nos-presupostos-de-2023-esquecera-por-completo-a-reconstrucion-da-a-6\\\/\"},\"author\":{\"name\":\"ppdegaliciaredes\",\"@id\":\"https:\\\/\\\/ppdegalicia.com\\\/es\\\/#\\\/schema\\\/person\\\/5b822c6f59e872ebdd1142f307dbcb59\"},\"headline\":\"O PP recrimina ao Goberno central que nos Presupostos de 2023 \u201cesquecera por completo\u201d a reconstruci\u00f3n da A-6\",\"datePublished\":\"2022-11-17T07:58:31+00:00\",\"mainEntityOfPage\":{\"@id\":\"https:\\\/\\\/ppdegalicia.com\\\/es\\\/o-pp-recrimina-ao-goberno-central-que-nos-presupostos-de-2023-esquecera-por-completo-a-reconstrucion-da-a-6\\\/\"},\"wordCount\":260,\"commentCount\":0,\"publisher\":{\"@id\":\"https:\\\/\\\/ppdegalicia.com\\\/es\\\/#organization\"},\"image\":{\"@id\":\"https:\\\/\\\/ppdegalicia.com\\\/es\\\/o-pp-recrimina-ao-goberno-central-que-nos-presupostos-de-2023-esquecera-por-completo-a-reconstrucion-da-a-6\\\/#primaryimage\"},\"thumbnailUrl\":\"https:\\\/\\\/ppdegalicia.com\\\/wp-content\\\/uploads\\\/2022\\\/11\\\/6dc3bb8ebb08f95d5d567ab9b19c7bd9.jpg\",\"articleSection\":[\"PP de Galicia\"],\"inLanguage\":\"es\",\"potentialAction\":[{\"@type\":\"CommentAction\",\"name\":\"Comment\",\"target\":[\"https:\\\/\\\/ppdegalicia.com\\\/es\\\/o-pp-recrimina-ao-goberno-central-que-nos-presupostos-de-2023-esquecera-por-completo-a-reconstrucion-da-a-6\\\/#respond\"]}]},{\"@type\":\"WebPage\",\"@id\":\"https:\\\/\\\/ppdegalicia.com\\\/es\\\/o-pp-recrimina-ao-goberno-central-que-nos-presupostos-de-2023-esquecera-por-completo-a-reconstrucion-da-a-6\\\/\",\"url\":\"https:\\\/\\\/ppdegalicia.com\\\/es\\\/o-pp-recrimina-ao-goberno-central-que-nos-presupostos-de-2023-esquecera-por-completo-a-reconstrucion-da-a-6\\\/\",\"name\":\"O PP recrimina ao Goberno central que nos Presupostos de 2023 \u201cesquecera por completo\u201d a reconstruci\u00f3n da A-6 - PP de Galicia\",\"isPartOf\":{\"@id\":\"https:\\\/\\\/ppdegalicia.com\\\/es\\\/#website\"},\"primaryImageOfPage\":{\"@id\":\"https:\\\/\\\/ppdegalicia.com\\\/es\\\/o-pp-recrimina-ao-goberno-central-que-nos-presupostos-de-2023-esquecera-por-completo-a-reconstrucion-da-a-6\\\/#primaryimage\"},\"image\":{\"@id\":\"https:\\\/\\\/ppdegalicia.com\\\/es\\\/o-pp-recrimina-ao-goberno-central-que-nos-presupostos-de-2023-esquecera-por-completo-a-reconstrucion-da-a-6\\\/#primaryimage\"},\"thumbnailUrl\":\"https:\\\/\\\/ppdegalicia.com\\\/wp-content\\\/uploads\\\/2022\\\/11\\\/6dc3bb8ebb08f95d5d567ab9b19c7bd9.jpg\",\"datePublished\":\"2022-11-17T07:58:31+00:00\",\"breadcrumb\":{\"@id\":\"https:\\\/\\\/ppdegalicia.com\\\/es\\\/o-pp-recrimina-ao-goberno-central-que-nos-presupostos-de-2023-esquecera-por-completo-a-reconstrucion-da-a-6\\\/#breadcrumb\"},\"inLanguage\":\"es\",\"potentialAction\":[{\"@type\":\"ReadAction\",\"target\":[\"https:\\\/\\\/ppdegalicia.com\\\/es\\\/o-pp-recrimina-ao-goberno-central-que-nos-presupostos-de-2023-esquecera-por-completo-a-reconstrucion-da-a-6\\\/\"]}]},{\"@type\":\"ImageObject\",\"inLanguage\":\"es\",\"@id\":\"https:\\\/\\\/ppdegalicia.com\\\/es\\\/o-pp-recrimina-ao-goberno-central-que-nos-presupostos-de-2023-esquecera-por-completo-a-reconstrucion-da-a-6\\\/#primaryimage\",\"url\":\"https:\\\/\\\/ppdegalicia.com\\\/wp-content\\\/uploads\\\/2022\\\/11\\\/6dc3bb8ebb08f95d5d567ab9b19c7bd9.jpg\",\"contentUrl\":\"https:\\\/\\\/ppdegalicia.com\\\/wp-content\\\/uploads\\\/2022\\\/11\\\/6dc3bb8ebb08f95d5d567ab9b19c7bd9.jpg\",\"width\":1600,\"height\":1066},{\"@type\":\"BreadcrumbList\",\"@id\":\"https:\\\/\\\/ppdegalicia.com\\\/es\\\/o-pp-recrimina-ao-goberno-central-que-nos-presupostos-de-2023-esquecera-por-completo-a-reconstrucion-da-a-6\\\/#breadcrumb\",\"itemListElement\":[{\"@type\":\"ListItem\",\"position\":1,\"name\":\"Portada\",\"item\":\"https:\\\/\\\/ppdegalicia.com\\\/es\\\/\"},{\"@type\":\"ListItem\",\"position\":2,\"name\":\"O PP recrimina ao Goberno central que nos Presupostos de 2023 \u201cesquecera por completo\u201d a reconstruci\u00f3n da A-6\"}]},{\"@type\":\"WebSite\",\"@id\":\"https:\\\/\\\/ppdegalicia.com\\\/es\\\/#website\",\"url\":\"https:\\\/\\\/ppdegalicia.com\\\/es\\\/\",\"name\":\"Partido Popular de Galicia\",\"description\":\"Partido Popular de Galicia\",\"publisher\":{\"@id\":\"https:\\\/\\\/ppdegalicia.com\\\/es\\\/#organization\"},\"alternateName\":\"PP de Galicia\",\"potentialAction\":[{\"@type\":\"SearchAction\",\"target\":{\"@type\":\"EntryPoint\",\"urlTemplate\":\"https:\\\/\\\/ppdegalicia.com\\\/es\\\/?s={search_term_string}\"},\"query-input\":{\"@type\":\"PropertyValueSpecification\",\"valueRequired\":true,\"valueName\":\"search_term_string\"}}],\"inLanguage\":\"es\"},{\"@type\":\"Organization\",\"@id\":\"https:\\\/\\\/ppdegalicia.com\\\/es\\\/#organization\",\"name\":\"Partido Popular de Galicia\",\"alternateName\":\"PP de Galicia\",\"url\":\"https:\\\/\\\/ppdegalicia.com\\\/es\\\/\",\"logo\":{\"@type\":\"ImageObject\",\"inLanguage\":\"es\",\"@id\":\"https:\\\/\\\/ppdegalicia.com\\\/es\\\/#\\\/schema\\\/logo\\\/image\\\/\",\"url\":\"https:\\\/\\\/ppdegalicia.com\\\/wp-content\\\/uploads\\\/2023\\\/04\\\/logoPP512.png\",\"contentUrl\":\"https:\\\/\\\/ppdegalicia.com\\\/wp-content\\\/uploads\\\/2023\\\/04\\\/logoPP512.png\",\"width\":512,\"height\":512,\"caption\":\"Partido Popular de Galicia\"},\"image\":{\"@id\":\"https:\\\/\\\/ppdegalicia.com\\\/es\\\/#\\\/schema\\\/logo\\\/image\\\/\"},\"sameAs\":[\"https:\\\/\\\/www.instagram.com\\\/ppdegalicia\\\/\",\"https:\\\/\\\/x.com\\\/ppdegalicia\",\"https:\\\/\\\/www.tiktok.com\\\/@ppdegalicia\",\"https:\\\/\\\/www.youtube.com\\\/user\\\/ppdegalicia\"]},{\"@type\":\"Person\",\"@id\":\"https:\\\/\\\/ppdegalicia.com\\\/es\\\/#\\\/schema\\\/person\\\/5b822c6f59e872ebdd1142f307dbcb59\",\"name\":\"ppdegaliciaredes\",\"image\":{\"@type\":\"ImageObject\",\"inLanguage\":\"es\",\"@id\":\"https:\\\/\\\/secure.gravatar.com\\\/avatar\\\/3c9179cf0256d00c72a48d1f25783c58b6842cd56e85ef3a572881c8e28ccd59?s=96&d=mm&r=g\",\"url\":\"https:\\\/\\\/secure.gravatar.com\\\/avatar\\\/3c9179cf0256d00c72a48d1f25783c58b6842cd56e85ef3a572881c8e28ccd59?s=96&d=mm&r=g\",\"contentUrl\":\"https:\\\/\\\/secure.gravatar.com\\\/avatar\\\/3c9179cf0256d00c72a48d1f25783c58b6842cd56e85ef3a572881c8e28ccd59?s=96&d=mm&r=g\",\"caption\":\"ppdegaliciaredes\"},\"url\":\"https:\\\/\\\/ppdegalicia.com\\\/es\\\/author\\\/ppdegaliciaredes\\\/\"}]}<\/script>\n<!-- \/ Yoast SEO plugin. -->","yoast_head_json":{"title":"O PP recrimina ao Goberno central que nos Presupostos de 2023 \u201cesquecera por completo\u201d a reconstruci\u00f3n da A-6 - PP de Galicia","robots":{"index":"index","follow":"follow","max-snippet":"max-snippet:-1","max-image-preview":"max-image-preview:large","max-video-preview":"max-video-preview:-1"},"canonical":"https:\/\/ppdegalicia.com\/es\/o-pp-recrimina-ao-goberno-central-que-nos-presupostos-de-2023-esquecera-por-completo-a-reconstrucion-da-a-6\/","og_locale":"es_ES","og_type":"article","og_title":"O PP recrimina ao Goberno central que nos Presupostos de 2023 \u201cesquecera por completo\u201d a reconstruci\u00f3n da A-6 - PP de Galicia","og_description":"O deputado galego e vicevoceiro de Infraestruturas do Grupo Parlamentario Popular, Celso Delgado, considera que as informaci\u00f3ns dadas por parte do Ministerio de Transportes sobre as causas do derrubamento en xu\u00f1o do viaduto do Castro na autov\u00eda A-6 son \u201cinsuficientes\u201d.","og_url":"https:\/\/ppdegalicia.com\/es\/o-pp-recrimina-ao-goberno-central-que-nos-presupostos-de-2023-esquecera-por-completo-a-reconstrucion-da-a-6\/","og_site_name":"PP de Galicia","article_publisher":"https:\/\/www.instagram.com\/ppdegalicia\/","article_published_time":"2022-11-17T07:58:31+00:00","og_image":[{"width":1600,"height":1066,"url":"https:\/\/ppdegalicia.com\/wp-content\/uploads\/2022\/11\/6dc3bb8ebb08f95d5d567ab9b19c7bd9.jpg","type":"image\/jpeg"}],"author":"ppdegaliciaredes","twitter_card":"summary_large_image","twitter_creator":"@ppdegalicia","twitter_site":"@ppdegalicia","twitter_misc":{"Escrito por":"ppdegaliciaredes","Tiempo de lectura":"1 minuto"},"schema":{"@context":"https:\/\/schema.org","@graph":[{"@type":"Article","@id":"https:\/\/ppdegalicia.com\/es\/o-pp-recrimina-ao-goberno-central-que-nos-presupostos-de-2023-esquecera-por-completo-a-reconstrucion-da-a-6\/#article","isPartOf":{"@id":"https:\/\/ppdegalicia.com\/es\/o-pp-recrimina-ao-goberno-central-que-nos-presupostos-de-2023-esquecera-por-completo-a-reconstrucion-da-a-6\/"},"author":{"name":"ppdegaliciaredes","@id":"https:\/\/ppdegalicia.com\/es\/#\/schema\/person\/5b822c6f59e872ebdd1142f307dbcb59"},"headline":"O PP recrimina ao Goberno central que nos Presupostos de 2023 \u201cesquecera por completo\u201d a reconstruci\u00f3n da A-6","datePublished":"2022-11-17T07:58:31+00:00","mainEntityOfPage":{"@id":"https:\/\/ppdegalicia.com\/es\/o-pp-recrimina-ao-goberno-central-que-nos-presupostos-de-2023-esquecera-por-completo-a-reconstrucion-da-a-6\/"},"wordCount":260,"commentCount":0,"publisher":{"@id":"https:\/\/ppdegalicia.com\/es\/#organization"},"image":{"@id":"https:\/\/ppdegalicia.com\/es\/o-pp-recrimina-ao-goberno-central-que-nos-presupostos-de-2023-esquecera-por-completo-a-reconstrucion-da-a-6\/#primaryimage"},"thumbnailUrl":"https:\/\/ppdegalicia.com\/wp-content\/uploads\/2022\/11\/6dc3bb8ebb08f95d5d567ab9b19c7bd9.jpg","articleSection":["PP de Galicia"],"inLanguage":"es","potentialAction":[{"@type":"CommentAction","name":"Comment","target":["https:\/\/ppdegalicia.com\/es\/o-pp-recrimina-ao-goberno-central-que-nos-presupostos-de-2023-esquecera-por-completo-a-reconstrucion-da-a-6\/#respond"]}]},{"@type":"WebPage","@id":"https:\/\/ppdegalicia.com\/es\/o-pp-recrimina-ao-goberno-central-que-nos-presupostos-de-2023-esquecera-por-completo-a-reconstrucion-da-a-6\/","url":"https:\/\/ppdegalicia.com\/es\/o-pp-recrimina-ao-goberno-central-que-nos-presupostos-de-2023-esquecera-por-completo-a-reconstrucion-da-a-6\/","name":"O PP recrimina ao Goberno central que nos Presupostos de 2023 \u201cesquecera por completo\u201d a reconstruci\u00f3n da A-6 - PP de Galicia","isPartOf":{"@id":"https:\/\/ppdegalicia.com\/es\/#website"},"primaryImageOfPage":{"@id":"https:\/\/ppdegalicia.com\/es\/o-pp-recrimina-ao-goberno-central-que-nos-presupostos-de-2023-esquecera-por-completo-a-reconstrucion-da-a-6\/#primaryimage"},"image":{"@id":"https:\/\/ppdegalicia.com\/es\/o-pp-recrimina-ao-goberno-central-que-nos-presupostos-de-2023-esquecera-por-completo-a-reconstrucion-da-a-6\/#primaryimage"},"thumbnailUrl":"https:\/\/ppdegalicia.com\/wp-content\/uploads\/2022\/11\/6dc3bb8ebb08f95d5d567ab9b19c7bd9.jpg","datePublished":"2022-11-17T07:58:31+00:00","breadcrumb":{"@id":"https:\/\/ppdegalicia.com\/es\/o-pp-recrimina-ao-goberno-central-que-nos-presupostos-de-2023-esquecera-por-completo-a-reconstrucion-da-a-6\/#breadcrumb"},"inLanguage":"es","potentialAction":[{"@type":"ReadAction","target":["https:\/\/ppdegalicia.com\/es\/o-pp-recrimina-ao-goberno-central-que-nos-presupostos-de-2023-esquecera-por-completo-a-reconstrucion-da-a-6\/"]}]},{"@type":"ImageObject","inLanguage":"es","@id":"https:\/\/ppdegalicia.com\/es\/o-pp-recrimina-ao-goberno-central-que-nos-presupostos-de-2023-esquecera-por-completo-a-reconstrucion-da-a-6\/#primaryimage","url":"https:\/\/ppdegalicia.com\/wp-content\/uploads\/2022\/11\/6dc3bb8ebb08f95d5d567ab9b19c7bd9.jpg","contentUrl":"https:\/\/ppdegalicia.com\/wp-content\/uploads\/2022\/11\/6dc3bb8ebb08f95d5d567ab9b19c7bd9.jpg","width":1600,"height":1066},{"@type":"BreadcrumbList","@id":"https:\/\/ppdegalicia.com\/es\/o-pp-recrimina-ao-goberno-central-que-nos-presupostos-de-2023-esquecera-por-completo-a-reconstrucion-da-a-6\/#breadcrumb","itemListElement":[{"@type":"ListItem","position":1,"name":"Portada","item":"https:\/\/ppdegalicia.com\/es\/"},{"@type":"ListItem","position":2,"name":"O PP recrimina ao Goberno central que nos Presupostos de 2023 \u201cesquecera por completo\u201d a reconstruci\u00f3n da A-6"}]},{"@type":"WebSite","@id":"https:\/\/ppdegalicia.com\/es\/#website","url":"https:\/\/ppdegalicia.com\/es\/","name":"Partido Popular de Galicia","description":"Partido Popular de Galicia","publisher":{"@id":"https:\/\/ppdegalicia.com\/es\/#organization"},"alternateName":"PP de Galicia","potentialAction":[{"@type":"SearchAction","target":{"@type":"EntryPoint","urlTemplate":"https:\/\/ppdegalicia.com\/es\/?s={search_term_string}"},"query-input":{"@type":"PropertyValueSpecification","valueRequired":true,"valueName":"search_term_string"}}],"inLanguage":"es"},{"@type":"Organization","@id":"https:\/\/ppdegalicia.com\/es\/#organization","name":"Partido Popular de Galicia","alternateName":"PP de Galicia","url":"https:\/\/ppdegalicia.com\/es\/","logo":{"@type":"ImageObject","inLanguage":"es","@id":"https:\/\/ppdegalicia.com\/es\/#\/schema\/logo\/image\/","url":"https:\/\/ppdegalicia.com\/wp-content\/uploads\/2023\/04\/logoPP512.png","contentUrl":"https:\/\/ppdegalicia.com\/wp-content\/uploads\/2023\/04\/logoPP512.png","width":512,"height":512,"caption":"Partido Popular de Galicia"},"image":{"@id":"https:\/\/ppdegalicia.com\/es\/#\/schema\/logo\/image\/"},"sameAs":["https:\/\/www.instagram.com\/ppdegalicia\/","https:\/\/x.com\/ppdegalicia","https:\/\/www.tiktok.com\/@ppdegalicia","https:\/\/www.youtube.com\/user\/ppdegalicia"]},{"@type":"Person","@id":"https:\/\/ppdegalicia.com\/es\/#\/schema\/person\/5b822c6f59e872ebdd1142f307dbcb59","name":"ppdegaliciaredes","image":{"@type":"ImageObject","inLanguage":"es","@id":"https:\/\/secure.gravatar.com\/avatar\/3c9179cf0256d00c72a48d1f25783c58b6842cd56e85ef3a572881c8e28ccd59?s=96&d=mm&r=g","url":"https:\/\/secure.gravatar.com\/avatar\/3c9179cf0256d00c72a48d1f25783c58b6842cd56e85ef3a572881c8e28ccd59?s=96&d=mm&r=g","contentUrl":"https:\/\/secure.gravatar.com\/avatar\/3c9179cf0256d00c72a48d1f25783c58b6842cd56e85ef3a572881c8e28ccd59?s=96&d=mm&r=g","caption":"ppdegaliciaredes"},"url":"https:\/\/ppdegalicia.com\/es\/author\/ppdegaliciaredes\/"}]}},"_links":{"self":[{"href":"https:\/\/ppdegalicia.com\/es\/wp-json\/wp\/v2\/posts\/57659","targetHints":{"allow":["GET"]}}],"collection":[{"href":"https:\/\/ppdegalicia.com\/es\/wp-json\/wp\/v2\/posts"}],"about":[{"href":"https:\/\/ppdegalicia.com\/es\/wp-json\/wp\/v2\/types\/post"}],"author":[{"embeddable":true,"href":"https:\/\/ppdegalicia.com\/es\/wp-json\/wp\/v2\/users\/38"}],"replies":[{"embeddable":true,"href":"https:\/\/ppdegalicia.com\/es\/wp-json\/wp\/v2\/comments?post=57659"}],"version-history":[{"count":0,"href":"https:\/\/ppdegalicia.com\/es\/wp-json\/wp\/v2\/posts\/57659\/revisions"}],"wp:featuredmedia":[{"embeddable":true,"href":"https:\/\/ppdegalicia.com\/es\/wp-json\/wp\/v2\/media\/57658"}],"wp:attachment":[{"href":"https:\/\/ppdegalicia.com\/es\/wp-json\/wp\/v2\/media?parent=57659"}],"wp:term":[{"taxonomy":"category","embeddable":true,"href":"https:\/\/ppdegalicia.com\/es\/wp-json\/wp\/v2\/categories?post=57659"},{"taxonomy":"post_tag","embeddable":true,"href":"https:\/\/ppdegalicia.com\/es\/wp-json\/wp\/v2\/tags?post=57659"}],"curies":[{"name":"wp","href":"https:\/\/api.w.org\/{rel}","templated":true}]}}