{"id":57663,"date":"2022-11-18T12:59:09","date_gmt":"2022-11-18T10:59:09","guid":{"rendered":"https:\/\/ppdegalicia.com\/paula-prado-tacha-de-chapuza-a-lei-do-so-si-e-si-e-asegura-que-se-estan-deixando-desprotexidas-as-mulleres-e-soas-as-vitimas\/"},"modified":"2022-11-18T12:59:09","modified_gmt":"2022-11-18T10:59:09","slug":"paula-prado-tacha-de-chapuza-a-lei-do-so-si-e-si-e-asegura-que-se-estan-deixando-desprotexidas-as-mulleres-e-soas-as-vitimas","status":"publish","type":"post","link":"https:\/\/ppdegalicia.com\/es\/paula-prado-tacha-de-chapuza-a-lei-do-so-si-e-si-e-asegura-que-se-estan-deixando-desprotexidas-as-mulleres-e-soas-as-vitimas\/","title":{"rendered":"Paula Prado tacha de \u201cchapuza\u201d a Lei do \u2018s\u00f3 si \u00e9 si\u2019 e asegura que se est\u00e1n deixando \u201cdesprotexidas \u00e1s mulleres e soas \u00e1s v\u00edtimas\u201d"},"content":{"rendered":"<p><img fetchpriority=\"high\" decoding=\"async\" class=\" size-full wp-image-57662\" src=\"https:\/\/ppdegalicia.com\/wp-content\/uploads\/2022\/11\/8644cc8384d0dcea9b199467f41ec4e6-scaled.jpg\" alt=\"\" width=\"2560\" height=\"1564\" srcset=\"https:\/\/ppdegalicia.com\/wp-content\/uploads\/2022\/11\/8644cc8384d0dcea9b199467f41ec4e6-scaled.jpg 2560w, https:\/\/ppdegalicia.com\/wp-content\/uploads\/2022\/11\/8644cc8384d0dcea9b199467f41ec4e6-300x183.jpg 300w, https:\/\/ppdegalicia.com\/wp-content\/uploads\/2022\/11\/8644cc8384d0dcea9b199467f41ec4e6-1024x626.jpg 1024w, https:\/\/ppdegalicia.com\/wp-content\/uploads\/2022\/11\/8644cc8384d0dcea9b199467f41ec4e6-768x469.jpg 768w, https:\/\/ppdegalicia.com\/wp-content\/uploads\/2022\/11\/8644cc8384d0dcea9b199467f41ec4e6-1536x939.jpg 1536w, https:\/\/ppdegalicia.com\/wp-content\/uploads\/2022\/11\/8644cc8384d0dcea9b199467f41ec4e6-2048x1251.jpg 2048w\" sizes=\"(max-width: 2560px) 100vw, 2560px\" \/><\/p>\n<p>A secretaria xeral do Partido Popular de Galicia, Paula Prado, asegurou hoxe nunha rolda de prensa na sede auton\u00f3mica do partido que a Lei do \u2018s\u00f3 si \u00e9 si\u2019 \u00e9 unha \u201cchapuza lexislativa\u201d que est\u00e1 deixando \u201cdesprotexidas \u00e1s mulleres e soas as v\u00edtimas\u201d. De a\u00ed que os populares galegos pidan a dimisi\u00f3n da ministra de Igualdade, Irene Montero, da ministra de Xustiza, Pilar Llop; as\u00ed como a reprobaci\u00f3n de todo o Consello de Ministros por considerar que \u201cS\u00e1nchez e todos e cada un dos seus ministros son responsables desta chapuza lexislativa\u201d.<\/p>\n<p><!--more--><\/p>\n<p>Prado considera \u201cvergo\u00f1ento\u201d que o Goberno central \u201cse dedique a buscar culpables en lugar de asumir o seu erro\u201d e que \u201cse chegue ao extremo de acusar aos xu\u00edces de machismo por aplicar unha lei que eles mesmos aprobaron\u201d. Apuntando ademais que tanto os xuristas como o Partido Popular \u2013 entre outros, a deputada galega Marta Gonz\u00e1lez \u2013 advertiran desde o inicio da tramitaci\u00f3n desta norma das consecuencias que poder\u00eda ter esta lei se se aprobaba nestes termos: \u201cPor desgraza para as mulleres e para as v\u00edtimas, os nosos peores presaxios cumpr\u00edronse\u201d.<\/p>\n<p>Recordou ademais que o BNG foi un dos partidos que defenderon e votaron a favor desta norma no Congreso a trav\u00e9s do seu \u00fanico deputado, N\u00e9stor Rego. Por iso considera que \u201cdeben asumir o erro de ter apoiado esta lei que deixa abandonadas \u00e1s mulleres de agresi\u00f3ns sexuais\u201d.<\/p>\n<p>\u201cA pesar de que xa estamos acostumados \u00e1s pol\u00edticas dun Goberno central que non \u00e9 o da xente, sen\u00f3n contra a xente, estou absolutamente sorprendida da deriva que tomou nos \u00faltimos d\u00edas\u201d, asegurou a secretaria xeral do PPdeG antes de citar como exemplo o feito de que Pedro S\u00e1nchez confirmase que \u201cest\u00e1 ao car\u00f3n do independentismo catal\u00e1n e non da Constituci\u00f3n\u201d, facendo referencia as\u00ed \u00e1 modificaci\u00f3n do C\u00f3digo Penal para rebaixar o delito de sedici\u00f3n. \u201cNa s\u00faa orde de prioridades a sedici\u00f3n est\u00e1 por riba da protecci\u00f3n \u00e1s mulleres\u201d, conclu\u00edu.<\/p>\n<p>\u00a0<\/p>\n<p><strong>\u201cA VERDADEIRA PEAXE \u00c9 O GOBERNO DE S\u00c1NCHEZ\u201d<\/strong><\/p>\n<p>A continuaci\u00f3n centrou as s\u00faas cr\u00edticas no \u201cataque a Galicia e ao peto dos galegos\u201d que sup\u00f3n a \u201chist\u00f3rica\u201d suba das peaxes estatais. Unha medida que, segundo Paula Prado, tratar\u00edase dunha \u201cdecisi\u00f3n pol\u00edtica sen p\u00e9s nin cabeza\u201d e supor\u00eda \u201cse o Goberno central non o remedia\u201d unha suba do 8% no caso da AP-53 e do 9% na AP-9.<\/p>\n<p>Reprochou ademais aos catro alcaldes socialistas das cidades do Eixo Atl\u00e1ntico que non conseguiran que S\u00e1nchez conxelara o custo das peaxes e asegurou que este \u00e9 o \u201cverdadeiro prezo de confiar no PSOE\u201d. Conclu\u00edndo neste sentido que \u201ca verdadeira peaxe que ten que pagar Galicia \u00e9 o Goberno de Pedro S\u00e1nchez\u201d.<\/p>\n<p>\u201cDesde o Partido Popular pregunt\u00e1monos por que o Goberno central non preveu nos Presupostos Xerais do Estado de 2023 o impacto da suba das peaxes no peto das familias e na competitividade das empresas como si preveu a Xunta\u201d, cuestionou a secretaria xeral do PPdeG \u00e1 hora de po\u00f1er en valor a conxelaci\u00f3n das peaxes nas autoestradas de titularidade auton\u00f3mica en 2023 aprobada polo Goberno galego.<\/p>\n<p>De a\u00ed que os populares galegos vaian pedir ao Goberno central que adopte \u201cmedidas encami\u00f1adas a limitar as subas das peaxes nas estradas estatais\u201d. Farano a trav\u00e9s dunha moci\u00f3n nos plenos municipais e nas deputaci\u00f3ns provinciais e levar\u00e1n tam\u00e9n a petici\u00f3n ao Parlamento de Galicia e \u00e1s Cortes Xerais.<\/p>\n<p>\u201cAgardamos tam\u00e9n que o BNG sexa responsable e non vote a favor duns Presupostos nos que se consuma este novo golpe ao peto dos galegos e das galegas\u201d, engadiu a secretaria xeral do PPdeG.<\/p>\n<p><strong><u>\u00a0<\/u><\/strong><\/p>\n<p><strong>HOMENAXE A MANUEL FRAGA NO CENTENARIO DO SEU NACEMENTO<\/strong><\/p>\n<p>Paula Prado aproveitou a s\u00faa comparecencia para anunciar tam\u00e9n que o vindeiro m\u00e9rcores, 23 de novembro, os populares galegos render\u00e1n homenaxe a Manuel Fraga no d\u00eda que cumprir\u00eda 100 anos.<\/p>\n<p>\u201cDon Manuel Fraga merece a nosa honra porque grazas a el, en gran parte, o Partido Popular de Galicia est\u00e1 hoxe onde est\u00e1, liderando a Comunidade galega cun apoio maioritario desde hai 13 anos\u201d, engadiu neste sentido.<\/p>\n<p>Ser\u00e1 unha homenaxe na s\u00faa vila natal, Vilalba, a trav\u00e9s da cal desde o PPdeG queren \u201creivindicar a figura do fundador do Partido Popular e dun dos pais da Constituci\u00f3n espa\u00f1ola\u201d.<\/p>\n","protected":false},"excerpt":{"rendered":"<p>A secretaria xeral do Partido Popular de Galicia, Paula Prado, asegurou hoxe nunha rolda de prensa na sede auton\u00f3mica do partido que a Lei do \u2018s\u00f3 si \u00e9 si\u2019 \u00e9 unha \u201cchapuza lexislativa\u201d que est\u00e1 deixando \u201cdesprotexidas \u00e1s mulleres e soas as v\u00edtimas\u201d. De a\u00ed que os populares galegos pidan a dimisi\u00f3n da ministra de [&hellip;]<\/p>\n","protected":false},"author":38,"featured_media":57662,"comment_status":"open","ping_status":"open","sticky":false,"template":"","format":"standard","meta":{"_acf_changed":false,"footnotes":""},"categories":[1],"tags":[],"class_list":["post-57663","post","type-post","status-publish","format-standard","has-post-thumbnail","hentry","category-pp-de-galicia"],"acf":[],"yoast_head":"<!-- This site is optimized with the Yoast SEO plugin v27.3 - https:\/\/yoast.com\/product\/yoast-seo-wordpress\/ -->\n<title>Paula Prado tacha de \u201cchapuza\u201d a Lei do \u2018s\u00f3 si \u00e9 si\u2019 e asegura que se est\u00e1n deixando \u201cdesprotexidas \u00e1s mulleres e soas \u00e1s v\u00edtimas\u201d - PP de Galicia<\/title>\n<meta name=\"robots\" content=\"index, follow, max-snippet:-1, max-image-preview:large, max-video-preview:-1\" \/>\n<link rel=\"canonical\" href=\"https:\/\/ppdegalicia.com\/es\/paula-prado-tacha-de-chapuza-a-lei-do-so-si-e-si-e-asegura-que-se-estan-deixando-desprotexidas-as-mulleres-e-soas-as-vitimas\/\" \/>\n<meta property=\"og:locale\" content=\"es_ES\" \/>\n<meta property=\"og:type\" content=\"article\" \/>\n<meta property=\"og:title\" content=\"Paula Prado tacha de \u201cchapuza\u201d a Lei do \u2018s\u00f3 si \u00e9 si\u2019 e asegura que se est\u00e1n deixando \u201cdesprotexidas \u00e1s mulleres e soas \u00e1s v\u00edtimas\u201d - PP de Galicia\" \/>\n<meta property=\"og:description\" content=\"A secretaria xeral do Partido Popular de Galicia, Paula Prado, asegurou hoxe nunha rolda de prensa na sede auton\u00f3mica do partido que a Lei do \u2018s\u00f3 si \u00e9 si\u2019 \u00e9 unha \u201cchapuza lexislativa\u201d que est\u00e1 deixando \u201cdesprotexidas \u00e1s mulleres e soas as v\u00edtimas\u201d. De a\u00ed que os populares galegos pidan a dimisi\u00f3n da ministra de [&hellip;]\" \/>\n<meta property=\"og:url\" content=\"https:\/\/ppdegalicia.com\/es\/paula-prado-tacha-de-chapuza-a-lei-do-so-si-e-si-e-asegura-que-se-estan-deixando-desprotexidas-as-mulleres-e-soas-as-vitimas\/\" \/>\n<meta property=\"og:site_name\" content=\"PP de Galicia\" \/>\n<meta property=\"article:publisher\" content=\"https:\/\/www.instagram.com\/ppdegalicia\/\" \/>\n<meta property=\"article:published_time\" content=\"2022-11-18T10:59:09+00:00\" \/>\n<meta property=\"og:image\" content=\"https:\/\/ppdegalicia.com\/wp-content\/uploads\/2022\/11\/8644cc8384d0dcea9b199467f41ec4e6-scaled.jpg\" \/>\n\t<meta property=\"og:image:width\" content=\"2560\" \/>\n\t<meta property=\"og:image:height\" content=\"1564\" \/>\n\t<meta property=\"og:image:type\" content=\"image\/jpeg\" \/>\n<meta name=\"author\" content=\"ppdegaliciaredes\" \/>\n<meta name=\"twitter:card\" content=\"summary_large_image\" \/>\n<meta name=\"twitter:creator\" content=\"@ppdegalicia\" \/>\n<meta name=\"twitter:site\" content=\"@ppdegalicia\" \/>\n<meta name=\"twitter:label1\" content=\"Escrito por\" \/>\n\t<meta name=\"twitter:data1\" content=\"ppdegaliciaredes\" \/>\n\t<meta name=\"twitter:label2\" content=\"Tiempo de lectura\" \/>\n\t<meta name=\"twitter:data2\" content=\"4 minutos\" \/>\n<script type=\"application\/ld+json\" class=\"yoast-schema-graph\">{\"@context\":\"https:\\\/\\\/schema.org\",\"@graph\":[{\"@type\":\"Article\",\"@id\":\"https:\\\/\\\/ppdegalicia.com\\\/es\\\/paula-prado-tacha-de-chapuza-a-lei-do-so-si-e-si-e-asegura-que-se-estan-deixando-desprotexidas-as-mulleres-e-soas-as-vitimas\\\/#article\",\"isPartOf\":{\"@id\":\"https:\\\/\\\/ppdegalicia.com\\\/es\\\/paula-prado-tacha-de-chapuza-a-lei-do-so-si-e-si-e-asegura-que-se-estan-deixando-desprotexidas-as-mulleres-e-soas-as-vitimas\\\/\"},\"author\":{\"name\":\"ppdegaliciaredes\",\"@id\":\"https:\\\/\\\/ppdegalicia.com\\\/es\\\/#\\\/schema\\\/person\\\/5b822c6f59e872ebdd1142f307dbcb59\"},\"headline\":\"Paula Prado tacha de \u201cchapuza\u201d a Lei do \u2018s\u00f3 si \u00e9 si\u2019 e asegura que se est\u00e1n deixando \u201cdesprotexidas \u00e1s mulleres e soas \u00e1s v\u00edtimas\u201d\",\"datePublished\":\"2022-11-18T10:59:09+00:00\",\"mainEntityOfPage\":{\"@id\":\"https:\\\/\\\/ppdegalicia.com\\\/es\\\/paula-prado-tacha-de-chapuza-a-lei-do-so-si-e-si-e-asegura-que-se-estan-deixando-desprotexidas-as-mulleres-e-soas-as-vitimas\\\/\"},\"wordCount\":770,\"commentCount\":0,\"publisher\":{\"@id\":\"https:\\\/\\\/ppdegalicia.com\\\/es\\\/#organization\"},\"image\":{\"@id\":\"https:\\\/\\\/ppdegalicia.com\\\/es\\\/paula-prado-tacha-de-chapuza-a-lei-do-so-si-e-si-e-asegura-que-se-estan-deixando-desprotexidas-as-mulleres-e-soas-as-vitimas\\\/#primaryimage\"},\"thumbnailUrl\":\"https:\\\/\\\/ppdegalicia.com\\\/wp-content\\\/uploads\\\/2022\\\/11\\\/8644cc8384d0dcea9b199467f41ec4e6-scaled.jpg\",\"articleSection\":[\"PP de Galicia\"],\"inLanguage\":\"es\",\"potentialAction\":[{\"@type\":\"CommentAction\",\"name\":\"Comment\",\"target\":[\"https:\\\/\\\/ppdegalicia.com\\\/es\\\/paula-prado-tacha-de-chapuza-a-lei-do-so-si-e-si-e-asegura-que-se-estan-deixando-desprotexidas-as-mulleres-e-soas-as-vitimas\\\/#respond\"]}]},{\"@type\":\"WebPage\",\"@id\":\"https:\\\/\\\/ppdegalicia.com\\\/es\\\/paula-prado-tacha-de-chapuza-a-lei-do-so-si-e-si-e-asegura-que-se-estan-deixando-desprotexidas-as-mulleres-e-soas-as-vitimas\\\/\",\"url\":\"https:\\\/\\\/ppdegalicia.com\\\/es\\\/paula-prado-tacha-de-chapuza-a-lei-do-so-si-e-si-e-asegura-que-se-estan-deixando-desprotexidas-as-mulleres-e-soas-as-vitimas\\\/\",\"name\":\"Paula Prado tacha de \u201cchapuza\u201d a Lei do \u2018s\u00f3 si \u00e9 si\u2019 e asegura que se est\u00e1n deixando \u201cdesprotexidas \u00e1s mulleres e soas \u00e1s v\u00edtimas\u201d - PP de Galicia\",\"isPartOf\":{\"@id\":\"https:\\\/\\\/ppdegalicia.com\\\/es\\\/#website\"},\"primaryImageOfPage\":{\"@id\":\"https:\\\/\\\/ppdegalicia.com\\\/es\\\/paula-prado-tacha-de-chapuza-a-lei-do-so-si-e-si-e-asegura-que-se-estan-deixando-desprotexidas-as-mulleres-e-soas-as-vitimas\\\/#primaryimage\"},\"image\":{\"@id\":\"https:\\\/\\\/ppdegalicia.com\\\/es\\\/paula-prado-tacha-de-chapuza-a-lei-do-so-si-e-si-e-asegura-que-se-estan-deixando-desprotexidas-as-mulleres-e-soas-as-vitimas\\\/#primaryimage\"},\"thumbnailUrl\":\"https:\\\/\\\/ppdegalicia.com\\\/wp-content\\\/uploads\\\/2022\\\/11\\\/8644cc8384d0dcea9b199467f41ec4e6-scaled.jpg\",\"datePublished\":\"2022-11-18T10:59:09+00:00\",\"breadcrumb\":{\"@id\":\"https:\\\/\\\/ppdegalicia.com\\\/es\\\/paula-prado-tacha-de-chapuza-a-lei-do-so-si-e-si-e-asegura-que-se-estan-deixando-desprotexidas-as-mulleres-e-soas-as-vitimas\\\/#breadcrumb\"},\"inLanguage\":\"es\",\"potentialAction\":[{\"@type\":\"ReadAction\",\"target\":[\"https:\\\/\\\/ppdegalicia.com\\\/es\\\/paula-prado-tacha-de-chapuza-a-lei-do-so-si-e-si-e-asegura-que-se-estan-deixando-desprotexidas-as-mulleres-e-soas-as-vitimas\\\/\"]}]},{\"@type\":\"ImageObject\",\"inLanguage\":\"es\",\"@id\":\"https:\\\/\\\/ppdegalicia.com\\\/es\\\/paula-prado-tacha-de-chapuza-a-lei-do-so-si-e-si-e-asegura-que-se-estan-deixando-desprotexidas-as-mulleres-e-soas-as-vitimas\\\/#primaryimage\",\"url\":\"https:\\\/\\\/ppdegalicia.com\\\/wp-content\\\/uploads\\\/2022\\\/11\\\/8644cc8384d0dcea9b199467f41ec4e6-scaled.jpg\",\"contentUrl\":\"https:\\\/\\\/ppdegalicia.com\\\/wp-content\\\/uploads\\\/2022\\\/11\\\/8644cc8384d0dcea9b199467f41ec4e6-scaled.jpg\",\"width\":2560,\"height\":1564},{\"@type\":\"BreadcrumbList\",\"@id\":\"https:\\\/\\\/ppdegalicia.com\\\/es\\\/paula-prado-tacha-de-chapuza-a-lei-do-so-si-e-si-e-asegura-que-se-estan-deixando-desprotexidas-as-mulleres-e-soas-as-vitimas\\\/#breadcrumb\",\"itemListElement\":[{\"@type\":\"ListItem\",\"position\":1,\"name\":\"Portada\",\"item\":\"https:\\\/\\\/ppdegalicia.com\\\/es\\\/\"},{\"@type\":\"ListItem\",\"position\":2,\"name\":\"Paula Prado tacha de \u201cchapuza\u201d a Lei do \u2018s\u00f3 si \u00e9 si\u2019 e asegura que se est\u00e1n deixando \u201cdesprotexidas \u00e1s mulleres e soas \u00e1s v\u00edtimas\u201d\"}]},{\"@type\":\"WebSite\",\"@id\":\"https:\\\/\\\/ppdegalicia.com\\\/es\\\/#website\",\"url\":\"https:\\\/\\\/ppdegalicia.com\\\/es\\\/\",\"name\":\"Partido Popular de Galicia\",\"description\":\"Partido Popular de Galicia\",\"publisher\":{\"@id\":\"https:\\\/\\\/ppdegalicia.com\\\/es\\\/#organization\"},\"alternateName\":\"PP de Galicia\",\"potentialAction\":[{\"@type\":\"SearchAction\",\"target\":{\"@type\":\"EntryPoint\",\"urlTemplate\":\"https:\\\/\\\/ppdegalicia.com\\\/es\\\/?s={search_term_string}\"},\"query-input\":{\"@type\":\"PropertyValueSpecification\",\"valueRequired\":true,\"valueName\":\"search_term_string\"}}],\"inLanguage\":\"es\"},{\"@type\":\"Organization\",\"@id\":\"https:\\\/\\\/ppdegalicia.com\\\/es\\\/#organization\",\"name\":\"Partido Popular de Galicia\",\"alternateName\":\"PP de Galicia\",\"url\":\"https:\\\/\\\/ppdegalicia.com\\\/es\\\/\",\"logo\":{\"@type\":\"ImageObject\",\"inLanguage\":\"es\",\"@id\":\"https:\\\/\\\/ppdegalicia.com\\\/es\\\/#\\\/schema\\\/logo\\\/image\\\/\",\"url\":\"https:\\\/\\\/ppdegalicia.com\\\/wp-content\\\/uploads\\\/2023\\\/04\\\/logoPP512.png\",\"contentUrl\":\"https:\\\/\\\/ppdegalicia.com\\\/wp-content\\\/uploads\\\/2023\\\/04\\\/logoPP512.png\",\"width\":512,\"height\":512,\"caption\":\"Partido Popular de Galicia\"},\"image\":{\"@id\":\"https:\\\/\\\/ppdegalicia.com\\\/es\\\/#\\\/schema\\\/logo\\\/image\\\/\"},\"sameAs\":[\"https:\\\/\\\/www.instagram.com\\\/ppdegalicia\\\/\",\"https:\\\/\\\/x.com\\\/ppdegalicia\",\"https:\\\/\\\/www.tiktok.com\\\/@ppdegalicia\",\"https:\\\/\\\/www.youtube.com\\\/user\\\/ppdegalicia\"]},{\"@type\":\"Person\",\"@id\":\"https:\\\/\\\/ppdegalicia.com\\\/es\\\/#\\\/schema\\\/person\\\/5b822c6f59e872ebdd1142f307dbcb59\",\"name\":\"ppdegaliciaredes\",\"image\":{\"@type\":\"ImageObject\",\"inLanguage\":\"es\",\"@id\":\"https:\\\/\\\/secure.gravatar.com\\\/avatar\\\/3c9179cf0256d00c72a48d1f25783c58b6842cd56e85ef3a572881c8e28ccd59?s=96&d=mm&r=g\",\"url\":\"https:\\\/\\\/secure.gravatar.com\\\/avatar\\\/3c9179cf0256d00c72a48d1f25783c58b6842cd56e85ef3a572881c8e28ccd59?s=96&d=mm&r=g\",\"contentUrl\":\"https:\\\/\\\/secure.gravatar.com\\\/avatar\\\/3c9179cf0256d00c72a48d1f25783c58b6842cd56e85ef3a572881c8e28ccd59?s=96&d=mm&r=g\",\"caption\":\"ppdegaliciaredes\"},\"url\":\"https:\\\/\\\/ppdegalicia.com\\\/es\\\/author\\\/ppdegaliciaredes\\\/\"}]}<\/script>\n<!-- \/ Yoast SEO plugin. -->","yoast_head_json":{"title":"Paula Prado tacha de \u201cchapuza\u201d a Lei do \u2018s\u00f3 si \u00e9 si\u2019 e asegura que se est\u00e1n deixando \u201cdesprotexidas \u00e1s mulleres e soas \u00e1s v\u00edtimas\u201d - PP de Galicia","robots":{"index":"index","follow":"follow","max-snippet":"max-snippet:-1","max-image-preview":"max-image-preview:large","max-video-preview":"max-video-preview:-1"},"canonical":"https:\/\/ppdegalicia.com\/es\/paula-prado-tacha-de-chapuza-a-lei-do-so-si-e-si-e-asegura-que-se-estan-deixando-desprotexidas-as-mulleres-e-soas-as-vitimas\/","og_locale":"es_ES","og_type":"article","og_title":"Paula Prado tacha de \u201cchapuza\u201d a Lei do \u2018s\u00f3 si \u00e9 si\u2019 e asegura que se est\u00e1n deixando \u201cdesprotexidas \u00e1s mulleres e soas \u00e1s v\u00edtimas\u201d - PP de Galicia","og_description":"A secretaria xeral do Partido Popular de Galicia, Paula Prado, asegurou hoxe nunha rolda de prensa na sede auton\u00f3mica do partido que a Lei do \u2018s\u00f3 si \u00e9 si\u2019 \u00e9 unha \u201cchapuza lexislativa\u201d que est\u00e1 deixando \u201cdesprotexidas \u00e1s mulleres e soas as v\u00edtimas\u201d. De a\u00ed que os populares galegos pidan a dimisi\u00f3n da ministra de [&hellip;]","og_url":"https:\/\/ppdegalicia.com\/es\/paula-prado-tacha-de-chapuza-a-lei-do-so-si-e-si-e-asegura-que-se-estan-deixando-desprotexidas-as-mulleres-e-soas-as-vitimas\/","og_site_name":"PP de Galicia","article_publisher":"https:\/\/www.instagram.com\/ppdegalicia\/","article_published_time":"2022-11-18T10:59:09+00:00","og_image":[{"width":2560,"height":1564,"url":"https:\/\/ppdegalicia.com\/wp-content\/uploads\/2022\/11\/8644cc8384d0dcea9b199467f41ec4e6-scaled.jpg","type":"image\/jpeg"}],"author":"ppdegaliciaredes","twitter_card":"summary_large_image","twitter_creator":"@ppdegalicia","twitter_site":"@ppdegalicia","twitter_misc":{"Escrito por":"ppdegaliciaredes","Tiempo de lectura":"4 minutos"},"schema":{"@context":"https:\/\/schema.org","@graph":[{"@type":"Article","@id":"https:\/\/ppdegalicia.com\/es\/paula-prado-tacha-de-chapuza-a-lei-do-so-si-e-si-e-asegura-que-se-estan-deixando-desprotexidas-as-mulleres-e-soas-as-vitimas\/#article","isPartOf":{"@id":"https:\/\/ppdegalicia.com\/es\/paula-prado-tacha-de-chapuza-a-lei-do-so-si-e-si-e-asegura-que-se-estan-deixando-desprotexidas-as-mulleres-e-soas-as-vitimas\/"},"author":{"name":"ppdegaliciaredes","@id":"https:\/\/ppdegalicia.com\/es\/#\/schema\/person\/5b822c6f59e872ebdd1142f307dbcb59"},"headline":"Paula Prado tacha de \u201cchapuza\u201d a Lei do \u2018s\u00f3 si \u00e9 si\u2019 e asegura que se est\u00e1n deixando \u201cdesprotexidas \u00e1s mulleres e soas \u00e1s v\u00edtimas\u201d","datePublished":"2022-11-18T10:59:09+00:00","mainEntityOfPage":{"@id":"https:\/\/ppdegalicia.com\/es\/paula-prado-tacha-de-chapuza-a-lei-do-so-si-e-si-e-asegura-que-se-estan-deixando-desprotexidas-as-mulleres-e-soas-as-vitimas\/"},"wordCount":770,"commentCount":0,"publisher":{"@id":"https:\/\/ppdegalicia.com\/es\/#organization"},"image":{"@id":"https:\/\/ppdegalicia.com\/es\/paula-prado-tacha-de-chapuza-a-lei-do-so-si-e-si-e-asegura-que-se-estan-deixando-desprotexidas-as-mulleres-e-soas-as-vitimas\/#primaryimage"},"thumbnailUrl":"https:\/\/ppdegalicia.com\/wp-content\/uploads\/2022\/11\/8644cc8384d0dcea9b199467f41ec4e6-scaled.jpg","articleSection":["PP de Galicia"],"inLanguage":"es","potentialAction":[{"@type":"CommentAction","name":"Comment","target":["https:\/\/ppdegalicia.com\/es\/paula-prado-tacha-de-chapuza-a-lei-do-so-si-e-si-e-asegura-que-se-estan-deixando-desprotexidas-as-mulleres-e-soas-as-vitimas\/#respond"]}]},{"@type":"WebPage","@id":"https:\/\/ppdegalicia.com\/es\/paula-prado-tacha-de-chapuza-a-lei-do-so-si-e-si-e-asegura-que-se-estan-deixando-desprotexidas-as-mulleres-e-soas-as-vitimas\/","url":"https:\/\/ppdegalicia.com\/es\/paula-prado-tacha-de-chapuza-a-lei-do-so-si-e-si-e-asegura-que-se-estan-deixando-desprotexidas-as-mulleres-e-soas-as-vitimas\/","name":"Paula Prado tacha de \u201cchapuza\u201d a Lei do \u2018s\u00f3 si \u00e9 si\u2019 e asegura que se est\u00e1n deixando \u201cdesprotexidas \u00e1s mulleres e soas \u00e1s v\u00edtimas\u201d - PP de Galicia","isPartOf":{"@id":"https:\/\/ppdegalicia.com\/es\/#website"},"primaryImageOfPage":{"@id":"https:\/\/ppdegalicia.com\/es\/paula-prado-tacha-de-chapuza-a-lei-do-so-si-e-si-e-asegura-que-se-estan-deixando-desprotexidas-as-mulleres-e-soas-as-vitimas\/#primaryimage"},"image":{"@id":"https:\/\/ppdegalicia.com\/es\/paula-prado-tacha-de-chapuza-a-lei-do-so-si-e-si-e-asegura-que-se-estan-deixando-desprotexidas-as-mulleres-e-soas-as-vitimas\/#primaryimage"},"thumbnailUrl":"https:\/\/ppdegalicia.com\/wp-content\/uploads\/2022\/11\/8644cc8384d0dcea9b199467f41ec4e6-scaled.jpg","datePublished":"2022-11-18T10:59:09+00:00","breadcrumb":{"@id":"https:\/\/ppdegalicia.com\/es\/paula-prado-tacha-de-chapuza-a-lei-do-so-si-e-si-e-asegura-que-se-estan-deixando-desprotexidas-as-mulleres-e-soas-as-vitimas\/#breadcrumb"},"inLanguage":"es","potentialAction":[{"@type":"ReadAction","target":["https:\/\/ppdegalicia.com\/es\/paula-prado-tacha-de-chapuza-a-lei-do-so-si-e-si-e-asegura-que-se-estan-deixando-desprotexidas-as-mulleres-e-soas-as-vitimas\/"]}]},{"@type":"ImageObject","inLanguage":"es","@id":"https:\/\/ppdegalicia.com\/es\/paula-prado-tacha-de-chapuza-a-lei-do-so-si-e-si-e-asegura-que-se-estan-deixando-desprotexidas-as-mulleres-e-soas-as-vitimas\/#primaryimage","url":"https:\/\/ppdegalicia.com\/wp-content\/uploads\/2022\/11\/8644cc8384d0dcea9b199467f41ec4e6-scaled.jpg","contentUrl":"https:\/\/ppdegalicia.com\/wp-content\/uploads\/2022\/11\/8644cc8384d0dcea9b199467f41ec4e6-scaled.jpg","width":2560,"height":1564},{"@type":"BreadcrumbList","@id":"https:\/\/ppdegalicia.com\/es\/paula-prado-tacha-de-chapuza-a-lei-do-so-si-e-si-e-asegura-que-se-estan-deixando-desprotexidas-as-mulleres-e-soas-as-vitimas\/#breadcrumb","itemListElement":[{"@type":"ListItem","position":1,"name":"Portada","item":"https:\/\/ppdegalicia.com\/es\/"},{"@type":"ListItem","position":2,"name":"Paula Prado tacha de \u201cchapuza\u201d a Lei do \u2018s\u00f3 si \u00e9 si\u2019 e asegura que se est\u00e1n deixando \u201cdesprotexidas \u00e1s mulleres e soas \u00e1s v\u00edtimas\u201d"}]},{"@type":"WebSite","@id":"https:\/\/ppdegalicia.com\/es\/#website","url":"https:\/\/ppdegalicia.com\/es\/","name":"Partido Popular de Galicia","description":"Partido Popular de Galicia","publisher":{"@id":"https:\/\/ppdegalicia.com\/es\/#organization"},"alternateName":"PP de Galicia","potentialAction":[{"@type":"SearchAction","target":{"@type":"EntryPoint","urlTemplate":"https:\/\/ppdegalicia.com\/es\/?s={search_term_string}"},"query-input":{"@type":"PropertyValueSpecification","valueRequired":true,"valueName":"search_term_string"}}],"inLanguage":"es"},{"@type":"Organization","@id":"https:\/\/ppdegalicia.com\/es\/#organization","name":"Partido Popular de Galicia","alternateName":"PP de Galicia","url":"https:\/\/ppdegalicia.com\/es\/","logo":{"@type":"ImageObject","inLanguage":"es","@id":"https:\/\/ppdegalicia.com\/es\/#\/schema\/logo\/image\/","url":"https:\/\/ppdegalicia.com\/wp-content\/uploads\/2023\/04\/logoPP512.png","contentUrl":"https:\/\/ppdegalicia.com\/wp-content\/uploads\/2023\/04\/logoPP512.png","width":512,"height":512,"caption":"Partido Popular de Galicia"},"image":{"@id":"https:\/\/ppdegalicia.com\/es\/#\/schema\/logo\/image\/"},"sameAs":["https:\/\/www.instagram.com\/ppdegalicia\/","https:\/\/x.com\/ppdegalicia","https:\/\/www.tiktok.com\/@ppdegalicia","https:\/\/www.youtube.com\/user\/ppdegalicia"]},{"@type":"Person","@id":"https:\/\/ppdegalicia.com\/es\/#\/schema\/person\/5b822c6f59e872ebdd1142f307dbcb59","name":"ppdegaliciaredes","image":{"@type":"ImageObject","inLanguage":"es","@id":"https:\/\/secure.gravatar.com\/avatar\/3c9179cf0256d00c72a48d1f25783c58b6842cd56e85ef3a572881c8e28ccd59?s=96&d=mm&r=g","url":"https:\/\/secure.gravatar.com\/avatar\/3c9179cf0256d00c72a48d1f25783c58b6842cd56e85ef3a572881c8e28ccd59?s=96&d=mm&r=g","contentUrl":"https:\/\/secure.gravatar.com\/avatar\/3c9179cf0256d00c72a48d1f25783c58b6842cd56e85ef3a572881c8e28ccd59?s=96&d=mm&r=g","caption":"ppdegaliciaredes"},"url":"https:\/\/ppdegalicia.com\/es\/author\/ppdegaliciaredes\/"}]}},"_links":{"self":[{"href":"https:\/\/ppdegalicia.com\/es\/wp-json\/wp\/v2\/posts\/57663","targetHints":{"allow":["GET"]}}],"collection":[{"href":"https:\/\/ppdegalicia.com\/es\/wp-json\/wp\/v2\/posts"}],"about":[{"href":"https:\/\/ppdegalicia.com\/es\/wp-json\/wp\/v2\/types\/post"}],"author":[{"embeddable":true,"href":"https:\/\/ppdegalicia.com\/es\/wp-json\/wp\/v2\/users\/38"}],"replies":[{"embeddable":true,"href":"https:\/\/ppdegalicia.com\/es\/wp-json\/wp\/v2\/comments?post=57663"}],"version-history":[{"count":0,"href":"https:\/\/ppdegalicia.com\/es\/wp-json\/wp\/v2\/posts\/57663\/revisions"}],"wp:featuredmedia":[{"embeddable":true,"href":"https:\/\/ppdegalicia.com\/es\/wp-json\/wp\/v2\/media\/57662"}],"wp:attachment":[{"href":"https:\/\/ppdegalicia.com\/es\/wp-json\/wp\/v2\/media?parent=57663"}],"wp:term":[{"taxonomy":"category","embeddable":true,"href":"https:\/\/ppdegalicia.com\/es\/wp-json\/wp\/v2\/categories?post=57663"},{"taxonomy":"post_tag","embeddable":true,"href":"https:\/\/ppdegalicia.com\/es\/wp-json\/wp\/v2\/tags?post=57663"}],"curies":[{"name":"wp","href":"https:\/\/api.w.org\/{rel}","templated":true}]}}