{"id":57669,"date":"2022-11-21T11:25:08","date_gmt":"2022-11-21T09:25:08","guid":{"rendered":"https:\/\/ppdegalicia.com\/o-ppdeg-valora-positivamente-o-traballo-desenvolvido-pola-xunta-na-cop27-foi-unha-excelente-oportunidade-para-presentar-ante-o-mundo-a-folla-de-ruta-de-galicia-na-loita-contra-o-cambio-climatico\/"},"modified":"2022-11-21T11:25:08","modified_gmt":"2022-11-21T09:25:08","slug":"o-ppdeg-valora-positivamente-o-traballo-desenvolvido-pola-xunta-na-cop27-foi-unha-excelente-oportunidade-para-presentar-ante-o-mundo-a-folla-de-ruta-de-galicia-na-loita-contra-o-cambio-climatico","status":"publish","type":"post","link":"https:\/\/ppdegalicia.com\/es\/o-ppdeg-valora-positivamente-o-traballo-desenvolvido-pola-xunta-na-cop27-foi-unha-excelente-oportunidade-para-presentar-ante-o-mundo-a-folla-de-ruta-de-galicia-na-loita-contra-o-cambio-climatico\/","title":{"rendered":"O PPdeG valora positivamente o traballo desenvolvido pola Xunta na COP27: \u201cFoi unha excelente oportunidade para presentar ante o mundo a folla de ruta de Galicia na loita contra o cambio clim\u00e1tico\u201d"},"content":{"rendered":"<p><img fetchpriority=\"high\" decoding=\"async\" class=\" size-full wp-image-57668\" src=\"https:\/\/ppdegalicia.com\/wp-content\/uploads\/2022\/11\/6376176e119196c92e8478d3ef0c69eb.jpg\" alt=\"\" width=\"1420\" height=\"1014\" srcset=\"https:\/\/ppdegalicia.com\/wp-content\/uploads\/2022\/11\/6376176e119196c92e8478d3ef0c69eb.jpg 1420w, https:\/\/ppdegalicia.com\/wp-content\/uploads\/2022\/11\/6376176e119196c92e8478d3ef0c69eb-300x214.jpg 300w, https:\/\/ppdegalicia.com\/wp-content\/uploads\/2022\/11\/6376176e119196c92e8478d3ef0c69eb-1024x731.jpg 1024w, https:\/\/ppdegalicia.com\/wp-content\/uploads\/2022\/11\/6376176e119196c92e8478d3ef0c69eb-768x548.jpg 768w\" sizes=\"(max-width: 1420px) 100vw, 1420px\" \/><\/p>\n<p>O Partido Popular de Galicia valora positivamente o traballo desenvolvido pola Xunta na 27\u00aa Conferencia das Naci\u00f3ns Unidas sobre o Cambio Clim\u00e1tico (COP27) na medida en que este evento supuxo \u201cunha excelente oportunidade para presentar ante o mundo a folla de ruta na que Galicia leva anos traballando para loita contra o cambio clim\u00e1tico\u201d.<\/p>\n<p><!--more--><\/p>\n<p>Desde a Comisi\u00f3n de Medio Ambiente do PPdeG consideran que o compromiso do Goberno galego en materia de protecci\u00f3n medioambiental \u00e9 \u201cinequ\u00edvoco\u201d e po\u00f1en en valor o feito de que \u201c50 de cada 100 euros dos orzamentos da Conseller\u00eda de Medio Ambiente, Territorio e Vivenda van destinados a iniciativas ali\u00f1adas co cambio clim\u00e1tico\u201d.<\/p>\n<p>A presidenta desta comisi\u00f3n, Marisol D\u00edaz Mouteira, cita a execuci\u00f3n da Estratexia galega de cambio clim\u00e1tico e enerx\u00eda 2050, a coordinaci\u00f3n do Pacto das alcald\u00edas para o clima e a enerx\u00eda ou a posta en marcha da iniciativa \u2018Alianza galega polo clima\u2019 como como exemplos desa folla de ruta coa que a Xunta \u201cpretende converter \u00e1 nosa Comunidade nun referente internacional no \u00e1mbito do clima\u201d.<\/p>\n<p>Unhas acci\u00f3ns que van acompa\u00f1adas por unha bater\u00eda de normas pioneiras neste eido como a primeira Lei do clima de Galicia, a Lei de residuos e solos contaminados ou a futura Lei de ordenaci\u00f3n do litoral.<\/p>\n<p>Sobre esta \u00faltima, a presidenta da Comisi\u00f3n de Medio Ambiente afirma que \u00e9 \u201cfundamental para a protecci\u00f3n e a conservaci\u00f3n dun dos maiores tesouros ambientais que temos na nosa Comunidade: a costa\u201d. Reivindicando tam\u00e9n que esta futura lei parte dunha formulaci\u00f3n baseada \u201cnon s\u00f3 nunha perspectiva ambiental, sen\u00f3n tam\u00e9n social e econ\u00f3mica\u201d.<\/p>\n<p>\u00a0<\/p>\n<p><strong>AS POTENCIALIDADES DE GALICIA NO \u00c1MBITO DAS ENERX\u00cdA RENOVABLES<\/strong><\/p>\n<p>Galicia estivo representada na COP27 pola conselleira de Medio Ambiente, Territorio e Vivenda, \u00c1ngeles Vazquez; que durante diversos d\u00edas mantivo en Exipto encontros de primeiro nivel con diferentes autoridades da Comisi\u00f3n Europea e empresarios aos que tivo a oportunidade de dar a co\u00f1ecer as iniciativas e proxectos nos que est\u00e1 a traballar a Xunta para contribu\u00edr \u00e1 loita contra o cambio clim\u00e1tico.<\/p>\n<p>A conselleira puxo en valor que Galicia \u00e9 a segunda comunidade espa\u00f1ola en enerx\u00edas renovables, reivindicando as s\u00faas potencialidades no eido da e\u00f3lica e dando a co\u00f1ecer a estratexia seguida polo Goberno galego en materia de eficiencia enerx\u00e9tica no sector residencial.<\/p>\n","protected":false},"excerpt":{"rendered":"<p>O Partido Popular de Galicia valora positivamente o traballo desenvolvido pola Xunta na 27\u00aa Conferencia das Naci\u00f3ns Unidas sobre o Cambio Clim\u00e1tico (COP27) na medida en que este evento supuxo \u201cunha excelente oportunidade para presentar ante o mundo a folla de ruta na que Galicia leva anos traballando para loita contra o cambio clim\u00e1tico\u201d.<\/p>\n","protected":false},"author":38,"featured_media":57668,"comment_status":"open","ping_status":"open","sticky":false,"template":"","format":"standard","meta":{"_acf_changed":false,"footnotes":""},"categories":[1],"tags":[],"class_list":["post-57669","post","type-post","status-publish","format-standard","has-post-thumbnail","hentry","category-pp-de-galicia"],"acf":[],"yoast_head":"<!-- This site is optimized with the Yoast SEO plugin v27.3 - https:\/\/yoast.com\/product\/yoast-seo-wordpress\/ -->\n<title>O PPdeG valora positivamente o traballo desenvolvido pola Xunta na COP27: \u201cFoi unha excelente oportunidade para presentar ante o mundo a folla de ruta de Galicia na loita contra o cambio clim\u00e1tico\u201d - PP de Galicia<\/title>\n<meta name=\"robots\" content=\"index, follow, max-snippet:-1, max-image-preview:large, max-video-preview:-1\" \/>\n<link rel=\"canonical\" href=\"https:\/\/ppdegalicia.com\/es\/o-ppdeg-valora-positivamente-o-traballo-desenvolvido-pola-xunta-na-cop27-foi-unha-excelente-oportunidade-para-presentar-ante-o-mundo-a-folla-de-ruta-de-galicia-na-loita-contra-o-cambio-climatico\/\" \/>\n<meta property=\"og:locale\" content=\"es_ES\" \/>\n<meta property=\"og:type\" content=\"article\" \/>\n<meta property=\"og:title\" content=\"O PPdeG valora positivamente o traballo desenvolvido pola Xunta na COP27: \u201cFoi unha excelente oportunidade para presentar ante o mundo a folla de ruta de Galicia na loita contra o cambio clim\u00e1tico\u201d - PP de Galicia\" \/>\n<meta property=\"og:description\" content=\"O Partido Popular de Galicia valora positivamente o traballo desenvolvido pola Xunta na 27\u00aa Conferencia das Naci\u00f3ns Unidas sobre o Cambio Clim\u00e1tico (COP27) na medida en que este evento supuxo \u201cunha excelente oportunidade para presentar ante o mundo a folla de ruta na que Galicia leva anos traballando para loita contra o cambio clim\u00e1tico\u201d.\" \/>\n<meta property=\"og:url\" content=\"https:\/\/ppdegalicia.com\/es\/o-ppdeg-valora-positivamente-o-traballo-desenvolvido-pola-xunta-na-cop27-foi-unha-excelente-oportunidade-para-presentar-ante-o-mundo-a-folla-de-ruta-de-galicia-na-loita-contra-o-cambio-climatico\/\" \/>\n<meta property=\"og:site_name\" content=\"PP de Galicia\" \/>\n<meta property=\"article:publisher\" content=\"https:\/\/www.instagram.com\/ppdegalicia\/\" \/>\n<meta property=\"article:published_time\" content=\"2022-11-21T09:25:08+00:00\" \/>\n<meta property=\"og:image\" content=\"https:\/\/ppdegalicia.com\/wp-content\/uploads\/2022\/11\/6376176e119196c92e8478d3ef0c69eb.jpg\" \/>\n\t<meta property=\"og:image:width\" content=\"1420\" \/>\n\t<meta property=\"og:image:height\" content=\"1014\" \/>\n\t<meta property=\"og:image:type\" content=\"image\/jpeg\" \/>\n<meta name=\"author\" content=\"ppdegaliciaredes\" \/>\n<meta name=\"twitter:card\" content=\"summary_large_image\" \/>\n<meta name=\"twitter:creator\" content=\"@ppdegalicia\" \/>\n<meta name=\"twitter:site\" content=\"@ppdegalicia\" \/>\n<meta name=\"twitter:label1\" content=\"Escrito por\" \/>\n\t<meta name=\"twitter:data1\" content=\"ppdegaliciaredes\" \/>\n\t<meta name=\"twitter:label2\" content=\"Tiempo de lectura\" \/>\n\t<meta name=\"twitter:data2\" content=\"2 minutos\" \/>\n<script type=\"application\/ld+json\" class=\"yoast-schema-graph\">{\"@context\":\"https:\\\/\\\/schema.org\",\"@graph\":[{\"@type\":\"Article\",\"@id\":\"https:\\\/\\\/ppdegalicia.com\\\/es\\\/o-ppdeg-valora-positivamente-o-traballo-desenvolvido-pola-xunta-na-cop27-foi-unha-excelente-oportunidade-para-presentar-ante-o-mundo-a-folla-de-ruta-de-galicia-na-loita-contra-o-cambio-climatico\\\/#article\",\"isPartOf\":{\"@id\":\"https:\\\/\\\/ppdegalicia.com\\\/es\\\/o-ppdeg-valora-positivamente-o-traballo-desenvolvido-pola-xunta-na-cop27-foi-unha-excelente-oportunidade-para-presentar-ante-o-mundo-a-folla-de-ruta-de-galicia-na-loita-contra-o-cambio-climatico\\\/\"},\"author\":{\"name\":\"ppdegaliciaredes\",\"@id\":\"https:\\\/\\\/ppdegalicia.com\\\/es\\\/#\\\/schema\\\/person\\\/5b822c6f59e872ebdd1142f307dbcb59\"},\"headline\":\"O PPdeG valora positivamente o traballo desenvolvido pola Xunta na COP27: \u201cFoi unha excelente oportunidade para presentar ante o mundo a folla de ruta de Galicia na loita contra o cambio clim\u00e1tico\u201d\",\"datePublished\":\"2022-11-21T09:25:08+00:00\",\"mainEntityOfPage\":{\"@id\":\"https:\\\/\\\/ppdegalicia.com\\\/es\\\/o-ppdeg-valora-positivamente-o-traballo-desenvolvido-pola-xunta-na-cop27-foi-unha-excelente-oportunidade-para-presentar-ante-o-mundo-a-folla-de-ruta-de-galicia-na-loita-contra-o-cambio-climatico\\\/\"},\"wordCount\":438,\"commentCount\":0,\"publisher\":{\"@id\":\"https:\\\/\\\/ppdegalicia.com\\\/es\\\/#organization\"},\"image\":{\"@id\":\"https:\\\/\\\/ppdegalicia.com\\\/es\\\/o-ppdeg-valora-positivamente-o-traballo-desenvolvido-pola-xunta-na-cop27-foi-unha-excelente-oportunidade-para-presentar-ante-o-mundo-a-folla-de-ruta-de-galicia-na-loita-contra-o-cambio-climatico\\\/#primaryimage\"},\"thumbnailUrl\":\"https:\\\/\\\/ppdegalicia.com\\\/wp-content\\\/uploads\\\/2022\\\/11\\\/6376176e119196c92e8478d3ef0c69eb.jpg\",\"articleSection\":[\"PP de Galicia\"],\"inLanguage\":\"es\",\"potentialAction\":[{\"@type\":\"CommentAction\",\"name\":\"Comment\",\"target\":[\"https:\\\/\\\/ppdegalicia.com\\\/es\\\/o-ppdeg-valora-positivamente-o-traballo-desenvolvido-pola-xunta-na-cop27-foi-unha-excelente-oportunidade-para-presentar-ante-o-mundo-a-folla-de-ruta-de-galicia-na-loita-contra-o-cambio-climatico\\\/#respond\"]}]},{\"@type\":\"WebPage\",\"@id\":\"https:\\\/\\\/ppdegalicia.com\\\/es\\\/o-ppdeg-valora-positivamente-o-traballo-desenvolvido-pola-xunta-na-cop27-foi-unha-excelente-oportunidade-para-presentar-ante-o-mundo-a-folla-de-ruta-de-galicia-na-loita-contra-o-cambio-climatico\\\/\",\"url\":\"https:\\\/\\\/ppdegalicia.com\\\/es\\\/o-ppdeg-valora-positivamente-o-traballo-desenvolvido-pola-xunta-na-cop27-foi-unha-excelente-oportunidade-para-presentar-ante-o-mundo-a-folla-de-ruta-de-galicia-na-loita-contra-o-cambio-climatico\\\/\",\"name\":\"O PPdeG valora positivamente o traballo desenvolvido pola Xunta na COP27: \u201cFoi unha excelente oportunidade para presentar ante o mundo a folla de ruta de Galicia na loita contra o cambio clim\u00e1tico\u201d - PP de Galicia\",\"isPartOf\":{\"@id\":\"https:\\\/\\\/ppdegalicia.com\\\/es\\\/#website\"},\"primaryImageOfPage\":{\"@id\":\"https:\\\/\\\/ppdegalicia.com\\\/es\\\/o-ppdeg-valora-positivamente-o-traballo-desenvolvido-pola-xunta-na-cop27-foi-unha-excelente-oportunidade-para-presentar-ante-o-mundo-a-folla-de-ruta-de-galicia-na-loita-contra-o-cambio-climatico\\\/#primaryimage\"},\"image\":{\"@id\":\"https:\\\/\\\/ppdegalicia.com\\\/es\\\/o-ppdeg-valora-positivamente-o-traballo-desenvolvido-pola-xunta-na-cop27-foi-unha-excelente-oportunidade-para-presentar-ante-o-mundo-a-folla-de-ruta-de-galicia-na-loita-contra-o-cambio-climatico\\\/#primaryimage\"},\"thumbnailUrl\":\"https:\\\/\\\/ppdegalicia.com\\\/wp-content\\\/uploads\\\/2022\\\/11\\\/6376176e119196c92e8478d3ef0c69eb.jpg\",\"datePublished\":\"2022-11-21T09:25:08+00:00\",\"breadcrumb\":{\"@id\":\"https:\\\/\\\/ppdegalicia.com\\\/es\\\/o-ppdeg-valora-positivamente-o-traballo-desenvolvido-pola-xunta-na-cop27-foi-unha-excelente-oportunidade-para-presentar-ante-o-mundo-a-folla-de-ruta-de-galicia-na-loita-contra-o-cambio-climatico\\\/#breadcrumb\"},\"inLanguage\":\"es\",\"potentialAction\":[{\"@type\":\"ReadAction\",\"target\":[\"https:\\\/\\\/ppdegalicia.com\\\/es\\\/o-ppdeg-valora-positivamente-o-traballo-desenvolvido-pola-xunta-na-cop27-foi-unha-excelente-oportunidade-para-presentar-ante-o-mundo-a-folla-de-ruta-de-galicia-na-loita-contra-o-cambio-climatico\\\/\"]}]},{\"@type\":\"ImageObject\",\"inLanguage\":\"es\",\"@id\":\"https:\\\/\\\/ppdegalicia.com\\\/es\\\/o-ppdeg-valora-positivamente-o-traballo-desenvolvido-pola-xunta-na-cop27-foi-unha-excelente-oportunidade-para-presentar-ante-o-mundo-a-folla-de-ruta-de-galicia-na-loita-contra-o-cambio-climatico\\\/#primaryimage\",\"url\":\"https:\\\/\\\/ppdegalicia.com\\\/wp-content\\\/uploads\\\/2022\\\/11\\\/6376176e119196c92e8478d3ef0c69eb.jpg\",\"contentUrl\":\"https:\\\/\\\/ppdegalicia.com\\\/wp-content\\\/uploads\\\/2022\\\/11\\\/6376176e119196c92e8478d3ef0c69eb.jpg\",\"width\":1420,\"height\":1014},{\"@type\":\"BreadcrumbList\",\"@id\":\"https:\\\/\\\/ppdegalicia.com\\\/es\\\/o-ppdeg-valora-positivamente-o-traballo-desenvolvido-pola-xunta-na-cop27-foi-unha-excelente-oportunidade-para-presentar-ante-o-mundo-a-folla-de-ruta-de-galicia-na-loita-contra-o-cambio-climatico\\\/#breadcrumb\",\"itemListElement\":[{\"@type\":\"ListItem\",\"position\":1,\"name\":\"Portada\",\"item\":\"https:\\\/\\\/ppdegalicia.com\\\/es\\\/\"},{\"@type\":\"ListItem\",\"position\":2,\"name\":\"O PPdeG valora positivamente o traballo desenvolvido pola Xunta na COP27: \u201cFoi unha excelente oportunidade para presentar ante o mundo a folla de ruta de Galicia na loita contra o cambio clim\u00e1tico\u201d\"}]},{\"@type\":\"WebSite\",\"@id\":\"https:\\\/\\\/ppdegalicia.com\\\/es\\\/#website\",\"url\":\"https:\\\/\\\/ppdegalicia.com\\\/es\\\/\",\"name\":\"Partido Popular de Galicia\",\"description\":\"Partido Popular de Galicia\",\"publisher\":{\"@id\":\"https:\\\/\\\/ppdegalicia.com\\\/es\\\/#organization\"},\"alternateName\":\"PP de Galicia\",\"potentialAction\":[{\"@type\":\"SearchAction\",\"target\":{\"@type\":\"EntryPoint\",\"urlTemplate\":\"https:\\\/\\\/ppdegalicia.com\\\/es\\\/?s={search_term_string}\"},\"query-input\":{\"@type\":\"PropertyValueSpecification\",\"valueRequired\":true,\"valueName\":\"search_term_string\"}}],\"inLanguage\":\"es\"},{\"@type\":\"Organization\",\"@id\":\"https:\\\/\\\/ppdegalicia.com\\\/es\\\/#organization\",\"name\":\"Partido Popular de Galicia\",\"alternateName\":\"PP de Galicia\",\"url\":\"https:\\\/\\\/ppdegalicia.com\\\/es\\\/\",\"logo\":{\"@type\":\"ImageObject\",\"inLanguage\":\"es\",\"@id\":\"https:\\\/\\\/ppdegalicia.com\\\/es\\\/#\\\/schema\\\/logo\\\/image\\\/\",\"url\":\"https:\\\/\\\/ppdegalicia.com\\\/wp-content\\\/uploads\\\/2023\\\/04\\\/logoPP512.png\",\"contentUrl\":\"https:\\\/\\\/ppdegalicia.com\\\/wp-content\\\/uploads\\\/2023\\\/04\\\/logoPP512.png\",\"width\":512,\"height\":512,\"caption\":\"Partido Popular de Galicia\"},\"image\":{\"@id\":\"https:\\\/\\\/ppdegalicia.com\\\/es\\\/#\\\/schema\\\/logo\\\/image\\\/\"},\"sameAs\":[\"https:\\\/\\\/www.instagram.com\\\/ppdegalicia\\\/\",\"https:\\\/\\\/x.com\\\/ppdegalicia\",\"https:\\\/\\\/www.tiktok.com\\\/@ppdegalicia\",\"https:\\\/\\\/www.youtube.com\\\/user\\\/ppdegalicia\"]},{\"@type\":\"Person\",\"@id\":\"https:\\\/\\\/ppdegalicia.com\\\/es\\\/#\\\/schema\\\/person\\\/5b822c6f59e872ebdd1142f307dbcb59\",\"name\":\"ppdegaliciaredes\",\"image\":{\"@type\":\"ImageObject\",\"inLanguage\":\"es\",\"@id\":\"https:\\\/\\\/secure.gravatar.com\\\/avatar\\\/3c9179cf0256d00c72a48d1f25783c58b6842cd56e85ef3a572881c8e28ccd59?s=96&d=mm&r=g\",\"url\":\"https:\\\/\\\/secure.gravatar.com\\\/avatar\\\/3c9179cf0256d00c72a48d1f25783c58b6842cd56e85ef3a572881c8e28ccd59?s=96&d=mm&r=g\",\"contentUrl\":\"https:\\\/\\\/secure.gravatar.com\\\/avatar\\\/3c9179cf0256d00c72a48d1f25783c58b6842cd56e85ef3a572881c8e28ccd59?s=96&d=mm&r=g\",\"caption\":\"ppdegaliciaredes\"},\"url\":\"https:\\\/\\\/ppdegalicia.com\\\/es\\\/author\\\/ppdegaliciaredes\\\/\"}]}<\/script>\n<!-- \/ Yoast SEO plugin. -->","yoast_head_json":{"title":"O PPdeG valora positivamente o traballo desenvolvido pola Xunta na COP27: \u201cFoi unha excelente oportunidade para presentar ante o mundo a folla de ruta de Galicia na loita contra o cambio clim\u00e1tico\u201d - PP de Galicia","robots":{"index":"index","follow":"follow","max-snippet":"max-snippet:-1","max-image-preview":"max-image-preview:large","max-video-preview":"max-video-preview:-1"},"canonical":"https:\/\/ppdegalicia.com\/es\/o-ppdeg-valora-positivamente-o-traballo-desenvolvido-pola-xunta-na-cop27-foi-unha-excelente-oportunidade-para-presentar-ante-o-mundo-a-folla-de-ruta-de-galicia-na-loita-contra-o-cambio-climatico\/","og_locale":"es_ES","og_type":"article","og_title":"O PPdeG valora positivamente o traballo desenvolvido pola Xunta na COP27: \u201cFoi unha excelente oportunidade para presentar ante o mundo a folla de ruta de Galicia na loita contra o cambio clim\u00e1tico\u201d - PP de Galicia","og_description":"O Partido Popular de Galicia valora positivamente o traballo desenvolvido pola Xunta na 27\u00aa Conferencia das Naci\u00f3ns Unidas sobre o Cambio Clim\u00e1tico (COP27) na medida en que este evento supuxo \u201cunha excelente oportunidade para presentar ante o mundo a folla de ruta na que Galicia leva anos traballando para loita contra o cambio clim\u00e1tico\u201d.","og_url":"https:\/\/ppdegalicia.com\/es\/o-ppdeg-valora-positivamente-o-traballo-desenvolvido-pola-xunta-na-cop27-foi-unha-excelente-oportunidade-para-presentar-ante-o-mundo-a-folla-de-ruta-de-galicia-na-loita-contra-o-cambio-climatico\/","og_site_name":"PP de Galicia","article_publisher":"https:\/\/www.instagram.com\/ppdegalicia\/","article_published_time":"2022-11-21T09:25:08+00:00","og_image":[{"width":1420,"height":1014,"url":"https:\/\/ppdegalicia.com\/wp-content\/uploads\/2022\/11\/6376176e119196c92e8478d3ef0c69eb.jpg","type":"image\/jpeg"}],"author":"ppdegaliciaredes","twitter_card":"summary_large_image","twitter_creator":"@ppdegalicia","twitter_site":"@ppdegalicia","twitter_misc":{"Escrito por":"ppdegaliciaredes","Tiempo de lectura":"2 minutos"},"schema":{"@context":"https:\/\/schema.org","@graph":[{"@type":"Article","@id":"https:\/\/ppdegalicia.com\/es\/o-ppdeg-valora-positivamente-o-traballo-desenvolvido-pola-xunta-na-cop27-foi-unha-excelente-oportunidade-para-presentar-ante-o-mundo-a-folla-de-ruta-de-galicia-na-loita-contra-o-cambio-climatico\/#article","isPartOf":{"@id":"https:\/\/ppdegalicia.com\/es\/o-ppdeg-valora-positivamente-o-traballo-desenvolvido-pola-xunta-na-cop27-foi-unha-excelente-oportunidade-para-presentar-ante-o-mundo-a-folla-de-ruta-de-galicia-na-loita-contra-o-cambio-climatico\/"},"author":{"name":"ppdegaliciaredes","@id":"https:\/\/ppdegalicia.com\/es\/#\/schema\/person\/5b822c6f59e872ebdd1142f307dbcb59"},"headline":"O PPdeG valora positivamente o traballo desenvolvido pola Xunta na COP27: \u201cFoi unha excelente oportunidade para presentar ante o mundo a folla de ruta de Galicia na loita contra o cambio clim\u00e1tico\u201d","datePublished":"2022-11-21T09:25:08+00:00","mainEntityOfPage":{"@id":"https:\/\/ppdegalicia.com\/es\/o-ppdeg-valora-positivamente-o-traballo-desenvolvido-pola-xunta-na-cop27-foi-unha-excelente-oportunidade-para-presentar-ante-o-mundo-a-folla-de-ruta-de-galicia-na-loita-contra-o-cambio-climatico\/"},"wordCount":438,"commentCount":0,"publisher":{"@id":"https:\/\/ppdegalicia.com\/es\/#organization"},"image":{"@id":"https:\/\/ppdegalicia.com\/es\/o-ppdeg-valora-positivamente-o-traballo-desenvolvido-pola-xunta-na-cop27-foi-unha-excelente-oportunidade-para-presentar-ante-o-mundo-a-folla-de-ruta-de-galicia-na-loita-contra-o-cambio-climatico\/#primaryimage"},"thumbnailUrl":"https:\/\/ppdegalicia.com\/wp-content\/uploads\/2022\/11\/6376176e119196c92e8478d3ef0c69eb.jpg","articleSection":["PP de Galicia"],"inLanguage":"es","potentialAction":[{"@type":"CommentAction","name":"Comment","target":["https:\/\/ppdegalicia.com\/es\/o-ppdeg-valora-positivamente-o-traballo-desenvolvido-pola-xunta-na-cop27-foi-unha-excelente-oportunidade-para-presentar-ante-o-mundo-a-folla-de-ruta-de-galicia-na-loita-contra-o-cambio-climatico\/#respond"]}]},{"@type":"WebPage","@id":"https:\/\/ppdegalicia.com\/es\/o-ppdeg-valora-positivamente-o-traballo-desenvolvido-pola-xunta-na-cop27-foi-unha-excelente-oportunidade-para-presentar-ante-o-mundo-a-folla-de-ruta-de-galicia-na-loita-contra-o-cambio-climatico\/","url":"https:\/\/ppdegalicia.com\/es\/o-ppdeg-valora-positivamente-o-traballo-desenvolvido-pola-xunta-na-cop27-foi-unha-excelente-oportunidade-para-presentar-ante-o-mundo-a-folla-de-ruta-de-galicia-na-loita-contra-o-cambio-climatico\/","name":"O PPdeG valora positivamente o traballo desenvolvido pola Xunta na COP27: \u201cFoi unha excelente oportunidade para presentar ante o mundo a folla de ruta de Galicia na loita contra o cambio clim\u00e1tico\u201d - PP de Galicia","isPartOf":{"@id":"https:\/\/ppdegalicia.com\/es\/#website"},"primaryImageOfPage":{"@id":"https:\/\/ppdegalicia.com\/es\/o-ppdeg-valora-positivamente-o-traballo-desenvolvido-pola-xunta-na-cop27-foi-unha-excelente-oportunidade-para-presentar-ante-o-mundo-a-folla-de-ruta-de-galicia-na-loita-contra-o-cambio-climatico\/#primaryimage"},"image":{"@id":"https:\/\/ppdegalicia.com\/es\/o-ppdeg-valora-positivamente-o-traballo-desenvolvido-pola-xunta-na-cop27-foi-unha-excelente-oportunidade-para-presentar-ante-o-mundo-a-folla-de-ruta-de-galicia-na-loita-contra-o-cambio-climatico\/#primaryimage"},"thumbnailUrl":"https:\/\/ppdegalicia.com\/wp-content\/uploads\/2022\/11\/6376176e119196c92e8478d3ef0c69eb.jpg","datePublished":"2022-11-21T09:25:08+00:00","breadcrumb":{"@id":"https:\/\/ppdegalicia.com\/es\/o-ppdeg-valora-positivamente-o-traballo-desenvolvido-pola-xunta-na-cop27-foi-unha-excelente-oportunidade-para-presentar-ante-o-mundo-a-folla-de-ruta-de-galicia-na-loita-contra-o-cambio-climatico\/#breadcrumb"},"inLanguage":"es","potentialAction":[{"@type":"ReadAction","target":["https:\/\/ppdegalicia.com\/es\/o-ppdeg-valora-positivamente-o-traballo-desenvolvido-pola-xunta-na-cop27-foi-unha-excelente-oportunidade-para-presentar-ante-o-mundo-a-folla-de-ruta-de-galicia-na-loita-contra-o-cambio-climatico\/"]}]},{"@type":"ImageObject","inLanguage":"es","@id":"https:\/\/ppdegalicia.com\/es\/o-ppdeg-valora-positivamente-o-traballo-desenvolvido-pola-xunta-na-cop27-foi-unha-excelente-oportunidade-para-presentar-ante-o-mundo-a-folla-de-ruta-de-galicia-na-loita-contra-o-cambio-climatico\/#primaryimage","url":"https:\/\/ppdegalicia.com\/wp-content\/uploads\/2022\/11\/6376176e119196c92e8478d3ef0c69eb.jpg","contentUrl":"https:\/\/ppdegalicia.com\/wp-content\/uploads\/2022\/11\/6376176e119196c92e8478d3ef0c69eb.jpg","width":1420,"height":1014},{"@type":"BreadcrumbList","@id":"https:\/\/ppdegalicia.com\/es\/o-ppdeg-valora-positivamente-o-traballo-desenvolvido-pola-xunta-na-cop27-foi-unha-excelente-oportunidade-para-presentar-ante-o-mundo-a-folla-de-ruta-de-galicia-na-loita-contra-o-cambio-climatico\/#breadcrumb","itemListElement":[{"@type":"ListItem","position":1,"name":"Portada","item":"https:\/\/ppdegalicia.com\/es\/"},{"@type":"ListItem","position":2,"name":"O PPdeG valora positivamente o traballo desenvolvido pola Xunta na COP27: \u201cFoi unha excelente oportunidade para presentar ante o mundo a folla de ruta de Galicia na loita contra o cambio clim\u00e1tico\u201d"}]},{"@type":"WebSite","@id":"https:\/\/ppdegalicia.com\/es\/#website","url":"https:\/\/ppdegalicia.com\/es\/","name":"Partido Popular de Galicia","description":"Partido Popular de Galicia","publisher":{"@id":"https:\/\/ppdegalicia.com\/es\/#organization"},"alternateName":"PP de Galicia","potentialAction":[{"@type":"SearchAction","target":{"@type":"EntryPoint","urlTemplate":"https:\/\/ppdegalicia.com\/es\/?s={search_term_string}"},"query-input":{"@type":"PropertyValueSpecification","valueRequired":true,"valueName":"search_term_string"}}],"inLanguage":"es"},{"@type":"Organization","@id":"https:\/\/ppdegalicia.com\/es\/#organization","name":"Partido Popular de Galicia","alternateName":"PP de Galicia","url":"https:\/\/ppdegalicia.com\/es\/","logo":{"@type":"ImageObject","inLanguage":"es","@id":"https:\/\/ppdegalicia.com\/es\/#\/schema\/logo\/image\/","url":"https:\/\/ppdegalicia.com\/wp-content\/uploads\/2023\/04\/logoPP512.png","contentUrl":"https:\/\/ppdegalicia.com\/wp-content\/uploads\/2023\/04\/logoPP512.png","width":512,"height":512,"caption":"Partido Popular de Galicia"},"image":{"@id":"https:\/\/ppdegalicia.com\/es\/#\/schema\/logo\/image\/"},"sameAs":["https:\/\/www.instagram.com\/ppdegalicia\/","https:\/\/x.com\/ppdegalicia","https:\/\/www.tiktok.com\/@ppdegalicia","https:\/\/www.youtube.com\/user\/ppdegalicia"]},{"@type":"Person","@id":"https:\/\/ppdegalicia.com\/es\/#\/schema\/person\/5b822c6f59e872ebdd1142f307dbcb59","name":"ppdegaliciaredes","image":{"@type":"ImageObject","inLanguage":"es","@id":"https:\/\/secure.gravatar.com\/avatar\/3c9179cf0256d00c72a48d1f25783c58b6842cd56e85ef3a572881c8e28ccd59?s=96&d=mm&r=g","url":"https:\/\/secure.gravatar.com\/avatar\/3c9179cf0256d00c72a48d1f25783c58b6842cd56e85ef3a572881c8e28ccd59?s=96&d=mm&r=g","contentUrl":"https:\/\/secure.gravatar.com\/avatar\/3c9179cf0256d00c72a48d1f25783c58b6842cd56e85ef3a572881c8e28ccd59?s=96&d=mm&r=g","caption":"ppdegaliciaredes"},"url":"https:\/\/ppdegalicia.com\/es\/author\/ppdegaliciaredes\/"}]}},"_links":{"self":[{"href":"https:\/\/ppdegalicia.com\/es\/wp-json\/wp\/v2\/posts\/57669","targetHints":{"allow":["GET"]}}],"collection":[{"href":"https:\/\/ppdegalicia.com\/es\/wp-json\/wp\/v2\/posts"}],"about":[{"href":"https:\/\/ppdegalicia.com\/es\/wp-json\/wp\/v2\/types\/post"}],"author":[{"embeddable":true,"href":"https:\/\/ppdegalicia.com\/es\/wp-json\/wp\/v2\/users\/38"}],"replies":[{"embeddable":true,"href":"https:\/\/ppdegalicia.com\/es\/wp-json\/wp\/v2\/comments?post=57669"}],"version-history":[{"count":0,"href":"https:\/\/ppdegalicia.com\/es\/wp-json\/wp\/v2\/posts\/57669\/revisions"}],"wp:featuredmedia":[{"embeddable":true,"href":"https:\/\/ppdegalicia.com\/es\/wp-json\/wp\/v2\/media\/57668"}],"wp:attachment":[{"href":"https:\/\/ppdegalicia.com\/es\/wp-json\/wp\/v2\/media?parent=57669"}],"wp:term":[{"taxonomy":"category","embeddable":true,"href":"https:\/\/ppdegalicia.com\/es\/wp-json\/wp\/v2\/categories?post=57669"},{"taxonomy":"post_tag","embeddable":true,"href":"https:\/\/ppdegalicia.com\/es\/wp-json\/wp\/v2\/tags?post=57669"}],"curies":[{"name":"wp","href":"https:\/\/api.w.org\/{rel}","templated":true}]}}