{"id":57705,"date":"2022-11-25T18:27:45","date_gmt":"2022-11-25T16:27:45","guid":{"rendered":"https:\/\/ppdegalicia.com\/o-ppdeg-pedira-no-parlamento-que-o-goberno-central-tome-as-medidas-necesarias-para-minimizar-o-impacto-negativo-da-lei-do-so-si-e-si-nas-vitimas-de-violencia-sexual\/"},"modified":"2022-11-25T18:27:45","modified_gmt":"2022-11-25T16:27:45","slug":"o-ppdeg-pedira-no-parlamento-que-o-goberno-central-tome-as-medidas-necesarias-para-minimizar-o-impacto-negativo-da-lei-do-so-si-e-si-nas-vitimas-de-violencia-sexual","status":"publish","type":"post","link":"https:\/\/ppdegalicia.com\/es\/o-ppdeg-pedira-no-parlamento-que-o-goberno-central-tome-as-medidas-necesarias-para-minimizar-o-impacto-negativo-da-lei-do-so-si-e-si-nas-vitimas-de-violencia-sexual\/","title":{"rendered":"O PPdeG pedir\u00e1 no Parlamento que o Goberno central tome as medidas necesarias \u201cpara minimizar o impacto negativo da Lei do \u2018s\u00f3 si \u00e9 si\u2019 nas v\u00edtimas de violencia sexual\u201d"},"content":{"rendered":"<p><img fetchpriority=\"high\" decoding=\"async\" class=\" size-full wp-image-57704\" src=\"https:\/\/ppdegalicia.com\/wp-content\/uploads\/2022\/11\/6b515d6f49849881a7fd39889e3e6854.jpg\" alt=\"\" width=\"1600\" height=\"1066\" srcset=\"https:\/\/ppdegalicia.com\/wp-content\/uploads\/2022\/11\/6b515d6f49849881a7fd39889e3e6854.jpg 1600w, https:\/\/ppdegalicia.com\/wp-content\/uploads\/2022\/11\/6b515d6f49849881a7fd39889e3e6854-300x200.jpg 300w, https:\/\/ppdegalicia.com\/wp-content\/uploads\/2022\/11\/6b515d6f49849881a7fd39889e3e6854-1024x682.jpg 1024w, https:\/\/ppdegalicia.com\/wp-content\/uploads\/2022\/11\/6b515d6f49849881a7fd39889e3e6854-768x512.jpg 768w, https:\/\/ppdegalicia.com\/wp-content\/uploads\/2022\/11\/6b515d6f49849881a7fd39889e3e6854-1536x1023.jpg 1536w\" sizes=\"(max-width: 1600px) 100vw, 1600px\" \/><\/p>\n<p>O Partido Popular de Galicia presentar\u00e1 no Parlamento de Galicia unha iniciativa para instar ao Goberno de Espa\u00f1a a que adopte as medidas necesarias \u201cpara minimizar o impacto negativo da Lei do \u2018s\u00f3 si \u00e9 si\u2019 nas v\u00edtimas de violencia sexual\u201d porque \u201co 25-N debe servir para que o Goberno rectifique e se comprometa a asegurar que ning\u00fan agresor cumpra unha pena inferior \u00e1 que ti\u00f1a antes da entrada en vigor da s\u00faa chapuceira lei\u201d.<\/p>\n<p><!--more--><\/p>\n<p>As\u00ed o anunciou a secretaria xeral do PPdeG, Paula Prado, no acto organizado polo partido en Santiago de Compostela para conmemorar o D\u00eda Internacional da Eliminaci\u00f3n da Violencia de X\u00e9nero e que contou coa presenza, entre outros, de Mar\u00eda Jes\u00fas Lorenzana, Fabiola Garc\u00eda, Rosa Quintana, Elena Candia, Susana L\u00f3pez Abella e Miguel Santalices.<\/p>\n<p>Prado cualificou a xornada como \u201cun d\u00eda de reivindicaci\u00f3n pero sobre todo de lembranza de todas e cada unha das v\u00edtimas de violencia machista que nunca deberon ser asasinadas\u201d e \u201cun d\u00eda para lembrar que nesta loita queda moito cami\u00f1o por percorrer\u201d, conclu\u00edndo: \u201cDebemos seguir traballando para que o 25-N deixe alg\u00fan d\u00eda de conmemorarse\u201d.<\/p>\n<p>Afirmou as\u00ed mesmo que \u201ca loita das mulleres ten que ser integral e contar co conxunto da sociedade e especialmente cos representantes pol\u00edticos\u201d e por iso deu o seu compromiso de que o PPdeG \u201cincluir\u00e1 en todos os seus programas electorais das vindeiras elecci\u00f3ns municipais un apartado espec\u00edfico para igualdade e para loitar contra a violencia de x\u00e9nero\u201d.<\/p>\n<p>Neste sentido reivindicou que o Partido Popular de Galicia \u201c\u00e9 o partido que mellor representa a igualdade real con medidas e non con globos sonda, con firmeza e non con vaiv\u00e9ns, con coherencia e nunca con demagoxia\u201d. Po\u00f1endo en valor o labor \u201cencomiable\u201d do Goberno galego neste eido.<\/p>\n<p>Paula Prado contrapuxo esta actitude coa do Goberno central a s\u00faa \u201cchapuza lexislativa\u201d, en referencia \u00e1 Lei do \u2018s\u00f3 si \u00e9 si\u2019, volvendo pedir que \u201crectifique e se comprometa a asegurar que ning\u00fan agresor cumpra unha pena inferior \u00e1 que ti\u00f1a antes da entrada en vigor desta norma aprobada sen consenso, de forma soberbia e desatendendo todas as advertencias\u201d.<\/p>\n<p>Acto seguido afeoulle ao BNG que \u201crecorra \u00e1 mentira \u00e9 a calumnia para ocultar a s\u00faa implicaci\u00f3n e complicidade con esta Lei que votaron a favor\u201d, o que lle serviu para conclu\u00edr: \u201cO independentismo galego e o socialismo non est\u00e1n para dar lecci\u00f3ns a ningu\u00e9n sobre feminismo e igualdade\u201d.<\/p>\n<p>\u00a0<\/p>\n<p><strong>RUEDA: \u201cNINGU\u00c9N SE DEBE APROPIAR DUNHA CAUSA DE TODOS\u201d<\/strong><\/p>\n<p>O presidente do Partido Popular de Galicia, Alfonso Rueda, tam\u00e9n estivo presente no acto a trav\u00e9s dun v\u00eddeo no que dixo \u201cbasta xa de violencia contra as mulleres, basta xa de agresores e basta xa de estereotipos e fendas que nos impiden a\u00ednda alcanzar a igualdade efectiva\u201d.<\/p>\n<p>Reafirmou neste sentido que desde o PPdeG seguirase traballando \u201cpara acadar unha sociedade sen brechas de x\u00e9nero e onde as mulleres poidan ser, vivir e decidir exactamente como queiran\u201d; reivindicando que a loita pola igualdade real entre homes e mulleres \u201cnon \u00e9 nada novo\u201d para a formaci\u00f3n: \u201cNingu\u00e9n se debe apropiar dunha causa de todos nin nos ten que dar lecci\u00f3ns. A n\u00f3s, desde logo, non\u201d.<\/p>\n<p>\u201cEste partido foi o primeiro en implantar un Plan de igualdade e o primeiro en crear unha Conseller\u00eda de Igualdade. Somos o partido que traballa da man das galegas para conseguir unha Galicia en igualdade\u201d, engadiu.<\/p>\n<p>Alfonso Rueda afirmou as\u00ed mesmo que \u201cpara lograr a igualdade sempre valen m\u00e1is os feitos que as proclamas\u201d e por iso puxo en valor o \u201ccompromiso constante\u201d do Partido Popular \u201ccoas v\u00edtimas de violencia de x\u00e9nero, \u00e1s que ofrece apoio para abandonar o pesadelo do que son ref\u00e9ns\u201d. As\u00ed como as actuaci\u00f3ns do Goberno galego en materia de emprego, emprendemento, conciliaci\u00f3n e educaci\u00f3n\u201d.<\/p>\n<p>O l\u00edder dos populares galegos conclu\u00edu que \u201ca\u00ednda queda moito por avanzar\u201d e que \u201cmentres a Galicia sen fendas que desexamos non sexa unha realidade, o PPdeG seguir\u00e1 dando todo de si para que as nenas de hoxe e de ma\u00f1\u00e1 vivan en igualdade\u201d.<\/p>\n<p>\u00a0<\/p>\n<p><strong>A VIOLENCIA DE X\u00c9NERO DENDE UN ENFOQUE MULTIDISCIPLINAR<\/strong><\/p>\n<p>O acto, baixo o lema <em>Somos Igualdade<\/em>, acolleu a celebraci\u00f3n dunha mesa redonda baixo o t\u00edtulo <em>A violencia de x\u00e9nero dende un enfoque multidisciplinar<\/em>, moderada pola vicesecretaria de Igualdade do PPdeG, Raquel Touri\u00f1o.<\/p>\n<p>Nesta mesa intervi\u00f1eron e compartiron as s\u00faas experiencias diferentes expertas no eido da igualdade e da loita contra a violencia de x\u00e9nero. Entre elas Bego\u00f1a Riveira, asesora xur\u00eddica dos Centros de Informaci\u00f3n \u00e1s Mulleres de Coir\u00f3s e de Arz\u00faa; a psic\u00f3loga Ana Abad e a avogada especializada en violencia de x\u00e9nero Sabela Fole.<\/p>\n<p>Esta mesa contou tam\u00e9n coa participaci\u00f3n da deputada galega Marta Gonz\u00e1lez, que foi secretaria xeral de Igualdade entre 2009-2011 e participou como relatora do Pacto de Estado contra a violencia de x\u00e9nero. Foi tam\u00e9n quen advertiu das consecuencias negativas que pod\u00eda ter da Lei do \u2018s\u00f3 si \u00e9 si\u2019 durante a s\u00faa tramitaci\u00f3n parlamentaria.<\/p>\n<p>Mar\u00eda Jes\u00fas Lorenzana foi a encargada de pechar o acto, reivindicando \u201co firme compromiso do Goberno galego coa erradicaci\u00f3n de calquera tipo de discriminaci\u00f3n e violencia contra \u00e1s mulleres na nosa sociedade\u201d. Porque, tal e como asegurou: \u201cA violencia non \u00e9 un asunto ideol\u00f3xico, sen\u00f3n un problema estrutural que est\u00e1 presente en calquera \u00e1mbito e de m\u00faltiples formas\u201d.<\/p>\n","protected":false},"excerpt":{"rendered":"<p>O Partido Popular de Galicia presentar\u00e1 no Parlamento de Galicia unha iniciativa para instar ao Goberno de Espa\u00f1a a que adopte as medidas necesarias \u201cpara minimizar o impacto negativo da Lei do \u2018s\u00f3 si \u00e9 si\u2019 nas v\u00edtimas de violencia sexual\u201d porque \u201co 25-N debe servir para que o Goberno rectifique e se comprometa a [&hellip;]<\/p>\n","protected":false},"author":38,"featured_media":57704,"comment_status":"open","ping_status":"open","sticky":false,"template":"","format":"standard","meta":{"_acf_changed":false,"footnotes":""},"categories":[1],"tags":[],"class_list":["post-57705","post","type-post","status-publish","format-standard","has-post-thumbnail","hentry","category-pp-de-galicia"],"acf":[],"yoast_head":"<!-- This site is optimized with the Yoast SEO plugin v27.3 - https:\/\/yoast.com\/product\/yoast-seo-wordpress\/ -->\n<title>O PPdeG pedir\u00e1 no Parlamento que o Goberno central tome as medidas necesarias \u201cpara minimizar o impacto negativo da Lei do \u2018s\u00f3 si \u00e9 si\u2019 nas v\u00edtimas de violencia sexual\u201d - PP de Galicia<\/title>\n<meta name=\"robots\" content=\"index, follow, max-snippet:-1, max-image-preview:large, max-video-preview:-1\" \/>\n<link rel=\"canonical\" href=\"https:\/\/ppdegalicia.com\/es\/o-ppdeg-pedira-no-parlamento-que-o-goberno-central-tome-as-medidas-necesarias-para-minimizar-o-impacto-negativo-da-lei-do-so-si-e-si-nas-vitimas-de-violencia-sexual\/\" \/>\n<meta property=\"og:locale\" content=\"es_ES\" \/>\n<meta property=\"og:type\" content=\"article\" \/>\n<meta property=\"og:title\" content=\"O PPdeG pedir\u00e1 no Parlamento que o Goberno central tome as medidas necesarias \u201cpara minimizar o impacto negativo da Lei do \u2018s\u00f3 si \u00e9 si\u2019 nas v\u00edtimas de violencia sexual\u201d - PP de Galicia\" \/>\n<meta property=\"og:description\" content=\"O Partido Popular de Galicia presentar\u00e1 no Parlamento de Galicia unha iniciativa para instar ao Goberno de Espa\u00f1a a que adopte as medidas necesarias \u201cpara minimizar o impacto negativo da Lei do \u2018s\u00f3 si \u00e9 si\u2019 nas v\u00edtimas de violencia sexual\u201d porque \u201co 25-N debe servir para que o Goberno rectifique e se comprometa a [&hellip;]\" \/>\n<meta property=\"og:url\" content=\"https:\/\/ppdegalicia.com\/es\/o-ppdeg-pedira-no-parlamento-que-o-goberno-central-tome-as-medidas-necesarias-para-minimizar-o-impacto-negativo-da-lei-do-so-si-e-si-nas-vitimas-de-violencia-sexual\/\" \/>\n<meta property=\"og:site_name\" content=\"PP de Galicia\" \/>\n<meta property=\"article:publisher\" content=\"https:\/\/www.instagram.com\/ppdegalicia\/\" \/>\n<meta property=\"article:published_time\" content=\"2022-11-25T16:27:45+00:00\" \/>\n<meta property=\"og:image\" content=\"https:\/\/ppdegalicia.com\/wp-content\/uploads\/2022\/11\/6b515d6f49849881a7fd39889e3e6854.jpg\" \/>\n\t<meta property=\"og:image:width\" content=\"1600\" \/>\n\t<meta property=\"og:image:height\" content=\"1066\" \/>\n\t<meta property=\"og:image:type\" content=\"image\/jpeg\" \/>\n<meta name=\"author\" content=\"ppdegaliciaredes\" \/>\n<meta name=\"twitter:card\" content=\"summary_large_image\" \/>\n<meta name=\"twitter:creator\" content=\"@ppdegalicia\" \/>\n<meta name=\"twitter:site\" content=\"@ppdegalicia\" \/>\n<meta name=\"twitter:label1\" content=\"Escrito por\" \/>\n\t<meta name=\"twitter:data1\" content=\"ppdegaliciaredes\" \/>\n\t<meta name=\"twitter:label2\" content=\"Tiempo de lectura\" \/>\n\t<meta name=\"twitter:data2\" content=\"5 minutos\" \/>\n<script type=\"application\/ld+json\" class=\"yoast-schema-graph\">{\"@context\":\"https:\\\/\\\/schema.org\",\"@graph\":[{\"@type\":\"Article\",\"@id\":\"https:\\\/\\\/ppdegalicia.com\\\/es\\\/o-ppdeg-pedira-no-parlamento-que-o-goberno-central-tome-as-medidas-necesarias-para-minimizar-o-impacto-negativo-da-lei-do-so-si-e-si-nas-vitimas-de-violencia-sexual\\\/#article\",\"isPartOf\":{\"@id\":\"https:\\\/\\\/ppdegalicia.com\\\/es\\\/o-ppdeg-pedira-no-parlamento-que-o-goberno-central-tome-as-medidas-necesarias-para-minimizar-o-impacto-negativo-da-lei-do-so-si-e-si-nas-vitimas-de-violencia-sexual\\\/\"},\"author\":{\"name\":\"ppdegaliciaredes\",\"@id\":\"https:\\\/\\\/ppdegalicia.com\\\/es\\\/#\\\/schema\\\/person\\\/5b822c6f59e872ebdd1142f307dbcb59\"},\"headline\":\"O PPdeG pedir\u00e1 no Parlamento que o Goberno central tome as medidas necesarias \u201cpara minimizar o impacto negativo da Lei do \u2018s\u00f3 si \u00e9 si\u2019 nas v\u00edtimas de violencia sexual\u201d\",\"datePublished\":\"2022-11-25T16:27:45+00:00\",\"mainEntityOfPage\":{\"@id\":\"https:\\\/\\\/ppdegalicia.com\\\/es\\\/o-ppdeg-pedira-no-parlamento-que-o-goberno-central-tome-as-medidas-necesarias-para-minimizar-o-impacto-negativo-da-lei-do-so-si-e-si-nas-vitimas-de-violencia-sexual\\\/\"},\"wordCount\":973,\"commentCount\":0,\"publisher\":{\"@id\":\"https:\\\/\\\/ppdegalicia.com\\\/es\\\/#organization\"},\"image\":{\"@id\":\"https:\\\/\\\/ppdegalicia.com\\\/es\\\/o-ppdeg-pedira-no-parlamento-que-o-goberno-central-tome-as-medidas-necesarias-para-minimizar-o-impacto-negativo-da-lei-do-so-si-e-si-nas-vitimas-de-violencia-sexual\\\/#primaryimage\"},\"thumbnailUrl\":\"https:\\\/\\\/ppdegalicia.com\\\/wp-content\\\/uploads\\\/2022\\\/11\\\/6b515d6f49849881a7fd39889e3e6854.jpg\",\"articleSection\":[\"PP de Galicia\"],\"inLanguage\":\"es\",\"potentialAction\":[{\"@type\":\"CommentAction\",\"name\":\"Comment\",\"target\":[\"https:\\\/\\\/ppdegalicia.com\\\/es\\\/o-ppdeg-pedira-no-parlamento-que-o-goberno-central-tome-as-medidas-necesarias-para-minimizar-o-impacto-negativo-da-lei-do-so-si-e-si-nas-vitimas-de-violencia-sexual\\\/#respond\"]}]},{\"@type\":\"WebPage\",\"@id\":\"https:\\\/\\\/ppdegalicia.com\\\/es\\\/o-ppdeg-pedira-no-parlamento-que-o-goberno-central-tome-as-medidas-necesarias-para-minimizar-o-impacto-negativo-da-lei-do-so-si-e-si-nas-vitimas-de-violencia-sexual\\\/\",\"url\":\"https:\\\/\\\/ppdegalicia.com\\\/es\\\/o-ppdeg-pedira-no-parlamento-que-o-goberno-central-tome-as-medidas-necesarias-para-minimizar-o-impacto-negativo-da-lei-do-so-si-e-si-nas-vitimas-de-violencia-sexual\\\/\",\"name\":\"O PPdeG pedir\u00e1 no Parlamento que o Goberno central tome as medidas necesarias \u201cpara minimizar o impacto negativo da Lei do \u2018s\u00f3 si \u00e9 si\u2019 nas v\u00edtimas de violencia sexual\u201d - PP de Galicia\",\"isPartOf\":{\"@id\":\"https:\\\/\\\/ppdegalicia.com\\\/es\\\/#website\"},\"primaryImageOfPage\":{\"@id\":\"https:\\\/\\\/ppdegalicia.com\\\/es\\\/o-ppdeg-pedira-no-parlamento-que-o-goberno-central-tome-as-medidas-necesarias-para-minimizar-o-impacto-negativo-da-lei-do-so-si-e-si-nas-vitimas-de-violencia-sexual\\\/#primaryimage\"},\"image\":{\"@id\":\"https:\\\/\\\/ppdegalicia.com\\\/es\\\/o-ppdeg-pedira-no-parlamento-que-o-goberno-central-tome-as-medidas-necesarias-para-minimizar-o-impacto-negativo-da-lei-do-so-si-e-si-nas-vitimas-de-violencia-sexual\\\/#primaryimage\"},\"thumbnailUrl\":\"https:\\\/\\\/ppdegalicia.com\\\/wp-content\\\/uploads\\\/2022\\\/11\\\/6b515d6f49849881a7fd39889e3e6854.jpg\",\"datePublished\":\"2022-11-25T16:27:45+00:00\",\"breadcrumb\":{\"@id\":\"https:\\\/\\\/ppdegalicia.com\\\/es\\\/o-ppdeg-pedira-no-parlamento-que-o-goberno-central-tome-as-medidas-necesarias-para-minimizar-o-impacto-negativo-da-lei-do-so-si-e-si-nas-vitimas-de-violencia-sexual\\\/#breadcrumb\"},\"inLanguage\":\"es\",\"potentialAction\":[{\"@type\":\"ReadAction\",\"target\":[\"https:\\\/\\\/ppdegalicia.com\\\/es\\\/o-ppdeg-pedira-no-parlamento-que-o-goberno-central-tome-as-medidas-necesarias-para-minimizar-o-impacto-negativo-da-lei-do-so-si-e-si-nas-vitimas-de-violencia-sexual\\\/\"]}]},{\"@type\":\"ImageObject\",\"inLanguage\":\"es\",\"@id\":\"https:\\\/\\\/ppdegalicia.com\\\/es\\\/o-ppdeg-pedira-no-parlamento-que-o-goberno-central-tome-as-medidas-necesarias-para-minimizar-o-impacto-negativo-da-lei-do-so-si-e-si-nas-vitimas-de-violencia-sexual\\\/#primaryimage\",\"url\":\"https:\\\/\\\/ppdegalicia.com\\\/wp-content\\\/uploads\\\/2022\\\/11\\\/6b515d6f49849881a7fd39889e3e6854.jpg\",\"contentUrl\":\"https:\\\/\\\/ppdegalicia.com\\\/wp-content\\\/uploads\\\/2022\\\/11\\\/6b515d6f49849881a7fd39889e3e6854.jpg\",\"width\":1600,\"height\":1066},{\"@type\":\"BreadcrumbList\",\"@id\":\"https:\\\/\\\/ppdegalicia.com\\\/es\\\/o-ppdeg-pedira-no-parlamento-que-o-goberno-central-tome-as-medidas-necesarias-para-minimizar-o-impacto-negativo-da-lei-do-so-si-e-si-nas-vitimas-de-violencia-sexual\\\/#breadcrumb\",\"itemListElement\":[{\"@type\":\"ListItem\",\"position\":1,\"name\":\"Portada\",\"item\":\"https:\\\/\\\/ppdegalicia.com\\\/es\\\/\"},{\"@type\":\"ListItem\",\"position\":2,\"name\":\"O PPdeG pedir\u00e1 no Parlamento que o Goberno central tome as medidas necesarias \u201cpara minimizar o impacto negativo da Lei do \u2018s\u00f3 si \u00e9 si\u2019 nas v\u00edtimas de violencia sexual\u201d\"}]},{\"@type\":\"WebSite\",\"@id\":\"https:\\\/\\\/ppdegalicia.com\\\/es\\\/#website\",\"url\":\"https:\\\/\\\/ppdegalicia.com\\\/es\\\/\",\"name\":\"Partido Popular de Galicia\",\"description\":\"Partido Popular de Galicia\",\"publisher\":{\"@id\":\"https:\\\/\\\/ppdegalicia.com\\\/es\\\/#organization\"},\"alternateName\":\"PP de Galicia\",\"potentialAction\":[{\"@type\":\"SearchAction\",\"target\":{\"@type\":\"EntryPoint\",\"urlTemplate\":\"https:\\\/\\\/ppdegalicia.com\\\/es\\\/?s={search_term_string}\"},\"query-input\":{\"@type\":\"PropertyValueSpecification\",\"valueRequired\":true,\"valueName\":\"search_term_string\"}}],\"inLanguage\":\"es\"},{\"@type\":\"Organization\",\"@id\":\"https:\\\/\\\/ppdegalicia.com\\\/es\\\/#organization\",\"name\":\"Partido Popular de Galicia\",\"alternateName\":\"PP de Galicia\",\"url\":\"https:\\\/\\\/ppdegalicia.com\\\/es\\\/\",\"logo\":{\"@type\":\"ImageObject\",\"inLanguage\":\"es\",\"@id\":\"https:\\\/\\\/ppdegalicia.com\\\/es\\\/#\\\/schema\\\/logo\\\/image\\\/\",\"url\":\"https:\\\/\\\/ppdegalicia.com\\\/wp-content\\\/uploads\\\/2023\\\/04\\\/logoPP512.png\",\"contentUrl\":\"https:\\\/\\\/ppdegalicia.com\\\/wp-content\\\/uploads\\\/2023\\\/04\\\/logoPP512.png\",\"width\":512,\"height\":512,\"caption\":\"Partido Popular de Galicia\"},\"image\":{\"@id\":\"https:\\\/\\\/ppdegalicia.com\\\/es\\\/#\\\/schema\\\/logo\\\/image\\\/\"},\"sameAs\":[\"https:\\\/\\\/www.instagram.com\\\/ppdegalicia\\\/\",\"https:\\\/\\\/x.com\\\/ppdegalicia\",\"https:\\\/\\\/www.tiktok.com\\\/@ppdegalicia\",\"https:\\\/\\\/www.youtube.com\\\/user\\\/ppdegalicia\"]},{\"@type\":\"Person\",\"@id\":\"https:\\\/\\\/ppdegalicia.com\\\/es\\\/#\\\/schema\\\/person\\\/5b822c6f59e872ebdd1142f307dbcb59\",\"name\":\"ppdegaliciaredes\",\"image\":{\"@type\":\"ImageObject\",\"inLanguage\":\"es\",\"@id\":\"https:\\\/\\\/secure.gravatar.com\\\/avatar\\\/3c9179cf0256d00c72a48d1f25783c58b6842cd56e85ef3a572881c8e28ccd59?s=96&d=mm&r=g\",\"url\":\"https:\\\/\\\/secure.gravatar.com\\\/avatar\\\/3c9179cf0256d00c72a48d1f25783c58b6842cd56e85ef3a572881c8e28ccd59?s=96&d=mm&r=g\",\"contentUrl\":\"https:\\\/\\\/secure.gravatar.com\\\/avatar\\\/3c9179cf0256d00c72a48d1f25783c58b6842cd56e85ef3a572881c8e28ccd59?s=96&d=mm&r=g\",\"caption\":\"ppdegaliciaredes\"},\"url\":\"https:\\\/\\\/ppdegalicia.com\\\/es\\\/author\\\/ppdegaliciaredes\\\/\"}]}<\/script>\n<!-- \/ Yoast SEO plugin. -->","yoast_head_json":{"title":"O PPdeG pedir\u00e1 no Parlamento que o Goberno central tome as medidas necesarias \u201cpara minimizar o impacto negativo da Lei do \u2018s\u00f3 si \u00e9 si\u2019 nas v\u00edtimas de violencia sexual\u201d - PP de Galicia","robots":{"index":"index","follow":"follow","max-snippet":"max-snippet:-1","max-image-preview":"max-image-preview:large","max-video-preview":"max-video-preview:-1"},"canonical":"https:\/\/ppdegalicia.com\/es\/o-ppdeg-pedira-no-parlamento-que-o-goberno-central-tome-as-medidas-necesarias-para-minimizar-o-impacto-negativo-da-lei-do-so-si-e-si-nas-vitimas-de-violencia-sexual\/","og_locale":"es_ES","og_type":"article","og_title":"O PPdeG pedir\u00e1 no Parlamento que o Goberno central tome as medidas necesarias \u201cpara minimizar o impacto negativo da Lei do \u2018s\u00f3 si \u00e9 si\u2019 nas v\u00edtimas de violencia sexual\u201d - PP de Galicia","og_description":"O Partido Popular de Galicia presentar\u00e1 no Parlamento de Galicia unha iniciativa para instar ao Goberno de Espa\u00f1a a que adopte as medidas necesarias \u201cpara minimizar o impacto negativo da Lei do \u2018s\u00f3 si \u00e9 si\u2019 nas v\u00edtimas de violencia sexual\u201d porque \u201co 25-N debe servir para que o Goberno rectifique e se comprometa a [&hellip;]","og_url":"https:\/\/ppdegalicia.com\/es\/o-ppdeg-pedira-no-parlamento-que-o-goberno-central-tome-as-medidas-necesarias-para-minimizar-o-impacto-negativo-da-lei-do-so-si-e-si-nas-vitimas-de-violencia-sexual\/","og_site_name":"PP de Galicia","article_publisher":"https:\/\/www.instagram.com\/ppdegalicia\/","article_published_time":"2022-11-25T16:27:45+00:00","og_image":[{"width":1600,"height":1066,"url":"https:\/\/ppdegalicia.com\/wp-content\/uploads\/2022\/11\/6b515d6f49849881a7fd39889e3e6854.jpg","type":"image\/jpeg"}],"author":"ppdegaliciaredes","twitter_card":"summary_large_image","twitter_creator":"@ppdegalicia","twitter_site":"@ppdegalicia","twitter_misc":{"Escrito por":"ppdegaliciaredes","Tiempo de lectura":"5 minutos"},"schema":{"@context":"https:\/\/schema.org","@graph":[{"@type":"Article","@id":"https:\/\/ppdegalicia.com\/es\/o-ppdeg-pedira-no-parlamento-que-o-goberno-central-tome-as-medidas-necesarias-para-minimizar-o-impacto-negativo-da-lei-do-so-si-e-si-nas-vitimas-de-violencia-sexual\/#article","isPartOf":{"@id":"https:\/\/ppdegalicia.com\/es\/o-ppdeg-pedira-no-parlamento-que-o-goberno-central-tome-as-medidas-necesarias-para-minimizar-o-impacto-negativo-da-lei-do-so-si-e-si-nas-vitimas-de-violencia-sexual\/"},"author":{"name":"ppdegaliciaredes","@id":"https:\/\/ppdegalicia.com\/es\/#\/schema\/person\/5b822c6f59e872ebdd1142f307dbcb59"},"headline":"O PPdeG pedir\u00e1 no Parlamento que o Goberno central tome as medidas necesarias \u201cpara minimizar o impacto negativo da Lei do \u2018s\u00f3 si \u00e9 si\u2019 nas v\u00edtimas de violencia sexual\u201d","datePublished":"2022-11-25T16:27:45+00:00","mainEntityOfPage":{"@id":"https:\/\/ppdegalicia.com\/es\/o-ppdeg-pedira-no-parlamento-que-o-goberno-central-tome-as-medidas-necesarias-para-minimizar-o-impacto-negativo-da-lei-do-so-si-e-si-nas-vitimas-de-violencia-sexual\/"},"wordCount":973,"commentCount":0,"publisher":{"@id":"https:\/\/ppdegalicia.com\/es\/#organization"},"image":{"@id":"https:\/\/ppdegalicia.com\/es\/o-ppdeg-pedira-no-parlamento-que-o-goberno-central-tome-as-medidas-necesarias-para-minimizar-o-impacto-negativo-da-lei-do-so-si-e-si-nas-vitimas-de-violencia-sexual\/#primaryimage"},"thumbnailUrl":"https:\/\/ppdegalicia.com\/wp-content\/uploads\/2022\/11\/6b515d6f49849881a7fd39889e3e6854.jpg","articleSection":["PP de Galicia"],"inLanguage":"es","potentialAction":[{"@type":"CommentAction","name":"Comment","target":["https:\/\/ppdegalicia.com\/es\/o-ppdeg-pedira-no-parlamento-que-o-goberno-central-tome-as-medidas-necesarias-para-minimizar-o-impacto-negativo-da-lei-do-so-si-e-si-nas-vitimas-de-violencia-sexual\/#respond"]}]},{"@type":"WebPage","@id":"https:\/\/ppdegalicia.com\/es\/o-ppdeg-pedira-no-parlamento-que-o-goberno-central-tome-as-medidas-necesarias-para-minimizar-o-impacto-negativo-da-lei-do-so-si-e-si-nas-vitimas-de-violencia-sexual\/","url":"https:\/\/ppdegalicia.com\/es\/o-ppdeg-pedira-no-parlamento-que-o-goberno-central-tome-as-medidas-necesarias-para-minimizar-o-impacto-negativo-da-lei-do-so-si-e-si-nas-vitimas-de-violencia-sexual\/","name":"O PPdeG pedir\u00e1 no Parlamento que o Goberno central tome as medidas necesarias \u201cpara minimizar o impacto negativo da Lei do \u2018s\u00f3 si \u00e9 si\u2019 nas v\u00edtimas de violencia sexual\u201d - PP de Galicia","isPartOf":{"@id":"https:\/\/ppdegalicia.com\/es\/#website"},"primaryImageOfPage":{"@id":"https:\/\/ppdegalicia.com\/es\/o-ppdeg-pedira-no-parlamento-que-o-goberno-central-tome-as-medidas-necesarias-para-minimizar-o-impacto-negativo-da-lei-do-so-si-e-si-nas-vitimas-de-violencia-sexual\/#primaryimage"},"image":{"@id":"https:\/\/ppdegalicia.com\/es\/o-ppdeg-pedira-no-parlamento-que-o-goberno-central-tome-as-medidas-necesarias-para-minimizar-o-impacto-negativo-da-lei-do-so-si-e-si-nas-vitimas-de-violencia-sexual\/#primaryimage"},"thumbnailUrl":"https:\/\/ppdegalicia.com\/wp-content\/uploads\/2022\/11\/6b515d6f49849881a7fd39889e3e6854.jpg","datePublished":"2022-11-25T16:27:45+00:00","breadcrumb":{"@id":"https:\/\/ppdegalicia.com\/es\/o-ppdeg-pedira-no-parlamento-que-o-goberno-central-tome-as-medidas-necesarias-para-minimizar-o-impacto-negativo-da-lei-do-so-si-e-si-nas-vitimas-de-violencia-sexual\/#breadcrumb"},"inLanguage":"es","potentialAction":[{"@type":"ReadAction","target":["https:\/\/ppdegalicia.com\/es\/o-ppdeg-pedira-no-parlamento-que-o-goberno-central-tome-as-medidas-necesarias-para-minimizar-o-impacto-negativo-da-lei-do-so-si-e-si-nas-vitimas-de-violencia-sexual\/"]}]},{"@type":"ImageObject","inLanguage":"es","@id":"https:\/\/ppdegalicia.com\/es\/o-ppdeg-pedira-no-parlamento-que-o-goberno-central-tome-as-medidas-necesarias-para-minimizar-o-impacto-negativo-da-lei-do-so-si-e-si-nas-vitimas-de-violencia-sexual\/#primaryimage","url":"https:\/\/ppdegalicia.com\/wp-content\/uploads\/2022\/11\/6b515d6f49849881a7fd39889e3e6854.jpg","contentUrl":"https:\/\/ppdegalicia.com\/wp-content\/uploads\/2022\/11\/6b515d6f49849881a7fd39889e3e6854.jpg","width":1600,"height":1066},{"@type":"BreadcrumbList","@id":"https:\/\/ppdegalicia.com\/es\/o-ppdeg-pedira-no-parlamento-que-o-goberno-central-tome-as-medidas-necesarias-para-minimizar-o-impacto-negativo-da-lei-do-so-si-e-si-nas-vitimas-de-violencia-sexual\/#breadcrumb","itemListElement":[{"@type":"ListItem","position":1,"name":"Portada","item":"https:\/\/ppdegalicia.com\/es\/"},{"@type":"ListItem","position":2,"name":"O PPdeG pedir\u00e1 no Parlamento que o Goberno central tome as medidas necesarias \u201cpara minimizar o impacto negativo da Lei do \u2018s\u00f3 si \u00e9 si\u2019 nas v\u00edtimas de violencia sexual\u201d"}]},{"@type":"WebSite","@id":"https:\/\/ppdegalicia.com\/es\/#website","url":"https:\/\/ppdegalicia.com\/es\/","name":"Partido Popular de Galicia","description":"Partido Popular de Galicia","publisher":{"@id":"https:\/\/ppdegalicia.com\/es\/#organization"},"alternateName":"PP de Galicia","potentialAction":[{"@type":"SearchAction","target":{"@type":"EntryPoint","urlTemplate":"https:\/\/ppdegalicia.com\/es\/?s={search_term_string}"},"query-input":{"@type":"PropertyValueSpecification","valueRequired":true,"valueName":"search_term_string"}}],"inLanguage":"es"},{"@type":"Organization","@id":"https:\/\/ppdegalicia.com\/es\/#organization","name":"Partido Popular de Galicia","alternateName":"PP de Galicia","url":"https:\/\/ppdegalicia.com\/es\/","logo":{"@type":"ImageObject","inLanguage":"es","@id":"https:\/\/ppdegalicia.com\/es\/#\/schema\/logo\/image\/","url":"https:\/\/ppdegalicia.com\/wp-content\/uploads\/2023\/04\/logoPP512.png","contentUrl":"https:\/\/ppdegalicia.com\/wp-content\/uploads\/2023\/04\/logoPP512.png","width":512,"height":512,"caption":"Partido Popular de Galicia"},"image":{"@id":"https:\/\/ppdegalicia.com\/es\/#\/schema\/logo\/image\/"},"sameAs":["https:\/\/www.instagram.com\/ppdegalicia\/","https:\/\/x.com\/ppdegalicia","https:\/\/www.tiktok.com\/@ppdegalicia","https:\/\/www.youtube.com\/user\/ppdegalicia"]},{"@type":"Person","@id":"https:\/\/ppdegalicia.com\/es\/#\/schema\/person\/5b822c6f59e872ebdd1142f307dbcb59","name":"ppdegaliciaredes","image":{"@type":"ImageObject","inLanguage":"es","@id":"https:\/\/secure.gravatar.com\/avatar\/3c9179cf0256d00c72a48d1f25783c58b6842cd56e85ef3a572881c8e28ccd59?s=96&d=mm&r=g","url":"https:\/\/secure.gravatar.com\/avatar\/3c9179cf0256d00c72a48d1f25783c58b6842cd56e85ef3a572881c8e28ccd59?s=96&d=mm&r=g","contentUrl":"https:\/\/secure.gravatar.com\/avatar\/3c9179cf0256d00c72a48d1f25783c58b6842cd56e85ef3a572881c8e28ccd59?s=96&d=mm&r=g","caption":"ppdegaliciaredes"},"url":"https:\/\/ppdegalicia.com\/es\/author\/ppdegaliciaredes\/"}]}},"_links":{"self":[{"href":"https:\/\/ppdegalicia.com\/es\/wp-json\/wp\/v2\/posts\/57705","targetHints":{"allow":["GET"]}}],"collection":[{"href":"https:\/\/ppdegalicia.com\/es\/wp-json\/wp\/v2\/posts"}],"about":[{"href":"https:\/\/ppdegalicia.com\/es\/wp-json\/wp\/v2\/types\/post"}],"author":[{"embeddable":true,"href":"https:\/\/ppdegalicia.com\/es\/wp-json\/wp\/v2\/users\/38"}],"replies":[{"embeddable":true,"href":"https:\/\/ppdegalicia.com\/es\/wp-json\/wp\/v2\/comments?post=57705"}],"version-history":[{"count":0,"href":"https:\/\/ppdegalicia.com\/es\/wp-json\/wp\/v2\/posts\/57705\/revisions"}],"wp:featuredmedia":[{"embeddable":true,"href":"https:\/\/ppdegalicia.com\/es\/wp-json\/wp\/v2\/media\/57704"}],"wp:attachment":[{"href":"https:\/\/ppdegalicia.com\/es\/wp-json\/wp\/v2\/media?parent=57705"}],"wp:term":[{"taxonomy":"category","embeddable":true,"href":"https:\/\/ppdegalicia.com\/es\/wp-json\/wp\/v2\/categories?post=57705"},{"taxonomy":"post_tag","embeddable":true,"href":"https:\/\/ppdegalicia.com\/es\/wp-json\/wp\/v2\/tags?post=57705"}],"curies":[{"name":"wp","href":"https:\/\/api.w.org\/{rel}","templated":true}]}}