{"id":57709,"date":"2022-11-28T09:33:01","date_gmt":"2022-11-28T07:33:01","guid":{"rendered":"https:\/\/ppdegalicia.com\/o-ppdeg-traballa-para-ter-a-31-decembro-os-candidatos-dos-313-concellos-galegos-as-eleccions-municipais\/"},"modified":"2022-11-28T09:33:01","modified_gmt":"2022-11-28T07:33:01","slug":"o-ppdeg-traballa-para-ter-a-31-decembro-os-candidatos-dos-313-concellos-galegos-as-eleccions-municipais","status":"publish","type":"post","link":"https:\/\/ppdegalicia.com\/es\/o-ppdeg-traballa-para-ter-a-31-decembro-os-candidatos-dos-313-concellos-galegos-as-eleccions-municipais\/","title":{"rendered":"O PPdeG traballa para ter a 31 decembro os candidatos dos 313 concellos galegos \u00e1s elecci\u00f3ns municipais"},"content":{"rendered":"<p><img fetchpriority=\"high\" decoding=\"async\" class=\" size-full wp-image-57708\" src=\"https:\/\/ppdegalicia.com\/wp-content\/uploads\/2022\/11\/981ea4068462800c432d78800fc77604.jpg\" alt=\"\" width=\"1672\" height=\"1254\" srcset=\"https:\/\/ppdegalicia.com\/wp-content\/uploads\/2022\/11\/981ea4068462800c432d78800fc77604.jpg 1672w, https:\/\/ppdegalicia.com\/wp-content\/uploads\/2022\/11\/981ea4068462800c432d78800fc77604-300x225.jpg 300w, https:\/\/ppdegalicia.com\/wp-content\/uploads\/2022\/11\/981ea4068462800c432d78800fc77604-1024x768.jpg 1024w, https:\/\/ppdegalicia.com\/wp-content\/uploads\/2022\/11\/981ea4068462800c432d78800fc77604-768x576.jpg 768w, https:\/\/ppdegalicia.com\/wp-content\/uploads\/2022\/11\/981ea4068462800c432d78800fc77604-1536x1152.jpg 1536w\" sizes=\"(max-width: 1672px) 100vw, 1672px\" \/><\/p>\n<p>O Partido Popular de Galicia traballa para ter designados a 31 de decembro os 313 candidatos dos 313 concellos galegos para as elecci\u00f3ns municipais do vindeiro ano e co obxectivo de \u201cofrecerlle a todos os galegos o proxecto serio, solvente e centrado que necesitan\u201d.<\/p>\n<p><!--more--><\/p>\n<p>A secretaria xeral do PPdeG, Paula Prado, reivindica o proxecto dos populares fronte a un PSOE \u201catrapado e secuestrado polo presidente S\u00e1nchez\u201d e un BNG \u201cinstalado no independentismo m\u00e1is radical\u201d. De a\u00ed que asegure: \u201cSomos maior\u00eda os que cremos que o proxecto que necesitan os galegos \u00e9 o proxecto do Partido Popular e por iso agardamos que Galicia se tinga de azul o 28 de maio\u201d.<\/p>\n<p>En referencia aos candidatos das sete cidades, Paula Prado pon en valor os \u201cmeses de intenso traballo\u201d que todos eles acumulan co obxectivo de \u201cmostrar aos veci\u00f1os ese proxecto solvente e innovador\u201d que, asegura, aspiran a trasladar \u201ca toda a cidadan\u00eda galega\u201d.<\/p>\n<p>\u00a0<\/p>\n<p><strong>UN PROXECTO COM\u00daN CON SETE OBXECTIVOS<\/strong><\/p>\n<p>A seis meses das elecci\u00f3ns municipais, os candidatos populares \u00e1 alcald\u00eda das sete cidades galegas expo\u00f1en nas redes sociais un v\u00eddeo de presentaci\u00f3n coas claves do seu proxecto.<\/p>\n<p>A candidata \u00e1 alcald\u00eda de Vigo, Marta Fern\u00e1ndez-Tapias, asegura que \u00e9 momento dun \u201ccambio de ciclo\u201d e de demostrar \u00e1 cidadan\u00eda que hai outras formas de facer pol\u00edtica \u201csen confrontaci\u00f3n e sen estridencias\u201d. Mostra as\u00ed mesmo a s\u00faa aposta por \u201cun Vigo l\u00edder, innovador e emprendedor que debe xogar un papel protagonista en Espa\u00f1a e en Europa\u201d.<\/p>\n<p>Pola s\u00faa banda, o coru\u00f1\u00e9s Miguel Lorenzo aspira a \u201crecuperar a ilusi\u00f3n e o peso da cidade da Coru\u00f1a para devolverlle o liderado, blindar os servizos p\u00fablicos e facelos m\u00e1is eficientes\u201d. Neste sentido aposta por \u201crecuperar o orgullo de cidade\u201d e converter de novo \u00e1 Coru\u00f1a \u201cnun referente en calidade de vida\u201d.<\/p>\n<p>\u201cEu non ve\u00f1o a facer pol\u00edtica, sen\u00f3n a facer xesti\u00f3n para recuperar o perdido e avanzar no futuro de Ourense\u201d, asegura Manuel Cabezas no seu v\u00eddeo. O candidato \u00e1 alcald\u00eda da cidade das termas define o seu regreso \u00e1 pol\u00edtica como \u201co primeiro paso para liderar a segunda gran transformaci\u00f3n de Ourense\u201d.<\/p>\n<p>Elena Candia asegura que a cidadan\u00eda trasladalle que \u201cLugo quere un cambio\u201d e por iso aspira a que a cidade sexa \u201cun espazo de oportunidades\u201d no que as persoas estean no centro de todas as pol\u00edticas locais, facendo especial referencia aos nenos, \u00e1 mocidade e aos maiores. \u201cPresentarei un proxecto dun Lugo para vivir no que o concello sexa un axente colaborador para que a cidade sexa tam\u00e9n un lugar atractivo para investir\u201d, engade.<\/p>\n<p>O candidato \u00e1 alcald\u00eda de Santiago de Compostela, Borja Verea, busca un \u201cSantiago que avance, que estea en marcha e que sexa l\u00edder e protagonista para resolver os desaf\u00edos do seu propio futuro. As\u00ed afirma no seu v\u00eddeo que \u201c\u00e9 fundamental recuperar a vangarda con proxectos que po\u00f1an a cidade en movemento e deixar o pasado atr\u00e1s\u201d.<\/p>\n<p>Rafa Dom\u00ednguez pon o foco na \u201ccapacidade do xesti\u00f3n, o traballo e a ilusi\u00f3n\u201d do seu equipo e cree firmemente que \u201co cambio en Pontevedra \u00e9 posible\u201d cun proxecto no que se aposte polo emprego, pola mobilidade, polo deporte e polas potencialidades do entorno natural do r\u00edo L\u00e9rez.<\/p>\n<p>Por \u00faltimo, o ferrol\u00e1n Jos\u00e9 Manuel Rey Varela aspira a \u201cvencer a resignaci\u00f3n\u201d e que en 2023 \u201cnon ga\u00f1e ning\u00fan partido, porque os que te\u00f1en que ganar son Ferrol e os ferrol\u00e1ns\u201d. Aposta por un modelo de cidade que garanta un goberno estable, uns bos servizos municipais e o emprego e que te\u00f1a \u00e1s persoas como prioridade.<\/p>\n","protected":false},"excerpt":{"rendered":"<p>O Partido Popular de Galicia traballa para ter designados a 31 de decembro os 313 candidatos dos 313 concellos galegos para as elecci\u00f3ns municipais do vindeiro ano e co obxectivo de \u201cofrecerlle a todos os galegos o proxecto serio, solvente e centrado que necesitan\u201d.<\/p>\n","protected":false},"author":38,"featured_media":57708,"comment_status":"open","ping_status":"open","sticky":false,"template":"","format":"standard","meta":{"_acf_changed":false,"footnotes":""},"categories":[1],"tags":[],"class_list":["post-57709","post","type-post","status-publish","format-standard","has-post-thumbnail","hentry","category-pp-de-galicia"],"acf":[],"yoast_head":"<!-- This site is optimized with the Yoast SEO plugin v27.3 - https:\/\/yoast.com\/product\/yoast-seo-wordpress\/ -->\n<title>O PPdeG traballa para ter a 31 decembro os candidatos dos 313 concellos galegos \u00e1s elecci\u00f3ns municipais - PP de Galicia<\/title>\n<meta name=\"robots\" content=\"index, follow, max-snippet:-1, max-image-preview:large, max-video-preview:-1\" \/>\n<link rel=\"canonical\" href=\"https:\/\/ppdegalicia.com\/es\/o-ppdeg-traballa-para-ter-a-31-decembro-os-candidatos-dos-313-concellos-galegos-as-eleccions-municipais\/\" \/>\n<meta property=\"og:locale\" content=\"es_ES\" \/>\n<meta property=\"og:type\" content=\"article\" \/>\n<meta property=\"og:title\" content=\"O PPdeG traballa para ter a 31 decembro os candidatos dos 313 concellos galegos \u00e1s elecci\u00f3ns municipais - PP de Galicia\" \/>\n<meta property=\"og:description\" content=\"O Partido Popular de Galicia traballa para ter designados a 31 de decembro os 313 candidatos dos 313 concellos galegos para as elecci\u00f3ns municipais do vindeiro ano e co obxectivo de \u201cofrecerlle a todos os galegos o proxecto serio, solvente e centrado que necesitan\u201d.\" \/>\n<meta property=\"og:url\" content=\"https:\/\/ppdegalicia.com\/es\/o-ppdeg-traballa-para-ter-a-31-decembro-os-candidatos-dos-313-concellos-galegos-as-eleccions-municipais\/\" \/>\n<meta property=\"og:site_name\" content=\"PP de Galicia\" \/>\n<meta property=\"article:publisher\" content=\"https:\/\/www.instagram.com\/ppdegalicia\/\" \/>\n<meta property=\"article:published_time\" content=\"2022-11-28T07:33:01+00:00\" \/>\n<meta property=\"og:image\" content=\"https:\/\/ppdegalicia.com\/wp-content\/uploads\/2022\/11\/981ea4068462800c432d78800fc77604.jpg\" \/>\n\t<meta property=\"og:image:width\" content=\"1672\" \/>\n\t<meta property=\"og:image:height\" content=\"1254\" \/>\n\t<meta property=\"og:image:type\" content=\"image\/jpeg\" \/>\n<meta name=\"author\" content=\"ppdegaliciaredes\" \/>\n<meta name=\"twitter:card\" content=\"summary_large_image\" \/>\n<meta name=\"twitter:creator\" content=\"@ppdegalicia\" \/>\n<meta name=\"twitter:site\" content=\"@ppdegalicia\" \/>\n<meta name=\"twitter:label1\" content=\"Escrito por\" \/>\n\t<meta name=\"twitter:data1\" content=\"ppdegaliciaredes\" \/>\n\t<meta name=\"twitter:label2\" content=\"Tiempo de lectura\" \/>\n\t<meta name=\"twitter:data2\" content=\"3 minutos\" \/>\n<script type=\"application\/ld+json\" class=\"yoast-schema-graph\">{\"@context\":\"https:\\\/\\\/schema.org\",\"@graph\":[{\"@type\":\"Article\",\"@id\":\"https:\\\/\\\/ppdegalicia.com\\\/es\\\/o-ppdeg-traballa-para-ter-a-31-decembro-os-candidatos-dos-313-concellos-galegos-as-eleccions-municipais\\\/#article\",\"isPartOf\":{\"@id\":\"https:\\\/\\\/ppdegalicia.com\\\/es\\\/o-ppdeg-traballa-para-ter-a-31-decembro-os-candidatos-dos-313-concellos-galegos-as-eleccions-municipais\\\/\"},\"author\":{\"name\":\"ppdegaliciaredes\",\"@id\":\"https:\\\/\\\/ppdegalicia.com\\\/es\\\/#\\\/schema\\\/person\\\/5b822c6f59e872ebdd1142f307dbcb59\"},\"headline\":\"O PPdeG traballa para ter a 31 decembro os candidatos dos 313 concellos galegos \u00e1s elecci\u00f3ns municipais\",\"datePublished\":\"2022-11-28T07:33:01+00:00\",\"mainEntityOfPage\":{\"@id\":\"https:\\\/\\\/ppdegalicia.com\\\/es\\\/o-ppdeg-traballa-para-ter-a-31-decembro-os-candidatos-dos-313-concellos-galegos-as-eleccions-municipais\\\/\"},\"wordCount\":638,\"commentCount\":0,\"publisher\":{\"@id\":\"https:\\\/\\\/ppdegalicia.com\\\/es\\\/#organization\"},\"image\":{\"@id\":\"https:\\\/\\\/ppdegalicia.com\\\/es\\\/o-ppdeg-traballa-para-ter-a-31-decembro-os-candidatos-dos-313-concellos-galegos-as-eleccions-municipais\\\/#primaryimage\"},\"thumbnailUrl\":\"https:\\\/\\\/ppdegalicia.com\\\/wp-content\\\/uploads\\\/2022\\\/11\\\/981ea4068462800c432d78800fc77604.jpg\",\"articleSection\":[\"PP de Galicia\"],\"inLanguage\":\"es\",\"potentialAction\":[{\"@type\":\"CommentAction\",\"name\":\"Comment\",\"target\":[\"https:\\\/\\\/ppdegalicia.com\\\/es\\\/o-ppdeg-traballa-para-ter-a-31-decembro-os-candidatos-dos-313-concellos-galegos-as-eleccions-municipais\\\/#respond\"]}]},{\"@type\":\"WebPage\",\"@id\":\"https:\\\/\\\/ppdegalicia.com\\\/es\\\/o-ppdeg-traballa-para-ter-a-31-decembro-os-candidatos-dos-313-concellos-galegos-as-eleccions-municipais\\\/\",\"url\":\"https:\\\/\\\/ppdegalicia.com\\\/es\\\/o-ppdeg-traballa-para-ter-a-31-decembro-os-candidatos-dos-313-concellos-galegos-as-eleccions-municipais\\\/\",\"name\":\"O PPdeG traballa para ter a 31 decembro os candidatos dos 313 concellos galegos \u00e1s elecci\u00f3ns municipais - PP de Galicia\",\"isPartOf\":{\"@id\":\"https:\\\/\\\/ppdegalicia.com\\\/es\\\/#website\"},\"primaryImageOfPage\":{\"@id\":\"https:\\\/\\\/ppdegalicia.com\\\/es\\\/o-ppdeg-traballa-para-ter-a-31-decembro-os-candidatos-dos-313-concellos-galegos-as-eleccions-municipais\\\/#primaryimage\"},\"image\":{\"@id\":\"https:\\\/\\\/ppdegalicia.com\\\/es\\\/o-ppdeg-traballa-para-ter-a-31-decembro-os-candidatos-dos-313-concellos-galegos-as-eleccions-municipais\\\/#primaryimage\"},\"thumbnailUrl\":\"https:\\\/\\\/ppdegalicia.com\\\/wp-content\\\/uploads\\\/2022\\\/11\\\/981ea4068462800c432d78800fc77604.jpg\",\"datePublished\":\"2022-11-28T07:33:01+00:00\",\"breadcrumb\":{\"@id\":\"https:\\\/\\\/ppdegalicia.com\\\/es\\\/o-ppdeg-traballa-para-ter-a-31-decembro-os-candidatos-dos-313-concellos-galegos-as-eleccions-municipais\\\/#breadcrumb\"},\"inLanguage\":\"es\",\"potentialAction\":[{\"@type\":\"ReadAction\",\"target\":[\"https:\\\/\\\/ppdegalicia.com\\\/es\\\/o-ppdeg-traballa-para-ter-a-31-decembro-os-candidatos-dos-313-concellos-galegos-as-eleccions-municipais\\\/\"]}]},{\"@type\":\"ImageObject\",\"inLanguage\":\"es\",\"@id\":\"https:\\\/\\\/ppdegalicia.com\\\/es\\\/o-ppdeg-traballa-para-ter-a-31-decembro-os-candidatos-dos-313-concellos-galegos-as-eleccions-municipais\\\/#primaryimage\",\"url\":\"https:\\\/\\\/ppdegalicia.com\\\/wp-content\\\/uploads\\\/2022\\\/11\\\/981ea4068462800c432d78800fc77604.jpg\",\"contentUrl\":\"https:\\\/\\\/ppdegalicia.com\\\/wp-content\\\/uploads\\\/2022\\\/11\\\/981ea4068462800c432d78800fc77604.jpg\",\"width\":1672,\"height\":1254},{\"@type\":\"BreadcrumbList\",\"@id\":\"https:\\\/\\\/ppdegalicia.com\\\/es\\\/o-ppdeg-traballa-para-ter-a-31-decembro-os-candidatos-dos-313-concellos-galegos-as-eleccions-municipais\\\/#breadcrumb\",\"itemListElement\":[{\"@type\":\"ListItem\",\"position\":1,\"name\":\"Portada\",\"item\":\"https:\\\/\\\/ppdegalicia.com\\\/es\\\/\"},{\"@type\":\"ListItem\",\"position\":2,\"name\":\"O PPdeG traballa para ter a 31 decembro os candidatos dos 313 concellos galegos \u00e1s elecci\u00f3ns municipais\"}]},{\"@type\":\"WebSite\",\"@id\":\"https:\\\/\\\/ppdegalicia.com\\\/es\\\/#website\",\"url\":\"https:\\\/\\\/ppdegalicia.com\\\/es\\\/\",\"name\":\"Partido Popular de Galicia\",\"description\":\"Partido Popular de Galicia\",\"publisher\":{\"@id\":\"https:\\\/\\\/ppdegalicia.com\\\/es\\\/#organization\"},\"alternateName\":\"PP de Galicia\",\"potentialAction\":[{\"@type\":\"SearchAction\",\"target\":{\"@type\":\"EntryPoint\",\"urlTemplate\":\"https:\\\/\\\/ppdegalicia.com\\\/es\\\/?s={search_term_string}\"},\"query-input\":{\"@type\":\"PropertyValueSpecification\",\"valueRequired\":true,\"valueName\":\"search_term_string\"}}],\"inLanguage\":\"es\"},{\"@type\":\"Organization\",\"@id\":\"https:\\\/\\\/ppdegalicia.com\\\/es\\\/#organization\",\"name\":\"Partido Popular de Galicia\",\"alternateName\":\"PP de Galicia\",\"url\":\"https:\\\/\\\/ppdegalicia.com\\\/es\\\/\",\"logo\":{\"@type\":\"ImageObject\",\"inLanguage\":\"es\",\"@id\":\"https:\\\/\\\/ppdegalicia.com\\\/es\\\/#\\\/schema\\\/logo\\\/image\\\/\",\"url\":\"https:\\\/\\\/ppdegalicia.com\\\/wp-content\\\/uploads\\\/2023\\\/04\\\/logoPP512.png\",\"contentUrl\":\"https:\\\/\\\/ppdegalicia.com\\\/wp-content\\\/uploads\\\/2023\\\/04\\\/logoPP512.png\",\"width\":512,\"height\":512,\"caption\":\"Partido Popular de Galicia\"},\"image\":{\"@id\":\"https:\\\/\\\/ppdegalicia.com\\\/es\\\/#\\\/schema\\\/logo\\\/image\\\/\"},\"sameAs\":[\"https:\\\/\\\/www.instagram.com\\\/ppdegalicia\\\/\",\"https:\\\/\\\/x.com\\\/ppdegalicia\",\"https:\\\/\\\/www.tiktok.com\\\/@ppdegalicia\",\"https:\\\/\\\/www.youtube.com\\\/user\\\/ppdegalicia\"]},{\"@type\":\"Person\",\"@id\":\"https:\\\/\\\/ppdegalicia.com\\\/es\\\/#\\\/schema\\\/person\\\/5b822c6f59e872ebdd1142f307dbcb59\",\"name\":\"ppdegaliciaredes\",\"image\":{\"@type\":\"ImageObject\",\"inLanguage\":\"es\",\"@id\":\"https:\\\/\\\/secure.gravatar.com\\\/avatar\\\/3c9179cf0256d00c72a48d1f25783c58b6842cd56e85ef3a572881c8e28ccd59?s=96&d=mm&r=g\",\"url\":\"https:\\\/\\\/secure.gravatar.com\\\/avatar\\\/3c9179cf0256d00c72a48d1f25783c58b6842cd56e85ef3a572881c8e28ccd59?s=96&d=mm&r=g\",\"contentUrl\":\"https:\\\/\\\/secure.gravatar.com\\\/avatar\\\/3c9179cf0256d00c72a48d1f25783c58b6842cd56e85ef3a572881c8e28ccd59?s=96&d=mm&r=g\",\"caption\":\"ppdegaliciaredes\"},\"url\":\"https:\\\/\\\/ppdegalicia.com\\\/es\\\/author\\\/ppdegaliciaredes\\\/\"}]}<\/script>\n<!-- \/ Yoast SEO plugin. -->","yoast_head_json":{"title":"O PPdeG traballa para ter a 31 decembro os candidatos dos 313 concellos galegos \u00e1s elecci\u00f3ns municipais - PP de Galicia","robots":{"index":"index","follow":"follow","max-snippet":"max-snippet:-1","max-image-preview":"max-image-preview:large","max-video-preview":"max-video-preview:-1"},"canonical":"https:\/\/ppdegalicia.com\/es\/o-ppdeg-traballa-para-ter-a-31-decembro-os-candidatos-dos-313-concellos-galegos-as-eleccions-municipais\/","og_locale":"es_ES","og_type":"article","og_title":"O PPdeG traballa para ter a 31 decembro os candidatos dos 313 concellos galegos \u00e1s elecci\u00f3ns municipais - PP de Galicia","og_description":"O Partido Popular de Galicia traballa para ter designados a 31 de decembro os 313 candidatos dos 313 concellos galegos para as elecci\u00f3ns municipais do vindeiro ano e co obxectivo de \u201cofrecerlle a todos os galegos o proxecto serio, solvente e centrado que necesitan\u201d.","og_url":"https:\/\/ppdegalicia.com\/es\/o-ppdeg-traballa-para-ter-a-31-decembro-os-candidatos-dos-313-concellos-galegos-as-eleccions-municipais\/","og_site_name":"PP de Galicia","article_publisher":"https:\/\/www.instagram.com\/ppdegalicia\/","article_published_time":"2022-11-28T07:33:01+00:00","og_image":[{"width":1672,"height":1254,"url":"https:\/\/ppdegalicia.com\/wp-content\/uploads\/2022\/11\/981ea4068462800c432d78800fc77604.jpg","type":"image\/jpeg"}],"author":"ppdegaliciaredes","twitter_card":"summary_large_image","twitter_creator":"@ppdegalicia","twitter_site":"@ppdegalicia","twitter_misc":{"Escrito por":"ppdegaliciaredes","Tiempo de lectura":"3 minutos"},"schema":{"@context":"https:\/\/schema.org","@graph":[{"@type":"Article","@id":"https:\/\/ppdegalicia.com\/es\/o-ppdeg-traballa-para-ter-a-31-decembro-os-candidatos-dos-313-concellos-galegos-as-eleccions-municipais\/#article","isPartOf":{"@id":"https:\/\/ppdegalicia.com\/es\/o-ppdeg-traballa-para-ter-a-31-decembro-os-candidatos-dos-313-concellos-galegos-as-eleccions-municipais\/"},"author":{"name":"ppdegaliciaredes","@id":"https:\/\/ppdegalicia.com\/es\/#\/schema\/person\/5b822c6f59e872ebdd1142f307dbcb59"},"headline":"O PPdeG traballa para ter a 31 decembro os candidatos dos 313 concellos galegos \u00e1s elecci\u00f3ns municipais","datePublished":"2022-11-28T07:33:01+00:00","mainEntityOfPage":{"@id":"https:\/\/ppdegalicia.com\/es\/o-ppdeg-traballa-para-ter-a-31-decembro-os-candidatos-dos-313-concellos-galegos-as-eleccions-municipais\/"},"wordCount":638,"commentCount":0,"publisher":{"@id":"https:\/\/ppdegalicia.com\/es\/#organization"},"image":{"@id":"https:\/\/ppdegalicia.com\/es\/o-ppdeg-traballa-para-ter-a-31-decembro-os-candidatos-dos-313-concellos-galegos-as-eleccions-municipais\/#primaryimage"},"thumbnailUrl":"https:\/\/ppdegalicia.com\/wp-content\/uploads\/2022\/11\/981ea4068462800c432d78800fc77604.jpg","articleSection":["PP de Galicia"],"inLanguage":"es","potentialAction":[{"@type":"CommentAction","name":"Comment","target":["https:\/\/ppdegalicia.com\/es\/o-ppdeg-traballa-para-ter-a-31-decembro-os-candidatos-dos-313-concellos-galegos-as-eleccions-municipais\/#respond"]}]},{"@type":"WebPage","@id":"https:\/\/ppdegalicia.com\/es\/o-ppdeg-traballa-para-ter-a-31-decembro-os-candidatos-dos-313-concellos-galegos-as-eleccions-municipais\/","url":"https:\/\/ppdegalicia.com\/es\/o-ppdeg-traballa-para-ter-a-31-decembro-os-candidatos-dos-313-concellos-galegos-as-eleccions-municipais\/","name":"O PPdeG traballa para ter a 31 decembro os candidatos dos 313 concellos galegos \u00e1s elecci\u00f3ns municipais - PP de Galicia","isPartOf":{"@id":"https:\/\/ppdegalicia.com\/es\/#website"},"primaryImageOfPage":{"@id":"https:\/\/ppdegalicia.com\/es\/o-ppdeg-traballa-para-ter-a-31-decembro-os-candidatos-dos-313-concellos-galegos-as-eleccions-municipais\/#primaryimage"},"image":{"@id":"https:\/\/ppdegalicia.com\/es\/o-ppdeg-traballa-para-ter-a-31-decembro-os-candidatos-dos-313-concellos-galegos-as-eleccions-municipais\/#primaryimage"},"thumbnailUrl":"https:\/\/ppdegalicia.com\/wp-content\/uploads\/2022\/11\/981ea4068462800c432d78800fc77604.jpg","datePublished":"2022-11-28T07:33:01+00:00","breadcrumb":{"@id":"https:\/\/ppdegalicia.com\/es\/o-ppdeg-traballa-para-ter-a-31-decembro-os-candidatos-dos-313-concellos-galegos-as-eleccions-municipais\/#breadcrumb"},"inLanguage":"es","potentialAction":[{"@type":"ReadAction","target":["https:\/\/ppdegalicia.com\/es\/o-ppdeg-traballa-para-ter-a-31-decembro-os-candidatos-dos-313-concellos-galegos-as-eleccions-municipais\/"]}]},{"@type":"ImageObject","inLanguage":"es","@id":"https:\/\/ppdegalicia.com\/es\/o-ppdeg-traballa-para-ter-a-31-decembro-os-candidatos-dos-313-concellos-galegos-as-eleccions-municipais\/#primaryimage","url":"https:\/\/ppdegalicia.com\/wp-content\/uploads\/2022\/11\/981ea4068462800c432d78800fc77604.jpg","contentUrl":"https:\/\/ppdegalicia.com\/wp-content\/uploads\/2022\/11\/981ea4068462800c432d78800fc77604.jpg","width":1672,"height":1254},{"@type":"BreadcrumbList","@id":"https:\/\/ppdegalicia.com\/es\/o-ppdeg-traballa-para-ter-a-31-decembro-os-candidatos-dos-313-concellos-galegos-as-eleccions-municipais\/#breadcrumb","itemListElement":[{"@type":"ListItem","position":1,"name":"Portada","item":"https:\/\/ppdegalicia.com\/es\/"},{"@type":"ListItem","position":2,"name":"O PPdeG traballa para ter a 31 decembro os candidatos dos 313 concellos galegos \u00e1s elecci\u00f3ns municipais"}]},{"@type":"WebSite","@id":"https:\/\/ppdegalicia.com\/es\/#website","url":"https:\/\/ppdegalicia.com\/es\/","name":"Partido Popular de Galicia","description":"Partido Popular de Galicia","publisher":{"@id":"https:\/\/ppdegalicia.com\/es\/#organization"},"alternateName":"PP de Galicia","potentialAction":[{"@type":"SearchAction","target":{"@type":"EntryPoint","urlTemplate":"https:\/\/ppdegalicia.com\/es\/?s={search_term_string}"},"query-input":{"@type":"PropertyValueSpecification","valueRequired":true,"valueName":"search_term_string"}}],"inLanguage":"es"},{"@type":"Organization","@id":"https:\/\/ppdegalicia.com\/es\/#organization","name":"Partido Popular de Galicia","alternateName":"PP de Galicia","url":"https:\/\/ppdegalicia.com\/es\/","logo":{"@type":"ImageObject","inLanguage":"es","@id":"https:\/\/ppdegalicia.com\/es\/#\/schema\/logo\/image\/","url":"https:\/\/ppdegalicia.com\/wp-content\/uploads\/2023\/04\/logoPP512.png","contentUrl":"https:\/\/ppdegalicia.com\/wp-content\/uploads\/2023\/04\/logoPP512.png","width":512,"height":512,"caption":"Partido Popular de Galicia"},"image":{"@id":"https:\/\/ppdegalicia.com\/es\/#\/schema\/logo\/image\/"},"sameAs":["https:\/\/www.instagram.com\/ppdegalicia\/","https:\/\/x.com\/ppdegalicia","https:\/\/www.tiktok.com\/@ppdegalicia","https:\/\/www.youtube.com\/user\/ppdegalicia"]},{"@type":"Person","@id":"https:\/\/ppdegalicia.com\/es\/#\/schema\/person\/5b822c6f59e872ebdd1142f307dbcb59","name":"ppdegaliciaredes","image":{"@type":"ImageObject","inLanguage":"es","@id":"https:\/\/secure.gravatar.com\/avatar\/3c9179cf0256d00c72a48d1f25783c58b6842cd56e85ef3a572881c8e28ccd59?s=96&d=mm&r=g","url":"https:\/\/secure.gravatar.com\/avatar\/3c9179cf0256d00c72a48d1f25783c58b6842cd56e85ef3a572881c8e28ccd59?s=96&d=mm&r=g","contentUrl":"https:\/\/secure.gravatar.com\/avatar\/3c9179cf0256d00c72a48d1f25783c58b6842cd56e85ef3a572881c8e28ccd59?s=96&d=mm&r=g","caption":"ppdegaliciaredes"},"url":"https:\/\/ppdegalicia.com\/es\/author\/ppdegaliciaredes\/"}]}},"_links":{"self":[{"href":"https:\/\/ppdegalicia.com\/es\/wp-json\/wp\/v2\/posts\/57709","targetHints":{"allow":["GET"]}}],"collection":[{"href":"https:\/\/ppdegalicia.com\/es\/wp-json\/wp\/v2\/posts"}],"about":[{"href":"https:\/\/ppdegalicia.com\/es\/wp-json\/wp\/v2\/types\/post"}],"author":[{"embeddable":true,"href":"https:\/\/ppdegalicia.com\/es\/wp-json\/wp\/v2\/users\/38"}],"replies":[{"embeddable":true,"href":"https:\/\/ppdegalicia.com\/es\/wp-json\/wp\/v2\/comments?post=57709"}],"version-history":[{"count":0,"href":"https:\/\/ppdegalicia.com\/es\/wp-json\/wp\/v2\/posts\/57709\/revisions"}],"wp:featuredmedia":[{"embeddable":true,"href":"https:\/\/ppdegalicia.com\/es\/wp-json\/wp\/v2\/media\/57708"}],"wp:attachment":[{"href":"https:\/\/ppdegalicia.com\/es\/wp-json\/wp\/v2\/media?parent=57709"}],"wp:term":[{"taxonomy":"category","embeddable":true,"href":"https:\/\/ppdegalicia.com\/es\/wp-json\/wp\/v2\/categories?post=57709"},{"taxonomy":"post_tag","embeddable":true,"href":"https:\/\/ppdegalicia.com\/es\/wp-json\/wp\/v2\/tags?post=57709"}],"curies":[{"name":"wp","href":"https:\/\/api.w.org\/{rel}","templated":true}]}}