{"id":57711,"date":"2022-11-28T18:24:54","date_gmt":"2022-11-28T16:24:54","guid":{"rendered":"https:\/\/ppdegalicia.com\/o-ppdeg-demanda-ao-goberno-central-axilidade-nos-fondos-europeos-para-que-proxectos-como-altri-sexan-unha-realidade\/"},"modified":"2022-11-28T18:24:54","modified_gmt":"2022-11-28T16:24:54","slug":"o-ppdeg-demanda-ao-goberno-central-axilidade-nos-fondos-europeos-para-que-proxectos-como-altri-sexan-unha-realidade","status":"publish","type":"post","link":"https:\/\/ppdegalicia.com\/es\/o-ppdeg-demanda-ao-goberno-central-axilidade-nos-fondos-europeos-para-que-proxectos-como-altri-sexan-unha-realidade\/","title":{"rendered":"O PPdeG demanda ao Goberno central axilidade nos fondos europeos para que proxectos como Altri sexan unha realidade"},"content":{"rendered":"<p><img fetchpriority=\"high\" decoding=\"async\" class=\" size-full wp-image-57710\" src=\"https:\/\/ppdegalicia.com\/wp-content\/uploads\/2022\/11\/e320b3471cacae423313f55a417dbae2-scaled.jpg\" alt=\"\" width=\"2560\" height=\"1701\" srcset=\"https:\/\/ppdegalicia.com\/wp-content\/uploads\/2022\/11\/e320b3471cacae423313f55a417dbae2-scaled.jpg 2560w, https:\/\/ppdegalicia.com\/wp-content\/uploads\/2022\/11\/e320b3471cacae423313f55a417dbae2-300x199.jpg 300w, https:\/\/ppdegalicia.com\/wp-content\/uploads\/2022\/11\/e320b3471cacae423313f55a417dbae2-1024x680.jpg 1024w, https:\/\/ppdegalicia.com\/wp-content\/uploads\/2022\/11\/e320b3471cacae423313f55a417dbae2-768x510.jpg 768w, https:\/\/ppdegalicia.com\/wp-content\/uploads\/2022\/11\/e320b3471cacae423313f55a417dbae2-1536x1021.jpg 1536w, https:\/\/ppdegalicia.com\/wp-content\/uploads\/2022\/11\/e320b3471cacae423313f55a417dbae2-2048x1361.jpg 2048w\" sizes=\"(max-width: 2560px) 100vw, 2560px\" \/><\/p>\n<p>O Partido Popular de Galicia demanda ao Goberno central axilidade nos fondos europeos para que proxectos como o da f\u00e1brica de fibras t\u00e9xtiles de Altri sexan unha realidade e ante o risco de perder a oportunidade de modernizar e dar m\u00fasculo ao tecido industrial de Galicia.<\/p>\n<p><!--more--><\/p>\n<p>As\u00ed o reiterou esta tarde a secretaria xeral do PPdeG, Paula Prado, na visita que realizou xunto a secretaria xeral de Industria, Paula Ur\u00eda, e a Comisi\u00f3n de Industria da formaci\u00f3n, presidida pola deputada Marta N\u00f3voa, ao parque empresarial de Palas de Rei. Unha visita que \u201cnon \u00e9 por casualidade\u201d, xa que os populares consideran que \u201cpolo centro de Galicia pasa parte do futuro industrial da Comunidade\u201d e por iso insisten en que \u201cese futuro ten que ser unha realidade\u201d.<\/p>\n<p>Contrapo\u00f1en a aposta de Altri por constru\u00edr neste concello lucense unha nova unidade industrial para a produci\u00f3n de fibras t\u00e9xtiles sostibles coa \u201cfalta de empe\u00f1o\u201d do Goberno central e o Ministerio de Industria: \u201cO PSOE de S\u00e1nchez empezou xogando a ser a banca do Monopoly cos fondos europeos e o resultado \u00e9 un aut\u00e9ntico descontrol nas convocatorias e na execuci\u00f3n\u201d.<\/p>\n<p>Neste sentido alertan de que \u201ca falta de empe\u00f1o do Goberno de S\u00e1nchez cos fondos europeos e con Galicia est\u00e1 po\u00f1endo en risco un proxecto tan importante como a f\u00e1brica de fibras t\u00e9xtiles de Altri\u201d. Un proxecto que, aseguran, \u201cmarcar\u00e1 a transformaci\u00f3n industrial de Lugo e de Galicia nas pr\u00f3ximas d\u00e9cadas\u201d.<\/p>\n<p>De a\u00ed que os populares galegos se comprometan \u201ca seguir insistindo no Parlamento e nas Cortes Xerais para que o Goberno central saque por fin adiante este proxecto\u201d que supor\u00eda un investimento de 800 mill\u00f3ns de euros e a creaci\u00f3n de 1.500 empregos directos e 6.500 indirectos.<\/p>\n<p>\u00a0<\/p>\n<p><strong>\u201cO 28 DE MAIO ASPIRAMOS A ACADAR UNHA MAIOR\u00cdA EN TODA GALICIA COMO A DE PABLO TABOADA\u201d<\/strong><\/p>\n<p>A secretaria xeral do PPdeG aproveitou a visita a Palas de Rei para reivindicar \u201ca incansable loita\u201d de Pablo Taboada \u201cpara que este concello te\u00f1a un futuro prometedor\u201d durante os seus 12 anos \u00e1 fronte dun PP que acumula maior\u00edas absolutas desde 1983. Unhas maior\u00edas que, tal e como asegurou, a formaci\u00f3n quere acadar en todos os concellos de Galicia o vindeiro 28 de maio.<\/p>\n<p>\u201cQuero destacar a s\u00faa vontade integradora, sen importar a ideolox\u00eda, sempre coas portas do Consistorio abertas para seguir constru\u00edndo un municipio que avanza coas achegas de todos os veci\u00f1os\u201d, afirmou Paula Prado en referencia ao rexedor popular.<\/p>\n<p>Pablo Taboada, pola s\u00faa banda, quixo reivindicar a importancia que ter\u00eda o proxecto de Altri para Palas de Rei e para os concellos da comarca: \u201cA f\u00e1brica de fibras t\u00e9xtiles constituir\u00eda un revulsivo para os concellos do interior de Galicia e favorecer\u00eda a empregabilidade da nosa mocidade, polo que calquera paso atr\u00e1s supor\u00eda unha debacle para Galicia, para a nosa comarca e por suposto para o noso concello\u201d.<\/p>\n<p>Neste sentido reclamou ao Goberno central que \u201cdemostre con feitos o seu apoio ao rural\u201d cunha \u201cdecisi\u00f3n r\u00e1pida e eficiente\u201d no que se refire \u00e1 xesti\u00f3n dos fondos europeos que o proxecto de Altri precisa para sa\u00edr adiante.<\/p>\n","protected":false},"excerpt":{"rendered":"<p>O Partido Popular de Galicia demanda ao Goberno central axilidade nos fondos europeos para que proxectos como o da f\u00e1brica de fibras t\u00e9xtiles de Altri sexan unha realidade e ante o risco de perder a oportunidade de modernizar e dar m\u00fasculo ao tecido industrial de Galicia.<\/p>\n","protected":false},"author":38,"featured_media":57710,"comment_status":"open","ping_status":"open","sticky":false,"template":"","format":"standard","meta":{"_acf_changed":false,"footnotes":""},"categories":[1],"tags":[],"class_list":["post-57711","post","type-post","status-publish","format-standard","has-post-thumbnail","hentry","category-pp-de-galicia"],"acf":[],"yoast_head":"<!-- This site is optimized with the Yoast SEO plugin v27.3 - https:\/\/yoast.com\/product\/yoast-seo-wordpress\/ -->\n<title>O PPdeG demanda ao Goberno central axilidade nos fondos europeos para que proxectos como Altri sexan unha realidade - PP de Galicia<\/title>\n<meta name=\"robots\" content=\"index, follow, max-snippet:-1, max-image-preview:large, max-video-preview:-1\" \/>\n<link rel=\"canonical\" href=\"https:\/\/ppdegalicia.com\/es\/o-ppdeg-demanda-ao-goberno-central-axilidade-nos-fondos-europeos-para-que-proxectos-como-altri-sexan-unha-realidade\/\" \/>\n<meta property=\"og:locale\" content=\"es_ES\" \/>\n<meta property=\"og:type\" content=\"article\" \/>\n<meta property=\"og:title\" content=\"O PPdeG demanda ao Goberno central axilidade nos fondos europeos para que proxectos como Altri sexan unha realidade - PP de Galicia\" \/>\n<meta property=\"og:description\" content=\"O Partido Popular de Galicia demanda ao Goberno central axilidade nos fondos europeos para que proxectos como o da f\u00e1brica de fibras t\u00e9xtiles de Altri sexan unha realidade e ante o risco de perder a oportunidade de modernizar e dar m\u00fasculo ao tecido industrial de Galicia.\" \/>\n<meta property=\"og:url\" content=\"https:\/\/ppdegalicia.com\/es\/o-ppdeg-demanda-ao-goberno-central-axilidade-nos-fondos-europeos-para-que-proxectos-como-altri-sexan-unha-realidade\/\" \/>\n<meta property=\"og:site_name\" content=\"PP de Galicia\" \/>\n<meta property=\"article:publisher\" content=\"https:\/\/www.instagram.com\/ppdegalicia\/\" \/>\n<meta property=\"article:published_time\" content=\"2022-11-28T16:24:54+00:00\" \/>\n<meta property=\"og:image\" content=\"https:\/\/ppdegalicia.com\/wp-content\/uploads\/2022\/11\/e320b3471cacae423313f55a417dbae2-scaled.jpg\" \/>\n\t<meta property=\"og:image:width\" content=\"2560\" \/>\n\t<meta property=\"og:image:height\" content=\"1701\" \/>\n\t<meta property=\"og:image:type\" content=\"image\/jpeg\" \/>\n<meta name=\"author\" content=\"ppdegaliciaredes\" \/>\n<meta name=\"twitter:card\" content=\"summary_large_image\" \/>\n<meta name=\"twitter:creator\" content=\"@ppdegalicia\" \/>\n<meta name=\"twitter:site\" content=\"@ppdegalicia\" \/>\n<meta name=\"twitter:label1\" content=\"Escrito por\" \/>\n\t<meta name=\"twitter:data1\" content=\"ppdegaliciaredes\" \/>\n\t<meta name=\"twitter:label2\" content=\"Tiempo de lectura\" \/>\n\t<meta name=\"twitter:data2\" content=\"3 minutos\" \/>\n<script type=\"application\/ld+json\" class=\"yoast-schema-graph\">{\"@context\":\"https:\\\/\\\/schema.org\",\"@graph\":[{\"@type\":\"Article\",\"@id\":\"https:\\\/\\\/ppdegalicia.com\\\/es\\\/o-ppdeg-demanda-ao-goberno-central-axilidade-nos-fondos-europeos-para-que-proxectos-como-altri-sexan-unha-realidade\\\/#article\",\"isPartOf\":{\"@id\":\"https:\\\/\\\/ppdegalicia.com\\\/es\\\/o-ppdeg-demanda-ao-goberno-central-axilidade-nos-fondos-europeos-para-que-proxectos-como-altri-sexan-unha-realidade\\\/\"},\"author\":{\"name\":\"ppdegaliciaredes\",\"@id\":\"https:\\\/\\\/ppdegalicia.com\\\/es\\\/#\\\/schema\\\/person\\\/5b822c6f59e872ebdd1142f307dbcb59\"},\"headline\":\"O PPdeG demanda ao Goberno central axilidade nos fondos europeos para que proxectos como Altri sexan unha realidade\",\"datePublished\":\"2022-11-28T16:24:54+00:00\",\"mainEntityOfPage\":{\"@id\":\"https:\\\/\\\/ppdegalicia.com\\\/es\\\/o-ppdeg-demanda-ao-goberno-central-axilidade-nos-fondos-europeos-para-que-proxectos-como-altri-sexan-unha-realidade\\\/\"},\"wordCount\":563,\"commentCount\":0,\"publisher\":{\"@id\":\"https:\\\/\\\/ppdegalicia.com\\\/es\\\/#organization\"},\"image\":{\"@id\":\"https:\\\/\\\/ppdegalicia.com\\\/es\\\/o-ppdeg-demanda-ao-goberno-central-axilidade-nos-fondos-europeos-para-que-proxectos-como-altri-sexan-unha-realidade\\\/#primaryimage\"},\"thumbnailUrl\":\"https:\\\/\\\/ppdegalicia.com\\\/wp-content\\\/uploads\\\/2022\\\/11\\\/e320b3471cacae423313f55a417dbae2-scaled.jpg\",\"articleSection\":[\"PP de Galicia\"],\"inLanguage\":\"es\",\"potentialAction\":[{\"@type\":\"CommentAction\",\"name\":\"Comment\",\"target\":[\"https:\\\/\\\/ppdegalicia.com\\\/es\\\/o-ppdeg-demanda-ao-goberno-central-axilidade-nos-fondos-europeos-para-que-proxectos-como-altri-sexan-unha-realidade\\\/#respond\"]}]},{\"@type\":\"WebPage\",\"@id\":\"https:\\\/\\\/ppdegalicia.com\\\/es\\\/o-ppdeg-demanda-ao-goberno-central-axilidade-nos-fondos-europeos-para-que-proxectos-como-altri-sexan-unha-realidade\\\/\",\"url\":\"https:\\\/\\\/ppdegalicia.com\\\/es\\\/o-ppdeg-demanda-ao-goberno-central-axilidade-nos-fondos-europeos-para-que-proxectos-como-altri-sexan-unha-realidade\\\/\",\"name\":\"O PPdeG demanda ao Goberno central axilidade nos fondos europeos para que proxectos como Altri sexan unha realidade - PP de Galicia\",\"isPartOf\":{\"@id\":\"https:\\\/\\\/ppdegalicia.com\\\/es\\\/#website\"},\"primaryImageOfPage\":{\"@id\":\"https:\\\/\\\/ppdegalicia.com\\\/es\\\/o-ppdeg-demanda-ao-goberno-central-axilidade-nos-fondos-europeos-para-que-proxectos-como-altri-sexan-unha-realidade\\\/#primaryimage\"},\"image\":{\"@id\":\"https:\\\/\\\/ppdegalicia.com\\\/es\\\/o-ppdeg-demanda-ao-goberno-central-axilidade-nos-fondos-europeos-para-que-proxectos-como-altri-sexan-unha-realidade\\\/#primaryimage\"},\"thumbnailUrl\":\"https:\\\/\\\/ppdegalicia.com\\\/wp-content\\\/uploads\\\/2022\\\/11\\\/e320b3471cacae423313f55a417dbae2-scaled.jpg\",\"datePublished\":\"2022-11-28T16:24:54+00:00\",\"breadcrumb\":{\"@id\":\"https:\\\/\\\/ppdegalicia.com\\\/es\\\/o-ppdeg-demanda-ao-goberno-central-axilidade-nos-fondos-europeos-para-que-proxectos-como-altri-sexan-unha-realidade\\\/#breadcrumb\"},\"inLanguage\":\"es\",\"potentialAction\":[{\"@type\":\"ReadAction\",\"target\":[\"https:\\\/\\\/ppdegalicia.com\\\/es\\\/o-ppdeg-demanda-ao-goberno-central-axilidade-nos-fondos-europeos-para-que-proxectos-como-altri-sexan-unha-realidade\\\/\"]}]},{\"@type\":\"ImageObject\",\"inLanguage\":\"es\",\"@id\":\"https:\\\/\\\/ppdegalicia.com\\\/es\\\/o-ppdeg-demanda-ao-goberno-central-axilidade-nos-fondos-europeos-para-que-proxectos-como-altri-sexan-unha-realidade\\\/#primaryimage\",\"url\":\"https:\\\/\\\/ppdegalicia.com\\\/wp-content\\\/uploads\\\/2022\\\/11\\\/e320b3471cacae423313f55a417dbae2-scaled.jpg\",\"contentUrl\":\"https:\\\/\\\/ppdegalicia.com\\\/wp-content\\\/uploads\\\/2022\\\/11\\\/e320b3471cacae423313f55a417dbae2-scaled.jpg\",\"width\":2560,\"height\":1701},{\"@type\":\"BreadcrumbList\",\"@id\":\"https:\\\/\\\/ppdegalicia.com\\\/es\\\/o-ppdeg-demanda-ao-goberno-central-axilidade-nos-fondos-europeos-para-que-proxectos-como-altri-sexan-unha-realidade\\\/#breadcrumb\",\"itemListElement\":[{\"@type\":\"ListItem\",\"position\":1,\"name\":\"Portada\",\"item\":\"https:\\\/\\\/ppdegalicia.com\\\/es\\\/\"},{\"@type\":\"ListItem\",\"position\":2,\"name\":\"O PPdeG demanda ao Goberno central axilidade nos fondos europeos para que proxectos como Altri sexan unha realidade\"}]},{\"@type\":\"WebSite\",\"@id\":\"https:\\\/\\\/ppdegalicia.com\\\/es\\\/#website\",\"url\":\"https:\\\/\\\/ppdegalicia.com\\\/es\\\/\",\"name\":\"Partido Popular de Galicia\",\"description\":\"Partido Popular de Galicia\",\"publisher\":{\"@id\":\"https:\\\/\\\/ppdegalicia.com\\\/es\\\/#organization\"},\"alternateName\":\"PP de Galicia\",\"potentialAction\":[{\"@type\":\"SearchAction\",\"target\":{\"@type\":\"EntryPoint\",\"urlTemplate\":\"https:\\\/\\\/ppdegalicia.com\\\/es\\\/?s={search_term_string}\"},\"query-input\":{\"@type\":\"PropertyValueSpecification\",\"valueRequired\":true,\"valueName\":\"search_term_string\"}}],\"inLanguage\":\"es\"},{\"@type\":\"Organization\",\"@id\":\"https:\\\/\\\/ppdegalicia.com\\\/es\\\/#organization\",\"name\":\"Partido Popular de Galicia\",\"alternateName\":\"PP de Galicia\",\"url\":\"https:\\\/\\\/ppdegalicia.com\\\/es\\\/\",\"logo\":{\"@type\":\"ImageObject\",\"inLanguage\":\"es\",\"@id\":\"https:\\\/\\\/ppdegalicia.com\\\/es\\\/#\\\/schema\\\/logo\\\/image\\\/\",\"url\":\"https:\\\/\\\/ppdegalicia.com\\\/wp-content\\\/uploads\\\/2023\\\/04\\\/logoPP512.png\",\"contentUrl\":\"https:\\\/\\\/ppdegalicia.com\\\/wp-content\\\/uploads\\\/2023\\\/04\\\/logoPP512.png\",\"width\":512,\"height\":512,\"caption\":\"Partido Popular de Galicia\"},\"image\":{\"@id\":\"https:\\\/\\\/ppdegalicia.com\\\/es\\\/#\\\/schema\\\/logo\\\/image\\\/\"},\"sameAs\":[\"https:\\\/\\\/www.instagram.com\\\/ppdegalicia\\\/\",\"https:\\\/\\\/x.com\\\/ppdegalicia\",\"https:\\\/\\\/www.tiktok.com\\\/@ppdegalicia\",\"https:\\\/\\\/www.youtube.com\\\/user\\\/ppdegalicia\"]},{\"@type\":\"Person\",\"@id\":\"https:\\\/\\\/ppdegalicia.com\\\/es\\\/#\\\/schema\\\/person\\\/5b822c6f59e872ebdd1142f307dbcb59\",\"name\":\"ppdegaliciaredes\",\"image\":{\"@type\":\"ImageObject\",\"inLanguage\":\"es\",\"@id\":\"https:\\\/\\\/secure.gravatar.com\\\/avatar\\\/3c9179cf0256d00c72a48d1f25783c58b6842cd56e85ef3a572881c8e28ccd59?s=96&d=mm&r=g\",\"url\":\"https:\\\/\\\/secure.gravatar.com\\\/avatar\\\/3c9179cf0256d00c72a48d1f25783c58b6842cd56e85ef3a572881c8e28ccd59?s=96&d=mm&r=g\",\"contentUrl\":\"https:\\\/\\\/secure.gravatar.com\\\/avatar\\\/3c9179cf0256d00c72a48d1f25783c58b6842cd56e85ef3a572881c8e28ccd59?s=96&d=mm&r=g\",\"caption\":\"ppdegaliciaredes\"},\"url\":\"https:\\\/\\\/ppdegalicia.com\\\/es\\\/author\\\/ppdegaliciaredes\\\/\"}]}<\/script>\n<!-- \/ Yoast SEO plugin. -->","yoast_head_json":{"title":"O PPdeG demanda ao Goberno central axilidade nos fondos europeos para que proxectos como Altri sexan unha realidade - PP de Galicia","robots":{"index":"index","follow":"follow","max-snippet":"max-snippet:-1","max-image-preview":"max-image-preview:large","max-video-preview":"max-video-preview:-1"},"canonical":"https:\/\/ppdegalicia.com\/es\/o-ppdeg-demanda-ao-goberno-central-axilidade-nos-fondos-europeos-para-que-proxectos-como-altri-sexan-unha-realidade\/","og_locale":"es_ES","og_type":"article","og_title":"O PPdeG demanda ao Goberno central axilidade nos fondos europeos para que proxectos como Altri sexan unha realidade - PP de Galicia","og_description":"O Partido Popular de Galicia demanda ao Goberno central axilidade nos fondos europeos para que proxectos como o da f\u00e1brica de fibras t\u00e9xtiles de Altri sexan unha realidade e ante o risco de perder a oportunidade de modernizar e dar m\u00fasculo ao tecido industrial de Galicia.","og_url":"https:\/\/ppdegalicia.com\/es\/o-ppdeg-demanda-ao-goberno-central-axilidade-nos-fondos-europeos-para-que-proxectos-como-altri-sexan-unha-realidade\/","og_site_name":"PP de Galicia","article_publisher":"https:\/\/www.instagram.com\/ppdegalicia\/","article_published_time":"2022-11-28T16:24:54+00:00","og_image":[{"width":2560,"height":1701,"url":"https:\/\/ppdegalicia.com\/wp-content\/uploads\/2022\/11\/e320b3471cacae423313f55a417dbae2-scaled.jpg","type":"image\/jpeg"}],"author":"ppdegaliciaredes","twitter_card":"summary_large_image","twitter_creator":"@ppdegalicia","twitter_site":"@ppdegalicia","twitter_misc":{"Escrito por":"ppdegaliciaredes","Tiempo de lectura":"3 minutos"},"schema":{"@context":"https:\/\/schema.org","@graph":[{"@type":"Article","@id":"https:\/\/ppdegalicia.com\/es\/o-ppdeg-demanda-ao-goberno-central-axilidade-nos-fondos-europeos-para-que-proxectos-como-altri-sexan-unha-realidade\/#article","isPartOf":{"@id":"https:\/\/ppdegalicia.com\/es\/o-ppdeg-demanda-ao-goberno-central-axilidade-nos-fondos-europeos-para-que-proxectos-como-altri-sexan-unha-realidade\/"},"author":{"name":"ppdegaliciaredes","@id":"https:\/\/ppdegalicia.com\/es\/#\/schema\/person\/5b822c6f59e872ebdd1142f307dbcb59"},"headline":"O PPdeG demanda ao Goberno central axilidade nos fondos europeos para que proxectos como Altri sexan unha realidade","datePublished":"2022-11-28T16:24:54+00:00","mainEntityOfPage":{"@id":"https:\/\/ppdegalicia.com\/es\/o-ppdeg-demanda-ao-goberno-central-axilidade-nos-fondos-europeos-para-que-proxectos-como-altri-sexan-unha-realidade\/"},"wordCount":563,"commentCount":0,"publisher":{"@id":"https:\/\/ppdegalicia.com\/es\/#organization"},"image":{"@id":"https:\/\/ppdegalicia.com\/es\/o-ppdeg-demanda-ao-goberno-central-axilidade-nos-fondos-europeos-para-que-proxectos-como-altri-sexan-unha-realidade\/#primaryimage"},"thumbnailUrl":"https:\/\/ppdegalicia.com\/wp-content\/uploads\/2022\/11\/e320b3471cacae423313f55a417dbae2-scaled.jpg","articleSection":["PP de Galicia"],"inLanguage":"es","potentialAction":[{"@type":"CommentAction","name":"Comment","target":["https:\/\/ppdegalicia.com\/es\/o-ppdeg-demanda-ao-goberno-central-axilidade-nos-fondos-europeos-para-que-proxectos-como-altri-sexan-unha-realidade\/#respond"]}]},{"@type":"WebPage","@id":"https:\/\/ppdegalicia.com\/es\/o-ppdeg-demanda-ao-goberno-central-axilidade-nos-fondos-europeos-para-que-proxectos-como-altri-sexan-unha-realidade\/","url":"https:\/\/ppdegalicia.com\/es\/o-ppdeg-demanda-ao-goberno-central-axilidade-nos-fondos-europeos-para-que-proxectos-como-altri-sexan-unha-realidade\/","name":"O PPdeG demanda ao Goberno central axilidade nos fondos europeos para que proxectos como Altri sexan unha realidade - PP de Galicia","isPartOf":{"@id":"https:\/\/ppdegalicia.com\/es\/#website"},"primaryImageOfPage":{"@id":"https:\/\/ppdegalicia.com\/es\/o-ppdeg-demanda-ao-goberno-central-axilidade-nos-fondos-europeos-para-que-proxectos-como-altri-sexan-unha-realidade\/#primaryimage"},"image":{"@id":"https:\/\/ppdegalicia.com\/es\/o-ppdeg-demanda-ao-goberno-central-axilidade-nos-fondos-europeos-para-que-proxectos-como-altri-sexan-unha-realidade\/#primaryimage"},"thumbnailUrl":"https:\/\/ppdegalicia.com\/wp-content\/uploads\/2022\/11\/e320b3471cacae423313f55a417dbae2-scaled.jpg","datePublished":"2022-11-28T16:24:54+00:00","breadcrumb":{"@id":"https:\/\/ppdegalicia.com\/es\/o-ppdeg-demanda-ao-goberno-central-axilidade-nos-fondos-europeos-para-que-proxectos-como-altri-sexan-unha-realidade\/#breadcrumb"},"inLanguage":"es","potentialAction":[{"@type":"ReadAction","target":["https:\/\/ppdegalicia.com\/es\/o-ppdeg-demanda-ao-goberno-central-axilidade-nos-fondos-europeos-para-que-proxectos-como-altri-sexan-unha-realidade\/"]}]},{"@type":"ImageObject","inLanguage":"es","@id":"https:\/\/ppdegalicia.com\/es\/o-ppdeg-demanda-ao-goberno-central-axilidade-nos-fondos-europeos-para-que-proxectos-como-altri-sexan-unha-realidade\/#primaryimage","url":"https:\/\/ppdegalicia.com\/wp-content\/uploads\/2022\/11\/e320b3471cacae423313f55a417dbae2-scaled.jpg","contentUrl":"https:\/\/ppdegalicia.com\/wp-content\/uploads\/2022\/11\/e320b3471cacae423313f55a417dbae2-scaled.jpg","width":2560,"height":1701},{"@type":"BreadcrumbList","@id":"https:\/\/ppdegalicia.com\/es\/o-ppdeg-demanda-ao-goberno-central-axilidade-nos-fondos-europeos-para-que-proxectos-como-altri-sexan-unha-realidade\/#breadcrumb","itemListElement":[{"@type":"ListItem","position":1,"name":"Portada","item":"https:\/\/ppdegalicia.com\/es\/"},{"@type":"ListItem","position":2,"name":"O PPdeG demanda ao Goberno central axilidade nos fondos europeos para que proxectos como Altri sexan unha realidade"}]},{"@type":"WebSite","@id":"https:\/\/ppdegalicia.com\/es\/#website","url":"https:\/\/ppdegalicia.com\/es\/","name":"Partido Popular de Galicia","description":"Partido Popular de Galicia","publisher":{"@id":"https:\/\/ppdegalicia.com\/es\/#organization"},"alternateName":"PP de Galicia","potentialAction":[{"@type":"SearchAction","target":{"@type":"EntryPoint","urlTemplate":"https:\/\/ppdegalicia.com\/es\/?s={search_term_string}"},"query-input":{"@type":"PropertyValueSpecification","valueRequired":true,"valueName":"search_term_string"}}],"inLanguage":"es"},{"@type":"Organization","@id":"https:\/\/ppdegalicia.com\/es\/#organization","name":"Partido Popular de Galicia","alternateName":"PP de Galicia","url":"https:\/\/ppdegalicia.com\/es\/","logo":{"@type":"ImageObject","inLanguage":"es","@id":"https:\/\/ppdegalicia.com\/es\/#\/schema\/logo\/image\/","url":"https:\/\/ppdegalicia.com\/wp-content\/uploads\/2023\/04\/logoPP512.png","contentUrl":"https:\/\/ppdegalicia.com\/wp-content\/uploads\/2023\/04\/logoPP512.png","width":512,"height":512,"caption":"Partido Popular de Galicia"},"image":{"@id":"https:\/\/ppdegalicia.com\/es\/#\/schema\/logo\/image\/"},"sameAs":["https:\/\/www.instagram.com\/ppdegalicia\/","https:\/\/x.com\/ppdegalicia","https:\/\/www.tiktok.com\/@ppdegalicia","https:\/\/www.youtube.com\/user\/ppdegalicia"]},{"@type":"Person","@id":"https:\/\/ppdegalicia.com\/es\/#\/schema\/person\/5b822c6f59e872ebdd1142f307dbcb59","name":"ppdegaliciaredes","image":{"@type":"ImageObject","inLanguage":"es","@id":"https:\/\/secure.gravatar.com\/avatar\/3c9179cf0256d00c72a48d1f25783c58b6842cd56e85ef3a572881c8e28ccd59?s=96&d=mm&r=g","url":"https:\/\/secure.gravatar.com\/avatar\/3c9179cf0256d00c72a48d1f25783c58b6842cd56e85ef3a572881c8e28ccd59?s=96&d=mm&r=g","contentUrl":"https:\/\/secure.gravatar.com\/avatar\/3c9179cf0256d00c72a48d1f25783c58b6842cd56e85ef3a572881c8e28ccd59?s=96&d=mm&r=g","caption":"ppdegaliciaredes"},"url":"https:\/\/ppdegalicia.com\/es\/author\/ppdegaliciaredes\/"}]}},"_links":{"self":[{"href":"https:\/\/ppdegalicia.com\/es\/wp-json\/wp\/v2\/posts\/57711","targetHints":{"allow":["GET"]}}],"collection":[{"href":"https:\/\/ppdegalicia.com\/es\/wp-json\/wp\/v2\/posts"}],"about":[{"href":"https:\/\/ppdegalicia.com\/es\/wp-json\/wp\/v2\/types\/post"}],"author":[{"embeddable":true,"href":"https:\/\/ppdegalicia.com\/es\/wp-json\/wp\/v2\/users\/38"}],"replies":[{"embeddable":true,"href":"https:\/\/ppdegalicia.com\/es\/wp-json\/wp\/v2\/comments?post=57711"}],"version-history":[{"count":0,"href":"https:\/\/ppdegalicia.com\/es\/wp-json\/wp\/v2\/posts\/57711\/revisions"}],"wp:featuredmedia":[{"embeddable":true,"href":"https:\/\/ppdegalicia.com\/es\/wp-json\/wp\/v2\/media\/57710"}],"wp:attachment":[{"href":"https:\/\/ppdegalicia.com\/es\/wp-json\/wp\/v2\/media?parent=57711"}],"wp:term":[{"taxonomy":"category","embeddable":true,"href":"https:\/\/ppdegalicia.com\/es\/wp-json\/wp\/v2\/categories?post=57711"},{"taxonomy":"post_tag","embeddable":true,"href":"https:\/\/ppdegalicia.com\/es\/wp-json\/wp\/v2\/tags?post=57711"}],"curies":[{"name":"wp","href":"https:\/\/api.w.org\/{rel}","templated":true}]}}