{"id":57713,"date":"2022-12-01T11:49:47","date_gmt":"2022-12-01T09:49:47","guid":{"rendered":"https:\/\/ppdegalicia.com\/o-grupo-popular-critica-o-discurso-frivolo-falto-de-rigor-e-alarmista-de-bng-e-psdeg-sobre-a-situacion-da-sanidade\/"},"modified":"2022-12-01T11:49:47","modified_gmt":"2022-12-01T09:49:47","slug":"o-grupo-popular-critica-o-discurso-frivolo-falto-de-rigor-e-alarmista-de-bng-e-psdeg-sobre-a-situacion-da-sanidade","status":"publish","type":"post","link":"https:\/\/ppdegalicia.com\/es\/o-grupo-popular-critica-o-discurso-frivolo-falto-de-rigor-e-alarmista-de-bng-e-psdeg-sobre-a-situacion-da-sanidade\/","title":{"rendered":"O Grupo Popular critica o \u201cdiscurso fr\u00edvolo, falto de rigor e alarmista\u201d de BNG e PSdeG sobre a situaci\u00f3n da sanidade"},"content":{"rendered":"<p><img fetchpriority=\"high\" decoding=\"async\" class=\" size-full wp-image-57712\" src=\"https:\/\/ppdegalicia.com\/wp-content\/uploads\/2022\/12\/874d231037859fa6d76d1a7e8a6a3bd2.jpg\" alt=\"\" width=\"1900\" height=\"1267\" srcset=\"https:\/\/ppdegalicia.com\/wp-content\/uploads\/2022\/12\/874d231037859fa6d76d1a7e8a6a3bd2.jpg 1900w, https:\/\/ppdegalicia.com\/wp-content\/uploads\/2022\/12\/874d231037859fa6d76d1a7e8a6a3bd2-300x200.jpg 300w, https:\/\/ppdegalicia.com\/wp-content\/uploads\/2022\/12\/874d231037859fa6d76d1a7e8a6a3bd2-1024x683.jpg 1024w, https:\/\/ppdegalicia.com\/wp-content\/uploads\/2022\/12\/874d231037859fa6d76d1a7e8a6a3bd2-768x512.jpg 768w, https:\/\/ppdegalicia.com\/wp-content\/uploads\/2022\/12\/874d231037859fa6d76d1a7e8a6a3bd2-1536x1024.jpg 1536w\" sizes=\"(max-width: 1900px) 100vw, 1900px\" \/><\/p>\n<p>1 de decembro de 2022. A portavoz de Sanidade do Grupo Popular, Encarna Amigo, criticou hoxe no Pleno do Parlamento galego o \u201cdiscurso fr\u00edvolo, falto de rigor e alarmista de BNG e PSdeG respecto da situaci\u00f3n da sanidade, tentando embarrar e confundir \u00e1 poboaci\u00f3n alporizando e mobilizando con falsidades, e pintando situaci\u00f3ns esaxeradas que nada te\u00f1en que ver coa realidade\u201d.<\/p>\n<p><!--more--><\/p>\n<p>\u201cA situaci\u00f3n real \u00e9 a escaseza de profesionais sanitarios e desde a Xunta l\u00f3itase para revertela esforz\u00e1ndose no d\u00eda a d\u00eda con medidas dirixidas a ese fin\u201d, como a creaci\u00f3n da nova categor\u00eda de facultativo especialista en atenci\u00f3n primaria ou a realizaci\u00f3n de convocatorias, mediante a modalidade de concurso de m\u00e9ritos, para cubrir as prazas de dif\u00edcil cobertura.<\/p>\n<p>Encarna Amigo subli\u00f1ou que a Xunta \u201ccubre o 100 por cento das prazas formativas de medicina de familia que se acreditan, duplic\u00e1ndoas nos \u00faltimos anos; e contr\u00e1tase a 100 por cento dos profesionais dispo\u00f1ibles, estando as listas de contrataci\u00f3n a cero\u201d. Ademais, asegurou que \u201cnon se vai pechar ning\u00fan centro de sa\u00fade, como agora pretenden facer ver os grupos da oposici\u00f3n\u201d e incidiu \u201ca vontade de cubrir as distintas prazas de sanitarios que a d\u00eda de hoxe se atopan vacantes en calquera concello de Galicia, sempre e cando se atopen profesionais para ocupalas\u201d.<\/p>\n<p><strong>PROBLEMA DE TODA ESPA\u00d1A CON SOLUCI\u00d3N A NIVEL ESTATAL<\/strong><\/p>\n<p>\u201cSaben perfectamente que nos enfrontamos a un problema grave de falta de especialistas de medicina familiar e comunitaria, as\u00ed como de m\u00e9dicos pediatras, pero non s\u00f3 en Galicia, sen\u00f3n en toda Espa\u00f1a\u201d, sinalou a portavoz popular, quen apuntou que \u201ca situaci\u00f3n \u00e9 complexa e est\u00e1 claro que hai unha ra\u00edz com\u00fan a este problema de d\u00e9ficit de m\u00e9dicos de familia que sofre toda Espa\u00f1a, e por iso tam\u00e9n hai soluci\u00f3ns com\u00fans que deben vir a nivel estatal\u201d.<\/p>\n<p>Por \u00faltimo, Encarna Amigo lamentou que o BNG, \u201ccando se trata de elixir entre favorecer a Galicia ou apoiar a Pedro S\u00e1nchez, sempre se posicione ao lado do socialismo en contra Galicia\u201d. As\u00ed, a modo de exemplo, lembrou o seu voto en contra \u00e1 resoluci\u00f3n aprobada no Congreso pedindo ao Goberno central que tome as medidas que necesitan todos os servizos de sa\u00fade auton\u00f3micos ou \u00e1 lei aprobada no Parlamento galego para realizar convocatorias, polo procedemento de concurso de m\u00e9ritos, cubrir prazas de medicina familiar e comunitaria, pediatr\u00eda ou sa\u00fade mental.<\/p>\n","protected":false},"excerpt":{"rendered":"<p>1 de decembro de 2022. A portavoz de Sanidade do Grupo Popular, Encarna Amigo, criticou hoxe no Pleno do Parlamento galego o \u201cdiscurso fr\u00edvolo, falto de rigor e alarmista de BNG e PSdeG respecto da situaci\u00f3n da sanidade, tentando embarrar e confundir \u00e1 poboaci\u00f3n alporizando e mobilizando con falsidades, e pintando situaci\u00f3ns esaxeradas que nada [&hellip;]<\/p>\n","protected":false},"author":38,"featured_media":57712,"comment_status":"open","ping_status":"open","sticky":false,"template":"","format":"standard","meta":{"_acf_changed":false,"footnotes":""},"categories":[1],"tags":[],"class_list":["post-57713","post","type-post","status-publish","format-standard","has-post-thumbnail","hentry","category-pp-de-galicia"],"acf":[],"yoast_head":"<!-- This site is optimized with the Yoast SEO plugin v27.3 - https:\/\/yoast.com\/product\/yoast-seo-wordpress\/ -->\n<title>O Grupo Popular critica o \u201cdiscurso fr\u00edvolo, falto de rigor e alarmista\u201d de BNG e PSdeG sobre a situaci\u00f3n da sanidade - PP de Galicia<\/title>\n<meta name=\"robots\" content=\"index, follow, max-snippet:-1, max-image-preview:large, max-video-preview:-1\" \/>\n<link rel=\"canonical\" href=\"https:\/\/ppdegalicia.com\/es\/o-grupo-popular-critica-o-discurso-frivolo-falto-de-rigor-e-alarmista-de-bng-e-psdeg-sobre-a-situacion-da-sanidade\/\" \/>\n<meta property=\"og:locale\" content=\"es_ES\" \/>\n<meta property=\"og:type\" content=\"article\" \/>\n<meta property=\"og:title\" content=\"O Grupo Popular critica o \u201cdiscurso fr\u00edvolo, falto de rigor e alarmista\u201d de BNG e PSdeG sobre a situaci\u00f3n da sanidade - PP de Galicia\" \/>\n<meta property=\"og:description\" content=\"1 de decembro de 2022. A portavoz de Sanidade do Grupo Popular, Encarna Amigo, criticou hoxe no Pleno do Parlamento galego o \u201cdiscurso fr\u00edvolo, falto de rigor e alarmista de BNG e PSdeG respecto da situaci\u00f3n da sanidade, tentando embarrar e confundir \u00e1 poboaci\u00f3n alporizando e mobilizando con falsidades, e pintando situaci\u00f3ns esaxeradas que nada [&hellip;]\" \/>\n<meta property=\"og:url\" content=\"https:\/\/ppdegalicia.com\/es\/o-grupo-popular-critica-o-discurso-frivolo-falto-de-rigor-e-alarmista-de-bng-e-psdeg-sobre-a-situacion-da-sanidade\/\" \/>\n<meta property=\"og:site_name\" content=\"PP de Galicia\" \/>\n<meta property=\"article:publisher\" content=\"https:\/\/www.instagram.com\/ppdegalicia\/\" \/>\n<meta property=\"article:published_time\" content=\"2022-12-01T09:49:47+00:00\" \/>\n<meta property=\"og:image\" content=\"https:\/\/ppdegalicia.com\/wp-content\/uploads\/2022\/12\/874d231037859fa6d76d1a7e8a6a3bd2.jpg\" \/>\n\t<meta property=\"og:image:width\" content=\"1900\" \/>\n\t<meta property=\"og:image:height\" content=\"1267\" \/>\n\t<meta property=\"og:image:type\" content=\"image\/jpeg\" \/>\n<meta name=\"author\" content=\"ppdegaliciaredes\" \/>\n<meta name=\"twitter:card\" content=\"summary_large_image\" \/>\n<meta name=\"twitter:creator\" content=\"@ppdegalicia\" \/>\n<meta name=\"twitter:site\" content=\"@ppdegalicia\" \/>\n<meta name=\"twitter:label1\" content=\"Escrito por\" \/>\n\t<meta name=\"twitter:data1\" content=\"ppdegaliciaredes\" \/>\n\t<meta name=\"twitter:label2\" content=\"Tiempo de lectura\" \/>\n\t<meta name=\"twitter:data2\" content=\"2 minutos\" \/>\n<script type=\"application\/ld+json\" class=\"yoast-schema-graph\">{\"@context\":\"https:\\\/\\\/schema.org\",\"@graph\":[{\"@type\":\"Article\",\"@id\":\"https:\\\/\\\/ppdegalicia.com\\\/es\\\/o-grupo-popular-critica-o-discurso-frivolo-falto-de-rigor-e-alarmista-de-bng-e-psdeg-sobre-a-situacion-da-sanidade\\\/#article\",\"isPartOf\":{\"@id\":\"https:\\\/\\\/ppdegalicia.com\\\/es\\\/o-grupo-popular-critica-o-discurso-frivolo-falto-de-rigor-e-alarmista-de-bng-e-psdeg-sobre-a-situacion-da-sanidade\\\/\"},\"author\":{\"name\":\"ppdegaliciaredes\",\"@id\":\"https:\\\/\\\/ppdegalicia.com\\\/es\\\/#\\\/schema\\\/person\\\/5b822c6f59e872ebdd1142f307dbcb59\"},\"headline\":\"O Grupo Popular critica o \u201cdiscurso fr\u00edvolo, falto de rigor e alarmista\u201d de BNG e PSdeG sobre a situaci\u00f3n da sanidade\",\"datePublished\":\"2022-12-01T09:49:47+00:00\",\"mainEntityOfPage\":{\"@id\":\"https:\\\/\\\/ppdegalicia.com\\\/es\\\/o-grupo-popular-critica-o-discurso-frivolo-falto-de-rigor-e-alarmista-de-bng-e-psdeg-sobre-a-situacion-da-sanidade\\\/\"},\"wordCount\":448,\"commentCount\":0,\"publisher\":{\"@id\":\"https:\\\/\\\/ppdegalicia.com\\\/es\\\/#organization\"},\"image\":{\"@id\":\"https:\\\/\\\/ppdegalicia.com\\\/es\\\/o-grupo-popular-critica-o-discurso-frivolo-falto-de-rigor-e-alarmista-de-bng-e-psdeg-sobre-a-situacion-da-sanidade\\\/#primaryimage\"},\"thumbnailUrl\":\"https:\\\/\\\/ppdegalicia.com\\\/wp-content\\\/uploads\\\/2022\\\/12\\\/874d231037859fa6d76d1a7e8a6a3bd2.jpg\",\"articleSection\":[\"PP de Galicia\"],\"inLanguage\":\"es\",\"potentialAction\":[{\"@type\":\"CommentAction\",\"name\":\"Comment\",\"target\":[\"https:\\\/\\\/ppdegalicia.com\\\/es\\\/o-grupo-popular-critica-o-discurso-frivolo-falto-de-rigor-e-alarmista-de-bng-e-psdeg-sobre-a-situacion-da-sanidade\\\/#respond\"]}]},{\"@type\":\"WebPage\",\"@id\":\"https:\\\/\\\/ppdegalicia.com\\\/es\\\/o-grupo-popular-critica-o-discurso-frivolo-falto-de-rigor-e-alarmista-de-bng-e-psdeg-sobre-a-situacion-da-sanidade\\\/\",\"url\":\"https:\\\/\\\/ppdegalicia.com\\\/es\\\/o-grupo-popular-critica-o-discurso-frivolo-falto-de-rigor-e-alarmista-de-bng-e-psdeg-sobre-a-situacion-da-sanidade\\\/\",\"name\":\"O Grupo Popular critica o \u201cdiscurso fr\u00edvolo, falto de rigor e alarmista\u201d de BNG e PSdeG sobre a situaci\u00f3n da sanidade - PP de Galicia\",\"isPartOf\":{\"@id\":\"https:\\\/\\\/ppdegalicia.com\\\/es\\\/#website\"},\"primaryImageOfPage\":{\"@id\":\"https:\\\/\\\/ppdegalicia.com\\\/es\\\/o-grupo-popular-critica-o-discurso-frivolo-falto-de-rigor-e-alarmista-de-bng-e-psdeg-sobre-a-situacion-da-sanidade\\\/#primaryimage\"},\"image\":{\"@id\":\"https:\\\/\\\/ppdegalicia.com\\\/es\\\/o-grupo-popular-critica-o-discurso-frivolo-falto-de-rigor-e-alarmista-de-bng-e-psdeg-sobre-a-situacion-da-sanidade\\\/#primaryimage\"},\"thumbnailUrl\":\"https:\\\/\\\/ppdegalicia.com\\\/wp-content\\\/uploads\\\/2022\\\/12\\\/874d231037859fa6d76d1a7e8a6a3bd2.jpg\",\"datePublished\":\"2022-12-01T09:49:47+00:00\",\"breadcrumb\":{\"@id\":\"https:\\\/\\\/ppdegalicia.com\\\/es\\\/o-grupo-popular-critica-o-discurso-frivolo-falto-de-rigor-e-alarmista-de-bng-e-psdeg-sobre-a-situacion-da-sanidade\\\/#breadcrumb\"},\"inLanguage\":\"es\",\"potentialAction\":[{\"@type\":\"ReadAction\",\"target\":[\"https:\\\/\\\/ppdegalicia.com\\\/es\\\/o-grupo-popular-critica-o-discurso-frivolo-falto-de-rigor-e-alarmista-de-bng-e-psdeg-sobre-a-situacion-da-sanidade\\\/\"]}]},{\"@type\":\"ImageObject\",\"inLanguage\":\"es\",\"@id\":\"https:\\\/\\\/ppdegalicia.com\\\/es\\\/o-grupo-popular-critica-o-discurso-frivolo-falto-de-rigor-e-alarmista-de-bng-e-psdeg-sobre-a-situacion-da-sanidade\\\/#primaryimage\",\"url\":\"https:\\\/\\\/ppdegalicia.com\\\/wp-content\\\/uploads\\\/2022\\\/12\\\/874d231037859fa6d76d1a7e8a6a3bd2.jpg\",\"contentUrl\":\"https:\\\/\\\/ppdegalicia.com\\\/wp-content\\\/uploads\\\/2022\\\/12\\\/874d231037859fa6d76d1a7e8a6a3bd2.jpg\",\"width\":1900,\"height\":1267},{\"@type\":\"BreadcrumbList\",\"@id\":\"https:\\\/\\\/ppdegalicia.com\\\/es\\\/o-grupo-popular-critica-o-discurso-frivolo-falto-de-rigor-e-alarmista-de-bng-e-psdeg-sobre-a-situacion-da-sanidade\\\/#breadcrumb\",\"itemListElement\":[{\"@type\":\"ListItem\",\"position\":1,\"name\":\"Portada\",\"item\":\"https:\\\/\\\/ppdegalicia.com\\\/es\\\/\"},{\"@type\":\"ListItem\",\"position\":2,\"name\":\"O Grupo Popular critica o \u201cdiscurso fr\u00edvolo, falto de rigor e alarmista\u201d de BNG e PSdeG sobre a situaci\u00f3n da sanidade\"}]},{\"@type\":\"WebSite\",\"@id\":\"https:\\\/\\\/ppdegalicia.com\\\/es\\\/#website\",\"url\":\"https:\\\/\\\/ppdegalicia.com\\\/es\\\/\",\"name\":\"Partido Popular de Galicia\",\"description\":\"Partido Popular de Galicia\",\"publisher\":{\"@id\":\"https:\\\/\\\/ppdegalicia.com\\\/es\\\/#organization\"},\"alternateName\":\"PP de Galicia\",\"potentialAction\":[{\"@type\":\"SearchAction\",\"target\":{\"@type\":\"EntryPoint\",\"urlTemplate\":\"https:\\\/\\\/ppdegalicia.com\\\/es\\\/?s={search_term_string}\"},\"query-input\":{\"@type\":\"PropertyValueSpecification\",\"valueRequired\":true,\"valueName\":\"search_term_string\"}}],\"inLanguage\":\"es\"},{\"@type\":\"Organization\",\"@id\":\"https:\\\/\\\/ppdegalicia.com\\\/es\\\/#organization\",\"name\":\"Partido Popular de Galicia\",\"alternateName\":\"PP de Galicia\",\"url\":\"https:\\\/\\\/ppdegalicia.com\\\/es\\\/\",\"logo\":{\"@type\":\"ImageObject\",\"inLanguage\":\"es\",\"@id\":\"https:\\\/\\\/ppdegalicia.com\\\/es\\\/#\\\/schema\\\/logo\\\/image\\\/\",\"url\":\"https:\\\/\\\/ppdegalicia.com\\\/wp-content\\\/uploads\\\/2023\\\/04\\\/logoPP512.png\",\"contentUrl\":\"https:\\\/\\\/ppdegalicia.com\\\/wp-content\\\/uploads\\\/2023\\\/04\\\/logoPP512.png\",\"width\":512,\"height\":512,\"caption\":\"Partido Popular de Galicia\"},\"image\":{\"@id\":\"https:\\\/\\\/ppdegalicia.com\\\/es\\\/#\\\/schema\\\/logo\\\/image\\\/\"},\"sameAs\":[\"https:\\\/\\\/www.instagram.com\\\/ppdegalicia\\\/\",\"https:\\\/\\\/x.com\\\/ppdegalicia\",\"https:\\\/\\\/www.tiktok.com\\\/@ppdegalicia\",\"https:\\\/\\\/www.youtube.com\\\/user\\\/ppdegalicia\"]},{\"@type\":\"Person\",\"@id\":\"https:\\\/\\\/ppdegalicia.com\\\/es\\\/#\\\/schema\\\/person\\\/5b822c6f59e872ebdd1142f307dbcb59\",\"name\":\"ppdegaliciaredes\",\"image\":{\"@type\":\"ImageObject\",\"inLanguage\":\"es\",\"@id\":\"https:\\\/\\\/secure.gravatar.com\\\/avatar\\\/3c9179cf0256d00c72a48d1f25783c58b6842cd56e85ef3a572881c8e28ccd59?s=96&d=mm&r=g\",\"url\":\"https:\\\/\\\/secure.gravatar.com\\\/avatar\\\/3c9179cf0256d00c72a48d1f25783c58b6842cd56e85ef3a572881c8e28ccd59?s=96&d=mm&r=g\",\"contentUrl\":\"https:\\\/\\\/secure.gravatar.com\\\/avatar\\\/3c9179cf0256d00c72a48d1f25783c58b6842cd56e85ef3a572881c8e28ccd59?s=96&d=mm&r=g\",\"caption\":\"ppdegaliciaredes\"},\"url\":\"https:\\\/\\\/ppdegalicia.com\\\/es\\\/author\\\/ppdegaliciaredes\\\/\"}]}<\/script>\n<!-- \/ Yoast SEO plugin. -->","yoast_head_json":{"title":"O Grupo Popular critica o \u201cdiscurso fr\u00edvolo, falto de rigor e alarmista\u201d de BNG e PSdeG sobre a situaci\u00f3n da sanidade - PP de Galicia","robots":{"index":"index","follow":"follow","max-snippet":"max-snippet:-1","max-image-preview":"max-image-preview:large","max-video-preview":"max-video-preview:-1"},"canonical":"https:\/\/ppdegalicia.com\/es\/o-grupo-popular-critica-o-discurso-frivolo-falto-de-rigor-e-alarmista-de-bng-e-psdeg-sobre-a-situacion-da-sanidade\/","og_locale":"es_ES","og_type":"article","og_title":"O Grupo Popular critica o \u201cdiscurso fr\u00edvolo, falto de rigor e alarmista\u201d de BNG e PSdeG sobre a situaci\u00f3n da sanidade - PP de Galicia","og_description":"1 de decembro de 2022. A portavoz de Sanidade do Grupo Popular, Encarna Amigo, criticou hoxe no Pleno do Parlamento galego o \u201cdiscurso fr\u00edvolo, falto de rigor e alarmista de BNG e PSdeG respecto da situaci\u00f3n da sanidade, tentando embarrar e confundir \u00e1 poboaci\u00f3n alporizando e mobilizando con falsidades, e pintando situaci\u00f3ns esaxeradas que nada [&hellip;]","og_url":"https:\/\/ppdegalicia.com\/es\/o-grupo-popular-critica-o-discurso-frivolo-falto-de-rigor-e-alarmista-de-bng-e-psdeg-sobre-a-situacion-da-sanidade\/","og_site_name":"PP de Galicia","article_publisher":"https:\/\/www.instagram.com\/ppdegalicia\/","article_published_time":"2022-12-01T09:49:47+00:00","og_image":[{"width":1900,"height":1267,"url":"https:\/\/ppdegalicia.com\/wp-content\/uploads\/2022\/12\/874d231037859fa6d76d1a7e8a6a3bd2.jpg","type":"image\/jpeg"}],"author":"ppdegaliciaredes","twitter_card":"summary_large_image","twitter_creator":"@ppdegalicia","twitter_site":"@ppdegalicia","twitter_misc":{"Escrito por":"ppdegaliciaredes","Tiempo de lectura":"2 minutos"},"schema":{"@context":"https:\/\/schema.org","@graph":[{"@type":"Article","@id":"https:\/\/ppdegalicia.com\/es\/o-grupo-popular-critica-o-discurso-frivolo-falto-de-rigor-e-alarmista-de-bng-e-psdeg-sobre-a-situacion-da-sanidade\/#article","isPartOf":{"@id":"https:\/\/ppdegalicia.com\/es\/o-grupo-popular-critica-o-discurso-frivolo-falto-de-rigor-e-alarmista-de-bng-e-psdeg-sobre-a-situacion-da-sanidade\/"},"author":{"name":"ppdegaliciaredes","@id":"https:\/\/ppdegalicia.com\/es\/#\/schema\/person\/5b822c6f59e872ebdd1142f307dbcb59"},"headline":"O Grupo Popular critica o \u201cdiscurso fr\u00edvolo, falto de rigor e alarmista\u201d de BNG e PSdeG sobre a situaci\u00f3n da sanidade","datePublished":"2022-12-01T09:49:47+00:00","mainEntityOfPage":{"@id":"https:\/\/ppdegalicia.com\/es\/o-grupo-popular-critica-o-discurso-frivolo-falto-de-rigor-e-alarmista-de-bng-e-psdeg-sobre-a-situacion-da-sanidade\/"},"wordCount":448,"commentCount":0,"publisher":{"@id":"https:\/\/ppdegalicia.com\/es\/#organization"},"image":{"@id":"https:\/\/ppdegalicia.com\/es\/o-grupo-popular-critica-o-discurso-frivolo-falto-de-rigor-e-alarmista-de-bng-e-psdeg-sobre-a-situacion-da-sanidade\/#primaryimage"},"thumbnailUrl":"https:\/\/ppdegalicia.com\/wp-content\/uploads\/2022\/12\/874d231037859fa6d76d1a7e8a6a3bd2.jpg","articleSection":["PP de Galicia"],"inLanguage":"es","potentialAction":[{"@type":"CommentAction","name":"Comment","target":["https:\/\/ppdegalicia.com\/es\/o-grupo-popular-critica-o-discurso-frivolo-falto-de-rigor-e-alarmista-de-bng-e-psdeg-sobre-a-situacion-da-sanidade\/#respond"]}]},{"@type":"WebPage","@id":"https:\/\/ppdegalicia.com\/es\/o-grupo-popular-critica-o-discurso-frivolo-falto-de-rigor-e-alarmista-de-bng-e-psdeg-sobre-a-situacion-da-sanidade\/","url":"https:\/\/ppdegalicia.com\/es\/o-grupo-popular-critica-o-discurso-frivolo-falto-de-rigor-e-alarmista-de-bng-e-psdeg-sobre-a-situacion-da-sanidade\/","name":"O Grupo Popular critica o \u201cdiscurso fr\u00edvolo, falto de rigor e alarmista\u201d de BNG e PSdeG sobre a situaci\u00f3n da sanidade - PP de Galicia","isPartOf":{"@id":"https:\/\/ppdegalicia.com\/es\/#website"},"primaryImageOfPage":{"@id":"https:\/\/ppdegalicia.com\/es\/o-grupo-popular-critica-o-discurso-frivolo-falto-de-rigor-e-alarmista-de-bng-e-psdeg-sobre-a-situacion-da-sanidade\/#primaryimage"},"image":{"@id":"https:\/\/ppdegalicia.com\/es\/o-grupo-popular-critica-o-discurso-frivolo-falto-de-rigor-e-alarmista-de-bng-e-psdeg-sobre-a-situacion-da-sanidade\/#primaryimage"},"thumbnailUrl":"https:\/\/ppdegalicia.com\/wp-content\/uploads\/2022\/12\/874d231037859fa6d76d1a7e8a6a3bd2.jpg","datePublished":"2022-12-01T09:49:47+00:00","breadcrumb":{"@id":"https:\/\/ppdegalicia.com\/es\/o-grupo-popular-critica-o-discurso-frivolo-falto-de-rigor-e-alarmista-de-bng-e-psdeg-sobre-a-situacion-da-sanidade\/#breadcrumb"},"inLanguage":"es","potentialAction":[{"@type":"ReadAction","target":["https:\/\/ppdegalicia.com\/es\/o-grupo-popular-critica-o-discurso-frivolo-falto-de-rigor-e-alarmista-de-bng-e-psdeg-sobre-a-situacion-da-sanidade\/"]}]},{"@type":"ImageObject","inLanguage":"es","@id":"https:\/\/ppdegalicia.com\/es\/o-grupo-popular-critica-o-discurso-frivolo-falto-de-rigor-e-alarmista-de-bng-e-psdeg-sobre-a-situacion-da-sanidade\/#primaryimage","url":"https:\/\/ppdegalicia.com\/wp-content\/uploads\/2022\/12\/874d231037859fa6d76d1a7e8a6a3bd2.jpg","contentUrl":"https:\/\/ppdegalicia.com\/wp-content\/uploads\/2022\/12\/874d231037859fa6d76d1a7e8a6a3bd2.jpg","width":1900,"height":1267},{"@type":"BreadcrumbList","@id":"https:\/\/ppdegalicia.com\/es\/o-grupo-popular-critica-o-discurso-frivolo-falto-de-rigor-e-alarmista-de-bng-e-psdeg-sobre-a-situacion-da-sanidade\/#breadcrumb","itemListElement":[{"@type":"ListItem","position":1,"name":"Portada","item":"https:\/\/ppdegalicia.com\/es\/"},{"@type":"ListItem","position":2,"name":"O Grupo Popular critica o \u201cdiscurso fr\u00edvolo, falto de rigor e alarmista\u201d de BNG e PSdeG sobre a situaci\u00f3n da sanidade"}]},{"@type":"WebSite","@id":"https:\/\/ppdegalicia.com\/es\/#website","url":"https:\/\/ppdegalicia.com\/es\/","name":"Partido Popular de Galicia","description":"Partido Popular de Galicia","publisher":{"@id":"https:\/\/ppdegalicia.com\/es\/#organization"},"alternateName":"PP de Galicia","potentialAction":[{"@type":"SearchAction","target":{"@type":"EntryPoint","urlTemplate":"https:\/\/ppdegalicia.com\/es\/?s={search_term_string}"},"query-input":{"@type":"PropertyValueSpecification","valueRequired":true,"valueName":"search_term_string"}}],"inLanguage":"es"},{"@type":"Organization","@id":"https:\/\/ppdegalicia.com\/es\/#organization","name":"Partido Popular de Galicia","alternateName":"PP de Galicia","url":"https:\/\/ppdegalicia.com\/es\/","logo":{"@type":"ImageObject","inLanguage":"es","@id":"https:\/\/ppdegalicia.com\/es\/#\/schema\/logo\/image\/","url":"https:\/\/ppdegalicia.com\/wp-content\/uploads\/2023\/04\/logoPP512.png","contentUrl":"https:\/\/ppdegalicia.com\/wp-content\/uploads\/2023\/04\/logoPP512.png","width":512,"height":512,"caption":"Partido Popular de Galicia"},"image":{"@id":"https:\/\/ppdegalicia.com\/es\/#\/schema\/logo\/image\/"},"sameAs":["https:\/\/www.instagram.com\/ppdegalicia\/","https:\/\/x.com\/ppdegalicia","https:\/\/www.tiktok.com\/@ppdegalicia","https:\/\/www.youtube.com\/user\/ppdegalicia"]},{"@type":"Person","@id":"https:\/\/ppdegalicia.com\/es\/#\/schema\/person\/5b822c6f59e872ebdd1142f307dbcb59","name":"ppdegaliciaredes","image":{"@type":"ImageObject","inLanguage":"es","@id":"https:\/\/secure.gravatar.com\/avatar\/3c9179cf0256d00c72a48d1f25783c58b6842cd56e85ef3a572881c8e28ccd59?s=96&d=mm&r=g","url":"https:\/\/secure.gravatar.com\/avatar\/3c9179cf0256d00c72a48d1f25783c58b6842cd56e85ef3a572881c8e28ccd59?s=96&d=mm&r=g","contentUrl":"https:\/\/secure.gravatar.com\/avatar\/3c9179cf0256d00c72a48d1f25783c58b6842cd56e85ef3a572881c8e28ccd59?s=96&d=mm&r=g","caption":"ppdegaliciaredes"},"url":"https:\/\/ppdegalicia.com\/es\/author\/ppdegaliciaredes\/"}]}},"_links":{"self":[{"href":"https:\/\/ppdegalicia.com\/es\/wp-json\/wp\/v2\/posts\/57713","targetHints":{"allow":["GET"]}}],"collection":[{"href":"https:\/\/ppdegalicia.com\/es\/wp-json\/wp\/v2\/posts"}],"about":[{"href":"https:\/\/ppdegalicia.com\/es\/wp-json\/wp\/v2\/types\/post"}],"author":[{"embeddable":true,"href":"https:\/\/ppdegalicia.com\/es\/wp-json\/wp\/v2\/users\/38"}],"replies":[{"embeddable":true,"href":"https:\/\/ppdegalicia.com\/es\/wp-json\/wp\/v2\/comments?post=57713"}],"version-history":[{"count":0,"href":"https:\/\/ppdegalicia.com\/es\/wp-json\/wp\/v2\/posts\/57713\/revisions"}],"wp:featuredmedia":[{"embeddable":true,"href":"https:\/\/ppdegalicia.com\/es\/wp-json\/wp\/v2\/media\/57712"}],"wp:attachment":[{"href":"https:\/\/ppdegalicia.com\/es\/wp-json\/wp\/v2\/media?parent=57713"}],"wp:term":[{"taxonomy":"category","embeddable":true,"href":"https:\/\/ppdegalicia.com\/es\/wp-json\/wp\/v2\/categories?post=57713"},{"taxonomy":"post_tag","embeddable":true,"href":"https:\/\/ppdegalicia.com\/es\/wp-json\/wp\/v2\/tags?post=57713"}],"curies":[{"name":"wp","href":"https:\/\/api.w.org\/{rel}","templated":true}]}}