{"id":57717,"date":"2022-12-01T11:54:52","date_gmt":"2022-12-01T09:54:52","guid":{"rendered":"https:\/\/ppdegalicia.com\/o-grupo-popular-salienta-que-a-xunta-dara-un-paso-mais-na-formacion-de-desempregados-co-campus-virtual-e-avanzando-na-axenda-galega-de-capacidades-para-o-emprego\/"},"modified":"2022-12-01T11:54:52","modified_gmt":"2022-12-01T09:54:52","slug":"o-grupo-popular-salienta-que-a-xunta-dara-un-paso-mais-na-formacion-de-desempregados-co-campus-virtual-e-avanzando-na-axenda-galega-de-capacidades-para-o-emprego","status":"publish","type":"post","link":"https:\/\/ppdegalicia.com\/es\/o-grupo-popular-salienta-que-a-xunta-dara-un-paso-mais-na-formacion-de-desempregados-co-campus-virtual-e-avanzando-na-axenda-galega-de-capacidades-para-o-emprego\/","title":{"rendered":"O Grupo Popular salienta que a Xunta dar\u00e1 un paso m\u00e1is na formaci\u00f3n de desempregados co Campus Virtual e avanzando na Axenda Galega de Capacidades para o Emprego"},"content":{"rendered":"<p><img fetchpriority=\"high\" decoding=\"async\" class=\" size-full wp-image-57716\" src=\"https:\/\/ppdegalicia.com\/wp-content\/uploads\/2022\/12\/f986d21835fb47e30e4c2723b79709b8.jpg\" alt=\"\" width=\"1900\" height=\"1267\" srcset=\"https:\/\/ppdegalicia.com\/wp-content\/uploads\/2022\/12\/f986d21835fb47e30e4c2723b79709b8.jpg 1900w, https:\/\/ppdegalicia.com\/wp-content\/uploads\/2022\/12\/f986d21835fb47e30e4c2723b79709b8-300x200.jpg 300w, https:\/\/ppdegalicia.com\/wp-content\/uploads\/2022\/12\/f986d21835fb47e30e4c2723b79709b8-1024x683.jpg 1024w, https:\/\/ppdegalicia.com\/wp-content\/uploads\/2022\/12\/f986d21835fb47e30e4c2723b79709b8-768x512.jpg 768w, https:\/\/ppdegalicia.com\/wp-content\/uploads\/2022\/12\/f986d21835fb47e30e4c2723b79709b8-1536x1024.jpg 1536w\" sizes=\"(max-width: 1900px) 100vw, 1900px\" \/><\/p>\n<p>1 de decembro de 2022. A portavoz de Emprego do Grupo Popular, Noelia P\u00e9rez, salientou hoxe no Pleno do Parlamento galego que a Xunta dar\u00e1 un paso m\u00e1is na formaci\u00f3n de desempregados coa introduci\u00f3n de novos recursos, como o Campus Virtual, a ampliaci\u00f3n do n\u00famero de convocatorias libres para a adquisici\u00f3n de competencias claves durante todo o ano e nas catro provincias galegas, o impulso do modelo de formaci\u00f3n dual ou avanzando na Axenda Galega de Capacidades para o Emprego, que apostar\u00e1 pola figura das microcredenciais.<\/p>\n<p><!--more--><\/p>\n<p>Noelia P\u00e9rez manifestou que o Goberno galego \u201cnon s\u00f3 ten un plan para mellorar a formaci\u00f3n e a empregabilidade dos galegos, sen\u00f3n tam\u00e9n estes programas est\u00e1n a ser efectivos para que Galicia siga mantendo un diferencial positivo en materia de emprego, con mellores datos que o resto de Espa\u00f1a e con m\u00e1is emprego e de mellor calidade que a media estatal\u201d.<\/p>\n<p><strong>NECESIDADES DO MERCADO E DOTAR DE COMPETENCIAS<\/strong><\/p>\n<p>\u201cPara mellorar a empregabilidade e aumentar a cualificaci\u00f3n dos traballadores en Galicia hai que abordar, dunha banda, as necesidades reais do mercado de traballo e analizar esas realidades do tecido produtivo; e, por outro lado, formar e dotar de competencias a toda a cidadan\u00eda en base a esas necesidades e coas ferramentas que poidan evitar que queden exclu\u00eddas del\u201d, concretou.<\/p>\n<p>A portavoz popular referiuse \u00e1s pol\u00edticas activas de emprego que neste momento est\u00e1 levando a cabo a Xunta de Galicia, destacando os m\u00e1is de 430 mill\u00f3ns de euros que destinar\u00e1 en 2023 para consolidar iniciativas empresariais e crear emprego vencellado \u00e1 econom\u00eda social; ou os apoios \u00e1 contrataci\u00f3n, dirixidos especialmente a aqueles colectivos que te\u00f1en m\u00e1is dificultades, como mulleres, mozos, persoas con discapacidade ou en risco de exclusi\u00f3n, parados de longa duraci\u00f3n ou apoio a persoas retornadas e migrantes.<\/p>\n<p>\u201cO Goberno galego seguir\u00e1 traballando en plans de formaci\u00f3n para ocupados, desempregados e nos certificados de profesionalidade; seguir\u00e1 traballando para incrementar esa participaci\u00f3n na formaci\u00f3n en competencias clave; e seguir\u00e1 innovando de acordo a unha folla de ruta xa marcada e orzamentada\u201d, apuntou.<\/p>\n","protected":false},"excerpt":{"rendered":"<p>1 de decembro de 2022. A portavoz de Emprego do Grupo Popular, Noelia P\u00e9rez, salientou hoxe no Pleno do Parlamento galego que a Xunta dar\u00e1 un paso m\u00e1is na formaci\u00f3n de desempregados coa introduci\u00f3n de novos recursos, como o Campus Virtual, a ampliaci\u00f3n do n\u00famero de convocatorias libres para a adquisici\u00f3n de competencias claves durante [&hellip;]<\/p>\n","protected":false},"author":38,"featured_media":57716,"comment_status":"open","ping_status":"open","sticky":false,"template":"","format":"standard","meta":{"_acf_changed":false,"footnotes":""},"categories":[1],"tags":[],"class_list":["post-57717","post","type-post","status-publish","format-standard","has-post-thumbnail","hentry","category-pp-de-galicia"],"acf":[],"yoast_head":"<!-- This site is optimized with the Yoast SEO plugin v27.3 - https:\/\/yoast.com\/product\/yoast-seo-wordpress\/ -->\n<title>O Grupo Popular salienta que a Xunta dar\u00e1 un paso m\u00e1is na formaci\u00f3n de desempregados co Campus Virtual e avanzando na Axenda Galega de Capacidades para o Emprego - PP de Galicia<\/title>\n<meta name=\"robots\" content=\"index, follow, max-snippet:-1, max-image-preview:large, max-video-preview:-1\" \/>\n<link rel=\"canonical\" href=\"https:\/\/ppdegalicia.com\/es\/o-grupo-popular-salienta-que-a-xunta-dara-un-paso-mais-na-formacion-de-desempregados-co-campus-virtual-e-avanzando-na-axenda-galega-de-capacidades-para-o-emprego\/\" \/>\n<meta property=\"og:locale\" content=\"es_ES\" \/>\n<meta property=\"og:type\" content=\"article\" \/>\n<meta property=\"og:title\" content=\"O Grupo Popular salienta que a Xunta dar\u00e1 un paso m\u00e1is na formaci\u00f3n de desempregados co Campus Virtual e avanzando na Axenda Galega de Capacidades para o Emprego - PP de Galicia\" \/>\n<meta property=\"og:description\" content=\"1 de decembro de 2022. A portavoz de Emprego do Grupo Popular, Noelia P\u00e9rez, salientou hoxe no Pleno do Parlamento galego que a Xunta dar\u00e1 un paso m\u00e1is na formaci\u00f3n de desempregados coa introduci\u00f3n de novos recursos, como o Campus Virtual, a ampliaci\u00f3n do n\u00famero de convocatorias libres para a adquisici\u00f3n de competencias claves durante [&hellip;]\" \/>\n<meta property=\"og:url\" content=\"https:\/\/ppdegalicia.com\/es\/o-grupo-popular-salienta-que-a-xunta-dara-un-paso-mais-na-formacion-de-desempregados-co-campus-virtual-e-avanzando-na-axenda-galega-de-capacidades-para-o-emprego\/\" \/>\n<meta property=\"og:site_name\" content=\"PP de Galicia\" \/>\n<meta property=\"article:publisher\" content=\"https:\/\/www.instagram.com\/ppdegalicia\/\" \/>\n<meta property=\"article:published_time\" content=\"2022-12-01T09:54:52+00:00\" \/>\n<meta property=\"og:image\" content=\"https:\/\/ppdegalicia.com\/wp-content\/uploads\/2022\/12\/f986d21835fb47e30e4c2723b79709b8.jpg\" \/>\n\t<meta property=\"og:image:width\" content=\"1900\" \/>\n\t<meta property=\"og:image:height\" content=\"1267\" \/>\n\t<meta property=\"og:image:type\" content=\"image\/jpeg\" \/>\n<meta name=\"author\" content=\"ppdegaliciaredes\" \/>\n<meta name=\"twitter:card\" content=\"summary_large_image\" \/>\n<meta name=\"twitter:creator\" content=\"@ppdegalicia\" \/>\n<meta name=\"twitter:site\" content=\"@ppdegalicia\" \/>\n<meta name=\"twitter:label1\" content=\"Escrito por\" \/>\n\t<meta name=\"twitter:data1\" content=\"ppdegaliciaredes\" \/>\n\t<meta name=\"twitter:label2\" content=\"Tiempo de lectura\" \/>\n\t<meta name=\"twitter:data2\" content=\"2 minutos\" \/>\n<script type=\"application\/ld+json\" class=\"yoast-schema-graph\">{\"@context\":\"https:\\\/\\\/schema.org\",\"@graph\":[{\"@type\":\"Article\",\"@id\":\"https:\\\/\\\/ppdegalicia.com\\\/es\\\/o-grupo-popular-salienta-que-a-xunta-dara-un-paso-mais-na-formacion-de-desempregados-co-campus-virtual-e-avanzando-na-axenda-galega-de-capacidades-para-o-emprego\\\/#article\",\"isPartOf\":{\"@id\":\"https:\\\/\\\/ppdegalicia.com\\\/es\\\/o-grupo-popular-salienta-que-a-xunta-dara-un-paso-mais-na-formacion-de-desempregados-co-campus-virtual-e-avanzando-na-axenda-galega-de-capacidades-para-o-emprego\\\/\"},\"author\":{\"name\":\"ppdegaliciaredes\",\"@id\":\"https:\\\/\\\/ppdegalicia.com\\\/es\\\/#\\\/schema\\\/person\\\/5b822c6f59e872ebdd1142f307dbcb59\"},\"headline\":\"O Grupo Popular salienta que a Xunta dar\u00e1 un paso m\u00e1is na formaci\u00f3n de desempregados co Campus Virtual e avanzando na Axenda Galega de Capacidades para o Emprego\",\"datePublished\":\"2022-12-01T09:54:52+00:00\",\"mainEntityOfPage\":{\"@id\":\"https:\\\/\\\/ppdegalicia.com\\\/es\\\/o-grupo-popular-salienta-que-a-xunta-dara-un-paso-mais-na-formacion-de-desempregados-co-campus-virtual-e-avanzando-na-axenda-galega-de-capacidades-para-o-emprego\\\/\"},\"wordCount\":390,\"commentCount\":0,\"publisher\":{\"@id\":\"https:\\\/\\\/ppdegalicia.com\\\/es\\\/#organization\"},\"image\":{\"@id\":\"https:\\\/\\\/ppdegalicia.com\\\/es\\\/o-grupo-popular-salienta-que-a-xunta-dara-un-paso-mais-na-formacion-de-desempregados-co-campus-virtual-e-avanzando-na-axenda-galega-de-capacidades-para-o-emprego\\\/#primaryimage\"},\"thumbnailUrl\":\"https:\\\/\\\/ppdegalicia.com\\\/wp-content\\\/uploads\\\/2022\\\/12\\\/f986d21835fb47e30e4c2723b79709b8.jpg\",\"articleSection\":[\"PP de Galicia\"],\"inLanguage\":\"es\",\"potentialAction\":[{\"@type\":\"CommentAction\",\"name\":\"Comment\",\"target\":[\"https:\\\/\\\/ppdegalicia.com\\\/es\\\/o-grupo-popular-salienta-que-a-xunta-dara-un-paso-mais-na-formacion-de-desempregados-co-campus-virtual-e-avanzando-na-axenda-galega-de-capacidades-para-o-emprego\\\/#respond\"]}]},{\"@type\":\"WebPage\",\"@id\":\"https:\\\/\\\/ppdegalicia.com\\\/es\\\/o-grupo-popular-salienta-que-a-xunta-dara-un-paso-mais-na-formacion-de-desempregados-co-campus-virtual-e-avanzando-na-axenda-galega-de-capacidades-para-o-emprego\\\/\",\"url\":\"https:\\\/\\\/ppdegalicia.com\\\/es\\\/o-grupo-popular-salienta-que-a-xunta-dara-un-paso-mais-na-formacion-de-desempregados-co-campus-virtual-e-avanzando-na-axenda-galega-de-capacidades-para-o-emprego\\\/\",\"name\":\"O Grupo Popular salienta que a Xunta dar\u00e1 un paso m\u00e1is na formaci\u00f3n de desempregados co Campus Virtual e avanzando na Axenda Galega de Capacidades para o Emprego - PP de Galicia\",\"isPartOf\":{\"@id\":\"https:\\\/\\\/ppdegalicia.com\\\/es\\\/#website\"},\"primaryImageOfPage\":{\"@id\":\"https:\\\/\\\/ppdegalicia.com\\\/es\\\/o-grupo-popular-salienta-que-a-xunta-dara-un-paso-mais-na-formacion-de-desempregados-co-campus-virtual-e-avanzando-na-axenda-galega-de-capacidades-para-o-emprego\\\/#primaryimage\"},\"image\":{\"@id\":\"https:\\\/\\\/ppdegalicia.com\\\/es\\\/o-grupo-popular-salienta-que-a-xunta-dara-un-paso-mais-na-formacion-de-desempregados-co-campus-virtual-e-avanzando-na-axenda-galega-de-capacidades-para-o-emprego\\\/#primaryimage\"},\"thumbnailUrl\":\"https:\\\/\\\/ppdegalicia.com\\\/wp-content\\\/uploads\\\/2022\\\/12\\\/f986d21835fb47e30e4c2723b79709b8.jpg\",\"datePublished\":\"2022-12-01T09:54:52+00:00\",\"breadcrumb\":{\"@id\":\"https:\\\/\\\/ppdegalicia.com\\\/es\\\/o-grupo-popular-salienta-que-a-xunta-dara-un-paso-mais-na-formacion-de-desempregados-co-campus-virtual-e-avanzando-na-axenda-galega-de-capacidades-para-o-emprego\\\/#breadcrumb\"},\"inLanguage\":\"es\",\"potentialAction\":[{\"@type\":\"ReadAction\",\"target\":[\"https:\\\/\\\/ppdegalicia.com\\\/es\\\/o-grupo-popular-salienta-que-a-xunta-dara-un-paso-mais-na-formacion-de-desempregados-co-campus-virtual-e-avanzando-na-axenda-galega-de-capacidades-para-o-emprego\\\/\"]}]},{\"@type\":\"ImageObject\",\"inLanguage\":\"es\",\"@id\":\"https:\\\/\\\/ppdegalicia.com\\\/es\\\/o-grupo-popular-salienta-que-a-xunta-dara-un-paso-mais-na-formacion-de-desempregados-co-campus-virtual-e-avanzando-na-axenda-galega-de-capacidades-para-o-emprego\\\/#primaryimage\",\"url\":\"https:\\\/\\\/ppdegalicia.com\\\/wp-content\\\/uploads\\\/2022\\\/12\\\/f986d21835fb47e30e4c2723b79709b8.jpg\",\"contentUrl\":\"https:\\\/\\\/ppdegalicia.com\\\/wp-content\\\/uploads\\\/2022\\\/12\\\/f986d21835fb47e30e4c2723b79709b8.jpg\",\"width\":1900,\"height\":1267},{\"@type\":\"BreadcrumbList\",\"@id\":\"https:\\\/\\\/ppdegalicia.com\\\/es\\\/o-grupo-popular-salienta-que-a-xunta-dara-un-paso-mais-na-formacion-de-desempregados-co-campus-virtual-e-avanzando-na-axenda-galega-de-capacidades-para-o-emprego\\\/#breadcrumb\",\"itemListElement\":[{\"@type\":\"ListItem\",\"position\":1,\"name\":\"Portada\",\"item\":\"https:\\\/\\\/ppdegalicia.com\\\/es\\\/\"},{\"@type\":\"ListItem\",\"position\":2,\"name\":\"O Grupo Popular salienta que a Xunta dar\u00e1 un paso m\u00e1is na formaci\u00f3n de desempregados co Campus Virtual e avanzando na Axenda Galega de Capacidades para o Emprego\"}]},{\"@type\":\"WebSite\",\"@id\":\"https:\\\/\\\/ppdegalicia.com\\\/es\\\/#website\",\"url\":\"https:\\\/\\\/ppdegalicia.com\\\/es\\\/\",\"name\":\"Partido Popular de Galicia\",\"description\":\"Partido Popular de Galicia\",\"publisher\":{\"@id\":\"https:\\\/\\\/ppdegalicia.com\\\/es\\\/#organization\"},\"alternateName\":\"PP de Galicia\",\"potentialAction\":[{\"@type\":\"SearchAction\",\"target\":{\"@type\":\"EntryPoint\",\"urlTemplate\":\"https:\\\/\\\/ppdegalicia.com\\\/es\\\/?s={search_term_string}\"},\"query-input\":{\"@type\":\"PropertyValueSpecification\",\"valueRequired\":true,\"valueName\":\"search_term_string\"}}],\"inLanguage\":\"es\"},{\"@type\":\"Organization\",\"@id\":\"https:\\\/\\\/ppdegalicia.com\\\/es\\\/#organization\",\"name\":\"Partido Popular de Galicia\",\"alternateName\":\"PP de Galicia\",\"url\":\"https:\\\/\\\/ppdegalicia.com\\\/es\\\/\",\"logo\":{\"@type\":\"ImageObject\",\"inLanguage\":\"es\",\"@id\":\"https:\\\/\\\/ppdegalicia.com\\\/es\\\/#\\\/schema\\\/logo\\\/image\\\/\",\"url\":\"https:\\\/\\\/ppdegalicia.com\\\/wp-content\\\/uploads\\\/2023\\\/04\\\/logoPP512.png\",\"contentUrl\":\"https:\\\/\\\/ppdegalicia.com\\\/wp-content\\\/uploads\\\/2023\\\/04\\\/logoPP512.png\",\"width\":512,\"height\":512,\"caption\":\"Partido Popular de Galicia\"},\"image\":{\"@id\":\"https:\\\/\\\/ppdegalicia.com\\\/es\\\/#\\\/schema\\\/logo\\\/image\\\/\"},\"sameAs\":[\"https:\\\/\\\/www.instagram.com\\\/ppdegalicia\\\/\",\"https:\\\/\\\/x.com\\\/ppdegalicia\",\"https:\\\/\\\/www.tiktok.com\\\/@ppdegalicia\",\"https:\\\/\\\/www.youtube.com\\\/user\\\/ppdegalicia\"]},{\"@type\":\"Person\",\"@id\":\"https:\\\/\\\/ppdegalicia.com\\\/es\\\/#\\\/schema\\\/person\\\/5b822c6f59e872ebdd1142f307dbcb59\",\"name\":\"ppdegaliciaredes\",\"image\":{\"@type\":\"ImageObject\",\"inLanguage\":\"es\",\"@id\":\"https:\\\/\\\/secure.gravatar.com\\\/avatar\\\/3c9179cf0256d00c72a48d1f25783c58b6842cd56e85ef3a572881c8e28ccd59?s=96&d=mm&r=g\",\"url\":\"https:\\\/\\\/secure.gravatar.com\\\/avatar\\\/3c9179cf0256d00c72a48d1f25783c58b6842cd56e85ef3a572881c8e28ccd59?s=96&d=mm&r=g\",\"contentUrl\":\"https:\\\/\\\/secure.gravatar.com\\\/avatar\\\/3c9179cf0256d00c72a48d1f25783c58b6842cd56e85ef3a572881c8e28ccd59?s=96&d=mm&r=g\",\"caption\":\"ppdegaliciaredes\"},\"url\":\"https:\\\/\\\/ppdegalicia.com\\\/es\\\/author\\\/ppdegaliciaredes\\\/\"}]}<\/script>\n<!-- \/ Yoast SEO plugin. -->","yoast_head_json":{"title":"O Grupo Popular salienta que a Xunta dar\u00e1 un paso m\u00e1is na formaci\u00f3n de desempregados co Campus Virtual e avanzando na Axenda Galega de Capacidades para o Emprego - PP de Galicia","robots":{"index":"index","follow":"follow","max-snippet":"max-snippet:-1","max-image-preview":"max-image-preview:large","max-video-preview":"max-video-preview:-1"},"canonical":"https:\/\/ppdegalicia.com\/es\/o-grupo-popular-salienta-que-a-xunta-dara-un-paso-mais-na-formacion-de-desempregados-co-campus-virtual-e-avanzando-na-axenda-galega-de-capacidades-para-o-emprego\/","og_locale":"es_ES","og_type":"article","og_title":"O Grupo Popular salienta que a Xunta dar\u00e1 un paso m\u00e1is na formaci\u00f3n de desempregados co Campus Virtual e avanzando na Axenda Galega de Capacidades para o Emprego - PP de Galicia","og_description":"1 de decembro de 2022. A portavoz de Emprego do Grupo Popular, Noelia P\u00e9rez, salientou hoxe no Pleno do Parlamento galego que a Xunta dar\u00e1 un paso m\u00e1is na formaci\u00f3n de desempregados coa introduci\u00f3n de novos recursos, como o Campus Virtual, a ampliaci\u00f3n do n\u00famero de convocatorias libres para a adquisici\u00f3n de competencias claves durante [&hellip;]","og_url":"https:\/\/ppdegalicia.com\/es\/o-grupo-popular-salienta-que-a-xunta-dara-un-paso-mais-na-formacion-de-desempregados-co-campus-virtual-e-avanzando-na-axenda-galega-de-capacidades-para-o-emprego\/","og_site_name":"PP de Galicia","article_publisher":"https:\/\/www.instagram.com\/ppdegalicia\/","article_published_time":"2022-12-01T09:54:52+00:00","og_image":[{"width":1900,"height":1267,"url":"https:\/\/ppdegalicia.com\/wp-content\/uploads\/2022\/12\/f986d21835fb47e30e4c2723b79709b8.jpg","type":"image\/jpeg"}],"author":"ppdegaliciaredes","twitter_card":"summary_large_image","twitter_creator":"@ppdegalicia","twitter_site":"@ppdegalicia","twitter_misc":{"Escrito por":"ppdegaliciaredes","Tiempo de lectura":"2 minutos"},"schema":{"@context":"https:\/\/schema.org","@graph":[{"@type":"Article","@id":"https:\/\/ppdegalicia.com\/es\/o-grupo-popular-salienta-que-a-xunta-dara-un-paso-mais-na-formacion-de-desempregados-co-campus-virtual-e-avanzando-na-axenda-galega-de-capacidades-para-o-emprego\/#article","isPartOf":{"@id":"https:\/\/ppdegalicia.com\/es\/o-grupo-popular-salienta-que-a-xunta-dara-un-paso-mais-na-formacion-de-desempregados-co-campus-virtual-e-avanzando-na-axenda-galega-de-capacidades-para-o-emprego\/"},"author":{"name":"ppdegaliciaredes","@id":"https:\/\/ppdegalicia.com\/es\/#\/schema\/person\/5b822c6f59e872ebdd1142f307dbcb59"},"headline":"O Grupo Popular salienta que a Xunta dar\u00e1 un paso m\u00e1is na formaci\u00f3n de desempregados co Campus Virtual e avanzando na Axenda Galega de Capacidades para o Emprego","datePublished":"2022-12-01T09:54:52+00:00","mainEntityOfPage":{"@id":"https:\/\/ppdegalicia.com\/es\/o-grupo-popular-salienta-que-a-xunta-dara-un-paso-mais-na-formacion-de-desempregados-co-campus-virtual-e-avanzando-na-axenda-galega-de-capacidades-para-o-emprego\/"},"wordCount":390,"commentCount":0,"publisher":{"@id":"https:\/\/ppdegalicia.com\/es\/#organization"},"image":{"@id":"https:\/\/ppdegalicia.com\/es\/o-grupo-popular-salienta-que-a-xunta-dara-un-paso-mais-na-formacion-de-desempregados-co-campus-virtual-e-avanzando-na-axenda-galega-de-capacidades-para-o-emprego\/#primaryimage"},"thumbnailUrl":"https:\/\/ppdegalicia.com\/wp-content\/uploads\/2022\/12\/f986d21835fb47e30e4c2723b79709b8.jpg","articleSection":["PP de Galicia"],"inLanguage":"es","potentialAction":[{"@type":"CommentAction","name":"Comment","target":["https:\/\/ppdegalicia.com\/es\/o-grupo-popular-salienta-que-a-xunta-dara-un-paso-mais-na-formacion-de-desempregados-co-campus-virtual-e-avanzando-na-axenda-galega-de-capacidades-para-o-emprego\/#respond"]}]},{"@type":"WebPage","@id":"https:\/\/ppdegalicia.com\/es\/o-grupo-popular-salienta-que-a-xunta-dara-un-paso-mais-na-formacion-de-desempregados-co-campus-virtual-e-avanzando-na-axenda-galega-de-capacidades-para-o-emprego\/","url":"https:\/\/ppdegalicia.com\/es\/o-grupo-popular-salienta-que-a-xunta-dara-un-paso-mais-na-formacion-de-desempregados-co-campus-virtual-e-avanzando-na-axenda-galega-de-capacidades-para-o-emprego\/","name":"O Grupo Popular salienta que a Xunta dar\u00e1 un paso m\u00e1is na formaci\u00f3n de desempregados co Campus Virtual e avanzando na Axenda Galega de Capacidades para o Emprego - PP de Galicia","isPartOf":{"@id":"https:\/\/ppdegalicia.com\/es\/#website"},"primaryImageOfPage":{"@id":"https:\/\/ppdegalicia.com\/es\/o-grupo-popular-salienta-que-a-xunta-dara-un-paso-mais-na-formacion-de-desempregados-co-campus-virtual-e-avanzando-na-axenda-galega-de-capacidades-para-o-emprego\/#primaryimage"},"image":{"@id":"https:\/\/ppdegalicia.com\/es\/o-grupo-popular-salienta-que-a-xunta-dara-un-paso-mais-na-formacion-de-desempregados-co-campus-virtual-e-avanzando-na-axenda-galega-de-capacidades-para-o-emprego\/#primaryimage"},"thumbnailUrl":"https:\/\/ppdegalicia.com\/wp-content\/uploads\/2022\/12\/f986d21835fb47e30e4c2723b79709b8.jpg","datePublished":"2022-12-01T09:54:52+00:00","breadcrumb":{"@id":"https:\/\/ppdegalicia.com\/es\/o-grupo-popular-salienta-que-a-xunta-dara-un-paso-mais-na-formacion-de-desempregados-co-campus-virtual-e-avanzando-na-axenda-galega-de-capacidades-para-o-emprego\/#breadcrumb"},"inLanguage":"es","potentialAction":[{"@type":"ReadAction","target":["https:\/\/ppdegalicia.com\/es\/o-grupo-popular-salienta-que-a-xunta-dara-un-paso-mais-na-formacion-de-desempregados-co-campus-virtual-e-avanzando-na-axenda-galega-de-capacidades-para-o-emprego\/"]}]},{"@type":"ImageObject","inLanguage":"es","@id":"https:\/\/ppdegalicia.com\/es\/o-grupo-popular-salienta-que-a-xunta-dara-un-paso-mais-na-formacion-de-desempregados-co-campus-virtual-e-avanzando-na-axenda-galega-de-capacidades-para-o-emprego\/#primaryimage","url":"https:\/\/ppdegalicia.com\/wp-content\/uploads\/2022\/12\/f986d21835fb47e30e4c2723b79709b8.jpg","contentUrl":"https:\/\/ppdegalicia.com\/wp-content\/uploads\/2022\/12\/f986d21835fb47e30e4c2723b79709b8.jpg","width":1900,"height":1267},{"@type":"BreadcrumbList","@id":"https:\/\/ppdegalicia.com\/es\/o-grupo-popular-salienta-que-a-xunta-dara-un-paso-mais-na-formacion-de-desempregados-co-campus-virtual-e-avanzando-na-axenda-galega-de-capacidades-para-o-emprego\/#breadcrumb","itemListElement":[{"@type":"ListItem","position":1,"name":"Portada","item":"https:\/\/ppdegalicia.com\/es\/"},{"@type":"ListItem","position":2,"name":"O Grupo Popular salienta que a Xunta dar\u00e1 un paso m\u00e1is na formaci\u00f3n de desempregados co Campus Virtual e avanzando na Axenda Galega de Capacidades para o Emprego"}]},{"@type":"WebSite","@id":"https:\/\/ppdegalicia.com\/es\/#website","url":"https:\/\/ppdegalicia.com\/es\/","name":"Partido Popular de Galicia","description":"Partido Popular de Galicia","publisher":{"@id":"https:\/\/ppdegalicia.com\/es\/#organization"},"alternateName":"PP de Galicia","potentialAction":[{"@type":"SearchAction","target":{"@type":"EntryPoint","urlTemplate":"https:\/\/ppdegalicia.com\/es\/?s={search_term_string}"},"query-input":{"@type":"PropertyValueSpecification","valueRequired":true,"valueName":"search_term_string"}}],"inLanguage":"es"},{"@type":"Organization","@id":"https:\/\/ppdegalicia.com\/es\/#organization","name":"Partido Popular de Galicia","alternateName":"PP de Galicia","url":"https:\/\/ppdegalicia.com\/es\/","logo":{"@type":"ImageObject","inLanguage":"es","@id":"https:\/\/ppdegalicia.com\/es\/#\/schema\/logo\/image\/","url":"https:\/\/ppdegalicia.com\/wp-content\/uploads\/2023\/04\/logoPP512.png","contentUrl":"https:\/\/ppdegalicia.com\/wp-content\/uploads\/2023\/04\/logoPP512.png","width":512,"height":512,"caption":"Partido Popular de Galicia"},"image":{"@id":"https:\/\/ppdegalicia.com\/es\/#\/schema\/logo\/image\/"},"sameAs":["https:\/\/www.instagram.com\/ppdegalicia\/","https:\/\/x.com\/ppdegalicia","https:\/\/www.tiktok.com\/@ppdegalicia","https:\/\/www.youtube.com\/user\/ppdegalicia"]},{"@type":"Person","@id":"https:\/\/ppdegalicia.com\/es\/#\/schema\/person\/5b822c6f59e872ebdd1142f307dbcb59","name":"ppdegaliciaredes","image":{"@type":"ImageObject","inLanguage":"es","@id":"https:\/\/secure.gravatar.com\/avatar\/3c9179cf0256d00c72a48d1f25783c58b6842cd56e85ef3a572881c8e28ccd59?s=96&d=mm&r=g","url":"https:\/\/secure.gravatar.com\/avatar\/3c9179cf0256d00c72a48d1f25783c58b6842cd56e85ef3a572881c8e28ccd59?s=96&d=mm&r=g","contentUrl":"https:\/\/secure.gravatar.com\/avatar\/3c9179cf0256d00c72a48d1f25783c58b6842cd56e85ef3a572881c8e28ccd59?s=96&d=mm&r=g","caption":"ppdegaliciaredes"},"url":"https:\/\/ppdegalicia.com\/es\/author\/ppdegaliciaredes\/"}]}},"_links":{"self":[{"href":"https:\/\/ppdegalicia.com\/es\/wp-json\/wp\/v2\/posts\/57717","targetHints":{"allow":["GET"]}}],"collection":[{"href":"https:\/\/ppdegalicia.com\/es\/wp-json\/wp\/v2\/posts"}],"about":[{"href":"https:\/\/ppdegalicia.com\/es\/wp-json\/wp\/v2\/types\/post"}],"author":[{"embeddable":true,"href":"https:\/\/ppdegalicia.com\/es\/wp-json\/wp\/v2\/users\/38"}],"replies":[{"embeddable":true,"href":"https:\/\/ppdegalicia.com\/es\/wp-json\/wp\/v2\/comments?post=57717"}],"version-history":[{"count":0,"href":"https:\/\/ppdegalicia.com\/es\/wp-json\/wp\/v2\/posts\/57717\/revisions"}],"wp:featuredmedia":[{"embeddable":true,"href":"https:\/\/ppdegalicia.com\/es\/wp-json\/wp\/v2\/media\/57716"}],"wp:attachment":[{"href":"https:\/\/ppdegalicia.com\/es\/wp-json\/wp\/v2\/media?parent=57717"}],"wp:term":[{"taxonomy":"category","embeddable":true,"href":"https:\/\/ppdegalicia.com\/es\/wp-json\/wp\/v2\/categories?post=57717"},{"taxonomy":"post_tag","embeddable":true,"href":"https:\/\/ppdegalicia.com\/es\/wp-json\/wp\/v2\/tags?post=57717"}],"curies":[{"name":"wp","href":"https:\/\/api.w.org\/{rel}","templated":true}]}}