{"id":57735,"date":"2022-12-12T15:32:42","date_gmt":"2022-12-12T13:32:42","guid":{"rendered":"https:\/\/ppdegalicia.com\/pedro-puy-afirma-que-a-tramitacion-dos-orzamentos-permitiu-ver-a-unha-oposicion-sen-argumentos-e-nunha-carreira-por-incrementar-o-gasto-via-presion-fiscal-aos-galegos\/"},"modified":"2022-12-12T15:32:42","modified_gmt":"2022-12-12T13:32:42","slug":"pedro-puy-afirma-que-a-tramitacion-dos-orzamentos-permitiu-ver-a-unha-oposicion-sen-argumentos-e-nunha-carreira-por-incrementar-o-gasto-via-presion-fiscal-aos-galegos","status":"publish","type":"post","link":"https:\/\/ppdegalicia.com\/es\/pedro-puy-afirma-que-a-tramitacion-dos-orzamentos-permitiu-ver-a-unha-oposicion-sen-argumentos-e-nunha-carreira-por-incrementar-o-gasto-via-presion-fiscal-aos-galegos\/","title":{"rendered":"Pedro Puy afirma que a tramitaci\u00f3n dos orzamentos \u201cpermitiu ver a unha oposici\u00f3n sen argumentos e nunha carreira por incrementar o gasto v\u00eda presi\u00f3n fiscal aos galegos\u201d"},"content":{"rendered":"<p><img fetchpriority=\"high\" decoding=\"async\" class=\" size-full wp-image-57734\" src=\"https:\/\/ppdegalicia.com\/wp-content\/uploads\/2022\/12\/bed16ceab631edf04de8580429589126.jpg\" alt=\"\" width=\"1900\" height=\"1267\" srcset=\"https:\/\/ppdegalicia.com\/wp-content\/uploads\/2022\/12\/bed16ceab631edf04de8580429589126.jpg 1900w, https:\/\/ppdegalicia.com\/wp-content\/uploads\/2022\/12\/bed16ceab631edf04de8580429589126-300x200.jpg 300w, https:\/\/ppdegalicia.com\/wp-content\/uploads\/2022\/12\/bed16ceab631edf04de8580429589126-1024x683.jpg 1024w, https:\/\/ppdegalicia.com\/wp-content\/uploads\/2022\/12\/bed16ceab631edf04de8580429589126-768x512.jpg 768w, https:\/\/ppdegalicia.com\/wp-content\/uploads\/2022\/12\/bed16ceab631edf04de8580429589126-1536x1024.jpg 1536w\" sizes=\"(max-width: 1900px) 100vw, 1900px\" \/><\/p>\n<p>12 de decembro de 2022. O portavoz do Grupo Popular, Pedro Puy, afirmou hoxe que a tramitaci\u00f3n dos orzamentos da Xunta para 2023 \u201cpermitiu ver a unha oposici\u00f3n sen argumentos e nunha carreira por ver quen incrementa m\u00e1is o gasto da administraci\u00f3n v\u00eda presi\u00f3n fiscal aos cidad\u00e1ns\u201d.<\/p>\n<p><!--more--><\/p>\n<p>As\u00ed mesmo, lamentou que BNG e PSdeG non apoiaran en Comisi\u00f3n a aprobaci\u00f3n da nova Lei de reduci\u00f3n da temporalidade no emprego p\u00fablico, que ter\u00e1 o seu debate definitivo no Pleno da vindeira semana.<\/p>\n<p>\u00a0<\/p>\n<p>Pedro Puy explicou que, finalmente, o ditame dos orzamentos da Xunta para 2023 incorpora nove emendas do Grupo Popular e d\u00faas do Grupo Socialista, ademais doutra transacci\u00f3n entre o Grupo Popular e o Socialista.<\/p>\n<p>\u201cLamentablemente, e a pesar da plena disposici\u00f3n do Grupo Popular a aceptar propostas dos grupos da oposici\u00f3n que melloren os orzamentos da Xunta, non se puideron incorporar m\u00e1is emendas dos grupos da oposici\u00f3n porque ou ben eran contrarias \u00e1 normativa b\u00e1sica do Estado, como incrementar un 3% a retribuci\u00f3n dos funcionarios p\u00fablicos, cando a normativa b\u00e1sica estatal fixa esta suba no 2,5%, ou variar a composici\u00f3n das pagas extraordinarias, tam\u00e9n recollida na normativa b\u00e1sica do Estado que a Comunidade aut\u00f3noma ten que respectar; ou eran exactamente as mesmas que as presentadas outros anos, co agravante de que no seu \u201ccorta e pega\u201d esquec\u00e9ronse incluso de cambiar o ano dos orzamentos ao que se refiren\u201d, sinalou.<\/p>\n<p>\u00a0<\/p>\n<p>As\u00ed mesmo, o portavoz popular citou algunhas das incongruencias de BNG e PSdeG nas s\u00faas emendas ou nas s\u00faas votaci\u00f3ns parciais do texto orzamentario. En concreto, referiuse ao voto en contra do PSdeG e a abstenci\u00f3n do BNG \u00e1 emenda do Grupo Popular para concretar que as aportaci\u00f3ns da Xunta para as universidades galegas ser\u00e1n exclusivamente para as \u201cp\u00fablicas\u201d, algo que non figuraba puntualizado no texto inicial; a s\u00faa proposta para eliminar as axudas para aut\u00f3nomos ou para iniciativas emprendedoras en Galicia, as\u00ed como as li\u00f1as de apoio do IGAPE \u00e1 competitividade, ao investimento, a internacionalizaci\u00f3n das empresas galegas.<\/p>\n<p>\u00a0<\/p>\n<p>\u201cTam\u00e9n propo\u00f1en desviar recursos dos galegos para pagar d\u00e9bedas que corresponden \u00e1 Administraci\u00f3n Xeral do Estado, como a mellora da rede ferroviaria ou a contaminaci\u00f3n dos encoros de titularidade estatal; ao tempo que reducen en 41 mill\u00f3ns de euros a partida para o funcionamento de centros p\u00fablicos de persoas maiores ou en 33 mill\u00f3ns de euros a partida destinada ao Consorcio Galego de Benestar\u201d, apuntou.<\/p>\n<p>\u00a0<\/p>\n<p>Pedro Puy manifestou que o debate de orzamentos \u201cpermitiu ver como est\u00e1 a posible alternativa ao Goberno do Grupo Popular, sen argumentos cos que mellorar as contas p\u00fablicas para o vindeiro ano\u201d. Centr\u00e1ndose na pol\u00edtica fiscal, sinalou que \u201cpresentan tributos cun \u00fanico af\u00e1n recadatorio e, en moitas ocasi\u00f3ns, contraproducentes\u201d, como acontece coa s\u00faa proposta dun novo tributo vencellada \u00e1 potencia dos mu\u00ed\u00f1os e\u00f3licos, prexudicando a reduci\u00f3n do impacto ambiental ao favorecer a instalaci\u00f3n de m\u00e1is postes con menor potencia en vez de reducir o n\u00famero de aparellos cunha maior potencia.<\/p>\n<p>\u00a0<\/p>\n<p><strong>EMPREGO P\u00daBLICO<\/strong><\/p>\n<p>Respecto do Pleno ordinario que se celebrar\u00e1 a vindeira semana, o portavoz popular avanzou que se proceder\u00e1 ao debate para a s\u00faa aprobaci\u00f3n do proxecto de Lei de medidas urxentes para a reduci\u00f3n da temporalidade no emprego p\u00fablico en Galicia, \u201ccuxo obxectivo \u00e9 reducir a taxa de interinidade por baixo do 8 por cento e facelo atendendo ao marco legal europeo, aclarando as eivas e imprecisi\u00f3ns da lexislaci\u00f3n estatal\u201d.<\/p>\n<p>\u00a0<\/p>\n<p>O ditame deste texto lexislativo incorpora incorpora 14 emendas directas dos grupos parlamentarios (7 do Grupo Popular, 6 do BNG e 1 do PSdeG), ademais doutras d\u00faas transacci\u00f3ns entre o Grupo Popular e o BNG. A pesar destas achegas, os grupos da oposici\u00f3n non apoiaron en Comisi\u00f3n a aprobaci\u00f3n do ditame, que busca conciliar d\u00faas circunstancias: a lex\u00edtima reivindicaci\u00f3n dos funcionarios eventuais, que demandan estabilidade profesional; e a obriga legal de desenvolver este proceso de estabilizaci\u00f3n atendendo aos principios de igualdade, m\u00e9rito e capacidade.<\/p>\n","protected":false},"excerpt":{"rendered":"<p>12 de decembro de 2022. O portavoz do Grupo Popular, Pedro Puy, afirmou hoxe que a tramitaci\u00f3n dos orzamentos da Xunta para 2023 \u201cpermitiu ver a unha oposici\u00f3n sen argumentos e nunha carreira por ver quen incrementa m\u00e1is o gasto da administraci\u00f3n v\u00eda presi\u00f3n fiscal aos cidad\u00e1ns\u201d.<\/p>\n","protected":false},"author":38,"featured_media":57734,"comment_status":"open","ping_status":"open","sticky":false,"template":"","format":"standard","meta":{"_acf_changed":false,"footnotes":""},"categories":[1],"tags":[],"class_list":["post-57735","post","type-post","status-publish","format-standard","has-post-thumbnail","hentry","category-pp-de-galicia"],"acf":[],"yoast_head":"<!-- This site is optimized with the Yoast SEO plugin v27.3 - https:\/\/yoast.com\/product\/yoast-seo-wordpress\/ -->\n<title>Pedro Puy afirma que a tramitaci\u00f3n dos orzamentos \u201cpermitiu ver a unha oposici\u00f3n sen argumentos e nunha carreira por incrementar o gasto v\u00eda presi\u00f3n fiscal aos galegos\u201d - PP de Galicia<\/title>\n<meta name=\"robots\" content=\"index, follow, max-snippet:-1, max-image-preview:large, max-video-preview:-1\" \/>\n<link rel=\"canonical\" href=\"https:\/\/ppdegalicia.com\/es\/pedro-puy-afirma-que-a-tramitacion-dos-orzamentos-permitiu-ver-a-unha-oposicion-sen-argumentos-e-nunha-carreira-por-incrementar-o-gasto-via-presion-fiscal-aos-galegos\/\" \/>\n<meta property=\"og:locale\" content=\"es_ES\" \/>\n<meta property=\"og:type\" content=\"article\" \/>\n<meta property=\"og:title\" content=\"Pedro Puy afirma que a tramitaci\u00f3n dos orzamentos \u201cpermitiu ver a unha oposici\u00f3n sen argumentos e nunha carreira por incrementar o gasto v\u00eda presi\u00f3n fiscal aos galegos\u201d - PP de Galicia\" \/>\n<meta property=\"og:description\" content=\"12 de decembro de 2022. O portavoz do Grupo Popular, Pedro Puy, afirmou hoxe que a tramitaci\u00f3n dos orzamentos da Xunta para 2023 \u201cpermitiu ver a unha oposici\u00f3n sen argumentos e nunha carreira por ver quen incrementa m\u00e1is o gasto da administraci\u00f3n v\u00eda presi\u00f3n fiscal aos cidad\u00e1ns\u201d.\" \/>\n<meta property=\"og:url\" content=\"https:\/\/ppdegalicia.com\/es\/pedro-puy-afirma-que-a-tramitacion-dos-orzamentos-permitiu-ver-a-unha-oposicion-sen-argumentos-e-nunha-carreira-por-incrementar-o-gasto-via-presion-fiscal-aos-galegos\/\" \/>\n<meta property=\"og:site_name\" content=\"PP de Galicia\" \/>\n<meta property=\"article:publisher\" content=\"https:\/\/www.instagram.com\/ppdegalicia\/\" \/>\n<meta property=\"article:published_time\" content=\"2022-12-12T13:32:42+00:00\" \/>\n<meta property=\"og:image\" content=\"https:\/\/ppdegalicia.com\/wp-content\/uploads\/2022\/12\/bed16ceab631edf04de8580429589126.jpg\" \/>\n\t<meta property=\"og:image:width\" content=\"1900\" \/>\n\t<meta property=\"og:image:height\" content=\"1267\" \/>\n\t<meta property=\"og:image:type\" content=\"image\/jpeg\" \/>\n<meta name=\"author\" content=\"ppdegaliciaredes\" \/>\n<meta name=\"twitter:card\" content=\"summary_large_image\" \/>\n<meta name=\"twitter:creator\" content=\"@ppdegalicia\" \/>\n<meta name=\"twitter:site\" content=\"@ppdegalicia\" \/>\n<meta name=\"twitter:label1\" content=\"Escrito por\" \/>\n\t<meta name=\"twitter:data1\" content=\"ppdegaliciaredes\" \/>\n\t<meta name=\"twitter:label2\" content=\"Tiempo de lectura\" \/>\n\t<meta name=\"twitter:data2\" content=\"3 minutos\" \/>\n<script type=\"application\/ld+json\" class=\"yoast-schema-graph\">{\"@context\":\"https:\\\/\\\/schema.org\",\"@graph\":[{\"@type\":\"Article\",\"@id\":\"https:\\\/\\\/ppdegalicia.com\\\/es\\\/pedro-puy-afirma-que-a-tramitacion-dos-orzamentos-permitiu-ver-a-unha-oposicion-sen-argumentos-e-nunha-carreira-por-incrementar-o-gasto-via-presion-fiscal-aos-galegos\\\/#article\",\"isPartOf\":{\"@id\":\"https:\\\/\\\/ppdegalicia.com\\\/es\\\/pedro-puy-afirma-que-a-tramitacion-dos-orzamentos-permitiu-ver-a-unha-oposicion-sen-argumentos-e-nunha-carreira-por-incrementar-o-gasto-via-presion-fiscal-aos-galegos\\\/\"},\"author\":{\"name\":\"ppdegaliciaredes\",\"@id\":\"https:\\\/\\\/ppdegalicia.com\\\/es\\\/#\\\/schema\\\/person\\\/5b822c6f59e872ebdd1142f307dbcb59\"},\"headline\":\"Pedro Puy afirma que a tramitaci\u00f3n dos orzamentos \u201cpermitiu ver a unha oposici\u00f3n sen argumentos e nunha carreira por incrementar o gasto v\u00eda presi\u00f3n fiscal aos galegos\u201d\",\"datePublished\":\"2022-12-12T13:32:42+00:00\",\"mainEntityOfPage\":{\"@id\":\"https:\\\/\\\/ppdegalicia.com\\\/es\\\/pedro-puy-afirma-que-a-tramitacion-dos-orzamentos-permitiu-ver-a-unha-oposicion-sen-argumentos-e-nunha-carreira-por-incrementar-o-gasto-via-presion-fiscal-aos-galegos\\\/\"},\"wordCount\":725,\"commentCount\":0,\"publisher\":{\"@id\":\"https:\\\/\\\/ppdegalicia.com\\\/es\\\/#organization\"},\"image\":{\"@id\":\"https:\\\/\\\/ppdegalicia.com\\\/es\\\/pedro-puy-afirma-que-a-tramitacion-dos-orzamentos-permitiu-ver-a-unha-oposicion-sen-argumentos-e-nunha-carreira-por-incrementar-o-gasto-via-presion-fiscal-aos-galegos\\\/#primaryimage\"},\"thumbnailUrl\":\"https:\\\/\\\/ppdegalicia.com\\\/wp-content\\\/uploads\\\/2022\\\/12\\\/bed16ceab631edf04de8580429589126.jpg\",\"articleSection\":[\"PP de Galicia\"],\"inLanguage\":\"es\",\"potentialAction\":[{\"@type\":\"CommentAction\",\"name\":\"Comment\",\"target\":[\"https:\\\/\\\/ppdegalicia.com\\\/es\\\/pedro-puy-afirma-que-a-tramitacion-dos-orzamentos-permitiu-ver-a-unha-oposicion-sen-argumentos-e-nunha-carreira-por-incrementar-o-gasto-via-presion-fiscal-aos-galegos\\\/#respond\"]}]},{\"@type\":\"WebPage\",\"@id\":\"https:\\\/\\\/ppdegalicia.com\\\/es\\\/pedro-puy-afirma-que-a-tramitacion-dos-orzamentos-permitiu-ver-a-unha-oposicion-sen-argumentos-e-nunha-carreira-por-incrementar-o-gasto-via-presion-fiscal-aos-galegos\\\/\",\"url\":\"https:\\\/\\\/ppdegalicia.com\\\/es\\\/pedro-puy-afirma-que-a-tramitacion-dos-orzamentos-permitiu-ver-a-unha-oposicion-sen-argumentos-e-nunha-carreira-por-incrementar-o-gasto-via-presion-fiscal-aos-galegos\\\/\",\"name\":\"Pedro Puy afirma que a tramitaci\u00f3n dos orzamentos \u201cpermitiu ver a unha oposici\u00f3n sen argumentos e nunha carreira por incrementar o gasto v\u00eda presi\u00f3n fiscal aos galegos\u201d - PP de Galicia\",\"isPartOf\":{\"@id\":\"https:\\\/\\\/ppdegalicia.com\\\/es\\\/#website\"},\"primaryImageOfPage\":{\"@id\":\"https:\\\/\\\/ppdegalicia.com\\\/es\\\/pedro-puy-afirma-que-a-tramitacion-dos-orzamentos-permitiu-ver-a-unha-oposicion-sen-argumentos-e-nunha-carreira-por-incrementar-o-gasto-via-presion-fiscal-aos-galegos\\\/#primaryimage\"},\"image\":{\"@id\":\"https:\\\/\\\/ppdegalicia.com\\\/es\\\/pedro-puy-afirma-que-a-tramitacion-dos-orzamentos-permitiu-ver-a-unha-oposicion-sen-argumentos-e-nunha-carreira-por-incrementar-o-gasto-via-presion-fiscal-aos-galegos\\\/#primaryimage\"},\"thumbnailUrl\":\"https:\\\/\\\/ppdegalicia.com\\\/wp-content\\\/uploads\\\/2022\\\/12\\\/bed16ceab631edf04de8580429589126.jpg\",\"datePublished\":\"2022-12-12T13:32:42+00:00\",\"breadcrumb\":{\"@id\":\"https:\\\/\\\/ppdegalicia.com\\\/es\\\/pedro-puy-afirma-que-a-tramitacion-dos-orzamentos-permitiu-ver-a-unha-oposicion-sen-argumentos-e-nunha-carreira-por-incrementar-o-gasto-via-presion-fiscal-aos-galegos\\\/#breadcrumb\"},\"inLanguage\":\"es\",\"potentialAction\":[{\"@type\":\"ReadAction\",\"target\":[\"https:\\\/\\\/ppdegalicia.com\\\/es\\\/pedro-puy-afirma-que-a-tramitacion-dos-orzamentos-permitiu-ver-a-unha-oposicion-sen-argumentos-e-nunha-carreira-por-incrementar-o-gasto-via-presion-fiscal-aos-galegos\\\/\"]}]},{\"@type\":\"ImageObject\",\"inLanguage\":\"es\",\"@id\":\"https:\\\/\\\/ppdegalicia.com\\\/es\\\/pedro-puy-afirma-que-a-tramitacion-dos-orzamentos-permitiu-ver-a-unha-oposicion-sen-argumentos-e-nunha-carreira-por-incrementar-o-gasto-via-presion-fiscal-aos-galegos\\\/#primaryimage\",\"url\":\"https:\\\/\\\/ppdegalicia.com\\\/wp-content\\\/uploads\\\/2022\\\/12\\\/bed16ceab631edf04de8580429589126.jpg\",\"contentUrl\":\"https:\\\/\\\/ppdegalicia.com\\\/wp-content\\\/uploads\\\/2022\\\/12\\\/bed16ceab631edf04de8580429589126.jpg\",\"width\":1900,\"height\":1267},{\"@type\":\"BreadcrumbList\",\"@id\":\"https:\\\/\\\/ppdegalicia.com\\\/es\\\/pedro-puy-afirma-que-a-tramitacion-dos-orzamentos-permitiu-ver-a-unha-oposicion-sen-argumentos-e-nunha-carreira-por-incrementar-o-gasto-via-presion-fiscal-aos-galegos\\\/#breadcrumb\",\"itemListElement\":[{\"@type\":\"ListItem\",\"position\":1,\"name\":\"Portada\",\"item\":\"https:\\\/\\\/ppdegalicia.com\\\/es\\\/\"},{\"@type\":\"ListItem\",\"position\":2,\"name\":\"Pedro Puy afirma que a tramitaci\u00f3n dos orzamentos \u201cpermitiu ver a unha oposici\u00f3n sen argumentos e nunha carreira por incrementar o gasto v\u00eda presi\u00f3n fiscal aos galegos\u201d\"}]},{\"@type\":\"WebSite\",\"@id\":\"https:\\\/\\\/ppdegalicia.com\\\/es\\\/#website\",\"url\":\"https:\\\/\\\/ppdegalicia.com\\\/es\\\/\",\"name\":\"Partido Popular de Galicia\",\"description\":\"Partido Popular de Galicia\",\"publisher\":{\"@id\":\"https:\\\/\\\/ppdegalicia.com\\\/es\\\/#organization\"},\"alternateName\":\"PP de Galicia\",\"potentialAction\":[{\"@type\":\"SearchAction\",\"target\":{\"@type\":\"EntryPoint\",\"urlTemplate\":\"https:\\\/\\\/ppdegalicia.com\\\/es\\\/?s={search_term_string}\"},\"query-input\":{\"@type\":\"PropertyValueSpecification\",\"valueRequired\":true,\"valueName\":\"search_term_string\"}}],\"inLanguage\":\"es\"},{\"@type\":\"Organization\",\"@id\":\"https:\\\/\\\/ppdegalicia.com\\\/es\\\/#organization\",\"name\":\"Partido Popular de Galicia\",\"alternateName\":\"PP de Galicia\",\"url\":\"https:\\\/\\\/ppdegalicia.com\\\/es\\\/\",\"logo\":{\"@type\":\"ImageObject\",\"inLanguage\":\"es\",\"@id\":\"https:\\\/\\\/ppdegalicia.com\\\/es\\\/#\\\/schema\\\/logo\\\/image\\\/\",\"url\":\"https:\\\/\\\/ppdegalicia.com\\\/wp-content\\\/uploads\\\/2023\\\/04\\\/logoPP512.png\",\"contentUrl\":\"https:\\\/\\\/ppdegalicia.com\\\/wp-content\\\/uploads\\\/2023\\\/04\\\/logoPP512.png\",\"width\":512,\"height\":512,\"caption\":\"Partido Popular de Galicia\"},\"image\":{\"@id\":\"https:\\\/\\\/ppdegalicia.com\\\/es\\\/#\\\/schema\\\/logo\\\/image\\\/\"},\"sameAs\":[\"https:\\\/\\\/www.instagram.com\\\/ppdegalicia\\\/\",\"https:\\\/\\\/x.com\\\/ppdegalicia\",\"https:\\\/\\\/www.tiktok.com\\\/@ppdegalicia\",\"https:\\\/\\\/www.youtube.com\\\/user\\\/ppdegalicia\"]},{\"@type\":\"Person\",\"@id\":\"https:\\\/\\\/ppdegalicia.com\\\/es\\\/#\\\/schema\\\/person\\\/5b822c6f59e872ebdd1142f307dbcb59\",\"name\":\"ppdegaliciaredes\",\"image\":{\"@type\":\"ImageObject\",\"inLanguage\":\"es\",\"@id\":\"https:\\\/\\\/secure.gravatar.com\\\/avatar\\\/3c9179cf0256d00c72a48d1f25783c58b6842cd56e85ef3a572881c8e28ccd59?s=96&d=mm&r=g\",\"url\":\"https:\\\/\\\/secure.gravatar.com\\\/avatar\\\/3c9179cf0256d00c72a48d1f25783c58b6842cd56e85ef3a572881c8e28ccd59?s=96&d=mm&r=g\",\"contentUrl\":\"https:\\\/\\\/secure.gravatar.com\\\/avatar\\\/3c9179cf0256d00c72a48d1f25783c58b6842cd56e85ef3a572881c8e28ccd59?s=96&d=mm&r=g\",\"caption\":\"ppdegaliciaredes\"},\"url\":\"https:\\\/\\\/ppdegalicia.com\\\/es\\\/author\\\/ppdegaliciaredes\\\/\"}]}<\/script>\n<!-- \/ Yoast SEO plugin. -->","yoast_head_json":{"title":"Pedro Puy afirma que a tramitaci\u00f3n dos orzamentos \u201cpermitiu ver a unha oposici\u00f3n sen argumentos e nunha carreira por incrementar o gasto v\u00eda presi\u00f3n fiscal aos galegos\u201d - PP de Galicia","robots":{"index":"index","follow":"follow","max-snippet":"max-snippet:-1","max-image-preview":"max-image-preview:large","max-video-preview":"max-video-preview:-1"},"canonical":"https:\/\/ppdegalicia.com\/es\/pedro-puy-afirma-que-a-tramitacion-dos-orzamentos-permitiu-ver-a-unha-oposicion-sen-argumentos-e-nunha-carreira-por-incrementar-o-gasto-via-presion-fiscal-aos-galegos\/","og_locale":"es_ES","og_type":"article","og_title":"Pedro Puy afirma que a tramitaci\u00f3n dos orzamentos \u201cpermitiu ver a unha oposici\u00f3n sen argumentos e nunha carreira por incrementar o gasto v\u00eda presi\u00f3n fiscal aos galegos\u201d - PP de Galicia","og_description":"12 de decembro de 2022. O portavoz do Grupo Popular, Pedro Puy, afirmou hoxe que a tramitaci\u00f3n dos orzamentos da Xunta para 2023 \u201cpermitiu ver a unha oposici\u00f3n sen argumentos e nunha carreira por ver quen incrementa m\u00e1is o gasto da administraci\u00f3n v\u00eda presi\u00f3n fiscal aos cidad\u00e1ns\u201d.","og_url":"https:\/\/ppdegalicia.com\/es\/pedro-puy-afirma-que-a-tramitacion-dos-orzamentos-permitiu-ver-a-unha-oposicion-sen-argumentos-e-nunha-carreira-por-incrementar-o-gasto-via-presion-fiscal-aos-galegos\/","og_site_name":"PP de Galicia","article_publisher":"https:\/\/www.instagram.com\/ppdegalicia\/","article_published_time":"2022-12-12T13:32:42+00:00","og_image":[{"width":1900,"height":1267,"url":"https:\/\/ppdegalicia.com\/wp-content\/uploads\/2022\/12\/bed16ceab631edf04de8580429589126.jpg","type":"image\/jpeg"}],"author":"ppdegaliciaredes","twitter_card":"summary_large_image","twitter_creator":"@ppdegalicia","twitter_site":"@ppdegalicia","twitter_misc":{"Escrito por":"ppdegaliciaredes","Tiempo de lectura":"3 minutos"},"schema":{"@context":"https:\/\/schema.org","@graph":[{"@type":"Article","@id":"https:\/\/ppdegalicia.com\/es\/pedro-puy-afirma-que-a-tramitacion-dos-orzamentos-permitiu-ver-a-unha-oposicion-sen-argumentos-e-nunha-carreira-por-incrementar-o-gasto-via-presion-fiscal-aos-galegos\/#article","isPartOf":{"@id":"https:\/\/ppdegalicia.com\/es\/pedro-puy-afirma-que-a-tramitacion-dos-orzamentos-permitiu-ver-a-unha-oposicion-sen-argumentos-e-nunha-carreira-por-incrementar-o-gasto-via-presion-fiscal-aos-galegos\/"},"author":{"name":"ppdegaliciaredes","@id":"https:\/\/ppdegalicia.com\/es\/#\/schema\/person\/5b822c6f59e872ebdd1142f307dbcb59"},"headline":"Pedro Puy afirma que a tramitaci\u00f3n dos orzamentos \u201cpermitiu ver a unha oposici\u00f3n sen argumentos e nunha carreira por incrementar o gasto v\u00eda presi\u00f3n fiscal aos galegos\u201d","datePublished":"2022-12-12T13:32:42+00:00","mainEntityOfPage":{"@id":"https:\/\/ppdegalicia.com\/es\/pedro-puy-afirma-que-a-tramitacion-dos-orzamentos-permitiu-ver-a-unha-oposicion-sen-argumentos-e-nunha-carreira-por-incrementar-o-gasto-via-presion-fiscal-aos-galegos\/"},"wordCount":725,"commentCount":0,"publisher":{"@id":"https:\/\/ppdegalicia.com\/es\/#organization"},"image":{"@id":"https:\/\/ppdegalicia.com\/es\/pedro-puy-afirma-que-a-tramitacion-dos-orzamentos-permitiu-ver-a-unha-oposicion-sen-argumentos-e-nunha-carreira-por-incrementar-o-gasto-via-presion-fiscal-aos-galegos\/#primaryimage"},"thumbnailUrl":"https:\/\/ppdegalicia.com\/wp-content\/uploads\/2022\/12\/bed16ceab631edf04de8580429589126.jpg","articleSection":["PP de Galicia"],"inLanguage":"es","potentialAction":[{"@type":"CommentAction","name":"Comment","target":["https:\/\/ppdegalicia.com\/es\/pedro-puy-afirma-que-a-tramitacion-dos-orzamentos-permitiu-ver-a-unha-oposicion-sen-argumentos-e-nunha-carreira-por-incrementar-o-gasto-via-presion-fiscal-aos-galegos\/#respond"]}]},{"@type":"WebPage","@id":"https:\/\/ppdegalicia.com\/es\/pedro-puy-afirma-que-a-tramitacion-dos-orzamentos-permitiu-ver-a-unha-oposicion-sen-argumentos-e-nunha-carreira-por-incrementar-o-gasto-via-presion-fiscal-aos-galegos\/","url":"https:\/\/ppdegalicia.com\/es\/pedro-puy-afirma-que-a-tramitacion-dos-orzamentos-permitiu-ver-a-unha-oposicion-sen-argumentos-e-nunha-carreira-por-incrementar-o-gasto-via-presion-fiscal-aos-galegos\/","name":"Pedro Puy afirma que a tramitaci\u00f3n dos orzamentos \u201cpermitiu ver a unha oposici\u00f3n sen argumentos e nunha carreira por incrementar o gasto v\u00eda presi\u00f3n fiscal aos galegos\u201d - PP de Galicia","isPartOf":{"@id":"https:\/\/ppdegalicia.com\/es\/#website"},"primaryImageOfPage":{"@id":"https:\/\/ppdegalicia.com\/es\/pedro-puy-afirma-que-a-tramitacion-dos-orzamentos-permitiu-ver-a-unha-oposicion-sen-argumentos-e-nunha-carreira-por-incrementar-o-gasto-via-presion-fiscal-aos-galegos\/#primaryimage"},"image":{"@id":"https:\/\/ppdegalicia.com\/es\/pedro-puy-afirma-que-a-tramitacion-dos-orzamentos-permitiu-ver-a-unha-oposicion-sen-argumentos-e-nunha-carreira-por-incrementar-o-gasto-via-presion-fiscal-aos-galegos\/#primaryimage"},"thumbnailUrl":"https:\/\/ppdegalicia.com\/wp-content\/uploads\/2022\/12\/bed16ceab631edf04de8580429589126.jpg","datePublished":"2022-12-12T13:32:42+00:00","breadcrumb":{"@id":"https:\/\/ppdegalicia.com\/es\/pedro-puy-afirma-que-a-tramitacion-dos-orzamentos-permitiu-ver-a-unha-oposicion-sen-argumentos-e-nunha-carreira-por-incrementar-o-gasto-via-presion-fiscal-aos-galegos\/#breadcrumb"},"inLanguage":"es","potentialAction":[{"@type":"ReadAction","target":["https:\/\/ppdegalicia.com\/es\/pedro-puy-afirma-que-a-tramitacion-dos-orzamentos-permitiu-ver-a-unha-oposicion-sen-argumentos-e-nunha-carreira-por-incrementar-o-gasto-via-presion-fiscal-aos-galegos\/"]}]},{"@type":"ImageObject","inLanguage":"es","@id":"https:\/\/ppdegalicia.com\/es\/pedro-puy-afirma-que-a-tramitacion-dos-orzamentos-permitiu-ver-a-unha-oposicion-sen-argumentos-e-nunha-carreira-por-incrementar-o-gasto-via-presion-fiscal-aos-galegos\/#primaryimage","url":"https:\/\/ppdegalicia.com\/wp-content\/uploads\/2022\/12\/bed16ceab631edf04de8580429589126.jpg","contentUrl":"https:\/\/ppdegalicia.com\/wp-content\/uploads\/2022\/12\/bed16ceab631edf04de8580429589126.jpg","width":1900,"height":1267},{"@type":"BreadcrumbList","@id":"https:\/\/ppdegalicia.com\/es\/pedro-puy-afirma-que-a-tramitacion-dos-orzamentos-permitiu-ver-a-unha-oposicion-sen-argumentos-e-nunha-carreira-por-incrementar-o-gasto-via-presion-fiscal-aos-galegos\/#breadcrumb","itemListElement":[{"@type":"ListItem","position":1,"name":"Portada","item":"https:\/\/ppdegalicia.com\/es\/"},{"@type":"ListItem","position":2,"name":"Pedro Puy afirma que a tramitaci\u00f3n dos orzamentos \u201cpermitiu ver a unha oposici\u00f3n sen argumentos e nunha carreira por incrementar o gasto v\u00eda presi\u00f3n fiscal aos galegos\u201d"}]},{"@type":"WebSite","@id":"https:\/\/ppdegalicia.com\/es\/#website","url":"https:\/\/ppdegalicia.com\/es\/","name":"Partido Popular de Galicia","description":"Partido Popular de Galicia","publisher":{"@id":"https:\/\/ppdegalicia.com\/es\/#organization"},"alternateName":"PP de Galicia","potentialAction":[{"@type":"SearchAction","target":{"@type":"EntryPoint","urlTemplate":"https:\/\/ppdegalicia.com\/es\/?s={search_term_string}"},"query-input":{"@type":"PropertyValueSpecification","valueRequired":true,"valueName":"search_term_string"}}],"inLanguage":"es"},{"@type":"Organization","@id":"https:\/\/ppdegalicia.com\/es\/#organization","name":"Partido Popular de Galicia","alternateName":"PP de Galicia","url":"https:\/\/ppdegalicia.com\/es\/","logo":{"@type":"ImageObject","inLanguage":"es","@id":"https:\/\/ppdegalicia.com\/es\/#\/schema\/logo\/image\/","url":"https:\/\/ppdegalicia.com\/wp-content\/uploads\/2023\/04\/logoPP512.png","contentUrl":"https:\/\/ppdegalicia.com\/wp-content\/uploads\/2023\/04\/logoPP512.png","width":512,"height":512,"caption":"Partido Popular de Galicia"},"image":{"@id":"https:\/\/ppdegalicia.com\/es\/#\/schema\/logo\/image\/"},"sameAs":["https:\/\/www.instagram.com\/ppdegalicia\/","https:\/\/x.com\/ppdegalicia","https:\/\/www.tiktok.com\/@ppdegalicia","https:\/\/www.youtube.com\/user\/ppdegalicia"]},{"@type":"Person","@id":"https:\/\/ppdegalicia.com\/es\/#\/schema\/person\/5b822c6f59e872ebdd1142f307dbcb59","name":"ppdegaliciaredes","image":{"@type":"ImageObject","inLanguage":"es","@id":"https:\/\/secure.gravatar.com\/avatar\/3c9179cf0256d00c72a48d1f25783c58b6842cd56e85ef3a572881c8e28ccd59?s=96&d=mm&r=g","url":"https:\/\/secure.gravatar.com\/avatar\/3c9179cf0256d00c72a48d1f25783c58b6842cd56e85ef3a572881c8e28ccd59?s=96&d=mm&r=g","contentUrl":"https:\/\/secure.gravatar.com\/avatar\/3c9179cf0256d00c72a48d1f25783c58b6842cd56e85ef3a572881c8e28ccd59?s=96&d=mm&r=g","caption":"ppdegaliciaredes"},"url":"https:\/\/ppdegalicia.com\/es\/author\/ppdegaliciaredes\/"}]}},"_links":{"self":[{"href":"https:\/\/ppdegalicia.com\/es\/wp-json\/wp\/v2\/posts\/57735","targetHints":{"allow":["GET"]}}],"collection":[{"href":"https:\/\/ppdegalicia.com\/es\/wp-json\/wp\/v2\/posts"}],"about":[{"href":"https:\/\/ppdegalicia.com\/es\/wp-json\/wp\/v2\/types\/post"}],"author":[{"embeddable":true,"href":"https:\/\/ppdegalicia.com\/es\/wp-json\/wp\/v2\/users\/38"}],"replies":[{"embeddable":true,"href":"https:\/\/ppdegalicia.com\/es\/wp-json\/wp\/v2\/comments?post=57735"}],"version-history":[{"count":0,"href":"https:\/\/ppdegalicia.com\/es\/wp-json\/wp\/v2\/posts\/57735\/revisions"}],"wp:featuredmedia":[{"embeddable":true,"href":"https:\/\/ppdegalicia.com\/es\/wp-json\/wp\/v2\/media\/57734"}],"wp:attachment":[{"href":"https:\/\/ppdegalicia.com\/es\/wp-json\/wp\/v2\/media?parent=57735"}],"wp:term":[{"taxonomy":"category","embeddable":true,"href":"https:\/\/ppdegalicia.com\/es\/wp-json\/wp\/v2\/categories?post=57735"},{"taxonomy":"post_tag","embeddable":true,"href":"https:\/\/ppdegalicia.com\/es\/wp-json\/wp\/v2\/tags?post=57735"}],"curies":[{"name":"wp","href":"https:\/\/api.w.org\/{rel}","templated":true}]}}