{"id":57783,"date":"2022-12-19T11:59:11","date_gmt":"2022-12-19T09:59:11","guid":{"rendered":"https:\/\/ppdegalicia.com\/rueda-a-unica-via-para-ganar-as-coalicions-de-perdedores-nas-eleccions-municipais-e-obter-unha-maioria-absoluta-do-partido-popular\/"},"modified":"2022-12-19T11:59:11","modified_gmt":"2022-12-19T09:59:11","slug":"rueda-a-unica-via-para-ganar-as-coalicions-de-perdedores-nas-eleccions-municipais-e-obter-unha-maioria-absoluta-do-partido-popular","status":"publish","type":"post","link":"https:\/\/ppdegalicia.com\/es\/rueda-a-unica-via-para-ganar-as-coalicions-de-perdedores-nas-eleccions-municipais-e-obter-unha-maioria-absoluta-do-partido-popular\/","title":{"rendered":"Rueda: \u201cA \u00fanica v\u00eda para ga\u00f1ar \u00e1s coalici\u00f3ns de perdedores nas elecci\u00f3ns municipais \u00e9 obter unha maior\u00eda absoluta do Partido Popular\u201d"},"content":{"rendered":"<p><img fetchpriority=\"high\" decoding=\"async\" class=\" size-full wp-image-57782\" src=\"https:\/\/ppdegalicia.com\/wp-content\/uploads\/2022\/12\/dca484dba216197752a5e926c627d5f1-scaled.jpg\" alt=\"\" width=\"2560\" height=\"1707\" srcset=\"https:\/\/ppdegalicia.com\/wp-content\/uploads\/2022\/12\/dca484dba216197752a5e926c627d5f1-scaled.jpg 2560w, https:\/\/ppdegalicia.com\/wp-content\/uploads\/2022\/12\/dca484dba216197752a5e926c627d5f1-300x200.jpg 300w, https:\/\/ppdegalicia.com\/wp-content\/uploads\/2022\/12\/dca484dba216197752a5e926c627d5f1-1024x683.jpg 1024w, https:\/\/ppdegalicia.com\/wp-content\/uploads\/2022\/12\/dca484dba216197752a5e926c627d5f1-768x512.jpg 768w, https:\/\/ppdegalicia.com\/wp-content\/uploads\/2022\/12\/dca484dba216197752a5e926c627d5f1-1536x1024.jpg 1536w, https:\/\/ppdegalicia.com\/wp-content\/uploads\/2022\/12\/dca484dba216197752a5e926c627d5f1-2048x1366.jpg 2048w\" sizes=\"(max-width: 2560px) 100vw, 2560px\" \/><\/p>\n<p>O presidente do Partido Popular de Galicia afirmou onte no Congreso do PP de Lal\u00edn que \u201centre a elecci\u00f3n de gobernos unidos ou gobernos de coalici\u00f3n de perdedores, a \u00fanica alternativa para ga\u00f1ar nas municipais \u00e9 obter unha maior\u00eda absoluta do Partido Popular\u201d.<\/p>\n<p><!--more--><\/p>\n<p>\u201cEn maio hai que elixir entre xesti\u00f3n solvente ou ineficacia, entre estabilidade e normalidade ou par\u00e1lise e liortas, entre defender aos veci\u00f1os ou defender as siglas, entre ser un partido forte e unido ou ser sat\u00e9lites de partidos que est\u00e1n noutro sitio e a outras cousas\u201d, engadiu.<\/p>\n<p>En clave nacional, Alfonso Rueda criticou ao Goberno central que \u201csiga perdendo o tempo en cousas que non lle importan a ningu\u00e9n mentres os problemas reais do d\u00eda a d\u00eda seguen esquecidos\u201d<\/p>\n<p>Refer\u00edndose \u00e1 xesti\u00f3n os fondos europeos afirmou: \u201cNon pode ser que os fondos europeos sigan embalsados nun ministerio e sen moverse mentres os prazos pasan e seguen sen chegar aos proxectos potentes que presentou Galicia\u201d. E sobre a suba das peaxes da AP-53 o ano que v\u00e9n engadiu:\u00a0\u201cNon pode ser que a estas alturas o Goberno central a\u00ednda estea pensando se vai conxelar as peaxes desta autopista ou non, cando desde o Goberno galego xa en setembro dixemos claramente que a xente non se pod\u00eda permitir pagar un 10% m\u00e1is de peaxes o ano que ven\u201d<\/p>\n<p>Alfonso Rueda referiuse tam\u00e9n \u00e1 situaci\u00f3n sanitarla, lamentando que \u00aba pesar de levar feito un gran esforzo e a pesar de ser a Comunidade con m\u00e1is m\u00e9dicos de Atenci\u00f3n Primaria de Espa\u00f1a, non podemos dar a Atenci\u00f3n Primaria que nos gustar\u00eda porque o Goberno central segue sen convocar m\u00e1is prazas MIR\u201d.<\/p>\n<p>Sobre Alberto N\u00fa\u00f1ez Feij\u00f3o, o l\u00edder dos populares galegos afirmou que \u201cten a experiencia, a coraxe, a valent\u00eda e o m\u00e9rito para sacar a Espa\u00f1a deste pesadelo e os galegos temos a oportunidade de volver a mostrarlle o noso apoio como xa fixemos con catro maior\u00edas absolutas consecutivas\u201d.<\/p>\n<p>\u00a0<\/p>\n<p><strong>\u201cAS COUSAS CONS\u00c9GUENSE CON ALCALDES COMO JOS\u00c9 CRESPO\u201d<\/strong><\/p>\n<p>Ante unha audiencia de medio millar de persoas, Alfonso Rueda enxalzou o traballo dos populares de Lal\u00edn tras conseguir \u201crecuperar \u00e1 primeira\u201d \u00e1 alcald\u00eda despois de catro anos de tempo perdido: \u201cTraballando por ter un partido unido e ordenado conseguiredes volver a ga\u00f1ar en Lal\u00edn en 2023\u201d.<\/p>\n<p>Sobre Jos\u00e9 Crespo, que resultou reelixido como presidente da formaci\u00f3n, o l\u00edder dos populares galegos afirmou que \u201cten o carisma suficiente para que ningu\u00e9n lle de lecci\u00f3ns sobre municipalismo nin sobre como po\u00f1er aos seus veci\u00f1os por riba de todo\u201d. Ao que engadiu:\u00a0\u201cAs cousas cons\u00e9guense cando hai un alcalde que sabe pedilas, que sabe coordinarse con outras administraci\u00f3ns e que sabe moverse como fai Jos\u00e9 Crespo por Lal\u00edn\u201d, afirmou o presidente do PPdeG<\/p>\n<p>\u00a0<\/p>\n<p><strong>JOS\u00c9 CRESPO: \u201cA MI\u00d1A PRIORIDADE \u00c9 LAL\u00cdN\u201d<\/strong><\/p>\n<p>Crespo apelou na s\u00faa alocuci\u00f3n \u00e1 \u201cpol\u00edtica \u00fatil\u201d para \u201cseguir apoiando a transformaci\u00f3n de Lal\u00edn que se reiniciou con forza despois de catro anos de par\u00f3n forzado pola inexperiencia do cuatripartito\u201d, reivindicando\u00a0\u201cun partido popular sen complexos\u201d para afrontar proxectos que coloquen a Lal\u00edn entre os concellos m\u00e1is destacados de Galicia.<\/p>\n<p>O pol\u00edtico lalinense agradeceu o traballo \u201cde todo o equipo\u201d para afrontar tres anos complexos que \u201cnos que houbo que traballar de xeito intenso para superar a pandemia e as consecuencias derivadas dela\u201d e, despois de presentar a un comit\u00e9 executivo moi amplo con 120 membros, destacou as ga\u00f1as de \u201ctraballar por Lal\u00edn\u201d de todos eles e puntualizou que quere \u201cseguir na primeira li\u00f1a pol\u00edtica\u201d mentres os lalinenses llo pidan e llo soliciten e a pesar de que as s\u00faas aspiraci\u00f3ns pol\u00edticas \u201cest\u00e1n cumpridas e realizadas\u201d.<\/p>\n<p>Conclu\u00edu dicindo que as s\u00faas prioridades son Lal\u00edn e os lalinenses, non o seu futuro persoal: \u201cVolverei antepo\u00f1er Lal\u00edn por diante de calquera cousa e doutras responsabilidades\u201d.<\/p>\n","protected":false},"excerpt":{"rendered":"<p>O presidente do Partido Popular de Galicia afirmou onte no Congreso do PP de Lal\u00edn que \u201centre a elecci\u00f3n de gobernos unidos ou gobernos de coalici\u00f3n de perdedores, a \u00fanica alternativa para ga\u00f1ar nas municipais \u00e9 obter unha maior\u00eda absoluta do Partido Popular\u201d.<\/p>\n","protected":false},"author":38,"featured_media":57782,"comment_status":"open","ping_status":"open","sticky":false,"template":"","format":"standard","meta":{"_acf_changed":false,"footnotes":""},"categories":[1],"tags":[],"class_list":["post-57783","post","type-post","status-publish","format-standard","has-post-thumbnail","hentry","category-pp-de-galicia"],"acf":[],"yoast_head":"<!-- This site is optimized with the Yoast SEO plugin v27.3 - https:\/\/yoast.com\/product\/yoast-seo-wordpress\/ -->\n<title>Rueda: \u201cA \u00fanica v\u00eda para ga\u00f1ar \u00e1s coalici\u00f3ns de perdedores nas elecci\u00f3ns municipais \u00e9 obter unha maior\u00eda absoluta do Partido Popular\u201d - PP de Galicia<\/title>\n<meta name=\"robots\" content=\"index, follow, max-snippet:-1, max-image-preview:large, max-video-preview:-1\" \/>\n<link rel=\"canonical\" href=\"https:\/\/ppdegalicia.com\/es\/rueda-a-unica-via-para-ganar-as-coalicions-de-perdedores-nas-eleccions-municipais-e-obter-unha-maioria-absoluta-do-partido-popular\/\" \/>\n<meta property=\"og:locale\" content=\"es_ES\" \/>\n<meta property=\"og:type\" content=\"article\" \/>\n<meta property=\"og:title\" content=\"Rueda: \u201cA \u00fanica v\u00eda para ga\u00f1ar \u00e1s coalici\u00f3ns de perdedores nas elecci\u00f3ns municipais \u00e9 obter unha maior\u00eda absoluta do Partido Popular\u201d - PP de Galicia\" \/>\n<meta property=\"og:description\" content=\"O presidente do Partido Popular de Galicia afirmou onte no Congreso do PP de Lal\u00edn que \u201centre a elecci\u00f3n de gobernos unidos ou gobernos de coalici\u00f3n de perdedores, a \u00fanica alternativa para ga\u00f1ar nas municipais \u00e9 obter unha maior\u00eda absoluta do Partido Popular\u201d.\" \/>\n<meta property=\"og:url\" content=\"https:\/\/ppdegalicia.com\/es\/rueda-a-unica-via-para-ganar-as-coalicions-de-perdedores-nas-eleccions-municipais-e-obter-unha-maioria-absoluta-do-partido-popular\/\" \/>\n<meta property=\"og:site_name\" content=\"PP de Galicia\" \/>\n<meta property=\"article:publisher\" content=\"https:\/\/www.instagram.com\/ppdegalicia\/\" \/>\n<meta property=\"article:published_time\" content=\"2022-12-19T09:59:11+00:00\" \/>\n<meta property=\"og:image\" content=\"https:\/\/ppdegalicia.com\/wp-content\/uploads\/2022\/12\/dca484dba216197752a5e926c627d5f1-scaled.jpg\" \/>\n\t<meta property=\"og:image:width\" content=\"2560\" \/>\n\t<meta property=\"og:image:height\" content=\"1707\" \/>\n\t<meta property=\"og:image:type\" content=\"image\/jpeg\" \/>\n<meta name=\"author\" content=\"ppdegaliciaredes\" \/>\n<meta name=\"twitter:card\" content=\"summary_large_image\" \/>\n<meta name=\"twitter:creator\" content=\"@ppdegalicia\" \/>\n<meta name=\"twitter:site\" content=\"@ppdegalicia\" \/>\n<meta name=\"twitter:label1\" content=\"Escrito por\" \/>\n\t<meta name=\"twitter:data1\" content=\"ppdegaliciaredes\" \/>\n\t<meta name=\"twitter:label2\" content=\"Tiempo de lectura\" \/>\n\t<meta name=\"twitter:data2\" content=\"3 minutos\" \/>\n<script type=\"application\/ld+json\" class=\"yoast-schema-graph\">{\"@context\":\"https:\\\/\\\/schema.org\",\"@graph\":[{\"@type\":\"Article\",\"@id\":\"https:\\\/\\\/ppdegalicia.com\\\/es\\\/rueda-a-unica-via-para-ganar-as-coalicions-de-perdedores-nas-eleccions-municipais-e-obter-unha-maioria-absoluta-do-partido-popular\\\/#article\",\"isPartOf\":{\"@id\":\"https:\\\/\\\/ppdegalicia.com\\\/es\\\/rueda-a-unica-via-para-ganar-as-coalicions-de-perdedores-nas-eleccions-municipais-e-obter-unha-maioria-absoluta-do-partido-popular\\\/\"},\"author\":{\"name\":\"ppdegaliciaredes\",\"@id\":\"https:\\\/\\\/ppdegalicia.com\\\/es\\\/#\\\/schema\\\/person\\\/5b822c6f59e872ebdd1142f307dbcb59\"},\"headline\":\"Rueda: \u201cA \u00fanica v\u00eda para ga\u00f1ar \u00e1s coalici\u00f3ns de perdedores nas elecci\u00f3ns municipais \u00e9 obter unha maior\u00eda absoluta do Partido Popular\u201d\",\"datePublished\":\"2022-12-19T09:59:11+00:00\",\"mainEntityOfPage\":{\"@id\":\"https:\\\/\\\/ppdegalicia.com\\\/es\\\/rueda-a-unica-via-para-ganar-as-coalicions-de-perdedores-nas-eleccions-municipais-e-obter-unha-maioria-absoluta-do-partido-popular\\\/\"},\"wordCount\":706,\"commentCount\":0,\"publisher\":{\"@id\":\"https:\\\/\\\/ppdegalicia.com\\\/es\\\/#organization\"},\"image\":{\"@id\":\"https:\\\/\\\/ppdegalicia.com\\\/es\\\/rueda-a-unica-via-para-ganar-as-coalicions-de-perdedores-nas-eleccions-municipais-e-obter-unha-maioria-absoluta-do-partido-popular\\\/#primaryimage\"},\"thumbnailUrl\":\"https:\\\/\\\/ppdegalicia.com\\\/wp-content\\\/uploads\\\/2022\\\/12\\\/dca484dba216197752a5e926c627d5f1-scaled.jpg\",\"articleSection\":[\"PP de Galicia\"],\"inLanguage\":\"es\",\"potentialAction\":[{\"@type\":\"CommentAction\",\"name\":\"Comment\",\"target\":[\"https:\\\/\\\/ppdegalicia.com\\\/es\\\/rueda-a-unica-via-para-ganar-as-coalicions-de-perdedores-nas-eleccions-municipais-e-obter-unha-maioria-absoluta-do-partido-popular\\\/#respond\"]}]},{\"@type\":\"WebPage\",\"@id\":\"https:\\\/\\\/ppdegalicia.com\\\/es\\\/rueda-a-unica-via-para-ganar-as-coalicions-de-perdedores-nas-eleccions-municipais-e-obter-unha-maioria-absoluta-do-partido-popular\\\/\",\"url\":\"https:\\\/\\\/ppdegalicia.com\\\/es\\\/rueda-a-unica-via-para-ganar-as-coalicions-de-perdedores-nas-eleccions-municipais-e-obter-unha-maioria-absoluta-do-partido-popular\\\/\",\"name\":\"Rueda: \u201cA \u00fanica v\u00eda para ga\u00f1ar \u00e1s coalici\u00f3ns de perdedores nas elecci\u00f3ns municipais \u00e9 obter unha maior\u00eda absoluta do Partido Popular\u201d - PP de Galicia\",\"isPartOf\":{\"@id\":\"https:\\\/\\\/ppdegalicia.com\\\/es\\\/#website\"},\"primaryImageOfPage\":{\"@id\":\"https:\\\/\\\/ppdegalicia.com\\\/es\\\/rueda-a-unica-via-para-ganar-as-coalicions-de-perdedores-nas-eleccions-municipais-e-obter-unha-maioria-absoluta-do-partido-popular\\\/#primaryimage\"},\"image\":{\"@id\":\"https:\\\/\\\/ppdegalicia.com\\\/es\\\/rueda-a-unica-via-para-ganar-as-coalicions-de-perdedores-nas-eleccions-municipais-e-obter-unha-maioria-absoluta-do-partido-popular\\\/#primaryimage\"},\"thumbnailUrl\":\"https:\\\/\\\/ppdegalicia.com\\\/wp-content\\\/uploads\\\/2022\\\/12\\\/dca484dba216197752a5e926c627d5f1-scaled.jpg\",\"datePublished\":\"2022-12-19T09:59:11+00:00\",\"breadcrumb\":{\"@id\":\"https:\\\/\\\/ppdegalicia.com\\\/es\\\/rueda-a-unica-via-para-ganar-as-coalicions-de-perdedores-nas-eleccions-municipais-e-obter-unha-maioria-absoluta-do-partido-popular\\\/#breadcrumb\"},\"inLanguage\":\"es\",\"potentialAction\":[{\"@type\":\"ReadAction\",\"target\":[\"https:\\\/\\\/ppdegalicia.com\\\/es\\\/rueda-a-unica-via-para-ganar-as-coalicions-de-perdedores-nas-eleccions-municipais-e-obter-unha-maioria-absoluta-do-partido-popular\\\/\"]}]},{\"@type\":\"ImageObject\",\"inLanguage\":\"es\",\"@id\":\"https:\\\/\\\/ppdegalicia.com\\\/es\\\/rueda-a-unica-via-para-ganar-as-coalicions-de-perdedores-nas-eleccions-municipais-e-obter-unha-maioria-absoluta-do-partido-popular\\\/#primaryimage\",\"url\":\"https:\\\/\\\/ppdegalicia.com\\\/wp-content\\\/uploads\\\/2022\\\/12\\\/dca484dba216197752a5e926c627d5f1-scaled.jpg\",\"contentUrl\":\"https:\\\/\\\/ppdegalicia.com\\\/wp-content\\\/uploads\\\/2022\\\/12\\\/dca484dba216197752a5e926c627d5f1-scaled.jpg\",\"width\":2560,\"height\":1707},{\"@type\":\"BreadcrumbList\",\"@id\":\"https:\\\/\\\/ppdegalicia.com\\\/es\\\/rueda-a-unica-via-para-ganar-as-coalicions-de-perdedores-nas-eleccions-municipais-e-obter-unha-maioria-absoluta-do-partido-popular\\\/#breadcrumb\",\"itemListElement\":[{\"@type\":\"ListItem\",\"position\":1,\"name\":\"Portada\",\"item\":\"https:\\\/\\\/ppdegalicia.com\\\/es\\\/\"},{\"@type\":\"ListItem\",\"position\":2,\"name\":\"Rueda: \u201cA \u00fanica v\u00eda para ga\u00f1ar \u00e1s coalici\u00f3ns de perdedores nas elecci\u00f3ns municipais \u00e9 obter unha maior\u00eda absoluta do Partido Popular\u201d\"}]},{\"@type\":\"WebSite\",\"@id\":\"https:\\\/\\\/ppdegalicia.com\\\/es\\\/#website\",\"url\":\"https:\\\/\\\/ppdegalicia.com\\\/es\\\/\",\"name\":\"Partido Popular de Galicia\",\"description\":\"Partido Popular de Galicia\",\"publisher\":{\"@id\":\"https:\\\/\\\/ppdegalicia.com\\\/es\\\/#organization\"},\"alternateName\":\"PP de Galicia\",\"potentialAction\":[{\"@type\":\"SearchAction\",\"target\":{\"@type\":\"EntryPoint\",\"urlTemplate\":\"https:\\\/\\\/ppdegalicia.com\\\/es\\\/?s={search_term_string}\"},\"query-input\":{\"@type\":\"PropertyValueSpecification\",\"valueRequired\":true,\"valueName\":\"search_term_string\"}}],\"inLanguage\":\"es\"},{\"@type\":\"Organization\",\"@id\":\"https:\\\/\\\/ppdegalicia.com\\\/es\\\/#organization\",\"name\":\"Partido Popular de Galicia\",\"alternateName\":\"PP de Galicia\",\"url\":\"https:\\\/\\\/ppdegalicia.com\\\/es\\\/\",\"logo\":{\"@type\":\"ImageObject\",\"inLanguage\":\"es\",\"@id\":\"https:\\\/\\\/ppdegalicia.com\\\/es\\\/#\\\/schema\\\/logo\\\/image\\\/\",\"url\":\"https:\\\/\\\/ppdegalicia.com\\\/wp-content\\\/uploads\\\/2023\\\/04\\\/logoPP512.png\",\"contentUrl\":\"https:\\\/\\\/ppdegalicia.com\\\/wp-content\\\/uploads\\\/2023\\\/04\\\/logoPP512.png\",\"width\":512,\"height\":512,\"caption\":\"Partido Popular de Galicia\"},\"image\":{\"@id\":\"https:\\\/\\\/ppdegalicia.com\\\/es\\\/#\\\/schema\\\/logo\\\/image\\\/\"},\"sameAs\":[\"https:\\\/\\\/www.instagram.com\\\/ppdegalicia\\\/\",\"https:\\\/\\\/x.com\\\/ppdegalicia\",\"https:\\\/\\\/www.tiktok.com\\\/@ppdegalicia\",\"https:\\\/\\\/www.youtube.com\\\/user\\\/ppdegalicia\"]},{\"@type\":\"Person\",\"@id\":\"https:\\\/\\\/ppdegalicia.com\\\/es\\\/#\\\/schema\\\/person\\\/5b822c6f59e872ebdd1142f307dbcb59\",\"name\":\"ppdegaliciaredes\",\"image\":{\"@type\":\"ImageObject\",\"inLanguage\":\"es\",\"@id\":\"https:\\\/\\\/secure.gravatar.com\\\/avatar\\\/3c9179cf0256d00c72a48d1f25783c58b6842cd56e85ef3a572881c8e28ccd59?s=96&d=mm&r=g\",\"url\":\"https:\\\/\\\/secure.gravatar.com\\\/avatar\\\/3c9179cf0256d00c72a48d1f25783c58b6842cd56e85ef3a572881c8e28ccd59?s=96&d=mm&r=g\",\"contentUrl\":\"https:\\\/\\\/secure.gravatar.com\\\/avatar\\\/3c9179cf0256d00c72a48d1f25783c58b6842cd56e85ef3a572881c8e28ccd59?s=96&d=mm&r=g\",\"caption\":\"ppdegaliciaredes\"},\"url\":\"https:\\\/\\\/ppdegalicia.com\\\/es\\\/author\\\/ppdegaliciaredes\\\/\"}]}<\/script>\n<!-- \/ Yoast SEO plugin. -->","yoast_head_json":{"title":"Rueda: \u201cA \u00fanica v\u00eda para ga\u00f1ar \u00e1s coalici\u00f3ns de perdedores nas elecci\u00f3ns municipais \u00e9 obter unha maior\u00eda absoluta do Partido Popular\u201d - PP de Galicia","robots":{"index":"index","follow":"follow","max-snippet":"max-snippet:-1","max-image-preview":"max-image-preview:large","max-video-preview":"max-video-preview:-1"},"canonical":"https:\/\/ppdegalicia.com\/es\/rueda-a-unica-via-para-ganar-as-coalicions-de-perdedores-nas-eleccions-municipais-e-obter-unha-maioria-absoluta-do-partido-popular\/","og_locale":"es_ES","og_type":"article","og_title":"Rueda: \u201cA \u00fanica v\u00eda para ga\u00f1ar \u00e1s coalici\u00f3ns de perdedores nas elecci\u00f3ns municipais \u00e9 obter unha maior\u00eda absoluta do Partido Popular\u201d - PP de Galicia","og_description":"O presidente do Partido Popular de Galicia afirmou onte no Congreso do PP de Lal\u00edn que \u201centre a elecci\u00f3n de gobernos unidos ou gobernos de coalici\u00f3n de perdedores, a \u00fanica alternativa para ga\u00f1ar nas municipais \u00e9 obter unha maior\u00eda absoluta do Partido Popular\u201d.","og_url":"https:\/\/ppdegalicia.com\/es\/rueda-a-unica-via-para-ganar-as-coalicions-de-perdedores-nas-eleccions-municipais-e-obter-unha-maioria-absoluta-do-partido-popular\/","og_site_name":"PP de Galicia","article_publisher":"https:\/\/www.instagram.com\/ppdegalicia\/","article_published_time":"2022-12-19T09:59:11+00:00","og_image":[{"width":2560,"height":1707,"url":"https:\/\/ppdegalicia.com\/wp-content\/uploads\/2022\/12\/dca484dba216197752a5e926c627d5f1-scaled.jpg","type":"image\/jpeg"}],"author":"ppdegaliciaredes","twitter_card":"summary_large_image","twitter_creator":"@ppdegalicia","twitter_site":"@ppdegalicia","twitter_misc":{"Escrito por":"ppdegaliciaredes","Tiempo de lectura":"3 minutos"},"schema":{"@context":"https:\/\/schema.org","@graph":[{"@type":"Article","@id":"https:\/\/ppdegalicia.com\/es\/rueda-a-unica-via-para-ganar-as-coalicions-de-perdedores-nas-eleccions-municipais-e-obter-unha-maioria-absoluta-do-partido-popular\/#article","isPartOf":{"@id":"https:\/\/ppdegalicia.com\/es\/rueda-a-unica-via-para-ganar-as-coalicions-de-perdedores-nas-eleccions-municipais-e-obter-unha-maioria-absoluta-do-partido-popular\/"},"author":{"name":"ppdegaliciaredes","@id":"https:\/\/ppdegalicia.com\/es\/#\/schema\/person\/5b822c6f59e872ebdd1142f307dbcb59"},"headline":"Rueda: \u201cA \u00fanica v\u00eda para ga\u00f1ar \u00e1s coalici\u00f3ns de perdedores nas elecci\u00f3ns municipais \u00e9 obter unha maior\u00eda absoluta do Partido Popular\u201d","datePublished":"2022-12-19T09:59:11+00:00","mainEntityOfPage":{"@id":"https:\/\/ppdegalicia.com\/es\/rueda-a-unica-via-para-ganar-as-coalicions-de-perdedores-nas-eleccions-municipais-e-obter-unha-maioria-absoluta-do-partido-popular\/"},"wordCount":706,"commentCount":0,"publisher":{"@id":"https:\/\/ppdegalicia.com\/es\/#organization"},"image":{"@id":"https:\/\/ppdegalicia.com\/es\/rueda-a-unica-via-para-ganar-as-coalicions-de-perdedores-nas-eleccions-municipais-e-obter-unha-maioria-absoluta-do-partido-popular\/#primaryimage"},"thumbnailUrl":"https:\/\/ppdegalicia.com\/wp-content\/uploads\/2022\/12\/dca484dba216197752a5e926c627d5f1-scaled.jpg","articleSection":["PP de Galicia"],"inLanguage":"es","potentialAction":[{"@type":"CommentAction","name":"Comment","target":["https:\/\/ppdegalicia.com\/es\/rueda-a-unica-via-para-ganar-as-coalicions-de-perdedores-nas-eleccions-municipais-e-obter-unha-maioria-absoluta-do-partido-popular\/#respond"]}]},{"@type":"WebPage","@id":"https:\/\/ppdegalicia.com\/es\/rueda-a-unica-via-para-ganar-as-coalicions-de-perdedores-nas-eleccions-municipais-e-obter-unha-maioria-absoluta-do-partido-popular\/","url":"https:\/\/ppdegalicia.com\/es\/rueda-a-unica-via-para-ganar-as-coalicions-de-perdedores-nas-eleccions-municipais-e-obter-unha-maioria-absoluta-do-partido-popular\/","name":"Rueda: \u201cA \u00fanica v\u00eda para ga\u00f1ar \u00e1s coalici\u00f3ns de perdedores nas elecci\u00f3ns municipais \u00e9 obter unha maior\u00eda absoluta do Partido Popular\u201d - PP de Galicia","isPartOf":{"@id":"https:\/\/ppdegalicia.com\/es\/#website"},"primaryImageOfPage":{"@id":"https:\/\/ppdegalicia.com\/es\/rueda-a-unica-via-para-ganar-as-coalicions-de-perdedores-nas-eleccions-municipais-e-obter-unha-maioria-absoluta-do-partido-popular\/#primaryimage"},"image":{"@id":"https:\/\/ppdegalicia.com\/es\/rueda-a-unica-via-para-ganar-as-coalicions-de-perdedores-nas-eleccions-municipais-e-obter-unha-maioria-absoluta-do-partido-popular\/#primaryimage"},"thumbnailUrl":"https:\/\/ppdegalicia.com\/wp-content\/uploads\/2022\/12\/dca484dba216197752a5e926c627d5f1-scaled.jpg","datePublished":"2022-12-19T09:59:11+00:00","breadcrumb":{"@id":"https:\/\/ppdegalicia.com\/es\/rueda-a-unica-via-para-ganar-as-coalicions-de-perdedores-nas-eleccions-municipais-e-obter-unha-maioria-absoluta-do-partido-popular\/#breadcrumb"},"inLanguage":"es","potentialAction":[{"@type":"ReadAction","target":["https:\/\/ppdegalicia.com\/es\/rueda-a-unica-via-para-ganar-as-coalicions-de-perdedores-nas-eleccions-municipais-e-obter-unha-maioria-absoluta-do-partido-popular\/"]}]},{"@type":"ImageObject","inLanguage":"es","@id":"https:\/\/ppdegalicia.com\/es\/rueda-a-unica-via-para-ganar-as-coalicions-de-perdedores-nas-eleccions-municipais-e-obter-unha-maioria-absoluta-do-partido-popular\/#primaryimage","url":"https:\/\/ppdegalicia.com\/wp-content\/uploads\/2022\/12\/dca484dba216197752a5e926c627d5f1-scaled.jpg","contentUrl":"https:\/\/ppdegalicia.com\/wp-content\/uploads\/2022\/12\/dca484dba216197752a5e926c627d5f1-scaled.jpg","width":2560,"height":1707},{"@type":"BreadcrumbList","@id":"https:\/\/ppdegalicia.com\/es\/rueda-a-unica-via-para-ganar-as-coalicions-de-perdedores-nas-eleccions-municipais-e-obter-unha-maioria-absoluta-do-partido-popular\/#breadcrumb","itemListElement":[{"@type":"ListItem","position":1,"name":"Portada","item":"https:\/\/ppdegalicia.com\/es\/"},{"@type":"ListItem","position":2,"name":"Rueda: \u201cA \u00fanica v\u00eda para ga\u00f1ar \u00e1s coalici\u00f3ns de perdedores nas elecci\u00f3ns municipais \u00e9 obter unha maior\u00eda absoluta do Partido Popular\u201d"}]},{"@type":"WebSite","@id":"https:\/\/ppdegalicia.com\/es\/#website","url":"https:\/\/ppdegalicia.com\/es\/","name":"Partido Popular de Galicia","description":"Partido Popular de Galicia","publisher":{"@id":"https:\/\/ppdegalicia.com\/es\/#organization"},"alternateName":"PP de Galicia","potentialAction":[{"@type":"SearchAction","target":{"@type":"EntryPoint","urlTemplate":"https:\/\/ppdegalicia.com\/es\/?s={search_term_string}"},"query-input":{"@type":"PropertyValueSpecification","valueRequired":true,"valueName":"search_term_string"}}],"inLanguage":"es"},{"@type":"Organization","@id":"https:\/\/ppdegalicia.com\/es\/#organization","name":"Partido Popular de Galicia","alternateName":"PP de Galicia","url":"https:\/\/ppdegalicia.com\/es\/","logo":{"@type":"ImageObject","inLanguage":"es","@id":"https:\/\/ppdegalicia.com\/es\/#\/schema\/logo\/image\/","url":"https:\/\/ppdegalicia.com\/wp-content\/uploads\/2023\/04\/logoPP512.png","contentUrl":"https:\/\/ppdegalicia.com\/wp-content\/uploads\/2023\/04\/logoPP512.png","width":512,"height":512,"caption":"Partido Popular de Galicia"},"image":{"@id":"https:\/\/ppdegalicia.com\/es\/#\/schema\/logo\/image\/"},"sameAs":["https:\/\/www.instagram.com\/ppdegalicia\/","https:\/\/x.com\/ppdegalicia","https:\/\/www.tiktok.com\/@ppdegalicia","https:\/\/www.youtube.com\/user\/ppdegalicia"]},{"@type":"Person","@id":"https:\/\/ppdegalicia.com\/es\/#\/schema\/person\/5b822c6f59e872ebdd1142f307dbcb59","name":"ppdegaliciaredes","image":{"@type":"ImageObject","inLanguage":"es","@id":"https:\/\/secure.gravatar.com\/avatar\/3c9179cf0256d00c72a48d1f25783c58b6842cd56e85ef3a572881c8e28ccd59?s=96&d=mm&r=g","url":"https:\/\/secure.gravatar.com\/avatar\/3c9179cf0256d00c72a48d1f25783c58b6842cd56e85ef3a572881c8e28ccd59?s=96&d=mm&r=g","contentUrl":"https:\/\/secure.gravatar.com\/avatar\/3c9179cf0256d00c72a48d1f25783c58b6842cd56e85ef3a572881c8e28ccd59?s=96&d=mm&r=g","caption":"ppdegaliciaredes"},"url":"https:\/\/ppdegalicia.com\/es\/author\/ppdegaliciaredes\/"}]}},"_links":{"self":[{"href":"https:\/\/ppdegalicia.com\/es\/wp-json\/wp\/v2\/posts\/57783","targetHints":{"allow":["GET"]}}],"collection":[{"href":"https:\/\/ppdegalicia.com\/es\/wp-json\/wp\/v2\/posts"}],"about":[{"href":"https:\/\/ppdegalicia.com\/es\/wp-json\/wp\/v2\/types\/post"}],"author":[{"embeddable":true,"href":"https:\/\/ppdegalicia.com\/es\/wp-json\/wp\/v2\/users\/38"}],"replies":[{"embeddable":true,"href":"https:\/\/ppdegalicia.com\/es\/wp-json\/wp\/v2\/comments?post=57783"}],"version-history":[{"count":0,"href":"https:\/\/ppdegalicia.com\/es\/wp-json\/wp\/v2\/posts\/57783\/revisions"}],"wp:featuredmedia":[{"embeddable":true,"href":"https:\/\/ppdegalicia.com\/es\/wp-json\/wp\/v2\/media\/57782"}],"wp:attachment":[{"href":"https:\/\/ppdegalicia.com\/es\/wp-json\/wp\/v2\/media?parent=57783"}],"wp:term":[{"taxonomy":"category","embeddable":true,"href":"https:\/\/ppdegalicia.com\/es\/wp-json\/wp\/v2\/categories?post=57783"},{"taxonomy":"post_tag","embeddable":true,"href":"https:\/\/ppdegalicia.com\/es\/wp-json\/wp\/v2\/tags?post=57783"}],"curies":[{"name":"wp","href":"https:\/\/api.w.org\/{rel}","templated":true}]}}