{"id":57789,"date":"2022-12-20T15:40:12","date_gmt":"2022-12-20T13:40:12","guid":{"rendered":"https:\/\/ppdegalicia.com\/o-parlamento-aproba-a-lei-de-medidas-fiscais-e-administrativas-con-medidas-para-reducir-os-impostos-a-proteccion-das-mulleres-vitimas-de-violencia-de-xenero-ou-a-baixa-do-canon-de-sogama\/"},"modified":"2022-12-20T15:40:12","modified_gmt":"2022-12-20T13:40:12","slug":"o-parlamento-aproba-a-lei-de-medidas-fiscais-e-administrativas-con-medidas-para-reducir-os-impostos-a-proteccion-das-mulleres-vitimas-de-violencia-de-xenero-ou-a-baixa-do-canon-de-sogama","status":"publish","type":"post","link":"https:\/\/ppdegalicia.com\/es\/o-parlamento-aproba-a-lei-de-medidas-fiscais-e-administrativas-con-medidas-para-reducir-os-impostos-a-proteccion-das-mulleres-vitimas-de-violencia-de-xenero-ou-a-baixa-do-canon-de-sogama\/","title":{"rendered":"O Parlamento aproba a Lei de medidas fiscais e administrativas, con medidas para reducir os impostos, a protecci\u00f3n das mulleres v\u00edtimas de violencia de x\u00e9nero ou a baixa do canon de Sogama"},"content":{"rendered":"<p><img fetchpriority=\"high\" decoding=\"async\" class=\" size-full wp-image-57788\" src=\"https:\/\/ppdegalicia.com\/wp-content\/uploads\/2022\/12\/cb0985d38349e74176b2fad6414fb477.jpg\" alt=\"\" width=\"1900\" height=\"1267\" srcset=\"https:\/\/ppdegalicia.com\/wp-content\/uploads\/2022\/12\/cb0985d38349e74176b2fad6414fb477.jpg 1900w, https:\/\/ppdegalicia.com\/wp-content\/uploads\/2022\/12\/cb0985d38349e74176b2fad6414fb477-300x200.jpg 300w, https:\/\/ppdegalicia.com\/wp-content\/uploads\/2022\/12\/cb0985d38349e74176b2fad6414fb477-1024x683.jpg 1024w, https:\/\/ppdegalicia.com\/wp-content\/uploads\/2022\/12\/cb0985d38349e74176b2fad6414fb477-768x512.jpg 768w, https:\/\/ppdegalicia.com\/wp-content\/uploads\/2022\/12\/cb0985d38349e74176b2fad6414fb477-1536x1024.jpg 1536w\" sizes=\"(max-width: 1900px) 100vw, 1900px\" \/><\/p>\n<p>20 de decembro de 2022. O Parlamento de Galicia aprobou hoxe a Lei de medidas fiscais e administrativas que acompa\u00f1a aos orzamentos da Xunta para 2023, que \u201cpermitir\u00e1 mellorar a vida dos cidad\u00e1ns e ser m\u00e1is \u00fatiles aos galegos con medidas como a reduci\u00f3n de impostos, a protecci\u00f3n das v\u00edtimas de violencia de x\u00e9nero ou a baixada do canon de SOGAMA\u201d, manifestou a viceportavoz do Grupo Popular, Paula Prado.<\/p>\n<p><!--more--><\/p>\n<p>Ao longo da tramitaci\u00f3n parlamentaria, incorpor\u00e1ronse \u00e1 Lei de medidas fiscais e administrativas d\u00faas emendas da oposici\u00f3n e outras catro transacci\u00f3ns: tres co Grupo Socialista e unha co BNG. Ademais, engadiuse unha emenda de consenso que afecta directamente aos plans b\u00e1sicos municipais para edificar no \u00e1mbito dos n\u00facleos rurais e a conexi\u00f3n \u00e1s redes de abastecemento de augas. \u201cTr\u00e1tase dunha emenda solicitada pola asociaci\u00f3n de tra\u00eddas de auga rural de Galicia (Coxapo) para incorporar \u00e1 Lei do solo de Galicia \u00e1s comunidades de usuarios reguladas pola lexislaci\u00f3n sectorial da auga, autorizadas e con capacidade de servizo suficiente\u201d, apuntou a viceportavoz popular.<\/p>\n<p>\u00a0<\/p>\n<p><strong>OPOSICI\u00d3N DE BNG E PSDEG<\/strong><\/p>\n<p>\u00a0<\/p>\n<p>Paula Prado lamentou que BNG e PSdeG \u201cnon foran quen de votar a favor de ningunha das emendas do Grupo Popular, opo\u00f1\u00e9ndose deste xeito a medidas de conxelaci\u00f3n de taxas fiscais de balizamento de bateas ou da taxa do solo portuario e da auga portuaria; ou a dirixida a garantir a compatibilidade do aproveitamento da biomasa forestal coas actividades tradicionais da industria forestal galega, para evitar a especulaci\u00f3n do prezo da madeira para usos el\u00e9ctricos\u201d.<\/p>\n<p>\u00a0<\/p>\n<p>\u201cTampouco apoian a bonificaci\u00f3n do 15 por cento do canon de SOGAMA para os concellos que implanten o quinto contedor, porque BNG e PSdeG son m\u00e1is de subir impostos que de baixalos, pero logo non sexan hip\u00f3critas sa\u00edndo \u00e1 r\u00faa a facer a pantomina de dicir que non \u00e9 unha crise de prezos sen\u00f3n unha estafa\u201d, sinalou.<\/p>\n<p>\u00a0<\/p>\n<p>Por \u00faltimo, Prado criticou que \u201ctampouco foron capaces de apoiar as emendas que fac\u00edan referencia a v\u00edtimas de violencia de x\u00e9nero, como a que fai referencia a incorporar a violencia sexual no \u00e1mbito da protecci\u00f3n das empregadas p\u00fablicas ou a dirixida a cubrir casos excepcionais en relaci\u00f3n aos convenios cos profesionais do taxi para a atenci\u00f3n a v\u00edtimas de violencia de x\u00e9nero e trasladalas a un concello lim\u00edtrofe\u201d. <\/p>\n","protected":false},"excerpt":{"rendered":"<p>20 de decembro de 2022. O Parlamento de Galicia aprobou hoxe a Lei de medidas fiscais e administrativas que acompa\u00f1a aos orzamentos da Xunta para 2023, que \u201cpermitir\u00e1 mellorar a vida dos cidad\u00e1ns e ser m\u00e1is \u00fatiles aos galegos con medidas como a reduci\u00f3n de impostos, a protecci\u00f3n das v\u00edtimas de violencia de x\u00e9nero ou [&hellip;]<\/p>\n","protected":false},"author":38,"featured_media":57788,"comment_status":"open","ping_status":"open","sticky":false,"template":"","format":"standard","meta":{"_acf_changed":false,"footnotes":""},"categories":[1],"tags":[],"class_list":["post-57789","post","type-post","status-publish","format-standard","has-post-thumbnail","hentry","category-pp-de-galicia"],"acf":[],"yoast_head":"<!-- This site is optimized with the Yoast SEO plugin v27.3 - https:\/\/yoast.com\/product\/yoast-seo-wordpress\/ -->\n<title>O Parlamento aproba a Lei de medidas fiscais e administrativas, con medidas para reducir os impostos, a protecci\u00f3n das mulleres v\u00edtimas de violencia de x\u00e9nero ou a baixa do canon de Sogama - PP de Galicia<\/title>\n<meta name=\"robots\" content=\"index, follow, max-snippet:-1, max-image-preview:large, max-video-preview:-1\" \/>\n<link rel=\"canonical\" href=\"https:\/\/ppdegalicia.com\/es\/o-parlamento-aproba-a-lei-de-medidas-fiscais-e-administrativas-con-medidas-para-reducir-os-impostos-a-proteccion-das-mulleres-vitimas-de-violencia-de-xenero-ou-a-baixa-do-canon-de-sogama\/\" \/>\n<meta property=\"og:locale\" content=\"es_ES\" \/>\n<meta property=\"og:type\" content=\"article\" \/>\n<meta property=\"og:title\" content=\"O Parlamento aproba a Lei de medidas fiscais e administrativas, con medidas para reducir os impostos, a protecci\u00f3n das mulleres v\u00edtimas de violencia de x\u00e9nero ou a baixa do canon de Sogama - PP de Galicia\" \/>\n<meta property=\"og:description\" content=\"20 de decembro de 2022. O Parlamento de Galicia aprobou hoxe a Lei de medidas fiscais e administrativas que acompa\u00f1a aos orzamentos da Xunta para 2023, que \u201cpermitir\u00e1 mellorar a vida dos cidad\u00e1ns e ser m\u00e1is \u00fatiles aos galegos con medidas como a reduci\u00f3n de impostos, a protecci\u00f3n das v\u00edtimas de violencia de x\u00e9nero ou [&hellip;]\" \/>\n<meta property=\"og:url\" content=\"https:\/\/ppdegalicia.com\/es\/o-parlamento-aproba-a-lei-de-medidas-fiscais-e-administrativas-con-medidas-para-reducir-os-impostos-a-proteccion-das-mulleres-vitimas-de-violencia-de-xenero-ou-a-baixa-do-canon-de-sogama\/\" \/>\n<meta property=\"og:site_name\" content=\"PP de Galicia\" \/>\n<meta property=\"article:publisher\" content=\"https:\/\/www.instagram.com\/ppdegalicia\/\" \/>\n<meta property=\"article:published_time\" content=\"2022-12-20T13:40:12+00:00\" \/>\n<meta property=\"og:image\" content=\"https:\/\/ppdegalicia.com\/wp-content\/uploads\/2022\/12\/cb0985d38349e74176b2fad6414fb477.jpg\" \/>\n\t<meta property=\"og:image:width\" content=\"1900\" \/>\n\t<meta property=\"og:image:height\" content=\"1267\" \/>\n\t<meta property=\"og:image:type\" content=\"image\/jpeg\" \/>\n<meta name=\"author\" content=\"ppdegaliciaredes\" \/>\n<meta name=\"twitter:card\" content=\"summary_large_image\" \/>\n<meta name=\"twitter:creator\" content=\"@ppdegalicia\" \/>\n<meta name=\"twitter:site\" content=\"@ppdegalicia\" \/>\n<meta name=\"twitter:label1\" content=\"Escrito por\" \/>\n\t<meta name=\"twitter:data1\" content=\"ppdegaliciaredes\" \/>\n\t<meta name=\"twitter:label2\" content=\"Tiempo de lectura\" \/>\n\t<meta name=\"twitter:data2\" content=\"2 minutos\" \/>\n<script type=\"application\/ld+json\" class=\"yoast-schema-graph\">{\"@context\":\"https:\\\/\\\/schema.org\",\"@graph\":[{\"@type\":\"Article\",\"@id\":\"https:\\\/\\\/ppdegalicia.com\\\/es\\\/o-parlamento-aproba-a-lei-de-medidas-fiscais-e-administrativas-con-medidas-para-reducir-os-impostos-a-proteccion-das-mulleres-vitimas-de-violencia-de-xenero-ou-a-baixa-do-canon-de-sogama\\\/#article\",\"isPartOf\":{\"@id\":\"https:\\\/\\\/ppdegalicia.com\\\/es\\\/o-parlamento-aproba-a-lei-de-medidas-fiscais-e-administrativas-con-medidas-para-reducir-os-impostos-a-proteccion-das-mulleres-vitimas-de-violencia-de-xenero-ou-a-baixa-do-canon-de-sogama\\\/\"},\"author\":{\"name\":\"ppdegaliciaredes\",\"@id\":\"https:\\\/\\\/ppdegalicia.com\\\/es\\\/#\\\/schema\\\/person\\\/5b822c6f59e872ebdd1142f307dbcb59\"},\"headline\":\"O Parlamento aproba a Lei de medidas fiscais e administrativas, con medidas para reducir os impostos, a protecci\u00f3n das mulleres v\u00edtimas de violencia de x\u00e9nero ou a baixa do canon de Sogama\",\"datePublished\":\"2022-12-20T13:40:12+00:00\",\"mainEntityOfPage\":{\"@id\":\"https:\\\/\\\/ppdegalicia.com\\\/es\\\/o-parlamento-aproba-a-lei-de-medidas-fiscais-e-administrativas-con-medidas-para-reducir-os-impostos-a-proteccion-das-mulleres-vitimas-de-violencia-de-xenero-ou-a-baixa-do-canon-de-sogama\\\/\"},\"wordCount\":442,\"commentCount\":0,\"publisher\":{\"@id\":\"https:\\\/\\\/ppdegalicia.com\\\/es\\\/#organization\"},\"image\":{\"@id\":\"https:\\\/\\\/ppdegalicia.com\\\/es\\\/o-parlamento-aproba-a-lei-de-medidas-fiscais-e-administrativas-con-medidas-para-reducir-os-impostos-a-proteccion-das-mulleres-vitimas-de-violencia-de-xenero-ou-a-baixa-do-canon-de-sogama\\\/#primaryimage\"},\"thumbnailUrl\":\"https:\\\/\\\/ppdegalicia.com\\\/wp-content\\\/uploads\\\/2022\\\/12\\\/cb0985d38349e74176b2fad6414fb477.jpg\",\"articleSection\":[\"PP de Galicia\"],\"inLanguage\":\"es\",\"potentialAction\":[{\"@type\":\"CommentAction\",\"name\":\"Comment\",\"target\":[\"https:\\\/\\\/ppdegalicia.com\\\/es\\\/o-parlamento-aproba-a-lei-de-medidas-fiscais-e-administrativas-con-medidas-para-reducir-os-impostos-a-proteccion-das-mulleres-vitimas-de-violencia-de-xenero-ou-a-baixa-do-canon-de-sogama\\\/#respond\"]}]},{\"@type\":\"WebPage\",\"@id\":\"https:\\\/\\\/ppdegalicia.com\\\/es\\\/o-parlamento-aproba-a-lei-de-medidas-fiscais-e-administrativas-con-medidas-para-reducir-os-impostos-a-proteccion-das-mulleres-vitimas-de-violencia-de-xenero-ou-a-baixa-do-canon-de-sogama\\\/\",\"url\":\"https:\\\/\\\/ppdegalicia.com\\\/es\\\/o-parlamento-aproba-a-lei-de-medidas-fiscais-e-administrativas-con-medidas-para-reducir-os-impostos-a-proteccion-das-mulleres-vitimas-de-violencia-de-xenero-ou-a-baixa-do-canon-de-sogama\\\/\",\"name\":\"O Parlamento aproba a Lei de medidas fiscais e administrativas, con medidas para reducir os impostos, a protecci\u00f3n das mulleres v\u00edtimas de violencia de x\u00e9nero ou a baixa do canon de Sogama - PP de Galicia\",\"isPartOf\":{\"@id\":\"https:\\\/\\\/ppdegalicia.com\\\/es\\\/#website\"},\"primaryImageOfPage\":{\"@id\":\"https:\\\/\\\/ppdegalicia.com\\\/es\\\/o-parlamento-aproba-a-lei-de-medidas-fiscais-e-administrativas-con-medidas-para-reducir-os-impostos-a-proteccion-das-mulleres-vitimas-de-violencia-de-xenero-ou-a-baixa-do-canon-de-sogama\\\/#primaryimage\"},\"image\":{\"@id\":\"https:\\\/\\\/ppdegalicia.com\\\/es\\\/o-parlamento-aproba-a-lei-de-medidas-fiscais-e-administrativas-con-medidas-para-reducir-os-impostos-a-proteccion-das-mulleres-vitimas-de-violencia-de-xenero-ou-a-baixa-do-canon-de-sogama\\\/#primaryimage\"},\"thumbnailUrl\":\"https:\\\/\\\/ppdegalicia.com\\\/wp-content\\\/uploads\\\/2022\\\/12\\\/cb0985d38349e74176b2fad6414fb477.jpg\",\"datePublished\":\"2022-12-20T13:40:12+00:00\",\"breadcrumb\":{\"@id\":\"https:\\\/\\\/ppdegalicia.com\\\/es\\\/o-parlamento-aproba-a-lei-de-medidas-fiscais-e-administrativas-con-medidas-para-reducir-os-impostos-a-proteccion-das-mulleres-vitimas-de-violencia-de-xenero-ou-a-baixa-do-canon-de-sogama\\\/#breadcrumb\"},\"inLanguage\":\"es\",\"potentialAction\":[{\"@type\":\"ReadAction\",\"target\":[\"https:\\\/\\\/ppdegalicia.com\\\/es\\\/o-parlamento-aproba-a-lei-de-medidas-fiscais-e-administrativas-con-medidas-para-reducir-os-impostos-a-proteccion-das-mulleres-vitimas-de-violencia-de-xenero-ou-a-baixa-do-canon-de-sogama\\\/\"]}]},{\"@type\":\"ImageObject\",\"inLanguage\":\"es\",\"@id\":\"https:\\\/\\\/ppdegalicia.com\\\/es\\\/o-parlamento-aproba-a-lei-de-medidas-fiscais-e-administrativas-con-medidas-para-reducir-os-impostos-a-proteccion-das-mulleres-vitimas-de-violencia-de-xenero-ou-a-baixa-do-canon-de-sogama\\\/#primaryimage\",\"url\":\"https:\\\/\\\/ppdegalicia.com\\\/wp-content\\\/uploads\\\/2022\\\/12\\\/cb0985d38349e74176b2fad6414fb477.jpg\",\"contentUrl\":\"https:\\\/\\\/ppdegalicia.com\\\/wp-content\\\/uploads\\\/2022\\\/12\\\/cb0985d38349e74176b2fad6414fb477.jpg\",\"width\":1900,\"height\":1267},{\"@type\":\"BreadcrumbList\",\"@id\":\"https:\\\/\\\/ppdegalicia.com\\\/es\\\/o-parlamento-aproba-a-lei-de-medidas-fiscais-e-administrativas-con-medidas-para-reducir-os-impostos-a-proteccion-das-mulleres-vitimas-de-violencia-de-xenero-ou-a-baixa-do-canon-de-sogama\\\/#breadcrumb\",\"itemListElement\":[{\"@type\":\"ListItem\",\"position\":1,\"name\":\"Portada\",\"item\":\"https:\\\/\\\/ppdegalicia.com\\\/es\\\/\"},{\"@type\":\"ListItem\",\"position\":2,\"name\":\"O Parlamento aproba a Lei de medidas fiscais e administrativas, con medidas para reducir os impostos, a protecci\u00f3n das mulleres v\u00edtimas de violencia de x\u00e9nero ou a baixa do canon de Sogama\"}]},{\"@type\":\"WebSite\",\"@id\":\"https:\\\/\\\/ppdegalicia.com\\\/es\\\/#website\",\"url\":\"https:\\\/\\\/ppdegalicia.com\\\/es\\\/\",\"name\":\"Partido Popular de Galicia\",\"description\":\"Partido Popular de Galicia\",\"publisher\":{\"@id\":\"https:\\\/\\\/ppdegalicia.com\\\/es\\\/#organization\"},\"alternateName\":\"PP de Galicia\",\"potentialAction\":[{\"@type\":\"SearchAction\",\"target\":{\"@type\":\"EntryPoint\",\"urlTemplate\":\"https:\\\/\\\/ppdegalicia.com\\\/es\\\/?s={search_term_string}\"},\"query-input\":{\"@type\":\"PropertyValueSpecification\",\"valueRequired\":true,\"valueName\":\"search_term_string\"}}],\"inLanguage\":\"es\"},{\"@type\":\"Organization\",\"@id\":\"https:\\\/\\\/ppdegalicia.com\\\/es\\\/#organization\",\"name\":\"Partido Popular de Galicia\",\"alternateName\":\"PP de Galicia\",\"url\":\"https:\\\/\\\/ppdegalicia.com\\\/es\\\/\",\"logo\":{\"@type\":\"ImageObject\",\"inLanguage\":\"es\",\"@id\":\"https:\\\/\\\/ppdegalicia.com\\\/es\\\/#\\\/schema\\\/logo\\\/image\\\/\",\"url\":\"https:\\\/\\\/ppdegalicia.com\\\/wp-content\\\/uploads\\\/2023\\\/04\\\/logoPP512.png\",\"contentUrl\":\"https:\\\/\\\/ppdegalicia.com\\\/wp-content\\\/uploads\\\/2023\\\/04\\\/logoPP512.png\",\"width\":512,\"height\":512,\"caption\":\"Partido Popular de Galicia\"},\"image\":{\"@id\":\"https:\\\/\\\/ppdegalicia.com\\\/es\\\/#\\\/schema\\\/logo\\\/image\\\/\"},\"sameAs\":[\"https:\\\/\\\/www.instagram.com\\\/ppdegalicia\\\/\",\"https:\\\/\\\/x.com\\\/ppdegalicia\",\"https:\\\/\\\/www.tiktok.com\\\/@ppdegalicia\",\"https:\\\/\\\/www.youtube.com\\\/user\\\/ppdegalicia\"]},{\"@type\":\"Person\",\"@id\":\"https:\\\/\\\/ppdegalicia.com\\\/es\\\/#\\\/schema\\\/person\\\/5b822c6f59e872ebdd1142f307dbcb59\",\"name\":\"ppdegaliciaredes\",\"image\":{\"@type\":\"ImageObject\",\"inLanguage\":\"es\",\"@id\":\"https:\\\/\\\/secure.gravatar.com\\\/avatar\\\/3c9179cf0256d00c72a48d1f25783c58b6842cd56e85ef3a572881c8e28ccd59?s=96&d=mm&r=g\",\"url\":\"https:\\\/\\\/secure.gravatar.com\\\/avatar\\\/3c9179cf0256d00c72a48d1f25783c58b6842cd56e85ef3a572881c8e28ccd59?s=96&d=mm&r=g\",\"contentUrl\":\"https:\\\/\\\/secure.gravatar.com\\\/avatar\\\/3c9179cf0256d00c72a48d1f25783c58b6842cd56e85ef3a572881c8e28ccd59?s=96&d=mm&r=g\",\"caption\":\"ppdegaliciaredes\"},\"url\":\"https:\\\/\\\/ppdegalicia.com\\\/es\\\/author\\\/ppdegaliciaredes\\\/\"}]}<\/script>\n<!-- \/ Yoast SEO plugin. -->","yoast_head_json":{"title":"O Parlamento aproba a Lei de medidas fiscais e administrativas, con medidas para reducir os impostos, a protecci\u00f3n das mulleres v\u00edtimas de violencia de x\u00e9nero ou a baixa do canon de Sogama - PP de Galicia","robots":{"index":"index","follow":"follow","max-snippet":"max-snippet:-1","max-image-preview":"max-image-preview:large","max-video-preview":"max-video-preview:-1"},"canonical":"https:\/\/ppdegalicia.com\/es\/o-parlamento-aproba-a-lei-de-medidas-fiscais-e-administrativas-con-medidas-para-reducir-os-impostos-a-proteccion-das-mulleres-vitimas-de-violencia-de-xenero-ou-a-baixa-do-canon-de-sogama\/","og_locale":"es_ES","og_type":"article","og_title":"O Parlamento aproba a Lei de medidas fiscais e administrativas, con medidas para reducir os impostos, a protecci\u00f3n das mulleres v\u00edtimas de violencia de x\u00e9nero ou a baixa do canon de Sogama - PP de Galicia","og_description":"20 de decembro de 2022. O Parlamento de Galicia aprobou hoxe a Lei de medidas fiscais e administrativas que acompa\u00f1a aos orzamentos da Xunta para 2023, que \u201cpermitir\u00e1 mellorar a vida dos cidad\u00e1ns e ser m\u00e1is \u00fatiles aos galegos con medidas como a reduci\u00f3n de impostos, a protecci\u00f3n das v\u00edtimas de violencia de x\u00e9nero ou [&hellip;]","og_url":"https:\/\/ppdegalicia.com\/es\/o-parlamento-aproba-a-lei-de-medidas-fiscais-e-administrativas-con-medidas-para-reducir-os-impostos-a-proteccion-das-mulleres-vitimas-de-violencia-de-xenero-ou-a-baixa-do-canon-de-sogama\/","og_site_name":"PP de Galicia","article_publisher":"https:\/\/www.instagram.com\/ppdegalicia\/","article_published_time":"2022-12-20T13:40:12+00:00","og_image":[{"width":1900,"height":1267,"url":"https:\/\/ppdegalicia.com\/wp-content\/uploads\/2022\/12\/cb0985d38349e74176b2fad6414fb477.jpg","type":"image\/jpeg"}],"author":"ppdegaliciaredes","twitter_card":"summary_large_image","twitter_creator":"@ppdegalicia","twitter_site":"@ppdegalicia","twitter_misc":{"Escrito por":"ppdegaliciaredes","Tiempo de lectura":"2 minutos"},"schema":{"@context":"https:\/\/schema.org","@graph":[{"@type":"Article","@id":"https:\/\/ppdegalicia.com\/es\/o-parlamento-aproba-a-lei-de-medidas-fiscais-e-administrativas-con-medidas-para-reducir-os-impostos-a-proteccion-das-mulleres-vitimas-de-violencia-de-xenero-ou-a-baixa-do-canon-de-sogama\/#article","isPartOf":{"@id":"https:\/\/ppdegalicia.com\/es\/o-parlamento-aproba-a-lei-de-medidas-fiscais-e-administrativas-con-medidas-para-reducir-os-impostos-a-proteccion-das-mulleres-vitimas-de-violencia-de-xenero-ou-a-baixa-do-canon-de-sogama\/"},"author":{"name":"ppdegaliciaredes","@id":"https:\/\/ppdegalicia.com\/es\/#\/schema\/person\/5b822c6f59e872ebdd1142f307dbcb59"},"headline":"O Parlamento aproba a Lei de medidas fiscais e administrativas, con medidas para reducir os impostos, a protecci\u00f3n das mulleres v\u00edtimas de violencia de x\u00e9nero ou a baixa do canon de Sogama","datePublished":"2022-12-20T13:40:12+00:00","mainEntityOfPage":{"@id":"https:\/\/ppdegalicia.com\/es\/o-parlamento-aproba-a-lei-de-medidas-fiscais-e-administrativas-con-medidas-para-reducir-os-impostos-a-proteccion-das-mulleres-vitimas-de-violencia-de-xenero-ou-a-baixa-do-canon-de-sogama\/"},"wordCount":442,"commentCount":0,"publisher":{"@id":"https:\/\/ppdegalicia.com\/es\/#organization"},"image":{"@id":"https:\/\/ppdegalicia.com\/es\/o-parlamento-aproba-a-lei-de-medidas-fiscais-e-administrativas-con-medidas-para-reducir-os-impostos-a-proteccion-das-mulleres-vitimas-de-violencia-de-xenero-ou-a-baixa-do-canon-de-sogama\/#primaryimage"},"thumbnailUrl":"https:\/\/ppdegalicia.com\/wp-content\/uploads\/2022\/12\/cb0985d38349e74176b2fad6414fb477.jpg","articleSection":["PP de Galicia"],"inLanguage":"es","potentialAction":[{"@type":"CommentAction","name":"Comment","target":["https:\/\/ppdegalicia.com\/es\/o-parlamento-aproba-a-lei-de-medidas-fiscais-e-administrativas-con-medidas-para-reducir-os-impostos-a-proteccion-das-mulleres-vitimas-de-violencia-de-xenero-ou-a-baixa-do-canon-de-sogama\/#respond"]}]},{"@type":"WebPage","@id":"https:\/\/ppdegalicia.com\/es\/o-parlamento-aproba-a-lei-de-medidas-fiscais-e-administrativas-con-medidas-para-reducir-os-impostos-a-proteccion-das-mulleres-vitimas-de-violencia-de-xenero-ou-a-baixa-do-canon-de-sogama\/","url":"https:\/\/ppdegalicia.com\/es\/o-parlamento-aproba-a-lei-de-medidas-fiscais-e-administrativas-con-medidas-para-reducir-os-impostos-a-proteccion-das-mulleres-vitimas-de-violencia-de-xenero-ou-a-baixa-do-canon-de-sogama\/","name":"O Parlamento aproba a Lei de medidas fiscais e administrativas, con medidas para reducir os impostos, a protecci\u00f3n das mulleres v\u00edtimas de violencia de x\u00e9nero ou a baixa do canon de Sogama - PP de Galicia","isPartOf":{"@id":"https:\/\/ppdegalicia.com\/es\/#website"},"primaryImageOfPage":{"@id":"https:\/\/ppdegalicia.com\/es\/o-parlamento-aproba-a-lei-de-medidas-fiscais-e-administrativas-con-medidas-para-reducir-os-impostos-a-proteccion-das-mulleres-vitimas-de-violencia-de-xenero-ou-a-baixa-do-canon-de-sogama\/#primaryimage"},"image":{"@id":"https:\/\/ppdegalicia.com\/es\/o-parlamento-aproba-a-lei-de-medidas-fiscais-e-administrativas-con-medidas-para-reducir-os-impostos-a-proteccion-das-mulleres-vitimas-de-violencia-de-xenero-ou-a-baixa-do-canon-de-sogama\/#primaryimage"},"thumbnailUrl":"https:\/\/ppdegalicia.com\/wp-content\/uploads\/2022\/12\/cb0985d38349e74176b2fad6414fb477.jpg","datePublished":"2022-12-20T13:40:12+00:00","breadcrumb":{"@id":"https:\/\/ppdegalicia.com\/es\/o-parlamento-aproba-a-lei-de-medidas-fiscais-e-administrativas-con-medidas-para-reducir-os-impostos-a-proteccion-das-mulleres-vitimas-de-violencia-de-xenero-ou-a-baixa-do-canon-de-sogama\/#breadcrumb"},"inLanguage":"es","potentialAction":[{"@type":"ReadAction","target":["https:\/\/ppdegalicia.com\/es\/o-parlamento-aproba-a-lei-de-medidas-fiscais-e-administrativas-con-medidas-para-reducir-os-impostos-a-proteccion-das-mulleres-vitimas-de-violencia-de-xenero-ou-a-baixa-do-canon-de-sogama\/"]}]},{"@type":"ImageObject","inLanguage":"es","@id":"https:\/\/ppdegalicia.com\/es\/o-parlamento-aproba-a-lei-de-medidas-fiscais-e-administrativas-con-medidas-para-reducir-os-impostos-a-proteccion-das-mulleres-vitimas-de-violencia-de-xenero-ou-a-baixa-do-canon-de-sogama\/#primaryimage","url":"https:\/\/ppdegalicia.com\/wp-content\/uploads\/2022\/12\/cb0985d38349e74176b2fad6414fb477.jpg","contentUrl":"https:\/\/ppdegalicia.com\/wp-content\/uploads\/2022\/12\/cb0985d38349e74176b2fad6414fb477.jpg","width":1900,"height":1267},{"@type":"BreadcrumbList","@id":"https:\/\/ppdegalicia.com\/es\/o-parlamento-aproba-a-lei-de-medidas-fiscais-e-administrativas-con-medidas-para-reducir-os-impostos-a-proteccion-das-mulleres-vitimas-de-violencia-de-xenero-ou-a-baixa-do-canon-de-sogama\/#breadcrumb","itemListElement":[{"@type":"ListItem","position":1,"name":"Portada","item":"https:\/\/ppdegalicia.com\/es\/"},{"@type":"ListItem","position":2,"name":"O Parlamento aproba a Lei de medidas fiscais e administrativas, con medidas para reducir os impostos, a protecci\u00f3n das mulleres v\u00edtimas de violencia de x\u00e9nero ou a baixa do canon de Sogama"}]},{"@type":"WebSite","@id":"https:\/\/ppdegalicia.com\/es\/#website","url":"https:\/\/ppdegalicia.com\/es\/","name":"Partido Popular de Galicia","description":"Partido Popular de Galicia","publisher":{"@id":"https:\/\/ppdegalicia.com\/es\/#organization"},"alternateName":"PP de Galicia","potentialAction":[{"@type":"SearchAction","target":{"@type":"EntryPoint","urlTemplate":"https:\/\/ppdegalicia.com\/es\/?s={search_term_string}"},"query-input":{"@type":"PropertyValueSpecification","valueRequired":true,"valueName":"search_term_string"}}],"inLanguage":"es"},{"@type":"Organization","@id":"https:\/\/ppdegalicia.com\/es\/#organization","name":"Partido Popular de Galicia","alternateName":"PP de Galicia","url":"https:\/\/ppdegalicia.com\/es\/","logo":{"@type":"ImageObject","inLanguage":"es","@id":"https:\/\/ppdegalicia.com\/es\/#\/schema\/logo\/image\/","url":"https:\/\/ppdegalicia.com\/wp-content\/uploads\/2023\/04\/logoPP512.png","contentUrl":"https:\/\/ppdegalicia.com\/wp-content\/uploads\/2023\/04\/logoPP512.png","width":512,"height":512,"caption":"Partido Popular de Galicia"},"image":{"@id":"https:\/\/ppdegalicia.com\/es\/#\/schema\/logo\/image\/"},"sameAs":["https:\/\/www.instagram.com\/ppdegalicia\/","https:\/\/x.com\/ppdegalicia","https:\/\/www.tiktok.com\/@ppdegalicia","https:\/\/www.youtube.com\/user\/ppdegalicia"]},{"@type":"Person","@id":"https:\/\/ppdegalicia.com\/es\/#\/schema\/person\/5b822c6f59e872ebdd1142f307dbcb59","name":"ppdegaliciaredes","image":{"@type":"ImageObject","inLanguage":"es","@id":"https:\/\/secure.gravatar.com\/avatar\/3c9179cf0256d00c72a48d1f25783c58b6842cd56e85ef3a572881c8e28ccd59?s=96&d=mm&r=g","url":"https:\/\/secure.gravatar.com\/avatar\/3c9179cf0256d00c72a48d1f25783c58b6842cd56e85ef3a572881c8e28ccd59?s=96&d=mm&r=g","contentUrl":"https:\/\/secure.gravatar.com\/avatar\/3c9179cf0256d00c72a48d1f25783c58b6842cd56e85ef3a572881c8e28ccd59?s=96&d=mm&r=g","caption":"ppdegaliciaredes"},"url":"https:\/\/ppdegalicia.com\/es\/author\/ppdegaliciaredes\/"}]}},"_links":{"self":[{"href":"https:\/\/ppdegalicia.com\/es\/wp-json\/wp\/v2\/posts\/57789","targetHints":{"allow":["GET"]}}],"collection":[{"href":"https:\/\/ppdegalicia.com\/es\/wp-json\/wp\/v2\/posts"}],"about":[{"href":"https:\/\/ppdegalicia.com\/es\/wp-json\/wp\/v2\/types\/post"}],"author":[{"embeddable":true,"href":"https:\/\/ppdegalicia.com\/es\/wp-json\/wp\/v2\/users\/38"}],"replies":[{"embeddable":true,"href":"https:\/\/ppdegalicia.com\/es\/wp-json\/wp\/v2\/comments?post=57789"}],"version-history":[{"count":0,"href":"https:\/\/ppdegalicia.com\/es\/wp-json\/wp\/v2\/posts\/57789\/revisions"}],"wp:featuredmedia":[{"embeddable":true,"href":"https:\/\/ppdegalicia.com\/es\/wp-json\/wp\/v2\/media\/57788"}],"wp:attachment":[{"href":"https:\/\/ppdegalicia.com\/es\/wp-json\/wp\/v2\/media?parent=57789"}],"wp:term":[{"taxonomy":"category","embeddable":true,"href":"https:\/\/ppdegalicia.com\/es\/wp-json\/wp\/v2\/categories?post=57789"},{"taxonomy":"post_tag","embeddable":true,"href":"https:\/\/ppdegalicia.com\/es\/wp-json\/wp\/v2\/tags?post=57789"}],"curies":[{"name":"wp","href":"https:\/\/api.w.org\/{rel}","templated":true}]}}