{"id":57836,"date":"2023-01-17T11:28:22","date_gmt":"2023-01-17T09:28:22","guid":{"rendered":"https:\/\/ppdegalicia.com\/defensa-dos-sectores-gandeiro-e-maritimo-pesqueiro-de-galicia\/"},"modified":"2023-01-17T11:28:22","modified_gmt":"2023-01-17T09:28:22","slug":"defensa-dos-sectores-gandeiro-e-maritimo-pesqueiro-de-galicia","status":"publish","type":"post","link":"https:\/\/ppdegalicia.com\/es\/defensa-dos-sectores-gandeiro-e-maritimo-pesqueiro-de-galicia\/","title":{"rendered":"Defensa dos sectores gandeiro e mar\u00edtimo-pesqueiro de Galicia"},"content":{"rendered":"<p><img fetchpriority=\"high\" decoding=\"async\" class=\" size-full wp-image-57835\" src=\"https:\/\/ppdegalicia.com\/wp-content\/uploads\/2023\/01\/28b420c71d5f39a6ed6f27f307d38ea2.jpg\" alt=\"\" width=\"1024\" height=\"512\" srcset=\"https:\/\/ppdegalicia.com\/wp-content\/uploads\/2023\/01\/28b420c71d5f39a6ed6f27f307d38ea2.jpg 1024w, https:\/\/ppdegalicia.com\/wp-content\/uploads\/2023\/01\/28b420c71d5f39a6ed6f27f307d38ea2-300x150.jpg 300w, https:\/\/ppdegalicia.com\/wp-content\/uploads\/2023\/01\/28b420c71d5f39a6ed6f27f307d38ea2-768x384.jpg 768w\" sizes=\"(max-width: 1024px) 100vw, 1024px\" \/><\/p>\n<p>Iniciativa sobre as actuaci\u00f3n que debe levar a cabo o Goberno galego para a defensa dos sectores gandeiro e mar\u00edtimo-pesqueiro de Galicia\u00a0<\/p>\n<p><!--more--><\/p>\n<p>\u00a0<\/p>\n<p>\u00a0<\/p>\n<p>Tras meses sufrindo as consecuencias da invasi\u00f3n rusa de Ucra\u00edna no noso pa\u00eds, cuxa afectaci\u00f3n supuxo efectos a nivel xeral dos prezos e, en especial, de certos bens fundamentais \u2013como \u00e9 o caso dos alimentos\u2013, o Goberno de Espa\u00f1a decid\u00eda comezar o 2023 cunha reduci\u00f3n do Imposto ao Valor Engadido (en adiante, IVE), que, ademais de chegar con retraso e erixirse como unha iniciativa puramente electoralista, resultou, desde un primeiro momento, unha medida totalmente discriminatoria co sector primario.<\/p>\n<p>\u00a0<\/p>\n<p>Neste contexto, o Goberno de Pedro S\u00e1nchez po\u00f1\u00eda en marcha esta rebaixa tributaria o pasado 1 de xaneiro, coa pretensi\u00f3n de mantela activa ata o vindeiro 30 de xu\u00f1o de<br \/>2023. As\u00ed mesmo, a devandita rebaixa aplicouse, desde o momento da s\u00faa posta en pr\u00e1ctica, segundo a propia definici\u00f3n da iniciativa, aos \u201cprodutos alimentarios b\u00e1sicos\u201d, exclu\u00edndo, deste xeito, a produtos de primeira necesidade como son a carne e o<br \/>pescado. Ao respecto, manter inalterado o IVE dos produtos do mar e da carne, mentres se baixa o doutros produtos como o aceite ou a pasta, sup\u00f3n, sen lugar a d\u00fabidas, unha desvantaxe competitiva e un prexu\u00edzo directo para \u00e1mbolos dous sectores.<\/p>\n<p>\u00a0<\/p>\n<p>Neste sentido, \u00e9 evidente a necesidade, dadas as circunstancias actuais e a inflaci\u00f3n rexistrada en Espa\u00f1a, de aliviar a situaci\u00f3n das familias, especialmente daquelas con baixos ingresos; non obstante, d\u00e9bese avogar por unha reduci\u00f3n inclusiva de todos aqueles alimentos que, non s\u00f3 sexan considerados de primeira necesidade, sen\u00f3n que, ademais, contrib\u00faan \u00e1 alimentaci\u00f3n equilibrada da nosa cidadan\u00eda, como \u00e9 o caso da carne e do pescado. A estes efectos, defendemos que estes produtos b\u00e1sicos se consideren \u2013tam\u00e9n por parte do Goberno central\u2013 como o que son, alimentos de primeira necesidade, e que acaden o IVE m\u00e1is baixo, tal e como xa esixiu a Xunta de Galicia noutras ocasi\u00f3ns e apoian as instancias europeas.<\/p>\n<p>\u00a0<\/p>\n<p>Non \u00e9 posible que, como ocorreu coas desafortunadas declaraci\u00f3ns do ministro Garz\u00f3n, se contin\u00fae discriminando sen parang\u00f3n ao sector gandeiro espa\u00f1ol por parte do Goberno de Espa\u00f1a, sobre todo en consideraci\u00f3n da aposta deste tipo de produci\u00f3n alimentaria de calidade a prol do medio ambiente, do benestar animal, da recuperaci\u00f3n da terra agraria \u2013eixo para o cal, ademais, o sector conta en Galicia cunha lei espec\u00edfica, a Lei de recuperaci\u00f3n da terra agraria\u2013 e a anticipaci\u00f3n aos incendios forestais.<\/p>\n<p>\u00a0<\/p>\n<p>A reduci\u00f3n ou eliminaci\u00f3n deste imposto aumentar\u00eda o consumo dos produtos do mar e do agro cos conseguintes beneficios, tanto para a sa\u00fade dos consumidores como para a econom\u00eda do sector. E, precisamente, desde antes da alerta sanitaria pola covid-19, o Parlamento de Galicia aprobou en distintas ocasi\u00f3ns iniciativas que foron remitidas ao Goberno central e nas que se solicitaba a rebaixa deste imposto do 10% ao 4% para igualalo ao que aplican outros pa\u00edses da Uni\u00f3n Europea.<\/p>\n<p>\u00a0<\/p>\n<p>Neste respecto, desde Galicia e, concretamente, desde este Parlamento, seguimos insistindo nesta demanda e defendendo o papel esencial do sector mar\u00edtimo-pesqueiro e mailo sector gandeiro de Galicia.<\/p>\n<p>\u00a0<\/p>\n<p>Por todo o exposto, as deputadas e deputados do Grupo Parlamentario Popular presentamos a seguinte proposici\u00f3n non de lei en Pleno.<\/p>\n<p><strong>\u201cO Parlamento de Galicia insta \u00e1 Xunta de Galicia a exercer a presi\u00f3n negociadora necesaria co obxecto de que se aplique \u00e1 rebaixa tributaria dos alimentos b\u00e1sicos e que se consideren produtos de primeira necesidade tam\u00e9n polo Goberno central \u00e1 carne e ao pescado -e \u00e1s s\u00faas conservas-, co fin \u00faltimo de estimular a demanda interna e mellorar as previsi\u00f3ns de crecemento da econom\u00eda de \u00e1mbolos dous sectores, evitando o prexu\u00edzo derivado da iniciativa recentemente aprobada polo Goberno de Espa\u00f1a.<\/strong>\u201d<\/p>\n","protected":false},"excerpt":{"rendered":"<p>Iniciativa sobre as actuaci\u00f3n que debe levar a cabo o Goberno galego para a defensa dos sectores gandeiro e mar\u00edtimo-pesqueiro de Galicia\u00a0<\/p>\n","protected":false},"author":38,"featured_media":57835,"comment_status":"open","ping_status":"open","sticky":false,"template":"","format":"standard","meta":{"_acf_changed":false,"footnotes":""},"categories":[1128,1],"tags":[],"class_list":["post-57836","post","type-post","status-publish","format-standard","has-post-thumbnail","hentry","category-actualidad-parlamento-de-galicia","category-pp-de-galicia"],"acf":[],"yoast_head":"<!-- This site is optimized with the Yoast SEO plugin v27.3 - https:\/\/yoast.com\/product\/yoast-seo-wordpress\/ -->\n<title>Defensa dos sectores gandeiro e mar\u00edtimo-pesqueiro de Galicia - PP de Galicia<\/title>\n<meta name=\"robots\" content=\"index, follow, max-snippet:-1, max-image-preview:large, max-video-preview:-1\" \/>\n<link rel=\"canonical\" href=\"https:\/\/ppdegalicia.com\/es\/defensa-dos-sectores-gandeiro-e-maritimo-pesqueiro-de-galicia\/\" \/>\n<meta property=\"og:locale\" content=\"es_ES\" \/>\n<meta property=\"og:type\" content=\"article\" \/>\n<meta property=\"og:title\" content=\"Defensa dos sectores gandeiro e mar\u00edtimo-pesqueiro de Galicia - PP de Galicia\" \/>\n<meta property=\"og:description\" content=\"Iniciativa sobre as actuaci\u00f3n que debe levar a cabo o Goberno galego para a defensa dos sectores gandeiro e mar\u00edtimo-pesqueiro de Galicia\u00a0\" \/>\n<meta property=\"og:url\" content=\"https:\/\/ppdegalicia.com\/es\/defensa-dos-sectores-gandeiro-e-maritimo-pesqueiro-de-galicia\/\" \/>\n<meta property=\"og:site_name\" content=\"PP de Galicia\" \/>\n<meta property=\"article:publisher\" content=\"https:\/\/www.instagram.com\/ppdegalicia\/\" \/>\n<meta property=\"article:published_time\" content=\"2023-01-17T09:28:22+00:00\" \/>\n<meta property=\"og:image\" content=\"https:\/\/ppdegalicia.com\/wp-content\/uploads\/2023\/01\/28b420c71d5f39a6ed6f27f307d38ea2.jpg\" \/>\n\t<meta property=\"og:image:width\" content=\"1024\" \/>\n\t<meta property=\"og:image:height\" content=\"512\" \/>\n\t<meta property=\"og:image:type\" content=\"image\/jpeg\" \/>\n<meta name=\"author\" content=\"ppdegaliciaredes\" \/>\n<meta name=\"twitter:card\" content=\"summary_large_image\" \/>\n<meta name=\"twitter:creator\" content=\"@ppdegalicia\" \/>\n<meta name=\"twitter:site\" content=\"@ppdegalicia\" \/>\n<meta name=\"twitter:label1\" content=\"Escrito por\" \/>\n\t<meta name=\"twitter:data1\" content=\"ppdegaliciaredes\" \/>\n\t<meta name=\"twitter:label2\" content=\"Tiempo de lectura\" \/>\n\t<meta name=\"twitter:data2\" content=\"3 minutos\" \/>\n<script type=\"application\/ld+json\" class=\"yoast-schema-graph\">{\"@context\":\"https:\\\/\\\/schema.org\",\"@graph\":[{\"@type\":\"Article\",\"@id\":\"https:\\\/\\\/ppdegalicia.com\\\/es\\\/defensa-dos-sectores-gandeiro-e-maritimo-pesqueiro-de-galicia\\\/#article\",\"isPartOf\":{\"@id\":\"https:\\\/\\\/ppdegalicia.com\\\/es\\\/defensa-dos-sectores-gandeiro-e-maritimo-pesqueiro-de-galicia\\\/\"},\"author\":{\"name\":\"ppdegaliciaredes\",\"@id\":\"https:\\\/\\\/ppdegalicia.com\\\/es\\\/#\\\/schema\\\/person\\\/5b822c6f59e872ebdd1142f307dbcb59\"},\"headline\":\"Defensa dos sectores gandeiro e mar\u00edtimo-pesqueiro de Galicia\",\"datePublished\":\"2023-01-17T09:28:22+00:00\",\"mainEntityOfPage\":{\"@id\":\"https:\\\/\\\/ppdegalicia.com\\\/es\\\/defensa-dos-sectores-gandeiro-e-maritimo-pesqueiro-de-galicia\\\/\"},\"wordCount\":667,\"commentCount\":0,\"publisher\":{\"@id\":\"https:\\\/\\\/ppdegalicia.com\\\/es\\\/#organization\"},\"image\":{\"@id\":\"https:\\\/\\\/ppdegalicia.com\\\/es\\\/defensa-dos-sectores-gandeiro-e-maritimo-pesqueiro-de-galicia\\\/#primaryimage\"},\"thumbnailUrl\":\"https:\\\/\\\/ppdegalicia.com\\\/wp-content\\\/uploads\\\/2023\\\/01\\\/28b420c71d5f39a6ed6f27f307d38ea2.jpg\",\"articleSection\":[\"Parlamento de Galicia\",\"PP de Galicia\"],\"inLanguage\":\"es\",\"potentialAction\":[{\"@type\":\"CommentAction\",\"name\":\"Comment\",\"target\":[\"https:\\\/\\\/ppdegalicia.com\\\/es\\\/defensa-dos-sectores-gandeiro-e-maritimo-pesqueiro-de-galicia\\\/#respond\"]}]},{\"@type\":\"WebPage\",\"@id\":\"https:\\\/\\\/ppdegalicia.com\\\/es\\\/defensa-dos-sectores-gandeiro-e-maritimo-pesqueiro-de-galicia\\\/\",\"url\":\"https:\\\/\\\/ppdegalicia.com\\\/es\\\/defensa-dos-sectores-gandeiro-e-maritimo-pesqueiro-de-galicia\\\/\",\"name\":\"Defensa dos sectores gandeiro e mar\u00edtimo-pesqueiro de Galicia - PP de Galicia\",\"isPartOf\":{\"@id\":\"https:\\\/\\\/ppdegalicia.com\\\/es\\\/#website\"},\"primaryImageOfPage\":{\"@id\":\"https:\\\/\\\/ppdegalicia.com\\\/es\\\/defensa-dos-sectores-gandeiro-e-maritimo-pesqueiro-de-galicia\\\/#primaryimage\"},\"image\":{\"@id\":\"https:\\\/\\\/ppdegalicia.com\\\/es\\\/defensa-dos-sectores-gandeiro-e-maritimo-pesqueiro-de-galicia\\\/#primaryimage\"},\"thumbnailUrl\":\"https:\\\/\\\/ppdegalicia.com\\\/wp-content\\\/uploads\\\/2023\\\/01\\\/28b420c71d5f39a6ed6f27f307d38ea2.jpg\",\"datePublished\":\"2023-01-17T09:28:22+00:00\",\"breadcrumb\":{\"@id\":\"https:\\\/\\\/ppdegalicia.com\\\/es\\\/defensa-dos-sectores-gandeiro-e-maritimo-pesqueiro-de-galicia\\\/#breadcrumb\"},\"inLanguage\":\"es\",\"potentialAction\":[{\"@type\":\"ReadAction\",\"target\":[\"https:\\\/\\\/ppdegalicia.com\\\/es\\\/defensa-dos-sectores-gandeiro-e-maritimo-pesqueiro-de-galicia\\\/\"]}]},{\"@type\":\"ImageObject\",\"inLanguage\":\"es\",\"@id\":\"https:\\\/\\\/ppdegalicia.com\\\/es\\\/defensa-dos-sectores-gandeiro-e-maritimo-pesqueiro-de-galicia\\\/#primaryimage\",\"url\":\"https:\\\/\\\/ppdegalicia.com\\\/wp-content\\\/uploads\\\/2023\\\/01\\\/28b420c71d5f39a6ed6f27f307d38ea2.jpg\",\"contentUrl\":\"https:\\\/\\\/ppdegalicia.com\\\/wp-content\\\/uploads\\\/2023\\\/01\\\/28b420c71d5f39a6ed6f27f307d38ea2.jpg\",\"width\":1024,\"height\":512},{\"@type\":\"BreadcrumbList\",\"@id\":\"https:\\\/\\\/ppdegalicia.com\\\/es\\\/defensa-dos-sectores-gandeiro-e-maritimo-pesqueiro-de-galicia\\\/#breadcrumb\",\"itemListElement\":[{\"@type\":\"ListItem\",\"position\":1,\"name\":\"Portada\",\"item\":\"https:\\\/\\\/ppdegalicia.com\\\/es\\\/\"},{\"@type\":\"ListItem\",\"position\":2,\"name\":\"Defensa dos sectores gandeiro e mar\u00edtimo-pesqueiro de Galicia\"}]},{\"@type\":\"WebSite\",\"@id\":\"https:\\\/\\\/ppdegalicia.com\\\/es\\\/#website\",\"url\":\"https:\\\/\\\/ppdegalicia.com\\\/es\\\/\",\"name\":\"Partido Popular de Galicia\",\"description\":\"Partido Popular de Galicia\",\"publisher\":{\"@id\":\"https:\\\/\\\/ppdegalicia.com\\\/es\\\/#organization\"},\"alternateName\":\"PP de Galicia\",\"potentialAction\":[{\"@type\":\"SearchAction\",\"target\":{\"@type\":\"EntryPoint\",\"urlTemplate\":\"https:\\\/\\\/ppdegalicia.com\\\/es\\\/?s={search_term_string}\"},\"query-input\":{\"@type\":\"PropertyValueSpecification\",\"valueRequired\":true,\"valueName\":\"search_term_string\"}}],\"inLanguage\":\"es\"},{\"@type\":\"Organization\",\"@id\":\"https:\\\/\\\/ppdegalicia.com\\\/es\\\/#organization\",\"name\":\"Partido Popular de Galicia\",\"alternateName\":\"PP de Galicia\",\"url\":\"https:\\\/\\\/ppdegalicia.com\\\/es\\\/\",\"logo\":{\"@type\":\"ImageObject\",\"inLanguage\":\"es\",\"@id\":\"https:\\\/\\\/ppdegalicia.com\\\/es\\\/#\\\/schema\\\/logo\\\/image\\\/\",\"url\":\"https:\\\/\\\/ppdegalicia.com\\\/wp-content\\\/uploads\\\/2023\\\/04\\\/logoPP512.png\",\"contentUrl\":\"https:\\\/\\\/ppdegalicia.com\\\/wp-content\\\/uploads\\\/2023\\\/04\\\/logoPP512.png\",\"width\":512,\"height\":512,\"caption\":\"Partido Popular de Galicia\"},\"image\":{\"@id\":\"https:\\\/\\\/ppdegalicia.com\\\/es\\\/#\\\/schema\\\/logo\\\/image\\\/\"},\"sameAs\":[\"https:\\\/\\\/www.instagram.com\\\/ppdegalicia\\\/\",\"https:\\\/\\\/x.com\\\/ppdegalicia\",\"https:\\\/\\\/www.tiktok.com\\\/@ppdegalicia\",\"https:\\\/\\\/www.youtube.com\\\/user\\\/ppdegalicia\"]},{\"@type\":\"Person\",\"@id\":\"https:\\\/\\\/ppdegalicia.com\\\/es\\\/#\\\/schema\\\/person\\\/5b822c6f59e872ebdd1142f307dbcb59\",\"name\":\"ppdegaliciaredes\",\"image\":{\"@type\":\"ImageObject\",\"inLanguage\":\"es\",\"@id\":\"https:\\\/\\\/secure.gravatar.com\\\/avatar\\\/3c9179cf0256d00c72a48d1f25783c58b6842cd56e85ef3a572881c8e28ccd59?s=96&d=mm&r=g\",\"url\":\"https:\\\/\\\/secure.gravatar.com\\\/avatar\\\/3c9179cf0256d00c72a48d1f25783c58b6842cd56e85ef3a572881c8e28ccd59?s=96&d=mm&r=g\",\"contentUrl\":\"https:\\\/\\\/secure.gravatar.com\\\/avatar\\\/3c9179cf0256d00c72a48d1f25783c58b6842cd56e85ef3a572881c8e28ccd59?s=96&d=mm&r=g\",\"caption\":\"ppdegaliciaredes\"},\"url\":\"https:\\\/\\\/ppdegalicia.com\\\/es\\\/author\\\/ppdegaliciaredes\\\/\"}]}<\/script>\n<!-- \/ Yoast SEO plugin. -->","yoast_head_json":{"title":"Defensa dos sectores gandeiro e mar\u00edtimo-pesqueiro de Galicia - PP de Galicia","robots":{"index":"index","follow":"follow","max-snippet":"max-snippet:-1","max-image-preview":"max-image-preview:large","max-video-preview":"max-video-preview:-1"},"canonical":"https:\/\/ppdegalicia.com\/es\/defensa-dos-sectores-gandeiro-e-maritimo-pesqueiro-de-galicia\/","og_locale":"es_ES","og_type":"article","og_title":"Defensa dos sectores gandeiro e mar\u00edtimo-pesqueiro de Galicia - PP de Galicia","og_description":"Iniciativa sobre as actuaci\u00f3n que debe levar a cabo o Goberno galego para a defensa dos sectores gandeiro e mar\u00edtimo-pesqueiro de Galicia\u00a0","og_url":"https:\/\/ppdegalicia.com\/es\/defensa-dos-sectores-gandeiro-e-maritimo-pesqueiro-de-galicia\/","og_site_name":"PP de Galicia","article_publisher":"https:\/\/www.instagram.com\/ppdegalicia\/","article_published_time":"2023-01-17T09:28:22+00:00","og_image":[{"width":1024,"height":512,"url":"https:\/\/ppdegalicia.com\/wp-content\/uploads\/2023\/01\/28b420c71d5f39a6ed6f27f307d38ea2.jpg","type":"image\/jpeg"}],"author":"ppdegaliciaredes","twitter_card":"summary_large_image","twitter_creator":"@ppdegalicia","twitter_site":"@ppdegalicia","twitter_misc":{"Escrito por":"ppdegaliciaredes","Tiempo de lectura":"3 minutos"},"schema":{"@context":"https:\/\/schema.org","@graph":[{"@type":"Article","@id":"https:\/\/ppdegalicia.com\/es\/defensa-dos-sectores-gandeiro-e-maritimo-pesqueiro-de-galicia\/#article","isPartOf":{"@id":"https:\/\/ppdegalicia.com\/es\/defensa-dos-sectores-gandeiro-e-maritimo-pesqueiro-de-galicia\/"},"author":{"name":"ppdegaliciaredes","@id":"https:\/\/ppdegalicia.com\/es\/#\/schema\/person\/5b822c6f59e872ebdd1142f307dbcb59"},"headline":"Defensa dos sectores gandeiro e mar\u00edtimo-pesqueiro de Galicia","datePublished":"2023-01-17T09:28:22+00:00","mainEntityOfPage":{"@id":"https:\/\/ppdegalicia.com\/es\/defensa-dos-sectores-gandeiro-e-maritimo-pesqueiro-de-galicia\/"},"wordCount":667,"commentCount":0,"publisher":{"@id":"https:\/\/ppdegalicia.com\/es\/#organization"},"image":{"@id":"https:\/\/ppdegalicia.com\/es\/defensa-dos-sectores-gandeiro-e-maritimo-pesqueiro-de-galicia\/#primaryimage"},"thumbnailUrl":"https:\/\/ppdegalicia.com\/wp-content\/uploads\/2023\/01\/28b420c71d5f39a6ed6f27f307d38ea2.jpg","articleSection":["Parlamento de Galicia","PP de Galicia"],"inLanguage":"es","potentialAction":[{"@type":"CommentAction","name":"Comment","target":["https:\/\/ppdegalicia.com\/es\/defensa-dos-sectores-gandeiro-e-maritimo-pesqueiro-de-galicia\/#respond"]}]},{"@type":"WebPage","@id":"https:\/\/ppdegalicia.com\/es\/defensa-dos-sectores-gandeiro-e-maritimo-pesqueiro-de-galicia\/","url":"https:\/\/ppdegalicia.com\/es\/defensa-dos-sectores-gandeiro-e-maritimo-pesqueiro-de-galicia\/","name":"Defensa dos sectores gandeiro e mar\u00edtimo-pesqueiro de Galicia - PP de Galicia","isPartOf":{"@id":"https:\/\/ppdegalicia.com\/es\/#website"},"primaryImageOfPage":{"@id":"https:\/\/ppdegalicia.com\/es\/defensa-dos-sectores-gandeiro-e-maritimo-pesqueiro-de-galicia\/#primaryimage"},"image":{"@id":"https:\/\/ppdegalicia.com\/es\/defensa-dos-sectores-gandeiro-e-maritimo-pesqueiro-de-galicia\/#primaryimage"},"thumbnailUrl":"https:\/\/ppdegalicia.com\/wp-content\/uploads\/2023\/01\/28b420c71d5f39a6ed6f27f307d38ea2.jpg","datePublished":"2023-01-17T09:28:22+00:00","breadcrumb":{"@id":"https:\/\/ppdegalicia.com\/es\/defensa-dos-sectores-gandeiro-e-maritimo-pesqueiro-de-galicia\/#breadcrumb"},"inLanguage":"es","potentialAction":[{"@type":"ReadAction","target":["https:\/\/ppdegalicia.com\/es\/defensa-dos-sectores-gandeiro-e-maritimo-pesqueiro-de-galicia\/"]}]},{"@type":"ImageObject","inLanguage":"es","@id":"https:\/\/ppdegalicia.com\/es\/defensa-dos-sectores-gandeiro-e-maritimo-pesqueiro-de-galicia\/#primaryimage","url":"https:\/\/ppdegalicia.com\/wp-content\/uploads\/2023\/01\/28b420c71d5f39a6ed6f27f307d38ea2.jpg","contentUrl":"https:\/\/ppdegalicia.com\/wp-content\/uploads\/2023\/01\/28b420c71d5f39a6ed6f27f307d38ea2.jpg","width":1024,"height":512},{"@type":"BreadcrumbList","@id":"https:\/\/ppdegalicia.com\/es\/defensa-dos-sectores-gandeiro-e-maritimo-pesqueiro-de-galicia\/#breadcrumb","itemListElement":[{"@type":"ListItem","position":1,"name":"Portada","item":"https:\/\/ppdegalicia.com\/es\/"},{"@type":"ListItem","position":2,"name":"Defensa dos sectores gandeiro e mar\u00edtimo-pesqueiro de Galicia"}]},{"@type":"WebSite","@id":"https:\/\/ppdegalicia.com\/es\/#website","url":"https:\/\/ppdegalicia.com\/es\/","name":"Partido Popular de Galicia","description":"Partido Popular de Galicia","publisher":{"@id":"https:\/\/ppdegalicia.com\/es\/#organization"},"alternateName":"PP de Galicia","potentialAction":[{"@type":"SearchAction","target":{"@type":"EntryPoint","urlTemplate":"https:\/\/ppdegalicia.com\/es\/?s={search_term_string}"},"query-input":{"@type":"PropertyValueSpecification","valueRequired":true,"valueName":"search_term_string"}}],"inLanguage":"es"},{"@type":"Organization","@id":"https:\/\/ppdegalicia.com\/es\/#organization","name":"Partido Popular de Galicia","alternateName":"PP de Galicia","url":"https:\/\/ppdegalicia.com\/es\/","logo":{"@type":"ImageObject","inLanguage":"es","@id":"https:\/\/ppdegalicia.com\/es\/#\/schema\/logo\/image\/","url":"https:\/\/ppdegalicia.com\/wp-content\/uploads\/2023\/04\/logoPP512.png","contentUrl":"https:\/\/ppdegalicia.com\/wp-content\/uploads\/2023\/04\/logoPP512.png","width":512,"height":512,"caption":"Partido Popular de Galicia"},"image":{"@id":"https:\/\/ppdegalicia.com\/es\/#\/schema\/logo\/image\/"},"sameAs":["https:\/\/www.instagram.com\/ppdegalicia\/","https:\/\/x.com\/ppdegalicia","https:\/\/www.tiktok.com\/@ppdegalicia","https:\/\/www.youtube.com\/user\/ppdegalicia"]},{"@type":"Person","@id":"https:\/\/ppdegalicia.com\/es\/#\/schema\/person\/5b822c6f59e872ebdd1142f307dbcb59","name":"ppdegaliciaredes","image":{"@type":"ImageObject","inLanguage":"es","@id":"https:\/\/secure.gravatar.com\/avatar\/3c9179cf0256d00c72a48d1f25783c58b6842cd56e85ef3a572881c8e28ccd59?s=96&d=mm&r=g","url":"https:\/\/secure.gravatar.com\/avatar\/3c9179cf0256d00c72a48d1f25783c58b6842cd56e85ef3a572881c8e28ccd59?s=96&d=mm&r=g","contentUrl":"https:\/\/secure.gravatar.com\/avatar\/3c9179cf0256d00c72a48d1f25783c58b6842cd56e85ef3a572881c8e28ccd59?s=96&d=mm&r=g","caption":"ppdegaliciaredes"},"url":"https:\/\/ppdegalicia.com\/es\/author\/ppdegaliciaredes\/"}]}},"_links":{"self":[{"href":"https:\/\/ppdegalicia.com\/es\/wp-json\/wp\/v2\/posts\/57836","targetHints":{"allow":["GET"]}}],"collection":[{"href":"https:\/\/ppdegalicia.com\/es\/wp-json\/wp\/v2\/posts"}],"about":[{"href":"https:\/\/ppdegalicia.com\/es\/wp-json\/wp\/v2\/types\/post"}],"author":[{"embeddable":true,"href":"https:\/\/ppdegalicia.com\/es\/wp-json\/wp\/v2\/users\/38"}],"replies":[{"embeddable":true,"href":"https:\/\/ppdegalicia.com\/es\/wp-json\/wp\/v2\/comments?post=57836"}],"version-history":[{"count":0,"href":"https:\/\/ppdegalicia.com\/es\/wp-json\/wp\/v2\/posts\/57836\/revisions"}],"wp:featuredmedia":[{"embeddable":true,"href":"https:\/\/ppdegalicia.com\/es\/wp-json\/wp\/v2\/media\/57835"}],"wp:attachment":[{"href":"https:\/\/ppdegalicia.com\/es\/wp-json\/wp\/v2\/media?parent=57836"}],"wp:term":[{"taxonomy":"category","embeddable":true,"href":"https:\/\/ppdegalicia.com\/es\/wp-json\/wp\/v2\/categories?post=57836"},{"taxonomy":"post_tag","embeddable":true,"href":"https:\/\/ppdegalicia.com\/es\/wp-json\/wp\/v2\/tags?post=57836"}],"curies":[{"name":"wp","href":"https:\/\/api.w.org\/{rel}","templated":true}]}}