{"id":57870,"date":"2023-01-31T18:13:59","date_gmt":"2023-01-31T16:13:59","guid":{"rendered":"https:\/\/ppdegalicia.com\/o-ppdeg-comprometese-a-aproveitar-desde-os-concellos-as-grandes-oportunidades-que-ofrece-europa-e-a-defender-as-necesidades-de-cada-territorio\/"},"modified":"2023-01-31T18:13:59","modified_gmt":"2023-01-31T16:13:59","slug":"o-ppdeg-comprometese-a-aproveitar-desde-os-concellos-as-grandes-oportunidades-que-ofrece-europa-e-a-defender-as-necesidades-de-cada-territorio","status":"publish","type":"post","link":"https:\/\/ppdegalicia.com\/es\/o-ppdeg-comprometese-a-aproveitar-desde-os-concellos-as-grandes-oportunidades-que-ofrece-europa-e-a-defender-as-necesidades-de-cada-territorio\/","title":{"rendered":"O PPdeG comprom\u00e9tese a aproveitar desde os concellos as grandes oportunidades que ofrece Europa e a defender as necesidades de cada territorio"},"content":{"rendered":"<p><img fetchpriority=\"high\" decoding=\"async\" class=\" size-full wp-image-57869\" src=\"https:\/\/ppdegalicia.com\/wp-content\/uploads\/2023\/01\/689a396e1c31d0c604ace4cc2bde13b0-scaled.jpg\" alt=\"\" width=\"2560\" height=\"1706\" srcset=\"https:\/\/ppdegalicia.com\/wp-content\/uploads\/2023\/01\/689a396e1c31d0c604ace4cc2bde13b0-scaled.jpg 2560w, https:\/\/ppdegalicia.com\/wp-content\/uploads\/2023\/01\/689a396e1c31d0c604ace4cc2bde13b0-300x200.jpg 300w, https:\/\/ppdegalicia.com\/wp-content\/uploads\/2023\/01\/689a396e1c31d0c604ace4cc2bde13b0-1024x683.jpg 1024w, https:\/\/ppdegalicia.com\/wp-content\/uploads\/2023\/01\/689a396e1c31d0c604ace4cc2bde13b0-768x512.jpg 768w, https:\/\/ppdegalicia.com\/wp-content\/uploads\/2023\/01\/689a396e1c31d0c604ace4cc2bde13b0-1536x1024.jpg 1536w, https:\/\/ppdegalicia.com\/wp-content\/uploads\/2023\/01\/689a396e1c31d0c604ace4cc2bde13b0-2048x1365.jpg 2048w\" sizes=\"(max-width: 2560px) 100vw, 2560px\" \/><\/p>\n<p>31 de xaneiro de 2023. O Partido Popular de Galicia comprom\u00e9tese a que, tanto desde os programas electorais como desde os concellos, seguir\u00e1 defendendo a importancia de formar parte da Uni\u00f3n Europea e aproveitar as grandes oportunidades que Europa ofrece \u201cpara crecer e seguir sumando\u201d e, ao mesmo tempo, defender as prioridades e necesidades de cada territorio.<\/p>\n<p><!--more--><\/p>\n<p>As\u00ed o manifestou esta ma\u00f1\u00e1 en Bruxelas a secretaria xeral do PPdeG, Paula Prado, durante a visita realizada \u00e1 sede do Parlamento Europeo acompa\u00f1ada por unha delegaci\u00f3n de m\u00e1is dunha vintena de representantes da formaci\u00f3n. A comitiva estaba composta por deputados nacionais e auton\u00f3micos, representantes municipais e membros das diferentes comisi\u00f3ns sectoriais do PPdeG.<\/p>\n<p>\u201cVimos a Bruxelas a interesarnos por decisi\u00f3ns que est\u00e1 a adoptar a Uni\u00f3n Europea sobre temas que afectan directamente a Galicia\u201d, indicou Paula Prado antes de citar cuesti\u00f3ns como o veto \u00e1 pesca de fondo, as axudas vinculadas \u00e1 PAC, o impulso do Corredor Atl\u00e1ntico Noroeste \u201cliderado por Alfonso Rueda xunto a outras comunidades aut\u00f3nomas\u201d ou a pol\u00edtica de protecci\u00f3n ao lobo que \u201ctanto est\u00e1 a prexudicar aos gandeiros galegos\u201d.<\/p>\n<p>\u201cO que queremos \u00e9 que se escoiten as nosas reivindicaci\u00f3ns e ao mesmo tempo po\u00f1er de manifesto as oportunidades que nos ofrece Europa. Porque somos un partido europe\u00edsta que defende a Uni\u00f3n Europea, pero tam\u00e9n queremos que a Uni\u00f3n Europea sexa consciente da realidade de Galicia e visualice como afectan as s\u00faas decisi\u00f3ns ao noso territorio\u201d, engadiu neste sentido.<\/p>\n<p>En declaraci\u00f3ns aos medios tras reunirse coa portavoz do Partido Popular no Parlamento Europeo, Dolors Montserrat, e co eurodeputado galego Francisco Mill\u00e1n Mon, a secretaria xeral do PPdeG quixo facer referencia ao veto \u00e1 pesca de fondo insistindo en que \u201c\u00e9 unha decisi\u00f3n errada que est\u00e1 a prexudicar a moitas familias que viven deste tipo de pesca que non afecta en absoluto nin ao medio ambiente nin ao fondo mari\u00f1o\u201d.<\/p>\n<p>Reivindicou neste sentido a importancia de adoptar decisi\u00f3ns \u201ccon seriedade, con rigor, e cos informes na man\u201d en contraposici\u00f3n \u00e1 \u201cfilosof\u00eda ecoloxista radical\u201d doutras formaci\u00f3ns e que, en opini\u00f3n de Paula Prado, nada ten que ver coa realidade galega.<\/p>\n<p>A secretaria xeral dos populares galegos non dubidou en criticar ademais a mala xesti\u00f3n dos fondos europeos que est\u00e1 a levar a cabo o Goberno de Pedro S\u00e1nchez: \u201cNon est\u00e1n a chegar realmente ao territorio\u201d. Motivo polo cal pediu \u00e1 Uni\u00f3n Europea unha actitude \u201cvixiante\u201d como a que o PPdeG mant\u00e9n desde o Parlamento e desde as Cortes Xerais, xa que eses fondos \u201cson fundamentais para a implantaci\u00f3n de empresas, a xeraci\u00f3n de emprego e a fixaci\u00f3n de poboaci\u00f3n no rural\u201d.<\/p>\n<p>\u00a0<\/p>\n<p><strong>MILL\u00c1N MON: \u201cGALICIA \u00c9 A PRIMEIRA REXI\u00d3N PESQUEIRA DE EUROPA\u201d<\/strong><\/p>\n<p>Pola s\u00faa banda, o eurodeputado galego do Partido Popular, Francisco Mill\u00e1n Mon, subli\u00f1ou a importancia da Uni\u00f3n Europea para Galicia, desde a adhesi\u00f3n de Espa\u00f1a fai xa case catro d\u00e9cadas: \u201cAdemais dos Fondos Europeos que facilitaron nas \u00faltimas d\u00e9cadas a econom\u00eda galega, os sectores m\u00e1is relevantes de Galicia est\u00e1n fortemente influenciados pola lexislaci\u00f3n e as pol\u00edticas europeas\u201d.<\/p>\n<p>Facendo referencia ao futuro da pesca en Europa tras as medidas adoptadas pola Comisi\u00f3n Europea nesta materia, reivindicou que Galicia \u00e9 a primeira rexi\u00f3n pesqueira de Europa. \u201cA cadea mar-industria \u00e9 un actor fundamental na econom\u00eda galega. A pesca desempe\u00f1a un papel crucial nas comunidades costeiras do continente europeo e \u00e9 un actor crave na produci\u00f3n de prote\u00edna animal da m\u00e1is alta calidade e coa menor pegada de carbono\u201d, engadiu.<\/p>\n<p>O eurodeputado galego \u2014e presidente do Intergrupo Patrimonio cultural europeo, Cami\u00f1o de Santiago e outros roteiros culturais europeas\u2014 tam\u00e9n destacou a importancia da contribuci\u00f3n dos Cami\u00f1os de Santiago para o xurdimento dunha identidade europea e a formaci\u00f3n dunha cultura europea com\u00fan, por encima dos l\u00edmites rexionais e nacionais. \u201cOs Cami\u00f1os constit\u00faen o primeiro Roteiro Cultural Europea desde 1987. As\u00ed o reco\u00f1eceu o Consello de Europa. Este reco\u00f1ecemento \u00e9 testemu\u00f1o do estreito v\u00ednculo do Cami\u00f1o e a integraci\u00f3n europea\u201d, sinalou.<\/p>\n<p>\u00a0<\/p>\n<p><strong>XORNADA DE ENCONTROS SECTORIAIS<\/strong><\/p>\n<p>Ao longo da xornada desta ma\u00f1\u00e1, os representantes das comisi\u00f3ns sectoriais do PPdeG tiveron a oportunidade de reunirse con pol\u00edticos comunitarios para abordar asuntos en materia de pesca, asuntos exteriores, fondos europeos, econom\u00eda, industria, infraestruturas, transportes, medio rural e medio ambiente.<\/p>\n<p>Concretamente foron recibidos pola vicepresidenta da Comisi\u00f3n de Desenvolvemento Rexional, Isabel Benjumea; pola presidenta da Delegaci\u00f3n para as Relaci\u00f3ns cos Pa\u00edses da Comunidade Andina e membro da Comisi\u00f3n de Industria, Enerx\u00eda e Telecomunicaci\u00f3ns, Pilar del Castillo; por Pablo Arias, membro da Comisi\u00f3n de Mercado Interior e Protecci\u00f3n do Consumidor; e por Juan Ignacio Zoido, membro da Comisi\u00f3n de Comercio Internacional e da Comisi\u00f3n de Agricultura e Desenvolvemento Rural.<\/p>\n<p>Pola tarde, a delegaci\u00f3n do PPdeG realizar\u00e1 unha visita \u00e1 Oficina da Fundaci\u00f3n Galicia Europa en Bruxelas, onde os representantes galegos do Partido Popular ter\u00e1n a oportunidade de co\u00f1ecer en profundidade o labor desta organizaci\u00f3n.<\/p>\n","protected":false},"excerpt":{"rendered":"<p>31 de xaneiro de 2023. O Partido Popular de Galicia comprom\u00e9tese a que, tanto desde os programas electorais como desde os concellos, seguir\u00e1 defendendo a importancia de formar parte da Uni\u00f3n Europea e aproveitar as grandes oportunidades que Europa ofrece \u201cpara crecer e seguir sumando\u201d e, ao mesmo tempo, defender as prioridades e necesidades de [&hellip;]<\/p>\n","protected":false},"author":38,"featured_media":57869,"comment_status":"open","ping_status":"open","sticky":false,"template":"","format":"standard","meta":{"_acf_changed":false,"footnotes":""},"categories":[1],"tags":[],"class_list":["post-57870","post","type-post","status-publish","format-standard","has-post-thumbnail","hentry","category-pp-de-galicia"],"acf":[],"yoast_head":"<!-- This site is optimized with the Yoast SEO plugin v27.3 - https:\/\/yoast.com\/product\/yoast-seo-wordpress\/ -->\n<title>O PPdeG comprom\u00e9tese a aproveitar desde os concellos as grandes oportunidades que ofrece Europa e a defender as necesidades de cada territorio - PP de Galicia<\/title>\n<meta name=\"robots\" content=\"index, follow, max-snippet:-1, max-image-preview:large, max-video-preview:-1\" \/>\n<link rel=\"canonical\" href=\"https:\/\/ppdegalicia.com\/es\/o-ppdeg-comprometese-a-aproveitar-desde-os-concellos-as-grandes-oportunidades-que-ofrece-europa-e-a-defender-as-necesidades-de-cada-territorio\/\" \/>\n<meta property=\"og:locale\" content=\"es_ES\" \/>\n<meta property=\"og:type\" content=\"article\" \/>\n<meta property=\"og:title\" content=\"O PPdeG comprom\u00e9tese a aproveitar desde os concellos as grandes oportunidades que ofrece Europa e a defender as necesidades de cada territorio - PP de Galicia\" \/>\n<meta property=\"og:description\" content=\"31 de xaneiro de 2023. O Partido Popular de Galicia comprom\u00e9tese a que, tanto desde os programas electorais como desde os concellos, seguir\u00e1 defendendo a importancia de formar parte da Uni\u00f3n Europea e aproveitar as grandes oportunidades que Europa ofrece \u201cpara crecer e seguir sumando\u201d e, ao mesmo tempo, defender as prioridades e necesidades de [&hellip;]\" \/>\n<meta property=\"og:url\" content=\"https:\/\/ppdegalicia.com\/es\/o-ppdeg-comprometese-a-aproveitar-desde-os-concellos-as-grandes-oportunidades-que-ofrece-europa-e-a-defender-as-necesidades-de-cada-territorio\/\" \/>\n<meta property=\"og:site_name\" content=\"PP de Galicia\" \/>\n<meta property=\"article:publisher\" content=\"https:\/\/www.instagram.com\/ppdegalicia\/\" \/>\n<meta property=\"article:published_time\" content=\"2023-01-31T16:13:59+00:00\" \/>\n<meta property=\"og:image\" content=\"https:\/\/ppdegalicia.com\/wp-content\/uploads\/2023\/01\/689a396e1c31d0c604ace4cc2bde13b0-scaled.jpg\" \/>\n\t<meta property=\"og:image:width\" content=\"2560\" \/>\n\t<meta property=\"og:image:height\" content=\"1706\" \/>\n\t<meta property=\"og:image:type\" content=\"image\/jpeg\" \/>\n<meta name=\"author\" content=\"ppdegaliciaredes\" \/>\n<meta name=\"twitter:card\" content=\"summary_large_image\" \/>\n<meta name=\"twitter:creator\" content=\"@ppdegalicia\" \/>\n<meta name=\"twitter:site\" content=\"@ppdegalicia\" \/>\n<meta name=\"twitter:label1\" content=\"Escrito por\" \/>\n\t<meta name=\"twitter:data1\" content=\"ppdegaliciaredes\" \/>\n\t<meta name=\"twitter:label2\" content=\"Tiempo de lectura\" \/>\n\t<meta name=\"twitter:data2\" content=\"4 minutos\" \/>\n<script type=\"application\/ld+json\" class=\"yoast-schema-graph\">{\"@context\":\"https:\\\/\\\/schema.org\",\"@graph\":[{\"@type\":\"Article\",\"@id\":\"https:\\\/\\\/ppdegalicia.com\\\/es\\\/o-ppdeg-comprometese-a-aproveitar-desde-os-concellos-as-grandes-oportunidades-que-ofrece-europa-e-a-defender-as-necesidades-de-cada-territorio\\\/#article\",\"isPartOf\":{\"@id\":\"https:\\\/\\\/ppdegalicia.com\\\/es\\\/o-ppdeg-comprometese-a-aproveitar-desde-os-concellos-as-grandes-oportunidades-que-ofrece-europa-e-a-defender-as-necesidades-de-cada-territorio\\\/\"},\"author\":{\"name\":\"ppdegaliciaredes\",\"@id\":\"https:\\\/\\\/ppdegalicia.com\\\/es\\\/#\\\/schema\\\/person\\\/5b822c6f59e872ebdd1142f307dbcb59\"},\"headline\":\"O PPdeG comprom\u00e9tese a aproveitar desde os concellos as grandes oportunidades que ofrece Europa e a defender as necesidades de cada territorio\",\"datePublished\":\"2023-01-31T16:13:59+00:00\",\"mainEntityOfPage\":{\"@id\":\"https:\\\/\\\/ppdegalicia.com\\\/es\\\/o-ppdeg-comprometese-a-aproveitar-desde-os-concellos-as-grandes-oportunidades-que-ofrece-europa-e-a-defender-as-necesidades-de-cada-territorio\\\/\"},\"wordCount\":897,\"commentCount\":0,\"publisher\":{\"@id\":\"https:\\\/\\\/ppdegalicia.com\\\/es\\\/#organization\"},\"image\":{\"@id\":\"https:\\\/\\\/ppdegalicia.com\\\/es\\\/o-ppdeg-comprometese-a-aproveitar-desde-os-concellos-as-grandes-oportunidades-que-ofrece-europa-e-a-defender-as-necesidades-de-cada-territorio\\\/#primaryimage\"},\"thumbnailUrl\":\"https:\\\/\\\/ppdegalicia.com\\\/wp-content\\\/uploads\\\/2023\\\/01\\\/689a396e1c31d0c604ace4cc2bde13b0-scaled.jpg\",\"articleSection\":[\"PP de Galicia\"],\"inLanguage\":\"es\",\"potentialAction\":[{\"@type\":\"CommentAction\",\"name\":\"Comment\",\"target\":[\"https:\\\/\\\/ppdegalicia.com\\\/es\\\/o-ppdeg-comprometese-a-aproveitar-desde-os-concellos-as-grandes-oportunidades-que-ofrece-europa-e-a-defender-as-necesidades-de-cada-territorio\\\/#respond\"]}]},{\"@type\":\"WebPage\",\"@id\":\"https:\\\/\\\/ppdegalicia.com\\\/es\\\/o-ppdeg-comprometese-a-aproveitar-desde-os-concellos-as-grandes-oportunidades-que-ofrece-europa-e-a-defender-as-necesidades-de-cada-territorio\\\/\",\"url\":\"https:\\\/\\\/ppdegalicia.com\\\/es\\\/o-ppdeg-comprometese-a-aproveitar-desde-os-concellos-as-grandes-oportunidades-que-ofrece-europa-e-a-defender-as-necesidades-de-cada-territorio\\\/\",\"name\":\"O PPdeG comprom\u00e9tese a aproveitar desde os concellos as grandes oportunidades que ofrece Europa e a defender as necesidades de cada territorio - PP de Galicia\",\"isPartOf\":{\"@id\":\"https:\\\/\\\/ppdegalicia.com\\\/es\\\/#website\"},\"primaryImageOfPage\":{\"@id\":\"https:\\\/\\\/ppdegalicia.com\\\/es\\\/o-ppdeg-comprometese-a-aproveitar-desde-os-concellos-as-grandes-oportunidades-que-ofrece-europa-e-a-defender-as-necesidades-de-cada-territorio\\\/#primaryimage\"},\"image\":{\"@id\":\"https:\\\/\\\/ppdegalicia.com\\\/es\\\/o-ppdeg-comprometese-a-aproveitar-desde-os-concellos-as-grandes-oportunidades-que-ofrece-europa-e-a-defender-as-necesidades-de-cada-territorio\\\/#primaryimage\"},\"thumbnailUrl\":\"https:\\\/\\\/ppdegalicia.com\\\/wp-content\\\/uploads\\\/2023\\\/01\\\/689a396e1c31d0c604ace4cc2bde13b0-scaled.jpg\",\"datePublished\":\"2023-01-31T16:13:59+00:00\",\"breadcrumb\":{\"@id\":\"https:\\\/\\\/ppdegalicia.com\\\/es\\\/o-ppdeg-comprometese-a-aproveitar-desde-os-concellos-as-grandes-oportunidades-que-ofrece-europa-e-a-defender-as-necesidades-de-cada-territorio\\\/#breadcrumb\"},\"inLanguage\":\"es\",\"potentialAction\":[{\"@type\":\"ReadAction\",\"target\":[\"https:\\\/\\\/ppdegalicia.com\\\/es\\\/o-ppdeg-comprometese-a-aproveitar-desde-os-concellos-as-grandes-oportunidades-que-ofrece-europa-e-a-defender-as-necesidades-de-cada-territorio\\\/\"]}]},{\"@type\":\"ImageObject\",\"inLanguage\":\"es\",\"@id\":\"https:\\\/\\\/ppdegalicia.com\\\/es\\\/o-ppdeg-comprometese-a-aproveitar-desde-os-concellos-as-grandes-oportunidades-que-ofrece-europa-e-a-defender-as-necesidades-de-cada-territorio\\\/#primaryimage\",\"url\":\"https:\\\/\\\/ppdegalicia.com\\\/wp-content\\\/uploads\\\/2023\\\/01\\\/689a396e1c31d0c604ace4cc2bde13b0-scaled.jpg\",\"contentUrl\":\"https:\\\/\\\/ppdegalicia.com\\\/wp-content\\\/uploads\\\/2023\\\/01\\\/689a396e1c31d0c604ace4cc2bde13b0-scaled.jpg\",\"width\":2560,\"height\":1706},{\"@type\":\"BreadcrumbList\",\"@id\":\"https:\\\/\\\/ppdegalicia.com\\\/es\\\/o-ppdeg-comprometese-a-aproveitar-desde-os-concellos-as-grandes-oportunidades-que-ofrece-europa-e-a-defender-as-necesidades-de-cada-territorio\\\/#breadcrumb\",\"itemListElement\":[{\"@type\":\"ListItem\",\"position\":1,\"name\":\"Portada\",\"item\":\"https:\\\/\\\/ppdegalicia.com\\\/es\\\/\"},{\"@type\":\"ListItem\",\"position\":2,\"name\":\"O PPdeG comprom\u00e9tese a aproveitar desde os concellos as grandes oportunidades que ofrece Europa e a defender as necesidades de cada territorio\"}]},{\"@type\":\"WebSite\",\"@id\":\"https:\\\/\\\/ppdegalicia.com\\\/es\\\/#website\",\"url\":\"https:\\\/\\\/ppdegalicia.com\\\/es\\\/\",\"name\":\"Partido Popular de Galicia\",\"description\":\"Partido Popular de Galicia\",\"publisher\":{\"@id\":\"https:\\\/\\\/ppdegalicia.com\\\/es\\\/#organization\"},\"alternateName\":\"PP de Galicia\",\"potentialAction\":[{\"@type\":\"SearchAction\",\"target\":{\"@type\":\"EntryPoint\",\"urlTemplate\":\"https:\\\/\\\/ppdegalicia.com\\\/es\\\/?s={search_term_string}\"},\"query-input\":{\"@type\":\"PropertyValueSpecification\",\"valueRequired\":true,\"valueName\":\"search_term_string\"}}],\"inLanguage\":\"es\"},{\"@type\":\"Organization\",\"@id\":\"https:\\\/\\\/ppdegalicia.com\\\/es\\\/#organization\",\"name\":\"Partido Popular de Galicia\",\"alternateName\":\"PP de Galicia\",\"url\":\"https:\\\/\\\/ppdegalicia.com\\\/es\\\/\",\"logo\":{\"@type\":\"ImageObject\",\"inLanguage\":\"es\",\"@id\":\"https:\\\/\\\/ppdegalicia.com\\\/es\\\/#\\\/schema\\\/logo\\\/image\\\/\",\"url\":\"https:\\\/\\\/ppdegalicia.com\\\/wp-content\\\/uploads\\\/2023\\\/04\\\/logoPP512.png\",\"contentUrl\":\"https:\\\/\\\/ppdegalicia.com\\\/wp-content\\\/uploads\\\/2023\\\/04\\\/logoPP512.png\",\"width\":512,\"height\":512,\"caption\":\"Partido Popular de Galicia\"},\"image\":{\"@id\":\"https:\\\/\\\/ppdegalicia.com\\\/es\\\/#\\\/schema\\\/logo\\\/image\\\/\"},\"sameAs\":[\"https:\\\/\\\/www.instagram.com\\\/ppdegalicia\\\/\",\"https:\\\/\\\/x.com\\\/ppdegalicia\",\"https:\\\/\\\/www.tiktok.com\\\/@ppdegalicia\",\"https:\\\/\\\/www.youtube.com\\\/user\\\/ppdegalicia\"]},{\"@type\":\"Person\",\"@id\":\"https:\\\/\\\/ppdegalicia.com\\\/es\\\/#\\\/schema\\\/person\\\/5b822c6f59e872ebdd1142f307dbcb59\",\"name\":\"ppdegaliciaredes\",\"image\":{\"@type\":\"ImageObject\",\"inLanguage\":\"es\",\"@id\":\"https:\\\/\\\/secure.gravatar.com\\\/avatar\\\/3c9179cf0256d00c72a48d1f25783c58b6842cd56e85ef3a572881c8e28ccd59?s=96&d=mm&r=g\",\"url\":\"https:\\\/\\\/secure.gravatar.com\\\/avatar\\\/3c9179cf0256d00c72a48d1f25783c58b6842cd56e85ef3a572881c8e28ccd59?s=96&d=mm&r=g\",\"contentUrl\":\"https:\\\/\\\/secure.gravatar.com\\\/avatar\\\/3c9179cf0256d00c72a48d1f25783c58b6842cd56e85ef3a572881c8e28ccd59?s=96&d=mm&r=g\",\"caption\":\"ppdegaliciaredes\"},\"url\":\"https:\\\/\\\/ppdegalicia.com\\\/es\\\/author\\\/ppdegaliciaredes\\\/\"}]}<\/script>\n<!-- \/ Yoast SEO plugin. -->","yoast_head_json":{"title":"O PPdeG comprom\u00e9tese a aproveitar desde os concellos as grandes oportunidades que ofrece Europa e a defender as necesidades de cada territorio - PP de Galicia","robots":{"index":"index","follow":"follow","max-snippet":"max-snippet:-1","max-image-preview":"max-image-preview:large","max-video-preview":"max-video-preview:-1"},"canonical":"https:\/\/ppdegalicia.com\/es\/o-ppdeg-comprometese-a-aproveitar-desde-os-concellos-as-grandes-oportunidades-que-ofrece-europa-e-a-defender-as-necesidades-de-cada-territorio\/","og_locale":"es_ES","og_type":"article","og_title":"O PPdeG comprom\u00e9tese a aproveitar desde os concellos as grandes oportunidades que ofrece Europa e a defender as necesidades de cada territorio - PP de Galicia","og_description":"31 de xaneiro de 2023. O Partido Popular de Galicia comprom\u00e9tese a que, tanto desde os programas electorais como desde os concellos, seguir\u00e1 defendendo a importancia de formar parte da Uni\u00f3n Europea e aproveitar as grandes oportunidades que Europa ofrece \u201cpara crecer e seguir sumando\u201d e, ao mesmo tempo, defender as prioridades e necesidades de [&hellip;]","og_url":"https:\/\/ppdegalicia.com\/es\/o-ppdeg-comprometese-a-aproveitar-desde-os-concellos-as-grandes-oportunidades-que-ofrece-europa-e-a-defender-as-necesidades-de-cada-territorio\/","og_site_name":"PP de Galicia","article_publisher":"https:\/\/www.instagram.com\/ppdegalicia\/","article_published_time":"2023-01-31T16:13:59+00:00","og_image":[{"width":2560,"height":1706,"url":"https:\/\/ppdegalicia.com\/wp-content\/uploads\/2023\/01\/689a396e1c31d0c604ace4cc2bde13b0-scaled.jpg","type":"image\/jpeg"}],"author":"ppdegaliciaredes","twitter_card":"summary_large_image","twitter_creator":"@ppdegalicia","twitter_site":"@ppdegalicia","twitter_misc":{"Escrito por":"ppdegaliciaredes","Tiempo de lectura":"4 minutos"},"schema":{"@context":"https:\/\/schema.org","@graph":[{"@type":"Article","@id":"https:\/\/ppdegalicia.com\/es\/o-ppdeg-comprometese-a-aproveitar-desde-os-concellos-as-grandes-oportunidades-que-ofrece-europa-e-a-defender-as-necesidades-de-cada-territorio\/#article","isPartOf":{"@id":"https:\/\/ppdegalicia.com\/es\/o-ppdeg-comprometese-a-aproveitar-desde-os-concellos-as-grandes-oportunidades-que-ofrece-europa-e-a-defender-as-necesidades-de-cada-territorio\/"},"author":{"name":"ppdegaliciaredes","@id":"https:\/\/ppdegalicia.com\/es\/#\/schema\/person\/5b822c6f59e872ebdd1142f307dbcb59"},"headline":"O PPdeG comprom\u00e9tese a aproveitar desde os concellos as grandes oportunidades que ofrece Europa e a defender as necesidades de cada territorio","datePublished":"2023-01-31T16:13:59+00:00","mainEntityOfPage":{"@id":"https:\/\/ppdegalicia.com\/es\/o-ppdeg-comprometese-a-aproveitar-desde-os-concellos-as-grandes-oportunidades-que-ofrece-europa-e-a-defender-as-necesidades-de-cada-territorio\/"},"wordCount":897,"commentCount":0,"publisher":{"@id":"https:\/\/ppdegalicia.com\/es\/#organization"},"image":{"@id":"https:\/\/ppdegalicia.com\/es\/o-ppdeg-comprometese-a-aproveitar-desde-os-concellos-as-grandes-oportunidades-que-ofrece-europa-e-a-defender-as-necesidades-de-cada-territorio\/#primaryimage"},"thumbnailUrl":"https:\/\/ppdegalicia.com\/wp-content\/uploads\/2023\/01\/689a396e1c31d0c604ace4cc2bde13b0-scaled.jpg","articleSection":["PP de Galicia"],"inLanguage":"es","potentialAction":[{"@type":"CommentAction","name":"Comment","target":["https:\/\/ppdegalicia.com\/es\/o-ppdeg-comprometese-a-aproveitar-desde-os-concellos-as-grandes-oportunidades-que-ofrece-europa-e-a-defender-as-necesidades-de-cada-territorio\/#respond"]}]},{"@type":"WebPage","@id":"https:\/\/ppdegalicia.com\/es\/o-ppdeg-comprometese-a-aproveitar-desde-os-concellos-as-grandes-oportunidades-que-ofrece-europa-e-a-defender-as-necesidades-de-cada-territorio\/","url":"https:\/\/ppdegalicia.com\/es\/o-ppdeg-comprometese-a-aproveitar-desde-os-concellos-as-grandes-oportunidades-que-ofrece-europa-e-a-defender-as-necesidades-de-cada-territorio\/","name":"O PPdeG comprom\u00e9tese a aproveitar desde os concellos as grandes oportunidades que ofrece Europa e a defender as necesidades de cada territorio - PP de Galicia","isPartOf":{"@id":"https:\/\/ppdegalicia.com\/es\/#website"},"primaryImageOfPage":{"@id":"https:\/\/ppdegalicia.com\/es\/o-ppdeg-comprometese-a-aproveitar-desde-os-concellos-as-grandes-oportunidades-que-ofrece-europa-e-a-defender-as-necesidades-de-cada-territorio\/#primaryimage"},"image":{"@id":"https:\/\/ppdegalicia.com\/es\/o-ppdeg-comprometese-a-aproveitar-desde-os-concellos-as-grandes-oportunidades-que-ofrece-europa-e-a-defender-as-necesidades-de-cada-territorio\/#primaryimage"},"thumbnailUrl":"https:\/\/ppdegalicia.com\/wp-content\/uploads\/2023\/01\/689a396e1c31d0c604ace4cc2bde13b0-scaled.jpg","datePublished":"2023-01-31T16:13:59+00:00","breadcrumb":{"@id":"https:\/\/ppdegalicia.com\/es\/o-ppdeg-comprometese-a-aproveitar-desde-os-concellos-as-grandes-oportunidades-que-ofrece-europa-e-a-defender-as-necesidades-de-cada-territorio\/#breadcrumb"},"inLanguage":"es","potentialAction":[{"@type":"ReadAction","target":["https:\/\/ppdegalicia.com\/es\/o-ppdeg-comprometese-a-aproveitar-desde-os-concellos-as-grandes-oportunidades-que-ofrece-europa-e-a-defender-as-necesidades-de-cada-territorio\/"]}]},{"@type":"ImageObject","inLanguage":"es","@id":"https:\/\/ppdegalicia.com\/es\/o-ppdeg-comprometese-a-aproveitar-desde-os-concellos-as-grandes-oportunidades-que-ofrece-europa-e-a-defender-as-necesidades-de-cada-territorio\/#primaryimage","url":"https:\/\/ppdegalicia.com\/wp-content\/uploads\/2023\/01\/689a396e1c31d0c604ace4cc2bde13b0-scaled.jpg","contentUrl":"https:\/\/ppdegalicia.com\/wp-content\/uploads\/2023\/01\/689a396e1c31d0c604ace4cc2bde13b0-scaled.jpg","width":2560,"height":1706},{"@type":"BreadcrumbList","@id":"https:\/\/ppdegalicia.com\/es\/o-ppdeg-comprometese-a-aproveitar-desde-os-concellos-as-grandes-oportunidades-que-ofrece-europa-e-a-defender-as-necesidades-de-cada-territorio\/#breadcrumb","itemListElement":[{"@type":"ListItem","position":1,"name":"Portada","item":"https:\/\/ppdegalicia.com\/es\/"},{"@type":"ListItem","position":2,"name":"O PPdeG comprom\u00e9tese a aproveitar desde os concellos as grandes oportunidades que ofrece Europa e a defender as necesidades de cada territorio"}]},{"@type":"WebSite","@id":"https:\/\/ppdegalicia.com\/es\/#website","url":"https:\/\/ppdegalicia.com\/es\/","name":"Partido Popular de Galicia","description":"Partido Popular de Galicia","publisher":{"@id":"https:\/\/ppdegalicia.com\/es\/#organization"},"alternateName":"PP de Galicia","potentialAction":[{"@type":"SearchAction","target":{"@type":"EntryPoint","urlTemplate":"https:\/\/ppdegalicia.com\/es\/?s={search_term_string}"},"query-input":{"@type":"PropertyValueSpecification","valueRequired":true,"valueName":"search_term_string"}}],"inLanguage":"es"},{"@type":"Organization","@id":"https:\/\/ppdegalicia.com\/es\/#organization","name":"Partido Popular de Galicia","alternateName":"PP de Galicia","url":"https:\/\/ppdegalicia.com\/es\/","logo":{"@type":"ImageObject","inLanguage":"es","@id":"https:\/\/ppdegalicia.com\/es\/#\/schema\/logo\/image\/","url":"https:\/\/ppdegalicia.com\/wp-content\/uploads\/2023\/04\/logoPP512.png","contentUrl":"https:\/\/ppdegalicia.com\/wp-content\/uploads\/2023\/04\/logoPP512.png","width":512,"height":512,"caption":"Partido Popular de Galicia"},"image":{"@id":"https:\/\/ppdegalicia.com\/es\/#\/schema\/logo\/image\/"},"sameAs":["https:\/\/www.instagram.com\/ppdegalicia\/","https:\/\/x.com\/ppdegalicia","https:\/\/www.tiktok.com\/@ppdegalicia","https:\/\/www.youtube.com\/user\/ppdegalicia"]},{"@type":"Person","@id":"https:\/\/ppdegalicia.com\/es\/#\/schema\/person\/5b822c6f59e872ebdd1142f307dbcb59","name":"ppdegaliciaredes","image":{"@type":"ImageObject","inLanguage":"es","@id":"https:\/\/secure.gravatar.com\/avatar\/3c9179cf0256d00c72a48d1f25783c58b6842cd56e85ef3a572881c8e28ccd59?s=96&d=mm&r=g","url":"https:\/\/secure.gravatar.com\/avatar\/3c9179cf0256d00c72a48d1f25783c58b6842cd56e85ef3a572881c8e28ccd59?s=96&d=mm&r=g","contentUrl":"https:\/\/secure.gravatar.com\/avatar\/3c9179cf0256d00c72a48d1f25783c58b6842cd56e85ef3a572881c8e28ccd59?s=96&d=mm&r=g","caption":"ppdegaliciaredes"},"url":"https:\/\/ppdegalicia.com\/es\/author\/ppdegaliciaredes\/"}]}},"_links":{"self":[{"href":"https:\/\/ppdegalicia.com\/es\/wp-json\/wp\/v2\/posts\/57870","targetHints":{"allow":["GET"]}}],"collection":[{"href":"https:\/\/ppdegalicia.com\/es\/wp-json\/wp\/v2\/posts"}],"about":[{"href":"https:\/\/ppdegalicia.com\/es\/wp-json\/wp\/v2\/types\/post"}],"author":[{"embeddable":true,"href":"https:\/\/ppdegalicia.com\/es\/wp-json\/wp\/v2\/users\/38"}],"replies":[{"embeddable":true,"href":"https:\/\/ppdegalicia.com\/es\/wp-json\/wp\/v2\/comments?post=57870"}],"version-history":[{"count":0,"href":"https:\/\/ppdegalicia.com\/es\/wp-json\/wp\/v2\/posts\/57870\/revisions"}],"wp:featuredmedia":[{"embeddable":true,"href":"https:\/\/ppdegalicia.com\/es\/wp-json\/wp\/v2\/media\/57869"}],"wp:attachment":[{"href":"https:\/\/ppdegalicia.com\/es\/wp-json\/wp\/v2\/media?parent=57870"}],"wp:term":[{"taxonomy":"category","embeddable":true,"href":"https:\/\/ppdegalicia.com\/es\/wp-json\/wp\/v2\/categories?post=57870"},{"taxonomy":"post_tag","embeddable":true,"href":"https:\/\/ppdegalicia.com\/es\/wp-json\/wp\/v2\/tags?post=57870"}],"curies":[{"name":"wp","href":"https:\/\/api.w.org\/{rel}","templated":true}]}}