{"id":57900,"date":"2023-02-08T11:27:18","date_gmt":"2023-02-08T09:27:18","guid":{"rendered":"https:\/\/ppdegalicia.com\/o-parlamento-demanda-ao-goberno-de-espana-que-modifique-a-lexislacion-para-que-os-medicos-de-familia-e-pediatras-de-atencion-primaria-poidan-acollerse-a-xubilacion-activa-ata-os-72-anos\/"},"modified":"2023-02-08T11:27:18","modified_gmt":"2023-02-08T09:27:18","slug":"o-parlamento-demanda-ao-goberno-de-espana-que-modifique-a-lexislacion-para-que-os-medicos-de-familia-e-pediatras-de-atencion-primaria-poidan-acollerse-a-xubilacion-activa-ata-os-72-anos","status":"publish","type":"post","link":"https:\/\/ppdegalicia.com\/es\/o-parlamento-demanda-ao-goberno-de-espana-que-modifique-a-lexislacion-para-que-os-medicos-de-familia-e-pediatras-de-atencion-primaria-poidan-acollerse-a-xubilacion-activa-ata-os-72-anos\/","title":{"rendered":"O Parlamento demanda ao Goberno de Espa\u00f1a que modifique a lexislaci\u00f3n para que os m\u00e9dicos de familia e pediatras de atenci\u00f3n primaria poidan acollerse \u00e1 xubilaci\u00f3n activa ata os 72 anos"},"content":{"rendered":"<p><img fetchpriority=\"high\" decoding=\"async\" class=\" size-full wp-image-57899\" src=\"https:\/\/ppdegalicia.com\/wp-content\/uploads\/2023\/02\/0d1291e1fa606a9ef80357e3314358bb.jpg\" alt=\"\" width=\"1900\" height=\"1267\" srcset=\"https:\/\/ppdegalicia.com\/wp-content\/uploads\/2023\/02\/0d1291e1fa606a9ef80357e3314358bb.jpg 1900w, https:\/\/ppdegalicia.com\/wp-content\/uploads\/2023\/02\/0d1291e1fa606a9ef80357e3314358bb-300x200.jpg 300w, https:\/\/ppdegalicia.com\/wp-content\/uploads\/2023\/02\/0d1291e1fa606a9ef80357e3314358bb-1024x683.jpg 1024w, https:\/\/ppdegalicia.com\/wp-content\/uploads\/2023\/02\/0d1291e1fa606a9ef80357e3314358bb-768x512.jpg 768w, https:\/\/ppdegalicia.com\/wp-content\/uploads\/2023\/02\/0d1291e1fa606a9ef80357e3314358bb-1536x1024.jpg 1536w\" sizes=\"(max-width: 1900px) 100vw, 1900px\" \/><\/p>\n<p>8 de febreiro de 2023. O Pleno do Parlamento de Galicia aprobou hoxe a proposici\u00f3n non de lei do Grupo Popular a trav\u00e9s da que se demanda ao Goberno de Espa\u00f1a o impulso das modificaci\u00f3ns legais oportunas para permitir que o novo r\u00e9xime de xubilaci\u00f3n activa mellorada pera m\u00e9dicos de familia e pediatras de atenci\u00f3n primaria poida aplicarse a estes profesionais ata os 72 anos de idade.<\/p>\n<p><!--more--><\/p>\n<p>\u201cTr\u00e1tase dunha medida transitoria e excepcional que nos permitir\u00eda ganar tempo para formar a m\u00e1is m\u00e9dicos e ver se mentres tanto o Ministerio de Sanidade act\u00faa decididamente e toma as medidas necesarias para solucionar un problema estatal\u201d, manifestou a portavoz popular de Sanidade, Encarna Amigo.<\/p>\n<p>\u00a0<\/p>\n<p>Na s\u00faa intervenci\u00f3n, Encarna Amigo salientou que \u201cen Galicia xa temos comprobada a eficacia e utilidade da prolongaci\u00f3n do servizo activo dos m\u00e9dicos, xa que desde o ano 2016 est\u00e1 permitido que soliciten a pr\u00f3rroga ata os 70 anos, a idade m\u00e1xima permitida pola Lei\u201d. \u201cEstamos a falar de pr\u00f3rrogas absolutamente voluntarias, que se solicitan ano a ano, porque somos conscientes que moitos m\u00e9dicos chegan en condici\u00f3ns de sa\u00fade \u00f3ptimas \u00e1 idade de xubilaci\u00f3n e a s\u00faa vontade \u00e9 seguir no seu posto de traballo, desenvolvendo unha labor que, nestes momentos de escaseza de profesionais, \u00e9 dobremente agradecida\u201d, sinalou.<\/p>\n<p>\u00a0<\/p>\n<p>Galicia conta neste momento con 44 profesionais sanitarios xubilados en activo a trav\u00e9s desta modalidade, logo de que m\u00e1is do 80 por cento dos m\u00e9dicos optaran por quedarse traballando na sanidade p\u00fablica galega ata os 70 anos.<\/p>\n<p>\u00a0<\/p>\n<p><strong>PARA BNG E PSdeG CANTO PEOR, MELLOR<\/strong><\/p>\n<p>\u00a0<\/p>\n<p>A trav\u00e9s da proposici\u00f3n non de lei aprobada hoxe no Pleno do Parlamento galego pret\u00e9ndese a modificaci\u00f3n do artigo 26 da Lei 55\/2003 do Estatuto marco do persoal estatutario dos servizos de sa\u00fade, que fixa nos 70 anos a idade m\u00e1xima permitida para solicitar pr\u00f3rrogas. \u201cEste cambio na normativa vixente permitir\u00edanos ampliar ata os 72 anos a posibilidade de solicitar estas pr\u00f3rrogas, conseguindo mitigar a carencia de especialistas en medicina familiar e pediatr\u00eda de primaria que neste momento atravesamos\u201d, subli\u00f1ou.<\/p>\n<p>\u00a0<\/p>\n<p>Encarna Amigo lembrou que o Ministerio de Sanidade xa propuxo o pasado mes de decembro facilitar a xubilaci\u00f3n activa dos m\u00e9dicos de familia e pediatras de atenci\u00f3n primaria, \u201cpo\u00f1endo de manifesto por primeira vez que comezaba a ser consciente da problem\u00e1tica de falta de profesionais sanitarios existente en toda Espa\u00f1a\u201d. \u201cDeste ese mesmo momento, o Ministerio est\u00e1 reco\u00f1ecendo implicitamente que ten capacidade para tomar medidas, pero demostra que non ten vontade pol\u00edtica para facelo\u201d, lamentou.<\/p>\n<p>\u00a0<\/p>\n<p>Por \u00faltimo, a portavoz de Sanidade lamentou que \u201cunha vez m\u00e1is o BNG e o PSdeG non apoiaran as medidas que, tanto desde a Xunta como desde o Grupo Popular, po\u00f1emos enriba da mesa para paliar a falta de m\u00e9dicos e pediatras en atenci\u00f3n primaria. \u201cSempre se opo\u00f1en, non vaia a ser que mellore a situaci\u00f3n e se lles estrague o seu discurso de canto peor, mellor\u201d, dixo.<\/p>\n","protected":false},"excerpt":{"rendered":"<p>8 de febreiro de 2023. O Pleno do Parlamento de Galicia aprobou hoxe a proposici\u00f3n non de lei do Grupo Popular a trav\u00e9s da que se demanda ao Goberno de Espa\u00f1a o impulso das modificaci\u00f3ns legais oportunas para permitir que o novo r\u00e9xime de xubilaci\u00f3n activa mellorada pera m\u00e9dicos de familia e pediatras de atenci\u00f3n [&hellip;]<\/p>\n","protected":false},"author":38,"featured_media":57899,"comment_status":"open","ping_status":"open","sticky":false,"template":"","format":"standard","meta":{"_acf_changed":false,"footnotes":""},"categories":[1],"tags":[],"class_list":["post-57900","post","type-post","status-publish","format-standard","has-post-thumbnail","hentry","category-pp-de-galicia"],"acf":[],"yoast_head":"<!-- This site is optimized with the Yoast SEO plugin v27.3 - https:\/\/yoast.com\/product\/yoast-seo-wordpress\/ -->\n<title>O Parlamento demanda ao Goberno de Espa\u00f1a que modifique a lexislaci\u00f3n para que os m\u00e9dicos de familia e pediatras de atenci\u00f3n primaria poidan acollerse \u00e1 xubilaci\u00f3n activa ata os 72 anos - PP de Galicia<\/title>\n<meta name=\"robots\" content=\"index, follow, max-snippet:-1, max-image-preview:large, max-video-preview:-1\" \/>\n<link rel=\"canonical\" href=\"https:\/\/ppdegalicia.com\/es\/o-parlamento-demanda-ao-goberno-de-espana-que-modifique-a-lexislacion-para-que-os-medicos-de-familia-e-pediatras-de-atencion-primaria-poidan-acollerse-a-xubilacion-activa-ata-os-72-anos\/\" \/>\n<meta property=\"og:locale\" content=\"es_ES\" \/>\n<meta property=\"og:type\" content=\"article\" \/>\n<meta property=\"og:title\" content=\"O Parlamento demanda ao Goberno de Espa\u00f1a que modifique a lexislaci\u00f3n para que os m\u00e9dicos de familia e pediatras de atenci\u00f3n primaria poidan acollerse \u00e1 xubilaci\u00f3n activa ata os 72 anos - PP de Galicia\" \/>\n<meta property=\"og:description\" content=\"8 de febreiro de 2023. O Pleno do Parlamento de Galicia aprobou hoxe a proposici\u00f3n non de lei do Grupo Popular a trav\u00e9s da que se demanda ao Goberno de Espa\u00f1a o impulso das modificaci\u00f3ns legais oportunas para permitir que o novo r\u00e9xime de xubilaci\u00f3n activa mellorada pera m\u00e9dicos de familia e pediatras de atenci\u00f3n [&hellip;]\" \/>\n<meta property=\"og:url\" content=\"https:\/\/ppdegalicia.com\/es\/o-parlamento-demanda-ao-goberno-de-espana-que-modifique-a-lexislacion-para-que-os-medicos-de-familia-e-pediatras-de-atencion-primaria-poidan-acollerse-a-xubilacion-activa-ata-os-72-anos\/\" \/>\n<meta property=\"og:site_name\" content=\"PP de Galicia\" \/>\n<meta property=\"article:publisher\" content=\"https:\/\/www.instagram.com\/ppdegalicia\/\" \/>\n<meta property=\"article:published_time\" content=\"2023-02-08T09:27:18+00:00\" \/>\n<meta property=\"og:image\" content=\"https:\/\/ppdegalicia.com\/wp-content\/uploads\/2023\/02\/0d1291e1fa606a9ef80357e3314358bb.jpg\" \/>\n\t<meta property=\"og:image:width\" content=\"1900\" \/>\n\t<meta property=\"og:image:height\" content=\"1267\" \/>\n\t<meta property=\"og:image:type\" content=\"image\/jpeg\" \/>\n<meta name=\"author\" content=\"ppdegaliciaredes\" \/>\n<meta name=\"twitter:card\" content=\"summary_large_image\" \/>\n<meta name=\"twitter:creator\" content=\"@ppdegalicia\" \/>\n<meta name=\"twitter:site\" content=\"@ppdegalicia\" \/>\n<meta name=\"twitter:label1\" content=\"Escrito por\" \/>\n\t<meta name=\"twitter:data1\" content=\"ppdegaliciaredes\" \/>\n\t<meta name=\"twitter:label2\" content=\"Tiempo de lectura\" \/>\n\t<meta name=\"twitter:data2\" content=\"3 minutos\" \/>\n<script type=\"application\/ld+json\" class=\"yoast-schema-graph\">{\"@context\":\"https:\\\/\\\/schema.org\",\"@graph\":[{\"@type\":\"Article\",\"@id\":\"https:\\\/\\\/ppdegalicia.com\\\/es\\\/o-parlamento-demanda-ao-goberno-de-espana-que-modifique-a-lexislacion-para-que-os-medicos-de-familia-e-pediatras-de-atencion-primaria-poidan-acollerse-a-xubilacion-activa-ata-os-72-anos\\\/#article\",\"isPartOf\":{\"@id\":\"https:\\\/\\\/ppdegalicia.com\\\/es\\\/o-parlamento-demanda-ao-goberno-de-espana-que-modifique-a-lexislacion-para-que-os-medicos-de-familia-e-pediatras-de-atencion-primaria-poidan-acollerse-a-xubilacion-activa-ata-os-72-anos\\\/\"},\"author\":{\"name\":\"ppdegaliciaredes\",\"@id\":\"https:\\\/\\\/ppdegalicia.com\\\/es\\\/#\\\/schema\\\/person\\\/5b822c6f59e872ebdd1142f307dbcb59\"},\"headline\":\"O Parlamento demanda ao Goberno de Espa\u00f1a que modifique a lexislaci\u00f3n para que os m\u00e9dicos de familia e pediatras de atenci\u00f3n primaria poidan acollerse \u00e1 xubilaci\u00f3n activa ata os 72 anos\",\"datePublished\":\"2023-02-08T09:27:18+00:00\",\"mainEntityOfPage\":{\"@id\":\"https:\\\/\\\/ppdegalicia.com\\\/es\\\/o-parlamento-demanda-ao-goberno-de-espana-que-modifique-a-lexislacion-para-que-os-medicos-de-familia-e-pediatras-de-atencion-primaria-poidan-acollerse-a-xubilacion-activa-ata-os-72-anos\\\/\"},\"wordCount\":551,\"commentCount\":0,\"publisher\":{\"@id\":\"https:\\\/\\\/ppdegalicia.com\\\/es\\\/#organization\"},\"image\":{\"@id\":\"https:\\\/\\\/ppdegalicia.com\\\/es\\\/o-parlamento-demanda-ao-goberno-de-espana-que-modifique-a-lexislacion-para-que-os-medicos-de-familia-e-pediatras-de-atencion-primaria-poidan-acollerse-a-xubilacion-activa-ata-os-72-anos\\\/#primaryimage\"},\"thumbnailUrl\":\"https:\\\/\\\/ppdegalicia.com\\\/wp-content\\\/uploads\\\/2023\\\/02\\\/0d1291e1fa606a9ef80357e3314358bb.jpg\",\"articleSection\":[\"PP de Galicia\"],\"inLanguage\":\"es\",\"potentialAction\":[{\"@type\":\"CommentAction\",\"name\":\"Comment\",\"target\":[\"https:\\\/\\\/ppdegalicia.com\\\/es\\\/o-parlamento-demanda-ao-goberno-de-espana-que-modifique-a-lexislacion-para-que-os-medicos-de-familia-e-pediatras-de-atencion-primaria-poidan-acollerse-a-xubilacion-activa-ata-os-72-anos\\\/#respond\"]}]},{\"@type\":\"WebPage\",\"@id\":\"https:\\\/\\\/ppdegalicia.com\\\/es\\\/o-parlamento-demanda-ao-goberno-de-espana-que-modifique-a-lexislacion-para-que-os-medicos-de-familia-e-pediatras-de-atencion-primaria-poidan-acollerse-a-xubilacion-activa-ata-os-72-anos\\\/\",\"url\":\"https:\\\/\\\/ppdegalicia.com\\\/es\\\/o-parlamento-demanda-ao-goberno-de-espana-que-modifique-a-lexislacion-para-que-os-medicos-de-familia-e-pediatras-de-atencion-primaria-poidan-acollerse-a-xubilacion-activa-ata-os-72-anos\\\/\",\"name\":\"O Parlamento demanda ao Goberno de Espa\u00f1a que modifique a lexislaci\u00f3n para que os m\u00e9dicos de familia e pediatras de atenci\u00f3n primaria poidan acollerse \u00e1 xubilaci\u00f3n activa ata os 72 anos - PP de Galicia\",\"isPartOf\":{\"@id\":\"https:\\\/\\\/ppdegalicia.com\\\/es\\\/#website\"},\"primaryImageOfPage\":{\"@id\":\"https:\\\/\\\/ppdegalicia.com\\\/es\\\/o-parlamento-demanda-ao-goberno-de-espana-que-modifique-a-lexislacion-para-que-os-medicos-de-familia-e-pediatras-de-atencion-primaria-poidan-acollerse-a-xubilacion-activa-ata-os-72-anos\\\/#primaryimage\"},\"image\":{\"@id\":\"https:\\\/\\\/ppdegalicia.com\\\/es\\\/o-parlamento-demanda-ao-goberno-de-espana-que-modifique-a-lexislacion-para-que-os-medicos-de-familia-e-pediatras-de-atencion-primaria-poidan-acollerse-a-xubilacion-activa-ata-os-72-anos\\\/#primaryimage\"},\"thumbnailUrl\":\"https:\\\/\\\/ppdegalicia.com\\\/wp-content\\\/uploads\\\/2023\\\/02\\\/0d1291e1fa606a9ef80357e3314358bb.jpg\",\"datePublished\":\"2023-02-08T09:27:18+00:00\",\"breadcrumb\":{\"@id\":\"https:\\\/\\\/ppdegalicia.com\\\/es\\\/o-parlamento-demanda-ao-goberno-de-espana-que-modifique-a-lexislacion-para-que-os-medicos-de-familia-e-pediatras-de-atencion-primaria-poidan-acollerse-a-xubilacion-activa-ata-os-72-anos\\\/#breadcrumb\"},\"inLanguage\":\"es\",\"potentialAction\":[{\"@type\":\"ReadAction\",\"target\":[\"https:\\\/\\\/ppdegalicia.com\\\/es\\\/o-parlamento-demanda-ao-goberno-de-espana-que-modifique-a-lexislacion-para-que-os-medicos-de-familia-e-pediatras-de-atencion-primaria-poidan-acollerse-a-xubilacion-activa-ata-os-72-anos\\\/\"]}]},{\"@type\":\"ImageObject\",\"inLanguage\":\"es\",\"@id\":\"https:\\\/\\\/ppdegalicia.com\\\/es\\\/o-parlamento-demanda-ao-goberno-de-espana-que-modifique-a-lexislacion-para-que-os-medicos-de-familia-e-pediatras-de-atencion-primaria-poidan-acollerse-a-xubilacion-activa-ata-os-72-anos\\\/#primaryimage\",\"url\":\"https:\\\/\\\/ppdegalicia.com\\\/wp-content\\\/uploads\\\/2023\\\/02\\\/0d1291e1fa606a9ef80357e3314358bb.jpg\",\"contentUrl\":\"https:\\\/\\\/ppdegalicia.com\\\/wp-content\\\/uploads\\\/2023\\\/02\\\/0d1291e1fa606a9ef80357e3314358bb.jpg\",\"width\":1900,\"height\":1267},{\"@type\":\"BreadcrumbList\",\"@id\":\"https:\\\/\\\/ppdegalicia.com\\\/es\\\/o-parlamento-demanda-ao-goberno-de-espana-que-modifique-a-lexislacion-para-que-os-medicos-de-familia-e-pediatras-de-atencion-primaria-poidan-acollerse-a-xubilacion-activa-ata-os-72-anos\\\/#breadcrumb\",\"itemListElement\":[{\"@type\":\"ListItem\",\"position\":1,\"name\":\"Portada\",\"item\":\"https:\\\/\\\/ppdegalicia.com\\\/es\\\/\"},{\"@type\":\"ListItem\",\"position\":2,\"name\":\"O Parlamento demanda ao Goberno de Espa\u00f1a que modifique a lexislaci\u00f3n para que os m\u00e9dicos de familia e pediatras de atenci\u00f3n primaria poidan acollerse \u00e1 xubilaci\u00f3n activa ata os 72 anos\"}]},{\"@type\":\"WebSite\",\"@id\":\"https:\\\/\\\/ppdegalicia.com\\\/es\\\/#website\",\"url\":\"https:\\\/\\\/ppdegalicia.com\\\/es\\\/\",\"name\":\"Partido Popular de Galicia\",\"description\":\"Partido Popular de Galicia\",\"publisher\":{\"@id\":\"https:\\\/\\\/ppdegalicia.com\\\/es\\\/#organization\"},\"alternateName\":\"PP de Galicia\",\"potentialAction\":[{\"@type\":\"SearchAction\",\"target\":{\"@type\":\"EntryPoint\",\"urlTemplate\":\"https:\\\/\\\/ppdegalicia.com\\\/es\\\/?s={search_term_string}\"},\"query-input\":{\"@type\":\"PropertyValueSpecification\",\"valueRequired\":true,\"valueName\":\"search_term_string\"}}],\"inLanguage\":\"es\"},{\"@type\":\"Organization\",\"@id\":\"https:\\\/\\\/ppdegalicia.com\\\/es\\\/#organization\",\"name\":\"Partido Popular de Galicia\",\"alternateName\":\"PP de Galicia\",\"url\":\"https:\\\/\\\/ppdegalicia.com\\\/es\\\/\",\"logo\":{\"@type\":\"ImageObject\",\"inLanguage\":\"es\",\"@id\":\"https:\\\/\\\/ppdegalicia.com\\\/es\\\/#\\\/schema\\\/logo\\\/image\\\/\",\"url\":\"https:\\\/\\\/ppdegalicia.com\\\/wp-content\\\/uploads\\\/2023\\\/04\\\/logoPP512.png\",\"contentUrl\":\"https:\\\/\\\/ppdegalicia.com\\\/wp-content\\\/uploads\\\/2023\\\/04\\\/logoPP512.png\",\"width\":512,\"height\":512,\"caption\":\"Partido Popular de Galicia\"},\"image\":{\"@id\":\"https:\\\/\\\/ppdegalicia.com\\\/es\\\/#\\\/schema\\\/logo\\\/image\\\/\"},\"sameAs\":[\"https:\\\/\\\/www.instagram.com\\\/ppdegalicia\\\/\",\"https:\\\/\\\/x.com\\\/ppdegalicia\",\"https:\\\/\\\/www.tiktok.com\\\/@ppdegalicia\",\"https:\\\/\\\/www.youtube.com\\\/user\\\/ppdegalicia\"]},{\"@type\":\"Person\",\"@id\":\"https:\\\/\\\/ppdegalicia.com\\\/es\\\/#\\\/schema\\\/person\\\/5b822c6f59e872ebdd1142f307dbcb59\",\"name\":\"ppdegaliciaredes\",\"image\":{\"@type\":\"ImageObject\",\"inLanguage\":\"es\",\"@id\":\"https:\\\/\\\/secure.gravatar.com\\\/avatar\\\/3c9179cf0256d00c72a48d1f25783c58b6842cd56e85ef3a572881c8e28ccd59?s=96&d=mm&r=g\",\"url\":\"https:\\\/\\\/secure.gravatar.com\\\/avatar\\\/3c9179cf0256d00c72a48d1f25783c58b6842cd56e85ef3a572881c8e28ccd59?s=96&d=mm&r=g\",\"contentUrl\":\"https:\\\/\\\/secure.gravatar.com\\\/avatar\\\/3c9179cf0256d00c72a48d1f25783c58b6842cd56e85ef3a572881c8e28ccd59?s=96&d=mm&r=g\",\"caption\":\"ppdegaliciaredes\"},\"url\":\"https:\\\/\\\/ppdegalicia.com\\\/es\\\/author\\\/ppdegaliciaredes\\\/\"}]}<\/script>\n<!-- \/ Yoast SEO plugin. -->","yoast_head_json":{"title":"O Parlamento demanda ao Goberno de Espa\u00f1a que modifique a lexislaci\u00f3n para que os m\u00e9dicos de familia e pediatras de atenci\u00f3n primaria poidan acollerse \u00e1 xubilaci\u00f3n activa ata os 72 anos - PP de Galicia","robots":{"index":"index","follow":"follow","max-snippet":"max-snippet:-1","max-image-preview":"max-image-preview:large","max-video-preview":"max-video-preview:-1"},"canonical":"https:\/\/ppdegalicia.com\/es\/o-parlamento-demanda-ao-goberno-de-espana-que-modifique-a-lexislacion-para-que-os-medicos-de-familia-e-pediatras-de-atencion-primaria-poidan-acollerse-a-xubilacion-activa-ata-os-72-anos\/","og_locale":"es_ES","og_type":"article","og_title":"O Parlamento demanda ao Goberno de Espa\u00f1a que modifique a lexislaci\u00f3n para que os m\u00e9dicos de familia e pediatras de atenci\u00f3n primaria poidan acollerse \u00e1 xubilaci\u00f3n activa ata os 72 anos - PP de Galicia","og_description":"8 de febreiro de 2023. O Pleno do Parlamento de Galicia aprobou hoxe a proposici\u00f3n non de lei do Grupo Popular a trav\u00e9s da que se demanda ao Goberno de Espa\u00f1a o impulso das modificaci\u00f3ns legais oportunas para permitir que o novo r\u00e9xime de xubilaci\u00f3n activa mellorada pera m\u00e9dicos de familia e pediatras de atenci\u00f3n [&hellip;]","og_url":"https:\/\/ppdegalicia.com\/es\/o-parlamento-demanda-ao-goberno-de-espana-que-modifique-a-lexislacion-para-que-os-medicos-de-familia-e-pediatras-de-atencion-primaria-poidan-acollerse-a-xubilacion-activa-ata-os-72-anos\/","og_site_name":"PP de Galicia","article_publisher":"https:\/\/www.instagram.com\/ppdegalicia\/","article_published_time":"2023-02-08T09:27:18+00:00","og_image":[{"width":1900,"height":1267,"url":"https:\/\/ppdegalicia.com\/wp-content\/uploads\/2023\/02\/0d1291e1fa606a9ef80357e3314358bb.jpg","type":"image\/jpeg"}],"author":"ppdegaliciaredes","twitter_card":"summary_large_image","twitter_creator":"@ppdegalicia","twitter_site":"@ppdegalicia","twitter_misc":{"Escrito por":"ppdegaliciaredes","Tiempo de lectura":"3 minutos"},"schema":{"@context":"https:\/\/schema.org","@graph":[{"@type":"Article","@id":"https:\/\/ppdegalicia.com\/es\/o-parlamento-demanda-ao-goberno-de-espana-que-modifique-a-lexislacion-para-que-os-medicos-de-familia-e-pediatras-de-atencion-primaria-poidan-acollerse-a-xubilacion-activa-ata-os-72-anos\/#article","isPartOf":{"@id":"https:\/\/ppdegalicia.com\/es\/o-parlamento-demanda-ao-goberno-de-espana-que-modifique-a-lexislacion-para-que-os-medicos-de-familia-e-pediatras-de-atencion-primaria-poidan-acollerse-a-xubilacion-activa-ata-os-72-anos\/"},"author":{"name":"ppdegaliciaredes","@id":"https:\/\/ppdegalicia.com\/es\/#\/schema\/person\/5b822c6f59e872ebdd1142f307dbcb59"},"headline":"O Parlamento demanda ao Goberno de Espa\u00f1a que modifique a lexislaci\u00f3n para que os m\u00e9dicos de familia e pediatras de atenci\u00f3n primaria poidan acollerse \u00e1 xubilaci\u00f3n activa ata os 72 anos","datePublished":"2023-02-08T09:27:18+00:00","mainEntityOfPage":{"@id":"https:\/\/ppdegalicia.com\/es\/o-parlamento-demanda-ao-goberno-de-espana-que-modifique-a-lexislacion-para-que-os-medicos-de-familia-e-pediatras-de-atencion-primaria-poidan-acollerse-a-xubilacion-activa-ata-os-72-anos\/"},"wordCount":551,"commentCount":0,"publisher":{"@id":"https:\/\/ppdegalicia.com\/es\/#organization"},"image":{"@id":"https:\/\/ppdegalicia.com\/es\/o-parlamento-demanda-ao-goberno-de-espana-que-modifique-a-lexislacion-para-que-os-medicos-de-familia-e-pediatras-de-atencion-primaria-poidan-acollerse-a-xubilacion-activa-ata-os-72-anos\/#primaryimage"},"thumbnailUrl":"https:\/\/ppdegalicia.com\/wp-content\/uploads\/2023\/02\/0d1291e1fa606a9ef80357e3314358bb.jpg","articleSection":["PP de Galicia"],"inLanguage":"es","potentialAction":[{"@type":"CommentAction","name":"Comment","target":["https:\/\/ppdegalicia.com\/es\/o-parlamento-demanda-ao-goberno-de-espana-que-modifique-a-lexislacion-para-que-os-medicos-de-familia-e-pediatras-de-atencion-primaria-poidan-acollerse-a-xubilacion-activa-ata-os-72-anos\/#respond"]}]},{"@type":"WebPage","@id":"https:\/\/ppdegalicia.com\/es\/o-parlamento-demanda-ao-goberno-de-espana-que-modifique-a-lexislacion-para-que-os-medicos-de-familia-e-pediatras-de-atencion-primaria-poidan-acollerse-a-xubilacion-activa-ata-os-72-anos\/","url":"https:\/\/ppdegalicia.com\/es\/o-parlamento-demanda-ao-goberno-de-espana-que-modifique-a-lexislacion-para-que-os-medicos-de-familia-e-pediatras-de-atencion-primaria-poidan-acollerse-a-xubilacion-activa-ata-os-72-anos\/","name":"O Parlamento demanda ao Goberno de Espa\u00f1a que modifique a lexislaci\u00f3n para que os m\u00e9dicos de familia e pediatras de atenci\u00f3n primaria poidan acollerse \u00e1 xubilaci\u00f3n activa ata os 72 anos - PP de Galicia","isPartOf":{"@id":"https:\/\/ppdegalicia.com\/es\/#website"},"primaryImageOfPage":{"@id":"https:\/\/ppdegalicia.com\/es\/o-parlamento-demanda-ao-goberno-de-espana-que-modifique-a-lexislacion-para-que-os-medicos-de-familia-e-pediatras-de-atencion-primaria-poidan-acollerse-a-xubilacion-activa-ata-os-72-anos\/#primaryimage"},"image":{"@id":"https:\/\/ppdegalicia.com\/es\/o-parlamento-demanda-ao-goberno-de-espana-que-modifique-a-lexislacion-para-que-os-medicos-de-familia-e-pediatras-de-atencion-primaria-poidan-acollerse-a-xubilacion-activa-ata-os-72-anos\/#primaryimage"},"thumbnailUrl":"https:\/\/ppdegalicia.com\/wp-content\/uploads\/2023\/02\/0d1291e1fa606a9ef80357e3314358bb.jpg","datePublished":"2023-02-08T09:27:18+00:00","breadcrumb":{"@id":"https:\/\/ppdegalicia.com\/es\/o-parlamento-demanda-ao-goberno-de-espana-que-modifique-a-lexislacion-para-que-os-medicos-de-familia-e-pediatras-de-atencion-primaria-poidan-acollerse-a-xubilacion-activa-ata-os-72-anos\/#breadcrumb"},"inLanguage":"es","potentialAction":[{"@type":"ReadAction","target":["https:\/\/ppdegalicia.com\/es\/o-parlamento-demanda-ao-goberno-de-espana-que-modifique-a-lexislacion-para-que-os-medicos-de-familia-e-pediatras-de-atencion-primaria-poidan-acollerse-a-xubilacion-activa-ata-os-72-anos\/"]}]},{"@type":"ImageObject","inLanguage":"es","@id":"https:\/\/ppdegalicia.com\/es\/o-parlamento-demanda-ao-goberno-de-espana-que-modifique-a-lexislacion-para-que-os-medicos-de-familia-e-pediatras-de-atencion-primaria-poidan-acollerse-a-xubilacion-activa-ata-os-72-anos\/#primaryimage","url":"https:\/\/ppdegalicia.com\/wp-content\/uploads\/2023\/02\/0d1291e1fa606a9ef80357e3314358bb.jpg","contentUrl":"https:\/\/ppdegalicia.com\/wp-content\/uploads\/2023\/02\/0d1291e1fa606a9ef80357e3314358bb.jpg","width":1900,"height":1267},{"@type":"BreadcrumbList","@id":"https:\/\/ppdegalicia.com\/es\/o-parlamento-demanda-ao-goberno-de-espana-que-modifique-a-lexislacion-para-que-os-medicos-de-familia-e-pediatras-de-atencion-primaria-poidan-acollerse-a-xubilacion-activa-ata-os-72-anos\/#breadcrumb","itemListElement":[{"@type":"ListItem","position":1,"name":"Portada","item":"https:\/\/ppdegalicia.com\/es\/"},{"@type":"ListItem","position":2,"name":"O Parlamento demanda ao Goberno de Espa\u00f1a que modifique a lexislaci\u00f3n para que os m\u00e9dicos de familia e pediatras de atenci\u00f3n primaria poidan acollerse \u00e1 xubilaci\u00f3n activa ata os 72 anos"}]},{"@type":"WebSite","@id":"https:\/\/ppdegalicia.com\/es\/#website","url":"https:\/\/ppdegalicia.com\/es\/","name":"Partido Popular de Galicia","description":"Partido Popular de Galicia","publisher":{"@id":"https:\/\/ppdegalicia.com\/es\/#organization"},"alternateName":"PP de Galicia","potentialAction":[{"@type":"SearchAction","target":{"@type":"EntryPoint","urlTemplate":"https:\/\/ppdegalicia.com\/es\/?s={search_term_string}"},"query-input":{"@type":"PropertyValueSpecification","valueRequired":true,"valueName":"search_term_string"}}],"inLanguage":"es"},{"@type":"Organization","@id":"https:\/\/ppdegalicia.com\/es\/#organization","name":"Partido Popular de Galicia","alternateName":"PP de Galicia","url":"https:\/\/ppdegalicia.com\/es\/","logo":{"@type":"ImageObject","inLanguage":"es","@id":"https:\/\/ppdegalicia.com\/es\/#\/schema\/logo\/image\/","url":"https:\/\/ppdegalicia.com\/wp-content\/uploads\/2023\/04\/logoPP512.png","contentUrl":"https:\/\/ppdegalicia.com\/wp-content\/uploads\/2023\/04\/logoPP512.png","width":512,"height":512,"caption":"Partido Popular de Galicia"},"image":{"@id":"https:\/\/ppdegalicia.com\/es\/#\/schema\/logo\/image\/"},"sameAs":["https:\/\/www.instagram.com\/ppdegalicia\/","https:\/\/x.com\/ppdegalicia","https:\/\/www.tiktok.com\/@ppdegalicia","https:\/\/www.youtube.com\/user\/ppdegalicia"]},{"@type":"Person","@id":"https:\/\/ppdegalicia.com\/es\/#\/schema\/person\/5b822c6f59e872ebdd1142f307dbcb59","name":"ppdegaliciaredes","image":{"@type":"ImageObject","inLanguage":"es","@id":"https:\/\/secure.gravatar.com\/avatar\/3c9179cf0256d00c72a48d1f25783c58b6842cd56e85ef3a572881c8e28ccd59?s=96&d=mm&r=g","url":"https:\/\/secure.gravatar.com\/avatar\/3c9179cf0256d00c72a48d1f25783c58b6842cd56e85ef3a572881c8e28ccd59?s=96&d=mm&r=g","contentUrl":"https:\/\/secure.gravatar.com\/avatar\/3c9179cf0256d00c72a48d1f25783c58b6842cd56e85ef3a572881c8e28ccd59?s=96&d=mm&r=g","caption":"ppdegaliciaredes"},"url":"https:\/\/ppdegalicia.com\/es\/author\/ppdegaliciaredes\/"}]}},"_links":{"self":[{"href":"https:\/\/ppdegalicia.com\/es\/wp-json\/wp\/v2\/posts\/57900","targetHints":{"allow":["GET"]}}],"collection":[{"href":"https:\/\/ppdegalicia.com\/es\/wp-json\/wp\/v2\/posts"}],"about":[{"href":"https:\/\/ppdegalicia.com\/es\/wp-json\/wp\/v2\/types\/post"}],"author":[{"embeddable":true,"href":"https:\/\/ppdegalicia.com\/es\/wp-json\/wp\/v2\/users\/38"}],"replies":[{"embeddable":true,"href":"https:\/\/ppdegalicia.com\/es\/wp-json\/wp\/v2\/comments?post=57900"}],"version-history":[{"count":0,"href":"https:\/\/ppdegalicia.com\/es\/wp-json\/wp\/v2\/posts\/57900\/revisions"}],"wp:featuredmedia":[{"embeddable":true,"href":"https:\/\/ppdegalicia.com\/es\/wp-json\/wp\/v2\/media\/57899"}],"wp:attachment":[{"href":"https:\/\/ppdegalicia.com\/es\/wp-json\/wp\/v2\/media?parent=57900"}],"wp:term":[{"taxonomy":"category","embeddable":true,"href":"https:\/\/ppdegalicia.com\/es\/wp-json\/wp\/v2\/categories?post=57900"},{"taxonomy":"post_tag","embeddable":true,"href":"https:\/\/ppdegalicia.com\/es\/wp-json\/wp\/v2\/tags?post=57900"}],"curies":[{"name":"wp","href":"https:\/\/api.w.org\/{rel}","templated":true}]}}