{"id":57904,"date":"2023-02-08T15:16:13","date_gmt":"2023-02-08T13:16:13","guid":{"rendered":"https:\/\/ppdegalicia.com\/o-parlamento-pide-o-cese-da-ministra-e-a-secretaria-de-estado-de-igualdade-polas-declaracions-sobre-as-rebaixas-de-penas-e-excarceracions-a-agresores-sexuais-beneficiados-pola-lei-do-so-si-e-si\/"},"modified":"2023-02-08T15:16:13","modified_gmt":"2023-02-08T13:16:13","slug":"o-parlamento-pide-o-cese-da-ministra-e-a-secretaria-de-estado-de-igualdade-polas-declaracions-sobre-as-rebaixas-de-penas-e-excarceracions-a-agresores-sexuais-beneficiados-pola-lei-do-so-si-e-si","status":"publish","type":"post","link":"https:\/\/ppdegalicia.com\/es\/o-parlamento-pide-o-cese-da-ministra-e-a-secretaria-de-estado-de-igualdade-polas-declaracions-sobre-as-rebaixas-de-penas-e-excarceracions-a-agresores-sexuais-beneficiados-pola-lei-do-so-si-e-si\/","title":{"rendered":"O Parlamento pide o cese da ministra e a secretaria de Estado de Igualdade polas declaraci\u00f3ns sobre as rebaixas de penas e excarceraci\u00f3ns a agresores sexuais beneficiados pola Lei do s\u00f3 s\u00ed \u00e9 si"},"content":{"rendered":"<p><img fetchpriority=\"high\" decoding=\"async\" class=\" size-full wp-image-57903\" src=\"https:\/\/ppdegalicia.com\/wp-content\/uploads\/2023\/02\/716c8ffca918f9b9885c83fc7efb8fa6.jpg\" alt=\"\" width=\"1920\" height=\"1080\" srcset=\"https:\/\/ppdegalicia.com\/wp-content\/uploads\/2023\/02\/716c8ffca918f9b9885c83fc7efb8fa6.jpg 1920w, https:\/\/ppdegalicia.com\/wp-content\/uploads\/2023\/02\/716c8ffca918f9b9885c83fc7efb8fa6-300x169.jpg 300w, https:\/\/ppdegalicia.com\/wp-content\/uploads\/2023\/02\/716c8ffca918f9b9885c83fc7efb8fa6-1024x576.jpg 1024w, https:\/\/ppdegalicia.com\/wp-content\/uploads\/2023\/02\/716c8ffca918f9b9885c83fc7efb8fa6-768x432.jpg 768w, https:\/\/ppdegalicia.com\/wp-content\/uploads\/2023\/02\/716c8ffca918f9b9885c83fc7efb8fa6-1536x864.jpg 1536w\" sizes=\"(max-width: 1920px) 100vw, 1920px\" \/><\/p>\n<p>8 de febreiro de 2023. O Pleno do Parlamento de Galicia aprobou hoxe a proposici\u00f3n non de lei do Grupo Popular, co voto en contra do BNG e do PSdeG, a trav\u00e9s da que se pide o cese inmediato da ministra de Igualdade e da secretaria de Estado de Igualdade polas irresponsables e indignas declaraci\u00f3ns efectuadas sobre as rebaixas de penas e a excarceraci\u00f3n de agresores sexuais beneficiados pola Lei do s\u00f3 si \u00e9 si, as\u00ed como pola s\u00faa obcecada inacci\u00f3n lexislativa para protexer \u00e1s mulleres.<\/p>\n<p><!--more--><\/p>\n<p>As\u00ed mesmo, ap\u00f3iase a tramitaci\u00f3n urxente nas Cortes Xerais da proposici\u00f3n de lei de modificaci\u00f3n do C\u00f3digo Penal no relativo aos delitos de agresi\u00f3ns sexuais, promovida polo Grupo Popular, para que quen cometa delitos sexuais poida ter, canto antes, as mesmas penas que estaban en vigor ata setembro de 2022 e que se viron rebaixadas coa actual lexislaci\u00f3n.<\/p>\n<p>\u00a0<\/p>\n<p>A viceportavoz do Grupo Popular, Paula Prado, criticou que, co seu voto en contra, BNG e PSdeG \u201cson c\u00f3mplices das risas e dos chascarrillos sobre o goteo de agresores sexuais beneficiados pola aplicaci\u00f3n da Lei do s\u00f3 si \u00e9 si\u201d, unha norma \u201cchapuceira que rebaixa a pena aos agresores sexuais provocando un retroceso sen precedentes na defensa dos dereitos das mulleres\u201d.<\/p>\n<p>\u00a0<\/p>\n<p>Prado lembrou que o Consello Xeral do Poder Xudicial \u201cxa advertiu en febreiro de 2021 sobre a Lei do s\u00f3 si \u00e9 si que a s\u00faa aprobaci\u00f3n provocar\u00eda a revisi\u00f3n \u00e1 baixa daquelas condenas nas que se tiveran imposto penas m\u00e1ximas conforme \u00e1 regulaci\u00f3n anterior, unha advertencia que tam\u00e9n se fixo desde o Partido Popular durante a tramitaci\u00f3n deste texto lexislativo nas Cortes Xerais\u201d.<\/p>\n<p>\u00a0<\/p>\n<p>\u201cEsta lei naceu do sectarismo ideol\u00f3xico de Podemos e do PSOE, a de todos os partidos que a defenderon antes, durante e despois da s\u00faa tramitaci\u00f3n, como o BNG, submiso ao partido socialista co que goberna sempre que pode en concellos e deputaci\u00f3ns\u201d, indicou.<\/p>\n<p>\u00a0<\/p>\n<p><strong>DANO IRREPARABLE<\/strong><\/p>\n<p>\u00a0<\/p>\n<p>As\u00ed mesmo, engadiu que \u201caprobouse a lei e as nefastas consecuencias que prev\u00edamos tristemente se fixeron realidade, mentres o Goberno de Pedro S\u00e1nchez pasou da negaci\u00f3n \u00e1 par\u00e1lise\u201d. \u201cO dano xa est\u00e1 feito e a dor das v\u00edtimas \u00e9 xa irreparable, e seguir\u00e1 sendo as\u00ed porque o cambio na Lei que agora prop\u00f3n o PSOE non vai supo\u00f1er un cambio nas rebaixas de penas dos delitos xa cometidos\u201d, sinalou.<\/p>\n<p>\u00a0<\/p>\n<p>\u201cEsiximos que lle pidan perd\u00f3n \u00e1s v\u00edtimas, perd\u00f3n polo dano feito e perd\u00f3n por rirse do dano feito\u201d, demandou Paula Prado, quen avanzou que \u201cmentres non vexamos publicada no BOE a modificaci\u00f3n da Lei nin calaremos nin deixaremos de denunciar a s\u00faa incompetencia e obcecaci\u00f3n por manter vixente unha lei\u201d que, segundo o CXPX poder\u00e1 beneficiar a 1.000 agresores sexuais coa reduci\u00f3n das s\u00faas condenas.<\/p>\n<p>\u00a0<\/p>\n<p>Para rematar, a viceportavoz popular manifestou que \u201ca loita contra a violencia de x\u00e9nero debe estar sempre por enriba de postulados pol\u00edticos e ideol\u00f3xicos, porque, desgraciadamente, estamos a ver d\u00eda tras d\u00eda as consecuencias de cando se fai xustamente o contrario\u201d. \u201cNo Partido Popular estivemos sempre ao car\u00f3n das v\u00edtimas, defendendo os dereitos das mulleres, cun feminismo real e non artificial, mentres a oposici\u00f3n practica un feminismo de todo a cen\u201d, dixo.<\/p>\n","protected":false},"excerpt":{"rendered":"<p>8 de febreiro de 2023. O Pleno do Parlamento de Galicia aprobou hoxe a proposici\u00f3n non de lei do Grupo Popular, co voto en contra do BNG e do PSdeG, a trav\u00e9s da que se pide o cese inmediato da ministra de Igualdade e da secretaria de Estado de Igualdade polas irresponsables e indignas declaraci\u00f3ns [&hellip;]<\/p>\n","protected":false},"author":38,"featured_media":57903,"comment_status":"open","ping_status":"open","sticky":false,"template":"","format":"standard","meta":{"_acf_changed":false,"footnotes":""},"categories":[1],"tags":[],"class_list":["post-57904","post","type-post","status-publish","format-standard","has-post-thumbnail","hentry","category-pp-de-galicia"],"acf":[],"yoast_head":"<!-- This site is optimized with the Yoast SEO plugin v27.3 - https:\/\/yoast.com\/product\/yoast-seo-wordpress\/ -->\n<title>O Parlamento pide o cese da ministra e a secretaria de Estado de Igualdade polas declaraci\u00f3ns sobre as rebaixas de penas e excarceraci\u00f3ns a agresores sexuais beneficiados pola Lei do s\u00f3 s\u00ed \u00e9 si - PP de Galicia<\/title>\n<meta name=\"robots\" content=\"index, follow, max-snippet:-1, max-image-preview:large, max-video-preview:-1\" \/>\n<link rel=\"canonical\" href=\"https:\/\/ppdegalicia.com\/es\/o-parlamento-pide-o-cese-da-ministra-e-a-secretaria-de-estado-de-igualdade-polas-declaracions-sobre-as-rebaixas-de-penas-e-excarceracions-a-agresores-sexuais-beneficiados-pola-lei-do-so-si-e-si\/\" \/>\n<meta property=\"og:locale\" content=\"es_ES\" \/>\n<meta property=\"og:type\" content=\"article\" \/>\n<meta property=\"og:title\" content=\"O Parlamento pide o cese da ministra e a secretaria de Estado de Igualdade polas declaraci\u00f3ns sobre as rebaixas de penas e excarceraci\u00f3ns a agresores sexuais beneficiados pola Lei do s\u00f3 s\u00ed \u00e9 si - PP de Galicia\" \/>\n<meta property=\"og:description\" content=\"8 de febreiro de 2023. O Pleno do Parlamento de Galicia aprobou hoxe a proposici\u00f3n non de lei do Grupo Popular, co voto en contra do BNG e do PSdeG, a trav\u00e9s da que se pide o cese inmediato da ministra de Igualdade e da secretaria de Estado de Igualdade polas irresponsables e indignas declaraci\u00f3ns [&hellip;]\" \/>\n<meta property=\"og:url\" content=\"https:\/\/ppdegalicia.com\/es\/o-parlamento-pide-o-cese-da-ministra-e-a-secretaria-de-estado-de-igualdade-polas-declaracions-sobre-as-rebaixas-de-penas-e-excarceracions-a-agresores-sexuais-beneficiados-pola-lei-do-so-si-e-si\/\" \/>\n<meta property=\"og:site_name\" content=\"PP de Galicia\" \/>\n<meta property=\"article:publisher\" content=\"https:\/\/www.instagram.com\/ppdegalicia\/\" \/>\n<meta property=\"article:published_time\" content=\"2023-02-08T13:16:13+00:00\" \/>\n<meta property=\"og:image\" content=\"https:\/\/ppdegalicia.com\/wp-content\/uploads\/2023\/02\/716c8ffca918f9b9885c83fc7efb8fa6.jpg\" \/>\n\t<meta property=\"og:image:width\" content=\"1920\" \/>\n\t<meta property=\"og:image:height\" content=\"1080\" \/>\n\t<meta property=\"og:image:type\" content=\"image\/jpeg\" \/>\n<meta name=\"author\" content=\"ppdegaliciaredes\" \/>\n<meta name=\"twitter:card\" content=\"summary_large_image\" \/>\n<meta name=\"twitter:creator\" content=\"@ppdegalicia\" \/>\n<meta name=\"twitter:site\" content=\"@ppdegalicia\" \/>\n<meta name=\"twitter:label1\" content=\"Escrito por\" \/>\n\t<meta name=\"twitter:data1\" content=\"ppdegaliciaredes\" \/>\n\t<meta name=\"twitter:label2\" content=\"Tiempo de lectura\" \/>\n\t<meta name=\"twitter:data2\" content=\"3 minutos\" \/>\n<script type=\"application\/ld+json\" class=\"yoast-schema-graph\">{\"@context\":\"https:\\\/\\\/schema.org\",\"@graph\":[{\"@type\":\"Article\",\"@id\":\"https:\\\/\\\/ppdegalicia.com\\\/es\\\/o-parlamento-pide-o-cese-da-ministra-e-a-secretaria-de-estado-de-igualdade-polas-declaracions-sobre-as-rebaixas-de-penas-e-excarceracions-a-agresores-sexuais-beneficiados-pola-lei-do-so-si-e-si\\\/#article\",\"isPartOf\":{\"@id\":\"https:\\\/\\\/ppdegalicia.com\\\/es\\\/o-parlamento-pide-o-cese-da-ministra-e-a-secretaria-de-estado-de-igualdade-polas-declaracions-sobre-as-rebaixas-de-penas-e-excarceracions-a-agresores-sexuais-beneficiados-pola-lei-do-so-si-e-si\\\/\"},\"author\":{\"name\":\"ppdegaliciaredes\",\"@id\":\"https:\\\/\\\/ppdegalicia.com\\\/es\\\/#\\\/schema\\\/person\\\/5b822c6f59e872ebdd1142f307dbcb59\"},\"headline\":\"O Parlamento pide o cese da ministra e a secretaria de Estado de Igualdade polas declaraci\u00f3ns sobre as rebaixas de penas e excarceraci\u00f3ns a agresores sexuais beneficiados pola Lei do s\u00f3 s\u00ed \u00e9 si\",\"datePublished\":\"2023-02-08T13:16:13+00:00\",\"mainEntityOfPage\":{\"@id\":\"https:\\\/\\\/ppdegalicia.com\\\/es\\\/o-parlamento-pide-o-cese-da-ministra-e-a-secretaria-de-estado-de-igualdade-polas-declaracions-sobre-as-rebaixas-de-penas-e-excarceracions-a-agresores-sexuais-beneficiados-pola-lei-do-so-si-e-si\\\/\"},\"wordCount\":595,\"commentCount\":0,\"publisher\":{\"@id\":\"https:\\\/\\\/ppdegalicia.com\\\/es\\\/#organization\"},\"image\":{\"@id\":\"https:\\\/\\\/ppdegalicia.com\\\/es\\\/o-parlamento-pide-o-cese-da-ministra-e-a-secretaria-de-estado-de-igualdade-polas-declaracions-sobre-as-rebaixas-de-penas-e-excarceracions-a-agresores-sexuais-beneficiados-pola-lei-do-so-si-e-si\\\/#primaryimage\"},\"thumbnailUrl\":\"https:\\\/\\\/ppdegalicia.com\\\/wp-content\\\/uploads\\\/2023\\\/02\\\/716c8ffca918f9b9885c83fc7efb8fa6.jpg\",\"articleSection\":[\"PP de Galicia\"],\"inLanguage\":\"es\",\"potentialAction\":[{\"@type\":\"CommentAction\",\"name\":\"Comment\",\"target\":[\"https:\\\/\\\/ppdegalicia.com\\\/es\\\/o-parlamento-pide-o-cese-da-ministra-e-a-secretaria-de-estado-de-igualdade-polas-declaracions-sobre-as-rebaixas-de-penas-e-excarceracions-a-agresores-sexuais-beneficiados-pola-lei-do-so-si-e-si\\\/#respond\"]}]},{\"@type\":\"WebPage\",\"@id\":\"https:\\\/\\\/ppdegalicia.com\\\/es\\\/o-parlamento-pide-o-cese-da-ministra-e-a-secretaria-de-estado-de-igualdade-polas-declaracions-sobre-as-rebaixas-de-penas-e-excarceracions-a-agresores-sexuais-beneficiados-pola-lei-do-so-si-e-si\\\/\",\"url\":\"https:\\\/\\\/ppdegalicia.com\\\/es\\\/o-parlamento-pide-o-cese-da-ministra-e-a-secretaria-de-estado-de-igualdade-polas-declaracions-sobre-as-rebaixas-de-penas-e-excarceracions-a-agresores-sexuais-beneficiados-pola-lei-do-so-si-e-si\\\/\",\"name\":\"O Parlamento pide o cese da ministra e a secretaria de Estado de Igualdade polas declaraci\u00f3ns sobre as rebaixas de penas e excarceraci\u00f3ns a agresores sexuais beneficiados pola Lei do s\u00f3 s\u00ed \u00e9 si - PP de Galicia\",\"isPartOf\":{\"@id\":\"https:\\\/\\\/ppdegalicia.com\\\/es\\\/#website\"},\"primaryImageOfPage\":{\"@id\":\"https:\\\/\\\/ppdegalicia.com\\\/es\\\/o-parlamento-pide-o-cese-da-ministra-e-a-secretaria-de-estado-de-igualdade-polas-declaracions-sobre-as-rebaixas-de-penas-e-excarceracions-a-agresores-sexuais-beneficiados-pola-lei-do-so-si-e-si\\\/#primaryimage\"},\"image\":{\"@id\":\"https:\\\/\\\/ppdegalicia.com\\\/es\\\/o-parlamento-pide-o-cese-da-ministra-e-a-secretaria-de-estado-de-igualdade-polas-declaracions-sobre-as-rebaixas-de-penas-e-excarceracions-a-agresores-sexuais-beneficiados-pola-lei-do-so-si-e-si\\\/#primaryimage\"},\"thumbnailUrl\":\"https:\\\/\\\/ppdegalicia.com\\\/wp-content\\\/uploads\\\/2023\\\/02\\\/716c8ffca918f9b9885c83fc7efb8fa6.jpg\",\"datePublished\":\"2023-02-08T13:16:13+00:00\",\"breadcrumb\":{\"@id\":\"https:\\\/\\\/ppdegalicia.com\\\/es\\\/o-parlamento-pide-o-cese-da-ministra-e-a-secretaria-de-estado-de-igualdade-polas-declaracions-sobre-as-rebaixas-de-penas-e-excarceracions-a-agresores-sexuais-beneficiados-pola-lei-do-so-si-e-si\\\/#breadcrumb\"},\"inLanguage\":\"es\",\"potentialAction\":[{\"@type\":\"ReadAction\",\"target\":[\"https:\\\/\\\/ppdegalicia.com\\\/es\\\/o-parlamento-pide-o-cese-da-ministra-e-a-secretaria-de-estado-de-igualdade-polas-declaracions-sobre-as-rebaixas-de-penas-e-excarceracions-a-agresores-sexuais-beneficiados-pola-lei-do-so-si-e-si\\\/\"]}]},{\"@type\":\"ImageObject\",\"inLanguage\":\"es\",\"@id\":\"https:\\\/\\\/ppdegalicia.com\\\/es\\\/o-parlamento-pide-o-cese-da-ministra-e-a-secretaria-de-estado-de-igualdade-polas-declaracions-sobre-as-rebaixas-de-penas-e-excarceracions-a-agresores-sexuais-beneficiados-pola-lei-do-so-si-e-si\\\/#primaryimage\",\"url\":\"https:\\\/\\\/ppdegalicia.com\\\/wp-content\\\/uploads\\\/2023\\\/02\\\/716c8ffca918f9b9885c83fc7efb8fa6.jpg\",\"contentUrl\":\"https:\\\/\\\/ppdegalicia.com\\\/wp-content\\\/uploads\\\/2023\\\/02\\\/716c8ffca918f9b9885c83fc7efb8fa6.jpg\",\"width\":1920,\"height\":1080},{\"@type\":\"BreadcrumbList\",\"@id\":\"https:\\\/\\\/ppdegalicia.com\\\/es\\\/o-parlamento-pide-o-cese-da-ministra-e-a-secretaria-de-estado-de-igualdade-polas-declaracions-sobre-as-rebaixas-de-penas-e-excarceracions-a-agresores-sexuais-beneficiados-pola-lei-do-so-si-e-si\\\/#breadcrumb\",\"itemListElement\":[{\"@type\":\"ListItem\",\"position\":1,\"name\":\"Portada\",\"item\":\"https:\\\/\\\/ppdegalicia.com\\\/es\\\/\"},{\"@type\":\"ListItem\",\"position\":2,\"name\":\"O Parlamento pide o cese da ministra e a secretaria de Estado de Igualdade polas declaraci\u00f3ns sobre as rebaixas de penas e excarceraci\u00f3ns a agresores sexuais beneficiados pola Lei do s\u00f3 s\u00ed \u00e9 si\"}]},{\"@type\":\"WebSite\",\"@id\":\"https:\\\/\\\/ppdegalicia.com\\\/es\\\/#website\",\"url\":\"https:\\\/\\\/ppdegalicia.com\\\/es\\\/\",\"name\":\"Partido Popular de Galicia\",\"description\":\"Partido Popular de Galicia\",\"publisher\":{\"@id\":\"https:\\\/\\\/ppdegalicia.com\\\/es\\\/#organization\"},\"alternateName\":\"PP de Galicia\",\"potentialAction\":[{\"@type\":\"SearchAction\",\"target\":{\"@type\":\"EntryPoint\",\"urlTemplate\":\"https:\\\/\\\/ppdegalicia.com\\\/es\\\/?s={search_term_string}\"},\"query-input\":{\"@type\":\"PropertyValueSpecification\",\"valueRequired\":true,\"valueName\":\"search_term_string\"}}],\"inLanguage\":\"es\"},{\"@type\":\"Organization\",\"@id\":\"https:\\\/\\\/ppdegalicia.com\\\/es\\\/#organization\",\"name\":\"Partido Popular de Galicia\",\"alternateName\":\"PP de Galicia\",\"url\":\"https:\\\/\\\/ppdegalicia.com\\\/es\\\/\",\"logo\":{\"@type\":\"ImageObject\",\"inLanguage\":\"es\",\"@id\":\"https:\\\/\\\/ppdegalicia.com\\\/es\\\/#\\\/schema\\\/logo\\\/image\\\/\",\"url\":\"https:\\\/\\\/ppdegalicia.com\\\/wp-content\\\/uploads\\\/2023\\\/04\\\/logoPP512.png\",\"contentUrl\":\"https:\\\/\\\/ppdegalicia.com\\\/wp-content\\\/uploads\\\/2023\\\/04\\\/logoPP512.png\",\"width\":512,\"height\":512,\"caption\":\"Partido Popular de Galicia\"},\"image\":{\"@id\":\"https:\\\/\\\/ppdegalicia.com\\\/es\\\/#\\\/schema\\\/logo\\\/image\\\/\"},\"sameAs\":[\"https:\\\/\\\/www.instagram.com\\\/ppdegalicia\\\/\",\"https:\\\/\\\/x.com\\\/ppdegalicia\",\"https:\\\/\\\/www.tiktok.com\\\/@ppdegalicia\",\"https:\\\/\\\/www.youtube.com\\\/user\\\/ppdegalicia\"]},{\"@type\":\"Person\",\"@id\":\"https:\\\/\\\/ppdegalicia.com\\\/es\\\/#\\\/schema\\\/person\\\/5b822c6f59e872ebdd1142f307dbcb59\",\"name\":\"ppdegaliciaredes\",\"image\":{\"@type\":\"ImageObject\",\"inLanguage\":\"es\",\"@id\":\"https:\\\/\\\/secure.gravatar.com\\\/avatar\\\/3c9179cf0256d00c72a48d1f25783c58b6842cd56e85ef3a572881c8e28ccd59?s=96&d=mm&r=g\",\"url\":\"https:\\\/\\\/secure.gravatar.com\\\/avatar\\\/3c9179cf0256d00c72a48d1f25783c58b6842cd56e85ef3a572881c8e28ccd59?s=96&d=mm&r=g\",\"contentUrl\":\"https:\\\/\\\/secure.gravatar.com\\\/avatar\\\/3c9179cf0256d00c72a48d1f25783c58b6842cd56e85ef3a572881c8e28ccd59?s=96&d=mm&r=g\",\"caption\":\"ppdegaliciaredes\"},\"url\":\"https:\\\/\\\/ppdegalicia.com\\\/es\\\/author\\\/ppdegaliciaredes\\\/\"}]}<\/script>\n<!-- \/ Yoast SEO plugin. -->","yoast_head_json":{"title":"O Parlamento pide o cese da ministra e a secretaria de Estado de Igualdade polas declaraci\u00f3ns sobre as rebaixas de penas e excarceraci\u00f3ns a agresores sexuais beneficiados pola Lei do s\u00f3 s\u00ed \u00e9 si - PP de Galicia","robots":{"index":"index","follow":"follow","max-snippet":"max-snippet:-1","max-image-preview":"max-image-preview:large","max-video-preview":"max-video-preview:-1"},"canonical":"https:\/\/ppdegalicia.com\/es\/o-parlamento-pide-o-cese-da-ministra-e-a-secretaria-de-estado-de-igualdade-polas-declaracions-sobre-as-rebaixas-de-penas-e-excarceracions-a-agresores-sexuais-beneficiados-pola-lei-do-so-si-e-si\/","og_locale":"es_ES","og_type":"article","og_title":"O Parlamento pide o cese da ministra e a secretaria de Estado de Igualdade polas declaraci\u00f3ns sobre as rebaixas de penas e excarceraci\u00f3ns a agresores sexuais beneficiados pola Lei do s\u00f3 s\u00ed \u00e9 si - PP de Galicia","og_description":"8 de febreiro de 2023. O Pleno do Parlamento de Galicia aprobou hoxe a proposici\u00f3n non de lei do Grupo Popular, co voto en contra do BNG e do PSdeG, a trav\u00e9s da que se pide o cese inmediato da ministra de Igualdade e da secretaria de Estado de Igualdade polas irresponsables e indignas declaraci\u00f3ns [&hellip;]","og_url":"https:\/\/ppdegalicia.com\/es\/o-parlamento-pide-o-cese-da-ministra-e-a-secretaria-de-estado-de-igualdade-polas-declaracions-sobre-as-rebaixas-de-penas-e-excarceracions-a-agresores-sexuais-beneficiados-pola-lei-do-so-si-e-si\/","og_site_name":"PP de Galicia","article_publisher":"https:\/\/www.instagram.com\/ppdegalicia\/","article_published_time":"2023-02-08T13:16:13+00:00","og_image":[{"width":1920,"height":1080,"url":"https:\/\/ppdegalicia.com\/wp-content\/uploads\/2023\/02\/716c8ffca918f9b9885c83fc7efb8fa6.jpg","type":"image\/jpeg"}],"author":"ppdegaliciaredes","twitter_card":"summary_large_image","twitter_creator":"@ppdegalicia","twitter_site":"@ppdegalicia","twitter_misc":{"Escrito por":"ppdegaliciaredes","Tiempo de lectura":"3 minutos"},"schema":{"@context":"https:\/\/schema.org","@graph":[{"@type":"Article","@id":"https:\/\/ppdegalicia.com\/es\/o-parlamento-pide-o-cese-da-ministra-e-a-secretaria-de-estado-de-igualdade-polas-declaracions-sobre-as-rebaixas-de-penas-e-excarceracions-a-agresores-sexuais-beneficiados-pola-lei-do-so-si-e-si\/#article","isPartOf":{"@id":"https:\/\/ppdegalicia.com\/es\/o-parlamento-pide-o-cese-da-ministra-e-a-secretaria-de-estado-de-igualdade-polas-declaracions-sobre-as-rebaixas-de-penas-e-excarceracions-a-agresores-sexuais-beneficiados-pola-lei-do-so-si-e-si\/"},"author":{"name":"ppdegaliciaredes","@id":"https:\/\/ppdegalicia.com\/es\/#\/schema\/person\/5b822c6f59e872ebdd1142f307dbcb59"},"headline":"O Parlamento pide o cese da ministra e a secretaria de Estado de Igualdade polas declaraci\u00f3ns sobre as rebaixas de penas e excarceraci\u00f3ns a agresores sexuais beneficiados pola Lei do s\u00f3 s\u00ed \u00e9 si","datePublished":"2023-02-08T13:16:13+00:00","mainEntityOfPage":{"@id":"https:\/\/ppdegalicia.com\/es\/o-parlamento-pide-o-cese-da-ministra-e-a-secretaria-de-estado-de-igualdade-polas-declaracions-sobre-as-rebaixas-de-penas-e-excarceracions-a-agresores-sexuais-beneficiados-pola-lei-do-so-si-e-si\/"},"wordCount":595,"commentCount":0,"publisher":{"@id":"https:\/\/ppdegalicia.com\/es\/#organization"},"image":{"@id":"https:\/\/ppdegalicia.com\/es\/o-parlamento-pide-o-cese-da-ministra-e-a-secretaria-de-estado-de-igualdade-polas-declaracions-sobre-as-rebaixas-de-penas-e-excarceracions-a-agresores-sexuais-beneficiados-pola-lei-do-so-si-e-si\/#primaryimage"},"thumbnailUrl":"https:\/\/ppdegalicia.com\/wp-content\/uploads\/2023\/02\/716c8ffca918f9b9885c83fc7efb8fa6.jpg","articleSection":["PP de Galicia"],"inLanguage":"es","potentialAction":[{"@type":"CommentAction","name":"Comment","target":["https:\/\/ppdegalicia.com\/es\/o-parlamento-pide-o-cese-da-ministra-e-a-secretaria-de-estado-de-igualdade-polas-declaracions-sobre-as-rebaixas-de-penas-e-excarceracions-a-agresores-sexuais-beneficiados-pola-lei-do-so-si-e-si\/#respond"]}]},{"@type":"WebPage","@id":"https:\/\/ppdegalicia.com\/es\/o-parlamento-pide-o-cese-da-ministra-e-a-secretaria-de-estado-de-igualdade-polas-declaracions-sobre-as-rebaixas-de-penas-e-excarceracions-a-agresores-sexuais-beneficiados-pola-lei-do-so-si-e-si\/","url":"https:\/\/ppdegalicia.com\/es\/o-parlamento-pide-o-cese-da-ministra-e-a-secretaria-de-estado-de-igualdade-polas-declaracions-sobre-as-rebaixas-de-penas-e-excarceracions-a-agresores-sexuais-beneficiados-pola-lei-do-so-si-e-si\/","name":"O Parlamento pide o cese da ministra e a secretaria de Estado de Igualdade polas declaraci\u00f3ns sobre as rebaixas de penas e excarceraci\u00f3ns a agresores sexuais beneficiados pola Lei do s\u00f3 s\u00ed \u00e9 si - PP de Galicia","isPartOf":{"@id":"https:\/\/ppdegalicia.com\/es\/#website"},"primaryImageOfPage":{"@id":"https:\/\/ppdegalicia.com\/es\/o-parlamento-pide-o-cese-da-ministra-e-a-secretaria-de-estado-de-igualdade-polas-declaracions-sobre-as-rebaixas-de-penas-e-excarceracions-a-agresores-sexuais-beneficiados-pola-lei-do-so-si-e-si\/#primaryimage"},"image":{"@id":"https:\/\/ppdegalicia.com\/es\/o-parlamento-pide-o-cese-da-ministra-e-a-secretaria-de-estado-de-igualdade-polas-declaracions-sobre-as-rebaixas-de-penas-e-excarceracions-a-agresores-sexuais-beneficiados-pola-lei-do-so-si-e-si\/#primaryimage"},"thumbnailUrl":"https:\/\/ppdegalicia.com\/wp-content\/uploads\/2023\/02\/716c8ffca918f9b9885c83fc7efb8fa6.jpg","datePublished":"2023-02-08T13:16:13+00:00","breadcrumb":{"@id":"https:\/\/ppdegalicia.com\/es\/o-parlamento-pide-o-cese-da-ministra-e-a-secretaria-de-estado-de-igualdade-polas-declaracions-sobre-as-rebaixas-de-penas-e-excarceracions-a-agresores-sexuais-beneficiados-pola-lei-do-so-si-e-si\/#breadcrumb"},"inLanguage":"es","potentialAction":[{"@type":"ReadAction","target":["https:\/\/ppdegalicia.com\/es\/o-parlamento-pide-o-cese-da-ministra-e-a-secretaria-de-estado-de-igualdade-polas-declaracions-sobre-as-rebaixas-de-penas-e-excarceracions-a-agresores-sexuais-beneficiados-pola-lei-do-so-si-e-si\/"]}]},{"@type":"ImageObject","inLanguage":"es","@id":"https:\/\/ppdegalicia.com\/es\/o-parlamento-pide-o-cese-da-ministra-e-a-secretaria-de-estado-de-igualdade-polas-declaracions-sobre-as-rebaixas-de-penas-e-excarceracions-a-agresores-sexuais-beneficiados-pola-lei-do-so-si-e-si\/#primaryimage","url":"https:\/\/ppdegalicia.com\/wp-content\/uploads\/2023\/02\/716c8ffca918f9b9885c83fc7efb8fa6.jpg","contentUrl":"https:\/\/ppdegalicia.com\/wp-content\/uploads\/2023\/02\/716c8ffca918f9b9885c83fc7efb8fa6.jpg","width":1920,"height":1080},{"@type":"BreadcrumbList","@id":"https:\/\/ppdegalicia.com\/es\/o-parlamento-pide-o-cese-da-ministra-e-a-secretaria-de-estado-de-igualdade-polas-declaracions-sobre-as-rebaixas-de-penas-e-excarceracions-a-agresores-sexuais-beneficiados-pola-lei-do-so-si-e-si\/#breadcrumb","itemListElement":[{"@type":"ListItem","position":1,"name":"Portada","item":"https:\/\/ppdegalicia.com\/es\/"},{"@type":"ListItem","position":2,"name":"O Parlamento pide o cese da ministra e a secretaria de Estado de Igualdade polas declaraci\u00f3ns sobre as rebaixas de penas e excarceraci\u00f3ns a agresores sexuais beneficiados pola Lei do s\u00f3 s\u00ed \u00e9 si"}]},{"@type":"WebSite","@id":"https:\/\/ppdegalicia.com\/es\/#website","url":"https:\/\/ppdegalicia.com\/es\/","name":"Partido Popular de Galicia","description":"Partido Popular de Galicia","publisher":{"@id":"https:\/\/ppdegalicia.com\/es\/#organization"},"alternateName":"PP de Galicia","potentialAction":[{"@type":"SearchAction","target":{"@type":"EntryPoint","urlTemplate":"https:\/\/ppdegalicia.com\/es\/?s={search_term_string}"},"query-input":{"@type":"PropertyValueSpecification","valueRequired":true,"valueName":"search_term_string"}}],"inLanguage":"es"},{"@type":"Organization","@id":"https:\/\/ppdegalicia.com\/es\/#organization","name":"Partido Popular de Galicia","alternateName":"PP de Galicia","url":"https:\/\/ppdegalicia.com\/es\/","logo":{"@type":"ImageObject","inLanguage":"es","@id":"https:\/\/ppdegalicia.com\/es\/#\/schema\/logo\/image\/","url":"https:\/\/ppdegalicia.com\/wp-content\/uploads\/2023\/04\/logoPP512.png","contentUrl":"https:\/\/ppdegalicia.com\/wp-content\/uploads\/2023\/04\/logoPP512.png","width":512,"height":512,"caption":"Partido Popular de Galicia"},"image":{"@id":"https:\/\/ppdegalicia.com\/es\/#\/schema\/logo\/image\/"},"sameAs":["https:\/\/www.instagram.com\/ppdegalicia\/","https:\/\/x.com\/ppdegalicia","https:\/\/www.tiktok.com\/@ppdegalicia","https:\/\/www.youtube.com\/user\/ppdegalicia"]},{"@type":"Person","@id":"https:\/\/ppdegalicia.com\/es\/#\/schema\/person\/5b822c6f59e872ebdd1142f307dbcb59","name":"ppdegaliciaredes","image":{"@type":"ImageObject","inLanguage":"es","@id":"https:\/\/secure.gravatar.com\/avatar\/3c9179cf0256d00c72a48d1f25783c58b6842cd56e85ef3a572881c8e28ccd59?s=96&d=mm&r=g","url":"https:\/\/secure.gravatar.com\/avatar\/3c9179cf0256d00c72a48d1f25783c58b6842cd56e85ef3a572881c8e28ccd59?s=96&d=mm&r=g","contentUrl":"https:\/\/secure.gravatar.com\/avatar\/3c9179cf0256d00c72a48d1f25783c58b6842cd56e85ef3a572881c8e28ccd59?s=96&d=mm&r=g","caption":"ppdegaliciaredes"},"url":"https:\/\/ppdegalicia.com\/es\/author\/ppdegaliciaredes\/"}]}},"_links":{"self":[{"href":"https:\/\/ppdegalicia.com\/es\/wp-json\/wp\/v2\/posts\/57904","targetHints":{"allow":["GET"]}}],"collection":[{"href":"https:\/\/ppdegalicia.com\/es\/wp-json\/wp\/v2\/posts"}],"about":[{"href":"https:\/\/ppdegalicia.com\/es\/wp-json\/wp\/v2\/types\/post"}],"author":[{"embeddable":true,"href":"https:\/\/ppdegalicia.com\/es\/wp-json\/wp\/v2\/users\/38"}],"replies":[{"embeddable":true,"href":"https:\/\/ppdegalicia.com\/es\/wp-json\/wp\/v2\/comments?post=57904"}],"version-history":[{"count":0,"href":"https:\/\/ppdegalicia.com\/es\/wp-json\/wp\/v2\/posts\/57904\/revisions"}],"wp:featuredmedia":[{"embeddable":true,"href":"https:\/\/ppdegalicia.com\/es\/wp-json\/wp\/v2\/media\/57903"}],"wp:attachment":[{"href":"https:\/\/ppdegalicia.com\/es\/wp-json\/wp\/v2\/media?parent=57904"}],"wp:term":[{"taxonomy":"category","embeddable":true,"href":"https:\/\/ppdegalicia.com\/es\/wp-json\/wp\/v2\/categories?post=57904"},{"taxonomy":"post_tag","embeddable":true,"href":"https:\/\/ppdegalicia.com\/es\/wp-json\/wp\/v2\/tags?post=57904"}],"curies":[{"name":"wp","href":"https:\/\/api.w.org\/{rel}","templated":true}]}}