{"id":57908,"date":"2023-02-10T08:58:15","date_gmt":"2023-02-10T06:58:15","guid":{"rendered":"https:\/\/ppdegalicia.com\/o-parlamento-galego-pide-ao-ministerio-unha-nova-normativa-que-regule-ao-profesorado-tecnico-de-fp-para-que-se-integren-no-corpo-de-mestres-de-ensino-secundario\/"},"modified":"2023-02-10T08:58:15","modified_gmt":"2023-02-10T06:58:15","slug":"o-parlamento-galego-pide-ao-ministerio-unha-nova-normativa-que-regule-ao-profesorado-tecnico-de-fp-para-que-se-integren-no-corpo-de-mestres-de-ensino-secundario","status":"publish","type":"post","link":"https:\/\/ppdegalicia.com\/es\/o-parlamento-galego-pide-ao-ministerio-unha-nova-normativa-que-regule-ao-profesorado-tecnico-de-fp-para-que-se-integren-no-corpo-de-mestres-de-ensino-secundario\/","title":{"rendered":"O Parlamento galego pide ao Ministerio unha nova normativa que regule ao profesorado t\u00e9cnico de FP para que se integren no corpo de mestres de ensino secundario"},"content":{"rendered":"<p><img fetchpriority=\"high\" decoding=\"async\" class=\" size-full wp-image-57907\" src=\"https:\/\/ppdegalicia.com\/wp-content\/uploads\/2023\/02\/4f09b777f75bf555fcb1629203516a5c.jpg\" alt=\"\" width=\"1900\" height=\"1267\" srcset=\"https:\/\/ppdegalicia.com\/wp-content\/uploads\/2023\/02\/4f09b777f75bf555fcb1629203516a5c.jpg 1900w, https:\/\/ppdegalicia.com\/wp-content\/uploads\/2023\/02\/4f09b777f75bf555fcb1629203516a5c-300x200.jpg 300w, https:\/\/ppdegalicia.com\/wp-content\/uploads\/2023\/02\/4f09b777f75bf555fcb1629203516a5c-1024x683.jpg 1024w, https:\/\/ppdegalicia.com\/wp-content\/uploads\/2023\/02\/4f09b777f75bf555fcb1629203516a5c-768x512.jpg 768w, https:\/\/ppdegalicia.com\/wp-content\/uploads\/2023\/02\/4f09b777f75bf555fcb1629203516a5c-1536x1024.jpg 1536w\" sizes=\"(max-width: 1900px) 100vw, 1900px\" \/><\/p>\n<p>9 de febreiro de 2023. O Parlamento de Galicia aprobou hoxe a proposici\u00f3n non de lei do Grupo Popular, que non contou co apoio do PSdeG, a trav\u00e9s da que se solicita ao Ministerio de Educaci\u00f3n e Formaci\u00f3n Profesional que non faga discriminaci\u00f3ns dentro do corpo do profesorado t\u00e9cnico de FP e elabore unha nova normativa para regular que estes mestres se integren no corpo de profesores de ensino secundario, con independencia de que te\u00f1an ou non titulo universitario.<\/p>\n<p><!--more--><\/p>\n<p>A deputada popular Felisa Rodr\u00edguez lembrou que a Lei estatal de Formaci\u00f3n Profesional facilita a integraci\u00f3n como profesores de ensino secundario daqueles docentes con titulaci\u00f3ns universitarias, pero deixa nunha situaci\u00f3n discriminatoria a aqueles docentes de especialidades formativas en sectores singulares da FP que s\u00f3 contan con titulaci\u00f3ns de t\u00e9cnicos superiores ou especialistas.<\/p>\n<p>\u00a0<\/p>\n<p><strong>M\u00c1IS DE 1.000 AFECTADOS EN GALICIA<\/strong><\/p>\n<p>\u00a0<\/p>\n<p>\u201cO corpo de profesores t\u00e9cnicos de FP vai desaparecer por decisi\u00f3n do Goberno central, nun proceso que est\u00e1 a crear desigualdades\u201d, indicou a deputada popular. En concreto, dixo que \u201ca estimaci\u00f3n \u00e9 que en Galicia hai m\u00e1is de 1.000 persoas \u00e1s que o Ministerio non tivo en conta no seu p\u00e9simo desenvolvemento normativo e para as que non contempla ningunha soluci\u00f3n\u201d.<\/p>\n<p>\u00a0<\/p>\n<p>A maior parte das persoas que non se integran son das 10 especialidades que se integran no novo corpo de profesores especialistas en sectores singulares da FP (como coci\u00f1a, carpinter\u00eda, soldadura, etc), pero tam\u00e9n hai persoas funcionarias de carreira que non se van a integrar por falta de titulaci\u00f3n nas 19 especialidades que se integran en profesores de ensino secundario.<\/p>\n<p>\u00a0<\/p>\n<p>Felisa Rodr\u00edguez pediu que \u201co Ministerio asuma responsabilidades polos seus desacertos e, sobre todo, dea soluci\u00f3ns aos afectados sen que a cuesti\u00f3n repercuta exclusivamente nas comunidades aut\u00f3nomas, como as administraci\u00f3ns educativas que te\u00f1en que executar a Lei estatal de Formaci\u00f3n Profesional e que, unha vez m\u00e1is, non se lles tivo en conta\u201d. <\/p>\n","protected":false},"excerpt":{"rendered":"<p>9 de febreiro de 2023. O Parlamento de Galicia aprobou hoxe a proposici\u00f3n non de lei do Grupo Popular, que non contou co apoio do PSdeG, a trav\u00e9s da que se solicita ao Ministerio de Educaci\u00f3n e Formaci\u00f3n Profesional que non faga discriminaci\u00f3ns dentro do corpo do profesorado t\u00e9cnico de FP e elabore unha nova [&hellip;]<\/p>\n","protected":false},"author":38,"featured_media":57907,"comment_status":"open","ping_status":"open","sticky":false,"template":"","format":"standard","meta":{"_acf_changed":false,"footnotes":""},"categories":[1],"tags":[],"class_list":["post-57908","post","type-post","status-publish","format-standard","has-post-thumbnail","hentry","category-pp-de-galicia"],"acf":[],"yoast_head":"<!-- This site is optimized with the Yoast SEO plugin v27.3 - https:\/\/yoast.com\/product\/yoast-seo-wordpress\/ -->\n<title>O Parlamento galego pide ao Ministerio unha nova normativa que regule ao profesorado t\u00e9cnico de FP para que se integren no corpo de mestres de ensino secundario - PP de Galicia<\/title>\n<meta name=\"robots\" content=\"index, follow, max-snippet:-1, max-image-preview:large, max-video-preview:-1\" \/>\n<link rel=\"canonical\" href=\"https:\/\/ppdegalicia.com\/es\/o-parlamento-galego-pide-ao-ministerio-unha-nova-normativa-que-regule-ao-profesorado-tecnico-de-fp-para-que-se-integren-no-corpo-de-mestres-de-ensino-secundario\/\" \/>\n<meta property=\"og:locale\" content=\"es_ES\" \/>\n<meta property=\"og:type\" content=\"article\" \/>\n<meta property=\"og:title\" content=\"O Parlamento galego pide ao Ministerio unha nova normativa que regule ao profesorado t\u00e9cnico de FP para que se integren no corpo de mestres de ensino secundario - PP de Galicia\" \/>\n<meta property=\"og:description\" content=\"9 de febreiro de 2023. O Parlamento de Galicia aprobou hoxe a proposici\u00f3n non de lei do Grupo Popular, que non contou co apoio do PSdeG, a trav\u00e9s da que se solicita ao Ministerio de Educaci\u00f3n e Formaci\u00f3n Profesional que non faga discriminaci\u00f3ns dentro do corpo do profesorado t\u00e9cnico de FP e elabore unha nova [&hellip;]\" \/>\n<meta property=\"og:url\" content=\"https:\/\/ppdegalicia.com\/es\/o-parlamento-galego-pide-ao-ministerio-unha-nova-normativa-que-regule-ao-profesorado-tecnico-de-fp-para-que-se-integren-no-corpo-de-mestres-de-ensino-secundario\/\" \/>\n<meta property=\"og:site_name\" content=\"PP de Galicia\" \/>\n<meta property=\"article:publisher\" content=\"https:\/\/www.instagram.com\/ppdegalicia\/\" \/>\n<meta property=\"article:published_time\" content=\"2023-02-10T06:58:15+00:00\" \/>\n<meta property=\"og:image\" content=\"https:\/\/ppdegalicia.com\/wp-content\/uploads\/2023\/02\/4f09b777f75bf555fcb1629203516a5c.jpg\" \/>\n\t<meta property=\"og:image:width\" content=\"1900\" \/>\n\t<meta property=\"og:image:height\" content=\"1267\" \/>\n\t<meta property=\"og:image:type\" content=\"image\/jpeg\" \/>\n<meta name=\"author\" content=\"ppdegaliciaredes\" \/>\n<meta name=\"twitter:card\" content=\"summary_large_image\" \/>\n<meta name=\"twitter:creator\" content=\"@ppdegalicia\" \/>\n<meta name=\"twitter:site\" content=\"@ppdegalicia\" \/>\n<meta name=\"twitter:label1\" content=\"Escrito por\" \/>\n\t<meta name=\"twitter:data1\" content=\"ppdegaliciaredes\" \/>\n\t<meta name=\"twitter:label2\" content=\"Tiempo de lectura\" \/>\n\t<meta name=\"twitter:data2\" content=\"2 minutos\" \/>\n<script type=\"application\/ld+json\" class=\"yoast-schema-graph\">{\"@context\":\"https:\\\/\\\/schema.org\",\"@graph\":[{\"@type\":\"Article\",\"@id\":\"https:\\\/\\\/ppdegalicia.com\\\/es\\\/o-parlamento-galego-pide-ao-ministerio-unha-nova-normativa-que-regule-ao-profesorado-tecnico-de-fp-para-que-se-integren-no-corpo-de-mestres-de-ensino-secundario\\\/#article\",\"isPartOf\":{\"@id\":\"https:\\\/\\\/ppdegalicia.com\\\/es\\\/o-parlamento-galego-pide-ao-ministerio-unha-nova-normativa-que-regule-ao-profesorado-tecnico-de-fp-para-que-se-integren-no-corpo-de-mestres-de-ensino-secundario\\\/\"},\"author\":{\"name\":\"ppdegaliciaredes\",\"@id\":\"https:\\\/\\\/ppdegalicia.com\\\/es\\\/#\\\/schema\\\/person\\\/5b822c6f59e872ebdd1142f307dbcb59\"},\"headline\":\"O Parlamento galego pide ao Ministerio unha nova normativa que regule ao profesorado t\u00e9cnico de FP para que se integren no corpo de mestres de ensino secundario\",\"datePublished\":\"2023-02-10T06:58:15+00:00\",\"mainEntityOfPage\":{\"@id\":\"https:\\\/\\\/ppdegalicia.com\\\/es\\\/o-parlamento-galego-pide-ao-ministerio-unha-nova-normativa-que-regule-ao-profesorado-tecnico-de-fp-para-que-se-integren-no-corpo-de-mestres-de-ensino-secundario\\\/\"},\"wordCount\":364,\"commentCount\":0,\"publisher\":{\"@id\":\"https:\\\/\\\/ppdegalicia.com\\\/es\\\/#organization\"},\"image\":{\"@id\":\"https:\\\/\\\/ppdegalicia.com\\\/es\\\/o-parlamento-galego-pide-ao-ministerio-unha-nova-normativa-que-regule-ao-profesorado-tecnico-de-fp-para-que-se-integren-no-corpo-de-mestres-de-ensino-secundario\\\/#primaryimage\"},\"thumbnailUrl\":\"https:\\\/\\\/ppdegalicia.com\\\/wp-content\\\/uploads\\\/2023\\\/02\\\/4f09b777f75bf555fcb1629203516a5c.jpg\",\"articleSection\":[\"PP de Galicia\"],\"inLanguage\":\"es\",\"potentialAction\":[{\"@type\":\"CommentAction\",\"name\":\"Comment\",\"target\":[\"https:\\\/\\\/ppdegalicia.com\\\/es\\\/o-parlamento-galego-pide-ao-ministerio-unha-nova-normativa-que-regule-ao-profesorado-tecnico-de-fp-para-que-se-integren-no-corpo-de-mestres-de-ensino-secundario\\\/#respond\"]}]},{\"@type\":\"WebPage\",\"@id\":\"https:\\\/\\\/ppdegalicia.com\\\/es\\\/o-parlamento-galego-pide-ao-ministerio-unha-nova-normativa-que-regule-ao-profesorado-tecnico-de-fp-para-que-se-integren-no-corpo-de-mestres-de-ensino-secundario\\\/\",\"url\":\"https:\\\/\\\/ppdegalicia.com\\\/es\\\/o-parlamento-galego-pide-ao-ministerio-unha-nova-normativa-que-regule-ao-profesorado-tecnico-de-fp-para-que-se-integren-no-corpo-de-mestres-de-ensino-secundario\\\/\",\"name\":\"O Parlamento galego pide ao Ministerio unha nova normativa que regule ao profesorado t\u00e9cnico de FP para que se integren no corpo de mestres de ensino secundario - PP de Galicia\",\"isPartOf\":{\"@id\":\"https:\\\/\\\/ppdegalicia.com\\\/es\\\/#website\"},\"primaryImageOfPage\":{\"@id\":\"https:\\\/\\\/ppdegalicia.com\\\/es\\\/o-parlamento-galego-pide-ao-ministerio-unha-nova-normativa-que-regule-ao-profesorado-tecnico-de-fp-para-que-se-integren-no-corpo-de-mestres-de-ensino-secundario\\\/#primaryimage\"},\"image\":{\"@id\":\"https:\\\/\\\/ppdegalicia.com\\\/es\\\/o-parlamento-galego-pide-ao-ministerio-unha-nova-normativa-que-regule-ao-profesorado-tecnico-de-fp-para-que-se-integren-no-corpo-de-mestres-de-ensino-secundario\\\/#primaryimage\"},\"thumbnailUrl\":\"https:\\\/\\\/ppdegalicia.com\\\/wp-content\\\/uploads\\\/2023\\\/02\\\/4f09b777f75bf555fcb1629203516a5c.jpg\",\"datePublished\":\"2023-02-10T06:58:15+00:00\",\"breadcrumb\":{\"@id\":\"https:\\\/\\\/ppdegalicia.com\\\/es\\\/o-parlamento-galego-pide-ao-ministerio-unha-nova-normativa-que-regule-ao-profesorado-tecnico-de-fp-para-que-se-integren-no-corpo-de-mestres-de-ensino-secundario\\\/#breadcrumb\"},\"inLanguage\":\"es\",\"potentialAction\":[{\"@type\":\"ReadAction\",\"target\":[\"https:\\\/\\\/ppdegalicia.com\\\/es\\\/o-parlamento-galego-pide-ao-ministerio-unha-nova-normativa-que-regule-ao-profesorado-tecnico-de-fp-para-que-se-integren-no-corpo-de-mestres-de-ensino-secundario\\\/\"]}]},{\"@type\":\"ImageObject\",\"inLanguage\":\"es\",\"@id\":\"https:\\\/\\\/ppdegalicia.com\\\/es\\\/o-parlamento-galego-pide-ao-ministerio-unha-nova-normativa-que-regule-ao-profesorado-tecnico-de-fp-para-que-se-integren-no-corpo-de-mestres-de-ensino-secundario\\\/#primaryimage\",\"url\":\"https:\\\/\\\/ppdegalicia.com\\\/wp-content\\\/uploads\\\/2023\\\/02\\\/4f09b777f75bf555fcb1629203516a5c.jpg\",\"contentUrl\":\"https:\\\/\\\/ppdegalicia.com\\\/wp-content\\\/uploads\\\/2023\\\/02\\\/4f09b777f75bf555fcb1629203516a5c.jpg\",\"width\":1900,\"height\":1267},{\"@type\":\"BreadcrumbList\",\"@id\":\"https:\\\/\\\/ppdegalicia.com\\\/es\\\/o-parlamento-galego-pide-ao-ministerio-unha-nova-normativa-que-regule-ao-profesorado-tecnico-de-fp-para-que-se-integren-no-corpo-de-mestres-de-ensino-secundario\\\/#breadcrumb\",\"itemListElement\":[{\"@type\":\"ListItem\",\"position\":1,\"name\":\"Portada\",\"item\":\"https:\\\/\\\/ppdegalicia.com\\\/es\\\/\"},{\"@type\":\"ListItem\",\"position\":2,\"name\":\"O Parlamento galego pide ao Ministerio unha nova normativa que regule ao profesorado t\u00e9cnico de FP para que se integren no corpo de mestres de ensino secundario\"}]},{\"@type\":\"WebSite\",\"@id\":\"https:\\\/\\\/ppdegalicia.com\\\/es\\\/#website\",\"url\":\"https:\\\/\\\/ppdegalicia.com\\\/es\\\/\",\"name\":\"Partido Popular de Galicia\",\"description\":\"Partido Popular de Galicia\",\"publisher\":{\"@id\":\"https:\\\/\\\/ppdegalicia.com\\\/es\\\/#organization\"},\"alternateName\":\"PP de Galicia\",\"potentialAction\":[{\"@type\":\"SearchAction\",\"target\":{\"@type\":\"EntryPoint\",\"urlTemplate\":\"https:\\\/\\\/ppdegalicia.com\\\/es\\\/?s={search_term_string}\"},\"query-input\":{\"@type\":\"PropertyValueSpecification\",\"valueRequired\":true,\"valueName\":\"search_term_string\"}}],\"inLanguage\":\"es\"},{\"@type\":\"Organization\",\"@id\":\"https:\\\/\\\/ppdegalicia.com\\\/es\\\/#organization\",\"name\":\"Partido Popular de Galicia\",\"alternateName\":\"PP de Galicia\",\"url\":\"https:\\\/\\\/ppdegalicia.com\\\/es\\\/\",\"logo\":{\"@type\":\"ImageObject\",\"inLanguage\":\"es\",\"@id\":\"https:\\\/\\\/ppdegalicia.com\\\/es\\\/#\\\/schema\\\/logo\\\/image\\\/\",\"url\":\"https:\\\/\\\/ppdegalicia.com\\\/wp-content\\\/uploads\\\/2023\\\/04\\\/logoPP512.png\",\"contentUrl\":\"https:\\\/\\\/ppdegalicia.com\\\/wp-content\\\/uploads\\\/2023\\\/04\\\/logoPP512.png\",\"width\":512,\"height\":512,\"caption\":\"Partido Popular de Galicia\"},\"image\":{\"@id\":\"https:\\\/\\\/ppdegalicia.com\\\/es\\\/#\\\/schema\\\/logo\\\/image\\\/\"},\"sameAs\":[\"https:\\\/\\\/www.instagram.com\\\/ppdegalicia\\\/\",\"https:\\\/\\\/x.com\\\/ppdegalicia\",\"https:\\\/\\\/www.tiktok.com\\\/@ppdegalicia\",\"https:\\\/\\\/www.youtube.com\\\/user\\\/ppdegalicia\"]},{\"@type\":\"Person\",\"@id\":\"https:\\\/\\\/ppdegalicia.com\\\/es\\\/#\\\/schema\\\/person\\\/5b822c6f59e872ebdd1142f307dbcb59\",\"name\":\"ppdegaliciaredes\",\"image\":{\"@type\":\"ImageObject\",\"inLanguage\":\"es\",\"@id\":\"https:\\\/\\\/secure.gravatar.com\\\/avatar\\\/3c9179cf0256d00c72a48d1f25783c58b6842cd56e85ef3a572881c8e28ccd59?s=96&d=mm&r=g\",\"url\":\"https:\\\/\\\/secure.gravatar.com\\\/avatar\\\/3c9179cf0256d00c72a48d1f25783c58b6842cd56e85ef3a572881c8e28ccd59?s=96&d=mm&r=g\",\"contentUrl\":\"https:\\\/\\\/secure.gravatar.com\\\/avatar\\\/3c9179cf0256d00c72a48d1f25783c58b6842cd56e85ef3a572881c8e28ccd59?s=96&d=mm&r=g\",\"caption\":\"ppdegaliciaredes\"},\"url\":\"https:\\\/\\\/ppdegalicia.com\\\/es\\\/author\\\/ppdegaliciaredes\\\/\"}]}<\/script>\n<!-- \/ Yoast SEO plugin. -->","yoast_head_json":{"title":"O Parlamento galego pide ao Ministerio unha nova normativa que regule ao profesorado t\u00e9cnico de FP para que se integren no corpo de mestres de ensino secundario - PP de Galicia","robots":{"index":"index","follow":"follow","max-snippet":"max-snippet:-1","max-image-preview":"max-image-preview:large","max-video-preview":"max-video-preview:-1"},"canonical":"https:\/\/ppdegalicia.com\/es\/o-parlamento-galego-pide-ao-ministerio-unha-nova-normativa-que-regule-ao-profesorado-tecnico-de-fp-para-que-se-integren-no-corpo-de-mestres-de-ensino-secundario\/","og_locale":"es_ES","og_type":"article","og_title":"O Parlamento galego pide ao Ministerio unha nova normativa que regule ao profesorado t\u00e9cnico de FP para que se integren no corpo de mestres de ensino secundario - PP de Galicia","og_description":"9 de febreiro de 2023. O Parlamento de Galicia aprobou hoxe a proposici\u00f3n non de lei do Grupo Popular, que non contou co apoio do PSdeG, a trav\u00e9s da que se solicita ao Ministerio de Educaci\u00f3n e Formaci\u00f3n Profesional que non faga discriminaci\u00f3ns dentro do corpo do profesorado t\u00e9cnico de FP e elabore unha nova [&hellip;]","og_url":"https:\/\/ppdegalicia.com\/es\/o-parlamento-galego-pide-ao-ministerio-unha-nova-normativa-que-regule-ao-profesorado-tecnico-de-fp-para-que-se-integren-no-corpo-de-mestres-de-ensino-secundario\/","og_site_name":"PP de Galicia","article_publisher":"https:\/\/www.instagram.com\/ppdegalicia\/","article_published_time":"2023-02-10T06:58:15+00:00","og_image":[{"width":1900,"height":1267,"url":"https:\/\/ppdegalicia.com\/wp-content\/uploads\/2023\/02\/4f09b777f75bf555fcb1629203516a5c.jpg","type":"image\/jpeg"}],"author":"ppdegaliciaredes","twitter_card":"summary_large_image","twitter_creator":"@ppdegalicia","twitter_site":"@ppdegalicia","twitter_misc":{"Escrito por":"ppdegaliciaredes","Tiempo de lectura":"2 minutos"},"schema":{"@context":"https:\/\/schema.org","@graph":[{"@type":"Article","@id":"https:\/\/ppdegalicia.com\/es\/o-parlamento-galego-pide-ao-ministerio-unha-nova-normativa-que-regule-ao-profesorado-tecnico-de-fp-para-que-se-integren-no-corpo-de-mestres-de-ensino-secundario\/#article","isPartOf":{"@id":"https:\/\/ppdegalicia.com\/es\/o-parlamento-galego-pide-ao-ministerio-unha-nova-normativa-que-regule-ao-profesorado-tecnico-de-fp-para-que-se-integren-no-corpo-de-mestres-de-ensino-secundario\/"},"author":{"name":"ppdegaliciaredes","@id":"https:\/\/ppdegalicia.com\/es\/#\/schema\/person\/5b822c6f59e872ebdd1142f307dbcb59"},"headline":"O Parlamento galego pide ao Ministerio unha nova normativa que regule ao profesorado t\u00e9cnico de FP para que se integren no corpo de mestres de ensino secundario","datePublished":"2023-02-10T06:58:15+00:00","mainEntityOfPage":{"@id":"https:\/\/ppdegalicia.com\/es\/o-parlamento-galego-pide-ao-ministerio-unha-nova-normativa-que-regule-ao-profesorado-tecnico-de-fp-para-que-se-integren-no-corpo-de-mestres-de-ensino-secundario\/"},"wordCount":364,"commentCount":0,"publisher":{"@id":"https:\/\/ppdegalicia.com\/es\/#organization"},"image":{"@id":"https:\/\/ppdegalicia.com\/es\/o-parlamento-galego-pide-ao-ministerio-unha-nova-normativa-que-regule-ao-profesorado-tecnico-de-fp-para-que-se-integren-no-corpo-de-mestres-de-ensino-secundario\/#primaryimage"},"thumbnailUrl":"https:\/\/ppdegalicia.com\/wp-content\/uploads\/2023\/02\/4f09b777f75bf555fcb1629203516a5c.jpg","articleSection":["PP de Galicia"],"inLanguage":"es","potentialAction":[{"@type":"CommentAction","name":"Comment","target":["https:\/\/ppdegalicia.com\/es\/o-parlamento-galego-pide-ao-ministerio-unha-nova-normativa-que-regule-ao-profesorado-tecnico-de-fp-para-que-se-integren-no-corpo-de-mestres-de-ensino-secundario\/#respond"]}]},{"@type":"WebPage","@id":"https:\/\/ppdegalicia.com\/es\/o-parlamento-galego-pide-ao-ministerio-unha-nova-normativa-que-regule-ao-profesorado-tecnico-de-fp-para-que-se-integren-no-corpo-de-mestres-de-ensino-secundario\/","url":"https:\/\/ppdegalicia.com\/es\/o-parlamento-galego-pide-ao-ministerio-unha-nova-normativa-que-regule-ao-profesorado-tecnico-de-fp-para-que-se-integren-no-corpo-de-mestres-de-ensino-secundario\/","name":"O Parlamento galego pide ao Ministerio unha nova normativa que regule ao profesorado t\u00e9cnico de FP para que se integren no corpo de mestres de ensino secundario - PP de Galicia","isPartOf":{"@id":"https:\/\/ppdegalicia.com\/es\/#website"},"primaryImageOfPage":{"@id":"https:\/\/ppdegalicia.com\/es\/o-parlamento-galego-pide-ao-ministerio-unha-nova-normativa-que-regule-ao-profesorado-tecnico-de-fp-para-que-se-integren-no-corpo-de-mestres-de-ensino-secundario\/#primaryimage"},"image":{"@id":"https:\/\/ppdegalicia.com\/es\/o-parlamento-galego-pide-ao-ministerio-unha-nova-normativa-que-regule-ao-profesorado-tecnico-de-fp-para-que-se-integren-no-corpo-de-mestres-de-ensino-secundario\/#primaryimage"},"thumbnailUrl":"https:\/\/ppdegalicia.com\/wp-content\/uploads\/2023\/02\/4f09b777f75bf555fcb1629203516a5c.jpg","datePublished":"2023-02-10T06:58:15+00:00","breadcrumb":{"@id":"https:\/\/ppdegalicia.com\/es\/o-parlamento-galego-pide-ao-ministerio-unha-nova-normativa-que-regule-ao-profesorado-tecnico-de-fp-para-que-se-integren-no-corpo-de-mestres-de-ensino-secundario\/#breadcrumb"},"inLanguage":"es","potentialAction":[{"@type":"ReadAction","target":["https:\/\/ppdegalicia.com\/es\/o-parlamento-galego-pide-ao-ministerio-unha-nova-normativa-que-regule-ao-profesorado-tecnico-de-fp-para-que-se-integren-no-corpo-de-mestres-de-ensino-secundario\/"]}]},{"@type":"ImageObject","inLanguage":"es","@id":"https:\/\/ppdegalicia.com\/es\/o-parlamento-galego-pide-ao-ministerio-unha-nova-normativa-que-regule-ao-profesorado-tecnico-de-fp-para-que-se-integren-no-corpo-de-mestres-de-ensino-secundario\/#primaryimage","url":"https:\/\/ppdegalicia.com\/wp-content\/uploads\/2023\/02\/4f09b777f75bf555fcb1629203516a5c.jpg","contentUrl":"https:\/\/ppdegalicia.com\/wp-content\/uploads\/2023\/02\/4f09b777f75bf555fcb1629203516a5c.jpg","width":1900,"height":1267},{"@type":"BreadcrumbList","@id":"https:\/\/ppdegalicia.com\/es\/o-parlamento-galego-pide-ao-ministerio-unha-nova-normativa-que-regule-ao-profesorado-tecnico-de-fp-para-que-se-integren-no-corpo-de-mestres-de-ensino-secundario\/#breadcrumb","itemListElement":[{"@type":"ListItem","position":1,"name":"Portada","item":"https:\/\/ppdegalicia.com\/es\/"},{"@type":"ListItem","position":2,"name":"O Parlamento galego pide ao Ministerio unha nova normativa que regule ao profesorado t\u00e9cnico de FP para que se integren no corpo de mestres de ensino secundario"}]},{"@type":"WebSite","@id":"https:\/\/ppdegalicia.com\/es\/#website","url":"https:\/\/ppdegalicia.com\/es\/","name":"Partido Popular de Galicia","description":"Partido Popular de Galicia","publisher":{"@id":"https:\/\/ppdegalicia.com\/es\/#organization"},"alternateName":"PP de Galicia","potentialAction":[{"@type":"SearchAction","target":{"@type":"EntryPoint","urlTemplate":"https:\/\/ppdegalicia.com\/es\/?s={search_term_string}"},"query-input":{"@type":"PropertyValueSpecification","valueRequired":true,"valueName":"search_term_string"}}],"inLanguage":"es"},{"@type":"Organization","@id":"https:\/\/ppdegalicia.com\/es\/#organization","name":"Partido Popular de Galicia","alternateName":"PP de Galicia","url":"https:\/\/ppdegalicia.com\/es\/","logo":{"@type":"ImageObject","inLanguage":"es","@id":"https:\/\/ppdegalicia.com\/es\/#\/schema\/logo\/image\/","url":"https:\/\/ppdegalicia.com\/wp-content\/uploads\/2023\/04\/logoPP512.png","contentUrl":"https:\/\/ppdegalicia.com\/wp-content\/uploads\/2023\/04\/logoPP512.png","width":512,"height":512,"caption":"Partido Popular de Galicia"},"image":{"@id":"https:\/\/ppdegalicia.com\/es\/#\/schema\/logo\/image\/"},"sameAs":["https:\/\/www.instagram.com\/ppdegalicia\/","https:\/\/x.com\/ppdegalicia","https:\/\/www.tiktok.com\/@ppdegalicia","https:\/\/www.youtube.com\/user\/ppdegalicia"]},{"@type":"Person","@id":"https:\/\/ppdegalicia.com\/es\/#\/schema\/person\/5b822c6f59e872ebdd1142f307dbcb59","name":"ppdegaliciaredes","image":{"@type":"ImageObject","inLanguage":"es","@id":"https:\/\/secure.gravatar.com\/avatar\/3c9179cf0256d00c72a48d1f25783c58b6842cd56e85ef3a572881c8e28ccd59?s=96&d=mm&r=g","url":"https:\/\/secure.gravatar.com\/avatar\/3c9179cf0256d00c72a48d1f25783c58b6842cd56e85ef3a572881c8e28ccd59?s=96&d=mm&r=g","contentUrl":"https:\/\/secure.gravatar.com\/avatar\/3c9179cf0256d00c72a48d1f25783c58b6842cd56e85ef3a572881c8e28ccd59?s=96&d=mm&r=g","caption":"ppdegaliciaredes"},"url":"https:\/\/ppdegalicia.com\/es\/author\/ppdegaliciaredes\/"}]}},"_links":{"self":[{"href":"https:\/\/ppdegalicia.com\/es\/wp-json\/wp\/v2\/posts\/57908","targetHints":{"allow":["GET"]}}],"collection":[{"href":"https:\/\/ppdegalicia.com\/es\/wp-json\/wp\/v2\/posts"}],"about":[{"href":"https:\/\/ppdegalicia.com\/es\/wp-json\/wp\/v2\/types\/post"}],"author":[{"embeddable":true,"href":"https:\/\/ppdegalicia.com\/es\/wp-json\/wp\/v2\/users\/38"}],"replies":[{"embeddable":true,"href":"https:\/\/ppdegalicia.com\/es\/wp-json\/wp\/v2\/comments?post=57908"}],"version-history":[{"count":0,"href":"https:\/\/ppdegalicia.com\/es\/wp-json\/wp\/v2\/posts\/57908\/revisions"}],"wp:featuredmedia":[{"embeddable":true,"href":"https:\/\/ppdegalicia.com\/es\/wp-json\/wp\/v2\/media\/57907"}],"wp:attachment":[{"href":"https:\/\/ppdegalicia.com\/es\/wp-json\/wp\/v2\/media?parent=57908"}],"wp:term":[{"taxonomy":"category","embeddable":true,"href":"https:\/\/ppdegalicia.com\/es\/wp-json\/wp\/v2\/categories?post=57908"},{"taxonomy":"post_tag","embeddable":true,"href":"https:\/\/ppdegalicia.com\/es\/wp-json\/wp\/v2\/tags?post=57908"}],"curies":[{"name":"wp","href":"https:\/\/api.w.org\/{rel}","templated":true}]}}