{"id":57910,"date":"2023-02-10T12:21:32","date_gmt":"2023-02-10T10:21:32","guid":{"rendered":"https:\/\/ppdegalicia.com\/marta-fernandez-tapias-denuncia-que-o-goberno-central-maltrata-a-vigo-en-materia-ferroviaria-e-reprocha-ao-psoe-local-que-defenda-ao-seu-partido-antes-que-aos-vigueses\/"},"modified":"2023-02-10T12:21:32","modified_gmt":"2023-02-10T10:21:32","slug":"marta-fernandez-tapias-denuncia-que-o-goberno-central-maltrata-a-vigo-en-materia-ferroviaria-e-reprocha-ao-psoe-local-que-defenda-ao-seu-partido-antes-que-aos-vigueses","status":"publish","type":"post","link":"https:\/\/ppdegalicia.com\/es\/marta-fernandez-tapias-denuncia-que-o-goberno-central-maltrata-a-vigo-en-materia-ferroviaria-e-reprocha-ao-psoe-local-que-defenda-ao-seu-partido-antes-que-aos-vigueses\/","title":{"rendered":"Marta Fern\u00e1ndez-Tapias denuncia que o Goberno central \u201cmaltrata\u201d a Vigo en materia ferroviaria e reprocha ao PSOE local que \u201cdefenda ao seu partido antes que aos vigueses\u201d"},"content":{"rendered":"<p><img fetchpriority=\"high\" decoding=\"async\" class=\" size-full wp-image-57909\" src=\"https:\/\/ppdegalicia.com\/wp-content\/uploads\/2023\/02\/6e599b5bf6165d80fad97567eb3ebc7b-scaled.jpg\" alt=\"\" width=\"2560\" height=\"1707\" srcset=\"https:\/\/ppdegalicia.com\/wp-content\/uploads\/2023\/02\/6e599b5bf6165d80fad97567eb3ebc7b-scaled.jpg 2560w, https:\/\/ppdegalicia.com\/wp-content\/uploads\/2023\/02\/6e599b5bf6165d80fad97567eb3ebc7b-300x200.jpg 300w, https:\/\/ppdegalicia.com\/wp-content\/uploads\/2023\/02\/6e599b5bf6165d80fad97567eb3ebc7b-1024x683.jpg 1024w, https:\/\/ppdegalicia.com\/wp-content\/uploads\/2023\/02\/6e599b5bf6165d80fad97567eb3ebc7b-768x512.jpg 768w, https:\/\/ppdegalicia.com\/wp-content\/uploads\/2023\/02\/6e599b5bf6165d80fad97567eb3ebc7b-1536x1024.jpg 1536w, https:\/\/ppdegalicia.com\/wp-content\/uploads\/2023\/02\/6e599b5bf6165d80fad97567eb3ebc7b-2048x1366.jpg 2048w\" sizes=\"(max-width: 2560px) 100vw, 2560px\" \/><\/p>\n<p>10 de febreiro de 2023. A candidata do Partido Popular \u00e1 alcald\u00eda de Vigo, Marta Fern\u00e1ndez-Tapias, reprocha aos socialistas vigueses que mentres o Goberno central maltrata \u00e1 cidade en materia ferroviaria, elijen sempre defender ao seu partido antes que aos veci\u00f1os: \u201cSon m\u00e1is sanchistas que S\u00e1nchez\u201d.<\/p>\n<p><!--more--><\/p>\n<p>As\u00ed o manifestou esta ma\u00f1\u00e1 en declaraci\u00f3ns aos medios na estaci\u00f3n intermodal de Urzaiz e acompa\u00f1ada da secretaria xeral do Partido Popular de Galicia, Paula Prado. Al\u00ed exemplificou con cifras estes \u201cmalos tratos\u201d en materia ferroviaria asegurando que, en comparaci\u00f3n con antes da pandemia, Vigo perdeu seis conexi\u00f3ns con Pontevedra, o 75% das conexi\u00f3ns con Portugal e o 75% con Ourense.<\/p>\n<p>\u00c1 parte da perda de conexi\u00f3ns, a candidata \u00e1 alcald\u00eda denunciou que \u201csacar un billete resulta unha odisea\u201d e que \u201co bono anunciado aos catro ventos polo Goberno central queda en mera propaganda cando non hai trens para facer ese percorrido\u201d. Ao que haber\u00eda que engadir ademais as continuas incidencias e atrasos que \u201cdesesperan\u201d aos usuarios.<\/p>\n<p>Xunto aos atrasos na chegada dos trens Avril \u201cque deber\u00edan estar a funcionar desde o pasado ver\u00e1n\u201d, Fern\u00e1ndez-Tapias volveu demandar ao Executivo o Sa\u00edda Sur e o tren a Bouzas. Considera que esta conexi\u00f3n \u00e9 \u201cabsolutamente imprescindible para a conectividade e a competitividade do tecido industrial de Vigo\u201d.<\/p>\n<p>Por \u00faltimo, en referencia \u00e1 conexi\u00f3n por alta velocidade por Cerdedo, a candidata popular lembrou que xa en 1993 e sendo ministro, Abel Caballero promet\u00eda a chegada do AVE a Vigo: \u201cC\u00famprense trinta anos dese anuncio e a\u00ednda seguimos esperando\u201d.<\/p>\n<p>\u201cXa abonda de atrasos, de incumprimentos e de xogar coa paciencia e co futuro dos vigueses\u201d, conclu\u00edu Marta Fern\u00e1ndez-Tapias reivindicando que \u201cVigo def\u00e9ndese con feitos e non po\u00f1\u00e9ndose \u00e1 beira de quen prexudica \u00e1 cidade\u201d.<\/p>\n<p>\u00a0<\/p>\n<p><strong>PAULA PRADO: \u201cO SOCIALISMO NON CUMPRE NUNCA CON GALICIA\u201d<\/strong><\/p>\n<p>Pola s\u00faa banda, Paula Prado denunciou que Galicia \u201csegue cos trens m\u00e1is vellos e m\u00e1is caros de Espa\u00f1a\u201d, afe\u00e1ndolle ao Goberno central os seus reiterados incumprimentos ao redor da chegada dos trens Avril de alta velocidade \u00e1 Comunidade: \u201cO socialismo o \u00fanico que fai \u00e9 vender fume e non cumprir nunca con Galicia\u201d<\/p>\n<p>A n\u00famero dous dos populares galegos lembrou que a secretaria de Estado de Transportes prometeu en outubro do ano pasado que a alta velocidade chegar\u00eda a Galicia no primeiro trimestre de 2023 e que, cando fixo esta promesa, xa \u201cestaba a reiterar unha promesa que fixera o ver\u00e1n anterior\u201d.<\/p>\n<p>\u201cOs trens Avril non chegaron a Galicia nin no ver\u00e1n de 2021, nin en outubro de 2022, nin neste primeiro trimestre do 2023 e, por desgraza, tampouco chegar\u00e1n este ver\u00e1n. O socialismo o \u00fanico que fai \u00e9 vender fume e non cumprir nunca con Galicia\u201d, afirmou Paula Prado respecto diso.<\/p>\n<p>Lembrou as\u00ed mesmo que a petici\u00f3n destes trens Avril foi trasladada a Pedro S\u00e1nchez tanto polo presidente Roda como a trav\u00e9s de diversas iniciativas no Parlemento de Galicia, no Congreso dos Deputados e no Senado. \u201cNingunha das nosas petici\u00f3ns foi escoitada polo presidente S\u00e1nchez\u201d, remarca.<\/p>\n<p>\u201cPedro S\u00e1nchez non atende nin \u00e1s nosas demandas de mellores conexi\u00f3ns ferroviarias, nin ao clamor social contra unha Lei do \u2018s\u00f3 si \u00e9 si\u2019 que debe ser reformada para garantir a protecci\u00f3n \u00e1s mulleres, nin \u00e1 petici\u00f3n de que nos deixe formar a m\u00e1is m\u00e9dicos. Pedro S\u00e1nchez \u00e9 todo fume e incumprimentos\u201d, engadiu.<\/p>\n<p>Mostr\u00e1ndose moi cr\u00edtica tam\u00e9n coa \u201cincapacidade\u201d do socialismo vigu\u00e9s para \u201carrincar compromisos serios ao Goberno de Espa\u00f1a\u201d, Paula Prado non dubidou en afirmar que nas pr\u00f3ximas elecci\u00f3ns municipais do 28 de maio \u201cvotar ao socialismo ser\u00e1 votar a S\u00e1nchez\u201d. Neste sentido, puxo en valor o proxecto que ofrece o Partido Popular de Vigo: \u201cMarta Fern\u00e1ndez-Tapias est\u00e1 a dar a cara por Vigo mentres os socialistas calan e aguantan estes desprezos que os vigueses non se merecen\u201d.<\/p>\n<p>\u00a0<\/p>\n","protected":false},"excerpt":{"rendered":"<p>10 de febreiro de 2023. A candidata do Partido Popular \u00e1 alcald\u00eda de Vigo, Marta Fern\u00e1ndez-Tapias, reprocha aos socialistas vigueses que mentres o Goberno central maltrata \u00e1 cidade en materia ferroviaria, elijen sempre defender ao seu partido antes que aos veci\u00f1os: \u201cSon m\u00e1is sanchistas que S\u00e1nchez\u201d.<\/p>\n","protected":false},"author":38,"featured_media":57909,"comment_status":"open","ping_status":"open","sticky":false,"template":"","format":"standard","meta":{"_acf_changed":false,"footnotes":""},"categories":[1],"tags":[],"class_list":["post-57910","post","type-post","status-publish","format-standard","has-post-thumbnail","hentry","category-pp-de-galicia"],"acf":[],"yoast_head":"<!-- This site is optimized with the Yoast SEO plugin v27.3 - https:\/\/yoast.com\/product\/yoast-seo-wordpress\/ -->\n<title>Marta Fern\u00e1ndez-Tapias denuncia que o Goberno central \u201cmaltrata\u201d a Vigo en materia ferroviaria e reprocha ao PSOE local que \u201cdefenda ao seu partido antes que aos vigueses\u201d - PP de Galicia<\/title>\n<meta name=\"robots\" content=\"index, follow, max-snippet:-1, max-image-preview:large, max-video-preview:-1\" \/>\n<link rel=\"canonical\" href=\"https:\/\/ppdegalicia.com\/es\/marta-fernandez-tapias-denuncia-que-o-goberno-central-maltrata-a-vigo-en-materia-ferroviaria-e-reprocha-ao-psoe-local-que-defenda-ao-seu-partido-antes-que-aos-vigueses\/\" \/>\n<meta property=\"og:locale\" content=\"es_ES\" \/>\n<meta property=\"og:type\" content=\"article\" \/>\n<meta property=\"og:title\" content=\"Marta Fern\u00e1ndez-Tapias denuncia que o Goberno central \u201cmaltrata\u201d a Vigo en materia ferroviaria e reprocha ao PSOE local que \u201cdefenda ao seu partido antes que aos vigueses\u201d - PP de Galicia\" \/>\n<meta property=\"og:description\" content=\"10 de febreiro de 2023. A candidata do Partido Popular \u00e1 alcald\u00eda de Vigo, Marta Fern\u00e1ndez-Tapias, reprocha aos socialistas vigueses que mentres o Goberno central maltrata \u00e1 cidade en materia ferroviaria, elijen sempre defender ao seu partido antes que aos veci\u00f1os: \u201cSon m\u00e1is sanchistas que S\u00e1nchez\u201d.\" \/>\n<meta property=\"og:url\" content=\"https:\/\/ppdegalicia.com\/es\/marta-fernandez-tapias-denuncia-que-o-goberno-central-maltrata-a-vigo-en-materia-ferroviaria-e-reprocha-ao-psoe-local-que-defenda-ao-seu-partido-antes-que-aos-vigueses\/\" \/>\n<meta property=\"og:site_name\" content=\"PP de Galicia\" \/>\n<meta property=\"article:publisher\" content=\"https:\/\/www.instagram.com\/ppdegalicia\/\" \/>\n<meta property=\"article:published_time\" content=\"2023-02-10T10:21:32+00:00\" \/>\n<meta property=\"og:image\" content=\"https:\/\/ppdegalicia.com\/wp-content\/uploads\/2023\/02\/6e599b5bf6165d80fad97567eb3ebc7b-scaled.jpg\" \/>\n\t<meta property=\"og:image:width\" content=\"2560\" \/>\n\t<meta property=\"og:image:height\" content=\"1707\" \/>\n\t<meta property=\"og:image:type\" content=\"image\/jpeg\" \/>\n<meta name=\"author\" content=\"ppdegaliciaredes\" \/>\n<meta name=\"twitter:card\" content=\"summary_large_image\" \/>\n<meta name=\"twitter:creator\" content=\"@ppdegalicia\" \/>\n<meta name=\"twitter:site\" content=\"@ppdegalicia\" \/>\n<meta name=\"twitter:label1\" content=\"Escrito por\" \/>\n\t<meta name=\"twitter:data1\" content=\"ppdegaliciaredes\" \/>\n\t<meta name=\"twitter:label2\" content=\"Tiempo de lectura\" \/>\n\t<meta name=\"twitter:data2\" content=\"3 minutos\" \/>\n<script type=\"application\/ld+json\" class=\"yoast-schema-graph\">{\"@context\":\"https:\\\/\\\/schema.org\",\"@graph\":[{\"@type\":\"Article\",\"@id\":\"https:\\\/\\\/ppdegalicia.com\\\/es\\\/marta-fernandez-tapias-denuncia-que-o-goberno-central-maltrata-a-vigo-en-materia-ferroviaria-e-reprocha-ao-psoe-local-que-defenda-ao-seu-partido-antes-que-aos-vigueses\\\/#article\",\"isPartOf\":{\"@id\":\"https:\\\/\\\/ppdegalicia.com\\\/es\\\/marta-fernandez-tapias-denuncia-que-o-goberno-central-maltrata-a-vigo-en-materia-ferroviaria-e-reprocha-ao-psoe-local-que-defenda-ao-seu-partido-antes-que-aos-vigueses\\\/\"},\"author\":{\"name\":\"ppdegaliciaredes\",\"@id\":\"https:\\\/\\\/ppdegalicia.com\\\/es\\\/#\\\/schema\\\/person\\\/5b822c6f59e872ebdd1142f307dbcb59\"},\"headline\":\"Marta Fern\u00e1ndez-Tapias denuncia que o Goberno central \u201cmaltrata\u201d a Vigo en materia ferroviaria e reprocha ao PSOE local que \u201cdefenda ao seu partido antes que aos vigueses\u201d\",\"datePublished\":\"2023-02-10T10:21:32+00:00\",\"mainEntityOfPage\":{\"@id\":\"https:\\\/\\\/ppdegalicia.com\\\/es\\\/marta-fernandez-tapias-denuncia-que-o-goberno-central-maltrata-a-vigo-en-materia-ferroviaria-e-reprocha-ao-psoe-local-que-defenda-ao-seu-partido-antes-que-aos-vigueses\\\/\"},\"wordCount\":684,\"commentCount\":0,\"publisher\":{\"@id\":\"https:\\\/\\\/ppdegalicia.com\\\/es\\\/#organization\"},\"image\":{\"@id\":\"https:\\\/\\\/ppdegalicia.com\\\/es\\\/marta-fernandez-tapias-denuncia-que-o-goberno-central-maltrata-a-vigo-en-materia-ferroviaria-e-reprocha-ao-psoe-local-que-defenda-ao-seu-partido-antes-que-aos-vigueses\\\/#primaryimage\"},\"thumbnailUrl\":\"https:\\\/\\\/ppdegalicia.com\\\/wp-content\\\/uploads\\\/2023\\\/02\\\/6e599b5bf6165d80fad97567eb3ebc7b-scaled.jpg\",\"articleSection\":[\"PP de Galicia\"],\"inLanguage\":\"es\",\"potentialAction\":[{\"@type\":\"CommentAction\",\"name\":\"Comment\",\"target\":[\"https:\\\/\\\/ppdegalicia.com\\\/es\\\/marta-fernandez-tapias-denuncia-que-o-goberno-central-maltrata-a-vigo-en-materia-ferroviaria-e-reprocha-ao-psoe-local-que-defenda-ao-seu-partido-antes-que-aos-vigueses\\\/#respond\"]}]},{\"@type\":\"WebPage\",\"@id\":\"https:\\\/\\\/ppdegalicia.com\\\/es\\\/marta-fernandez-tapias-denuncia-que-o-goberno-central-maltrata-a-vigo-en-materia-ferroviaria-e-reprocha-ao-psoe-local-que-defenda-ao-seu-partido-antes-que-aos-vigueses\\\/\",\"url\":\"https:\\\/\\\/ppdegalicia.com\\\/es\\\/marta-fernandez-tapias-denuncia-que-o-goberno-central-maltrata-a-vigo-en-materia-ferroviaria-e-reprocha-ao-psoe-local-que-defenda-ao-seu-partido-antes-que-aos-vigueses\\\/\",\"name\":\"Marta Fern\u00e1ndez-Tapias denuncia que o Goberno central \u201cmaltrata\u201d a Vigo en materia ferroviaria e reprocha ao PSOE local que \u201cdefenda ao seu partido antes que aos vigueses\u201d - PP de Galicia\",\"isPartOf\":{\"@id\":\"https:\\\/\\\/ppdegalicia.com\\\/es\\\/#website\"},\"primaryImageOfPage\":{\"@id\":\"https:\\\/\\\/ppdegalicia.com\\\/es\\\/marta-fernandez-tapias-denuncia-que-o-goberno-central-maltrata-a-vigo-en-materia-ferroviaria-e-reprocha-ao-psoe-local-que-defenda-ao-seu-partido-antes-que-aos-vigueses\\\/#primaryimage\"},\"image\":{\"@id\":\"https:\\\/\\\/ppdegalicia.com\\\/es\\\/marta-fernandez-tapias-denuncia-que-o-goberno-central-maltrata-a-vigo-en-materia-ferroviaria-e-reprocha-ao-psoe-local-que-defenda-ao-seu-partido-antes-que-aos-vigueses\\\/#primaryimage\"},\"thumbnailUrl\":\"https:\\\/\\\/ppdegalicia.com\\\/wp-content\\\/uploads\\\/2023\\\/02\\\/6e599b5bf6165d80fad97567eb3ebc7b-scaled.jpg\",\"datePublished\":\"2023-02-10T10:21:32+00:00\",\"breadcrumb\":{\"@id\":\"https:\\\/\\\/ppdegalicia.com\\\/es\\\/marta-fernandez-tapias-denuncia-que-o-goberno-central-maltrata-a-vigo-en-materia-ferroviaria-e-reprocha-ao-psoe-local-que-defenda-ao-seu-partido-antes-que-aos-vigueses\\\/#breadcrumb\"},\"inLanguage\":\"es\",\"potentialAction\":[{\"@type\":\"ReadAction\",\"target\":[\"https:\\\/\\\/ppdegalicia.com\\\/es\\\/marta-fernandez-tapias-denuncia-que-o-goberno-central-maltrata-a-vigo-en-materia-ferroviaria-e-reprocha-ao-psoe-local-que-defenda-ao-seu-partido-antes-que-aos-vigueses\\\/\"]}]},{\"@type\":\"ImageObject\",\"inLanguage\":\"es\",\"@id\":\"https:\\\/\\\/ppdegalicia.com\\\/es\\\/marta-fernandez-tapias-denuncia-que-o-goberno-central-maltrata-a-vigo-en-materia-ferroviaria-e-reprocha-ao-psoe-local-que-defenda-ao-seu-partido-antes-que-aos-vigueses\\\/#primaryimage\",\"url\":\"https:\\\/\\\/ppdegalicia.com\\\/wp-content\\\/uploads\\\/2023\\\/02\\\/6e599b5bf6165d80fad97567eb3ebc7b-scaled.jpg\",\"contentUrl\":\"https:\\\/\\\/ppdegalicia.com\\\/wp-content\\\/uploads\\\/2023\\\/02\\\/6e599b5bf6165d80fad97567eb3ebc7b-scaled.jpg\",\"width\":2560,\"height\":1707},{\"@type\":\"BreadcrumbList\",\"@id\":\"https:\\\/\\\/ppdegalicia.com\\\/es\\\/marta-fernandez-tapias-denuncia-que-o-goberno-central-maltrata-a-vigo-en-materia-ferroviaria-e-reprocha-ao-psoe-local-que-defenda-ao-seu-partido-antes-que-aos-vigueses\\\/#breadcrumb\",\"itemListElement\":[{\"@type\":\"ListItem\",\"position\":1,\"name\":\"Portada\",\"item\":\"https:\\\/\\\/ppdegalicia.com\\\/es\\\/\"},{\"@type\":\"ListItem\",\"position\":2,\"name\":\"Marta Fern\u00e1ndez-Tapias denuncia que o Goberno central \u201cmaltrata\u201d a Vigo en materia ferroviaria e reprocha ao PSOE local que \u201cdefenda ao seu partido antes que aos vigueses\u201d\"}]},{\"@type\":\"WebSite\",\"@id\":\"https:\\\/\\\/ppdegalicia.com\\\/es\\\/#website\",\"url\":\"https:\\\/\\\/ppdegalicia.com\\\/es\\\/\",\"name\":\"Partido Popular de Galicia\",\"description\":\"Partido Popular de Galicia\",\"publisher\":{\"@id\":\"https:\\\/\\\/ppdegalicia.com\\\/es\\\/#organization\"},\"alternateName\":\"PP de Galicia\",\"potentialAction\":[{\"@type\":\"SearchAction\",\"target\":{\"@type\":\"EntryPoint\",\"urlTemplate\":\"https:\\\/\\\/ppdegalicia.com\\\/es\\\/?s={search_term_string}\"},\"query-input\":{\"@type\":\"PropertyValueSpecification\",\"valueRequired\":true,\"valueName\":\"search_term_string\"}}],\"inLanguage\":\"es\"},{\"@type\":\"Organization\",\"@id\":\"https:\\\/\\\/ppdegalicia.com\\\/es\\\/#organization\",\"name\":\"Partido Popular de Galicia\",\"alternateName\":\"PP de Galicia\",\"url\":\"https:\\\/\\\/ppdegalicia.com\\\/es\\\/\",\"logo\":{\"@type\":\"ImageObject\",\"inLanguage\":\"es\",\"@id\":\"https:\\\/\\\/ppdegalicia.com\\\/es\\\/#\\\/schema\\\/logo\\\/image\\\/\",\"url\":\"https:\\\/\\\/ppdegalicia.com\\\/wp-content\\\/uploads\\\/2023\\\/04\\\/logoPP512.png\",\"contentUrl\":\"https:\\\/\\\/ppdegalicia.com\\\/wp-content\\\/uploads\\\/2023\\\/04\\\/logoPP512.png\",\"width\":512,\"height\":512,\"caption\":\"Partido Popular de Galicia\"},\"image\":{\"@id\":\"https:\\\/\\\/ppdegalicia.com\\\/es\\\/#\\\/schema\\\/logo\\\/image\\\/\"},\"sameAs\":[\"https:\\\/\\\/www.instagram.com\\\/ppdegalicia\\\/\",\"https:\\\/\\\/x.com\\\/ppdegalicia\",\"https:\\\/\\\/www.tiktok.com\\\/@ppdegalicia\",\"https:\\\/\\\/www.youtube.com\\\/user\\\/ppdegalicia\"]},{\"@type\":\"Person\",\"@id\":\"https:\\\/\\\/ppdegalicia.com\\\/es\\\/#\\\/schema\\\/person\\\/5b822c6f59e872ebdd1142f307dbcb59\",\"name\":\"ppdegaliciaredes\",\"image\":{\"@type\":\"ImageObject\",\"inLanguage\":\"es\",\"@id\":\"https:\\\/\\\/secure.gravatar.com\\\/avatar\\\/3c9179cf0256d00c72a48d1f25783c58b6842cd56e85ef3a572881c8e28ccd59?s=96&d=mm&r=g\",\"url\":\"https:\\\/\\\/secure.gravatar.com\\\/avatar\\\/3c9179cf0256d00c72a48d1f25783c58b6842cd56e85ef3a572881c8e28ccd59?s=96&d=mm&r=g\",\"contentUrl\":\"https:\\\/\\\/secure.gravatar.com\\\/avatar\\\/3c9179cf0256d00c72a48d1f25783c58b6842cd56e85ef3a572881c8e28ccd59?s=96&d=mm&r=g\",\"caption\":\"ppdegaliciaredes\"},\"url\":\"https:\\\/\\\/ppdegalicia.com\\\/es\\\/author\\\/ppdegaliciaredes\\\/\"}]}<\/script>\n<!-- \/ Yoast SEO plugin. -->","yoast_head_json":{"title":"Marta Fern\u00e1ndez-Tapias denuncia que o Goberno central \u201cmaltrata\u201d a Vigo en materia ferroviaria e reprocha ao PSOE local que \u201cdefenda ao seu partido antes que aos vigueses\u201d - PP de Galicia","robots":{"index":"index","follow":"follow","max-snippet":"max-snippet:-1","max-image-preview":"max-image-preview:large","max-video-preview":"max-video-preview:-1"},"canonical":"https:\/\/ppdegalicia.com\/es\/marta-fernandez-tapias-denuncia-que-o-goberno-central-maltrata-a-vigo-en-materia-ferroviaria-e-reprocha-ao-psoe-local-que-defenda-ao-seu-partido-antes-que-aos-vigueses\/","og_locale":"es_ES","og_type":"article","og_title":"Marta Fern\u00e1ndez-Tapias denuncia que o Goberno central \u201cmaltrata\u201d a Vigo en materia ferroviaria e reprocha ao PSOE local que \u201cdefenda ao seu partido antes que aos vigueses\u201d - PP de Galicia","og_description":"10 de febreiro de 2023. A candidata do Partido Popular \u00e1 alcald\u00eda de Vigo, Marta Fern\u00e1ndez-Tapias, reprocha aos socialistas vigueses que mentres o Goberno central maltrata \u00e1 cidade en materia ferroviaria, elijen sempre defender ao seu partido antes que aos veci\u00f1os: \u201cSon m\u00e1is sanchistas que S\u00e1nchez\u201d.","og_url":"https:\/\/ppdegalicia.com\/es\/marta-fernandez-tapias-denuncia-que-o-goberno-central-maltrata-a-vigo-en-materia-ferroviaria-e-reprocha-ao-psoe-local-que-defenda-ao-seu-partido-antes-que-aos-vigueses\/","og_site_name":"PP de Galicia","article_publisher":"https:\/\/www.instagram.com\/ppdegalicia\/","article_published_time":"2023-02-10T10:21:32+00:00","og_image":[{"width":2560,"height":1707,"url":"https:\/\/ppdegalicia.com\/wp-content\/uploads\/2023\/02\/6e599b5bf6165d80fad97567eb3ebc7b-scaled.jpg","type":"image\/jpeg"}],"author":"ppdegaliciaredes","twitter_card":"summary_large_image","twitter_creator":"@ppdegalicia","twitter_site":"@ppdegalicia","twitter_misc":{"Escrito por":"ppdegaliciaredes","Tiempo de lectura":"3 minutos"},"schema":{"@context":"https:\/\/schema.org","@graph":[{"@type":"Article","@id":"https:\/\/ppdegalicia.com\/es\/marta-fernandez-tapias-denuncia-que-o-goberno-central-maltrata-a-vigo-en-materia-ferroviaria-e-reprocha-ao-psoe-local-que-defenda-ao-seu-partido-antes-que-aos-vigueses\/#article","isPartOf":{"@id":"https:\/\/ppdegalicia.com\/es\/marta-fernandez-tapias-denuncia-que-o-goberno-central-maltrata-a-vigo-en-materia-ferroviaria-e-reprocha-ao-psoe-local-que-defenda-ao-seu-partido-antes-que-aos-vigueses\/"},"author":{"name":"ppdegaliciaredes","@id":"https:\/\/ppdegalicia.com\/es\/#\/schema\/person\/5b822c6f59e872ebdd1142f307dbcb59"},"headline":"Marta Fern\u00e1ndez-Tapias denuncia que o Goberno central \u201cmaltrata\u201d a Vigo en materia ferroviaria e reprocha ao PSOE local que \u201cdefenda ao seu partido antes que aos vigueses\u201d","datePublished":"2023-02-10T10:21:32+00:00","mainEntityOfPage":{"@id":"https:\/\/ppdegalicia.com\/es\/marta-fernandez-tapias-denuncia-que-o-goberno-central-maltrata-a-vigo-en-materia-ferroviaria-e-reprocha-ao-psoe-local-que-defenda-ao-seu-partido-antes-que-aos-vigueses\/"},"wordCount":684,"commentCount":0,"publisher":{"@id":"https:\/\/ppdegalicia.com\/es\/#organization"},"image":{"@id":"https:\/\/ppdegalicia.com\/es\/marta-fernandez-tapias-denuncia-que-o-goberno-central-maltrata-a-vigo-en-materia-ferroviaria-e-reprocha-ao-psoe-local-que-defenda-ao-seu-partido-antes-que-aos-vigueses\/#primaryimage"},"thumbnailUrl":"https:\/\/ppdegalicia.com\/wp-content\/uploads\/2023\/02\/6e599b5bf6165d80fad97567eb3ebc7b-scaled.jpg","articleSection":["PP de Galicia"],"inLanguage":"es","potentialAction":[{"@type":"CommentAction","name":"Comment","target":["https:\/\/ppdegalicia.com\/es\/marta-fernandez-tapias-denuncia-que-o-goberno-central-maltrata-a-vigo-en-materia-ferroviaria-e-reprocha-ao-psoe-local-que-defenda-ao-seu-partido-antes-que-aos-vigueses\/#respond"]}]},{"@type":"WebPage","@id":"https:\/\/ppdegalicia.com\/es\/marta-fernandez-tapias-denuncia-que-o-goberno-central-maltrata-a-vigo-en-materia-ferroviaria-e-reprocha-ao-psoe-local-que-defenda-ao-seu-partido-antes-que-aos-vigueses\/","url":"https:\/\/ppdegalicia.com\/es\/marta-fernandez-tapias-denuncia-que-o-goberno-central-maltrata-a-vigo-en-materia-ferroviaria-e-reprocha-ao-psoe-local-que-defenda-ao-seu-partido-antes-que-aos-vigueses\/","name":"Marta Fern\u00e1ndez-Tapias denuncia que o Goberno central \u201cmaltrata\u201d a Vigo en materia ferroviaria e reprocha ao PSOE local que \u201cdefenda ao seu partido antes que aos vigueses\u201d - PP de Galicia","isPartOf":{"@id":"https:\/\/ppdegalicia.com\/es\/#website"},"primaryImageOfPage":{"@id":"https:\/\/ppdegalicia.com\/es\/marta-fernandez-tapias-denuncia-que-o-goberno-central-maltrata-a-vigo-en-materia-ferroviaria-e-reprocha-ao-psoe-local-que-defenda-ao-seu-partido-antes-que-aos-vigueses\/#primaryimage"},"image":{"@id":"https:\/\/ppdegalicia.com\/es\/marta-fernandez-tapias-denuncia-que-o-goberno-central-maltrata-a-vigo-en-materia-ferroviaria-e-reprocha-ao-psoe-local-que-defenda-ao-seu-partido-antes-que-aos-vigueses\/#primaryimage"},"thumbnailUrl":"https:\/\/ppdegalicia.com\/wp-content\/uploads\/2023\/02\/6e599b5bf6165d80fad97567eb3ebc7b-scaled.jpg","datePublished":"2023-02-10T10:21:32+00:00","breadcrumb":{"@id":"https:\/\/ppdegalicia.com\/es\/marta-fernandez-tapias-denuncia-que-o-goberno-central-maltrata-a-vigo-en-materia-ferroviaria-e-reprocha-ao-psoe-local-que-defenda-ao-seu-partido-antes-que-aos-vigueses\/#breadcrumb"},"inLanguage":"es","potentialAction":[{"@type":"ReadAction","target":["https:\/\/ppdegalicia.com\/es\/marta-fernandez-tapias-denuncia-que-o-goberno-central-maltrata-a-vigo-en-materia-ferroviaria-e-reprocha-ao-psoe-local-que-defenda-ao-seu-partido-antes-que-aos-vigueses\/"]}]},{"@type":"ImageObject","inLanguage":"es","@id":"https:\/\/ppdegalicia.com\/es\/marta-fernandez-tapias-denuncia-que-o-goberno-central-maltrata-a-vigo-en-materia-ferroviaria-e-reprocha-ao-psoe-local-que-defenda-ao-seu-partido-antes-que-aos-vigueses\/#primaryimage","url":"https:\/\/ppdegalicia.com\/wp-content\/uploads\/2023\/02\/6e599b5bf6165d80fad97567eb3ebc7b-scaled.jpg","contentUrl":"https:\/\/ppdegalicia.com\/wp-content\/uploads\/2023\/02\/6e599b5bf6165d80fad97567eb3ebc7b-scaled.jpg","width":2560,"height":1707},{"@type":"BreadcrumbList","@id":"https:\/\/ppdegalicia.com\/es\/marta-fernandez-tapias-denuncia-que-o-goberno-central-maltrata-a-vigo-en-materia-ferroviaria-e-reprocha-ao-psoe-local-que-defenda-ao-seu-partido-antes-que-aos-vigueses\/#breadcrumb","itemListElement":[{"@type":"ListItem","position":1,"name":"Portada","item":"https:\/\/ppdegalicia.com\/es\/"},{"@type":"ListItem","position":2,"name":"Marta Fern\u00e1ndez-Tapias denuncia que o Goberno central \u201cmaltrata\u201d a Vigo en materia ferroviaria e reprocha ao PSOE local que \u201cdefenda ao seu partido antes que aos vigueses\u201d"}]},{"@type":"WebSite","@id":"https:\/\/ppdegalicia.com\/es\/#website","url":"https:\/\/ppdegalicia.com\/es\/","name":"Partido Popular de Galicia","description":"Partido Popular de Galicia","publisher":{"@id":"https:\/\/ppdegalicia.com\/es\/#organization"},"alternateName":"PP de Galicia","potentialAction":[{"@type":"SearchAction","target":{"@type":"EntryPoint","urlTemplate":"https:\/\/ppdegalicia.com\/es\/?s={search_term_string}"},"query-input":{"@type":"PropertyValueSpecification","valueRequired":true,"valueName":"search_term_string"}}],"inLanguage":"es"},{"@type":"Organization","@id":"https:\/\/ppdegalicia.com\/es\/#organization","name":"Partido Popular de Galicia","alternateName":"PP de Galicia","url":"https:\/\/ppdegalicia.com\/es\/","logo":{"@type":"ImageObject","inLanguage":"es","@id":"https:\/\/ppdegalicia.com\/es\/#\/schema\/logo\/image\/","url":"https:\/\/ppdegalicia.com\/wp-content\/uploads\/2023\/04\/logoPP512.png","contentUrl":"https:\/\/ppdegalicia.com\/wp-content\/uploads\/2023\/04\/logoPP512.png","width":512,"height":512,"caption":"Partido Popular de Galicia"},"image":{"@id":"https:\/\/ppdegalicia.com\/es\/#\/schema\/logo\/image\/"},"sameAs":["https:\/\/www.instagram.com\/ppdegalicia\/","https:\/\/x.com\/ppdegalicia","https:\/\/www.tiktok.com\/@ppdegalicia","https:\/\/www.youtube.com\/user\/ppdegalicia"]},{"@type":"Person","@id":"https:\/\/ppdegalicia.com\/es\/#\/schema\/person\/5b822c6f59e872ebdd1142f307dbcb59","name":"ppdegaliciaredes","image":{"@type":"ImageObject","inLanguage":"es","@id":"https:\/\/secure.gravatar.com\/avatar\/3c9179cf0256d00c72a48d1f25783c58b6842cd56e85ef3a572881c8e28ccd59?s=96&d=mm&r=g","url":"https:\/\/secure.gravatar.com\/avatar\/3c9179cf0256d00c72a48d1f25783c58b6842cd56e85ef3a572881c8e28ccd59?s=96&d=mm&r=g","contentUrl":"https:\/\/secure.gravatar.com\/avatar\/3c9179cf0256d00c72a48d1f25783c58b6842cd56e85ef3a572881c8e28ccd59?s=96&d=mm&r=g","caption":"ppdegaliciaredes"},"url":"https:\/\/ppdegalicia.com\/es\/author\/ppdegaliciaredes\/"}]}},"_links":{"self":[{"href":"https:\/\/ppdegalicia.com\/es\/wp-json\/wp\/v2\/posts\/57910","targetHints":{"allow":["GET"]}}],"collection":[{"href":"https:\/\/ppdegalicia.com\/es\/wp-json\/wp\/v2\/posts"}],"about":[{"href":"https:\/\/ppdegalicia.com\/es\/wp-json\/wp\/v2\/types\/post"}],"author":[{"embeddable":true,"href":"https:\/\/ppdegalicia.com\/es\/wp-json\/wp\/v2\/users\/38"}],"replies":[{"embeddable":true,"href":"https:\/\/ppdegalicia.com\/es\/wp-json\/wp\/v2\/comments?post=57910"}],"version-history":[{"count":0,"href":"https:\/\/ppdegalicia.com\/es\/wp-json\/wp\/v2\/posts\/57910\/revisions"}],"wp:featuredmedia":[{"embeddable":true,"href":"https:\/\/ppdegalicia.com\/es\/wp-json\/wp\/v2\/media\/57909"}],"wp:attachment":[{"href":"https:\/\/ppdegalicia.com\/es\/wp-json\/wp\/v2\/media?parent=57910"}],"wp:term":[{"taxonomy":"category","embeddable":true,"href":"https:\/\/ppdegalicia.com\/es\/wp-json\/wp\/v2\/categories?post=57910"},{"taxonomy":"post_tag","embeddable":true,"href":"https:\/\/ppdegalicia.com\/es\/wp-json\/wp\/v2\/tags?post=57910"}],"curies":[{"name":"wp","href":"https:\/\/api.w.org\/{rel}","templated":true}]}}