{"id":57948,"date":"2023-02-21T16:37:37","date_gmt":"2023-02-21T14:37:37","guid":{"rendered":"https:\/\/ppdegalicia.com\/o-grupo-popular-salienta-que-a-xunta-incrementara-desde-este-ano-as-axudas-a-agricultura-ecoloxica-un-187-por-cento\/"},"modified":"2023-02-21T16:37:37","modified_gmt":"2023-02-21T14:37:37","slug":"o-grupo-popular-salienta-que-a-xunta-incrementara-desde-este-ano-as-axudas-a-agricultura-ecoloxica-un-187-por-cento","status":"publish","type":"post","link":"https:\/\/ppdegalicia.com\/es\/o-grupo-popular-salienta-que-a-xunta-incrementara-desde-este-ano-as-axudas-a-agricultura-ecoloxica-un-187-por-cento\/","title":{"rendered":"O Grupo Popular salienta que a Xunta incrementar\u00e1 desde este ano as axudas \u00e1 agricultura ecol\u00f3xica un 187 por cento"},"content":{"rendered":"<p><img fetchpriority=\"high\" decoding=\"async\" class=\" size-full wp-image-57947\" src=\"https:\/\/ppdegalicia.com\/wp-content\/uploads\/2023\/02\/b4a3d3a4b9b77c8150442f5411a7ba15.jpg\" alt=\"\" width=\"1900\" height=\"1267\" srcset=\"https:\/\/ppdegalicia.com\/wp-content\/uploads\/2023\/02\/b4a3d3a4b9b77c8150442f5411a7ba15.jpg 1900w, https:\/\/ppdegalicia.com\/wp-content\/uploads\/2023\/02\/b4a3d3a4b9b77c8150442f5411a7ba15-300x200.jpg 300w, https:\/\/ppdegalicia.com\/wp-content\/uploads\/2023\/02\/b4a3d3a4b9b77c8150442f5411a7ba15-1024x683.jpg 1024w, https:\/\/ppdegalicia.com\/wp-content\/uploads\/2023\/02\/b4a3d3a4b9b77c8150442f5411a7ba15-768x512.jpg 768w, https:\/\/ppdegalicia.com\/wp-content\/uploads\/2023\/02\/b4a3d3a4b9b77c8150442f5411a7ba15-1536x1024.jpg 1536w\" sizes=\"(max-width: 1900px) 100vw, 1900px\" \/><\/p>\n<p>21 de febreiro de 2023. O deputado do Grupo Popular Jos\u00e9 Antonio Armada salientou hoxe no Pleno do Parlamento galego que as axudas da Xunta para agricultura ecol\u00f3xica ascender\u00e1n a 9 mill\u00f3ns de euros anuais a partir deste ano e ata 2027, o que sup\u00f3n un incremento do 183 por cento respecto a 2022. \u201cTomamos esta iniciativa de xeito consensuado coas organizaci\u00f3ns profesionais agrarias, dando prioridade \u00e1s pequenas e medianas explotaci\u00f3ns\u201d, apuntou.<\/p>\n<p><!--more--><\/p>\n<p>Jos\u00e9 Antonio Armada concretou que a dotaci\u00f3n anual das axudas para agricultura ecol\u00f3xica ser\u00e1 de 9 mill\u00f3ns de euros, o que representa un total de 45 mill\u00f3ns de euros para o per\u00edodo da Pol\u00edtica Agraria Com\u00fan (PAC). \u201cEsta cont\u00eda sup\u00f3n un incremento do 130 por cento sobre o orzamento previsto inicialmente para 2023 e do 183 por cento respecto ao destinado en 2022\u201d, sinalou.<\/p>\n<p>\u00a0<\/p>\n<p><strong>REPARTO PROPORCIONAL<\/strong><\/p>\n<p>\u00a0<\/p>\n<p>\u201cConsideramos especialmente importante asegurar que ning\u00fan produtor quede f\u00f3ra da convocatoria, porque consideramos que son fondos m\u00e1is que suficientes para chegar a todos os potenciais solicitantes\u201d, dixo o deputado popular. As\u00ed, incidiu que \u201co noso obxectivo \u00e9 que ningu\u00e9n quede sen axuda e por iso facemos un importante esforzo para dar unha resposta moi firme \u00e1 espectacular evoluci\u00f3n que est\u00e1 experimentando a produci\u00f3n ecol\u00f3xica\u201d.<\/p>\n<p>\u00a0<\/p>\n<p>Armada explicou que, para garantir a total cobertura aos solicitantes destas axudas, \u201capostamos polo reparto proporcional entre os beneficiarios\u201d e para iso indicou que a Xunta xa fixo unha consulta ao Ministerio de Agricultura e \u00e1 Comisi\u00f3n Europea para amparar esta iniciativa. \u201cDe non ser posible este prorrateo, promoverase a priorizaci\u00f3n das axudas de acordo a criterios de selecci\u00f3n ambientais, \u00e9 dicir, atendendo ao propio esp\u00edrito destas achegas\u201d, anotou.<\/p>\n<p>\u00a0<\/p>\n<p>Ademais deste incremento das axudas espec\u00edficas para a agricultura ecol\u00f3xica, Jos\u00e9 Antonio Armada engadiu que est\u00e1 previsto incrementar as primas por hect\u00e1rea nunha media do 25 por cento, unha media que cobre no per\u00edodo 2023 a 2027 a cantidade que alg\u00fans produtores deixaron de percibir en 2022; e aumentaranse en 3,5 mill\u00f3ns de euros anuais a partida de extensificaci\u00f3n das explotaci\u00f3ns gandeiras. Esta \u00faltima li\u00f1a de achegas tam\u00e9n cont\u00e9n un complemento de 1,5 mill\u00f3ns de euros para o pastoreo en concellos presenza de lobo.<\/p>\n","protected":false},"excerpt":{"rendered":"<p>21 de febreiro de 2023. O deputado do Grupo Popular Jos\u00e9 Antonio Armada salientou hoxe no Pleno do Parlamento galego que as axudas da Xunta para agricultura ecol\u00f3xica ascender\u00e1n a 9 mill\u00f3ns de euros anuais a partir deste ano e ata 2027, o que sup\u00f3n un incremento do 183 por cento respecto a 2022. \u201cTomamos [&hellip;]<\/p>\n","protected":false},"author":38,"featured_media":57947,"comment_status":"open","ping_status":"open","sticky":false,"template":"","format":"standard","meta":{"_acf_changed":false,"footnotes":""},"categories":[1],"tags":[],"class_list":["post-57948","post","type-post","status-publish","format-standard","has-post-thumbnail","hentry","category-pp-de-galicia"],"acf":[],"yoast_head":"<!-- This site is optimized with the Yoast SEO plugin v27.3 - https:\/\/yoast.com\/product\/yoast-seo-wordpress\/ -->\n<title>O Grupo Popular salienta que a Xunta incrementar\u00e1 desde este ano as axudas \u00e1 agricultura ecol\u00f3xica un 187 por cento - PP de Galicia<\/title>\n<meta name=\"robots\" content=\"index, follow, max-snippet:-1, max-image-preview:large, max-video-preview:-1\" \/>\n<link rel=\"canonical\" href=\"https:\/\/ppdegalicia.com\/es\/o-grupo-popular-salienta-que-a-xunta-incrementara-desde-este-ano-as-axudas-a-agricultura-ecoloxica-un-187-por-cento\/\" \/>\n<meta property=\"og:locale\" content=\"es_ES\" \/>\n<meta property=\"og:type\" content=\"article\" \/>\n<meta property=\"og:title\" content=\"O Grupo Popular salienta que a Xunta incrementar\u00e1 desde este ano as axudas \u00e1 agricultura ecol\u00f3xica un 187 por cento - PP de Galicia\" \/>\n<meta property=\"og:description\" content=\"21 de febreiro de 2023. O deputado do Grupo Popular Jos\u00e9 Antonio Armada salientou hoxe no Pleno do Parlamento galego que as axudas da Xunta para agricultura ecol\u00f3xica ascender\u00e1n a 9 mill\u00f3ns de euros anuais a partir deste ano e ata 2027, o que sup\u00f3n un incremento do 183 por cento respecto a 2022. \u201cTomamos [&hellip;]\" \/>\n<meta property=\"og:url\" content=\"https:\/\/ppdegalicia.com\/es\/o-grupo-popular-salienta-que-a-xunta-incrementara-desde-este-ano-as-axudas-a-agricultura-ecoloxica-un-187-por-cento\/\" \/>\n<meta property=\"og:site_name\" content=\"PP de Galicia\" \/>\n<meta property=\"article:publisher\" content=\"https:\/\/www.instagram.com\/ppdegalicia\/\" \/>\n<meta property=\"article:published_time\" content=\"2023-02-21T14:37:37+00:00\" \/>\n<meta property=\"og:image\" content=\"https:\/\/ppdegalicia.com\/wp-content\/uploads\/2023\/02\/b4a3d3a4b9b77c8150442f5411a7ba15.jpg\" \/>\n\t<meta property=\"og:image:width\" content=\"1900\" \/>\n\t<meta property=\"og:image:height\" content=\"1267\" \/>\n\t<meta property=\"og:image:type\" content=\"image\/jpeg\" \/>\n<meta name=\"author\" content=\"ppdegaliciaredes\" \/>\n<meta name=\"twitter:card\" content=\"summary_large_image\" \/>\n<meta name=\"twitter:creator\" content=\"@ppdegalicia\" \/>\n<meta name=\"twitter:site\" content=\"@ppdegalicia\" \/>\n<meta name=\"twitter:label1\" content=\"Escrito por\" \/>\n\t<meta name=\"twitter:data1\" content=\"ppdegaliciaredes\" \/>\n\t<meta name=\"twitter:label2\" content=\"Tiempo de lectura\" \/>\n\t<meta name=\"twitter:data2\" content=\"2 minutos\" \/>\n<script type=\"application\/ld+json\" class=\"yoast-schema-graph\">{\"@context\":\"https:\\\/\\\/schema.org\",\"@graph\":[{\"@type\":\"Article\",\"@id\":\"https:\\\/\\\/ppdegalicia.com\\\/es\\\/o-grupo-popular-salienta-que-a-xunta-incrementara-desde-este-ano-as-axudas-a-agricultura-ecoloxica-un-187-por-cento\\\/#article\",\"isPartOf\":{\"@id\":\"https:\\\/\\\/ppdegalicia.com\\\/es\\\/o-grupo-popular-salienta-que-a-xunta-incrementara-desde-este-ano-as-axudas-a-agricultura-ecoloxica-un-187-por-cento\\\/\"},\"author\":{\"name\":\"ppdegaliciaredes\",\"@id\":\"https:\\\/\\\/ppdegalicia.com\\\/es\\\/#\\\/schema\\\/person\\\/5b822c6f59e872ebdd1142f307dbcb59\"},\"headline\":\"O Grupo Popular salienta que a Xunta incrementar\u00e1 desde este ano as axudas \u00e1 agricultura ecol\u00f3xica un 187 por cento\",\"datePublished\":\"2023-02-21T14:37:37+00:00\",\"mainEntityOfPage\":{\"@id\":\"https:\\\/\\\/ppdegalicia.com\\\/es\\\/o-grupo-popular-salienta-que-a-xunta-incrementara-desde-este-ano-as-axudas-a-agricultura-ecoloxica-un-187-por-cento\\\/\"},\"wordCount\":390,\"commentCount\":0,\"publisher\":{\"@id\":\"https:\\\/\\\/ppdegalicia.com\\\/es\\\/#organization\"},\"image\":{\"@id\":\"https:\\\/\\\/ppdegalicia.com\\\/es\\\/o-grupo-popular-salienta-que-a-xunta-incrementara-desde-este-ano-as-axudas-a-agricultura-ecoloxica-un-187-por-cento\\\/#primaryimage\"},\"thumbnailUrl\":\"https:\\\/\\\/ppdegalicia.com\\\/wp-content\\\/uploads\\\/2023\\\/02\\\/b4a3d3a4b9b77c8150442f5411a7ba15.jpg\",\"articleSection\":[\"PP de Galicia\"],\"inLanguage\":\"es\",\"potentialAction\":[{\"@type\":\"CommentAction\",\"name\":\"Comment\",\"target\":[\"https:\\\/\\\/ppdegalicia.com\\\/es\\\/o-grupo-popular-salienta-que-a-xunta-incrementara-desde-este-ano-as-axudas-a-agricultura-ecoloxica-un-187-por-cento\\\/#respond\"]}]},{\"@type\":\"WebPage\",\"@id\":\"https:\\\/\\\/ppdegalicia.com\\\/es\\\/o-grupo-popular-salienta-que-a-xunta-incrementara-desde-este-ano-as-axudas-a-agricultura-ecoloxica-un-187-por-cento\\\/\",\"url\":\"https:\\\/\\\/ppdegalicia.com\\\/es\\\/o-grupo-popular-salienta-que-a-xunta-incrementara-desde-este-ano-as-axudas-a-agricultura-ecoloxica-un-187-por-cento\\\/\",\"name\":\"O Grupo Popular salienta que a Xunta incrementar\u00e1 desde este ano as axudas \u00e1 agricultura ecol\u00f3xica un 187 por cento - PP de Galicia\",\"isPartOf\":{\"@id\":\"https:\\\/\\\/ppdegalicia.com\\\/es\\\/#website\"},\"primaryImageOfPage\":{\"@id\":\"https:\\\/\\\/ppdegalicia.com\\\/es\\\/o-grupo-popular-salienta-que-a-xunta-incrementara-desde-este-ano-as-axudas-a-agricultura-ecoloxica-un-187-por-cento\\\/#primaryimage\"},\"image\":{\"@id\":\"https:\\\/\\\/ppdegalicia.com\\\/es\\\/o-grupo-popular-salienta-que-a-xunta-incrementara-desde-este-ano-as-axudas-a-agricultura-ecoloxica-un-187-por-cento\\\/#primaryimage\"},\"thumbnailUrl\":\"https:\\\/\\\/ppdegalicia.com\\\/wp-content\\\/uploads\\\/2023\\\/02\\\/b4a3d3a4b9b77c8150442f5411a7ba15.jpg\",\"datePublished\":\"2023-02-21T14:37:37+00:00\",\"breadcrumb\":{\"@id\":\"https:\\\/\\\/ppdegalicia.com\\\/es\\\/o-grupo-popular-salienta-que-a-xunta-incrementara-desde-este-ano-as-axudas-a-agricultura-ecoloxica-un-187-por-cento\\\/#breadcrumb\"},\"inLanguage\":\"es\",\"potentialAction\":[{\"@type\":\"ReadAction\",\"target\":[\"https:\\\/\\\/ppdegalicia.com\\\/es\\\/o-grupo-popular-salienta-que-a-xunta-incrementara-desde-este-ano-as-axudas-a-agricultura-ecoloxica-un-187-por-cento\\\/\"]}]},{\"@type\":\"ImageObject\",\"inLanguage\":\"es\",\"@id\":\"https:\\\/\\\/ppdegalicia.com\\\/es\\\/o-grupo-popular-salienta-que-a-xunta-incrementara-desde-este-ano-as-axudas-a-agricultura-ecoloxica-un-187-por-cento\\\/#primaryimage\",\"url\":\"https:\\\/\\\/ppdegalicia.com\\\/wp-content\\\/uploads\\\/2023\\\/02\\\/b4a3d3a4b9b77c8150442f5411a7ba15.jpg\",\"contentUrl\":\"https:\\\/\\\/ppdegalicia.com\\\/wp-content\\\/uploads\\\/2023\\\/02\\\/b4a3d3a4b9b77c8150442f5411a7ba15.jpg\",\"width\":1900,\"height\":1267},{\"@type\":\"BreadcrumbList\",\"@id\":\"https:\\\/\\\/ppdegalicia.com\\\/es\\\/o-grupo-popular-salienta-que-a-xunta-incrementara-desde-este-ano-as-axudas-a-agricultura-ecoloxica-un-187-por-cento\\\/#breadcrumb\",\"itemListElement\":[{\"@type\":\"ListItem\",\"position\":1,\"name\":\"Portada\",\"item\":\"https:\\\/\\\/ppdegalicia.com\\\/es\\\/\"},{\"@type\":\"ListItem\",\"position\":2,\"name\":\"O Grupo Popular salienta que a Xunta incrementar\u00e1 desde este ano as axudas \u00e1 agricultura ecol\u00f3xica un 187 por cento\"}]},{\"@type\":\"WebSite\",\"@id\":\"https:\\\/\\\/ppdegalicia.com\\\/es\\\/#website\",\"url\":\"https:\\\/\\\/ppdegalicia.com\\\/es\\\/\",\"name\":\"Partido Popular de Galicia\",\"description\":\"Partido Popular de Galicia\",\"publisher\":{\"@id\":\"https:\\\/\\\/ppdegalicia.com\\\/es\\\/#organization\"},\"alternateName\":\"PP de Galicia\",\"potentialAction\":[{\"@type\":\"SearchAction\",\"target\":{\"@type\":\"EntryPoint\",\"urlTemplate\":\"https:\\\/\\\/ppdegalicia.com\\\/es\\\/?s={search_term_string}\"},\"query-input\":{\"@type\":\"PropertyValueSpecification\",\"valueRequired\":true,\"valueName\":\"search_term_string\"}}],\"inLanguage\":\"es\"},{\"@type\":\"Organization\",\"@id\":\"https:\\\/\\\/ppdegalicia.com\\\/es\\\/#organization\",\"name\":\"Partido Popular de Galicia\",\"alternateName\":\"PP de Galicia\",\"url\":\"https:\\\/\\\/ppdegalicia.com\\\/es\\\/\",\"logo\":{\"@type\":\"ImageObject\",\"inLanguage\":\"es\",\"@id\":\"https:\\\/\\\/ppdegalicia.com\\\/es\\\/#\\\/schema\\\/logo\\\/image\\\/\",\"url\":\"https:\\\/\\\/ppdegalicia.com\\\/wp-content\\\/uploads\\\/2023\\\/04\\\/logoPP512.png\",\"contentUrl\":\"https:\\\/\\\/ppdegalicia.com\\\/wp-content\\\/uploads\\\/2023\\\/04\\\/logoPP512.png\",\"width\":512,\"height\":512,\"caption\":\"Partido Popular de Galicia\"},\"image\":{\"@id\":\"https:\\\/\\\/ppdegalicia.com\\\/es\\\/#\\\/schema\\\/logo\\\/image\\\/\"},\"sameAs\":[\"https:\\\/\\\/www.instagram.com\\\/ppdegalicia\\\/\",\"https:\\\/\\\/x.com\\\/ppdegalicia\",\"https:\\\/\\\/www.tiktok.com\\\/@ppdegalicia\",\"https:\\\/\\\/www.youtube.com\\\/user\\\/ppdegalicia\"]},{\"@type\":\"Person\",\"@id\":\"https:\\\/\\\/ppdegalicia.com\\\/es\\\/#\\\/schema\\\/person\\\/5b822c6f59e872ebdd1142f307dbcb59\",\"name\":\"ppdegaliciaredes\",\"image\":{\"@type\":\"ImageObject\",\"inLanguage\":\"es\",\"@id\":\"https:\\\/\\\/secure.gravatar.com\\\/avatar\\\/3c9179cf0256d00c72a48d1f25783c58b6842cd56e85ef3a572881c8e28ccd59?s=96&d=mm&r=g\",\"url\":\"https:\\\/\\\/secure.gravatar.com\\\/avatar\\\/3c9179cf0256d00c72a48d1f25783c58b6842cd56e85ef3a572881c8e28ccd59?s=96&d=mm&r=g\",\"contentUrl\":\"https:\\\/\\\/secure.gravatar.com\\\/avatar\\\/3c9179cf0256d00c72a48d1f25783c58b6842cd56e85ef3a572881c8e28ccd59?s=96&d=mm&r=g\",\"caption\":\"ppdegaliciaredes\"},\"url\":\"https:\\\/\\\/ppdegalicia.com\\\/es\\\/author\\\/ppdegaliciaredes\\\/\"}]}<\/script>\n<!-- \/ Yoast SEO plugin. -->","yoast_head_json":{"title":"O Grupo Popular salienta que a Xunta incrementar\u00e1 desde este ano as axudas \u00e1 agricultura ecol\u00f3xica un 187 por cento - PP de Galicia","robots":{"index":"index","follow":"follow","max-snippet":"max-snippet:-1","max-image-preview":"max-image-preview:large","max-video-preview":"max-video-preview:-1"},"canonical":"https:\/\/ppdegalicia.com\/es\/o-grupo-popular-salienta-que-a-xunta-incrementara-desde-este-ano-as-axudas-a-agricultura-ecoloxica-un-187-por-cento\/","og_locale":"es_ES","og_type":"article","og_title":"O Grupo Popular salienta que a Xunta incrementar\u00e1 desde este ano as axudas \u00e1 agricultura ecol\u00f3xica un 187 por cento - PP de Galicia","og_description":"21 de febreiro de 2023. O deputado do Grupo Popular Jos\u00e9 Antonio Armada salientou hoxe no Pleno do Parlamento galego que as axudas da Xunta para agricultura ecol\u00f3xica ascender\u00e1n a 9 mill\u00f3ns de euros anuais a partir deste ano e ata 2027, o que sup\u00f3n un incremento do 183 por cento respecto a 2022. \u201cTomamos [&hellip;]","og_url":"https:\/\/ppdegalicia.com\/es\/o-grupo-popular-salienta-que-a-xunta-incrementara-desde-este-ano-as-axudas-a-agricultura-ecoloxica-un-187-por-cento\/","og_site_name":"PP de Galicia","article_publisher":"https:\/\/www.instagram.com\/ppdegalicia\/","article_published_time":"2023-02-21T14:37:37+00:00","og_image":[{"width":1900,"height":1267,"url":"https:\/\/ppdegalicia.com\/wp-content\/uploads\/2023\/02\/b4a3d3a4b9b77c8150442f5411a7ba15.jpg","type":"image\/jpeg"}],"author":"ppdegaliciaredes","twitter_card":"summary_large_image","twitter_creator":"@ppdegalicia","twitter_site":"@ppdegalicia","twitter_misc":{"Escrito por":"ppdegaliciaredes","Tiempo de lectura":"2 minutos"},"schema":{"@context":"https:\/\/schema.org","@graph":[{"@type":"Article","@id":"https:\/\/ppdegalicia.com\/es\/o-grupo-popular-salienta-que-a-xunta-incrementara-desde-este-ano-as-axudas-a-agricultura-ecoloxica-un-187-por-cento\/#article","isPartOf":{"@id":"https:\/\/ppdegalicia.com\/es\/o-grupo-popular-salienta-que-a-xunta-incrementara-desde-este-ano-as-axudas-a-agricultura-ecoloxica-un-187-por-cento\/"},"author":{"name":"ppdegaliciaredes","@id":"https:\/\/ppdegalicia.com\/es\/#\/schema\/person\/5b822c6f59e872ebdd1142f307dbcb59"},"headline":"O Grupo Popular salienta que a Xunta incrementar\u00e1 desde este ano as axudas \u00e1 agricultura ecol\u00f3xica un 187 por cento","datePublished":"2023-02-21T14:37:37+00:00","mainEntityOfPage":{"@id":"https:\/\/ppdegalicia.com\/es\/o-grupo-popular-salienta-que-a-xunta-incrementara-desde-este-ano-as-axudas-a-agricultura-ecoloxica-un-187-por-cento\/"},"wordCount":390,"commentCount":0,"publisher":{"@id":"https:\/\/ppdegalicia.com\/es\/#organization"},"image":{"@id":"https:\/\/ppdegalicia.com\/es\/o-grupo-popular-salienta-que-a-xunta-incrementara-desde-este-ano-as-axudas-a-agricultura-ecoloxica-un-187-por-cento\/#primaryimage"},"thumbnailUrl":"https:\/\/ppdegalicia.com\/wp-content\/uploads\/2023\/02\/b4a3d3a4b9b77c8150442f5411a7ba15.jpg","articleSection":["PP de Galicia"],"inLanguage":"es","potentialAction":[{"@type":"CommentAction","name":"Comment","target":["https:\/\/ppdegalicia.com\/es\/o-grupo-popular-salienta-que-a-xunta-incrementara-desde-este-ano-as-axudas-a-agricultura-ecoloxica-un-187-por-cento\/#respond"]}]},{"@type":"WebPage","@id":"https:\/\/ppdegalicia.com\/es\/o-grupo-popular-salienta-que-a-xunta-incrementara-desde-este-ano-as-axudas-a-agricultura-ecoloxica-un-187-por-cento\/","url":"https:\/\/ppdegalicia.com\/es\/o-grupo-popular-salienta-que-a-xunta-incrementara-desde-este-ano-as-axudas-a-agricultura-ecoloxica-un-187-por-cento\/","name":"O Grupo Popular salienta que a Xunta incrementar\u00e1 desde este ano as axudas \u00e1 agricultura ecol\u00f3xica un 187 por cento - PP de Galicia","isPartOf":{"@id":"https:\/\/ppdegalicia.com\/es\/#website"},"primaryImageOfPage":{"@id":"https:\/\/ppdegalicia.com\/es\/o-grupo-popular-salienta-que-a-xunta-incrementara-desde-este-ano-as-axudas-a-agricultura-ecoloxica-un-187-por-cento\/#primaryimage"},"image":{"@id":"https:\/\/ppdegalicia.com\/es\/o-grupo-popular-salienta-que-a-xunta-incrementara-desde-este-ano-as-axudas-a-agricultura-ecoloxica-un-187-por-cento\/#primaryimage"},"thumbnailUrl":"https:\/\/ppdegalicia.com\/wp-content\/uploads\/2023\/02\/b4a3d3a4b9b77c8150442f5411a7ba15.jpg","datePublished":"2023-02-21T14:37:37+00:00","breadcrumb":{"@id":"https:\/\/ppdegalicia.com\/es\/o-grupo-popular-salienta-que-a-xunta-incrementara-desde-este-ano-as-axudas-a-agricultura-ecoloxica-un-187-por-cento\/#breadcrumb"},"inLanguage":"es","potentialAction":[{"@type":"ReadAction","target":["https:\/\/ppdegalicia.com\/es\/o-grupo-popular-salienta-que-a-xunta-incrementara-desde-este-ano-as-axudas-a-agricultura-ecoloxica-un-187-por-cento\/"]}]},{"@type":"ImageObject","inLanguage":"es","@id":"https:\/\/ppdegalicia.com\/es\/o-grupo-popular-salienta-que-a-xunta-incrementara-desde-este-ano-as-axudas-a-agricultura-ecoloxica-un-187-por-cento\/#primaryimage","url":"https:\/\/ppdegalicia.com\/wp-content\/uploads\/2023\/02\/b4a3d3a4b9b77c8150442f5411a7ba15.jpg","contentUrl":"https:\/\/ppdegalicia.com\/wp-content\/uploads\/2023\/02\/b4a3d3a4b9b77c8150442f5411a7ba15.jpg","width":1900,"height":1267},{"@type":"BreadcrumbList","@id":"https:\/\/ppdegalicia.com\/es\/o-grupo-popular-salienta-que-a-xunta-incrementara-desde-este-ano-as-axudas-a-agricultura-ecoloxica-un-187-por-cento\/#breadcrumb","itemListElement":[{"@type":"ListItem","position":1,"name":"Portada","item":"https:\/\/ppdegalicia.com\/es\/"},{"@type":"ListItem","position":2,"name":"O Grupo Popular salienta que a Xunta incrementar\u00e1 desde este ano as axudas \u00e1 agricultura ecol\u00f3xica un 187 por cento"}]},{"@type":"WebSite","@id":"https:\/\/ppdegalicia.com\/es\/#website","url":"https:\/\/ppdegalicia.com\/es\/","name":"Partido Popular de Galicia","description":"Partido Popular de Galicia","publisher":{"@id":"https:\/\/ppdegalicia.com\/es\/#organization"},"alternateName":"PP de Galicia","potentialAction":[{"@type":"SearchAction","target":{"@type":"EntryPoint","urlTemplate":"https:\/\/ppdegalicia.com\/es\/?s={search_term_string}"},"query-input":{"@type":"PropertyValueSpecification","valueRequired":true,"valueName":"search_term_string"}}],"inLanguage":"es"},{"@type":"Organization","@id":"https:\/\/ppdegalicia.com\/es\/#organization","name":"Partido Popular de Galicia","alternateName":"PP de Galicia","url":"https:\/\/ppdegalicia.com\/es\/","logo":{"@type":"ImageObject","inLanguage":"es","@id":"https:\/\/ppdegalicia.com\/es\/#\/schema\/logo\/image\/","url":"https:\/\/ppdegalicia.com\/wp-content\/uploads\/2023\/04\/logoPP512.png","contentUrl":"https:\/\/ppdegalicia.com\/wp-content\/uploads\/2023\/04\/logoPP512.png","width":512,"height":512,"caption":"Partido Popular de Galicia"},"image":{"@id":"https:\/\/ppdegalicia.com\/es\/#\/schema\/logo\/image\/"},"sameAs":["https:\/\/www.instagram.com\/ppdegalicia\/","https:\/\/x.com\/ppdegalicia","https:\/\/www.tiktok.com\/@ppdegalicia","https:\/\/www.youtube.com\/user\/ppdegalicia"]},{"@type":"Person","@id":"https:\/\/ppdegalicia.com\/es\/#\/schema\/person\/5b822c6f59e872ebdd1142f307dbcb59","name":"ppdegaliciaredes","image":{"@type":"ImageObject","inLanguage":"es","@id":"https:\/\/secure.gravatar.com\/avatar\/3c9179cf0256d00c72a48d1f25783c58b6842cd56e85ef3a572881c8e28ccd59?s=96&d=mm&r=g","url":"https:\/\/secure.gravatar.com\/avatar\/3c9179cf0256d00c72a48d1f25783c58b6842cd56e85ef3a572881c8e28ccd59?s=96&d=mm&r=g","contentUrl":"https:\/\/secure.gravatar.com\/avatar\/3c9179cf0256d00c72a48d1f25783c58b6842cd56e85ef3a572881c8e28ccd59?s=96&d=mm&r=g","caption":"ppdegaliciaredes"},"url":"https:\/\/ppdegalicia.com\/es\/author\/ppdegaliciaredes\/"}]}},"_links":{"self":[{"href":"https:\/\/ppdegalicia.com\/es\/wp-json\/wp\/v2\/posts\/57948","targetHints":{"allow":["GET"]}}],"collection":[{"href":"https:\/\/ppdegalicia.com\/es\/wp-json\/wp\/v2\/posts"}],"about":[{"href":"https:\/\/ppdegalicia.com\/es\/wp-json\/wp\/v2\/types\/post"}],"author":[{"embeddable":true,"href":"https:\/\/ppdegalicia.com\/es\/wp-json\/wp\/v2\/users\/38"}],"replies":[{"embeddable":true,"href":"https:\/\/ppdegalicia.com\/es\/wp-json\/wp\/v2\/comments?post=57948"}],"version-history":[{"count":0,"href":"https:\/\/ppdegalicia.com\/es\/wp-json\/wp\/v2\/posts\/57948\/revisions"}],"wp:featuredmedia":[{"embeddable":true,"href":"https:\/\/ppdegalicia.com\/es\/wp-json\/wp\/v2\/media\/57947"}],"wp:attachment":[{"href":"https:\/\/ppdegalicia.com\/es\/wp-json\/wp\/v2\/media?parent=57948"}],"wp:term":[{"taxonomy":"category","embeddable":true,"href":"https:\/\/ppdegalicia.com\/es\/wp-json\/wp\/v2\/categories?post=57948"},{"taxonomy":"post_tag","embeddable":true,"href":"https:\/\/ppdegalicia.com\/es\/wp-json\/wp\/v2\/tags?post=57948"}],"curies":[{"name":"wp","href":"https:\/\/api.w.org\/{rel}","templated":true}]}}