{"id":57988,"date":"2023-03-06T13:59:01","date_gmt":"2023-03-06T11:59:01","guid":{"rendered":"https:\/\/ppdegalicia.com\/pedro-puy-incide-na-necesidade-de-reformar-pola-via-de-urxencia-a-lei-de-so-si-e-si\/"},"modified":"2023-03-06T13:59:01","modified_gmt":"2023-03-06T11:59:01","slug":"pedro-puy-incide-na-necesidade-de-reformar-pola-via-de-urxencia-a-lei-de-so-si-e-si","status":"publish","type":"post","link":"https:\/\/ppdegalicia.com\/es\/pedro-puy-incide-na-necesidade-de-reformar-pola-via-de-urxencia-a-lei-de-so-si-e-si\/","title":{"rendered":"Pedro Puy incide na necesidade de reformar pola v\u00eda de urxencia a Lei de S\u00f3 si \u00e9 si"},"content":{"rendered":"<p><img fetchpriority=\"high\" decoding=\"async\" class=\" size-full wp-image-57987\" src=\"https:\/\/ppdegalicia.com\/wp-content\/uploads\/2023\/03\/cd009bf2403895cff1620425c2c8aa02.jpg\" alt=\"\" width=\"1900\" height=\"1267\" srcset=\"https:\/\/ppdegalicia.com\/wp-content\/uploads\/2023\/03\/cd009bf2403895cff1620425c2c8aa02.jpg 1900w, https:\/\/ppdegalicia.com\/wp-content\/uploads\/2023\/03\/cd009bf2403895cff1620425c2c8aa02-300x200.jpg 300w, https:\/\/ppdegalicia.com\/wp-content\/uploads\/2023\/03\/cd009bf2403895cff1620425c2c8aa02-1024x683.jpg 1024w, https:\/\/ppdegalicia.com\/wp-content\/uploads\/2023\/03\/cd009bf2403895cff1620425c2c8aa02-768x512.jpg 768w, https:\/\/ppdegalicia.com\/wp-content\/uploads\/2023\/03\/cd009bf2403895cff1620425c2c8aa02-1536x1024.jpg 1536w\" sizes=\"(max-width: 1900px) 100vw, 1900px\" \/><\/p>\n<p>6 de marzo de 2023. O portavoz do Grupo Popular, Pedro Puy, incidiu hoxe na necesidade de reformar pola v\u00eda de urxencia a Lei Org\u00e1nica 10\/2022 de garant\u00eda integral da liberdade sexual, m\u00e1is co\u00f1ecida como Lei de \u201cS\u00f3 si \u00e9 si\u201d, que xa facilitou a rebaixa de penas a m\u00e1is de 700 agresores sexuais en toda Espa\u00f1a, dos que m\u00e1is de 50 son en Galicia.<\/p>\n<p><!--more--><\/p>\n<p>Puy lembrou que, con motivo da celebraci\u00f3n do D\u00eda Internacional da Muller o vindeiro m\u00e9rcores, 8 de marzo, o Grupo Popular incorporou \u00e1 orde do d\u00eda do Pleno desta semana unha proposici\u00f3n non de lei e unha pregunta ao Goberno galego sobre a Lei de \u201cS\u00f3 si \u00e9 si\u201d. A trav\u00e9s da proposici\u00f3n non de lei p\u00eddese ao Goberno de Pedro S\u00e1nchez que revise, pola v\u00eda de urxencia, esta nova lei para que, quen cometa delitos sexuais poida ter, canto antes, as mesmas penas que estaban en vigor ata setembro de 2022 e que se viron rebaixadas pola actual regulaci\u00f3n. As\u00ed mesmo, dem\u00e1ndase que o Goberno central po\u00f1a todos os medios necesarios para velar polo benestar das v\u00edtimas cuxos agresores foron excarcerados ou se lles rebaixara a pena como consecuencia da Lei de \u201cs\u00f3 si \u00e9 si\u201d, evitando a vitimizaci\u00f3n secundaria.<\/p>\n<p>\u00a0<\/p>\n<p><strong>O GOBERNO NON ESCOITOU AO GRUPO POPULAR<\/strong><\/p>\n<p>\u00a0<\/p>\n<p>Neste sentido, o portavoz popular lamentou que o Goberno central \u201cnon escoitara as advertencias do Grupo Popular no Congreso no momento de aprobaci\u00f3n desta lei\u201d, ante o que presentou no mes de decembro unha proposici\u00f3n de lei para corrixir estes erros. \u201cEntendemos que no Pleno do Congreso que se celebra ma\u00f1\u00e1 os deputados do PP apoien a reforma desta lei para evitar que se mante\u00f1a e se recupere certa tranquilidade social, se evite revitimizar \u00e1s mulleres agredidas e se corrixa esta situaci\u00f3n de cara ao futuro\u201d, apuntou.<\/p>\n<p>\u00a0<\/p>\n<p>A proposici\u00f3n non de lei que defender\u00e1 o Grupo Popular no Parlamento galego solicita, ademais, a posta en marcha definitiva das medidas recollidas no Pacto de Estado contra a violencia de x\u00e9nero. \u201cLamentamos que por outras prioridades lexislativas, como a aprobaci\u00f3n da Lei de S\u00f3 si \u00e9 si, se foi deixando de lado a aplicaci\u00f3n deste pacto cando \u00e9 importante para evitar as agresi\u00f3ns sexuais e, sobre todo para protexer, apoiar, intervir e recuperar integralmente \u00e1s v\u00edtimas de violencia de x\u00e9nero\u201d, sinalou.<\/p>\n<p>\u00a0<\/p>\n<p><strong>GRATUIDADE L\u00d3XICA E DE XUSTIZA<\/strong><\/p>\n<p>\u00a0<\/p>\n<p>Pedro Puy informou, por outra parte, que o Grupo Popular demandar\u00e1 no Pleno que o Goberno de Espa\u00f1a outorgue a Galicia as mesmas medidas compensatorias anunciadas para Asturias e Cantabria para minimizar os prexu\u00edzos derivados do retraso na renovaci\u00f3n dos trens da li\u00f1a ferroviaria de ancho m\u00e9trico (antigamente co\u00f1ecida como FEVE) que operan en Galicia.<\/p>\n<p>\u00a0<\/p>\n<p>\u201cDespois do fiasco notable que se viviu con relaci\u00f3n aos equipamentos que deben circular polas li\u00f1as de FEVE en Cantabria e Asturias, o Goberno central tomou a decisi\u00f3n para intentar corrixir este erro de conceder a gratuidade destes servizos a estas d\u00faas comunidades, pero non se estendeu a Galicia na li\u00f1a que vai de Ferrol a Ribadeo\u201d, sinalou o portavoz popular.<\/p>\n<p>\u00a0<\/p>\n<p>Deste xeito, Pedro Puy considerou \u201cl\u00f3xico e de xustiza que esa gratuidade se estenda tam\u00e9n aos trens que operan en Galicia e, ao mesmo tempo, pediremos que que se faga \u00e1 maior brevidade a electrificaci\u00f3n desta li\u00f1a de ferrocarril de ancho m\u00e9trico, para que se poidan incrementar as frecuencias e mellorar o servizo\u201d. <\/p>\n","protected":false},"excerpt":{"rendered":"<p>6 de marzo de 2023. O portavoz do Grupo Popular, Pedro Puy, incidiu hoxe na necesidade de reformar pola v\u00eda de urxencia a Lei Org\u00e1nica 10\/2022 de garant\u00eda integral da liberdade sexual, m\u00e1is co\u00f1ecida como Lei de \u201cS\u00f3 si \u00e9 si\u201d, que xa facilitou a rebaixa de penas a m\u00e1is de 700 agresores sexuais en [&hellip;]<\/p>\n","protected":false},"author":38,"featured_media":57987,"comment_status":"open","ping_status":"open","sticky":false,"template":"","format":"standard","meta":{"_acf_changed":false,"footnotes":""},"categories":[1],"tags":[],"class_list":["post-57988","post","type-post","status-publish","format-standard","has-post-thumbnail","hentry","category-pp-de-galicia"],"acf":[],"yoast_head":"<!-- This site is optimized with the Yoast SEO plugin v27.3 - https:\/\/yoast.com\/product\/yoast-seo-wordpress\/ -->\n<title>Pedro Puy incide na necesidade de reformar pola v\u00eda de urxencia a Lei de S\u00f3 si \u00e9 si - PP de Galicia<\/title>\n<meta name=\"robots\" content=\"index, follow, max-snippet:-1, max-image-preview:large, max-video-preview:-1\" \/>\n<link rel=\"canonical\" href=\"https:\/\/ppdegalicia.com\/es\/pedro-puy-incide-na-necesidade-de-reformar-pola-via-de-urxencia-a-lei-de-so-si-e-si\/\" \/>\n<meta property=\"og:locale\" content=\"es_ES\" \/>\n<meta property=\"og:type\" content=\"article\" \/>\n<meta property=\"og:title\" content=\"Pedro Puy incide na necesidade de reformar pola v\u00eda de urxencia a Lei de S\u00f3 si \u00e9 si - PP de Galicia\" \/>\n<meta property=\"og:description\" content=\"6 de marzo de 2023. O portavoz do Grupo Popular, Pedro Puy, incidiu hoxe na necesidade de reformar pola v\u00eda de urxencia a Lei Org\u00e1nica 10\/2022 de garant\u00eda integral da liberdade sexual, m\u00e1is co\u00f1ecida como Lei de \u201cS\u00f3 si \u00e9 si\u201d, que xa facilitou a rebaixa de penas a m\u00e1is de 700 agresores sexuais en [&hellip;]\" \/>\n<meta property=\"og:url\" content=\"https:\/\/ppdegalicia.com\/es\/pedro-puy-incide-na-necesidade-de-reformar-pola-via-de-urxencia-a-lei-de-so-si-e-si\/\" \/>\n<meta property=\"og:site_name\" content=\"PP de Galicia\" \/>\n<meta property=\"article:publisher\" content=\"https:\/\/www.instagram.com\/ppdegalicia\/\" \/>\n<meta property=\"article:published_time\" content=\"2023-03-06T11:59:01+00:00\" \/>\n<meta property=\"og:image\" content=\"https:\/\/ppdegalicia.com\/wp-content\/uploads\/2023\/03\/cd009bf2403895cff1620425c2c8aa02.jpg\" \/>\n\t<meta property=\"og:image:width\" content=\"1900\" \/>\n\t<meta property=\"og:image:height\" content=\"1267\" \/>\n\t<meta property=\"og:image:type\" content=\"image\/jpeg\" \/>\n<meta name=\"author\" content=\"ppdegaliciaredes\" \/>\n<meta name=\"twitter:card\" content=\"summary_large_image\" \/>\n<meta name=\"twitter:creator\" content=\"@ppdegalicia\" \/>\n<meta name=\"twitter:site\" content=\"@ppdegalicia\" \/>\n<meta name=\"twitter:label1\" content=\"Escrito por\" \/>\n\t<meta name=\"twitter:data1\" content=\"ppdegaliciaredes\" \/>\n\t<meta name=\"twitter:label2\" content=\"Tiempo de lectura\" \/>\n\t<meta name=\"twitter:data2\" content=\"3 minutos\" \/>\n<script type=\"application\/ld+json\" class=\"yoast-schema-graph\">{\"@context\":\"https:\\\/\\\/schema.org\",\"@graph\":[{\"@type\":\"Article\",\"@id\":\"https:\\\/\\\/ppdegalicia.com\\\/es\\\/pedro-puy-incide-na-necesidade-de-reformar-pola-via-de-urxencia-a-lei-de-so-si-e-si\\\/#article\",\"isPartOf\":{\"@id\":\"https:\\\/\\\/ppdegalicia.com\\\/es\\\/pedro-puy-incide-na-necesidade-de-reformar-pola-via-de-urxencia-a-lei-de-so-si-e-si\\\/\"},\"author\":{\"name\":\"ppdegaliciaredes\",\"@id\":\"https:\\\/\\\/ppdegalicia.com\\\/es\\\/#\\\/schema\\\/person\\\/5b822c6f59e872ebdd1142f307dbcb59\"},\"headline\":\"Pedro Puy incide na necesidade de reformar pola v\u00eda de urxencia a Lei de S\u00f3 si \u00e9 si\",\"datePublished\":\"2023-03-06T11:59:01+00:00\",\"mainEntityOfPage\":{\"@id\":\"https:\\\/\\\/ppdegalicia.com\\\/es\\\/pedro-puy-incide-na-necesidade-de-reformar-pola-via-de-urxencia-a-lei-de-so-si-e-si\\\/\"},\"wordCount\":611,\"commentCount\":0,\"publisher\":{\"@id\":\"https:\\\/\\\/ppdegalicia.com\\\/es\\\/#organization\"},\"image\":{\"@id\":\"https:\\\/\\\/ppdegalicia.com\\\/es\\\/pedro-puy-incide-na-necesidade-de-reformar-pola-via-de-urxencia-a-lei-de-so-si-e-si\\\/#primaryimage\"},\"thumbnailUrl\":\"https:\\\/\\\/ppdegalicia.com\\\/wp-content\\\/uploads\\\/2023\\\/03\\\/cd009bf2403895cff1620425c2c8aa02.jpg\",\"articleSection\":[\"PP de Galicia\"],\"inLanguage\":\"es\",\"potentialAction\":[{\"@type\":\"CommentAction\",\"name\":\"Comment\",\"target\":[\"https:\\\/\\\/ppdegalicia.com\\\/es\\\/pedro-puy-incide-na-necesidade-de-reformar-pola-via-de-urxencia-a-lei-de-so-si-e-si\\\/#respond\"]}]},{\"@type\":\"WebPage\",\"@id\":\"https:\\\/\\\/ppdegalicia.com\\\/es\\\/pedro-puy-incide-na-necesidade-de-reformar-pola-via-de-urxencia-a-lei-de-so-si-e-si\\\/\",\"url\":\"https:\\\/\\\/ppdegalicia.com\\\/es\\\/pedro-puy-incide-na-necesidade-de-reformar-pola-via-de-urxencia-a-lei-de-so-si-e-si\\\/\",\"name\":\"Pedro Puy incide na necesidade de reformar pola v\u00eda de urxencia a Lei de S\u00f3 si \u00e9 si - PP de Galicia\",\"isPartOf\":{\"@id\":\"https:\\\/\\\/ppdegalicia.com\\\/es\\\/#website\"},\"primaryImageOfPage\":{\"@id\":\"https:\\\/\\\/ppdegalicia.com\\\/es\\\/pedro-puy-incide-na-necesidade-de-reformar-pola-via-de-urxencia-a-lei-de-so-si-e-si\\\/#primaryimage\"},\"image\":{\"@id\":\"https:\\\/\\\/ppdegalicia.com\\\/es\\\/pedro-puy-incide-na-necesidade-de-reformar-pola-via-de-urxencia-a-lei-de-so-si-e-si\\\/#primaryimage\"},\"thumbnailUrl\":\"https:\\\/\\\/ppdegalicia.com\\\/wp-content\\\/uploads\\\/2023\\\/03\\\/cd009bf2403895cff1620425c2c8aa02.jpg\",\"datePublished\":\"2023-03-06T11:59:01+00:00\",\"breadcrumb\":{\"@id\":\"https:\\\/\\\/ppdegalicia.com\\\/es\\\/pedro-puy-incide-na-necesidade-de-reformar-pola-via-de-urxencia-a-lei-de-so-si-e-si\\\/#breadcrumb\"},\"inLanguage\":\"es\",\"potentialAction\":[{\"@type\":\"ReadAction\",\"target\":[\"https:\\\/\\\/ppdegalicia.com\\\/es\\\/pedro-puy-incide-na-necesidade-de-reformar-pola-via-de-urxencia-a-lei-de-so-si-e-si\\\/\"]}]},{\"@type\":\"ImageObject\",\"inLanguage\":\"es\",\"@id\":\"https:\\\/\\\/ppdegalicia.com\\\/es\\\/pedro-puy-incide-na-necesidade-de-reformar-pola-via-de-urxencia-a-lei-de-so-si-e-si\\\/#primaryimage\",\"url\":\"https:\\\/\\\/ppdegalicia.com\\\/wp-content\\\/uploads\\\/2023\\\/03\\\/cd009bf2403895cff1620425c2c8aa02.jpg\",\"contentUrl\":\"https:\\\/\\\/ppdegalicia.com\\\/wp-content\\\/uploads\\\/2023\\\/03\\\/cd009bf2403895cff1620425c2c8aa02.jpg\",\"width\":1900,\"height\":1267},{\"@type\":\"BreadcrumbList\",\"@id\":\"https:\\\/\\\/ppdegalicia.com\\\/es\\\/pedro-puy-incide-na-necesidade-de-reformar-pola-via-de-urxencia-a-lei-de-so-si-e-si\\\/#breadcrumb\",\"itemListElement\":[{\"@type\":\"ListItem\",\"position\":1,\"name\":\"Portada\",\"item\":\"https:\\\/\\\/ppdegalicia.com\\\/es\\\/\"},{\"@type\":\"ListItem\",\"position\":2,\"name\":\"Pedro Puy incide na necesidade de reformar pola v\u00eda de urxencia a Lei de S\u00f3 si \u00e9 si\"}]},{\"@type\":\"WebSite\",\"@id\":\"https:\\\/\\\/ppdegalicia.com\\\/es\\\/#website\",\"url\":\"https:\\\/\\\/ppdegalicia.com\\\/es\\\/\",\"name\":\"Partido Popular de Galicia\",\"description\":\"Partido Popular de Galicia\",\"publisher\":{\"@id\":\"https:\\\/\\\/ppdegalicia.com\\\/es\\\/#organization\"},\"alternateName\":\"PP de Galicia\",\"potentialAction\":[{\"@type\":\"SearchAction\",\"target\":{\"@type\":\"EntryPoint\",\"urlTemplate\":\"https:\\\/\\\/ppdegalicia.com\\\/es\\\/?s={search_term_string}\"},\"query-input\":{\"@type\":\"PropertyValueSpecification\",\"valueRequired\":true,\"valueName\":\"search_term_string\"}}],\"inLanguage\":\"es\"},{\"@type\":\"Organization\",\"@id\":\"https:\\\/\\\/ppdegalicia.com\\\/es\\\/#organization\",\"name\":\"Partido Popular de Galicia\",\"alternateName\":\"PP de Galicia\",\"url\":\"https:\\\/\\\/ppdegalicia.com\\\/es\\\/\",\"logo\":{\"@type\":\"ImageObject\",\"inLanguage\":\"es\",\"@id\":\"https:\\\/\\\/ppdegalicia.com\\\/es\\\/#\\\/schema\\\/logo\\\/image\\\/\",\"url\":\"https:\\\/\\\/ppdegalicia.com\\\/wp-content\\\/uploads\\\/2023\\\/04\\\/logoPP512.png\",\"contentUrl\":\"https:\\\/\\\/ppdegalicia.com\\\/wp-content\\\/uploads\\\/2023\\\/04\\\/logoPP512.png\",\"width\":512,\"height\":512,\"caption\":\"Partido Popular de Galicia\"},\"image\":{\"@id\":\"https:\\\/\\\/ppdegalicia.com\\\/es\\\/#\\\/schema\\\/logo\\\/image\\\/\"},\"sameAs\":[\"https:\\\/\\\/www.instagram.com\\\/ppdegalicia\\\/\",\"https:\\\/\\\/x.com\\\/ppdegalicia\",\"https:\\\/\\\/www.tiktok.com\\\/@ppdegalicia\",\"https:\\\/\\\/www.youtube.com\\\/user\\\/ppdegalicia\"]},{\"@type\":\"Person\",\"@id\":\"https:\\\/\\\/ppdegalicia.com\\\/es\\\/#\\\/schema\\\/person\\\/5b822c6f59e872ebdd1142f307dbcb59\",\"name\":\"ppdegaliciaredes\",\"image\":{\"@type\":\"ImageObject\",\"inLanguage\":\"es\",\"@id\":\"https:\\\/\\\/secure.gravatar.com\\\/avatar\\\/3c9179cf0256d00c72a48d1f25783c58b6842cd56e85ef3a572881c8e28ccd59?s=96&d=mm&r=g\",\"url\":\"https:\\\/\\\/secure.gravatar.com\\\/avatar\\\/3c9179cf0256d00c72a48d1f25783c58b6842cd56e85ef3a572881c8e28ccd59?s=96&d=mm&r=g\",\"contentUrl\":\"https:\\\/\\\/secure.gravatar.com\\\/avatar\\\/3c9179cf0256d00c72a48d1f25783c58b6842cd56e85ef3a572881c8e28ccd59?s=96&d=mm&r=g\",\"caption\":\"ppdegaliciaredes\"},\"url\":\"https:\\\/\\\/ppdegalicia.com\\\/es\\\/author\\\/ppdegaliciaredes\\\/\"}]}<\/script>\n<!-- \/ Yoast SEO plugin. -->","yoast_head_json":{"title":"Pedro Puy incide na necesidade de reformar pola v\u00eda de urxencia a Lei de S\u00f3 si \u00e9 si - PP de Galicia","robots":{"index":"index","follow":"follow","max-snippet":"max-snippet:-1","max-image-preview":"max-image-preview:large","max-video-preview":"max-video-preview:-1"},"canonical":"https:\/\/ppdegalicia.com\/es\/pedro-puy-incide-na-necesidade-de-reformar-pola-via-de-urxencia-a-lei-de-so-si-e-si\/","og_locale":"es_ES","og_type":"article","og_title":"Pedro Puy incide na necesidade de reformar pola v\u00eda de urxencia a Lei de S\u00f3 si \u00e9 si - PP de Galicia","og_description":"6 de marzo de 2023. O portavoz do Grupo Popular, Pedro Puy, incidiu hoxe na necesidade de reformar pola v\u00eda de urxencia a Lei Org\u00e1nica 10\/2022 de garant\u00eda integral da liberdade sexual, m\u00e1is co\u00f1ecida como Lei de \u201cS\u00f3 si \u00e9 si\u201d, que xa facilitou a rebaixa de penas a m\u00e1is de 700 agresores sexuais en [&hellip;]","og_url":"https:\/\/ppdegalicia.com\/es\/pedro-puy-incide-na-necesidade-de-reformar-pola-via-de-urxencia-a-lei-de-so-si-e-si\/","og_site_name":"PP de Galicia","article_publisher":"https:\/\/www.instagram.com\/ppdegalicia\/","article_published_time":"2023-03-06T11:59:01+00:00","og_image":[{"width":1900,"height":1267,"url":"https:\/\/ppdegalicia.com\/wp-content\/uploads\/2023\/03\/cd009bf2403895cff1620425c2c8aa02.jpg","type":"image\/jpeg"}],"author":"ppdegaliciaredes","twitter_card":"summary_large_image","twitter_creator":"@ppdegalicia","twitter_site":"@ppdegalicia","twitter_misc":{"Escrito por":"ppdegaliciaredes","Tiempo de lectura":"3 minutos"},"schema":{"@context":"https:\/\/schema.org","@graph":[{"@type":"Article","@id":"https:\/\/ppdegalicia.com\/es\/pedro-puy-incide-na-necesidade-de-reformar-pola-via-de-urxencia-a-lei-de-so-si-e-si\/#article","isPartOf":{"@id":"https:\/\/ppdegalicia.com\/es\/pedro-puy-incide-na-necesidade-de-reformar-pola-via-de-urxencia-a-lei-de-so-si-e-si\/"},"author":{"name":"ppdegaliciaredes","@id":"https:\/\/ppdegalicia.com\/es\/#\/schema\/person\/5b822c6f59e872ebdd1142f307dbcb59"},"headline":"Pedro Puy incide na necesidade de reformar pola v\u00eda de urxencia a Lei de S\u00f3 si \u00e9 si","datePublished":"2023-03-06T11:59:01+00:00","mainEntityOfPage":{"@id":"https:\/\/ppdegalicia.com\/es\/pedro-puy-incide-na-necesidade-de-reformar-pola-via-de-urxencia-a-lei-de-so-si-e-si\/"},"wordCount":611,"commentCount":0,"publisher":{"@id":"https:\/\/ppdegalicia.com\/es\/#organization"},"image":{"@id":"https:\/\/ppdegalicia.com\/es\/pedro-puy-incide-na-necesidade-de-reformar-pola-via-de-urxencia-a-lei-de-so-si-e-si\/#primaryimage"},"thumbnailUrl":"https:\/\/ppdegalicia.com\/wp-content\/uploads\/2023\/03\/cd009bf2403895cff1620425c2c8aa02.jpg","articleSection":["PP de Galicia"],"inLanguage":"es","potentialAction":[{"@type":"CommentAction","name":"Comment","target":["https:\/\/ppdegalicia.com\/es\/pedro-puy-incide-na-necesidade-de-reformar-pola-via-de-urxencia-a-lei-de-so-si-e-si\/#respond"]}]},{"@type":"WebPage","@id":"https:\/\/ppdegalicia.com\/es\/pedro-puy-incide-na-necesidade-de-reformar-pola-via-de-urxencia-a-lei-de-so-si-e-si\/","url":"https:\/\/ppdegalicia.com\/es\/pedro-puy-incide-na-necesidade-de-reformar-pola-via-de-urxencia-a-lei-de-so-si-e-si\/","name":"Pedro Puy incide na necesidade de reformar pola v\u00eda de urxencia a Lei de S\u00f3 si \u00e9 si - PP de Galicia","isPartOf":{"@id":"https:\/\/ppdegalicia.com\/es\/#website"},"primaryImageOfPage":{"@id":"https:\/\/ppdegalicia.com\/es\/pedro-puy-incide-na-necesidade-de-reformar-pola-via-de-urxencia-a-lei-de-so-si-e-si\/#primaryimage"},"image":{"@id":"https:\/\/ppdegalicia.com\/es\/pedro-puy-incide-na-necesidade-de-reformar-pola-via-de-urxencia-a-lei-de-so-si-e-si\/#primaryimage"},"thumbnailUrl":"https:\/\/ppdegalicia.com\/wp-content\/uploads\/2023\/03\/cd009bf2403895cff1620425c2c8aa02.jpg","datePublished":"2023-03-06T11:59:01+00:00","breadcrumb":{"@id":"https:\/\/ppdegalicia.com\/es\/pedro-puy-incide-na-necesidade-de-reformar-pola-via-de-urxencia-a-lei-de-so-si-e-si\/#breadcrumb"},"inLanguage":"es","potentialAction":[{"@type":"ReadAction","target":["https:\/\/ppdegalicia.com\/es\/pedro-puy-incide-na-necesidade-de-reformar-pola-via-de-urxencia-a-lei-de-so-si-e-si\/"]}]},{"@type":"ImageObject","inLanguage":"es","@id":"https:\/\/ppdegalicia.com\/es\/pedro-puy-incide-na-necesidade-de-reformar-pola-via-de-urxencia-a-lei-de-so-si-e-si\/#primaryimage","url":"https:\/\/ppdegalicia.com\/wp-content\/uploads\/2023\/03\/cd009bf2403895cff1620425c2c8aa02.jpg","contentUrl":"https:\/\/ppdegalicia.com\/wp-content\/uploads\/2023\/03\/cd009bf2403895cff1620425c2c8aa02.jpg","width":1900,"height":1267},{"@type":"BreadcrumbList","@id":"https:\/\/ppdegalicia.com\/es\/pedro-puy-incide-na-necesidade-de-reformar-pola-via-de-urxencia-a-lei-de-so-si-e-si\/#breadcrumb","itemListElement":[{"@type":"ListItem","position":1,"name":"Portada","item":"https:\/\/ppdegalicia.com\/es\/"},{"@type":"ListItem","position":2,"name":"Pedro Puy incide na necesidade de reformar pola v\u00eda de urxencia a Lei de S\u00f3 si \u00e9 si"}]},{"@type":"WebSite","@id":"https:\/\/ppdegalicia.com\/es\/#website","url":"https:\/\/ppdegalicia.com\/es\/","name":"Partido Popular de Galicia","description":"Partido Popular de Galicia","publisher":{"@id":"https:\/\/ppdegalicia.com\/es\/#organization"},"alternateName":"PP de Galicia","potentialAction":[{"@type":"SearchAction","target":{"@type":"EntryPoint","urlTemplate":"https:\/\/ppdegalicia.com\/es\/?s={search_term_string}"},"query-input":{"@type":"PropertyValueSpecification","valueRequired":true,"valueName":"search_term_string"}}],"inLanguage":"es"},{"@type":"Organization","@id":"https:\/\/ppdegalicia.com\/es\/#organization","name":"Partido Popular de Galicia","alternateName":"PP de Galicia","url":"https:\/\/ppdegalicia.com\/es\/","logo":{"@type":"ImageObject","inLanguage":"es","@id":"https:\/\/ppdegalicia.com\/es\/#\/schema\/logo\/image\/","url":"https:\/\/ppdegalicia.com\/wp-content\/uploads\/2023\/04\/logoPP512.png","contentUrl":"https:\/\/ppdegalicia.com\/wp-content\/uploads\/2023\/04\/logoPP512.png","width":512,"height":512,"caption":"Partido Popular de Galicia"},"image":{"@id":"https:\/\/ppdegalicia.com\/es\/#\/schema\/logo\/image\/"},"sameAs":["https:\/\/www.instagram.com\/ppdegalicia\/","https:\/\/x.com\/ppdegalicia","https:\/\/www.tiktok.com\/@ppdegalicia","https:\/\/www.youtube.com\/user\/ppdegalicia"]},{"@type":"Person","@id":"https:\/\/ppdegalicia.com\/es\/#\/schema\/person\/5b822c6f59e872ebdd1142f307dbcb59","name":"ppdegaliciaredes","image":{"@type":"ImageObject","inLanguage":"es","@id":"https:\/\/secure.gravatar.com\/avatar\/3c9179cf0256d00c72a48d1f25783c58b6842cd56e85ef3a572881c8e28ccd59?s=96&d=mm&r=g","url":"https:\/\/secure.gravatar.com\/avatar\/3c9179cf0256d00c72a48d1f25783c58b6842cd56e85ef3a572881c8e28ccd59?s=96&d=mm&r=g","contentUrl":"https:\/\/secure.gravatar.com\/avatar\/3c9179cf0256d00c72a48d1f25783c58b6842cd56e85ef3a572881c8e28ccd59?s=96&d=mm&r=g","caption":"ppdegaliciaredes"},"url":"https:\/\/ppdegalicia.com\/es\/author\/ppdegaliciaredes\/"}]}},"_links":{"self":[{"href":"https:\/\/ppdegalicia.com\/es\/wp-json\/wp\/v2\/posts\/57988","targetHints":{"allow":["GET"]}}],"collection":[{"href":"https:\/\/ppdegalicia.com\/es\/wp-json\/wp\/v2\/posts"}],"about":[{"href":"https:\/\/ppdegalicia.com\/es\/wp-json\/wp\/v2\/types\/post"}],"author":[{"embeddable":true,"href":"https:\/\/ppdegalicia.com\/es\/wp-json\/wp\/v2\/users\/38"}],"replies":[{"embeddable":true,"href":"https:\/\/ppdegalicia.com\/es\/wp-json\/wp\/v2\/comments?post=57988"}],"version-history":[{"count":0,"href":"https:\/\/ppdegalicia.com\/es\/wp-json\/wp\/v2\/posts\/57988\/revisions"}],"wp:featuredmedia":[{"embeddable":true,"href":"https:\/\/ppdegalicia.com\/es\/wp-json\/wp\/v2\/media\/57987"}],"wp:attachment":[{"href":"https:\/\/ppdegalicia.com\/es\/wp-json\/wp\/v2\/media?parent=57988"}],"wp:term":[{"taxonomy":"category","embeddable":true,"href":"https:\/\/ppdegalicia.com\/es\/wp-json\/wp\/v2\/categories?post=57988"},{"taxonomy":"post_tag","embeddable":true,"href":"https:\/\/ppdegalicia.com\/es\/wp-json\/wp\/v2\/tags?post=57988"}],"curies":[{"name":"wp","href":"https:\/\/api.w.org\/{rel}","templated":true}]}}