{"id":57992,"date":"2023-03-07T13:02:34","date_gmt":"2023-03-07T11:02:34","guid":{"rendered":"https:\/\/ppdegalicia.com\/o-grupo-popular-acusa-a-bng-e-psdeg-de-manter-a-sua-triloxia-sanitaria-confusion-bulo-e-insulto\/"},"modified":"2023-03-07T13:02:34","modified_gmt":"2023-03-07T11:02:34","slug":"o-grupo-popular-acusa-a-bng-e-psdeg-de-manter-a-sua-triloxia-sanitaria-confusion-bulo-e-insulto","status":"publish","type":"post","link":"https:\/\/ppdegalicia.com\/es\/o-grupo-popular-acusa-a-bng-e-psdeg-de-manter-a-sua-triloxia-sanitaria-confusion-bulo-e-insulto\/","title":{"rendered":"O Grupo Popular acusa a BNG e PSdeG de \u201cmanter a s\u00faa trilox\u00eda sanitaria: confusi\u00f3n, bulo e insulto\u201d"},"content":{"rendered":"<p><img fetchpriority=\"high\" decoding=\"async\" class=\" size-full wp-image-57991\" src=\"https:\/\/ppdegalicia.com\/wp-content\/uploads\/2023\/03\/4f3bde95bfa4fcf9f742c2213c7446a7.jpg\" alt=\"\" width=\"1900\" height=\"1267\" srcset=\"https:\/\/ppdegalicia.com\/wp-content\/uploads\/2023\/03\/4f3bde95bfa4fcf9f742c2213c7446a7.jpg 1900w, https:\/\/ppdegalicia.com\/wp-content\/uploads\/2023\/03\/4f3bde95bfa4fcf9f742c2213c7446a7-300x200.jpg 300w, https:\/\/ppdegalicia.com\/wp-content\/uploads\/2023\/03\/4f3bde95bfa4fcf9f742c2213c7446a7-1024x683.jpg 1024w, https:\/\/ppdegalicia.com\/wp-content\/uploads\/2023\/03\/4f3bde95bfa4fcf9f742c2213c7446a7-768x512.jpg 768w, https:\/\/ppdegalicia.com\/wp-content\/uploads\/2023\/03\/4f3bde95bfa4fcf9f742c2213c7446a7-1536x1024.jpg 1536w\" sizes=\"(max-width: 1900px) 100vw, 1900px\" \/><\/p>\n<p>7 de marzo de 2023. O viceportavoz do Grupo Popular, Alberto Pazos, acusou hoxe a BNG e PSdeG no Pleno do Parlamento galego de \u201cmanter a s\u00faa trilox\u00eda sanitaria: confusi\u00f3n, bulo e insulto\u201d. \u201cA atenci\u00f3n primaria galega nunca tivo m\u00e1is orzamento que neste ano 2023, inclu\u00edndo o maior gasto en persoal sanitario da historia da sanidade galega\u201d, asegurou.<\/p>\n<p><!--more--><\/p>\n<p>Alberto Pazos afirmou desco\u00f1ecer \u201ca fonte de onde saca o BNG que a Organizaci\u00f3n Mundial da Sa\u00fade recomenda dedicar o 25 por cento do orzamento da sanidade \u00e1 atenci\u00f3n primaria, sen computar o gasto farmac\u00e9utico, porque en todos os informes elaborados por este organismo se computa este gasto\u201d. Ademais, os nacionalistas \u201cap\u00fantanse a suba en atenci\u00f3n primaria pero ocultan cales son os servizos m\u00e9dicos que van ver reducidos o seu financiamento de forma significativa e permanente\u201d.<\/p>\n<p>\u00a0<\/p>\n<p>\u201cO trilerismo parlamentario da esquerda galega non ten l\u00edmite e arbitrariamente e contra o criterio da Organizaci\u00f3n Mundial da Sa\u00fade deciden eliminar o gasto en farmacia da atenci\u00f3n primaria\u201d, sinalou o viceportavoz popular.<\/p>\n<p>\u00a0<\/p>\n<p><strong>7.000 PROFESIONAIS M\u00c1IS<\/strong><\/p>\n<p>\u00a0<\/p>\n<p>Neste sentido, e tomando como referencia os orzamentos da Xunta para 2009 e 2023, Alberto Pazos explicou que o gasto para atenci\u00f3n primeira incrementouse nestes anos en case 90 mill\u00f3ns de euros e o gasto en persoal noutros 134 mill\u00f3ns de euros, ao contar con 7.000 profesionais m\u00e1is. \u201cEn contraposici\u00f3n, o gasto en farmacia reduciuse en 53,9 mill\u00f3ns de euros a pesar de que aumentaron 7 mill\u00f3ns o n\u00famero de receitas anuais\u201d, polo que \u201cquen defende os intereses privados son os que boicotearon o uso de xen\u00e9ricos, os que subiron a derivaci\u00f3n de pacientes \u00e1 sanidade privada m\u00e1is dun 50 por cento e os que blindaron o concerto con Povisa\u201d, concretou.<\/p>\n<p>\u00a0<\/p>\n<p>Para rematar, o viceportavoz popular criticou \u201co novo bulo utilizado polo BNG ao fixar en 2.340 mill\u00f3ns de euros o recorte acumulado en atenci\u00f3n primaria\u201d. As\u00ed, Pazos explicou que \u201c1.791 mill\u00f3ns de euros dese suposto recorte corresponden a aforro en farmacia, ao que engadeu \u201co recorte para toda a vida de 57 mill\u00f3ns de euros anuais que fixo o Goberno socialista de Zapatero aos traballadores da sanidade p\u00fablica galega\u201d<\/p>\n<p>\u00a0<\/p>\n<p>\u201cE, por si non bastaba con chamar panda de psic\u00f3patas aos responsables da sanidade p\u00fablica galega, agora insultan aos profesionais do Sergas acus\u00e1ndoos de inventar probas innecesarias para non aumentar as listas de espera\u201d, lamentou Alberto Pazos, quen lembrou que os nacionalistas acusaron no \u00faltimo Pleno a profesionais da sanidade p\u00fablica galega de tomar conscientemente decisi\u00f3ns m\u00e9dicas prexudiciais para os seus pacientes.<\/p>\n","protected":false},"excerpt":{"rendered":"<p>7 de marzo de 2023. O viceportavoz do Grupo Popular, Alberto Pazos, acusou hoxe a BNG e PSdeG no Pleno do Parlamento galego de \u201cmanter a s\u00faa trilox\u00eda sanitaria: confusi\u00f3n, bulo e insulto\u201d. \u201cA atenci\u00f3n primaria galega nunca tivo m\u00e1is orzamento que neste ano 2023, inclu\u00edndo o maior gasto en persoal sanitario da historia da [&hellip;]<\/p>\n","protected":false},"author":38,"featured_media":57991,"comment_status":"open","ping_status":"open","sticky":false,"template":"","format":"standard","meta":{"_acf_changed":false,"footnotes":""},"categories":[1],"tags":[],"class_list":["post-57992","post","type-post","status-publish","format-standard","has-post-thumbnail","hentry","category-pp-de-galicia"],"acf":[],"yoast_head":"<!-- This site is optimized with the Yoast SEO plugin v27.3 - https:\/\/yoast.com\/product\/yoast-seo-wordpress\/ -->\n<title>O Grupo Popular acusa a BNG e PSdeG de \u201cmanter a s\u00faa trilox\u00eda sanitaria: confusi\u00f3n, bulo e insulto\u201d - PP de Galicia<\/title>\n<meta name=\"robots\" content=\"index, follow, max-snippet:-1, max-image-preview:large, max-video-preview:-1\" \/>\n<link rel=\"canonical\" href=\"https:\/\/ppdegalicia.com\/es\/o-grupo-popular-acusa-a-bng-e-psdeg-de-manter-a-sua-triloxia-sanitaria-confusion-bulo-e-insulto\/\" \/>\n<meta property=\"og:locale\" content=\"es_ES\" \/>\n<meta property=\"og:type\" content=\"article\" \/>\n<meta property=\"og:title\" content=\"O Grupo Popular acusa a BNG e PSdeG de \u201cmanter a s\u00faa trilox\u00eda sanitaria: confusi\u00f3n, bulo e insulto\u201d - PP de Galicia\" \/>\n<meta property=\"og:description\" content=\"7 de marzo de 2023. O viceportavoz do Grupo Popular, Alberto Pazos, acusou hoxe a BNG e PSdeG no Pleno do Parlamento galego de \u201cmanter a s\u00faa trilox\u00eda sanitaria: confusi\u00f3n, bulo e insulto\u201d. \u201cA atenci\u00f3n primaria galega nunca tivo m\u00e1is orzamento que neste ano 2023, inclu\u00edndo o maior gasto en persoal sanitario da historia da [&hellip;]\" \/>\n<meta property=\"og:url\" content=\"https:\/\/ppdegalicia.com\/es\/o-grupo-popular-acusa-a-bng-e-psdeg-de-manter-a-sua-triloxia-sanitaria-confusion-bulo-e-insulto\/\" \/>\n<meta property=\"og:site_name\" content=\"PP de Galicia\" \/>\n<meta property=\"article:publisher\" content=\"https:\/\/www.instagram.com\/ppdegalicia\/\" \/>\n<meta property=\"article:published_time\" content=\"2023-03-07T11:02:34+00:00\" \/>\n<meta property=\"og:image\" content=\"https:\/\/ppdegalicia.com\/wp-content\/uploads\/2023\/03\/4f3bde95bfa4fcf9f742c2213c7446a7.jpg\" \/>\n\t<meta property=\"og:image:width\" content=\"1900\" \/>\n\t<meta property=\"og:image:height\" content=\"1267\" \/>\n\t<meta property=\"og:image:type\" content=\"image\/jpeg\" \/>\n<meta name=\"author\" content=\"ppdegaliciaredes\" \/>\n<meta name=\"twitter:card\" content=\"summary_large_image\" \/>\n<meta name=\"twitter:creator\" content=\"@ppdegalicia\" \/>\n<meta name=\"twitter:site\" content=\"@ppdegalicia\" \/>\n<meta name=\"twitter:label1\" content=\"Escrito por\" \/>\n\t<meta name=\"twitter:data1\" content=\"ppdegaliciaredes\" \/>\n\t<meta name=\"twitter:label2\" content=\"Tiempo de lectura\" \/>\n\t<meta name=\"twitter:data2\" content=\"2 minutos\" \/>\n<script type=\"application\/ld+json\" class=\"yoast-schema-graph\">{\"@context\":\"https:\\\/\\\/schema.org\",\"@graph\":[{\"@type\":\"Article\",\"@id\":\"https:\\\/\\\/ppdegalicia.com\\\/es\\\/o-grupo-popular-acusa-a-bng-e-psdeg-de-manter-a-sua-triloxia-sanitaria-confusion-bulo-e-insulto\\\/#article\",\"isPartOf\":{\"@id\":\"https:\\\/\\\/ppdegalicia.com\\\/es\\\/o-grupo-popular-acusa-a-bng-e-psdeg-de-manter-a-sua-triloxia-sanitaria-confusion-bulo-e-insulto\\\/\"},\"author\":{\"name\":\"ppdegaliciaredes\",\"@id\":\"https:\\\/\\\/ppdegalicia.com\\\/es\\\/#\\\/schema\\\/person\\\/5b822c6f59e872ebdd1142f307dbcb59\"},\"headline\":\"O Grupo Popular acusa a BNG e PSdeG de \u201cmanter a s\u00faa trilox\u00eda sanitaria: confusi\u00f3n, bulo e insulto\u201d\",\"datePublished\":\"2023-03-07T11:02:34+00:00\",\"mainEntityOfPage\":{\"@id\":\"https:\\\/\\\/ppdegalicia.com\\\/es\\\/o-grupo-popular-acusa-a-bng-e-psdeg-de-manter-a-sua-triloxia-sanitaria-confusion-bulo-e-insulto\\\/\"},\"wordCount\":456,\"commentCount\":0,\"publisher\":{\"@id\":\"https:\\\/\\\/ppdegalicia.com\\\/es\\\/#organization\"},\"image\":{\"@id\":\"https:\\\/\\\/ppdegalicia.com\\\/es\\\/o-grupo-popular-acusa-a-bng-e-psdeg-de-manter-a-sua-triloxia-sanitaria-confusion-bulo-e-insulto\\\/#primaryimage\"},\"thumbnailUrl\":\"https:\\\/\\\/ppdegalicia.com\\\/wp-content\\\/uploads\\\/2023\\\/03\\\/4f3bde95bfa4fcf9f742c2213c7446a7.jpg\",\"articleSection\":[\"PP de Galicia\"],\"inLanguage\":\"es\",\"potentialAction\":[{\"@type\":\"CommentAction\",\"name\":\"Comment\",\"target\":[\"https:\\\/\\\/ppdegalicia.com\\\/es\\\/o-grupo-popular-acusa-a-bng-e-psdeg-de-manter-a-sua-triloxia-sanitaria-confusion-bulo-e-insulto\\\/#respond\"]}]},{\"@type\":\"WebPage\",\"@id\":\"https:\\\/\\\/ppdegalicia.com\\\/es\\\/o-grupo-popular-acusa-a-bng-e-psdeg-de-manter-a-sua-triloxia-sanitaria-confusion-bulo-e-insulto\\\/\",\"url\":\"https:\\\/\\\/ppdegalicia.com\\\/es\\\/o-grupo-popular-acusa-a-bng-e-psdeg-de-manter-a-sua-triloxia-sanitaria-confusion-bulo-e-insulto\\\/\",\"name\":\"O Grupo Popular acusa a BNG e PSdeG de \u201cmanter a s\u00faa trilox\u00eda sanitaria: confusi\u00f3n, bulo e insulto\u201d - PP de Galicia\",\"isPartOf\":{\"@id\":\"https:\\\/\\\/ppdegalicia.com\\\/es\\\/#website\"},\"primaryImageOfPage\":{\"@id\":\"https:\\\/\\\/ppdegalicia.com\\\/es\\\/o-grupo-popular-acusa-a-bng-e-psdeg-de-manter-a-sua-triloxia-sanitaria-confusion-bulo-e-insulto\\\/#primaryimage\"},\"image\":{\"@id\":\"https:\\\/\\\/ppdegalicia.com\\\/es\\\/o-grupo-popular-acusa-a-bng-e-psdeg-de-manter-a-sua-triloxia-sanitaria-confusion-bulo-e-insulto\\\/#primaryimage\"},\"thumbnailUrl\":\"https:\\\/\\\/ppdegalicia.com\\\/wp-content\\\/uploads\\\/2023\\\/03\\\/4f3bde95bfa4fcf9f742c2213c7446a7.jpg\",\"datePublished\":\"2023-03-07T11:02:34+00:00\",\"breadcrumb\":{\"@id\":\"https:\\\/\\\/ppdegalicia.com\\\/es\\\/o-grupo-popular-acusa-a-bng-e-psdeg-de-manter-a-sua-triloxia-sanitaria-confusion-bulo-e-insulto\\\/#breadcrumb\"},\"inLanguage\":\"es\",\"potentialAction\":[{\"@type\":\"ReadAction\",\"target\":[\"https:\\\/\\\/ppdegalicia.com\\\/es\\\/o-grupo-popular-acusa-a-bng-e-psdeg-de-manter-a-sua-triloxia-sanitaria-confusion-bulo-e-insulto\\\/\"]}]},{\"@type\":\"ImageObject\",\"inLanguage\":\"es\",\"@id\":\"https:\\\/\\\/ppdegalicia.com\\\/es\\\/o-grupo-popular-acusa-a-bng-e-psdeg-de-manter-a-sua-triloxia-sanitaria-confusion-bulo-e-insulto\\\/#primaryimage\",\"url\":\"https:\\\/\\\/ppdegalicia.com\\\/wp-content\\\/uploads\\\/2023\\\/03\\\/4f3bde95bfa4fcf9f742c2213c7446a7.jpg\",\"contentUrl\":\"https:\\\/\\\/ppdegalicia.com\\\/wp-content\\\/uploads\\\/2023\\\/03\\\/4f3bde95bfa4fcf9f742c2213c7446a7.jpg\",\"width\":1900,\"height\":1267},{\"@type\":\"BreadcrumbList\",\"@id\":\"https:\\\/\\\/ppdegalicia.com\\\/es\\\/o-grupo-popular-acusa-a-bng-e-psdeg-de-manter-a-sua-triloxia-sanitaria-confusion-bulo-e-insulto\\\/#breadcrumb\",\"itemListElement\":[{\"@type\":\"ListItem\",\"position\":1,\"name\":\"Portada\",\"item\":\"https:\\\/\\\/ppdegalicia.com\\\/es\\\/\"},{\"@type\":\"ListItem\",\"position\":2,\"name\":\"O Grupo Popular acusa a BNG e PSdeG de \u201cmanter a s\u00faa trilox\u00eda sanitaria: confusi\u00f3n, bulo e insulto\u201d\"}]},{\"@type\":\"WebSite\",\"@id\":\"https:\\\/\\\/ppdegalicia.com\\\/es\\\/#website\",\"url\":\"https:\\\/\\\/ppdegalicia.com\\\/es\\\/\",\"name\":\"Partido Popular de Galicia\",\"description\":\"Partido Popular de Galicia\",\"publisher\":{\"@id\":\"https:\\\/\\\/ppdegalicia.com\\\/es\\\/#organization\"},\"alternateName\":\"PP de Galicia\",\"potentialAction\":[{\"@type\":\"SearchAction\",\"target\":{\"@type\":\"EntryPoint\",\"urlTemplate\":\"https:\\\/\\\/ppdegalicia.com\\\/es\\\/?s={search_term_string}\"},\"query-input\":{\"@type\":\"PropertyValueSpecification\",\"valueRequired\":true,\"valueName\":\"search_term_string\"}}],\"inLanguage\":\"es\"},{\"@type\":\"Organization\",\"@id\":\"https:\\\/\\\/ppdegalicia.com\\\/es\\\/#organization\",\"name\":\"Partido Popular de Galicia\",\"alternateName\":\"PP de Galicia\",\"url\":\"https:\\\/\\\/ppdegalicia.com\\\/es\\\/\",\"logo\":{\"@type\":\"ImageObject\",\"inLanguage\":\"es\",\"@id\":\"https:\\\/\\\/ppdegalicia.com\\\/es\\\/#\\\/schema\\\/logo\\\/image\\\/\",\"url\":\"https:\\\/\\\/ppdegalicia.com\\\/wp-content\\\/uploads\\\/2023\\\/04\\\/logoPP512.png\",\"contentUrl\":\"https:\\\/\\\/ppdegalicia.com\\\/wp-content\\\/uploads\\\/2023\\\/04\\\/logoPP512.png\",\"width\":512,\"height\":512,\"caption\":\"Partido Popular de Galicia\"},\"image\":{\"@id\":\"https:\\\/\\\/ppdegalicia.com\\\/es\\\/#\\\/schema\\\/logo\\\/image\\\/\"},\"sameAs\":[\"https:\\\/\\\/www.instagram.com\\\/ppdegalicia\\\/\",\"https:\\\/\\\/x.com\\\/ppdegalicia\",\"https:\\\/\\\/www.tiktok.com\\\/@ppdegalicia\",\"https:\\\/\\\/www.youtube.com\\\/user\\\/ppdegalicia\"]},{\"@type\":\"Person\",\"@id\":\"https:\\\/\\\/ppdegalicia.com\\\/es\\\/#\\\/schema\\\/person\\\/5b822c6f59e872ebdd1142f307dbcb59\",\"name\":\"ppdegaliciaredes\",\"image\":{\"@type\":\"ImageObject\",\"inLanguage\":\"es\",\"@id\":\"https:\\\/\\\/secure.gravatar.com\\\/avatar\\\/3c9179cf0256d00c72a48d1f25783c58b6842cd56e85ef3a572881c8e28ccd59?s=96&d=mm&r=g\",\"url\":\"https:\\\/\\\/secure.gravatar.com\\\/avatar\\\/3c9179cf0256d00c72a48d1f25783c58b6842cd56e85ef3a572881c8e28ccd59?s=96&d=mm&r=g\",\"contentUrl\":\"https:\\\/\\\/secure.gravatar.com\\\/avatar\\\/3c9179cf0256d00c72a48d1f25783c58b6842cd56e85ef3a572881c8e28ccd59?s=96&d=mm&r=g\",\"caption\":\"ppdegaliciaredes\"},\"url\":\"https:\\\/\\\/ppdegalicia.com\\\/es\\\/author\\\/ppdegaliciaredes\\\/\"}]}<\/script>\n<!-- \/ Yoast SEO plugin. -->","yoast_head_json":{"title":"O Grupo Popular acusa a BNG e PSdeG de \u201cmanter a s\u00faa trilox\u00eda sanitaria: confusi\u00f3n, bulo e insulto\u201d - PP de Galicia","robots":{"index":"index","follow":"follow","max-snippet":"max-snippet:-1","max-image-preview":"max-image-preview:large","max-video-preview":"max-video-preview:-1"},"canonical":"https:\/\/ppdegalicia.com\/es\/o-grupo-popular-acusa-a-bng-e-psdeg-de-manter-a-sua-triloxia-sanitaria-confusion-bulo-e-insulto\/","og_locale":"es_ES","og_type":"article","og_title":"O Grupo Popular acusa a BNG e PSdeG de \u201cmanter a s\u00faa trilox\u00eda sanitaria: confusi\u00f3n, bulo e insulto\u201d - PP de Galicia","og_description":"7 de marzo de 2023. O viceportavoz do Grupo Popular, Alberto Pazos, acusou hoxe a BNG e PSdeG no Pleno do Parlamento galego de \u201cmanter a s\u00faa trilox\u00eda sanitaria: confusi\u00f3n, bulo e insulto\u201d. \u201cA atenci\u00f3n primaria galega nunca tivo m\u00e1is orzamento que neste ano 2023, inclu\u00edndo o maior gasto en persoal sanitario da historia da [&hellip;]","og_url":"https:\/\/ppdegalicia.com\/es\/o-grupo-popular-acusa-a-bng-e-psdeg-de-manter-a-sua-triloxia-sanitaria-confusion-bulo-e-insulto\/","og_site_name":"PP de Galicia","article_publisher":"https:\/\/www.instagram.com\/ppdegalicia\/","article_published_time":"2023-03-07T11:02:34+00:00","og_image":[{"width":1900,"height":1267,"url":"https:\/\/ppdegalicia.com\/wp-content\/uploads\/2023\/03\/4f3bde95bfa4fcf9f742c2213c7446a7.jpg","type":"image\/jpeg"}],"author":"ppdegaliciaredes","twitter_card":"summary_large_image","twitter_creator":"@ppdegalicia","twitter_site":"@ppdegalicia","twitter_misc":{"Escrito por":"ppdegaliciaredes","Tiempo de lectura":"2 minutos"},"schema":{"@context":"https:\/\/schema.org","@graph":[{"@type":"Article","@id":"https:\/\/ppdegalicia.com\/es\/o-grupo-popular-acusa-a-bng-e-psdeg-de-manter-a-sua-triloxia-sanitaria-confusion-bulo-e-insulto\/#article","isPartOf":{"@id":"https:\/\/ppdegalicia.com\/es\/o-grupo-popular-acusa-a-bng-e-psdeg-de-manter-a-sua-triloxia-sanitaria-confusion-bulo-e-insulto\/"},"author":{"name":"ppdegaliciaredes","@id":"https:\/\/ppdegalicia.com\/es\/#\/schema\/person\/5b822c6f59e872ebdd1142f307dbcb59"},"headline":"O Grupo Popular acusa a BNG e PSdeG de \u201cmanter a s\u00faa trilox\u00eda sanitaria: confusi\u00f3n, bulo e insulto\u201d","datePublished":"2023-03-07T11:02:34+00:00","mainEntityOfPage":{"@id":"https:\/\/ppdegalicia.com\/es\/o-grupo-popular-acusa-a-bng-e-psdeg-de-manter-a-sua-triloxia-sanitaria-confusion-bulo-e-insulto\/"},"wordCount":456,"commentCount":0,"publisher":{"@id":"https:\/\/ppdegalicia.com\/es\/#organization"},"image":{"@id":"https:\/\/ppdegalicia.com\/es\/o-grupo-popular-acusa-a-bng-e-psdeg-de-manter-a-sua-triloxia-sanitaria-confusion-bulo-e-insulto\/#primaryimage"},"thumbnailUrl":"https:\/\/ppdegalicia.com\/wp-content\/uploads\/2023\/03\/4f3bde95bfa4fcf9f742c2213c7446a7.jpg","articleSection":["PP de Galicia"],"inLanguage":"es","potentialAction":[{"@type":"CommentAction","name":"Comment","target":["https:\/\/ppdegalicia.com\/es\/o-grupo-popular-acusa-a-bng-e-psdeg-de-manter-a-sua-triloxia-sanitaria-confusion-bulo-e-insulto\/#respond"]}]},{"@type":"WebPage","@id":"https:\/\/ppdegalicia.com\/es\/o-grupo-popular-acusa-a-bng-e-psdeg-de-manter-a-sua-triloxia-sanitaria-confusion-bulo-e-insulto\/","url":"https:\/\/ppdegalicia.com\/es\/o-grupo-popular-acusa-a-bng-e-psdeg-de-manter-a-sua-triloxia-sanitaria-confusion-bulo-e-insulto\/","name":"O Grupo Popular acusa a BNG e PSdeG de \u201cmanter a s\u00faa trilox\u00eda sanitaria: confusi\u00f3n, bulo e insulto\u201d - PP de Galicia","isPartOf":{"@id":"https:\/\/ppdegalicia.com\/es\/#website"},"primaryImageOfPage":{"@id":"https:\/\/ppdegalicia.com\/es\/o-grupo-popular-acusa-a-bng-e-psdeg-de-manter-a-sua-triloxia-sanitaria-confusion-bulo-e-insulto\/#primaryimage"},"image":{"@id":"https:\/\/ppdegalicia.com\/es\/o-grupo-popular-acusa-a-bng-e-psdeg-de-manter-a-sua-triloxia-sanitaria-confusion-bulo-e-insulto\/#primaryimage"},"thumbnailUrl":"https:\/\/ppdegalicia.com\/wp-content\/uploads\/2023\/03\/4f3bde95bfa4fcf9f742c2213c7446a7.jpg","datePublished":"2023-03-07T11:02:34+00:00","breadcrumb":{"@id":"https:\/\/ppdegalicia.com\/es\/o-grupo-popular-acusa-a-bng-e-psdeg-de-manter-a-sua-triloxia-sanitaria-confusion-bulo-e-insulto\/#breadcrumb"},"inLanguage":"es","potentialAction":[{"@type":"ReadAction","target":["https:\/\/ppdegalicia.com\/es\/o-grupo-popular-acusa-a-bng-e-psdeg-de-manter-a-sua-triloxia-sanitaria-confusion-bulo-e-insulto\/"]}]},{"@type":"ImageObject","inLanguage":"es","@id":"https:\/\/ppdegalicia.com\/es\/o-grupo-popular-acusa-a-bng-e-psdeg-de-manter-a-sua-triloxia-sanitaria-confusion-bulo-e-insulto\/#primaryimage","url":"https:\/\/ppdegalicia.com\/wp-content\/uploads\/2023\/03\/4f3bde95bfa4fcf9f742c2213c7446a7.jpg","contentUrl":"https:\/\/ppdegalicia.com\/wp-content\/uploads\/2023\/03\/4f3bde95bfa4fcf9f742c2213c7446a7.jpg","width":1900,"height":1267},{"@type":"BreadcrumbList","@id":"https:\/\/ppdegalicia.com\/es\/o-grupo-popular-acusa-a-bng-e-psdeg-de-manter-a-sua-triloxia-sanitaria-confusion-bulo-e-insulto\/#breadcrumb","itemListElement":[{"@type":"ListItem","position":1,"name":"Portada","item":"https:\/\/ppdegalicia.com\/es\/"},{"@type":"ListItem","position":2,"name":"O Grupo Popular acusa a BNG e PSdeG de \u201cmanter a s\u00faa trilox\u00eda sanitaria: confusi\u00f3n, bulo e insulto\u201d"}]},{"@type":"WebSite","@id":"https:\/\/ppdegalicia.com\/es\/#website","url":"https:\/\/ppdegalicia.com\/es\/","name":"Partido Popular de Galicia","description":"Partido Popular de Galicia","publisher":{"@id":"https:\/\/ppdegalicia.com\/es\/#organization"},"alternateName":"PP de Galicia","potentialAction":[{"@type":"SearchAction","target":{"@type":"EntryPoint","urlTemplate":"https:\/\/ppdegalicia.com\/es\/?s={search_term_string}"},"query-input":{"@type":"PropertyValueSpecification","valueRequired":true,"valueName":"search_term_string"}}],"inLanguage":"es"},{"@type":"Organization","@id":"https:\/\/ppdegalicia.com\/es\/#organization","name":"Partido Popular de Galicia","alternateName":"PP de Galicia","url":"https:\/\/ppdegalicia.com\/es\/","logo":{"@type":"ImageObject","inLanguage":"es","@id":"https:\/\/ppdegalicia.com\/es\/#\/schema\/logo\/image\/","url":"https:\/\/ppdegalicia.com\/wp-content\/uploads\/2023\/04\/logoPP512.png","contentUrl":"https:\/\/ppdegalicia.com\/wp-content\/uploads\/2023\/04\/logoPP512.png","width":512,"height":512,"caption":"Partido Popular de Galicia"},"image":{"@id":"https:\/\/ppdegalicia.com\/es\/#\/schema\/logo\/image\/"},"sameAs":["https:\/\/www.instagram.com\/ppdegalicia\/","https:\/\/x.com\/ppdegalicia","https:\/\/www.tiktok.com\/@ppdegalicia","https:\/\/www.youtube.com\/user\/ppdegalicia"]},{"@type":"Person","@id":"https:\/\/ppdegalicia.com\/es\/#\/schema\/person\/5b822c6f59e872ebdd1142f307dbcb59","name":"ppdegaliciaredes","image":{"@type":"ImageObject","inLanguage":"es","@id":"https:\/\/secure.gravatar.com\/avatar\/3c9179cf0256d00c72a48d1f25783c58b6842cd56e85ef3a572881c8e28ccd59?s=96&d=mm&r=g","url":"https:\/\/secure.gravatar.com\/avatar\/3c9179cf0256d00c72a48d1f25783c58b6842cd56e85ef3a572881c8e28ccd59?s=96&d=mm&r=g","contentUrl":"https:\/\/secure.gravatar.com\/avatar\/3c9179cf0256d00c72a48d1f25783c58b6842cd56e85ef3a572881c8e28ccd59?s=96&d=mm&r=g","caption":"ppdegaliciaredes"},"url":"https:\/\/ppdegalicia.com\/es\/author\/ppdegaliciaredes\/"}]}},"_links":{"self":[{"href":"https:\/\/ppdegalicia.com\/es\/wp-json\/wp\/v2\/posts\/57992","targetHints":{"allow":["GET"]}}],"collection":[{"href":"https:\/\/ppdegalicia.com\/es\/wp-json\/wp\/v2\/posts"}],"about":[{"href":"https:\/\/ppdegalicia.com\/es\/wp-json\/wp\/v2\/types\/post"}],"author":[{"embeddable":true,"href":"https:\/\/ppdegalicia.com\/es\/wp-json\/wp\/v2\/users\/38"}],"replies":[{"embeddable":true,"href":"https:\/\/ppdegalicia.com\/es\/wp-json\/wp\/v2\/comments?post=57992"}],"version-history":[{"count":0,"href":"https:\/\/ppdegalicia.com\/es\/wp-json\/wp\/v2\/posts\/57992\/revisions"}],"wp:featuredmedia":[{"embeddable":true,"href":"https:\/\/ppdegalicia.com\/es\/wp-json\/wp\/v2\/media\/57991"}],"wp:attachment":[{"href":"https:\/\/ppdegalicia.com\/es\/wp-json\/wp\/v2\/media?parent=57992"}],"wp:term":[{"taxonomy":"category","embeddable":true,"href":"https:\/\/ppdegalicia.com\/es\/wp-json\/wp\/v2\/categories?post=57992"},{"taxonomy":"post_tag","embeddable":true,"href":"https:\/\/ppdegalicia.com\/es\/wp-json\/wp\/v2\/tags?post=57992"}],"curies":[{"name":"wp","href":"https:\/\/api.w.org\/{rel}","templated":true}]}}