{"id":58010,"date":"2023-03-08T17:05:16","date_gmt":"2023-03-08T15:05:16","guid":{"rendered":"https:\/\/ppdegalicia.com\/jose-manuel-rey-garante-que-ferrol-contara-cun-polo-de-enerxias-renovables-xa-que-a-xunta-ten-decidido-que-e-a-localizacion-elixida\/"},"modified":"2023-03-08T17:05:16","modified_gmt":"2023-03-08T15:05:16","slug":"jose-manuel-rey-garante-que-ferrol-contara-cun-polo-de-enerxias-renovables-xa-que-a-xunta-ten-decidido-que-e-a-localizacion-elixida","status":"publish","type":"post","link":"https:\/\/ppdegalicia.com\/es\/jose-manuel-rey-garante-que-ferrol-contara-cun-polo-de-enerxias-renovables-xa-que-a-xunta-ten-decidido-que-e-a-localizacion-elixida\/","title":{"rendered":"Jos\u00e9 Manuel Rey garante que Ferrol contar\u00e1 cun polo de enerx\u00edas renovables, \u201cxa que a Xunta ten decidido que \u00e9 a localizaci\u00f3n elixida\u201d"},"content":{"rendered":"<p><img fetchpriority=\"high\" decoding=\"async\" class=\" size-full wp-image-58009\" src=\"https:\/\/ppdegalicia.com\/wp-content\/uploads\/2023\/03\/90b4833e2a2a9de7adfae3577b2a52be.jpg\" alt=\"\" width=\"1900\" height=\"1267\" srcset=\"https:\/\/ppdegalicia.com\/wp-content\/uploads\/2023\/03\/90b4833e2a2a9de7adfae3577b2a52be.jpg 1900w, https:\/\/ppdegalicia.com\/wp-content\/uploads\/2023\/03\/90b4833e2a2a9de7adfae3577b2a52be-300x200.jpg 300w, https:\/\/ppdegalicia.com\/wp-content\/uploads\/2023\/03\/90b4833e2a2a9de7adfae3577b2a52be-1024x683.jpg 1024w, https:\/\/ppdegalicia.com\/wp-content\/uploads\/2023\/03\/90b4833e2a2a9de7adfae3577b2a52be-768x512.jpg 768w, https:\/\/ppdegalicia.com\/wp-content\/uploads\/2023\/03\/90b4833e2a2a9de7adfae3577b2a52be-1536x1024.jpg 1536w\" sizes=\"(max-width: 1900px) 100vw, 1900px\" \/><\/p>\n<p>8 de marzo de 2023. O deputado do Grupo Popular e candidato do PPdeG \u00e1 Alcald\u00eda de Ferrol, Jos\u00e9 Manuel Rey, garantiu hoxe no Pleno do Parlamento galego que esta cidade \u201ccontar\u00e1 cun polo de enerx\u00edas renovables, xa que a Xunta ten decidido que \u00e9 a localizaci\u00f3n elixida\u201d.<\/p>\n<p><!--more--><\/p>\n<p>Neste sentido, demandou ao Goberno central \u201ccorresponsabilidade para que Ferrol te\u00f1a o que se merece, porque non queremos ser m\u00e1is que ningu\u00e9n, pero tampouco menos\u201d.<\/p>\n<p>\u00a0<\/p>\n<p>Deste xeito, o Grupo Popular apoiou hoxe no Parlamento a aprobaci\u00f3n dunha proposici\u00f3n non de lei a trav\u00e9s da que se solicita \u00e1 Xunta o inicio inmediato da posta en marcha do polo de emprendemento de I+D en enerx\u00edas renovables e almacenamento en Ferrol. Neste sentido, Jos\u00e9 Manuel Rey explicou que \u201ca Xunta xa iniciou en xaneiro do pasado ano os traballos para a posta en marcha deste polo, coa implicaci\u00f3n do Inega, a Direcci\u00f3n Xeral de Planificaci\u00f3n Enerx\u00e9tica e a Axencia Galega de Innovaci\u00f3n, as\u00ed como o propio Concello de Ferrol, con quen se reuniu en varias ocasi\u00f3ns para que as d\u00faas administraci\u00f3ns solicitaran fondos europeos destinados a concellos prexudicados polo cambio de fontes enerx\u00e9ticas\u201d.<\/p>\n<p>\u00a0<\/p>\n<p><strong>ESQUEC\u00c9RONSE DE SUBSANAR OS ERROS<\/strong><\/p>\n<p>\u00a0<\/p>\n<p>O deputado popular lamentou que a solicitude de axuda de 2,5 mill\u00f3ns de euros realizada polo Concello de Ferrol para o Centro de Innovaci\u00f3n do Naval e Renovables foi rexeitada. \u201cTi\u00f1an tanto interese en reclamar \u00e1 Xunta que esquec\u00e9ronse de subsanar os requirimentos da orde do Estado e asinaron a solicitude f\u00f3ra de prazo\u201d, sinalou.<\/p>\n<p>\u00a0<\/p>\n<p>Respecto dos fondos correspondentes \u00e1 Xunta, Jos\u00e9 Manuel Rey explicou que, \u201ccomo outros fondos europeos, a\u00ednda non est\u00e1n dispo\u00f1ibles, ante o que o Goberno galego xa ten solicitada unha reprogramaci\u00f3n que ten que concretar os investimentos elixibles e os criterios de reparto\u201d. As\u00ed, apuntou que \u201cagardamos que, a\u00ednda que con moito retraso, pronto dispo\u00f1amos en Galicia dos fondos comprometidos por Europa\u201d.<\/p>\n<p>\u00a0<\/p>\n<p>Jos\u00e9 Manuel Rey lembrou que \u201ca Xunta impulsou hai dous anos un Pacto de Estado por Ferrol, do que tres dos catro proxectos industriais estrat\u00e9xicos declarados xa est\u00e1n na zona: a planta de hidr\u00f3xeno de Reganosa e EDP, a factor\u00eda de neum\u00e1ticos de Sentury e o proxecto de metanol verde de Forestal do Atl\u00e1ntico\u201d. \u201cEstas iniciativas, xunto coa f\u00e1brica de compo\u00f1entes de Nervi\u00f3n Naval no porto de Ferrol e a adquisici\u00f3n da planta de Siemens en As Somozas, perm\u00edtenos vislumbrar un panorama de diversificaci\u00f3n industrial esperanzador\u201d, manifestou.<\/p>\n<p>\u00a0<\/p>\n<p>Para rematar, Rey lamentou que, \u201ca pesar de que os gobernos de Galicia, Asturias e Castela e Le\u00f3n inclu\u00edron a Ferrol no Corredor Atl\u00e1ntico de Mercador\u00edas, o novo comisionado do Goberno de Pedro S\u00e1nchez non incorporou esta cidade no novo mapa que presentou esta semana\u201d, ao tempo que pediu explicaci\u00f3ns aos socialistas sobre a paralizaci\u00f3n do dique para a transformaci\u00f3n do Estaleiro 4.0<\/p>\n","protected":false},"excerpt":{"rendered":"<p>8 de marzo de 2023. O deputado do Grupo Popular e candidato do PPdeG \u00e1 Alcald\u00eda de Ferrol, Jos\u00e9 Manuel Rey, garantiu hoxe no Pleno do Parlamento galego que esta cidade \u201ccontar\u00e1 cun polo de enerx\u00edas renovables, xa que a Xunta ten decidido que \u00e9 a localizaci\u00f3n elixida\u201d.<\/p>\n","protected":false},"author":38,"featured_media":58009,"comment_status":"open","ping_status":"open","sticky":false,"template":"","format":"standard","meta":{"_acf_changed":false,"footnotes":""},"categories":[1],"tags":[],"class_list":["post-58010","post","type-post","status-publish","format-standard","has-post-thumbnail","hentry","category-pp-de-galicia"],"acf":[],"yoast_head":"<!-- This site is optimized with the Yoast SEO plugin v27.3 - https:\/\/yoast.com\/product\/yoast-seo-wordpress\/ -->\n<title>Jos\u00e9 Manuel Rey garante que Ferrol contar\u00e1 cun polo de enerx\u00edas renovables, \u201cxa que a Xunta ten decidido que \u00e9 a localizaci\u00f3n elixida\u201d - PP de Galicia<\/title>\n<meta name=\"robots\" content=\"index, follow, max-snippet:-1, max-image-preview:large, max-video-preview:-1\" \/>\n<link rel=\"canonical\" href=\"https:\/\/ppdegalicia.com\/es\/jose-manuel-rey-garante-que-ferrol-contara-cun-polo-de-enerxias-renovables-xa-que-a-xunta-ten-decidido-que-e-a-localizacion-elixida\/\" \/>\n<meta property=\"og:locale\" content=\"es_ES\" \/>\n<meta property=\"og:type\" content=\"article\" \/>\n<meta property=\"og:title\" content=\"Jos\u00e9 Manuel Rey garante que Ferrol contar\u00e1 cun polo de enerx\u00edas renovables, \u201cxa que a Xunta ten decidido que \u00e9 a localizaci\u00f3n elixida\u201d - PP de Galicia\" \/>\n<meta property=\"og:description\" content=\"8 de marzo de 2023. O deputado do Grupo Popular e candidato do PPdeG \u00e1 Alcald\u00eda de Ferrol, Jos\u00e9 Manuel Rey, garantiu hoxe no Pleno do Parlamento galego que esta cidade \u201ccontar\u00e1 cun polo de enerx\u00edas renovables, xa que a Xunta ten decidido que \u00e9 a localizaci\u00f3n elixida\u201d.\" \/>\n<meta property=\"og:url\" content=\"https:\/\/ppdegalicia.com\/es\/jose-manuel-rey-garante-que-ferrol-contara-cun-polo-de-enerxias-renovables-xa-que-a-xunta-ten-decidido-que-e-a-localizacion-elixida\/\" \/>\n<meta property=\"og:site_name\" content=\"PP de Galicia\" \/>\n<meta property=\"article:publisher\" content=\"https:\/\/www.instagram.com\/ppdegalicia\/\" \/>\n<meta property=\"article:published_time\" content=\"2023-03-08T15:05:16+00:00\" \/>\n<meta property=\"og:image\" content=\"https:\/\/ppdegalicia.com\/wp-content\/uploads\/2023\/03\/90b4833e2a2a9de7adfae3577b2a52be.jpg\" \/>\n\t<meta property=\"og:image:width\" content=\"1900\" \/>\n\t<meta property=\"og:image:height\" content=\"1267\" \/>\n\t<meta property=\"og:image:type\" content=\"image\/jpeg\" \/>\n<meta name=\"author\" content=\"ppdegaliciaredes\" \/>\n<meta name=\"twitter:card\" content=\"summary_large_image\" \/>\n<meta name=\"twitter:creator\" content=\"@ppdegalicia\" \/>\n<meta name=\"twitter:site\" content=\"@ppdegalicia\" \/>\n<meta name=\"twitter:label1\" content=\"Escrito por\" \/>\n\t<meta name=\"twitter:data1\" content=\"ppdegaliciaredes\" \/>\n\t<meta name=\"twitter:label2\" content=\"Tiempo de lectura\" \/>\n\t<meta name=\"twitter:data2\" content=\"3 minutos\" \/>\n<script type=\"application\/ld+json\" class=\"yoast-schema-graph\">{\"@context\":\"https:\\\/\\\/schema.org\",\"@graph\":[{\"@type\":\"Article\",\"@id\":\"https:\\\/\\\/ppdegalicia.com\\\/es\\\/jose-manuel-rey-garante-que-ferrol-contara-cun-polo-de-enerxias-renovables-xa-que-a-xunta-ten-decidido-que-e-a-localizacion-elixida\\\/#article\",\"isPartOf\":{\"@id\":\"https:\\\/\\\/ppdegalicia.com\\\/es\\\/jose-manuel-rey-garante-que-ferrol-contara-cun-polo-de-enerxias-renovables-xa-que-a-xunta-ten-decidido-que-e-a-localizacion-elixida\\\/\"},\"author\":{\"name\":\"ppdegaliciaredes\",\"@id\":\"https:\\\/\\\/ppdegalicia.com\\\/es\\\/#\\\/schema\\\/person\\\/5b822c6f59e872ebdd1142f307dbcb59\"},\"headline\":\"Jos\u00e9 Manuel Rey garante que Ferrol contar\u00e1 cun polo de enerx\u00edas renovables, \u201cxa que a Xunta ten decidido que \u00e9 a localizaci\u00f3n elixida\u201d\",\"datePublished\":\"2023-03-08T15:05:16+00:00\",\"mainEntityOfPage\":{\"@id\":\"https:\\\/\\\/ppdegalicia.com\\\/es\\\/jose-manuel-rey-garante-que-ferrol-contara-cun-polo-de-enerxias-renovables-xa-que-a-xunta-ten-decidido-que-e-a-localizacion-elixida\\\/\"},\"wordCount\":527,\"commentCount\":0,\"publisher\":{\"@id\":\"https:\\\/\\\/ppdegalicia.com\\\/es\\\/#organization\"},\"image\":{\"@id\":\"https:\\\/\\\/ppdegalicia.com\\\/es\\\/jose-manuel-rey-garante-que-ferrol-contara-cun-polo-de-enerxias-renovables-xa-que-a-xunta-ten-decidido-que-e-a-localizacion-elixida\\\/#primaryimage\"},\"thumbnailUrl\":\"https:\\\/\\\/ppdegalicia.com\\\/wp-content\\\/uploads\\\/2023\\\/03\\\/90b4833e2a2a9de7adfae3577b2a52be.jpg\",\"articleSection\":[\"PP de Galicia\"],\"inLanguage\":\"es\",\"potentialAction\":[{\"@type\":\"CommentAction\",\"name\":\"Comment\",\"target\":[\"https:\\\/\\\/ppdegalicia.com\\\/es\\\/jose-manuel-rey-garante-que-ferrol-contara-cun-polo-de-enerxias-renovables-xa-que-a-xunta-ten-decidido-que-e-a-localizacion-elixida\\\/#respond\"]}]},{\"@type\":\"WebPage\",\"@id\":\"https:\\\/\\\/ppdegalicia.com\\\/es\\\/jose-manuel-rey-garante-que-ferrol-contara-cun-polo-de-enerxias-renovables-xa-que-a-xunta-ten-decidido-que-e-a-localizacion-elixida\\\/\",\"url\":\"https:\\\/\\\/ppdegalicia.com\\\/es\\\/jose-manuel-rey-garante-que-ferrol-contara-cun-polo-de-enerxias-renovables-xa-que-a-xunta-ten-decidido-que-e-a-localizacion-elixida\\\/\",\"name\":\"Jos\u00e9 Manuel Rey garante que Ferrol contar\u00e1 cun polo de enerx\u00edas renovables, \u201cxa que a Xunta ten decidido que \u00e9 a localizaci\u00f3n elixida\u201d - PP de Galicia\",\"isPartOf\":{\"@id\":\"https:\\\/\\\/ppdegalicia.com\\\/es\\\/#website\"},\"primaryImageOfPage\":{\"@id\":\"https:\\\/\\\/ppdegalicia.com\\\/es\\\/jose-manuel-rey-garante-que-ferrol-contara-cun-polo-de-enerxias-renovables-xa-que-a-xunta-ten-decidido-que-e-a-localizacion-elixida\\\/#primaryimage\"},\"image\":{\"@id\":\"https:\\\/\\\/ppdegalicia.com\\\/es\\\/jose-manuel-rey-garante-que-ferrol-contara-cun-polo-de-enerxias-renovables-xa-que-a-xunta-ten-decidido-que-e-a-localizacion-elixida\\\/#primaryimage\"},\"thumbnailUrl\":\"https:\\\/\\\/ppdegalicia.com\\\/wp-content\\\/uploads\\\/2023\\\/03\\\/90b4833e2a2a9de7adfae3577b2a52be.jpg\",\"datePublished\":\"2023-03-08T15:05:16+00:00\",\"breadcrumb\":{\"@id\":\"https:\\\/\\\/ppdegalicia.com\\\/es\\\/jose-manuel-rey-garante-que-ferrol-contara-cun-polo-de-enerxias-renovables-xa-que-a-xunta-ten-decidido-que-e-a-localizacion-elixida\\\/#breadcrumb\"},\"inLanguage\":\"es\",\"potentialAction\":[{\"@type\":\"ReadAction\",\"target\":[\"https:\\\/\\\/ppdegalicia.com\\\/es\\\/jose-manuel-rey-garante-que-ferrol-contara-cun-polo-de-enerxias-renovables-xa-que-a-xunta-ten-decidido-que-e-a-localizacion-elixida\\\/\"]}]},{\"@type\":\"ImageObject\",\"inLanguage\":\"es\",\"@id\":\"https:\\\/\\\/ppdegalicia.com\\\/es\\\/jose-manuel-rey-garante-que-ferrol-contara-cun-polo-de-enerxias-renovables-xa-que-a-xunta-ten-decidido-que-e-a-localizacion-elixida\\\/#primaryimage\",\"url\":\"https:\\\/\\\/ppdegalicia.com\\\/wp-content\\\/uploads\\\/2023\\\/03\\\/90b4833e2a2a9de7adfae3577b2a52be.jpg\",\"contentUrl\":\"https:\\\/\\\/ppdegalicia.com\\\/wp-content\\\/uploads\\\/2023\\\/03\\\/90b4833e2a2a9de7adfae3577b2a52be.jpg\",\"width\":1900,\"height\":1267},{\"@type\":\"BreadcrumbList\",\"@id\":\"https:\\\/\\\/ppdegalicia.com\\\/es\\\/jose-manuel-rey-garante-que-ferrol-contara-cun-polo-de-enerxias-renovables-xa-que-a-xunta-ten-decidido-que-e-a-localizacion-elixida\\\/#breadcrumb\",\"itemListElement\":[{\"@type\":\"ListItem\",\"position\":1,\"name\":\"Portada\",\"item\":\"https:\\\/\\\/ppdegalicia.com\\\/es\\\/\"},{\"@type\":\"ListItem\",\"position\":2,\"name\":\"Jos\u00e9 Manuel Rey garante que Ferrol contar\u00e1 cun polo de enerx\u00edas renovables, \u201cxa que a Xunta ten decidido que \u00e9 a localizaci\u00f3n elixida\u201d\"}]},{\"@type\":\"WebSite\",\"@id\":\"https:\\\/\\\/ppdegalicia.com\\\/es\\\/#website\",\"url\":\"https:\\\/\\\/ppdegalicia.com\\\/es\\\/\",\"name\":\"Partido Popular de Galicia\",\"description\":\"Partido Popular de Galicia\",\"publisher\":{\"@id\":\"https:\\\/\\\/ppdegalicia.com\\\/es\\\/#organization\"},\"alternateName\":\"PP de Galicia\",\"potentialAction\":[{\"@type\":\"SearchAction\",\"target\":{\"@type\":\"EntryPoint\",\"urlTemplate\":\"https:\\\/\\\/ppdegalicia.com\\\/es\\\/?s={search_term_string}\"},\"query-input\":{\"@type\":\"PropertyValueSpecification\",\"valueRequired\":true,\"valueName\":\"search_term_string\"}}],\"inLanguage\":\"es\"},{\"@type\":\"Organization\",\"@id\":\"https:\\\/\\\/ppdegalicia.com\\\/es\\\/#organization\",\"name\":\"Partido Popular de Galicia\",\"alternateName\":\"PP de Galicia\",\"url\":\"https:\\\/\\\/ppdegalicia.com\\\/es\\\/\",\"logo\":{\"@type\":\"ImageObject\",\"inLanguage\":\"es\",\"@id\":\"https:\\\/\\\/ppdegalicia.com\\\/es\\\/#\\\/schema\\\/logo\\\/image\\\/\",\"url\":\"https:\\\/\\\/ppdegalicia.com\\\/wp-content\\\/uploads\\\/2023\\\/04\\\/logoPP512.png\",\"contentUrl\":\"https:\\\/\\\/ppdegalicia.com\\\/wp-content\\\/uploads\\\/2023\\\/04\\\/logoPP512.png\",\"width\":512,\"height\":512,\"caption\":\"Partido Popular de Galicia\"},\"image\":{\"@id\":\"https:\\\/\\\/ppdegalicia.com\\\/es\\\/#\\\/schema\\\/logo\\\/image\\\/\"},\"sameAs\":[\"https:\\\/\\\/www.instagram.com\\\/ppdegalicia\\\/\",\"https:\\\/\\\/x.com\\\/ppdegalicia\",\"https:\\\/\\\/www.tiktok.com\\\/@ppdegalicia\",\"https:\\\/\\\/www.youtube.com\\\/user\\\/ppdegalicia\"]},{\"@type\":\"Person\",\"@id\":\"https:\\\/\\\/ppdegalicia.com\\\/es\\\/#\\\/schema\\\/person\\\/5b822c6f59e872ebdd1142f307dbcb59\",\"name\":\"ppdegaliciaredes\",\"image\":{\"@type\":\"ImageObject\",\"inLanguage\":\"es\",\"@id\":\"https:\\\/\\\/secure.gravatar.com\\\/avatar\\\/3c9179cf0256d00c72a48d1f25783c58b6842cd56e85ef3a572881c8e28ccd59?s=96&d=mm&r=g\",\"url\":\"https:\\\/\\\/secure.gravatar.com\\\/avatar\\\/3c9179cf0256d00c72a48d1f25783c58b6842cd56e85ef3a572881c8e28ccd59?s=96&d=mm&r=g\",\"contentUrl\":\"https:\\\/\\\/secure.gravatar.com\\\/avatar\\\/3c9179cf0256d00c72a48d1f25783c58b6842cd56e85ef3a572881c8e28ccd59?s=96&d=mm&r=g\",\"caption\":\"ppdegaliciaredes\"},\"url\":\"https:\\\/\\\/ppdegalicia.com\\\/es\\\/author\\\/ppdegaliciaredes\\\/\"}]}<\/script>\n<!-- \/ Yoast SEO plugin. -->","yoast_head_json":{"title":"Jos\u00e9 Manuel Rey garante que Ferrol contar\u00e1 cun polo de enerx\u00edas renovables, \u201cxa que a Xunta ten decidido que \u00e9 a localizaci\u00f3n elixida\u201d - PP de Galicia","robots":{"index":"index","follow":"follow","max-snippet":"max-snippet:-1","max-image-preview":"max-image-preview:large","max-video-preview":"max-video-preview:-1"},"canonical":"https:\/\/ppdegalicia.com\/es\/jose-manuel-rey-garante-que-ferrol-contara-cun-polo-de-enerxias-renovables-xa-que-a-xunta-ten-decidido-que-e-a-localizacion-elixida\/","og_locale":"es_ES","og_type":"article","og_title":"Jos\u00e9 Manuel Rey garante que Ferrol contar\u00e1 cun polo de enerx\u00edas renovables, \u201cxa que a Xunta ten decidido que \u00e9 a localizaci\u00f3n elixida\u201d - PP de Galicia","og_description":"8 de marzo de 2023. O deputado do Grupo Popular e candidato do PPdeG \u00e1 Alcald\u00eda de Ferrol, Jos\u00e9 Manuel Rey, garantiu hoxe no Pleno do Parlamento galego que esta cidade \u201ccontar\u00e1 cun polo de enerx\u00edas renovables, xa que a Xunta ten decidido que \u00e9 a localizaci\u00f3n elixida\u201d.","og_url":"https:\/\/ppdegalicia.com\/es\/jose-manuel-rey-garante-que-ferrol-contara-cun-polo-de-enerxias-renovables-xa-que-a-xunta-ten-decidido-que-e-a-localizacion-elixida\/","og_site_name":"PP de Galicia","article_publisher":"https:\/\/www.instagram.com\/ppdegalicia\/","article_published_time":"2023-03-08T15:05:16+00:00","og_image":[{"width":1900,"height":1267,"url":"https:\/\/ppdegalicia.com\/wp-content\/uploads\/2023\/03\/90b4833e2a2a9de7adfae3577b2a52be.jpg","type":"image\/jpeg"}],"author":"ppdegaliciaredes","twitter_card":"summary_large_image","twitter_creator":"@ppdegalicia","twitter_site":"@ppdegalicia","twitter_misc":{"Escrito por":"ppdegaliciaredes","Tiempo de lectura":"3 minutos"},"schema":{"@context":"https:\/\/schema.org","@graph":[{"@type":"Article","@id":"https:\/\/ppdegalicia.com\/es\/jose-manuel-rey-garante-que-ferrol-contara-cun-polo-de-enerxias-renovables-xa-que-a-xunta-ten-decidido-que-e-a-localizacion-elixida\/#article","isPartOf":{"@id":"https:\/\/ppdegalicia.com\/es\/jose-manuel-rey-garante-que-ferrol-contara-cun-polo-de-enerxias-renovables-xa-que-a-xunta-ten-decidido-que-e-a-localizacion-elixida\/"},"author":{"name":"ppdegaliciaredes","@id":"https:\/\/ppdegalicia.com\/es\/#\/schema\/person\/5b822c6f59e872ebdd1142f307dbcb59"},"headline":"Jos\u00e9 Manuel Rey garante que Ferrol contar\u00e1 cun polo de enerx\u00edas renovables, \u201cxa que a Xunta ten decidido que \u00e9 a localizaci\u00f3n elixida\u201d","datePublished":"2023-03-08T15:05:16+00:00","mainEntityOfPage":{"@id":"https:\/\/ppdegalicia.com\/es\/jose-manuel-rey-garante-que-ferrol-contara-cun-polo-de-enerxias-renovables-xa-que-a-xunta-ten-decidido-que-e-a-localizacion-elixida\/"},"wordCount":527,"commentCount":0,"publisher":{"@id":"https:\/\/ppdegalicia.com\/es\/#organization"},"image":{"@id":"https:\/\/ppdegalicia.com\/es\/jose-manuel-rey-garante-que-ferrol-contara-cun-polo-de-enerxias-renovables-xa-que-a-xunta-ten-decidido-que-e-a-localizacion-elixida\/#primaryimage"},"thumbnailUrl":"https:\/\/ppdegalicia.com\/wp-content\/uploads\/2023\/03\/90b4833e2a2a9de7adfae3577b2a52be.jpg","articleSection":["PP de Galicia"],"inLanguage":"es","potentialAction":[{"@type":"CommentAction","name":"Comment","target":["https:\/\/ppdegalicia.com\/es\/jose-manuel-rey-garante-que-ferrol-contara-cun-polo-de-enerxias-renovables-xa-que-a-xunta-ten-decidido-que-e-a-localizacion-elixida\/#respond"]}]},{"@type":"WebPage","@id":"https:\/\/ppdegalicia.com\/es\/jose-manuel-rey-garante-que-ferrol-contara-cun-polo-de-enerxias-renovables-xa-que-a-xunta-ten-decidido-que-e-a-localizacion-elixida\/","url":"https:\/\/ppdegalicia.com\/es\/jose-manuel-rey-garante-que-ferrol-contara-cun-polo-de-enerxias-renovables-xa-que-a-xunta-ten-decidido-que-e-a-localizacion-elixida\/","name":"Jos\u00e9 Manuel Rey garante que Ferrol contar\u00e1 cun polo de enerx\u00edas renovables, \u201cxa que a Xunta ten decidido que \u00e9 a localizaci\u00f3n elixida\u201d - PP de Galicia","isPartOf":{"@id":"https:\/\/ppdegalicia.com\/es\/#website"},"primaryImageOfPage":{"@id":"https:\/\/ppdegalicia.com\/es\/jose-manuel-rey-garante-que-ferrol-contara-cun-polo-de-enerxias-renovables-xa-que-a-xunta-ten-decidido-que-e-a-localizacion-elixida\/#primaryimage"},"image":{"@id":"https:\/\/ppdegalicia.com\/es\/jose-manuel-rey-garante-que-ferrol-contara-cun-polo-de-enerxias-renovables-xa-que-a-xunta-ten-decidido-que-e-a-localizacion-elixida\/#primaryimage"},"thumbnailUrl":"https:\/\/ppdegalicia.com\/wp-content\/uploads\/2023\/03\/90b4833e2a2a9de7adfae3577b2a52be.jpg","datePublished":"2023-03-08T15:05:16+00:00","breadcrumb":{"@id":"https:\/\/ppdegalicia.com\/es\/jose-manuel-rey-garante-que-ferrol-contara-cun-polo-de-enerxias-renovables-xa-que-a-xunta-ten-decidido-que-e-a-localizacion-elixida\/#breadcrumb"},"inLanguage":"es","potentialAction":[{"@type":"ReadAction","target":["https:\/\/ppdegalicia.com\/es\/jose-manuel-rey-garante-que-ferrol-contara-cun-polo-de-enerxias-renovables-xa-que-a-xunta-ten-decidido-que-e-a-localizacion-elixida\/"]}]},{"@type":"ImageObject","inLanguage":"es","@id":"https:\/\/ppdegalicia.com\/es\/jose-manuel-rey-garante-que-ferrol-contara-cun-polo-de-enerxias-renovables-xa-que-a-xunta-ten-decidido-que-e-a-localizacion-elixida\/#primaryimage","url":"https:\/\/ppdegalicia.com\/wp-content\/uploads\/2023\/03\/90b4833e2a2a9de7adfae3577b2a52be.jpg","contentUrl":"https:\/\/ppdegalicia.com\/wp-content\/uploads\/2023\/03\/90b4833e2a2a9de7adfae3577b2a52be.jpg","width":1900,"height":1267},{"@type":"BreadcrumbList","@id":"https:\/\/ppdegalicia.com\/es\/jose-manuel-rey-garante-que-ferrol-contara-cun-polo-de-enerxias-renovables-xa-que-a-xunta-ten-decidido-que-e-a-localizacion-elixida\/#breadcrumb","itemListElement":[{"@type":"ListItem","position":1,"name":"Portada","item":"https:\/\/ppdegalicia.com\/es\/"},{"@type":"ListItem","position":2,"name":"Jos\u00e9 Manuel Rey garante que Ferrol contar\u00e1 cun polo de enerx\u00edas renovables, \u201cxa que a Xunta ten decidido que \u00e9 a localizaci\u00f3n elixida\u201d"}]},{"@type":"WebSite","@id":"https:\/\/ppdegalicia.com\/es\/#website","url":"https:\/\/ppdegalicia.com\/es\/","name":"Partido Popular de Galicia","description":"Partido Popular de Galicia","publisher":{"@id":"https:\/\/ppdegalicia.com\/es\/#organization"},"alternateName":"PP de Galicia","potentialAction":[{"@type":"SearchAction","target":{"@type":"EntryPoint","urlTemplate":"https:\/\/ppdegalicia.com\/es\/?s={search_term_string}"},"query-input":{"@type":"PropertyValueSpecification","valueRequired":true,"valueName":"search_term_string"}}],"inLanguage":"es"},{"@type":"Organization","@id":"https:\/\/ppdegalicia.com\/es\/#organization","name":"Partido Popular de Galicia","alternateName":"PP de Galicia","url":"https:\/\/ppdegalicia.com\/es\/","logo":{"@type":"ImageObject","inLanguage":"es","@id":"https:\/\/ppdegalicia.com\/es\/#\/schema\/logo\/image\/","url":"https:\/\/ppdegalicia.com\/wp-content\/uploads\/2023\/04\/logoPP512.png","contentUrl":"https:\/\/ppdegalicia.com\/wp-content\/uploads\/2023\/04\/logoPP512.png","width":512,"height":512,"caption":"Partido Popular de Galicia"},"image":{"@id":"https:\/\/ppdegalicia.com\/es\/#\/schema\/logo\/image\/"},"sameAs":["https:\/\/www.instagram.com\/ppdegalicia\/","https:\/\/x.com\/ppdegalicia","https:\/\/www.tiktok.com\/@ppdegalicia","https:\/\/www.youtube.com\/user\/ppdegalicia"]},{"@type":"Person","@id":"https:\/\/ppdegalicia.com\/es\/#\/schema\/person\/5b822c6f59e872ebdd1142f307dbcb59","name":"ppdegaliciaredes","image":{"@type":"ImageObject","inLanguage":"es","@id":"https:\/\/secure.gravatar.com\/avatar\/3c9179cf0256d00c72a48d1f25783c58b6842cd56e85ef3a572881c8e28ccd59?s=96&d=mm&r=g","url":"https:\/\/secure.gravatar.com\/avatar\/3c9179cf0256d00c72a48d1f25783c58b6842cd56e85ef3a572881c8e28ccd59?s=96&d=mm&r=g","contentUrl":"https:\/\/secure.gravatar.com\/avatar\/3c9179cf0256d00c72a48d1f25783c58b6842cd56e85ef3a572881c8e28ccd59?s=96&d=mm&r=g","caption":"ppdegaliciaredes"},"url":"https:\/\/ppdegalicia.com\/es\/author\/ppdegaliciaredes\/"}]}},"_links":{"self":[{"href":"https:\/\/ppdegalicia.com\/es\/wp-json\/wp\/v2\/posts\/58010","targetHints":{"allow":["GET"]}}],"collection":[{"href":"https:\/\/ppdegalicia.com\/es\/wp-json\/wp\/v2\/posts"}],"about":[{"href":"https:\/\/ppdegalicia.com\/es\/wp-json\/wp\/v2\/types\/post"}],"author":[{"embeddable":true,"href":"https:\/\/ppdegalicia.com\/es\/wp-json\/wp\/v2\/users\/38"}],"replies":[{"embeddable":true,"href":"https:\/\/ppdegalicia.com\/es\/wp-json\/wp\/v2\/comments?post=58010"}],"version-history":[{"count":0,"href":"https:\/\/ppdegalicia.com\/es\/wp-json\/wp\/v2\/posts\/58010\/revisions"}],"wp:featuredmedia":[{"embeddable":true,"href":"https:\/\/ppdegalicia.com\/es\/wp-json\/wp\/v2\/media\/58009"}],"wp:attachment":[{"href":"https:\/\/ppdegalicia.com\/es\/wp-json\/wp\/v2\/media?parent=58010"}],"wp:term":[{"taxonomy":"category","embeddable":true,"href":"https:\/\/ppdegalicia.com\/es\/wp-json\/wp\/v2\/categories?post=58010"},{"taxonomy":"post_tag","embeddable":true,"href":"https:\/\/ppdegalicia.com\/es\/wp-json\/wp\/v2\/tags?post=58010"}],"curies":[{"name":"wp","href":"https:\/\/api.w.org\/{rel}","templated":true}]}}