{"id":58012,"date":"2023-03-09T17:03:24","date_gmt":"2023-03-09T15:03:24","guid":{"rendered":"https:\/\/ppdegalicia.com\/o-parlamento-galego-demanda-mellorar-a-dotacion-de-ecografos-intelixentes-na-atencion-primaria-sanitaria\/"},"modified":"2023-03-09T17:03:24","modified_gmt":"2023-03-09T15:03:24","slug":"o-parlamento-galego-demanda-mellorar-a-dotacion-de-ecografos-intelixentes-na-atencion-primaria-sanitaria","status":"publish","type":"post","link":"https:\/\/ppdegalicia.com\/es\/o-parlamento-galego-demanda-mellorar-a-dotacion-de-ecografos-intelixentes-na-atencion-primaria-sanitaria\/","title":{"rendered":"O Parlamento galego demanda mellorar a dotaci\u00f3n de ec\u00f3grafos intelixentes na atenci\u00f3n primaria sanitaria"},"content":{"rendered":"<p><img fetchpriority=\"high\" decoding=\"async\" class=\" size-full wp-image-58011\" src=\"https:\/\/ppdegalicia.com\/wp-content\/uploads\/2023\/03\/ffb4061f22d0b18b446dec91ed0af3e2.jpg\" alt=\"\" width=\"1900\" height=\"1267\" srcset=\"https:\/\/ppdegalicia.com\/wp-content\/uploads\/2023\/03\/ffb4061f22d0b18b446dec91ed0af3e2.jpg 1900w, https:\/\/ppdegalicia.com\/wp-content\/uploads\/2023\/03\/ffb4061f22d0b18b446dec91ed0af3e2-300x200.jpg 300w, https:\/\/ppdegalicia.com\/wp-content\/uploads\/2023\/03\/ffb4061f22d0b18b446dec91ed0af3e2-1024x683.jpg 1024w, https:\/\/ppdegalicia.com\/wp-content\/uploads\/2023\/03\/ffb4061f22d0b18b446dec91ed0af3e2-768x512.jpg 768w, https:\/\/ppdegalicia.com\/wp-content\/uploads\/2023\/03\/ffb4061f22d0b18b446dec91ed0af3e2-1536x1024.jpg 1536w\" sizes=\"(max-width: 1900px) 100vw, 1900px\" \/><\/p>\n<p>9 de marzo de 2023. O Parlamento de Galicia aprobou hoxe a proposici\u00f3n non de lei do Grupo Popular a trav\u00e9s da que se insta \u00e1 Xunta de Galicia a mellorar a dotaci\u00f3n de ec\u00f3grafos intelixentes en atenci\u00f3n primaria, definindo ademais uns protocolos para o seu uso e un plan de formaci\u00f3n para o persoal.<\/p>\n<p><!--more--><\/p>\n<p>A incorporaci\u00f3n destes instrumentos \u201ccontribuir\u00e1 a resolver na propia atenci\u00f3n primaria moitas das consultas que ata o momento se te\u00f1en que derivar aos servizos hospitalarios, achegando o nivel m\u00e1ximo da atenci\u00f3n sanitaria ao propio domicilio do paciente\u201d, manifestou a portavoz de Sanidade, Encarna Amigo.<\/p>\n<p>\u00a0<\/p>\n<p>O novo modelo asistencial e organizativo que se est\u00e1 implantando na atenci\u00f3n primaria do Servizo Galego de Sa\u00fade ten como un dos seus obxectivos o aumento da capacidade de resoluci\u00f3n nos centros de sa\u00fade de Galicia. Para iso estanse reforzando o desempe\u00f1o profesional de todas as categor\u00edas profesionais mediante o desenvolvemento m\u00e1ximo das s\u00faas funci\u00f3ns ao l\u00edmite superior das s\u00faas competencias.<\/p>\n<p>\u00a0<\/p>\n<p><strong>GRAN VALOR DIAGN\u00d3STICO<\/strong><\/p>\n<p>\u00a0<\/p>\n<p>\u201cExiste consenso entre os profesionais en que a ecograf\u00eda \u00e9 unha ferramenta de gran valor diagn\u00f3stico por ser inocua e dar unhas imaxes anat\u00f3micas moi espec\u00edficas, a maiores de que pode realizarse ambulatoriamente e mesmo nos domicilios de pacientes inmobilizados\u201d, explicou Encarna Amigo.<\/p>\n<p>\u00a0<\/p>\n<p>Por este motivo, considerou \u201cnecesario estender a dotaci\u00f3n destes novos ec\u00f3grafos con intelixencia artificial a todos os servizos de atenci\u00f3n primaria de Galicia\u201d.<\/p>\n<p>\u00a0<\/p>\n<p>A portavoz de Sanidade manifestou que \u201cunha das cuesti\u00f3ns transversais que facilitar\u00e1n a implantaci\u00f3n da ecograf\u00eda intelixente na atenci\u00f3n primaria do Sergas \u00e9 a actual historia cl\u00ednica electr\u00f3nica, desde o centro de sa\u00fade m\u00e1is pequeno ata o hospital m\u00e1is vangardista\u201d. Neste momento, esta ferramenta tecnol\u00f3xica, de desenvolvemento pioneiro en toda Espa\u00f1a, xa permite integrar as imaxes e informaci\u00f3n obtidas durante o proceso de realizaci\u00f3n da ecograf\u00eda guiada con intelixencia artificial desde calquera centro de sa\u00fade de Galicia.<\/p>\n<p>\u00a0<\/p>\n<p>Para rematar, Encarna Amigo dixo que o reforzo da ecograf\u00eda en atenci\u00f3n primaria coa incorporaci\u00f3n de ec\u00f3grafos intelixentes \u201crequirir\u00e1 dunha formaci\u00f3n espec\u00edfica a todo o persoal sanitario que realiza dita t\u00e9cnica, co obxectivo de que todas as categor\u00edas profesionais deste \u00e1mbito sanitario traballen ao l\u00edmite superior das s\u00faas competencias para que isto contrib\u00faa a aumentar a capacidade resolutiva da atenci\u00f3n primaria no seu conxunto\u201d.<\/p>\n","protected":false},"excerpt":{"rendered":"<p>9 de marzo de 2023. O Parlamento de Galicia aprobou hoxe a proposici\u00f3n non de lei do Grupo Popular a trav\u00e9s da que se insta \u00e1 Xunta de Galicia a mellorar a dotaci\u00f3n de ec\u00f3grafos intelixentes en atenci\u00f3n primaria, definindo ademais uns protocolos para o seu uso e un plan de formaci\u00f3n para o persoal.<\/p>\n","protected":false},"author":38,"featured_media":58011,"comment_status":"open","ping_status":"open","sticky":false,"template":"","format":"standard","meta":{"_acf_changed":false,"footnotes":""},"categories":[1],"tags":[],"class_list":["post-58012","post","type-post","status-publish","format-standard","has-post-thumbnail","hentry","category-pp-de-galicia"],"acf":[],"yoast_head":"<!-- This site is optimized with the Yoast SEO plugin v27.3 - https:\/\/yoast.com\/product\/yoast-seo-wordpress\/ -->\n<title>O Parlamento galego demanda mellorar a dotaci\u00f3n de ec\u00f3grafos intelixentes na atenci\u00f3n primaria sanitaria - PP de Galicia<\/title>\n<meta name=\"robots\" content=\"index, follow, max-snippet:-1, max-image-preview:large, max-video-preview:-1\" \/>\n<link rel=\"canonical\" href=\"https:\/\/ppdegalicia.com\/es\/o-parlamento-galego-demanda-mellorar-a-dotacion-de-ecografos-intelixentes-na-atencion-primaria-sanitaria\/\" \/>\n<meta property=\"og:locale\" content=\"es_ES\" \/>\n<meta property=\"og:type\" content=\"article\" \/>\n<meta property=\"og:title\" content=\"O Parlamento galego demanda mellorar a dotaci\u00f3n de ec\u00f3grafos intelixentes na atenci\u00f3n primaria sanitaria - PP de Galicia\" \/>\n<meta property=\"og:description\" content=\"9 de marzo de 2023. O Parlamento de Galicia aprobou hoxe a proposici\u00f3n non de lei do Grupo Popular a trav\u00e9s da que se insta \u00e1 Xunta de Galicia a mellorar a dotaci\u00f3n de ec\u00f3grafos intelixentes en atenci\u00f3n primaria, definindo ademais uns protocolos para o seu uso e un plan de formaci\u00f3n para o persoal.\" \/>\n<meta property=\"og:url\" content=\"https:\/\/ppdegalicia.com\/es\/o-parlamento-galego-demanda-mellorar-a-dotacion-de-ecografos-intelixentes-na-atencion-primaria-sanitaria\/\" \/>\n<meta property=\"og:site_name\" content=\"PP de Galicia\" \/>\n<meta property=\"article:publisher\" content=\"https:\/\/www.instagram.com\/ppdegalicia\/\" \/>\n<meta property=\"article:published_time\" content=\"2023-03-09T15:03:24+00:00\" \/>\n<meta property=\"og:image\" content=\"https:\/\/ppdegalicia.com\/wp-content\/uploads\/2023\/03\/ffb4061f22d0b18b446dec91ed0af3e2.jpg\" \/>\n\t<meta property=\"og:image:width\" content=\"1900\" \/>\n\t<meta property=\"og:image:height\" content=\"1267\" \/>\n\t<meta property=\"og:image:type\" content=\"image\/jpeg\" \/>\n<meta name=\"author\" content=\"ppdegaliciaredes\" \/>\n<meta name=\"twitter:card\" content=\"summary_large_image\" \/>\n<meta name=\"twitter:creator\" content=\"@ppdegalicia\" \/>\n<meta name=\"twitter:site\" content=\"@ppdegalicia\" \/>\n<meta name=\"twitter:label1\" content=\"Escrito por\" \/>\n\t<meta name=\"twitter:data1\" content=\"ppdegaliciaredes\" \/>\n\t<meta name=\"twitter:label2\" content=\"Tiempo de lectura\" \/>\n\t<meta name=\"twitter:data2\" content=\"2 minutos\" \/>\n<script type=\"application\/ld+json\" class=\"yoast-schema-graph\">{\"@context\":\"https:\\\/\\\/schema.org\",\"@graph\":[{\"@type\":\"Article\",\"@id\":\"https:\\\/\\\/ppdegalicia.com\\\/es\\\/o-parlamento-galego-demanda-mellorar-a-dotacion-de-ecografos-intelixentes-na-atencion-primaria-sanitaria\\\/#article\",\"isPartOf\":{\"@id\":\"https:\\\/\\\/ppdegalicia.com\\\/es\\\/o-parlamento-galego-demanda-mellorar-a-dotacion-de-ecografos-intelixentes-na-atencion-primaria-sanitaria\\\/\"},\"author\":{\"name\":\"ppdegaliciaredes\",\"@id\":\"https:\\\/\\\/ppdegalicia.com\\\/es\\\/#\\\/schema\\\/person\\\/5b822c6f59e872ebdd1142f307dbcb59\"},\"headline\":\"O Parlamento galego demanda mellorar a dotaci\u00f3n de ec\u00f3grafos intelixentes na atenci\u00f3n primaria sanitaria\",\"datePublished\":\"2023-03-09T15:03:24+00:00\",\"mainEntityOfPage\":{\"@id\":\"https:\\\/\\\/ppdegalicia.com\\\/es\\\/o-parlamento-galego-demanda-mellorar-a-dotacion-de-ecografos-intelixentes-na-atencion-primaria-sanitaria\\\/\"},\"wordCount\":440,\"commentCount\":0,\"publisher\":{\"@id\":\"https:\\\/\\\/ppdegalicia.com\\\/es\\\/#organization\"},\"image\":{\"@id\":\"https:\\\/\\\/ppdegalicia.com\\\/es\\\/o-parlamento-galego-demanda-mellorar-a-dotacion-de-ecografos-intelixentes-na-atencion-primaria-sanitaria\\\/#primaryimage\"},\"thumbnailUrl\":\"https:\\\/\\\/ppdegalicia.com\\\/wp-content\\\/uploads\\\/2023\\\/03\\\/ffb4061f22d0b18b446dec91ed0af3e2.jpg\",\"articleSection\":[\"PP de Galicia\"],\"inLanguage\":\"es\",\"potentialAction\":[{\"@type\":\"CommentAction\",\"name\":\"Comment\",\"target\":[\"https:\\\/\\\/ppdegalicia.com\\\/es\\\/o-parlamento-galego-demanda-mellorar-a-dotacion-de-ecografos-intelixentes-na-atencion-primaria-sanitaria\\\/#respond\"]}]},{\"@type\":\"WebPage\",\"@id\":\"https:\\\/\\\/ppdegalicia.com\\\/es\\\/o-parlamento-galego-demanda-mellorar-a-dotacion-de-ecografos-intelixentes-na-atencion-primaria-sanitaria\\\/\",\"url\":\"https:\\\/\\\/ppdegalicia.com\\\/es\\\/o-parlamento-galego-demanda-mellorar-a-dotacion-de-ecografos-intelixentes-na-atencion-primaria-sanitaria\\\/\",\"name\":\"O Parlamento galego demanda mellorar a dotaci\u00f3n de ec\u00f3grafos intelixentes na atenci\u00f3n primaria sanitaria - PP de Galicia\",\"isPartOf\":{\"@id\":\"https:\\\/\\\/ppdegalicia.com\\\/es\\\/#website\"},\"primaryImageOfPage\":{\"@id\":\"https:\\\/\\\/ppdegalicia.com\\\/es\\\/o-parlamento-galego-demanda-mellorar-a-dotacion-de-ecografos-intelixentes-na-atencion-primaria-sanitaria\\\/#primaryimage\"},\"image\":{\"@id\":\"https:\\\/\\\/ppdegalicia.com\\\/es\\\/o-parlamento-galego-demanda-mellorar-a-dotacion-de-ecografos-intelixentes-na-atencion-primaria-sanitaria\\\/#primaryimage\"},\"thumbnailUrl\":\"https:\\\/\\\/ppdegalicia.com\\\/wp-content\\\/uploads\\\/2023\\\/03\\\/ffb4061f22d0b18b446dec91ed0af3e2.jpg\",\"datePublished\":\"2023-03-09T15:03:24+00:00\",\"breadcrumb\":{\"@id\":\"https:\\\/\\\/ppdegalicia.com\\\/es\\\/o-parlamento-galego-demanda-mellorar-a-dotacion-de-ecografos-intelixentes-na-atencion-primaria-sanitaria\\\/#breadcrumb\"},\"inLanguage\":\"es\",\"potentialAction\":[{\"@type\":\"ReadAction\",\"target\":[\"https:\\\/\\\/ppdegalicia.com\\\/es\\\/o-parlamento-galego-demanda-mellorar-a-dotacion-de-ecografos-intelixentes-na-atencion-primaria-sanitaria\\\/\"]}]},{\"@type\":\"ImageObject\",\"inLanguage\":\"es\",\"@id\":\"https:\\\/\\\/ppdegalicia.com\\\/es\\\/o-parlamento-galego-demanda-mellorar-a-dotacion-de-ecografos-intelixentes-na-atencion-primaria-sanitaria\\\/#primaryimage\",\"url\":\"https:\\\/\\\/ppdegalicia.com\\\/wp-content\\\/uploads\\\/2023\\\/03\\\/ffb4061f22d0b18b446dec91ed0af3e2.jpg\",\"contentUrl\":\"https:\\\/\\\/ppdegalicia.com\\\/wp-content\\\/uploads\\\/2023\\\/03\\\/ffb4061f22d0b18b446dec91ed0af3e2.jpg\",\"width\":1900,\"height\":1267},{\"@type\":\"BreadcrumbList\",\"@id\":\"https:\\\/\\\/ppdegalicia.com\\\/es\\\/o-parlamento-galego-demanda-mellorar-a-dotacion-de-ecografos-intelixentes-na-atencion-primaria-sanitaria\\\/#breadcrumb\",\"itemListElement\":[{\"@type\":\"ListItem\",\"position\":1,\"name\":\"Portada\",\"item\":\"https:\\\/\\\/ppdegalicia.com\\\/es\\\/\"},{\"@type\":\"ListItem\",\"position\":2,\"name\":\"O Parlamento galego demanda mellorar a dotaci\u00f3n de ec\u00f3grafos intelixentes na atenci\u00f3n primaria sanitaria\"}]},{\"@type\":\"WebSite\",\"@id\":\"https:\\\/\\\/ppdegalicia.com\\\/es\\\/#website\",\"url\":\"https:\\\/\\\/ppdegalicia.com\\\/es\\\/\",\"name\":\"Partido Popular de Galicia\",\"description\":\"Partido Popular de Galicia\",\"publisher\":{\"@id\":\"https:\\\/\\\/ppdegalicia.com\\\/es\\\/#organization\"},\"alternateName\":\"PP de Galicia\",\"potentialAction\":[{\"@type\":\"SearchAction\",\"target\":{\"@type\":\"EntryPoint\",\"urlTemplate\":\"https:\\\/\\\/ppdegalicia.com\\\/es\\\/?s={search_term_string}\"},\"query-input\":{\"@type\":\"PropertyValueSpecification\",\"valueRequired\":true,\"valueName\":\"search_term_string\"}}],\"inLanguage\":\"es\"},{\"@type\":\"Organization\",\"@id\":\"https:\\\/\\\/ppdegalicia.com\\\/es\\\/#organization\",\"name\":\"Partido Popular de Galicia\",\"alternateName\":\"PP de Galicia\",\"url\":\"https:\\\/\\\/ppdegalicia.com\\\/es\\\/\",\"logo\":{\"@type\":\"ImageObject\",\"inLanguage\":\"es\",\"@id\":\"https:\\\/\\\/ppdegalicia.com\\\/es\\\/#\\\/schema\\\/logo\\\/image\\\/\",\"url\":\"https:\\\/\\\/ppdegalicia.com\\\/wp-content\\\/uploads\\\/2023\\\/04\\\/logoPP512.png\",\"contentUrl\":\"https:\\\/\\\/ppdegalicia.com\\\/wp-content\\\/uploads\\\/2023\\\/04\\\/logoPP512.png\",\"width\":512,\"height\":512,\"caption\":\"Partido Popular de Galicia\"},\"image\":{\"@id\":\"https:\\\/\\\/ppdegalicia.com\\\/es\\\/#\\\/schema\\\/logo\\\/image\\\/\"},\"sameAs\":[\"https:\\\/\\\/www.instagram.com\\\/ppdegalicia\\\/\",\"https:\\\/\\\/x.com\\\/ppdegalicia\",\"https:\\\/\\\/www.tiktok.com\\\/@ppdegalicia\",\"https:\\\/\\\/www.youtube.com\\\/user\\\/ppdegalicia\"]},{\"@type\":\"Person\",\"@id\":\"https:\\\/\\\/ppdegalicia.com\\\/es\\\/#\\\/schema\\\/person\\\/5b822c6f59e872ebdd1142f307dbcb59\",\"name\":\"ppdegaliciaredes\",\"image\":{\"@type\":\"ImageObject\",\"inLanguage\":\"es\",\"@id\":\"https:\\\/\\\/secure.gravatar.com\\\/avatar\\\/3c9179cf0256d00c72a48d1f25783c58b6842cd56e85ef3a572881c8e28ccd59?s=96&d=mm&r=g\",\"url\":\"https:\\\/\\\/secure.gravatar.com\\\/avatar\\\/3c9179cf0256d00c72a48d1f25783c58b6842cd56e85ef3a572881c8e28ccd59?s=96&d=mm&r=g\",\"contentUrl\":\"https:\\\/\\\/secure.gravatar.com\\\/avatar\\\/3c9179cf0256d00c72a48d1f25783c58b6842cd56e85ef3a572881c8e28ccd59?s=96&d=mm&r=g\",\"caption\":\"ppdegaliciaredes\"},\"url\":\"https:\\\/\\\/ppdegalicia.com\\\/es\\\/author\\\/ppdegaliciaredes\\\/\"}]}<\/script>\n<!-- \/ Yoast SEO plugin. -->","yoast_head_json":{"title":"O Parlamento galego demanda mellorar a dotaci\u00f3n de ec\u00f3grafos intelixentes na atenci\u00f3n primaria sanitaria - PP de Galicia","robots":{"index":"index","follow":"follow","max-snippet":"max-snippet:-1","max-image-preview":"max-image-preview:large","max-video-preview":"max-video-preview:-1"},"canonical":"https:\/\/ppdegalicia.com\/es\/o-parlamento-galego-demanda-mellorar-a-dotacion-de-ecografos-intelixentes-na-atencion-primaria-sanitaria\/","og_locale":"es_ES","og_type":"article","og_title":"O Parlamento galego demanda mellorar a dotaci\u00f3n de ec\u00f3grafos intelixentes na atenci\u00f3n primaria sanitaria - PP de Galicia","og_description":"9 de marzo de 2023. O Parlamento de Galicia aprobou hoxe a proposici\u00f3n non de lei do Grupo Popular a trav\u00e9s da que se insta \u00e1 Xunta de Galicia a mellorar a dotaci\u00f3n de ec\u00f3grafos intelixentes en atenci\u00f3n primaria, definindo ademais uns protocolos para o seu uso e un plan de formaci\u00f3n para o persoal.","og_url":"https:\/\/ppdegalicia.com\/es\/o-parlamento-galego-demanda-mellorar-a-dotacion-de-ecografos-intelixentes-na-atencion-primaria-sanitaria\/","og_site_name":"PP de Galicia","article_publisher":"https:\/\/www.instagram.com\/ppdegalicia\/","article_published_time":"2023-03-09T15:03:24+00:00","og_image":[{"width":1900,"height":1267,"url":"https:\/\/ppdegalicia.com\/wp-content\/uploads\/2023\/03\/ffb4061f22d0b18b446dec91ed0af3e2.jpg","type":"image\/jpeg"}],"author":"ppdegaliciaredes","twitter_card":"summary_large_image","twitter_creator":"@ppdegalicia","twitter_site":"@ppdegalicia","twitter_misc":{"Escrito por":"ppdegaliciaredes","Tiempo de lectura":"2 minutos"},"schema":{"@context":"https:\/\/schema.org","@graph":[{"@type":"Article","@id":"https:\/\/ppdegalicia.com\/es\/o-parlamento-galego-demanda-mellorar-a-dotacion-de-ecografos-intelixentes-na-atencion-primaria-sanitaria\/#article","isPartOf":{"@id":"https:\/\/ppdegalicia.com\/es\/o-parlamento-galego-demanda-mellorar-a-dotacion-de-ecografos-intelixentes-na-atencion-primaria-sanitaria\/"},"author":{"name":"ppdegaliciaredes","@id":"https:\/\/ppdegalicia.com\/es\/#\/schema\/person\/5b822c6f59e872ebdd1142f307dbcb59"},"headline":"O Parlamento galego demanda mellorar a dotaci\u00f3n de ec\u00f3grafos intelixentes na atenci\u00f3n primaria sanitaria","datePublished":"2023-03-09T15:03:24+00:00","mainEntityOfPage":{"@id":"https:\/\/ppdegalicia.com\/es\/o-parlamento-galego-demanda-mellorar-a-dotacion-de-ecografos-intelixentes-na-atencion-primaria-sanitaria\/"},"wordCount":440,"commentCount":0,"publisher":{"@id":"https:\/\/ppdegalicia.com\/es\/#organization"},"image":{"@id":"https:\/\/ppdegalicia.com\/es\/o-parlamento-galego-demanda-mellorar-a-dotacion-de-ecografos-intelixentes-na-atencion-primaria-sanitaria\/#primaryimage"},"thumbnailUrl":"https:\/\/ppdegalicia.com\/wp-content\/uploads\/2023\/03\/ffb4061f22d0b18b446dec91ed0af3e2.jpg","articleSection":["PP de Galicia"],"inLanguage":"es","potentialAction":[{"@type":"CommentAction","name":"Comment","target":["https:\/\/ppdegalicia.com\/es\/o-parlamento-galego-demanda-mellorar-a-dotacion-de-ecografos-intelixentes-na-atencion-primaria-sanitaria\/#respond"]}]},{"@type":"WebPage","@id":"https:\/\/ppdegalicia.com\/es\/o-parlamento-galego-demanda-mellorar-a-dotacion-de-ecografos-intelixentes-na-atencion-primaria-sanitaria\/","url":"https:\/\/ppdegalicia.com\/es\/o-parlamento-galego-demanda-mellorar-a-dotacion-de-ecografos-intelixentes-na-atencion-primaria-sanitaria\/","name":"O Parlamento galego demanda mellorar a dotaci\u00f3n de ec\u00f3grafos intelixentes na atenci\u00f3n primaria sanitaria - PP de Galicia","isPartOf":{"@id":"https:\/\/ppdegalicia.com\/es\/#website"},"primaryImageOfPage":{"@id":"https:\/\/ppdegalicia.com\/es\/o-parlamento-galego-demanda-mellorar-a-dotacion-de-ecografos-intelixentes-na-atencion-primaria-sanitaria\/#primaryimage"},"image":{"@id":"https:\/\/ppdegalicia.com\/es\/o-parlamento-galego-demanda-mellorar-a-dotacion-de-ecografos-intelixentes-na-atencion-primaria-sanitaria\/#primaryimage"},"thumbnailUrl":"https:\/\/ppdegalicia.com\/wp-content\/uploads\/2023\/03\/ffb4061f22d0b18b446dec91ed0af3e2.jpg","datePublished":"2023-03-09T15:03:24+00:00","breadcrumb":{"@id":"https:\/\/ppdegalicia.com\/es\/o-parlamento-galego-demanda-mellorar-a-dotacion-de-ecografos-intelixentes-na-atencion-primaria-sanitaria\/#breadcrumb"},"inLanguage":"es","potentialAction":[{"@type":"ReadAction","target":["https:\/\/ppdegalicia.com\/es\/o-parlamento-galego-demanda-mellorar-a-dotacion-de-ecografos-intelixentes-na-atencion-primaria-sanitaria\/"]}]},{"@type":"ImageObject","inLanguage":"es","@id":"https:\/\/ppdegalicia.com\/es\/o-parlamento-galego-demanda-mellorar-a-dotacion-de-ecografos-intelixentes-na-atencion-primaria-sanitaria\/#primaryimage","url":"https:\/\/ppdegalicia.com\/wp-content\/uploads\/2023\/03\/ffb4061f22d0b18b446dec91ed0af3e2.jpg","contentUrl":"https:\/\/ppdegalicia.com\/wp-content\/uploads\/2023\/03\/ffb4061f22d0b18b446dec91ed0af3e2.jpg","width":1900,"height":1267},{"@type":"BreadcrumbList","@id":"https:\/\/ppdegalicia.com\/es\/o-parlamento-galego-demanda-mellorar-a-dotacion-de-ecografos-intelixentes-na-atencion-primaria-sanitaria\/#breadcrumb","itemListElement":[{"@type":"ListItem","position":1,"name":"Portada","item":"https:\/\/ppdegalicia.com\/es\/"},{"@type":"ListItem","position":2,"name":"O Parlamento galego demanda mellorar a dotaci\u00f3n de ec\u00f3grafos intelixentes na atenci\u00f3n primaria sanitaria"}]},{"@type":"WebSite","@id":"https:\/\/ppdegalicia.com\/es\/#website","url":"https:\/\/ppdegalicia.com\/es\/","name":"Partido Popular de Galicia","description":"Partido Popular de Galicia","publisher":{"@id":"https:\/\/ppdegalicia.com\/es\/#organization"},"alternateName":"PP de Galicia","potentialAction":[{"@type":"SearchAction","target":{"@type":"EntryPoint","urlTemplate":"https:\/\/ppdegalicia.com\/es\/?s={search_term_string}"},"query-input":{"@type":"PropertyValueSpecification","valueRequired":true,"valueName":"search_term_string"}}],"inLanguage":"es"},{"@type":"Organization","@id":"https:\/\/ppdegalicia.com\/es\/#organization","name":"Partido Popular de Galicia","alternateName":"PP de Galicia","url":"https:\/\/ppdegalicia.com\/es\/","logo":{"@type":"ImageObject","inLanguage":"es","@id":"https:\/\/ppdegalicia.com\/es\/#\/schema\/logo\/image\/","url":"https:\/\/ppdegalicia.com\/wp-content\/uploads\/2023\/04\/logoPP512.png","contentUrl":"https:\/\/ppdegalicia.com\/wp-content\/uploads\/2023\/04\/logoPP512.png","width":512,"height":512,"caption":"Partido Popular de Galicia"},"image":{"@id":"https:\/\/ppdegalicia.com\/es\/#\/schema\/logo\/image\/"},"sameAs":["https:\/\/www.instagram.com\/ppdegalicia\/","https:\/\/x.com\/ppdegalicia","https:\/\/www.tiktok.com\/@ppdegalicia","https:\/\/www.youtube.com\/user\/ppdegalicia"]},{"@type":"Person","@id":"https:\/\/ppdegalicia.com\/es\/#\/schema\/person\/5b822c6f59e872ebdd1142f307dbcb59","name":"ppdegaliciaredes","image":{"@type":"ImageObject","inLanguage":"es","@id":"https:\/\/secure.gravatar.com\/avatar\/3c9179cf0256d00c72a48d1f25783c58b6842cd56e85ef3a572881c8e28ccd59?s=96&d=mm&r=g","url":"https:\/\/secure.gravatar.com\/avatar\/3c9179cf0256d00c72a48d1f25783c58b6842cd56e85ef3a572881c8e28ccd59?s=96&d=mm&r=g","contentUrl":"https:\/\/secure.gravatar.com\/avatar\/3c9179cf0256d00c72a48d1f25783c58b6842cd56e85ef3a572881c8e28ccd59?s=96&d=mm&r=g","caption":"ppdegaliciaredes"},"url":"https:\/\/ppdegalicia.com\/es\/author\/ppdegaliciaredes\/"}]}},"_links":{"self":[{"href":"https:\/\/ppdegalicia.com\/es\/wp-json\/wp\/v2\/posts\/58012","targetHints":{"allow":["GET"]}}],"collection":[{"href":"https:\/\/ppdegalicia.com\/es\/wp-json\/wp\/v2\/posts"}],"about":[{"href":"https:\/\/ppdegalicia.com\/es\/wp-json\/wp\/v2\/types\/post"}],"author":[{"embeddable":true,"href":"https:\/\/ppdegalicia.com\/es\/wp-json\/wp\/v2\/users\/38"}],"replies":[{"embeddable":true,"href":"https:\/\/ppdegalicia.com\/es\/wp-json\/wp\/v2\/comments?post=58012"}],"version-history":[{"count":0,"href":"https:\/\/ppdegalicia.com\/es\/wp-json\/wp\/v2\/posts\/58012\/revisions"}],"wp:featuredmedia":[{"embeddable":true,"href":"https:\/\/ppdegalicia.com\/es\/wp-json\/wp\/v2\/media\/58011"}],"wp:attachment":[{"href":"https:\/\/ppdegalicia.com\/es\/wp-json\/wp\/v2\/media?parent=58012"}],"wp:term":[{"taxonomy":"category","embeddable":true,"href":"https:\/\/ppdegalicia.com\/es\/wp-json\/wp\/v2\/categories?post=58012"},{"taxonomy":"post_tag","embeddable":true,"href":"https:\/\/ppdegalicia.com\/es\/wp-json\/wp\/v2\/tags?post=58012"}],"curies":[{"name":"wp","href":"https:\/\/api.w.org\/{rel}","templated":true}]}}