{"id":58029,"date":"2023-03-15T13:40:59","date_gmt":"2023-03-15T11:40:59","guid":{"rendered":"https:\/\/ppdegalicia.com\/o-parlamento-pide-ao-goberno-de-espana-que-garanta-a-cogobernanza-real-e-efectiva-das-comunidades-nas-decisions-sobre-a-industria\/"},"modified":"2023-03-15T13:40:59","modified_gmt":"2023-03-15T11:40:59","slug":"o-parlamento-pide-ao-goberno-de-espana-que-garanta-a-cogobernanza-real-e-efectiva-das-comunidades-nas-decisions-sobre-a-industria","status":"publish","type":"post","link":"https:\/\/ppdegalicia.com\/es\/o-parlamento-pide-ao-goberno-de-espana-que-garanta-a-cogobernanza-real-e-efectiva-das-comunidades-nas-decisions-sobre-a-industria\/","title":{"rendered":"O Parlamento pide ao Goberno de Espa\u00f1a que garanta a cogobernanza real e efectiva das comunidades nas decisi\u00f3ns sobre a industria"},"content":{"rendered":"<p><img fetchpriority=\"high\" decoding=\"async\" class=\" size-full wp-image-58028\" src=\"https:\/\/ppdegalicia.com\/wp-content\/uploads\/2023\/03\/929682046be1bf0fddbc51807221b743.jpg\" alt=\"\" width=\"1900\" height=\"1267\" srcset=\"https:\/\/ppdegalicia.com\/wp-content\/uploads\/2023\/03\/929682046be1bf0fddbc51807221b743.jpg 1900w, https:\/\/ppdegalicia.com\/wp-content\/uploads\/2023\/03\/929682046be1bf0fddbc51807221b743-300x200.jpg 300w, https:\/\/ppdegalicia.com\/wp-content\/uploads\/2023\/03\/929682046be1bf0fddbc51807221b743-1024x683.jpg 1024w, https:\/\/ppdegalicia.com\/wp-content\/uploads\/2023\/03\/929682046be1bf0fddbc51807221b743-768x512.jpg 768w, https:\/\/ppdegalicia.com\/wp-content\/uploads\/2023\/03\/929682046be1bf0fddbc51807221b743-1536x1024.jpg 1536w\" sizes=\"(max-width: 1900px) 100vw, 1900px\" \/><\/p>\n<p>15 de marzo de 2023. O Parlamento de Galicia aprobou hoxe a proposici\u00f3n non de lei do Grupo Popular a trav\u00e9s da que se pide ao Goberno de Espa\u00f1a que garanta a cogobernanza real e efectiva coas comunidades aut\u00f3nomas na estrutura de gobernanza do ecosistema industrial espa\u00f1ol, ao tempo que xestione fondos Next Generation para a industria que eviten po\u00f1er en risco os principais proxectos tractores desenvolvidos desde Galicia, nun marco que favoreza a complementariedade das acci\u00f3ns p\u00fablicas e privadas.<\/p>\n<p><!--more--><\/p>\n<p>A portavoz popular de Industria, Cristina Sanz, lembrou que na actualidade o Goberno de Pedro S\u00e1nchez est\u00e1 a tramitar o anteproxecto de Lei de industria, unha iniciativa lexislativa que \u201csorprendentemente se somete ao tr\u00e1mite de informaci\u00f3n p\u00fablica antes de trasladalo ao pleno da Conferencia Sectorial de Industria, na que participan, con voz e voto, as comunidades aut\u00f3nomas\u201d.<\/p>\n<p>\u00a0<\/p>\n<p><strong>COMPETENCIA RECOLLIDA NO ESTATUTO<\/strong><\/p>\n<p>\u00a0<\/p>\n<p>Na s\u00faa intervenci\u00f3n, Cristina Sanz explicou que a actividade industrial \u00e9 unha competencia recollida no Estatuto de Autonom\u00eda, \u201csobre a que nos \u00faltimos dez anos se te\u00f1en aprobado unha serie de leis dirixidas a converter a Galicia nun bo lugar no que desenvolver unha actividade industrial\u201d. \u201cEstamos a falar dun paquete lexislativo que ten como obxectivo favorecer a competitividade da industria existente en Galicia e impulsar a realizaci\u00f3n de novos proxectos de investimento ou de proxectos que supo\u00f1an a ampliaci\u00f3n ou modernizaci\u00f3n das actividades econ\u00f3micas existentes\u201d, engadiu.<\/p>\n<p>\u00a0<\/p>\n<p>\u201cCompartimos a necesidade de abordar unha reforma da lexislaci\u00f3n estatal en materia de industria, que data do ano 1992 e \u00e9 previa a toda a dixitalizaci\u00f3n, sostibilidade e aproveitamento da econom\u00eda circular\u201d, manifestou a portavoz popular. Pero indicou que \u201co que non compartimos \u00e9 o xeito en que se est\u00e1 facendo esta nova lexislaci\u00f3n, nin o contido dalgunha das propostas\u201d.<\/p>\n<p>\u00a0<\/p>\n<p>Diante desta situaci\u00f3n, Cristina Sanz lembrou que \u201ca Xunta fixo os deberes e presentou ante o Goberno de Espa\u00f1a unha serie de alegaci\u00f3ns que espera sexan tidas en conta na redacci\u00f3n do texto definitivo do proxecto de lei, porque consideramos que se debe contar coas comunidades aut\u00f3nomas para a s\u00faa redacci\u00f3n, invade competencias atribu\u00eddas \u00e1s comunidades e vulnera materias xa reguladas no \u00e1mbito auton\u00f3mico\u201d.<\/p>\n<p>\u00a0<\/p>\n<p><strong>EMENDAS PRESENTADAS POLA XUNTA<\/strong><\/p>\n<p>\u00a0<\/p>\n<p>En concreto, a portavoz popular explicou que un grupo de alegaci\u00f3ns solicitan que se respecten as competencias que ten atribu\u00eddas a Comunidade galega a nivel de pol\u00edtica industrial. En segundo lugar, respecto \u00e1 protecci\u00f3n da industria electrointensiva, o novo texto lexislativo parte dunha redacci\u00f3n pouco ambiciosa e al\u00e9gase para que se adopten as medidas e modificaci\u00f3ns necesarias no estatuto electrointensivo que permitan desenvolver un marco enerx\u00e9tico competitivo para a industria, en igualdade de condici\u00f3ns con outros pa\u00edses europeos.<\/p>\n<p>\u00a0<\/p>\n<p>A Xunta tam\u00e9n fai propostas respecto \u00e1 figura dos proxectos de interese xeral, porque poder\u00eda supo\u00f1er a exclusi\u00f3n dos principios de competencia e coordinaci\u00f3n propios do Estado auton\u00f3mico. E, por \u00faltimo p\u00eddese a modificaci\u00f3n e reordenaci\u00f3n dos procesos de reindustrializaci\u00f3n, como a inclusi\u00f3n expresa neste \u00e1mbito dos concellos inclu\u00eddos en zonas de transici\u00f3n xusta ou o establecemento dun prazo concreto para a resoluci\u00f3n da procedencia do inicio do proceso de reindustrializaci\u00f3n.<\/p>\n","protected":false},"excerpt":{"rendered":"<p>15 de marzo de 2023. O Parlamento de Galicia aprobou hoxe a proposici\u00f3n non de lei do Grupo Popular a trav\u00e9s da que se pide ao Goberno de Espa\u00f1a que garanta a cogobernanza real e efectiva coas comunidades aut\u00f3nomas na estrutura de gobernanza do ecosistema industrial espa\u00f1ol, ao tempo que xestione fondos Next Generation para [&hellip;]<\/p>\n","protected":false},"author":38,"featured_media":58028,"comment_status":"open","ping_status":"open","sticky":false,"template":"","format":"standard","meta":{"_acf_changed":false,"footnotes":""},"categories":[1],"tags":[],"class_list":["post-58029","post","type-post","status-publish","format-standard","has-post-thumbnail","hentry","category-pp-de-galicia"],"acf":[],"yoast_head":"<!-- This site is optimized with the Yoast SEO plugin v27.3 - https:\/\/yoast.com\/product\/yoast-seo-wordpress\/ -->\n<title>O Parlamento pide ao Goberno de Espa\u00f1a que garanta a cogobernanza real e efectiva das comunidades nas decisi\u00f3ns sobre a industria - PP de Galicia<\/title>\n<meta name=\"robots\" content=\"index, follow, max-snippet:-1, max-image-preview:large, max-video-preview:-1\" \/>\n<link rel=\"canonical\" href=\"https:\/\/ppdegalicia.com\/es\/o-parlamento-pide-ao-goberno-de-espana-que-garanta-a-cogobernanza-real-e-efectiva-das-comunidades-nas-decisions-sobre-a-industria\/\" \/>\n<meta property=\"og:locale\" content=\"es_ES\" \/>\n<meta property=\"og:type\" content=\"article\" \/>\n<meta property=\"og:title\" content=\"O Parlamento pide ao Goberno de Espa\u00f1a que garanta a cogobernanza real e efectiva das comunidades nas decisi\u00f3ns sobre a industria - PP de Galicia\" \/>\n<meta property=\"og:description\" content=\"15 de marzo de 2023. O Parlamento de Galicia aprobou hoxe a proposici\u00f3n non de lei do Grupo Popular a trav\u00e9s da que se pide ao Goberno de Espa\u00f1a que garanta a cogobernanza real e efectiva coas comunidades aut\u00f3nomas na estrutura de gobernanza do ecosistema industrial espa\u00f1ol, ao tempo que xestione fondos Next Generation para [&hellip;]\" \/>\n<meta property=\"og:url\" content=\"https:\/\/ppdegalicia.com\/es\/o-parlamento-pide-ao-goberno-de-espana-que-garanta-a-cogobernanza-real-e-efectiva-das-comunidades-nas-decisions-sobre-a-industria\/\" \/>\n<meta property=\"og:site_name\" content=\"PP de Galicia\" \/>\n<meta property=\"article:publisher\" content=\"https:\/\/www.instagram.com\/ppdegalicia\/\" \/>\n<meta property=\"article:published_time\" content=\"2023-03-15T11:40:59+00:00\" \/>\n<meta property=\"og:image\" content=\"https:\/\/ppdegalicia.com\/wp-content\/uploads\/2023\/03\/929682046be1bf0fddbc51807221b743.jpg\" \/>\n\t<meta property=\"og:image:width\" content=\"1900\" \/>\n\t<meta property=\"og:image:height\" content=\"1267\" \/>\n\t<meta property=\"og:image:type\" content=\"image\/jpeg\" \/>\n<meta name=\"author\" content=\"ppdegaliciaredes\" \/>\n<meta name=\"twitter:card\" content=\"summary_large_image\" \/>\n<meta name=\"twitter:creator\" content=\"@ppdegalicia\" \/>\n<meta name=\"twitter:site\" content=\"@ppdegalicia\" \/>\n<meta name=\"twitter:label1\" content=\"Escrito por\" \/>\n\t<meta name=\"twitter:data1\" content=\"ppdegaliciaredes\" \/>\n\t<meta name=\"twitter:label2\" content=\"Tiempo de lectura\" \/>\n\t<meta name=\"twitter:data2\" content=\"3 minutos\" \/>\n<script type=\"application\/ld+json\" class=\"yoast-schema-graph\">{\"@context\":\"https:\\\/\\\/schema.org\",\"@graph\":[{\"@type\":\"Article\",\"@id\":\"https:\\\/\\\/ppdegalicia.com\\\/es\\\/o-parlamento-pide-ao-goberno-de-espana-que-garanta-a-cogobernanza-real-e-efectiva-das-comunidades-nas-decisions-sobre-a-industria\\\/#article\",\"isPartOf\":{\"@id\":\"https:\\\/\\\/ppdegalicia.com\\\/es\\\/o-parlamento-pide-ao-goberno-de-espana-que-garanta-a-cogobernanza-real-e-efectiva-das-comunidades-nas-decisions-sobre-a-industria\\\/\"},\"author\":{\"name\":\"ppdegaliciaredes\",\"@id\":\"https:\\\/\\\/ppdegalicia.com\\\/es\\\/#\\\/schema\\\/person\\\/5b822c6f59e872ebdd1142f307dbcb59\"},\"headline\":\"O Parlamento pide ao Goberno de Espa\u00f1a que garanta a cogobernanza real e efectiva das comunidades nas decisi\u00f3ns sobre a industria\",\"datePublished\":\"2023-03-15T11:40:59+00:00\",\"mainEntityOfPage\":{\"@id\":\"https:\\\/\\\/ppdegalicia.com\\\/es\\\/o-parlamento-pide-ao-goberno-de-espana-que-garanta-a-cogobernanza-real-e-efectiva-das-comunidades-nas-decisions-sobre-a-industria\\\/\"},\"wordCount\":580,\"commentCount\":0,\"publisher\":{\"@id\":\"https:\\\/\\\/ppdegalicia.com\\\/es\\\/#organization\"},\"image\":{\"@id\":\"https:\\\/\\\/ppdegalicia.com\\\/es\\\/o-parlamento-pide-ao-goberno-de-espana-que-garanta-a-cogobernanza-real-e-efectiva-das-comunidades-nas-decisions-sobre-a-industria\\\/#primaryimage\"},\"thumbnailUrl\":\"https:\\\/\\\/ppdegalicia.com\\\/wp-content\\\/uploads\\\/2023\\\/03\\\/929682046be1bf0fddbc51807221b743.jpg\",\"articleSection\":[\"PP de Galicia\"],\"inLanguage\":\"es\",\"potentialAction\":[{\"@type\":\"CommentAction\",\"name\":\"Comment\",\"target\":[\"https:\\\/\\\/ppdegalicia.com\\\/es\\\/o-parlamento-pide-ao-goberno-de-espana-que-garanta-a-cogobernanza-real-e-efectiva-das-comunidades-nas-decisions-sobre-a-industria\\\/#respond\"]}]},{\"@type\":\"WebPage\",\"@id\":\"https:\\\/\\\/ppdegalicia.com\\\/es\\\/o-parlamento-pide-ao-goberno-de-espana-que-garanta-a-cogobernanza-real-e-efectiva-das-comunidades-nas-decisions-sobre-a-industria\\\/\",\"url\":\"https:\\\/\\\/ppdegalicia.com\\\/es\\\/o-parlamento-pide-ao-goberno-de-espana-que-garanta-a-cogobernanza-real-e-efectiva-das-comunidades-nas-decisions-sobre-a-industria\\\/\",\"name\":\"O Parlamento pide ao Goberno de Espa\u00f1a que garanta a cogobernanza real e efectiva das comunidades nas decisi\u00f3ns sobre a industria - PP de Galicia\",\"isPartOf\":{\"@id\":\"https:\\\/\\\/ppdegalicia.com\\\/es\\\/#website\"},\"primaryImageOfPage\":{\"@id\":\"https:\\\/\\\/ppdegalicia.com\\\/es\\\/o-parlamento-pide-ao-goberno-de-espana-que-garanta-a-cogobernanza-real-e-efectiva-das-comunidades-nas-decisions-sobre-a-industria\\\/#primaryimage\"},\"image\":{\"@id\":\"https:\\\/\\\/ppdegalicia.com\\\/es\\\/o-parlamento-pide-ao-goberno-de-espana-que-garanta-a-cogobernanza-real-e-efectiva-das-comunidades-nas-decisions-sobre-a-industria\\\/#primaryimage\"},\"thumbnailUrl\":\"https:\\\/\\\/ppdegalicia.com\\\/wp-content\\\/uploads\\\/2023\\\/03\\\/929682046be1bf0fddbc51807221b743.jpg\",\"datePublished\":\"2023-03-15T11:40:59+00:00\",\"breadcrumb\":{\"@id\":\"https:\\\/\\\/ppdegalicia.com\\\/es\\\/o-parlamento-pide-ao-goberno-de-espana-que-garanta-a-cogobernanza-real-e-efectiva-das-comunidades-nas-decisions-sobre-a-industria\\\/#breadcrumb\"},\"inLanguage\":\"es\",\"potentialAction\":[{\"@type\":\"ReadAction\",\"target\":[\"https:\\\/\\\/ppdegalicia.com\\\/es\\\/o-parlamento-pide-ao-goberno-de-espana-que-garanta-a-cogobernanza-real-e-efectiva-das-comunidades-nas-decisions-sobre-a-industria\\\/\"]}]},{\"@type\":\"ImageObject\",\"inLanguage\":\"es\",\"@id\":\"https:\\\/\\\/ppdegalicia.com\\\/es\\\/o-parlamento-pide-ao-goberno-de-espana-que-garanta-a-cogobernanza-real-e-efectiva-das-comunidades-nas-decisions-sobre-a-industria\\\/#primaryimage\",\"url\":\"https:\\\/\\\/ppdegalicia.com\\\/wp-content\\\/uploads\\\/2023\\\/03\\\/929682046be1bf0fddbc51807221b743.jpg\",\"contentUrl\":\"https:\\\/\\\/ppdegalicia.com\\\/wp-content\\\/uploads\\\/2023\\\/03\\\/929682046be1bf0fddbc51807221b743.jpg\",\"width\":1900,\"height\":1267},{\"@type\":\"BreadcrumbList\",\"@id\":\"https:\\\/\\\/ppdegalicia.com\\\/es\\\/o-parlamento-pide-ao-goberno-de-espana-que-garanta-a-cogobernanza-real-e-efectiva-das-comunidades-nas-decisions-sobre-a-industria\\\/#breadcrumb\",\"itemListElement\":[{\"@type\":\"ListItem\",\"position\":1,\"name\":\"Portada\",\"item\":\"https:\\\/\\\/ppdegalicia.com\\\/es\\\/\"},{\"@type\":\"ListItem\",\"position\":2,\"name\":\"O Parlamento pide ao Goberno de Espa\u00f1a que garanta a cogobernanza real e efectiva das comunidades nas decisi\u00f3ns sobre a industria\"}]},{\"@type\":\"WebSite\",\"@id\":\"https:\\\/\\\/ppdegalicia.com\\\/es\\\/#website\",\"url\":\"https:\\\/\\\/ppdegalicia.com\\\/es\\\/\",\"name\":\"Partido Popular de Galicia\",\"description\":\"Partido Popular de Galicia\",\"publisher\":{\"@id\":\"https:\\\/\\\/ppdegalicia.com\\\/es\\\/#organization\"},\"alternateName\":\"PP de Galicia\",\"potentialAction\":[{\"@type\":\"SearchAction\",\"target\":{\"@type\":\"EntryPoint\",\"urlTemplate\":\"https:\\\/\\\/ppdegalicia.com\\\/es\\\/?s={search_term_string}\"},\"query-input\":{\"@type\":\"PropertyValueSpecification\",\"valueRequired\":true,\"valueName\":\"search_term_string\"}}],\"inLanguage\":\"es\"},{\"@type\":\"Organization\",\"@id\":\"https:\\\/\\\/ppdegalicia.com\\\/es\\\/#organization\",\"name\":\"Partido Popular de Galicia\",\"alternateName\":\"PP de Galicia\",\"url\":\"https:\\\/\\\/ppdegalicia.com\\\/es\\\/\",\"logo\":{\"@type\":\"ImageObject\",\"inLanguage\":\"es\",\"@id\":\"https:\\\/\\\/ppdegalicia.com\\\/es\\\/#\\\/schema\\\/logo\\\/image\\\/\",\"url\":\"https:\\\/\\\/ppdegalicia.com\\\/wp-content\\\/uploads\\\/2023\\\/04\\\/logoPP512.png\",\"contentUrl\":\"https:\\\/\\\/ppdegalicia.com\\\/wp-content\\\/uploads\\\/2023\\\/04\\\/logoPP512.png\",\"width\":512,\"height\":512,\"caption\":\"Partido Popular de Galicia\"},\"image\":{\"@id\":\"https:\\\/\\\/ppdegalicia.com\\\/es\\\/#\\\/schema\\\/logo\\\/image\\\/\"},\"sameAs\":[\"https:\\\/\\\/www.instagram.com\\\/ppdegalicia\\\/\",\"https:\\\/\\\/x.com\\\/ppdegalicia\",\"https:\\\/\\\/www.tiktok.com\\\/@ppdegalicia\",\"https:\\\/\\\/www.youtube.com\\\/user\\\/ppdegalicia\"]},{\"@type\":\"Person\",\"@id\":\"https:\\\/\\\/ppdegalicia.com\\\/es\\\/#\\\/schema\\\/person\\\/5b822c6f59e872ebdd1142f307dbcb59\",\"name\":\"ppdegaliciaredes\",\"image\":{\"@type\":\"ImageObject\",\"inLanguage\":\"es\",\"@id\":\"https:\\\/\\\/secure.gravatar.com\\\/avatar\\\/3c9179cf0256d00c72a48d1f25783c58b6842cd56e85ef3a572881c8e28ccd59?s=96&d=mm&r=g\",\"url\":\"https:\\\/\\\/secure.gravatar.com\\\/avatar\\\/3c9179cf0256d00c72a48d1f25783c58b6842cd56e85ef3a572881c8e28ccd59?s=96&d=mm&r=g\",\"contentUrl\":\"https:\\\/\\\/secure.gravatar.com\\\/avatar\\\/3c9179cf0256d00c72a48d1f25783c58b6842cd56e85ef3a572881c8e28ccd59?s=96&d=mm&r=g\",\"caption\":\"ppdegaliciaredes\"},\"url\":\"https:\\\/\\\/ppdegalicia.com\\\/es\\\/author\\\/ppdegaliciaredes\\\/\"}]}<\/script>\n<!-- \/ Yoast SEO plugin. -->","yoast_head_json":{"title":"O Parlamento pide ao Goberno de Espa\u00f1a que garanta a cogobernanza real e efectiva das comunidades nas decisi\u00f3ns sobre a industria - PP de Galicia","robots":{"index":"index","follow":"follow","max-snippet":"max-snippet:-1","max-image-preview":"max-image-preview:large","max-video-preview":"max-video-preview:-1"},"canonical":"https:\/\/ppdegalicia.com\/es\/o-parlamento-pide-ao-goberno-de-espana-que-garanta-a-cogobernanza-real-e-efectiva-das-comunidades-nas-decisions-sobre-a-industria\/","og_locale":"es_ES","og_type":"article","og_title":"O Parlamento pide ao Goberno de Espa\u00f1a que garanta a cogobernanza real e efectiva das comunidades nas decisi\u00f3ns sobre a industria - PP de Galicia","og_description":"15 de marzo de 2023. O Parlamento de Galicia aprobou hoxe a proposici\u00f3n non de lei do Grupo Popular a trav\u00e9s da que se pide ao Goberno de Espa\u00f1a que garanta a cogobernanza real e efectiva coas comunidades aut\u00f3nomas na estrutura de gobernanza do ecosistema industrial espa\u00f1ol, ao tempo que xestione fondos Next Generation para [&hellip;]","og_url":"https:\/\/ppdegalicia.com\/es\/o-parlamento-pide-ao-goberno-de-espana-que-garanta-a-cogobernanza-real-e-efectiva-das-comunidades-nas-decisions-sobre-a-industria\/","og_site_name":"PP de Galicia","article_publisher":"https:\/\/www.instagram.com\/ppdegalicia\/","article_published_time":"2023-03-15T11:40:59+00:00","og_image":[{"width":1900,"height":1267,"url":"https:\/\/ppdegalicia.com\/wp-content\/uploads\/2023\/03\/929682046be1bf0fddbc51807221b743.jpg","type":"image\/jpeg"}],"author":"ppdegaliciaredes","twitter_card":"summary_large_image","twitter_creator":"@ppdegalicia","twitter_site":"@ppdegalicia","twitter_misc":{"Escrito por":"ppdegaliciaredes","Tiempo de lectura":"3 minutos"},"schema":{"@context":"https:\/\/schema.org","@graph":[{"@type":"Article","@id":"https:\/\/ppdegalicia.com\/es\/o-parlamento-pide-ao-goberno-de-espana-que-garanta-a-cogobernanza-real-e-efectiva-das-comunidades-nas-decisions-sobre-a-industria\/#article","isPartOf":{"@id":"https:\/\/ppdegalicia.com\/es\/o-parlamento-pide-ao-goberno-de-espana-que-garanta-a-cogobernanza-real-e-efectiva-das-comunidades-nas-decisions-sobre-a-industria\/"},"author":{"name":"ppdegaliciaredes","@id":"https:\/\/ppdegalicia.com\/es\/#\/schema\/person\/5b822c6f59e872ebdd1142f307dbcb59"},"headline":"O Parlamento pide ao Goberno de Espa\u00f1a que garanta a cogobernanza real e efectiva das comunidades nas decisi\u00f3ns sobre a industria","datePublished":"2023-03-15T11:40:59+00:00","mainEntityOfPage":{"@id":"https:\/\/ppdegalicia.com\/es\/o-parlamento-pide-ao-goberno-de-espana-que-garanta-a-cogobernanza-real-e-efectiva-das-comunidades-nas-decisions-sobre-a-industria\/"},"wordCount":580,"commentCount":0,"publisher":{"@id":"https:\/\/ppdegalicia.com\/es\/#organization"},"image":{"@id":"https:\/\/ppdegalicia.com\/es\/o-parlamento-pide-ao-goberno-de-espana-que-garanta-a-cogobernanza-real-e-efectiva-das-comunidades-nas-decisions-sobre-a-industria\/#primaryimage"},"thumbnailUrl":"https:\/\/ppdegalicia.com\/wp-content\/uploads\/2023\/03\/929682046be1bf0fddbc51807221b743.jpg","articleSection":["PP de Galicia"],"inLanguage":"es","potentialAction":[{"@type":"CommentAction","name":"Comment","target":["https:\/\/ppdegalicia.com\/es\/o-parlamento-pide-ao-goberno-de-espana-que-garanta-a-cogobernanza-real-e-efectiva-das-comunidades-nas-decisions-sobre-a-industria\/#respond"]}]},{"@type":"WebPage","@id":"https:\/\/ppdegalicia.com\/es\/o-parlamento-pide-ao-goberno-de-espana-que-garanta-a-cogobernanza-real-e-efectiva-das-comunidades-nas-decisions-sobre-a-industria\/","url":"https:\/\/ppdegalicia.com\/es\/o-parlamento-pide-ao-goberno-de-espana-que-garanta-a-cogobernanza-real-e-efectiva-das-comunidades-nas-decisions-sobre-a-industria\/","name":"O Parlamento pide ao Goberno de Espa\u00f1a que garanta a cogobernanza real e efectiva das comunidades nas decisi\u00f3ns sobre a industria - PP de Galicia","isPartOf":{"@id":"https:\/\/ppdegalicia.com\/es\/#website"},"primaryImageOfPage":{"@id":"https:\/\/ppdegalicia.com\/es\/o-parlamento-pide-ao-goberno-de-espana-que-garanta-a-cogobernanza-real-e-efectiva-das-comunidades-nas-decisions-sobre-a-industria\/#primaryimage"},"image":{"@id":"https:\/\/ppdegalicia.com\/es\/o-parlamento-pide-ao-goberno-de-espana-que-garanta-a-cogobernanza-real-e-efectiva-das-comunidades-nas-decisions-sobre-a-industria\/#primaryimage"},"thumbnailUrl":"https:\/\/ppdegalicia.com\/wp-content\/uploads\/2023\/03\/929682046be1bf0fddbc51807221b743.jpg","datePublished":"2023-03-15T11:40:59+00:00","breadcrumb":{"@id":"https:\/\/ppdegalicia.com\/es\/o-parlamento-pide-ao-goberno-de-espana-que-garanta-a-cogobernanza-real-e-efectiva-das-comunidades-nas-decisions-sobre-a-industria\/#breadcrumb"},"inLanguage":"es","potentialAction":[{"@type":"ReadAction","target":["https:\/\/ppdegalicia.com\/es\/o-parlamento-pide-ao-goberno-de-espana-que-garanta-a-cogobernanza-real-e-efectiva-das-comunidades-nas-decisions-sobre-a-industria\/"]}]},{"@type":"ImageObject","inLanguage":"es","@id":"https:\/\/ppdegalicia.com\/es\/o-parlamento-pide-ao-goberno-de-espana-que-garanta-a-cogobernanza-real-e-efectiva-das-comunidades-nas-decisions-sobre-a-industria\/#primaryimage","url":"https:\/\/ppdegalicia.com\/wp-content\/uploads\/2023\/03\/929682046be1bf0fddbc51807221b743.jpg","contentUrl":"https:\/\/ppdegalicia.com\/wp-content\/uploads\/2023\/03\/929682046be1bf0fddbc51807221b743.jpg","width":1900,"height":1267},{"@type":"BreadcrumbList","@id":"https:\/\/ppdegalicia.com\/es\/o-parlamento-pide-ao-goberno-de-espana-que-garanta-a-cogobernanza-real-e-efectiva-das-comunidades-nas-decisions-sobre-a-industria\/#breadcrumb","itemListElement":[{"@type":"ListItem","position":1,"name":"Portada","item":"https:\/\/ppdegalicia.com\/es\/"},{"@type":"ListItem","position":2,"name":"O Parlamento pide ao Goberno de Espa\u00f1a que garanta a cogobernanza real e efectiva das comunidades nas decisi\u00f3ns sobre a industria"}]},{"@type":"WebSite","@id":"https:\/\/ppdegalicia.com\/es\/#website","url":"https:\/\/ppdegalicia.com\/es\/","name":"Partido Popular de Galicia","description":"Partido Popular de Galicia","publisher":{"@id":"https:\/\/ppdegalicia.com\/es\/#organization"},"alternateName":"PP de Galicia","potentialAction":[{"@type":"SearchAction","target":{"@type":"EntryPoint","urlTemplate":"https:\/\/ppdegalicia.com\/es\/?s={search_term_string}"},"query-input":{"@type":"PropertyValueSpecification","valueRequired":true,"valueName":"search_term_string"}}],"inLanguage":"es"},{"@type":"Organization","@id":"https:\/\/ppdegalicia.com\/es\/#organization","name":"Partido Popular de Galicia","alternateName":"PP de Galicia","url":"https:\/\/ppdegalicia.com\/es\/","logo":{"@type":"ImageObject","inLanguage":"es","@id":"https:\/\/ppdegalicia.com\/es\/#\/schema\/logo\/image\/","url":"https:\/\/ppdegalicia.com\/wp-content\/uploads\/2023\/04\/logoPP512.png","contentUrl":"https:\/\/ppdegalicia.com\/wp-content\/uploads\/2023\/04\/logoPP512.png","width":512,"height":512,"caption":"Partido Popular de Galicia"},"image":{"@id":"https:\/\/ppdegalicia.com\/es\/#\/schema\/logo\/image\/"},"sameAs":["https:\/\/www.instagram.com\/ppdegalicia\/","https:\/\/x.com\/ppdegalicia","https:\/\/www.tiktok.com\/@ppdegalicia","https:\/\/www.youtube.com\/user\/ppdegalicia"]},{"@type":"Person","@id":"https:\/\/ppdegalicia.com\/es\/#\/schema\/person\/5b822c6f59e872ebdd1142f307dbcb59","name":"ppdegaliciaredes","image":{"@type":"ImageObject","inLanguage":"es","@id":"https:\/\/secure.gravatar.com\/avatar\/3c9179cf0256d00c72a48d1f25783c58b6842cd56e85ef3a572881c8e28ccd59?s=96&d=mm&r=g","url":"https:\/\/secure.gravatar.com\/avatar\/3c9179cf0256d00c72a48d1f25783c58b6842cd56e85ef3a572881c8e28ccd59?s=96&d=mm&r=g","contentUrl":"https:\/\/secure.gravatar.com\/avatar\/3c9179cf0256d00c72a48d1f25783c58b6842cd56e85ef3a572881c8e28ccd59?s=96&d=mm&r=g","caption":"ppdegaliciaredes"},"url":"https:\/\/ppdegalicia.com\/es\/author\/ppdegaliciaredes\/"}]}},"_links":{"self":[{"href":"https:\/\/ppdegalicia.com\/es\/wp-json\/wp\/v2\/posts\/58029","targetHints":{"allow":["GET"]}}],"collection":[{"href":"https:\/\/ppdegalicia.com\/es\/wp-json\/wp\/v2\/posts"}],"about":[{"href":"https:\/\/ppdegalicia.com\/es\/wp-json\/wp\/v2\/types\/post"}],"author":[{"embeddable":true,"href":"https:\/\/ppdegalicia.com\/es\/wp-json\/wp\/v2\/users\/38"}],"replies":[{"embeddable":true,"href":"https:\/\/ppdegalicia.com\/es\/wp-json\/wp\/v2\/comments?post=58029"}],"version-history":[{"count":0,"href":"https:\/\/ppdegalicia.com\/es\/wp-json\/wp\/v2\/posts\/58029\/revisions"}],"wp:featuredmedia":[{"embeddable":true,"href":"https:\/\/ppdegalicia.com\/es\/wp-json\/wp\/v2\/media\/58028"}],"wp:attachment":[{"href":"https:\/\/ppdegalicia.com\/es\/wp-json\/wp\/v2\/media?parent=58029"}],"wp:term":[{"taxonomy":"category","embeddable":true,"href":"https:\/\/ppdegalicia.com\/es\/wp-json\/wp\/v2\/categories?post=58029"},{"taxonomy":"post_tag","embeddable":true,"href":"https:\/\/ppdegalicia.com\/es\/wp-json\/wp\/v2\/tags?post=58029"}],"curies":[{"name":"wp","href":"https:\/\/api.w.org\/{rel}","templated":true}]}}