{"id":58035,"date":"2023-03-19T13:14:22","date_gmt":"2023-03-19T11:14:22","guid":{"rendered":"https:\/\/ppdegalicia.com\/o-ppdeg-pide-no-parlamento-a-convocatoria-urxente-dunha-xuntanza-entre-o-comisario-do-corredor-atlantico-e-as-comunidades-de-galicia-asturias-e-castela-e-leon\/"},"modified":"2023-03-19T13:14:22","modified_gmt":"2023-03-19T11:14:22","slug":"o-ppdeg-pide-no-parlamento-a-convocatoria-urxente-dunha-xuntanza-entre-o-comisario-do-corredor-atlantico-e-as-comunidades-de-galicia-asturias-e-castela-e-leon","status":"publish","type":"post","link":"https:\/\/ppdegalicia.com\/es\/o-ppdeg-pide-no-parlamento-a-convocatoria-urxente-dunha-xuntanza-entre-o-comisario-do-corredor-atlantico-e-as-comunidades-de-galicia-asturias-e-castela-e-leon\/","title":{"rendered":"O PPdeG pide no Parlamento a convocatoria urxente dunha xuntanza entre o comisario do Corredor Atl\u00e1ntico e as comunidades de Galicia, Asturias e Castela e Le\u00f3n"},"content":{"rendered":"<p><img fetchpriority=\"high\" decoding=\"async\" class=\" size-full wp-image-58034\" src=\"https:\/\/ppdegalicia.com\/wp-content\/uploads\/2023\/03\/41d128557c33da16d45822b84f3cf95e.jpg\" alt=\"\" width=\"1900\" height=\"1267\" srcset=\"https:\/\/ppdegalicia.com\/wp-content\/uploads\/2023\/03\/41d128557c33da16d45822b84f3cf95e.jpg 1900w, https:\/\/ppdegalicia.com\/wp-content\/uploads\/2023\/03\/41d128557c33da16d45822b84f3cf95e-300x200.jpg 300w, https:\/\/ppdegalicia.com\/wp-content\/uploads\/2023\/03\/41d128557c33da16d45822b84f3cf95e-1024x683.jpg 1024w, https:\/\/ppdegalicia.com\/wp-content\/uploads\/2023\/03\/41d128557c33da16d45822b84f3cf95e-768x512.jpg 768w, https:\/\/ppdegalicia.com\/wp-content\/uploads\/2023\/03\/41d128557c33da16d45822b84f3cf95e-1536x1024.jpg 1536w\" sizes=\"(max-width: 1900px) 100vw, 1900px\" \/><\/p>\n<p>19 de marzo de 2023. O Grupo Popular demandar\u00e1 no Parlamento galego que o Goberno de Espa\u00f1a convoque de maneira urxente unha xuntanza co comisario do Corredor Atl\u00e1ntico e as comunidades de Galicia, Asturias e Castela e Le\u00f3n para tratar as necesidades espec\u00edficas nesta infraestrutura ferroviaria, que se deben traducir en 8.000 mill\u00f3ns de euros m\u00e1is no Plan Director. As\u00ed mesmo, p\u00eddese igualdade de oportunidades, investimentos e de avances entre o Corredor Atl\u00e1ntico e o Corredor do Mediterr\u00e1neo.<\/p>\n<p><!--more--><\/p>\n<p>O portavoz popular de Infraestruturas, Jos\u00e9 Manuel Balseiro, lembrou que \u201cas comunidades aut\u00f3nomas do noroeste peninsular unen forzas para reivindicar conxuntamente que o Corredor Atl\u00e1ntico sexa unha infraestrutura prioritaria, impulsando o conxunto de li\u00f1as ferroviarias chamadas a conectar os principais portos atl\u00e1nticos e outros nodos estrat\u00e9xicos deste \u00e1rea coas rexi\u00f3ns do interior de Espa\u00f1a, Portugal e, sobre todo, co resto de Europa\u201d.<\/p>\n<p>\u00a0<\/p>\n<p><strong>CONECTAR CON EUROPA<\/strong><\/p>\n<p>\u00a0<\/p>\n<p>En concreto, lembrou que o obxectivo \u201c\u00e9 que se potencien as comunicaci\u00f3ns entre as comunidades do norte de Espa\u00f1a e, por suposto, defender que o norte se conecte con Europa a trav\u00e9s de Euskadi e Francia, tanto no que se refire ao transporte de mercador\u00edas como de hidr\u00f3xeno verde\u201d.<\/p>\n<p>\u00a0<\/p>\n<p>Balseiro manifestou que \u201ca alianza das comunidades do noroeste xa acadou o primeiro resultado pr\u00e1ctico coa constituci\u00f3n do pasado 27 de xaneiro, por parte do Goberno de Espa\u00f1a, do comisionado para o Corredor Atl\u00e1ntico\u201d. Por\u00e9n, lamentou que este comisionado \u201cnon se activou ata mes e medio despois e con cinco anos de atraso con respecto ao comisionado do Corredor Mediterr\u00e1neo, que acada un nivel de desenvolvemento moi superior\u201d.<\/p>\n<p>\u00a0<\/p>\n<p>Neste sentido, e diante das declaraci\u00f3ns realizadas polo comisionado do Corredor Atl\u00e1ntico advertindo de inconcreci\u00f3ns no documento presentado por Galicia, Asturias e Castela e Le\u00f3n no que se recollen os investimentos que se consideran prioritarios e imprescindibles, \u201cconsideramos necesario que o Goberno de Pedro S\u00e1nchez convoque de maneira urxente unha xuntanza deste comisionado con responsables das comunidades aut\u00f3nomas afectadas para abordar as necesidades espec\u00edficas do Corredor Atl\u00e1ntico Nororeste\u201d, dixo.<\/p>\n<p>\u00a0<\/p>\n<p>O portavoz popular pediu \u201cseriedade e rigor ao comisionado \u00e1 hora de avaliar o documento facilitado polas comunidades aut\u00f3nomas, porque non parece serio que se dedique a cuestionar algo que nin sequera nos deu a oportunidade de presentarlle\u201d. En concreto, Balseiro sinalou que o Corredor Atl\u00e1ntico do Noroeste ten unha necesidade de investimento estimada en 8.000 mill\u00f3ns de euros e \u201co que non podemos aceptar \u00e9 que o Goberno de Pedro S\u00e1nchez prevea gastar s\u00f3 1.100 mill\u00f3ns de euros, porque iso non permitir\u00e1 cumprir os obxectivos de competitividade que buscamos para a nosa rede ferroviaria de mercador\u00edas e para o noso territorio\u201d.<\/p>\n<p>\u00a0<\/p>\n<p>\u201cAgora c\u00f3mpre traballar no dese\u00f1o e impulso definitivo do Plan Director para o desenvolvemento do Corredor Atl\u00e1ntico, que servir para transformar a rede ferroviaria de mercador\u00edas e que, de cumprirse os prazos, deber\u00e1 presentarse o vindeiro mes de outubro\u201d, rematou Jos\u00e9 Manuel Balseiro. <\/p>\n","protected":false},"excerpt":{"rendered":"<p>19 de marzo de 2023. O Grupo Popular demandar\u00e1 no Parlamento galego que o Goberno de Espa\u00f1a convoque de maneira urxente unha xuntanza co comisario do Corredor Atl\u00e1ntico e as comunidades de Galicia, Asturias e Castela e Le\u00f3n para tratar as necesidades espec\u00edficas nesta infraestrutura ferroviaria, que se deben traducir en 8.000 mill\u00f3ns de euros [&hellip;]<\/p>\n","protected":false},"author":38,"featured_media":58034,"comment_status":"open","ping_status":"open","sticky":false,"template":"","format":"standard","meta":{"_acf_changed":false,"footnotes":""},"categories":[1],"tags":[],"class_list":["post-58035","post","type-post","status-publish","format-standard","has-post-thumbnail","hentry","category-pp-de-galicia"],"acf":[],"yoast_head":"<!-- This site is optimized with the Yoast SEO plugin v27.3 - https:\/\/yoast.com\/product\/yoast-seo-wordpress\/ -->\n<title>O PPdeG pide no Parlamento a convocatoria urxente dunha xuntanza entre o comisario do Corredor Atl\u00e1ntico e as comunidades de Galicia, Asturias e Castela e Le\u00f3n - PP de Galicia<\/title>\n<meta name=\"robots\" content=\"index, follow, max-snippet:-1, max-image-preview:large, max-video-preview:-1\" \/>\n<link rel=\"canonical\" href=\"https:\/\/ppdegalicia.com\/es\/o-ppdeg-pide-no-parlamento-a-convocatoria-urxente-dunha-xuntanza-entre-o-comisario-do-corredor-atlantico-e-as-comunidades-de-galicia-asturias-e-castela-e-leon\/\" \/>\n<meta property=\"og:locale\" content=\"es_ES\" \/>\n<meta property=\"og:type\" content=\"article\" \/>\n<meta property=\"og:title\" content=\"O PPdeG pide no Parlamento a convocatoria urxente dunha xuntanza entre o comisario do Corredor Atl\u00e1ntico e as comunidades de Galicia, Asturias e Castela e Le\u00f3n - PP de Galicia\" \/>\n<meta property=\"og:description\" content=\"19 de marzo de 2023. O Grupo Popular demandar\u00e1 no Parlamento galego que o Goberno de Espa\u00f1a convoque de maneira urxente unha xuntanza co comisario do Corredor Atl\u00e1ntico e as comunidades de Galicia, Asturias e Castela e Le\u00f3n para tratar as necesidades espec\u00edficas nesta infraestrutura ferroviaria, que se deben traducir en 8.000 mill\u00f3ns de euros [&hellip;]\" \/>\n<meta property=\"og:url\" content=\"https:\/\/ppdegalicia.com\/es\/o-ppdeg-pide-no-parlamento-a-convocatoria-urxente-dunha-xuntanza-entre-o-comisario-do-corredor-atlantico-e-as-comunidades-de-galicia-asturias-e-castela-e-leon\/\" \/>\n<meta property=\"og:site_name\" content=\"PP de Galicia\" \/>\n<meta property=\"article:publisher\" content=\"https:\/\/www.instagram.com\/ppdegalicia\/\" \/>\n<meta property=\"article:published_time\" content=\"2023-03-19T11:14:22+00:00\" \/>\n<meta property=\"og:image\" content=\"https:\/\/ppdegalicia.com\/wp-content\/uploads\/2023\/03\/41d128557c33da16d45822b84f3cf95e.jpg\" \/>\n\t<meta property=\"og:image:width\" content=\"1900\" \/>\n\t<meta property=\"og:image:height\" content=\"1267\" \/>\n\t<meta property=\"og:image:type\" content=\"image\/jpeg\" \/>\n<meta name=\"author\" content=\"ppdegaliciaredes\" \/>\n<meta name=\"twitter:card\" content=\"summary_large_image\" \/>\n<meta name=\"twitter:creator\" content=\"@ppdegalicia\" \/>\n<meta name=\"twitter:site\" content=\"@ppdegalicia\" \/>\n<meta name=\"twitter:label1\" content=\"Escrito por\" \/>\n\t<meta name=\"twitter:data1\" content=\"ppdegaliciaredes\" \/>\n\t<meta name=\"twitter:label2\" content=\"Tiempo de lectura\" \/>\n\t<meta name=\"twitter:data2\" content=\"3 minutos\" \/>\n<script type=\"application\/ld+json\" class=\"yoast-schema-graph\">{\"@context\":\"https:\\\/\\\/schema.org\",\"@graph\":[{\"@type\":\"Article\",\"@id\":\"https:\\\/\\\/ppdegalicia.com\\\/es\\\/o-ppdeg-pide-no-parlamento-a-convocatoria-urxente-dunha-xuntanza-entre-o-comisario-do-corredor-atlantico-e-as-comunidades-de-galicia-asturias-e-castela-e-leon\\\/#article\",\"isPartOf\":{\"@id\":\"https:\\\/\\\/ppdegalicia.com\\\/es\\\/o-ppdeg-pide-no-parlamento-a-convocatoria-urxente-dunha-xuntanza-entre-o-comisario-do-corredor-atlantico-e-as-comunidades-de-galicia-asturias-e-castela-e-leon\\\/\"},\"author\":{\"name\":\"ppdegaliciaredes\",\"@id\":\"https:\\\/\\\/ppdegalicia.com\\\/es\\\/#\\\/schema\\\/person\\\/5b822c6f59e872ebdd1142f307dbcb59\"},\"headline\":\"O PPdeG pide no Parlamento a convocatoria urxente dunha xuntanza entre o comisario do Corredor Atl\u00e1ntico e as comunidades de Galicia, Asturias e Castela e Le\u00f3n\",\"datePublished\":\"2023-03-19T11:14:22+00:00\",\"mainEntityOfPage\":{\"@id\":\"https:\\\/\\\/ppdegalicia.com\\\/es\\\/o-ppdeg-pide-no-parlamento-a-convocatoria-urxente-dunha-xuntanza-entre-o-comisario-do-corredor-atlantico-e-as-comunidades-de-galicia-asturias-e-castela-e-leon\\\/\"},\"wordCount\":538,\"commentCount\":0,\"publisher\":{\"@id\":\"https:\\\/\\\/ppdegalicia.com\\\/es\\\/#organization\"},\"image\":{\"@id\":\"https:\\\/\\\/ppdegalicia.com\\\/es\\\/o-ppdeg-pide-no-parlamento-a-convocatoria-urxente-dunha-xuntanza-entre-o-comisario-do-corredor-atlantico-e-as-comunidades-de-galicia-asturias-e-castela-e-leon\\\/#primaryimage\"},\"thumbnailUrl\":\"https:\\\/\\\/ppdegalicia.com\\\/wp-content\\\/uploads\\\/2023\\\/03\\\/41d128557c33da16d45822b84f3cf95e.jpg\",\"articleSection\":[\"PP de Galicia\"],\"inLanguage\":\"es\",\"potentialAction\":[{\"@type\":\"CommentAction\",\"name\":\"Comment\",\"target\":[\"https:\\\/\\\/ppdegalicia.com\\\/es\\\/o-ppdeg-pide-no-parlamento-a-convocatoria-urxente-dunha-xuntanza-entre-o-comisario-do-corredor-atlantico-e-as-comunidades-de-galicia-asturias-e-castela-e-leon\\\/#respond\"]}]},{\"@type\":\"WebPage\",\"@id\":\"https:\\\/\\\/ppdegalicia.com\\\/es\\\/o-ppdeg-pide-no-parlamento-a-convocatoria-urxente-dunha-xuntanza-entre-o-comisario-do-corredor-atlantico-e-as-comunidades-de-galicia-asturias-e-castela-e-leon\\\/\",\"url\":\"https:\\\/\\\/ppdegalicia.com\\\/es\\\/o-ppdeg-pide-no-parlamento-a-convocatoria-urxente-dunha-xuntanza-entre-o-comisario-do-corredor-atlantico-e-as-comunidades-de-galicia-asturias-e-castela-e-leon\\\/\",\"name\":\"O PPdeG pide no Parlamento a convocatoria urxente dunha xuntanza entre o comisario do Corredor Atl\u00e1ntico e as comunidades de Galicia, Asturias e Castela e Le\u00f3n - PP de Galicia\",\"isPartOf\":{\"@id\":\"https:\\\/\\\/ppdegalicia.com\\\/es\\\/#website\"},\"primaryImageOfPage\":{\"@id\":\"https:\\\/\\\/ppdegalicia.com\\\/es\\\/o-ppdeg-pide-no-parlamento-a-convocatoria-urxente-dunha-xuntanza-entre-o-comisario-do-corredor-atlantico-e-as-comunidades-de-galicia-asturias-e-castela-e-leon\\\/#primaryimage\"},\"image\":{\"@id\":\"https:\\\/\\\/ppdegalicia.com\\\/es\\\/o-ppdeg-pide-no-parlamento-a-convocatoria-urxente-dunha-xuntanza-entre-o-comisario-do-corredor-atlantico-e-as-comunidades-de-galicia-asturias-e-castela-e-leon\\\/#primaryimage\"},\"thumbnailUrl\":\"https:\\\/\\\/ppdegalicia.com\\\/wp-content\\\/uploads\\\/2023\\\/03\\\/41d128557c33da16d45822b84f3cf95e.jpg\",\"datePublished\":\"2023-03-19T11:14:22+00:00\",\"breadcrumb\":{\"@id\":\"https:\\\/\\\/ppdegalicia.com\\\/es\\\/o-ppdeg-pide-no-parlamento-a-convocatoria-urxente-dunha-xuntanza-entre-o-comisario-do-corredor-atlantico-e-as-comunidades-de-galicia-asturias-e-castela-e-leon\\\/#breadcrumb\"},\"inLanguage\":\"es\",\"potentialAction\":[{\"@type\":\"ReadAction\",\"target\":[\"https:\\\/\\\/ppdegalicia.com\\\/es\\\/o-ppdeg-pide-no-parlamento-a-convocatoria-urxente-dunha-xuntanza-entre-o-comisario-do-corredor-atlantico-e-as-comunidades-de-galicia-asturias-e-castela-e-leon\\\/\"]}]},{\"@type\":\"ImageObject\",\"inLanguage\":\"es\",\"@id\":\"https:\\\/\\\/ppdegalicia.com\\\/es\\\/o-ppdeg-pide-no-parlamento-a-convocatoria-urxente-dunha-xuntanza-entre-o-comisario-do-corredor-atlantico-e-as-comunidades-de-galicia-asturias-e-castela-e-leon\\\/#primaryimage\",\"url\":\"https:\\\/\\\/ppdegalicia.com\\\/wp-content\\\/uploads\\\/2023\\\/03\\\/41d128557c33da16d45822b84f3cf95e.jpg\",\"contentUrl\":\"https:\\\/\\\/ppdegalicia.com\\\/wp-content\\\/uploads\\\/2023\\\/03\\\/41d128557c33da16d45822b84f3cf95e.jpg\",\"width\":1900,\"height\":1267},{\"@type\":\"BreadcrumbList\",\"@id\":\"https:\\\/\\\/ppdegalicia.com\\\/es\\\/o-ppdeg-pide-no-parlamento-a-convocatoria-urxente-dunha-xuntanza-entre-o-comisario-do-corredor-atlantico-e-as-comunidades-de-galicia-asturias-e-castela-e-leon\\\/#breadcrumb\",\"itemListElement\":[{\"@type\":\"ListItem\",\"position\":1,\"name\":\"Portada\",\"item\":\"https:\\\/\\\/ppdegalicia.com\\\/es\\\/\"},{\"@type\":\"ListItem\",\"position\":2,\"name\":\"O PPdeG pide no Parlamento a convocatoria urxente dunha xuntanza entre o comisario do Corredor Atl\u00e1ntico e as comunidades de Galicia, Asturias e Castela e Le\u00f3n\"}]},{\"@type\":\"WebSite\",\"@id\":\"https:\\\/\\\/ppdegalicia.com\\\/es\\\/#website\",\"url\":\"https:\\\/\\\/ppdegalicia.com\\\/es\\\/\",\"name\":\"Partido Popular de Galicia\",\"description\":\"Partido Popular de Galicia\",\"publisher\":{\"@id\":\"https:\\\/\\\/ppdegalicia.com\\\/es\\\/#organization\"},\"alternateName\":\"PP de Galicia\",\"potentialAction\":[{\"@type\":\"SearchAction\",\"target\":{\"@type\":\"EntryPoint\",\"urlTemplate\":\"https:\\\/\\\/ppdegalicia.com\\\/es\\\/?s={search_term_string}\"},\"query-input\":{\"@type\":\"PropertyValueSpecification\",\"valueRequired\":true,\"valueName\":\"search_term_string\"}}],\"inLanguage\":\"es\"},{\"@type\":\"Organization\",\"@id\":\"https:\\\/\\\/ppdegalicia.com\\\/es\\\/#organization\",\"name\":\"Partido Popular de Galicia\",\"alternateName\":\"PP de Galicia\",\"url\":\"https:\\\/\\\/ppdegalicia.com\\\/es\\\/\",\"logo\":{\"@type\":\"ImageObject\",\"inLanguage\":\"es\",\"@id\":\"https:\\\/\\\/ppdegalicia.com\\\/es\\\/#\\\/schema\\\/logo\\\/image\\\/\",\"url\":\"https:\\\/\\\/ppdegalicia.com\\\/wp-content\\\/uploads\\\/2023\\\/04\\\/logoPP512.png\",\"contentUrl\":\"https:\\\/\\\/ppdegalicia.com\\\/wp-content\\\/uploads\\\/2023\\\/04\\\/logoPP512.png\",\"width\":512,\"height\":512,\"caption\":\"Partido Popular de Galicia\"},\"image\":{\"@id\":\"https:\\\/\\\/ppdegalicia.com\\\/es\\\/#\\\/schema\\\/logo\\\/image\\\/\"},\"sameAs\":[\"https:\\\/\\\/www.instagram.com\\\/ppdegalicia\\\/\",\"https:\\\/\\\/x.com\\\/ppdegalicia\",\"https:\\\/\\\/www.tiktok.com\\\/@ppdegalicia\",\"https:\\\/\\\/www.youtube.com\\\/user\\\/ppdegalicia\"]},{\"@type\":\"Person\",\"@id\":\"https:\\\/\\\/ppdegalicia.com\\\/es\\\/#\\\/schema\\\/person\\\/5b822c6f59e872ebdd1142f307dbcb59\",\"name\":\"ppdegaliciaredes\",\"image\":{\"@type\":\"ImageObject\",\"inLanguage\":\"es\",\"@id\":\"https:\\\/\\\/secure.gravatar.com\\\/avatar\\\/3c9179cf0256d00c72a48d1f25783c58b6842cd56e85ef3a572881c8e28ccd59?s=96&d=mm&r=g\",\"url\":\"https:\\\/\\\/secure.gravatar.com\\\/avatar\\\/3c9179cf0256d00c72a48d1f25783c58b6842cd56e85ef3a572881c8e28ccd59?s=96&d=mm&r=g\",\"contentUrl\":\"https:\\\/\\\/secure.gravatar.com\\\/avatar\\\/3c9179cf0256d00c72a48d1f25783c58b6842cd56e85ef3a572881c8e28ccd59?s=96&d=mm&r=g\",\"caption\":\"ppdegaliciaredes\"},\"url\":\"https:\\\/\\\/ppdegalicia.com\\\/es\\\/author\\\/ppdegaliciaredes\\\/\"}]}<\/script>\n<!-- \/ Yoast SEO plugin. -->","yoast_head_json":{"title":"O PPdeG pide no Parlamento a convocatoria urxente dunha xuntanza entre o comisario do Corredor Atl\u00e1ntico e as comunidades de Galicia, Asturias e Castela e Le\u00f3n - PP de Galicia","robots":{"index":"index","follow":"follow","max-snippet":"max-snippet:-1","max-image-preview":"max-image-preview:large","max-video-preview":"max-video-preview:-1"},"canonical":"https:\/\/ppdegalicia.com\/es\/o-ppdeg-pide-no-parlamento-a-convocatoria-urxente-dunha-xuntanza-entre-o-comisario-do-corredor-atlantico-e-as-comunidades-de-galicia-asturias-e-castela-e-leon\/","og_locale":"es_ES","og_type":"article","og_title":"O PPdeG pide no Parlamento a convocatoria urxente dunha xuntanza entre o comisario do Corredor Atl\u00e1ntico e as comunidades de Galicia, Asturias e Castela e Le\u00f3n - PP de Galicia","og_description":"19 de marzo de 2023. O Grupo Popular demandar\u00e1 no Parlamento galego que o Goberno de Espa\u00f1a convoque de maneira urxente unha xuntanza co comisario do Corredor Atl\u00e1ntico e as comunidades de Galicia, Asturias e Castela e Le\u00f3n para tratar as necesidades espec\u00edficas nesta infraestrutura ferroviaria, que se deben traducir en 8.000 mill\u00f3ns de euros [&hellip;]","og_url":"https:\/\/ppdegalicia.com\/es\/o-ppdeg-pide-no-parlamento-a-convocatoria-urxente-dunha-xuntanza-entre-o-comisario-do-corredor-atlantico-e-as-comunidades-de-galicia-asturias-e-castela-e-leon\/","og_site_name":"PP de Galicia","article_publisher":"https:\/\/www.instagram.com\/ppdegalicia\/","article_published_time":"2023-03-19T11:14:22+00:00","og_image":[{"width":1900,"height":1267,"url":"https:\/\/ppdegalicia.com\/wp-content\/uploads\/2023\/03\/41d128557c33da16d45822b84f3cf95e.jpg","type":"image\/jpeg"}],"author":"ppdegaliciaredes","twitter_card":"summary_large_image","twitter_creator":"@ppdegalicia","twitter_site":"@ppdegalicia","twitter_misc":{"Escrito por":"ppdegaliciaredes","Tiempo de lectura":"3 minutos"},"schema":{"@context":"https:\/\/schema.org","@graph":[{"@type":"Article","@id":"https:\/\/ppdegalicia.com\/es\/o-ppdeg-pide-no-parlamento-a-convocatoria-urxente-dunha-xuntanza-entre-o-comisario-do-corredor-atlantico-e-as-comunidades-de-galicia-asturias-e-castela-e-leon\/#article","isPartOf":{"@id":"https:\/\/ppdegalicia.com\/es\/o-ppdeg-pide-no-parlamento-a-convocatoria-urxente-dunha-xuntanza-entre-o-comisario-do-corredor-atlantico-e-as-comunidades-de-galicia-asturias-e-castela-e-leon\/"},"author":{"name":"ppdegaliciaredes","@id":"https:\/\/ppdegalicia.com\/es\/#\/schema\/person\/5b822c6f59e872ebdd1142f307dbcb59"},"headline":"O PPdeG pide no Parlamento a convocatoria urxente dunha xuntanza entre o comisario do Corredor Atl\u00e1ntico e as comunidades de Galicia, Asturias e Castela e Le\u00f3n","datePublished":"2023-03-19T11:14:22+00:00","mainEntityOfPage":{"@id":"https:\/\/ppdegalicia.com\/es\/o-ppdeg-pide-no-parlamento-a-convocatoria-urxente-dunha-xuntanza-entre-o-comisario-do-corredor-atlantico-e-as-comunidades-de-galicia-asturias-e-castela-e-leon\/"},"wordCount":538,"commentCount":0,"publisher":{"@id":"https:\/\/ppdegalicia.com\/es\/#organization"},"image":{"@id":"https:\/\/ppdegalicia.com\/es\/o-ppdeg-pide-no-parlamento-a-convocatoria-urxente-dunha-xuntanza-entre-o-comisario-do-corredor-atlantico-e-as-comunidades-de-galicia-asturias-e-castela-e-leon\/#primaryimage"},"thumbnailUrl":"https:\/\/ppdegalicia.com\/wp-content\/uploads\/2023\/03\/41d128557c33da16d45822b84f3cf95e.jpg","articleSection":["PP de Galicia"],"inLanguage":"es","potentialAction":[{"@type":"CommentAction","name":"Comment","target":["https:\/\/ppdegalicia.com\/es\/o-ppdeg-pide-no-parlamento-a-convocatoria-urxente-dunha-xuntanza-entre-o-comisario-do-corredor-atlantico-e-as-comunidades-de-galicia-asturias-e-castela-e-leon\/#respond"]}]},{"@type":"WebPage","@id":"https:\/\/ppdegalicia.com\/es\/o-ppdeg-pide-no-parlamento-a-convocatoria-urxente-dunha-xuntanza-entre-o-comisario-do-corredor-atlantico-e-as-comunidades-de-galicia-asturias-e-castela-e-leon\/","url":"https:\/\/ppdegalicia.com\/es\/o-ppdeg-pide-no-parlamento-a-convocatoria-urxente-dunha-xuntanza-entre-o-comisario-do-corredor-atlantico-e-as-comunidades-de-galicia-asturias-e-castela-e-leon\/","name":"O PPdeG pide no Parlamento a convocatoria urxente dunha xuntanza entre o comisario do Corredor Atl\u00e1ntico e as comunidades de Galicia, Asturias e Castela e Le\u00f3n - PP de Galicia","isPartOf":{"@id":"https:\/\/ppdegalicia.com\/es\/#website"},"primaryImageOfPage":{"@id":"https:\/\/ppdegalicia.com\/es\/o-ppdeg-pide-no-parlamento-a-convocatoria-urxente-dunha-xuntanza-entre-o-comisario-do-corredor-atlantico-e-as-comunidades-de-galicia-asturias-e-castela-e-leon\/#primaryimage"},"image":{"@id":"https:\/\/ppdegalicia.com\/es\/o-ppdeg-pide-no-parlamento-a-convocatoria-urxente-dunha-xuntanza-entre-o-comisario-do-corredor-atlantico-e-as-comunidades-de-galicia-asturias-e-castela-e-leon\/#primaryimage"},"thumbnailUrl":"https:\/\/ppdegalicia.com\/wp-content\/uploads\/2023\/03\/41d128557c33da16d45822b84f3cf95e.jpg","datePublished":"2023-03-19T11:14:22+00:00","breadcrumb":{"@id":"https:\/\/ppdegalicia.com\/es\/o-ppdeg-pide-no-parlamento-a-convocatoria-urxente-dunha-xuntanza-entre-o-comisario-do-corredor-atlantico-e-as-comunidades-de-galicia-asturias-e-castela-e-leon\/#breadcrumb"},"inLanguage":"es","potentialAction":[{"@type":"ReadAction","target":["https:\/\/ppdegalicia.com\/es\/o-ppdeg-pide-no-parlamento-a-convocatoria-urxente-dunha-xuntanza-entre-o-comisario-do-corredor-atlantico-e-as-comunidades-de-galicia-asturias-e-castela-e-leon\/"]}]},{"@type":"ImageObject","inLanguage":"es","@id":"https:\/\/ppdegalicia.com\/es\/o-ppdeg-pide-no-parlamento-a-convocatoria-urxente-dunha-xuntanza-entre-o-comisario-do-corredor-atlantico-e-as-comunidades-de-galicia-asturias-e-castela-e-leon\/#primaryimage","url":"https:\/\/ppdegalicia.com\/wp-content\/uploads\/2023\/03\/41d128557c33da16d45822b84f3cf95e.jpg","contentUrl":"https:\/\/ppdegalicia.com\/wp-content\/uploads\/2023\/03\/41d128557c33da16d45822b84f3cf95e.jpg","width":1900,"height":1267},{"@type":"BreadcrumbList","@id":"https:\/\/ppdegalicia.com\/es\/o-ppdeg-pide-no-parlamento-a-convocatoria-urxente-dunha-xuntanza-entre-o-comisario-do-corredor-atlantico-e-as-comunidades-de-galicia-asturias-e-castela-e-leon\/#breadcrumb","itemListElement":[{"@type":"ListItem","position":1,"name":"Portada","item":"https:\/\/ppdegalicia.com\/es\/"},{"@type":"ListItem","position":2,"name":"O PPdeG pide no Parlamento a convocatoria urxente dunha xuntanza entre o comisario do Corredor Atl\u00e1ntico e as comunidades de Galicia, Asturias e Castela e Le\u00f3n"}]},{"@type":"WebSite","@id":"https:\/\/ppdegalicia.com\/es\/#website","url":"https:\/\/ppdegalicia.com\/es\/","name":"Partido Popular de Galicia","description":"Partido Popular de Galicia","publisher":{"@id":"https:\/\/ppdegalicia.com\/es\/#organization"},"alternateName":"PP de Galicia","potentialAction":[{"@type":"SearchAction","target":{"@type":"EntryPoint","urlTemplate":"https:\/\/ppdegalicia.com\/es\/?s={search_term_string}"},"query-input":{"@type":"PropertyValueSpecification","valueRequired":true,"valueName":"search_term_string"}}],"inLanguage":"es"},{"@type":"Organization","@id":"https:\/\/ppdegalicia.com\/es\/#organization","name":"Partido Popular de Galicia","alternateName":"PP de Galicia","url":"https:\/\/ppdegalicia.com\/es\/","logo":{"@type":"ImageObject","inLanguage":"es","@id":"https:\/\/ppdegalicia.com\/es\/#\/schema\/logo\/image\/","url":"https:\/\/ppdegalicia.com\/wp-content\/uploads\/2023\/04\/logoPP512.png","contentUrl":"https:\/\/ppdegalicia.com\/wp-content\/uploads\/2023\/04\/logoPP512.png","width":512,"height":512,"caption":"Partido Popular de Galicia"},"image":{"@id":"https:\/\/ppdegalicia.com\/es\/#\/schema\/logo\/image\/"},"sameAs":["https:\/\/www.instagram.com\/ppdegalicia\/","https:\/\/x.com\/ppdegalicia","https:\/\/www.tiktok.com\/@ppdegalicia","https:\/\/www.youtube.com\/user\/ppdegalicia"]},{"@type":"Person","@id":"https:\/\/ppdegalicia.com\/es\/#\/schema\/person\/5b822c6f59e872ebdd1142f307dbcb59","name":"ppdegaliciaredes","image":{"@type":"ImageObject","inLanguage":"es","@id":"https:\/\/secure.gravatar.com\/avatar\/3c9179cf0256d00c72a48d1f25783c58b6842cd56e85ef3a572881c8e28ccd59?s=96&d=mm&r=g","url":"https:\/\/secure.gravatar.com\/avatar\/3c9179cf0256d00c72a48d1f25783c58b6842cd56e85ef3a572881c8e28ccd59?s=96&d=mm&r=g","contentUrl":"https:\/\/secure.gravatar.com\/avatar\/3c9179cf0256d00c72a48d1f25783c58b6842cd56e85ef3a572881c8e28ccd59?s=96&d=mm&r=g","caption":"ppdegaliciaredes"},"url":"https:\/\/ppdegalicia.com\/es\/author\/ppdegaliciaredes\/"}]}},"_links":{"self":[{"href":"https:\/\/ppdegalicia.com\/es\/wp-json\/wp\/v2\/posts\/58035","targetHints":{"allow":["GET"]}}],"collection":[{"href":"https:\/\/ppdegalicia.com\/es\/wp-json\/wp\/v2\/posts"}],"about":[{"href":"https:\/\/ppdegalicia.com\/es\/wp-json\/wp\/v2\/types\/post"}],"author":[{"embeddable":true,"href":"https:\/\/ppdegalicia.com\/es\/wp-json\/wp\/v2\/users\/38"}],"replies":[{"embeddable":true,"href":"https:\/\/ppdegalicia.com\/es\/wp-json\/wp\/v2\/comments?post=58035"}],"version-history":[{"count":0,"href":"https:\/\/ppdegalicia.com\/es\/wp-json\/wp\/v2\/posts\/58035\/revisions"}],"wp:featuredmedia":[{"embeddable":true,"href":"https:\/\/ppdegalicia.com\/es\/wp-json\/wp\/v2\/media\/58034"}],"wp:attachment":[{"href":"https:\/\/ppdegalicia.com\/es\/wp-json\/wp\/v2\/media?parent=58035"}],"wp:term":[{"taxonomy":"category","embeddable":true,"href":"https:\/\/ppdegalicia.com\/es\/wp-json\/wp\/v2\/categories?post=58035"},{"taxonomy":"post_tag","embeddable":true,"href":"https:\/\/ppdegalicia.com\/es\/wp-json\/wp\/v2\/tags?post=58035"}],"curies":[{"name":"wp","href":"https:\/\/api.w.org\/{rel}","templated":true}]}}