{"id":58037,"date":"2023-03-20T13:56:14","date_gmt":"2023-03-20T11:56:14","guid":{"rendered":"https:\/\/ppdegalicia.com\/pedro-puy-considera-un-despilfarro-e-moi-prexudicial-que-non-se-fagan-por-urxencia-e-simultaneamente-os-dous-viadutos-da-a-6-para-acelerar-a-reposicion-do-trafico-coa-meseta\/"},"modified":"2023-03-20T13:56:14","modified_gmt":"2023-03-20T11:56:14","slug":"pedro-puy-considera-un-despilfarro-e-moi-prexudicial-que-non-se-fagan-por-urxencia-e-simultaneamente-os-dous-viadutos-da-a-6-para-acelerar-a-reposicion-do-trafico-coa-meseta","status":"publish","type":"post","link":"https:\/\/ppdegalicia.com\/es\/pedro-puy-considera-un-despilfarro-e-moi-prexudicial-que-non-se-fagan-por-urxencia-e-simultaneamente-os-dous-viadutos-da-a-6-para-acelerar-a-reposicion-do-trafico-coa-meseta\/","title":{"rendered":"Pedro Puy considera \u201cun despilfarro e moi prexudicial\u201d que non se fagan por urxencia e simultaneamente os dous viadutos da A-6 para acelerar a reposici\u00f3n do tr\u00e1fico coa Meseta"},"content":{"rendered":"<p><img fetchpriority=\"high\" decoding=\"async\" class=\" size-full wp-image-58036\" src=\"https:\/\/ppdegalicia.com\/wp-content\/uploads\/2023\/03\/4961a3ccc9a7b4f635e66f96c1846642.jpg\" alt=\"\" width=\"1900\" height=\"1267\" srcset=\"https:\/\/ppdegalicia.com\/wp-content\/uploads\/2023\/03\/4961a3ccc9a7b4f635e66f96c1846642.jpg 1900w, https:\/\/ppdegalicia.com\/wp-content\/uploads\/2023\/03\/4961a3ccc9a7b4f635e66f96c1846642-300x200.jpg 300w, https:\/\/ppdegalicia.com\/wp-content\/uploads\/2023\/03\/4961a3ccc9a7b4f635e66f96c1846642-1024x683.jpg 1024w, https:\/\/ppdegalicia.com\/wp-content\/uploads\/2023\/03\/4961a3ccc9a7b4f635e66f96c1846642-768x512.jpg 768w, https:\/\/ppdegalicia.com\/wp-content\/uploads\/2023\/03\/4961a3ccc9a7b4f635e66f96c1846642-1536x1024.jpg 1536w\" sizes=\"(max-width: 1900px) 100vw, 1900px\" \/><\/p>\n<p>20 de marzo de 2023. O portavoz do Grupo Popular, Pedro Puy, considerou \u201cun despilfarro e moi prexudicial para a reposici\u00f3n dos tr\u00e1ficos por estrada coa Meseta que non se faga por urxencia e simultaneamente a reposici\u00f3n dos dous viadutos do Castro na A-6\u201d.<\/p>\n<p><!--more--><\/p>\n<p>Neste sentido, lamentou o accidente acontecido esta fin de semana no viario alternativo habilitado polo Goberno central, unha situaci\u00f3n \u201cprevisible polas poucas garant\u00edas de seguridade que ofrece este viario alternativo \u00e1 autov\u00eda\u201d.<\/p>\n<p>\u00a0<\/p>\n<p>Pedro Puy comezou a s\u00faa comparecencia lamentando a queima esta noite de 21 veh\u00edculos no casco hist\u00f3rico de Tui. \u201cFelizmente non houbo m\u00e1is que danos materiais, pero o risco de que houbera acontecido algo m\u00e1is grave foi moi grande\u201d, apuntou.<\/p>\n<p>\u00a0<\/p>\n<p>Respecto da sesi\u00f3n plenaria que se celebra esta semana, o portavoz popular lembrou que comparecer\u00e1, a petici\u00f3n propia, a conselleira do Mar para avaliar as decisi\u00f3ns da Comisi\u00f3n Europea para restrinxir determinadas artes de pesca, nomeadamente o arrastre. \u201cDesde Galicia debemos puxar, axudar e demandar ao Goberno de Espa\u00f1a que intensifique a busca de aliados europeos con intereses pesqueiros para frear estas decisi\u00f3ns arbitrarias e inxustificadas\u201d, manifestou. Ademais, dixo que estas pol\u00edticas pesqueiras \u201cnon concilian os intereses socioecon\u00f3micos coa realidade biol\u00f3xica, polo que creemos que se debe actuar para non po\u00f1er en perigo o traballo da xente do mar\u201d.<\/p>\n<p>\u00a0<\/p>\n<p>Por outra parte, o Grupo Popular centrar\u00e1 as s\u00faas iniciativas no Pleno en d\u00faas cuesti\u00f3ns relevantes: as comunicaci\u00f3ns coa Meseta por estrada e v\u00eda f\u00e9rrea; e a utilizaci\u00f3n dos fondos europeos para impulsar sectores estrat\u00e9xicos galegos, neste caso o t\u00e9xtil.<\/p>\n<p>\u00a0<\/p>\n<p>En concreto, Puy explicou que, a trav\u00e9s dunha proposici\u00f3n non de lei, \u201cimos demandar a reparaci\u00f3n, o m\u00e1is urxente posible, do viaduto do Castro na A-6\u201d. As\u00ed, e logo da publicaci\u00f3n de distintas opini\u00f3ns de expertos na materia, considerou \u201cun despilfarro e prexudicial\u201d para a r\u00e1pida reposici\u00f3n dos tr\u00e1ficos coa Meseta a decisi\u00f3n de repo\u00f1er os viadutos por separado, \u201ccando o Ministerio de Transportes realizou o pasado ano 68 obras polo procedemento de urxencia e neste caso est\u00e1 m\u00e1is que xustificada a urxencia\u201d.<\/p>\n<p>\u00a0<\/p>\n<p><strong>DOTACI\u00d3N DE TRENS AVRIL<\/strong><\/p>\n<p>\u00a0<\/p>\n<p>As\u00ed mesmo, e relacionado co transporte por ferrocarril, o Grupo Popular preguntar\u00e1 sobre a posta en marcha dos trens AVRIL, de xeito que o AVE que chega a Ourense se estenda a todas as cidades galegas que contan con infraestrutura para a alta velocidade. \u201cCremos que, con independencia de que poida haber alg\u00fan problema de homologaci\u00f3n que retrase a posta en marcha destes trens, falta informaci\u00f3n sobre o procedemento, canto tempo vai durar e cantos deses veh\u00edculos van estar a disposici\u00f3n dos tr\u00e1ficos entre Galicia e Madrid\u201d, indicou.<\/p>\n<p>\u00a0<\/p>\n<p>Un segundo aspecto no que incidir\u00e1 o Grupo Popular neste Pleno est\u00e1 relacionado cos plans econ\u00f3micos a desenvolver con cargo aos PERTE. As\u00ed, p\u00eddese a posta en marcha dun PERTE para o sector t\u00e9xtil, unha iniciativa \u201csobradamente traballada e explicada e que, polas s\u00faas caracter\u00edsticas, encaixa no financiamento comunitario\u201d. \u201cSer\u00eda lamentable que non fora unha realidade este proxecto por deficiencias na tramitaci\u00f3n por parte do Goberno de Espa\u00f1a ou por falta de vontade pol\u00edtica\u201d, apuntou.<\/p>\n<p>Neste sentido, Pedro Puy engadiu que o Grupo Popular preguntar\u00e1 ao Goberno galego pola informaci\u00f3n de que disp\u00f3n sobre o proxecto da f\u00e1brica de fibras t\u00e9xtiles de Altri en Palas de Rei. \u201cUn proxecto relevante e cun socio investidor que, lonxe de poder beneficiarse dun PERTE espec\u00edfico para este sector, o \u00fanico que fixo o Goberno central foi ofrecer participar no PERTE de econom\u00eda circular, cunha reserva de 100 mill\u00f3ns de euros, unha cifra moi escasa tendo en conta que estamos a falar de orzamentos que roldar\u00e1n os 12 mill\u00f3ns de euros\u201d, explicou.<\/p>\n<p>Por outra parte, e cuestionado sobre os proxectos de e\u00f3lica mari\u00f1a, Pedro Puy manifestou que \u201cGalicia ten unha gran oportunidade\u201d neste \u00e1mbito, tanto para a xeraci\u00f3n de enerx\u00eda como de emprego vencellando \u00e1 construci\u00f3n e ao mantemento destas infraestruturas. Por\u00e9n, lamentou que o Goberno de Pedro S\u00e1nchez \u201cten decretado, sen consultar \u00e1 Comunidade galega nin ao sector afectado, a localizaci\u00f3n dos pol\u00edgonos de e\u00f3lica mari\u00f1a, ofrecendo compensaci\u00f3ns econ\u00f3micas sen saber a cambio de que\u201d.<\/p>\n<p>\u201cTodo isto nos leva a pensar que hai un exceso de soberbia por parte do Goberno central, que pode xerar unha reacci\u00f3n contraria ao obxectivo de posta en marcha de enerx\u00edas limpas que sexan compatibles cos usos tradicionais dos recursos mari\u00f1os\u201d, indicou o portavoz popular, quen lamentou que \u201co PSdeG o \u00fanico que fai \u00e9 defender ao Goberno de Espa\u00f1a. <\/p>\n","protected":false},"excerpt":{"rendered":"<p>20 de marzo de 2023. O portavoz do Grupo Popular, Pedro Puy, considerou \u201cun despilfarro e moi prexudicial para a reposici\u00f3n dos tr\u00e1ficos por estrada coa Meseta que non se faga por urxencia e simultaneamente a reposici\u00f3n dos dous viadutos do Castro na A-6\u201d.<\/p>\n","protected":false},"author":38,"featured_media":58036,"comment_status":"open","ping_status":"open","sticky":false,"template":"","format":"standard","meta":{"_acf_changed":false,"footnotes":""},"categories":[1],"tags":[],"class_list":["post-58037","post","type-post","status-publish","format-standard","has-post-thumbnail","hentry","category-pp-de-galicia"],"acf":[],"yoast_head":"<!-- This site is optimized with the Yoast SEO plugin v27.3 - https:\/\/yoast.com\/product\/yoast-seo-wordpress\/ -->\n<title>Pedro Puy considera \u201cun despilfarro e moi prexudicial\u201d que non se fagan por urxencia e simultaneamente os dous viadutos da A-6 para acelerar a reposici\u00f3n do tr\u00e1fico coa Meseta - PP de Galicia<\/title>\n<meta name=\"robots\" content=\"index, follow, max-snippet:-1, max-image-preview:large, max-video-preview:-1\" \/>\n<link rel=\"canonical\" href=\"https:\/\/ppdegalicia.com\/es\/pedro-puy-considera-un-despilfarro-e-moi-prexudicial-que-non-se-fagan-por-urxencia-e-simultaneamente-os-dous-viadutos-da-a-6-para-acelerar-a-reposicion-do-trafico-coa-meseta\/\" \/>\n<meta property=\"og:locale\" content=\"es_ES\" \/>\n<meta property=\"og:type\" content=\"article\" \/>\n<meta property=\"og:title\" content=\"Pedro Puy considera \u201cun despilfarro e moi prexudicial\u201d que non se fagan por urxencia e simultaneamente os dous viadutos da A-6 para acelerar a reposici\u00f3n do tr\u00e1fico coa Meseta - PP de Galicia\" \/>\n<meta property=\"og:description\" content=\"20 de marzo de 2023. O portavoz do Grupo Popular, Pedro Puy, considerou \u201cun despilfarro e moi prexudicial para a reposici\u00f3n dos tr\u00e1ficos por estrada coa Meseta que non se faga por urxencia e simultaneamente a reposici\u00f3n dos dous viadutos do Castro na A-6\u201d.\" \/>\n<meta property=\"og:url\" content=\"https:\/\/ppdegalicia.com\/es\/pedro-puy-considera-un-despilfarro-e-moi-prexudicial-que-non-se-fagan-por-urxencia-e-simultaneamente-os-dous-viadutos-da-a-6-para-acelerar-a-reposicion-do-trafico-coa-meseta\/\" \/>\n<meta property=\"og:site_name\" content=\"PP de Galicia\" \/>\n<meta property=\"article:publisher\" content=\"https:\/\/www.instagram.com\/ppdegalicia\/\" \/>\n<meta property=\"article:published_time\" content=\"2023-03-20T11:56:14+00:00\" \/>\n<meta property=\"og:image\" content=\"https:\/\/ppdegalicia.com\/wp-content\/uploads\/2023\/03\/4961a3ccc9a7b4f635e66f96c1846642.jpg\" \/>\n\t<meta property=\"og:image:width\" content=\"1900\" \/>\n\t<meta property=\"og:image:height\" content=\"1267\" \/>\n\t<meta property=\"og:image:type\" content=\"image\/jpeg\" \/>\n<meta name=\"author\" content=\"ppdegaliciaredes\" \/>\n<meta name=\"twitter:card\" content=\"summary_large_image\" \/>\n<meta name=\"twitter:creator\" content=\"@ppdegalicia\" \/>\n<meta name=\"twitter:site\" content=\"@ppdegalicia\" \/>\n<meta name=\"twitter:label1\" content=\"Escrito por\" \/>\n\t<meta name=\"twitter:data1\" content=\"ppdegaliciaredes\" \/>\n\t<meta name=\"twitter:label2\" content=\"Tiempo de lectura\" \/>\n\t<meta name=\"twitter:data2\" content=\"4 minutos\" \/>\n<script type=\"application\/ld+json\" class=\"yoast-schema-graph\">{\"@context\":\"https:\\\/\\\/schema.org\",\"@graph\":[{\"@type\":\"Article\",\"@id\":\"https:\\\/\\\/ppdegalicia.com\\\/es\\\/pedro-puy-considera-un-despilfarro-e-moi-prexudicial-que-non-se-fagan-por-urxencia-e-simultaneamente-os-dous-viadutos-da-a-6-para-acelerar-a-reposicion-do-trafico-coa-meseta\\\/#article\",\"isPartOf\":{\"@id\":\"https:\\\/\\\/ppdegalicia.com\\\/es\\\/pedro-puy-considera-un-despilfarro-e-moi-prexudicial-que-non-se-fagan-por-urxencia-e-simultaneamente-os-dous-viadutos-da-a-6-para-acelerar-a-reposicion-do-trafico-coa-meseta\\\/\"},\"author\":{\"name\":\"ppdegaliciaredes\",\"@id\":\"https:\\\/\\\/ppdegalicia.com\\\/es\\\/#\\\/schema\\\/person\\\/5b822c6f59e872ebdd1142f307dbcb59\"},\"headline\":\"Pedro Puy considera \u201cun despilfarro e moi prexudicial\u201d que non se fagan por urxencia e simultaneamente os dous viadutos da A-6 para acelerar a reposici\u00f3n do tr\u00e1fico coa Meseta\",\"datePublished\":\"2023-03-20T11:56:14+00:00\",\"mainEntityOfPage\":{\"@id\":\"https:\\\/\\\/ppdegalicia.com\\\/es\\\/pedro-puy-considera-un-despilfarro-e-moi-prexudicial-que-non-se-fagan-por-urxencia-e-simultaneamente-os-dous-viadutos-da-a-6-para-acelerar-a-reposicion-do-trafico-coa-meseta\\\/\"},\"wordCount\":837,\"commentCount\":0,\"publisher\":{\"@id\":\"https:\\\/\\\/ppdegalicia.com\\\/es\\\/#organization\"},\"image\":{\"@id\":\"https:\\\/\\\/ppdegalicia.com\\\/es\\\/pedro-puy-considera-un-despilfarro-e-moi-prexudicial-que-non-se-fagan-por-urxencia-e-simultaneamente-os-dous-viadutos-da-a-6-para-acelerar-a-reposicion-do-trafico-coa-meseta\\\/#primaryimage\"},\"thumbnailUrl\":\"https:\\\/\\\/ppdegalicia.com\\\/wp-content\\\/uploads\\\/2023\\\/03\\\/4961a3ccc9a7b4f635e66f96c1846642.jpg\",\"articleSection\":[\"PP de Galicia\"],\"inLanguage\":\"es\",\"potentialAction\":[{\"@type\":\"CommentAction\",\"name\":\"Comment\",\"target\":[\"https:\\\/\\\/ppdegalicia.com\\\/es\\\/pedro-puy-considera-un-despilfarro-e-moi-prexudicial-que-non-se-fagan-por-urxencia-e-simultaneamente-os-dous-viadutos-da-a-6-para-acelerar-a-reposicion-do-trafico-coa-meseta\\\/#respond\"]}]},{\"@type\":\"WebPage\",\"@id\":\"https:\\\/\\\/ppdegalicia.com\\\/es\\\/pedro-puy-considera-un-despilfarro-e-moi-prexudicial-que-non-se-fagan-por-urxencia-e-simultaneamente-os-dous-viadutos-da-a-6-para-acelerar-a-reposicion-do-trafico-coa-meseta\\\/\",\"url\":\"https:\\\/\\\/ppdegalicia.com\\\/es\\\/pedro-puy-considera-un-despilfarro-e-moi-prexudicial-que-non-se-fagan-por-urxencia-e-simultaneamente-os-dous-viadutos-da-a-6-para-acelerar-a-reposicion-do-trafico-coa-meseta\\\/\",\"name\":\"Pedro Puy considera \u201cun despilfarro e moi prexudicial\u201d que non se fagan por urxencia e simultaneamente os dous viadutos da A-6 para acelerar a reposici\u00f3n do tr\u00e1fico coa Meseta - PP de Galicia\",\"isPartOf\":{\"@id\":\"https:\\\/\\\/ppdegalicia.com\\\/es\\\/#website\"},\"primaryImageOfPage\":{\"@id\":\"https:\\\/\\\/ppdegalicia.com\\\/es\\\/pedro-puy-considera-un-despilfarro-e-moi-prexudicial-que-non-se-fagan-por-urxencia-e-simultaneamente-os-dous-viadutos-da-a-6-para-acelerar-a-reposicion-do-trafico-coa-meseta\\\/#primaryimage\"},\"image\":{\"@id\":\"https:\\\/\\\/ppdegalicia.com\\\/es\\\/pedro-puy-considera-un-despilfarro-e-moi-prexudicial-que-non-se-fagan-por-urxencia-e-simultaneamente-os-dous-viadutos-da-a-6-para-acelerar-a-reposicion-do-trafico-coa-meseta\\\/#primaryimage\"},\"thumbnailUrl\":\"https:\\\/\\\/ppdegalicia.com\\\/wp-content\\\/uploads\\\/2023\\\/03\\\/4961a3ccc9a7b4f635e66f96c1846642.jpg\",\"datePublished\":\"2023-03-20T11:56:14+00:00\",\"breadcrumb\":{\"@id\":\"https:\\\/\\\/ppdegalicia.com\\\/es\\\/pedro-puy-considera-un-despilfarro-e-moi-prexudicial-que-non-se-fagan-por-urxencia-e-simultaneamente-os-dous-viadutos-da-a-6-para-acelerar-a-reposicion-do-trafico-coa-meseta\\\/#breadcrumb\"},\"inLanguage\":\"es\",\"potentialAction\":[{\"@type\":\"ReadAction\",\"target\":[\"https:\\\/\\\/ppdegalicia.com\\\/es\\\/pedro-puy-considera-un-despilfarro-e-moi-prexudicial-que-non-se-fagan-por-urxencia-e-simultaneamente-os-dous-viadutos-da-a-6-para-acelerar-a-reposicion-do-trafico-coa-meseta\\\/\"]}]},{\"@type\":\"ImageObject\",\"inLanguage\":\"es\",\"@id\":\"https:\\\/\\\/ppdegalicia.com\\\/es\\\/pedro-puy-considera-un-despilfarro-e-moi-prexudicial-que-non-se-fagan-por-urxencia-e-simultaneamente-os-dous-viadutos-da-a-6-para-acelerar-a-reposicion-do-trafico-coa-meseta\\\/#primaryimage\",\"url\":\"https:\\\/\\\/ppdegalicia.com\\\/wp-content\\\/uploads\\\/2023\\\/03\\\/4961a3ccc9a7b4f635e66f96c1846642.jpg\",\"contentUrl\":\"https:\\\/\\\/ppdegalicia.com\\\/wp-content\\\/uploads\\\/2023\\\/03\\\/4961a3ccc9a7b4f635e66f96c1846642.jpg\",\"width\":1900,\"height\":1267},{\"@type\":\"BreadcrumbList\",\"@id\":\"https:\\\/\\\/ppdegalicia.com\\\/es\\\/pedro-puy-considera-un-despilfarro-e-moi-prexudicial-que-non-se-fagan-por-urxencia-e-simultaneamente-os-dous-viadutos-da-a-6-para-acelerar-a-reposicion-do-trafico-coa-meseta\\\/#breadcrumb\",\"itemListElement\":[{\"@type\":\"ListItem\",\"position\":1,\"name\":\"Portada\",\"item\":\"https:\\\/\\\/ppdegalicia.com\\\/es\\\/\"},{\"@type\":\"ListItem\",\"position\":2,\"name\":\"Pedro Puy considera \u201cun despilfarro e moi prexudicial\u201d que non se fagan por urxencia e simultaneamente os dous viadutos da A-6 para acelerar a reposici\u00f3n do tr\u00e1fico coa Meseta\"}]},{\"@type\":\"WebSite\",\"@id\":\"https:\\\/\\\/ppdegalicia.com\\\/es\\\/#website\",\"url\":\"https:\\\/\\\/ppdegalicia.com\\\/es\\\/\",\"name\":\"Partido Popular de Galicia\",\"description\":\"Partido Popular de Galicia\",\"publisher\":{\"@id\":\"https:\\\/\\\/ppdegalicia.com\\\/es\\\/#organization\"},\"alternateName\":\"PP de Galicia\",\"potentialAction\":[{\"@type\":\"SearchAction\",\"target\":{\"@type\":\"EntryPoint\",\"urlTemplate\":\"https:\\\/\\\/ppdegalicia.com\\\/es\\\/?s={search_term_string}\"},\"query-input\":{\"@type\":\"PropertyValueSpecification\",\"valueRequired\":true,\"valueName\":\"search_term_string\"}}],\"inLanguage\":\"es\"},{\"@type\":\"Organization\",\"@id\":\"https:\\\/\\\/ppdegalicia.com\\\/es\\\/#organization\",\"name\":\"Partido Popular de Galicia\",\"alternateName\":\"PP de Galicia\",\"url\":\"https:\\\/\\\/ppdegalicia.com\\\/es\\\/\",\"logo\":{\"@type\":\"ImageObject\",\"inLanguage\":\"es\",\"@id\":\"https:\\\/\\\/ppdegalicia.com\\\/es\\\/#\\\/schema\\\/logo\\\/image\\\/\",\"url\":\"https:\\\/\\\/ppdegalicia.com\\\/wp-content\\\/uploads\\\/2023\\\/04\\\/logoPP512.png\",\"contentUrl\":\"https:\\\/\\\/ppdegalicia.com\\\/wp-content\\\/uploads\\\/2023\\\/04\\\/logoPP512.png\",\"width\":512,\"height\":512,\"caption\":\"Partido Popular de Galicia\"},\"image\":{\"@id\":\"https:\\\/\\\/ppdegalicia.com\\\/es\\\/#\\\/schema\\\/logo\\\/image\\\/\"},\"sameAs\":[\"https:\\\/\\\/www.instagram.com\\\/ppdegalicia\\\/\",\"https:\\\/\\\/x.com\\\/ppdegalicia\",\"https:\\\/\\\/www.tiktok.com\\\/@ppdegalicia\",\"https:\\\/\\\/www.youtube.com\\\/user\\\/ppdegalicia\"]},{\"@type\":\"Person\",\"@id\":\"https:\\\/\\\/ppdegalicia.com\\\/es\\\/#\\\/schema\\\/person\\\/5b822c6f59e872ebdd1142f307dbcb59\",\"name\":\"ppdegaliciaredes\",\"image\":{\"@type\":\"ImageObject\",\"inLanguage\":\"es\",\"@id\":\"https:\\\/\\\/secure.gravatar.com\\\/avatar\\\/3c9179cf0256d00c72a48d1f25783c58b6842cd56e85ef3a572881c8e28ccd59?s=96&d=mm&r=g\",\"url\":\"https:\\\/\\\/secure.gravatar.com\\\/avatar\\\/3c9179cf0256d00c72a48d1f25783c58b6842cd56e85ef3a572881c8e28ccd59?s=96&d=mm&r=g\",\"contentUrl\":\"https:\\\/\\\/secure.gravatar.com\\\/avatar\\\/3c9179cf0256d00c72a48d1f25783c58b6842cd56e85ef3a572881c8e28ccd59?s=96&d=mm&r=g\",\"caption\":\"ppdegaliciaredes\"},\"url\":\"https:\\\/\\\/ppdegalicia.com\\\/es\\\/author\\\/ppdegaliciaredes\\\/\"}]}<\/script>\n<!-- \/ Yoast SEO plugin. -->","yoast_head_json":{"title":"Pedro Puy considera \u201cun despilfarro e moi prexudicial\u201d que non se fagan por urxencia e simultaneamente os dous viadutos da A-6 para acelerar a reposici\u00f3n do tr\u00e1fico coa Meseta - PP de Galicia","robots":{"index":"index","follow":"follow","max-snippet":"max-snippet:-1","max-image-preview":"max-image-preview:large","max-video-preview":"max-video-preview:-1"},"canonical":"https:\/\/ppdegalicia.com\/es\/pedro-puy-considera-un-despilfarro-e-moi-prexudicial-que-non-se-fagan-por-urxencia-e-simultaneamente-os-dous-viadutos-da-a-6-para-acelerar-a-reposicion-do-trafico-coa-meseta\/","og_locale":"es_ES","og_type":"article","og_title":"Pedro Puy considera \u201cun despilfarro e moi prexudicial\u201d que non se fagan por urxencia e simultaneamente os dous viadutos da A-6 para acelerar a reposici\u00f3n do tr\u00e1fico coa Meseta - PP de Galicia","og_description":"20 de marzo de 2023. O portavoz do Grupo Popular, Pedro Puy, considerou \u201cun despilfarro e moi prexudicial para a reposici\u00f3n dos tr\u00e1ficos por estrada coa Meseta que non se faga por urxencia e simultaneamente a reposici\u00f3n dos dous viadutos do Castro na A-6\u201d.","og_url":"https:\/\/ppdegalicia.com\/es\/pedro-puy-considera-un-despilfarro-e-moi-prexudicial-que-non-se-fagan-por-urxencia-e-simultaneamente-os-dous-viadutos-da-a-6-para-acelerar-a-reposicion-do-trafico-coa-meseta\/","og_site_name":"PP de Galicia","article_publisher":"https:\/\/www.instagram.com\/ppdegalicia\/","article_published_time":"2023-03-20T11:56:14+00:00","og_image":[{"width":1900,"height":1267,"url":"https:\/\/ppdegalicia.com\/wp-content\/uploads\/2023\/03\/4961a3ccc9a7b4f635e66f96c1846642.jpg","type":"image\/jpeg"}],"author":"ppdegaliciaredes","twitter_card":"summary_large_image","twitter_creator":"@ppdegalicia","twitter_site":"@ppdegalicia","twitter_misc":{"Escrito por":"ppdegaliciaredes","Tiempo de lectura":"4 minutos"},"schema":{"@context":"https:\/\/schema.org","@graph":[{"@type":"Article","@id":"https:\/\/ppdegalicia.com\/es\/pedro-puy-considera-un-despilfarro-e-moi-prexudicial-que-non-se-fagan-por-urxencia-e-simultaneamente-os-dous-viadutos-da-a-6-para-acelerar-a-reposicion-do-trafico-coa-meseta\/#article","isPartOf":{"@id":"https:\/\/ppdegalicia.com\/es\/pedro-puy-considera-un-despilfarro-e-moi-prexudicial-que-non-se-fagan-por-urxencia-e-simultaneamente-os-dous-viadutos-da-a-6-para-acelerar-a-reposicion-do-trafico-coa-meseta\/"},"author":{"name":"ppdegaliciaredes","@id":"https:\/\/ppdegalicia.com\/es\/#\/schema\/person\/5b822c6f59e872ebdd1142f307dbcb59"},"headline":"Pedro Puy considera \u201cun despilfarro e moi prexudicial\u201d que non se fagan por urxencia e simultaneamente os dous viadutos da A-6 para acelerar a reposici\u00f3n do tr\u00e1fico coa Meseta","datePublished":"2023-03-20T11:56:14+00:00","mainEntityOfPage":{"@id":"https:\/\/ppdegalicia.com\/es\/pedro-puy-considera-un-despilfarro-e-moi-prexudicial-que-non-se-fagan-por-urxencia-e-simultaneamente-os-dous-viadutos-da-a-6-para-acelerar-a-reposicion-do-trafico-coa-meseta\/"},"wordCount":837,"commentCount":0,"publisher":{"@id":"https:\/\/ppdegalicia.com\/es\/#organization"},"image":{"@id":"https:\/\/ppdegalicia.com\/es\/pedro-puy-considera-un-despilfarro-e-moi-prexudicial-que-non-se-fagan-por-urxencia-e-simultaneamente-os-dous-viadutos-da-a-6-para-acelerar-a-reposicion-do-trafico-coa-meseta\/#primaryimage"},"thumbnailUrl":"https:\/\/ppdegalicia.com\/wp-content\/uploads\/2023\/03\/4961a3ccc9a7b4f635e66f96c1846642.jpg","articleSection":["PP de Galicia"],"inLanguage":"es","potentialAction":[{"@type":"CommentAction","name":"Comment","target":["https:\/\/ppdegalicia.com\/es\/pedro-puy-considera-un-despilfarro-e-moi-prexudicial-que-non-se-fagan-por-urxencia-e-simultaneamente-os-dous-viadutos-da-a-6-para-acelerar-a-reposicion-do-trafico-coa-meseta\/#respond"]}]},{"@type":"WebPage","@id":"https:\/\/ppdegalicia.com\/es\/pedro-puy-considera-un-despilfarro-e-moi-prexudicial-que-non-se-fagan-por-urxencia-e-simultaneamente-os-dous-viadutos-da-a-6-para-acelerar-a-reposicion-do-trafico-coa-meseta\/","url":"https:\/\/ppdegalicia.com\/es\/pedro-puy-considera-un-despilfarro-e-moi-prexudicial-que-non-se-fagan-por-urxencia-e-simultaneamente-os-dous-viadutos-da-a-6-para-acelerar-a-reposicion-do-trafico-coa-meseta\/","name":"Pedro Puy considera \u201cun despilfarro e moi prexudicial\u201d que non se fagan por urxencia e simultaneamente os dous viadutos da A-6 para acelerar a reposici\u00f3n do tr\u00e1fico coa Meseta - PP de Galicia","isPartOf":{"@id":"https:\/\/ppdegalicia.com\/es\/#website"},"primaryImageOfPage":{"@id":"https:\/\/ppdegalicia.com\/es\/pedro-puy-considera-un-despilfarro-e-moi-prexudicial-que-non-se-fagan-por-urxencia-e-simultaneamente-os-dous-viadutos-da-a-6-para-acelerar-a-reposicion-do-trafico-coa-meseta\/#primaryimage"},"image":{"@id":"https:\/\/ppdegalicia.com\/es\/pedro-puy-considera-un-despilfarro-e-moi-prexudicial-que-non-se-fagan-por-urxencia-e-simultaneamente-os-dous-viadutos-da-a-6-para-acelerar-a-reposicion-do-trafico-coa-meseta\/#primaryimage"},"thumbnailUrl":"https:\/\/ppdegalicia.com\/wp-content\/uploads\/2023\/03\/4961a3ccc9a7b4f635e66f96c1846642.jpg","datePublished":"2023-03-20T11:56:14+00:00","breadcrumb":{"@id":"https:\/\/ppdegalicia.com\/es\/pedro-puy-considera-un-despilfarro-e-moi-prexudicial-que-non-se-fagan-por-urxencia-e-simultaneamente-os-dous-viadutos-da-a-6-para-acelerar-a-reposicion-do-trafico-coa-meseta\/#breadcrumb"},"inLanguage":"es","potentialAction":[{"@type":"ReadAction","target":["https:\/\/ppdegalicia.com\/es\/pedro-puy-considera-un-despilfarro-e-moi-prexudicial-que-non-se-fagan-por-urxencia-e-simultaneamente-os-dous-viadutos-da-a-6-para-acelerar-a-reposicion-do-trafico-coa-meseta\/"]}]},{"@type":"ImageObject","inLanguage":"es","@id":"https:\/\/ppdegalicia.com\/es\/pedro-puy-considera-un-despilfarro-e-moi-prexudicial-que-non-se-fagan-por-urxencia-e-simultaneamente-os-dous-viadutos-da-a-6-para-acelerar-a-reposicion-do-trafico-coa-meseta\/#primaryimage","url":"https:\/\/ppdegalicia.com\/wp-content\/uploads\/2023\/03\/4961a3ccc9a7b4f635e66f96c1846642.jpg","contentUrl":"https:\/\/ppdegalicia.com\/wp-content\/uploads\/2023\/03\/4961a3ccc9a7b4f635e66f96c1846642.jpg","width":1900,"height":1267},{"@type":"BreadcrumbList","@id":"https:\/\/ppdegalicia.com\/es\/pedro-puy-considera-un-despilfarro-e-moi-prexudicial-que-non-se-fagan-por-urxencia-e-simultaneamente-os-dous-viadutos-da-a-6-para-acelerar-a-reposicion-do-trafico-coa-meseta\/#breadcrumb","itemListElement":[{"@type":"ListItem","position":1,"name":"Portada","item":"https:\/\/ppdegalicia.com\/es\/"},{"@type":"ListItem","position":2,"name":"Pedro Puy considera \u201cun despilfarro e moi prexudicial\u201d que non se fagan por urxencia e simultaneamente os dous viadutos da A-6 para acelerar a reposici\u00f3n do tr\u00e1fico coa Meseta"}]},{"@type":"WebSite","@id":"https:\/\/ppdegalicia.com\/es\/#website","url":"https:\/\/ppdegalicia.com\/es\/","name":"Partido Popular de Galicia","description":"Partido Popular de Galicia","publisher":{"@id":"https:\/\/ppdegalicia.com\/es\/#organization"},"alternateName":"PP de Galicia","potentialAction":[{"@type":"SearchAction","target":{"@type":"EntryPoint","urlTemplate":"https:\/\/ppdegalicia.com\/es\/?s={search_term_string}"},"query-input":{"@type":"PropertyValueSpecification","valueRequired":true,"valueName":"search_term_string"}}],"inLanguage":"es"},{"@type":"Organization","@id":"https:\/\/ppdegalicia.com\/es\/#organization","name":"Partido Popular de Galicia","alternateName":"PP de Galicia","url":"https:\/\/ppdegalicia.com\/es\/","logo":{"@type":"ImageObject","inLanguage":"es","@id":"https:\/\/ppdegalicia.com\/es\/#\/schema\/logo\/image\/","url":"https:\/\/ppdegalicia.com\/wp-content\/uploads\/2023\/04\/logoPP512.png","contentUrl":"https:\/\/ppdegalicia.com\/wp-content\/uploads\/2023\/04\/logoPP512.png","width":512,"height":512,"caption":"Partido Popular de Galicia"},"image":{"@id":"https:\/\/ppdegalicia.com\/es\/#\/schema\/logo\/image\/"},"sameAs":["https:\/\/www.instagram.com\/ppdegalicia\/","https:\/\/x.com\/ppdegalicia","https:\/\/www.tiktok.com\/@ppdegalicia","https:\/\/www.youtube.com\/user\/ppdegalicia"]},{"@type":"Person","@id":"https:\/\/ppdegalicia.com\/es\/#\/schema\/person\/5b822c6f59e872ebdd1142f307dbcb59","name":"ppdegaliciaredes","image":{"@type":"ImageObject","inLanguage":"es","@id":"https:\/\/secure.gravatar.com\/avatar\/3c9179cf0256d00c72a48d1f25783c58b6842cd56e85ef3a572881c8e28ccd59?s=96&d=mm&r=g","url":"https:\/\/secure.gravatar.com\/avatar\/3c9179cf0256d00c72a48d1f25783c58b6842cd56e85ef3a572881c8e28ccd59?s=96&d=mm&r=g","contentUrl":"https:\/\/secure.gravatar.com\/avatar\/3c9179cf0256d00c72a48d1f25783c58b6842cd56e85ef3a572881c8e28ccd59?s=96&d=mm&r=g","caption":"ppdegaliciaredes"},"url":"https:\/\/ppdegalicia.com\/es\/author\/ppdegaliciaredes\/"}]}},"_links":{"self":[{"href":"https:\/\/ppdegalicia.com\/es\/wp-json\/wp\/v2\/posts\/58037","targetHints":{"allow":["GET"]}}],"collection":[{"href":"https:\/\/ppdegalicia.com\/es\/wp-json\/wp\/v2\/posts"}],"about":[{"href":"https:\/\/ppdegalicia.com\/es\/wp-json\/wp\/v2\/types\/post"}],"author":[{"embeddable":true,"href":"https:\/\/ppdegalicia.com\/es\/wp-json\/wp\/v2\/users\/38"}],"replies":[{"embeddable":true,"href":"https:\/\/ppdegalicia.com\/es\/wp-json\/wp\/v2\/comments?post=58037"}],"version-history":[{"count":0,"href":"https:\/\/ppdegalicia.com\/es\/wp-json\/wp\/v2\/posts\/58037\/revisions"}],"wp:featuredmedia":[{"embeddable":true,"href":"https:\/\/ppdegalicia.com\/es\/wp-json\/wp\/v2\/media\/58036"}],"wp:attachment":[{"href":"https:\/\/ppdegalicia.com\/es\/wp-json\/wp\/v2\/media?parent=58037"}],"wp:term":[{"taxonomy":"category","embeddable":true,"href":"https:\/\/ppdegalicia.com\/es\/wp-json\/wp\/v2\/categories?post=58037"},{"taxonomy":"post_tag","embeddable":true,"href":"https:\/\/ppdegalicia.com\/es\/wp-json\/wp\/v2\/tags?post=58037"}],"curies":[{"name":"wp","href":"https:\/\/api.w.org\/{rel}","templated":true}]}}