{"id":58041,"date":"2023-03-24T09:42:18","date_gmt":"2023-03-24T07:42:18","guid":{"rendered":"https:\/\/ppdegalicia.com\/o-parlamento-galego-demanda-ao-goberno-central-unha-alternativa-ao-perte-do-textil-que-aparcou-sen-explicacions-e-pese-ao-apoio-de-todo-o-sector\/"},"modified":"2023-03-24T09:42:18","modified_gmt":"2023-03-24T07:42:18","slug":"o-parlamento-galego-demanda-ao-goberno-central-unha-alternativa-ao-perte-do-textil-que-aparcou-sen-explicacions-e-pese-ao-apoio-de-todo-o-sector","status":"publish","type":"post","link":"https:\/\/ppdegalicia.com\/es\/o-parlamento-galego-demanda-ao-goberno-central-unha-alternativa-ao-perte-do-textil-que-aparcou-sen-explicacions-e-pese-ao-apoio-de-todo-o-sector\/","title":{"rendered":"O Parlamento galego demanda ao Goberno central unha alternativa ao PERTE do t\u00e9xtil que aparcou sen explicaci\u00f3ns e pese ao apoio de todo o sector"},"content":{"rendered":"<p><img fetchpriority=\"high\" decoding=\"async\" class=\" size-full wp-image-58040\" src=\"https:\/\/ppdegalicia.com\/wp-content\/uploads\/2023\/03\/98c065ea552cc030729f7e825f2d5884.jpg\" alt=\"\" width=\"1900\" height=\"1267\" srcset=\"https:\/\/ppdegalicia.com\/wp-content\/uploads\/2023\/03\/98c065ea552cc030729f7e825f2d5884.jpg 1900w, https:\/\/ppdegalicia.com\/wp-content\/uploads\/2023\/03\/98c065ea552cc030729f7e825f2d5884-300x200.jpg 300w, https:\/\/ppdegalicia.com\/wp-content\/uploads\/2023\/03\/98c065ea552cc030729f7e825f2d5884-1024x683.jpg 1024w, https:\/\/ppdegalicia.com\/wp-content\/uploads\/2023\/03\/98c065ea552cc030729f7e825f2d5884-768x512.jpg 768w, https:\/\/ppdegalicia.com\/wp-content\/uploads\/2023\/03\/98c065ea552cc030729f7e825f2d5884-1536x1024.jpg 1536w\" sizes=\"(max-width: 1900px) 100vw, 1900px\" \/><\/p>\n<p>21 de marzo de 2023. O Parlamento de Galicia aprobou hoxe a proposici\u00f3n non de lei do Grupo Popular a trav\u00e9s da que se demanda ao Goberno central unha alternativa ao PERTE do t\u00e9xtil que aparcou sen explicaci\u00f3ns e pese \u00e1 vontade de todo o sector, capaz de garantir investimentos estrat\u00e9xicos tanto para a industria de Galicia como para o conxunto da econom\u00eda galega.<\/p>\n<p><!--more--><\/p>\n<p>As\u00ed mesmo, p\u00eddese que cumpra o seu compromiso de garantir o financiamento necesario con fondos europeos Next Generation para implantar a f\u00e1brica de fibras t\u00e9xtiles de Altri no concello lucense de Palas de Rei.<\/p>\n<p>\u00a0<\/p>\n<p>A portavoz popular de Industria, Cristina Sanz, destacou \u201ca indubidable importancia do sector t\u00e9xtil en Galicia, que lidera a xeraci\u00f3n de riqueza, aportando o 22,85 por cento do valor engadido bruto; emprega a m\u00e1is de 42.000 persoas, onde m\u00e1is de 76 por cento \u00e9 emprego feminino; e conta con 928 empresas\u201d.<\/p>\n<p>\u00a0<\/p>\n<p><strong>CAMBIO NO XEITO DE TRABALLAR<\/strong><\/p>\n<p>\u00a0<\/p>\n<p>\u201cAs empresas do t\u00e9xtil est\u00e1n firmemente comprometidas coa necesidade de cambio no xeito de traballar e son conscientes de que os consumidores demandan produtos cada vez m\u00e1is sostibles\u201d, manifestou. Diante deste escenario, Cristina Sanz indicou que os fondos Next Generation \u201cconfig\u00faranse como unha fiestra de oportunidade hist\u00f3rica para afrontar a transformaci\u00f3n e o futuro do t\u00e9xtil, nun escenario marcado pola sa\u00edda da pandemia, a invasi\u00f3n rusa de Ucra\u00edna, o encarecemento dos custos de produci\u00f3n e polas perspectivas de desaceleraci\u00f3n\u201d.<\/p>\n<p>\u00a0<\/p>\n<p>Na s\u00faa intervenci\u00f3n, a portavoz popular lembrou que \u201chai pouco m\u00e1is de un ano todo o sector un\u00eda as s\u00faas forzas para presentar un proxecto coa intenci\u00f3n de que se aprobara un PERTE espec\u00edfico para o t\u00e9xtil, que servise para impulsar a s\u00faa reindustrializaci\u00f3n e traer produci\u00f3n de volta a Espa\u00f1a\u201d. En concreto, este PERTE ti\u00f1a por obxectivo lograr investimentos por un valor de entre 11.000 e 12.000 mill\u00f3ns de euros mediante a colaboraci\u00f3n p\u00fablico-privada.<\/p>\n<p>\u00a0<\/p>\n<p>\u201cLamentablemente, o Goberno de Pedro S\u00e1nchez decidiu, sen previo aviso, aparcar este PERTE e como \u00fanica alternativa ofreceu a participaci\u00f3n desta industria no PERTE de econom\u00eda circular, onde introduciu unha pequena partida espec\u00edfica para o t\u00e9xtil de 100 mill\u00f3ns de euros, que a\u00ednda non ten convocado\u201d, dixo Cristina Sanz, quen subli\u00f1ou que \u201cestamos ante unha mostra m\u00e1is da distribuci\u00f3n dos fondos europeos que Moncloa intentou acaparar para si, e caracterizada pola lentitude e a falta de transparencia\u201d.<\/p>\n<p>\u00a0<\/p>\n<p><strong>EN RISCO O PROXECTO DE ALTRI<\/strong><\/p>\n<p>\u00a0<\/p>\n<p>Sanz sinalou que \u201cunha das consecuencias m\u00e1is inmediatas desta decisi\u00f3n do Goberno de Pedro S\u00e1nchez \u00e9 que est\u00e1 po\u00f1endo en risco un dos principais proxectos transformadores de Galicia: o de Altri en Palas de Rei\u201d. \u201cUn proxecto de econom\u00eda circular, cun investimento de 800 mill\u00f3ns de euros e que esixe plena colaboraci\u00f3n de todas as administraci\u00f3ns para que se leve adiante coas m\u00e1ximas garant\u00edas: o Goberno central apoiando con fondos europeos, a Xunta, axudando na tramitaci\u00f3n administrativa; e o Concello de Palas de Rei, desenvolvendo a iniciativa\u201d, apuntou.<\/p>\n<p>\u00a0<\/p>\n<p>Con esta falta de decisi\u00f3n, \u201cest\u00e1n a po\u00f1er en risco 2.500 empregos vinculados a este proxecto e a posibilidade de abastecer de materia prima sostible ao sector t\u00e9xtil, co produci\u00f3n de 200.000 toneladas ao ano de lyocell reciclando roupa e utilizando madeira dos bosques galegos\u201d, dixo a portavoz popular.<\/p>\n<p>\u00a0<\/p>\n<p>\u201cAltri quere executar o seu proxecto en Galicia, pero se est\u00e1 encontrando con que o Goberno de Pedro S\u00e1nchez non aproba o PERTE espec\u00edfico para o sector t\u00e9xtil no que encaixar\u00eda\u201d, asegurou Cristina Sanz, quen engadiu que \u201ca \u00fanica alternativa de financiamento que se lle ofrece a Altri \u00e9 fraccionar o proxecto en 17 miniproxectos para presentar en diferentes PERTEs\u201d. <\/p>\n","protected":false},"excerpt":{"rendered":"<p>21 de marzo de 2023. O Parlamento de Galicia aprobou hoxe a proposici\u00f3n non de lei do Grupo Popular a trav\u00e9s da que se demanda ao Goberno central unha alternativa ao PERTE do t\u00e9xtil que aparcou sen explicaci\u00f3ns e pese \u00e1 vontade de todo o sector, capaz de garantir investimentos estrat\u00e9xicos tanto para a industria [&hellip;]<\/p>\n","protected":false},"author":38,"featured_media":58040,"comment_status":"open","ping_status":"open","sticky":false,"template":"","format":"standard","meta":{"_acf_changed":false,"footnotes":""},"categories":[1],"tags":[],"class_list":["post-58041","post","type-post","status-publish","format-standard","has-post-thumbnail","hentry","category-pp-de-galicia"],"acf":[],"yoast_head":"<!-- This site is optimized with the Yoast SEO plugin v27.3 - https:\/\/yoast.com\/product\/yoast-seo-wordpress\/ -->\n<title>O Parlamento galego demanda ao Goberno central unha alternativa ao PERTE do t\u00e9xtil que aparcou sen explicaci\u00f3ns e pese ao apoio de todo o sector - PP de Galicia<\/title>\n<meta name=\"robots\" content=\"index, follow, max-snippet:-1, max-image-preview:large, max-video-preview:-1\" \/>\n<link rel=\"canonical\" href=\"https:\/\/ppdegalicia.com\/es\/o-parlamento-galego-demanda-ao-goberno-central-unha-alternativa-ao-perte-do-textil-que-aparcou-sen-explicacions-e-pese-ao-apoio-de-todo-o-sector\/\" \/>\n<meta property=\"og:locale\" content=\"es_ES\" \/>\n<meta property=\"og:type\" content=\"article\" \/>\n<meta property=\"og:title\" content=\"O Parlamento galego demanda ao Goberno central unha alternativa ao PERTE do t\u00e9xtil que aparcou sen explicaci\u00f3ns e pese ao apoio de todo o sector - PP de Galicia\" \/>\n<meta property=\"og:description\" content=\"21 de marzo de 2023. O Parlamento de Galicia aprobou hoxe a proposici\u00f3n non de lei do Grupo Popular a trav\u00e9s da que se demanda ao Goberno central unha alternativa ao PERTE do t\u00e9xtil que aparcou sen explicaci\u00f3ns e pese \u00e1 vontade de todo o sector, capaz de garantir investimentos estrat\u00e9xicos tanto para a industria [&hellip;]\" \/>\n<meta property=\"og:url\" content=\"https:\/\/ppdegalicia.com\/es\/o-parlamento-galego-demanda-ao-goberno-central-unha-alternativa-ao-perte-do-textil-que-aparcou-sen-explicacions-e-pese-ao-apoio-de-todo-o-sector\/\" \/>\n<meta property=\"og:site_name\" content=\"PP de Galicia\" \/>\n<meta property=\"article:publisher\" content=\"https:\/\/www.instagram.com\/ppdegalicia\/\" \/>\n<meta property=\"article:published_time\" content=\"2023-03-24T07:42:18+00:00\" \/>\n<meta property=\"og:image\" content=\"https:\/\/ppdegalicia.com\/wp-content\/uploads\/2023\/03\/98c065ea552cc030729f7e825f2d5884.jpg\" \/>\n\t<meta property=\"og:image:width\" content=\"1900\" \/>\n\t<meta property=\"og:image:height\" content=\"1267\" \/>\n\t<meta property=\"og:image:type\" content=\"image\/jpeg\" \/>\n<meta name=\"author\" content=\"ppdegaliciaredes\" \/>\n<meta name=\"twitter:card\" content=\"summary_large_image\" \/>\n<meta name=\"twitter:creator\" content=\"@ppdegalicia\" \/>\n<meta name=\"twitter:site\" content=\"@ppdegalicia\" \/>\n<meta name=\"twitter:label1\" content=\"Escrito por\" \/>\n\t<meta name=\"twitter:data1\" content=\"ppdegaliciaredes\" \/>\n\t<meta name=\"twitter:label2\" content=\"Tiempo de lectura\" \/>\n\t<meta name=\"twitter:data2\" content=\"3 minutos\" \/>\n<script type=\"application\/ld+json\" class=\"yoast-schema-graph\">{\"@context\":\"https:\\\/\\\/schema.org\",\"@graph\":[{\"@type\":\"Article\",\"@id\":\"https:\\\/\\\/ppdegalicia.com\\\/es\\\/o-parlamento-galego-demanda-ao-goberno-central-unha-alternativa-ao-perte-do-textil-que-aparcou-sen-explicacions-e-pese-ao-apoio-de-todo-o-sector\\\/#article\",\"isPartOf\":{\"@id\":\"https:\\\/\\\/ppdegalicia.com\\\/es\\\/o-parlamento-galego-demanda-ao-goberno-central-unha-alternativa-ao-perte-do-textil-que-aparcou-sen-explicacions-e-pese-ao-apoio-de-todo-o-sector\\\/\"},\"author\":{\"name\":\"ppdegaliciaredes\",\"@id\":\"https:\\\/\\\/ppdegalicia.com\\\/es\\\/#\\\/schema\\\/person\\\/5b822c6f59e872ebdd1142f307dbcb59\"},\"headline\":\"O Parlamento galego demanda ao Goberno central unha alternativa ao PERTE do t\u00e9xtil que aparcou sen explicaci\u00f3ns e pese ao apoio de todo o sector\",\"datePublished\":\"2023-03-24T07:42:18+00:00\",\"mainEntityOfPage\":{\"@id\":\"https:\\\/\\\/ppdegalicia.com\\\/es\\\/o-parlamento-galego-demanda-ao-goberno-central-unha-alternativa-ao-perte-do-textil-que-aparcou-sen-explicacions-e-pese-ao-apoio-de-todo-o-sector\\\/\"},\"wordCount\":669,\"commentCount\":0,\"publisher\":{\"@id\":\"https:\\\/\\\/ppdegalicia.com\\\/es\\\/#organization\"},\"image\":{\"@id\":\"https:\\\/\\\/ppdegalicia.com\\\/es\\\/o-parlamento-galego-demanda-ao-goberno-central-unha-alternativa-ao-perte-do-textil-que-aparcou-sen-explicacions-e-pese-ao-apoio-de-todo-o-sector\\\/#primaryimage\"},\"thumbnailUrl\":\"https:\\\/\\\/ppdegalicia.com\\\/wp-content\\\/uploads\\\/2023\\\/03\\\/98c065ea552cc030729f7e825f2d5884.jpg\",\"articleSection\":[\"PP de Galicia\"],\"inLanguage\":\"es\",\"potentialAction\":[{\"@type\":\"CommentAction\",\"name\":\"Comment\",\"target\":[\"https:\\\/\\\/ppdegalicia.com\\\/es\\\/o-parlamento-galego-demanda-ao-goberno-central-unha-alternativa-ao-perte-do-textil-que-aparcou-sen-explicacions-e-pese-ao-apoio-de-todo-o-sector\\\/#respond\"]}]},{\"@type\":\"WebPage\",\"@id\":\"https:\\\/\\\/ppdegalicia.com\\\/es\\\/o-parlamento-galego-demanda-ao-goberno-central-unha-alternativa-ao-perte-do-textil-que-aparcou-sen-explicacions-e-pese-ao-apoio-de-todo-o-sector\\\/\",\"url\":\"https:\\\/\\\/ppdegalicia.com\\\/es\\\/o-parlamento-galego-demanda-ao-goberno-central-unha-alternativa-ao-perte-do-textil-que-aparcou-sen-explicacions-e-pese-ao-apoio-de-todo-o-sector\\\/\",\"name\":\"O Parlamento galego demanda ao Goberno central unha alternativa ao PERTE do t\u00e9xtil que aparcou sen explicaci\u00f3ns e pese ao apoio de todo o sector - PP de Galicia\",\"isPartOf\":{\"@id\":\"https:\\\/\\\/ppdegalicia.com\\\/es\\\/#website\"},\"primaryImageOfPage\":{\"@id\":\"https:\\\/\\\/ppdegalicia.com\\\/es\\\/o-parlamento-galego-demanda-ao-goberno-central-unha-alternativa-ao-perte-do-textil-que-aparcou-sen-explicacions-e-pese-ao-apoio-de-todo-o-sector\\\/#primaryimage\"},\"image\":{\"@id\":\"https:\\\/\\\/ppdegalicia.com\\\/es\\\/o-parlamento-galego-demanda-ao-goberno-central-unha-alternativa-ao-perte-do-textil-que-aparcou-sen-explicacions-e-pese-ao-apoio-de-todo-o-sector\\\/#primaryimage\"},\"thumbnailUrl\":\"https:\\\/\\\/ppdegalicia.com\\\/wp-content\\\/uploads\\\/2023\\\/03\\\/98c065ea552cc030729f7e825f2d5884.jpg\",\"datePublished\":\"2023-03-24T07:42:18+00:00\",\"breadcrumb\":{\"@id\":\"https:\\\/\\\/ppdegalicia.com\\\/es\\\/o-parlamento-galego-demanda-ao-goberno-central-unha-alternativa-ao-perte-do-textil-que-aparcou-sen-explicacions-e-pese-ao-apoio-de-todo-o-sector\\\/#breadcrumb\"},\"inLanguage\":\"es\",\"potentialAction\":[{\"@type\":\"ReadAction\",\"target\":[\"https:\\\/\\\/ppdegalicia.com\\\/es\\\/o-parlamento-galego-demanda-ao-goberno-central-unha-alternativa-ao-perte-do-textil-que-aparcou-sen-explicacions-e-pese-ao-apoio-de-todo-o-sector\\\/\"]}]},{\"@type\":\"ImageObject\",\"inLanguage\":\"es\",\"@id\":\"https:\\\/\\\/ppdegalicia.com\\\/es\\\/o-parlamento-galego-demanda-ao-goberno-central-unha-alternativa-ao-perte-do-textil-que-aparcou-sen-explicacions-e-pese-ao-apoio-de-todo-o-sector\\\/#primaryimage\",\"url\":\"https:\\\/\\\/ppdegalicia.com\\\/wp-content\\\/uploads\\\/2023\\\/03\\\/98c065ea552cc030729f7e825f2d5884.jpg\",\"contentUrl\":\"https:\\\/\\\/ppdegalicia.com\\\/wp-content\\\/uploads\\\/2023\\\/03\\\/98c065ea552cc030729f7e825f2d5884.jpg\",\"width\":1900,\"height\":1267},{\"@type\":\"BreadcrumbList\",\"@id\":\"https:\\\/\\\/ppdegalicia.com\\\/es\\\/o-parlamento-galego-demanda-ao-goberno-central-unha-alternativa-ao-perte-do-textil-que-aparcou-sen-explicacions-e-pese-ao-apoio-de-todo-o-sector\\\/#breadcrumb\",\"itemListElement\":[{\"@type\":\"ListItem\",\"position\":1,\"name\":\"Portada\",\"item\":\"https:\\\/\\\/ppdegalicia.com\\\/es\\\/\"},{\"@type\":\"ListItem\",\"position\":2,\"name\":\"O Parlamento galego demanda ao Goberno central unha alternativa ao PERTE do t\u00e9xtil que aparcou sen explicaci\u00f3ns e pese ao apoio de todo o sector\"}]},{\"@type\":\"WebSite\",\"@id\":\"https:\\\/\\\/ppdegalicia.com\\\/es\\\/#website\",\"url\":\"https:\\\/\\\/ppdegalicia.com\\\/es\\\/\",\"name\":\"Partido Popular de Galicia\",\"description\":\"Partido Popular de Galicia\",\"publisher\":{\"@id\":\"https:\\\/\\\/ppdegalicia.com\\\/es\\\/#organization\"},\"alternateName\":\"PP de Galicia\",\"potentialAction\":[{\"@type\":\"SearchAction\",\"target\":{\"@type\":\"EntryPoint\",\"urlTemplate\":\"https:\\\/\\\/ppdegalicia.com\\\/es\\\/?s={search_term_string}\"},\"query-input\":{\"@type\":\"PropertyValueSpecification\",\"valueRequired\":true,\"valueName\":\"search_term_string\"}}],\"inLanguage\":\"es\"},{\"@type\":\"Organization\",\"@id\":\"https:\\\/\\\/ppdegalicia.com\\\/es\\\/#organization\",\"name\":\"Partido Popular de Galicia\",\"alternateName\":\"PP de Galicia\",\"url\":\"https:\\\/\\\/ppdegalicia.com\\\/es\\\/\",\"logo\":{\"@type\":\"ImageObject\",\"inLanguage\":\"es\",\"@id\":\"https:\\\/\\\/ppdegalicia.com\\\/es\\\/#\\\/schema\\\/logo\\\/image\\\/\",\"url\":\"https:\\\/\\\/ppdegalicia.com\\\/wp-content\\\/uploads\\\/2023\\\/04\\\/logoPP512.png\",\"contentUrl\":\"https:\\\/\\\/ppdegalicia.com\\\/wp-content\\\/uploads\\\/2023\\\/04\\\/logoPP512.png\",\"width\":512,\"height\":512,\"caption\":\"Partido Popular de Galicia\"},\"image\":{\"@id\":\"https:\\\/\\\/ppdegalicia.com\\\/es\\\/#\\\/schema\\\/logo\\\/image\\\/\"},\"sameAs\":[\"https:\\\/\\\/www.instagram.com\\\/ppdegalicia\\\/\",\"https:\\\/\\\/x.com\\\/ppdegalicia\",\"https:\\\/\\\/www.tiktok.com\\\/@ppdegalicia\",\"https:\\\/\\\/www.youtube.com\\\/user\\\/ppdegalicia\"]},{\"@type\":\"Person\",\"@id\":\"https:\\\/\\\/ppdegalicia.com\\\/es\\\/#\\\/schema\\\/person\\\/5b822c6f59e872ebdd1142f307dbcb59\",\"name\":\"ppdegaliciaredes\",\"image\":{\"@type\":\"ImageObject\",\"inLanguage\":\"es\",\"@id\":\"https:\\\/\\\/secure.gravatar.com\\\/avatar\\\/3c9179cf0256d00c72a48d1f25783c58b6842cd56e85ef3a572881c8e28ccd59?s=96&d=mm&r=g\",\"url\":\"https:\\\/\\\/secure.gravatar.com\\\/avatar\\\/3c9179cf0256d00c72a48d1f25783c58b6842cd56e85ef3a572881c8e28ccd59?s=96&d=mm&r=g\",\"contentUrl\":\"https:\\\/\\\/secure.gravatar.com\\\/avatar\\\/3c9179cf0256d00c72a48d1f25783c58b6842cd56e85ef3a572881c8e28ccd59?s=96&d=mm&r=g\",\"caption\":\"ppdegaliciaredes\"},\"url\":\"https:\\\/\\\/ppdegalicia.com\\\/es\\\/author\\\/ppdegaliciaredes\\\/\"}]}<\/script>\n<!-- \/ Yoast SEO plugin. -->","yoast_head_json":{"title":"O Parlamento galego demanda ao Goberno central unha alternativa ao PERTE do t\u00e9xtil que aparcou sen explicaci\u00f3ns e pese ao apoio de todo o sector - PP de Galicia","robots":{"index":"index","follow":"follow","max-snippet":"max-snippet:-1","max-image-preview":"max-image-preview:large","max-video-preview":"max-video-preview:-1"},"canonical":"https:\/\/ppdegalicia.com\/es\/o-parlamento-galego-demanda-ao-goberno-central-unha-alternativa-ao-perte-do-textil-que-aparcou-sen-explicacions-e-pese-ao-apoio-de-todo-o-sector\/","og_locale":"es_ES","og_type":"article","og_title":"O Parlamento galego demanda ao Goberno central unha alternativa ao PERTE do t\u00e9xtil que aparcou sen explicaci\u00f3ns e pese ao apoio de todo o sector - PP de Galicia","og_description":"21 de marzo de 2023. O Parlamento de Galicia aprobou hoxe a proposici\u00f3n non de lei do Grupo Popular a trav\u00e9s da que se demanda ao Goberno central unha alternativa ao PERTE do t\u00e9xtil que aparcou sen explicaci\u00f3ns e pese \u00e1 vontade de todo o sector, capaz de garantir investimentos estrat\u00e9xicos tanto para a industria [&hellip;]","og_url":"https:\/\/ppdegalicia.com\/es\/o-parlamento-galego-demanda-ao-goberno-central-unha-alternativa-ao-perte-do-textil-que-aparcou-sen-explicacions-e-pese-ao-apoio-de-todo-o-sector\/","og_site_name":"PP de Galicia","article_publisher":"https:\/\/www.instagram.com\/ppdegalicia\/","article_published_time":"2023-03-24T07:42:18+00:00","og_image":[{"width":1900,"height":1267,"url":"https:\/\/ppdegalicia.com\/wp-content\/uploads\/2023\/03\/98c065ea552cc030729f7e825f2d5884.jpg","type":"image\/jpeg"}],"author":"ppdegaliciaredes","twitter_card":"summary_large_image","twitter_creator":"@ppdegalicia","twitter_site":"@ppdegalicia","twitter_misc":{"Escrito por":"ppdegaliciaredes","Tiempo de lectura":"3 minutos"},"schema":{"@context":"https:\/\/schema.org","@graph":[{"@type":"Article","@id":"https:\/\/ppdegalicia.com\/es\/o-parlamento-galego-demanda-ao-goberno-central-unha-alternativa-ao-perte-do-textil-que-aparcou-sen-explicacions-e-pese-ao-apoio-de-todo-o-sector\/#article","isPartOf":{"@id":"https:\/\/ppdegalicia.com\/es\/o-parlamento-galego-demanda-ao-goberno-central-unha-alternativa-ao-perte-do-textil-que-aparcou-sen-explicacions-e-pese-ao-apoio-de-todo-o-sector\/"},"author":{"name":"ppdegaliciaredes","@id":"https:\/\/ppdegalicia.com\/es\/#\/schema\/person\/5b822c6f59e872ebdd1142f307dbcb59"},"headline":"O Parlamento galego demanda ao Goberno central unha alternativa ao PERTE do t\u00e9xtil que aparcou sen explicaci\u00f3ns e pese ao apoio de todo o sector","datePublished":"2023-03-24T07:42:18+00:00","mainEntityOfPage":{"@id":"https:\/\/ppdegalicia.com\/es\/o-parlamento-galego-demanda-ao-goberno-central-unha-alternativa-ao-perte-do-textil-que-aparcou-sen-explicacions-e-pese-ao-apoio-de-todo-o-sector\/"},"wordCount":669,"commentCount":0,"publisher":{"@id":"https:\/\/ppdegalicia.com\/es\/#organization"},"image":{"@id":"https:\/\/ppdegalicia.com\/es\/o-parlamento-galego-demanda-ao-goberno-central-unha-alternativa-ao-perte-do-textil-que-aparcou-sen-explicacions-e-pese-ao-apoio-de-todo-o-sector\/#primaryimage"},"thumbnailUrl":"https:\/\/ppdegalicia.com\/wp-content\/uploads\/2023\/03\/98c065ea552cc030729f7e825f2d5884.jpg","articleSection":["PP de Galicia"],"inLanguage":"es","potentialAction":[{"@type":"CommentAction","name":"Comment","target":["https:\/\/ppdegalicia.com\/es\/o-parlamento-galego-demanda-ao-goberno-central-unha-alternativa-ao-perte-do-textil-que-aparcou-sen-explicacions-e-pese-ao-apoio-de-todo-o-sector\/#respond"]}]},{"@type":"WebPage","@id":"https:\/\/ppdegalicia.com\/es\/o-parlamento-galego-demanda-ao-goberno-central-unha-alternativa-ao-perte-do-textil-que-aparcou-sen-explicacions-e-pese-ao-apoio-de-todo-o-sector\/","url":"https:\/\/ppdegalicia.com\/es\/o-parlamento-galego-demanda-ao-goberno-central-unha-alternativa-ao-perte-do-textil-que-aparcou-sen-explicacions-e-pese-ao-apoio-de-todo-o-sector\/","name":"O Parlamento galego demanda ao Goberno central unha alternativa ao PERTE do t\u00e9xtil que aparcou sen explicaci\u00f3ns e pese ao apoio de todo o sector - PP de Galicia","isPartOf":{"@id":"https:\/\/ppdegalicia.com\/es\/#website"},"primaryImageOfPage":{"@id":"https:\/\/ppdegalicia.com\/es\/o-parlamento-galego-demanda-ao-goberno-central-unha-alternativa-ao-perte-do-textil-que-aparcou-sen-explicacions-e-pese-ao-apoio-de-todo-o-sector\/#primaryimage"},"image":{"@id":"https:\/\/ppdegalicia.com\/es\/o-parlamento-galego-demanda-ao-goberno-central-unha-alternativa-ao-perte-do-textil-que-aparcou-sen-explicacions-e-pese-ao-apoio-de-todo-o-sector\/#primaryimage"},"thumbnailUrl":"https:\/\/ppdegalicia.com\/wp-content\/uploads\/2023\/03\/98c065ea552cc030729f7e825f2d5884.jpg","datePublished":"2023-03-24T07:42:18+00:00","breadcrumb":{"@id":"https:\/\/ppdegalicia.com\/es\/o-parlamento-galego-demanda-ao-goberno-central-unha-alternativa-ao-perte-do-textil-que-aparcou-sen-explicacions-e-pese-ao-apoio-de-todo-o-sector\/#breadcrumb"},"inLanguage":"es","potentialAction":[{"@type":"ReadAction","target":["https:\/\/ppdegalicia.com\/es\/o-parlamento-galego-demanda-ao-goberno-central-unha-alternativa-ao-perte-do-textil-que-aparcou-sen-explicacions-e-pese-ao-apoio-de-todo-o-sector\/"]}]},{"@type":"ImageObject","inLanguage":"es","@id":"https:\/\/ppdegalicia.com\/es\/o-parlamento-galego-demanda-ao-goberno-central-unha-alternativa-ao-perte-do-textil-que-aparcou-sen-explicacions-e-pese-ao-apoio-de-todo-o-sector\/#primaryimage","url":"https:\/\/ppdegalicia.com\/wp-content\/uploads\/2023\/03\/98c065ea552cc030729f7e825f2d5884.jpg","contentUrl":"https:\/\/ppdegalicia.com\/wp-content\/uploads\/2023\/03\/98c065ea552cc030729f7e825f2d5884.jpg","width":1900,"height":1267},{"@type":"BreadcrumbList","@id":"https:\/\/ppdegalicia.com\/es\/o-parlamento-galego-demanda-ao-goberno-central-unha-alternativa-ao-perte-do-textil-que-aparcou-sen-explicacions-e-pese-ao-apoio-de-todo-o-sector\/#breadcrumb","itemListElement":[{"@type":"ListItem","position":1,"name":"Portada","item":"https:\/\/ppdegalicia.com\/es\/"},{"@type":"ListItem","position":2,"name":"O Parlamento galego demanda ao Goberno central unha alternativa ao PERTE do t\u00e9xtil que aparcou sen explicaci\u00f3ns e pese ao apoio de todo o sector"}]},{"@type":"WebSite","@id":"https:\/\/ppdegalicia.com\/es\/#website","url":"https:\/\/ppdegalicia.com\/es\/","name":"Partido Popular de Galicia","description":"Partido Popular de Galicia","publisher":{"@id":"https:\/\/ppdegalicia.com\/es\/#organization"},"alternateName":"PP de Galicia","potentialAction":[{"@type":"SearchAction","target":{"@type":"EntryPoint","urlTemplate":"https:\/\/ppdegalicia.com\/es\/?s={search_term_string}"},"query-input":{"@type":"PropertyValueSpecification","valueRequired":true,"valueName":"search_term_string"}}],"inLanguage":"es"},{"@type":"Organization","@id":"https:\/\/ppdegalicia.com\/es\/#organization","name":"Partido Popular de Galicia","alternateName":"PP de Galicia","url":"https:\/\/ppdegalicia.com\/es\/","logo":{"@type":"ImageObject","inLanguage":"es","@id":"https:\/\/ppdegalicia.com\/es\/#\/schema\/logo\/image\/","url":"https:\/\/ppdegalicia.com\/wp-content\/uploads\/2023\/04\/logoPP512.png","contentUrl":"https:\/\/ppdegalicia.com\/wp-content\/uploads\/2023\/04\/logoPP512.png","width":512,"height":512,"caption":"Partido Popular de Galicia"},"image":{"@id":"https:\/\/ppdegalicia.com\/es\/#\/schema\/logo\/image\/"},"sameAs":["https:\/\/www.instagram.com\/ppdegalicia\/","https:\/\/x.com\/ppdegalicia","https:\/\/www.tiktok.com\/@ppdegalicia","https:\/\/www.youtube.com\/user\/ppdegalicia"]},{"@type":"Person","@id":"https:\/\/ppdegalicia.com\/es\/#\/schema\/person\/5b822c6f59e872ebdd1142f307dbcb59","name":"ppdegaliciaredes","image":{"@type":"ImageObject","inLanguage":"es","@id":"https:\/\/secure.gravatar.com\/avatar\/3c9179cf0256d00c72a48d1f25783c58b6842cd56e85ef3a572881c8e28ccd59?s=96&d=mm&r=g","url":"https:\/\/secure.gravatar.com\/avatar\/3c9179cf0256d00c72a48d1f25783c58b6842cd56e85ef3a572881c8e28ccd59?s=96&d=mm&r=g","contentUrl":"https:\/\/secure.gravatar.com\/avatar\/3c9179cf0256d00c72a48d1f25783c58b6842cd56e85ef3a572881c8e28ccd59?s=96&d=mm&r=g","caption":"ppdegaliciaredes"},"url":"https:\/\/ppdegalicia.com\/es\/author\/ppdegaliciaredes\/"}]}},"_links":{"self":[{"href":"https:\/\/ppdegalicia.com\/es\/wp-json\/wp\/v2\/posts\/58041","targetHints":{"allow":["GET"]}}],"collection":[{"href":"https:\/\/ppdegalicia.com\/es\/wp-json\/wp\/v2\/posts"}],"about":[{"href":"https:\/\/ppdegalicia.com\/es\/wp-json\/wp\/v2\/types\/post"}],"author":[{"embeddable":true,"href":"https:\/\/ppdegalicia.com\/es\/wp-json\/wp\/v2\/users\/38"}],"replies":[{"embeddable":true,"href":"https:\/\/ppdegalicia.com\/es\/wp-json\/wp\/v2\/comments?post=58041"}],"version-history":[{"count":0,"href":"https:\/\/ppdegalicia.com\/es\/wp-json\/wp\/v2\/posts\/58041\/revisions"}],"wp:featuredmedia":[{"embeddable":true,"href":"https:\/\/ppdegalicia.com\/es\/wp-json\/wp\/v2\/media\/58040"}],"wp:attachment":[{"href":"https:\/\/ppdegalicia.com\/es\/wp-json\/wp\/v2\/media?parent=58041"}],"wp:term":[{"taxonomy":"category","embeddable":true,"href":"https:\/\/ppdegalicia.com\/es\/wp-json\/wp\/v2\/categories?post=58041"},{"taxonomy":"post_tag","embeddable":true,"href":"https:\/\/ppdegalicia.com\/es\/wp-json\/wp\/v2\/tags?post=58041"}],"curies":[{"name":"wp","href":"https:\/\/api.w.org\/{rel}","templated":true}]}}