{"id":58047,"date":"2023-03-24T09:47:48","date_gmt":"2023-03-24T07:47:48","guid":{"rendered":"https:\/\/ppdegalicia.com\/o-grupo-popular-afirma-que-a-xunta-traballa-no-estatuto-da-muller-rural-e-do-mar-que-se-integrara-na-nova-lei-de-igualdade-de-galicia\/"},"modified":"2023-03-24T09:47:48","modified_gmt":"2023-03-24T07:47:48","slug":"o-grupo-popular-afirma-que-a-xunta-traballa-no-estatuto-da-muller-rural-e-do-mar-que-se-integrara-na-nova-lei-de-igualdade-de-galicia","status":"publish","type":"post","link":"https:\/\/ppdegalicia.com\/es\/o-grupo-popular-afirma-que-a-xunta-traballa-no-estatuto-da-muller-rural-e-do-mar-que-se-integrara-na-nova-lei-de-igualdade-de-galicia\/","title":{"rendered":"O Grupo Popular afirma que a Xunta traballa no Estatuto da muller rural e do mar, que se integrar\u00e1 na nova Lei de igualdade de Galicia"},"content":{"rendered":"<p><img fetchpriority=\"high\" decoding=\"async\" class=\" size-full wp-image-58046\" src=\"https:\/\/ppdegalicia.com\/wp-content\/uploads\/2023\/03\/34a8b2917baf842126ae02b0152a473f.jpg\" alt=\"\" width=\"1900\" height=\"1267\" srcset=\"https:\/\/ppdegalicia.com\/wp-content\/uploads\/2023\/03\/34a8b2917baf842126ae02b0152a473f.jpg 1900w, https:\/\/ppdegalicia.com\/wp-content\/uploads\/2023\/03\/34a8b2917baf842126ae02b0152a473f-300x200.jpg 300w, https:\/\/ppdegalicia.com\/wp-content\/uploads\/2023\/03\/34a8b2917baf842126ae02b0152a473f-1024x683.jpg 1024w, https:\/\/ppdegalicia.com\/wp-content\/uploads\/2023\/03\/34a8b2917baf842126ae02b0152a473f-768x512.jpg 768w, https:\/\/ppdegalicia.com\/wp-content\/uploads\/2023\/03\/34a8b2917baf842126ae02b0152a473f-1536x1024.jpg 1536w\" sizes=\"(max-width: 1900px) 100vw, 1900px\" \/><\/p>\n<p>21 de marzo de 2023. A deputada do Grupo Popular Elena Su\u00e1rez Sarmiento afirmou hoxe no Pleno do Parlamento galego que \u201ca Xunta traballa na actualidade no desenvolvemento do Estatuto da muller rural e do mar en Galicia, que ser\u00e1 integrado na nova Lei para a igualdade efectiva de mulleres e homes de Galicia para darlle ese rango de norma superior e un maior amparo legal ao colectivo\u201d.<\/p>\n<p><!--more--><\/p>\n<p>\u201cAdemais, e por quinta vez neste Parlamento, aseguro que esta nova lei contemplar\u00e1 a creaci\u00f3n dun Observatorio de igualdade de x\u00e9nero, integrado por t\u00e9cnicos e especialistas\u201d, dixo.<\/p>\n<p>\u00a0<\/p>\n<p>Elena Su\u00e1rez manifestou que \u201cestamos totalmente dacordo coa necesidade e a conveniencia da formaci\u00f3n en igualdade en todos os \u00e1mbitos, pero o que \u00e9 imposible \u00e9 formular que sexa obrigatoria\u201d. Deste xeito, amosou \u201co compromiso demostrado con feitos de que o actual Goberno galego seguir\u00e1 traballando e lexislando para que as mulleres mari\u00f1eiras ocupen o lugar que lles corresponde nos \u00f3rganos de decisi\u00f3n do sector en Galicia e para que se respecten os seus dereitos en todos os \u00e1mbitos\u201d.<\/p>\n<p>\u00a0<\/p>\n<p><strong>DESVIAR A ATENCI\u00d3N<\/strong><\/p>\n<p>\u201cCreo que tanto BNG como PSdeG desv\u00edan a atenci\u00f3n do que realmente lles importa \u00e1s mulleres do mar: non necesitan 50 \u00f3rganos administrativos que fagan o mesmo, porque o que precisan son feitos, o que lles proporciona realmente o actual Goberno galego\u201d, subli\u00f1ou.<\/p>\n<p>\u00a0<\/p>\n<p>A deputada popular recordou que Galicia conta co VIII Plan de igualdade de oportunidades entre mulleres e homes 2022-2027, aprobado o pasado mes de maio e dotado con 935,5 mill\u00f3ns de euros, \u201co maior orzamento da historia galega para loitar contra as discriminaci\u00f3ns das mulleres e reforzar as pol\u00edticas auton\u00f3micas de igualdade\u201d.<\/p>\n<p>\u00a0<\/p>\n<p>Este plan, en concordancia coa futura Lei galega de igualdade, conta con importantes novidades, como \u00e9 o que se recolle no \u00e1mbito 4 dedicado precisamente \u00e1 procura da igualdade da muller nos eidos rural e do mar.<\/p>\n","protected":false},"excerpt":{"rendered":"<p>21 de marzo de 2023. A deputada do Grupo Popular Elena Su\u00e1rez Sarmiento afirmou hoxe no Pleno do Parlamento galego que \u201ca Xunta traballa na actualidade no desenvolvemento do Estatuto da muller rural e do mar en Galicia, que ser\u00e1 integrado na nova Lei para a igualdade efectiva de mulleres e homes de Galicia para [&hellip;]<\/p>\n","protected":false},"author":38,"featured_media":58046,"comment_status":"open","ping_status":"open","sticky":false,"template":"","format":"standard","meta":{"_acf_changed":false,"footnotes":""},"categories":[1],"tags":[],"class_list":["post-58047","post","type-post","status-publish","format-standard","has-post-thumbnail","hentry","category-pp-de-galicia"],"acf":[],"yoast_head":"<!-- This site is optimized with the Yoast SEO plugin v27.3 - https:\/\/yoast.com\/product\/yoast-seo-wordpress\/ -->\n<title>O Grupo Popular afirma que a Xunta traballa no Estatuto da muller rural e do mar, que se integrar\u00e1 na nova Lei de igualdade de Galicia - PP de Galicia<\/title>\n<meta name=\"robots\" content=\"index, follow, max-snippet:-1, max-image-preview:large, max-video-preview:-1\" \/>\n<link rel=\"canonical\" href=\"https:\/\/ppdegalicia.com\/es\/o-grupo-popular-afirma-que-a-xunta-traballa-no-estatuto-da-muller-rural-e-do-mar-que-se-integrara-na-nova-lei-de-igualdade-de-galicia\/\" \/>\n<meta property=\"og:locale\" content=\"es_ES\" \/>\n<meta property=\"og:type\" content=\"article\" \/>\n<meta property=\"og:title\" content=\"O Grupo Popular afirma que a Xunta traballa no Estatuto da muller rural e do mar, que se integrar\u00e1 na nova Lei de igualdade de Galicia - PP de Galicia\" \/>\n<meta property=\"og:description\" content=\"21 de marzo de 2023. A deputada do Grupo Popular Elena Su\u00e1rez Sarmiento afirmou hoxe no Pleno do Parlamento galego que \u201ca Xunta traballa na actualidade no desenvolvemento do Estatuto da muller rural e do mar en Galicia, que ser\u00e1 integrado na nova Lei para a igualdade efectiva de mulleres e homes de Galicia para [&hellip;]\" \/>\n<meta property=\"og:url\" content=\"https:\/\/ppdegalicia.com\/es\/o-grupo-popular-afirma-que-a-xunta-traballa-no-estatuto-da-muller-rural-e-do-mar-que-se-integrara-na-nova-lei-de-igualdade-de-galicia\/\" \/>\n<meta property=\"og:site_name\" content=\"PP de Galicia\" \/>\n<meta property=\"article:publisher\" content=\"https:\/\/www.instagram.com\/ppdegalicia\/\" \/>\n<meta property=\"article:published_time\" content=\"2023-03-24T07:47:48+00:00\" \/>\n<meta property=\"og:image\" content=\"https:\/\/ppdegalicia.com\/wp-content\/uploads\/2023\/03\/34a8b2917baf842126ae02b0152a473f.jpg\" \/>\n\t<meta property=\"og:image:width\" content=\"1900\" \/>\n\t<meta property=\"og:image:height\" content=\"1267\" \/>\n\t<meta property=\"og:image:type\" content=\"image\/jpeg\" \/>\n<meta name=\"author\" content=\"ppdegaliciaredes\" \/>\n<meta name=\"twitter:card\" content=\"summary_large_image\" \/>\n<meta name=\"twitter:creator\" content=\"@ppdegalicia\" \/>\n<meta name=\"twitter:site\" content=\"@ppdegalicia\" \/>\n<meta name=\"twitter:label1\" content=\"Escrito por\" \/>\n\t<meta name=\"twitter:data1\" content=\"ppdegaliciaredes\" \/>\n\t<meta name=\"twitter:label2\" content=\"Tiempo de lectura\" \/>\n\t<meta name=\"twitter:data2\" content=\"2 minutos\" \/>\n<script type=\"application\/ld+json\" class=\"yoast-schema-graph\">{\"@context\":\"https:\\\/\\\/schema.org\",\"@graph\":[{\"@type\":\"Article\",\"@id\":\"https:\\\/\\\/ppdegalicia.com\\\/es\\\/o-grupo-popular-afirma-que-a-xunta-traballa-no-estatuto-da-muller-rural-e-do-mar-que-se-integrara-na-nova-lei-de-igualdade-de-galicia\\\/#article\",\"isPartOf\":{\"@id\":\"https:\\\/\\\/ppdegalicia.com\\\/es\\\/o-grupo-popular-afirma-que-a-xunta-traballa-no-estatuto-da-muller-rural-e-do-mar-que-se-integrara-na-nova-lei-de-igualdade-de-galicia\\\/\"},\"author\":{\"name\":\"ppdegaliciaredes\",\"@id\":\"https:\\\/\\\/ppdegalicia.com\\\/es\\\/#\\\/schema\\\/person\\\/5b822c6f59e872ebdd1142f307dbcb59\"},\"headline\":\"O Grupo Popular afirma que a Xunta traballa no Estatuto da muller rural e do mar, que se integrar\u00e1 na nova Lei de igualdade de Galicia\",\"datePublished\":\"2023-03-24T07:47:48+00:00\",\"mainEntityOfPage\":{\"@id\":\"https:\\\/\\\/ppdegalicia.com\\\/es\\\/o-grupo-popular-afirma-que-a-xunta-traballa-no-estatuto-da-muller-rural-e-do-mar-que-se-integrara-na-nova-lei-de-igualdade-de-galicia\\\/\"},\"wordCount\":342,\"commentCount\":0,\"publisher\":{\"@id\":\"https:\\\/\\\/ppdegalicia.com\\\/es\\\/#organization\"},\"image\":{\"@id\":\"https:\\\/\\\/ppdegalicia.com\\\/es\\\/o-grupo-popular-afirma-que-a-xunta-traballa-no-estatuto-da-muller-rural-e-do-mar-que-se-integrara-na-nova-lei-de-igualdade-de-galicia\\\/#primaryimage\"},\"thumbnailUrl\":\"https:\\\/\\\/ppdegalicia.com\\\/wp-content\\\/uploads\\\/2023\\\/03\\\/34a8b2917baf842126ae02b0152a473f.jpg\",\"articleSection\":[\"PP de Galicia\"],\"inLanguage\":\"es\",\"potentialAction\":[{\"@type\":\"CommentAction\",\"name\":\"Comment\",\"target\":[\"https:\\\/\\\/ppdegalicia.com\\\/es\\\/o-grupo-popular-afirma-que-a-xunta-traballa-no-estatuto-da-muller-rural-e-do-mar-que-se-integrara-na-nova-lei-de-igualdade-de-galicia\\\/#respond\"]}]},{\"@type\":\"WebPage\",\"@id\":\"https:\\\/\\\/ppdegalicia.com\\\/es\\\/o-grupo-popular-afirma-que-a-xunta-traballa-no-estatuto-da-muller-rural-e-do-mar-que-se-integrara-na-nova-lei-de-igualdade-de-galicia\\\/\",\"url\":\"https:\\\/\\\/ppdegalicia.com\\\/es\\\/o-grupo-popular-afirma-que-a-xunta-traballa-no-estatuto-da-muller-rural-e-do-mar-que-se-integrara-na-nova-lei-de-igualdade-de-galicia\\\/\",\"name\":\"O Grupo Popular afirma que a Xunta traballa no Estatuto da muller rural e do mar, que se integrar\u00e1 na nova Lei de igualdade de Galicia - PP de Galicia\",\"isPartOf\":{\"@id\":\"https:\\\/\\\/ppdegalicia.com\\\/es\\\/#website\"},\"primaryImageOfPage\":{\"@id\":\"https:\\\/\\\/ppdegalicia.com\\\/es\\\/o-grupo-popular-afirma-que-a-xunta-traballa-no-estatuto-da-muller-rural-e-do-mar-que-se-integrara-na-nova-lei-de-igualdade-de-galicia\\\/#primaryimage\"},\"image\":{\"@id\":\"https:\\\/\\\/ppdegalicia.com\\\/es\\\/o-grupo-popular-afirma-que-a-xunta-traballa-no-estatuto-da-muller-rural-e-do-mar-que-se-integrara-na-nova-lei-de-igualdade-de-galicia\\\/#primaryimage\"},\"thumbnailUrl\":\"https:\\\/\\\/ppdegalicia.com\\\/wp-content\\\/uploads\\\/2023\\\/03\\\/34a8b2917baf842126ae02b0152a473f.jpg\",\"datePublished\":\"2023-03-24T07:47:48+00:00\",\"breadcrumb\":{\"@id\":\"https:\\\/\\\/ppdegalicia.com\\\/es\\\/o-grupo-popular-afirma-que-a-xunta-traballa-no-estatuto-da-muller-rural-e-do-mar-que-se-integrara-na-nova-lei-de-igualdade-de-galicia\\\/#breadcrumb\"},\"inLanguage\":\"es\",\"potentialAction\":[{\"@type\":\"ReadAction\",\"target\":[\"https:\\\/\\\/ppdegalicia.com\\\/es\\\/o-grupo-popular-afirma-que-a-xunta-traballa-no-estatuto-da-muller-rural-e-do-mar-que-se-integrara-na-nova-lei-de-igualdade-de-galicia\\\/\"]}]},{\"@type\":\"ImageObject\",\"inLanguage\":\"es\",\"@id\":\"https:\\\/\\\/ppdegalicia.com\\\/es\\\/o-grupo-popular-afirma-que-a-xunta-traballa-no-estatuto-da-muller-rural-e-do-mar-que-se-integrara-na-nova-lei-de-igualdade-de-galicia\\\/#primaryimage\",\"url\":\"https:\\\/\\\/ppdegalicia.com\\\/wp-content\\\/uploads\\\/2023\\\/03\\\/34a8b2917baf842126ae02b0152a473f.jpg\",\"contentUrl\":\"https:\\\/\\\/ppdegalicia.com\\\/wp-content\\\/uploads\\\/2023\\\/03\\\/34a8b2917baf842126ae02b0152a473f.jpg\",\"width\":1900,\"height\":1267},{\"@type\":\"BreadcrumbList\",\"@id\":\"https:\\\/\\\/ppdegalicia.com\\\/es\\\/o-grupo-popular-afirma-que-a-xunta-traballa-no-estatuto-da-muller-rural-e-do-mar-que-se-integrara-na-nova-lei-de-igualdade-de-galicia\\\/#breadcrumb\",\"itemListElement\":[{\"@type\":\"ListItem\",\"position\":1,\"name\":\"Portada\",\"item\":\"https:\\\/\\\/ppdegalicia.com\\\/es\\\/\"},{\"@type\":\"ListItem\",\"position\":2,\"name\":\"O Grupo Popular afirma que a Xunta traballa no Estatuto da muller rural e do mar, que se integrar\u00e1 na nova Lei de igualdade de Galicia\"}]},{\"@type\":\"WebSite\",\"@id\":\"https:\\\/\\\/ppdegalicia.com\\\/es\\\/#website\",\"url\":\"https:\\\/\\\/ppdegalicia.com\\\/es\\\/\",\"name\":\"Partido Popular de Galicia\",\"description\":\"Partido Popular de Galicia\",\"publisher\":{\"@id\":\"https:\\\/\\\/ppdegalicia.com\\\/es\\\/#organization\"},\"alternateName\":\"PP de Galicia\",\"potentialAction\":[{\"@type\":\"SearchAction\",\"target\":{\"@type\":\"EntryPoint\",\"urlTemplate\":\"https:\\\/\\\/ppdegalicia.com\\\/es\\\/?s={search_term_string}\"},\"query-input\":{\"@type\":\"PropertyValueSpecification\",\"valueRequired\":true,\"valueName\":\"search_term_string\"}}],\"inLanguage\":\"es\"},{\"@type\":\"Organization\",\"@id\":\"https:\\\/\\\/ppdegalicia.com\\\/es\\\/#organization\",\"name\":\"Partido Popular de Galicia\",\"alternateName\":\"PP de Galicia\",\"url\":\"https:\\\/\\\/ppdegalicia.com\\\/es\\\/\",\"logo\":{\"@type\":\"ImageObject\",\"inLanguage\":\"es\",\"@id\":\"https:\\\/\\\/ppdegalicia.com\\\/es\\\/#\\\/schema\\\/logo\\\/image\\\/\",\"url\":\"https:\\\/\\\/ppdegalicia.com\\\/wp-content\\\/uploads\\\/2023\\\/04\\\/logoPP512.png\",\"contentUrl\":\"https:\\\/\\\/ppdegalicia.com\\\/wp-content\\\/uploads\\\/2023\\\/04\\\/logoPP512.png\",\"width\":512,\"height\":512,\"caption\":\"Partido Popular de Galicia\"},\"image\":{\"@id\":\"https:\\\/\\\/ppdegalicia.com\\\/es\\\/#\\\/schema\\\/logo\\\/image\\\/\"},\"sameAs\":[\"https:\\\/\\\/www.instagram.com\\\/ppdegalicia\\\/\",\"https:\\\/\\\/x.com\\\/ppdegalicia\",\"https:\\\/\\\/www.tiktok.com\\\/@ppdegalicia\",\"https:\\\/\\\/www.youtube.com\\\/user\\\/ppdegalicia\"]},{\"@type\":\"Person\",\"@id\":\"https:\\\/\\\/ppdegalicia.com\\\/es\\\/#\\\/schema\\\/person\\\/5b822c6f59e872ebdd1142f307dbcb59\",\"name\":\"ppdegaliciaredes\",\"image\":{\"@type\":\"ImageObject\",\"inLanguage\":\"es\",\"@id\":\"https:\\\/\\\/secure.gravatar.com\\\/avatar\\\/3c9179cf0256d00c72a48d1f25783c58b6842cd56e85ef3a572881c8e28ccd59?s=96&d=mm&r=g\",\"url\":\"https:\\\/\\\/secure.gravatar.com\\\/avatar\\\/3c9179cf0256d00c72a48d1f25783c58b6842cd56e85ef3a572881c8e28ccd59?s=96&d=mm&r=g\",\"contentUrl\":\"https:\\\/\\\/secure.gravatar.com\\\/avatar\\\/3c9179cf0256d00c72a48d1f25783c58b6842cd56e85ef3a572881c8e28ccd59?s=96&d=mm&r=g\",\"caption\":\"ppdegaliciaredes\"},\"url\":\"https:\\\/\\\/ppdegalicia.com\\\/es\\\/author\\\/ppdegaliciaredes\\\/\"}]}<\/script>\n<!-- \/ Yoast SEO plugin. -->","yoast_head_json":{"title":"O Grupo Popular afirma que a Xunta traballa no Estatuto da muller rural e do mar, que se integrar\u00e1 na nova Lei de igualdade de Galicia - PP de Galicia","robots":{"index":"index","follow":"follow","max-snippet":"max-snippet:-1","max-image-preview":"max-image-preview:large","max-video-preview":"max-video-preview:-1"},"canonical":"https:\/\/ppdegalicia.com\/es\/o-grupo-popular-afirma-que-a-xunta-traballa-no-estatuto-da-muller-rural-e-do-mar-que-se-integrara-na-nova-lei-de-igualdade-de-galicia\/","og_locale":"es_ES","og_type":"article","og_title":"O Grupo Popular afirma que a Xunta traballa no Estatuto da muller rural e do mar, que se integrar\u00e1 na nova Lei de igualdade de Galicia - PP de Galicia","og_description":"21 de marzo de 2023. A deputada do Grupo Popular Elena Su\u00e1rez Sarmiento afirmou hoxe no Pleno do Parlamento galego que \u201ca Xunta traballa na actualidade no desenvolvemento do Estatuto da muller rural e do mar en Galicia, que ser\u00e1 integrado na nova Lei para a igualdade efectiva de mulleres e homes de Galicia para [&hellip;]","og_url":"https:\/\/ppdegalicia.com\/es\/o-grupo-popular-afirma-que-a-xunta-traballa-no-estatuto-da-muller-rural-e-do-mar-que-se-integrara-na-nova-lei-de-igualdade-de-galicia\/","og_site_name":"PP de Galicia","article_publisher":"https:\/\/www.instagram.com\/ppdegalicia\/","article_published_time":"2023-03-24T07:47:48+00:00","og_image":[{"width":1900,"height":1267,"url":"https:\/\/ppdegalicia.com\/wp-content\/uploads\/2023\/03\/34a8b2917baf842126ae02b0152a473f.jpg","type":"image\/jpeg"}],"author":"ppdegaliciaredes","twitter_card":"summary_large_image","twitter_creator":"@ppdegalicia","twitter_site":"@ppdegalicia","twitter_misc":{"Escrito por":"ppdegaliciaredes","Tiempo de lectura":"2 minutos"},"schema":{"@context":"https:\/\/schema.org","@graph":[{"@type":"Article","@id":"https:\/\/ppdegalicia.com\/es\/o-grupo-popular-afirma-que-a-xunta-traballa-no-estatuto-da-muller-rural-e-do-mar-que-se-integrara-na-nova-lei-de-igualdade-de-galicia\/#article","isPartOf":{"@id":"https:\/\/ppdegalicia.com\/es\/o-grupo-popular-afirma-que-a-xunta-traballa-no-estatuto-da-muller-rural-e-do-mar-que-se-integrara-na-nova-lei-de-igualdade-de-galicia\/"},"author":{"name":"ppdegaliciaredes","@id":"https:\/\/ppdegalicia.com\/es\/#\/schema\/person\/5b822c6f59e872ebdd1142f307dbcb59"},"headline":"O Grupo Popular afirma que a Xunta traballa no Estatuto da muller rural e do mar, que se integrar\u00e1 na nova Lei de igualdade de Galicia","datePublished":"2023-03-24T07:47:48+00:00","mainEntityOfPage":{"@id":"https:\/\/ppdegalicia.com\/es\/o-grupo-popular-afirma-que-a-xunta-traballa-no-estatuto-da-muller-rural-e-do-mar-que-se-integrara-na-nova-lei-de-igualdade-de-galicia\/"},"wordCount":342,"commentCount":0,"publisher":{"@id":"https:\/\/ppdegalicia.com\/es\/#organization"},"image":{"@id":"https:\/\/ppdegalicia.com\/es\/o-grupo-popular-afirma-que-a-xunta-traballa-no-estatuto-da-muller-rural-e-do-mar-que-se-integrara-na-nova-lei-de-igualdade-de-galicia\/#primaryimage"},"thumbnailUrl":"https:\/\/ppdegalicia.com\/wp-content\/uploads\/2023\/03\/34a8b2917baf842126ae02b0152a473f.jpg","articleSection":["PP de Galicia"],"inLanguage":"es","potentialAction":[{"@type":"CommentAction","name":"Comment","target":["https:\/\/ppdegalicia.com\/es\/o-grupo-popular-afirma-que-a-xunta-traballa-no-estatuto-da-muller-rural-e-do-mar-que-se-integrara-na-nova-lei-de-igualdade-de-galicia\/#respond"]}]},{"@type":"WebPage","@id":"https:\/\/ppdegalicia.com\/es\/o-grupo-popular-afirma-que-a-xunta-traballa-no-estatuto-da-muller-rural-e-do-mar-que-se-integrara-na-nova-lei-de-igualdade-de-galicia\/","url":"https:\/\/ppdegalicia.com\/es\/o-grupo-popular-afirma-que-a-xunta-traballa-no-estatuto-da-muller-rural-e-do-mar-que-se-integrara-na-nova-lei-de-igualdade-de-galicia\/","name":"O Grupo Popular afirma que a Xunta traballa no Estatuto da muller rural e do mar, que se integrar\u00e1 na nova Lei de igualdade de Galicia - PP de Galicia","isPartOf":{"@id":"https:\/\/ppdegalicia.com\/es\/#website"},"primaryImageOfPage":{"@id":"https:\/\/ppdegalicia.com\/es\/o-grupo-popular-afirma-que-a-xunta-traballa-no-estatuto-da-muller-rural-e-do-mar-que-se-integrara-na-nova-lei-de-igualdade-de-galicia\/#primaryimage"},"image":{"@id":"https:\/\/ppdegalicia.com\/es\/o-grupo-popular-afirma-que-a-xunta-traballa-no-estatuto-da-muller-rural-e-do-mar-que-se-integrara-na-nova-lei-de-igualdade-de-galicia\/#primaryimage"},"thumbnailUrl":"https:\/\/ppdegalicia.com\/wp-content\/uploads\/2023\/03\/34a8b2917baf842126ae02b0152a473f.jpg","datePublished":"2023-03-24T07:47:48+00:00","breadcrumb":{"@id":"https:\/\/ppdegalicia.com\/es\/o-grupo-popular-afirma-que-a-xunta-traballa-no-estatuto-da-muller-rural-e-do-mar-que-se-integrara-na-nova-lei-de-igualdade-de-galicia\/#breadcrumb"},"inLanguage":"es","potentialAction":[{"@type":"ReadAction","target":["https:\/\/ppdegalicia.com\/es\/o-grupo-popular-afirma-que-a-xunta-traballa-no-estatuto-da-muller-rural-e-do-mar-que-se-integrara-na-nova-lei-de-igualdade-de-galicia\/"]}]},{"@type":"ImageObject","inLanguage":"es","@id":"https:\/\/ppdegalicia.com\/es\/o-grupo-popular-afirma-que-a-xunta-traballa-no-estatuto-da-muller-rural-e-do-mar-que-se-integrara-na-nova-lei-de-igualdade-de-galicia\/#primaryimage","url":"https:\/\/ppdegalicia.com\/wp-content\/uploads\/2023\/03\/34a8b2917baf842126ae02b0152a473f.jpg","contentUrl":"https:\/\/ppdegalicia.com\/wp-content\/uploads\/2023\/03\/34a8b2917baf842126ae02b0152a473f.jpg","width":1900,"height":1267},{"@type":"BreadcrumbList","@id":"https:\/\/ppdegalicia.com\/es\/o-grupo-popular-afirma-que-a-xunta-traballa-no-estatuto-da-muller-rural-e-do-mar-que-se-integrara-na-nova-lei-de-igualdade-de-galicia\/#breadcrumb","itemListElement":[{"@type":"ListItem","position":1,"name":"Portada","item":"https:\/\/ppdegalicia.com\/es\/"},{"@type":"ListItem","position":2,"name":"O Grupo Popular afirma que a Xunta traballa no Estatuto da muller rural e do mar, que se integrar\u00e1 na nova Lei de igualdade de Galicia"}]},{"@type":"WebSite","@id":"https:\/\/ppdegalicia.com\/es\/#website","url":"https:\/\/ppdegalicia.com\/es\/","name":"Partido Popular de Galicia","description":"Partido Popular de Galicia","publisher":{"@id":"https:\/\/ppdegalicia.com\/es\/#organization"},"alternateName":"PP de Galicia","potentialAction":[{"@type":"SearchAction","target":{"@type":"EntryPoint","urlTemplate":"https:\/\/ppdegalicia.com\/es\/?s={search_term_string}"},"query-input":{"@type":"PropertyValueSpecification","valueRequired":true,"valueName":"search_term_string"}}],"inLanguage":"es"},{"@type":"Organization","@id":"https:\/\/ppdegalicia.com\/es\/#organization","name":"Partido Popular de Galicia","alternateName":"PP de Galicia","url":"https:\/\/ppdegalicia.com\/es\/","logo":{"@type":"ImageObject","inLanguage":"es","@id":"https:\/\/ppdegalicia.com\/es\/#\/schema\/logo\/image\/","url":"https:\/\/ppdegalicia.com\/wp-content\/uploads\/2023\/04\/logoPP512.png","contentUrl":"https:\/\/ppdegalicia.com\/wp-content\/uploads\/2023\/04\/logoPP512.png","width":512,"height":512,"caption":"Partido Popular de Galicia"},"image":{"@id":"https:\/\/ppdegalicia.com\/es\/#\/schema\/logo\/image\/"},"sameAs":["https:\/\/www.instagram.com\/ppdegalicia\/","https:\/\/x.com\/ppdegalicia","https:\/\/www.tiktok.com\/@ppdegalicia","https:\/\/www.youtube.com\/user\/ppdegalicia"]},{"@type":"Person","@id":"https:\/\/ppdegalicia.com\/es\/#\/schema\/person\/5b822c6f59e872ebdd1142f307dbcb59","name":"ppdegaliciaredes","image":{"@type":"ImageObject","inLanguage":"es","@id":"https:\/\/secure.gravatar.com\/avatar\/3c9179cf0256d00c72a48d1f25783c58b6842cd56e85ef3a572881c8e28ccd59?s=96&d=mm&r=g","url":"https:\/\/secure.gravatar.com\/avatar\/3c9179cf0256d00c72a48d1f25783c58b6842cd56e85ef3a572881c8e28ccd59?s=96&d=mm&r=g","contentUrl":"https:\/\/secure.gravatar.com\/avatar\/3c9179cf0256d00c72a48d1f25783c58b6842cd56e85ef3a572881c8e28ccd59?s=96&d=mm&r=g","caption":"ppdegaliciaredes"},"url":"https:\/\/ppdegalicia.com\/es\/author\/ppdegaliciaredes\/"}]}},"_links":{"self":[{"href":"https:\/\/ppdegalicia.com\/es\/wp-json\/wp\/v2\/posts\/58047","targetHints":{"allow":["GET"]}}],"collection":[{"href":"https:\/\/ppdegalicia.com\/es\/wp-json\/wp\/v2\/posts"}],"about":[{"href":"https:\/\/ppdegalicia.com\/es\/wp-json\/wp\/v2\/types\/post"}],"author":[{"embeddable":true,"href":"https:\/\/ppdegalicia.com\/es\/wp-json\/wp\/v2\/users\/38"}],"replies":[{"embeddable":true,"href":"https:\/\/ppdegalicia.com\/es\/wp-json\/wp\/v2\/comments?post=58047"}],"version-history":[{"count":0,"href":"https:\/\/ppdegalicia.com\/es\/wp-json\/wp\/v2\/posts\/58047\/revisions"}],"wp:featuredmedia":[{"embeddable":true,"href":"https:\/\/ppdegalicia.com\/es\/wp-json\/wp\/v2\/media\/58046"}],"wp:attachment":[{"href":"https:\/\/ppdegalicia.com\/es\/wp-json\/wp\/v2\/media?parent=58047"}],"wp:term":[{"taxonomy":"category","embeddable":true,"href":"https:\/\/ppdegalicia.com\/es\/wp-json\/wp\/v2\/categories?post=58047"},{"taxonomy":"post_tag","embeddable":true,"href":"https:\/\/ppdegalicia.com\/es\/wp-json\/wp\/v2\/tags?post=58047"}],"curies":[{"name":"wp","href":"https:\/\/api.w.org\/{rel}","templated":true}]}}