{"id":58057,"date":"2023-03-24T17:23:03","date_gmt":"2023-03-24T15:23:03","guid":{"rendered":"https:\/\/ppdegalicia.com\/o-grupo-popular-lamenta-que-o-psdeg-deixara-pasar-a-oportunidade-de-pedir-a-xunta-un-estudo-sobre-a-demanda-para-cursar-danza-e-valorar-a-apertura-dun-conservatorio-en-santiago\/"},"modified":"2023-03-24T17:23:03","modified_gmt":"2023-03-24T15:23:03","slug":"o-grupo-popular-lamenta-que-o-psdeg-deixara-pasar-a-oportunidade-de-pedir-a-xunta-un-estudo-sobre-a-demanda-para-cursar-danza-e-valorar-a-apertura-dun-conservatorio-en-santiago","status":"publish","type":"post","link":"https:\/\/ppdegalicia.com\/es\/o-grupo-popular-lamenta-que-o-psdeg-deixara-pasar-a-oportunidade-de-pedir-a-xunta-un-estudo-sobre-a-demanda-para-cursar-danza-e-valorar-a-apertura-dun-conservatorio-en-santiago\/","title":{"rendered":"O Grupo Popular lamenta que o PSdeG deixara pasar a oportunidade de pedir \u00e1 Xunta un estudo sobre a demanda para cursar danza e valorar a apertura dun Conservatorio en Santiago"},"content":{"rendered":"<p><img fetchpriority=\"high\" decoding=\"async\" class=\" size-full wp-image-58056\" src=\"https:\/\/ppdegalicia.com\/wp-content\/uploads\/2023\/03\/282e45a4ec0ddd3190f0c0461decdc88.jpg\" alt=\"\" width=\"1900\" height=\"1267\" srcset=\"https:\/\/ppdegalicia.com\/wp-content\/uploads\/2023\/03\/282e45a4ec0ddd3190f0c0461decdc88.jpg 1900w, https:\/\/ppdegalicia.com\/wp-content\/uploads\/2023\/03\/282e45a4ec0ddd3190f0c0461decdc88-300x200.jpg 300w, https:\/\/ppdegalicia.com\/wp-content\/uploads\/2023\/03\/282e45a4ec0ddd3190f0c0461decdc88-1024x683.jpg 1024w, https:\/\/ppdegalicia.com\/wp-content\/uploads\/2023\/03\/282e45a4ec0ddd3190f0c0461decdc88-768x512.jpg 768w, https:\/\/ppdegalicia.com\/wp-content\/uploads\/2023\/03\/282e45a4ec0ddd3190f0c0461decdc88-1536x1024.jpg 1536w\" sizes=\"(max-width: 1900px) 100vw, 1900px\" \/><\/p>\n<p>24 de marzo de 2023. A deputada do Grupo Popular Teresa Egerique lamentou que os socialistas \u201cdeixaran pasar hoxe a oportunidade para que desde o Parlamento galego se pedira \u00e1 Xunta que elaborara unha an\u00e1lise sobre a demanda para cursar ensinanzas profesionais de danza en Galicia, a fin de valorar a necesidade de apertura dun novo Conservatorio Profesional de Danza en Santiago de Compostela\u201d.<\/p>\n<p><!--more--><\/p>\n<p>Teresa Egerique lembrou que na actualidade existen en Galicia dous conservatorios de danza de titularidade p\u00fablica: un en A Coru\u00f1a, de titularidade da Deputaci\u00f3n Provincial; e outro en Lugo, xestionado pola Conseller\u00eda de Educaci\u00f3n. Ademais, existen 5 centros autorizados de danza de titularidade privada e 12 escolas de danza (2 de titularidade p\u00fablica, xestionadas polos concellos de Ponteceso e Oleiros; e 10 privadas).<\/p>\n<p>\u00a0<\/p>\n<p>\u201cConsideramos oportuno que desde a Conseller\u00eda se leve adiante un estudo para co\u00f1ecer a demanda real existente en Santiago antes de acometer unha obra que supor\u00e1 un importante investimento\u201d, apuntou a deputada popular. <\/p>\n","protected":false},"excerpt":{"rendered":"<p>24 de marzo de 2023. A deputada do Grupo Popular Teresa Egerique lamentou que os socialistas \u201cdeixaran pasar hoxe a oportunidade para que desde o Parlamento galego se pedira \u00e1 Xunta que elaborara unha an\u00e1lise sobre a demanda para cursar ensinanzas profesionais de danza en Galicia, a fin de valorar a necesidade de apertura dun [&hellip;]<\/p>\n","protected":false},"author":38,"featured_media":58056,"comment_status":"open","ping_status":"open","sticky":false,"template":"","format":"standard","meta":{"_acf_changed":false,"footnotes":""},"categories":[1],"tags":[],"class_list":["post-58057","post","type-post","status-publish","format-standard","has-post-thumbnail","hentry","category-pp-de-galicia"],"acf":[],"yoast_head":"<!-- This site is optimized with the Yoast SEO plugin v27.3 - https:\/\/yoast.com\/product\/yoast-seo-wordpress\/ -->\n<title>O Grupo Popular lamenta que o PSdeG deixara pasar a oportunidade de pedir \u00e1 Xunta un estudo sobre a demanda para cursar danza e valorar a apertura dun Conservatorio en Santiago - PP de Galicia<\/title>\n<meta name=\"robots\" content=\"index, follow, max-snippet:-1, max-image-preview:large, max-video-preview:-1\" \/>\n<link rel=\"canonical\" href=\"https:\/\/ppdegalicia.com\/es\/o-grupo-popular-lamenta-que-o-psdeg-deixara-pasar-a-oportunidade-de-pedir-a-xunta-un-estudo-sobre-a-demanda-para-cursar-danza-e-valorar-a-apertura-dun-conservatorio-en-santiago\/\" \/>\n<meta property=\"og:locale\" content=\"es_ES\" \/>\n<meta property=\"og:type\" content=\"article\" \/>\n<meta property=\"og:title\" content=\"O Grupo Popular lamenta que o PSdeG deixara pasar a oportunidade de pedir \u00e1 Xunta un estudo sobre a demanda para cursar danza e valorar a apertura dun Conservatorio en Santiago - PP de Galicia\" \/>\n<meta property=\"og:description\" content=\"24 de marzo de 2023. A deputada do Grupo Popular Teresa Egerique lamentou que os socialistas \u201cdeixaran pasar hoxe a oportunidade para que desde o Parlamento galego se pedira \u00e1 Xunta que elaborara unha an\u00e1lise sobre a demanda para cursar ensinanzas profesionais de danza en Galicia, a fin de valorar a necesidade de apertura dun [&hellip;]\" \/>\n<meta property=\"og:url\" content=\"https:\/\/ppdegalicia.com\/es\/o-grupo-popular-lamenta-que-o-psdeg-deixara-pasar-a-oportunidade-de-pedir-a-xunta-un-estudo-sobre-a-demanda-para-cursar-danza-e-valorar-a-apertura-dun-conservatorio-en-santiago\/\" \/>\n<meta property=\"og:site_name\" content=\"PP de Galicia\" \/>\n<meta property=\"article:publisher\" content=\"https:\/\/www.instagram.com\/ppdegalicia\/\" \/>\n<meta property=\"article:published_time\" content=\"2023-03-24T15:23:03+00:00\" \/>\n<meta property=\"og:image\" content=\"https:\/\/ppdegalicia.com\/wp-content\/uploads\/2023\/03\/282e45a4ec0ddd3190f0c0461decdc88.jpg\" \/>\n\t<meta property=\"og:image:width\" content=\"1900\" \/>\n\t<meta property=\"og:image:height\" content=\"1267\" \/>\n\t<meta property=\"og:image:type\" content=\"image\/jpeg\" \/>\n<meta name=\"author\" content=\"ppdegaliciaredes\" \/>\n<meta name=\"twitter:card\" content=\"summary_large_image\" \/>\n<meta name=\"twitter:creator\" content=\"@ppdegalicia\" \/>\n<meta name=\"twitter:site\" content=\"@ppdegalicia\" \/>\n<meta name=\"twitter:label1\" content=\"Escrito por\" \/>\n\t<meta name=\"twitter:data1\" content=\"ppdegaliciaredes\" \/>\n\t<meta name=\"twitter:label2\" content=\"Tiempo de lectura\" \/>\n\t<meta name=\"twitter:data2\" content=\"1 minuto\" \/>\n<script type=\"application\/ld+json\" class=\"yoast-schema-graph\">{\"@context\":\"https:\\\/\\\/schema.org\",\"@graph\":[{\"@type\":\"Article\",\"@id\":\"https:\\\/\\\/ppdegalicia.com\\\/es\\\/o-grupo-popular-lamenta-que-o-psdeg-deixara-pasar-a-oportunidade-de-pedir-a-xunta-un-estudo-sobre-a-demanda-para-cursar-danza-e-valorar-a-apertura-dun-conservatorio-en-santiago\\\/#article\",\"isPartOf\":{\"@id\":\"https:\\\/\\\/ppdegalicia.com\\\/es\\\/o-grupo-popular-lamenta-que-o-psdeg-deixara-pasar-a-oportunidade-de-pedir-a-xunta-un-estudo-sobre-a-demanda-para-cursar-danza-e-valorar-a-apertura-dun-conservatorio-en-santiago\\\/\"},\"author\":{\"name\":\"ppdegaliciaredes\",\"@id\":\"https:\\\/\\\/ppdegalicia.com\\\/es\\\/#\\\/schema\\\/person\\\/5b822c6f59e872ebdd1142f307dbcb59\"},\"headline\":\"O Grupo Popular lamenta que o PSdeG deixara pasar a oportunidade de pedir \u00e1 Xunta un estudo sobre a demanda para cursar danza e valorar a apertura dun Conservatorio en Santiago\",\"datePublished\":\"2023-03-24T15:23:03+00:00\",\"mainEntityOfPage\":{\"@id\":\"https:\\\/\\\/ppdegalicia.com\\\/es\\\/o-grupo-popular-lamenta-que-o-psdeg-deixara-pasar-a-oportunidade-de-pedir-a-xunta-un-estudo-sobre-a-demanda-para-cursar-danza-e-valorar-a-apertura-dun-conservatorio-en-santiago\\\/\"},\"wordCount\":192,\"commentCount\":0,\"publisher\":{\"@id\":\"https:\\\/\\\/ppdegalicia.com\\\/es\\\/#organization\"},\"image\":{\"@id\":\"https:\\\/\\\/ppdegalicia.com\\\/es\\\/o-grupo-popular-lamenta-que-o-psdeg-deixara-pasar-a-oportunidade-de-pedir-a-xunta-un-estudo-sobre-a-demanda-para-cursar-danza-e-valorar-a-apertura-dun-conservatorio-en-santiago\\\/#primaryimage\"},\"thumbnailUrl\":\"https:\\\/\\\/ppdegalicia.com\\\/wp-content\\\/uploads\\\/2023\\\/03\\\/282e45a4ec0ddd3190f0c0461decdc88.jpg\",\"articleSection\":[\"PP de Galicia\"],\"inLanguage\":\"es\",\"potentialAction\":[{\"@type\":\"CommentAction\",\"name\":\"Comment\",\"target\":[\"https:\\\/\\\/ppdegalicia.com\\\/es\\\/o-grupo-popular-lamenta-que-o-psdeg-deixara-pasar-a-oportunidade-de-pedir-a-xunta-un-estudo-sobre-a-demanda-para-cursar-danza-e-valorar-a-apertura-dun-conservatorio-en-santiago\\\/#respond\"]}]},{\"@type\":\"WebPage\",\"@id\":\"https:\\\/\\\/ppdegalicia.com\\\/es\\\/o-grupo-popular-lamenta-que-o-psdeg-deixara-pasar-a-oportunidade-de-pedir-a-xunta-un-estudo-sobre-a-demanda-para-cursar-danza-e-valorar-a-apertura-dun-conservatorio-en-santiago\\\/\",\"url\":\"https:\\\/\\\/ppdegalicia.com\\\/es\\\/o-grupo-popular-lamenta-que-o-psdeg-deixara-pasar-a-oportunidade-de-pedir-a-xunta-un-estudo-sobre-a-demanda-para-cursar-danza-e-valorar-a-apertura-dun-conservatorio-en-santiago\\\/\",\"name\":\"O Grupo Popular lamenta que o PSdeG deixara pasar a oportunidade de pedir \u00e1 Xunta un estudo sobre a demanda para cursar danza e valorar a apertura dun Conservatorio en Santiago - PP de Galicia\",\"isPartOf\":{\"@id\":\"https:\\\/\\\/ppdegalicia.com\\\/es\\\/#website\"},\"primaryImageOfPage\":{\"@id\":\"https:\\\/\\\/ppdegalicia.com\\\/es\\\/o-grupo-popular-lamenta-que-o-psdeg-deixara-pasar-a-oportunidade-de-pedir-a-xunta-un-estudo-sobre-a-demanda-para-cursar-danza-e-valorar-a-apertura-dun-conservatorio-en-santiago\\\/#primaryimage\"},\"image\":{\"@id\":\"https:\\\/\\\/ppdegalicia.com\\\/es\\\/o-grupo-popular-lamenta-que-o-psdeg-deixara-pasar-a-oportunidade-de-pedir-a-xunta-un-estudo-sobre-a-demanda-para-cursar-danza-e-valorar-a-apertura-dun-conservatorio-en-santiago\\\/#primaryimage\"},\"thumbnailUrl\":\"https:\\\/\\\/ppdegalicia.com\\\/wp-content\\\/uploads\\\/2023\\\/03\\\/282e45a4ec0ddd3190f0c0461decdc88.jpg\",\"datePublished\":\"2023-03-24T15:23:03+00:00\",\"breadcrumb\":{\"@id\":\"https:\\\/\\\/ppdegalicia.com\\\/es\\\/o-grupo-popular-lamenta-que-o-psdeg-deixara-pasar-a-oportunidade-de-pedir-a-xunta-un-estudo-sobre-a-demanda-para-cursar-danza-e-valorar-a-apertura-dun-conservatorio-en-santiago\\\/#breadcrumb\"},\"inLanguage\":\"es\",\"potentialAction\":[{\"@type\":\"ReadAction\",\"target\":[\"https:\\\/\\\/ppdegalicia.com\\\/es\\\/o-grupo-popular-lamenta-que-o-psdeg-deixara-pasar-a-oportunidade-de-pedir-a-xunta-un-estudo-sobre-a-demanda-para-cursar-danza-e-valorar-a-apertura-dun-conservatorio-en-santiago\\\/\"]}]},{\"@type\":\"ImageObject\",\"inLanguage\":\"es\",\"@id\":\"https:\\\/\\\/ppdegalicia.com\\\/es\\\/o-grupo-popular-lamenta-que-o-psdeg-deixara-pasar-a-oportunidade-de-pedir-a-xunta-un-estudo-sobre-a-demanda-para-cursar-danza-e-valorar-a-apertura-dun-conservatorio-en-santiago\\\/#primaryimage\",\"url\":\"https:\\\/\\\/ppdegalicia.com\\\/wp-content\\\/uploads\\\/2023\\\/03\\\/282e45a4ec0ddd3190f0c0461decdc88.jpg\",\"contentUrl\":\"https:\\\/\\\/ppdegalicia.com\\\/wp-content\\\/uploads\\\/2023\\\/03\\\/282e45a4ec0ddd3190f0c0461decdc88.jpg\",\"width\":1900,\"height\":1267},{\"@type\":\"BreadcrumbList\",\"@id\":\"https:\\\/\\\/ppdegalicia.com\\\/es\\\/o-grupo-popular-lamenta-que-o-psdeg-deixara-pasar-a-oportunidade-de-pedir-a-xunta-un-estudo-sobre-a-demanda-para-cursar-danza-e-valorar-a-apertura-dun-conservatorio-en-santiago\\\/#breadcrumb\",\"itemListElement\":[{\"@type\":\"ListItem\",\"position\":1,\"name\":\"Portada\",\"item\":\"https:\\\/\\\/ppdegalicia.com\\\/es\\\/\"},{\"@type\":\"ListItem\",\"position\":2,\"name\":\"O Grupo Popular lamenta que o PSdeG deixara pasar a oportunidade de pedir \u00e1 Xunta un estudo sobre a demanda para cursar danza e valorar a apertura dun Conservatorio en Santiago\"}]},{\"@type\":\"WebSite\",\"@id\":\"https:\\\/\\\/ppdegalicia.com\\\/es\\\/#website\",\"url\":\"https:\\\/\\\/ppdegalicia.com\\\/es\\\/\",\"name\":\"Partido Popular de Galicia\",\"description\":\"Partido Popular de Galicia\",\"publisher\":{\"@id\":\"https:\\\/\\\/ppdegalicia.com\\\/es\\\/#organization\"},\"alternateName\":\"PP de Galicia\",\"potentialAction\":[{\"@type\":\"SearchAction\",\"target\":{\"@type\":\"EntryPoint\",\"urlTemplate\":\"https:\\\/\\\/ppdegalicia.com\\\/es\\\/?s={search_term_string}\"},\"query-input\":{\"@type\":\"PropertyValueSpecification\",\"valueRequired\":true,\"valueName\":\"search_term_string\"}}],\"inLanguage\":\"es\"},{\"@type\":\"Organization\",\"@id\":\"https:\\\/\\\/ppdegalicia.com\\\/es\\\/#organization\",\"name\":\"Partido Popular de Galicia\",\"alternateName\":\"PP de Galicia\",\"url\":\"https:\\\/\\\/ppdegalicia.com\\\/es\\\/\",\"logo\":{\"@type\":\"ImageObject\",\"inLanguage\":\"es\",\"@id\":\"https:\\\/\\\/ppdegalicia.com\\\/es\\\/#\\\/schema\\\/logo\\\/image\\\/\",\"url\":\"https:\\\/\\\/ppdegalicia.com\\\/wp-content\\\/uploads\\\/2023\\\/04\\\/logoPP512.png\",\"contentUrl\":\"https:\\\/\\\/ppdegalicia.com\\\/wp-content\\\/uploads\\\/2023\\\/04\\\/logoPP512.png\",\"width\":512,\"height\":512,\"caption\":\"Partido Popular de Galicia\"},\"image\":{\"@id\":\"https:\\\/\\\/ppdegalicia.com\\\/es\\\/#\\\/schema\\\/logo\\\/image\\\/\"},\"sameAs\":[\"https:\\\/\\\/www.instagram.com\\\/ppdegalicia\\\/\",\"https:\\\/\\\/x.com\\\/ppdegalicia\",\"https:\\\/\\\/www.tiktok.com\\\/@ppdegalicia\",\"https:\\\/\\\/www.youtube.com\\\/user\\\/ppdegalicia\"]},{\"@type\":\"Person\",\"@id\":\"https:\\\/\\\/ppdegalicia.com\\\/es\\\/#\\\/schema\\\/person\\\/5b822c6f59e872ebdd1142f307dbcb59\",\"name\":\"ppdegaliciaredes\",\"image\":{\"@type\":\"ImageObject\",\"inLanguage\":\"es\",\"@id\":\"https:\\\/\\\/secure.gravatar.com\\\/avatar\\\/3c9179cf0256d00c72a48d1f25783c58b6842cd56e85ef3a572881c8e28ccd59?s=96&d=mm&r=g\",\"url\":\"https:\\\/\\\/secure.gravatar.com\\\/avatar\\\/3c9179cf0256d00c72a48d1f25783c58b6842cd56e85ef3a572881c8e28ccd59?s=96&d=mm&r=g\",\"contentUrl\":\"https:\\\/\\\/secure.gravatar.com\\\/avatar\\\/3c9179cf0256d00c72a48d1f25783c58b6842cd56e85ef3a572881c8e28ccd59?s=96&d=mm&r=g\",\"caption\":\"ppdegaliciaredes\"},\"url\":\"https:\\\/\\\/ppdegalicia.com\\\/es\\\/author\\\/ppdegaliciaredes\\\/\"}]}<\/script>\n<!-- \/ Yoast SEO plugin. -->","yoast_head_json":{"title":"O Grupo Popular lamenta que o PSdeG deixara pasar a oportunidade de pedir \u00e1 Xunta un estudo sobre a demanda para cursar danza e valorar a apertura dun Conservatorio en Santiago - PP de Galicia","robots":{"index":"index","follow":"follow","max-snippet":"max-snippet:-1","max-image-preview":"max-image-preview:large","max-video-preview":"max-video-preview:-1"},"canonical":"https:\/\/ppdegalicia.com\/es\/o-grupo-popular-lamenta-que-o-psdeg-deixara-pasar-a-oportunidade-de-pedir-a-xunta-un-estudo-sobre-a-demanda-para-cursar-danza-e-valorar-a-apertura-dun-conservatorio-en-santiago\/","og_locale":"es_ES","og_type":"article","og_title":"O Grupo Popular lamenta que o PSdeG deixara pasar a oportunidade de pedir \u00e1 Xunta un estudo sobre a demanda para cursar danza e valorar a apertura dun Conservatorio en Santiago - PP de Galicia","og_description":"24 de marzo de 2023. A deputada do Grupo Popular Teresa Egerique lamentou que os socialistas \u201cdeixaran pasar hoxe a oportunidade para que desde o Parlamento galego se pedira \u00e1 Xunta que elaborara unha an\u00e1lise sobre a demanda para cursar ensinanzas profesionais de danza en Galicia, a fin de valorar a necesidade de apertura dun [&hellip;]","og_url":"https:\/\/ppdegalicia.com\/es\/o-grupo-popular-lamenta-que-o-psdeg-deixara-pasar-a-oportunidade-de-pedir-a-xunta-un-estudo-sobre-a-demanda-para-cursar-danza-e-valorar-a-apertura-dun-conservatorio-en-santiago\/","og_site_name":"PP de Galicia","article_publisher":"https:\/\/www.instagram.com\/ppdegalicia\/","article_published_time":"2023-03-24T15:23:03+00:00","og_image":[{"width":1900,"height":1267,"url":"https:\/\/ppdegalicia.com\/wp-content\/uploads\/2023\/03\/282e45a4ec0ddd3190f0c0461decdc88.jpg","type":"image\/jpeg"}],"author":"ppdegaliciaredes","twitter_card":"summary_large_image","twitter_creator":"@ppdegalicia","twitter_site":"@ppdegalicia","twitter_misc":{"Escrito por":"ppdegaliciaredes","Tiempo de lectura":"1 minuto"},"schema":{"@context":"https:\/\/schema.org","@graph":[{"@type":"Article","@id":"https:\/\/ppdegalicia.com\/es\/o-grupo-popular-lamenta-que-o-psdeg-deixara-pasar-a-oportunidade-de-pedir-a-xunta-un-estudo-sobre-a-demanda-para-cursar-danza-e-valorar-a-apertura-dun-conservatorio-en-santiago\/#article","isPartOf":{"@id":"https:\/\/ppdegalicia.com\/es\/o-grupo-popular-lamenta-que-o-psdeg-deixara-pasar-a-oportunidade-de-pedir-a-xunta-un-estudo-sobre-a-demanda-para-cursar-danza-e-valorar-a-apertura-dun-conservatorio-en-santiago\/"},"author":{"name":"ppdegaliciaredes","@id":"https:\/\/ppdegalicia.com\/es\/#\/schema\/person\/5b822c6f59e872ebdd1142f307dbcb59"},"headline":"O Grupo Popular lamenta que o PSdeG deixara pasar a oportunidade de pedir \u00e1 Xunta un estudo sobre a demanda para cursar danza e valorar a apertura dun Conservatorio en Santiago","datePublished":"2023-03-24T15:23:03+00:00","mainEntityOfPage":{"@id":"https:\/\/ppdegalicia.com\/es\/o-grupo-popular-lamenta-que-o-psdeg-deixara-pasar-a-oportunidade-de-pedir-a-xunta-un-estudo-sobre-a-demanda-para-cursar-danza-e-valorar-a-apertura-dun-conservatorio-en-santiago\/"},"wordCount":192,"commentCount":0,"publisher":{"@id":"https:\/\/ppdegalicia.com\/es\/#organization"},"image":{"@id":"https:\/\/ppdegalicia.com\/es\/o-grupo-popular-lamenta-que-o-psdeg-deixara-pasar-a-oportunidade-de-pedir-a-xunta-un-estudo-sobre-a-demanda-para-cursar-danza-e-valorar-a-apertura-dun-conservatorio-en-santiago\/#primaryimage"},"thumbnailUrl":"https:\/\/ppdegalicia.com\/wp-content\/uploads\/2023\/03\/282e45a4ec0ddd3190f0c0461decdc88.jpg","articleSection":["PP de Galicia"],"inLanguage":"es","potentialAction":[{"@type":"CommentAction","name":"Comment","target":["https:\/\/ppdegalicia.com\/es\/o-grupo-popular-lamenta-que-o-psdeg-deixara-pasar-a-oportunidade-de-pedir-a-xunta-un-estudo-sobre-a-demanda-para-cursar-danza-e-valorar-a-apertura-dun-conservatorio-en-santiago\/#respond"]}]},{"@type":"WebPage","@id":"https:\/\/ppdegalicia.com\/es\/o-grupo-popular-lamenta-que-o-psdeg-deixara-pasar-a-oportunidade-de-pedir-a-xunta-un-estudo-sobre-a-demanda-para-cursar-danza-e-valorar-a-apertura-dun-conservatorio-en-santiago\/","url":"https:\/\/ppdegalicia.com\/es\/o-grupo-popular-lamenta-que-o-psdeg-deixara-pasar-a-oportunidade-de-pedir-a-xunta-un-estudo-sobre-a-demanda-para-cursar-danza-e-valorar-a-apertura-dun-conservatorio-en-santiago\/","name":"O Grupo Popular lamenta que o PSdeG deixara pasar a oportunidade de pedir \u00e1 Xunta un estudo sobre a demanda para cursar danza e valorar a apertura dun Conservatorio en Santiago - PP de Galicia","isPartOf":{"@id":"https:\/\/ppdegalicia.com\/es\/#website"},"primaryImageOfPage":{"@id":"https:\/\/ppdegalicia.com\/es\/o-grupo-popular-lamenta-que-o-psdeg-deixara-pasar-a-oportunidade-de-pedir-a-xunta-un-estudo-sobre-a-demanda-para-cursar-danza-e-valorar-a-apertura-dun-conservatorio-en-santiago\/#primaryimage"},"image":{"@id":"https:\/\/ppdegalicia.com\/es\/o-grupo-popular-lamenta-que-o-psdeg-deixara-pasar-a-oportunidade-de-pedir-a-xunta-un-estudo-sobre-a-demanda-para-cursar-danza-e-valorar-a-apertura-dun-conservatorio-en-santiago\/#primaryimage"},"thumbnailUrl":"https:\/\/ppdegalicia.com\/wp-content\/uploads\/2023\/03\/282e45a4ec0ddd3190f0c0461decdc88.jpg","datePublished":"2023-03-24T15:23:03+00:00","breadcrumb":{"@id":"https:\/\/ppdegalicia.com\/es\/o-grupo-popular-lamenta-que-o-psdeg-deixara-pasar-a-oportunidade-de-pedir-a-xunta-un-estudo-sobre-a-demanda-para-cursar-danza-e-valorar-a-apertura-dun-conservatorio-en-santiago\/#breadcrumb"},"inLanguage":"es","potentialAction":[{"@type":"ReadAction","target":["https:\/\/ppdegalicia.com\/es\/o-grupo-popular-lamenta-que-o-psdeg-deixara-pasar-a-oportunidade-de-pedir-a-xunta-un-estudo-sobre-a-demanda-para-cursar-danza-e-valorar-a-apertura-dun-conservatorio-en-santiago\/"]}]},{"@type":"ImageObject","inLanguage":"es","@id":"https:\/\/ppdegalicia.com\/es\/o-grupo-popular-lamenta-que-o-psdeg-deixara-pasar-a-oportunidade-de-pedir-a-xunta-un-estudo-sobre-a-demanda-para-cursar-danza-e-valorar-a-apertura-dun-conservatorio-en-santiago\/#primaryimage","url":"https:\/\/ppdegalicia.com\/wp-content\/uploads\/2023\/03\/282e45a4ec0ddd3190f0c0461decdc88.jpg","contentUrl":"https:\/\/ppdegalicia.com\/wp-content\/uploads\/2023\/03\/282e45a4ec0ddd3190f0c0461decdc88.jpg","width":1900,"height":1267},{"@type":"BreadcrumbList","@id":"https:\/\/ppdegalicia.com\/es\/o-grupo-popular-lamenta-que-o-psdeg-deixara-pasar-a-oportunidade-de-pedir-a-xunta-un-estudo-sobre-a-demanda-para-cursar-danza-e-valorar-a-apertura-dun-conservatorio-en-santiago\/#breadcrumb","itemListElement":[{"@type":"ListItem","position":1,"name":"Portada","item":"https:\/\/ppdegalicia.com\/es\/"},{"@type":"ListItem","position":2,"name":"O Grupo Popular lamenta que o PSdeG deixara pasar a oportunidade de pedir \u00e1 Xunta un estudo sobre a demanda para cursar danza e valorar a apertura dun Conservatorio en Santiago"}]},{"@type":"WebSite","@id":"https:\/\/ppdegalicia.com\/es\/#website","url":"https:\/\/ppdegalicia.com\/es\/","name":"Partido Popular de Galicia","description":"Partido Popular de Galicia","publisher":{"@id":"https:\/\/ppdegalicia.com\/es\/#organization"},"alternateName":"PP de Galicia","potentialAction":[{"@type":"SearchAction","target":{"@type":"EntryPoint","urlTemplate":"https:\/\/ppdegalicia.com\/es\/?s={search_term_string}"},"query-input":{"@type":"PropertyValueSpecification","valueRequired":true,"valueName":"search_term_string"}}],"inLanguage":"es"},{"@type":"Organization","@id":"https:\/\/ppdegalicia.com\/es\/#organization","name":"Partido Popular de Galicia","alternateName":"PP de Galicia","url":"https:\/\/ppdegalicia.com\/es\/","logo":{"@type":"ImageObject","inLanguage":"es","@id":"https:\/\/ppdegalicia.com\/es\/#\/schema\/logo\/image\/","url":"https:\/\/ppdegalicia.com\/wp-content\/uploads\/2023\/04\/logoPP512.png","contentUrl":"https:\/\/ppdegalicia.com\/wp-content\/uploads\/2023\/04\/logoPP512.png","width":512,"height":512,"caption":"Partido Popular de Galicia"},"image":{"@id":"https:\/\/ppdegalicia.com\/es\/#\/schema\/logo\/image\/"},"sameAs":["https:\/\/www.instagram.com\/ppdegalicia\/","https:\/\/x.com\/ppdegalicia","https:\/\/www.tiktok.com\/@ppdegalicia","https:\/\/www.youtube.com\/user\/ppdegalicia"]},{"@type":"Person","@id":"https:\/\/ppdegalicia.com\/es\/#\/schema\/person\/5b822c6f59e872ebdd1142f307dbcb59","name":"ppdegaliciaredes","image":{"@type":"ImageObject","inLanguage":"es","@id":"https:\/\/secure.gravatar.com\/avatar\/3c9179cf0256d00c72a48d1f25783c58b6842cd56e85ef3a572881c8e28ccd59?s=96&d=mm&r=g","url":"https:\/\/secure.gravatar.com\/avatar\/3c9179cf0256d00c72a48d1f25783c58b6842cd56e85ef3a572881c8e28ccd59?s=96&d=mm&r=g","contentUrl":"https:\/\/secure.gravatar.com\/avatar\/3c9179cf0256d00c72a48d1f25783c58b6842cd56e85ef3a572881c8e28ccd59?s=96&d=mm&r=g","caption":"ppdegaliciaredes"},"url":"https:\/\/ppdegalicia.com\/es\/author\/ppdegaliciaredes\/"}]}},"_links":{"self":[{"href":"https:\/\/ppdegalicia.com\/es\/wp-json\/wp\/v2\/posts\/58057","targetHints":{"allow":["GET"]}}],"collection":[{"href":"https:\/\/ppdegalicia.com\/es\/wp-json\/wp\/v2\/posts"}],"about":[{"href":"https:\/\/ppdegalicia.com\/es\/wp-json\/wp\/v2\/types\/post"}],"author":[{"embeddable":true,"href":"https:\/\/ppdegalicia.com\/es\/wp-json\/wp\/v2\/users\/38"}],"replies":[{"embeddable":true,"href":"https:\/\/ppdegalicia.com\/es\/wp-json\/wp\/v2\/comments?post=58057"}],"version-history":[{"count":0,"href":"https:\/\/ppdegalicia.com\/es\/wp-json\/wp\/v2\/posts\/58057\/revisions"}],"wp:featuredmedia":[{"embeddable":true,"href":"https:\/\/ppdegalicia.com\/es\/wp-json\/wp\/v2\/media\/58056"}],"wp:attachment":[{"href":"https:\/\/ppdegalicia.com\/es\/wp-json\/wp\/v2\/media?parent=58057"}],"wp:term":[{"taxonomy":"category","embeddable":true,"href":"https:\/\/ppdegalicia.com\/es\/wp-json\/wp\/v2\/categories?post=58057"},{"taxonomy":"post_tag","embeddable":true,"href":"https:\/\/ppdegalicia.com\/es\/wp-json\/wp\/v2\/tags?post=58057"}],"curies":[{"name":"wp","href":"https:\/\/api.w.org\/{rel}","templated":true}]}}