{"id":58069,"date":"2023-03-29T11:46:06","date_gmt":"2023-03-29T09:46:06","guid":{"rendered":"https:\/\/ppdegalicia.com\/paula-prado-pide-a-minones-que-exerza-a-sua-galeguidade-permitindo-a-galicia-poder-formar-mais-medicos-de-familia\/"},"modified":"2023-03-29T11:46:06","modified_gmt":"2023-03-29T09:46:06","slug":"paula-prado-pide-a-minones-que-exerza-a-sua-galeguidade-permitindo-a-galicia-poder-formar-mais-medicos-de-familia","status":"publish","type":"post","link":"https:\/\/ppdegalicia.com\/es\/paula-prado-pide-a-minones-que-exerza-a-sua-galeguidade-permitindo-a-galicia-poder-formar-mais-medicos-de-familia\/","title":{"rendered":"Paula Prado pide a Mi\u00f1ones que \u201cexerza a s\u00faa galeguidade\u201d permitindo a Galicia poder formar m\u00e1is m\u00e9dicos de familia"},"content":{"rendered":"<p><img fetchpriority=\"high\" decoding=\"async\" class=\" size-full wp-image-58068\" src=\"https:\/\/ppdegalicia.com\/wp-content\/uploads\/2023\/03\/5db1b66483e6cbd3e30a809eadb74f8c-scaled.jpg\" alt=\"\" width=\"2560\" height=\"1707\" \/><\/p>\n<p>29 de marzo de 2023. A secretaria xeral do PPdeG, Paula Prado, pediu hoxe a Jos\u00e9 Mi\u00f1ones que \u201cexerza a s\u00faa galeguidade\u201d no seu novo cargo de Ministro de Sanidade e \u201csaque do caix\u00f3n\u201d a demanda de Galicia para poder formar m\u00e1is m\u00e9dicos de familia e as\u00ed paliar o d\u00e9ficit de profesionais que sofren tanto a Sanidade p\u00fablica galega como o resto de comunidades aut\u00f3nomas.<\/p>\n<p><!--more--><\/p>\n<p>Paula Prado considera \u201chip\u00f3crita\u201d que o Goberno de S\u00e1nchez diga que \u201cnon hai m\u00e9dicos nas Comunidades onde goberna o PP por culpa do PP\u201d cando nos servizos sanitarios que son da s\u00faa competencia \u2013como \u00e9 o caso dos centros penitenciarios\u2013 \u201cten un 60% das prazas de m\u00e9dicos vacantes e \u00a0acude \u00e1 sanidade privada ou a esa Sanidade p\u00fablica galega que tanto denostan\u201d.<\/p>\n<p>\u201cO Goberno de Espa\u00f1a non pode cubrir as prazas de m\u00e9dicos polo mesmo motivo polo que a Xunta e outros gobernos auton\u00f3micos: porque non hai m\u00e9dicos dispo\u00f1ibles\u201d, remarcou antes de reiterar novamente a demanda de poder formar m\u00e1is m\u00e9dicos de familia \u201cpara cubrir esas vacantes que o propio Pedro S\u00e1nchez tampouco pode cubrir na sanidade estatal\u201d.<\/p>\n<p>A secretaria xeral do PPdeG considera \u201cunha oportunidade de ouro\u201d que o Goberno central conte cun novo ministro galego \u00e1 hora de satisfacer esta demanda e dirixiuse directamente a Jos\u00e9 Mi\u00f1ones: \u201cAgardamos que, agora que vai exercer de galego en Madrid, po\u00f1a os intereses da nosa Comunidade por riba dos intereses do PSOE e defenda a Galicia tanto como defendeu a Pedro S\u00e1nchez no seu posto de delegado do Goberno\u201d.<\/p>\n<p>\u201cPedimos ao Goberno de S\u00e1nchez que abandone a s\u00faa hipocris\u00eda, que deixe a Galicia formar m\u00e1is m\u00e9dicos e que deixe de utilizar a Sanidade p\u00fablica galega para cubrir a falta de facultativos que te\u00f1en os centros penitenciarios que son competencia exclusiva do Goberno de Espa\u00f1a\u201d, conclu\u00edu.<\/p>\n<p>\u00a0<\/p>\n<p><strong>O PPdeG LEVA AO PARLAMENTO A SITUACI\u00d3N DA PRISI\u00d3N DE TEIXEIRO<\/strong><\/p>\n<p>Unhas declaraci\u00f3ns que Paula Prado manifestou esta ma\u00f1\u00e1 nas inmediaci\u00f3ns do Centro Penitenciario de Teixeiro, onde o alcalde de Curtis denunciou a falta de cobertura das prazas vacantes nesta prisi\u00f3n: \u201cDas nove prazas que hai de m\u00e9dicos, a d\u00eda de hoxe s\u00f3 hai unha cuberta ou d\u00faas nun bo d\u00eda\u201d.<\/p>\n<p>Unha situaci\u00f3n que cualificou de \u201cexcepcional\u201d e que, tal e como explicou, sup\u00f3n que os reclusos te\u00f1an que ser atendidos no centro de sa\u00fade e no PAC de Teixeiro; provocando as\u00ed a \u201csobrecarga\u201d e a \u201cmerma\u201d dos servizos sanitarios que o Sergas presta nestes centros.<\/p>\n<p>De a\u00ed que solicite ao Ministerio de Interior que cubra de xeito definitivo estas prazas vacantes e preste os servizos sanitarios que competencialmente lle corresponden sen que se vexa resentida a atenci\u00f3n que recibe a poboaci\u00f3n dos concellos de Curtis, Vilasantar, Aranga e Sobrado.<\/p>\n<p>Neste sentido, Paula Prado anunciou que o PPdeG v\u00e9n de presentar pola v\u00eda de urxencia unha proposici\u00f3n non de lei no Parlamento de Galicia para demandar ao Goberno de Espa\u00f1a que tome as medidas necesarias para garantir a asistencia sanitaria axeitada \u00e1s persoas reclusas nos centros da s\u00faa competencia e polos seus propios medios, evitando a sobrecarga do persoal do Sergas dos centros de sa\u00fade e dos PACs pr\u00f3ximos \u00e1s prisi\u00f3ns, tal e como ocorre no caso de Teixeiro.<\/p>\n<p>Solicitan as\u00ed mesmo que se ampl\u00ede en 1.000 prazas ao ano a formaci\u00f3n de medicina familiar e comunitaria para garantir que haxa especialistas suficientes para cubrir as necesidades dos profesionais da Atenci\u00f3n Primaria e da sanidade penitenciaria do conxunto do Sistema Nacional de Sa\u00fade.<\/p>\n<p>\u201cEsta iniciativa servir\u00e1 para comprobar se o BNG e o PSOE est\u00e1n tan comprometidos con esa Sanidade p\u00fablica que tanto din defender detr\u00e1s dos seus slogans e pancartas\u201d, asegurou Prado antes de pedirlle publicamente a ambas formaci\u00f3ns que voten \u201ca favor de medidas que pretenden paliar o d\u00e9ficit de facultativos que sofre Galicia\u201d e \u201ca favor de que Pedro S\u00e1nchez permita formar m\u00e1is m\u00e9dicos de familia\u201d.<\/p>\n","protected":false},"excerpt":{"rendered":"<p>29 de marzo de 2023. A secretaria xeral do PPdeG, Paula Prado, pediu hoxe a Jos\u00e9 Mi\u00f1ones que \u201cexerza a s\u00faa galeguidade\u201d no seu novo cargo de Ministro de Sanidade e \u201csaque do caix\u00f3n\u201d a demanda de Galicia para poder formar m\u00e1is m\u00e9dicos de familia e as\u00ed paliar o d\u00e9ficit de profesionais que sofren tanto [&hellip;]<\/p>\n","protected":false},"author":38,"featured_media":0,"comment_status":"open","ping_status":"open","sticky":false,"template":"","format":"standard","meta":{"_acf_changed":false,"footnotes":""},"categories":[1],"tags":[],"class_list":["post-58069","post","type-post","status-publish","format-standard","hentry","category-pp-de-galicia"],"acf":[],"yoast_head":"<!-- This site is optimized with the Yoast SEO plugin v27.3 - https:\/\/yoast.com\/product\/yoast-seo-wordpress\/ -->\n<title>Paula Prado pide a Mi\u00f1ones que \u201cexerza a s\u00faa galeguidade\u201d permitindo a Galicia poder formar m\u00e1is m\u00e9dicos de familia - PP de Galicia<\/title>\n<meta name=\"robots\" content=\"index, follow, max-snippet:-1, max-image-preview:large, max-video-preview:-1\" \/>\n<link rel=\"canonical\" href=\"https:\/\/ppdegalicia.com\/es\/paula-prado-pide-a-minones-que-exerza-a-sua-galeguidade-permitindo-a-galicia-poder-formar-mais-medicos-de-familia\/\" \/>\n<meta property=\"og:locale\" content=\"es_ES\" \/>\n<meta property=\"og:type\" content=\"article\" \/>\n<meta property=\"og:title\" content=\"Paula Prado pide a Mi\u00f1ones que \u201cexerza a s\u00faa galeguidade\u201d permitindo a Galicia poder formar m\u00e1is m\u00e9dicos de familia - PP de Galicia\" \/>\n<meta property=\"og:description\" content=\"29 de marzo de 2023. A secretaria xeral do PPdeG, Paula Prado, pediu hoxe a Jos\u00e9 Mi\u00f1ones que \u201cexerza a s\u00faa galeguidade\u201d no seu novo cargo de Ministro de Sanidade e \u201csaque do caix\u00f3n\u201d a demanda de Galicia para poder formar m\u00e1is m\u00e9dicos de familia e as\u00ed paliar o d\u00e9ficit de profesionais que sofren tanto [&hellip;]\" \/>\n<meta property=\"og:url\" content=\"https:\/\/ppdegalicia.com\/es\/paula-prado-pide-a-minones-que-exerza-a-sua-galeguidade-permitindo-a-galicia-poder-formar-mais-medicos-de-familia\/\" \/>\n<meta property=\"og:site_name\" content=\"PP de Galicia\" \/>\n<meta property=\"article:publisher\" content=\"https:\/\/www.instagram.com\/ppdegalicia\/\" \/>\n<meta property=\"article:published_time\" content=\"2023-03-29T09:46:06+00:00\" \/>\n<meta property=\"og:image\" content=\"https:\/\/ppdegalicia.com\/wp-content\/uploads\/2023\/03\/5db1b66483e6cbd3e30a809eadb74f8c-scaled.jpg\" \/>\n<meta name=\"author\" content=\"ppdegaliciaredes\" \/>\n<meta name=\"twitter:card\" content=\"summary_large_image\" \/>\n<meta name=\"twitter:creator\" content=\"@ppdegalicia\" \/>\n<meta name=\"twitter:site\" content=\"@ppdegalicia\" \/>\n<meta name=\"twitter:label1\" content=\"Escrito por\" \/>\n\t<meta name=\"twitter:data1\" content=\"ppdegaliciaredes\" \/>\n\t<meta name=\"twitter:label2\" content=\"Tiempo de lectura\" \/>\n\t<meta name=\"twitter:data2\" content=\"4 minutos\" \/>\n<script type=\"application\/ld+json\" class=\"yoast-schema-graph\">{\"@context\":\"https:\\\/\\\/schema.org\",\"@graph\":[{\"@type\":\"Article\",\"@id\":\"https:\\\/\\\/ppdegalicia.com\\\/es\\\/paula-prado-pide-a-minones-que-exerza-a-sua-galeguidade-permitindo-a-galicia-poder-formar-mais-medicos-de-familia\\\/#article\",\"isPartOf\":{\"@id\":\"https:\\\/\\\/ppdegalicia.com\\\/es\\\/paula-prado-pide-a-minones-que-exerza-a-sua-galeguidade-permitindo-a-galicia-poder-formar-mais-medicos-de-familia\\\/\"},\"author\":{\"name\":\"ppdegaliciaredes\",\"@id\":\"https:\\\/\\\/ppdegalicia.com\\\/es\\\/#\\\/schema\\\/person\\\/5b822c6f59e872ebdd1142f307dbcb59\"},\"headline\":\"Paula Prado pide a Mi\u00f1ones que \u201cexerza a s\u00faa galeguidade\u201d permitindo a Galicia poder formar m\u00e1is m\u00e9dicos de familia\",\"datePublished\":\"2023-03-29T09:46:06+00:00\",\"mainEntityOfPage\":{\"@id\":\"https:\\\/\\\/ppdegalicia.com\\\/es\\\/paula-prado-pide-a-minones-que-exerza-a-sua-galeguidade-permitindo-a-galicia-poder-formar-mais-medicos-de-familia\\\/\"},\"wordCount\":723,\"commentCount\":0,\"publisher\":{\"@id\":\"https:\\\/\\\/ppdegalicia.com\\\/es\\\/#organization\"},\"image\":{\"@id\":\"https:\\\/\\\/ppdegalicia.com\\\/es\\\/paula-prado-pide-a-minones-que-exerza-a-sua-galeguidade-permitindo-a-galicia-poder-formar-mais-medicos-de-familia\\\/#primaryimage\"},\"thumbnailUrl\":\"https:\\\/\\\/ppdegalicia.com\\\/wp-content\\\/uploads\\\/2023\\\/03\\\/5db1b66483e6cbd3e30a809eadb74f8c-scaled.jpg\",\"articleSection\":[\"PP de Galicia\"],\"inLanguage\":\"es\",\"potentialAction\":[{\"@type\":\"CommentAction\",\"name\":\"Comment\",\"target\":[\"https:\\\/\\\/ppdegalicia.com\\\/es\\\/paula-prado-pide-a-minones-que-exerza-a-sua-galeguidade-permitindo-a-galicia-poder-formar-mais-medicos-de-familia\\\/#respond\"]}]},{\"@type\":\"WebPage\",\"@id\":\"https:\\\/\\\/ppdegalicia.com\\\/es\\\/paula-prado-pide-a-minones-que-exerza-a-sua-galeguidade-permitindo-a-galicia-poder-formar-mais-medicos-de-familia\\\/\",\"url\":\"https:\\\/\\\/ppdegalicia.com\\\/es\\\/paula-prado-pide-a-minones-que-exerza-a-sua-galeguidade-permitindo-a-galicia-poder-formar-mais-medicos-de-familia\\\/\",\"name\":\"Paula Prado pide a Mi\u00f1ones que \u201cexerza a s\u00faa galeguidade\u201d permitindo a Galicia poder formar m\u00e1is m\u00e9dicos de familia - PP de Galicia\",\"isPartOf\":{\"@id\":\"https:\\\/\\\/ppdegalicia.com\\\/es\\\/#website\"},\"primaryImageOfPage\":{\"@id\":\"https:\\\/\\\/ppdegalicia.com\\\/es\\\/paula-prado-pide-a-minones-que-exerza-a-sua-galeguidade-permitindo-a-galicia-poder-formar-mais-medicos-de-familia\\\/#primaryimage\"},\"image\":{\"@id\":\"https:\\\/\\\/ppdegalicia.com\\\/es\\\/paula-prado-pide-a-minones-que-exerza-a-sua-galeguidade-permitindo-a-galicia-poder-formar-mais-medicos-de-familia\\\/#primaryimage\"},\"thumbnailUrl\":\"https:\\\/\\\/ppdegalicia.com\\\/wp-content\\\/uploads\\\/2023\\\/03\\\/5db1b66483e6cbd3e30a809eadb74f8c-scaled.jpg\",\"datePublished\":\"2023-03-29T09:46:06+00:00\",\"breadcrumb\":{\"@id\":\"https:\\\/\\\/ppdegalicia.com\\\/es\\\/paula-prado-pide-a-minones-que-exerza-a-sua-galeguidade-permitindo-a-galicia-poder-formar-mais-medicos-de-familia\\\/#breadcrumb\"},\"inLanguage\":\"es\",\"potentialAction\":[{\"@type\":\"ReadAction\",\"target\":[\"https:\\\/\\\/ppdegalicia.com\\\/es\\\/paula-prado-pide-a-minones-que-exerza-a-sua-galeguidade-permitindo-a-galicia-poder-formar-mais-medicos-de-familia\\\/\"]}]},{\"@type\":\"ImageObject\",\"inLanguage\":\"es\",\"@id\":\"https:\\\/\\\/ppdegalicia.com\\\/es\\\/paula-prado-pide-a-minones-que-exerza-a-sua-galeguidade-permitindo-a-galicia-poder-formar-mais-medicos-de-familia\\\/#primaryimage\",\"url\":\"https:\\\/\\\/ppdegalicia.com\\\/wp-content\\\/uploads\\\/2023\\\/03\\\/5db1b66483e6cbd3e30a809eadb74f8c-scaled.jpg\",\"contentUrl\":\"https:\\\/\\\/ppdegalicia.com\\\/wp-content\\\/uploads\\\/2023\\\/03\\\/5db1b66483e6cbd3e30a809eadb74f8c-scaled.jpg\"},{\"@type\":\"BreadcrumbList\",\"@id\":\"https:\\\/\\\/ppdegalicia.com\\\/es\\\/paula-prado-pide-a-minones-que-exerza-a-sua-galeguidade-permitindo-a-galicia-poder-formar-mais-medicos-de-familia\\\/#breadcrumb\",\"itemListElement\":[{\"@type\":\"ListItem\",\"position\":1,\"name\":\"Portada\",\"item\":\"https:\\\/\\\/ppdegalicia.com\\\/es\\\/\"},{\"@type\":\"ListItem\",\"position\":2,\"name\":\"Paula Prado pide a Mi\u00f1ones que \u201cexerza a s\u00faa galeguidade\u201d permitindo a Galicia poder formar m\u00e1is m\u00e9dicos de familia\"}]},{\"@type\":\"WebSite\",\"@id\":\"https:\\\/\\\/ppdegalicia.com\\\/es\\\/#website\",\"url\":\"https:\\\/\\\/ppdegalicia.com\\\/es\\\/\",\"name\":\"Partido Popular de Galicia\",\"description\":\"Partido Popular de Galicia\",\"publisher\":{\"@id\":\"https:\\\/\\\/ppdegalicia.com\\\/es\\\/#organization\"},\"alternateName\":\"PP de Galicia\",\"potentialAction\":[{\"@type\":\"SearchAction\",\"target\":{\"@type\":\"EntryPoint\",\"urlTemplate\":\"https:\\\/\\\/ppdegalicia.com\\\/es\\\/?s={search_term_string}\"},\"query-input\":{\"@type\":\"PropertyValueSpecification\",\"valueRequired\":true,\"valueName\":\"search_term_string\"}}],\"inLanguage\":\"es\"},{\"@type\":\"Organization\",\"@id\":\"https:\\\/\\\/ppdegalicia.com\\\/es\\\/#organization\",\"name\":\"Partido Popular de Galicia\",\"alternateName\":\"PP de Galicia\",\"url\":\"https:\\\/\\\/ppdegalicia.com\\\/es\\\/\",\"logo\":{\"@type\":\"ImageObject\",\"inLanguage\":\"es\",\"@id\":\"https:\\\/\\\/ppdegalicia.com\\\/es\\\/#\\\/schema\\\/logo\\\/image\\\/\",\"url\":\"https:\\\/\\\/ppdegalicia.com\\\/wp-content\\\/uploads\\\/2023\\\/04\\\/logoPP512.png\",\"contentUrl\":\"https:\\\/\\\/ppdegalicia.com\\\/wp-content\\\/uploads\\\/2023\\\/04\\\/logoPP512.png\",\"width\":512,\"height\":512,\"caption\":\"Partido Popular de Galicia\"},\"image\":{\"@id\":\"https:\\\/\\\/ppdegalicia.com\\\/es\\\/#\\\/schema\\\/logo\\\/image\\\/\"},\"sameAs\":[\"https:\\\/\\\/www.instagram.com\\\/ppdegalicia\\\/\",\"https:\\\/\\\/x.com\\\/ppdegalicia\",\"https:\\\/\\\/www.tiktok.com\\\/@ppdegalicia\",\"https:\\\/\\\/www.youtube.com\\\/user\\\/ppdegalicia\"]},{\"@type\":\"Person\",\"@id\":\"https:\\\/\\\/ppdegalicia.com\\\/es\\\/#\\\/schema\\\/person\\\/5b822c6f59e872ebdd1142f307dbcb59\",\"name\":\"ppdegaliciaredes\",\"image\":{\"@type\":\"ImageObject\",\"inLanguage\":\"es\",\"@id\":\"https:\\\/\\\/secure.gravatar.com\\\/avatar\\\/3c9179cf0256d00c72a48d1f25783c58b6842cd56e85ef3a572881c8e28ccd59?s=96&d=mm&r=g\",\"url\":\"https:\\\/\\\/secure.gravatar.com\\\/avatar\\\/3c9179cf0256d00c72a48d1f25783c58b6842cd56e85ef3a572881c8e28ccd59?s=96&d=mm&r=g\",\"contentUrl\":\"https:\\\/\\\/secure.gravatar.com\\\/avatar\\\/3c9179cf0256d00c72a48d1f25783c58b6842cd56e85ef3a572881c8e28ccd59?s=96&d=mm&r=g\",\"caption\":\"ppdegaliciaredes\"},\"url\":\"https:\\\/\\\/ppdegalicia.com\\\/es\\\/author\\\/ppdegaliciaredes\\\/\"}]}<\/script>\n<!-- \/ Yoast SEO plugin. -->","yoast_head_json":{"title":"Paula Prado pide a Mi\u00f1ones que \u201cexerza a s\u00faa galeguidade\u201d permitindo a Galicia poder formar m\u00e1is m\u00e9dicos de familia - PP de Galicia","robots":{"index":"index","follow":"follow","max-snippet":"max-snippet:-1","max-image-preview":"max-image-preview:large","max-video-preview":"max-video-preview:-1"},"canonical":"https:\/\/ppdegalicia.com\/es\/paula-prado-pide-a-minones-que-exerza-a-sua-galeguidade-permitindo-a-galicia-poder-formar-mais-medicos-de-familia\/","og_locale":"es_ES","og_type":"article","og_title":"Paula Prado pide a Mi\u00f1ones que \u201cexerza a s\u00faa galeguidade\u201d permitindo a Galicia poder formar m\u00e1is m\u00e9dicos de familia - PP de Galicia","og_description":"29 de marzo de 2023. A secretaria xeral do PPdeG, Paula Prado, pediu hoxe a Jos\u00e9 Mi\u00f1ones que \u201cexerza a s\u00faa galeguidade\u201d no seu novo cargo de Ministro de Sanidade e \u201csaque do caix\u00f3n\u201d a demanda de Galicia para poder formar m\u00e1is m\u00e9dicos de familia e as\u00ed paliar o d\u00e9ficit de profesionais que sofren tanto [&hellip;]","og_url":"https:\/\/ppdegalicia.com\/es\/paula-prado-pide-a-minones-que-exerza-a-sua-galeguidade-permitindo-a-galicia-poder-formar-mais-medicos-de-familia\/","og_site_name":"PP de Galicia","article_publisher":"https:\/\/www.instagram.com\/ppdegalicia\/","article_published_time":"2023-03-29T09:46:06+00:00","og_image":[{"url":"https:\/\/ppdegalicia.com\/wp-content\/uploads\/2023\/03\/5db1b66483e6cbd3e30a809eadb74f8c-scaled.jpg","type":"","width":"","height":""}],"author":"ppdegaliciaredes","twitter_card":"summary_large_image","twitter_creator":"@ppdegalicia","twitter_site":"@ppdegalicia","twitter_misc":{"Escrito por":"ppdegaliciaredes","Tiempo de lectura":"4 minutos"},"schema":{"@context":"https:\/\/schema.org","@graph":[{"@type":"Article","@id":"https:\/\/ppdegalicia.com\/es\/paula-prado-pide-a-minones-que-exerza-a-sua-galeguidade-permitindo-a-galicia-poder-formar-mais-medicos-de-familia\/#article","isPartOf":{"@id":"https:\/\/ppdegalicia.com\/es\/paula-prado-pide-a-minones-que-exerza-a-sua-galeguidade-permitindo-a-galicia-poder-formar-mais-medicos-de-familia\/"},"author":{"name":"ppdegaliciaredes","@id":"https:\/\/ppdegalicia.com\/es\/#\/schema\/person\/5b822c6f59e872ebdd1142f307dbcb59"},"headline":"Paula Prado pide a Mi\u00f1ones que \u201cexerza a s\u00faa galeguidade\u201d permitindo a Galicia poder formar m\u00e1is m\u00e9dicos de familia","datePublished":"2023-03-29T09:46:06+00:00","mainEntityOfPage":{"@id":"https:\/\/ppdegalicia.com\/es\/paula-prado-pide-a-minones-que-exerza-a-sua-galeguidade-permitindo-a-galicia-poder-formar-mais-medicos-de-familia\/"},"wordCount":723,"commentCount":0,"publisher":{"@id":"https:\/\/ppdegalicia.com\/es\/#organization"},"image":{"@id":"https:\/\/ppdegalicia.com\/es\/paula-prado-pide-a-minones-que-exerza-a-sua-galeguidade-permitindo-a-galicia-poder-formar-mais-medicos-de-familia\/#primaryimage"},"thumbnailUrl":"https:\/\/ppdegalicia.com\/wp-content\/uploads\/2023\/03\/5db1b66483e6cbd3e30a809eadb74f8c-scaled.jpg","articleSection":["PP de Galicia"],"inLanguage":"es","potentialAction":[{"@type":"CommentAction","name":"Comment","target":["https:\/\/ppdegalicia.com\/es\/paula-prado-pide-a-minones-que-exerza-a-sua-galeguidade-permitindo-a-galicia-poder-formar-mais-medicos-de-familia\/#respond"]}]},{"@type":"WebPage","@id":"https:\/\/ppdegalicia.com\/es\/paula-prado-pide-a-minones-que-exerza-a-sua-galeguidade-permitindo-a-galicia-poder-formar-mais-medicos-de-familia\/","url":"https:\/\/ppdegalicia.com\/es\/paula-prado-pide-a-minones-que-exerza-a-sua-galeguidade-permitindo-a-galicia-poder-formar-mais-medicos-de-familia\/","name":"Paula Prado pide a Mi\u00f1ones que \u201cexerza a s\u00faa galeguidade\u201d permitindo a Galicia poder formar m\u00e1is m\u00e9dicos de familia - PP de Galicia","isPartOf":{"@id":"https:\/\/ppdegalicia.com\/es\/#website"},"primaryImageOfPage":{"@id":"https:\/\/ppdegalicia.com\/es\/paula-prado-pide-a-minones-que-exerza-a-sua-galeguidade-permitindo-a-galicia-poder-formar-mais-medicos-de-familia\/#primaryimage"},"image":{"@id":"https:\/\/ppdegalicia.com\/es\/paula-prado-pide-a-minones-que-exerza-a-sua-galeguidade-permitindo-a-galicia-poder-formar-mais-medicos-de-familia\/#primaryimage"},"thumbnailUrl":"https:\/\/ppdegalicia.com\/wp-content\/uploads\/2023\/03\/5db1b66483e6cbd3e30a809eadb74f8c-scaled.jpg","datePublished":"2023-03-29T09:46:06+00:00","breadcrumb":{"@id":"https:\/\/ppdegalicia.com\/es\/paula-prado-pide-a-minones-que-exerza-a-sua-galeguidade-permitindo-a-galicia-poder-formar-mais-medicos-de-familia\/#breadcrumb"},"inLanguage":"es","potentialAction":[{"@type":"ReadAction","target":["https:\/\/ppdegalicia.com\/es\/paula-prado-pide-a-minones-que-exerza-a-sua-galeguidade-permitindo-a-galicia-poder-formar-mais-medicos-de-familia\/"]}]},{"@type":"ImageObject","inLanguage":"es","@id":"https:\/\/ppdegalicia.com\/es\/paula-prado-pide-a-minones-que-exerza-a-sua-galeguidade-permitindo-a-galicia-poder-formar-mais-medicos-de-familia\/#primaryimage","url":"https:\/\/ppdegalicia.com\/wp-content\/uploads\/2023\/03\/5db1b66483e6cbd3e30a809eadb74f8c-scaled.jpg","contentUrl":"https:\/\/ppdegalicia.com\/wp-content\/uploads\/2023\/03\/5db1b66483e6cbd3e30a809eadb74f8c-scaled.jpg"},{"@type":"BreadcrumbList","@id":"https:\/\/ppdegalicia.com\/es\/paula-prado-pide-a-minones-que-exerza-a-sua-galeguidade-permitindo-a-galicia-poder-formar-mais-medicos-de-familia\/#breadcrumb","itemListElement":[{"@type":"ListItem","position":1,"name":"Portada","item":"https:\/\/ppdegalicia.com\/es\/"},{"@type":"ListItem","position":2,"name":"Paula Prado pide a Mi\u00f1ones que \u201cexerza a s\u00faa galeguidade\u201d permitindo a Galicia poder formar m\u00e1is m\u00e9dicos de familia"}]},{"@type":"WebSite","@id":"https:\/\/ppdegalicia.com\/es\/#website","url":"https:\/\/ppdegalicia.com\/es\/","name":"Partido Popular de Galicia","description":"Partido Popular de Galicia","publisher":{"@id":"https:\/\/ppdegalicia.com\/es\/#organization"},"alternateName":"PP de Galicia","potentialAction":[{"@type":"SearchAction","target":{"@type":"EntryPoint","urlTemplate":"https:\/\/ppdegalicia.com\/es\/?s={search_term_string}"},"query-input":{"@type":"PropertyValueSpecification","valueRequired":true,"valueName":"search_term_string"}}],"inLanguage":"es"},{"@type":"Organization","@id":"https:\/\/ppdegalicia.com\/es\/#organization","name":"Partido Popular de Galicia","alternateName":"PP de Galicia","url":"https:\/\/ppdegalicia.com\/es\/","logo":{"@type":"ImageObject","inLanguage":"es","@id":"https:\/\/ppdegalicia.com\/es\/#\/schema\/logo\/image\/","url":"https:\/\/ppdegalicia.com\/wp-content\/uploads\/2023\/04\/logoPP512.png","contentUrl":"https:\/\/ppdegalicia.com\/wp-content\/uploads\/2023\/04\/logoPP512.png","width":512,"height":512,"caption":"Partido Popular de Galicia"},"image":{"@id":"https:\/\/ppdegalicia.com\/es\/#\/schema\/logo\/image\/"},"sameAs":["https:\/\/www.instagram.com\/ppdegalicia\/","https:\/\/x.com\/ppdegalicia","https:\/\/www.tiktok.com\/@ppdegalicia","https:\/\/www.youtube.com\/user\/ppdegalicia"]},{"@type":"Person","@id":"https:\/\/ppdegalicia.com\/es\/#\/schema\/person\/5b822c6f59e872ebdd1142f307dbcb59","name":"ppdegaliciaredes","image":{"@type":"ImageObject","inLanguage":"es","@id":"https:\/\/secure.gravatar.com\/avatar\/3c9179cf0256d00c72a48d1f25783c58b6842cd56e85ef3a572881c8e28ccd59?s=96&d=mm&r=g","url":"https:\/\/secure.gravatar.com\/avatar\/3c9179cf0256d00c72a48d1f25783c58b6842cd56e85ef3a572881c8e28ccd59?s=96&d=mm&r=g","contentUrl":"https:\/\/secure.gravatar.com\/avatar\/3c9179cf0256d00c72a48d1f25783c58b6842cd56e85ef3a572881c8e28ccd59?s=96&d=mm&r=g","caption":"ppdegaliciaredes"},"url":"https:\/\/ppdegalicia.com\/es\/author\/ppdegaliciaredes\/"}]}},"_links":{"self":[{"href":"https:\/\/ppdegalicia.com\/es\/wp-json\/wp\/v2\/posts\/58069","targetHints":{"allow":["GET"]}}],"collection":[{"href":"https:\/\/ppdegalicia.com\/es\/wp-json\/wp\/v2\/posts"}],"about":[{"href":"https:\/\/ppdegalicia.com\/es\/wp-json\/wp\/v2\/types\/post"}],"author":[{"embeddable":true,"href":"https:\/\/ppdegalicia.com\/es\/wp-json\/wp\/v2\/users\/38"}],"replies":[{"embeddable":true,"href":"https:\/\/ppdegalicia.com\/es\/wp-json\/wp\/v2\/comments?post=58069"}],"version-history":[{"count":0,"href":"https:\/\/ppdegalicia.com\/es\/wp-json\/wp\/v2\/posts\/58069\/revisions"}],"wp:attachment":[{"href":"https:\/\/ppdegalicia.com\/es\/wp-json\/wp\/v2\/media?parent=58069"}],"wp:term":[{"taxonomy":"category","embeddable":true,"href":"https:\/\/ppdegalicia.com\/es\/wp-json\/wp\/v2\/categories?post=58069"},{"taxonomy":"post_tag","embeddable":true,"href":"https:\/\/ppdegalicia.com\/es\/wp-json\/wp\/v2\/tags?post=58069"}],"curies":[{"name":"wp","href":"https:\/\/api.w.org\/{rel}","templated":true}]}}