{"id":58071,"date":"2023-03-30T11:24:57","date_gmt":"2023-03-30T09:24:57","guid":{"rendered":"https:\/\/ppdegalicia.com\/o-grupo-popular-lamenta-que-psdeg-e-bng-sexan-os-maiores-inimigos-da-empresa-e-da-industria-galega\/"},"modified":"2023-03-30T11:24:57","modified_gmt":"2023-03-30T09:24:57","slug":"o-grupo-popular-lamenta-que-psdeg-e-bng-sexan-os-maiores-inimigos-da-empresa-e-da-industria-galega","status":"publish","type":"post","link":"https:\/\/ppdegalicia.com\/es\/o-grupo-popular-lamenta-que-psdeg-e-bng-sexan-os-maiores-inimigos-da-empresa-e-da-industria-galega\/","title":{"rendered":"O Grupo Popular lamenta que PSdeG e BNG sexan \u201cos maiores inimigos da empresa e da industria galega\u201d"},"content":{"rendered":"<p><img fetchpriority=\"high\" decoding=\"async\" class=\" size-full wp-image-58070\" src=\"https:\/\/ppdegalicia.com\/wp-content\/uploads\/2023\/03\/ab5416cabade2c10a7d131df8827902a.jpg\" alt=\"\" width=\"1900\" height=\"1267\" srcset=\"https:\/\/ppdegalicia.com\/wp-content\/uploads\/2023\/03\/ab5416cabade2c10a7d131df8827902a.jpg 1900w, https:\/\/ppdegalicia.com\/wp-content\/uploads\/2023\/03\/ab5416cabade2c10a7d131df8827902a-300x200.jpg 300w, https:\/\/ppdegalicia.com\/wp-content\/uploads\/2023\/03\/ab5416cabade2c10a7d131df8827902a-1024x683.jpg 1024w, https:\/\/ppdegalicia.com\/wp-content\/uploads\/2023\/03\/ab5416cabade2c10a7d131df8827902a-768x512.jpg 768w, https:\/\/ppdegalicia.com\/wp-content\/uploads\/2023\/03\/ab5416cabade2c10a7d131df8827902a-1536x1024.jpg 1536w\" sizes=\"(max-width: 1900px) 100vw, 1900px\" \/><\/p>\n<p>30 de marzo de 2023. A deputada do Grupo Popular Noelia P\u00e9rez criticou hoxe no Parlamento galego que BNG e PSdeG \u201cqueiran dar lecci\u00f3ns ao PPdeG de apoio ao tecido empresarial cando son os maiores inimigos da empresa e a industria galega\u201d.<\/p>\n<p><!--more--><\/p>\n<p>As\u00ed, concretou que a Xunta \u201cest\u00e1 a po\u00f1er a disposici\u00f3n da nosa industria todos os incentivos e todas as medidas de acompa\u00f1amento necesarios para revitalizar a nosa econom\u00eda\u201d e, a modo de exemplo, citou os 360 mill\u00f3ns de euros que se dedican \u00e1 pol\u00edtica industrial, unha axenda financeira de 140 mill\u00f3ns de euros ou a dotaci\u00f3n de espazos funcionais a trav\u00e9s da nova Lei de \u00e1reas empresariais.<\/p>\n<p>\u00a0<\/p>\n<p>Noelia P\u00e9rez amosou a s\u00faa sorpresa porque o BNG \u201cpida un pacto pola industria, cando non creen na s\u00faa compatibilidade coa protecci\u00f3n do medio ambiente e est\u00e1n a buscar permanentemente a confrontaci\u00f3n social dentro e f\u00f3ra deste Parlamento\u201d. \u201cTodas as empresas que operan en Galicia son perfectamente capaces de compatibilizar a creaci\u00f3n e o mantemento de postos de traballo de calidade co respecto \u00e1 contorna natural\u201d, asegurou.<\/p>\n<p>\u00a0<\/p>\n<p><strong>SEGUIR NA MESMA LI\u00d1A<\/strong><\/p>\n<p>\u00a0<\/p>\n<p>Ademais, lamentou que \u201ctampouco creen na iniciativa privada, porque est\u00e1n nunha constante campa\u00f1a de acoso e descr\u00e9dito \u00e1s empresas, e sobre todo \u00e1s grandes empresas como Inditex, Ence ou Mercadona; pero tam\u00e9n contra sectores como o enerx\u00e9tico ou o mineiro, \u00e1mbitos nos que Galicia ten un gran potencial para xogar un papel estrat\u00e9xico en Espa\u00f1a e Europa\u201d.<\/p>\n<p>\u00a0<\/p>\n<p>\u201cO Goberno galego seguir\u00e1 traballando na li\u00f1a que mant\u00e9n de apoio \u00e1s empresas asentadas en Galicia\u201d, afirmou a deputada popular, quen apuntou que \u201co \u00fanico que poden facer PSdeG e BNG \u00e9 presionar ao Goberno de Pedro S\u00e1nchez para que mobilice a totalidade de fondos europeos para que cheguen con axilidade e transparencia aos proxectos tractores de Galicia e tam\u00e9n \u00e1s pequenas empresas\u201d. Neste sentido, recordou que o Goberno central \u201creservouse a totalidade dos fondos para a industria: 41.000 mill\u00f3ns de euros, dos que a d\u00eda de hoxe s\u00f3 ten adxudicados o 16 por cento\u201d. <\/p>\n","protected":false},"excerpt":{"rendered":"<p>30 de marzo de 2023. A deputada do Grupo Popular Noelia P\u00e9rez criticou hoxe no Parlamento galego que BNG e PSdeG \u201cqueiran dar lecci\u00f3ns ao PPdeG de apoio ao tecido empresarial cando son os maiores inimigos da empresa e a industria galega\u201d.<\/p>\n","protected":false},"author":38,"featured_media":58070,"comment_status":"open","ping_status":"open","sticky":false,"template":"","format":"standard","meta":{"_acf_changed":false,"footnotes":""},"categories":[1],"tags":[],"class_list":["post-58071","post","type-post","status-publish","format-standard","has-post-thumbnail","hentry","category-pp-de-galicia"],"acf":[],"yoast_head":"<!-- This site is optimized with the Yoast SEO plugin v27.3 - https:\/\/yoast.com\/product\/yoast-seo-wordpress\/ -->\n<title>O Grupo Popular lamenta que PSdeG e BNG sexan \u201cos maiores inimigos da empresa e da industria galega\u201d - PP de Galicia<\/title>\n<meta name=\"robots\" content=\"index, follow, max-snippet:-1, max-image-preview:large, max-video-preview:-1\" \/>\n<link rel=\"canonical\" href=\"https:\/\/ppdegalicia.com\/es\/o-grupo-popular-lamenta-que-psdeg-e-bng-sexan-os-maiores-inimigos-da-empresa-e-da-industria-galega\/\" \/>\n<meta property=\"og:locale\" content=\"es_ES\" \/>\n<meta property=\"og:type\" content=\"article\" \/>\n<meta property=\"og:title\" content=\"O Grupo Popular lamenta que PSdeG e BNG sexan \u201cos maiores inimigos da empresa e da industria galega\u201d - PP de Galicia\" \/>\n<meta property=\"og:description\" content=\"30 de marzo de 2023. A deputada do Grupo Popular Noelia P\u00e9rez criticou hoxe no Parlamento galego que BNG e PSdeG \u201cqueiran dar lecci\u00f3ns ao PPdeG de apoio ao tecido empresarial cando son os maiores inimigos da empresa e a industria galega\u201d.\" \/>\n<meta property=\"og:url\" content=\"https:\/\/ppdegalicia.com\/es\/o-grupo-popular-lamenta-que-psdeg-e-bng-sexan-os-maiores-inimigos-da-empresa-e-da-industria-galega\/\" \/>\n<meta property=\"og:site_name\" content=\"PP de Galicia\" \/>\n<meta property=\"article:publisher\" content=\"https:\/\/www.instagram.com\/ppdegalicia\/\" \/>\n<meta property=\"article:published_time\" content=\"2023-03-30T09:24:57+00:00\" \/>\n<meta property=\"og:image\" content=\"https:\/\/ppdegalicia.com\/wp-content\/uploads\/2023\/03\/ab5416cabade2c10a7d131df8827902a.jpg\" \/>\n\t<meta property=\"og:image:width\" content=\"1900\" \/>\n\t<meta property=\"og:image:height\" content=\"1267\" \/>\n\t<meta property=\"og:image:type\" content=\"image\/jpeg\" \/>\n<meta name=\"author\" content=\"ppdegaliciaredes\" \/>\n<meta name=\"twitter:card\" content=\"summary_large_image\" \/>\n<meta name=\"twitter:creator\" content=\"@ppdegalicia\" \/>\n<meta name=\"twitter:site\" content=\"@ppdegalicia\" \/>\n<meta name=\"twitter:label1\" content=\"Escrito por\" \/>\n\t<meta name=\"twitter:data1\" content=\"ppdegaliciaredes\" \/>\n\t<meta name=\"twitter:label2\" content=\"Tiempo de lectura\" \/>\n\t<meta name=\"twitter:data2\" content=\"2 minutos\" \/>\n<script type=\"application\/ld+json\" class=\"yoast-schema-graph\">{\"@context\":\"https:\\\/\\\/schema.org\",\"@graph\":[{\"@type\":\"Article\",\"@id\":\"https:\\\/\\\/ppdegalicia.com\\\/es\\\/o-grupo-popular-lamenta-que-psdeg-e-bng-sexan-os-maiores-inimigos-da-empresa-e-da-industria-galega\\\/#article\",\"isPartOf\":{\"@id\":\"https:\\\/\\\/ppdegalicia.com\\\/es\\\/o-grupo-popular-lamenta-que-psdeg-e-bng-sexan-os-maiores-inimigos-da-empresa-e-da-industria-galega\\\/\"},\"author\":{\"name\":\"ppdegaliciaredes\",\"@id\":\"https:\\\/\\\/ppdegalicia.com\\\/es\\\/#\\\/schema\\\/person\\\/5b822c6f59e872ebdd1142f307dbcb59\"},\"headline\":\"O Grupo Popular lamenta que PSdeG e BNG sexan \u201cos maiores inimigos da empresa e da industria galega\u201d\",\"datePublished\":\"2023-03-30T09:24:57+00:00\",\"mainEntityOfPage\":{\"@id\":\"https:\\\/\\\/ppdegalicia.com\\\/es\\\/o-grupo-popular-lamenta-que-psdeg-e-bng-sexan-os-maiores-inimigos-da-empresa-e-da-industria-galega\\\/\"},\"wordCount\":374,\"commentCount\":0,\"publisher\":{\"@id\":\"https:\\\/\\\/ppdegalicia.com\\\/es\\\/#organization\"},\"image\":{\"@id\":\"https:\\\/\\\/ppdegalicia.com\\\/es\\\/o-grupo-popular-lamenta-que-psdeg-e-bng-sexan-os-maiores-inimigos-da-empresa-e-da-industria-galega\\\/#primaryimage\"},\"thumbnailUrl\":\"https:\\\/\\\/ppdegalicia.com\\\/wp-content\\\/uploads\\\/2023\\\/03\\\/ab5416cabade2c10a7d131df8827902a.jpg\",\"articleSection\":[\"PP de Galicia\"],\"inLanguage\":\"es\",\"potentialAction\":[{\"@type\":\"CommentAction\",\"name\":\"Comment\",\"target\":[\"https:\\\/\\\/ppdegalicia.com\\\/es\\\/o-grupo-popular-lamenta-que-psdeg-e-bng-sexan-os-maiores-inimigos-da-empresa-e-da-industria-galega\\\/#respond\"]}]},{\"@type\":\"WebPage\",\"@id\":\"https:\\\/\\\/ppdegalicia.com\\\/es\\\/o-grupo-popular-lamenta-que-psdeg-e-bng-sexan-os-maiores-inimigos-da-empresa-e-da-industria-galega\\\/\",\"url\":\"https:\\\/\\\/ppdegalicia.com\\\/es\\\/o-grupo-popular-lamenta-que-psdeg-e-bng-sexan-os-maiores-inimigos-da-empresa-e-da-industria-galega\\\/\",\"name\":\"O Grupo Popular lamenta que PSdeG e BNG sexan \u201cos maiores inimigos da empresa e da industria galega\u201d - PP de Galicia\",\"isPartOf\":{\"@id\":\"https:\\\/\\\/ppdegalicia.com\\\/es\\\/#website\"},\"primaryImageOfPage\":{\"@id\":\"https:\\\/\\\/ppdegalicia.com\\\/es\\\/o-grupo-popular-lamenta-que-psdeg-e-bng-sexan-os-maiores-inimigos-da-empresa-e-da-industria-galega\\\/#primaryimage\"},\"image\":{\"@id\":\"https:\\\/\\\/ppdegalicia.com\\\/es\\\/o-grupo-popular-lamenta-que-psdeg-e-bng-sexan-os-maiores-inimigos-da-empresa-e-da-industria-galega\\\/#primaryimage\"},\"thumbnailUrl\":\"https:\\\/\\\/ppdegalicia.com\\\/wp-content\\\/uploads\\\/2023\\\/03\\\/ab5416cabade2c10a7d131df8827902a.jpg\",\"datePublished\":\"2023-03-30T09:24:57+00:00\",\"breadcrumb\":{\"@id\":\"https:\\\/\\\/ppdegalicia.com\\\/es\\\/o-grupo-popular-lamenta-que-psdeg-e-bng-sexan-os-maiores-inimigos-da-empresa-e-da-industria-galega\\\/#breadcrumb\"},\"inLanguage\":\"es\",\"potentialAction\":[{\"@type\":\"ReadAction\",\"target\":[\"https:\\\/\\\/ppdegalicia.com\\\/es\\\/o-grupo-popular-lamenta-que-psdeg-e-bng-sexan-os-maiores-inimigos-da-empresa-e-da-industria-galega\\\/\"]}]},{\"@type\":\"ImageObject\",\"inLanguage\":\"es\",\"@id\":\"https:\\\/\\\/ppdegalicia.com\\\/es\\\/o-grupo-popular-lamenta-que-psdeg-e-bng-sexan-os-maiores-inimigos-da-empresa-e-da-industria-galega\\\/#primaryimage\",\"url\":\"https:\\\/\\\/ppdegalicia.com\\\/wp-content\\\/uploads\\\/2023\\\/03\\\/ab5416cabade2c10a7d131df8827902a.jpg\",\"contentUrl\":\"https:\\\/\\\/ppdegalicia.com\\\/wp-content\\\/uploads\\\/2023\\\/03\\\/ab5416cabade2c10a7d131df8827902a.jpg\",\"width\":1900,\"height\":1267},{\"@type\":\"BreadcrumbList\",\"@id\":\"https:\\\/\\\/ppdegalicia.com\\\/es\\\/o-grupo-popular-lamenta-que-psdeg-e-bng-sexan-os-maiores-inimigos-da-empresa-e-da-industria-galega\\\/#breadcrumb\",\"itemListElement\":[{\"@type\":\"ListItem\",\"position\":1,\"name\":\"Portada\",\"item\":\"https:\\\/\\\/ppdegalicia.com\\\/es\\\/\"},{\"@type\":\"ListItem\",\"position\":2,\"name\":\"O Grupo Popular lamenta que PSdeG e BNG sexan \u201cos maiores inimigos da empresa e da industria galega\u201d\"}]},{\"@type\":\"WebSite\",\"@id\":\"https:\\\/\\\/ppdegalicia.com\\\/es\\\/#website\",\"url\":\"https:\\\/\\\/ppdegalicia.com\\\/es\\\/\",\"name\":\"Partido Popular de Galicia\",\"description\":\"Partido Popular de Galicia\",\"publisher\":{\"@id\":\"https:\\\/\\\/ppdegalicia.com\\\/es\\\/#organization\"},\"alternateName\":\"PP de Galicia\",\"potentialAction\":[{\"@type\":\"SearchAction\",\"target\":{\"@type\":\"EntryPoint\",\"urlTemplate\":\"https:\\\/\\\/ppdegalicia.com\\\/es\\\/?s={search_term_string}\"},\"query-input\":{\"@type\":\"PropertyValueSpecification\",\"valueRequired\":true,\"valueName\":\"search_term_string\"}}],\"inLanguage\":\"es\"},{\"@type\":\"Organization\",\"@id\":\"https:\\\/\\\/ppdegalicia.com\\\/es\\\/#organization\",\"name\":\"Partido Popular de Galicia\",\"alternateName\":\"PP de Galicia\",\"url\":\"https:\\\/\\\/ppdegalicia.com\\\/es\\\/\",\"logo\":{\"@type\":\"ImageObject\",\"inLanguage\":\"es\",\"@id\":\"https:\\\/\\\/ppdegalicia.com\\\/es\\\/#\\\/schema\\\/logo\\\/image\\\/\",\"url\":\"https:\\\/\\\/ppdegalicia.com\\\/wp-content\\\/uploads\\\/2023\\\/04\\\/logoPP512.png\",\"contentUrl\":\"https:\\\/\\\/ppdegalicia.com\\\/wp-content\\\/uploads\\\/2023\\\/04\\\/logoPP512.png\",\"width\":512,\"height\":512,\"caption\":\"Partido Popular de Galicia\"},\"image\":{\"@id\":\"https:\\\/\\\/ppdegalicia.com\\\/es\\\/#\\\/schema\\\/logo\\\/image\\\/\"},\"sameAs\":[\"https:\\\/\\\/www.instagram.com\\\/ppdegalicia\\\/\",\"https:\\\/\\\/x.com\\\/ppdegalicia\",\"https:\\\/\\\/www.tiktok.com\\\/@ppdegalicia\",\"https:\\\/\\\/www.youtube.com\\\/user\\\/ppdegalicia\"]},{\"@type\":\"Person\",\"@id\":\"https:\\\/\\\/ppdegalicia.com\\\/es\\\/#\\\/schema\\\/person\\\/5b822c6f59e872ebdd1142f307dbcb59\",\"name\":\"ppdegaliciaredes\",\"image\":{\"@type\":\"ImageObject\",\"inLanguage\":\"es\",\"@id\":\"https:\\\/\\\/secure.gravatar.com\\\/avatar\\\/3c9179cf0256d00c72a48d1f25783c58b6842cd56e85ef3a572881c8e28ccd59?s=96&d=mm&r=g\",\"url\":\"https:\\\/\\\/secure.gravatar.com\\\/avatar\\\/3c9179cf0256d00c72a48d1f25783c58b6842cd56e85ef3a572881c8e28ccd59?s=96&d=mm&r=g\",\"contentUrl\":\"https:\\\/\\\/secure.gravatar.com\\\/avatar\\\/3c9179cf0256d00c72a48d1f25783c58b6842cd56e85ef3a572881c8e28ccd59?s=96&d=mm&r=g\",\"caption\":\"ppdegaliciaredes\"},\"url\":\"https:\\\/\\\/ppdegalicia.com\\\/es\\\/author\\\/ppdegaliciaredes\\\/\"}]}<\/script>\n<!-- \/ Yoast SEO plugin. -->","yoast_head_json":{"title":"O Grupo Popular lamenta que PSdeG e BNG sexan \u201cos maiores inimigos da empresa e da industria galega\u201d - PP de Galicia","robots":{"index":"index","follow":"follow","max-snippet":"max-snippet:-1","max-image-preview":"max-image-preview:large","max-video-preview":"max-video-preview:-1"},"canonical":"https:\/\/ppdegalicia.com\/es\/o-grupo-popular-lamenta-que-psdeg-e-bng-sexan-os-maiores-inimigos-da-empresa-e-da-industria-galega\/","og_locale":"es_ES","og_type":"article","og_title":"O Grupo Popular lamenta que PSdeG e BNG sexan \u201cos maiores inimigos da empresa e da industria galega\u201d - PP de Galicia","og_description":"30 de marzo de 2023. A deputada do Grupo Popular Noelia P\u00e9rez criticou hoxe no Parlamento galego que BNG e PSdeG \u201cqueiran dar lecci\u00f3ns ao PPdeG de apoio ao tecido empresarial cando son os maiores inimigos da empresa e a industria galega\u201d.","og_url":"https:\/\/ppdegalicia.com\/es\/o-grupo-popular-lamenta-que-psdeg-e-bng-sexan-os-maiores-inimigos-da-empresa-e-da-industria-galega\/","og_site_name":"PP de Galicia","article_publisher":"https:\/\/www.instagram.com\/ppdegalicia\/","article_published_time":"2023-03-30T09:24:57+00:00","og_image":[{"width":1900,"height":1267,"url":"https:\/\/ppdegalicia.com\/wp-content\/uploads\/2023\/03\/ab5416cabade2c10a7d131df8827902a.jpg","type":"image\/jpeg"}],"author":"ppdegaliciaredes","twitter_card":"summary_large_image","twitter_creator":"@ppdegalicia","twitter_site":"@ppdegalicia","twitter_misc":{"Escrito por":"ppdegaliciaredes","Tiempo de lectura":"2 minutos"},"schema":{"@context":"https:\/\/schema.org","@graph":[{"@type":"Article","@id":"https:\/\/ppdegalicia.com\/es\/o-grupo-popular-lamenta-que-psdeg-e-bng-sexan-os-maiores-inimigos-da-empresa-e-da-industria-galega\/#article","isPartOf":{"@id":"https:\/\/ppdegalicia.com\/es\/o-grupo-popular-lamenta-que-psdeg-e-bng-sexan-os-maiores-inimigos-da-empresa-e-da-industria-galega\/"},"author":{"name":"ppdegaliciaredes","@id":"https:\/\/ppdegalicia.com\/es\/#\/schema\/person\/5b822c6f59e872ebdd1142f307dbcb59"},"headline":"O Grupo Popular lamenta que PSdeG e BNG sexan \u201cos maiores inimigos da empresa e da industria galega\u201d","datePublished":"2023-03-30T09:24:57+00:00","mainEntityOfPage":{"@id":"https:\/\/ppdegalicia.com\/es\/o-grupo-popular-lamenta-que-psdeg-e-bng-sexan-os-maiores-inimigos-da-empresa-e-da-industria-galega\/"},"wordCount":374,"commentCount":0,"publisher":{"@id":"https:\/\/ppdegalicia.com\/es\/#organization"},"image":{"@id":"https:\/\/ppdegalicia.com\/es\/o-grupo-popular-lamenta-que-psdeg-e-bng-sexan-os-maiores-inimigos-da-empresa-e-da-industria-galega\/#primaryimage"},"thumbnailUrl":"https:\/\/ppdegalicia.com\/wp-content\/uploads\/2023\/03\/ab5416cabade2c10a7d131df8827902a.jpg","articleSection":["PP de Galicia"],"inLanguage":"es","potentialAction":[{"@type":"CommentAction","name":"Comment","target":["https:\/\/ppdegalicia.com\/es\/o-grupo-popular-lamenta-que-psdeg-e-bng-sexan-os-maiores-inimigos-da-empresa-e-da-industria-galega\/#respond"]}]},{"@type":"WebPage","@id":"https:\/\/ppdegalicia.com\/es\/o-grupo-popular-lamenta-que-psdeg-e-bng-sexan-os-maiores-inimigos-da-empresa-e-da-industria-galega\/","url":"https:\/\/ppdegalicia.com\/es\/o-grupo-popular-lamenta-que-psdeg-e-bng-sexan-os-maiores-inimigos-da-empresa-e-da-industria-galega\/","name":"O Grupo Popular lamenta que PSdeG e BNG sexan \u201cos maiores inimigos da empresa e da industria galega\u201d - PP de Galicia","isPartOf":{"@id":"https:\/\/ppdegalicia.com\/es\/#website"},"primaryImageOfPage":{"@id":"https:\/\/ppdegalicia.com\/es\/o-grupo-popular-lamenta-que-psdeg-e-bng-sexan-os-maiores-inimigos-da-empresa-e-da-industria-galega\/#primaryimage"},"image":{"@id":"https:\/\/ppdegalicia.com\/es\/o-grupo-popular-lamenta-que-psdeg-e-bng-sexan-os-maiores-inimigos-da-empresa-e-da-industria-galega\/#primaryimage"},"thumbnailUrl":"https:\/\/ppdegalicia.com\/wp-content\/uploads\/2023\/03\/ab5416cabade2c10a7d131df8827902a.jpg","datePublished":"2023-03-30T09:24:57+00:00","breadcrumb":{"@id":"https:\/\/ppdegalicia.com\/es\/o-grupo-popular-lamenta-que-psdeg-e-bng-sexan-os-maiores-inimigos-da-empresa-e-da-industria-galega\/#breadcrumb"},"inLanguage":"es","potentialAction":[{"@type":"ReadAction","target":["https:\/\/ppdegalicia.com\/es\/o-grupo-popular-lamenta-que-psdeg-e-bng-sexan-os-maiores-inimigos-da-empresa-e-da-industria-galega\/"]}]},{"@type":"ImageObject","inLanguage":"es","@id":"https:\/\/ppdegalicia.com\/es\/o-grupo-popular-lamenta-que-psdeg-e-bng-sexan-os-maiores-inimigos-da-empresa-e-da-industria-galega\/#primaryimage","url":"https:\/\/ppdegalicia.com\/wp-content\/uploads\/2023\/03\/ab5416cabade2c10a7d131df8827902a.jpg","contentUrl":"https:\/\/ppdegalicia.com\/wp-content\/uploads\/2023\/03\/ab5416cabade2c10a7d131df8827902a.jpg","width":1900,"height":1267},{"@type":"BreadcrumbList","@id":"https:\/\/ppdegalicia.com\/es\/o-grupo-popular-lamenta-que-psdeg-e-bng-sexan-os-maiores-inimigos-da-empresa-e-da-industria-galega\/#breadcrumb","itemListElement":[{"@type":"ListItem","position":1,"name":"Portada","item":"https:\/\/ppdegalicia.com\/es\/"},{"@type":"ListItem","position":2,"name":"O Grupo Popular lamenta que PSdeG e BNG sexan \u201cos maiores inimigos da empresa e da industria galega\u201d"}]},{"@type":"WebSite","@id":"https:\/\/ppdegalicia.com\/es\/#website","url":"https:\/\/ppdegalicia.com\/es\/","name":"Partido Popular de Galicia","description":"Partido Popular de Galicia","publisher":{"@id":"https:\/\/ppdegalicia.com\/es\/#organization"},"alternateName":"PP de Galicia","potentialAction":[{"@type":"SearchAction","target":{"@type":"EntryPoint","urlTemplate":"https:\/\/ppdegalicia.com\/es\/?s={search_term_string}"},"query-input":{"@type":"PropertyValueSpecification","valueRequired":true,"valueName":"search_term_string"}}],"inLanguage":"es"},{"@type":"Organization","@id":"https:\/\/ppdegalicia.com\/es\/#organization","name":"Partido Popular de Galicia","alternateName":"PP de Galicia","url":"https:\/\/ppdegalicia.com\/es\/","logo":{"@type":"ImageObject","inLanguage":"es","@id":"https:\/\/ppdegalicia.com\/es\/#\/schema\/logo\/image\/","url":"https:\/\/ppdegalicia.com\/wp-content\/uploads\/2023\/04\/logoPP512.png","contentUrl":"https:\/\/ppdegalicia.com\/wp-content\/uploads\/2023\/04\/logoPP512.png","width":512,"height":512,"caption":"Partido Popular de Galicia"},"image":{"@id":"https:\/\/ppdegalicia.com\/es\/#\/schema\/logo\/image\/"},"sameAs":["https:\/\/www.instagram.com\/ppdegalicia\/","https:\/\/x.com\/ppdegalicia","https:\/\/www.tiktok.com\/@ppdegalicia","https:\/\/www.youtube.com\/user\/ppdegalicia"]},{"@type":"Person","@id":"https:\/\/ppdegalicia.com\/es\/#\/schema\/person\/5b822c6f59e872ebdd1142f307dbcb59","name":"ppdegaliciaredes","image":{"@type":"ImageObject","inLanguage":"es","@id":"https:\/\/secure.gravatar.com\/avatar\/3c9179cf0256d00c72a48d1f25783c58b6842cd56e85ef3a572881c8e28ccd59?s=96&d=mm&r=g","url":"https:\/\/secure.gravatar.com\/avatar\/3c9179cf0256d00c72a48d1f25783c58b6842cd56e85ef3a572881c8e28ccd59?s=96&d=mm&r=g","contentUrl":"https:\/\/secure.gravatar.com\/avatar\/3c9179cf0256d00c72a48d1f25783c58b6842cd56e85ef3a572881c8e28ccd59?s=96&d=mm&r=g","caption":"ppdegaliciaredes"},"url":"https:\/\/ppdegalicia.com\/es\/author\/ppdegaliciaredes\/"}]}},"_links":{"self":[{"href":"https:\/\/ppdegalicia.com\/es\/wp-json\/wp\/v2\/posts\/58071","targetHints":{"allow":["GET"]}}],"collection":[{"href":"https:\/\/ppdegalicia.com\/es\/wp-json\/wp\/v2\/posts"}],"about":[{"href":"https:\/\/ppdegalicia.com\/es\/wp-json\/wp\/v2\/types\/post"}],"author":[{"embeddable":true,"href":"https:\/\/ppdegalicia.com\/es\/wp-json\/wp\/v2\/users\/38"}],"replies":[{"embeddable":true,"href":"https:\/\/ppdegalicia.com\/es\/wp-json\/wp\/v2\/comments?post=58071"}],"version-history":[{"count":0,"href":"https:\/\/ppdegalicia.com\/es\/wp-json\/wp\/v2\/posts\/58071\/revisions"}],"wp:featuredmedia":[{"embeddable":true,"href":"https:\/\/ppdegalicia.com\/es\/wp-json\/wp\/v2\/media\/58070"}],"wp:attachment":[{"href":"https:\/\/ppdegalicia.com\/es\/wp-json\/wp\/v2\/media?parent=58071"}],"wp:term":[{"taxonomy":"category","embeddable":true,"href":"https:\/\/ppdegalicia.com\/es\/wp-json\/wp\/v2\/categories?post=58071"},{"taxonomy":"post_tag","embeddable":true,"href":"https:\/\/ppdegalicia.com\/es\/wp-json\/wp\/v2\/tags?post=58071"}],"curies":[{"name":"wp","href":"https:\/\/api.w.org\/{rel}","templated":true}]}}