{"id":58077,"date":"2023-03-30T08:18:46","date_gmt":"2023-03-30T06:18:46","guid":{"rendered":"https:\/\/ppdegalicia.com\/ruben-lorenzo-garante-que-todos-os-alumnos-do-centro-aspaber-en-carballo-teran-unha-praza-educativa-o-vindeiro-curso-2023-2024\/"},"modified":"2023-03-30T08:18:46","modified_gmt":"2023-03-30T06:18:46","slug":"ruben-lorenzo-garante-que-todos-os-alumnos-do-centro-aspaber-en-carballo-teran-unha-praza-educativa-o-vindeiro-curso-2023-2024","status":"publish","type":"post","link":"https:\/\/ppdegalicia.com\/es\/ruben-lorenzo-garante-que-todos-os-alumnos-do-centro-aspaber-en-carballo-teran-unha-praza-educativa-o-vindeiro-curso-2023-2024\/","title":{"rendered":"Rub\u00e9n Lorenzo garante que todos os alumnos do centro Aspaber en Carballo ter\u00e1n unha praza educativa o vindeiro curso 2023-2024"},"content":{"rendered":"<p><img fetchpriority=\"high\" decoding=\"async\" class=\" size-full wp-image-58076\" src=\"https:\/\/ppdegalicia.com\/wp-content\/uploads\/2023\/03\/dd883c3dc241deb905703e1ba3950f94.jpg\" alt=\"\" width=\"1900\" height=\"1267\" srcset=\"https:\/\/ppdegalicia.com\/wp-content\/uploads\/2023\/03\/dd883c3dc241deb905703e1ba3950f94.jpg 1900w, https:\/\/ppdegalicia.com\/wp-content\/uploads\/2023\/03\/dd883c3dc241deb905703e1ba3950f94-300x200.jpg 300w, https:\/\/ppdegalicia.com\/wp-content\/uploads\/2023\/03\/dd883c3dc241deb905703e1ba3950f94-1024x683.jpg 1024w, https:\/\/ppdegalicia.com\/wp-content\/uploads\/2023\/03\/dd883c3dc241deb905703e1ba3950f94-768x512.jpg 768w, https:\/\/ppdegalicia.com\/wp-content\/uploads\/2023\/03\/dd883c3dc241deb905703e1ba3950f94-1536x1024.jpg 1536w\" sizes=\"(max-width: 1900px) 100vw, 1900px\" \/><\/p>\n<p>30 de marzo de 2023. O deputado do Grupo Popular e candidato do PP \u00e1 Alcald\u00eda de Carballo, Rub\u00e9n Lorenzo, asegurou hoxe no Parlamento de Galicia que a Xunta garante unha praza educativa a todos os alumnos do centro de educaci\u00f3n especial de Aspaber, logo de que os xestores deste centro privado-concertado decidiran unilateralmente o cese desta actividade educativa o vindeiro curso 2023-2024.<\/p>\n<p><!--more--><\/p>\n<p>\u201cA d\u00eda de hoxe, a soluci\u00f3n m\u00e1is realista, funcional e \u00e1xil para responder \u00e1s demandas das familias pasa por escolarizar en unidades especiais da contorna aos 20 estudantes que ocupan estas aulas de Aspaber\u201d, concretou.<\/p>\n<p>\u00a0<\/p>\n<p>Rub\u00e9n Lorenzo afirmou que \u201ccompartimos a inquedanza por buscarlles unha soluci\u00f3n axeitada e, por suposto, adaptada \u00e1s necesidades deste grupo de alumnos, xa que compartimos a crenza de que a atenci\u00f3n recibida no centro Aspaber est\u00e1 a ser fundamental no seu desenvolvemento e na s\u00faa integraci\u00f3n socioemocional\u201d.<\/p>\n<p>\u00a0<\/p>\n<p><strong>CONTINUIDADE NA ESCOLARIZACI\u00d3N<\/strong><\/p>\n<p>\u00a0<\/p>\n<p>Neste sentido, considerou \u201cf\u00f3ra da realidade e operatividade\u201d a proposta defendida hoxe polos socialistas no Parlamento galego de garantir a continuidade do centro de educaci\u00f3n especial. \u201cTendo en conta que estamos practicamente no mes de abril, a soluci\u00f3n de continuidade deste centro pasa pola total privatizaci\u00f3n, co custo que isto supor\u00eda para as familias, porque a soluci\u00f3n dun novo centro posto en marcha nun tempo r\u00e9cord para botar a andar no mes de setembro \u00e9 sumamente complexa\u201d, explicou o deputado popular.<\/p>\n<p>\u00a0<\/p>\n<p>\u201cO que si te\u00f1en asegurado os alumnos e as s\u00faas familias \u00e9 que ter\u00e1n continuidade na escolarizaci\u00f3n durante o curso 2023-2024 e que ser\u00e1 en unidades de educaci\u00f3n especial, porque, dentro dun marco inclusivo, respectamos a liberdade das familias \u00e1 hora de escoller a educaci\u00f3n especial para os seus fillos e fillas, particularmente cando estes presentan discapacidades de grao severo\u201d, manifestou.<\/p>\n<p>\u00a0<\/p>\n<p>Lorenzo salientou que \u201ca Xunta respectou a decisi\u00f3n dunha entidade privada de non seguir co concerto educativo que ti\u00f1an coa Administraci\u00f3n galega, ante o que, no seu momento mantivo diferentes reuni\u00f3ns de traballo co equipo xestor, aos que se lles ofreceu total colaboraci\u00f3n e disposici\u00f3n para seguir adiante co acordo de concerto\u201d.<\/p>\n<p>\u00a0<\/p>\n<p>\u201cPor\u00e9n, e ante a decisi\u00f3n unilateral de non presentar a solicitude para renovar o concerto educativo de cara ao vindeiro curso, a Xunta se puxo a disposici\u00f3n das familias buscar as mellores opci\u00f3ns e alternativas que garantan unha praza educativa a estes alumnos no vindeiro curso acad\u00e9mico e a normal continuidade do seu proceso de escolarizaci\u00f3n\u201d. <\/p>\n","protected":false},"excerpt":{"rendered":"<p>30 de marzo de 2023. O deputado do Grupo Popular e candidato do PP \u00e1 Alcald\u00eda de Carballo, Rub\u00e9n Lorenzo, asegurou hoxe no Parlamento de Galicia que a Xunta garante unha praza educativa a todos os alumnos do centro de educaci\u00f3n especial de Aspaber, logo de que os xestores deste centro privado-concertado decidiran unilateralmente o [&hellip;]<\/p>\n","protected":false},"author":38,"featured_media":58076,"comment_status":"open","ping_status":"open","sticky":false,"template":"","format":"standard","meta":{"_acf_changed":false,"footnotes":""},"categories":[1],"tags":[],"class_list":["post-58077","post","type-post","status-publish","format-standard","has-post-thumbnail","hentry","category-pp-de-galicia"],"acf":[],"yoast_head":"<!-- This site is optimized with the Yoast SEO plugin v27.3 - https:\/\/yoast.com\/product\/yoast-seo-wordpress\/ -->\n<title>Rub\u00e9n Lorenzo garante que todos os alumnos do centro Aspaber en Carballo ter\u00e1n unha praza educativa o vindeiro curso 2023-2024 - PP de Galicia<\/title>\n<meta name=\"robots\" content=\"index, follow, max-snippet:-1, max-image-preview:large, max-video-preview:-1\" \/>\n<link rel=\"canonical\" href=\"https:\/\/ppdegalicia.com\/es\/ruben-lorenzo-garante-que-todos-os-alumnos-do-centro-aspaber-en-carballo-teran-unha-praza-educativa-o-vindeiro-curso-2023-2024\/\" \/>\n<meta property=\"og:locale\" content=\"es_ES\" \/>\n<meta property=\"og:type\" content=\"article\" \/>\n<meta property=\"og:title\" content=\"Rub\u00e9n Lorenzo garante que todos os alumnos do centro Aspaber en Carballo ter\u00e1n unha praza educativa o vindeiro curso 2023-2024 - PP de Galicia\" \/>\n<meta property=\"og:description\" content=\"30 de marzo de 2023. O deputado do Grupo Popular e candidato do PP \u00e1 Alcald\u00eda de Carballo, Rub\u00e9n Lorenzo, asegurou hoxe no Parlamento de Galicia que a Xunta garante unha praza educativa a todos os alumnos do centro de educaci\u00f3n especial de Aspaber, logo de que os xestores deste centro privado-concertado decidiran unilateralmente o [&hellip;]\" \/>\n<meta property=\"og:url\" content=\"https:\/\/ppdegalicia.com\/es\/ruben-lorenzo-garante-que-todos-os-alumnos-do-centro-aspaber-en-carballo-teran-unha-praza-educativa-o-vindeiro-curso-2023-2024\/\" \/>\n<meta property=\"og:site_name\" content=\"PP de Galicia\" \/>\n<meta property=\"article:publisher\" content=\"https:\/\/www.instagram.com\/ppdegalicia\/\" \/>\n<meta property=\"article:published_time\" content=\"2023-03-30T06:18:46+00:00\" \/>\n<meta property=\"og:image\" content=\"https:\/\/ppdegalicia.com\/wp-content\/uploads\/2023\/03\/dd883c3dc241deb905703e1ba3950f94.jpg\" \/>\n\t<meta property=\"og:image:width\" content=\"1900\" \/>\n\t<meta property=\"og:image:height\" content=\"1267\" \/>\n\t<meta property=\"og:image:type\" content=\"image\/jpeg\" \/>\n<meta name=\"author\" content=\"ppdegaliciaredes\" \/>\n<meta name=\"twitter:card\" content=\"summary_large_image\" \/>\n<meta name=\"twitter:creator\" content=\"@ppdegalicia\" \/>\n<meta name=\"twitter:site\" content=\"@ppdegalicia\" \/>\n<meta name=\"twitter:label1\" content=\"Escrito por\" \/>\n\t<meta name=\"twitter:data1\" content=\"ppdegaliciaredes\" \/>\n\t<meta name=\"twitter:label2\" content=\"Tiempo de lectura\" \/>\n\t<meta name=\"twitter:data2\" content=\"2 minutos\" \/>\n<script type=\"application\/ld+json\" class=\"yoast-schema-graph\">{\"@context\":\"https:\\\/\\\/schema.org\",\"@graph\":[{\"@type\":\"Article\",\"@id\":\"https:\\\/\\\/ppdegalicia.com\\\/es\\\/ruben-lorenzo-garante-que-todos-os-alumnos-do-centro-aspaber-en-carballo-teran-unha-praza-educativa-o-vindeiro-curso-2023-2024\\\/#article\",\"isPartOf\":{\"@id\":\"https:\\\/\\\/ppdegalicia.com\\\/es\\\/ruben-lorenzo-garante-que-todos-os-alumnos-do-centro-aspaber-en-carballo-teran-unha-praza-educativa-o-vindeiro-curso-2023-2024\\\/\"},\"author\":{\"name\":\"ppdegaliciaredes\",\"@id\":\"https:\\\/\\\/ppdegalicia.com\\\/es\\\/#\\\/schema\\\/person\\\/5b822c6f59e872ebdd1142f307dbcb59\"},\"headline\":\"Rub\u00e9n Lorenzo garante que todos os alumnos do centro Aspaber en Carballo ter\u00e1n unha praza educativa o vindeiro curso 2023-2024\",\"datePublished\":\"2023-03-30T06:18:46+00:00\",\"mainEntityOfPage\":{\"@id\":\"https:\\\/\\\/ppdegalicia.com\\\/es\\\/ruben-lorenzo-garante-que-todos-os-alumnos-do-centro-aspaber-en-carballo-teran-unha-praza-educativa-o-vindeiro-curso-2023-2024\\\/\"},\"wordCount\":450,\"commentCount\":0,\"publisher\":{\"@id\":\"https:\\\/\\\/ppdegalicia.com\\\/es\\\/#organization\"},\"image\":{\"@id\":\"https:\\\/\\\/ppdegalicia.com\\\/es\\\/ruben-lorenzo-garante-que-todos-os-alumnos-do-centro-aspaber-en-carballo-teran-unha-praza-educativa-o-vindeiro-curso-2023-2024\\\/#primaryimage\"},\"thumbnailUrl\":\"https:\\\/\\\/ppdegalicia.com\\\/wp-content\\\/uploads\\\/2023\\\/03\\\/dd883c3dc241deb905703e1ba3950f94.jpg\",\"articleSection\":[\"PP de Galicia\"],\"inLanguage\":\"es\",\"potentialAction\":[{\"@type\":\"CommentAction\",\"name\":\"Comment\",\"target\":[\"https:\\\/\\\/ppdegalicia.com\\\/es\\\/ruben-lorenzo-garante-que-todos-os-alumnos-do-centro-aspaber-en-carballo-teran-unha-praza-educativa-o-vindeiro-curso-2023-2024\\\/#respond\"]}]},{\"@type\":\"WebPage\",\"@id\":\"https:\\\/\\\/ppdegalicia.com\\\/es\\\/ruben-lorenzo-garante-que-todos-os-alumnos-do-centro-aspaber-en-carballo-teran-unha-praza-educativa-o-vindeiro-curso-2023-2024\\\/\",\"url\":\"https:\\\/\\\/ppdegalicia.com\\\/es\\\/ruben-lorenzo-garante-que-todos-os-alumnos-do-centro-aspaber-en-carballo-teran-unha-praza-educativa-o-vindeiro-curso-2023-2024\\\/\",\"name\":\"Rub\u00e9n Lorenzo garante que todos os alumnos do centro Aspaber en Carballo ter\u00e1n unha praza educativa o vindeiro curso 2023-2024 - PP de Galicia\",\"isPartOf\":{\"@id\":\"https:\\\/\\\/ppdegalicia.com\\\/es\\\/#website\"},\"primaryImageOfPage\":{\"@id\":\"https:\\\/\\\/ppdegalicia.com\\\/es\\\/ruben-lorenzo-garante-que-todos-os-alumnos-do-centro-aspaber-en-carballo-teran-unha-praza-educativa-o-vindeiro-curso-2023-2024\\\/#primaryimage\"},\"image\":{\"@id\":\"https:\\\/\\\/ppdegalicia.com\\\/es\\\/ruben-lorenzo-garante-que-todos-os-alumnos-do-centro-aspaber-en-carballo-teran-unha-praza-educativa-o-vindeiro-curso-2023-2024\\\/#primaryimage\"},\"thumbnailUrl\":\"https:\\\/\\\/ppdegalicia.com\\\/wp-content\\\/uploads\\\/2023\\\/03\\\/dd883c3dc241deb905703e1ba3950f94.jpg\",\"datePublished\":\"2023-03-30T06:18:46+00:00\",\"breadcrumb\":{\"@id\":\"https:\\\/\\\/ppdegalicia.com\\\/es\\\/ruben-lorenzo-garante-que-todos-os-alumnos-do-centro-aspaber-en-carballo-teran-unha-praza-educativa-o-vindeiro-curso-2023-2024\\\/#breadcrumb\"},\"inLanguage\":\"es\",\"potentialAction\":[{\"@type\":\"ReadAction\",\"target\":[\"https:\\\/\\\/ppdegalicia.com\\\/es\\\/ruben-lorenzo-garante-que-todos-os-alumnos-do-centro-aspaber-en-carballo-teran-unha-praza-educativa-o-vindeiro-curso-2023-2024\\\/\"]}]},{\"@type\":\"ImageObject\",\"inLanguage\":\"es\",\"@id\":\"https:\\\/\\\/ppdegalicia.com\\\/es\\\/ruben-lorenzo-garante-que-todos-os-alumnos-do-centro-aspaber-en-carballo-teran-unha-praza-educativa-o-vindeiro-curso-2023-2024\\\/#primaryimage\",\"url\":\"https:\\\/\\\/ppdegalicia.com\\\/wp-content\\\/uploads\\\/2023\\\/03\\\/dd883c3dc241deb905703e1ba3950f94.jpg\",\"contentUrl\":\"https:\\\/\\\/ppdegalicia.com\\\/wp-content\\\/uploads\\\/2023\\\/03\\\/dd883c3dc241deb905703e1ba3950f94.jpg\",\"width\":1900,\"height\":1267},{\"@type\":\"BreadcrumbList\",\"@id\":\"https:\\\/\\\/ppdegalicia.com\\\/es\\\/ruben-lorenzo-garante-que-todos-os-alumnos-do-centro-aspaber-en-carballo-teran-unha-praza-educativa-o-vindeiro-curso-2023-2024\\\/#breadcrumb\",\"itemListElement\":[{\"@type\":\"ListItem\",\"position\":1,\"name\":\"Portada\",\"item\":\"https:\\\/\\\/ppdegalicia.com\\\/es\\\/\"},{\"@type\":\"ListItem\",\"position\":2,\"name\":\"Rub\u00e9n Lorenzo garante que todos os alumnos do centro Aspaber en Carballo ter\u00e1n unha praza educativa o vindeiro curso 2023-2024\"}]},{\"@type\":\"WebSite\",\"@id\":\"https:\\\/\\\/ppdegalicia.com\\\/es\\\/#website\",\"url\":\"https:\\\/\\\/ppdegalicia.com\\\/es\\\/\",\"name\":\"Partido Popular de Galicia\",\"description\":\"Partido Popular de Galicia\",\"publisher\":{\"@id\":\"https:\\\/\\\/ppdegalicia.com\\\/es\\\/#organization\"},\"alternateName\":\"PP de Galicia\",\"potentialAction\":[{\"@type\":\"SearchAction\",\"target\":{\"@type\":\"EntryPoint\",\"urlTemplate\":\"https:\\\/\\\/ppdegalicia.com\\\/es\\\/?s={search_term_string}\"},\"query-input\":{\"@type\":\"PropertyValueSpecification\",\"valueRequired\":true,\"valueName\":\"search_term_string\"}}],\"inLanguage\":\"es\"},{\"@type\":\"Organization\",\"@id\":\"https:\\\/\\\/ppdegalicia.com\\\/es\\\/#organization\",\"name\":\"Partido Popular de Galicia\",\"alternateName\":\"PP de Galicia\",\"url\":\"https:\\\/\\\/ppdegalicia.com\\\/es\\\/\",\"logo\":{\"@type\":\"ImageObject\",\"inLanguage\":\"es\",\"@id\":\"https:\\\/\\\/ppdegalicia.com\\\/es\\\/#\\\/schema\\\/logo\\\/image\\\/\",\"url\":\"https:\\\/\\\/ppdegalicia.com\\\/wp-content\\\/uploads\\\/2023\\\/04\\\/logoPP512.png\",\"contentUrl\":\"https:\\\/\\\/ppdegalicia.com\\\/wp-content\\\/uploads\\\/2023\\\/04\\\/logoPP512.png\",\"width\":512,\"height\":512,\"caption\":\"Partido Popular de Galicia\"},\"image\":{\"@id\":\"https:\\\/\\\/ppdegalicia.com\\\/es\\\/#\\\/schema\\\/logo\\\/image\\\/\"},\"sameAs\":[\"https:\\\/\\\/www.instagram.com\\\/ppdegalicia\\\/\",\"https:\\\/\\\/x.com\\\/ppdegalicia\",\"https:\\\/\\\/www.tiktok.com\\\/@ppdegalicia\",\"https:\\\/\\\/www.youtube.com\\\/user\\\/ppdegalicia\"]},{\"@type\":\"Person\",\"@id\":\"https:\\\/\\\/ppdegalicia.com\\\/es\\\/#\\\/schema\\\/person\\\/5b822c6f59e872ebdd1142f307dbcb59\",\"name\":\"ppdegaliciaredes\",\"image\":{\"@type\":\"ImageObject\",\"inLanguage\":\"es\",\"@id\":\"https:\\\/\\\/secure.gravatar.com\\\/avatar\\\/3c9179cf0256d00c72a48d1f25783c58b6842cd56e85ef3a572881c8e28ccd59?s=96&d=mm&r=g\",\"url\":\"https:\\\/\\\/secure.gravatar.com\\\/avatar\\\/3c9179cf0256d00c72a48d1f25783c58b6842cd56e85ef3a572881c8e28ccd59?s=96&d=mm&r=g\",\"contentUrl\":\"https:\\\/\\\/secure.gravatar.com\\\/avatar\\\/3c9179cf0256d00c72a48d1f25783c58b6842cd56e85ef3a572881c8e28ccd59?s=96&d=mm&r=g\",\"caption\":\"ppdegaliciaredes\"},\"url\":\"https:\\\/\\\/ppdegalicia.com\\\/es\\\/author\\\/ppdegaliciaredes\\\/\"}]}<\/script>\n<!-- \/ Yoast SEO plugin. -->","yoast_head_json":{"title":"Rub\u00e9n Lorenzo garante que todos os alumnos do centro Aspaber en Carballo ter\u00e1n unha praza educativa o vindeiro curso 2023-2024 - PP de Galicia","robots":{"index":"index","follow":"follow","max-snippet":"max-snippet:-1","max-image-preview":"max-image-preview:large","max-video-preview":"max-video-preview:-1"},"canonical":"https:\/\/ppdegalicia.com\/es\/ruben-lorenzo-garante-que-todos-os-alumnos-do-centro-aspaber-en-carballo-teran-unha-praza-educativa-o-vindeiro-curso-2023-2024\/","og_locale":"es_ES","og_type":"article","og_title":"Rub\u00e9n Lorenzo garante que todos os alumnos do centro Aspaber en Carballo ter\u00e1n unha praza educativa o vindeiro curso 2023-2024 - PP de Galicia","og_description":"30 de marzo de 2023. O deputado do Grupo Popular e candidato do PP \u00e1 Alcald\u00eda de Carballo, Rub\u00e9n Lorenzo, asegurou hoxe no Parlamento de Galicia que a Xunta garante unha praza educativa a todos os alumnos do centro de educaci\u00f3n especial de Aspaber, logo de que os xestores deste centro privado-concertado decidiran unilateralmente o [&hellip;]","og_url":"https:\/\/ppdegalicia.com\/es\/ruben-lorenzo-garante-que-todos-os-alumnos-do-centro-aspaber-en-carballo-teran-unha-praza-educativa-o-vindeiro-curso-2023-2024\/","og_site_name":"PP de Galicia","article_publisher":"https:\/\/www.instagram.com\/ppdegalicia\/","article_published_time":"2023-03-30T06:18:46+00:00","og_image":[{"width":1900,"height":1267,"url":"https:\/\/ppdegalicia.com\/wp-content\/uploads\/2023\/03\/dd883c3dc241deb905703e1ba3950f94.jpg","type":"image\/jpeg"}],"author":"ppdegaliciaredes","twitter_card":"summary_large_image","twitter_creator":"@ppdegalicia","twitter_site":"@ppdegalicia","twitter_misc":{"Escrito por":"ppdegaliciaredes","Tiempo de lectura":"2 minutos"},"schema":{"@context":"https:\/\/schema.org","@graph":[{"@type":"Article","@id":"https:\/\/ppdegalicia.com\/es\/ruben-lorenzo-garante-que-todos-os-alumnos-do-centro-aspaber-en-carballo-teran-unha-praza-educativa-o-vindeiro-curso-2023-2024\/#article","isPartOf":{"@id":"https:\/\/ppdegalicia.com\/es\/ruben-lorenzo-garante-que-todos-os-alumnos-do-centro-aspaber-en-carballo-teran-unha-praza-educativa-o-vindeiro-curso-2023-2024\/"},"author":{"name":"ppdegaliciaredes","@id":"https:\/\/ppdegalicia.com\/es\/#\/schema\/person\/5b822c6f59e872ebdd1142f307dbcb59"},"headline":"Rub\u00e9n Lorenzo garante que todos os alumnos do centro Aspaber en Carballo ter\u00e1n unha praza educativa o vindeiro curso 2023-2024","datePublished":"2023-03-30T06:18:46+00:00","mainEntityOfPage":{"@id":"https:\/\/ppdegalicia.com\/es\/ruben-lorenzo-garante-que-todos-os-alumnos-do-centro-aspaber-en-carballo-teran-unha-praza-educativa-o-vindeiro-curso-2023-2024\/"},"wordCount":450,"commentCount":0,"publisher":{"@id":"https:\/\/ppdegalicia.com\/es\/#organization"},"image":{"@id":"https:\/\/ppdegalicia.com\/es\/ruben-lorenzo-garante-que-todos-os-alumnos-do-centro-aspaber-en-carballo-teran-unha-praza-educativa-o-vindeiro-curso-2023-2024\/#primaryimage"},"thumbnailUrl":"https:\/\/ppdegalicia.com\/wp-content\/uploads\/2023\/03\/dd883c3dc241deb905703e1ba3950f94.jpg","articleSection":["PP de Galicia"],"inLanguage":"es","potentialAction":[{"@type":"CommentAction","name":"Comment","target":["https:\/\/ppdegalicia.com\/es\/ruben-lorenzo-garante-que-todos-os-alumnos-do-centro-aspaber-en-carballo-teran-unha-praza-educativa-o-vindeiro-curso-2023-2024\/#respond"]}]},{"@type":"WebPage","@id":"https:\/\/ppdegalicia.com\/es\/ruben-lorenzo-garante-que-todos-os-alumnos-do-centro-aspaber-en-carballo-teran-unha-praza-educativa-o-vindeiro-curso-2023-2024\/","url":"https:\/\/ppdegalicia.com\/es\/ruben-lorenzo-garante-que-todos-os-alumnos-do-centro-aspaber-en-carballo-teran-unha-praza-educativa-o-vindeiro-curso-2023-2024\/","name":"Rub\u00e9n Lorenzo garante que todos os alumnos do centro Aspaber en Carballo ter\u00e1n unha praza educativa o vindeiro curso 2023-2024 - PP de Galicia","isPartOf":{"@id":"https:\/\/ppdegalicia.com\/es\/#website"},"primaryImageOfPage":{"@id":"https:\/\/ppdegalicia.com\/es\/ruben-lorenzo-garante-que-todos-os-alumnos-do-centro-aspaber-en-carballo-teran-unha-praza-educativa-o-vindeiro-curso-2023-2024\/#primaryimage"},"image":{"@id":"https:\/\/ppdegalicia.com\/es\/ruben-lorenzo-garante-que-todos-os-alumnos-do-centro-aspaber-en-carballo-teran-unha-praza-educativa-o-vindeiro-curso-2023-2024\/#primaryimage"},"thumbnailUrl":"https:\/\/ppdegalicia.com\/wp-content\/uploads\/2023\/03\/dd883c3dc241deb905703e1ba3950f94.jpg","datePublished":"2023-03-30T06:18:46+00:00","breadcrumb":{"@id":"https:\/\/ppdegalicia.com\/es\/ruben-lorenzo-garante-que-todos-os-alumnos-do-centro-aspaber-en-carballo-teran-unha-praza-educativa-o-vindeiro-curso-2023-2024\/#breadcrumb"},"inLanguage":"es","potentialAction":[{"@type":"ReadAction","target":["https:\/\/ppdegalicia.com\/es\/ruben-lorenzo-garante-que-todos-os-alumnos-do-centro-aspaber-en-carballo-teran-unha-praza-educativa-o-vindeiro-curso-2023-2024\/"]}]},{"@type":"ImageObject","inLanguage":"es","@id":"https:\/\/ppdegalicia.com\/es\/ruben-lorenzo-garante-que-todos-os-alumnos-do-centro-aspaber-en-carballo-teran-unha-praza-educativa-o-vindeiro-curso-2023-2024\/#primaryimage","url":"https:\/\/ppdegalicia.com\/wp-content\/uploads\/2023\/03\/dd883c3dc241deb905703e1ba3950f94.jpg","contentUrl":"https:\/\/ppdegalicia.com\/wp-content\/uploads\/2023\/03\/dd883c3dc241deb905703e1ba3950f94.jpg","width":1900,"height":1267},{"@type":"BreadcrumbList","@id":"https:\/\/ppdegalicia.com\/es\/ruben-lorenzo-garante-que-todos-os-alumnos-do-centro-aspaber-en-carballo-teran-unha-praza-educativa-o-vindeiro-curso-2023-2024\/#breadcrumb","itemListElement":[{"@type":"ListItem","position":1,"name":"Portada","item":"https:\/\/ppdegalicia.com\/es\/"},{"@type":"ListItem","position":2,"name":"Rub\u00e9n Lorenzo garante que todos os alumnos do centro Aspaber en Carballo ter\u00e1n unha praza educativa o vindeiro curso 2023-2024"}]},{"@type":"WebSite","@id":"https:\/\/ppdegalicia.com\/es\/#website","url":"https:\/\/ppdegalicia.com\/es\/","name":"Partido Popular de Galicia","description":"Partido Popular de Galicia","publisher":{"@id":"https:\/\/ppdegalicia.com\/es\/#organization"},"alternateName":"PP de Galicia","potentialAction":[{"@type":"SearchAction","target":{"@type":"EntryPoint","urlTemplate":"https:\/\/ppdegalicia.com\/es\/?s={search_term_string}"},"query-input":{"@type":"PropertyValueSpecification","valueRequired":true,"valueName":"search_term_string"}}],"inLanguage":"es"},{"@type":"Organization","@id":"https:\/\/ppdegalicia.com\/es\/#organization","name":"Partido Popular de Galicia","alternateName":"PP de Galicia","url":"https:\/\/ppdegalicia.com\/es\/","logo":{"@type":"ImageObject","inLanguage":"es","@id":"https:\/\/ppdegalicia.com\/es\/#\/schema\/logo\/image\/","url":"https:\/\/ppdegalicia.com\/wp-content\/uploads\/2023\/04\/logoPP512.png","contentUrl":"https:\/\/ppdegalicia.com\/wp-content\/uploads\/2023\/04\/logoPP512.png","width":512,"height":512,"caption":"Partido Popular de Galicia"},"image":{"@id":"https:\/\/ppdegalicia.com\/es\/#\/schema\/logo\/image\/"},"sameAs":["https:\/\/www.instagram.com\/ppdegalicia\/","https:\/\/x.com\/ppdegalicia","https:\/\/www.tiktok.com\/@ppdegalicia","https:\/\/www.youtube.com\/user\/ppdegalicia"]},{"@type":"Person","@id":"https:\/\/ppdegalicia.com\/es\/#\/schema\/person\/5b822c6f59e872ebdd1142f307dbcb59","name":"ppdegaliciaredes","image":{"@type":"ImageObject","inLanguage":"es","@id":"https:\/\/secure.gravatar.com\/avatar\/3c9179cf0256d00c72a48d1f25783c58b6842cd56e85ef3a572881c8e28ccd59?s=96&d=mm&r=g","url":"https:\/\/secure.gravatar.com\/avatar\/3c9179cf0256d00c72a48d1f25783c58b6842cd56e85ef3a572881c8e28ccd59?s=96&d=mm&r=g","contentUrl":"https:\/\/secure.gravatar.com\/avatar\/3c9179cf0256d00c72a48d1f25783c58b6842cd56e85ef3a572881c8e28ccd59?s=96&d=mm&r=g","caption":"ppdegaliciaredes"},"url":"https:\/\/ppdegalicia.com\/es\/author\/ppdegaliciaredes\/"}]}},"_links":{"self":[{"href":"https:\/\/ppdegalicia.com\/es\/wp-json\/wp\/v2\/posts\/58077","targetHints":{"allow":["GET"]}}],"collection":[{"href":"https:\/\/ppdegalicia.com\/es\/wp-json\/wp\/v2\/posts"}],"about":[{"href":"https:\/\/ppdegalicia.com\/es\/wp-json\/wp\/v2\/types\/post"}],"author":[{"embeddable":true,"href":"https:\/\/ppdegalicia.com\/es\/wp-json\/wp\/v2\/users\/38"}],"replies":[{"embeddable":true,"href":"https:\/\/ppdegalicia.com\/es\/wp-json\/wp\/v2\/comments?post=58077"}],"version-history":[{"count":0,"href":"https:\/\/ppdegalicia.com\/es\/wp-json\/wp\/v2\/posts\/58077\/revisions"}],"wp:featuredmedia":[{"embeddable":true,"href":"https:\/\/ppdegalicia.com\/es\/wp-json\/wp\/v2\/media\/58076"}],"wp:attachment":[{"href":"https:\/\/ppdegalicia.com\/es\/wp-json\/wp\/v2\/media?parent=58077"}],"wp:term":[{"taxonomy":"category","embeddable":true,"href":"https:\/\/ppdegalicia.com\/es\/wp-json\/wp\/v2\/categories?post=58077"},{"taxonomy":"post_tag","embeddable":true,"href":"https:\/\/ppdegalicia.com\/es\/wp-json\/wp\/v2\/tags?post=58077"}],"curies":[{"name":"wp","href":"https:\/\/api.w.org\/{rel}","templated":true}]}}