{"id":58091,"date":"2023-04-04T17:28:40","date_gmt":"2023-04-04T15:28:40","guid":{"rendered":"https:\/\/ppdegalicia.com\/rueda-destaca-a-porcentaxe-do-37-de-renovacion-das-candidaturas-do-ppdeg-as-eleccions-municipais\/"},"modified":"2023-04-04T17:28:40","modified_gmt":"2023-04-04T15:28:40","slug":"rueda-destaca-a-porcentaxe-do-37-de-renovacion-das-candidaturas-do-ppdeg-as-eleccions-municipais","status":"publish","type":"post","link":"https:\/\/ppdegalicia.com\/es\/rueda-destaca-a-porcentaxe-do-37-de-renovacion-das-candidaturas-do-ppdeg-as-eleccions-municipais\/","title":{"rendered":"Rueda destaca a porcentaxe do 37% de renovaci\u00f3n das candidaturas do PPdeG \u00e1s elecci\u00f3ns municipais"},"content":{"rendered":"<p><img fetchpriority=\"high\" decoding=\"async\" class=\" size-full wp-image-58090\" src=\"https:\/\/ppdegalicia.com\/wp-content\/uploads\/2023\/04\/1ef36e854538f0de6767154a96ca90b9-scaled.jpg\" alt=\"\" width=\"2560\" height=\"1707\" srcset=\"https:\/\/ppdegalicia.com\/wp-content\/uploads\/2023\/04\/1ef36e854538f0de6767154a96ca90b9-scaled.jpg 2560w, https:\/\/ppdegalicia.com\/wp-content\/uploads\/2023\/04\/1ef36e854538f0de6767154a96ca90b9-300x200.jpg 300w, https:\/\/ppdegalicia.com\/wp-content\/uploads\/2023\/04\/1ef36e854538f0de6767154a96ca90b9-1024x683.jpg 1024w, https:\/\/ppdegalicia.com\/wp-content\/uploads\/2023\/04\/1ef36e854538f0de6767154a96ca90b9-768x512.jpg 768w, https:\/\/ppdegalicia.com\/wp-content\/uploads\/2023\/04\/1ef36e854538f0de6767154a96ca90b9-1536x1024.jpg 1536w, https:\/\/ppdegalicia.com\/wp-content\/uploads\/2023\/04\/1ef36e854538f0de6767154a96ca90b9-2048x1365.jpg 2048w\" sizes=\"(max-width: 2560px) 100vw, 2560px\" \/><\/p>\n<p>4 de abril de 2023. O presidente do PPdeG reivindicou que, no d\u00eda no que se convocaron oficialmente as elecci\u00f3ns municipais do 28 de maio, a formaci\u00f3n traballou \u201ccon tempo e con planificaci\u00f3n\u201d para que fosen xa co\u00f1ecidos os seus 313 candidatos: \u201cAgora o que toca \u00e9 rematar o traballo que os nosos cabeza de lista levan facendo desde que foron designados\u201d.<\/p>\n<p><!--more--><\/p>\n<p>A caracter\u00edstica com\u00fan de todos estes candidatos, segundo apuntou, \u00e9 que \u201cnon te\u00f1en hipotecas nin m\u00e1is instruci\u00f3n que dirixirse aos veci\u00f1os para dicirlles o que xa fixeron e o que queren facer\u201d e \u201cnon depender doutra cousa que da vontade dos veci\u00f1os\u201d.<\/p>\n<p>\u201cA diferencia doutros partidos, os candidatos do PPdeG non te\u00f1en que ocultar as s\u00faas siglas e non aspiran nin m\u00e1is nin menos que a que os veci\u00f1os conf\u00eden neles de forma maioritaria para poder gobernar sen estar pendentes de pactos\u201d, remarcou hoxe en declaraci\u00f3ns aos medios no \u00faltimo Comit\u00e9 de Direcci\u00f3n do PPdeG antes das elecci\u00f3n municipais.<\/p>\n<p>Tras cumprirse un ano do Congreso Nacional do Partido Popular no que Alberto N\u00fa\u00f1ez Feij\u00f3o foi elixido presidente da formaci\u00f3n, Alfonso Rueda asegurou que \u201co partido est\u00e1 moito mellor do que estaba hai un ano e iso vai ser unha vantaxe para que os traballo que est\u00e1n facendo os nosos candidatos te\u00f1a unha maior recompensa\u201d.<\/p>\n<p>\u00a0<\/p>\n<p><strong>CASE O 48% DOS CANDIDATOS XA TE\u00d1EN EXPERIENCIA DE GOBERNO<\/strong><\/p>\n<p>Rueda fixo p\u00fablicos alg\u00fans datos relativos \u00e1s candidaturas do PPdeG para os comicios municipais, como que case o 48% xa te\u00f1en experiencia de goberno ou que a porcentaxe de renovaci\u00f3n das candidaturas ascende ata case o 37%.<\/p>\n<p>No relativo \u00e1 idade, salientou que a candidata m\u00e1is nova \u00e9 Nicole Grueira (Pol), con 22 anos; e o m\u00e1is veterano \u00e9 o xa alcalde de Punx\u00edn, Manuel V\u00e1zquez, de 82 anos.<\/p>\n","protected":false},"excerpt":{"rendered":"<p>4 de abril de 2023. O presidente do PPdeG reivindicou que, no d\u00eda no que se convocaron oficialmente as elecci\u00f3ns municipais do 28 de maio, a formaci\u00f3n traballou \u201ccon tempo e con planificaci\u00f3n\u201d para que fosen xa co\u00f1ecidos os seus 313 candidatos: \u201cAgora o que toca \u00e9 rematar o traballo que os nosos cabeza de [&hellip;]<\/p>\n","protected":false},"author":38,"featured_media":58090,"comment_status":"open","ping_status":"open","sticky":false,"template":"","format":"standard","meta":{"_acf_changed":false,"footnotes":""},"categories":[1],"tags":[],"class_list":["post-58091","post","type-post","status-publish","format-standard","has-post-thumbnail","hentry","category-pp-de-galicia"],"acf":[],"yoast_head":"<!-- This site is optimized with the Yoast SEO plugin v27.3 - https:\/\/yoast.com\/product\/yoast-seo-wordpress\/ -->\n<title>Rueda destaca a porcentaxe do 37% de renovaci\u00f3n das candidaturas do PPdeG \u00e1s elecci\u00f3ns municipais - PP de Galicia<\/title>\n<meta name=\"robots\" content=\"index, follow, max-snippet:-1, max-image-preview:large, max-video-preview:-1\" \/>\n<link rel=\"canonical\" href=\"https:\/\/ppdegalicia.com\/es\/rueda-destaca-a-porcentaxe-do-37-de-renovacion-das-candidaturas-do-ppdeg-as-eleccions-municipais\/\" \/>\n<meta property=\"og:locale\" content=\"es_ES\" \/>\n<meta property=\"og:type\" content=\"article\" \/>\n<meta property=\"og:title\" content=\"Rueda destaca a porcentaxe do 37% de renovaci\u00f3n das candidaturas do PPdeG \u00e1s elecci\u00f3ns municipais - PP de Galicia\" \/>\n<meta property=\"og:description\" content=\"4 de abril de 2023. O presidente do PPdeG reivindicou que, no d\u00eda no que se convocaron oficialmente as elecci\u00f3ns municipais do 28 de maio, a formaci\u00f3n traballou \u201ccon tempo e con planificaci\u00f3n\u201d para que fosen xa co\u00f1ecidos os seus 313 candidatos: \u201cAgora o que toca \u00e9 rematar o traballo que os nosos cabeza de [&hellip;]\" \/>\n<meta property=\"og:url\" content=\"https:\/\/ppdegalicia.com\/es\/rueda-destaca-a-porcentaxe-do-37-de-renovacion-das-candidaturas-do-ppdeg-as-eleccions-municipais\/\" \/>\n<meta property=\"og:site_name\" content=\"PP de Galicia\" \/>\n<meta property=\"article:publisher\" content=\"https:\/\/www.instagram.com\/ppdegalicia\/\" \/>\n<meta property=\"article:published_time\" content=\"2023-04-04T15:28:40+00:00\" \/>\n<meta property=\"og:image\" content=\"https:\/\/ppdegalicia.com\/wp-content\/uploads\/2023\/04\/1ef36e854538f0de6767154a96ca90b9-scaled.jpg\" \/>\n\t<meta property=\"og:image:width\" content=\"2560\" \/>\n\t<meta property=\"og:image:height\" content=\"1707\" \/>\n\t<meta property=\"og:image:type\" content=\"image\/jpeg\" \/>\n<meta name=\"author\" content=\"ppdegaliciaredes\" \/>\n<meta name=\"twitter:card\" content=\"summary_large_image\" \/>\n<meta name=\"twitter:creator\" content=\"@ppdegalicia\" \/>\n<meta name=\"twitter:site\" content=\"@ppdegalicia\" \/>\n<meta name=\"twitter:label1\" content=\"Escrito por\" \/>\n\t<meta name=\"twitter:data1\" content=\"ppdegaliciaredes\" \/>\n\t<meta name=\"twitter:label2\" content=\"Tiempo de lectura\" \/>\n\t<meta name=\"twitter:data2\" content=\"2 minutos\" \/>\n<script type=\"application\/ld+json\" class=\"yoast-schema-graph\">{\"@context\":\"https:\\\/\\\/schema.org\",\"@graph\":[{\"@type\":\"Article\",\"@id\":\"https:\\\/\\\/ppdegalicia.com\\\/es\\\/rueda-destaca-a-porcentaxe-do-37-de-renovacion-das-candidaturas-do-ppdeg-as-eleccions-municipais\\\/#article\",\"isPartOf\":{\"@id\":\"https:\\\/\\\/ppdegalicia.com\\\/es\\\/rueda-destaca-a-porcentaxe-do-37-de-renovacion-das-candidaturas-do-ppdeg-as-eleccions-municipais\\\/\"},\"author\":{\"name\":\"ppdegaliciaredes\",\"@id\":\"https:\\\/\\\/ppdegalicia.com\\\/es\\\/#\\\/schema\\\/person\\\/5b822c6f59e872ebdd1142f307dbcb59\"},\"headline\":\"Rueda destaca a porcentaxe do 37% de renovaci\u00f3n das candidaturas do PPdeG \u00e1s elecci\u00f3ns municipais\",\"datePublished\":\"2023-04-04T15:28:40+00:00\",\"mainEntityOfPage\":{\"@id\":\"https:\\\/\\\/ppdegalicia.com\\\/es\\\/rueda-destaca-a-porcentaxe-do-37-de-renovacion-das-candidaturas-do-ppdeg-as-eleccions-municipais\\\/\"},\"wordCount\":331,\"commentCount\":0,\"publisher\":{\"@id\":\"https:\\\/\\\/ppdegalicia.com\\\/es\\\/#organization\"},\"image\":{\"@id\":\"https:\\\/\\\/ppdegalicia.com\\\/es\\\/rueda-destaca-a-porcentaxe-do-37-de-renovacion-das-candidaturas-do-ppdeg-as-eleccions-municipais\\\/#primaryimage\"},\"thumbnailUrl\":\"https:\\\/\\\/ppdegalicia.com\\\/wp-content\\\/uploads\\\/2023\\\/04\\\/1ef36e854538f0de6767154a96ca90b9-scaled.jpg\",\"articleSection\":[\"PP de Galicia\"],\"inLanguage\":\"es\",\"potentialAction\":[{\"@type\":\"CommentAction\",\"name\":\"Comment\",\"target\":[\"https:\\\/\\\/ppdegalicia.com\\\/es\\\/rueda-destaca-a-porcentaxe-do-37-de-renovacion-das-candidaturas-do-ppdeg-as-eleccions-municipais\\\/#respond\"]}]},{\"@type\":\"WebPage\",\"@id\":\"https:\\\/\\\/ppdegalicia.com\\\/es\\\/rueda-destaca-a-porcentaxe-do-37-de-renovacion-das-candidaturas-do-ppdeg-as-eleccions-municipais\\\/\",\"url\":\"https:\\\/\\\/ppdegalicia.com\\\/es\\\/rueda-destaca-a-porcentaxe-do-37-de-renovacion-das-candidaturas-do-ppdeg-as-eleccions-municipais\\\/\",\"name\":\"Rueda destaca a porcentaxe do 37% de renovaci\u00f3n das candidaturas do PPdeG \u00e1s elecci\u00f3ns municipais - PP de Galicia\",\"isPartOf\":{\"@id\":\"https:\\\/\\\/ppdegalicia.com\\\/es\\\/#website\"},\"primaryImageOfPage\":{\"@id\":\"https:\\\/\\\/ppdegalicia.com\\\/es\\\/rueda-destaca-a-porcentaxe-do-37-de-renovacion-das-candidaturas-do-ppdeg-as-eleccions-municipais\\\/#primaryimage\"},\"image\":{\"@id\":\"https:\\\/\\\/ppdegalicia.com\\\/es\\\/rueda-destaca-a-porcentaxe-do-37-de-renovacion-das-candidaturas-do-ppdeg-as-eleccions-municipais\\\/#primaryimage\"},\"thumbnailUrl\":\"https:\\\/\\\/ppdegalicia.com\\\/wp-content\\\/uploads\\\/2023\\\/04\\\/1ef36e854538f0de6767154a96ca90b9-scaled.jpg\",\"datePublished\":\"2023-04-04T15:28:40+00:00\",\"breadcrumb\":{\"@id\":\"https:\\\/\\\/ppdegalicia.com\\\/es\\\/rueda-destaca-a-porcentaxe-do-37-de-renovacion-das-candidaturas-do-ppdeg-as-eleccions-municipais\\\/#breadcrumb\"},\"inLanguage\":\"es\",\"potentialAction\":[{\"@type\":\"ReadAction\",\"target\":[\"https:\\\/\\\/ppdegalicia.com\\\/es\\\/rueda-destaca-a-porcentaxe-do-37-de-renovacion-das-candidaturas-do-ppdeg-as-eleccions-municipais\\\/\"]}]},{\"@type\":\"ImageObject\",\"inLanguage\":\"es\",\"@id\":\"https:\\\/\\\/ppdegalicia.com\\\/es\\\/rueda-destaca-a-porcentaxe-do-37-de-renovacion-das-candidaturas-do-ppdeg-as-eleccions-municipais\\\/#primaryimage\",\"url\":\"https:\\\/\\\/ppdegalicia.com\\\/wp-content\\\/uploads\\\/2023\\\/04\\\/1ef36e854538f0de6767154a96ca90b9-scaled.jpg\",\"contentUrl\":\"https:\\\/\\\/ppdegalicia.com\\\/wp-content\\\/uploads\\\/2023\\\/04\\\/1ef36e854538f0de6767154a96ca90b9-scaled.jpg\",\"width\":2560,\"height\":1707},{\"@type\":\"BreadcrumbList\",\"@id\":\"https:\\\/\\\/ppdegalicia.com\\\/es\\\/rueda-destaca-a-porcentaxe-do-37-de-renovacion-das-candidaturas-do-ppdeg-as-eleccions-municipais\\\/#breadcrumb\",\"itemListElement\":[{\"@type\":\"ListItem\",\"position\":1,\"name\":\"Portada\",\"item\":\"https:\\\/\\\/ppdegalicia.com\\\/es\\\/\"},{\"@type\":\"ListItem\",\"position\":2,\"name\":\"Rueda destaca a porcentaxe do 37% de renovaci\u00f3n das candidaturas do PPdeG \u00e1s elecci\u00f3ns municipais\"}]},{\"@type\":\"WebSite\",\"@id\":\"https:\\\/\\\/ppdegalicia.com\\\/es\\\/#website\",\"url\":\"https:\\\/\\\/ppdegalicia.com\\\/es\\\/\",\"name\":\"Partido Popular de Galicia\",\"description\":\"Partido Popular de Galicia\",\"publisher\":{\"@id\":\"https:\\\/\\\/ppdegalicia.com\\\/es\\\/#organization\"},\"alternateName\":\"PP de Galicia\",\"potentialAction\":[{\"@type\":\"SearchAction\",\"target\":{\"@type\":\"EntryPoint\",\"urlTemplate\":\"https:\\\/\\\/ppdegalicia.com\\\/es\\\/?s={search_term_string}\"},\"query-input\":{\"@type\":\"PropertyValueSpecification\",\"valueRequired\":true,\"valueName\":\"search_term_string\"}}],\"inLanguage\":\"es\"},{\"@type\":\"Organization\",\"@id\":\"https:\\\/\\\/ppdegalicia.com\\\/es\\\/#organization\",\"name\":\"Partido Popular de Galicia\",\"alternateName\":\"PP de Galicia\",\"url\":\"https:\\\/\\\/ppdegalicia.com\\\/es\\\/\",\"logo\":{\"@type\":\"ImageObject\",\"inLanguage\":\"es\",\"@id\":\"https:\\\/\\\/ppdegalicia.com\\\/es\\\/#\\\/schema\\\/logo\\\/image\\\/\",\"url\":\"https:\\\/\\\/ppdegalicia.com\\\/wp-content\\\/uploads\\\/2023\\\/04\\\/logoPP512.png\",\"contentUrl\":\"https:\\\/\\\/ppdegalicia.com\\\/wp-content\\\/uploads\\\/2023\\\/04\\\/logoPP512.png\",\"width\":512,\"height\":512,\"caption\":\"Partido Popular de Galicia\"},\"image\":{\"@id\":\"https:\\\/\\\/ppdegalicia.com\\\/es\\\/#\\\/schema\\\/logo\\\/image\\\/\"},\"sameAs\":[\"https:\\\/\\\/www.instagram.com\\\/ppdegalicia\\\/\",\"https:\\\/\\\/x.com\\\/ppdegalicia\",\"https:\\\/\\\/www.tiktok.com\\\/@ppdegalicia\",\"https:\\\/\\\/www.youtube.com\\\/user\\\/ppdegalicia\"]},{\"@type\":\"Person\",\"@id\":\"https:\\\/\\\/ppdegalicia.com\\\/es\\\/#\\\/schema\\\/person\\\/5b822c6f59e872ebdd1142f307dbcb59\",\"name\":\"ppdegaliciaredes\",\"image\":{\"@type\":\"ImageObject\",\"inLanguage\":\"es\",\"@id\":\"https:\\\/\\\/secure.gravatar.com\\\/avatar\\\/3c9179cf0256d00c72a48d1f25783c58b6842cd56e85ef3a572881c8e28ccd59?s=96&d=mm&r=g\",\"url\":\"https:\\\/\\\/secure.gravatar.com\\\/avatar\\\/3c9179cf0256d00c72a48d1f25783c58b6842cd56e85ef3a572881c8e28ccd59?s=96&d=mm&r=g\",\"contentUrl\":\"https:\\\/\\\/secure.gravatar.com\\\/avatar\\\/3c9179cf0256d00c72a48d1f25783c58b6842cd56e85ef3a572881c8e28ccd59?s=96&d=mm&r=g\",\"caption\":\"ppdegaliciaredes\"},\"url\":\"https:\\\/\\\/ppdegalicia.com\\\/es\\\/author\\\/ppdegaliciaredes\\\/\"}]}<\/script>\n<!-- \/ Yoast SEO plugin. -->","yoast_head_json":{"title":"Rueda destaca a porcentaxe do 37% de renovaci\u00f3n das candidaturas do PPdeG \u00e1s elecci\u00f3ns municipais - PP de Galicia","robots":{"index":"index","follow":"follow","max-snippet":"max-snippet:-1","max-image-preview":"max-image-preview:large","max-video-preview":"max-video-preview:-1"},"canonical":"https:\/\/ppdegalicia.com\/es\/rueda-destaca-a-porcentaxe-do-37-de-renovacion-das-candidaturas-do-ppdeg-as-eleccions-municipais\/","og_locale":"es_ES","og_type":"article","og_title":"Rueda destaca a porcentaxe do 37% de renovaci\u00f3n das candidaturas do PPdeG \u00e1s elecci\u00f3ns municipais - PP de Galicia","og_description":"4 de abril de 2023. O presidente do PPdeG reivindicou que, no d\u00eda no que se convocaron oficialmente as elecci\u00f3ns municipais do 28 de maio, a formaci\u00f3n traballou \u201ccon tempo e con planificaci\u00f3n\u201d para que fosen xa co\u00f1ecidos os seus 313 candidatos: \u201cAgora o que toca \u00e9 rematar o traballo que os nosos cabeza de [&hellip;]","og_url":"https:\/\/ppdegalicia.com\/es\/rueda-destaca-a-porcentaxe-do-37-de-renovacion-das-candidaturas-do-ppdeg-as-eleccions-municipais\/","og_site_name":"PP de Galicia","article_publisher":"https:\/\/www.instagram.com\/ppdegalicia\/","article_published_time":"2023-04-04T15:28:40+00:00","og_image":[{"width":2560,"height":1707,"url":"https:\/\/ppdegalicia.com\/wp-content\/uploads\/2023\/04\/1ef36e854538f0de6767154a96ca90b9-scaled.jpg","type":"image\/jpeg"}],"author":"ppdegaliciaredes","twitter_card":"summary_large_image","twitter_creator":"@ppdegalicia","twitter_site":"@ppdegalicia","twitter_misc":{"Escrito por":"ppdegaliciaredes","Tiempo de lectura":"2 minutos"},"schema":{"@context":"https:\/\/schema.org","@graph":[{"@type":"Article","@id":"https:\/\/ppdegalicia.com\/es\/rueda-destaca-a-porcentaxe-do-37-de-renovacion-das-candidaturas-do-ppdeg-as-eleccions-municipais\/#article","isPartOf":{"@id":"https:\/\/ppdegalicia.com\/es\/rueda-destaca-a-porcentaxe-do-37-de-renovacion-das-candidaturas-do-ppdeg-as-eleccions-municipais\/"},"author":{"name":"ppdegaliciaredes","@id":"https:\/\/ppdegalicia.com\/es\/#\/schema\/person\/5b822c6f59e872ebdd1142f307dbcb59"},"headline":"Rueda destaca a porcentaxe do 37% de renovaci\u00f3n das candidaturas do PPdeG \u00e1s elecci\u00f3ns municipais","datePublished":"2023-04-04T15:28:40+00:00","mainEntityOfPage":{"@id":"https:\/\/ppdegalicia.com\/es\/rueda-destaca-a-porcentaxe-do-37-de-renovacion-das-candidaturas-do-ppdeg-as-eleccions-municipais\/"},"wordCount":331,"commentCount":0,"publisher":{"@id":"https:\/\/ppdegalicia.com\/es\/#organization"},"image":{"@id":"https:\/\/ppdegalicia.com\/es\/rueda-destaca-a-porcentaxe-do-37-de-renovacion-das-candidaturas-do-ppdeg-as-eleccions-municipais\/#primaryimage"},"thumbnailUrl":"https:\/\/ppdegalicia.com\/wp-content\/uploads\/2023\/04\/1ef36e854538f0de6767154a96ca90b9-scaled.jpg","articleSection":["PP de Galicia"],"inLanguage":"es","potentialAction":[{"@type":"CommentAction","name":"Comment","target":["https:\/\/ppdegalicia.com\/es\/rueda-destaca-a-porcentaxe-do-37-de-renovacion-das-candidaturas-do-ppdeg-as-eleccions-municipais\/#respond"]}]},{"@type":"WebPage","@id":"https:\/\/ppdegalicia.com\/es\/rueda-destaca-a-porcentaxe-do-37-de-renovacion-das-candidaturas-do-ppdeg-as-eleccions-municipais\/","url":"https:\/\/ppdegalicia.com\/es\/rueda-destaca-a-porcentaxe-do-37-de-renovacion-das-candidaturas-do-ppdeg-as-eleccions-municipais\/","name":"Rueda destaca a porcentaxe do 37% de renovaci\u00f3n das candidaturas do PPdeG \u00e1s elecci\u00f3ns municipais - PP de Galicia","isPartOf":{"@id":"https:\/\/ppdegalicia.com\/es\/#website"},"primaryImageOfPage":{"@id":"https:\/\/ppdegalicia.com\/es\/rueda-destaca-a-porcentaxe-do-37-de-renovacion-das-candidaturas-do-ppdeg-as-eleccions-municipais\/#primaryimage"},"image":{"@id":"https:\/\/ppdegalicia.com\/es\/rueda-destaca-a-porcentaxe-do-37-de-renovacion-das-candidaturas-do-ppdeg-as-eleccions-municipais\/#primaryimage"},"thumbnailUrl":"https:\/\/ppdegalicia.com\/wp-content\/uploads\/2023\/04\/1ef36e854538f0de6767154a96ca90b9-scaled.jpg","datePublished":"2023-04-04T15:28:40+00:00","breadcrumb":{"@id":"https:\/\/ppdegalicia.com\/es\/rueda-destaca-a-porcentaxe-do-37-de-renovacion-das-candidaturas-do-ppdeg-as-eleccions-municipais\/#breadcrumb"},"inLanguage":"es","potentialAction":[{"@type":"ReadAction","target":["https:\/\/ppdegalicia.com\/es\/rueda-destaca-a-porcentaxe-do-37-de-renovacion-das-candidaturas-do-ppdeg-as-eleccions-municipais\/"]}]},{"@type":"ImageObject","inLanguage":"es","@id":"https:\/\/ppdegalicia.com\/es\/rueda-destaca-a-porcentaxe-do-37-de-renovacion-das-candidaturas-do-ppdeg-as-eleccions-municipais\/#primaryimage","url":"https:\/\/ppdegalicia.com\/wp-content\/uploads\/2023\/04\/1ef36e854538f0de6767154a96ca90b9-scaled.jpg","contentUrl":"https:\/\/ppdegalicia.com\/wp-content\/uploads\/2023\/04\/1ef36e854538f0de6767154a96ca90b9-scaled.jpg","width":2560,"height":1707},{"@type":"BreadcrumbList","@id":"https:\/\/ppdegalicia.com\/es\/rueda-destaca-a-porcentaxe-do-37-de-renovacion-das-candidaturas-do-ppdeg-as-eleccions-municipais\/#breadcrumb","itemListElement":[{"@type":"ListItem","position":1,"name":"Portada","item":"https:\/\/ppdegalicia.com\/es\/"},{"@type":"ListItem","position":2,"name":"Rueda destaca a porcentaxe do 37% de renovaci\u00f3n das candidaturas do PPdeG \u00e1s elecci\u00f3ns municipais"}]},{"@type":"WebSite","@id":"https:\/\/ppdegalicia.com\/es\/#website","url":"https:\/\/ppdegalicia.com\/es\/","name":"Partido Popular de Galicia","description":"Partido Popular de Galicia","publisher":{"@id":"https:\/\/ppdegalicia.com\/es\/#organization"},"alternateName":"PP de Galicia","potentialAction":[{"@type":"SearchAction","target":{"@type":"EntryPoint","urlTemplate":"https:\/\/ppdegalicia.com\/es\/?s={search_term_string}"},"query-input":{"@type":"PropertyValueSpecification","valueRequired":true,"valueName":"search_term_string"}}],"inLanguage":"es"},{"@type":"Organization","@id":"https:\/\/ppdegalicia.com\/es\/#organization","name":"Partido Popular de Galicia","alternateName":"PP de Galicia","url":"https:\/\/ppdegalicia.com\/es\/","logo":{"@type":"ImageObject","inLanguage":"es","@id":"https:\/\/ppdegalicia.com\/es\/#\/schema\/logo\/image\/","url":"https:\/\/ppdegalicia.com\/wp-content\/uploads\/2023\/04\/logoPP512.png","contentUrl":"https:\/\/ppdegalicia.com\/wp-content\/uploads\/2023\/04\/logoPP512.png","width":512,"height":512,"caption":"Partido Popular de Galicia"},"image":{"@id":"https:\/\/ppdegalicia.com\/es\/#\/schema\/logo\/image\/"},"sameAs":["https:\/\/www.instagram.com\/ppdegalicia\/","https:\/\/x.com\/ppdegalicia","https:\/\/www.tiktok.com\/@ppdegalicia","https:\/\/www.youtube.com\/user\/ppdegalicia"]},{"@type":"Person","@id":"https:\/\/ppdegalicia.com\/es\/#\/schema\/person\/5b822c6f59e872ebdd1142f307dbcb59","name":"ppdegaliciaredes","image":{"@type":"ImageObject","inLanguage":"es","@id":"https:\/\/secure.gravatar.com\/avatar\/3c9179cf0256d00c72a48d1f25783c58b6842cd56e85ef3a572881c8e28ccd59?s=96&d=mm&r=g","url":"https:\/\/secure.gravatar.com\/avatar\/3c9179cf0256d00c72a48d1f25783c58b6842cd56e85ef3a572881c8e28ccd59?s=96&d=mm&r=g","contentUrl":"https:\/\/secure.gravatar.com\/avatar\/3c9179cf0256d00c72a48d1f25783c58b6842cd56e85ef3a572881c8e28ccd59?s=96&d=mm&r=g","caption":"ppdegaliciaredes"},"url":"https:\/\/ppdegalicia.com\/es\/author\/ppdegaliciaredes\/"}]}},"_links":{"self":[{"href":"https:\/\/ppdegalicia.com\/es\/wp-json\/wp\/v2\/posts\/58091","targetHints":{"allow":["GET"]}}],"collection":[{"href":"https:\/\/ppdegalicia.com\/es\/wp-json\/wp\/v2\/posts"}],"about":[{"href":"https:\/\/ppdegalicia.com\/es\/wp-json\/wp\/v2\/types\/post"}],"author":[{"embeddable":true,"href":"https:\/\/ppdegalicia.com\/es\/wp-json\/wp\/v2\/users\/38"}],"replies":[{"embeddable":true,"href":"https:\/\/ppdegalicia.com\/es\/wp-json\/wp\/v2\/comments?post=58091"}],"version-history":[{"count":0,"href":"https:\/\/ppdegalicia.com\/es\/wp-json\/wp\/v2\/posts\/58091\/revisions"}],"wp:featuredmedia":[{"embeddable":true,"href":"https:\/\/ppdegalicia.com\/es\/wp-json\/wp\/v2\/media\/58090"}],"wp:attachment":[{"href":"https:\/\/ppdegalicia.com\/es\/wp-json\/wp\/v2\/media?parent=58091"}],"wp:term":[{"taxonomy":"category","embeddable":true,"href":"https:\/\/ppdegalicia.com\/es\/wp-json\/wp\/v2\/categories?post=58091"},{"taxonomy":"post_tag","embeddable":true,"href":"https:\/\/ppdegalicia.com\/es\/wp-json\/wp\/v2\/tags?post=58091"}],"curies":[{"name":"wp","href":"https:\/\/api.w.org\/{rel}","templated":true}]}}