{"id":58099,"date":"2023-04-05T14:28:45","date_gmt":"2023-04-05T12:28:45","guid":{"rendered":"https:\/\/ppdegalicia.com\/miguel-tellado-o-pp-aporta-a-lugo-o-mellor-que-ten-que-e-elena-candia\/"},"modified":"2023-04-05T14:28:45","modified_gmt":"2023-04-05T12:28:45","slug":"miguel-tellado-o-pp-aporta-a-lugo-o-mellor-que-ten-que-e-elena-candia","status":"publish","type":"post","link":"https:\/\/ppdegalicia.com\/es\/miguel-tellado-o-pp-aporta-a-lugo-o-mellor-que-ten-que-e-elena-candia\/","title":{"rendered":"Miguel Tellado: \u201cO PP aporta a Lugo o mellor que ten, que \u00e9 Elena Candia\u201d"},"content":{"rendered":"<p><img fetchpriority=\"high\" decoding=\"async\" class=\" size-full wp-image-58098\" src=\"https:\/\/ppdegalicia.com\/wp-content\/uploads\/2023\/04\/5d09a4b39d41315b464e2ad0783f70f9-scaled.jpg\" alt=\"\" width=\"2560\" height=\"1707\" srcset=\"https:\/\/ppdegalicia.com\/wp-content\/uploads\/2023\/04\/5d09a4b39d41315b464e2ad0783f70f9-scaled.jpg 2560w, https:\/\/ppdegalicia.com\/wp-content\/uploads\/2023\/04\/5d09a4b39d41315b464e2ad0783f70f9-300x200.jpg 300w, https:\/\/ppdegalicia.com\/wp-content\/uploads\/2023\/04\/5d09a4b39d41315b464e2ad0783f70f9-1024x683.jpg 1024w, https:\/\/ppdegalicia.com\/wp-content\/uploads\/2023\/04\/5d09a4b39d41315b464e2ad0783f70f9-768x512.jpg 768w, https:\/\/ppdegalicia.com\/wp-content\/uploads\/2023\/04\/5d09a4b39d41315b464e2ad0783f70f9-1536x1024.jpg 1536w, https:\/\/ppdegalicia.com\/wp-content\/uploads\/2023\/04\/5d09a4b39d41315b464e2ad0783f70f9-2048x1365.jpg 2048w\" sizes=\"(max-width: 2560px) 100vw, 2560px\" \/><\/p>\n<p>5 de abril de 2023. O vicesecretario de Organizaci\u00f3n do PP asegurou hoxe, nun acto cos medio cento de novos afiliados do PP de Lugo ao que tam\u00e9n asistiu a secretaria xeral do PPdeG, Paula Prado, que a s\u00faa formaci\u00f3n aporta a Lugo \u201co mellor que ten\u201d, convencido de que Elena Candia \u201cser\u00e1 unha gran alcaldesa que antepor\u00e1 os intereses dos lucenses por riba de calquera outra cuesti\u00f3n\u201d.<\/p>\n<p><!--more--><\/p>\n<p>\u201cElena Candia \u00e9 unha persoa con experiencia, con ganas e con ilusi\u00f3n por darlle a Lugo un futuro mellor e para iso conta cun gran equipo e ten detr\u00e1s un partido que medra e ampl\u00eda as s\u00faas filas con novas incorporaci\u00f3ns\u201d, engadiu.<\/p>\n<p>\u00a0<\/p>\n<p>Miguel Tellado definiu o proxecto do PP de Lugo como un proxecto \u201cde todos e para todos\u201d para \u201cdicirlle adeus a un bipartito de socialistas e nacionalistas que se repartiu o goberno pero non gobernou\u201d.<\/p>\n<p>\u00a0<\/p>\n<p>\u201cAo longo destes anos, ningu\u00e9n pensou nos intereses dunha cidade como Lugo, que non quere ser m\u00e1is que ningunha pero tampouco est\u00e1 disposta a ser menos que calquera\u201d, remarcou.<\/p>\n<p>\u00a0<\/p>\n<p>O vicesecretario nacional amosouse convencido de que o vindeiro 28 de maio o PP celebrar\u00e1 unha vitoria na capital da provincia e de que haber\u00e1 un cambio de goberno na Deputaci\u00f3n.<\/p>\n<p>\u00a0<\/p>\n<p>\u201cEn Lugo e no resto dos municipios de Espa\u00f1a faremos posible o cambio que Espa\u00f1a merece para ter un Goberno mellor e que s\u00f3 pode vir da man do PP e de Alberto N\u00fa\u00f1ez Feij\u00f3o\u201d, afirmou.<\/p>\n<p>\u00a0<\/p>\n<p>Miguel Tellado destacou que, desde que Alberto N\u00fa\u00f1ez Feij\u00f3o chegou \u00e1 presidencia do PP hai un ano, son m\u00e1is de 12.000 os afiliados que se sumaron ao partido: \u201cIsto demostra que temos un proxecto vivo e aberto a novas incorporaci\u00f3ns, fronte \u00e1 falta de proxecto dun PSOE en descomposici\u00f3n\u201d.<\/p>\n<p>\u00a0<\/p>\n<p>\u201cOnte co\u00f1ec\u00edamos como o violador do estilete se beneficiaba da soberbia e da incompetencia de PSOE e Podemos. Porque mentres o Goberno se divide e est\u00e1 centrado en liortas internas, est\u00e1selle a dar as costas \u00e1 realidade de que m\u00e1is de 800 violadores, pederastas e agresores sexuais se beneficiaron das rebaixas de pena da Lei do s\u00f3 si \u00e9 si\u201d, conclu\u00edu.<\/p>\n<p>\u00a0<\/p>\n<p><strong>ELENA CANDIA DEU A BENVIDA AOS NOVOS MILITANTES DO PARTIDO<\/strong><\/p>\n<p>\u00a0<\/p>\n<p>O PP desenvolveu, na sede de Poeta Ram\u00f3n Cabanillas, un acto simb\u00f3lico de benvida a unha representaci\u00f3n de persoas de todas as idades e perf\u00eds profesionais que decidiron, nos \u00faltimos meses, colaborar de forma m\u00e1is activa co proxecto popular.<\/p>\n<p>\u00a0<\/p>\n<p>A candidata \u00e1 alcald\u00eda explicou que o feito de que o partido siga medrando \u00e9 un indicativo positivo: \u201cOs que se incorporan e dan este paso \u00e9 porque queren un Lugo mellor e, pola nosa banda, poremos no centro do noso traballo as s\u00faas preocupaci\u00f3ns, porque Lugo \u00e9 o primeiro\u201d.<\/p>\n<p>\u00a0<\/p>\n<p>Elena Candia explicou que \u201cafiliarse \u00e9 o m\u00e1ximo grao de responsabilidade que ten unha persoa con respecto a un partido\u201d e dixo que valoraba de forma moi positiva \u201co interese que demostran nun reto tan importante como o que temos entre mans, que \u00e9 chegar \u00e1 alcald\u00eda de Lugo\u201d.<\/p>\n<p>\u00a0<\/p>\n<p>A candidata agradeceu o compromiso dos novos militantes manifestando que \u201co PP non existir\u00eda sen os afiliados de base, persoas que fan de correa de transmisi\u00f3n das nosas mensaxes e que defenden na r\u00faa as nosas ideas\u201d.<\/p>\n<p>\u00a0<\/p>\n<p>Candia animou aos que ve\u00f1en de sumarse ao partido, as\u00ed como aos que levan toda a vida na formaci\u00f3n, a que participen en todos os actos que se convocquen e que tam\u00e9n fagan as s\u00faas achegas para mellorar o proxecto de cidade que quere levar a cabo se \u00e9 alcaldesa o vindeiro 28 de maio.<\/p>\n","protected":false},"excerpt":{"rendered":"<p>5 de abril de 2023. O vicesecretario de Organizaci\u00f3n do PP asegurou hoxe, nun acto cos medio cento de novos afiliados do PP de Lugo ao que tam\u00e9n asistiu a secretaria xeral do PPdeG, Paula Prado, que a s\u00faa formaci\u00f3n aporta a Lugo \u201co mellor que ten\u201d, convencido de que Elena Candia \u201cser\u00e1 unha gran [&hellip;]<\/p>\n","protected":false},"author":38,"featured_media":58098,"comment_status":"open","ping_status":"open","sticky":false,"template":"","format":"standard","meta":{"_acf_changed":false,"footnotes":""},"categories":[1],"tags":[],"class_list":["post-58099","post","type-post","status-publish","format-standard","has-post-thumbnail","hentry","category-pp-de-galicia"],"acf":[],"yoast_head":"<!-- This site is optimized with the Yoast SEO plugin v27.3 - https:\/\/yoast.com\/product\/yoast-seo-wordpress\/ -->\n<title>Miguel Tellado: \u201cO PP aporta a Lugo o mellor que ten, que \u00e9 Elena Candia\u201d - PP de Galicia<\/title>\n<meta name=\"robots\" content=\"index, follow, max-snippet:-1, max-image-preview:large, max-video-preview:-1\" \/>\n<link rel=\"canonical\" href=\"https:\/\/ppdegalicia.com\/es\/miguel-tellado-o-pp-aporta-a-lugo-o-mellor-que-ten-que-e-elena-candia\/\" \/>\n<meta property=\"og:locale\" content=\"es_ES\" \/>\n<meta property=\"og:type\" content=\"article\" \/>\n<meta property=\"og:title\" content=\"Miguel Tellado: \u201cO PP aporta a Lugo o mellor que ten, que \u00e9 Elena Candia\u201d - PP de Galicia\" \/>\n<meta property=\"og:description\" content=\"5 de abril de 2023. O vicesecretario de Organizaci\u00f3n do PP asegurou hoxe, nun acto cos medio cento de novos afiliados do PP de Lugo ao que tam\u00e9n asistiu a secretaria xeral do PPdeG, Paula Prado, que a s\u00faa formaci\u00f3n aporta a Lugo \u201co mellor que ten\u201d, convencido de que Elena Candia \u201cser\u00e1 unha gran [&hellip;]\" \/>\n<meta property=\"og:url\" content=\"https:\/\/ppdegalicia.com\/es\/miguel-tellado-o-pp-aporta-a-lugo-o-mellor-que-ten-que-e-elena-candia\/\" \/>\n<meta property=\"og:site_name\" content=\"PP de Galicia\" \/>\n<meta property=\"article:publisher\" content=\"https:\/\/www.instagram.com\/ppdegalicia\/\" \/>\n<meta property=\"article:published_time\" content=\"2023-04-05T12:28:45+00:00\" \/>\n<meta property=\"og:image\" content=\"https:\/\/ppdegalicia.com\/wp-content\/uploads\/2023\/04\/5d09a4b39d41315b464e2ad0783f70f9-scaled.jpg\" \/>\n\t<meta property=\"og:image:width\" content=\"2560\" \/>\n\t<meta property=\"og:image:height\" content=\"1707\" \/>\n\t<meta property=\"og:image:type\" content=\"image\/jpeg\" \/>\n<meta name=\"author\" content=\"ppdegaliciaredes\" \/>\n<meta name=\"twitter:card\" content=\"summary_large_image\" \/>\n<meta name=\"twitter:creator\" content=\"@ppdegalicia\" \/>\n<meta name=\"twitter:site\" content=\"@ppdegalicia\" \/>\n<meta name=\"twitter:label1\" content=\"Escrito por\" \/>\n\t<meta name=\"twitter:data1\" content=\"ppdegaliciaredes\" \/>\n\t<meta name=\"twitter:label2\" content=\"Tiempo de lectura\" \/>\n\t<meta name=\"twitter:data2\" content=\"3 minutos\" \/>\n<script type=\"application\/ld+json\" class=\"yoast-schema-graph\">{\"@context\":\"https:\\\/\\\/schema.org\",\"@graph\":[{\"@type\":\"Article\",\"@id\":\"https:\\\/\\\/ppdegalicia.com\\\/es\\\/miguel-tellado-o-pp-aporta-a-lugo-o-mellor-que-ten-que-e-elena-candia\\\/#article\",\"isPartOf\":{\"@id\":\"https:\\\/\\\/ppdegalicia.com\\\/es\\\/miguel-tellado-o-pp-aporta-a-lugo-o-mellor-que-ten-que-e-elena-candia\\\/\"},\"author\":{\"name\":\"ppdegaliciaredes\",\"@id\":\"https:\\\/\\\/ppdegalicia.com\\\/es\\\/#\\\/schema\\\/person\\\/5b822c6f59e872ebdd1142f307dbcb59\"},\"headline\":\"Miguel Tellado: \u201cO PP aporta a Lugo o mellor que ten, que \u00e9 Elena Candia\u201d\",\"datePublished\":\"2023-04-05T12:28:45+00:00\",\"mainEntityOfPage\":{\"@id\":\"https:\\\/\\\/ppdegalicia.com\\\/es\\\/miguel-tellado-o-pp-aporta-a-lugo-o-mellor-que-ten-que-e-elena-candia\\\/\"},\"wordCount\":630,\"commentCount\":0,\"publisher\":{\"@id\":\"https:\\\/\\\/ppdegalicia.com\\\/es\\\/#organization\"},\"image\":{\"@id\":\"https:\\\/\\\/ppdegalicia.com\\\/es\\\/miguel-tellado-o-pp-aporta-a-lugo-o-mellor-que-ten-que-e-elena-candia\\\/#primaryimage\"},\"thumbnailUrl\":\"https:\\\/\\\/ppdegalicia.com\\\/wp-content\\\/uploads\\\/2023\\\/04\\\/5d09a4b39d41315b464e2ad0783f70f9-scaled.jpg\",\"articleSection\":[\"PP de Galicia\"],\"inLanguage\":\"es\",\"potentialAction\":[{\"@type\":\"CommentAction\",\"name\":\"Comment\",\"target\":[\"https:\\\/\\\/ppdegalicia.com\\\/es\\\/miguel-tellado-o-pp-aporta-a-lugo-o-mellor-que-ten-que-e-elena-candia\\\/#respond\"]}]},{\"@type\":\"WebPage\",\"@id\":\"https:\\\/\\\/ppdegalicia.com\\\/es\\\/miguel-tellado-o-pp-aporta-a-lugo-o-mellor-que-ten-que-e-elena-candia\\\/\",\"url\":\"https:\\\/\\\/ppdegalicia.com\\\/es\\\/miguel-tellado-o-pp-aporta-a-lugo-o-mellor-que-ten-que-e-elena-candia\\\/\",\"name\":\"Miguel Tellado: \u201cO PP aporta a Lugo o mellor que ten, que \u00e9 Elena Candia\u201d - PP de Galicia\",\"isPartOf\":{\"@id\":\"https:\\\/\\\/ppdegalicia.com\\\/es\\\/#website\"},\"primaryImageOfPage\":{\"@id\":\"https:\\\/\\\/ppdegalicia.com\\\/es\\\/miguel-tellado-o-pp-aporta-a-lugo-o-mellor-que-ten-que-e-elena-candia\\\/#primaryimage\"},\"image\":{\"@id\":\"https:\\\/\\\/ppdegalicia.com\\\/es\\\/miguel-tellado-o-pp-aporta-a-lugo-o-mellor-que-ten-que-e-elena-candia\\\/#primaryimage\"},\"thumbnailUrl\":\"https:\\\/\\\/ppdegalicia.com\\\/wp-content\\\/uploads\\\/2023\\\/04\\\/5d09a4b39d41315b464e2ad0783f70f9-scaled.jpg\",\"datePublished\":\"2023-04-05T12:28:45+00:00\",\"breadcrumb\":{\"@id\":\"https:\\\/\\\/ppdegalicia.com\\\/es\\\/miguel-tellado-o-pp-aporta-a-lugo-o-mellor-que-ten-que-e-elena-candia\\\/#breadcrumb\"},\"inLanguage\":\"es\",\"potentialAction\":[{\"@type\":\"ReadAction\",\"target\":[\"https:\\\/\\\/ppdegalicia.com\\\/es\\\/miguel-tellado-o-pp-aporta-a-lugo-o-mellor-que-ten-que-e-elena-candia\\\/\"]}]},{\"@type\":\"ImageObject\",\"inLanguage\":\"es\",\"@id\":\"https:\\\/\\\/ppdegalicia.com\\\/es\\\/miguel-tellado-o-pp-aporta-a-lugo-o-mellor-que-ten-que-e-elena-candia\\\/#primaryimage\",\"url\":\"https:\\\/\\\/ppdegalicia.com\\\/wp-content\\\/uploads\\\/2023\\\/04\\\/5d09a4b39d41315b464e2ad0783f70f9-scaled.jpg\",\"contentUrl\":\"https:\\\/\\\/ppdegalicia.com\\\/wp-content\\\/uploads\\\/2023\\\/04\\\/5d09a4b39d41315b464e2ad0783f70f9-scaled.jpg\",\"width\":2560,\"height\":1707},{\"@type\":\"BreadcrumbList\",\"@id\":\"https:\\\/\\\/ppdegalicia.com\\\/es\\\/miguel-tellado-o-pp-aporta-a-lugo-o-mellor-que-ten-que-e-elena-candia\\\/#breadcrumb\",\"itemListElement\":[{\"@type\":\"ListItem\",\"position\":1,\"name\":\"Portada\",\"item\":\"https:\\\/\\\/ppdegalicia.com\\\/es\\\/\"},{\"@type\":\"ListItem\",\"position\":2,\"name\":\"Miguel Tellado: \u201cO PP aporta a Lugo o mellor que ten, que \u00e9 Elena Candia\u201d\"}]},{\"@type\":\"WebSite\",\"@id\":\"https:\\\/\\\/ppdegalicia.com\\\/es\\\/#website\",\"url\":\"https:\\\/\\\/ppdegalicia.com\\\/es\\\/\",\"name\":\"Partido Popular de Galicia\",\"description\":\"Partido Popular de Galicia\",\"publisher\":{\"@id\":\"https:\\\/\\\/ppdegalicia.com\\\/es\\\/#organization\"},\"alternateName\":\"PP de Galicia\",\"potentialAction\":[{\"@type\":\"SearchAction\",\"target\":{\"@type\":\"EntryPoint\",\"urlTemplate\":\"https:\\\/\\\/ppdegalicia.com\\\/es\\\/?s={search_term_string}\"},\"query-input\":{\"@type\":\"PropertyValueSpecification\",\"valueRequired\":true,\"valueName\":\"search_term_string\"}}],\"inLanguage\":\"es\"},{\"@type\":\"Organization\",\"@id\":\"https:\\\/\\\/ppdegalicia.com\\\/es\\\/#organization\",\"name\":\"Partido Popular de Galicia\",\"alternateName\":\"PP de Galicia\",\"url\":\"https:\\\/\\\/ppdegalicia.com\\\/es\\\/\",\"logo\":{\"@type\":\"ImageObject\",\"inLanguage\":\"es\",\"@id\":\"https:\\\/\\\/ppdegalicia.com\\\/es\\\/#\\\/schema\\\/logo\\\/image\\\/\",\"url\":\"https:\\\/\\\/ppdegalicia.com\\\/wp-content\\\/uploads\\\/2023\\\/04\\\/logoPP512.png\",\"contentUrl\":\"https:\\\/\\\/ppdegalicia.com\\\/wp-content\\\/uploads\\\/2023\\\/04\\\/logoPP512.png\",\"width\":512,\"height\":512,\"caption\":\"Partido Popular de Galicia\"},\"image\":{\"@id\":\"https:\\\/\\\/ppdegalicia.com\\\/es\\\/#\\\/schema\\\/logo\\\/image\\\/\"},\"sameAs\":[\"https:\\\/\\\/www.instagram.com\\\/ppdegalicia\\\/\",\"https:\\\/\\\/x.com\\\/ppdegalicia\",\"https:\\\/\\\/www.tiktok.com\\\/@ppdegalicia\",\"https:\\\/\\\/www.youtube.com\\\/user\\\/ppdegalicia\"]},{\"@type\":\"Person\",\"@id\":\"https:\\\/\\\/ppdegalicia.com\\\/es\\\/#\\\/schema\\\/person\\\/5b822c6f59e872ebdd1142f307dbcb59\",\"name\":\"ppdegaliciaredes\",\"image\":{\"@type\":\"ImageObject\",\"inLanguage\":\"es\",\"@id\":\"https:\\\/\\\/secure.gravatar.com\\\/avatar\\\/3c9179cf0256d00c72a48d1f25783c58b6842cd56e85ef3a572881c8e28ccd59?s=96&d=mm&r=g\",\"url\":\"https:\\\/\\\/secure.gravatar.com\\\/avatar\\\/3c9179cf0256d00c72a48d1f25783c58b6842cd56e85ef3a572881c8e28ccd59?s=96&d=mm&r=g\",\"contentUrl\":\"https:\\\/\\\/secure.gravatar.com\\\/avatar\\\/3c9179cf0256d00c72a48d1f25783c58b6842cd56e85ef3a572881c8e28ccd59?s=96&d=mm&r=g\",\"caption\":\"ppdegaliciaredes\"},\"url\":\"https:\\\/\\\/ppdegalicia.com\\\/es\\\/author\\\/ppdegaliciaredes\\\/\"}]}<\/script>\n<!-- \/ Yoast SEO plugin. -->","yoast_head_json":{"title":"Miguel Tellado: \u201cO PP aporta a Lugo o mellor que ten, que \u00e9 Elena Candia\u201d - PP de Galicia","robots":{"index":"index","follow":"follow","max-snippet":"max-snippet:-1","max-image-preview":"max-image-preview:large","max-video-preview":"max-video-preview:-1"},"canonical":"https:\/\/ppdegalicia.com\/es\/miguel-tellado-o-pp-aporta-a-lugo-o-mellor-que-ten-que-e-elena-candia\/","og_locale":"es_ES","og_type":"article","og_title":"Miguel Tellado: \u201cO PP aporta a Lugo o mellor que ten, que \u00e9 Elena Candia\u201d - PP de Galicia","og_description":"5 de abril de 2023. O vicesecretario de Organizaci\u00f3n do PP asegurou hoxe, nun acto cos medio cento de novos afiliados do PP de Lugo ao que tam\u00e9n asistiu a secretaria xeral do PPdeG, Paula Prado, que a s\u00faa formaci\u00f3n aporta a Lugo \u201co mellor que ten\u201d, convencido de que Elena Candia \u201cser\u00e1 unha gran [&hellip;]","og_url":"https:\/\/ppdegalicia.com\/es\/miguel-tellado-o-pp-aporta-a-lugo-o-mellor-que-ten-que-e-elena-candia\/","og_site_name":"PP de Galicia","article_publisher":"https:\/\/www.instagram.com\/ppdegalicia\/","article_published_time":"2023-04-05T12:28:45+00:00","og_image":[{"width":2560,"height":1707,"url":"https:\/\/ppdegalicia.com\/wp-content\/uploads\/2023\/04\/5d09a4b39d41315b464e2ad0783f70f9-scaled.jpg","type":"image\/jpeg"}],"author":"ppdegaliciaredes","twitter_card":"summary_large_image","twitter_creator":"@ppdegalicia","twitter_site":"@ppdegalicia","twitter_misc":{"Escrito por":"ppdegaliciaredes","Tiempo de lectura":"3 minutos"},"schema":{"@context":"https:\/\/schema.org","@graph":[{"@type":"Article","@id":"https:\/\/ppdegalicia.com\/es\/miguel-tellado-o-pp-aporta-a-lugo-o-mellor-que-ten-que-e-elena-candia\/#article","isPartOf":{"@id":"https:\/\/ppdegalicia.com\/es\/miguel-tellado-o-pp-aporta-a-lugo-o-mellor-que-ten-que-e-elena-candia\/"},"author":{"name":"ppdegaliciaredes","@id":"https:\/\/ppdegalicia.com\/es\/#\/schema\/person\/5b822c6f59e872ebdd1142f307dbcb59"},"headline":"Miguel Tellado: \u201cO PP aporta a Lugo o mellor que ten, que \u00e9 Elena Candia\u201d","datePublished":"2023-04-05T12:28:45+00:00","mainEntityOfPage":{"@id":"https:\/\/ppdegalicia.com\/es\/miguel-tellado-o-pp-aporta-a-lugo-o-mellor-que-ten-que-e-elena-candia\/"},"wordCount":630,"commentCount":0,"publisher":{"@id":"https:\/\/ppdegalicia.com\/es\/#organization"},"image":{"@id":"https:\/\/ppdegalicia.com\/es\/miguel-tellado-o-pp-aporta-a-lugo-o-mellor-que-ten-que-e-elena-candia\/#primaryimage"},"thumbnailUrl":"https:\/\/ppdegalicia.com\/wp-content\/uploads\/2023\/04\/5d09a4b39d41315b464e2ad0783f70f9-scaled.jpg","articleSection":["PP de Galicia"],"inLanguage":"es","potentialAction":[{"@type":"CommentAction","name":"Comment","target":["https:\/\/ppdegalicia.com\/es\/miguel-tellado-o-pp-aporta-a-lugo-o-mellor-que-ten-que-e-elena-candia\/#respond"]}]},{"@type":"WebPage","@id":"https:\/\/ppdegalicia.com\/es\/miguel-tellado-o-pp-aporta-a-lugo-o-mellor-que-ten-que-e-elena-candia\/","url":"https:\/\/ppdegalicia.com\/es\/miguel-tellado-o-pp-aporta-a-lugo-o-mellor-que-ten-que-e-elena-candia\/","name":"Miguel Tellado: \u201cO PP aporta a Lugo o mellor que ten, que \u00e9 Elena Candia\u201d - PP de Galicia","isPartOf":{"@id":"https:\/\/ppdegalicia.com\/es\/#website"},"primaryImageOfPage":{"@id":"https:\/\/ppdegalicia.com\/es\/miguel-tellado-o-pp-aporta-a-lugo-o-mellor-que-ten-que-e-elena-candia\/#primaryimage"},"image":{"@id":"https:\/\/ppdegalicia.com\/es\/miguel-tellado-o-pp-aporta-a-lugo-o-mellor-que-ten-que-e-elena-candia\/#primaryimage"},"thumbnailUrl":"https:\/\/ppdegalicia.com\/wp-content\/uploads\/2023\/04\/5d09a4b39d41315b464e2ad0783f70f9-scaled.jpg","datePublished":"2023-04-05T12:28:45+00:00","breadcrumb":{"@id":"https:\/\/ppdegalicia.com\/es\/miguel-tellado-o-pp-aporta-a-lugo-o-mellor-que-ten-que-e-elena-candia\/#breadcrumb"},"inLanguage":"es","potentialAction":[{"@type":"ReadAction","target":["https:\/\/ppdegalicia.com\/es\/miguel-tellado-o-pp-aporta-a-lugo-o-mellor-que-ten-que-e-elena-candia\/"]}]},{"@type":"ImageObject","inLanguage":"es","@id":"https:\/\/ppdegalicia.com\/es\/miguel-tellado-o-pp-aporta-a-lugo-o-mellor-que-ten-que-e-elena-candia\/#primaryimage","url":"https:\/\/ppdegalicia.com\/wp-content\/uploads\/2023\/04\/5d09a4b39d41315b464e2ad0783f70f9-scaled.jpg","contentUrl":"https:\/\/ppdegalicia.com\/wp-content\/uploads\/2023\/04\/5d09a4b39d41315b464e2ad0783f70f9-scaled.jpg","width":2560,"height":1707},{"@type":"BreadcrumbList","@id":"https:\/\/ppdegalicia.com\/es\/miguel-tellado-o-pp-aporta-a-lugo-o-mellor-que-ten-que-e-elena-candia\/#breadcrumb","itemListElement":[{"@type":"ListItem","position":1,"name":"Portada","item":"https:\/\/ppdegalicia.com\/es\/"},{"@type":"ListItem","position":2,"name":"Miguel Tellado: \u201cO PP aporta a Lugo o mellor que ten, que \u00e9 Elena Candia\u201d"}]},{"@type":"WebSite","@id":"https:\/\/ppdegalicia.com\/es\/#website","url":"https:\/\/ppdegalicia.com\/es\/","name":"Partido Popular de Galicia","description":"Partido Popular de Galicia","publisher":{"@id":"https:\/\/ppdegalicia.com\/es\/#organization"},"alternateName":"PP de Galicia","potentialAction":[{"@type":"SearchAction","target":{"@type":"EntryPoint","urlTemplate":"https:\/\/ppdegalicia.com\/es\/?s={search_term_string}"},"query-input":{"@type":"PropertyValueSpecification","valueRequired":true,"valueName":"search_term_string"}}],"inLanguage":"es"},{"@type":"Organization","@id":"https:\/\/ppdegalicia.com\/es\/#organization","name":"Partido Popular de Galicia","alternateName":"PP de Galicia","url":"https:\/\/ppdegalicia.com\/es\/","logo":{"@type":"ImageObject","inLanguage":"es","@id":"https:\/\/ppdegalicia.com\/es\/#\/schema\/logo\/image\/","url":"https:\/\/ppdegalicia.com\/wp-content\/uploads\/2023\/04\/logoPP512.png","contentUrl":"https:\/\/ppdegalicia.com\/wp-content\/uploads\/2023\/04\/logoPP512.png","width":512,"height":512,"caption":"Partido Popular de Galicia"},"image":{"@id":"https:\/\/ppdegalicia.com\/es\/#\/schema\/logo\/image\/"},"sameAs":["https:\/\/www.instagram.com\/ppdegalicia\/","https:\/\/x.com\/ppdegalicia","https:\/\/www.tiktok.com\/@ppdegalicia","https:\/\/www.youtube.com\/user\/ppdegalicia"]},{"@type":"Person","@id":"https:\/\/ppdegalicia.com\/es\/#\/schema\/person\/5b822c6f59e872ebdd1142f307dbcb59","name":"ppdegaliciaredes","image":{"@type":"ImageObject","inLanguage":"es","@id":"https:\/\/secure.gravatar.com\/avatar\/3c9179cf0256d00c72a48d1f25783c58b6842cd56e85ef3a572881c8e28ccd59?s=96&d=mm&r=g","url":"https:\/\/secure.gravatar.com\/avatar\/3c9179cf0256d00c72a48d1f25783c58b6842cd56e85ef3a572881c8e28ccd59?s=96&d=mm&r=g","contentUrl":"https:\/\/secure.gravatar.com\/avatar\/3c9179cf0256d00c72a48d1f25783c58b6842cd56e85ef3a572881c8e28ccd59?s=96&d=mm&r=g","caption":"ppdegaliciaredes"},"url":"https:\/\/ppdegalicia.com\/es\/author\/ppdegaliciaredes\/"}]}},"_links":{"self":[{"href":"https:\/\/ppdegalicia.com\/es\/wp-json\/wp\/v2\/posts\/58099","targetHints":{"allow":["GET"]}}],"collection":[{"href":"https:\/\/ppdegalicia.com\/es\/wp-json\/wp\/v2\/posts"}],"about":[{"href":"https:\/\/ppdegalicia.com\/es\/wp-json\/wp\/v2\/types\/post"}],"author":[{"embeddable":true,"href":"https:\/\/ppdegalicia.com\/es\/wp-json\/wp\/v2\/users\/38"}],"replies":[{"embeddable":true,"href":"https:\/\/ppdegalicia.com\/es\/wp-json\/wp\/v2\/comments?post=58099"}],"version-history":[{"count":0,"href":"https:\/\/ppdegalicia.com\/es\/wp-json\/wp\/v2\/posts\/58099\/revisions"}],"wp:featuredmedia":[{"embeddable":true,"href":"https:\/\/ppdegalicia.com\/es\/wp-json\/wp\/v2\/media\/58098"}],"wp:attachment":[{"href":"https:\/\/ppdegalicia.com\/es\/wp-json\/wp\/v2\/media?parent=58099"}],"wp:term":[{"taxonomy":"category","embeddable":true,"href":"https:\/\/ppdegalicia.com\/es\/wp-json\/wp\/v2\/categories?post=58099"},{"taxonomy":"post_tag","embeddable":true,"href":"https:\/\/ppdegalicia.com\/es\/wp-json\/wp\/v2\/tags?post=58099"}],"curies":[{"name":"wp","href":"https:\/\/api.w.org\/{rel}","templated":true}]}}