{"id":58101,"date":"2023-04-10T12:36:43","date_gmt":"2023-04-10T10:36:43","guid":{"rendered":"https:\/\/ppdegalicia.com\/o-grupo-popular-pide-explicacions-ao-goberno-central-sobre-a-realidade-do-compromiso-de-francia-co-remate-do-corredor-atlantico-en-2030\/"},"modified":"2023-04-10T12:36:43","modified_gmt":"2023-04-10T10:36:43","slug":"o-grupo-popular-pide-explicacions-ao-goberno-central-sobre-a-realidade-do-compromiso-de-francia-co-remate-do-corredor-atlantico-en-2030","status":"publish","type":"post","link":"https:\/\/ppdegalicia.com\/es\/o-grupo-popular-pide-explicacions-ao-goberno-central-sobre-a-realidade-do-compromiso-de-francia-co-remate-do-corredor-atlantico-en-2030\/","title":{"rendered":"O Grupo Popular pide explicaci\u00f3ns ao Goberno central sobre a realidade do compromiso de Francia co remate do Corredor Atl\u00e1ntico en 2030"},"content":{"rendered":"<p><img fetchpriority=\"high\" decoding=\"async\" class=\" size-full wp-image-58100\" src=\"https:\/\/ppdegalicia.com\/wp-content\/uploads\/2023\/04\/a2c76684e67906435ca6e055cabd0500.jpg\" alt=\"\" width=\"1900\" height=\"1267\" srcset=\"https:\/\/ppdegalicia.com\/wp-content\/uploads\/2023\/04\/a2c76684e67906435ca6e055cabd0500.jpg 1900w, https:\/\/ppdegalicia.com\/wp-content\/uploads\/2023\/04\/a2c76684e67906435ca6e055cabd0500-300x200.jpg 300w, https:\/\/ppdegalicia.com\/wp-content\/uploads\/2023\/04\/a2c76684e67906435ca6e055cabd0500-1024x683.jpg 1024w, https:\/\/ppdegalicia.com\/wp-content\/uploads\/2023\/04\/a2c76684e67906435ca6e055cabd0500-768x512.jpg 768w, https:\/\/ppdegalicia.com\/wp-content\/uploads\/2023\/04\/a2c76684e67906435ca6e055cabd0500-1536x1024.jpg 1536w\" sizes=\"(max-width: 1900px) 100vw, 1900px\" \/><\/p>\n<p>10 de abril de 2023. O viceportavoz do Grupo Popular, Alberto Pazos, considerou hoxe que o Goberno central \u201cdebe dar explicaci\u00f3ns urxentes\u201d sobre as declaraci\u00f3ns realizadas polo embaixador de Francia nas que asegura que no cumio celebrado entre ambos pa\u00edses non se falou do remate do Corredor Atl\u00e1ntico de mercador\u00edas en 2030, e que este anuncio partiu dun comunicado unilateral do Ministerio de Transportes espa\u00f1ol.<\/p>\n<p><!--more--><\/p>\n<p>\u201cEstas novas fan a\u00ednda m\u00e1is necesaria a reuni\u00f3n do comisario do Corredor Atl\u00e1ntico coas comunidades do noroeste peninsular, para analizar o Plan Director, que consideramos deber\u00eda inclu\u00edr un investimento de 8.000 de euros adicionais para o financiamento de actuaci\u00f3ns prioritarias\u201d, manifestou.<\/p>\n<p>\u00a0<\/p>\n<p>Alberto Pazos explicou que o proxecto do Corredor Atl\u00e1ntico conta co respaldo de todas as comunidades do noroeste peninsular (Galicia, Asturias, Castela e Le\u00f3n, Cantabria e Euskadi) e permitir\u00e1 conectar os principais portos atl\u00e1nticos e outros nodos estrat\u00e9xicos deste \u00e1rea coas rexi\u00f3ns do interior de Espa\u00f1a, Portugal e, sobre todo, o resto de Europa.<\/p>\n<p><strong>SOLICITUDES DAS COMUNIDADES AUT\u00d3NOMAS<\/strong><\/p>\n<p>\u00a0<\/p>\n<p>\u201cDiante desta demanda conxunta, e ante as insistentes solicitudes realizadas desde as comunidades aut\u00f3nomas, todas de distinto signo pol\u00edtico, o Goberno de Pedro S\u00e1nchez nomeou un Comisario do Corredor Atl\u00e1ntico, quen a d\u00eda de hoxe a\u00ednda non se ten reunido con representantes das comunidades aut\u00f3nomas\u201d, sinalou o viceportavoz popular, quen lembrou que o Grupo Popular leva ao Pleno desta semana unha proposici\u00f3n non de lei solicitando que este encontro se celebre de xeito urxente.<\/p>\n<p>\u00a0<\/p>\n<p>Pazos referiuse, ademais, \u00e1s declaraci\u00f3ns realizadas polo embaixador de Francia sobre o cumio celebrado entre os gobernos espa\u00f1ol e franc\u00e9s, nas que afirma que nunca se falou do ano 2030 para conclu\u00edr o Corredor Atl\u00e1ntico do lado franc\u00e9s, como afirmou o Goberno de Pedro S\u00e1nchez nun comunicado ao remate da celebraci\u00f3n desa reuni\u00f3n. \u201c\u00c9 m\u00e1is, asegura que o anuncio partiu dun comunicado unilateral do Ministerio de Transportes espa\u00f1ol e non figura na declaraci\u00f3n conxunta oficial do cumio\u201d, apuntou.<\/p>\n<p>\u00a0<\/p>\n<p>\u201cSon feitos graves que o Goberno de Pedro S\u00e1nchez debe aclarar, porque Galicia, ao igual que as demais rexi\u00f3ns atl\u00e1nticas, compartimos a preocupaci\u00f3n pola conexi\u00f3n co resto de Europa a trav\u00e9s do Pa\u00eds Vasco e Francia, no treito entre Ir\u00fan e Dax, porque se Francia non aposta por esa conexi\u00f3n, o noroeste e a pen\u00ednsula quedar\u00e1 illado do Corredor Atl\u00e1ntico\u201d, explicou o viceportavoz popular.<\/p>\n<p>\u00a0<\/p>\n<p>Alberto Pazos tam\u00e9n se referiu \u00e1 proposici\u00f3n non de lei que o Grupo Popular defender\u00e1 no Pleno desta semana, na que se solicita que o Goberno central transfira a Galicia fondos europeos para a s\u00faa xesti\u00f3n directa desde a Comunidade Aut\u00f3noma, co obxectivo de garantir a viabilidade dos principais proxectos tractores galegos, do mesmo xeito que ten feito con outras comunidades aut\u00f3nomas.<\/p>\n<p>\u00a0<\/p>\n<p>Neste sentido, afirmou que \u201cestamos convencidos de que os fondos europeos Next Generation representan unha oportunidade extraordinaria para impulsar a reindustrializaci\u00f3n do conxunto do pa\u00eds, favorecendo o investimento, a modernizaci\u00f3n e a transformaci\u00f3n dos sectores estrat\u00e9xicos cara a nova econom\u00eda dixital e verde\u201d.<\/p>\n<p>\u00a0<\/p>\n<p><strong>XESTI\u00d3N \u201cBASTANTE DEFICIENTE\u201d DOS FONDOS EUROPEOS<\/strong><\/p>\n<p>\u00a0<\/p>\n<p>Por\u00e9n, lamentou que \u201ca xesti\u00f3n destes fondos europeos por parte do Goberno de Pedro S\u00e1nchez est\u00e1 a ser bastante deficiente\u201d, porque, de acordo coas \u00faltimas estimaci\u00f3ns relativas aos PERTE, a realidade \u00e9 que dos preto de 41.000 mill\u00f3ns de euros anunciados polo Goberno central para o Plan de Recuperaci\u00f3n, s\u00f3 se convocaron actuaci\u00f3ns por algo m\u00e1is de 12.800 mill\u00f3ns de euros (o que sup\u00f3n apenas o 31 por cento), e destes 12.800 mill\u00f3ns s\u00f3 est\u00e1n adxudicados o 16,5 por cento (6.770 mill\u00f3ns de euros).<\/p>\n<p>\u00a0<\/p>\n<p>\u201cDesde Galicia estamos a ver con preocupaci\u00f3n como esta falta de apoio do Goberno central con fondos europeos est\u00e1 a po\u00f1er en risco importantes proxectos industriais como o de Stellantis en Vigo ou Altri en Palas de Rei, cando vemos como o Goberno de Pedro S\u00e1nchez concede axudas directas a empresas doutras comunidades aut\u00f3nomas, como \u00e9 o caso de Volkswagen ou Arcelor Mittal\u201d, manifestou o viceportavoz popular.<\/p>\n<p>\u00a0<\/p>\n<p>Pazos engadiu que, \u201cao mesmo tempo que o Goberno de Pedro S\u00e1nchez fai o\u00eddos xordos \u00e1s demandas de Galicia para proxectos como o de Altri, desde o Goberno socialista de Portugal se anuncia o apoio de 130 mill\u00f3ns de euros ao proxecto que esta mesma empresa ten previsto levar adiante na localidade de Caima: unhas partidas que, ademais, ser\u00e1n a cargo dos mesmos fondos europeos que a empresa pretende que o Goberno de Pedro S\u00e1nchez lle conceda en Espa\u00f1a para po\u00f1er en marcha a planta de Palas de Rei\u201d. <\/p>\n","protected":false},"excerpt":{"rendered":"<p>10 de abril de 2023. O viceportavoz do Grupo Popular, Alberto Pazos, considerou hoxe que o Goberno central \u201cdebe dar explicaci\u00f3ns urxentes\u201d sobre as declaraci\u00f3ns realizadas polo embaixador de Francia nas que asegura que no cumio celebrado entre ambos pa\u00edses non se falou do remate do Corredor Atl\u00e1ntico de mercador\u00edas en 2030, e que este [&hellip;]<\/p>\n","protected":false},"author":38,"featured_media":58100,"comment_status":"open","ping_status":"open","sticky":false,"template":"","format":"standard","meta":{"_acf_changed":false,"footnotes":""},"categories":[1],"tags":[],"class_list":["post-58101","post","type-post","status-publish","format-standard","has-post-thumbnail","hentry","category-pp-de-galicia"],"acf":[],"yoast_head":"<!-- This site is optimized with the Yoast SEO plugin v27.3 - https:\/\/yoast.com\/product\/yoast-seo-wordpress\/ -->\n<title>O Grupo Popular pide explicaci\u00f3ns ao Goberno central sobre a realidade do compromiso de Francia co remate do Corredor Atl\u00e1ntico en 2030 - PP de Galicia<\/title>\n<meta name=\"robots\" content=\"index, follow, max-snippet:-1, max-image-preview:large, max-video-preview:-1\" \/>\n<link rel=\"canonical\" href=\"https:\/\/ppdegalicia.com\/es\/o-grupo-popular-pide-explicacions-ao-goberno-central-sobre-a-realidade-do-compromiso-de-francia-co-remate-do-corredor-atlantico-en-2030\/\" \/>\n<meta property=\"og:locale\" content=\"es_ES\" \/>\n<meta property=\"og:type\" content=\"article\" \/>\n<meta property=\"og:title\" content=\"O Grupo Popular pide explicaci\u00f3ns ao Goberno central sobre a realidade do compromiso de Francia co remate do Corredor Atl\u00e1ntico en 2030 - PP de Galicia\" \/>\n<meta property=\"og:description\" content=\"10 de abril de 2023. O viceportavoz do Grupo Popular, Alberto Pazos, considerou hoxe que o Goberno central \u201cdebe dar explicaci\u00f3ns urxentes\u201d sobre as declaraci\u00f3ns realizadas polo embaixador de Francia nas que asegura que no cumio celebrado entre ambos pa\u00edses non se falou do remate do Corredor Atl\u00e1ntico de mercador\u00edas en 2030, e que este [&hellip;]\" \/>\n<meta property=\"og:url\" content=\"https:\/\/ppdegalicia.com\/es\/o-grupo-popular-pide-explicacions-ao-goberno-central-sobre-a-realidade-do-compromiso-de-francia-co-remate-do-corredor-atlantico-en-2030\/\" \/>\n<meta property=\"og:site_name\" content=\"PP de Galicia\" \/>\n<meta property=\"article:publisher\" content=\"https:\/\/www.instagram.com\/ppdegalicia\/\" \/>\n<meta property=\"article:published_time\" content=\"2023-04-10T10:36:43+00:00\" \/>\n<meta property=\"og:image\" content=\"https:\/\/ppdegalicia.com\/wp-content\/uploads\/2023\/04\/a2c76684e67906435ca6e055cabd0500.jpg\" \/>\n\t<meta property=\"og:image:width\" content=\"1900\" \/>\n\t<meta property=\"og:image:height\" content=\"1267\" \/>\n\t<meta property=\"og:image:type\" content=\"image\/jpeg\" \/>\n<meta name=\"author\" content=\"ppdegaliciaredes\" \/>\n<meta name=\"twitter:card\" content=\"summary_large_image\" \/>\n<meta name=\"twitter:creator\" content=\"@ppdegalicia\" \/>\n<meta name=\"twitter:site\" content=\"@ppdegalicia\" \/>\n<meta name=\"twitter:label1\" content=\"Escrito por\" \/>\n\t<meta name=\"twitter:data1\" content=\"ppdegaliciaredes\" \/>\n\t<meta name=\"twitter:label2\" content=\"Tiempo de lectura\" \/>\n\t<meta name=\"twitter:data2\" content=\"4 minutos\" \/>\n<script type=\"application\/ld+json\" class=\"yoast-schema-graph\">{\"@context\":\"https:\\\/\\\/schema.org\",\"@graph\":[{\"@type\":\"Article\",\"@id\":\"https:\\\/\\\/ppdegalicia.com\\\/es\\\/o-grupo-popular-pide-explicacions-ao-goberno-central-sobre-a-realidade-do-compromiso-de-francia-co-remate-do-corredor-atlantico-en-2030\\\/#article\",\"isPartOf\":{\"@id\":\"https:\\\/\\\/ppdegalicia.com\\\/es\\\/o-grupo-popular-pide-explicacions-ao-goberno-central-sobre-a-realidade-do-compromiso-de-francia-co-remate-do-corredor-atlantico-en-2030\\\/\"},\"author\":{\"name\":\"ppdegaliciaredes\",\"@id\":\"https:\\\/\\\/ppdegalicia.com\\\/es\\\/#\\\/schema\\\/person\\\/5b822c6f59e872ebdd1142f307dbcb59\"},\"headline\":\"O Grupo Popular pide explicaci\u00f3ns ao Goberno central sobre a realidade do compromiso de Francia co remate do Corredor Atl\u00e1ntico en 2030\",\"datePublished\":\"2023-04-10T10:36:43+00:00\",\"mainEntityOfPage\":{\"@id\":\"https:\\\/\\\/ppdegalicia.com\\\/es\\\/o-grupo-popular-pide-explicacions-ao-goberno-central-sobre-a-realidade-do-compromiso-de-francia-co-remate-do-corredor-atlantico-en-2030\\\/\"},\"wordCount\":826,\"commentCount\":0,\"publisher\":{\"@id\":\"https:\\\/\\\/ppdegalicia.com\\\/es\\\/#organization\"},\"image\":{\"@id\":\"https:\\\/\\\/ppdegalicia.com\\\/es\\\/o-grupo-popular-pide-explicacions-ao-goberno-central-sobre-a-realidade-do-compromiso-de-francia-co-remate-do-corredor-atlantico-en-2030\\\/#primaryimage\"},\"thumbnailUrl\":\"https:\\\/\\\/ppdegalicia.com\\\/wp-content\\\/uploads\\\/2023\\\/04\\\/a2c76684e67906435ca6e055cabd0500.jpg\",\"articleSection\":[\"PP de Galicia\"],\"inLanguage\":\"es\",\"potentialAction\":[{\"@type\":\"CommentAction\",\"name\":\"Comment\",\"target\":[\"https:\\\/\\\/ppdegalicia.com\\\/es\\\/o-grupo-popular-pide-explicacions-ao-goberno-central-sobre-a-realidade-do-compromiso-de-francia-co-remate-do-corredor-atlantico-en-2030\\\/#respond\"]}]},{\"@type\":\"WebPage\",\"@id\":\"https:\\\/\\\/ppdegalicia.com\\\/es\\\/o-grupo-popular-pide-explicacions-ao-goberno-central-sobre-a-realidade-do-compromiso-de-francia-co-remate-do-corredor-atlantico-en-2030\\\/\",\"url\":\"https:\\\/\\\/ppdegalicia.com\\\/es\\\/o-grupo-popular-pide-explicacions-ao-goberno-central-sobre-a-realidade-do-compromiso-de-francia-co-remate-do-corredor-atlantico-en-2030\\\/\",\"name\":\"O Grupo Popular pide explicaci\u00f3ns ao Goberno central sobre a realidade do compromiso de Francia co remate do Corredor Atl\u00e1ntico en 2030 - PP de Galicia\",\"isPartOf\":{\"@id\":\"https:\\\/\\\/ppdegalicia.com\\\/es\\\/#website\"},\"primaryImageOfPage\":{\"@id\":\"https:\\\/\\\/ppdegalicia.com\\\/es\\\/o-grupo-popular-pide-explicacions-ao-goberno-central-sobre-a-realidade-do-compromiso-de-francia-co-remate-do-corredor-atlantico-en-2030\\\/#primaryimage\"},\"image\":{\"@id\":\"https:\\\/\\\/ppdegalicia.com\\\/es\\\/o-grupo-popular-pide-explicacions-ao-goberno-central-sobre-a-realidade-do-compromiso-de-francia-co-remate-do-corredor-atlantico-en-2030\\\/#primaryimage\"},\"thumbnailUrl\":\"https:\\\/\\\/ppdegalicia.com\\\/wp-content\\\/uploads\\\/2023\\\/04\\\/a2c76684e67906435ca6e055cabd0500.jpg\",\"datePublished\":\"2023-04-10T10:36:43+00:00\",\"breadcrumb\":{\"@id\":\"https:\\\/\\\/ppdegalicia.com\\\/es\\\/o-grupo-popular-pide-explicacions-ao-goberno-central-sobre-a-realidade-do-compromiso-de-francia-co-remate-do-corredor-atlantico-en-2030\\\/#breadcrumb\"},\"inLanguage\":\"es\",\"potentialAction\":[{\"@type\":\"ReadAction\",\"target\":[\"https:\\\/\\\/ppdegalicia.com\\\/es\\\/o-grupo-popular-pide-explicacions-ao-goberno-central-sobre-a-realidade-do-compromiso-de-francia-co-remate-do-corredor-atlantico-en-2030\\\/\"]}]},{\"@type\":\"ImageObject\",\"inLanguage\":\"es\",\"@id\":\"https:\\\/\\\/ppdegalicia.com\\\/es\\\/o-grupo-popular-pide-explicacions-ao-goberno-central-sobre-a-realidade-do-compromiso-de-francia-co-remate-do-corredor-atlantico-en-2030\\\/#primaryimage\",\"url\":\"https:\\\/\\\/ppdegalicia.com\\\/wp-content\\\/uploads\\\/2023\\\/04\\\/a2c76684e67906435ca6e055cabd0500.jpg\",\"contentUrl\":\"https:\\\/\\\/ppdegalicia.com\\\/wp-content\\\/uploads\\\/2023\\\/04\\\/a2c76684e67906435ca6e055cabd0500.jpg\",\"width\":1900,\"height\":1267},{\"@type\":\"BreadcrumbList\",\"@id\":\"https:\\\/\\\/ppdegalicia.com\\\/es\\\/o-grupo-popular-pide-explicacions-ao-goberno-central-sobre-a-realidade-do-compromiso-de-francia-co-remate-do-corredor-atlantico-en-2030\\\/#breadcrumb\",\"itemListElement\":[{\"@type\":\"ListItem\",\"position\":1,\"name\":\"Portada\",\"item\":\"https:\\\/\\\/ppdegalicia.com\\\/es\\\/\"},{\"@type\":\"ListItem\",\"position\":2,\"name\":\"O Grupo Popular pide explicaci\u00f3ns ao Goberno central sobre a realidade do compromiso de Francia co remate do Corredor Atl\u00e1ntico en 2030\"}]},{\"@type\":\"WebSite\",\"@id\":\"https:\\\/\\\/ppdegalicia.com\\\/es\\\/#website\",\"url\":\"https:\\\/\\\/ppdegalicia.com\\\/es\\\/\",\"name\":\"Partido Popular de Galicia\",\"description\":\"Partido Popular de Galicia\",\"publisher\":{\"@id\":\"https:\\\/\\\/ppdegalicia.com\\\/es\\\/#organization\"},\"alternateName\":\"PP de Galicia\",\"potentialAction\":[{\"@type\":\"SearchAction\",\"target\":{\"@type\":\"EntryPoint\",\"urlTemplate\":\"https:\\\/\\\/ppdegalicia.com\\\/es\\\/?s={search_term_string}\"},\"query-input\":{\"@type\":\"PropertyValueSpecification\",\"valueRequired\":true,\"valueName\":\"search_term_string\"}}],\"inLanguage\":\"es\"},{\"@type\":\"Organization\",\"@id\":\"https:\\\/\\\/ppdegalicia.com\\\/es\\\/#organization\",\"name\":\"Partido Popular de Galicia\",\"alternateName\":\"PP de Galicia\",\"url\":\"https:\\\/\\\/ppdegalicia.com\\\/es\\\/\",\"logo\":{\"@type\":\"ImageObject\",\"inLanguage\":\"es\",\"@id\":\"https:\\\/\\\/ppdegalicia.com\\\/es\\\/#\\\/schema\\\/logo\\\/image\\\/\",\"url\":\"https:\\\/\\\/ppdegalicia.com\\\/wp-content\\\/uploads\\\/2023\\\/04\\\/logoPP512.png\",\"contentUrl\":\"https:\\\/\\\/ppdegalicia.com\\\/wp-content\\\/uploads\\\/2023\\\/04\\\/logoPP512.png\",\"width\":512,\"height\":512,\"caption\":\"Partido Popular de Galicia\"},\"image\":{\"@id\":\"https:\\\/\\\/ppdegalicia.com\\\/es\\\/#\\\/schema\\\/logo\\\/image\\\/\"},\"sameAs\":[\"https:\\\/\\\/www.instagram.com\\\/ppdegalicia\\\/\",\"https:\\\/\\\/x.com\\\/ppdegalicia\",\"https:\\\/\\\/www.tiktok.com\\\/@ppdegalicia\",\"https:\\\/\\\/www.youtube.com\\\/user\\\/ppdegalicia\"]},{\"@type\":\"Person\",\"@id\":\"https:\\\/\\\/ppdegalicia.com\\\/es\\\/#\\\/schema\\\/person\\\/5b822c6f59e872ebdd1142f307dbcb59\",\"name\":\"ppdegaliciaredes\",\"image\":{\"@type\":\"ImageObject\",\"inLanguage\":\"es\",\"@id\":\"https:\\\/\\\/secure.gravatar.com\\\/avatar\\\/3c9179cf0256d00c72a48d1f25783c58b6842cd56e85ef3a572881c8e28ccd59?s=96&d=mm&r=g\",\"url\":\"https:\\\/\\\/secure.gravatar.com\\\/avatar\\\/3c9179cf0256d00c72a48d1f25783c58b6842cd56e85ef3a572881c8e28ccd59?s=96&d=mm&r=g\",\"contentUrl\":\"https:\\\/\\\/secure.gravatar.com\\\/avatar\\\/3c9179cf0256d00c72a48d1f25783c58b6842cd56e85ef3a572881c8e28ccd59?s=96&d=mm&r=g\",\"caption\":\"ppdegaliciaredes\"},\"url\":\"https:\\\/\\\/ppdegalicia.com\\\/es\\\/author\\\/ppdegaliciaredes\\\/\"}]}<\/script>\n<!-- \/ Yoast SEO plugin. -->","yoast_head_json":{"title":"O Grupo Popular pide explicaci\u00f3ns ao Goberno central sobre a realidade do compromiso de Francia co remate do Corredor Atl\u00e1ntico en 2030 - PP de Galicia","robots":{"index":"index","follow":"follow","max-snippet":"max-snippet:-1","max-image-preview":"max-image-preview:large","max-video-preview":"max-video-preview:-1"},"canonical":"https:\/\/ppdegalicia.com\/es\/o-grupo-popular-pide-explicacions-ao-goberno-central-sobre-a-realidade-do-compromiso-de-francia-co-remate-do-corredor-atlantico-en-2030\/","og_locale":"es_ES","og_type":"article","og_title":"O Grupo Popular pide explicaci\u00f3ns ao Goberno central sobre a realidade do compromiso de Francia co remate do Corredor Atl\u00e1ntico en 2030 - PP de Galicia","og_description":"10 de abril de 2023. O viceportavoz do Grupo Popular, Alberto Pazos, considerou hoxe que o Goberno central \u201cdebe dar explicaci\u00f3ns urxentes\u201d sobre as declaraci\u00f3ns realizadas polo embaixador de Francia nas que asegura que no cumio celebrado entre ambos pa\u00edses non se falou do remate do Corredor Atl\u00e1ntico de mercador\u00edas en 2030, e que este [&hellip;]","og_url":"https:\/\/ppdegalicia.com\/es\/o-grupo-popular-pide-explicacions-ao-goberno-central-sobre-a-realidade-do-compromiso-de-francia-co-remate-do-corredor-atlantico-en-2030\/","og_site_name":"PP de Galicia","article_publisher":"https:\/\/www.instagram.com\/ppdegalicia\/","article_published_time":"2023-04-10T10:36:43+00:00","og_image":[{"width":1900,"height":1267,"url":"https:\/\/ppdegalicia.com\/wp-content\/uploads\/2023\/04\/a2c76684e67906435ca6e055cabd0500.jpg","type":"image\/jpeg"}],"author":"ppdegaliciaredes","twitter_card":"summary_large_image","twitter_creator":"@ppdegalicia","twitter_site":"@ppdegalicia","twitter_misc":{"Escrito por":"ppdegaliciaredes","Tiempo de lectura":"4 minutos"},"schema":{"@context":"https:\/\/schema.org","@graph":[{"@type":"Article","@id":"https:\/\/ppdegalicia.com\/es\/o-grupo-popular-pide-explicacions-ao-goberno-central-sobre-a-realidade-do-compromiso-de-francia-co-remate-do-corredor-atlantico-en-2030\/#article","isPartOf":{"@id":"https:\/\/ppdegalicia.com\/es\/o-grupo-popular-pide-explicacions-ao-goberno-central-sobre-a-realidade-do-compromiso-de-francia-co-remate-do-corredor-atlantico-en-2030\/"},"author":{"name":"ppdegaliciaredes","@id":"https:\/\/ppdegalicia.com\/es\/#\/schema\/person\/5b822c6f59e872ebdd1142f307dbcb59"},"headline":"O Grupo Popular pide explicaci\u00f3ns ao Goberno central sobre a realidade do compromiso de Francia co remate do Corredor Atl\u00e1ntico en 2030","datePublished":"2023-04-10T10:36:43+00:00","mainEntityOfPage":{"@id":"https:\/\/ppdegalicia.com\/es\/o-grupo-popular-pide-explicacions-ao-goberno-central-sobre-a-realidade-do-compromiso-de-francia-co-remate-do-corredor-atlantico-en-2030\/"},"wordCount":826,"commentCount":0,"publisher":{"@id":"https:\/\/ppdegalicia.com\/es\/#organization"},"image":{"@id":"https:\/\/ppdegalicia.com\/es\/o-grupo-popular-pide-explicacions-ao-goberno-central-sobre-a-realidade-do-compromiso-de-francia-co-remate-do-corredor-atlantico-en-2030\/#primaryimage"},"thumbnailUrl":"https:\/\/ppdegalicia.com\/wp-content\/uploads\/2023\/04\/a2c76684e67906435ca6e055cabd0500.jpg","articleSection":["PP de Galicia"],"inLanguage":"es","potentialAction":[{"@type":"CommentAction","name":"Comment","target":["https:\/\/ppdegalicia.com\/es\/o-grupo-popular-pide-explicacions-ao-goberno-central-sobre-a-realidade-do-compromiso-de-francia-co-remate-do-corredor-atlantico-en-2030\/#respond"]}]},{"@type":"WebPage","@id":"https:\/\/ppdegalicia.com\/es\/o-grupo-popular-pide-explicacions-ao-goberno-central-sobre-a-realidade-do-compromiso-de-francia-co-remate-do-corredor-atlantico-en-2030\/","url":"https:\/\/ppdegalicia.com\/es\/o-grupo-popular-pide-explicacions-ao-goberno-central-sobre-a-realidade-do-compromiso-de-francia-co-remate-do-corredor-atlantico-en-2030\/","name":"O Grupo Popular pide explicaci\u00f3ns ao Goberno central sobre a realidade do compromiso de Francia co remate do Corredor Atl\u00e1ntico en 2030 - PP de Galicia","isPartOf":{"@id":"https:\/\/ppdegalicia.com\/es\/#website"},"primaryImageOfPage":{"@id":"https:\/\/ppdegalicia.com\/es\/o-grupo-popular-pide-explicacions-ao-goberno-central-sobre-a-realidade-do-compromiso-de-francia-co-remate-do-corredor-atlantico-en-2030\/#primaryimage"},"image":{"@id":"https:\/\/ppdegalicia.com\/es\/o-grupo-popular-pide-explicacions-ao-goberno-central-sobre-a-realidade-do-compromiso-de-francia-co-remate-do-corredor-atlantico-en-2030\/#primaryimage"},"thumbnailUrl":"https:\/\/ppdegalicia.com\/wp-content\/uploads\/2023\/04\/a2c76684e67906435ca6e055cabd0500.jpg","datePublished":"2023-04-10T10:36:43+00:00","breadcrumb":{"@id":"https:\/\/ppdegalicia.com\/es\/o-grupo-popular-pide-explicacions-ao-goberno-central-sobre-a-realidade-do-compromiso-de-francia-co-remate-do-corredor-atlantico-en-2030\/#breadcrumb"},"inLanguage":"es","potentialAction":[{"@type":"ReadAction","target":["https:\/\/ppdegalicia.com\/es\/o-grupo-popular-pide-explicacions-ao-goberno-central-sobre-a-realidade-do-compromiso-de-francia-co-remate-do-corredor-atlantico-en-2030\/"]}]},{"@type":"ImageObject","inLanguage":"es","@id":"https:\/\/ppdegalicia.com\/es\/o-grupo-popular-pide-explicacions-ao-goberno-central-sobre-a-realidade-do-compromiso-de-francia-co-remate-do-corredor-atlantico-en-2030\/#primaryimage","url":"https:\/\/ppdegalicia.com\/wp-content\/uploads\/2023\/04\/a2c76684e67906435ca6e055cabd0500.jpg","contentUrl":"https:\/\/ppdegalicia.com\/wp-content\/uploads\/2023\/04\/a2c76684e67906435ca6e055cabd0500.jpg","width":1900,"height":1267},{"@type":"BreadcrumbList","@id":"https:\/\/ppdegalicia.com\/es\/o-grupo-popular-pide-explicacions-ao-goberno-central-sobre-a-realidade-do-compromiso-de-francia-co-remate-do-corredor-atlantico-en-2030\/#breadcrumb","itemListElement":[{"@type":"ListItem","position":1,"name":"Portada","item":"https:\/\/ppdegalicia.com\/es\/"},{"@type":"ListItem","position":2,"name":"O Grupo Popular pide explicaci\u00f3ns ao Goberno central sobre a realidade do compromiso de Francia co remate do Corredor Atl\u00e1ntico en 2030"}]},{"@type":"WebSite","@id":"https:\/\/ppdegalicia.com\/es\/#website","url":"https:\/\/ppdegalicia.com\/es\/","name":"Partido Popular de Galicia","description":"Partido Popular de Galicia","publisher":{"@id":"https:\/\/ppdegalicia.com\/es\/#organization"},"alternateName":"PP de Galicia","potentialAction":[{"@type":"SearchAction","target":{"@type":"EntryPoint","urlTemplate":"https:\/\/ppdegalicia.com\/es\/?s={search_term_string}"},"query-input":{"@type":"PropertyValueSpecification","valueRequired":true,"valueName":"search_term_string"}}],"inLanguage":"es"},{"@type":"Organization","@id":"https:\/\/ppdegalicia.com\/es\/#organization","name":"Partido Popular de Galicia","alternateName":"PP de Galicia","url":"https:\/\/ppdegalicia.com\/es\/","logo":{"@type":"ImageObject","inLanguage":"es","@id":"https:\/\/ppdegalicia.com\/es\/#\/schema\/logo\/image\/","url":"https:\/\/ppdegalicia.com\/wp-content\/uploads\/2023\/04\/logoPP512.png","contentUrl":"https:\/\/ppdegalicia.com\/wp-content\/uploads\/2023\/04\/logoPP512.png","width":512,"height":512,"caption":"Partido Popular de Galicia"},"image":{"@id":"https:\/\/ppdegalicia.com\/es\/#\/schema\/logo\/image\/"},"sameAs":["https:\/\/www.instagram.com\/ppdegalicia\/","https:\/\/x.com\/ppdegalicia","https:\/\/www.tiktok.com\/@ppdegalicia","https:\/\/www.youtube.com\/user\/ppdegalicia"]},{"@type":"Person","@id":"https:\/\/ppdegalicia.com\/es\/#\/schema\/person\/5b822c6f59e872ebdd1142f307dbcb59","name":"ppdegaliciaredes","image":{"@type":"ImageObject","inLanguage":"es","@id":"https:\/\/secure.gravatar.com\/avatar\/3c9179cf0256d00c72a48d1f25783c58b6842cd56e85ef3a572881c8e28ccd59?s=96&d=mm&r=g","url":"https:\/\/secure.gravatar.com\/avatar\/3c9179cf0256d00c72a48d1f25783c58b6842cd56e85ef3a572881c8e28ccd59?s=96&d=mm&r=g","contentUrl":"https:\/\/secure.gravatar.com\/avatar\/3c9179cf0256d00c72a48d1f25783c58b6842cd56e85ef3a572881c8e28ccd59?s=96&d=mm&r=g","caption":"ppdegaliciaredes"},"url":"https:\/\/ppdegalicia.com\/es\/author\/ppdegaliciaredes\/"}]}},"_links":{"self":[{"href":"https:\/\/ppdegalicia.com\/es\/wp-json\/wp\/v2\/posts\/58101","targetHints":{"allow":["GET"]}}],"collection":[{"href":"https:\/\/ppdegalicia.com\/es\/wp-json\/wp\/v2\/posts"}],"about":[{"href":"https:\/\/ppdegalicia.com\/es\/wp-json\/wp\/v2\/types\/post"}],"author":[{"embeddable":true,"href":"https:\/\/ppdegalicia.com\/es\/wp-json\/wp\/v2\/users\/38"}],"replies":[{"embeddable":true,"href":"https:\/\/ppdegalicia.com\/es\/wp-json\/wp\/v2\/comments?post=58101"}],"version-history":[{"count":0,"href":"https:\/\/ppdegalicia.com\/es\/wp-json\/wp\/v2\/posts\/58101\/revisions"}],"wp:featuredmedia":[{"embeddable":true,"href":"https:\/\/ppdegalicia.com\/es\/wp-json\/wp\/v2\/media\/58100"}],"wp:attachment":[{"href":"https:\/\/ppdegalicia.com\/es\/wp-json\/wp\/v2\/media?parent=58101"}],"wp:term":[{"taxonomy":"category","embeddable":true,"href":"https:\/\/ppdegalicia.com\/es\/wp-json\/wp\/v2\/categories?post=58101"},{"taxonomy":"post_tag","embeddable":true,"href":"https:\/\/ppdegalicia.com\/es\/wp-json\/wp\/v2\/tags?post=58101"}],"curies":[{"name":"wp","href":"https:\/\/api.w.org\/{rel}","templated":true}]}}