{"id":58133,"date":"2023-04-21T11:42:33","date_gmt":"2023-04-21T09:42:33","guid":{"rendered":"https:\/\/ppdegalicia.com\/o-parlamento-galego-demanda-promover-unha-mellora-da-xestion-de-frondosas-en-galicia\/"},"modified":"2023-04-21T11:42:33","modified_gmt":"2023-04-21T09:42:33","slug":"o-parlamento-galego-demanda-promover-unha-mellora-da-xestion-de-frondosas-en-galicia","status":"publish","type":"post","link":"https:\/\/ppdegalicia.com\/es\/o-parlamento-galego-demanda-promover-unha-mellora-da-xestion-de-frondosas-en-galicia\/","title":{"rendered":"O Parlamento galego demanda promover unha mellora da xesti\u00f3n de frondosas en Galicia"},"content":{"rendered":"<p><img fetchpriority=\"high\" decoding=\"async\" class=\" size-full wp-image-58132\" src=\"https:\/\/ppdegalicia.com\/wp-content\/uploads\/2023\/04\/32591a47764ead663eb7506ab5c84286.jpg\" alt=\"\" width=\"1900\" height=\"1267\" srcset=\"https:\/\/ppdegalicia.com\/wp-content\/uploads\/2023\/04\/32591a47764ead663eb7506ab5c84286.jpg 1900w, https:\/\/ppdegalicia.com\/wp-content\/uploads\/2023\/04\/32591a47764ead663eb7506ab5c84286-300x200.jpg 300w, https:\/\/ppdegalicia.com\/wp-content\/uploads\/2023\/04\/32591a47764ead663eb7506ab5c84286-1024x683.jpg 1024w, https:\/\/ppdegalicia.com\/wp-content\/uploads\/2023\/04\/32591a47764ead663eb7506ab5c84286-768x512.jpg 768w, https:\/\/ppdegalicia.com\/wp-content\/uploads\/2023\/04\/32591a47764ead663eb7506ab5c84286-1536x1024.jpg 1536w\" sizes=\"(max-width: 1900px) 100vw, 1900px\" \/><\/p>\n<p>21 de abril de 2023. O Parlamento de Galicia aprobou hoxe a proposici\u00f3n non de lei do Grupo Popular a trav\u00e9s da que se insta \u00e1 Xunta a promover unha mellora da xesti\u00f3n activa de frondosas en Galicia mediante a tramitaci\u00f3n dunha estratexia no primeiro semestre deste ano, coa finalidade de fomentar a conservaci\u00f3n da biodiversidade e da multifuncionalidade dos montes como ecosistemas forestais.<\/p>\n<p><!--more--><\/p>\n<p>O deputado popular Jos\u00e9 Antonio Armada salientou \u201co pleno e tanxible compromiso do Goberno galego polo fomento das frondosas aut\u00f3ctonas, polo que a actualizaci\u00f3n dos datos existentes en Galicia que se materializar\u00e1n nesta estratexia \u00e9 imprescindible para levar a cabo as actuaci\u00f3ns determinadas no plan forestal\u201d.<\/p>\n<p>\u00a0<\/p>\n<p>Segundo o determinado no Plan Forestal, o modelo de monte para Galicia se conformar\u00eda polo conxunto de indicadores concretos de superficie que describ\u00edan que monte persegue o sector forestal para os seguintes 40 anos. A superficie total ocupada por frondosas aut\u00f3ctonas, segundo se desprende do sistema de inventario forestal galego anualmente, incrementarase ata as 415.000 hect\u00e1reas nos primeiros dous quinquenios e ata as 425.000 hect\u00e1reas no \u00faltimo quinquenio.<\/p>\n<p>\u00a0<\/p>\n<p>Armada avogou por \u201caplicar modelos silv\u00edcolas espec\u00edficos para este tipo de masas frondosas, inclu\u00edndo os bosques de ribeira, promovendo a posibilidade de plantaci\u00f3ns de enriquecemento, que permitan plantar p\u00e9s de especies valiosas usando materiais mellorados, de categor\u00eda cualificada ou controlada\u201d.<\/p>\n<p>\u00a0<\/p>\n<p>\u201c\u00c9 necesario po\u00f1er a disposici\u00f3n do mercado galego materia prima de alta calidade, prestando especial atenci\u00f3n ao incremento do uso de madeira estrutural na construci\u00f3n, potenciando tanto beneficios aos propietarios como unha mellora da econom\u00eda verde\u201d, indicou o deputado popular.<\/p>\n","protected":false},"excerpt":{"rendered":"<p>21 de abril de 2023. O Parlamento de Galicia aprobou hoxe a proposici\u00f3n non de lei do Grupo Popular a trav\u00e9s da que se insta \u00e1 Xunta a promover unha mellora da xesti\u00f3n activa de frondosas en Galicia mediante a tramitaci\u00f3n dunha estratexia no primeiro semestre deste ano, coa finalidade de fomentar a conservaci\u00f3n da [&hellip;]<\/p>\n","protected":false},"author":38,"featured_media":58132,"comment_status":"open","ping_status":"open","sticky":false,"template":"","format":"standard","meta":{"_acf_changed":false,"footnotes":""},"categories":[1],"tags":[],"class_list":["post-58133","post","type-post","status-publish","format-standard","has-post-thumbnail","hentry","category-pp-de-galicia"],"acf":[],"yoast_head":"<!-- This site is optimized with the Yoast SEO plugin v27.3 - https:\/\/yoast.com\/product\/yoast-seo-wordpress\/ -->\n<title>O Parlamento galego demanda promover unha mellora da xesti\u00f3n de frondosas en Galicia - PP de Galicia<\/title>\n<meta name=\"robots\" content=\"index, follow, max-snippet:-1, max-image-preview:large, max-video-preview:-1\" \/>\n<link rel=\"canonical\" href=\"https:\/\/ppdegalicia.com\/es\/o-parlamento-galego-demanda-promover-unha-mellora-da-xestion-de-frondosas-en-galicia\/\" \/>\n<meta property=\"og:locale\" content=\"es_ES\" \/>\n<meta property=\"og:type\" content=\"article\" \/>\n<meta property=\"og:title\" content=\"O Parlamento galego demanda promover unha mellora da xesti\u00f3n de frondosas en Galicia - PP de Galicia\" \/>\n<meta property=\"og:description\" content=\"21 de abril de 2023. O Parlamento de Galicia aprobou hoxe a proposici\u00f3n non de lei do Grupo Popular a trav\u00e9s da que se insta \u00e1 Xunta a promover unha mellora da xesti\u00f3n activa de frondosas en Galicia mediante a tramitaci\u00f3n dunha estratexia no primeiro semestre deste ano, coa finalidade de fomentar a conservaci\u00f3n da [&hellip;]\" \/>\n<meta property=\"og:url\" content=\"https:\/\/ppdegalicia.com\/es\/o-parlamento-galego-demanda-promover-unha-mellora-da-xestion-de-frondosas-en-galicia\/\" \/>\n<meta property=\"og:site_name\" content=\"PP de Galicia\" \/>\n<meta property=\"article:publisher\" content=\"https:\/\/www.instagram.com\/ppdegalicia\/\" \/>\n<meta property=\"article:published_time\" content=\"2023-04-21T09:42:33+00:00\" \/>\n<meta property=\"og:image\" content=\"https:\/\/ppdegalicia.com\/wp-content\/uploads\/2023\/04\/32591a47764ead663eb7506ab5c84286.jpg\" \/>\n\t<meta property=\"og:image:width\" content=\"1900\" \/>\n\t<meta property=\"og:image:height\" content=\"1267\" \/>\n\t<meta property=\"og:image:type\" content=\"image\/jpeg\" \/>\n<meta name=\"author\" content=\"ppdegaliciaredes\" \/>\n<meta name=\"twitter:card\" content=\"summary_large_image\" \/>\n<meta name=\"twitter:creator\" content=\"@ppdegalicia\" \/>\n<meta name=\"twitter:site\" content=\"@ppdegalicia\" \/>\n<meta name=\"twitter:label1\" content=\"Escrito por\" \/>\n\t<meta name=\"twitter:data1\" content=\"ppdegaliciaredes\" \/>\n\t<meta name=\"twitter:label2\" content=\"Tiempo de lectura\" \/>\n\t<meta name=\"twitter:data2\" content=\"1 minuto\" \/>\n<script type=\"application\/ld+json\" class=\"yoast-schema-graph\">{\"@context\":\"https:\\\/\\\/schema.org\",\"@graph\":[{\"@type\":\"Article\",\"@id\":\"https:\\\/\\\/ppdegalicia.com\\\/es\\\/o-parlamento-galego-demanda-promover-unha-mellora-da-xestion-de-frondosas-en-galicia\\\/#article\",\"isPartOf\":{\"@id\":\"https:\\\/\\\/ppdegalicia.com\\\/es\\\/o-parlamento-galego-demanda-promover-unha-mellora-da-xestion-de-frondosas-en-galicia\\\/\"},\"author\":{\"name\":\"ppdegaliciaredes\",\"@id\":\"https:\\\/\\\/ppdegalicia.com\\\/es\\\/#\\\/schema\\\/person\\\/5b822c6f59e872ebdd1142f307dbcb59\"},\"headline\":\"O Parlamento galego demanda promover unha mellora da xesti\u00f3n de frondosas en Galicia\",\"datePublished\":\"2023-04-21T09:42:33+00:00\",\"mainEntityOfPage\":{\"@id\":\"https:\\\/\\\/ppdegalicia.com\\\/es\\\/o-parlamento-galego-demanda-promover-unha-mellora-da-xestion-de-frondosas-en-galicia\\\/\"},\"wordCount\":289,\"commentCount\":0,\"publisher\":{\"@id\":\"https:\\\/\\\/ppdegalicia.com\\\/es\\\/#organization\"},\"image\":{\"@id\":\"https:\\\/\\\/ppdegalicia.com\\\/es\\\/o-parlamento-galego-demanda-promover-unha-mellora-da-xestion-de-frondosas-en-galicia\\\/#primaryimage\"},\"thumbnailUrl\":\"https:\\\/\\\/ppdegalicia.com\\\/wp-content\\\/uploads\\\/2023\\\/04\\\/32591a47764ead663eb7506ab5c84286.jpg\",\"articleSection\":[\"PP de Galicia\"],\"inLanguage\":\"es\",\"potentialAction\":[{\"@type\":\"CommentAction\",\"name\":\"Comment\",\"target\":[\"https:\\\/\\\/ppdegalicia.com\\\/es\\\/o-parlamento-galego-demanda-promover-unha-mellora-da-xestion-de-frondosas-en-galicia\\\/#respond\"]}]},{\"@type\":\"WebPage\",\"@id\":\"https:\\\/\\\/ppdegalicia.com\\\/es\\\/o-parlamento-galego-demanda-promover-unha-mellora-da-xestion-de-frondosas-en-galicia\\\/\",\"url\":\"https:\\\/\\\/ppdegalicia.com\\\/es\\\/o-parlamento-galego-demanda-promover-unha-mellora-da-xestion-de-frondosas-en-galicia\\\/\",\"name\":\"O Parlamento galego demanda promover unha mellora da xesti\u00f3n de frondosas en Galicia - PP de Galicia\",\"isPartOf\":{\"@id\":\"https:\\\/\\\/ppdegalicia.com\\\/es\\\/#website\"},\"primaryImageOfPage\":{\"@id\":\"https:\\\/\\\/ppdegalicia.com\\\/es\\\/o-parlamento-galego-demanda-promover-unha-mellora-da-xestion-de-frondosas-en-galicia\\\/#primaryimage\"},\"image\":{\"@id\":\"https:\\\/\\\/ppdegalicia.com\\\/es\\\/o-parlamento-galego-demanda-promover-unha-mellora-da-xestion-de-frondosas-en-galicia\\\/#primaryimage\"},\"thumbnailUrl\":\"https:\\\/\\\/ppdegalicia.com\\\/wp-content\\\/uploads\\\/2023\\\/04\\\/32591a47764ead663eb7506ab5c84286.jpg\",\"datePublished\":\"2023-04-21T09:42:33+00:00\",\"breadcrumb\":{\"@id\":\"https:\\\/\\\/ppdegalicia.com\\\/es\\\/o-parlamento-galego-demanda-promover-unha-mellora-da-xestion-de-frondosas-en-galicia\\\/#breadcrumb\"},\"inLanguage\":\"es\",\"potentialAction\":[{\"@type\":\"ReadAction\",\"target\":[\"https:\\\/\\\/ppdegalicia.com\\\/es\\\/o-parlamento-galego-demanda-promover-unha-mellora-da-xestion-de-frondosas-en-galicia\\\/\"]}]},{\"@type\":\"ImageObject\",\"inLanguage\":\"es\",\"@id\":\"https:\\\/\\\/ppdegalicia.com\\\/es\\\/o-parlamento-galego-demanda-promover-unha-mellora-da-xestion-de-frondosas-en-galicia\\\/#primaryimage\",\"url\":\"https:\\\/\\\/ppdegalicia.com\\\/wp-content\\\/uploads\\\/2023\\\/04\\\/32591a47764ead663eb7506ab5c84286.jpg\",\"contentUrl\":\"https:\\\/\\\/ppdegalicia.com\\\/wp-content\\\/uploads\\\/2023\\\/04\\\/32591a47764ead663eb7506ab5c84286.jpg\",\"width\":1900,\"height\":1267},{\"@type\":\"BreadcrumbList\",\"@id\":\"https:\\\/\\\/ppdegalicia.com\\\/es\\\/o-parlamento-galego-demanda-promover-unha-mellora-da-xestion-de-frondosas-en-galicia\\\/#breadcrumb\",\"itemListElement\":[{\"@type\":\"ListItem\",\"position\":1,\"name\":\"Portada\",\"item\":\"https:\\\/\\\/ppdegalicia.com\\\/es\\\/\"},{\"@type\":\"ListItem\",\"position\":2,\"name\":\"O Parlamento galego demanda promover unha mellora da xesti\u00f3n de frondosas en Galicia\"}]},{\"@type\":\"WebSite\",\"@id\":\"https:\\\/\\\/ppdegalicia.com\\\/es\\\/#website\",\"url\":\"https:\\\/\\\/ppdegalicia.com\\\/es\\\/\",\"name\":\"Partido Popular de Galicia\",\"description\":\"Partido Popular de Galicia\",\"publisher\":{\"@id\":\"https:\\\/\\\/ppdegalicia.com\\\/es\\\/#organization\"},\"alternateName\":\"PP de Galicia\",\"potentialAction\":[{\"@type\":\"SearchAction\",\"target\":{\"@type\":\"EntryPoint\",\"urlTemplate\":\"https:\\\/\\\/ppdegalicia.com\\\/es\\\/?s={search_term_string}\"},\"query-input\":{\"@type\":\"PropertyValueSpecification\",\"valueRequired\":true,\"valueName\":\"search_term_string\"}}],\"inLanguage\":\"es\"},{\"@type\":\"Organization\",\"@id\":\"https:\\\/\\\/ppdegalicia.com\\\/es\\\/#organization\",\"name\":\"Partido Popular de Galicia\",\"alternateName\":\"PP de Galicia\",\"url\":\"https:\\\/\\\/ppdegalicia.com\\\/es\\\/\",\"logo\":{\"@type\":\"ImageObject\",\"inLanguage\":\"es\",\"@id\":\"https:\\\/\\\/ppdegalicia.com\\\/es\\\/#\\\/schema\\\/logo\\\/image\\\/\",\"url\":\"https:\\\/\\\/ppdegalicia.com\\\/wp-content\\\/uploads\\\/2023\\\/04\\\/logoPP512.png\",\"contentUrl\":\"https:\\\/\\\/ppdegalicia.com\\\/wp-content\\\/uploads\\\/2023\\\/04\\\/logoPP512.png\",\"width\":512,\"height\":512,\"caption\":\"Partido Popular de Galicia\"},\"image\":{\"@id\":\"https:\\\/\\\/ppdegalicia.com\\\/es\\\/#\\\/schema\\\/logo\\\/image\\\/\"},\"sameAs\":[\"https:\\\/\\\/www.instagram.com\\\/ppdegalicia\\\/\",\"https:\\\/\\\/x.com\\\/ppdegalicia\",\"https:\\\/\\\/www.tiktok.com\\\/@ppdegalicia\",\"https:\\\/\\\/www.youtube.com\\\/user\\\/ppdegalicia\"]},{\"@type\":\"Person\",\"@id\":\"https:\\\/\\\/ppdegalicia.com\\\/es\\\/#\\\/schema\\\/person\\\/5b822c6f59e872ebdd1142f307dbcb59\",\"name\":\"ppdegaliciaredes\",\"image\":{\"@type\":\"ImageObject\",\"inLanguage\":\"es\",\"@id\":\"https:\\\/\\\/secure.gravatar.com\\\/avatar\\\/3c9179cf0256d00c72a48d1f25783c58b6842cd56e85ef3a572881c8e28ccd59?s=96&d=mm&r=g\",\"url\":\"https:\\\/\\\/secure.gravatar.com\\\/avatar\\\/3c9179cf0256d00c72a48d1f25783c58b6842cd56e85ef3a572881c8e28ccd59?s=96&d=mm&r=g\",\"contentUrl\":\"https:\\\/\\\/secure.gravatar.com\\\/avatar\\\/3c9179cf0256d00c72a48d1f25783c58b6842cd56e85ef3a572881c8e28ccd59?s=96&d=mm&r=g\",\"caption\":\"ppdegaliciaredes\"},\"url\":\"https:\\\/\\\/ppdegalicia.com\\\/es\\\/author\\\/ppdegaliciaredes\\\/\"}]}<\/script>\n<!-- \/ Yoast SEO plugin. -->","yoast_head_json":{"title":"O Parlamento galego demanda promover unha mellora da xesti\u00f3n de frondosas en Galicia - PP de Galicia","robots":{"index":"index","follow":"follow","max-snippet":"max-snippet:-1","max-image-preview":"max-image-preview:large","max-video-preview":"max-video-preview:-1"},"canonical":"https:\/\/ppdegalicia.com\/es\/o-parlamento-galego-demanda-promover-unha-mellora-da-xestion-de-frondosas-en-galicia\/","og_locale":"es_ES","og_type":"article","og_title":"O Parlamento galego demanda promover unha mellora da xesti\u00f3n de frondosas en Galicia - PP de Galicia","og_description":"21 de abril de 2023. O Parlamento de Galicia aprobou hoxe a proposici\u00f3n non de lei do Grupo Popular a trav\u00e9s da que se insta \u00e1 Xunta a promover unha mellora da xesti\u00f3n activa de frondosas en Galicia mediante a tramitaci\u00f3n dunha estratexia no primeiro semestre deste ano, coa finalidade de fomentar a conservaci\u00f3n da [&hellip;]","og_url":"https:\/\/ppdegalicia.com\/es\/o-parlamento-galego-demanda-promover-unha-mellora-da-xestion-de-frondosas-en-galicia\/","og_site_name":"PP de Galicia","article_publisher":"https:\/\/www.instagram.com\/ppdegalicia\/","article_published_time":"2023-04-21T09:42:33+00:00","og_image":[{"width":1900,"height":1267,"url":"https:\/\/ppdegalicia.com\/wp-content\/uploads\/2023\/04\/32591a47764ead663eb7506ab5c84286.jpg","type":"image\/jpeg"}],"author":"ppdegaliciaredes","twitter_card":"summary_large_image","twitter_creator":"@ppdegalicia","twitter_site":"@ppdegalicia","twitter_misc":{"Escrito por":"ppdegaliciaredes","Tiempo de lectura":"1 minuto"},"schema":{"@context":"https:\/\/schema.org","@graph":[{"@type":"Article","@id":"https:\/\/ppdegalicia.com\/es\/o-parlamento-galego-demanda-promover-unha-mellora-da-xestion-de-frondosas-en-galicia\/#article","isPartOf":{"@id":"https:\/\/ppdegalicia.com\/es\/o-parlamento-galego-demanda-promover-unha-mellora-da-xestion-de-frondosas-en-galicia\/"},"author":{"name":"ppdegaliciaredes","@id":"https:\/\/ppdegalicia.com\/es\/#\/schema\/person\/5b822c6f59e872ebdd1142f307dbcb59"},"headline":"O Parlamento galego demanda promover unha mellora da xesti\u00f3n de frondosas en Galicia","datePublished":"2023-04-21T09:42:33+00:00","mainEntityOfPage":{"@id":"https:\/\/ppdegalicia.com\/es\/o-parlamento-galego-demanda-promover-unha-mellora-da-xestion-de-frondosas-en-galicia\/"},"wordCount":289,"commentCount":0,"publisher":{"@id":"https:\/\/ppdegalicia.com\/es\/#organization"},"image":{"@id":"https:\/\/ppdegalicia.com\/es\/o-parlamento-galego-demanda-promover-unha-mellora-da-xestion-de-frondosas-en-galicia\/#primaryimage"},"thumbnailUrl":"https:\/\/ppdegalicia.com\/wp-content\/uploads\/2023\/04\/32591a47764ead663eb7506ab5c84286.jpg","articleSection":["PP de Galicia"],"inLanguage":"es","potentialAction":[{"@type":"CommentAction","name":"Comment","target":["https:\/\/ppdegalicia.com\/es\/o-parlamento-galego-demanda-promover-unha-mellora-da-xestion-de-frondosas-en-galicia\/#respond"]}]},{"@type":"WebPage","@id":"https:\/\/ppdegalicia.com\/es\/o-parlamento-galego-demanda-promover-unha-mellora-da-xestion-de-frondosas-en-galicia\/","url":"https:\/\/ppdegalicia.com\/es\/o-parlamento-galego-demanda-promover-unha-mellora-da-xestion-de-frondosas-en-galicia\/","name":"O Parlamento galego demanda promover unha mellora da xesti\u00f3n de frondosas en Galicia - PP de Galicia","isPartOf":{"@id":"https:\/\/ppdegalicia.com\/es\/#website"},"primaryImageOfPage":{"@id":"https:\/\/ppdegalicia.com\/es\/o-parlamento-galego-demanda-promover-unha-mellora-da-xestion-de-frondosas-en-galicia\/#primaryimage"},"image":{"@id":"https:\/\/ppdegalicia.com\/es\/o-parlamento-galego-demanda-promover-unha-mellora-da-xestion-de-frondosas-en-galicia\/#primaryimage"},"thumbnailUrl":"https:\/\/ppdegalicia.com\/wp-content\/uploads\/2023\/04\/32591a47764ead663eb7506ab5c84286.jpg","datePublished":"2023-04-21T09:42:33+00:00","breadcrumb":{"@id":"https:\/\/ppdegalicia.com\/es\/o-parlamento-galego-demanda-promover-unha-mellora-da-xestion-de-frondosas-en-galicia\/#breadcrumb"},"inLanguage":"es","potentialAction":[{"@type":"ReadAction","target":["https:\/\/ppdegalicia.com\/es\/o-parlamento-galego-demanda-promover-unha-mellora-da-xestion-de-frondosas-en-galicia\/"]}]},{"@type":"ImageObject","inLanguage":"es","@id":"https:\/\/ppdegalicia.com\/es\/o-parlamento-galego-demanda-promover-unha-mellora-da-xestion-de-frondosas-en-galicia\/#primaryimage","url":"https:\/\/ppdegalicia.com\/wp-content\/uploads\/2023\/04\/32591a47764ead663eb7506ab5c84286.jpg","contentUrl":"https:\/\/ppdegalicia.com\/wp-content\/uploads\/2023\/04\/32591a47764ead663eb7506ab5c84286.jpg","width":1900,"height":1267},{"@type":"BreadcrumbList","@id":"https:\/\/ppdegalicia.com\/es\/o-parlamento-galego-demanda-promover-unha-mellora-da-xestion-de-frondosas-en-galicia\/#breadcrumb","itemListElement":[{"@type":"ListItem","position":1,"name":"Portada","item":"https:\/\/ppdegalicia.com\/es\/"},{"@type":"ListItem","position":2,"name":"O Parlamento galego demanda promover unha mellora da xesti\u00f3n de frondosas en Galicia"}]},{"@type":"WebSite","@id":"https:\/\/ppdegalicia.com\/es\/#website","url":"https:\/\/ppdegalicia.com\/es\/","name":"Partido Popular de Galicia","description":"Partido Popular de Galicia","publisher":{"@id":"https:\/\/ppdegalicia.com\/es\/#organization"},"alternateName":"PP de Galicia","potentialAction":[{"@type":"SearchAction","target":{"@type":"EntryPoint","urlTemplate":"https:\/\/ppdegalicia.com\/es\/?s={search_term_string}"},"query-input":{"@type":"PropertyValueSpecification","valueRequired":true,"valueName":"search_term_string"}}],"inLanguage":"es"},{"@type":"Organization","@id":"https:\/\/ppdegalicia.com\/es\/#organization","name":"Partido Popular de Galicia","alternateName":"PP de Galicia","url":"https:\/\/ppdegalicia.com\/es\/","logo":{"@type":"ImageObject","inLanguage":"es","@id":"https:\/\/ppdegalicia.com\/es\/#\/schema\/logo\/image\/","url":"https:\/\/ppdegalicia.com\/wp-content\/uploads\/2023\/04\/logoPP512.png","contentUrl":"https:\/\/ppdegalicia.com\/wp-content\/uploads\/2023\/04\/logoPP512.png","width":512,"height":512,"caption":"Partido Popular de Galicia"},"image":{"@id":"https:\/\/ppdegalicia.com\/es\/#\/schema\/logo\/image\/"},"sameAs":["https:\/\/www.instagram.com\/ppdegalicia\/","https:\/\/x.com\/ppdegalicia","https:\/\/www.tiktok.com\/@ppdegalicia","https:\/\/www.youtube.com\/user\/ppdegalicia"]},{"@type":"Person","@id":"https:\/\/ppdegalicia.com\/es\/#\/schema\/person\/5b822c6f59e872ebdd1142f307dbcb59","name":"ppdegaliciaredes","image":{"@type":"ImageObject","inLanguage":"es","@id":"https:\/\/secure.gravatar.com\/avatar\/3c9179cf0256d00c72a48d1f25783c58b6842cd56e85ef3a572881c8e28ccd59?s=96&d=mm&r=g","url":"https:\/\/secure.gravatar.com\/avatar\/3c9179cf0256d00c72a48d1f25783c58b6842cd56e85ef3a572881c8e28ccd59?s=96&d=mm&r=g","contentUrl":"https:\/\/secure.gravatar.com\/avatar\/3c9179cf0256d00c72a48d1f25783c58b6842cd56e85ef3a572881c8e28ccd59?s=96&d=mm&r=g","caption":"ppdegaliciaredes"},"url":"https:\/\/ppdegalicia.com\/es\/author\/ppdegaliciaredes\/"}]}},"_links":{"self":[{"href":"https:\/\/ppdegalicia.com\/es\/wp-json\/wp\/v2\/posts\/58133","targetHints":{"allow":["GET"]}}],"collection":[{"href":"https:\/\/ppdegalicia.com\/es\/wp-json\/wp\/v2\/posts"}],"about":[{"href":"https:\/\/ppdegalicia.com\/es\/wp-json\/wp\/v2\/types\/post"}],"author":[{"embeddable":true,"href":"https:\/\/ppdegalicia.com\/es\/wp-json\/wp\/v2\/users\/38"}],"replies":[{"embeddable":true,"href":"https:\/\/ppdegalicia.com\/es\/wp-json\/wp\/v2\/comments?post=58133"}],"version-history":[{"count":0,"href":"https:\/\/ppdegalicia.com\/es\/wp-json\/wp\/v2\/posts\/58133\/revisions"}],"wp:featuredmedia":[{"embeddable":true,"href":"https:\/\/ppdegalicia.com\/es\/wp-json\/wp\/v2\/media\/58132"}],"wp:attachment":[{"href":"https:\/\/ppdegalicia.com\/es\/wp-json\/wp\/v2\/media?parent=58133"}],"wp:term":[{"taxonomy":"category","embeddable":true,"href":"https:\/\/ppdegalicia.com\/es\/wp-json\/wp\/v2\/categories?post=58133"},{"taxonomy":"post_tag","embeddable":true,"href":"https:\/\/ppdegalicia.com\/es\/wp-json\/wp\/v2\/tags?post=58133"}],"curies":[{"name":"wp","href":"https:\/\/api.w.org\/{rel}","templated":true}]}}