{"id":58141,"date":"2023-04-25T11:59:11","date_gmt":"2023-04-25T09:59:11","guid":{"rendered":"https:\/\/ppdegalicia.com\/o-grupo-popular-salienta-a-aposta-da-xunta-pola-i-d-i-coordinada-entre-os-seus-departamentos-con-cifras-record-de-investimento-e-emprego-e-cunha-crecente-participacion-empresarial\/"},"modified":"2023-04-25T11:59:11","modified_gmt":"2023-04-25T09:59:11","slug":"o-grupo-popular-salienta-a-aposta-da-xunta-pola-i-d-i-coordinada-entre-os-seus-departamentos-con-cifras-record-de-investimento-e-emprego-e-cunha-crecente-participacion-empresarial","status":"publish","type":"post","link":"https:\/\/ppdegalicia.com\/es\/o-grupo-popular-salienta-a-aposta-da-xunta-pola-i-d-i-coordinada-entre-os-seus-departamentos-con-cifras-record-de-investimento-e-emprego-e-cunha-crecente-participacion-empresarial\/","title":{"rendered":"O Grupo Popular salienta a aposta da Xunta pola I+D+i, coordinada entre os seus departamentos, con cifras r\u00e9cord de investimento e emprego; e cunha crecente participaci\u00f3n empresarial"},"content":{"rendered":"<p><img fetchpriority=\"high\" decoding=\"async\" class=\" size-full wp-image-58140\" src=\"https:\/\/ppdegalicia.com\/wp-content\/uploads\/2023\/04\/4963dc3efdc429d22dc01efe09f9de84.jpg\" alt=\"\" width=\"1900\" height=\"1267\" srcset=\"https:\/\/ppdegalicia.com\/wp-content\/uploads\/2023\/04\/4963dc3efdc429d22dc01efe09f9de84.jpg 1900w, https:\/\/ppdegalicia.com\/wp-content\/uploads\/2023\/04\/4963dc3efdc429d22dc01efe09f9de84-300x200.jpg 300w, https:\/\/ppdegalicia.com\/wp-content\/uploads\/2023\/04\/4963dc3efdc429d22dc01efe09f9de84-1024x683.jpg 1024w, https:\/\/ppdegalicia.com\/wp-content\/uploads\/2023\/04\/4963dc3efdc429d22dc01efe09f9de84-768x512.jpg 768w, https:\/\/ppdegalicia.com\/wp-content\/uploads\/2023\/04\/4963dc3efdc429d22dc01efe09f9de84-1536x1024.jpg 1536w\" sizes=\"(max-width: 1900px) 100vw, 1900px\" \/><\/p>\n<p>25 de abril de 2023. A deputada do Grupo Popular Sandra V\u00e1zquez defendeu hoxe no Pleno do Parlamento galego \u201ca aposta da Xunta pola I+D+i, baseada na coordinaci\u00f3n entre os distintos departamentos auton\u00f3micos; que acada cifras r\u00e9cord de investimento e emprego; e cunha crecente participaci\u00f3n do sector empresarial, e polo tanto, de transferencia da ciencia \u00e1 realidade social e econ\u00f3mica a modo de innovaci\u00f3n\u201d.<\/p>\n<p><!--more--><\/p>\n<p>Sandra V\u00e1zquez considerou \u201clex\u00edtimo\u201d que o BNG defenda nunha proposici\u00f3n de lei debatida hoxe na sesi\u00f3n plenaria \u201cque imitemos o modelo que te\u00f1en algunhas comunidades aut\u00f3nomas como Catalu\u00f1a ou o Pa\u00eds Vasco, que decidiron crear fundaci\u00f3ns p\u00fablicas para impulsar todas as pol\u00edticas en materia de I+D+i e de xeraci\u00f3n de co\u00f1ecemento cient\u00edfico\u201d.<\/p>\n<p>\u00a0<\/p>\n<p>\u201cSon modelos lex\u00edtimos que desde o Grupo Popular consideramos que en Galicia non son necesarios nin eficientes, en tanto que non se axustan \u00e1 realidade do sistema galego de I+D+i, tanto pola s\u00faa dimensi\u00f3n como polo retroceso que supor\u00eda respecto do modelo actual\u201d, concretou.<\/p>\n<p>\u00a0<\/p>\n<p><strong>INCREMENTO DO PESO DAS EMPRESAS<\/strong><\/p>\n<p>\u00a0<\/p>\n<p>As\u00ed, a deputada popular salientou que Galicia conta na actualidade \u201cco maior n\u00famero de toda a serie hist\u00f3rica de persoas investigadoras e empregadas en actividades de I+D+i: 7.462 e 11.435, respectivamente\u201d. Ademais, apuntou que \u201co peso das empresas na I+D de Galicia foi increment\u00e1ndose ata superar o 50 por cento do total, o que sup\u00f3n un avance pero reco\u00f1ecemos que hai que mellorar para homologarnos coas rexi\u00f3ns europeas m\u00e1is intensivas en I+D\u201d.<\/p>\n<p>\u00a0<\/p>\n<p>\u201cGalicia investiu en 2021 cerca de 700 mill\u00f3ns de euros en I+D, o que sup\u00f3n o nivel m\u00e1is alto de investimento de toda a serie hist\u00f3rica e consolida a nosa posici\u00f3n como a s\u00e9tima comunidade que m\u00e1is inviste en I+D sobre o total do Estado\u201d, sinalou. Este incremento do nivel de investimento \u201ctam\u00e9n se ten traducido nun aumento do peso da I+D na estrutura produtiva galega, que na actualidade acadou o 1,1 por cento no 2020\u201d. \u201cO obxectivo \u00e9 situar o investimento en I+D no 2 por cento do PIB en 2030\u201d, apunto Sandra V\u00e1zquez.<\/p>\n<p>\u00a0<\/p>\n<p>Na s\u00faa intervenci\u00f3n, a deputada popular referiuse en concreto a diversos instrumentos que se integran no modelo de I+D que desenvolve o actual Goberno galego. En primeiro lugar, manifestou que a Estratexia de Especializaci\u00f3n Intelixente-RIS3 de Galicia, presentada o pasado 28 de marzo, prev\u00e9 mobilizar 5.000 mill\u00f3ns de euros ata 2027, dos que 3.000 mill\u00f3ns de euros corresponden a fondos p\u00fablicos, \u00e9 dicir, un 170 por cento m\u00e1is que no per\u00edodo anterior.<\/p>\n<p>\u00a0<\/p>\n<p>As\u00ed mesmo, impulsouse a Axencia Galega de Innovaci\u00f3n, con personalidade xur\u00eddica propia, que s\u00f3 neste ano 2023 ten programadas 17 li\u00f1as de apoio dotadas con m\u00e1is de 100 mill\u00f3ns de euros.<\/p>\n<p>\u00a0<\/p>\n<p><strong>NOVO DECRETO<\/strong><\/p>\n<p>\u00a0<\/p>\n<p>Sandra V\u00e1zquez citou, tam\u00e9n a Comisi\u00f3n Interdepartamental de I+D+i, creada en 2020 como \u00f3rgano de planificaci\u00f3n e coordinaci\u00f3n dos obxectivos, actuaci\u00f3ns, instrumentos e fondos da Comunidade galega neste \u00e1mbito. Dentro desta Comisi\u00f3n estase a avanzar na elaboraci\u00f3n dun novo decreto que situar\u00e1 a Galicia como a primeira comunidade de Espa\u00f1a en regular a carreira de todo o persoal de investigaci\u00f3n que depende da Xunta e os seus \u00f3rganos dependentes. \u201cUnha normativa que trata a cient\u00edficos e t\u00e9cnicos por igual, sexa do \u00e1mbito que sexan, ofrec\u00e9ndolles estabilidade laboral a trav\u00e9s dun contrato fixo e un sistema de promoci\u00f3n profesional claro e definido desde o primeiro momento en funci\u00f3n dos m\u00e9ritos\u201d, explicou.<\/p>\n<p>\u00a0<\/p>\n<p>Para rematar, a deputada popular destacou o Programa Oportunius para a atracci\u00f3n de talento excelente, que xa ten organizado 19 talleres de formaci\u00f3n con m\u00e1is de 390 participantes e avaliou 238 candidaturas ao ERC.<\/p>\n","protected":false},"excerpt":{"rendered":"<p>25 de abril de 2023. A deputada do Grupo Popular Sandra V\u00e1zquez defendeu hoxe no Pleno do Parlamento galego \u201ca aposta da Xunta pola I+D+i, baseada na coordinaci\u00f3n entre os distintos departamentos auton\u00f3micos; que acada cifras r\u00e9cord de investimento e emprego; e cunha crecente participaci\u00f3n do sector empresarial, e polo tanto, de transferencia da ciencia [&hellip;]<\/p>\n","protected":false},"author":38,"featured_media":58140,"comment_status":"open","ping_status":"open","sticky":false,"template":"","format":"standard","meta":{"_acf_changed":false,"footnotes":""},"categories":[1],"tags":[],"class_list":["post-58141","post","type-post","status-publish","format-standard","has-post-thumbnail","hentry","category-pp-de-galicia"],"acf":[],"yoast_head":"<!-- This site is optimized with the Yoast SEO plugin v27.3 - https:\/\/yoast.com\/product\/yoast-seo-wordpress\/ -->\n<title>O Grupo Popular salienta a aposta da Xunta pola I+D+i, coordinada entre os seus departamentos, con cifras r\u00e9cord de investimento e emprego; e cunha crecente participaci\u00f3n empresarial - PP de Galicia<\/title>\n<meta name=\"robots\" content=\"index, follow, max-snippet:-1, max-image-preview:large, max-video-preview:-1\" \/>\n<link rel=\"canonical\" href=\"https:\/\/ppdegalicia.com\/es\/o-grupo-popular-salienta-a-aposta-da-xunta-pola-i-d-i-coordinada-entre-os-seus-departamentos-con-cifras-record-de-investimento-e-emprego-e-cunha-crecente-participacion-empresarial\/\" \/>\n<meta property=\"og:locale\" content=\"es_ES\" \/>\n<meta property=\"og:type\" content=\"article\" \/>\n<meta property=\"og:title\" content=\"O Grupo Popular salienta a aposta da Xunta pola I+D+i, coordinada entre os seus departamentos, con cifras r\u00e9cord de investimento e emprego; e cunha crecente participaci\u00f3n empresarial - PP de Galicia\" \/>\n<meta property=\"og:description\" content=\"25 de abril de 2023. A deputada do Grupo Popular Sandra V\u00e1zquez defendeu hoxe no Pleno do Parlamento galego \u201ca aposta da Xunta pola I+D+i, baseada na coordinaci\u00f3n entre os distintos departamentos auton\u00f3micos; que acada cifras r\u00e9cord de investimento e emprego; e cunha crecente participaci\u00f3n do sector empresarial, e polo tanto, de transferencia da ciencia [&hellip;]\" \/>\n<meta property=\"og:url\" content=\"https:\/\/ppdegalicia.com\/es\/o-grupo-popular-salienta-a-aposta-da-xunta-pola-i-d-i-coordinada-entre-os-seus-departamentos-con-cifras-record-de-investimento-e-emprego-e-cunha-crecente-participacion-empresarial\/\" \/>\n<meta property=\"og:site_name\" content=\"PP de Galicia\" \/>\n<meta property=\"article:publisher\" content=\"https:\/\/www.instagram.com\/ppdegalicia\/\" \/>\n<meta property=\"article:published_time\" content=\"2023-04-25T09:59:11+00:00\" \/>\n<meta property=\"og:image\" content=\"https:\/\/ppdegalicia.com\/wp-content\/uploads\/2023\/04\/4963dc3efdc429d22dc01efe09f9de84.jpg\" \/>\n\t<meta property=\"og:image:width\" content=\"1900\" \/>\n\t<meta property=\"og:image:height\" content=\"1267\" \/>\n\t<meta property=\"og:image:type\" content=\"image\/jpeg\" \/>\n<meta name=\"author\" content=\"ppdegaliciaredes\" \/>\n<meta name=\"twitter:card\" content=\"summary_large_image\" \/>\n<meta name=\"twitter:creator\" content=\"@ppdegalicia\" \/>\n<meta name=\"twitter:site\" content=\"@ppdegalicia\" \/>\n<meta name=\"twitter:label1\" content=\"Escrito por\" \/>\n\t<meta name=\"twitter:data1\" content=\"ppdegaliciaredes\" \/>\n\t<meta name=\"twitter:label2\" content=\"Tiempo de lectura\" \/>\n\t<meta name=\"twitter:data2\" content=\"3 minutos\" \/>\n<script type=\"application\/ld+json\" class=\"yoast-schema-graph\">{\"@context\":\"https:\\\/\\\/schema.org\",\"@graph\":[{\"@type\":\"Article\",\"@id\":\"https:\\\/\\\/ppdegalicia.com\\\/es\\\/o-grupo-popular-salienta-a-aposta-da-xunta-pola-i-d-i-coordinada-entre-os-seus-departamentos-con-cifras-record-de-investimento-e-emprego-e-cunha-crecente-participacion-empresarial\\\/#article\",\"isPartOf\":{\"@id\":\"https:\\\/\\\/ppdegalicia.com\\\/es\\\/o-grupo-popular-salienta-a-aposta-da-xunta-pola-i-d-i-coordinada-entre-os-seus-departamentos-con-cifras-record-de-investimento-e-emprego-e-cunha-crecente-participacion-empresarial\\\/\"},\"author\":{\"name\":\"ppdegaliciaredes\",\"@id\":\"https:\\\/\\\/ppdegalicia.com\\\/es\\\/#\\\/schema\\\/person\\\/5b822c6f59e872ebdd1142f307dbcb59\"},\"headline\":\"O Grupo Popular salienta a aposta da Xunta pola I+D+i, coordinada entre os seus departamentos, con cifras r\u00e9cord de investimento e emprego; e cunha crecente participaci\u00f3n empresarial\",\"datePublished\":\"2023-04-25T09:59:11+00:00\",\"mainEntityOfPage\":{\"@id\":\"https:\\\/\\\/ppdegalicia.com\\\/es\\\/o-grupo-popular-salienta-a-aposta-da-xunta-pola-i-d-i-coordinada-entre-os-seus-departamentos-con-cifras-record-de-investimento-e-emprego-e-cunha-crecente-participacion-empresarial\\\/\"},\"wordCount\":676,\"commentCount\":0,\"publisher\":{\"@id\":\"https:\\\/\\\/ppdegalicia.com\\\/es\\\/#organization\"},\"image\":{\"@id\":\"https:\\\/\\\/ppdegalicia.com\\\/es\\\/o-grupo-popular-salienta-a-aposta-da-xunta-pola-i-d-i-coordinada-entre-os-seus-departamentos-con-cifras-record-de-investimento-e-emprego-e-cunha-crecente-participacion-empresarial\\\/#primaryimage\"},\"thumbnailUrl\":\"https:\\\/\\\/ppdegalicia.com\\\/wp-content\\\/uploads\\\/2023\\\/04\\\/4963dc3efdc429d22dc01efe09f9de84.jpg\",\"articleSection\":[\"PP de Galicia\"],\"inLanguage\":\"es\",\"potentialAction\":[{\"@type\":\"CommentAction\",\"name\":\"Comment\",\"target\":[\"https:\\\/\\\/ppdegalicia.com\\\/es\\\/o-grupo-popular-salienta-a-aposta-da-xunta-pola-i-d-i-coordinada-entre-os-seus-departamentos-con-cifras-record-de-investimento-e-emprego-e-cunha-crecente-participacion-empresarial\\\/#respond\"]}]},{\"@type\":\"WebPage\",\"@id\":\"https:\\\/\\\/ppdegalicia.com\\\/es\\\/o-grupo-popular-salienta-a-aposta-da-xunta-pola-i-d-i-coordinada-entre-os-seus-departamentos-con-cifras-record-de-investimento-e-emprego-e-cunha-crecente-participacion-empresarial\\\/\",\"url\":\"https:\\\/\\\/ppdegalicia.com\\\/es\\\/o-grupo-popular-salienta-a-aposta-da-xunta-pola-i-d-i-coordinada-entre-os-seus-departamentos-con-cifras-record-de-investimento-e-emprego-e-cunha-crecente-participacion-empresarial\\\/\",\"name\":\"O Grupo Popular salienta a aposta da Xunta pola I+D+i, coordinada entre os seus departamentos, con cifras r\u00e9cord de investimento e emprego; e cunha crecente participaci\u00f3n empresarial - PP de Galicia\",\"isPartOf\":{\"@id\":\"https:\\\/\\\/ppdegalicia.com\\\/es\\\/#website\"},\"primaryImageOfPage\":{\"@id\":\"https:\\\/\\\/ppdegalicia.com\\\/es\\\/o-grupo-popular-salienta-a-aposta-da-xunta-pola-i-d-i-coordinada-entre-os-seus-departamentos-con-cifras-record-de-investimento-e-emprego-e-cunha-crecente-participacion-empresarial\\\/#primaryimage\"},\"image\":{\"@id\":\"https:\\\/\\\/ppdegalicia.com\\\/es\\\/o-grupo-popular-salienta-a-aposta-da-xunta-pola-i-d-i-coordinada-entre-os-seus-departamentos-con-cifras-record-de-investimento-e-emprego-e-cunha-crecente-participacion-empresarial\\\/#primaryimage\"},\"thumbnailUrl\":\"https:\\\/\\\/ppdegalicia.com\\\/wp-content\\\/uploads\\\/2023\\\/04\\\/4963dc3efdc429d22dc01efe09f9de84.jpg\",\"datePublished\":\"2023-04-25T09:59:11+00:00\",\"breadcrumb\":{\"@id\":\"https:\\\/\\\/ppdegalicia.com\\\/es\\\/o-grupo-popular-salienta-a-aposta-da-xunta-pola-i-d-i-coordinada-entre-os-seus-departamentos-con-cifras-record-de-investimento-e-emprego-e-cunha-crecente-participacion-empresarial\\\/#breadcrumb\"},\"inLanguage\":\"es\",\"potentialAction\":[{\"@type\":\"ReadAction\",\"target\":[\"https:\\\/\\\/ppdegalicia.com\\\/es\\\/o-grupo-popular-salienta-a-aposta-da-xunta-pola-i-d-i-coordinada-entre-os-seus-departamentos-con-cifras-record-de-investimento-e-emprego-e-cunha-crecente-participacion-empresarial\\\/\"]}]},{\"@type\":\"ImageObject\",\"inLanguage\":\"es\",\"@id\":\"https:\\\/\\\/ppdegalicia.com\\\/es\\\/o-grupo-popular-salienta-a-aposta-da-xunta-pola-i-d-i-coordinada-entre-os-seus-departamentos-con-cifras-record-de-investimento-e-emprego-e-cunha-crecente-participacion-empresarial\\\/#primaryimage\",\"url\":\"https:\\\/\\\/ppdegalicia.com\\\/wp-content\\\/uploads\\\/2023\\\/04\\\/4963dc3efdc429d22dc01efe09f9de84.jpg\",\"contentUrl\":\"https:\\\/\\\/ppdegalicia.com\\\/wp-content\\\/uploads\\\/2023\\\/04\\\/4963dc3efdc429d22dc01efe09f9de84.jpg\",\"width\":1900,\"height\":1267},{\"@type\":\"BreadcrumbList\",\"@id\":\"https:\\\/\\\/ppdegalicia.com\\\/es\\\/o-grupo-popular-salienta-a-aposta-da-xunta-pola-i-d-i-coordinada-entre-os-seus-departamentos-con-cifras-record-de-investimento-e-emprego-e-cunha-crecente-participacion-empresarial\\\/#breadcrumb\",\"itemListElement\":[{\"@type\":\"ListItem\",\"position\":1,\"name\":\"Portada\",\"item\":\"https:\\\/\\\/ppdegalicia.com\\\/es\\\/\"},{\"@type\":\"ListItem\",\"position\":2,\"name\":\"O Grupo Popular salienta a aposta da Xunta pola I+D+i, coordinada entre os seus departamentos, con cifras r\u00e9cord de investimento e emprego; e cunha crecente participaci\u00f3n empresarial\"}]},{\"@type\":\"WebSite\",\"@id\":\"https:\\\/\\\/ppdegalicia.com\\\/es\\\/#website\",\"url\":\"https:\\\/\\\/ppdegalicia.com\\\/es\\\/\",\"name\":\"Partido Popular de Galicia\",\"description\":\"Partido Popular de Galicia\",\"publisher\":{\"@id\":\"https:\\\/\\\/ppdegalicia.com\\\/es\\\/#organization\"},\"alternateName\":\"PP de Galicia\",\"potentialAction\":[{\"@type\":\"SearchAction\",\"target\":{\"@type\":\"EntryPoint\",\"urlTemplate\":\"https:\\\/\\\/ppdegalicia.com\\\/es\\\/?s={search_term_string}\"},\"query-input\":{\"@type\":\"PropertyValueSpecification\",\"valueRequired\":true,\"valueName\":\"search_term_string\"}}],\"inLanguage\":\"es\"},{\"@type\":\"Organization\",\"@id\":\"https:\\\/\\\/ppdegalicia.com\\\/es\\\/#organization\",\"name\":\"Partido Popular de Galicia\",\"alternateName\":\"PP de Galicia\",\"url\":\"https:\\\/\\\/ppdegalicia.com\\\/es\\\/\",\"logo\":{\"@type\":\"ImageObject\",\"inLanguage\":\"es\",\"@id\":\"https:\\\/\\\/ppdegalicia.com\\\/es\\\/#\\\/schema\\\/logo\\\/image\\\/\",\"url\":\"https:\\\/\\\/ppdegalicia.com\\\/wp-content\\\/uploads\\\/2023\\\/04\\\/logoPP512.png\",\"contentUrl\":\"https:\\\/\\\/ppdegalicia.com\\\/wp-content\\\/uploads\\\/2023\\\/04\\\/logoPP512.png\",\"width\":512,\"height\":512,\"caption\":\"Partido Popular de Galicia\"},\"image\":{\"@id\":\"https:\\\/\\\/ppdegalicia.com\\\/es\\\/#\\\/schema\\\/logo\\\/image\\\/\"},\"sameAs\":[\"https:\\\/\\\/www.instagram.com\\\/ppdegalicia\\\/\",\"https:\\\/\\\/x.com\\\/ppdegalicia\",\"https:\\\/\\\/www.tiktok.com\\\/@ppdegalicia\",\"https:\\\/\\\/www.youtube.com\\\/user\\\/ppdegalicia\"]},{\"@type\":\"Person\",\"@id\":\"https:\\\/\\\/ppdegalicia.com\\\/es\\\/#\\\/schema\\\/person\\\/5b822c6f59e872ebdd1142f307dbcb59\",\"name\":\"ppdegaliciaredes\",\"image\":{\"@type\":\"ImageObject\",\"inLanguage\":\"es\",\"@id\":\"https:\\\/\\\/secure.gravatar.com\\\/avatar\\\/3c9179cf0256d00c72a48d1f25783c58b6842cd56e85ef3a572881c8e28ccd59?s=96&d=mm&r=g\",\"url\":\"https:\\\/\\\/secure.gravatar.com\\\/avatar\\\/3c9179cf0256d00c72a48d1f25783c58b6842cd56e85ef3a572881c8e28ccd59?s=96&d=mm&r=g\",\"contentUrl\":\"https:\\\/\\\/secure.gravatar.com\\\/avatar\\\/3c9179cf0256d00c72a48d1f25783c58b6842cd56e85ef3a572881c8e28ccd59?s=96&d=mm&r=g\",\"caption\":\"ppdegaliciaredes\"},\"url\":\"https:\\\/\\\/ppdegalicia.com\\\/es\\\/author\\\/ppdegaliciaredes\\\/\"}]}<\/script>\n<!-- \/ Yoast SEO plugin. -->","yoast_head_json":{"title":"O Grupo Popular salienta a aposta da Xunta pola I+D+i, coordinada entre os seus departamentos, con cifras r\u00e9cord de investimento e emprego; e cunha crecente participaci\u00f3n empresarial - PP de Galicia","robots":{"index":"index","follow":"follow","max-snippet":"max-snippet:-1","max-image-preview":"max-image-preview:large","max-video-preview":"max-video-preview:-1"},"canonical":"https:\/\/ppdegalicia.com\/es\/o-grupo-popular-salienta-a-aposta-da-xunta-pola-i-d-i-coordinada-entre-os-seus-departamentos-con-cifras-record-de-investimento-e-emprego-e-cunha-crecente-participacion-empresarial\/","og_locale":"es_ES","og_type":"article","og_title":"O Grupo Popular salienta a aposta da Xunta pola I+D+i, coordinada entre os seus departamentos, con cifras r\u00e9cord de investimento e emprego; e cunha crecente participaci\u00f3n empresarial - PP de Galicia","og_description":"25 de abril de 2023. A deputada do Grupo Popular Sandra V\u00e1zquez defendeu hoxe no Pleno do Parlamento galego \u201ca aposta da Xunta pola I+D+i, baseada na coordinaci\u00f3n entre os distintos departamentos auton\u00f3micos; que acada cifras r\u00e9cord de investimento e emprego; e cunha crecente participaci\u00f3n do sector empresarial, e polo tanto, de transferencia da ciencia [&hellip;]","og_url":"https:\/\/ppdegalicia.com\/es\/o-grupo-popular-salienta-a-aposta-da-xunta-pola-i-d-i-coordinada-entre-os-seus-departamentos-con-cifras-record-de-investimento-e-emprego-e-cunha-crecente-participacion-empresarial\/","og_site_name":"PP de Galicia","article_publisher":"https:\/\/www.instagram.com\/ppdegalicia\/","article_published_time":"2023-04-25T09:59:11+00:00","og_image":[{"width":1900,"height":1267,"url":"https:\/\/ppdegalicia.com\/wp-content\/uploads\/2023\/04\/4963dc3efdc429d22dc01efe09f9de84.jpg","type":"image\/jpeg"}],"author":"ppdegaliciaredes","twitter_card":"summary_large_image","twitter_creator":"@ppdegalicia","twitter_site":"@ppdegalicia","twitter_misc":{"Escrito por":"ppdegaliciaredes","Tiempo de lectura":"3 minutos"},"schema":{"@context":"https:\/\/schema.org","@graph":[{"@type":"Article","@id":"https:\/\/ppdegalicia.com\/es\/o-grupo-popular-salienta-a-aposta-da-xunta-pola-i-d-i-coordinada-entre-os-seus-departamentos-con-cifras-record-de-investimento-e-emprego-e-cunha-crecente-participacion-empresarial\/#article","isPartOf":{"@id":"https:\/\/ppdegalicia.com\/es\/o-grupo-popular-salienta-a-aposta-da-xunta-pola-i-d-i-coordinada-entre-os-seus-departamentos-con-cifras-record-de-investimento-e-emprego-e-cunha-crecente-participacion-empresarial\/"},"author":{"name":"ppdegaliciaredes","@id":"https:\/\/ppdegalicia.com\/es\/#\/schema\/person\/5b822c6f59e872ebdd1142f307dbcb59"},"headline":"O Grupo Popular salienta a aposta da Xunta pola I+D+i, coordinada entre os seus departamentos, con cifras r\u00e9cord de investimento e emprego; e cunha crecente participaci\u00f3n empresarial","datePublished":"2023-04-25T09:59:11+00:00","mainEntityOfPage":{"@id":"https:\/\/ppdegalicia.com\/es\/o-grupo-popular-salienta-a-aposta-da-xunta-pola-i-d-i-coordinada-entre-os-seus-departamentos-con-cifras-record-de-investimento-e-emprego-e-cunha-crecente-participacion-empresarial\/"},"wordCount":676,"commentCount":0,"publisher":{"@id":"https:\/\/ppdegalicia.com\/es\/#organization"},"image":{"@id":"https:\/\/ppdegalicia.com\/es\/o-grupo-popular-salienta-a-aposta-da-xunta-pola-i-d-i-coordinada-entre-os-seus-departamentos-con-cifras-record-de-investimento-e-emprego-e-cunha-crecente-participacion-empresarial\/#primaryimage"},"thumbnailUrl":"https:\/\/ppdegalicia.com\/wp-content\/uploads\/2023\/04\/4963dc3efdc429d22dc01efe09f9de84.jpg","articleSection":["PP de Galicia"],"inLanguage":"es","potentialAction":[{"@type":"CommentAction","name":"Comment","target":["https:\/\/ppdegalicia.com\/es\/o-grupo-popular-salienta-a-aposta-da-xunta-pola-i-d-i-coordinada-entre-os-seus-departamentos-con-cifras-record-de-investimento-e-emprego-e-cunha-crecente-participacion-empresarial\/#respond"]}]},{"@type":"WebPage","@id":"https:\/\/ppdegalicia.com\/es\/o-grupo-popular-salienta-a-aposta-da-xunta-pola-i-d-i-coordinada-entre-os-seus-departamentos-con-cifras-record-de-investimento-e-emprego-e-cunha-crecente-participacion-empresarial\/","url":"https:\/\/ppdegalicia.com\/es\/o-grupo-popular-salienta-a-aposta-da-xunta-pola-i-d-i-coordinada-entre-os-seus-departamentos-con-cifras-record-de-investimento-e-emprego-e-cunha-crecente-participacion-empresarial\/","name":"O Grupo Popular salienta a aposta da Xunta pola I+D+i, coordinada entre os seus departamentos, con cifras r\u00e9cord de investimento e emprego; e cunha crecente participaci\u00f3n empresarial - PP de Galicia","isPartOf":{"@id":"https:\/\/ppdegalicia.com\/es\/#website"},"primaryImageOfPage":{"@id":"https:\/\/ppdegalicia.com\/es\/o-grupo-popular-salienta-a-aposta-da-xunta-pola-i-d-i-coordinada-entre-os-seus-departamentos-con-cifras-record-de-investimento-e-emprego-e-cunha-crecente-participacion-empresarial\/#primaryimage"},"image":{"@id":"https:\/\/ppdegalicia.com\/es\/o-grupo-popular-salienta-a-aposta-da-xunta-pola-i-d-i-coordinada-entre-os-seus-departamentos-con-cifras-record-de-investimento-e-emprego-e-cunha-crecente-participacion-empresarial\/#primaryimage"},"thumbnailUrl":"https:\/\/ppdegalicia.com\/wp-content\/uploads\/2023\/04\/4963dc3efdc429d22dc01efe09f9de84.jpg","datePublished":"2023-04-25T09:59:11+00:00","breadcrumb":{"@id":"https:\/\/ppdegalicia.com\/es\/o-grupo-popular-salienta-a-aposta-da-xunta-pola-i-d-i-coordinada-entre-os-seus-departamentos-con-cifras-record-de-investimento-e-emprego-e-cunha-crecente-participacion-empresarial\/#breadcrumb"},"inLanguage":"es","potentialAction":[{"@type":"ReadAction","target":["https:\/\/ppdegalicia.com\/es\/o-grupo-popular-salienta-a-aposta-da-xunta-pola-i-d-i-coordinada-entre-os-seus-departamentos-con-cifras-record-de-investimento-e-emprego-e-cunha-crecente-participacion-empresarial\/"]}]},{"@type":"ImageObject","inLanguage":"es","@id":"https:\/\/ppdegalicia.com\/es\/o-grupo-popular-salienta-a-aposta-da-xunta-pola-i-d-i-coordinada-entre-os-seus-departamentos-con-cifras-record-de-investimento-e-emprego-e-cunha-crecente-participacion-empresarial\/#primaryimage","url":"https:\/\/ppdegalicia.com\/wp-content\/uploads\/2023\/04\/4963dc3efdc429d22dc01efe09f9de84.jpg","contentUrl":"https:\/\/ppdegalicia.com\/wp-content\/uploads\/2023\/04\/4963dc3efdc429d22dc01efe09f9de84.jpg","width":1900,"height":1267},{"@type":"BreadcrumbList","@id":"https:\/\/ppdegalicia.com\/es\/o-grupo-popular-salienta-a-aposta-da-xunta-pola-i-d-i-coordinada-entre-os-seus-departamentos-con-cifras-record-de-investimento-e-emprego-e-cunha-crecente-participacion-empresarial\/#breadcrumb","itemListElement":[{"@type":"ListItem","position":1,"name":"Portada","item":"https:\/\/ppdegalicia.com\/es\/"},{"@type":"ListItem","position":2,"name":"O Grupo Popular salienta a aposta da Xunta pola I+D+i, coordinada entre os seus departamentos, con cifras r\u00e9cord de investimento e emprego; e cunha crecente participaci\u00f3n empresarial"}]},{"@type":"WebSite","@id":"https:\/\/ppdegalicia.com\/es\/#website","url":"https:\/\/ppdegalicia.com\/es\/","name":"Partido Popular de Galicia","description":"Partido Popular de Galicia","publisher":{"@id":"https:\/\/ppdegalicia.com\/es\/#organization"},"alternateName":"PP de Galicia","potentialAction":[{"@type":"SearchAction","target":{"@type":"EntryPoint","urlTemplate":"https:\/\/ppdegalicia.com\/es\/?s={search_term_string}"},"query-input":{"@type":"PropertyValueSpecification","valueRequired":true,"valueName":"search_term_string"}}],"inLanguage":"es"},{"@type":"Organization","@id":"https:\/\/ppdegalicia.com\/es\/#organization","name":"Partido Popular de Galicia","alternateName":"PP de Galicia","url":"https:\/\/ppdegalicia.com\/es\/","logo":{"@type":"ImageObject","inLanguage":"es","@id":"https:\/\/ppdegalicia.com\/es\/#\/schema\/logo\/image\/","url":"https:\/\/ppdegalicia.com\/wp-content\/uploads\/2023\/04\/logoPP512.png","contentUrl":"https:\/\/ppdegalicia.com\/wp-content\/uploads\/2023\/04\/logoPP512.png","width":512,"height":512,"caption":"Partido Popular de Galicia"},"image":{"@id":"https:\/\/ppdegalicia.com\/es\/#\/schema\/logo\/image\/"},"sameAs":["https:\/\/www.instagram.com\/ppdegalicia\/","https:\/\/x.com\/ppdegalicia","https:\/\/www.tiktok.com\/@ppdegalicia","https:\/\/www.youtube.com\/user\/ppdegalicia"]},{"@type":"Person","@id":"https:\/\/ppdegalicia.com\/es\/#\/schema\/person\/5b822c6f59e872ebdd1142f307dbcb59","name":"ppdegaliciaredes","image":{"@type":"ImageObject","inLanguage":"es","@id":"https:\/\/secure.gravatar.com\/avatar\/3c9179cf0256d00c72a48d1f25783c58b6842cd56e85ef3a572881c8e28ccd59?s=96&d=mm&r=g","url":"https:\/\/secure.gravatar.com\/avatar\/3c9179cf0256d00c72a48d1f25783c58b6842cd56e85ef3a572881c8e28ccd59?s=96&d=mm&r=g","contentUrl":"https:\/\/secure.gravatar.com\/avatar\/3c9179cf0256d00c72a48d1f25783c58b6842cd56e85ef3a572881c8e28ccd59?s=96&d=mm&r=g","caption":"ppdegaliciaredes"},"url":"https:\/\/ppdegalicia.com\/es\/author\/ppdegaliciaredes\/"}]}},"_links":{"self":[{"href":"https:\/\/ppdegalicia.com\/es\/wp-json\/wp\/v2\/posts\/58141","targetHints":{"allow":["GET"]}}],"collection":[{"href":"https:\/\/ppdegalicia.com\/es\/wp-json\/wp\/v2\/posts"}],"about":[{"href":"https:\/\/ppdegalicia.com\/es\/wp-json\/wp\/v2\/types\/post"}],"author":[{"embeddable":true,"href":"https:\/\/ppdegalicia.com\/es\/wp-json\/wp\/v2\/users\/38"}],"replies":[{"embeddable":true,"href":"https:\/\/ppdegalicia.com\/es\/wp-json\/wp\/v2\/comments?post=58141"}],"version-history":[{"count":0,"href":"https:\/\/ppdegalicia.com\/es\/wp-json\/wp\/v2\/posts\/58141\/revisions"}],"wp:featuredmedia":[{"embeddable":true,"href":"https:\/\/ppdegalicia.com\/es\/wp-json\/wp\/v2\/media\/58140"}],"wp:attachment":[{"href":"https:\/\/ppdegalicia.com\/es\/wp-json\/wp\/v2\/media?parent=58141"}],"wp:term":[{"taxonomy":"category","embeddable":true,"href":"https:\/\/ppdegalicia.com\/es\/wp-json\/wp\/v2\/categories?post=58141"},{"taxonomy":"post_tag","embeddable":true,"href":"https:\/\/ppdegalicia.com\/es\/wp-json\/wp\/v2\/tags?post=58141"}],"curies":[{"name":"wp","href":"https:\/\/api.w.org\/{rel}","templated":true}]}}