{"id":58149,"date":"2023-04-26T12:59:01","date_gmt":"2023-04-26T10:59:01","guid":{"rendered":"https:\/\/ppdegalicia.com\/o-grupo-popular-considera-a-xestacion-subrogada-unha-realidade-moi-delicada-e-sensible-que-require-un-debate-en-profundidade-serio-e-sereno\/"},"modified":"2023-04-26T12:59:01","modified_gmt":"2023-04-26T10:59:01","slug":"o-grupo-popular-considera-a-xestacion-subrogada-unha-realidade-moi-delicada-e-sensible-que-require-un-debate-en-profundidade-serio-e-sereno","status":"publish","type":"post","link":"https:\/\/ppdegalicia.com\/es\/o-grupo-popular-considera-a-xestacion-subrogada-unha-realidade-moi-delicada-e-sensible-que-require-un-debate-en-profundidade-serio-e-sereno\/","title":{"rendered":"O Grupo Popular considera a xestaci\u00f3n subrogada unha realidade moi delicada e sensible que require un debate en profundidade, serio e sereno"},"content":{"rendered":"<p><img fetchpriority=\"high\" decoding=\"async\" class=\" size-full wp-image-58148\" src=\"https:\/\/ppdegalicia.com\/wp-content\/uploads\/2023\/04\/f87c9580c1bcbc6d8f35c504ee58bc7a.jpg\" alt=\"\" width=\"1900\" height=\"1267\" srcset=\"https:\/\/ppdegalicia.com\/wp-content\/uploads\/2023\/04\/f87c9580c1bcbc6d8f35c504ee58bc7a.jpg 1900w, https:\/\/ppdegalicia.com\/wp-content\/uploads\/2023\/04\/f87c9580c1bcbc6d8f35c504ee58bc7a-300x200.jpg 300w, https:\/\/ppdegalicia.com\/wp-content\/uploads\/2023\/04\/f87c9580c1bcbc6d8f35c504ee58bc7a-1024x683.jpg 1024w, https:\/\/ppdegalicia.com\/wp-content\/uploads\/2023\/04\/f87c9580c1bcbc6d8f35c504ee58bc7a-768x512.jpg 768w, https:\/\/ppdegalicia.com\/wp-content\/uploads\/2023\/04\/f87c9580c1bcbc6d8f35c504ee58bc7a-1536x1024.jpg 1536w\" sizes=\"(max-width: 1900px) 100vw, 1900px\" \/><\/p>\n<p>26 de abril de 2023. A viceportavoz do Grupo Popular, Paula Prado, manifestou hoxe no Pleno do Parlamento galego que a xestaci\u00f3n subrogada \u201c\u00e9 unha realidade moi delicada e extremadamente sensible polo que require un debate en profundidade, serio e sereno\u201d.<\/p>\n<p><!--more--><\/p>\n<p>\u201cA nosa sociedade ten evolucionado nos \u00faltimos anos e o Partido Popular quere atender e afrontar con rigor todas as necesidades que te\u00f1en hoxe as familias no noso pa\u00eds, sempre dentro do ordenamento xur\u00eddico vixente\u201d, apuntou.<\/p>\n<p>\u00a0<\/p>\n<p>Paula Prado avogou por un debate sobre a xestaci\u00f3n subrogada que, \u201ctras escoitar aos expertos, tanto desde o \u00e1mbito cient\u00edfico, como xur\u00eddico e \u00e9tico, nos permita dialogar, debater e constru\u00edr xuntos un posicionamento que dea unha resposta clara e de amplo consenso ante un tema tan importante que afecta \u00e1 vida, \u00e1 dignidade humana e a conciencia de todos\u201d.<\/p>\n<p>\u00a0<\/p>\n<p><strong>SEN INTENCI\u00d3N DE MODIFICAR A LEI<\/strong><\/p>\n<p>\u00a0<\/p>\n<p>\u201cNeste momento, ningu\u00e9n ten iniciado nin anunciado un proceso de modificaci\u00f3n lexislativa do sistema vixente sobre a xestaci\u00f3n subrogada no noso ordenamento xur\u00eddico\u201d, sinalou a viceportavoz popular, polo que lamentou que \u201ceste debate xurde, en quente, pola influencia de novas aparecidas na prensa do coraz\u00f3n\u201d.<\/p>\n<p>\u00a0<\/p>\n<p>As\u00ed, lamentou que \u201cunha portada dunha revista do coraz\u00f3n serve como escusa perfecta para que a esquerda feminista, achicharrada polos efectos indesexados da Lei do s\u00f3 si \u00e9 si, busque un tema que lles permita intentar tapar a aprobaci\u00f3n da lei que m\u00e1is ten prexudicado a defensa dos dereitos das mulleres en democracia\u201d. \u201cUnha esquerda que ten feito un trapo a bandeira feminista e pretende resta\u00f1ala alimentando este debate\u201d, incidiu.<\/p>\n<p>\u00a0<\/p>\n<p>A viceportavoz popular apuntou que \u201co argumento fundamental \u00e9 a mercantilizaci\u00f3n do corpo da muller xestante, que pasa a ser explotada e a sufrir violencia de x\u00e9nero, e todo iso aderezado cos imprescindibles condimentos do patriarcado e o capitalismo\u201d. Por\u00e9n, criticou que \u201clles preocupa moito estas situaci\u00f3ns, pero nada a trata de mulleres con fins de explotaci\u00f3n sexual, sobre o que levamos cinco anos esperando por unha Lei de trata que xa figuraba no Pacto de Estado contra a violencia de x\u00e9nero aprobado en 2017\u201d. <\/p>\n","protected":false},"excerpt":{"rendered":"<p>26 de abril de 2023. A viceportavoz do Grupo Popular, Paula Prado, manifestou hoxe no Pleno do Parlamento galego que a xestaci\u00f3n subrogada \u201c\u00e9 unha realidade moi delicada e extremadamente sensible polo que require un debate en profundidade, serio e sereno\u201d.<\/p>\n","protected":false},"author":38,"featured_media":58148,"comment_status":"open","ping_status":"open","sticky":false,"template":"","format":"standard","meta":{"_acf_changed":false,"footnotes":""},"categories":[1],"tags":[],"class_list":["post-58149","post","type-post","status-publish","format-standard","has-post-thumbnail","hentry","category-pp-de-galicia"],"acf":[],"yoast_head":"<!-- This site is optimized with the Yoast SEO plugin v27.3 - https:\/\/yoast.com\/product\/yoast-seo-wordpress\/ -->\n<title>O Grupo Popular considera a xestaci\u00f3n subrogada unha realidade moi delicada e sensible que require un debate en profundidade, serio e sereno - PP de Galicia<\/title>\n<meta name=\"robots\" content=\"index, follow, max-snippet:-1, max-image-preview:large, max-video-preview:-1\" \/>\n<link rel=\"canonical\" href=\"https:\/\/ppdegalicia.com\/es\/o-grupo-popular-considera-a-xestacion-subrogada-unha-realidade-moi-delicada-e-sensible-que-require-un-debate-en-profundidade-serio-e-sereno\/\" \/>\n<meta property=\"og:locale\" content=\"es_ES\" \/>\n<meta property=\"og:type\" content=\"article\" \/>\n<meta property=\"og:title\" content=\"O Grupo Popular considera a xestaci\u00f3n subrogada unha realidade moi delicada e sensible que require un debate en profundidade, serio e sereno - PP de Galicia\" \/>\n<meta property=\"og:description\" content=\"26 de abril de 2023. A viceportavoz do Grupo Popular, Paula Prado, manifestou hoxe no Pleno do Parlamento galego que a xestaci\u00f3n subrogada \u201c\u00e9 unha realidade moi delicada e extremadamente sensible polo que require un debate en profundidade, serio e sereno\u201d.\" \/>\n<meta property=\"og:url\" content=\"https:\/\/ppdegalicia.com\/es\/o-grupo-popular-considera-a-xestacion-subrogada-unha-realidade-moi-delicada-e-sensible-que-require-un-debate-en-profundidade-serio-e-sereno\/\" \/>\n<meta property=\"og:site_name\" content=\"PP de Galicia\" \/>\n<meta property=\"article:publisher\" content=\"https:\/\/www.instagram.com\/ppdegalicia\/\" \/>\n<meta property=\"article:published_time\" content=\"2023-04-26T10:59:01+00:00\" \/>\n<meta property=\"og:image\" content=\"https:\/\/ppdegalicia.com\/wp-content\/uploads\/2023\/04\/f87c9580c1bcbc6d8f35c504ee58bc7a.jpg\" \/>\n\t<meta property=\"og:image:width\" content=\"1900\" \/>\n\t<meta property=\"og:image:height\" content=\"1267\" \/>\n\t<meta property=\"og:image:type\" content=\"image\/jpeg\" \/>\n<meta name=\"author\" content=\"ppdegaliciaredes\" \/>\n<meta name=\"twitter:card\" content=\"summary_large_image\" \/>\n<meta name=\"twitter:creator\" content=\"@ppdegalicia\" \/>\n<meta name=\"twitter:site\" content=\"@ppdegalicia\" \/>\n<meta name=\"twitter:label1\" content=\"Escrito por\" \/>\n\t<meta name=\"twitter:data1\" content=\"ppdegaliciaredes\" \/>\n\t<meta name=\"twitter:label2\" content=\"Tiempo de lectura\" \/>\n\t<meta name=\"twitter:data2\" content=\"2 minutos\" \/>\n<script type=\"application\/ld+json\" class=\"yoast-schema-graph\">{\"@context\":\"https:\\\/\\\/schema.org\",\"@graph\":[{\"@type\":\"Article\",\"@id\":\"https:\\\/\\\/ppdegalicia.com\\\/es\\\/o-grupo-popular-considera-a-xestacion-subrogada-unha-realidade-moi-delicada-e-sensible-que-require-un-debate-en-profundidade-serio-e-sereno\\\/#article\",\"isPartOf\":{\"@id\":\"https:\\\/\\\/ppdegalicia.com\\\/es\\\/o-grupo-popular-considera-a-xestacion-subrogada-unha-realidade-moi-delicada-e-sensible-que-require-un-debate-en-profundidade-serio-e-sereno\\\/\"},\"author\":{\"name\":\"ppdegaliciaredes\",\"@id\":\"https:\\\/\\\/ppdegalicia.com\\\/es\\\/#\\\/schema\\\/person\\\/5b822c6f59e872ebdd1142f307dbcb59\"},\"headline\":\"O Grupo Popular considera a xestaci\u00f3n subrogada unha realidade moi delicada e sensible que require un debate en profundidade, serio e sereno\",\"datePublished\":\"2023-04-26T10:59:01+00:00\",\"mainEntityOfPage\":{\"@id\":\"https:\\\/\\\/ppdegalicia.com\\\/es\\\/o-grupo-popular-considera-a-xestacion-subrogada-unha-realidade-moi-delicada-e-sensible-que-require-un-debate-en-profundidade-serio-e-sereno\\\/\"},\"wordCount\":381,\"commentCount\":0,\"publisher\":{\"@id\":\"https:\\\/\\\/ppdegalicia.com\\\/es\\\/#organization\"},\"image\":{\"@id\":\"https:\\\/\\\/ppdegalicia.com\\\/es\\\/o-grupo-popular-considera-a-xestacion-subrogada-unha-realidade-moi-delicada-e-sensible-que-require-un-debate-en-profundidade-serio-e-sereno\\\/#primaryimage\"},\"thumbnailUrl\":\"https:\\\/\\\/ppdegalicia.com\\\/wp-content\\\/uploads\\\/2023\\\/04\\\/f87c9580c1bcbc6d8f35c504ee58bc7a.jpg\",\"articleSection\":[\"PP de Galicia\"],\"inLanguage\":\"es\",\"potentialAction\":[{\"@type\":\"CommentAction\",\"name\":\"Comment\",\"target\":[\"https:\\\/\\\/ppdegalicia.com\\\/es\\\/o-grupo-popular-considera-a-xestacion-subrogada-unha-realidade-moi-delicada-e-sensible-que-require-un-debate-en-profundidade-serio-e-sereno\\\/#respond\"]}]},{\"@type\":\"WebPage\",\"@id\":\"https:\\\/\\\/ppdegalicia.com\\\/es\\\/o-grupo-popular-considera-a-xestacion-subrogada-unha-realidade-moi-delicada-e-sensible-que-require-un-debate-en-profundidade-serio-e-sereno\\\/\",\"url\":\"https:\\\/\\\/ppdegalicia.com\\\/es\\\/o-grupo-popular-considera-a-xestacion-subrogada-unha-realidade-moi-delicada-e-sensible-que-require-un-debate-en-profundidade-serio-e-sereno\\\/\",\"name\":\"O Grupo Popular considera a xestaci\u00f3n subrogada unha realidade moi delicada e sensible que require un debate en profundidade, serio e sereno - PP de Galicia\",\"isPartOf\":{\"@id\":\"https:\\\/\\\/ppdegalicia.com\\\/es\\\/#website\"},\"primaryImageOfPage\":{\"@id\":\"https:\\\/\\\/ppdegalicia.com\\\/es\\\/o-grupo-popular-considera-a-xestacion-subrogada-unha-realidade-moi-delicada-e-sensible-que-require-un-debate-en-profundidade-serio-e-sereno\\\/#primaryimage\"},\"image\":{\"@id\":\"https:\\\/\\\/ppdegalicia.com\\\/es\\\/o-grupo-popular-considera-a-xestacion-subrogada-unha-realidade-moi-delicada-e-sensible-que-require-un-debate-en-profundidade-serio-e-sereno\\\/#primaryimage\"},\"thumbnailUrl\":\"https:\\\/\\\/ppdegalicia.com\\\/wp-content\\\/uploads\\\/2023\\\/04\\\/f87c9580c1bcbc6d8f35c504ee58bc7a.jpg\",\"datePublished\":\"2023-04-26T10:59:01+00:00\",\"breadcrumb\":{\"@id\":\"https:\\\/\\\/ppdegalicia.com\\\/es\\\/o-grupo-popular-considera-a-xestacion-subrogada-unha-realidade-moi-delicada-e-sensible-que-require-un-debate-en-profundidade-serio-e-sereno\\\/#breadcrumb\"},\"inLanguage\":\"es\",\"potentialAction\":[{\"@type\":\"ReadAction\",\"target\":[\"https:\\\/\\\/ppdegalicia.com\\\/es\\\/o-grupo-popular-considera-a-xestacion-subrogada-unha-realidade-moi-delicada-e-sensible-que-require-un-debate-en-profundidade-serio-e-sereno\\\/\"]}]},{\"@type\":\"ImageObject\",\"inLanguage\":\"es\",\"@id\":\"https:\\\/\\\/ppdegalicia.com\\\/es\\\/o-grupo-popular-considera-a-xestacion-subrogada-unha-realidade-moi-delicada-e-sensible-que-require-un-debate-en-profundidade-serio-e-sereno\\\/#primaryimage\",\"url\":\"https:\\\/\\\/ppdegalicia.com\\\/wp-content\\\/uploads\\\/2023\\\/04\\\/f87c9580c1bcbc6d8f35c504ee58bc7a.jpg\",\"contentUrl\":\"https:\\\/\\\/ppdegalicia.com\\\/wp-content\\\/uploads\\\/2023\\\/04\\\/f87c9580c1bcbc6d8f35c504ee58bc7a.jpg\",\"width\":1900,\"height\":1267},{\"@type\":\"BreadcrumbList\",\"@id\":\"https:\\\/\\\/ppdegalicia.com\\\/es\\\/o-grupo-popular-considera-a-xestacion-subrogada-unha-realidade-moi-delicada-e-sensible-que-require-un-debate-en-profundidade-serio-e-sereno\\\/#breadcrumb\",\"itemListElement\":[{\"@type\":\"ListItem\",\"position\":1,\"name\":\"Portada\",\"item\":\"https:\\\/\\\/ppdegalicia.com\\\/es\\\/\"},{\"@type\":\"ListItem\",\"position\":2,\"name\":\"O Grupo Popular considera a xestaci\u00f3n subrogada unha realidade moi delicada e sensible que require un debate en profundidade, serio e sereno\"}]},{\"@type\":\"WebSite\",\"@id\":\"https:\\\/\\\/ppdegalicia.com\\\/es\\\/#website\",\"url\":\"https:\\\/\\\/ppdegalicia.com\\\/es\\\/\",\"name\":\"Partido Popular de Galicia\",\"description\":\"Partido Popular de Galicia\",\"publisher\":{\"@id\":\"https:\\\/\\\/ppdegalicia.com\\\/es\\\/#organization\"},\"alternateName\":\"PP de Galicia\",\"potentialAction\":[{\"@type\":\"SearchAction\",\"target\":{\"@type\":\"EntryPoint\",\"urlTemplate\":\"https:\\\/\\\/ppdegalicia.com\\\/es\\\/?s={search_term_string}\"},\"query-input\":{\"@type\":\"PropertyValueSpecification\",\"valueRequired\":true,\"valueName\":\"search_term_string\"}}],\"inLanguage\":\"es\"},{\"@type\":\"Organization\",\"@id\":\"https:\\\/\\\/ppdegalicia.com\\\/es\\\/#organization\",\"name\":\"Partido Popular de Galicia\",\"alternateName\":\"PP de Galicia\",\"url\":\"https:\\\/\\\/ppdegalicia.com\\\/es\\\/\",\"logo\":{\"@type\":\"ImageObject\",\"inLanguage\":\"es\",\"@id\":\"https:\\\/\\\/ppdegalicia.com\\\/es\\\/#\\\/schema\\\/logo\\\/image\\\/\",\"url\":\"https:\\\/\\\/ppdegalicia.com\\\/wp-content\\\/uploads\\\/2023\\\/04\\\/logoPP512.png\",\"contentUrl\":\"https:\\\/\\\/ppdegalicia.com\\\/wp-content\\\/uploads\\\/2023\\\/04\\\/logoPP512.png\",\"width\":512,\"height\":512,\"caption\":\"Partido Popular de Galicia\"},\"image\":{\"@id\":\"https:\\\/\\\/ppdegalicia.com\\\/es\\\/#\\\/schema\\\/logo\\\/image\\\/\"},\"sameAs\":[\"https:\\\/\\\/www.instagram.com\\\/ppdegalicia\\\/\",\"https:\\\/\\\/x.com\\\/ppdegalicia\",\"https:\\\/\\\/www.tiktok.com\\\/@ppdegalicia\",\"https:\\\/\\\/www.youtube.com\\\/user\\\/ppdegalicia\"]},{\"@type\":\"Person\",\"@id\":\"https:\\\/\\\/ppdegalicia.com\\\/es\\\/#\\\/schema\\\/person\\\/5b822c6f59e872ebdd1142f307dbcb59\",\"name\":\"ppdegaliciaredes\",\"image\":{\"@type\":\"ImageObject\",\"inLanguage\":\"es\",\"@id\":\"https:\\\/\\\/secure.gravatar.com\\\/avatar\\\/3c9179cf0256d00c72a48d1f25783c58b6842cd56e85ef3a572881c8e28ccd59?s=96&d=mm&r=g\",\"url\":\"https:\\\/\\\/secure.gravatar.com\\\/avatar\\\/3c9179cf0256d00c72a48d1f25783c58b6842cd56e85ef3a572881c8e28ccd59?s=96&d=mm&r=g\",\"contentUrl\":\"https:\\\/\\\/secure.gravatar.com\\\/avatar\\\/3c9179cf0256d00c72a48d1f25783c58b6842cd56e85ef3a572881c8e28ccd59?s=96&d=mm&r=g\",\"caption\":\"ppdegaliciaredes\"},\"url\":\"https:\\\/\\\/ppdegalicia.com\\\/es\\\/author\\\/ppdegaliciaredes\\\/\"}]}<\/script>\n<!-- \/ Yoast SEO plugin. -->","yoast_head_json":{"title":"O Grupo Popular considera a xestaci\u00f3n subrogada unha realidade moi delicada e sensible que require un debate en profundidade, serio e sereno - PP de Galicia","robots":{"index":"index","follow":"follow","max-snippet":"max-snippet:-1","max-image-preview":"max-image-preview:large","max-video-preview":"max-video-preview:-1"},"canonical":"https:\/\/ppdegalicia.com\/es\/o-grupo-popular-considera-a-xestacion-subrogada-unha-realidade-moi-delicada-e-sensible-que-require-un-debate-en-profundidade-serio-e-sereno\/","og_locale":"es_ES","og_type":"article","og_title":"O Grupo Popular considera a xestaci\u00f3n subrogada unha realidade moi delicada e sensible que require un debate en profundidade, serio e sereno - PP de Galicia","og_description":"26 de abril de 2023. A viceportavoz do Grupo Popular, Paula Prado, manifestou hoxe no Pleno do Parlamento galego que a xestaci\u00f3n subrogada \u201c\u00e9 unha realidade moi delicada e extremadamente sensible polo que require un debate en profundidade, serio e sereno\u201d.","og_url":"https:\/\/ppdegalicia.com\/es\/o-grupo-popular-considera-a-xestacion-subrogada-unha-realidade-moi-delicada-e-sensible-que-require-un-debate-en-profundidade-serio-e-sereno\/","og_site_name":"PP de Galicia","article_publisher":"https:\/\/www.instagram.com\/ppdegalicia\/","article_published_time":"2023-04-26T10:59:01+00:00","og_image":[{"width":1900,"height":1267,"url":"https:\/\/ppdegalicia.com\/wp-content\/uploads\/2023\/04\/f87c9580c1bcbc6d8f35c504ee58bc7a.jpg","type":"image\/jpeg"}],"author":"ppdegaliciaredes","twitter_card":"summary_large_image","twitter_creator":"@ppdegalicia","twitter_site":"@ppdegalicia","twitter_misc":{"Escrito por":"ppdegaliciaredes","Tiempo de lectura":"2 minutos"},"schema":{"@context":"https:\/\/schema.org","@graph":[{"@type":"Article","@id":"https:\/\/ppdegalicia.com\/es\/o-grupo-popular-considera-a-xestacion-subrogada-unha-realidade-moi-delicada-e-sensible-que-require-un-debate-en-profundidade-serio-e-sereno\/#article","isPartOf":{"@id":"https:\/\/ppdegalicia.com\/es\/o-grupo-popular-considera-a-xestacion-subrogada-unha-realidade-moi-delicada-e-sensible-que-require-un-debate-en-profundidade-serio-e-sereno\/"},"author":{"name":"ppdegaliciaredes","@id":"https:\/\/ppdegalicia.com\/es\/#\/schema\/person\/5b822c6f59e872ebdd1142f307dbcb59"},"headline":"O Grupo Popular considera a xestaci\u00f3n subrogada unha realidade moi delicada e sensible que require un debate en profundidade, serio e sereno","datePublished":"2023-04-26T10:59:01+00:00","mainEntityOfPage":{"@id":"https:\/\/ppdegalicia.com\/es\/o-grupo-popular-considera-a-xestacion-subrogada-unha-realidade-moi-delicada-e-sensible-que-require-un-debate-en-profundidade-serio-e-sereno\/"},"wordCount":381,"commentCount":0,"publisher":{"@id":"https:\/\/ppdegalicia.com\/es\/#organization"},"image":{"@id":"https:\/\/ppdegalicia.com\/es\/o-grupo-popular-considera-a-xestacion-subrogada-unha-realidade-moi-delicada-e-sensible-que-require-un-debate-en-profundidade-serio-e-sereno\/#primaryimage"},"thumbnailUrl":"https:\/\/ppdegalicia.com\/wp-content\/uploads\/2023\/04\/f87c9580c1bcbc6d8f35c504ee58bc7a.jpg","articleSection":["PP de Galicia"],"inLanguage":"es","potentialAction":[{"@type":"CommentAction","name":"Comment","target":["https:\/\/ppdegalicia.com\/es\/o-grupo-popular-considera-a-xestacion-subrogada-unha-realidade-moi-delicada-e-sensible-que-require-un-debate-en-profundidade-serio-e-sereno\/#respond"]}]},{"@type":"WebPage","@id":"https:\/\/ppdegalicia.com\/es\/o-grupo-popular-considera-a-xestacion-subrogada-unha-realidade-moi-delicada-e-sensible-que-require-un-debate-en-profundidade-serio-e-sereno\/","url":"https:\/\/ppdegalicia.com\/es\/o-grupo-popular-considera-a-xestacion-subrogada-unha-realidade-moi-delicada-e-sensible-que-require-un-debate-en-profundidade-serio-e-sereno\/","name":"O Grupo Popular considera a xestaci\u00f3n subrogada unha realidade moi delicada e sensible que require un debate en profundidade, serio e sereno - PP de Galicia","isPartOf":{"@id":"https:\/\/ppdegalicia.com\/es\/#website"},"primaryImageOfPage":{"@id":"https:\/\/ppdegalicia.com\/es\/o-grupo-popular-considera-a-xestacion-subrogada-unha-realidade-moi-delicada-e-sensible-que-require-un-debate-en-profundidade-serio-e-sereno\/#primaryimage"},"image":{"@id":"https:\/\/ppdegalicia.com\/es\/o-grupo-popular-considera-a-xestacion-subrogada-unha-realidade-moi-delicada-e-sensible-que-require-un-debate-en-profundidade-serio-e-sereno\/#primaryimage"},"thumbnailUrl":"https:\/\/ppdegalicia.com\/wp-content\/uploads\/2023\/04\/f87c9580c1bcbc6d8f35c504ee58bc7a.jpg","datePublished":"2023-04-26T10:59:01+00:00","breadcrumb":{"@id":"https:\/\/ppdegalicia.com\/es\/o-grupo-popular-considera-a-xestacion-subrogada-unha-realidade-moi-delicada-e-sensible-que-require-un-debate-en-profundidade-serio-e-sereno\/#breadcrumb"},"inLanguage":"es","potentialAction":[{"@type":"ReadAction","target":["https:\/\/ppdegalicia.com\/es\/o-grupo-popular-considera-a-xestacion-subrogada-unha-realidade-moi-delicada-e-sensible-que-require-un-debate-en-profundidade-serio-e-sereno\/"]}]},{"@type":"ImageObject","inLanguage":"es","@id":"https:\/\/ppdegalicia.com\/es\/o-grupo-popular-considera-a-xestacion-subrogada-unha-realidade-moi-delicada-e-sensible-que-require-un-debate-en-profundidade-serio-e-sereno\/#primaryimage","url":"https:\/\/ppdegalicia.com\/wp-content\/uploads\/2023\/04\/f87c9580c1bcbc6d8f35c504ee58bc7a.jpg","contentUrl":"https:\/\/ppdegalicia.com\/wp-content\/uploads\/2023\/04\/f87c9580c1bcbc6d8f35c504ee58bc7a.jpg","width":1900,"height":1267},{"@type":"BreadcrumbList","@id":"https:\/\/ppdegalicia.com\/es\/o-grupo-popular-considera-a-xestacion-subrogada-unha-realidade-moi-delicada-e-sensible-que-require-un-debate-en-profundidade-serio-e-sereno\/#breadcrumb","itemListElement":[{"@type":"ListItem","position":1,"name":"Portada","item":"https:\/\/ppdegalicia.com\/es\/"},{"@type":"ListItem","position":2,"name":"O Grupo Popular considera a xestaci\u00f3n subrogada unha realidade moi delicada e sensible que require un debate en profundidade, serio e sereno"}]},{"@type":"WebSite","@id":"https:\/\/ppdegalicia.com\/es\/#website","url":"https:\/\/ppdegalicia.com\/es\/","name":"Partido Popular de Galicia","description":"Partido Popular de Galicia","publisher":{"@id":"https:\/\/ppdegalicia.com\/es\/#organization"},"alternateName":"PP de Galicia","potentialAction":[{"@type":"SearchAction","target":{"@type":"EntryPoint","urlTemplate":"https:\/\/ppdegalicia.com\/es\/?s={search_term_string}"},"query-input":{"@type":"PropertyValueSpecification","valueRequired":true,"valueName":"search_term_string"}}],"inLanguage":"es"},{"@type":"Organization","@id":"https:\/\/ppdegalicia.com\/es\/#organization","name":"Partido Popular de Galicia","alternateName":"PP de Galicia","url":"https:\/\/ppdegalicia.com\/es\/","logo":{"@type":"ImageObject","inLanguage":"es","@id":"https:\/\/ppdegalicia.com\/es\/#\/schema\/logo\/image\/","url":"https:\/\/ppdegalicia.com\/wp-content\/uploads\/2023\/04\/logoPP512.png","contentUrl":"https:\/\/ppdegalicia.com\/wp-content\/uploads\/2023\/04\/logoPP512.png","width":512,"height":512,"caption":"Partido Popular de Galicia"},"image":{"@id":"https:\/\/ppdegalicia.com\/es\/#\/schema\/logo\/image\/"},"sameAs":["https:\/\/www.instagram.com\/ppdegalicia\/","https:\/\/x.com\/ppdegalicia","https:\/\/www.tiktok.com\/@ppdegalicia","https:\/\/www.youtube.com\/user\/ppdegalicia"]},{"@type":"Person","@id":"https:\/\/ppdegalicia.com\/es\/#\/schema\/person\/5b822c6f59e872ebdd1142f307dbcb59","name":"ppdegaliciaredes","image":{"@type":"ImageObject","inLanguage":"es","@id":"https:\/\/secure.gravatar.com\/avatar\/3c9179cf0256d00c72a48d1f25783c58b6842cd56e85ef3a572881c8e28ccd59?s=96&d=mm&r=g","url":"https:\/\/secure.gravatar.com\/avatar\/3c9179cf0256d00c72a48d1f25783c58b6842cd56e85ef3a572881c8e28ccd59?s=96&d=mm&r=g","contentUrl":"https:\/\/secure.gravatar.com\/avatar\/3c9179cf0256d00c72a48d1f25783c58b6842cd56e85ef3a572881c8e28ccd59?s=96&d=mm&r=g","caption":"ppdegaliciaredes"},"url":"https:\/\/ppdegalicia.com\/es\/author\/ppdegaliciaredes\/"}]}},"_links":{"self":[{"href":"https:\/\/ppdegalicia.com\/es\/wp-json\/wp\/v2\/posts\/58149","targetHints":{"allow":["GET"]}}],"collection":[{"href":"https:\/\/ppdegalicia.com\/es\/wp-json\/wp\/v2\/posts"}],"about":[{"href":"https:\/\/ppdegalicia.com\/es\/wp-json\/wp\/v2\/types\/post"}],"author":[{"embeddable":true,"href":"https:\/\/ppdegalicia.com\/es\/wp-json\/wp\/v2\/users\/38"}],"replies":[{"embeddable":true,"href":"https:\/\/ppdegalicia.com\/es\/wp-json\/wp\/v2\/comments?post=58149"}],"version-history":[{"count":0,"href":"https:\/\/ppdegalicia.com\/es\/wp-json\/wp\/v2\/posts\/58149\/revisions"}],"wp:featuredmedia":[{"embeddable":true,"href":"https:\/\/ppdegalicia.com\/es\/wp-json\/wp\/v2\/media\/58148"}],"wp:attachment":[{"href":"https:\/\/ppdegalicia.com\/es\/wp-json\/wp\/v2\/media?parent=58149"}],"wp:term":[{"taxonomy":"category","embeddable":true,"href":"https:\/\/ppdegalicia.com\/es\/wp-json\/wp\/v2\/categories?post=58149"},{"taxonomy":"post_tag","embeddable":true,"href":"https:\/\/ppdegalicia.com\/es\/wp-json\/wp\/v2\/tags?post=58149"}],"curies":[{"name":"wp","href":"https:\/\/api.w.org\/{rel}","templated":true}]}}