{"id":58153,"date":"2023-04-28T17:14:02","date_gmt":"2023-04-28T15:14:02","guid":{"rendered":"https:\/\/ppdegalicia.com\/paula-prado-votar-ao-psoe-e-votar-a-falta-de-compromiso-de-sanchez-con-galicia\/"},"modified":"2023-04-28T17:14:02","modified_gmt":"2023-04-28T15:14:02","slug":"paula-prado-votar-ao-psoe-e-votar-a-falta-de-compromiso-de-sanchez-con-galicia","status":"publish","type":"post","link":"https:\/\/ppdegalicia.com\/es\/paula-prado-votar-ao-psoe-e-votar-a-falta-de-compromiso-de-sanchez-con-galicia\/","title":{"rendered":"Paula Prado: \u201cVotar ao PSOE \u00e9 votar \u00e1 falta de compromiso de S\u00e1nchez con Galicia\u201d"},"content":{"rendered":"<p><img fetchpriority=\"high\" decoding=\"async\" class=\" size-full wp-image-58152\" src=\"https:\/\/ppdegalicia.com\/wp-content\/uploads\/2023\/04\/1525a222001d3016e39498a1912699ab-scaled.jpg\" alt=\"\" width=\"2560\" height=\"1707\" srcset=\"https:\/\/ppdegalicia.com\/wp-content\/uploads\/2023\/04\/1525a222001d3016e39498a1912699ab-scaled.jpg 2560w, https:\/\/ppdegalicia.com\/wp-content\/uploads\/2023\/04\/1525a222001d3016e39498a1912699ab-300x200.jpg 300w, https:\/\/ppdegalicia.com\/wp-content\/uploads\/2023\/04\/1525a222001d3016e39498a1912699ab-1024x683.jpg 1024w, https:\/\/ppdegalicia.com\/wp-content\/uploads\/2023\/04\/1525a222001d3016e39498a1912699ab-768x512.jpg 768w, https:\/\/ppdegalicia.com\/wp-content\/uploads\/2023\/04\/1525a222001d3016e39498a1912699ab-1536x1024.jpg 1536w, https:\/\/ppdegalicia.com\/wp-content\/uploads\/2023\/04\/1525a222001d3016e39498a1912699ab-2048x1366.jpg 2048w\" sizes=\"(max-width: 2560px) 100vw, 2560px\" \/><\/p>\n<p>28 de abril de 2023. A secretaria xeral do PPdeG, Paula Prado, reprochou hoxe a Pedro S\u00e1nchez que prefira \u201cos votos antes que facer algo bo par os galegos e as galegas\u201d e neste sentido asegurou que \u201cvotar ao PSOE \u00e9 votar \u00e1 falta de compromiso de S\u00e1nchez con Galicia\u201d.<\/p>\n<p><!--more--><\/p>\n<p>Amosouse convencida de que na visita prevista para hoxe do presidente do Goberno \u201cvir\u00e1 cargado de propagada, de cifras, de fume e de cr\u00edticas, pero de cero medidas reais\u201d para Galicia. Un Pedro S\u00e1nchez que, na s\u00faa opini\u00f3n, \u201cestar\u00e1 detr\u00e1s dos candidatos do PSOE galego porque \u00e9 o principado interesado nos seus votos\u201d.<\/p>\n<p>A estes \u00faltimos, aos que se referiu como \u201csoldados galegos do <em>sanchismo<\/em>\u201d, afeoulles a s\u00faa incapacidade de \u201carrincarlle un compromiso\u201d ao seu xefe de filas e que \u201csempre que te\u00f1en que elixir entre Galicia e S\u00e1nchez, elixen a S\u00e1nchez\u201d, ao igual que os delegados, os alcaldes e os ministros.<\/p>\n<p>Describindo os incumprimentos do Goberno central coa nosa Comunidade, a n\u00famero dous dos populares galegos asegurou: \u201cS\u00e1nchez prefire un voto antes que facer chegar os trens Avril e a Alta Velocidade a toda Galicia, antes que impulsar os proxectos estrat\u00e9xicos dos fondos europeos, antes que paliar a falta de m\u00e9dicos, antes que a transferir a Galicia a AP-9 ou a xesti\u00f3n do noso litoral, e antes que impulsar o Corredor Atl\u00e1ntico\u201d.<\/p>\n<p>Fronte a todo isto e s\u00f3 a un mes das elecci\u00f3ns municipais, engadiu Prado, o Partido Popular \u201cofrece un proxecto nos 313 concellos\u201d e afronta estes comicios con \u201c313 candidatos e candidatas, 313 equipos de traballo e 313 formas de dicir <em>si<\/em> a unha xesti\u00f3n feita desde o rigor, a solvencia e o sentidi\u00f1o\u201d.<\/p>\n<p>\u00a0<\/p>\n<p><strong>\u201cDEFENDEMOS A GALICIA CON PROPOSTAS E CON PROXECTOS\u201d<\/strong><\/p>\n<p>Sobre a reuni\u00f3n que mantivo hoxe cos 23 representantes do PPdeG nas Cortes Xerais do Estado, encabezada xunto co deputado auton\u00f3mico Mois\u00e9s Rodr\u00edguez \u2014enlace entre c\u00e1maras\u2014, Paula Prado puxo en valor que os 13 senadores e 10 deputados da formaci\u00f3n \u201crepresentan e defenden a Galicia e aos galegos por enriba de todo ante os ataques frontais do Goberno central\u201d.<\/p>\n<p>Uns ataques que a secretaria xeral do PPdeG se enmarcan nunha estratexia de \u201cfacer oposici\u00f3n a Feij\u00f3o a trav\u00e9s de Galicia\u201d e \u00e1 que os populares, tal e como reivindicou, fan fronte en todas as instituci\u00f3ns: \u201cNon nos queda outra que defender a Galicia con propostas fronte \u00e1s cr\u00edticas, con proxectos fronte a insultos\u201d.<\/p>\n","protected":false},"excerpt":{"rendered":"<p>28 de abril de 2023. A secretaria xeral do PPdeG, Paula Prado, reprochou hoxe a Pedro S\u00e1nchez que prefira \u201cos votos antes que facer algo bo par os galegos e as galegas\u201d e neste sentido asegurou que \u201cvotar ao PSOE \u00e9 votar \u00e1 falta de compromiso de S\u00e1nchez con Galicia\u201d.<\/p>\n","protected":false},"author":38,"featured_media":58152,"comment_status":"open","ping_status":"open","sticky":false,"template":"","format":"standard","meta":{"_acf_changed":false,"footnotes":""},"categories":[1],"tags":[],"class_list":["post-58153","post","type-post","status-publish","format-standard","has-post-thumbnail","hentry","category-pp-de-galicia"],"acf":[],"yoast_head":"<!-- This site is optimized with the Yoast SEO plugin v27.3 - https:\/\/yoast.com\/product\/yoast-seo-wordpress\/ -->\n<title>Paula Prado: \u201cVotar ao PSOE \u00e9 votar \u00e1 falta de compromiso de S\u00e1nchez con Galicia\u201d - PP de Galicia<\/title>\n<meta name=\"robots\" content=\"index, follow, max-snippet:-1, max-image-preview:large, max-video-preview:-1\" \/>\n<link rel=\"canonical\" href=\"https:\/\/ppdegalicia.com\/es\/paula-prado-votar-ao-psoe-e-votar-a-falta-de-compromiso-de-sanchez-con-galicia\/\" \/>\n<meta property=\"og:locale\" content=\"es_ES\" \/>\n<meta property=\"og:type\" content=\"article\" \/>\n<meta property=\"og:title\" content=\"Paula Prado: \u201cVotar ao PSOE \u00e9 votar \u00e1 falta de compromiso de S\u00e1nchez con Galicia\u201d - PP de Galicia\" \/>\n<meta property=\"og:description\" content=\"28 de abril de 2023. A secretaria xeral do PPdeG, Paula Prado, reprochou hoxe a Pedro S\u00e1nchez que prefira \u201cos votos antes que facer algo bo par os galegos e as galegas\u201d e neste sentido asegurou que \u201cvotar ao PSOE \u00e9 votar \u00e1 falta de compromiso de S\u00e1nchez con Galicia\u201d.\" \/>\n<meta property=\"og:url\" content=\"https:\/\/ppdegalicia.com\/es\/paula-prado-votar-ao-psoe-e-votar-a-falta-de-compromiso-de-sanchez-con-galicia\/\" \/>\n<meta property=\"og:site_name\" content=\"PP de Galicia\" \/>\n<meta property=\"article:publisher\" content=\"https:\/\/www.instagram.com\/ppdegalicia\/\" \/>\n<meta property=\"article:published_time\" content=\"2023-04-28T15:14:02+00:00\" \/>\n<meta property=\"og:image\" content=\"https:\/\/ppdegalicia.com\/wp-content\/uploads\/2023\/04\/1525a222001d3016e39498a1912699ab-scaled.jpg\" \/>\n\t<meta property=\"og:image:width\" content=\"2560\" \/>\n\t<meta property=\"og:image:height\" content=\"1707\" \/>\n\t<meta property=\"og:image:type\" content=\"image\/jpeg\" \/>\n<meta name=\"author\" content=\"ppdegaliciaredes\" \/>\n<meta name=\"twitter:card\" content=\"summary_large_image\" \/>\n<meta name=\"twitter:creator\" content=\"@ppdegalicia\" \/>\n<meta name=\"twitter:site\" content=\"@ppdegalicia\" \/>\n<meta name=\"twitter:label1\" content=\"Escrito por\" \/>\n\t<meta name=\"twitter:data1\" content=\"ppdegaliciaredes\" \/>\n\t<meta name=\"twitter:label2\" content=\"Tiempo de lectura\" \/>\n\t<meta name=\"twitter:data2\" content=\"2 minutos\" \/>\n<script type=\"application\/ld+json\" class=\"yoast-schema-graph\">{\"@context\":\"https:\\\/\\\/schema.org\",\"@graph\":[{\"@type\":\"Article\",\"@id\":\"https:\\\/\\\/ppdegalicia.com\\\/es\\\/paula-prado-votar-ao-psoe-e-votar-a-falta-de-compromiso-de-sanchez-con-galicia\\\/#article\",\"isPartOf\":{\"@id\":\"https:\\\/\\\/ppdegalicia.com\\\/es\\\/paula-prado-votar-ao-psoe-e-votar-a-falta-de-compromiso-de-sanchez-con-galicia\\\/\"},\"author\":{\"name\":\"ppdegaliciaredes\",\"@id\":\"https:\\\/\\\/ppdegalicia.com\\\/es\\\/#\\\/schema\\\/person\\\/5b822c6f59e872ebdd1142f307dbcb59\"},\"headline\":\"Paula Prado: \u201cVotar ao PSOE \u00e9 votar \u00e1 falta de compromiso de S\u00e1nchez con Galicia\u201d\",\"datePublished\":\"2023-04-28T15:14:02+00:00\",\"mainEntityOfPage\":{\"@id\":\"https:\\\/\\\/ppdegalicia.com\\\/es\\\/paula-prado-votar-ao-psoe-e-votar-a-falta-de-compromiso-de-sanchez-con-galicia\\\/\"},\"wordCount\":430,\"commentCount\":0,\"publisher\":{\"@id\":\"https:\\\/\\\/ppdegalicia.com\\\/es\\\/#organization\"},\"image\":{\"@id\":\"https:\\\/\\\/ppdegalicia.com\\\/es\\\/paula-prado-votar-ao-psoe-e-votar-a-falta-de-compromiso-de-sanchez-con-galicia\\\/#primaryimage\"},\"thumbnailUrl\":\"https:\\\/\\\/ppdegalicia.com\\\/wp-content\\\/uploads\\\/2023\\\/04\\\/1525a222001d3016e39498a1912699ab-scaled.jpg\",\"articleSection\":[\"PP de Galicia\"],\"inLanguage\":\"es\",\"potentialAction\":[{\"@type\":\"CommentAction\",\"name\":\"Comment\",\"target\":[\"https:\\\/\\\/ppdegalicia.com\\\/es\\\/paula-prado-votar-ao-psoe-e-votar-a-falta-de-compromiso-de-sanchez-con-galicia\\\/#respond\"]}]},{\"@type\":\"WebPage\",\"@id\":\"https:\\\/\\\/ppdegalicia.com\\\/es\\\/paula-prado-votar-ao-psoe-e-votar-a-falta-de-compromiso-de-sanchez-con-galicia\\\/\",\"url\":\"https:\\\/\\\/ppdegalicia.com\\\/es\\\/paula-prado-votar-ao-psoe-e-votar-a-falta-de-compromiso-de-sanchez-con-galicia\\\/\",\"name\":\"Paula Prado: \u201cVotar ao PSOE \u00e9 votar \u00e1 falta de compromiso de S\u00e1nchez con Galicia\u201d - PP de Galicia\",\"isPartOf\":{\"@id\":\"https:\\\/\\\/ppdegalicia.com\\\/es\\\/#website\"},\"primaryImageOfPage\":{\"@id\":\"https:\\\/\\\/ppdegalicia.com\\\/es\\\/paula-prado-votar-ao-psoe-e-votar-a-falta-de-compromiso-de-sanchez-con-galicia\\\/#primaryimage\"},\"image\":{\"@id\":\"https:\\\/\\\/ppdegalicia.com\\\/es\\\/paula-prado-votar-ao-psoe-e-votar-a-falta-de-compromiso-de-sanchez-con-galicia\\\/#primaryimage\"},\"thumbnailUrl\":\"https:\\\/\\\/ppdegalicia.com\\\/wp-content\\\/uploads\\\/2023\\\/04\\\/1525a222001d3016e39498a1912699ab-scaled.jpg\",\"datePublished\":\"2023-04-28T15:14:02+00:00\",\"breadcrumb\":{\"@id\":\"https:\\\/\\\/ppdegalicia.com\\\/es\\\/paula-prado-votar-ao-psoe-e-votar-a-falta-de-compromiso-de-sanchez-con-galicia\\\/#breadcrumb\"},\"inLanguage\":\"es\",\"potentialAction\":[{\"@type\":\"ReadAction\",\"target\":[\"https:\\\/\\\/ppdegalicia.com\\\/es\\\/paula-prado-votar-ao-psoe-e-votar-a-falta-de-compromiso-de-sanchez-con-galicia\\\/\"]}]},{\"@type\":\"ImageObject\",\"inLanguage\":\"es\",\"@id\":\"https:\\\/\\\/ppdegalicia.com\\\/es\\\/paula-prado-votar-ao-psoe-e-votar-a-falta-de-compromiso-de-sanchez-con-galicia\\\/#primaryimage\",\"url\":\"https:\\\/\\\/ppdegalicia.com\\\/wp-content\\\/uploads\\\/2023\\\/04\\\/1525a222001d3016e39498a1912699ab-scaled.jpg\",\"contentUrl\":\"https:\\\/\\\/ppdegalicia.com\\\/wp-content\\\/uploads\\\/2023\\\/04\\\/1525a222001d3016e39498a1912699ab-scaled.jpg\",\"width\":2560,\"height\":1707},{\"@type\":\"BreadcrumbList\",\"@id\":\"https:\\\/\\\/ppdegalicia.com\\\/es\\\/paula-prado-votar-ao-psoe-e-votar-a-falta-de-compromiso-de-sanchez-con-galicia\\\/#breadcrumb\",\"itemListElement\":[{\"@type\":\"ListItem\",\"position\":1,\"name\":\"Portada\",\"item\":\"https:\\\/\\\/ppdegalicia.com\\\/es\\\/\"},{\"@type\":\"ListItem\",\"position\":2,\"name\":\"Paula Prado: \u201cVotar ao PSOE \u00e9 votar \u00e1 falta de compromiso de S\u00e1nchez con Galicia\u201d\"}]},{\"@type\":\"WebSite\",\"@id\":\"https:\\\/\\\/ppdegalicia.com\\\/es\\\/#website\",\"url\":\"https:\\\/\\\/ppdegalicia.com\\\/es\\\/\",\"name\":\"Partido Popular de Galicia\",\"description\":\"Partido Popular de Galicia\",\"publisher\":{\"@id\":\"https:\\\/\\\/ppdegalicia.com\\\/es\\\/#organization\"},\"alternateName\":\"PP de Galicia\",\"potentialAction\":[{\"@type\":\"SearchAction\",\"target\":{\"@type\":\"EntryPoint\",\"urlTemplate\":\"https:\\\/\\\/ppdegalicia.com\\\/es\\\/?s={search_term_string}\"},\"query-input\":{\"@type\":\"PropertyValueSpecification\",\"valueRequired\":true,\"valueName\":\"search_term_string\"}}],\"inLanguage\":\"es\"},{\"@type\":\"Organization\",\"@id\":\"https:\\\/\\\/ppdegalicia.com\\\/es\\\/#organization\",\"name\":\"Partido Popular de Galicia\",\"alternateName\":\"PP de Galicia\",\"url\":\"https:\\\/\\\/ppdegalicia.com\\\/es\\\/\",\"logo\":{\"@type\":\"ImageObject\",\"inLanguage\":\"es\",\"@id\":\"https:\\\/\\\/ppdegalicia.com\\\/es\\\/#\\\/schema\\\/logo\\\/image\\\/\",\"url\":\"https:\\\/\\\/ppdegalicia.com\\\/wp-content\\\/uploads\\\/2023\\\/04\\\/logoPP512.png\",\"contentUrl\":\"https:\\\/\\\/ppdegalicia.com\\\/wp-content\\\/uploads\\\/2023\\\/04\\\/logoPP512.png\",\"width\":512,\"height\":512,\"caption\":\"Partido Popular de Galicia\"},\"image\":{\"@id\":\"https:\\\/\\\/ppdegalicia.com\\\/es\\\/#\\\/schema\\\/logo\\\/image\\\/\"},\"sameAs\":[\"https:\\\/\\\/www.instagram.com\\\/ppdegalicia\\\/\",\"https:\\\/\\\/x.com\\\/ppdegalicia\",\"https:\\\/\\\/www.tiktok.com\\\/@ppdegalicia\",\"https:\\\/\\\/www.youtube.com\\\/user\\\/ppdegalicia\"]},{\"@type\":\"Person\",\"@id\":\"https:\\\/\\\/ppdegalicia.com\\\/es\\\/#\\\/schema\\\/person\\\/5b822c6f59e872ebdd1142f307dbcb59\",\"name\":\"ppdegaliciaredes\",\"image\":{\"@type\":\"ImageObject\",\"inLanguage\":\"es\",\"@id\":\"https:\\\/\\\/secure.gravatar.com\\\/avatar\\\/3c9179cf0256d00c72a48d1f25783c58b6842cd56e85ef3a572881c8e28ccd59?s=96&d=mm&r=g\",\"url\":\"https:\\\/\\\/secure.gravatar.com\\\/avatar\\\/3c9179cf0256d00c72a48d1f25783c58b6842cd56e85ef3a572881c8e28ccd59?s=96&d=mm&r=g\",\"contentUrl\":\"https:\\\/\\\/secure.gravatar.com\\\/avatar\\\/3c9179cf0256d00c72a48d1f25783c58b6842cd56e85ef3a572881c8e28ccd59?s=96&d=mm&r=g\",\"caption\":\"ppdegaliciaredes\"},\"url\":\"https:\\\/\\\/ppdegalicia.com\\\/es\\\/author\\\/ppdegaliciaredes\\\/\"}]}<\/script>\n<!-- \/ Yoast SEO plugin. -->","yoast_head_json":{"title":"Paula Prado: \u201cVotar ao PSOE \u00e9 votar \u00e1 falta de compromiso de S\u00e1nchez con Galicia\u201d - PP de Galicia","robots":{"index":"index","follow":"follow","max-snippet":"max-snippet:-1","max-image-preview":"max-image-preview:large","max-video-preview":"max-video-preview:-1"},"canonical":"https:\/\/ppdegalicia.com\/es\/paula-prado-votar-ao-psoe-e-votar-a-falta-de-compromiso-de-sanchez-con-galicia\/","og_locale":"es_ES","og_type":"article","og_title":"Paula Prado: \u201cVotar ao PSOE \u00e9 votar \u00e1 falta de compromiso de S\u00e1nchez con Galicia\u201d - PP de Galicia","og_description":"28 de abril de 2023. A secretaria xeral do PPdeG, Paula Prado, reprochou hoxe a Pedro S\u00e1nchez que prefira \u201cos votos antes que facer algo bo par os galegos e as galegas\u201d e neste sentido asegurou que \u201cvotar ao PSOE \u00e9 votar \u00e1 falta de compromiso de S\u00e1nchez con Galicia\u201d.","og_url":"https:\/\/ppdegalicia.com\/es\/paula-prado-votar-ao-psoe-e-votar-a-falta-de-compromiso-de-sanchez-con-galicia\/","og_site_name":"PP de Galicia","article_publisher":"https:\/\/www.instagram.com\/ppdegalicia\/","article_published_time":"2023-04-28T15:14:02+00:00","og_image":[{"width":2560,"height":1707,"url":"https:\/\/ppdegalicia.com\/wp-content\/uploads\/2023\/04\/1525a222001d3016e39498a1912699ab-scaled.jpg","type":"image\/jpeg"}],"author":"ppdegaliciaredes","twitter_card":"summary_large_image","twitter_creator":"@ppdegalicia","twitter_site":"@ppdegalicia","twitter_misc":{"Escrito por":"ppdegaliciaredes","Tiempo de lectura":"2 minutos"},"schema":{"@context":"https:\/\/schema.org","@graph":[{"@type":"Article","@id":"https:\/\/ppdegalicia.com\/es\/paula-prado-votar-ao-psoe-e-votar-a-falta-de-compromiso-de-sanchez-con-galicia\/#article","isPartOf":{"@id":"https:\/\/ppdegalicia.com\/es\/paula-prado-votar-ao-psoe-e-votar-a-falta-de-compromiso-de-sanchez-con-galicia\/"},"author":{"name":"ppdegaliciaredes","@id":"https:\/\/ppdegalicia.com\/es\/#\/schema\/person\/5b822c6f59e872ebdd1142f307dbcb59"},"headline":"Paula Prado: \u201cVotar ao PSOE \u00e9 votar \u00e1 falta de compromiso de S\u00e1nchez con Galicia\u201d","datePublished":"2023-04-28T15:14:02+00:00","mainEntityOfPage":{"@id":"https:\/\/ppdegalicia.com\/es\/paula-prado-votar-ao-psoe-e-votar-a-falta-de-compromiso-de-sanchez-con-galicia\/"},"wordCount":430,"commentCount":0,"publisher":{"@id":"https:\/\/ppdegalicia.com\/es\/#organization"},"image":{"@id":"https:\/\/ppdegalicia.com\/es\/paula-prado-votar-ao-psoe-e-votar-a-falta-de-compromiso-de-sanchez-con-galicia\/#primaryimage"},"thumbnailUrl":"https:\/\/ppdegalicia.com\/wp-content\/uploads\/2023\/04\/1525a222001d3016e39498a1912699ab-scaled.jpg","articleSection":["PP de Galicia"],"inLanguage":"es","potentialAction":[{"@type":"CommentAction","name":"Comment","target":["https:\/\/ppdegalicia.com\/es\/paula-prado-votar-ao-psoe-e-votar-a-falta-de-compromiso-de-sanchez-con-galicia\/#respond"]}]},{"@type":"WebPage","@id":"https:\/\/ppdegalicia.com\/es\/paula-prado-votar-ao-psoe-e-votar-a-falta-de-compromiso-de-sanchez-con-galicia\/","url":"https:\/\/ppdegalicia.com\/es\/paula-prado-votar-ao-psoe-e-votar-a-falta-de-compromiso-de-sanchez-con-galicia\/","name":"Paula Prado: \u201cVotar ao PSOE \u00e9 votar \u00e1 falta de compromiso de S\u00e1nchez con Galicia\u201d - PP de Galicia","isPartOf":{"@id":"https:\/\/ppdegalicia.com\/es\/#website"},"primaryImageOfPage":{"@id":"https:\/\/ppdegalicia.com\/es\/paula-prado-votar-ao-psoe-e-votar-a-falta-de-compromiso-de-sanchez-con-galicia\/#primaryimage"},"image":{"@id":"https:\/\/ppdegalicia.com\/es\/paula-prado-votar-ao-psoe-e-votar-a-falta-de-compromiso-de-sanchez-con-galicia\/#primaryimage"},"thumbnailUrl":"https:\/\/ppdegalicia.com\/wp-content\/uploads\/2023\/04\/1525a222001d3016e39498a1912699ab-scaled.jpg","datePublished":"2023-04-28T15:14:02+00:00","breadcrumb":{"@id":"https:\/\/ppdegalicia.com\/es\/paula-prado-votar-ao-psoe-e-votar-a-falta-de-compromiso-de-sanchez-con-galicia\/#breadcrumb"},"inLanguage":"es","potentialAction":[{"@type":"ReadAction","target":["https:\/\/ppdegalicia.com\/es\/paula-prado-votar-ao-psoe-e-votar-a-falta-de-compromiso-de-sanchez-con-galicia\/"]}]},{"@type":"ImageObject","inLanguage":"es","@id":"https:\/\/ppdegalicia.com\/es\/paula-prado-votar-ao-psoe-e-votar-a-falta-de-compromiso-de-sanchez-con-galicia\/#primaryimage","url":"https:\/\/ppdegalicia.com\/wp-content\/uploads\/2023\/04\/1525a222001d3016e39498a1912699ab-scaled.jpg","contentUrl":"https:\/\/ppdegalicia.com\/wp-content\/uploads\/2023\/04\/1525a222001d3016e39498a1912699ab-scaled.jpg","width":2560,"height":1707},{"@type":"BreadcrumbList","@id":"https:\/\/ppdegalicia.com\/es\/paula-prado-votar-ao-psoe-e-votar-a-falta-de-compromiso-de-sanchez-con-galicia\/#breadcrumb","itemListElement":[{"@type":"ListItem","position":1,"name":"Portada","item":"https:\/\/ppdegalicia.com\/es\/"},{"@type":"ListItem","position":2,"name":"Paula Prado: \u201cVotar ao PSOE \u00e9 votar \u00e1 falta de compromiso de S\u00e1nchez con Galicia\u201d"}]},{"@type":"WebSite","@id":"https:\/\/ppdegalicia.com\/es\/#website","url":"https:\/\/ppdegalicia.com\/es\/","name":"Partido Popular de Galicia","description":"Partido Popular de Galicia","publisher":{"@id":"https:\/\/ppdegalicia.com\/es\/#organization"},"alternateName":"PP de Galicia","potentialAction":[{"@type":"SearchAction","target":{"@type":"EntryPoint","urlTemplate":"https:\/\/ppdegalicia.com\/es\/?s={search_term_string}"},"query-input":{"@type":"PropertyValueSpecification","valueRequired":true,"valueName":"search_term_string"}}],"inLanguage":"es"},{"@type":"Organization","@id":"https:\/\/ppdegalicia.com\/es\/#organization","name":"Partido Popular de Galicia","alternateName":"PP de Galicia","url":"https:\/\/ppdegalicia.com\/es\/","logo":{"@type":"ImageObject","inLanguage":"es","@id":"https:\/\/ppdegalicia.com\/es\/#\/schema\/logo\/image\/","url":"https:\/\/ppdegalicia.com\/wp-content\/uploads\/2023\/04\/logoPP512.png","contentUrl":"https:\/\/ppdegalicia.com\/wp-content\/uploads\/2023\/04\/logoPP512.png","width":512,"height":512,"caption":"Partido Popular de Galicia"},"image":{"@id":"https:\/\/ppdegalicia.com\/es\/#\/schema\/logo\/image\/"},"sameAs":["https:\/\/www.instagram.com\/ppdegalicia\/","https:\/\/x.com\/ppdegalicia","https:\/\/www.tiktok.com\/@ppdegalicia","https:\/\/www.youtube.com\/user\/ppdegalicia"]},{"@type":"Person","@id":"https:\/\/ppdegalicia.com\/es\/#\/schema\/person\/5b822c6f59e872ebdd1142f307dbcb59","name":"ppdegaliciaredes","image":{"@type":"ImageObject","inLanguage":"es","@id":"https:\/\/secure.gravatar.com\/avatar\/3c9179cf0256d00c72a48d1f25783c58b6842cd56e85ef3a572881c8e28ccd59?s=96&d=mm&r=g","url":"https:\/\/secure.gravatar.com\/avatar\/3c9179cf0256d00c72a48d1f25783c58b6842cd56e85ef3a572881c8e28ccd59?s=96&d=mm&r=g","contentUrl":"https:\/\/secure.gravatar.com\/avatar\/3c9179cf0256d00c72a48d1f25783c58b6842cd56e85ef3a572881c8e28ccd59?s=96&d=mm&r=g","caption":"ppdegaliciaredes"},"url":"https:\/\/ppdegalicia.com\/es\/author\/ppdegaliciaredes\/"}]}},"_links":{"self":[{"href":"https:\/\/ppdegalicia.com\/es\/wp-json\/wp\/v2\/posts\/58153","targetHints":{"allow":["GET"]}}],"collection":[{"href":"https:\/\/ppdegalicia.com\/es\/wp-json\/wp\/v2\/posts"}],"about":[{"href":"https:\/\/ppdegalicia.com\/es\/wp-json\/wp\/v2\/types\/post"}],"author":[{"embeddable":true,"href":"https:\/\/ppdegalicia.com\/es\/wp-json\/wp\/v2\/users\/38"}],"replies":[{"embeddable":true,"href":"https:\/\/ppdegalicia.com\/es\/wp-json\/wp\/v2\/comments?post=58153"}],"version-history":[{"count":0,"href":"https:\/\/ppdegalicia.com\/es\/wp-json\/wp\/v2\/posts\/58153\/revisions"}],"wp:featuredmedia":[{"embeddable":true,"href":"https:\/\/ppdegalicia.com\/es\/wp-json\/wp\/v2\/media\/58152"}],"wp:attachment":[{"href":"https:\/\/ppdegalicia.com\/es\/wp-json\/wp\/v2\/media?parent=58153"}],"wp:term":[{"taxonomy":"category","embeddable":true,"href":"https:\/\/ppdegalicia.com\/es\/wp-json\/wp\/v2\/categories?post=58153"},{"taxonomy":"post_tag","embeddable":true,"href":"https:\/\/ppdegalicia.com\/es\/wp-json\/wp\/v2\/tags?post=58153"}],"curies":[{"name":"wp","href":"https:\/\/api.w.org\/{rel}","templated":true}]}}