{"id":58159,"date":"2023-05-03T11:14:04","date_gmt":"2023-05-03T09:14:04","guid":{"rendered":"https:\/\/ppdegalicia.com\/o-grupo-popular-critica-o-pesimismo-e-falta-de-confianza-do-bng-do-tecido-empresarial-galego-asi-como-o-seu-desconecemento-e-negacionismo\/"},"modified":"2023-05-03T11:14:04","modified_gmt":"2023-05-03T09:14:04","slug":"o-grupo-popular-critica-o-pesimismo-e-falta-de-confianza-do-bng-do-tecido-empresarial-galego-asi-como-o-seu-desconecemento-e-negacionismo","status":"publish","type":"post","link":"https:\/\/ppdegalicia.com\/es\/o-grupo-popular-critica-o-pesimismo-e-falta-de-confianza-do-bng-do-tecido-empresarial-galego-asi-como-o-seu-desconecemento-e-negacionismo\/","title":{"rendered":"O Grupo Popular critica o \u201cpesimismo e falta de confianza do BNG do tecido empresarial galego, as\u00ed como o seu desco\u00f1ecemento e negacionismo\u201d"},"content":{"rendered":"<p><img fetchpriority=\"high\" decoding=\"async\" class=\" size-full wp-image-58158\" src=\"https:\/\/ppdegalicia.com\/wp-content\/uploads\/2023\/05\/dd54670ad03d5d96f73ad543c8576241.jpg\" alt=\"\" width=\"1900\" height=\"1267\" srcset=\"https:\/\/ppdegalicia.com\/wp-content\/uploads\/2023\/05\/dd54670ad03d5d96f73ad543c8576241.jpg 1900w, https:\/\/ppdegalicia.com\/wp-content\/uploads\/2023\/05\/dd54670ad03d5d96f73ad543c8576241-300x200.jpg 300w, https:\/\/ppdegalicia.com\/wp-content\/uploads\/2023\/05\/dd54670ad03d5d96f73ad543c8576241-1024x683.jpg 1024w, https:\/\/ppdegalicia.com\/wp-content\/uploads\/2023\/05\/dd54670ad03d5d96f73ad543c8576241-768x512.jpg 768w, https:\/\/ppdegalicia.com\/wp-content\/uploads\/2023\/05\/dd54670ad03d5d96f73ad543c8576241-1536x1024.jpg 1536w\" sizes=\"(max-width: 1900px) 100vw, 1900px\" \/><\/p>\n<p>3 de maio de 2023. A portavoz de Industria do Grupo Popular, Cristina Sanz, criticou hoxe no Parlamento galego \u201co pesimismo e falta de confianza do BNG no tecido empresarial galego, as\u00ed como o seu desco\u00f1ecemento e negacionismo respecto da actuaci\u00f3n da Xunta nesta \u00e1rea estrat\u00e9xica\u201d.<\/p>\n<p><!--more--><\/p>\n<p>As\u00ed, salientou que neste momento en Galicia estanse a crear m\u00e1is empresas das que se disolven; o \u00edndice de confianza empresarial sube un 3,1 por cento, fronte ao 2,7 por cento da media estatal; e o \u00edndice de produci\u00f3n industrial medrou en Galicia un 1,5 por cento en febreiro, fronte \u00e1 baixada do 0,8 en Espa\u00f1a.<\/p>\n<p>\u00a0<\/p>\n<p>Cristina Sanz lamentou que o BNG \u201cmante\u00f1a alianzas e comparta pol\u00edticas cun Goberno que critica e presiona aos empresarios e aos aut\u00f3nomos, ademais de subirlles os impostos e as cotizaci\u00f3ns sociais\u201d.<\/p>\n<p>\u00a0<\/p>\n<p>\u201cAs empresas espa\u00f1olas soportan unha presi\u00f3n fiscal superior nun 36 por cento \u00e1 media da Uni\u00f3n Europea, segundo un recente informe do Instituto de Estudos Econ\u00f3micos, ao tempo que soportan unhas cargas ao traballo no entorno do 40 por cento do salario e uns custes laborais unitarios un 8,8 por cento superiores aos do cuarto trimestre de 2019\u201d, apuntou.<\/p>\n<p>\u00a0<\/p>\n<p><strong>RECUPERACI\u00d3N DO EMPRENDEMENTO<\/strong><\/p>\n<p>\u00a0<\/p>\n<p>A portavoz de Industria referiuse tam\u00e9n \u00e1s conclusi\u00f3ns do Informe Executivo GEM Galicia 2021-2022, \u201cque recolle unha visi\u00f3n totalmente diferente \u00e1 do BNG respecto do fen\u00f3meno do emprendemento en Galicia\u201d. As\u00ed, este documento pon de manifesto que a actividade emprendedora foise recuperando ao longo do ano 2021 ata acadar unha taxa do 4,8 por cento da poboaci\u00f3n, mant\u00e9ndose pr\u00f3xima aos niveis de anos anteriores \u00e1 pandemia, e increment\u00e1ndose 0,5 puntos respecto a 2020, especialmente no caso das iniciativas nacentes.<\/p>\n<p>\u00a0<\/p>\n<p>\u201cAdicionalmente, o informe GEM apunta un incremento da poboaci\u00f3n con intenci\u00f3n de emprender nos pr\u00f3ximos tres anos, que se sit\u00faa no 8 por cento da poboaci\u00f3n; unido a un aumento de oportunidades percibidas nun entorno post-plandemia\u201d, concretou Cristina Sanz, quen subli\u00f1ou que estes datos \u201creforzan a idea dun incremento de confianza por parte da poboaci\u00f3n emprendedora e permite prever un maior crecemento desta actividade nos pr\u00f3ximos anos\u201d.<\/p>\n<p>\u00a0<\/p>\n<p>Sanz manifestou que \u201cparece que o BNG desco\u00f1ece todo o que se est\u00e1 a facer por parte da Xunta para o fomento do emprendemento e a consolidaci\u00f3n empresarial\u201d. As\u00ed, lembrou os programas inclu\u00eddos na Axenda StarUp ou na Axenda Financeira, ou a extensa bater\u00eda de medidas adoptadas en consenso cos sectores e froito do di\u00e1logo, como a Axenda de impulso ao emprego aut\u00f3nomo 2023-2026 ou a Estratexia galega de Econom\u00eda Social 2023-2026.<\/p>\n<p>\u00a0<\/p>\n<p>Ademais, no eido do emprendemento, a portavoz popular salientou que ao longo de 2023 se destinar\u00e1n 18,2 mill\u00f3ns de euros, que permitir\u00e1n seguir implantando a Rede de polos de emprendemento e apoio ao emprego, ata chegar a 15 en todo o territorio de Galicia.<\/p>\n","protected":false},"excerpt":{"rendered":"<p>3 de maio de 2023. A portavoz de Industria do Grupo Popular, Cristina Sanz, criticou hoxe no Parlamento galego \u201co pesimismo e falta de confianza do BNG no tecido empresarial galego, as\u00ed como o seu desco\u00f1ecemento e negacionismo respecto da actuaci\u00f3n da Xunta nesta \u00e1rea estrat\u00e9xica\u201d.<\/p>\n","protected":false},"author":38,"featured_media":58158,"comment_status":"open","ping_status":"open","sticky":false,"template":"","format":"standard","meta":{"_acf_changed":false,"footnotes":""},"categories":[1],"tags":[],"class_list":["post-58159","post","type-post","status-publish","format-standard","has-post-thumbnail","hentry","category-pp-de-galicia"],"acf":[],"yoast_head":"<!-- This site is optimized with the Yoast SEO plugin v27.3 - https:\/\/yoast.com\/product\/yoast-seo-wordpress\/ -->\n<title>O Grupo Popular critica o \u201cpesimismo e falta de confianza do BNG do tecido empresarial galego, as\u00ed como o seu desco\u00f1ecemento e negacionismo\u201d - PP de Galicia<\/title>\n<meta name=\"robots\" content=\"index, follow, max-snippet:-1, max-image-preview:large, max-video-preview:-1\" \/>\n<link rel=\"canonical\" href=\"https:\/\/ppdegalicia.com\/es\/o-grupo-popular-critica-o-pesimismo-e-falta-de-confianza-do-bng-do-tecido-empresarial-galego-asi-como-o-seu-desconecemento-e-negacionismo\/\" \/>\n<meta property=\"og:locale\" content=\"es_ES\" \/>\n<meta property=\"og:type\" content=\"article\" \/>\n<meta property=\"og:title\" content=\"O Grupo Popular critica o \u201cpesimismo e falta de confianza do BNG do tecido empresarial galego, as\u00ed como o seu desco\u00f1ecemento e negacionismo\u201d - PP de Galicia\" \/>\n<meta property=\"og:description\" content=\"3 de maio de 2023. A portavoz de Industria do Grupo Popular, Cristina Sanz, criticou hoxe no Parlamento galego \u201co pesimismo e falta de confianza do BNG no tecido empresarial galego, as\u00ed como o seu desco\u00f1ecemento e negacionismo respecto da actuaci\u00f3n da Xunta nesta \u00e1rea estrat\u00e9xica\u201d.\" \/>\n<meta property=\"og:url\" content=\"https:\/\/ppdegalicia.com\/es\/o-grupo-popular-critica-o-pesimismo-e-falta-de-confianza-do-bng-do-tecido-empresarial-galego-asi-como-o-seu-desconecemento-e-negacionismo\/\" \/>\n<meta property=\"og:site_name\" content=\"PP de Galicia\" \/>\n<meta property=\"article:publisher\" content=\"https:\/\/www.instagram.com\/ppdegalicia\/\" \/>\n<meta property=\"article:published_time\" content=\"2023-05-03T09:14:04+00:00\" \/>\n<meta property=\"og:image\" content=\"https:\/\/ppdegalicia.com\/wp-content\/uploads\/2023\/05\/dd54670ad03d5d96f73ad543c8576241.jpg\" \/>\n\t<meta property=\"og:image:width\" content=\"1900\" \/>\n\t<meta property=\"og:image:height\" content=\"1267\" \/>\n\t<meta property=\"og:image:type\" content=\"image\/jpeg\" \/>\n<meta name=\"author\" content=\"ppdegaliciaredes\" \/>\n<meta name=\"twitter:card\" content=\"summary_large_image\" \/>\n<meta name=\"twitter:creator\" content=\"@ppdegalicia\" \/>\n<meta name=\"twitter:site\" content=\"@ppdegalicia\" \/>\n<meta name=\"twitter:label1\" content=\"Escrito por\" \/>\n\t<meta name=\"twitter:data1\" content=\"ppdegaliciaredes\" \/>\n\t<meta name=\"twitter:label2\" content=\"Tiempo de lectura\" \/>\n\t<meta name=\"twitter:data2\" content=\"2 minutos\" \/>\n<script type=\"application\/ld+json\" class=\"yoast-schema-graph\">{\"@context\":\"https:\\\/\\\/schema.org\",\"@graph\":[{\"@type\":\"Article\",\"@id\":\"https:\\\/\\\/ppdegalicia.com\\\/es\\\/o-grupo-popular-critica-o-pesimismo-e-falta-de-confianza-do-bng-do-tecido-empresarial-galego-asi-como-o-seu-desconecemento-e-negacionismo\\\/#article\",\"isPartOf\":{\"@id\":\"https:\\\/\\\/ppdegalicia.com\\\/es\\\/o-grupo-popular-critica-o-pesimismo-e-falta-de-confianza-do-bng-do-tecido-empresarial-galego-asi-como-o-seu-desconecemento-e-negacionismo\\\/\"},\"author\":{\"name\":\"ppdegaliciaredes\",\"@id\":\"https:\\\/\\\/ppdegalicia.com\\\/es\\\/#\\\/schema\\\/person\\\/5b822c6f59e872ebdd1142f307dbcb59\"},\"headline\":\"O Grupo Popular critica o \u201cpesimismo e falta de confianza do BNG do tecido empresarial galego, as\u00ed como o seu desco\u00f1ecemento e negacionismo\u201d\",\"datePublished\":\"2023-05-03T09:14:04+00:00\",\"mainEntityOfPage\":{\"@id\":\"https:\\\/\\\/ppdegalicia.com\\\/es\\\/o-grupo-popular-critica-o-pesimismo-e-falta-de-confianza-do-bng-do-tecido-empresarial-galego-asi-como-o-seu-desconecemento-e-negacionismo\\\/\"},\"wordCount\":500,\"commentCount\":0,\"publisher\":{\"@id\":\"https:\\\/\\\/ppdegalicia.com\\\/es\\\/#organization\"},\"image\":{\"@id\":\"https:\\\/\\\/ppdegalicia.com\\\/es\\\/o-grupo-popular-critica-o-pesimismo-e-falta-de-confianza-do-bng-do-tecido-empresarial-galego-asi-como-o-seu-desconecemento-e-negacionismo\\\/#primaryimage\"},\"thumbnailUrl\":\"https:\\\/\\\/ppdegalicia.com\\\/wp-content\\\/uploads\\\/2023\\\/05\\\/dd54670ad03d5d96f73ad543c8576241.jpg\",\"articleSection\":[\"PP de Galicia\"],\"inLanguage\":\"es\",\"potentialAction\":[{\"@type\":\"CommentAction\",\"name\":\"Comment\",\"target\":[\"https:\\\/\\\/ppdegalicia.com\\\/es\\\/o-grupo-popular-critica-o-pesimismo-e-falta-de-confianza-do-bng-do-tecido-empresarial-galego-asi-como-o-seu-desconecemento-e-negacionismo\\\/#respond\"]}]},{\"@type\":\"WebPage\",\"@id\":\"https:\\\/\\\/ppdegalicia.com\\\/es\\\/o-grupo-popular-critica-o-pesimismo-e-falta-de-confianza-do-bng-do-tecido-empresarial-galego-asi-como-o-seu-desconecemento-e-negacionismo\\\/\",\"url\":\"https:\\\/\\\/ppdegalicia.com\\\/es\\\/o-grupo-popular-critica-o-pesimismo-e-falta-de-confianza-do-bng-do-tecido-empresarial-galego-asi-como-o-seu-desconecemento-e-negacionismo\\\/\",\"name\":\"O Grupo Popular critica o \u201cpesimismo e falta de confianza do BNG do tecido empresarial galego, as\u00ed como o seu desco\u00f1ecemento e negacionismo\u201d - PP de Galicia\",\"isPartOf\":{\"@id\":\"https:\\\/\\\/ppdegalicia.com\\\/es\\\/#website\"},\"primaryImageOfPage\":{\"@id\":\"https:\\\/\\\/ppdegalicia.com\\\/es\\\/o-grupo-popular-critica-o-pesimismo-e-falta-de-confianza-do-bng-do-tecido-empresarial-galego-asi-como-o-seu-desconecemento-e-negacionismo\\\/#primaryimage\"},\"image\":{\"@id\":\"https:\\\/\\\/ppdegalicia.com\\\/es\\\/o-grupo-popular-critica-o-pesimismo-e-falta-de-confianza-do-bng-do-tecido-empresarial-galego-asi-como-o-seu-desconecemento-e-negacionismo\\\/#primaryimage\"},\"thumbnailUrl\":\"https:\\\/\\\/ppdegalicia.com\\\/wp-content\\\/uploads\\\/2023\\\/05\\\/dd54670ad03d5d96f73ad543c8576241.jpg\",\"datePublished\":\"2023-05-03T09:14:04+00:00\",\"breadcrumb\":{\"@id\":\"https:\\\/\\\/ppdegalicia.com\\\/es\\\/o-grupo-popular-critica-o-pesimismo-e-falta-de-confianza-do-bng-do-tecido-empresarial-galego-asi-como-o-seu-desconecemento-e-negacionismo\\\/#breadcrumb\"},\"inLanguage\":\"es\",\"potentialAction\":[{\"@type\":\"ReadAction\",\"target\":[\"https:\\\/\\\/ppdegalicia.com\\\/es\\\/o-grupo-popular-critica-o-pesimismo-e-falta-de-confianza-do-bng-do-tecido-empresarial-galego-asi-como-o-seu-desconecemento-e-negacionismo\\\/\"]}]},{\"@type\":\"ImageObject\",\"inLanguage\":\"es\",\"@id\":\"https:\\\/\\\/ppdegalicia.com\\\/es\\\/o-grupo-popular-critica-o-pesimismo-e-falta-de-confianza-do-bng-do-tecido-empresarial-galego-asi-como-o-seu-desconecemento-e-negacionismo\\\/#primaryimage\",\"url\":\"https:\\\/\\\/ppdegalicia.com\\\/wp-content\\\/uploads\\\/2023\\\/05\\\/dd54670ad03d5d96f73ad543c8576241.jpg\",\"contentUrl\":\"https:\\\/\\\/ppdegalicia.com\\\/wp-content\\\/uploads\\\/2023\\\/05\\\/dd54670ad03d5d96f73ad543c8576241.jpg\",\"width\":1900,\"height\":1267},{\"@type\":\"BreadcrumbList\",\"@id\":\"https:\\\/\\\/ppdegalicia.com\\\/es\\\/o-grupo-popular-critica-o-pesimismo-e-falta-de-confianza-do-bng-do-tecido-empresarial-galego-asi-como-o-seu-desconecemento-e-negacionismo\\\/#breadcrumb\",\"itemListElement\":[{\"@type\":\"ListItem\",\"position\":1,\"name\":\"Portada\",\"item\":\"https:\\\/\\\/ppdegalicia.com\\\/es\\\/\"},{\"@type\":\"ListItem\",\"position\":2,\"name\":\"O Grupo Popular critica o \u201cpesimismo e falta de confianza do BNG do tecido empresarial galego, as\u00ed como o seu desco\u00f1ecemento e negacionismo\u201d\"}]},{\"@type\":\"WebSite\",\"@id\":\"https:\\\/\\\/ppdegalicia.com\\\/es\\\/#website\",\"url\":\"https:\\\/\\\/ppdegalicia.com\\\/es\\\/\",\"name\":\"Partido Popular de Galicia\",\"description\":\"Partido Popular de Galicia\",\"publisher\":{\"@id\":\"https:\\\/\\\/ppdegalicia.com\\\/es\\\/#organization\"},\"alternateName\":\"PP de Galicia\",\"potentialAction\":[{\"@type\":\"SearchAction\",\"target\":{\"@type\":\"EntryPoint\",\"urlTemplate\":\"https:\\\/\\\/ppdegalicia.com\\\/es\\\/?s={search_term_string}\"},\"query-input\":{\"@type\":\"PropertyValueSpecification\",\"valueRequired\":true,\"valueName\":\"search_term_string\"}}],\"inLanguage\":\"es\"},{\"@type\":\"Organization\",\"@id\":\"https:\\\/\\\/ppdegalicia.com\\\/es\\\/#organization\",\"name\":\"Partido Popular de Galicia\",\"alternateName\":\"PP de Galicia\",\"url\":\"https:\\\/\\\/ppdegalicia.com\\\/es\\\/\",\"logo\":{\"@type\":\"ImageObject\",\"inLanguage\":\"es\",\"@id\":\"https:\\\/\\\/ppdegalicia.com\\\/es\\\/#\\\/schema\\\/logo\\\/image\\\/\",\"url\":\"https:\\\/\\\/ppdegalicia.com\\\/wp-content\\\/uploads\\\/2023\\\/04\\\/logoPP512.png\",\"contentUrl\":\"https:\\\/\\\/ppdegalicia.com\\\/wp-content\\\/uploads\\\/2023\\\/04\\\/logoPP512.png\",\"width\":512,\"height\":512,\"caption\":\"Partido Popular de Galicia\"},\"image\":{\"@id\":\"https:\\\/\\\/ppdegalicia.com\\\/es\\\/#\\\/schema\\\/logo\\\/image\\\/\"},\"sameAs\":[\"https:\\\/\\\/www.instagram.com\\\/ppdegalicia\\\/\",\"https:\\\/\\\/x.com\\\/ppdegalicia\",\"https:\\\/\\\/www.tiktok.com\\\/@ppdegalicia\",\"https:\\\/\\\/www.youtube.com\\\/user\\\/ppdegalicia\"]},{\"@type\":\"Person\",\"@id\":\"https:\\\/\\\/ppdegalicia.com\\\/es\\\/#\\\/schema\\\/person\\\/5b822c6f59e872ebdd1142f307dbcb59\",\"name\":\"ppdegaliciaredes\",\"image\":{\"@type\":\"ImageObject\",\"inLanguage\":\"es\",\"@id\":\"https:\\\/\\\/secure.gravatar.com\\\/avatar\\\/3c9179cf0256d00c72a48d1f25783c58b6842cd56e85ef3a572881c8e28ccd59?s=96&d=mm&r=g\",\"url\":\"https:\\\/\\\/secure.gravatar.com\\\/avatar\\\/3c9179cf0256d00c72a48d1f25783c58b6842cd56e85ef3a572881c8e28ccd59?s=96&d=mm&r=g\",\"contentUrl\":\"https:\\\/\\\/secure.gravatar.com\\\/avatar\\\/3c9179cf0256d00c72a48d1f25783c58b6842cd56e85ef3a572881c8e28ccd59?s=96&d=mm&r=g\",\"caption\":\"ppdegaliciaredes\"},\"url\":\"https:\\\/\\\/ppdegalicia.com\\\/es\\\/author\\\/ppdegaliciaredes\\\/\"}]}<\/script>\n<!-- \/ Yoast SEO plugin. -->","yoast_head_json":{"title":"O Grupo Popular critica o \u201cpesimismo e falta de confianza do BNG do tecido empresarial galego, as\u00ed como o seu desco\u00f1ecemento e negacionismo\u201d - PP de Galicia","robots":{"index":"index","follow":"follow","max-snippet":"max-snippet:-1","max-image-preview":"max-image-preview:large","max-video-preview":"max-video-preview:-1"},"canonical":"https:\/\/ppdegalicia.com\/es\/o-grupo-popular-critica-o-pesimismo-e-falta-de-confianza-do-bng-do-tecido-empresarial-galego-asi-como-o-seu-desconecemento-e-negacionismo\/","og_locale":"es_ES","og_type":"article","og_title":"O Grupo Popular critica o \u201cpesimismo e falta de confianza do BNG do tecido empresarial galego, as\u00ed como o seu desco\u00f1ecemento e negacionismo\u201d - PP de Galicia","og_description":"3 de maio de 2023. A portavoz de Industria do Grupo Popular, Cristina Sanz, criticou hoxe no Parlamento galego \u201co pesimismo e falta de confianza do BNG no tecido empresarial galego, as\u00ed como o seu desco\u00f1ecemento e negacionismo respecto da actuaci\u00f3n da Xunta nesta \u00e1rea estrat\u00e9xica\u201d.","og_url":"https:\/\/ppdegalicia.com\/es\/o-grupo-popular-critica-o-pesimismo-e-falta-de-confianza-do-bng-do-tecido-empresarial-galego-asi-como-o-seu-desconecemento-e-negacionismo\/","og_site_name":"PP de Galicia","article_publisher":"https:\/\/www.instagram.com\/ppdegalicia\/","article_published_time":"2023-05-03T09:14:04+00:00","og_image":[{"width":1900,"height":1267,"url":"https:\/\/ppdegalicia.com\/wp-content\/uploads\/2023\/05\/dd54670ad03d5d96f73ad543c8576241.jpg","type":"image\/jpeg"}],"author":"ppdegaliciaredes","twitter_card":"summary_large_image","twitter_creator":"@ppdegalicia","twitter_site":"@ppdegalicia","twitter_misc":{"Escrito por":"ppdegaliciaredes","Tiempo de lectura":"2 minutos"},"schema":{"@context":"https:\/\/schema.org","@graph":[{"@type":"Article","@id":"https:\/\/ppdegalicia.com\/es\/o-grupo-popular-critica-o-pesimismo-e-falta-de-confianza-do-bng-do-tecido-empresarial-galego-asi-como-o-seu-desconecemento-e-negacionismo\/#article","isPartOf":{"@id":"https:\/\/ppdegalicia.com\/es\/o-grupo-popular-critica-o-pesimismo-e-falta-de-confianza-do-bng-do-tecido-empresarial-galego-asi-como-o-seu-desconecemento-e-negacionismo\/"},"author":{"name":"ppdegaliciaredes","@id":"https:\/\/ppdegalicia.com\/es\/#\/schema\/person\/5b822c6f59e872ebdd1142f307dbcb59"},"headline":"O Grupo Popular critica o \u201cpesimismo e falta de confianza do BNG do tecido empresarial galego, as\u00ed como o seu desco\u00f1ecemento e negacionismo\u201d","datePublished":"2023-05-03T09:14:04+00:00","mainEntityOfPage":{"@id":"https:\/\/ppdegalicia.com\/es\/o-grupo-popular-critica-o-pesimismo-e-falta-de-confianza-do-bng-do-tecido-empresarial-galego-asi-como-o-seu-desconecemento-e-negacionismo\/"},"wordCount":500,"commentCount":0,"publisher":{"@id":"https:\/\/ppdegalicia.com\/es\/#organization"},"image":{"@id":"https:\/\/ppdegalicia.com\/es\/o-grupo-popular-critica-o-pesimismo-e-falta-de-confianza-do-bng-do-tecido-empresarial-galego-asi-como-o-seu-desconecemento-e-negacionismo\/#primaryimage"},"thumbnailUrl":"https:\/\/ppdegalicia.com\/wp-content\/uploads\/2023\/05\/dd54670ad03d5d96f73ad543c8576241.jpg","articleSection":["PP de Galicia"],"inLanguage":"es","potentialAction":[{"@type":"CommentAction","name":"Comment","target":["https:\/\/ppdegalicia.com\/es\/o-grupo-popular-critica-o-pesimismo-e-falta-de-confianza-do-bng-do-tecido-empresarial-galego-asi-como-o-seu-desconecemento-e-negacionismo\/#respond"]}]},{"@type":"WebPage","@id":"https:\/\/ppdegalicia.com\/es\/o-grupo-popular-critica-o-pesimismo-e-falta-de-confianza-do-bng-do-tecido-empresarial-galego-asi-como-o-seu-desconecemento-e-negacionismo\/","url":"https:\/\/ppdegalicia.com\/es\/o-grupo-popular-critica-o-pesimismo-e-falta-de-confianza-do-bng-do-tecido-empresarial-galego-asi-como-o-seu-desconecemento-e-negacionismo\/","name":"O Grupo Popular critica o \u201cpesimismo e falta de confianza do BNG do tecido empresarial galego, as\u00ed como o seu desco\u00f1ecemento e negacionismo\u201d - PP de Galicia","isPartOf":{"@id":"https:\/\/ppdegalicia.com\/es\/#website"},"primaryImageOfPage":{"@id":"https:\/\/ppdegalicia.com\/es\/o-grupo-popular-critica-o-pesimismo-e-falta-de-confianza-do-bng-do-tecido-empresarial-galego-asi-como-o-seu-desconecemento-e-negacionismo\/#primaryimage"},"image":{"@id":"https:\/\/ppdegalicia.com\/es\/o-grupo-popular-critica-o-pesimismo-e-falta-de-confianza-do-bng-do-tecido-empresarial-galego-asi-como-o-seu-desconecemento-e-negacionismo\/#primaryimage"},"thumbnailUrl":"https:\/\/ppdegalicia.com\/wp-content\/uploads\/2023\/05\/dd54670ad03d5d96f73ad543c8576241.jpg","datePublished":"2023-05-03T09:14:04+00:00","breadcrumb":{"@id":"https:\/\/ppdegalicia.com\/es\/o-grupo-popular-critica-o-pesimismo-e-falta-de-confianza-do-bng-do-tecido-empresarial-galego-asi-como-o-seu-desconecemento-e-negacionismo\/#breadcrumb"},"inLanguage":"es","potentialAction":[{"@type":"ReadAction","target":["https:\/\/ppdegalicia.com\/es\/o-grupo-popular-critica-o-pesimismo-e-falta-de-confianza-do-bng-do-tecido-empresarial-galego-asi-como-o-seu-desconecemento-e-negacionismo\/"]}]},{"@type":"ImageObject","inLanguage":"es","@id":"https:\/\/ppdegalicia.com\/es\/o-grupo-popular-critica-o-pesimismo-e-falta-de-confianza-do-bng-do-tecido-empresarial-galego-asi-como-o-seu-desconecemento-e-negacionismo\/#primaryimage","url":"https:\/\/ppdegalicia.com\/wp-content\/uploads\/2023\/05\/dd54670ad03d5d96f73ad543c8576241.jpg","contentUrl":"https:\/\/ppdegalicia.com\/wp-content\/uploads\/2023\/05\/dd54670ad03d5d96f73ad543c8576241.jpg","width":1900,"height":1267},{"@type":"BreadcrumbList","@id":"https:\/\/ppdegalicia.com\/es\/o-grupo-popular-critica-o-pesimismo-e-falta-de-confianza-do-bng-do-tecido-empresarial-galego-asi-como-o-seu-desconecemento-e-negacionismo\/#breadcrumb","itemListElement":[{"@type":"ListItem","position":1,"name":"Portada","item":"https:\/\/ppdegalicia.com\/es\/"},{"@type":"ListItem","position":2,"name":"O Grupo Popular critica o \u201cpesimismo e falta de confianza do BNG do tecido empresarial galego, as\u00ed como o seu desco\u00f1ecemento e negacionismo\u201d"}]},{"@type":"WebSite","@id":"https:\/\/ppdegalicia.com\/es\/#website","url":"https:\/\/ppdegalicia.com\/es\/","name":"Partido Popular de Galicia","description":"Partido Popular de Galicia","publisher":{"@id":"https:\/\/ppdegalicia.com\/es\/#organization"},"alternateName":"PP de Galicia","potentialAction":[{"@type":"SearchAction","target":{"@type":"EntryPoint","urlTemplate":"https:\/\/ppdegalicia.com\/es\/?s={search_term_string}"},"query-input":{"@type":"PropertyValueSpecification","valueRequired":true,"valueName":"search_term_string"}}],"inLanguage":"es"},{"@type":"Organization","@id":"https:\/\/ppdegalicia.com\/es\/#organization","name":"Partido Popular de Galicia","alternateName":"PP de Galicia","url":"https:\/\/ppdegalicia.com\/es\/","logo":{"@type":"ImageObject","inLanguage":"es","@id":"https:\/\/ppdegalicia.com\/es\/#\/schema\/logo\/image\/","url":"https:\/\/ppdegalicia.com\/wp-content\/uploads\/2023\/04\/logoPP512.png","contentUrl":"https:\/\/ppdegalicia.com\/wp-content\/uploads\/2023\/04\/logoPP512.png","width":512,"height":512,"caption":"Partido Popular de Galicia"},"image":{"@id":"https:\/\/ppdegalicia.com\/es\/#\/schema\/logo\/image\/"},"sameAs":["https:\/\/www.instagram.com\/ppdegalicia\/","https:\/\/x.com\/ppdegalicia","https:\/\/www.tiktok.com\/@ppdegalicia","https:\/\/www.youtube.com\/user\/ppdegalicia"]},{"@type":"Person","@id":"https:\/\/ppdegalicia.com\/es\/#\/schema\/person\/5b822c6f59e872ebdd1142f307dbcb59","name":"ppdegaliciaredes","image":{"@type":"ImageObject","inLanguage":"es","@id":"https:\/\/secure.gravatar.com\/avatar\/3c9179cf0256d00c72a48d1f25783c58b6842cd56e85ef3a572881c8e28ccd59?s=96&d=mm&r=g","url":"https:\/\/secure.gravatar.com\/avatar\/3c9179cf0256d00c72a48d1f25783c58b6842cd56e85ef3a572881c8e28ccd59?s=96&d=mm&r=g","contentUrl":"https:\/\/secure.gravatar.com\/avatar\/3c9179cf0256d00c72a48d1f25783c58b6842cd56e85ef3a572881c8e28ccd59?s=96&d=mm&r=g","caption":"ppdegaliciaredes"},"url":"https:\/\/ppdegalicia.com\/es\/author\/ppdegaliciaredes\/"}]}},"_links":{"self":[{"href":"https:\/\/ppdegalicia.com\/es\/wp-json\/wp\/v2\/posts\/58159","targetHints":{"allow":["GET"]}}],"collection":[{"href":"https:\/\/ppdegalicia.com\/es\/wp-json\/wp\/v2\/posts"}],"about":[{"href":"https:\/\/ppdegalicia.com\/es\/wp-json\/wp\/v2\/types\/post"}],"author":[{"embeddable":true,"href":"https:\/\/ppdegalicia.com\/es\/wp-json\/wp\/v2\/users\/38"}],"replies":[{"embeddable":true,"href":"https:\/\/ppdegalicia.com\/es\/wp-json\/wp\/v2\/comments?post=58159"}],"version-history":[{"count":0,"href":"https:\/\/ppdegalicia.com\/es\/wp-json\/wp\/v2\/posts\/58159\/revisions"}],"wp:featuredmedia":[{"embeddable":true,"href":"https:\/\/ppdegalicia.com\/es\/wp-json\/wp\/v2\/media\/58158"}],"wp:attachment":[{"href":"https:\/\/ppdegalicia.com\/es\/wp-json\/wp\/v2\/media?parent=58159"}],"wp:term":[{"taxonomy":"category","embeddable":true,"href":"https:\/\/ppdegalicia.com\/es\/wp-json\/wp\/v2\/categories?post=58159"},{"taxonomy":"post_tag","embeddable":true,"href":"https:\/\/ppdegalicia.com\/es\/wp-json\/wp\/v2\/tags?post=58159"}],"curies":[{"name":"wp","href":"https:\/\/api.w.org\/{rel}","templated":true}]}}