{"id":58165,"date":"2023-05-05T12:44:10","date_gmt":"2023-05-05T10:44:10","guid":{"rendered":"https:\/\/ppdegalicia.com\/o-ppdeg-afirma-que-ribeira-contara-con-dous-novos-medicos-coa-aplicacion-da-nova-lei-que-permite-cubrir-vacantes-por-concurso-de-meritos\/"},"modified":"2023-05-05T12:44:10","modified_gmt":"2023-05-05T10:44:10","slug":"o-ppdeg-afirma-que-ribeira-contara-con-dous-novos-medicos-coa-aplicacion-da-nova-lei-que-permite-cubrir-vacantes-por-concurso-de-meritos","status":"publish","type":"post","link":"https:\/\/ppdegalicia.com\/es\/o-ppdeg-afirma-que-ribeira-contara-con-dous-novos-medicos-coa-aplicacion-da-nova-lei-que-permite-cubrir-vacantes-por-concurso-de-meritos\/","title":{"rendered":"O PPdeG afirma que Ribeira contar\u00e1 con dous novos m\u00e9dicos coa aplicaci\u00f3n da nova lei que permite cubrir vacantes por concurso de m\u00e9ritos"},"content":{"rendered":"<p><img fetchpriority=\"high\" decoding=\"async\" class=\" size-full wp-image-58164\" src=\"https:\/\/ppdegalicia.com\/wp-content\/uploads\/2023\/05\/c2342aa227f786fecb3364a576d6267d.jpg\" alt=\"\" width=\"1900\" height=\"1267\" srcset=\"https:\/\/ppdegalicia.com\/wp-content\/uploads\/2023\/05\/c2342aa227f786fecb3364a576d6267d.jpg 1900w, https:\/\/ppdegalicia.com\/wp-content\/uploads\/2023\/05\/c2342aa227f786fecb3364a576d6267d-300x200.jpg 300w, https:\/\/ppdegalicia.com\/wp-content\/uploads\/2023\/05\/c2342aa227f786fecb3364a576d6267d-1024x683.jpg 1024w, https:\/\/ppdegalicia.com\/wp-content\/uploads\/2023\/05\/c2342aa227f786fecb3364a576d6267d-768x512.jpg 768w, https:\/\/ppdegalicia.com\/wp-content\/uploads\/2023\/05\/c2342aa227f786fecb3364a576d6267d-1536x1024.jpg 1536w\" sizes=\"(max-width: 1900px) 100vw, 1900px\" \/><\/p>\n<p>5 de maio de 2023. O viceportavoz do Grupo Popular, Alberto Pazos, afirmou hoxe no Parlamento galego que a aplicaci\u00f3n da Lei que permite a cobertura de prazas por concurso de m\u00e9ritos facilitar\u00e1 a convocatoria de d\u00faas prazas para o concello de Ribeira, que poder\u00e1n prestar servizo no consultorio de Corrubedo e cubrir a baixa de longa duraci\u00f3n do m\u00e9dico que presta servizo nesta parroquia.<\/p>\n<p><!--more--><\/p>\n<p>Alberto Pazos salientou que \u201ca Xunta est\u00e1 a tomar todas as medidas posibles ao seu alcance para paliar a falta de m\u00e9dicos existente a nivel de toda Espa\u00f1a\u201d, a trav\u00e9s de medidas como a prolongaci\u00f3n de xornadas, as intersubstituci\u00f3ns, a reordenaci\u00f3n de cupos ou a aprobaci\u00f3n da Lei para a cobertura inmediata de prazas por concurso de m\u00e9ritos.<\/p>\n<p>\u00a0<\/p>\n<p><strong>NON SE PODE FALAR DE DESATENCI\u00d3N<\/strong><\/p>\n<p>\u00a0<\/p>\n<p>Diante da baixa por incapacidade temporal de longa duraci\u00f3n do m\u00e9dico que presta servizo no consultorio de Corrubedo, o viceportavoz popular afirmou que \u201centendemos a molestia dos pacientes, pero en ning\u00fan caso se pode falar de desatenci\u00f3n\u201d e asegurou que \u201cen ning\u00fan caso se vai pechar este consultorio\u201d.<\/p>\n<p>\u00a0<\/p>\n<p>\u201cO Goberno galego est\u00e1 a facer canto est\u00e1 nas s\u00faas mans para paliar a falta de profesionais, a pesar de que BNG e PSdeG non deixan de po\u00f1er paos nas rodas votando en contra do uso do concurso de m\u00e9ritos para acceder en propiedade a prazas de dif\u00edcil cobertura, da convocatoria dun MIR extraordinario de primaria ou da creaci\u00f3n da especialidade de urxencias\u201d, explicou. <\/p>\n","protected":false},"excerpt":{"rendered":"<p>5 de maio de 2023. O viceportavoz do Grupo Popular, Alberto Pazos, afirmou hoxe no Parlamento galego que a aplicaci\u00f3n da Lei que permite a cobertura de prazas por concurso de m\u00e9ritos facilitar\u00e1 a convocatoria de d\u00faas prazas para o concello de Ribeira, que poder\u00e1n prestar servizo no consultorio de Corrubedo e cubrir a baixa [&hellip;]<\/p>\n","protected":false},"author":38,"featured_media":58164,"comment_status":"open","ping_status":"open","sticky":false,"template":"","format":"standard","meta":{"_acf_changed":false,"footnotes":""},"categories":[1],"tags":[],"class_list":["post-58165","post","type-post","status-publish","format-standard","has-post-thumbnail","hentry","category-pp-de-galicia"],"acf":[],"yoast_head":"<!-- This site is optimized with the Yoast SEO plugin v27.3 - https:\/\/yoast.com\/product\/yoast-seo-wordpress\/ -->\n<title>O PPdeG afirma que Ribeira contar\u00e1 con dous novos m\u00e9dicos coa aplicaci\u00f3n da nova lei que permite cubrir vacantes por concurso de m\u00e9ritos - PP de Galicia<\/title>\n<meta name=\"robots\" content=\"index, follow, max-snippet:-1, max-image-preview:large, max-video-preview:-1\" \/>\n<link rel=\"canonical\" href=\"https:\/\/ppdegalicia.com\/es\/o-ppdeg-afirma-que-ribeira-contara-con-dous-novos-medicos-coa-aplicacion-da-nova-lei-que-permite-cubrir-vacantes-por-concurso-de-meritos\/\" \/>\n<meta property=\"og:locale\" content=\"es_ES\" \/>\n<meta property=\"og:type\" content=\"article\" \/>\n<meta property=\"og:title\" content=\"O PPdeG afirma que Ribeira contar\u00e1 con dous novos m\u00e9dicos coa aplicaci\u00f3n da nova lei que permite cubrir vacantes por concurso de m\u00e9ritos - PP de Galicia\" \/>\n<meta property=\"og:description\" content=\"5 de maio de 2023. O viceportavoz do Grupo Popular, Alberto Pazos, afirmou hoxe no Parlamento galego que a aplicaci\u00f3n da Lei que permite a cobertura de prazas por concurso de m\u00e9ritos facilitar\u00e1 a convocatoria de d\u00faas prazas para o concello de Ribeira, que poder\u00e1n prestar servizo no consultorio de Corrubedo e cubrir a baixa [&hellip;]\" \/>\n<meta property=\"og:url\" content=\"https:\/\/ppdegalicia.com\/es\/o-ppdeg-afirma-que-ribeira-contara-con-dous-novos-medicos-coa-aplicacion-da-nova-lei-que-permite-cubrir-vacantes-por-concurso-de-meritos\/\" \/>\n<meta property=\"og:site_name\" content=\"PP de Galicia\" \/>\n<meta property=\"article:publisher\" content=\"https:\/\/www.instagram.com\/ppdegalicia\/\" \/>\n<meta property=\"article:published_time\" content=\"2023-05-05T10:44:10+00:00\" \/>\n<meta property=\"og:image\" content=\"https:\/\/ppdegalicia.com\/wp-content\/uploads\/2023\/05\/c2342aa227f786fecb3364a576d6267d.jpg\" \/>\n\t<meta property=\"og:image:width\" content=\"1900\" \/>\n\t<meta property=\"og:image:height\" content=\"1267\" \/>\n\t<meta property=\"og:image:type\" content=\"image\/jpeg\" \/>\n<meta name=\"author\" content=\"ppdegaliciaredes\" \/>\n<meta name=\"twitter:card\" content=\"summary_large_image\" \/>\n<meta name=\"twitter:creator\" content=\"@ppdegalicia\" \/>\n<meta name=\"twitter:site\" content=\"@ppdegalicia\" \/>\n<meta name=\"twitter:label1\" content=\"Escrito por\" \/>\n\t<meta name=\"twitter:data1\" content=\"ppdegaliciaredes\" \/>\n\t<meta name=\"twitter:label2\" content=\"Tiempo de lectura\" \/>\n\t<meta name=\"twitter:data2\" content=\"1 minuto\" \/>\n<script type=\"application\/ld+json\" class=\"yoast-schema-graph\">{\"@context\":\"https:\\\/\\\/schema.org\",\"@graph\":[{\"@type\":\"Article\",\"@id\":\"https:\\\/\\\/ppdegalicia.com\\\/es\\\/o-ppdeg-afirma-que-ribeira-contara-con-dous-novos-medicos-coa-aplicacion-da-nova-lei-que-permite-cubrir-vacantes-por-concurso-de-meritos\\\/#article\",\"isPartOf\":{\"@id\":\"https:\\\/\\\/ppdegalicia.com\\\/es\\\/o-ppdeg-afirma-que-ribeira-contara-con-dous-novos-medicos-coa-aplicacion-da-nova-lei-que-permite-cubrir-vacantes-por-concurso-de-meritos\\\/\"},\"author\":{\"name\":\"ppdegaliciaredes\",\"@id\":\"https:\\\/\\\/ppdegalicia.com\\\/es\\\/#\\\/schema\\\/person\\\/5b822c6f59e872ebdd1142f307dbcb59\"},\"headline\":\"O PPdeG afirma que Ribeira contar\u00e1 con dous novos m\u00e9dicos coa aplicaci\u00f3n da nova lei que permite cubrir vacantes por concurso de m\u00e9ritos\",\"datePublished\":\"2023-05-05T10:44:10+00:00\",\"mainEntityOfPage\":{\"@id\":\"https:\\\/\\\/ppdegalicia.com\\\/es\\\/o-ppdeg-afirma-que-ribeira-contara-con-dous-novos-medicos-coa-aplicacion-da-nova-lei-que-permite-cubrir-vacantes-por-concurso-de-meritos\\\/\"},\"wordCount\":290,\"commentCount\":0,\"publisher\":{\"@id\":\"https:\\\/\\\/ppdegalicia.com\\\/es\\\/#organization\"},\"image\":{\"@id\":\"https:\\\/\\\/ppdegalicia.com\\\/es\\\/o-ppdeg-afirma-que-ribeira-contara-con-dous-novos-medicos-coa-aplicacion-da-nova-lei-que-permite-cubrir-vacantes-por-concurso-de-meritos\\\/#primaryimage\"},\"thumbnailUrl\":\"https:\\\/\\\/ppdegalicia.com\\\/wp-content\\\/uploads\\\/2023\\\/05\\\/c2342aa227f786fecb3364a576d6267d.jpg\",\"articleSection\":[\"PP de Galicia\"],\"inLanguage\":\"es\",\"potentialAction\":[{\"@type\":\"CommentAction\",\"name\":\"Comment\",\"target\":[\"https:\\\/\\\/ppdegalicia.com\\\/es\\\/o-ppdeg-afirma-que-ribeira-contara-con-dous-novos-medicos-coa-aplicacion-da-nova-lei-que-permite-cubrir-vacantes-por-concurso-de-meritos\\\/#respond\"]}]},{\"@type\":\"WebPage\",\"@id\":\"https:\\\/\\\/ppdegalicia.com\\\/es\\\/o-ppdeg-afirma-que-ribeira-contara-con-dous-novos-medicos-coa-aplicacion-da-nova-lei-que-permite-cubrir-vacantes-por-concurso-de-meritos\\\/\",\"url\":\"https:\\\/\\\/ppdegalicia.com\\\/es\\\/o-ppdeg-afirma-que-ribeira-contara-con-dous-novos-medicos-coa-aplicacion-da-nova-lei-que-permite-cubrir-vacantes-por-concurso-de-meritos\\\/\",\"name\":\"O PPdeG afirma que Ribeira contar\u00e1 con dous novos m\u00e9dicos coa aplicaci\u00f3n da nova lei que permite cubrir vacantes por concurso de m\u00e9ritos - PP de Galicia\",\"isPartOf\":{\"@id\":\"https:\\\/\\\/ppdegalicia.com\\\/es\\\/#website\"},\"primaryImageOfPage\":{\"@id\":\"https:\\\/\\\/ppdegalicia.com\\\/es\\\/o-ppdeg-afirma-que-ribeira-contara-con-dous-novos-medicos-coa-aplicacion-da-nova-lei-que-permite-cubrir-vacantes-por-concurso-de-meritos\\\/#primaryimage\"},\"image\":{\"@id\":\"https:\\\/\\\/ppdegalicia.com\\\/es\\\/o-ppdeg-afirma-que-ribeira-contara-con-dous-novos-medicos-coa-aplicacion-da-nova-lei-que-permite-cubrir-vacantes-por-concurso-de-meritos\\\/#primaryimage\"},\"thumbnailUrl\":\"https:\\\/\\\/ppdegalicia.com\\\/wp-content\\\/uploads\\\/2023\\\/05\\\/c2342aa227f786fecb3364a576d6267d.jpg\",\"datePublished\":\"2023-05-05T10:44:10+00:00\",\"breadcrumb\":{\"@id\":\"https:\\\/\\\/ppdegalicia.com\\\/es\\\/o-ppdeg-afirma-que-ribeira-contara-con-dous-novos-medicos-coa-aplicacion-da-nova-lei-que-permite-cubrir-vacantes-por-concurso-de-meritos\\\/#breadcrumb\"},\"inLanguage\":\"es\",\"potentialAction\":[{\"@type\":\"ReadAction\",\"target\":[\"https:\\\/\\\/ppdegalicia.com\\\/es\\\/o-ppdeg-afirma-que-ribeira-contara-con-dous-novos-medicos-coa-aplicacion-da-nova-lei-que-permite-cubrir-vacantes-por-concurso-de-meritos\\\/\"]}]},{\"@type\":\"ImageObject\",\"inLanguage\":\"es\",\"@id\":\"https:\\\/\\\/ppdegalicia.com\\\/es\\\/o-ppdeg-afirma-que-ribeira-contara-con-dous-novos-medicos-coa-aplicacion-da-nova-lei-que-permite-cubrir-vacantes-por-concurso-de-meritos\\\/#primaryimage\",\"url\":\"https:\\\/\\\/ppdegalicia.com\\\/wp-content\\\/uploads\\\/2023\\\/05\\\/c2342aa227f786fecb3364a576d6267d.jpg\",\"contentUrl\":\"https:\\\/\\\/ppdegalicia.com\\\/wp-content\\\/uploads\\\/2023\\\/05\\\/c2342aa227f786fecb3364a576d6267d.jpg\",\"width\":1900,\"height\":1267},{\"@type\":\"BreadcrumbList\",\"@id\":\"https:\\\/\\\/ppdegalicia.com\\\/es\\\/o-ppdeg-afirma-que-ribeira-contara-con-dous-novos-medicos-coa-aplicacion-da-nova-lei-que-permite-cubrir-vacantes-por-concurso-de-meritos\\\/#breadcrumb\",\"itemListElement\":[{\"@type\":\"ListItem\",\"position\":1,\"name\":\"Portada\",\"item\":\"https:\\\/\\\/ppdegalicia.com\\\/es\\\/\"},{\"@type\":\"ListItem\",\"position\":2,\"name\":\"O PPdeG afirma que Ribeira contar\u00e1 con dous novos m\u00e9dicos coa aplicaci\u00f3n da nova lei que permite cubrir vacantes por concurso de m\u00e9ritos\"}]},{\"@type\":\"WebSite\",\"@id\":\"https:\\\/\\\/ppdegalicia.com\\\/es\\\/#website\",\"url\":\"https:\\\/\\\/ppdegalicia.com\\\/es\\\/\",\"name\":\"Partido Popular de Galicia\",\"description\":\"Partido Popular de Galicia\",\"publisher\":{\"@id\":\"https:\\\/\\\/ppdegalicia.com\\\/es\\\/#organization\"},\"alternateName\":\"PP de Galicia\",\"potentialAction\":[{\"@type\":\"SearchAction\",\"target\":{\"@type\":\"EntryPoint\",\"urlTemplate\":\"https:\\\/\\\/ppdegalicia.com\\\/es\\\/?s={search_term_string}\"},\"query-input\":{\"@type\":\"PropertyValueSpecification\",\"valueRequired\":true,\"valueName\":\"search_term_string\"}}],\"inLanguage\":\"es\"},{\"@type\":\"Organization\",\"@id\":\"https:\\\/\\\/ppdegalicia.com\\\/es\\\/#organization\",\"name\":\"Partido Popular de Galicia\",\"alternateName\":\"PP de Galicia\",\"url\":\"https:\\\/\\\/ppdegalicia.com\\\/es\\\/\",\"logo\":{\"@type\":\"ImageObject\",\"inLanguage\":\"es\",\"@id\":\"https:\\\/\\\/ppdegalicia.com\\\/es\\\/#\\\/schema\\\/logo\\\/image\\\/\",\"url\":\"https:\\\/\\\/ppdegalicia.com\\\/wp-content\\\/uploads\\\/2023\\\/04\\\/logoPP512.png\",\"contentUrl\":\"https:\\\/\\\/ppdegalicia.com\\\/wp-content\\\/uploads\\\/2023\\\/04\\\/logoPP512.png\",\"width\":512,\"height\":512,\"caption\":\"Partido Popular de Galicia\"},\"image\":{\"@id\":\"https:\\\/\\\/ppdegalicia.com\\\/es\\\/#\\\/schema\\\/logo\\\/image\\\/\"},\"sameAs\":[\"https:\\\/\\\/www.instagram.com\\\/ppdegalicia\\\/\",\"https:\\\/\\\/x.com\\\/ppdegalicia\",\"https:\\\/\\\/www.tiktok.com\\\/@ppdegalicia\",\"https:\\\/\\\/www.youtube.com\\\/user\\\/ppdegalicia\"]},{\"@type\":\"Person\",\"@id\":\"https:\\\/\\\/ppdegalicia.com\\\/es\\\/#\\\/schema\\\/person\\\/5b822c6f59e872ebdd1142f307dbcb59\",\"name\":\"ppdegaliciaredes\",\"image\":{\"@type\":\"ImageObject\",\"inLanguage\":\"es\",\"@id\":\"https:\\\/\\\/secure.gravatar.com\\\/avatar\\\/3c9179cf0256d00c72a48d1f25783c58b6842cd56e85ef3a572881c8e28ccd59?s=96&d=mm&r=g\",\"url\":\"https:\\\/\\\/secure.gravatar.com\\\/avatar\\\/3c9179cf0256d00c72a48d1f25783c58b6842cd56e85ef3a572881c8e28ccd59?s=96&d=mm&r=g\",\"contentUrl\":\"https:\\\/\\\/secure.gravatar.com\\\/avatar\\\/3c9179cf0256d00c72a48d1f25783c58b6842cd56e85ef3a572881c8e28ccd59?s=96&d=mm&r=g\",\"caption\":\"ppdegaliciaredes\"},\"url\":\"https:\\\/\\\/ppdegalicia.com\\\/es\\\/author\\\/ppdegaliciaredes\\\/\"}]}<\/script>\n<!-- \/ Yoast SEO plugin. -->","yoast_head_json":{"title":"O PPdeG afirma que Ribeira contar\u00e1 con dous novos m\u00e9dicos coa aplicaci\u00f3n da nova lei que permite cubrir vacantes por concurso de m\u00e9ritos - PP de Galicia","robots":{"index":"index","follow":"follow","max-snippet":"max-snippet:-1","max-image-preview":"max-image-preview:large","max-video-preview":"max-video-preview:-1"},"canonical":"https:\/\/ppdegalicia.com\/es\/o-ppdeg-afirma-que-ribeira-contara-con-dous-novos-medicos-coa-aplicacion-da-nova-lei-que-permite-cubrir-vacantes-por-concurso-de-meritos\/","og_locale":"es_ES","og_type":"article","og_title":"O PPdeG afirma que Ribeira contar\u00e1 con dous novos m\u00e9dicos coa aplicaci\u00f3n da nova lei que permite cubrir vacantes por concurso de m\u00e9ritos - PP de Galicia","og_description":"5 de maio de 2023. O viceportavoz do Grupo Popular, Alberto Pazos, afirmou hoxe no Parlamento galego que a aplicaci\u00f3n da Lei que permite a cobertura de prazas por concurso de m\u00e9ritos facilitar\u00e1 a convocatoria de d\u00faas prazas para o concello de Ribeira, que poder\u00e1n prestar servizo no consultorio de Corrubedo e cubrir a baixa [&hellip;]","og_url":"https:\/\/ppdegalicia.com\/es\/o-ppdeg-afirma-que-ribeira-contara-con-dous-novos-medicos-coa-aplicacion-da-nova-lei-que-permite-cubrir-vacantes-por-concurso-de-meritos\/","og_site_name":"PP de Galicia","article_publisher":"https:\/\/www.instagram.com\/ppdegalicia\/","article_published_time":"2023-05-05T10:44:10+00:00","og_image":[{"width":1900,"height":1267,"url":"https:\/\/ppdegalicia.com\/wp-content\/uploads\/2023\/05\/c2342aa227f786fecb3364a576d6267d.jpg","type":"image\/jpeg"}],"author":"ppdegaliciaredes","twitter_card":"summary_large_image","twitter_creator":"@ppdegalicia","twitter_site":"@ppdegalicia","twitter_misc":{"Escrito por":"ppdegaliciaredes","Tiempo de lectura":"1 minuto"},"schema":{"@context":"https:\/\/schema.org","@graph":[{"@type":"Article","@id":"https:\/\/ppdegalicia.com\/es\/o-ppdeg-afirma-que-ribeira-contara-con-dous-novos-medicos-coa-aplicacion-da-nova-lei-que-permite-cubrir-vacantes-por-concurso-de-meritos\/#article","isPartOf":{"@id":"https:\/\/ppdegalicia.com\/es\/o-ppdeg-afirma-que-ribeira-contara-con-dous-novos-medicos-coa-aplicacion-da-nova-lei-que-permite-cubrir-vacantes-por-concurso-de-meritos\/"},"author":{"name":"ppdegaliciaredes","@id":"https:\/\/ppdegalicia.com\/es\/#\/schema\/person\/5b822c6f59e872ebdd1142f307dbcb59"},"headline":"O PPdeG afirma que Ribeira contar\u00e1 con dous novos m\u00e9dicos coa aplicaci\u00f3n da nova lei que permite cubrir vacantes por concurso de m\u00e9ritos","datePublished":"2023-05-05T10:44:10+00:00","mainEntityOfPage":{"@id":"https:\/\/ppdegalicia.com\/es\/o-ppdeg-afirma-que-ribeira-contara-con-dous-novos-medicos-coa-aplicacion-da-nova-lei-que-permite-cubrir-vacantes-por-concurso-de-meritos\/"},"wordCount":290,"commentCount":0,"publisher":{"@id":"https:\/\/ppdegalicia.com\/es\/#organization"},"image":{"@id":"https:\/\/ppdegalicia.com\/es\/o-ppdeg-afirma-que-ribeira-contara-con-dous-novos-medicos-coa-aplicacion-da-nova-lei-que-permite-cubrir-vacantes-por-concurso-de-meritos\/#primaryimage"},"thumbnailUrl":"https:\/\/ppdegalicia.com\/wp-content\/uploads\/2023\/05\/c2342aa227f786fecb3364a576d6267d.jpg","articleSection":["PP de Galicia"],"inLanguage":"es","potentialAction":[{"@type":"CommentAction","name":"Comment","target":["https:\/\/ppdegalicia.com\/es\/o-ppdeg-afirma-que-ribeira-contara-con-dous-novos-medicos-coa-aplicacion-da-nova-lei-que-permite-cubrir-vacantes-por-concurso-de-meritos\/#respond"]}]},{"@type":"WebPage","@id":"https:\/\/ppdegalicia.com\/es\/o-ppdeg-afirma-que-ribeira-contara-con-dous-novos-medicos-coa-aplicacion-da-nova-lei-que-permite-cubrir-vacantes-por-concurso-de-meritos\/","url":"https:\/\/ppdegalicia.com\/es\/o-ppdeg-afirma-que-ribeira-contara-con-dous-novos-medicos-coa-aplicacion-da-nova-lei-que-permite-cubrir-vacantes-por-concurso-de-meritos\/","name":"O PPdeG afirma que Ribeira contar\u00e1 con dous novos m\u00e9dicos coa aplicaci\u00f3n da nova lei que permite cubrir vacantes por concurso de m\u00e9ritos - PP de Galicia","isPartOf":{"@id":"https:\/\/ppdegalicia.com\/es\/#website"},"primaryImageOfPage":{"@id":"https:\/\/ppdegalicia.com\/es\/o-ppdeg-afirma-que-ribeira-contara-con-dous-novos-medicos-coa-aplicacion-da-nova-lei-que-permite-cubrir-vacantes-por-concurso-de-meritos\/#primaryimage"},"image":{"@id":"https:\/\/ppdegalicia.com\/es\/o-ppdeg-afirma-que-ribeira-contara-con-dous-novos-medicos-coa-aplicacion-da-nova-lei-que-permite-cubrir-vacantes-por-concurso-de-meritos\/#primaryimage"},"thumbnailUrl":"https:\/\/ppdegalicia.com\/wp-content\/uploads\/2023\/05\/c2342aa227f786fecb3364a576d6267d.jpg","datePublished":"2023-05-05T10:44:10+00:00","breadcrumb":{"@id":"https:\/\/ppdegalicia.com\/es\/o-ppdeg-afirma-que-ribeira-contara-con-dous-novos-medicos-coa-aplicacion-da-nova-lei-que-permite-cubrir-vacantes-por-concurso-de-meritos\/#breadcrumb"},"inLanguage":"es","potentialAction":[{"@type":"ReadAction","target":["https:\/\/ppdegalicia.com\/es\/o-ppdeg-afirma-que-ribeira-contara-con-dous-novos-medicos-coa-aplicacion-da-nova-lei-que-permite-cubrir-vacantes-por-concurso-de-meritos\/"]}]},{"@type":"ImageObject","inLanguage":"es","@id":"https:\/\/ppdegalicia.com\/es\/o-ppdeg-afirma-que-ribeira-contara-con-dous-novos-medicos-coa-aplicacion-da-nova-lei-que-permite-cubrir-vacantes-por-concurso-de-meritos\/#primaryimage","url":"https:\/\/ppdegalicia.com\/wp-content\/uploads\/2023\/05\/c2342aa227f786fecb3364a576d6267d.jpg","contentUrl":"https:\/\/ppdegalicia.com\/wp-content\/uploads\/2023\/05\/c2342aa227f786fecb3364a576d6267d.jpg","width":1900,"height":1267},{"@type":"BreadcrumbList","@id":"https:\/\/ppdegalicia.com\/es\/o-ppdeg-afirma-que-ribeira-contara-con-dous-novos-medicos-coa-aplicacion-da-nova-lei-que-permite-cubrir-vacantes-por-concurso-de-meritos\/#breadcrumb","itemListElement":[{"@type":"ListItem","position":1,"name":"Portada","item":"https:\/\/ppdegalicia.com\/es\/"},{"@type":"ListItem","position":2,"name":"O PPdeG afirma que Ribeira contar\u00e1 con dous novos m\u00e9dicos coa aplicaci\u00f3n da nova lei que permite cubrir vacantes por concurso de m\u00e9ritos"}]},{"@type":"WebSite","@id":"https:\/\/ppdegalicia.com\/es\/#website","url":"https:\/\/ppdegalicia.com\/es\/","name":"Partido Popular de Galicia","description":"Partido Popular de Galicia","publisher":{"@id":"https:\/\/ppdegalicia.com\/es\/#organization"},"alternateName":"PP de Galicia","potentialAction":[{"@type":"SearchAction","target":{"@type":"EntryPoint","urlTemplate":"https:\/\/ppdegalicia.com\/es\/?s={search_term_string}"},"query-input":{"@type":"PropertyValueSpecification","valueRequired":true,"valueName":"search_term_string"}}],"inLanguage":"es"},{"@type":"Organization","@id":"https:\/\/ppdegalicia.com\/es\/#organization","name":"Partido Popular de Galicia","alternateName":"PP de Galicia","url":"https:\/\/ppdegalicia.com\/es\/","logo":{"@type":"ImageObject","inLanguage":"es","@id":"https:\/\/ppdegalicia.com\/es\/#\/schema\/logo\/image\/","url":"https:\/\/ppdegalicia.com\/wp-content\/uploads\/2023\/04\/logoPP512.png","contentUrl":"https:\/\/ppdegalicia.com\/wp-content\/uploads\/2023\/04\/logoPP512.png","width":512,"height":512,"caption":"Partido Popular de Galicia"},"image":{"@id":"https:\/\/ppdegalicia.com\/es\/#\/schema\/logo\/image\/"},"sameAs":["https:\/\/www.instagram.com\/ppdegalicia\/","https:\/\/x.com\/ppdegalicia","https:\/\/www.tiktok.com\/@ppdegalicia","https:\/\/www.youtube.com\/user\/ppdegalicia"]},{"@type":"Person","@id":"https:\/\/ppdegalicia.com\/es\/#\/schema\/person\/5b822c6f59e872ebdd1142f307dbcb59","name":"ppdegaliciaredes","image":{"@type":"ImageObject","inLanguage":"es","@id":"https:\/\/secure.gravatar.com\/avatar\/3c9179cf0256d00c72a48d1f25783c58b6842cd56e85ef3a572881c8e28ccd59?s=96&d=mm&r=g","url":"https:\/\/secure.gravatar.com\/avatar\/3c9179cf0256d00c72a48d1f25783c58b6842cd56e85ef3a572881c8e28ccd59?s=96&d=mm&r=g","contentUrl":"https:\/\/secure.gravatar.com\/avatar\/3c9179cf0256d00c72a48d1f25783c58b6842cd56e85ef3a572881c8e28ccd59?s=96&d=mm&r=g","caption":"ppdegaliciaredes"},"url":"https:\/\/ppdegalicia.com\/es\/author\/ppdegaliciaredes\/"}]}},"_links":{"self":[{"href":"https:\/\/ppdegalicia.com\/es\/wp-json\/wp\/v2\/posts\/58165","targetHints":{"allow":["GET"]}}],"collection":[{"href":"https:\/\/ppdegalicia.com\/es\/wp-json\/wp\/v2\/posts"}],"about":[{"href":"https:\/\/ppdegalicia.com\/es\/wp-json\/wp\/v2\/types\/post"}],"author":[{"embeddable":true,"href":"https:\/\/ppdegalicia.com\/es\/wp-json\/wp\/v2\/users\/38"}],"replies":[{"embeddable":true,"href":"https:\/\/ppdegalicia.com\/es\/wp-json\/wp\/v2\/comments?post=58165"}],"version-history":[{"count":0,"href":"https:\/\/ppdegalicia.com\/es\/wp-json\/wp\/v2\/posts\/58165\/revisions"}],"wp:featuredmedia":[{"embeddable":true,"href":"https:\/\/ppdegalicia.com\/es\/wp-json\/wp\/v2\/media\/58164"}],"wp:attachment":[{"href":"https:\/\/ppdegalicia.com\/es\/wp-json\/wp\/v2\/media?parent=58165"}],"wp:term":[{"taxonomy":"category","embeddable":true,"href":"https:\/\/ppdegalicia.com\/es\/wp-json\/wp\/v2\/categories?post=58165"},{"taxonomy":"post_tag","embeddable":true,"href":"https:\/\/ppdegalicia.com\/es\/wp-json\/wp\/v2\/tags?post=58165"}],"curies":[{"name":"wp","href":"https:\/\/api.w.org\/{rel}","templated":true}]}}