{"id":58175,"date":"2023-05-10T10:20:48","date_gmt":"2023-05-10T08:20:48","guid":{"rendered":"https:\/\/ppdegalicia.com\/o-grupo-popular-incide-que-a-xunta-traballa-para-revitalizar-a-industria-galega-da-man-dun-uso-racional-compatible-e-sostible-dos-recursos\/"},"modified":"2023-05-10T10:20:48","modified_gmt":"2023-05-10T08:20:48","slug":"o-grupo-popular-incide-que-a-xunta-traballa-para-revitalizar-a-industria-galega-da-man-dun-uso-racional-compatible-e-sostible-dos-recursos","status":"publish","type":"post","link":"https:\/\/ppdegalicia.com\/es\/o-grupo-popular-incide-que-a-xunta-traballa-para-revitalizar-a-industria-galega-da-man-dun-uso-racional-compatible-e-sostible-dos-recursos\/","title":{"rendered":"O Grupo Popular incide que a Xunta traballa para revitalizar a industria galega da man dun uso racional, compatible e sostible dos recursos"},"content":{"rendered":"<p><img fetchpriority=\"high\" decoding=\"async\" class=\" size-full wp-image-58174\" src=\"https:\/\/ppdegalicia.com\/wp-content\/uploads\/2023\/05\/0d62d96867f21509ed6e6e052109ab9b.jpg\" alt=\"\" width=\"1900\" height=\"1267\" srcset=\"https:\/\/ppdegalicia.com\/wp-content\/uploads\/2023\/05\/0d62d96867f21509ed6e6e052109ab9b.jpg 1900w, https:\/\/ppdegalicia.com\/wp-content\/uploads\/2023\/05\/0d62d96867f21509ed6e6e052109ab9b-300x200.jpg 300w, https:\/\/ppdegalicia.com\/wp-content\/uploads\/2023\/05\/0d62d96867f21509ed6e6e052109ab9b-1024x683.jpg 1024w, https:\/\/ppdegalicia.com\/wp-content\/uploads\/2023\/05\/0d62d96867f21509ed6e6e052109ab9b-768x512.jpg 768w, https:\/\/ppdegalicia.com\/wp-content\/uploads\/2023\/05\/0d62d96867f21509ed6e6e052109ab9b-1536x1024.jpg 1536w\" sizes=\"(max-width: 1900px) 100vw, 1900px\" \/><\/p>\n<p>9 de maio de 2023. A viceportavoz do Grupo Popular, Marta N\u00f3voa, incidiu hoxe no Pleno do Parlamento galego que a Xunta \u201ctraballa para revitalizar a industria galega da man dun uso racional, compatible e sostible dos nosos recursos, xerando m\u00e1is riqueza, m\u00e1is emprego e m\u00e1is benestar para a sociedade galega de hoxe e, sobre todo, para a sociedade galega do ma\u00f1\u00e1\u201d.<\/p>\n<p><!--more--><\/p>\n<p>\u201cSe deixamos este proceso nas mans do BNG e do PSdeG, Galicia ser\u00eda a \u00faltima en revitalizar a s\u00faa industria e en xerar novos empregos\u201d, apuntou.<\/p>\n<p>\u00a0<\/p>\n<p>Marta N\u00f3voa manifestou que \u201cas administraci\u00f3ns te\u00f1en que establecer condici\u00f3ns propicias para a competitividade das empresas, para proporcionar emprego de calidade \u00e1 mocidade e para dotar dun alto nivel de protecci\u00f3n ao medio ambiente\u201d.<\/p>\n<p>\u00a0<\/p>\n<p>Neste sentido, sinalou que a prioridade do Goberno galego \u201c\u00e9 garantir unha planificaci\u00f3n ordenada do desenvolvemento e\u00f3lico, achegando seguridade xur\u00eddica e transparencia, ao tempo que unha compatibilidade co medio natural, coa protecci\u00f3n do patrimonio cultural e coa actividade do sector primario\u201d. As\u00ed, Marta N\u00f3voa apuntou que \u201cen Galicia es\u00edxese unha avaliaci\u00f3n ambiental ordinaria para os proxectos e\u00f3licos que se tramitan, a m\u00e1is rigorosa, sempre con participaci\u00f3n p\u00fablica e que ten en conta o estudo de sinerxias no que se aval\u00edan os parques m\u00e1is pr\u00f3ximos e as infraestruturas de evacuaci\u00f3n\u201d.<\/p>\n<p>\u00a0<\/p>\n<p><strong>MODELOS CONTRAPOSTOS<\/strong><\/p>\n<p>\u00a0<\/p>\n<p>Fronte a este modelo, a viceportavoz popular contrapuxo o modelo do bipartito de BNG e PSdeG, que \u201cnon derrogou nin modificou o Plan sectorial e\u00f3lico, avaliado polo Tribunal Superior de Xustiza de Galicia; non paralizaron os parques e\u00f3licos que estaban en tramitaci\u00f3n e puxeron en funcionamento 36 parques e\u00f3licos con m\u00e1is de 870 MW, a cuarta parte da potencia instalada hoxe en Galicia; non sacaron un concurso e\u00f3lico con todas as garant\u00edas; e non ti\u00f1an intenci\u00f3n de paralizar o desenvolvemento e\u00f3lico, como piden agora\u201d.<\/p>\n<p>\u00a0<\/p>\n<p>Marta N\u00f3voa salientou \u201cos pasos que demos, a pesar do voto en contra do BNG, para permitir que queden para os galegos unha parte relevante dos beneficios das instalaci\u00f3ns el\u00e9ctricas en Galicia, como o canon e\u00f3lico, que permitiu recadar case 300 mill\u00f3ns de euros desde 2010 e a realizaci\u00f3n de m\u00e1is de 2.500 proxectos polos concellos galegos; a sinatura de contratos de compravenda de enerx\u00eda a longo prazo dedicados a cubrir as necesidades enerx\u00e9ticas do tecido empresarial; ou dando prioridade aos parques e\u00f3licos que repercutan un 2,5 por cento dos beneficios nas localidades nas que se asentan\u201d.<\/p>\n<p>\u00a0<\/p>\n<p>De cara ao futuro, avanzou que a Xunta xa traballa nunha Lei de promoci\u00f3n dos beneficios sociais e econ\u00f3micos dos proxectos que utilizan os recursos naturais de Galicia e tam\u00e9n est\u00e1 a estudar a f\u00f3rmula para crear un canon que grave as li\u00f1as de evacuaci\u00f3n da e\u00f3lica mari\u00f1a, cuxa recadaci\u00f3n est\u00e1 previsto que se dedique \u00e1s mesmas finalidades medioambientais que existen agora para o gravame da e\u00f3lica terrestre.<\/p>\n","protected":false},"excerpt":{"rendered":"<p>9 de maio de 2023. A viceportavoz do Grupo Popular, Marta N\u00f3voa, incidiu hoxe no Pleno do Parlamento galego que a Xunta \u201ctraballa para revitalizar a industria galega da man dun uso racional, compatible e sostible dos nosos recursos, xerando m\u00e1is riqueza, m\u00e1is emprego e m\u00e1is benestar para a sociedade galega de hoxe e, sobre [&hellip;]<\/p>\n","protected":false},"author":38,"featured_media":58174,"comment_status":"open","ping_status":"open","sticky":false,"template":"","format":"standard","meta":{"_acf_changed":false,"footnotes":""},"categories":[1],"tags":[],"class_list":["post-58175","post","type-post","status-publish","format-standard","has-post-thumbnail","hentry","category-pp-de-galicia"],"acf":[],"yoast_head":"<!-- This site is optimized with the Yoast SEO plugin v27.3 - https:\/\/yoast.com\/product\/yoast-seo-wordpress\/ -->\n<title>O Grupo Popular incide que a Xunta traballa para revitalizar a industria galega da man dun uso racional, compatible e sostible dos recursos - PP de Galicia<\/title>\n<meta name=\"robots\" content=\"index, follow, max-snippet:-1, max-image-preview:large, max-video-preview:-1\" \/>\n<link rel=\"canonical\" href=\"https:\/\/ppdegalicia.com\/es\/o-grupo-popular-incide-que-a-xunta-traballa-para-revitalizar-a-industria-galega-da-man-dun-uso-racional-compatible-e-sostible-dos-recursos\/\" \/>\n<meta property=\"og:locale\" content=\"es_ES\" \/>\n<meta property=\"og:type\" content=\"article\" \/>\n<meta property=\"og:title\" content=\"O Grupo Popular incide que a Xunta traballa para revitalizar a industria galega da man dun uso racional, compatible e sostible dos recursos - PP de Galicia\" \/>\n<meta property=\"og:description\" content=\"9 de maio de 2023. A viceportavoz do Grupo Popular, Marta N\u00f3voa, incidiu hoxe no Pleno do Parlamento galego que a Xunta \u201ctraballa para revitalizar a industria galega da man dun uso racional, compatible e sostible dos nosos recursos, xerando m\u00e1is riqueza, m\u00e1is emprego e m\u00e1is benestar para a sociedade galega de hoxe e, sobre [&hellip;]\" \/>\n<meta property=\"og:url\" content=\"https:\/\/ppdegalicia.com\/es\/o-grupo-popular-incide-que-a-xunta-traballa-para-revitalizar-a-industria-galega-da-man-dun-uso-racional-compatible-e-sostible-dos-recursos\/\" \/>\n<meta property=\"og:site_name\" content=\"PP de Galicia\" \/>\n<meta property=\"article:publisher\" content=\"https:\/\/www.instagram.com\/ppdegalicia\/\" \/>\n<meta property=\"article:published_time\" content=\"2023-05-10T08:20:48+00:00\" \/>\n<meta property=\"og:image\" content=\"https:\/\/ppdegalicia.com\/wp-content\/uploads\/2023\/05\/0d62d96867f21509ed6e6e052109ab9b.jpg\" \/>\n\t<meta property=\"og:image:width\" content=\"1900\" \/>\n\t<meta property=\"og:image:height\" content=\"1267\" \/>\n\t<meta property=\"og:image:type\" content=\"image\/jpeg\" \/>\n<meta name=\"author\" content=\"ppdegaliciaredes\" \/>\n<meta name=\"twitter:card\" content=\"summary_large_image\" \/>\n<meta name=\"twitter:creator\" content=\"@ppdegalicia\" \/>\n<meta name=\"twitter:site\" content=\"@ppdegalicia\" \/>\n<meta name=\"twitter:label1\" content=\"Escrito por\" \/>\n\t<meta name=\"twitter:data1\" content=\"ppdegaliciaredes\" \/>\n\t<meta name=\"twitter:label2\" content=\"Tiempo de lectura\" \/>\n\t<meta name=\"twitter:data2\" content=\"3 minutos\" \/>\n<script type=\"application\/ld+json\" class=\"yoast-schema-graph\">{\"@context\":\"https:\\\/\\\/schema.org\",\"@graph\":[{\"@type\":\"Article\",\"@id\":\"https:\\\/\\\/ppdegalicia.com\\\/es\\\/o-grupo-popular-incide-que-a-xunta-traballa-para-revitalizar-a-industria-galega-da-man-dun-uso-racional-compatible-e-sostible-dos-recursos\\\/#article\",\"isPartOf\":{\"@id\":\"https:\\\/\\\/ppdegalicia.com\\\/es\\\/o-grupo-popular-incide-que-a-xunta-traballa-para-revitalizar-a-industria-galega-da-man-dun-uso-racional-compatible-e-sostible-dos-recursos\\\/\"},\"author\":{\"name\":\"ppdegaliciaredes\",\"@id\":\"https:\\\/\\\/ppdegalicia.com\\\/es\\\/#\\\/schema\\\/person\\\/5b822c6f59e872ebdd1142f307dbcb59\"},\"headline\":\"O Grupo Popular incide que a Xunta traballa para revitalizar a industria galega da man dun uso racional, compatible e sostible dos recursos\",\"datePublished\":\"2023-05-10T08:20:48+00:00\",\"mainEntityOfPage\":{\"@id\":\"https:\\\/\\\/ppdegalicia.com\\\/es\\\/o-grupo-popular-incide-que-a-xunta-traballa-para-revitalizar-a-industria-galega-da-man-dun-uso-racional-compatible-e-sostible-dos-recursos\\\/\"},\"wordCount\":531,\"commentCount\":0,\"publisher\":{\"@id\":\"https:\\\/\\\/ppdegalicia.com\\\/es\\\/#organization\"},\"image\":{\"@id\":\"https:\\\/\\\/ppdegalicia.com\\\/es\\\/o-grupo-popular-incide-que-a-xunta-traballa-para-revitalizar-a-industria-galega-da-man-dun-uso-racional-compatible-e-sostible-dos-recursos\\\/#primaryimage\"},\"thumbnailUrl\":\"https:\\\/\\\/ppdegalicia.com\\\/wp-content\\\/uploads\\\/2023\\\/05\\\/0d62d96867f21509ed6e6e052109ab9b.jpg\",\"articleSection\":[\"PP de Galicia\"],\"inLanguage\":\"es\",\"potentialAction\":[{\"@type\":\"CommentAction\",\"name\":\"Comment\",\"target\":[\"https:\\\/\\\/ppdegalicia.com\\\/es\\\/o-grupo-popular-incide-que-a-xunta-traballa-para-revitalizar-a-industria-galega-da-man-dun-uso-racional-compatible-e-sostible-dos-recursos\\\/#respond\"]}]},{\"@type\":\"WebPage\",\"@id\":\"https:\\\/\\\/ppdegalicia.com\\\/es\\\/o-grupo-popular-incide-que-a-xunta-traballa-para-revitalizar-a-industria-galega-da-man-dun-uso-racional-compatible-e-sostible-dos-recursos\\\/\",\"url\":\"https:\\\/\\\/ppdegalicia.com\\\/es\\\/o-grupo-popular-incide-que-a-xunta-traballa-para-revitalizar-a-industria-galega-da-man-dun-uso-racional-compatible-e-sostible-dos-recursos\\\/\",\"name\":\"O Grupo Popular incide que a Xunta traballa para revitalizar a industria galega da man dun uso racional, compatible e sostible dos recursos - PP de Galicia\",\"isPartOf\":{\"@id\":\"https:\\\/\\\/ppdegalicia.com\\\/es\\\/#website\"},\"primaryImageOfPage\":{\"@id\":\"https:\\\/\\\/ppdegalicia.com\\\/es\\\/o-grupo-popular-incide-que-a-xunta-traballa-para-revitalizar-a-industria-galega-da-man-dun-uso-racional-compatible-e-sostible-dos-recursos\\\/#primaryimage\"},\"image\":{\"@id\":\"https:\\\/\\\/ppdegalicia.com\\\/es\\\/o-grupo-popular-incide-que-a-xunta-traballa-para-revitalizar-a-industria-galega-da-man-dun-uso-racional-compatible-e-sostible-dos-recursos\\\/#primaryimage\"},\"thumbnailUrl\":\"https:\\\/\\\/ppdegalicia.com\\\/wp-content\\\/uploads\\\/2023\\\/05\\\/0d62d96867f21509ed6e6e052109ab9b.jpg\",\"datePublished\":\"2023-05-10T08:20:48+00:00\",\"breadcrumb\":{\"@id\":\"https:\\\/\\\/ppdegalicia.com\\\/es\\\/o-grupo-popular-incide-que-a-xunta-traballa-para-revitalizar-a-industria-galega-da-man-dun-uso-racional-compatible-e-sostible-dos-recursos\\\/#breadcrumb\"},\"inLanguage\":\"es\",\"potentialAction\":[{\"@type\":\"ReadAction\",\"target\":[\"https:\\\/\\\/ppdegalicia.com\\\/es\\\/o-grupo-popular-incide-que-a-xunta-traballa-para-revitalizar-a-industria-galega-da-man-dun-uso-racional-compatible-e-sostible-dos-recursos\\\/\"]}]},{\"@type\":\"ImageObject\",\"inLanguage\":\"es\",\"@id\":\"https:\\\/\\\/ppdegalicia.com\\\/es\\\/o-grupo-popular-incide-que-a-xunta-traballa-para-revitalizar-a-industria-galega-da-man-dun-uso-racional-compatible-e-sostible-dos-recursos\\\/#primaryimage\",\"url\":\"https:\\\/\\\/ppdegalicia.com\\\/wp-content\\\/uploads\\\/2023\\\/05\\\/0d62d96867f21509ed6e6e052109ab9b.jpg\",\"contentUrl\":\"https:\\\/\\\/ppdegalicia.com\\\/wp-content\\\/uploads\\\/2023\\\/05\\\/0d62d96867f21509ed6e6e052109ab9b.jpg\",\"width\":1900,\"height\":1267},{\"@type\":\"BreadcrumbList\",\"@id\":\"https:\\\/\\\/ppdegalicia.com\\\/es\\\/o-grupo-popular-incide-que-a-xunta-traballa-para-revitalizar-a-industria-galega-da-man-dun-uso-racional-compatible-e-sostible-dos-recursos\\\/#breadcrumb\",\"itemListElement\":[{\"@type\":\"ListItem\",\"position\":1,\"name\":\"Portada\",\"item\":\"https:\\\/\\\/ppdegalicia.com\\\/es\\\/\"},{\"@type\":\"ListItem\",\"position\":2,\"name\":\"O Grupo Popular incide que a Xunta traballa para revitalizar a industria galega da man dun uso racional, compatible e sostible dos recursos\"}]},{\"@type\":\"WebSite\",\"@id\":\"https:\\\/\\\/ppdegalicia.com\\\/es\\\/#website\",\"url\":\"https:\\\/\\\/ppdegalicia.com\\\/es\\\/\",\"name\":\"Partido Popular de Galicia\",\"description\":\"Partido Popular de Galicia\",\"publisher\":{\"@id\":\"https:\\\/\\\/ppdegalicia.com\\\/es\\\/#organization\"},\"alternateName\":\"PP de Galicia\",\"potentialAction\":[{\"@type\":\"SearchAction\",\"target\":{\"@type\":\"EntryPoint\",\"urlTemplate\":\"https:\\\/\\\/ppdegalicia.com\\\/es\\\/?s={search_term_string}\"},\"query-input\":{\"@type\":\"PropertyValueSpecification\",\"valueRequired\":true,\"valueName\":\"search_term_string\"}}],\"inLanguage\":\"es\"},{\"@type\":\"Organization\",\"@id\":\"https:\\\/\\\/ppdegalicia.com\\\/es\\\/#organization\",\"name\":\"Partido Popular de Galicia\",\"alternateName\":\"PP de Galicia\",\"url\":\"https:\\\/\\\/ppdegalicia.com\\\/es\\\/\",\"logo\":{\"@type\":\"ImageObject\",\"inLanguage\":\"es\",\"@id\":\"https:\\\/\\\/ppdegalicia.com\\\/es\\\/#\\\/schema\\\/logo\\\/image\\\/\",\"url\":\"https:\\\/\\\/ppdegalicia.com\\\/wp-content\\\/uploads\\\/2023\\\/04\\\/logoPP512.png\",\"contentUrl\":\"https:\\\/\\\/ppdegalicia.com\\\/wp-content\\\/uploads\\\/2023\\\/04\\\/logoPP512.png\",\"width\":512,\"height\":512,\"caption\":\"Partido Popular de Galicia\"},\"image\":{\"@id\":\"https:\\\/\\\/ppdegalicia.com\\\/es\\\/#\\\/schema\\\/logo\\\/image\\\/\"},\"sameAs\":[\"https:\\\/\\\/www.instagram.com\\\/ppdegalicia\\\/\",\"https:\\\/\\\/x.com\\\/ppdegalicia\",\"https:\\\/\\\/www.tiktok.com\\\/@ppdegalicia\",\"https:\\\/\\\/www.youtube.com\\\/user\\\/ppdegalicia\"]},{\"@type\":\"Person\",\"@id\":\"https:\\\/\\\/ppdegalicia.com\\\/es\\\/#\\\/schema\\\/person\\\/5b822c6f59e872ebdd1142f307dbcb59\",\"name\":\"ppdegaliciaredes\",\"image\":{\"@type\":\"ImageObject\",\"inLanguage\":\"es\",\"@id\":\"https:\\\/\\\/secure.gravatar.com\\\/avatar\\\/3c9179cf0256d00c72a48d1f25783c58b6842cd56e85ef3a572881c8e28ccd59?s=96&d=mm&r=g\",\"url\":\"https:\\\/\\\/secure.gravatar.com\\\/avatar\\\/3c9179cf0256d00c72a48d1f25783c58b6842cd56e85ef3a572881c8e28ccd59?s=96&d=mm&r=g\",\"contentUrl\":\"https:\\\/\\\/secure.gravatar.com\\\/avatar\\\/3c9179cf0256d00c72a48d1f25783c58b6842cd56e85ef3a572881c8e28ccd59?s=96&d=mm&r=g\",\"caption\":\"ppdegaliciaredes\"},\"url\":\"https:\\\/\\\/ppdegalicia.com\\\/es\\\/author\\\/ppdegaliciaredes\\\/\"}]}<\/script>\n<!-- \/ Yoast SEO plugin. -->","yoast_head_json":{"title":"O Grupo Popular incide que a Xunta traballa para revitalizar a industria galega da man dun uso racional, compatible e sostible dos recursos - PP de Galicia","robots":{"index":"index","follow":"follow","max-snippet":"max-snippet:-1","max-image-preview":"max-image-preview:large","max-video-preview":"max-video-preview:-1"},"canonical":"https:\/\/ppdegalicia.com\/es\/o-grupo-popular-incide-que-a-xunta-traballa-para-revitalizar-a-industria-galega-da-man-dun-uso-racional-compatible-e-sostible-dos-recursos\/","og_locale":"es_ES","og_type":"article","og_title":"O Grupo Popular incide que a Xunta traballa para revitalizar a industria galega da man dun uso racional, compatible e sostible dos recursos - PP de Galicia","og_description":"9 de maio de 2023. A viceportavoz do Grupo Popular, Marta N\u00f3voa, incidiu hoxe no Pleno do Parlamento galego que a Xunta \u201ctraballa para revitalizar a industria galega da man dun uso racional, compatible e sostible dos nosos recursos, xerando m\u00e1is riqueza, m\u00e1is emprego e m\u00e1is benestar para a sociedade galega de hoxe e, sobre [&hellip;]","og_url":"https:\/\/ppdegalicia.com\/es\/o-grupo-popular-incide-que-a-xunta-traballa-para-revitalizar-a-industria-galega-da-man-dun-uso-racional-compatible-e-sostible-dos-recursos\/","og_site_name":"PP de Galicia","article_publisher":"https:\/\/www.instagram.com\/ppdegalicia\/","article_published_time":"2023-05-10T08:20:48+00:00","og_image":[{"width":1900,"height":1267,"url":"https:\/\/ppdegalicia.com\/wp-content\/uploads\/2023\/05\/0d62d96867f21509ed6e6e052109ab9b.jpg","type":"image\/jpeg"}],"author":"ppdegaliciaredes","twitter_card":"summary_large_image","twitter_creator":"@ppdegalicia","twitter_site":"@ppdegalicia","twitter_misc":{"Escrito por":"ppdegaliciaredes","Tiempo de lectura":"3 minutos"},"schema":{"@context":"https:\/\/schema.org","@graph":[{"@type":"Article","@id":"https:\/\/ppdegalicia.com\/es\/o-grupo-popular-incide-que-a-xunta-traballa-para-revitalizar-a-industria-galega-da-man-dun-uso-racional-compatible-e-sostible-dos-recursos\/#article","isPartOf":{"@id":"https:\/\/ppdegalicia.com\/es\/o-grupo-popular-incide-que-a-xunta-traballa-para-revitalizar-a-industria-galega-da-man-dun-uso-racional-compatible-e-sostible-dos-recursos\/"},"author":{"name":"ppdegaliciaredes","@id":"https:\/\/ppdegalicia.com\/es\/#\/schema\/person\/5b822c6f59e872ebdd1142f307dbcb59"},"headline":"O Grupo Popular incide que a Xunta traballa para revitalizar a industria galega da man dun uso racional, compatible e sostible dos recursos","datePublished":"2023-05-10T08:20:48+00:00","mainEntityOfPage":{"@id":"https:\/\/ppdegalicia.com\/es\/o-grupo-popular-incide-que-a-xunta-traballa-para-revitalizar-a-industria-galega-da-man-dun-uso-racional-compatible-e-sostible-dos-recursos\/"},"wordCount":531,"commentCount":0,"publisher":{"@id":"https:\/\/ppdegalicia.com\/es\/#organization"},"image":{"@id":"https:\/\/ppdegalicia.com\/es\/o-grupo-popular-incide-que-a-xunta-traballa-para-revitalizar-a-industria-galega-da-man-dun-uso-racional-compatible-e-sostible-dos-recursos\/#primaryimage"},"thumbnailUrl":"https:\/\/ppdegalicia.com\/wp-content\/uploads\/2023\/05\/0d62d96867f21509ed6e6e052109ab9b.jpg","articleSection":["PP de Galicia"],"inLanguage":"es","potentialAction":[{"@type":"CommentAction","name":"Comment","target":["https:\/\/ppdegalicia.com\/es\/o-grupo-popular-incide-que-a-xunta-traballa-para-revitalizar-a-industria-galega-da-man-dun-uso-racional-compatible-e-sostible-dos-recursos\/#respond"]}]},{"@type":"WebPage","@id":"https:\/\/ppdegalicia.com\/es\/o-grupo-popular-incide-que-a-xunta-traballa-para-revitalizar-a-industria-galega-da-man-dun-uso-racional-compatible-e-sostible-dos-recursos\/","url":"https:\/\/ppdegalicia.com\/es\/o-grupo-popular-incide-que-a-xunta-traballa-para-revitalizar-a-industria-galega-da-man-dun-uso-racional-compatible-e-sostible-dos-recursos\/","name":"O Grupo Popular incide que a Xunta traballa para revitalizar a industria galega da man dun uso racional, compatible e sostible dos recursos - PP de Galicia","isPartOf":{"@id":"https:\/\/ppdegalicia.com\/es\/#website"},"primaryImageOfPage":{"@id":"https:\/\/ppdegalicia.com\/es\/o-grupo-popular-incide-que-a-xunta-traballa-para-revitalizar-a-industria-galega-da-man-dun-uso-racional-compatible-e-sostible-dos-recursos\/#primaryimage"},"image":{"@id":"https:\/\/ppdegalicia.com\/es\/o-grupo-popular-incide-que-a-xunta-traballa-para-revitalizar-a-industria-galega-da-man-dun-uso-racional-compatible-e-sostible-dos-recursos\/#primaryimage"},"thumbnailUrl":"https:\/\/ppdegalicia.com\/wp-content\/uploads\/2023\/05\/0d62d96867f21509ed6e6e052109ab9b.jpg","datePublished":"2023-05-10T08:20:48+00:00","breadcrumb":{"@id":"https:\/\/ppdegalicia.com\/es\/o-grupo-popular-incide-que-a-xunta-traballa-para-revitalizar-a-industria-galega-da-man-dun-uso-racional-compatible-e-sostible-dos-recursos\/#breadcrumb"},"inLanguage":"es","potentialAction":[{"@type":"ReadAction","target":["https:\/\/ppdegalicia.com\/es\/o-grupo-popular-incide-que-a-xunta-traballa-para-revitalizar-a-industria-galega-da-man-dun-uso-racional-compatible-e-sostible-dos-recursos\/"]}]},{"@type":"ImageObject","inLanguage":"es","@id":"https:\/\/ppdegalicia.com\/es\/o-grupo-popular-incide-que-a-xunta-traballa-para-revitalizar-a-industria-galega-da-man-dun-uso-racional-compatible-e-sostible-dos-recursos\/#primaryimage","url":"https:\/\/ppdegalicia.com\/wp-content\/uploads\/2023\/05\/0d62d96867f21509ed6e6e052109ab9b.jpg","contentUrl":"https:\/\/ppdegalicia.com\/wp-content\/uploads\/2023\/05\/0d62d96867f21509ed6e6e052109ab9b.jpg","width":1900,"height":1267},{"@type":"BreadcrumbList","@id":"https:\/\/ppdegalicia.com\/es\/o-grupo-popular-incide-que-a-xunta-traballa-para-revitalizar-a-industria-galega-da-man-dun-uso-racional-compatible-e-sostible-dos-recursos\/#breadcrumb","itemListElement":[{"@type":"ListItem","position":1,"name":"Portada","item":"https:\/\/ppdegalicia.com\/es\/"},{"@type":"ListItem","position":2,"name":"O Grupo Popular incide que a Xunta traballa para revitalizar a industria galega da man dun uso racional, compatible e sostible dos recursos"}]},{"@type":"WebSite","@id":"https:\/\/ppdegalicia.com\/es\/#website","url":"https:\/\/ppdegalicia.com\/es\/","name":"Partido Popular de Galicia","description":"Partido Popular de Galicia","publisher":{"@id":"https:\/\/ppdegalicia.com\/es\/#organization"},"alternateName":"PP de Galicia","potentialAction":[{"@type":"SearchAction","target":{"@type":"EntryPoint","urlTemplate":"https:\/\/ppdegalicia.com\/es\/?s={search_term_string}"},"query-input":{"@type":"PropertyValueSpecification","valueRequired":true,"valueName":"search_term_string"}}],"inLanguage":"es"},{"@type":"Organization","@id":"https:\/\/ppdegalicia.com\/es\/#organization","name":"Partido Popular de Galicia","alternateName":"PP de Galicia","url":"https:\/\/ppdegalicia.com\/es\/","logo":{"@type":"ImageObject","inLanguage":"es","@id":"https:\/\/ppdegalicia.com\/es\/#\/schema\/logo\/image\/","url":"https:\/\/ppdegalicia.com\/wp-content\/uploads\/2023\/04\/logoPP512.png","contentUrl":"https:\/\/ppdegalicia.com\/wp-content\/uploads\/2023\/04\/logoPP512.png","width":512,"height":512,"caption":"Partido Popular de Galicia"},"image":{"@id":"https:\/\/ppdegalicia.com\/es\/#\/schema\/logo\/image\/"},"sameAs":["https:\/\/www.instagram.com\/ppdegalicia\/","https:\/\/x.com\/ppdegalicia","https:\/\/www.tiktok.com\/@ppdegalicia","https:\/\/www.youtube.com\/user\/ppdegalicia"]},{"@type":"Person","@id":"https:\/\/ppdegalicia.com\/es\/#\/schema\/person\/5b822c6f59e872ebdd1142f307dbcb59","name":"ppdegaliciaredes","image":{"@type":"ImageObject","inLanguage":"es","@id":"https:\/\/secure.gravatar.com\/avatar\/3c9179cf0256d00c72a48d1f25783c58b6842cd56e85ef3a572881c8e28ccd59?s=96&d=mm&r=g","url":"https:\/\/secure.gravatar.com\/avatar\/3c9179cf0256d00c72a48d1f25783c58b6842cd56e85ef3a572881c8e28ccd59?s=96&d=mm&r=g","contentUrl":"https:\/\/secure.gravatar.com\/avatar\/3c9179cf0256d00c72a48d1f25783c58b6842cd56e85ef3a572881c8e28ccd59?s=96&d=mm&r=g","caption":"ppdegaliciaredes"},"url":"https:\/\/ppdegalicia.com\/es\/author\/ppdegaliciaredes\/"}]}},"_links":{"self":[{"href":"https:\/\/ppdegalicia.com\/es\/wp-json\/wp\/v2\/posts\/58175","targetHints":{"allow":["GET"]}}],"collection":[{"href":"https:\/\/ppdegalicia.com\/es\/wp-json\/wp\/v2\/posts"}],"about":[{"href":"https:\/\/ppdegalicia.com\/es\/wp-json\/wp\/v2\/types\/post"}],"author":[{"embeddable":true,"href":"https:\/\/ppdegalicia.com\/es\/wp-json\/wp\/v2\/users\/38"}],"replies":[{"embeddable":true,"href":"https:\/\/ppdegalicia.com\/es\/wp-json\/wp\/v2\/comments?post=58175"}],"version-history":[{"count":0,"href":"https:\/\/ppdegalicia.com\/es\/wp-json\/wp\/v2\/posts\/58175\/revisions"}],"wp:featuredmedia":[{"embeddable":true,"href":"https:\/\/ppdegalicia.com\/es\/wp-json\/wp\/v2\/media\/58174"}],"wp:attachment":[{"href":"https:\/\/ppdegalicia.com\/es\/wp-json\/wp\/v2\/media?parent=58175"}],"wp:term":[{"taxonomy":"category","embeddable":true,"href":"https:\/\/ppdegalicia.com\/es\/wp-json\/wp\/v2\/categories?post=58175"},{"taxonomy":"post_tag","embeddable":true,"href":"https:\/\/ppdegalicia.com\/es\/wp-json\/wp\/v2\/tags?post=58175"}],"curies":[{"name":"wp","href":"https:\/\/api.w.org\/{rel}","templated":true}]}}