{"id":58177,"date":"2023-05-10T11:05:08","date_gmt":"2023-05-10T09:05:08","guid":{"rendered":"https:\/\/ppdegalicia.com\/o-parlamento-galego-reafirma-o-seu-compromiso-co-marco-lingueistico-recollido-na-constitucion-o-estatuto-de-autonomia-e-a-lei-de-normalizacion\/"},"modified":"2023-05-10T11:05:08","modified_gmt":"2023-05-10T09:05:08","slug":"o-parlamento-galego-reafirma-o-seu-compromiso-co-marco-lingueistico-recollido-na-constitucion-o-estatuto-de-autonomia-e-a-lei-de-normalizacion","status":"publish","type":"post","link":"https:\/\/ppdegalicia.com\/es\/o-parlamento-galego-reafirma-o-seu-compromiso-co-marco-lingueistico-recollido-na-constitucion-o-estatuto-de-autonomia-e-a-lei-de-normalizacion\/","title":{"rendered":"O Parlamento galego reafirma o seu compromiso co marco ling\u00fc\u00edstico recollido na Constituci\u00f3n, o Estatuto de Autonom\u00eda e a Lei de normalizaci\u00f3n"},"content":{"rendered":"<p><img fetchpriority=\"high\" decoding=\"async\" class=\" size-full wp-image-58176\" src=\"https:\/\/ppdegalicia.com\/wp-content\/uploads\/2023\/05\/98841c781e4b136df6efce38180f845e.jpg\" alt=\"\" width=\"1900\" height=\"1267\" srcset=\"https:\/\/ppdegalicia.com\/wp-content\/uploads\/2023\/05\/98841c781e4b136df6efce38180f845e.jpg 1900w, https:\/\/ppdegalicia.com\/wp-content\/uploads\/2023\/05\/98841c781e4b136df6efce38180f845e-300x200.jpg 300w, https:\/\/ppdegalicia.com\/wp-content\/uploads\/2023\/05\/98841c781e4b136df6efce38180f845e-1024x683.jpg 1024w, https:\/\/ppdegalicia.com\/wp-content\/uploads\/2023\/05\/98841c781e4b136df6efce38180f845e-768x512.jpg 768w, https:\/\/ppdegalicia.com\/wp-content\/uploads\/2023\/05\/98841c781e4b136df6efce38180f845e-1536x1024.jpg 1536w\" sizes=\"(max-width: 1900px) 100vw, 1900px\" \/><\/p>\n<p>10 de maio de 2023. O Parlamento de Galicia aprobou hoxe a proposici\u00f3n non de lei do Grupo Popular a trav\u00e9s da que reafirma o seu compromiso co marco ling\u00fc\u00edstico recollido na Constituci\u00f3n, no Estatuto de Autonom\u00eda e na Lei de Normalizaci\u00f3n Ling\u00fc\u00edstica de Galicia, desenvolto no Plan Xeral de Normalizaci\u00f3n da Lingua galega e nos plans de dinamizaci\u00f3n da lingua galega no tecido socioecon\u00f3mico e na mocidade; ao tempo que defende o modelo biling\u00fce para o galego e o castel\u00e1n, xunto coa aprendizaxe de linguas estranxeiras para o pluriling\u00fcismo no ensino non universitario de Galicia, porque est\u00e1 a permitir asegurar no \u00e1mbito educativo plenas competencias en lingua galega do alumnado.<\/p>\n<p><!--more--><\/p>\n<p>O deputado popular Jos\u00e9 Luis Ferro manifestou que \u201cos galegos e galegas levan moitos anos comprometidos coa convivencia ling\u00fc\u00edstica entre o galego e o castel\u00e1n, ambas linguas cooficiais ao amparo do marco normativo previsto na Constituci\u00f3n, no Estatuto de Autonom\u00eda e na Lei de normalizaci\u00f3n ling\u00fc\u00edstica de Galicia\u201d.<\/p>\n<p>\u00a0<\/p>\n<p><strong>BILING\u00dcISMO CORDIAL<\/strong><\/p>\n<p>\u00a0<\/p>\n<p>\u201cEn Galicia non existe ning\u00fan tipo de conflito ling\u00fc\u00edstico e mesmo contamos cun modelo de biling\u00fcismo cordial totalmente normalizado, un modelo integrador que busca a convivencia entre as linguas cooficiais en condici\u00f3ns de igualdade\u201d, apuntou. Ademais, Ferro dixo que \u201cas pol\u00edticas destes anos puxeron o foco no biling\u00fcismo ao tempo que se promoveu a aprendizaxe de linguas estranxeiras e un aproveitamento intenso co outro gran tronco ling\u00fc\u00edstico com\u00fan que \u00e9 a lusofon\u00eda\u201d.<\/p>\n<p>\u00a0<\/p>\n<p>Jos\u00e9 Luis Ferro salientou que, m\u00e1is de dez anos despois da aprobaci\u00f3n do Decreto 79\/2010 para o pluriling\u00fcismo na ensinanza non universitaria de Galicia, \u201cos datos avalan a s\u00faa eficacia e corroboran que cada d\u00eda falan galego m\u00e1is persoas e a nosa lingua consol\u00eddase como maior\u00eda na Comunidade galega\u201d.<\/p>\n<p>\u00a0<\/p>\n<p>\u201cPara conseguir todo isto foi fundamental unha correcta informaci\u00f3n e unha pol\u00edtica ling\u00fc\u00edstica flexible, que cumpra plans e logre resultados, sen imposici\u00f3ns de ning\u00fan tipo\u201d, manifestou o deputado popular, quen avogou por \u201ctraballar todos unidos, comezando pola Xunta, achegando novas ideas e proxectos ao actual proceso normalizador, facendo especial fincap\u00e9 nun maior emprego do galego en todos os \u00e1mbitos\u201d.<\/p>\n<p>\u00a0<\/p>\n<p>Ferro asegurou que o traballo do Goberno galego \u201cest\u00e1 encami\u00f1ado a procurar por todos os medios que os galegos co\u00f1ezan e dominen a s\u00faa propia lingua, e que a usen sen complexos e sen confrontaci\u00f3ns, pero con orgullo\u201d. \u201cNon podemos consentir que se pretenda facer da nosa lingua unha arma arroxadiza ao servizo dunha ou doutra ideolox\u00eda, porque un idioma propio constit\u00fae a base de identidade m\u00e1is clara dun pobo e o v\u00ednculo esencial de uni\u00f3n entre as s\u00faas xentes\u201d, rematou.<\/p>\n","protected":false},"excerpt":{"rendered":"<p>10 de maio de 2023. O Parlamento de Galicia aprobou hoxe a proposici\u00f3n non de lei do Grupo Popular a trav\u00e9s da que reafirma o seu compromiso co marco ling\u00fc\u00edstico recollido na Constituci\u00f3n, no Estatuto de Autonom\u00eda e na Lei de Normalizaci\u00f3n Ling\u00fc\u00edstica de Galicia, desenvolto no Plan Xeral de Normalizaci\u00f3n da Lingua galega e [&hellip;]<\/p>\n","protected":false},"author":38,"featured_media":58176,"comment_status":"open","ping_status":"open","sticky":false,"template":"","format":"standard","meta":{"_acf_changed":false,"footnotes":""},"categories":[1],"tags":[],"class_list":["post-58177","post","type-post","status-publish","format-standard","has-post-thumbnail","hentry","category-pp-de-galicia"],"acf":[],"yoast_head":"<!-- This site is optimized with the Yoast SEO plugin v27.3 - https:\/\/yoast.com\/product\/yoast-seo-wordpress\/ -->\n<title>O Parlamento galego reafirma o seu compromiso co marco ling\u00fc\u00edstico recollido na Constituci\u00f3n, o Estatuto de Autonom\u00eda e a Lei de normalizaci\u00f3n - PP de Galicia<\/title>\n<meta name=\"robots\" content=\"index, follow, max-snippet:-1, max-image-preview:large, max-video-preview:-1\" \/>\n<link rel=\"canonical\" href=\"https:\/\/ppdegalicia.com\/es\/o-parlamento-galego-reafirma-o-seu-compromiso-co-marco-lingueistico-recollido-na-constitucion-o-estatuto-de-autonomia-e-a-lei-de-normalizacion\/\" \/>\n<meta property=\"og:locale\" content=\"es_ES\" \/>\n<meta property=\"og:type\" content=\"article\" \/>\n<meta property=\"og:title\" content=\"O Parlamento galego reafirma o seu compromiso co marco ling\u00fc\u00edstico recollido na Constituci\u00f3n, o Estatuto de Autonom\u00eda e a Lei de normalizaci\u00f3n - PP de Galicia\" \/>\n<meta property=\"og:description\" content=\"10 de maio de 2023. O Parlamento de Galicia aprobou hoxe a proposici\u00f3n non de lei do Grupo Popular a trav\u00e9s da que reafirma o seu compromiso co marco ling\u00fc\u00edstico recollido na Constituci\u00f3n, no Estatuto de Autonom\u00eda e na Lei de Normalizaci\u00f3n Ling\u00fc\u00edstica de Galicia, desenvolto no Plan Xeral de Normalizaci\u00f3n da Lingua galega e [&hellip;]\" \/>\n<meta property=\"og:url\" content=\"https:\/\/ppdegalicia.com\/es\/o-parlamento-galego-reafirma-o-seu-compromiso-co-marco-lingueistico-recollido-na-constitucion-o-estatuto-de-autonomia-e-a-lei-de-normalizacion\/\" \/>\n<meta property=\"og:site_name\" content=\"PP de Galicia\" \/>\n<meta property=\"article:publisher\" content=\"https:\/\/www.instagram.com\/ppdegalicia\/\" \/>\n<meta property=\"article:published_time\" content=\"2023-05-10T09:05:08+00:00\" \/>\n<meta property=\"og:image\" content=\"https:\/\/ppdegalicia.com\/wp-content\/uploads\/2023\/05\/98841c781e4b136df6efce38180f845e.jpg\" \/>\n\t<meta property=\"og:image:width\" content=\"1900\" \/>\n\t<meta property=\"og:image:height\" content=\"1267\" \/>\n\t<meta property=\"og:image:type\" content=\"image\/jpeg\" \/>\n<meta name=\"author\" content=\"ppdegaliciaredes\" \/>\n<meta name=\"twitter:card\" content=\"summary_large_image\" \/>\n<meta name=\"twitter:creator\" content=\"@ppdegalicia\" \/>\n<meta name=\"twitter:site\" content=\"@ppdegalicia\" \/>\n<meta name=\"twitter:label1\" content=\"Escrito por\" \/>\n\t<meta name=\"twitter:data1\" content=\"ppdegaliciaredes\" \/>\n\t<meta name=\"twitter:label2\" content=\"Tiempo de lectura\" \/>\n\t<meta name=\"twitter:data2\" content=\"2 minutos\" \/>\n<script type=\"application\/ld+json\" class=\"yoast-schema-graph\">{\"@context\":\"https:\\\/\\\/schema.org\",\"@graph\":[{\"@type\":\"Article\",\"@id\":\"https:\\\/\\\/ppdegalicia.com\\\/es\\\/o-parlamento-galego-reafirma-o-seu-compromiso-co-marco-lingueistico-recollido-na-constitucion-o-estatuto-de-autonomia-e-a-lei-de-normalizacion\\\/#article\",\"isPartOf\":{\"@id\":\"https:\\\/\\\/ppdegalicia.com\\\/es\\\/o-parlamento-galego-reafirma-o-seu-compromiso-co-marco-lingueistico-recollido-na-constitucion-o-estatuto-de-autonomia-e-a-lei-de-normalizacion\\\/\"},\"author\":{\"name\":\"ppdegaliciaredes\",\"@id\":\"https:\\\/\\\/ppdegalicia.com\\\/es\\\/#\\\/schema\\\/person\\\/5b822c6f59e872ebdd1142f307dbcb59\"},\"headline\":\"O Parlamento galego reafirma o seu compromiso co marco ling\u00fc\u00edstico recollido na Constituci\u00f3n, o Estatuto de Autonom\u00eda e a Lei de normalizaci\u00f3n\",\"datePublished\":\"2023-05-10T09:05:08+00:00\",\"mainEntityOfPage\":{\"@id\":\"https:\\\/\\\/ppdegalicia.com\\\/es\\\/o-parlamento-galego-reafirma-o-seu-compromiso-co-marco-lingueistico-recollido-na-constitucion-o-estatuto-de-autonomia-e-a-lei-de-normalizacion\\\/\"},\"wordCount\":496,\"commentCount\":0,\"publisher\":{\"@id\":\"https:\\\/\\\/ppdegalicia.com\\\/es\\\/#organization\"},\"image\":{\"@id\":\"https:\\\/\\\/ppdegalicia.com\\\/es\\\/o-parlamento-galego-reafirma-o-seu-compromiso-co-marco-lingueistico-recollido-na-constitucion-o-estatuto-de-autonomia-e-a-lei-de-normalizacion\\\/#primaryimage\"},\"thumbnailUrl\":\"https:\\\/\\\/ppdegalicia.com\\\/wp-content\\\/uploads\\\/2023\\\/05\\\/98841c781e4b136df6efce38180f845e.jpg\",\"articleSection\":[\"PP de Galicia\"],\"inLanguage\":\"es\",\"potentialAction\":[{\"@type\":\"CommentAction\",\"name\":\"Comment\",\"target\":[\"https:\\\/\\\/ppdegalicia.com\\\/es\\\/o-parlamento-galego-reafirma-o-seu-compromiso-co-marco-lingueistico-recollido-na-constitucion-o-estatuto-de-autonomia-e-a-lei-de-normalizacion\\\/#respond\"]}]},{\"@type\":\"WebPage\",\"@id\":\"https:\\\/\\\/ppdegalicia.com\\\/es\\\/o-parlamento-galego-reafirma-o-seu-compromiso-co-marco-lingueistico-recollido-na-constitucion-o-estatuto-de-autonomia-e-a-lei-de-normalizacion\\\/\",\"url\":\"https:\\\/\\\/ppdegalicia.com\\\/es\\\/o-parlamento-galego-reafirma-o-seu-compromiso-co-marco-lingueistico-recollido-na-constitucion-o-estatuto-de-autonomia-e-a-lei-de-normalizacion\\\/\",\"name\":\"O Parlamento galego reafirma o seu compromiso co marco ling\u00fc\u00edstico recollido na Constituci\u00f3n, o Estatuto de Autonom\u00eda e a Lei de normalizaci\u00f3n - PP de Galicia\",\"isPartOf\":{\"@id\":\"https:\\\/\\\/ppdegalicia.com\\\/es\\\/#website\"},\"primaryImageOfPage\":{\"@id\":\"https:\\\/\\\/ppdegalicia.com\\\/es\\\/o-parlamento-galego-reafirma-o-seu-compromiso-co-marco-lingueistico-recollido-na-constitucion-o-estatuto-de-autonomia-e-a-lei-de-normalizacion\\\/#primaryimage\"},\"image\":{\"@id\":\"https:\\\/\\\/ppdegalicia.com\\\/es\\\/o-parlamento-galego-reafirma-o-seu-compromiso-co-marco-lingueistico-recollido-na-constitucion-o-estatuto-de-autonomia-e-a-lei-de-normalizacion\\\/#primaryimage\"},\"thumbnailUrl\":\"https:\\\/\\\/ppdegalicia.com\\\/wp-content\\\/uploads\\\/2023\\\/05\\\/98841c781e4b136df6efce38180f845e.jpg\",\"datePublished\":\"2023-05-10T09:05:08+00:00\",\"breadcrumb\":{\"@id\":\"https:\\\/\\\/ppdegalicia.com\\\/es\\\/o-parlamento-galego-reafirma-o-seu-compromiso-co-marco-lingueistico-recollido-na-constitucion-o-estatuto-de-autonomia-e-a-lei-de-normalizacion\\\/#breadcrumb\"},\"inLanguage\":\"es\",\"potentialAction\":[{\"@type\":\"ReadAction\",\"target\":[\"https:\\\/\\\/ppdegalicia.com\\\/es\\\/o-parlamento-galego-reafirma-o-seu-compromiso-co-marco-lingueistico-recollido-na-constitucion-o-estatuto-de-autonomia-e-a-lei-de-normalizacion\\\/\"]}]},{\"@type\":\"ImageObject\",\"inLanguage\":\"es\",\"@id\":\"https:\\\/\\\/ppdegalicia.com\\\/es\\\/o-parlamento-galego-reafirma-o-seu-compromiso-co-marco-lingueistico-recollido-na-constitucion-o-estatuto-de-autonomia-e-a-lei-de-normalizacion\\\/#primaryimage\",\"url\":\"https:\\\/\\\/ppdegalicia.com\\\/wp-content\\\/uploads\\\/2023\\\/05\\\/98841c781e4b136df6efce38180f845e.jpg\",\"contentUrl\":\"https:\\\/\\\/ppdegalicia.com\\\/wp-content\\\/uploads\\\/2023\\\/05\\\/98841c781e4b136df6efce38180f845e.jpg\",\"width\":1900,\"height\":1267},{\"@type\":\"BreadcrumbList\",\"@id\":\"https:\\\/\\\/ppdegalicia.com\\\/es\\\/o-parlamento-galego-reafirma-o-seu-compromiso-co-marco-lingueistico-recollido-na-constitucion-o-estatuto-de-autonomia-e-a-lei-de-normalizacion\\\/#breadcrumb\",\"itemListElement\":[{\"@type\":\"ListItem\",\"position\":1,\"name\":\"Portada\",\"item\":\"https:\\\/\\\/ppdegalicia.com\\\/es\\\/\"},{\"@type\":\"ListItem\",\"position\":2,\"name\":\"O Parlamento galego reafirma o seu compromiso co marco ling\u00fc\u00edstico recollido na Constituci\u00f3n, o Estatuto de Autonom\u00eda e a Lei de normalizaci\u00f3n\"}]},{\"@type\":\"WebSite\",\"@id\":\"https:\\\/\\\/ppdegalicia.com\\\/es\\\/#website\",\"url\":\"https:\\\/\\\/ppdegalicia.com\\\/es\\\/\",\"name\":\"Partido Popular de Galicia\",\"description\":\"Partido Popular de Galicia\",\"publisher\":{\"@id\":\"https:\\\/\\\/ppdegalicia.com\\\/es\\\/#organization\"},\"alternateName\":\"PP de Galicia\",\"potentialAction\":[{\"@type\":\"SearchAction\",\"target\":{\"@type\":\"EntryPoint\",\"urlTemplate\":\"https:\\\/\\\/ppdegalicia.com\\\/es\\\/?s={search_term_string}\"},\"query-input\":{\"@type\":\"PropertyValueSpecification\",\"valueRequired\":true,\"valueName\":\"search_term_string\"}}],\"inLanguage\":\"es\"},{\"@type\":\"Organization\",\"@id\":\"https:\\\/\\\/ppdegalicia.com\\\/es\\\/#organization\",\"name\":\"Partido Popular de Galicia\",\"alternateName\":\"PP de Galicia\",\"url\":\"https:\\\/\\\/ppdegalicia.com\\\/es\\\/\",\"logo\":{\"@type\":\"ImageObject\",\"inLanguage\":\"es\",\"@id\":\"https:\\\/\\\/ppdegalicia.com\\\/es\\\/#\\\/schema\\\/logo\\\/image\\\/\",\"url\":\"https:\\\/\\\/ppdegalicia.com\\\/wp-content\\\/uploads\\\/2023\\\/04\\\/logoPP512.png\",\"contentUrl\":\"https:\\\/\\\/ppdegalicia.com\\\/wp-content\\\/uploads\\\/2023\\\/04\\\/logoPP512.png\",\"width\":512,\"height\":512,\"caption\":\"Partido Popular de Galicia\"},\"image\":{\"@id\":\"https:\\\/\\\/ppdegalicia.com\\\/es\\\/#\\\/schema\\\/logo\\\/image\\\/\"},\"sameAs\":[\"https:\\\/\\\/www.instagram.com\\\/ppdegalicia\\\/\",\"https:\\\/\\\/x.com\\\/ppdegalicia\",\"https:\\\/\\\/www.tiktok.com\\\/@ppdegalicia\",\"https:\\\/\\\/www.youtube.com\\\/user\\\/ppdegalicia\"]},{\"@type\":\"Person\",\"@id\":\"https:\\\/\\\/ppdegalicia.com\\\/es\\\/#\\\/schema\\\/person\\\/5b822c6f59e872ebdd1142f307dbcb59\",\"name\":\"ppdegaliciaredes\",\"image\":{\"@type\":\"ImageObject\",\"inLanguage\":\"es\",\"@id\":\"https:\\\/\\\/secure.gravatar.com\\\/avatar\\\/3c9179cf0256d00c72a48d1f25783c58b6842cd56e85ef3a572881c8e28ccd59?s=96&d=mm&r=g\",\"url\":\"https:\\\/\\\/secure.gravatar.com\\\/avatar\\\/3c9179cf0256d00c72a48d1f25783c58b6842cd56e85ef3a572881c8e28ccd59?s=96&d=mm&r=g\",\"contentUrl\":\"https:\\\/\\\/secure.gravatar.com\\\/avatar\\\/3c9179cf0256d00c72a48d1f25783c58b6842cd56e85ef3a572881c8e28ccd59?s=96&d=mm&r=g\",\"caption\":\"ppdegaliciaredes\"},\"url\":\"https:\\\/\\\/ppdegalicia.com\\\/es\\\/author\\\/ppdegaliciaredes\\\/\"}]}<\/script>\n<!-- \/ Yoast SEO plugin. -->","yoast_head_json":{"title":"O Parlamento galego reafirma o seu compromiso co marco ling\u00fc\u00edstico recollido na Constituci\u00f3n, o Estatuto de Autonom\u00eda e a Lei de normalizaci\u00f3n - PP de Galicia","robots":{"index":"index","follow":"follow","max-snippet":"max-snippet:-1","max-image-preview":"max-image-preview:large","max-video-preview":"max-video-preview:-1"},"canonical":"https:\/\/ppdegalicia.com\/es\/o-parlamento-galego-reafirma-o-seu-compromiso-co-marco-lingueistico-recollido-na-constitucion-o-estatuto-de-autonomia-e-a-lei-de-normalizacion\/","og_locale":"es_ES","og_type":"article","og_title":"O Parlamento galego reafirma o seu compromiso co marco ling\u00fc\u00edstico recollido na Constituci\u00f3n, o Estatuto de Autonom\u00eda e a Lei de normalizaci\u00f3n - PP de Galicia","og_description":"10 de maio de 2023. O Parlamento de Galicia aprobou hoxe a proposici\u00f3n non de lei do Grupo Popular a trav\u00e9s da que reafirma o seu compromiso co marco ling\u00fc\u00edstico recollido na Constituci\u00f3n, no Estatuto de Autonom\u00eda e na Lei de Normalizaci\u00f3n Ling\u00fc\u00edstica de Galicia, desenvolto no Plan Xeral de Normalizaci\u00f3n da Lingua galega e [&hellip;]","og_url":"https:\/\/ppdegalicia.com\/es\/o-parlamento-galego-reafirma-o-seu-compromiso-co-marco-lingueistico-recollido-na-constitucion-o-estatuto-de-autonomia-e-a-lei-de-normalizacion\/","og_site_name":"PP de Galicia","article_publisher":"https:\/\/www.instagram.com\/ppdegalicia\/","article_published_time":"2023-05-10T09:05:08+00:00","og_image":[{"width":1900,"height":1267,"url":"https:\/\/ppdegalicia.com\/wp-content\/uploads\/2023\/05\/98841c781e4b136df6efce38180f845e.jpg","type":"image\/jpeg"}],"author":"ppdegaliciaredes","twitter_card":"summary_large_image","twitter_creator":"@ppdegalicia","twitter_site":"@ppdegalicia","twitter_misc":{"Escrito por":"ppdegaliciaredes","Tiempo de lectura":"2 minutos"},"schema":{"@context":"https:\/\/schema.org","@graph":[{"@type":"Article","@id":"https:\/\/ppdegalicia.com\/es\/o-parlamento-galego-reafirma-o-seu-compromiso-co-marco-lingueistico-recollido-na-constitucion-o-estatuto-de-autonomia-e-a-lei-de-normalizacion\/#article","isPartOf":{"@id":"https:\/\/ppdegalicia.com\/es\/o-parlamento-galego-reafirma-o-seu-compromiso-co-marco-lingueistico-recollido-na-constitucion-o-estatuto-de-autonomia-e-a-lei-de-normalizacion\/"},"author":{"name":"ppdegaliciaredes","@id":"https:\/\/ppdegalicia.com\/es\/#\/schema\/person\/5b822c6f59e872ebdd1142f307dbcb59"},"headline":"O Parlamento galego reafirma o seu compromiso co marco ling\u00fc\u00edstico recollido na Constituci\u00f3n, o Estatuto de Autonom\u00eda e a Lei de normalizaci\u00f3n","datePublished":"2023-05-10T09:05:08+00:00","mainEntityOfPage":{"@id":"https:\/\/ppdegalicia.com\/es\/o-parlamento-galego-reafirma-o-seu-compromiso-co-marco-lingueistico-recollido-na-constitucion-o-estatuto-de-autonomia-e-a-lei-de-normalizacion\/"},"wordCount":496,"commentCount":0,"publisher":{"@id":"https:\/\/ppdegalicia.com\/es\/#organization"},"image":{"@id":"https:\/\/ppdegalicia.com\/es\/o-parlamento-galego-reafirma-o-seu-compromiso-co-marco-lingueistico-recollido-na-constitucion-o-estatuto-de-autonomia-e-a-lei-de-normalizacion\/#primaryimage"},"thumbnailUrl":"https:\/\/ppdegalicia.com\/wp-content\/uploads\/2023\/05\/98841c781e4b136df6efce38180f845e.jpg","articleSection":["PP de Galicia"],"inLanguage":"es","potentialAction":[{"@type":"CommentAction","name":"Comment","target":["https:\/\/ppdegalicia.com\/es\/o-parlamento-galego-reafirma-o-seu-compromiso-co-marco-lingueistico-recollido-na-constitucion-o-estatuto-de-autonomia-e-a-lei-de-normalizacion\/#respond"]}]},{"@type":"WebPage","@id":"https:\/\/ppdegalicia.com\/es\/o-parlamento-galego-reafirma-o-seu-compromiso-co-marco-lingueistico-recollido-na-constitucion-o-estatuto-de-autonomia-e-a-lei-de-normalizacion\/","url":"https:\/\/ppdegalicia.com\/es\/o-parlamento-galego-reafirma-o-seu-compromiso-co-marco-lingueistico-recollido-na-constitucion-o-estatuto-de-autonomia-e-a-lei-de-normalizacion\/","name":"O Parlamento galego reafirma o seu compromiso co marco ling\u00fc\u00edstico recollido na Constituci\u00f3n, o Estatuto de Autonom\u00eda e a Lei de normalizaci\u00f3n - PP de Galicia","isPartOf":{"@id":"https:\/\/ppdegalicia.com\/es\/#website"},"primaryImageOfPage":{"@id":"https:\/\/ppdegalicia.com\/es\/o-parlamento-galego-reafirma-o-seu-compromiso-co-marco-lingueistico-recollido-na-constitucion-o-estatuto-de-autonomia-e-a-lei-de-normalizacion\/#primaryimage"},"image":{"@id":"https:\/\/ppdegalicia.com\/es\/o-parlamento-galego-reafirma-o-seu-compromiso-co-marco-lingueistico-recollido-na-constitucion-o-estatuto-de-autonomia-e-a-lei-de-normalizacion\/#primaryimage"},"thumbnailUrl":"https:\/\/ppdegalicia.com\/wp-content\/uploads\/2023\/05\/98841c781e4b136df6efce38180f845e.jpg","datePublished":"2023-05-10T09:05:08+00:00","breadcrumb":{"@id":"https:\/\/ppdegalicia.com\/es\/o-parlamento-galego-reafirma-o-seu-compromiso-co-marco-lingueistico-recollido-na-constitucion-o-estatuto-de-autonomia-e-a-lei-de-normalizacion\/#breadcrumb"},"inLanguage":"es","potentialAction":[{"@type":"ReadAction","target":["https:\/\/ppdegalicia.com\/es\/o-parlamento-galego-reafirma-o-seu-compromiso-co-marco-lingueistico-recollido-na-constitucion-o-estatuto-de-autonomia-e-a-lei-de-normalizacion\/"]}]},{"@type":"ImageObject","inLanguage":"es","@id":"https:\/\/ppdegalicia.com\/es\/o-parlamento-galego-reafirma-o-seu-compromiso-co-marco-lingueistico-recollido-na-constitucion-o-estatuto-de-autonomia-e-a-lei-de-normalizacion\/#primaryimage","url":"https:\/\/ppdegalicia.com\/wp-content\/uploads\/2023\/05\/98841c781e4b136df6efce38180f845e.jpg","contentUrl":"https:\/\/ppdegalicia.com\/wp-content\/uploads\/2023\/05\/98841c781e4b136df6efce38180f845e.jpg","width":1900,"height":1267},{"@type":"BreadcrumbList","@id":"https:\/\/ppdegalicia.com\/es\/o-parlamento-galego-reafirma-o-seu-compromiso-co-marco-lingueistico-recollido-na-constitucion-o-estatuto-de-autonomia-e-a-lei-de-normalizacion\/#breadcrumb","itemListElement":[{"@type":"ListItem","position":1,"name":"Portada","item":"https:\/\/ppdegalicia.com\/es\/"},{"@type":"ListItem","position":2,"name":"O Parlamento galego reafirma o seu compromiso co marco ling\u00fc\u00edstico recollido na Constituci\u00f3n, o Estatuto de Autonom\u00eda e a Lei de normalizaci\u00f3n"}]},{"@type":"WebSite","@id":"https:\/\/ppdegalicia.com\/es\/#website","url":"https:\/\/ppdegalicia.com\/es\/","name":"Partido Popular de Galicia","description":"Partido Popular de Galicia","publisher":{"@id":"https:\/\/ppdegalicia.com\/es\/#organization"},"alternateName":"PP de Galicia","potentialAction":[{"@type":"SearchAction","target":{"@type":"EntryPoint","urlTemplate":"https:\/\/ppdegalicia.com\/es\/?s={search_term_string}"},"query-input":{"@type":"PropertyValueSpecification","valueRequired":true,"valueName":"search_term_string"}}],"inLanguage":"es"},{"@type":"Organization","@id":"https:\/\/ppdegalicia.com\/es\/#organization","name":"Partido Popular de Galicia","alternateName":"PP de Galicia","url":"https:\/\/ppdegalicia.com\/es\/","logo":{"@type":"ImageObject","inLanguage":"es","@id":"https:\/\/ppdegalicia.com\/es\/#\/schema\/logo\/image\/","url":"https:\/\/ppdegalicia.com\/wp-content\/uploads\/2023\/04\/logoPP512.png","contentUrl":"https:\/\/ppdegalicia.com\/wp-content\/uploads\/2023\/04\/logoPP512.png","width":512,"height":512,"caption":"Partido Popular de Galicia"},"image":{"@id":"https:\/\/ppdegalicia.com\/es\/#\/schema\/logo\/image\/"},"sameAs":["https:\/\/www.instagram.com\/ppdegalicia\/","https:\/\/x.com\/ppdegalicia","https:\/\/www.tiktok.com\/@ppdegalicia","https:\/\/www.youtube.com\/user\/ppdegalicia"]},{"@type":"Person","@id":"https:\/\/ppdegalicia.com\/es\/#\/schema\/person\/5b822c6f59e872ebdd1142f307dbcb59","name":"ppdegaliciaredes","image":{"@type":"ImageObject","inLanguage":"es","@id":"https:\/\/secure.gravatar.com\/avatar\/3c9179cf0256d00c72a48d1f25783c58b6842cd56e85ef3a572881c8e28ccd59?s=96&d=mm&r=g","url":"https:\/\/secure.gravatar.com\/avatar\/3c9179cf0256d00c72a48d1f25783c58b6842cd56e85ef3a572881c8e28ccd59?s=96&d=mm&r=g","contentUrl":"https:\/\/secure.gravatar.com\/avatar\/3c9179cf0256d00c72a48d1f25783c58b6842cd56e85ef3a572881c8e28ccd59?s=96&d=mm&r=g","caption":"ppdegaliciaredes"},"url":"https:\/\/ppdegalicia.com\/es\/author\/ppdegaliciaredes\/"}]}},"_links":{"self":[{"href":"https:\/\/ppdegalicia.com\/es\/wp-json\/wp\/v2\/posts\/58177","targetHints":{"allow":["GET"]}}],"collection":[{"href":"https:\/\/ppdegalicia.com\/es\/wp-json\/wp\/v2\/posts"}],"about":[{"href":"https:\/\/ppdegalicia.com\/es\/wp-json\/wp\/v2\/types\/post"}],"author":[{"embeddable":true,"href":"https:\/\/ppdegalicia.com\/es\/wp-json\/wp\/v2\/users\/38"}],"replies":[{"embeddable":true,"href":"https:\/\/ppdegalicia.com\/es\/wp-json\/wp\/v2\/comments?post=58177"}],"version-history":[{"count":0,"href":"https:\/\/ppdegalicia.com\/es\/wp-json\/wp\/v2\/posts\/58177\/revisions"}],"wp:featuredmedia":[{"embeddable":true,"href":"https:\/\/ppdegalicia.com\/es\/wp-json\/wp\/v2\/media\/58176"}],"wp:attachment":[{"href":"https:\/\/ppdegalicia.com\/es\/wp-json\/wp\/v2\/media?parent=58177"}],"wp:term":[{"taxonomy":"category","embeddable":true,"href":"https:\/\/ppdegalicia.com\/es\/wp-json\/wp\/v2\/categories?post=58177"},{"taxonomy":"post_tag","embeddable":true,"href":"https:\/\/ppdegalicia.com\/es\/wp-json\/wp\/v2\/tags?post=58177"}],"curies":[{"name":"wp","href":"https:\/\/api.w.org\/{rel}","templated":true}]}}