{"id":58203,"date":"2023-06-16T12:42:43","date_gmt":"2023-06-16T10:42:43","guid":{"rendered":"https:\/\/ppdegalicia.com\/paula-prado-destaca-a-renovacion-do-75-nas-listas-do-ppdeg-ao-congreso-e-o-senado-somos-un-partido-grande-e-con-capacidade-de-renovar-equipos\/"},"modified":"2023-06-16T12:42:43","modified_gmt":"2023-06-16T10:42:43","slug":"paula-prado-destaca-a-renovacion-do-75-nas-listas-do-ppdeg-ao-congreso-e-o-senado-somos-un-partido-grande-e-con-capacidade-de-renovar-equipos","status":"publish","type":"post","link":"https:\/\/ppdegalicia.com\/es\/paula-prado-destaca-a-renovacion-do-75-nas-listas-do-ppdeg-ao-congreso-e-o-senado-somos-un-partido-grande-e-con-capacidade-de-renovar-equipos\/","title":{"rendered":"Paula Prado destaca a renovaci\u00f3n do 75% nas listas do PPdeG ao Congreso e o Senado: \u201cSomos un partido grande e con capacidade de renovar equipos\u201d"},"content":{"rendered":"<p><img fetchpriority=\"high\" decoding=\"async\" class=\" size-full wp-image-58202\" src=\"https:\/\/ppdegalicia.com\/wp-content\/uploads\/2023\/06\/b3a0a6d26d4b777d3ac05f678d663fb3-scaled.jpg\" alt=\"\" width=\"2560\" height=\"1707\" srcset=\"https:\/\/ppdegalicia.com\/wp-content\/uploads\/2023\/06\/b3a0a6d26d4b777d3ac05f678d663fb3-scaled.jpg 2560w, https:\/\/ppdegalicia.com\/wp-content\/uploads\/2023\/06\/b3a0a6d26d4b777d3ac05f678d663fb3-300x200.jpg 300w, https:\/\/ppdegalicia.com\/wp-content\/uploads\/2023\/06\/b3a0a6d26d4b777d3ac05f678d663fb3-1024x683.jpg 1024w, https:\/\/ppdegalicia.com\/wp-content\/uploads\/2023\/06\/b3a0a6d26d4b777d3ac05f678d663fb3-768x512.jpg 768w, https:\/\/ppdegalicia.com\/wp-content\/uploads\/2023\/06\/b3a0a6d26d4b777d3ac05f678d663fb3-1536x1024.jpg 1536w, https:\/\/ppdegalicia.com\/wp-content\/uploads\/2023\/06\/b3a0a6d26d4b777d3ac05f678d663fb3-2048x1365.jpg 2048w\" sizes=\"(max-width: 2560px) 100vw, 2560px\" \/><\/p>\n<p>16 de xu\u00f1o de 2023. A secretaria xeral do PPdeG, Paula Prado, destacou hoxe a renovaci\u00f3n do 75% nas listas que a formaci\u00f3n presenta ao Congreso e o Senado, nas que 3 de cada 4 membros est\u00e1n por primeira vez. \u201cSomos un partido grande e temos a capacidade de renovar os equipos\u201d, engadiu.<\/p>\n<p><!--more--><\/p>\n<p>Na s\u00faa comparecencia ante os medios estivo acompa\u00f1ada polo vicesecretario de Organizaci\u00f3n do PP e cabeza de lista ao Congreso pola provincia da Coru\u00f1a, Miguel Tellado; as\u00ed como do resto de cabezas de lista do PPdeG \u00e1s Cortes Xerais: Francisco Conde, Ana Pastor, Ana V\u00e1zquez, Rosa Gallego, Jos\u00e9 Manuel Barreiro, Pepa Pardo e Carmen Leyte.<\/p>\n<p>\u201cNo PPdeG tom\u00e1monos ao p\u00e9 da letra o de elixir os n\u00fameros 1 para o Congreso e o Senado, porque as listas para as elecci\u00f3ns xerais do 23 de xullo da Coru\u00f1a, Lugo, Ourense e Pontevedra est\u00e1n encabezadas por oito aut\u00e9nticos n\u00fameros 1\u201d, afirmou.<\/p>\n<p>Neste sentido puxo en valor a s\u00faa experiencia, traxectoria, sentidi\u00f1o e capacidade de xesti\u00f3n, as\u00ed como o seu compromiso con Galicia e a s\u00faa responsabilidade por asumir o reto de representar \u00e1 Comunidade nas Cortes Xerais. Amos\u00e1ndose convencida ademais de que o equipo liderado por Alberto N\u00fa\u00f1ez Feij\u00f3o \u201cga\u00f1a moito con estes oitos cabezas de lista\u201d.<\/p>\n<p>Paula Prado quixo referirse nomeadamente a Rosa Quintana, \u00e1 que definiu como \u201ca persoa que mellor co\u00f1ece o sector do mar en toda Espa\u00f1a\u201d; a Pedro Puy, \u201co mellor portavoz do Parlamento de Galicia\u201d; e a \u201cdous grandes referentes\u201d no Congreso como Marta Gonz\u00e1lez e Jaime de Olano.<\/p>\n<p>\u201cPresentamos unhas candidaturas ao Congreso e o Senado das que estamos moi orgullosos, con grandes doses de experiencia pero cunha ampla renovaci\u00f3n\u201d, conclu\u00edu ao respecto.<\/p>\n<p>\u00a0<\/p>\n<p><strong>\u201cIMOS CONTINUAR OFRECENDO SENTIDI\u00d1O A GALICIA\u201d<\/strong><\/p>\n<p>A secretaria xeral do PPdeG fixo referencia aos cambios que se fixeron na Xunta de Galicia tras a elaboraci\u00f3n destas candidaturas, destacando que se realizaron \u201cdo mellor xeito e ofrecendo a maior estabilidade\u201d.<\/p>\n<p>\u201cO presidente Alfonso Rueda volveu demostrar unha gran capacidade de resposta, collendo co p\u00e9 cambiado \u00e1 oposici\u00f3n, que ao igual que hai un ano, esperaba unha revoluci\u00f3n que en ning\u00fan caso tivo lugar\u201d, explicou.<\/p>\n<p>Paula Prado aproveitou para desexar \u201ca mellor das sortes\u201d a Elena Rivo, Alfonso Villares, Diego Calvo, \u00c1ngeles V\u00e1zquez e Mar\u00eda Jes\u00fas Lorenzana nas s\u00faas novas responsabilidades e reivindicou que, baixo o liderado do presidente Alfonso Rueda, o Goberno galego, continuar\u00e1 ofrecendo sentidi\u00f1o a Galicia.<\/p>\n<p>Agradeceu tam\u00e9n o \u201cxesto de xenerosidade\u201d de Manuel Baltar, que durante m\u00e1is dunha d\u00e9cada exerceu \u201cun labor fundamental para a provincia de Ourense\u201d.<\/p>\n<p>\u00a0<\/p>\n<p><strong>UN BO N\u00daMERO DE ALCALDES E ALCALDESAS DO PPdeG<\/strong><\/p>\n<p>A n\u00famero dous dos populares galegos felicitou a todos os candidatos e candidatas do PPdeG que a partir de ma\u00f1\u00e1 se converter\u00e1n en alcaldes e alcaldesas: \u201cPoder\u00edan ser m\u00e1is se os partidos de esquerda deixaran de facer pactos de perdedores para evitar que gobernen os ga\u00f1adores\u201d.<\/p>\n<p>Cualificando de \u201cgoberno de esperpento con 8 concelleiros de 25\u201d o de Santiago de Compostela, Paula Prado referiuse tam\u00e9n \u00e1 situaci\u00f3n na cidade de Ourense. Afeou neste sentido a PSOE e BNG que po\u00f1an \u201cun cord\u00f3n sanitario\u201d ao PP en vez de \u201ccumprir os seus compromisos de campa\u00f1a\u201d.<\/p>\n<p>Reiterou a proposta feita por parte de Manuel Cabezas, lamentando que socialistas e nacionalistas \u201cnin se dignan a responder\u201d \u00e1 mesma. \u201cN\u00f3s seguimos dispostos a negociar para que un goberno alternativo lidere a partir de ma\u00f1\u00e1 a cidade de Ourense\u201d, remarcou.<\/p>\n<p>\u00a0<\/p>\n<p><strong>MIGUEL TELLADO: \u201cQUEREMOS UN PRESIDENTE DO GOBERNO DE ESPA\u00d1A \u00c1 ALTURA DE GALICIA\u201d<\/strong><\/p>\n<p>Pola s\u00faa banda, o vicesecretario nacional e candidato ao Congreso pola provincia da Coru\u00f1a, Miguel Tellado, falou en nome dos oito cabezas de lista para agradecer a confianza depositada neles polos presidentes Alberto N\u00fa\u00f1ez Feij\u00f3o e Alfonso Rueda e remarcar o seu orgullo por \u201crepresentar a Galicia e \u00e1s catro provincias nas Cortes Xerais\u201d e \u201ctraballar todos xuntos no equipo que conformar\u00e1 o pr\u00f3ximo presidente do Goberno de Espa\u00f1a\u201d.<\/p>\n<p>Tellado sinalou que \u00e9 necesario ter na Moncloa un presidente que, a diferencia de Pedro S\u00e1nchez, \u201cse preocupe por Galicia, que non trate aos galegos como cidad\u00e1ns de segunda e que volva dar \u00e1 Comunidade os investimentos e os recursos que lle corresponden\u201d. Engadindo ao respecto que \u201cningu\u00e9n mellor\u201d que Alberto N\u00fa\u00f1ez Feij\u00f3o para defender os intereses de Galicia desde o Goberno de Espa\u00f1a como fixo durante 14 anos desde a Xunta.<\/p>\n<p>\u201cOs galegos co\u00f1ecen m\u00e1is e mellor a Alberto N\u00fa\u00f1ez Feij\u00f3o, a s\u00faa capacidade de traballo, os seus valores, os seus principios, o seu compromiso coa verdade e a coherencia, a s\u00faa vocaci\u00f3n de servicio p\u00fablico e a s\u00faa lealdade con Galicia\u201d, afirmou definindo estas calidades como \u201ca carta de presentaci\u00f3n\u201d do presidente nacional do PP ao tempo que o reivindicaba como \u201cun dos maiores embaixadores que tivo nunca Galicia en toda Espa\u00f1a\u201d.<\/p>\n<p>O vicesecretario popular remarcou a importancia de que Feij\u00f3o sexa presidente do Goberno de Espa\u00f1a \u201cpara que o AVE chegue dunha vez a todas as cidades galegas, para deixar de ter abandonadas as infraestruturas de Galicia e para recibir os recursos que corresponden \u00e1 nosa Comunidade tanto dos fondos europeos como dos Orzamentos Xerais do Estado\u201d.<\/p>\n<p>\u201cQueremos un presidente do Goberno \u00e1 altura do pobo galego. E, como os galegos somos un pobo xeneroso, queremos darlle a Espa\u00f1a desde Galicia o presidente que nestes momentos precisa\u201d, conclu\u00edu.<\/p>\n","protected":false},"excerpt":{"rendered":"<p>16 de xu\u00f1o de 2023. A secretaria xeral do PPdeG, Paula Prado, destacou hoxe a renovaci\u00f3n do 75% nas listas que a formaci\u00f3n presenta ao Congreso e o Senado, nas que 3 de cada 4 membros est\u00e1n por primeira vez. \u201cSomos un partido grande e temos a capacidade de renovar os equipos\u201d, engadiu.<\/p>\n","protected":false},"author":38,"featured_media":58202,"comment_status":"open","ping_status":"open","sticky":false,"template":"","format":"standard","meta":{"_acf_changed":false,"footnotes":""},"categories":[1],"tags":[],"class_list":["post-58203","post","type-post","status-publish","format-standard","has-post-thumbnail","hentry","category-pp-de-galicia"],"acf":[],"yoast_head":"<!-- This site is optimized with the Yoast SEO plugin v27.3 - https:\/\/yoast.com\/product\/yoast-seo-wordpress\/ -->\n<title>Paula Prado destaca a renovaci\u00f3n do 75% nas listas do PPdeG ao Congreso e o Senado: \u201cSomos un partido grande e con capacidade de renovar equipos\u201d - PP de Galicia<\/title>\n<meta name=\"robots\" content=\"index, follow, max-snippet:-1, max-image-preview:large, max-video-preview:-1\" \/>\n<link rel=\"canonical\" href=\"https:\/\/ppdegalicia.com\/es\/paula-prado-destaca-a-renovacion-do-75-nas-listas-do-ppdeg-ao-congreso-e-o-senado-somos-un-partido-grande-e-con-capacidade-de-renovar-equipos\/\" \/>\n<meta property=\"og:locale\" content=\"es_ES\" \/>\n<meta property=\"og:type\" content=\"article\" \/>\n<meta property=\"og:title\" content=\"Paula Prado destaca a renovaci\u00f3n do 75% nas listas do PPdeG ao Congreso e o Senado: \u201cSomos un partido grande e con capacidade de renovar equipos\u201d - PP de Galicia\" \/>\n<meta property=\"og:description\" content=\"16 de xu\u00f1o de 2023. A secretaria xeral do PPdeG, Paula Prado, destacou hoxe a renovaci\u00f3n do 75% nas listas que a formaci\u00f3n presenta ao Congreso e o Senado, nas que 3 de cada 4 membros est\u00e1n por primeira vez. \u201cSomos un partido grande e temos a capacidade de renovar os equipos\u201d, engadiu.\" \/>\n<meta property=\"og:url\" content=\"https:\/\/ppdegalicia.com\/es\/paula-prado-destaca-a-renovacion-do-75-nas-listas-do-ppdeg-ao-congreso-e-o-senado-somos-un-partido-grande-e-con-capacidade-de-renovar-equipos\/\" \/>\n<meta property=\"og:site_name\" content=\"PP de Galicia\" \/>\n<meta property=\"article:publisher\" content=\"https:\/\/www.instagram.com\/ppdegalicia\/\" \/>\n<meta property=\"article:published_time\" content=\"2023-06-16T10:42:43+00:00\" \/>\n<meta property=\"og:image\" content=\"https:\/\/ppdegalicia.com\/wp-content\/uploads\/2023\/06\/b3a0a6d26d4b777d3ac05f678d663fb3-scaled.jpg\" \/>\n\t<meta property=\"og:image:width\" content=\"2560\" \/>\n\t<meta property=\"og:image:height\" content=\"1707\" \/>\n\t<meta property=\"og:image:type\" content=\"image\/jpeg\" \/>\n<meta name=\"author\" content=\"ppdegaliciaredes\" \/>\n<meta name=\"twitter:card\" content=\"summary_large_image\" \/>\n<meta name=\"twitter:creator\" content=\"@ppdegalicia\" \/>\n<meta name=\"twitter:site\" content=\"@ppdegalicia\" \/>\n<meta name=\"twitter:label1\" content=\"Escrito por\" \/>\n\t<meta name=\"twitter:data1\" content=\"ppdegaliciaredes\" \/>\n\t<meta name=\"twitter:label2\" content=\"Tiempo de lectura\" \/>\n\t<meta name=\"twitter:data2\" content=\"5 minutos\" \/>\n<script type=\"application\/ld+json\" class=\"yoast-schema-graph\">{\"@context\":\"https:\\\/\\\/schema.org\",\"@graph\":[{\"@type\":\"Article\",\"@id\":\"https:\\\/\\\/ppdegalicia.com\\\/es\\\/paula-prado-destaca-a-renovacion-do-75-nas-listas-do-ppdeg-ao-congreso-e-o-senado-somos-un-partido-grande-e-con-capacidade-de-renovar-equipos\\\/#article\",\"isPartOf\":{\"@id\":\"https:\\\/\\\/ppdegalicia.com\\\/es\\\/paula-prado-destaca-a-renovacion-do-75-nas-listas-do-ppdeg-ao-congreso-e-o-senado-somos-un-partido-grande-e-con-capacidade-de-renovar-equipos\\\/\"},\"author\":{\"name\":\"ppdegaliciaredes\",\"@id\":\"https:\\\/\\\/ppdegalicia.com\\\/es\\\/#\\\/schema\\\/person\\\/5b822c6f59e872ebdd1142f307dbcb59\"},\"headline\":\"Paula Prado destaca a renovaci\u00f3n do 75% nas listas do PPdeG ao Congreso e o Senado: \u201cSomos un partido grande e con capacidade de renovar equipos\u201d\",\"datePublished\":\"2023-06-16T10:42:43+00:00\",\"mainEntityOfPage\":{\"@id\":\"https:\\\/\\\/ppdegalicia.com\\\/es\\\/paula-prado-destaca-a-renovacion-do-75-nas-listas-do-ppdeg-ao-congreso-e-o-senado-somos-un-partido-grande-e-con-capacidade-de-renovar-equipos\\\/\"},\"wordCount\":965,\"commentCount\":0,\"publisher\":{\"@id\":\"https:\\\/\\\/ppdegalicia.com\\\/es\\\/#organization\"},\"image\":{\"@id\":\"https:\\\/\\\/ppdegalicia.com\\\/es\\\/paula-prado-destaca-a-renovacion-do-75-nas-listas-do-ppdeg-ao-congreso-e-o-senado-somos-un-partido-grande-e-con-capacidade-de-renovar-equipos\\\/#primaryimage\"},\"thumbnailUrl\":\"https:\\\/\\\/ppdegalicia.com\\\/wp-content\\\/uploads\\\/2023\\\/06\\\/b3a0a6d26d4b777d3ac05f678d663fb3-scaled.jpg\",\"articleSection\":[\"PP de Galicia\"],\"inLanguage\":\"es\",\"potentialAction\":[{\"@type\":\"CommentAction\",\"name\":\"Comment\",\"target\":[\"https:\\\/\\\/ppdegalicia.com\\\/es\\\/paula-prado-destaca-a-renovacion-do-75-nas-listas-do-ppdeg-ao-congreso-e-o-senado-somos-un-partido-grande-e-con-capacidade-de-renovar-equipos\\\/#respond\"]}]},{\"@type\":\"WebPage\",\"@id\":\"https:\\\/\\\/ppdegalicia.com\\\/es\\\/paula-prado-destaca-a-renovacion-do-75-nas-listas-do-ppdeg-ao-congreso-e-o-senado-somos-un-partido-grande-e-con-capacidade-de-renovar-equipos\\\/\",\"url\":\"https:\\\/\\\/ppdegalicia.com\\\/es\\\/paula-prado-destaca-a-renovacion-do-75-nas-listas-do-ppdeg-ao-congreso-e-o-senado-somos-un-partido-grande-e-con-capacidade-de-renovar-equipos\\\/\",\"name\":\"Paula Prado destaca a renovaci\u00f3n do 75% nas listas do PPdeG ao Congreso e o Senado: \u201cSomos un partido grande e con capacidade de renovar equipos\u201d - PP de Galicia\",\"isPartOf\":{\"@id\":\"https:\\\/\\\/ppdegalicia.com\\\/es\\\/#website\"},\"primaryImageOfPage\":{\"@id\":\"https:\\\/\\\/ppdegalicia.com\\\/es\\\/paula-prado-destaca-a-renovacion-do-75-nas-listas-do-ppdeg-ao-congreso-e-o-senado-somos-un-partido-grande-e-con-capacidade-de-renovar-equipos\\\/#primaryimage\"},\"image\":{\"@id\":\"https:\\\/\\\/ppdegalicia.com\\\/es\\\/paula-prado-destaca-a-renovacion-do-75-nas-listas-do-ppdeg-ao-congreso-e-o-senado-somos-un-partido-grande-e-con-capacidade-de-renovar-equipos\\\/#primaryimage\"},\"thumbnailUrl\":\"https:\\\/\\\/ppdegalicia.com\\\/wp-content\\\/uploads\\\/2023\\\/06\\\/b3a0a6d26d4b777d3ac05f678d663fb3-scaled.jpg\",\"datePublished\":\"2023-06-16T10:42:43+00:00\",\"breadcrumb\":{\"@id\":\"https:\\\/\\\/ppdegalicia.com\\\/es\\\/paula-prado-destaca-a-renovacion-do-75-nas-listas-do-ppdeg-ao-congreso-e-o-senado-somos-un-partido-grande-e-con-capacidade-de-renovar-equipos\\\/#breadcrumb\"},\"inLanguage\":\"es\",\"potentialAction\":[{\"@type\":\"ReadAction\",\"target\":[\"https:\\\/\\\/ppdegalicia.com\\\/es\\\/paula-prado-destaca-a-renovacion-do-75-nas-listas-do-ppdeg-ao-congreso-e-o-senado-somos-un-partido-grande-e-con-capacidade-de-renovar-equipos\\\/\"]}]},{\"@type\":\"ImageObject\",\"inLanguage\":\"es\",\"@id\":\"https:\\\/\\\/ppdegalicia.com\\\/es\\\/paula-prado-destaca-a-renovacion-do-75-nas-listas-do-ppdeg-ao-congreso-e-o-senado-somos-un-partido-grande-e-con-capacidade-de-renovar-equipos\\\/#primaryimage\",\"url\":\"https:\\\/\\\/ppdegalicia.com\\\/wp-content\\\/uploads\\\/2023\\\/06\\\/b3a0a6d26d4b777d3ac05f678d663fb3-scaled.jpg\",\"contentUrl\":\"https:\\\/\\\/ppdegalicia.com\\\/wp-content\\\/uploads\\\/2023\\\/06\\\/b3a0a6d26d4b777d3ac05f678d663fb3-scaled.jpg\",\"width\":2560,\"height\":1707},{\"@type\":\"BreadcrumbList\",\"@id\":\"https:\\\/\\\/ppdegalicia.com\\\/es\\\/paula-prado-destaca-a-renovacion-do-75-nas-listas-do-ppdeg-ao-congreso-e-o-senado-somos-un-partido-grande-e-con-capacidade-de-renovar-equipos\\\/#breadcrumb\",\"itemListElement\":[{\"@type\":\"ListItem\",\"position\":1,\"name\":\"Portada\",\"item\":\"https:\\\/\\\/ppdegalicia.com\\\/es\\\/\"},{\"@type\":\"ListItem\",\"position\":2,\"name\":\"Paula Prado destaca a renovaci\u00f3n do 75% nas listas do PPdeG ao Congreso e o Senado: \u201cSomos un partido grande e con capacidade de renovar equipos\u201d\"}]},{\"@type\":\"WebSite\",\"@id\":\"https:\\\/\\\/ppdegalicia.com\\\/es\\\/#website\",\"url\":\"https:\\\/\\\/ppdegalicia.com\\\/es\\\/\",\"name\":\"Partido Popular de Galicia\",\"description\":\"Partido Popular de Galicia\",\"publisher\":{\"@id\":\"https:\\\/\\\/ppdegalicia.com\\\/es\\\/#organization\"},\"alternateName\":\"PP de Galicia\",\"potentialAction\":[{\"@type\":\"SearchAction\",\"target\":{\"@type\":\"EntryPoint\",\"urlTemplate\":\"https:\\\/\\\/ppdegalicia.com\\\/es\\\/?s={search_term_string}\"},\"query-input\":{\"@type\":\"PropertyValueSpecification\",\"valueRequired\":true,\"valueName\":\"search_term_string\"}}],\"inLanguage\":\"es\"},{\"@type\":\"Organization\",\"@id\":\"https:\\\/\\\/ppdegalicia.com\\\/es\\\/#organization\",\"name\":\"Partido Popular de Galicia\",\"alternateName\":\"PP de Galicia\",\"url\":\"https:\\\/\\\/ppdegalicia.com\\\/es\\\/\",\"logo\":{\"@type\":\"ImageObject\",\"inLanguage\":\"es\",\"@id\":\"https:\\\/\\\/ppdegalicia.com\\\/es\\\/#\\\/schema\\\/logo\\\/image\\\/\",\"url\":\"https:\\\/\\\/ppdegalicia.com\\\/wp-content\\\/uploads\\\/2023\\\/04\\\/logoPP512.png\",\"contentUrl\":\"https:\\\/\\\/ppdegalicia.com\\\/wp-content\\\/uploads\\\/2023\\\/04\\\/logoPP512.png\",\"width\":512,\"height\":512,\"caption\":\"Partido Popular de Galicia\"},\"image\":{\"@id\":\"https:\\\/\\\/ppdegalicia.com\\\/es\\\/#\\\/schema\\\/logo\\\/image\\\/\"},\"sameAs\":[\"https:\\\/\\\/www.instagram.com\\\/ppdegalicia\\\/\",\"https:\\\/\\\/x.com\\\/ppdegalicia\",\"https:\\\/\\\/www.tiktok.com\\\/@ppdegalicia\",\"https:\\\/\\\/www.youtube.com\\\/user\\\/ppdegalicia\"]},{\"@type\":\"Person\",\"@id\":\"https:\\\/\\\/ppdegalicia.com\\\/es\\\/#\\\/schema\\\/person\\\/5b822c6f59e872ebdd1142f307dbcb59\",\"name\":\"ppdegaliciaredes\",\"image\":{\"@type\":\"ImageObject\",\"inLanguage\":\"es\",\"@id\":\"https:\\\/\\\/secure.gravatar.com\\\/avatar\\\/3c9179cf0256d00c72a48d1f25783c58b6842cd56e85ef3a572881c8e28ccd59?s=96&d=mm&r=g\",\"url\":\"https:\\\/\\\/secure.gravatar.com\\\/avatar\\\/3c9179cf0256d00c72a48d1f25783c58b6842cd56e85ef3a572881c8e28ccd59?s=96&d=mm&r=g\",\"contentUrl\":\"https:\\\/\\\/secure.gravatar.com\\\/avatar\\\/3c9179cf0256d00c72a48d1f25783c58b6842cd56e85ef3a572881c8e28ccd59?s=96&d=mm&r=g\",\"caption\":\"ppdegaliciaredes\"},\"url\":\"https:\\\/\\\/ppdegalicia.com\\\/es\\\/author\\\/ppdegaliciaredes\\\/\"}]}<\/script>\n<!-- \/ Yoast SEO plugin. -->","yoast_head_json":{"title":"Paula Prado destaca a renovaci\u00f3n do 75% nas listas do PPdeG ao Congreso e o Senado: \u201cSomos un partido grande e con capacidade de renovar equipos\u201d - PP de Galicia","robots":{"index":"index","follow":"follow","max-snippet":"max-snippet:-1","max-image-preview":"max-image-preview:large","max-video-preview":"max-video-preview:-1"},"canonical":"https:\/\/ppdegalicia.com\/es\/paula-prado-destaca-a-renovacion-do-75-nas-listas-do-ppdeg-ao-congreso-e-o-senado-somos-un-partido-grande-e-con-capacidade-de-renovar-equipos\/","og_locale":"es_ES","og_type":"article","og_title":"Paula Prado destaca a renovaci\u00f3n do 75% nas listas do PPdeG ao Congreso e o Senado: \u201cSomos un partido grande e con capacidade de renovar equipos\u201d - PP de Galicia","og_description":"16 de xu\u00f1o de 2023. A secretaria xeral do PPdeG, Paula Prado, destacou hoxe a renovaci\u00f3n do 75% nas listas que a formaci\u00f3n presenta ao Congreso e o Senado, nas que 3 de cada 4 membros est\u00e1n por primeira vez. \u201cSomos un partido grande e temos a capacidade de renovar os equipos\u201d, engadiu.","og_url":"https:\/\/ppdegalicia.com\/es\/paula-prado-destaca-a-renovacion-do-75-nas-listas-do-ppdeg-ao-congreso-e-o-senado-somos-un-partido-grande-e-con-capacidade-de-renovar-equipos\/","og_site_name":"PP de Galicia","article_publisher":"https:\/\/www.instagram.com\/ppdegalicia\/","article_published_time":"2023-06-16T10:42:43+00:00","og_image":[{"width":2560,"height":1707,"url":"https:\/\/ppdegalicia.com\/wp-content\/uploads\/2023\/06\/b3a0a6d26d4b777d3ac05f678d663fb3-scaled.jpg","type":"image\/jpeg"}],"author":"ppdegaliciaredes","twitter_card":"summary_large_image","twitter_creator":"@ppdegalicia","twitter_site":"@ppdegalicia","twitter_misc":{"Escrito por":"ppdegaliciaredes","Tiempo de lectura":"5 minutos"},"schema":{"@context":"https:\/\/schema.org","@graph":[{"@type":"Article","@id":"https:\/\/ppdegalicia.com\/es\/paula-prado-destaca-a-renovacion-do-75-nas-listas-do-ppdeg-ao-congreso-e-o-senado-somos-un-partido-grande-e-con-capacidade-de-renovar-equipos\/#article","isPartOf":{"@id":"https:\/\/ppdegalicia.com\/es\/paula-prado-destaca-a-renovacion-do-75-nas-listas-do-ppdeg-ao-congreso-e-o-senado-somos-un-partido-grande-e-con-capacidade-de-renovar-equipos\/"},"author":{"name":"ppdegaliciaredes","@id":"https:\/\/ppdegalicia.com\/es\/#\/schema\/person\/5b822c6f59e872ebdd1142f307dbcb59"},"headline":"Paula Prado destaca a renovaci\u00f3n do 75% nas listas do PPdeG ao Congreso e o Senado: \u201cSomos un partido grande e con capacidade de renovar equipos\u201d","datePublished":"2023-06-16T10:42:43+00:00","mainEntityOfPage":{"@id":"https:\/\/ppdegalicia.com\/es\/paula-prado-destaca-a-renovacion-do-75-nas-listas-do-ppdeg-ao-congreso-e-o-senado-somos-un-partido-grande-e-con-capacidade-de-renovar-equipos\/"},"wordCount":965,"commentCount":0,"publisher":{"@id":"https:\/\/ppdegalicia.com\/es\/#organization"},"image":{"@id":"https:\/\/ppdegalicia.com\/es\/paula-prado-destaca-a-renovacion-do-75-nas-listas-do-ppdeg-ao-congreso-e-o-senado-somos-un-partido-grande-e-con-capacidade-de-renovar-equipos\/#primaryimage"},"thumbnailUrl":"https:\/\/ppdegalicia.com\/wp-content\/uploads\/2023\/06\/b3a0a6d26d4b777d3ac05f678d663fb3-scaled.jpg","articleSection":["PP de Galicia"],"inLanguage":"es","potentialAction":[{"@type":"CommentAction","name":"Comment","target":["https:\/\/ppdegalicia.com\/es\/paula-prado-destaca-a-renovacion-do-75-nas-listas-do-ppdeg-ao-congreso-e-o-senado-somos-un-partido-grande-e-con-capacidade-de-renovar-equipos\/#respond"]}]},{"@type":"WebPage","@id":"https:\/\/ppdegalicia.com\/es\/paula-prado-destaca-a-renovacion-do-75-nas-listas-do-ppdeg-ao-congreso-e-o-senado-somos-un-partido-grande-e-con-capacidade-de-renovar-equipos\/","url":"https:\/\/ppdegalicia.com\/es\/paula-prado-destaca-a-renovacion-do-75-nas-listas-do-ppdeg-ao-congreso-e-o-senado-somos-un-partido-grande-e-con-capacidade-de-renovar-equipos\/","name":"Paula Prado destaca a renovaci\u00f3n do 75% nas listas do PPdeG ao Congreso e o Senado: \u201cSomos un partido grande e con capacidade de renovar equipos\u201d - PP de Galicia","isPartOf":{"@id":"https:\/\/ppdegalicia.com\/es\/#website"},"primaryImageOfPage":{"@id":"https:\/\/ppdegalicia.com\/es\/paula-prado-destaca-a-renovacion-do-75-nas-listas-do-ppdeg-ao-congreso-e-o-senado-somos-un-partido-grande-e-con-capacidade-de-renovar-equipos\/#primaryimage"},"image":{"@id":"https:\/\/ppdegalicia.com\/es\/paula-prado-destaca-a-renovacion-do-75-nas-listas-do-ppdeg-ao-congreso-e-o-senado-somos-un-partido-grande-e-con-capacidade-de-renovar-equipos\/#primaryimage"},"thumbnailUrl":"https:\/\/ppdegalicia.com\/wp-content\/uploads\/2023\/06\/b3a0a6d26d4b777d3ac05f678d663fb3-scaled.jpg","datePublished":"2023-06-16T10:42:43+00:00","breadcrumb":{"@id":"https:\/\/ppdegalicia.com\/es\/paula-prado-destaca-a-renovacion-do-75-nas-listas-do-ppdeg-ao-congreso-e-o-senado-somos-un-partido-grande-e-con-capacidade-de-renovar-equipos\/#breadcrumb"},"inLanguage":"es","potentialAction":[{"@type":"ReadAction","target":["https:\/\/ppdegalicia.com\/es\/paula-prado-destaca-a-renovacion-do-75-nas-listas-do-ppdeg-ao-congreso-e-o-senado-somos-un-partido-grande-e-con-capacidade-de-renovar-equipos\/"]}]},{"@type":"ImageObject","inLanguage":"es","@id":"https:\/\/ppdegalicia.com\/es\/paula-prado-destaca-a-renovacion-do-75-nas-listas-do-ppdeg-ao-congreso-e-o-senado-somos-un-partido-grande-e-con-capacidade-de-renovar-equipos\/#primaryimage","url":"https:\/\/ppdegalicia.com\/wp-content\/uploads\/2023\/06\/b3a0a6d26d4b777d3ac05f678d663fb3-scaled.jpg","contentUrl":"https:\/\/ppdegalicia.com\/wp-content\/uploads\/2023\/06\/b3a0a6d26d4b777d3ac05f678d663fb3-scaled.jpg","width":2560,"height":1707},{"@type":"BreadcrumbList","@id":"https:\/\/ppdegalicia.com\/es\/paula-prado-destaca-a-renovacion-do-75-nas-listas-do-ppdeg-ao-congreso-e-o-senado-somos-un-partido-grande-e-con-capacidade-de-renovar-equipos\/#breadcrumb","itemListElement":[{"@type":"ListItem","position":1,"name":"Portada","item":"https:\/\/ppdegalicia.com\/es\/"},{"@type":"ListItem","position":2,"name":"Paula Prado destaca a renovaci\u00f3n do 75% nas listas do PPdeG ao Congreso e o Senado: \u201cSomos un partido grande e con capacidade de renovar equipos\u201d"}]},{"@type":"WebSite","@id":"https:\/\/ppdegalicia.com\/es\/#website","url":"https:\/\/ppdegalicia.com\/es\/","name":"Partido Popular de Galicia","description":"Partido Popular de Galicia","publisher":{"@id":"https:\/\/ppdegalicia.com\/es\/#organization"},"alternateName":"PP de Galicia","potentialAction":[{"@type":"SearchAction","target":{"@type":"EntryPoint","urlTemplate":"https:\/\/ppdegalicia.com\/es\/?s={search_term_string}"},"query-input":{"@type":"PropertyValueSpecification","valueRequired":true,"valueName":"search_term_string"}}],"inLanguage":"es"},{"@type":"Organization","@id":"https:\/\/ppdegalicia.com\/es\/#organization","name":"Partido Popular de Galicia","alternateName":"PP de Galicia","url":"https:\/\/ppdegalicia.com\/es\/","logo":{"@type":"ImageObject","inLanguage":"es","@id":"https:\/\/ppdegalicia.com\/es\/#\/schema\/logo\/image\/","url":"https:\/\/ppdegalicia.com\/wp-content\/uploads\/2023\/04\/logoPP512.png","contentUrl":"https:\/\/ppdegalicia.com\/wp-content\/uploads\/2023\/04\/logoPP512.png","width":512,"height":512,"caption":"Partido Popular de Galicia"},"image":{"@id":"https:\/\/ppdegalicia.com\/es\/#\/schema\/logo\/image\/"},"sameAs":["https:\/\/www.instagram.com\/ppdegalicia\/","https:\/\/x.com\/ppdegalicia","https:\/\/www.tiktok.com\/@ppdegalicia","https:\/\/www.youtube.com\/user\/ppdegalicia"]},{"@type":"Person","@id":"https:\/\/ppdegalicia.com\/es\/#\/schema\/person\/5b822c6f59e872ebdd1142f307dbcb59","name":"ppdegaliciaredes","image":{"@type":"ImageObject","inLanguage":"es","@id":"https:\/\/secure.gravatar.com\/avatar\/3c9179cf0256d00c72a48d1f25783c58b6842cd56e85ef3a572881c8e28ccd59?s=96&d=mm&r=g","url":"https:\/\/secure.gravatar.com\/avatar\/3c9179cf0256d00c72a48d1f25783c58b6842cd56e85ef3a572881c8e28ccd59?s=96&d=mm&r=g","contentUrl":"https:\/\/secure.gravatar.com\/avatar\/3c9179cf0256d00c72a48d1f25783c58b6842cd56e85ef3a572881c8e28ccd59?s=96&d=mm&r=g","caption":"ppdegaliciaredes"},"url":"https:\/\/ppdegalicia.com\/es\/author\/ppdegaliciaredes\/"}]}},"_links":{"self":[{"href":"https:\/\/ppdegalicia.com\/es\/wp-json\/wp\/v2\/posts\/58203","targetHints":{"allow":["GET"]}}],"collection":[{"href":"https:\/\/ppdegalicia.com\/es\/wp-json\/wp\/v2\/posts"}],"about":[{"href":"https:\/\/ppdegalicia.com\/es\/wp-json\/wp\/v2\/types\/post"}],"author":[{"embeddable":true,"href":"https:\/\/ppdegalicia.com\/es\/wp-json\/wp\/v2\/users\/38"}],"replies":[{"embeddable":true,"href":"https:\/\/ppdegalicia.com\/es\/wp-json\/wp\/v2\/comments?post=58203"}],"version-history":[{"count":0,"href":"https:\/\/ppdegalicia.com\/es\/wp-json\/wp\/v2\/posts\/58203\/revisions"}],"wp:featuredmedia":[{"embeddable":true,"href":"https:\/\/ppdegalicia.com\/es\/wp-json\/wp\/v2\/media\/58202"}],"wp:attachment":[{"href":"https:\/\/ppdegalicia.com\/es\/wp-json\/wp\/v2\/media?parent=58203"}],"wp:term":[{"taxonomy":"category","embeddable":true,"href":"https:\/\/ppdegalicia.com\/es\/wp-json\/wp\/v2\/categories?post=58203"},{"taxonomy":"post_tag","embeddable":true,"href":"https:\/\/ppdegalicia.com\/es\/wp-json\/wp\/v2\/tags?post=58203"}],"curies":[{"name":"wp","href":"https:\/\/api.w.org\/{rel}","templated":true}]}}