{"id":58221,"date":"2023-06-26T19:43:32","date_gmt":"2023-06-26T17:43:32","guid":{"rendered":"https:\/\/ppdegalicia.com\/os-cinco-novos-deputados-do-grupo-popular-xuran-ou-prometen-mana-o-seu-cargo-no-pleno\/"},"modified":"2023-06-26T19:43:32","modified_gmt":"2023-06-26T17:43:32","slug":"os-cinco-novos-deputados-do-grupo-popular-xuran-ou-prometen-mana-o-seu-cargo-no-pleno","status":"publish","type":"post","link":"https:\/\/ppdegalicia.com\/es\/os-cinco-novos-deputados-do-grupo-popular-xuran-ou-prometen-mana-o-seu-cargo-no-pleno\/","title":{"rendered":"Os cinco novos deputados do Grupo Popular xuran ou prometen ma\u00f1\u00e1 o seu cargo no Pleno"},"content":{"rendered":"<p><img fetchpriority=\"high\" decoding=\"async\" class=\" size-full wp-image-58220\" src=\"https:\/\/ppdegalicia.com\/wp-content\/uploads\/2023\/06\/ff35f44dce2cb1b584c93fc6146ace4d.jpg\" alt=\"\" width=\"1900\" height=\"1267\" srcset=\"https:\/\/ppdegalicia.com\/wp-content\/uploads\/2023\/06\/ff35f44dce2cb1b584c93fc6146ace4d.jpg 1900w, https:\/\/ppdegalicia.com\/wp-content\/uploads\/2023\/06\/ff35f44dce2cb1b584c93fc6146ace4d-300x200.jpg 300w, https:\/\/ppdegalicia.com\/wp-content\/uploads\/2023\/06\/ff35f44dce2cb1b584c93fc6146ace4d-1024x683.jpg 1024w, https:\/\/ppdegalicia.com\/wp-content\/uploads\/2023\/06\/ff35f44dce2cb1b584c93fc6146ace4d-768x512.jpg 768w, https:\/\/ppdegalicia.com\/wp-content\/uploads\/2023\/06\/ff35f44dce2cb1b584c93fc6146ace4d-1536x1024.jpg 1536w\" sizes=\"(max-width: 1900px) 100vw, 1900px\" \/><\/p>\n<p>26 de xu\u00f1o de 2023. O Pleno do Parlamento de Galicia que se celebra ma\u00f1\u00e1 acoller\u00e1 o xura ou promesa dos cinco novos deputados do Grupo Popular, que ve\u00f1en substitu\u00edr aos catro que sa\u00edron elixidos alcaldes e \u00e1 nova secretaria xeral de Igualdade da Xunta de Galicia.<\/p>\n<p><!--more--><\/p>\n<p>As\u00ed mesmo, na mesma sesi\u00f3n plenaria procederase ao debate para a aprobaci\u00f3n da Lei reguladora dos xogos de Galicia. O portavoz popular, Pedro Puy, informou tam\u00e9n da aprobaci\u00f3n esta ma\u00f1\u00e1 na Comisi\u00f3n 2\u00aa do ditame do proxecto de Lei do litoral de Galicia, co que esta nova norma queda en disposici\u00f3n para a s\u00faa aprobaci\u00f3n no vindeiro Pleno do 4 de xullo.<\/p>\n<p>\u00a0<\/p>\n<p>Pedro Puy explicou os cambios que se introducen no Grupo Popular coa incorporaci\u00f3n dos novos deputados. As\u00ed, Katherinie Varela Fern\u00e1ndez, substit\u00fae a Sandra V\u00e1zquez, que foi nomeada Secretaria Xeral de Igualdade a pasada semana; Paula Mouzo Mas, substit\u00fae a Jos\u00e9 Manuel Rey, alcalde de Ferrol; \u00c1ngel Rodr\u00edguez Conde, entra en lugar de Ovidio Rodeiro, alcalde de Boqueix\u00f3n; Susana L\u00f3pez Abella, substit\u00fae ao novo alcalde de Ribadeo, Daniel Vega; e, por \u00faltimo, Mois\u00e9s Blanco Paradelo entra no sitio que deixa Marta N\u00f3voa, alcaldesa de San Cibrao das Vi\u00f1as.<\/p>\n<p>\u00a0<\/p>\n<p><strong>FONDAMENTE FALADA<\/strong><\/p>\n<p>\u00a0<\/p>\n<p>A sesi\u00f3n plenaria incl\u00fae o debate para a aprobaci\u00f3n do proxecto de Lei reguladora dos xogos de Galicia, \u201cunha norma necesaria para adecuar a lexislaci\u00f3n vixente do ano 1985 e adaptarse \u00e1 realidade deste sector na actualidade, que ten mudado moito nos \u00faltimos anos\u201d, manifestou o portavoz popular. As\u00ed mesmo, salientou \u201co longo per\u00edodo de preparaci\u00f3n que tivo este texto lexislativo\u201d, a trav\u00e9s dun grupo de traballo no que participaron todos os sectores relacionados co xogo, a Administraci\u00f3n auton\u00f3mica, as universidades e as asociaci\u00f3ns de loita contra a ludopat\u00eda, ademais de atender as recomendaci\u00f3ns de profesionais co\u00f1ecedores da problem\u00e1tica das adici\u00f3ns.<\/p>\n<p>\u00a0<\/p>\n<p>\u201cPero ademais foi unha lei fondamente falada no tr\u00e1mite parlamentario, incorporando finalmente 23 das 46 emendas do BNG e 11 das 21 das presentadas polo PSdeG\u201d, destacou Puy, quen apuntou que \u201cestas aportaci\u00f3ns melloraron o texto inicial, incorpor\u00e1ndose novas medidas de prevenci\u00f3n e cambiando determinados aspectos na redacci\u00f3n que contrib\u00faen a facelo m\u00e1is sinxelo e comprensible\u201d.<\/p>\n<p>\u00a0<\/p>\n<p>Respecto das proposici\u00f3ns non de lei que defender\u00e1 o Grupo Popular no Pleno desta semana, Pedro Puy dixo que \u201cson importantes para a Galicia do futuro\u201d. En primeiro lugar, p\u00eddese unha reuni\u00f3n urxente do Comisionado do Corredor Atl\u00e1ntico coas comunidades de Galicia, Asturias e Castela e Le\u00f3n, a fin de co\u00f1ecer os compromisos do Goberno central con esta infraestrutura ferroviaria.<\/p>\n<p>\u00a0<\/p>\n<p><strong>ALARMANTES NOVAS SOBRE O CORREDOR ATL\u00c1NTICO<\/strong><\/p>\n<p>\u00a0<\/p>\n<p>Pedro Puy cualificou de \u201calarmantes\u201d as \u00faltimas novas co\u00f1ecidas sobre o Corredor Atl\u00e1ntico, xa que o Goberno de Pedro S\u00e1nchez non presentou ning\u00fan proxecto ao fondo de 6.200 mill\u00f3ns de euros da Uni\u00f3n Europea para o Corredor do Noroeste, polo que manifestou que \u201ccomprendemos ese absentismo \u00e1 hora de atender a solicitude de reuni\u00f3n co Comisionado\u201d pola falta de boas novas respecto da construci\u00f3n desta infraestrutura de transporte.<\/p>\n<p>\u00a0<\/p>\n<p>A segunda proposici\u00f3n non de lei do Grupo Popular incide na necesidade de que o Goberno de Espa\u00f1a destine fondos europeos aos proxectos industriais tractores da econom\u00eda galega. \u201cLevamos anos facendo un traballo exemplar pero seguimos sen ter co\u00f1ecemento de posibles apoios para proxectos como o de Stellantis, Resonac, Sentury Tire, Altri ou Forestal do Atl\u00e1ntico\u201d.<\/p>\n<p>\u00a0<\/p>\n<p>\u201c\u00c9 imprescindible que haxa certezas respecto dos fondos europeos que podan chegar a estes proxectos e estamos sorprendidos da falta de resposta do Goberno de Pedro S\u00e1nchez, cando vemos que ao mesmo tempo se conceden axudas directas a Catalu\u00f1a ou Valencia para o veh\u00edculo el\u00e9ctrico; ou para a descarbonizaci\u00f3n en Asturias\u201d, dixo.<\/p>\n<p>INCORPORADAS O 40% DAS EMENDAS DO BNG<\/p>\n<p>Por \u00faltimo, e a modo de avance do \u00faltimo Pleno do actual per\u00edodo de sesi\u00f3ns que se celebrar\u00e1 a vindeira semana, Pedro Puy indicou que se proceder\u00e1 ao debate de aprobaci\u00f3n do proxecto de Lei do litoral de Galicia, unha vez que a Comisi\u00f3n 2\u00aa do Parlamento galego aprobou esta ma\u00f1\u00e1 o ditame, coa abstenci\u00f3n tanto do BNG como do PSdeG.<\/p>\n<p>O portavoz popular lamentou que o PSdeG \u201cse desentendera\u201d do debate deste texto lexislativo e rexeitara facer aportaci\u00f3ns, \u201cdecidindo asistir como convidados de pedra ao debate\u201d. Por\u00e9n, destacou que finalmente se aceptaran 25 emendas do BNG e se transaccionaran outras 9 m\u00e1is, \u201cco que estamos a falar de que o texto final incorpora practicamente o 40 por cento das propostas realizadas polos nacionalistas\u201d.<\/p>\n<p>\u201cEstamos ante unha lei que ten moita relevancia para o litoral galego, non s\u00f3 desde un punto de vista pol\u00edtico sen\u00f3n tam\u00e9n porque, unha vez que se materialice o traspaso, Galicia poder\u00e1 exercer esas competencias sobre o litoral, combinando perfectamente o uso racional e rendible do litoral coa s\u00faa conservaci\u00f3n e protecci\u00f3n\u201d, engadiu.<\/p>\n","protected":false},"excerpt":{"rendered":"<p>26 de xu\u00f1o de 2023. O Pleno do Parlamento de Galicia que se celebra ma\u00f1\u00e1 acoller\u00e1 o xura ou promesa dos cinco novos deputados do Grupo Popular, que ve\u00f1en substitu\u00edr aos catro que sa\u00edron elixidos alcaldes e \u00e1 nova secretaria xeral de Igualdade da Xunta de Galicia.<\/p>\n","protected":false},"author":38,"featured_media":58220,"comment_status":"open","ping_status":"open","sticky":false,"template":"","format":"standard","meta":{"_acf_changed":false,"footnotes":""},"categories":[1],"tags":[],"class_list":["post-58221","post","type-post","status-publish","format-standard","has-post-thumbnail","hentry","category-pp-de-galicia"],"acf":[],"yoast_head":"<!-- This site is optimized with the Yoast SEO plugin v27.3 - https:\/\/yoast.com\/product\/yoast-seo-wordpress\/ -->\n<title>Os cinco novos deputados do Grupo Popular xuran ou prometen ma\u00f1\u00e1 o seu cargo no Pleno - PP de Galicia<\/title>\n<meta name=\"robots\" content=\"index, follow, max-snippet:-1, max-image-preview:large, max-video-preview:-1\" \/>\n<link rel=\"canonical\" href=\"https:\/\/ppdegalicia.com\/es\/os-cinco-novos-deputados-do-grupo-popular-xuran-ou-prometen-mana-o-seu-cargo-no-pleno\/\" \/>\n<meta property=\"og:locale\" content=\"es_ES\" \/>\n<meta property=\"og:type\" content=\"article\" \/>\n<meta property=\"og:title\" content=\"Os cinco novos deputados do Grupo Popular xuran ou prometen ma\u00f1\u00e1 o seu cargo no Pleno - PP de Galicia\" \/>\n<meta property=\"og:description\" content=\"26 de xu\u00f1o de 2023. O Pleno do Parlamento de Galicia que se celebra ma\u00f1\u00e1 acoller\u00e1 o xura ou promesa dos cinco novos deputados do Grupo Popular, que ve\u00f1en substitu\u00edr aos catro que sa\u00edron elixidos alcaldes e \u00e1 nova secretaria xeral de Igualdade da Xunta de Galicia.\" \/>\n<meta property=\"og:url\" content=\"https:\/\/ppdegalicia.com\/es\/os-cinco-novos-deputados-do-grupo-popular-xuran-ou-prometen-mana-o-seu-cargo-no-pleno\/\" \/>\n<meta property=\"og:site_name\" content=\"PP de Galicia\" \/>\n<meta property=\"article:publisher\" content=\"https:\/\/www.instagram.com\/ppdegalicia\/\" \/>\n<meta property=\"article:published_time\" content=\"2023-06-26T17:43:32+00:00\" \/>\n<meta property=\"og:image\" content=\"https:\/\/ppdegalicia.com\/wp-content\/uploads\/2023\/06\/ff35f44dce2cb1b584c93fc6146ace4d.jpg\" \/>\n\t<meta property=\"og:image:width\" content=\"1900\" \/>\n\t<meta property=\"og:image:height\" content=\"1267\" \/>\n\t<meta property=\"og:image:type\" content=\"image\/jpeg\" \/>\n<meta name=\"author\" content=\"ppdegaliciaredes\" \/>\n<meta name=\"twitter:card\" content=\"summary_large_image\" \/>\n<meta name=\"twitter:creator\" content=\"@ppdegalicia\" \/>\n<meta name=\"twitter:site\" content=\"@ppdegalicia\" \/>\n<meta name=\"twitter:label1\" content=\"Escrito por\" \/>\n\t<meta name=\"twitter:data1\" content=\"ppdegaliciaredes\" \/>\n\t<meta name=\"twitter:label2\" content=\"Tiempo de lectura\" \/>\n\t<meta name=\"twitter:data2\" content=\"4 minutos\" \/>\n<script type=\"application\/ld+json\" class=\"yoast-schema-graph\">{\"@context\":\"https:\\\/\\\/schema.org\",\"@graph\":[{\"@type\":\"Article\",\"@id\":\"https:\\\/\\\/ppdegalicia.com\\\/es\\\/os-cinco-novos-deputados-do-grupo-popular-xuran-ou-prometen-mana-o-seu-cargo-no-pleno\\\/#article\",\"isPartOf\":{\"@id\":\"https:\\\/\\\/ppdegalicia.com\\\/es\\\/os-cinco-novos-deputados-do-grupo-popular-xuran-ou-prometen-mana-o-seu-cargo-no-pleno\\\/\"},\"author\":{\"name\":\"ppdegaliciaredes\",\"@id\":\"https:\\\/\\\/ppdegalicia.com\\\/es\\\/#\\\/schema\\\/person\\\/5b822c6f59e872ebdd1142f307dbcb59\"},\"headline\":\"Os cinco novos deputados do Grupo Popular xuran ou prometen ma\u00f1\u00e1 o seu cargo no Pleno\",\"datePublished\":\"2023-06-26T17:43:32+00:00\",\"mainEntityOfPage\":{\"@id\":\"https:\\\/\\\/ppdegalicia.com\\\/es\\\/os-cinco-novos-deputados-do-grupo-popular-xuran-ou-prometen-mana-o-seu-cargo-no-pleno\\\/\"},\"wordCount\":863,\"commentCount\":0,\"publisher\":{\"@id\":\"https:\\\/\\\/ppdegalicia.com\\\/es\\\/#organization\"},\"image\":{\"@id\":\"https:\\\/\\\/ppdegalicia.com\\\/es\\\/os-cinco-novos-deputados-do-grupo-popular-xuran-ou-prometen-mana-o-seu-cargo-no-pleno\\\/#primaryimage\"},\"thumbnailUrl\":\"https:\\\/\\\/ppdegalicia.com\\\/wp-content\\\/uploads\\\/2023\\\/06\\\/ff35f44dce2cb1b584c93fc6146ace4d.jpg\",\"articleSection\":[\"PP de Galicia\"],\"inLanguage\":\"es\",\"potentialAction\":[{\"@type\":\"CommentAction\",\"name\":\"Comment\",\"target\":[\"https:\\\/\\\/ppdegalicia.com\\\/es\\\/os-cinco-novos-deputados-do-grupo-popular-xuran-ou-prometen-mana-o-seu-cargo-no-pleno\\\/#respond\"]}]},{\"@type\":\"WebPage\",\"@id\":\"https:\\\/\\\/ppdegalicia.com\\\/es\\\/os-cinco-novos-deputados-do-grupo-popular-xuran-ou-prometen-mana-o-seu-cargo-no-pleno\\\/\",\"url\":\"https:\\\/\\\/ppdegalicia.com\\\/es\\\/os-cinco-novos-deputados-do-grupo-popular-xuran-ou-prometen-mana-o-seu-cargo-no-pleno\\\/\",\"name\":\"Os cinco novos deputados do Grupo Popular xuran ou prometen ma\u00f1\u00e1 o seu cargo no Pleno - PP de Galicia\",\"isPartOf\":{\"@id\":\"https:\\\/\\\/ppdegalicia.com\\\/es\\\/#website\"},\"primaryImageOfPage\":{\"@id\":\"https:\\\/\\\/ppdegalicia.com\\\/es\\\/os-cinco-novos-deputados-do-grupo-popular-xuran-ou-prometen-mana-o-seu-cargo-no-pleno\\\/#primaryimage\"},\"image\":{\"@id\":\"https:\\\/\\\/ppdegalicia.com\\\/es\\\/os-cinco-novos-deputados-do-grupo-popular-xuran-ou-prometen-mana-o-seu-cargo-no-pleno\\\/#primaryimage\"},\"thumbnailUrl\":\"https:\\\/\\\/ppdegalicia.com\\\/wp-content\\\/uploads\\\/2023\\\/06\\\/ff35f44dce2cb1b584c93fc6146ace4d.jpg\",\"datePublished\":\"2023-06-26T17:43:32+00:00\",\"breadcrumb\":{\"@id\":\"https:\\\/\\\/ppdegalicia.com\\\/es\\\/os-cinco-novos-deputados-do-grupo-popular-xuran-ou-prometen-mana-o-seu-cargo-no-pleno\\\/#breadcrumb\"},\"inLanguage\":\"es\",\"potentialAction\":[{\"@type\":\"ReadAction\",\"target\":[\"https:\\\/\\\/ppdegalicia.com\\\/es\\\/os-cinco-novos-deputados-do-grupo-popular-xuran-ou-prometen-mana-o-seu-cargo-no-pleno\\\/\"]}]},{\"@type\":\"ImageObject\",\"inLanguage\":\"es\",\"@id\":\"https:\\\/\\\/ppdegalicia.com\\\/es\\\/os-cinco-novos-deputados-do-grupo-popular-xuran-ou-prometen-mana-o-seu-cargo-no-pleno\\\/#primaryimage\",\"url\":\"https:\\\/\\\/ppdegalicia.com\\\/wp-content\\\/uploads\\\/2023\\\/06\\\/ff35f44dce2cb1b584c93fc6146ace4d.jpg\",\"contentUrl\":\"https:\\\/\\\/ppdegalicia.com\\\/wp-content\\\/uploads\\\/2023\\\/06\\\/ff35f44dce2cb1b584c93fc6146ace4d.jpg\",\"width\":1900,\"height\":1267},{\"@type\":\"BreadcrumbList\",\"@id\":\"https:\\\/\\\/ppdegalicia.com\\\/es\\\/os-cinco-novos-deputados-do-grupo-popular-xuran-ou-prometen-mana-o-seu-cargo-no-pleno\\\/#breadcrumb\",\"itemListElement\":[{\"@type\":\"ListItem\",\"position\":1,\"name\":\"Portada\",\"item\":\"https:\\\/\\\/ppdegalicia.com\\\/es\\\/\"},{\"@type\":\"ListItem\",\"position\":2,\"name\":\"Os cinco novos deputados do Grupo Popular xuran ou prometen ma\u00f1\u00e1 o seu cargo no Pleno\"}]},{\"@type\":\"WebSite\",\"@id\":\"https:\\\/\\\/ppdegalicia.com\\\/es\\\/#website\",\"url\":\"https:\\\/\\\/ppdegalicia.com\\\/es\\\/\",\"name\":\"Partido Popular de Galicia\",\"description\":\"Partido Popular de Galicia\",\"publisher\":{\"@id\":\"https:\\\/\\\/ppdegalicia.com\\\/es\\\/#organization\"},\"alternateName\":\"PP de Galicia\",\"potentialAction\":[{\"@type\":\"SearchAction\",\"target\":{\"@type\":\"EntryPoint\",\"urlTemplate\":\"https:\\\/\\\/ppdegalicia.com\\\/es\\\/?s={search_term_string}\"},\"query-input\":{\"@type\":\"PropertyValueSpecification\",\"valueRequired\":true,\"valueName\":\"search_term_string\"}}],\"inLanguage\":\"es\"},{\"@type\":\"Organization\",\"@id\":\"https:\\\/\\\/ppdegalicia.com\\\/es\\\/#organization\",\"name\":\"Partido Popular de Galicia\",\"alternateName\":\"PP de Galicia\",\"url\":\"https:\\\/\\\/ppdegalicia.com\\\/es\\\/\",\"logo\":{\"@type\":\"ImageObject\",\"inLanguage\":\"es\",\"@id\":\"https:\\\/\\\/ppdegalicia.com\\\/es\\\/#\\\/schema\\\/logo\\\/image\\\/\",\"url\":\"https:\\\/\\\/ppdegalicia.com\\\/wp-content\\\/uploads\\\/2023\\\/04\\\/logoPP512.png\",\"contentUrl\":\"https:\\\/\\\/ppdegalicia.com\\\/wp-content\\\/uploads\\\/2023\\\/04\\\/logoPP512.png\",\"width\":512,\"height\":512,\"caption\":\"Partido Popular de Galicia\"},\"image\":{\"@id\":\"https:\\\/\\\/ppdegalicia.com\\\/es\\\/#\\\/schema\\\/logo\\\/image\\\/\"},\"sameAs\":[\"https:\\\/\\\/www.instagram.com\\\/ppdegalicia\\\/\",\"https:\\\/\\\/x.com\\\/ppdegalicia\",\"https:\\\/\\\/www.tiktok.com\\\/@ppdegalicia\",\"https:\\\/\\\/www.youtube.com\\\/user\\\/ppdegalicia\"]},{\"@type\":\"Person\",\"@id\":\"https:\\\/\\\/ppdegalicia.com\\\/es\\\/#\\\/schema\\\/person\\\/5b822c6f59e872ebdd1142f307dbcb59\",\"name\":\"ppdegaliciaredes\",\"image\":{\"@type\":\"ImageObject\",\"inLanguage\":\"es\",\"@id\":\"https:\\\/\\\/secure.gravatar.com\\\/avatar\\\/3c9179cf0256d00c72a48d1f25783c58b6842cd56e85ef3a572881c8e28ccd59?s=96&d=mm&r=g\",\"url\":\"https:\\\/\\\/secure.gravatar.com\\\/avatar\\\/3c9179cf0256d00c72a48d1f25783c58b6842cd56e85ef3a572881c8e28ccd59?s=96&d=mm&r=g\",\"contentUrl\":\"https:\\\/\\\/secure.gravatar.com\\\/avatar\\\/3c9179cf0256d00c72a48d1f25783c58b6842cd56e85ef3a572881c8e28ccd59?s=96&d=mm&r=g\",\"caption\":\"ppdegaliciaredes\"},\"url\":\"https:\\\/\\\/ppdegalicia.com\\\/es\\\/author\\\/ppdegaliciaredes\\\/\"}]}<\/script>\n<!-- \/ Yoast SEO plugin. -->","yoast_head_json":{"title":"Os cinco novos deputados do Grupo Popular xuran ou prometen ma\u00f1\u00e1 o seu cargo no Pleno - PP de Galicia","robots":{"index":"index","follow":"follow","max-snippet":"max-snippet:-1","max-image-preview":"max-image-preview:large","max-video-preview":"max-video-preview:-1"},"canonical":"https:\/\/ppdegalicia.com\/es\/os-cinco-novos-deputados-do-grupo-popular-xuran-ou-prometen-mana-o-seu-cargo-no-pleno\/","og_locale":"es_ES","og_type":"article","og_title":"Os cinco novos deputados do Grupo Popular xuran ou prometen ma\u00f1\u00e1 o seu cargo no Pleno - PP de Galicia","og_description":"26 de xu\u00f1o de 2023. O Pleno do Parlamento de Galicia que se celebra ma\u00f1\u00e1 acoller\u00e1 o xura ou promesa dos cinco novos deputados do Grupo Popular, que ve\u00f1en substitu\u00edr aos catro que sa\u00edron elixidos alcaldes e \u00e1 nova secretaria xeral de Igualdade da Xunta de Galicia.","og_url":"https:\/\/ppdegalicia.com\/es\/os-cinco-novos-deputados-do-grupo-popular-xuran-ou-prometen-mana-o-seu-cargo-no-pleno\/","og_site_name":"PP de Galicia","article_publisher":"https:\/\/www.instagram.com\/ppdegalicia\/","article_published_time":"2023-06-26T17:43:32+00:00","og_image":[{"width":1900,"height":1267,"url":"https:\/\/ppdegalicia.com\/wp-content\/uploads\/2023\/06\/ff35f44dce2cb1b584c93fc6146ace4d.jpg","type":"image\/jpeg"}],"author":"ppdegaliciaredes","twitter_card":"summary_large_image","twitter_creator":"@ppdegalicia","twitter_site":"@ppdegalicia","twitter_misc":{"Escrito por":"ppdegaliciaredes","Tiempo de lectura":"4 minutos"},"schema":{"@context":"https:\/\/schema.org","@graph":[{"@type":"Article","@id":"https:\/\/ppdegalicia.com\/es\/os-cinco-novos-deputados-do-grupo-popular-xuran-ou-prometen-mana-o-seu-cargo-no-pleno\/#article","isPartOf":{"@id":"https:\/\/ppdegalicia.com\/es\/os-cinco-novos-deputados-do-grupo-popular-xuran-ou-prometen-mana-o-seu-cargo-no-pleno\/"},"author":{"name":"ppdegaliciaredes","@id":"https:\/\/ppdegalicia.com\/es\/#\/schema\/person\/5b822c6f59e872ebdd1142f307dbcb59"},"headline":"Os cinco novos deputados do Grupo Popular xuran ou prometen ma\u00f1\u00e1 o seu cargo no Pleno","datePublished":"2023-06-26T17:43:32+00:00","mainEntityOfPage":{"@id":"https:\/\/ppdegalicia.com\/es\/os-cinco-novos-deputados-do-grupo-popular-xuran-ou-prometen-mana-o-seu-cargo-no-pleno\/"},"wordCount":863,"commentCount":0,"publisher":{"@id":"https:\/\/ppdegalicia.com\/es\/#organization"},"image":{"@id":"https:\/\/ppdegalicia.com\/es\/os-cinco-novos-deputados-do-grupo-popular-xuran-ou-prometen-mana-o-seu-cargo-no-pleno\/#primaryimage"},"thumbnailUrl":"https:\/\/ppdegalicia.com\/wp-content\/uploads\/2023\/06\/ff35f44dce2cb1b584c93fc6146ace4d.jpg","articleSection":["PP de Galicia"],"inLanguage":"es","potentialAction":[{"@type":"CommentAction","name":"Comment","target":["https:\/\/ppdegalicia.com\/es\/os-cinco-novos-deputados-do-grupo-popular-xuran-ou-prometen-mana-o-seu-cargo-no-pleno\/#respond"]}]},{"@type":"WebPage","@id":"https:\/\/ppdegalicia.com\/es\/os-cinco-novos-deputados-do-grupo-popular-xuran-ou-prometen-mana-o-seu-cargo-no-pleno\/","url":"https:\/\/ppdegalicia.com\/es\/os-cinco-novos-deputados-do-grupo-popular-xuran-ou-prometen-mana-o-seu-cargo-no-pleno\/","name":"Os cinco novos deputados do Grupo Popular xuran ou prometen ma\u00f1\u00e1 o seu cargo no Pleno - PP de Galicia","isPartOf":{"@id":"https:\/\/ppdegalicia.com\/es\/#website"},"primaryImageOfPage":{"@id":"https:\/\/ppdegalicia.com\/es\/os-cinco-novos-deputados-do-grupo-popular-xuran-ou-prometen-mana-o-seu-cargo-no-pleno\/#primaryimage"},"image":{"@id":"https:\/\/ppdegalicia.com\/es\/os-cinco-novos-deputados-do-grupo-popular-xuran-ou-prometen-mana-o-seu-cargo-no-pleno\/#primaryimage"},"thumbnailUrl":"https:\/\/ppdegalicia.com\/wp-content\/uploads\/2023\/06\/ff35f44dce2cb1b584c93fc6146ace4d.jpg","datePublished":"2023-06-26T17:43:32+00:00","breadcrumb":{"@id":"https:\/\/ppdegalicia.com\/es\/os-cinco-novos-deputados-do-grupo-popular-xuran-ou-prometen-mana-o-seu-cargo-no-pleno\/#breadcrumb"},"inLanguage":"es","potentialAction":[{"@type":"ReadAction","target":["https:\/\/ppdegalicia.com\/es\/os-cinco-novos-deputados-do-grupo-popular-xuran-ou-prometen-mana-o-seu-cargo-no-pleno\/"]}]},{"@type":"ImageObject","inLanguage":"es","@id":"https:\/\/ppdegalicia.com\/es\/os-cinco-novos-deputados-do-grupo-popular-xuran-ou-prometen-mana-o-seu-cargo-no-pleno\/#primaryimage","url":"https:\/\/ppdegalicia.com\/wp-content\/uploads\/2023\/06\/ff35f44dce2cb1b584c93fc6146ace4d.jpg","contentUrl":"https:\/\/ppdegalicia.com\/wp-content\/uploads\/2023\/06\/ff35f44dce2cb1b584c93fc6146ace4d.jpg","width":1900,"height":1267},{"@type":"BreadcrumbList","@id":"https:\/\/ppdegalicia.com\/es\/os-cinco-novos-deputados-do-grupo-popular-xuran-ou-prometen-mana-o-seu-cargo-no-pleno\/#breadcrumb","itemListElement":[{"@type":"ListItem","position":1,"name":"Portada","item":"https:\/\/ppdegalicia.com\/es\/"},{"@type":"ListItem","position":2,"name":"Os cinco novos deputados do Grupo Popular xuran ou prometen ma\u00f1\u00e1 o seu cargo no Pleno"}]},{"@type":"WebSite","@id":"https:\/\/ppdegalicia.com\/es\/#website","url":"https:\/\/ppdegalicia.com\/es\/","name":"Partido Popular de Galicia","description":"Partido Popular de Galicia","publisher":{"@id":"https:\/\/ppdegalicia.com\/es\/#organization"},"alternateName":"PP de Galicia","potentialAction":[{"@type":"SearchAction","target":{"@type":"EntryPoint","urlTemplate":"https:\/\/ppdegalicia.com\/es\/?s={search_term_string}"},"query-input":{"@type":"PropertyValueSpecification","valueRequired":true,"valueName":"search_term_string"}}],"inLanguage":"es"},{"@type":"Organization","@id":"https:\/\/ppdegalicia.com\/es\/#organization","name":"Partido Popular de Galicia","alternateName":"PP de Galicia","url":"https:\/\/ppdegalicia.com\/es\/","logo":{"@type":"ImageObject","inLanguage":"es","@id":"https:\/\/ppdegalicia.com\/es\/#\/schema\/logo\/image\/","url":"https:\/\/ppdegalicia.com\/wp-content\/uploads\/2023\/04\/logoPP512.png","contentUrl":"https:\/\/ppdegalicia.com\/wp-content\/uploads\/2023\/04\/logoPP512.png","width":512,"height":512,"caption":"Partido Popular de Galicia"},"image":{"@id":"https:\/\/ppdegalicia.com\/es\/#\/schema\/logo\/image\/"},"sameAs":["https:\/\/www.instagram.com\/ppdegalicia\/","https:\/\/x.com\/ppdegalicia","https:\/\/www.tiktok.com\/@ppdegalicia","https:\/\/www.youtube.com\/user\/ppdegalicia"]},{"@type":"Person","@id":"https:\/\/ppdegalicia.com\/es\/#\/schema\/person\/5b822c6f59e872ebdd1142f307dbcb59","name":"ppdegaliciaredes","image":{"@type":"ImageObject","inLanguage":"es","@id":"https:\/\/secure.gravatar.com\/avatar\/3c9179cf0256d00c72a48d1f25783c58b6842cd56e85ef3a572881c8e28ccd59?s=96&d=mm&r=g","url":"https:\/\/secure.gravatar.com\/avatar\/3c9179cf0256d00c72a48d1f25783c58b6842cd56e85ef3a572881c8e28ccd59?s=96&d=mm&r=g","contentUrl":"https:\/\/secure.gravatar.com\/avatar\/3c9179cf0256d00c72a48d1f25783c58b6842cd56e85ef3a572881c8e28ccd59?s=96&d=mm&r=g","caption":"ppdegaliciaredes"},"url":"https:\/\/ppdegalicia.com\/es\/author\/ppdegaliciaredes\/"}]}},"_links":{"self":[{"href":"https:\/\/ppdegalicia.com\/es\/wp-json\/wp\/v2\/posts\/58221","targetHints":{"allow":["GET"]}}],"collection":[{"href":"https:\/\/ppdegalicia.com\/es\/wp-json\/wp\/v2\/posts"}],"about":[{"href":"https:\/\/ppdegalicia.com\/es\/wp-json\/wp\/v2\/types\/post"}],"author":[{"embeddable":true,"href":"https:\/\/ppdegalicia.com\/es\/wp-json\/wp\/v2\/users\/38"}],"replies":[{"embeddable":true,"href":"https:\/\/ppdegalicia.com\/es\/wp-json\/wp\/v2\/comments?post=58221"}],"version-history":[{"count":0,"href":"https:\/\/ppdegalicia.com\/es\/wp-json\/wp\/v2\/posts\/58221\/revisions"}],"wp:featuredmedia":[{"embeddable":true,"href":"https:\/\/ppdegalicia.com\/es\/wp-json\/wp\/v2\/media\/58220"}],"wp:attachment":[{"href":"https:\/\/ppdegalicia.com\/es\/wp-json\/wp\/v2\/media?parent=58221"}],"wp:term":[{"taxonomy":"category","embeddable":true,"href":"https:\/\/ppdegalicia.com\/es\/wp-json\/wp\/v2\/categories?post=58221"},{"taxonomy":"post_tag","embeddable":true,"href":"https:\/\/ppdegalicia.com\/es\/wp-json\/wp\/v2\/tags?post=58221"}],"curies":[{"name":"wp","href":"https:\/\/api.w.org\/{rel}","templated":true}]}}