{"id":58223,"date":"2023-06-26T19:45:35","date_gmt":"2023-06-26T17:45:35","guid":{"rendered":"https:\/\/ppdegalicia.com\/o-grupo-popular-rexistra-no-parlamento-de-galicia-a-proposicion-de-lei-de-transferencia-da-titularidade-e-competencias-da-ap-9-a-galicia\/"},"modified":"2023-06-26T19:45:35","modified_gmt":"2023-06-26T17:45:35","slug":"o-grupo-popular-rexistra-no-parlamento-de-galicia-a-proposicion-de-lei-de-transferencia-da-titularidade-e-competencias-da-ap-9-a-galicia","status":"publish","type":"post","link":"https:\/\/ppdegalicia.com\/es\/o-grupo-popular-rexistra-no-parlamento-de-galicia-a-proposicion-de-lei-de-transferencia-da-titularidade-e-competencias-da-ap-9-a-galicia\/","title":{"rendered":"O Grupo Popular rexistra no Parlamento de Galicia a proposici\u00f3n de lei de transferencia da titularidade e competencias da AP-9 a Galicia"},"content":{"rendered":"<p><img fetchpriority=\"high\" decoding=\"async\" class=\" size-full wp-image-58222\" src=\"https:\/\/ppdegalicia.com\/wp-content\/uploads\/2023\/06\/525df4602cb2335dc5d156bc8f3972f0.jpg\" alt=\"\" width=\"1900\" height=\"1267\" srcset=\"https:\/\/ppdegalicia.com\/wp-content\/uploads\/2023\/06\/525df4602cb2335dc5d156bc8f3972f0.jpg 1900w, https:\/\/ppdegalicia.com\/wp-content\/uploads\/2023\/06\/525df4602cb2335dc5d156bc8f3972f0-300x200.jpg 300w, https:\/\/ppdegalicia.com\/wp-content\/uploads\/2023\/06\/525df4602cb2335dc5d156bc8f3972f0-1024x683.jpg 1024w, https:\/\/ppdegalicia.com\/wp-content\/uploads\/2023\/06\/525df4602cb2335dc5d156bc8f3972f0-768x512.jpg 768w, https:\/\/ppdegalicia.com\/wp-content\/uploads\/2023\/06\/525df4602cb2335dc5d156bc8f3972f0-1536x1024.jpg 1536w\" sizes=\"(max-width: 1900px) 100vw, 1900px\" \/><\/p>\n<p>26 de xu\u00f1o de 2023. O Grupo Popular v\u00e9n de rexistrar no Parlamento de Galicia a proposici\u00f3n de lei, para a s\u00faa remisi\u00f3n ao Congreso dos deputados, de transferencia da titularidade e competencias da AP-9 \u00e1 Xunta de Galicia, unha vez que o texto lexislativo que se estaba a tramitar na C\u00e1mara Baixa decaeu a consecuencia da convocatoria de elecci\u00f3ns xerais para o vindeiro 23 de xullo.<\/p>\n<p><!--more--><\/p>\n<p>A proposici\u00f3n de lei rexistrada polo Grupo Popular considera necesaria e imprescindible a transferencia da AP-9 a Galicia, sempre en termos de igualdade co resto do territorio espa\u00f1ol, que permita unha xesti\u00f3n m\u00e1is directa e m\u00e1is pegada ao territorio e que levar\u00e1 impl\u00edcita unha maior sensibilidade que redundar\u00e1 nunha mellora da calidade do servizo.<\/p>\n<p>\u00a0<\/p>\n<p>O texto consta de tres artigos, d\u00faas disposici\u00f3ns adicionais e unha disposici\u00f3n final. As\u00ed, no artigo primeiro establ\u00e9cese a transferencia da AP-9 \u00e1 Comunidade Aut\u00f3noma de Galicia e det\u00e1llanse as funci\u00f3ns e servizos que pasan a ser de titularidade auton\u00f3mica, as\u00ed como as obrigaci\u00f3ns que asume a Administraci\u00f3n Xeral do Estado.<\/p>\n<p>\u00a0<\/p>\n<p>No artigo segundo f\u00edxanse as condici\u00f3ns do traspaso de servizos, que deben contar cos medios materiais, humanos e orzamentarios necesarios, instrument\u00e1ndose mediante acordo da Comisi\u00f3n Mixta de Transferencias entre o Estado e Comunidade Aut\u00f3noma de Galicia e o correspondente real decreto de traspaso de servizos.<\/p>\n<p>\u00a0<\/p>\n<p>O artigo terceiro regula o procedemento para a formalizaci\u00f3n do cambio de titularidade da estrada, mediante a correspondente acta de entrega e recepci\u00f3n.<\/p>\n<p>\u00a0<\/p>\n<p>Por \u00faltimo, na disposici\u00f3n adicional primeira reg\u00falase a baixa desta infraestrutura como integrante da Rede de Estradas do Estado e na disposici\u00f3n adicional segunda acl\u00e1rase que este traspaso non modifica as funci\u00f3ns e servizos reservados ao Estado no que se refire ao control das fronteiras. Finalmente, a disposici\u00f3n derradeira \u00fanica establece que a entrada en vigor da disposici\u00f3n legal se producir\u00e1 ao d\u00eda seguinte ao da s\u00faa publicaci\u00f3n no Bolet\u00edn Oficial do Estado.<\/p>\n","protected":false},"excerpt":{"rendered":"<p>26 de xu\u00f1o de 2023. O Grupo Popular v\u00e9n de rexistrar no Parlamento de Galicia a proposici\u00f3n de lei, para a s\u00faa remisi\u00f3n ao Congreso dos deputados, de transferencia da titularidade e competencias da AP-9 \u00e1 Xunta de Galicia, unha vez que o texto lexislativo que se estaba a tramitar na C\u00e1mara Baixa decaeu a [&hellip;]<\/p>\n","protected":false},"author":38,"featured_media":58222,"comment_status":"open","ping_status":"open","sticky":false,"template":"","format":"standard","meta":{"_acf_changed":false,"footnotes":""},"categories":[1],"tags":[],"class_list":["post-58223","post","type-post","status-publish","format-standard","has-post-thumbnail","hentry","category-pp-de-galicia"],"acf":[],"yoast_head":"<!-- This site is optimized with the Yoast SEO plugin v27.3 - https:\/\/yoast.com\/product\/yoast-seo-wordpress\/ -->\n<title>O Grupo Popular rexistra no Parlamento de Galicia a proposici\u00f3n de lei de transferencia da titularidade e competencias da AP-9 a Galicia - PP de Galicia<\/title>\n<meta name=\"robots\" content=\"index, follow, max-snippet:-1, max-image-preview:large, max-video-preview:-1\" \/>\n<link rel=\"canonical\" href=\"https:\/\/ppdegalicia.com\/es\/o-grupo-popular-rexistra-no-parlamento-de-galicia-a-proposicion-de-lei-de-transferencia-da-titularidade-e-competencias-da-ap-9-a-galicia\/\" \/>\n<meta property=\"og:locale\" content=\"es_ES\" \/>\n<meta property=\"og:type\" content=\"article\" \/>\n<meta property=\"og:title\" content=\"O Grupo Popular rexistra no Parlamento de Galicia a proposici\u00f3n de lei de transferencia da titularidade e competencias da AP-9 a Galicia - PP de Galicia\" \/>\n<meta property=\"og:description\" content=\"26 de xu\u00f1o de 2023. O Grupo Popular v\u00e9n de rexistrar no Parlamento de Galicia a proposici\u00f3n de lei, para a s\u00faa remisi\u00f3n ao Congreso dos deputados, de transferencia da titularidade e competencias da AP-9 \u00e1 Xunta de Galicia, unha vez que o texto lexislativo que se estaba a tramitar na C\u00e1mara Baixa decaeu a [&hellip;]\" \/>\n<meta property=\"og:url\" content=\"https:\/\/ppdegalicia.com\/es\/o-grupo-popular-rexistra-no-parlamento-de-galicia-a-proposicion-de-lei-de-transferencia-da-titularidade-e-competencias-da-ap-9-a-galicia\/\" \/>\n<meta property=\"og:site_name\" content=\"PP de Galicia\" \/>\n<meta property=\"article:publisher\" content=\"https:\/\/www.instagram.com\/ppdegalicia\/\" \/>\n<meta property=\"article:published_time\" content=\"2023-06-26T17:45:35+00:00\" \/>\n<meta property=\"og:image\" content=\"https:\/\/ppdegalicia.com\/wp-content\/uploads\/2023\/06\/525df4602cb2335dc5d156bc8f3972f0.jpg\" \/>\n\t<meta property=\"og:image:width\" content=\"1900\" \/>\n\t<meta property=\"og:image:height\" content=\"1267\" \/>\n\t<meta property=\"og:image:type\" content=\"image\/jpeg\" \/>\n<meta name=\"author\" content=\"ppdegaliciaredes\" \/>\n<meta name=\"twitter:card\" content=\"summary_large_image\" \/>\n<meta name=\"twitter:creator\" content=\"@ppdegalicia\" \/>\n<meta name=\"twitter:site\" content=\"@ppdegalicia\" \/>\n<meta name=\"twitter:label1\" content=\"Escrito por\" \/>\n\t<meta name=\"twitter:data1\" content=\"ppdegaliciaredes\" \/>\n\t<meta name=\"twitter:label2\" content=\"Tiempo de lectura\" \/>\n\t<meta name=\"twitter:data2\" content=\"2 minutos\" \/>\n<script type=\"application\/ld+json\" class=\"yoast-schema-graph\">{\"@context\":\"https:\\\/\\\/schema.org\",\"@graph\":[{\"@type\":\"Article\",\"@id\":\"https:\\\/\\\/ppdegalicia.com\\\/es\\\/o-grupo-popular-rexistra-no-parlamento-de-galicia-a-proposicion-de-lei-de-transferencia-da-titularidade-e-competencias-da-ap-9-a-galicia\\\/#article\",\"isPartOf\":{\"@id\":\"https:\\\/\\\/ppdegalicia.com\\\/es\\\/o-grupo-popular-rexistra-no-parlamento-de-galicia-a-proposicion-de-lei-de-transferencia-da-titularidade-e-competencias-da-ap-9-a-galicia\\\/\"},\"author\":{\"name\":\"ppdegaliciaredes\",\"@id\":\"https:\\\/\\\/ppdegalicia.com\\\/es\\\/#\\\/schema\\\/person\\\/5b822c6f59e872ebdd1142f307dbcb59\"},\"headline\":\"O Grupo Popular rexistra no Parlamento de Galicia a proposici\u00f3n de lei de transferencia da titularidade e competencias da AP-9 a Galicia\",\"datePublished\":\"2023-06-26T17:45:35+00:00\",\"mainEntityOfPage\":{\"@id\":\"https:\\\/\\\/ppdegalicia.com\\\/es\\\/o-grupo-popular-rexistra-no-parlamento-de-galicia-a-proposicion-de-lei-de-transferencia-da-titularidade-e-competencias-da-ap-9-a-galicia\\\/\"},\"wordCount\":372,\"commentCount\":0,\"publisher\":{\"@id\":\"https:\\\/\\\/ppdegalicia.com\\\/es\\\/#organization\"},\"image\":{\"@id\":\"https:\\\/\\\/ppdegalicia.com\\\/es\\\/o-grupo-popular-rexistra-no-parlamento-de-galicia-a-proposicion-de-lei-de-transferencia-da-titularidade-e-competencias-da-ap-9-a-galicia\\\/#primaryimage\"},\"thumbnailUrl\":\"https:\\\/\\\/ppdegalicia.com\\\/wp-content\\\/uploads\\\/2023\\\/06\\\/525df4602cb2335dc5d156bc8f3972f0.jpg\",\"articleSection\":[\"PP de Galicia\"],\"inLanguage\":\"es\",\"potentialAction\":[{\"@type\":\"CommentAction\",\"name\":\"Comment\",\"target\":[\"https:\\\/\\\/ppdegalicia.com\\\/es\\\/o-grupo-popular-rexistra-no-parlamento-de-galicia-a-proposicion-de-lei-de-transferencia-da-titularidade-e-competencias-da-ap-9-a-galicia\\\/#respond\"]}]},{\"@type\":\"WebPage\",\"@id\":\"https:\\\/\\\/ppdegalicia.com\\\/es\\\/o-grupo-popular-rexistra-no-parlamento-de-galicia-a-proposicion-de-lei-de-transferencia-da-titularidade-e-competencias-da-ap-9-a-galicia\\\/\",\"url\":\"https:\\\/\\\/ppdegalicia.com\\\/es\\\/o-grupo-popular-rexistra-no-parlamento-de-galicia-a-proposicion-de-lei-de-transferencia-da-titularidade-e-competencias-da-ap-9-a-galicia\\\/\",\"name\":\"O Grupo Popular rexistra no Parlamento de Galicia a proposici\u00f3n de lei de transferencia da titularidade e competencias da AP-9 a Galicia - PP de Galicia\",\"isPartOf\":{\"@id\":\"https:\\\/\\\/ppdegalicia.com\\\/es\\\/#website\"},\"primaryImageOfPage\":{\"@id\":\"https:\\\/\\\/ppdegalicia.com\\\/es\\\/o-grupo-popular-rexistra-no-parlamento-de-galicia-a-proposicion-de-lei-de-transferencia-da-titularidade-e-competencias-da-ap-9-a-galicia\\\/#primaryimage\"},\"image\":{\"@id\":\"https:\\\/\\\/ppdegalicia.com\\\/es\\\/o-grupo-popular-rexistra-no-parlamento-de-galicia-a-proposicion-de-lei-de-transferencia-da-titularidade-e-competencias-da-ap-9-a-galicia\\\/#primaryimage\"},\"thumbnailUrl\":\"https:\\\/\\\/ppdegalicia.com\\\/wp-content\\\/uploads\\\/2023\\\/06\\\/525df4602cb2335dc5d156bc8f3972f0.jpg\",\"datePublished\":\"2023-06-26T17:45:35+00:00\",\"breadcrumb\":{\"@id\":\"https:\\\/\\\/ppdegalicia.com\\\/es\\\/o-grupo-popular-rexistra-no-parlamento-de-galicia-a-proposicion-de-lei-de-transferencia-da-titularidade-e-competencias-da-ap-9-a-galicia\\\/#breadcrumb\"},\"inLanguage\":\"es\",\"potentialAction\":[{\"@type\":\"ReadAction\",\"target\":[\"https:\\\/\\\/ppdegalicia.com\\\/es\\\/o-grupo-popular-rexistra-no-parlamento-de-galicia-a-proposicion-de-lei-de-transferencia-da-titularidade-e-competencias-da-ap-9-a-galicia\\\/\"]}]},{\"@type\":\"ImageObject\",\"inLanguage\":\"es\",\"@id\":\"https:\\\/\\\/ppdegalicia.com\\\/es\\\/o-grupo-popular-rexistra-no-parlamento-de-galicia-a-proposicion-de-lei-de-transferencia-da-titularidade-e-competencias-da-ap-9-a-galicia\\\/#primaryimage\",\"url\":\"https:\\\/\\\/ppdegalicia.com\\\/wp-content\\\/uploads\\\/2023\\\/06\\\/525df4602cb2335dc5d156bc8f3972f0.jpg\",\"contentUrl\":\"https:\\\/\\\/ppdegalicia.com\\\/wp-content\\\/uploads\\\/2023\\\/06\\\/525df4602cb2335dc5d156bc8f3972f0.jpg\",\"width\":1900,\"height\":1267},{\"@type\":\"BreadcrumbList\",\"@id\":\"https:\\\/\\\/ppdegalicia.com\\\/es\\\/o-grupo-popular-rexistra-no-parlamento-de-galicia-a-proposicion-de-lei-de-transferencia-da-titularidade-e-competencias-da-ap-9-a-galicia\\\/#breadcrumb\",\"itemListElement\":[{\"@type\":\"ListItem\",\"position\":1,\"name\":\"Portada\",\"item\":\"https:\\\/\\\/ppdegalicia.com\\\/es\\\/\"},{\"@type\":\"ListItem\",\"position\":2,\"name\":\"O Grupo Popular rexistra no Parlamento de Galicia a proposici\u00f3n de lei de transferencia da titularidade e competencias da AP-9 a Galicia\"}]},{\"@type\":\"WebSite\",\"@id\":\"https:\\\/\\\/ppdegalicia.com\\\/es\\\/#website\",\"url\":\"https:\\\/\\\/ppdegalicia.com\\\/es\\\/\",\"name\":\"Partido Popular de Galicia\",\"description\":\"Partido Popular de Galicia\",\"publisher\":{\"@id\":\"https:\\\/\\\/ppdegalicia.com\\\/es\\\/#organization\"},\"alternateName\":\"PP de Galicia\",\"potentialAction\":[{\"@type\":\"SearchAction\",\"target\":{\"@type\":\"EntryPoint\",\"urlTemplate\":\"https:\\\/\\\/ppdegalicia.com\\\/es\\\/?s={search_term_string}\"},\"query-input\":{\"@type\":\"PropertyValueSpecification\",\"valueRequired\":true,\"valueName\":\"search_term_string\"}}],\"inLanguage\":\"es\"},{\"@type\":\"Organization\",\"@id\":\"https:\\\/\\\/ppdegalicia.com\\\/es\\\/#organization\",\"name\":\"Partido Popular de Galicia\",\"alternateName\":\"PP de Galicia\",\"url\":\"https:\\\/\\\/ppdegalicia.com\\\/es\\\/\",\"logo\":{\"@type\":\"ImageObject\",\"inLanguage\":\"es\",\"@id\":\"https:\\\/\\\/ppdegalicia.com\\\/es\\\/#\\\/schema\\\/logo\\\/image\\\/\",\"url\":\"https:\\\/\\\/ppdegalicia.com\\\/wp-content\\\/uploads\\\/2023\\\/04\\\/logoPP512.png\",\"contentUrl\":\"https:\\\/\\\/ppdegalicia.com\\\/wp-content\\\/uploads\\\/2023\\\/04\\\/logoPP512.png\",\"width\":512,\"height\":512,\"caption\":\"Partido Popular de Galicia\"},\"image\":{\"@id\":\"https:\\\/\\\/ppdegalicia.com\\\/es\\\/#\\\/schema\\\/logo\\\/image\\\/\"},\"sameAs\":[\"https:\\\/\\\/www.instagram.com\\\/ppdegalicia\\\/\",\"https:\\\/\\\/x.com\\\/ppdegalicia\",\"https:\\\/\\\/www.tiktok.com\\\/@ppdegalicia\",\"https:\\\/\\\/www.youtube.com\\\/user\\\/ppdegalicia\"]},{\"@type\":\"Person\",\"@id\":\"https:\\\/\\\/ppdegalicia.com\\\/es\\\/#\\\/schema\\\/person\\\/5b822c6f59e872ebdd1142f307dbcb59\",\"name\":\"ppdegaliciaredes\",\"image\":{\"@type\":\"ImageObject\",\"inLanguage\":\"es\",\"@id\":\"https:\\\/\\\/secure.gravatar.com\\\/avatar\\\/3c9179cf0256d00c72a48d1f25783c58b6842cd56e85ef3a572881c8e28ccd59?s=96&d=mm&r=g\",\"url\":\"https:\\\/\\\/secure.gravatar.com\\\/avatar\\\/3c9179cf0256d00c72a48d1f25783c58b6842cd56e85ef3a572881c8e28ccd59?s=96&d=mm&r=g\",\"contentUrl\":\"https:\\\/\\\/secure.gravatar.com\\\/avatar\\\/3c9179cf0256d00c72a48d1f25783c58b6842cd56e85ef3a572881c8e28ccd59?s=96&d=mm&r=g\",\"caption\":\"ppdegaliciaredes\"},\"url\":\"https:\\\/\\\/ppdegalicia.com\\\/es\\\/author\\\/ppdegaliciaredes\\\/\"}]}<\/script>\n<!-- \/ Yoast SEO plugin. -->","yoast_head_json":{"title":"O Grupo Popular rexistra no Parlamento de Galicia a proposici\u00f3n de lei de transferencia da titularidade e competencias da AP-9 a Galicia - PP de Galicia","robots":{"index":"index","follow":"follow","max-snippet":"max-snippet:-1","max-image-preview":"max-image-preview:large","max-video-preview":"max-video-preview:-1"},"canonical":"https:\/\/ppdegalicia.com\/es\/o-grupo-popular-rexistra-no-parlamento-de-galicia-a-proposicion-de-lei-de-transferencia-da-titularidade-e-competencias-da-ap-9-a-galicia\/","og_locale":"es_ES","og_type":"article","og_title":"O Grupo Popular rexistra no Parlamento de Galicia a proposici\u00f3n de lei de transferencia da titularidade e competencias da AP-9 a Galicia - PP de Galicia","og_description":"26 de xu\u00f1o de 2023. O Grupo Popular v\u00e9n de rexistrar no Parlamento de Galicia a proposici\u00f3n de lei, para a s\u00faa remisi\u00f3n ao Congreso dos deputados, de transferencia da titularidade e competencias da AP-9 \u00e1 Xunta de Galicia, unha vez que o texto lexislativo que se estaba a tramitar na C\u00e1mara Baixa decaeu a [&hellip;]","og_url":"https:\/\/ppdegalicia.com\/es\/o-grupo-popular-rexistra-no-parlamento-de-galicia-a-proposicion-de-lei-de-transferencia-da-titularidade-e-competencias-da-ap-9-a-galicia\/","og_site_name":"PP de Galicia","article_publisher":"https:\/\/www.instagram.com\/ppdegalicia\/","article_published_time":"2023-06-26T17:45:35+00:00","og_image":[{"width":1900,"height":1267,"url":"https:\/\/ppdegalicia.com\/wp-content\/uploads\/2023\/06\/525df4602cb2335dc5d156bc8f3972f0.jpg","type":"image\/jpeg"}],"author":"ppdegaliciaredes","twitter_card":"summary_large_image","twitter_creator":"@ppdegalicia","twitter_site":"@ppdegalicia","twitter_misc":{"Escrito por":"ppdegaliciaredes","Tiempo de lectura":"2 minutos"},"schema":{"@context":"https:\/\/schema.org","@graph":[{"@type":"Article","@id":"https:\/\/ppdegalicia.com\/es\/o-grupo-popular-rexistra-no-parlamento-de-galicia-a-proposicion-de-lei-de-transferencia-da-titularidade-e-competencias-da-ap-9-a-galicia\/#article","isPartOf":{"@id":"https:\/\/ppdegalicia.com\/es\/o-grupo-popular-rexistra-no-parlamento-de-galicia-a-proposicion-de-lei-de-transferencia-da-titularidade-e-competencias-da-ap-9-a-galicia\/"},"author":{"name":"ppdegaliciaredes","@id":"https:\/\/ppdegalicia.com\/es\/#\/schema\/person\/5b822c6f59e872ebdd1142f307dbcb59"},"headline":"O Grupo Popular rexistra no Parlamento de Galicia a proposici\u00f3n de lei de transferencia da titularidade e competencias da AP-9 a Galicia","datePublished":"2023-06-26T17:45:35+00:00","mainEntityOfPage":{"@id":"https:\/\/ppdegalicia.com\/es\/o-grupo-popular-rexistra-no-parlamento-de-galicia-a-proposicion-de-lei-de-transferencia-da-titularidade-e-competencias-da-ap-9-a-galicia\/"},"wordCount":372,"commentCount":0,"publisher":{"@id":"https:\/\/ppdegalicia.com\/es\/#organization"},"image":{"@id":"https:\/\/ppdegalicia.com\/es\/o-grupo-popular-rexistra-no-parlamento-de-galicia-a-proposicion-de-lei-de-transferencia-da-titularidade-e-competencias-da-ap-9-a-galicia\/#primaryimage"},"thumbnailUrl":"https:\/\/ppdegalicia.com\/wp-content\/uploads\/2023\/06\/525df4602cb2335dc5d156bc8f3972f0.jpg","articleSection":["PP de Galicia"],"inLanguage":"es","potentialAction":[{"@type":"CommentAction","name":"Comment","target":["https:\/\/ppdegalicia.com\/es\/o-grupo-popular-rexistra-no-parlamento-de-galicia-a-proposicion-de-lei-de-transferencia-da-titularidade-e-competencias-da-ap-9-a-galicia\/#respond"]}]},{"@type":"WebPage","@id":"https:\/\/ppdegalicia.com\/es\/o-grupo-popular-rexistra-no-parlamento-de-galicia-a-proposicion-de-lei-de-transferencia-da-titularidade-e-competencias-da-ap-9-a-galicia\/","url":"https:\/\/ppdegalicia.com\/es\/o-grupo-popular-rexistra-no-parlamento-de-galicia-a-proposicion-de-lei-de-transferencia-da-titularidade-e-competencias-da-ap-9-a-galicia\/","name":"O Grupo Popular rexistra no Parlamento de Galicia a proposici\u00f3n de lei de transferencia da titularidade e competencias da AP-9 a Galicia - PP de Galicia","isPartOf":{"@id":"https:\/\/ppdegalicia.com\/es\/#website"},"primaryImageOfPage":{"@id":"https:\/\/ppdegalicia.com\/es\/o-grupo-popular-rexistra-no-parlamento-de-galicia-a-proposicion-de-lei-de-transferencia-da-titularidade-e-competencias-da-ap-9-a-galicia\/#primaryimage"},"image":{"@id":"https:\/\/ppdegalicia.com\/es\/o-grupo-popular-rexistra-no-parlamento-de-galicia-a-proposicion-de-lei-de-transferencia-da-titularidade-e-competencias-da-ap-9-a-galicia\/#primaryimage"},"thumbnailUrl":"https:\/\/ppdegalicia.com\/wp-content\/uploads\/2023\/06\/525df4602cb2335dc5d156bc8f3972f0.jpg","datePublished":"2023-06-26T17:45:35+00:00","breadcrumb":{"@id":"https:\/\/ppdegalicia.com\/es\/o-grupo-popular-rexistra-no-parlamento-de-galicia-a-proposicion-de-lei-de-transferencia-da-titularidade-e-competencias-da-ap-9-a-galicia\/#breadcrumb"},"inLanguage":"es","potentialAction":[{"@type":"ReadAction","target":["https:\/\/ppdegalicia.com\/es\/o-grupo-popular-rexistra-no-parlamento-de-galicia-a-proposicion-de-lei-de-transferencia-da-titularidade-e-competencias-da-ap-9-a-galicia\/"]}]},{"@type":"ImageObject","inLanguage":"es","@id":"https:\/\/ppdegalicia.com\/es\/o-grupo-popular-rexistra-no-parlamento-de-galicia-a-proposicion-de-lei-de-transferencia-da-titularidade-e-competencias-da-ap-9-a-galicia\/#primaryimage","url":"https:\/\/ppdegalicia.com\/wp-content\/uploads\/2023\/06\/525df4602cb2335dc5d156bc8f3972f0.jpg","contentUrl":"https:\/\/ppdegalicia.com\/wp-content\/uploads\/2023\/06\/525df4602cb2335dc5d156bc8f3972f0.jpg","width":1900,"height":1267},{"@type":"BreadcrumbList","@id":"https:\/\/ppdegalicia.com\/es\/o-grupo-popular-rexistra-no-parlamento-de-galicia-a-proposicion-de-lei-de-transferencia-da-titularidade-e-competencias-da-ap-9-a-galicia\/#breadcrumb","itemListElement":[{"@type":"ListItem","position":1,"name":"Portada","item":"https:\/\/ppdegalicia.com\/es\/"},{"@type":"ListItem","position":2,"name":"O Grupo Popular rexistra no Parlamento de Galicia a proposici\u00f3n de lei de transferencia da titularidade e competencias da AP-9 a Galicia"}]},{"@type":"WebSite","@id":"https:\/\/ppdegalicia.com\/es\/#website","url":"https:\/\/ppdegalicia.com\/es\/","name":"Partido Popular de Galicia","description":"Partido Popular de Galicia","publisher":{"@id":"https:\/\/ppdegalicia.com\/es\/#organization"},"alternateName":"PP de Galicia","potentialAction":[{"@type":"SearchAction","target":{"@type":"EntryPoint","urlTemplate":"https:\/\/ppdegalicia.com\/es\/?s={search_term_string}"},"query-input":{"@type":"PropertyValueSpecification","valueRequired":true,"valueName":"search_term_string"}}],"inLanguage":"es"},{"@type":"Organization","@id":"https:\/\/ppdegalicia.com\/es\/#organization","name":"Partido Popular de Galicia","alternateName":"PP de Galicia","url":"https:\/\/ppdegalicia.com\/es\/","logo":{"@type":"ImageObject","inLanguage":"es","@id":"https:\/\/ppdegalicia.com\/es\/#\/schema\/logo\/image\/","url":"https:\/\/ppdegalicia.com\/wp-content\/uploads\/2023\/04\/logoPP512.png","contentUrl":"https:\/\/ppdegalicia.com\/wp-content\/uploads\/2023\/04\/logoPP512.png","width":512,"height":512,"caption":"Partido Popular de Galicia"},"image":{"@id":"https:\/\/ppdegalicia.com\/es\/#\/schema\/logo\/image\/"},"sameAs":["https:\/\/www.instagram.com\/ppdegalicia\/","https:\/\/x.com\/ppdegalicia","https:\/\/www.tiktok.com\/@ppdegalicia","https:\/\/www.youtube.com\/user\/ppdegalicia"]},{"@type":"Person","@id":"https:\/\/ppdegalicia.com\/es\/#\/schema\/person\/5b822c6f59e872ebdd1142f307dbcb59","name":"ppdegaliciaredes","image":{"@type":"ImageObject","inLanguage":"es","@id":"https:\/\/secure.gravatar.com\/avatar\/3c9179cf0256d00c72a48d1f25783c58b6842cd56e85ef3a572881c8e28ccd59?s=96&d=mm&r=g","url":"https:\/\/secure.gravatar.com\/avatar\/3c9179cf0256d00c72a48d1f25783c58b6842cd56e85ef3a572881c8e28ccd59?s=96&d=mm&r=g","contentUrl":"https:\/\/secure.gravatar.com\/avatar\/3c9179cf0256d00c72a48d1f25783c58b6842cd56e85ef3a572881c8e28ccd59?s=96&d=mm&r=g","caption":"ppdegaliciaredes"},"url":"https:\/\/ppdegalicia.com\/es\/author\/ppdegaliciaredes\/"}]}},"_links":{"self":[{"href":"https:\/\/ppdegalicia.com\/es\/wp-json\/wp\/v2\/posts\/58223","targetHints":{"allow":["GET"]}}],"collection":[{"href":"https:\/\/ppdegalicia.com\/es\/wp-json\/wp\/v2\/posts"}],"about":[{"href":"https:\/\/ppdegalicia.com\/es\/wp-json\/wp\/v2\/types\/post"}],"author":[{"embeddable":true,"href":"https:\/\/ppdegalicia.com\/es\/wp-json\/wp\/v2\/users\/38"}],"replies":[{"embeddable":true,"href":"https:\/\/ppdegalicia.com\/es\/wp-json\/wp\/v2\/comments?post=58223"}],"version-history":[{"count":0,"href":"https:\/\/ppdegalicia.com\/es\/wp-json\/wp\/v2\/posts\/58223\/revisions"}],"wp:featuredmedia":[{"embeddable":true,"href":"https:\/\/ppdegalicia.com\/es\/wp-json\/wp\/v2\/media\/58222"}],"wp:attachment":[{"href":"https:\/\/ppdegalicia.com\/es\/wp-json\/wp\/v2\/media?parent=58223"}],"wp:term":[{"taxonomy":"category","embeddable":true,"href":"https:\/\/ppdegalicia.com\/es\/wp-json\/wp\/v2\/categories?post=58223"},{"taxonomy":"post_tag","embeddable":true,"href":"https:\/\/ppdegalicia.com\/es\/wp-json\/wp\/v2\/tags?post=58223"}],"curies":[{"name":"wp","href":"https:\/\/api.w.org\/{rel}","templated":true}]}}